{"id":224294,"date":"2025-11-02T09:10:31","date_gmt":"2025-11-02T14:10:31","guid":{"rendered":"https:\/\/www.cuballama.com\/noticias\/?p=224294"},"modified":"2025-11-02T09:10:45","modified_gmt":"2025-11-02T14:10:45","slug":"fbi-esta-buscando-a-este-hispano-nacido-en-la-florida-enterate-por-que","status":"publish","type":"post","link":"https:\/\/www.cuballama.com\/noticias\/fbi-esta-buscando-a-este-hispano-nacido-en-la-florida-enterate-por-que\/","title":{"rendered":"FBI est\u00e1 buscando a este hispano nacido en la Florida: ent\u00e9rate por qu\u00e9"},"content":{"rendered":"\n<p>El <a href=\"https:\/\/www.fbi.gov\/wanted\/cei\/rodolfo-mantilla\/download.pdf\" target=\"_blank\" rel=\"noreferrer noopener nofollow\">Bur\u00f3 Federal de Investigaciones pidi\u00f3 ayuda p\u00fablica<\/a> para localizar a Rodolfo Mantilla, de 44 a\u00f1os, a quien se\u00f1alan como eslab\u00f3n clave en el ingreso de \u201ccantidades a granel\u201d de coca\u00edna a Estados Unidos con destino a Florida. Seg\u00fan la ficha de b\u00fasqueda, Mantilla \u2014alias Rudy\u2014 naci\u00f3 en Florida, habla espa\u00f1ol e ingl\u00e9s y mantiene v\u00ednculos con el sur de la Florida, Rep\u00fablica Dominicana y Bahamas. Un afiche oficial precisa su fecha de nacimiento (27 de febrero de 1981), estatura de cinco pies y nueve pulgadas, y advierte que debe ser considerado riesgo de fuga. La oficina de campo que coordina el caso es la de Miami. <\/p>\n\n\n\n<div data-wp-interactive=\"core\/file\" class=\"wp-block-file\"><object data-wp-bind--hidden=\"!state.hasPdfPreview\" hidden class=\"wp-block-file__embed\" data=\"https:\/\/cdn1.mediawpaccore.net\/wp-content\/uploads\/2025\/10\/29110511\/rodolfo-mantilla.pdf\" type=\"application\/pdf\" style=\"width:100%;height:600px\" aria-label=\"Incrustado de rodolfo-mantilla.\"><\/object><a id=\"wp-block-file--media-8109e152-d721-4940-b80d-d2c18a887e1b\" href=\"https:\/\/cdn1.mediawpaccore.net\/wp-content\/uploads\/2025\/10\/29110511\/rodolfo-mantilla.pdf\">rodolfo-mantilla<\/a><a href=\"https:\/\/cdn1.mediawpaccore.net\/wp-content\/uploads\/2025\/10\/29110511\/rodolfo-mantilla.pdf\" class=\"wp-block-file__button wp-element-button\" download aria-describedby=\"wp-block-file--media-8109e152-d721-4940-b80d-d2c18a887e1b\">Descarga<\/a><\/div>\n\n\n\n<p>El expediente describe un esquema en el que la droga entraba por el Caribe y era entregada a distribuidores que la revend\u00edan y devolv\u00edan el efectivo a Mantilla. <\/p>\n\n\n\n<p>Una orden de arresto federal fue emitida el 11 de abril de 2024 por el Tribunal del Distrito Sur de Florida, con sede en Fort Lauderdale, por los cargos de conspiraci\u00f3n para poseer con intenci\u00f3n de distribuir sustancias controladas, posesi\u00f3n con intenci\u00f3n de distribuir y distribuci\u00f3n de una sustancia controlada. La recompensa ofrecida asciende hasta 10.000 d\u00f3lares por informaci\u00f3n que conduzca a su arresto y condena.<\/p>\n\n\n\n<p>La alerta fue reactivada esta semana en <a href=\"https:\/\/www.local10.com\/news\/local\/2025\/10\/28\/fbi-seeks-man-accused-of-importing-bulk-amounts-of-cocaine-into-south-florida\/\" target=\"_blank\" rel=\"noreferrer noopener nofollow\">medios locales<\/a> y plataformas del FBI. Voceros de la agencia en Miami detallaron que el objetivo ha sido vinculado a cargamentos por kilo y que el caso forma parte de los esfuerzos para cortar flujos hacia el mercado de South Florida. Cadenas locales como WPLG y NBC6 difundieron la fotograf\u00eda y las v\u00edas de contacto para aportar datos, subrayando que Mantilla tambi\u00e9n es conocido como Rudy y que las l\u00edneas de investigaci\u00f3n lo sit\u00faan con conexiones activas fuera del pa\u00eds.<\/p>\n\n\n\n<p>Si usted tiene alguna pista sobre su paradero, puede comunicarse con el 1-800-CALL-FBI o enviar un tip en l\u00ednea en tips.fbi.gov. La recomendaci\u00f3n de las autoridades es no intentar detenerlo por cuenta propia. El afiche oficial, disponible en la web del FBI, resume los rasgos f\u00edsicos y el rango de cargos y recuerda que toda informaci\u00f3n \u00fatil puede canalizarse a la oficina m\u00e1s cercana o a una embajada o consulado de Estados Unidos. Cualquier dato, por m\u00ednimo que parezca, puede resultar clave para cerrar el cerco. <\/p>\n","protected":false},"excerpt":{"rendered":"<p>Si usted tiene alguna pista sobre su paradero, puede comunicarse con el 1-800-CALL-FBI o enviar un tip en l\u00ednea en tips.fbi.gov. <\/p>\n","protected":false},"author":13,"featured_media":224296,"comment_status":"open","ping_status":"closed","sticky":false,"template":"","format":"standard","meta":{"_acf_changed":false,"footnotes":""},"categories":[18,954],"tags":[472,1296,256,2516,4098,28902,27213],"class_list":{"0":"post-224294","1":"post","2":"type-post","3":"status-publish","4":"format-standard","5":"has-post-thumbnail","7":"category-noticias","8":"category-noticias-de-florida","9":"tag-bahamas","10":"tag-fbi","11":"tag-miami","12":"tag-narcotrafico","13":"tag-republica-dominicana","14":"tag-rodolfo-mantilla","15":"tag-south-florida"},"acf":[],"yoast_head":"<!-- This site is optimized with the Yoast SEO plugin v27.5 - https:\/\/yoast.com\/product\/yoast-seo-wordpress\/ -->\n<title>FBI est\u00e1 buscando a este hispano nacido en la Florida: ent\u00e9rate por qu\u00e9 - Cuballama Noticias<\/title>\n<meta name=\"description\" content=\"Si usted tiene alguna pista sobre el paradero de Rodolfo Mantilla, llame al FBI al 1-800-CALL-FBI o enviar un tip en l\u00ednea en tips.fbi.gov.\" \/>\n<meta name=\"robots\" content=\"index, follow, max-snippet:-1, max-image-preview:large, max-video-preview:-1\" \/>\n<link rel=\"canonical\" href=\"https:\/\/www.cuballama.com\/noticias\/fbi-esta-buscando-a-este-hispano-nacido-en-la-florida-enterate-por-que\/\" \/>\n<meta property=\"og:locale\" content=\"es_ES\" \/>\n<meta property=\"og:type\" content=\"article\" \/>\n<meta property=\"og:title\" content=\"FBI est\u00e1 buscando a este hispano nacido en la Florida: ent\u00e9rate por qu\u00e9 - Cuballama Noticias\" \/>\n<meta property=\"og:description\" content=\"Si usted tiene alguna pista sobre el paradero de Rodolfo Mantilla, llame al FBI al 1-800-CALL-FBI o enviar un tip en l\u00ednea en tips.fbi.gov.\" \/>\n<meta property=\"og:url\" content=\"https:\/\/www.cuballama.com\/noticias\/fbi-esta-buscando-a-este-hispano-nacido-en-la-florida-enterate-por-que\/\" \/>\n<meta property=\"og:site_name\" content=\"Cuballama Noticias\" \/>\n<meta property=\"article:publisher\" content=\"https:\/\/www.facebook.com\/CubaLlama\" \/>\n<meta property=\"article:published_time\" content=\"2025-11-02T14:10:31+00:00\" \/>\n<meta property=\"article:modified_time\" content=\"2025-11-02T14:10:45+00:00\" \/>\n<meta property=\"og:image\" content=\"https:\/\/cdn1.mediawpaccore.net\/wp-content\/uploads\/2025\/10\/29110727\/image-115.png\" \/>\n\t<meta property=\"og:image:width\" content=\"1968\" \/>\n\t<meta property=\"og:image:height\" content=\"1030\" \/>\n\t<meta property=\"og:image:type\" content=\"image\/png\" \/>\n<meta name=\"author\" content=\"Roberto A.\" \/>\n<meta name=\"twitter:card\" content=\"summary_large_image\" \/>\n<meta name=\"twitter:creator\" content=\"@cuballama\" \/>\n<meta name=\"twitter:site\" content=\"@cuballama\" \/>\n<meta name=\"twitter:label1\" content=\"Escrito por\" \/>\n\t<meta name=\"twitter:data1\" content=\"Roberto A.\" \/>\n\t<meta name=\"twitter:label2\" content=\"Tiempo de lectura\" \/>\n\t<meta name=\"twitter:data2\" content=\"2 minutos\" \/>\n<script type=\"application\/ld+json\" class=\"yoast-schema-graph\">{\"@context\":\"https:\\\/\\\/schema.org\",\"@graph\":[{\"@type\":\"Article\",\"@id\":\"https:\\\/\\\/www.cuballama.com\\\/noticias\\\/fbi-esta-buscando-a-este-hispano-nacido-en-la-florida-enterate-por-que\\\/#article\",\"isPartOf\":{\"@id\":\"https:\\\/\\\/www.cuballama.com\\\/noticias\\\/fbi-esta-buscando-a-este-hispano-nacido-en-la-florida-enterate-por-que\\\/\"},\"author\":{\"name\":\"Roberto A.\",\"@id\":\"https:\\\/\\\/www.cuballama.com\\\/noticias\\\/#\\\/schema\\\/person\\\/a58502ed4146c8e9f83872e897c76cd2\"},\"headline\":\"FBI est\u00e1 buscando a este hispano nacido en la Florida: ent\u00e9rate por qu\u00e9\",\"datePublished\":\"2025-11-02T14:10:31+00:00\",\"dateModified\":\"2025-11-02T14:10:45+00:00\",\"mainEntityOfPage\":{\"@id\":\"https:\\\/\\\/www.cuballama.com\\\/noticias\\\/fbi-esta-buscando-a-este-hispano-nacido-en-la-florida-enterate-por-que\\\/\"},\"wordCount\":420,\"commentCount\":0,\"publisher\":{\"@id\":\"https:\\\/\\\/www.cuballama.com\\\/noticias\\\/#organization\"},\"image\":{\"@id\":\"https:\\\/\\\/www.cuballama.com\\\/noticias\\\/fbi-esta-buscando-a-este-hispano-nacido-en-la-florida-enterate-por-que\\\/#primaryimage\"},\"thumbnailUrl\":\"https:\\\/\\\/cdn1.mediawpaccore.net\\\/wp-content\\\/uploads\\\/2025\\\/10\\\/29110727\\\/image-115.png\",\"keywords\":[\"Bahamas\",\"FBI\",\"Miami\",\"Narcotr\u00e1fico\",\"Rep\u00fablica Dominicana\",\"Rodolfo Mantilla\",\"South Florida\"],\"articleSection\":[\"Noticias\",\"Noticias de Florida\"],\"inLanguage\":\"es\",\"potentialAction\":[{\"@type\":\"CommentAction\",\"name\":\"Comment\",\"target\":[\"https:\\\/\\\/www.cuballama.com\\\/noticias\\\/fbi-esta-buscando-a-este-hispano-nacido-en-la-florida-enterate-por-que\\\/#respond\"]}]},{\"@type\":\"WebPage\",\"@id\":\"https:\\\/\\\/www.cuballama.com\\\/noticias\\\/fbi-esta-buscando-a-este-hispano-nacido-en-la-florida-enterate-por-que\\\/\",\"url\":\"https:\\\/\\\/www.cuballama.com\\\/noticias\\\/fbi-esta-buscando-a-este-hispano-nacido-en-la-florida-enterate-por-que\\\/\",\"name\":\"FBI est\u00e1 buscando a este hispano nacido en la Florida: ent\u00e9rate por qu\u00e9 - Cuballama Noticias\",\"isPartOf\":{\"@id\":\"https:\\\/\\\/www.cuballama.com\\\/noticias\\\/#website\"},\"primaryImageOfPage\":{\"@id\":\"https:\\\/\\\/www.cuballama.com\\\/noticias\\\/fbi-esta-buscando-a-este-hispano-nacido-en-la-florida-enterate-por-que\\\/#primaryimage\"},\"image\":{\"@id\":\"https:\\\/\\\/www.cuballama.com\\\/noticias\\\/fbi-esta-buscando-a-este-hispano-nacido-en-la-florida-enterate-por-que\\\/#primaryimage\"},\"thumbnailUrl\":\"https:\\\/\\\/cdn1.mediawpaccore.net\\\/wp-content\\\/uploads\\\/2025\\\/10\\\/29110727\\\/image-115.png\",\"datePublished\":\"2025-11-02T14:10:31+00:00\",\"dateModified\":\"2025-11-02T14:10:45+00:00\",\"description\":\"Si usted tiene alguna pista sobre el paradero de Rodolfo Mantilla, llame al FBI al 1-800-CALL-FBI o enviar un tip en l\u00ednea en tips.fbi.gov.\",\"breadcrumb\":{\"@id\":\"https:\\\/\\\/www.cuballama.com\\\/noticias\\\/fbi-esta-buscando-a-este-hispano-nacido-en-la-florida-enterate-por-que\\\/#breadcrumb\"},\"inLanguage\":\"es\",\"potentialAction\":[{\"@type\":\"ReadAction\",\"target\":[\"https:\\\/\\\/www.cuballama.com\\\/noticias\\\/fbi-esta-buscando-a-este-hispano-nacido-en-la-florida-enterate-por-que\\\/\"]}]},{\"@type\":\"ImageObject\",\"inLanguage\":\"es\",\"@id\":\"https:\\\/\\\/www.cuballama.com\\\/noticias\\\/fbi-esta-buscando-a-este-hispano-nacido-en-la-florida-enterate-por-que\\\/#primaryimage\",\"url\":\"https:\\\/\\\/cdn1.mediawpaccore.net\\\/wp-content\\\/uploads\\\/2025\\\/10\\\/29110727\\\/image-115.png\",\"contentUrl\":\"https:\\\/\\\/cdn1.mediawpaccore.net\\\/wp-content\\\/uploads\\\/2025\\\/10\\\/29110727\\\/image-115.png\",\"width\":1968,\"height\":1030,\"caption\":\"Si usted tiene alguna pista sobre su paradero, puede comunicarse con el 1-800-CALL-FBI o enviar un tip en l\u00ednea en tips.fbi.gov.\"},{\"@type\":\"BreadcrumbList\",\"@id\":\"https:\\\/\\\/www.cuballama.com\\\/noticias\\\/fbi-esta-buscando-a-este-hispano-nacido-en-la-florida-enterate-por-que\\\/#breadcrumb\",\"itemListElement\":[{\"@type\":\"ListItem\",\"position\":1,\"name\":\"Home\",\"item\":\"https:\\\/\\\/www.cuballama.com\\\/noticias\\\/\"},{\"@type\":\"ListItem\",\"position\":2,\"name\":\"FBI est\u00e1 buscando a este hispano nacido en la Florida: ent\u00e9rate por qu\u00e9\"}]},{\"@type\":\"WebSite\",\"@id\":\"https:\\\/\\\/www.cuballama.com\\\/noticias\\\/#website\",\"url\":\"https:\\\/\\\/www.cuballama.com\\\/noticias\\\/\",\"name\":\"Cuballama Noticias\",\"description\":\"Medio digital sobre Cuba y el mundo\",\"publisher\":{\"@id\":\"https:\\\/\\\/www.cuballama.com\\\/noticias\\\/#organization\"},\"potentialAction\":[{\"@type\":\"SearchAction\",\"target\":{\"@type\":\"EntryPoint\",\"urlTemplate\":\"https:\\\/\\\/www.cuballama.com\\\/noticias\\\/?s={search_term_string}\"},\"query-input\":{\"@type\":\"PropertyValueSpecification\",\"valueRequired\":true,\"valueName\":\"search_term_string\"}}],\"inLanguage\":\"es\"},{\"@type\":\"Organization\",\"@id\":\"https:\\\/\\\/www.cuballama.com\\\/noticias\\\/#organization\",\"name\":\"Cuballama\",\"url\":\"https:\\\/\\\/www.cuballama.com\\\/noticias\\\/\",\"logo\":{\"@type\":\"ImageObject\",\"inLanguage\":\"es\",\"@id\":\"https:\\\/\\\/www.cuballama.com\\\/noticias\\\/#\\\/schema\\\/logo\\\/image\\\/\",\"url\":\"https:\\\/\\\/cdn1.mediawpaccore.net\\\/wp-content\\\/uploads\\\/2021\\\/12\\\/28171206\\\/cbll-logo-color-sm.png\",\"contentUrl\":\"https:\\\/\\\/cdn1.mediawpaccore.net\\\/wp-content\\\/uploads\\\/2021\\\/12\\\/28171206\\\/cbll-logo-color-sm.png\",\"width\":600,\"height\":133,\"caption\":\"Cuballama\"},\"image\":{\"@id\":\"https:\\\/\\\/www.cuballama.com\\\/noticias\\\/#\\\/schema\\\/logo\\\/image\\\/\"},\"sameAs\":[\"https:\\\/\\\/www.facebook.com\\\/CubaLlama\",\"https:\\\/\\\/x.com\\\/cuballama\",\"https:\\\/\\\/www.instagram.com\\\/stories\\\/cuballama_oficial\\\/\",\"https:\\\/\\\/www.youtube.com\\\/channel\\\/UCKkFE-d_axENGZcrc4as0IA\"]},{\"@type\":\"Person\",\"@id\":\"https:\\\/\\\/www.cuballama.com\\\/noticias\\\/#\\\/schema\\\/person\\\/a58502ed4146c8e9f83872e897c76cd2\",\"name\":\"Roberto A.\",\"description\":\"Roberto A. Periodista por decisi\u00f3n propia. Interesado en cualquier tema que me apasione y cada vez m\u00e1s comprometido con la verdad y la objetividad period\u00edstica. Graduado en La Habana hace ya muchos a\u00f1os, luego de una accidentada y polvorienta b\u00fasqueda de informaci\u00f3n sobre un tema in\u00e9dito. La Tesis, por cierto, desapareci\u00f3 de la biblioteca y no se conservan copias de la misma.\",\"url\":\"https:\\\/\\\/www.cuballama.com\\\/noticias\\\/author\\\/roberto\\\/\"}]}<\/script>\n<!-- \/ Yoast SEO plugin. -->","yoast_head_json":{"title":"FBI est\u00e1 buscando a este hispano nacido en la Florida: ent\u00e9rate por qu\u00e9 - Cuballama Noticias","description":"Si usted tiene alguna pista sobre el paradero de Rodolfo Mantilla, llame al FBI al 1-800-CALL-FBI o enviar un tip en l\u00ednea en tips.fbi.gov.","robots":{"index":"index","follow":"follow","max-snippet":"max-snippet:-1","max-image-preview":"max-image-preview:large","max-video-preview":"max-video-preview:-1"},"canonical":"https:\/\/www.cuballama.com\/noticias\/fbi-esta-buscando-a-este-hispano-nacido-en-la-florida-enterate-por-que\/","og_locale":"es_ES","og_type":"article","og_title":"FBI est\u00e1 buscando a este hispano nacido en la Florida: ent\u00e9rate por qu\u00e9 - Cuballama Noticias","og_description":"Si usted tiene alguna pista sobre el paradero de Rodolfo Mantilla, llame al FBI al 1-800-CALL-FBI o enviar un tip en l\u00ednea en tips.fbi.gov.","og_url":"https:\/\/www.cuballama.com\/noticias\/fbi-esta-buscando-a-este-hispano-nacido-en-la-florida-enterate-por-que\/","og_site_name":"Cuballama Noticias","article_publisher":"https:\/\/www.facebook.com\/CubaLlama","article_published_time":"2025-11-02T14:10:31+00:00","article_modified_time":"2025-11-02T14:10:45+00:00","og_image":[{"width":1968,"height":1030,"url":"https:\/\/cdn1.mediawpaccore.net\/wp-content\/uploads\/2025\/10\/29110727\/image-115.png","type":"image\/png"}],"author":"Roberto A.","twitter_card":"summary_large_image","twitter_creator":"@cuballama","twitter_site":"@cuballama","twitter_misc":{"Escrito por":"Roberto A.","Tiempo de lectura":"2 minutos"},"schema":{"@context":"https:\/\/schema.org","@graph":[{"@type":"Article","@id":"https:\/\/www.cuballama.com\/noticias\/fbi-esta-buscando-a-este-hispano-nacido-en-la-florida-enterate-por-que\/#article","isPartOf":{"@id":"https:\/\/www.cuballama.com\/noticias\/fbi-esta-buscando-a-este-hispano-nacido-en-la-florida-enterate-por-que\/"},"author":{"name":"Roberto A.","@id":"https:\/\/www.cuballama.com\/noticias\/#\/schema\/person\/a58502ed4146c8e9f83872e897c76cd2"},"headline":"FBI est\u00e1 buscando a este hispano nacido en la Florida: ent\u00e9rate por qu\u00e9","datePublished":"2025-11-02T14:10:31+00:00","dateModified":"2025-11-02T14:10:45+00:00","mainEntityOfPage":{"@id":"https:\/\/www.cuballama.com\/noticias\/fbi-esta-buscando-a-este-hispano-nacido-en-la-florida-enterate-por-que\/"},"wordCount":420,"commentCount":0,"publisher":{"@id":"https:\/\/www.cuballama.com\/noticias\/#organization"},"image":{"@id":"https:\/\/www.cuballama.com\/noticias\/fbi-esta-buscando-a-este-hispano-nacido-en-la-florida-enterate-por-que\/#primaryimage"},"thumbnailUrl":"https:\/\/cdn1.mediawpaccore.net\/wp-content\/uploads\/2025\/10\/29110727\/image-115.png","keywords":["Bahamas","FBI","Miami","Narcotr\u00e1fico","Rep\u00fablica Dominicana","Rodolfo Mantilla","South Florida"],"articleSection":["Noticias","Noticias de Florida"],"inLanguage":"es","potentialAction":[{"@type":"CommentAction","name":"Comment","target":["https:\/\/www.cuballama.com\/noticias\/fbi-esta-buscando-a-este-hispano-nacido-en-la-florida-enterate-por-que\/#respond"]}]},{"@type":"WebPage","@id":"https:\/\/www.cuballama.com\/noticias\/fbi-esta-buscando-a-este-hispano-nacido-en-la-florida-enterate-por-que\/","url":"https:\/\/www.cuballama.com\/noticias\/fbi-esta-buscando-a-este-hispano-nacido-en-la-florida-enterate-por-que\/","name":"FBI est\u00e1 buscando a este hispano nacido en la Florida: ent\u00e9rate por qu\u00e9 - Cuballama Noticias","isPartOf":{"@id":"https:\/\/www.cuballama.com\/noticias\/#website"},"primaryImageOfPage":{"@id":"https:\/\/www.cuballama.com\/noticias\/fbi-esta-buscando-a-este-hispano-nacido-en-la-florida-enterate-por-que\/#primaryimage"},"image":{"@id":"https:\/\/www.cuballama.com\/noticias\/fbi-esta-buscando-a-este-hispano-nacido-en-la-florida-enterate-por-que\/#primaryimage"},"thumbnailUrl":"https:\/\/cdn1.mediawpaccore.net\/wp-content\/uploads\/2025\/10\/29110727\/image-115.png","datePublished":"2025-11-02T14:10:31+00:00","dateModified":"2025-11-02T14:10:45+00:00","description":"Si usted tiene alguna pista sobre el paradero de Rodolfo Mantilla, llame al FBI al 1-800-CALL-FBI o enviar un tip en l\u00ednea en tips.fbi.gov.","breadcrumb":{"@id":"https:\/\/www.cuballama.com\/noticias\/fbi-esta-buscando-a-este-hispano-nacido-en-la-florida-enterate-por-que\/#breadcrumb"},"inLanguage":"es","potentialAction":[{"@type":"ReadAction","target":["https:\/\/www.cuballama.com\/noticias\/fbi-esta-buscando-a-este-hispano-nacido-en-la-florida-enterate-por-que\/"]}]},{"@type":"ImageObject","inLanguage":"es","@id":"https:\/\/www.cuballama.com\/noticias\/fbi-esta-buscando-a-este-hispano-nacido-en-la-florida-enterate-por-que\/#primaryimage","url":"https:\/\/cdn1.mediawpaccore.net\/wp-content\/uploads\/2025\/10\/29110727\/image-115.png","contentUrl":"https:\/\/cdn1.mediawpaccore.net\/wp-content\/uploads\/2025\/10\/29110727\/image-115.png","width":1968,"height":1030,"caption":"Si usted tiene alguna pista sobre su paradero, puede comunicarse con el 1-800-CALL-FBI o enviar un tip en l\u00ednea en tips.fbi.gov."},{"@type":"BreadcrumbList","@id":"https:\/\/www.cuballama.com\/noticias\/fbi-esta-buscando-a-este-hispano-nacido-en-la-florida-enterate-por-que\/#breadcrumb","itemListElement":[{"@type":"ListItem","position":1,"name":"Home","item":"https:\/\/www.cuballama.com\/noticias\/"},{"@type":"ListItem","position":2,"name":"FBI est\u00e1 buscando a este hispano nacido en la Florida: ent\u00e9rate por qu\u00e9"}]},{"@type":"WebSite","@id":"https:\/\/www.cuballama.com\/noticias\/#website","url":"https:\/\/www.cuballama.com\/noticias\/","name":"Cuballama Noticias","description":"Medio digital sobre Cuba y el mundo","publisher":{"@id":"https:\/\/www.cuballama.com\/noticias\/#organization"},"potentialAction":[{"@type":"SearchAction","target":{"@type":"EntryPoint","urlTemplate":"https:\/\/www.cuballama.com\/noticias\/?s={search_term_string}"},"query-input":{"@type":"PropertyValueSpecification","valueRequired":true,"valueName":"search_term_string"}}],"inLanguage":"es"},{"@type":"Organization","@id":"https:\/\/www.cuballama.com\/noticias\/#organization","name":"Cuballama","url":"https:\/\/www.cuballama.com\/noticias\/","logo":{"@type":"ImageObject","inLanguage":"es","@id":"https:\/\/www.cuballama.com\/noticias\/#\/schema\/logo\/image\/","url":"https:\/\/cdn1.mediawpaccore.net\/wp-content\/uploads\/2021\/12\/28171206\/cbll-logo-color-sm.png","contentUrl":"https:\/\/cdn1.mediawpaccore.net\/wp-content\/uploads\/2021\/12\/28171206\/cbll-logo-color-sm.png","width":600,"height":133,"caption":"Cuballama"},"image":{"@id":"https:\/\/www.cuballama.com\/noticias\/#\/schema\/logo\/image\/"},"sameAs":["https:\/\/www.facebook.com\/CubaLlama","https:\/\/x.com\/cuballama","https:\/\/www.instagram.com\/stories\/cuballama_oficial\/","https:\/\/www.youtube.com\/channel\/UCKkFE-d_axENGZcrc4as0IA"]},{"@type":"Person","@id":"https:\/\/www.cuballama.com\/noticias\/#\/schema\/person\/a58502ed4146c8e9f83872e897c76cd2","name":"Roberto A.","description":"Roberto A. Periodista por decisi\u00f3n propia. Interesado en cualquier tema que me apasione y cada vez m\u00e1s comprometido con la verdad y la objetividad period\u00edstica. Graduado en La Habana hace ya muchos a\u00f1os, luego de una accidentada y polvorienta b\u00fasqueda de informaci\u00f3n sobre un tema in\u00e9dito. La Tesis, por cierto, desapareci\u00f3 de la biblioteca y no se conservan copias de la misma.","url":"https:\/\/www.cuballama.com\/noticias\/author\/roberto\/"}]}},"_links":{"self":[{"href":"https:\/\/www.cuballama.com\/noticias\/wp-json\/wp\/v2\/posts\/224294","targetHints":{"allow":["GET"]}}],"collection":[{"href":"https:\/\/www.cuballama.com\/noticias\/wp-json\/wp\/v2\/posts"}],"about":[{"href":"https:\/\/www.cuballama.com\/noticias\/wp-json\/wp\/v2\/types\/post"}],"author":[{"embeddable":true,"href":"https:\/\/www.cuballama.com\/noticias\/wp-json\/wp\/v2\/users\/13"}],"replies":[{"embeddable":true,"href":"https:\/\/www.cuballama.com\/noticias\/wp-json\/wp\/v2\/comments?post=224294"}],"version-history":[{"count":1,"href":"https:\/\/www.cuballama.com\/noticias\/wp-json\/wp\/v2\/posts\/224294\/revisions"}],"predecessor-version":[{"id":224297,"href":"https:\/\/www.cuballama.com\/noticias\/wp-json\/wp\/v2\/posts\/224294\/revisions\/224297"}],"wp:featuredmedia":[{"embeddable":true,"href":"https:\/\/www.cuballama.com\/noticias\/wp-json\/wp\/v2\/media\/224296"}],"wp:attachment":[{"href":"https:\/\/www.cuballama.com\/noticias\/wp-json\/wp\/v2\/media?parent=224294"}],"wp:term":[{"taxonomy":"category","embeddable":true,"href":"https:\/\/www.cuballama.com\/noticias\/wp-json\/wp\/v2\/categories?post=224294"},{"taxonomy":"post_tag","embeddable":true,"href":"https:\/\/www.cuballama.com\/noticias\/wp-json\/wp\/v2\/tags?post=224294"}],"curies":[{"name":"wp","href":"https:\/\/api.w.org\/{rel}","templated":true}]}}