{"id":223973,"date":"2025-10-27T11:29:40","date_gmt":"2025-10-27T15:29:40","guid":{"rendered":"https:\/\/www.cuballama.com\/noticias\/?p=223973"},"modified":"2025-10-27T11:29:55","modified_gmt":"2025-10-27T15:29:55","slug":"melissa-se-convierte-en-un-huracan-categoria-5-y-esta-a-punto-de-entrar-en-jamaica-en-36-hrs-estara-en-cuba","status":"publish","type":"post","link":"https:\/\/www.cuballama.com\/noticias\/melissa-se-convierte-en-un-huracan-categoria-5-y-esta-a-punto-de-entrar-en-jamaica-en-36-hrs-estara-en-cuba\/","title":{"rendered":"Melissa se convierte en un hurac\u00e1n Categor\u00eda 5 y est\u00e1 a punto de entrar en Jamaica. En 36 horas estar\u00e1 en Cuba"},"content":{"rendered":"\n<p>El hurac\u00e1n Melissa ha tomado cuerpo con una fuerza extraordinaria y se dispone a golpear con virulencia una amplia franja del Caribe, con Jamaica en el epicentro de la amenaza y el oriente de Cuba como objetivo secundario pero igualmente vulnerado, seg\u00fan los \u00faltimos avisos emitidos por el National Hurricane Center. El NHC advirti\u00f3 en su \u00faltimo parte que Melissa ya ha alcanzado la categor\u00eda 5 de la escala Saffir-Simpson, con vientos sostenidos de alrededor de 160 mph (unos 260 km\/h) y es muy probable que as\u00ed entre a Jamaica, naci\u00f3n a la que lleva ya varios d\u00edas azotando con sus lluvias. <\/p>\n\n\n\n<p>Para Jamaica, el momento decisivo se perfila para el martes madrugada, cuando se espera que el ojo del hurac\u00e1n pase sobre o muy cerca de la isla. <\/p>\n\n\n\n<p>De all\u00ed emerger\u00e1 como un categor\u00eda 3, presumen, muy cerca de ser un cuatro, y avanzar\u00e1 r\u00e1pidamente hacia Cuba, a la que entrar\u00e1 por un punto cercano a la ciudad de Santiago de Cuba. Tanto Jamaica como Cuba se encuentran ya bajo advertencia de hurac\u00e1n y m\u00faltiples \u00e1reas costeras han sido evacuadas. <\/p>\n\n\n\n<p>Las autoridades de ambos pa\u00edses han advertido que la combinaci\u00f3n de intensidad, movimiento lento y trayectoria a trav\u00e9s del Caribe elevan significativamente los riesgos de inundaciones catastr\u00f3ficas, deslizamientos y marejadas. En ese contexto, el oriente de Cuba \u2014provincias como Granma, Santiago de Cuba, Guant\u00e1namo y Holgu\u00edn\u2014 tambi\u00e9n se prepara para un embate que podr\u00eda mantener a la regi\u00f3n en vilo durante varios d\u00edas, aunque esa zona de la costa es alta y \u00abprotegida\u00bb por las monta\u00f1as. Sin embargo, su salida al mar, por el norte de Cuba s\u00ed puede arrastrar oleajes que afectar\u00edan grandemente ciudadades como Baracoa.<\/p>\n\n\n\n<p>Posteriormente, el sistema estar\u00eda el resto afectando a las Bahamas y a las Islas Turcas y Caicos. <\/p>\n\n\n\n<p>El rastreo del hurac\u00e1n muestra que Melissa se mueve con lentitud hacia el oeste a unos 3 a 5 mph (4 a 8 km\/h) antes de virar hacia el norte; una marcha pausada que agrava su impacto porque mantiene la calidad letal del fen\u00f3meno sobre una zona por m\u00e1s tiempo. <a href=\"https:\/\/www.nhc.noaa.gov\/mobile\/refresh\/MIATCDAT3%2Bhtml\/242054.html\" target=\"_blank\" rel=\"noreferrer noopener nofollow\">Seg\u00fan el NHC<\/a>, ese ritmo reduce la disipaci\u00f3n de la energ\u00eda del sistema y favorece lluvias prolongadas, viento persistente y oleaje castigador. <\/p>\n\n\n\n<p>El pron\u00f3stico ya no habla de \u201cposible\u201d cat\u00e1strofe: el NHC advierte de inundaciones repentinas graves, deslizamientos de tierra generalizados y una marejada que podr\u00eda superar los 3 metros sobre el nivel del mar en la zona sur de Jamaica. Las lluvias acumuladas podr\u00edan alcanzar e incluso superar un metro en ciertas zonas monta\u00f1osas del sur de Jamaica y del suroeste de Hait\u00ed. En el caso del oriente cubano, aunque los valores podr\u00edan ser algo menores, se estima igualmente una lluvia de decenas de cent\u00edmetros con riesgo de colapso en infraestructuras vulnerables, adem\u00e1s de marejada de hasta 1 a 3 metros en zonas costeras.<\/p>\n\n\n\n<p>Jamaica ya cerr\u00f3 sus aeropuertos internacionales, activ\u00f3 cientos de refugios y orden\u00f3 evacuaciones en comunidades de alto riesgo. El primer ministro Andrew Holness ha hecho un llamado urgente a la poblaci\u00f3n para que no subestime la tormenta. Mientras tanto, en Cuba, particularmente en su vertiente oriental, se suspendieron clases, se paraliz\u00f3 el transporte de trenes, \u00f3mnibus y barcos, se prepararon embalses y se distribuyen carbones en zonas de Guant\u00e1namo ante posibles cortes de electricidad y agua.<\/p>\n\n\n\n<p>El panorama humano es inquietante: comunidades aisladas, redes el\u00e9ctricas fr\u00e1giles, sistemas de drenaje ya saturados y un marco de escasez de recursos que convierte la llegada de Melissa en un examen severo para las autoridades locales y para los ciudadanos.<\/p>\n\n\n\n<p>Los meteor\u00f3logos se\u00f1alan que Melissa presenta una combinaci\u00f3n de factores que la hacen m\u00e1s peligrosa de lo habitual: 1) intensificaci\u00f3n r\u00e1pida en aguas c\u00e1lidas del Caribe; 2) escasa cizalladura de viento lo que favorece la estructuraci\u00f3n del hurac\u00e1n; 3) avance casi estacionario que concentra los impactos; y 4) trayectoria sobre zonas propensas a inundaciones y deslizamientos. En Jamaica, se podr\u00eda convertir en el golpe m\u00e1s severo en d\u00e9cadas si toca tierra con la fuerza prevista. <\/p>\n","protected":false},"excerpt":{"rendered":"<p>El pron\u00f3stico ya no habla de \u201cposible\u201d cat\u00e1strofe: el NHC advierte de inundaciones repentinas graves, deslizamientos de tierra generalizados y una marejada que podr\u00eda superar los 3 metros sobre el nivel del mar en la zona sur de Jamaica. Las lluvias acumuladas podr\u00edan alcanzar e incluso superar un metro en ciertas zonas monta\u00f1osas del sur de Jamaica y del suroeste de Hait\u00ed. En el caso del oriente cubano, aunque los valores podr\u00edan ser algo menores, se estima igualmente una lluvia de decenas de cent\u00edmetros con riesgo de colapso en infraestructuras vulnerables, adem\u00e1s de marejada de hasta 1 a 3 metros en zonas costeras.<\/p>\n","protected":false},"author":13,"featured_media":223979,"comment_status":"open","ping_status":"closed","sticky":false,"template":"","format":"standard","meta":{"_acf_changed":false,"footnotes":""},"categories":[18,955],"tags":[11,28812,378,1835,9629,11017],"class_list":{"0":"post-223973","1":"post","2":"type-post","3":"status-publish","4":"format-standard","5":"has-post-thumbnail","7":"category-noticias","8":"category-noticias-de-cuba","9":"tag-cuba","10":"tag-huracan-melissa","11":"tag-huracanes","12":"tag-jamaica","13":"tag-oriente-de-cuba","14":"tag-superdestacado"},"acf":[],"yoast_head":"<!-- This site is optimized with the Yoast SEO plugin v27.5 - https:\/\/yoast.com\/product\/yoast-seo-wordpress\/ -->\n<title>Melissa se convierte en un hurac\u00e1n Categor\u00eda 5 y est\u00e1 a punto de entrar en Jamaica. En 36 horas estar\u00e1 en Cuba - Cuballama Noticias<\/title>\n<meta name=\"description\" content=\"Melissa ser\u00e1 de seguro un hurac\u00e1n hist\u00f3rico para Jamaica y est\u00e1 por ver cu\u00e1les ser\u00e1n los da\u00f1os que ocasione al Oriente de Cuba\" \/>\n<meta name=\"robots\" content=\"index, follow, max-snippet:-1, max-image-preview:large, max-video-preview:-1\" \/>\n<link rel=\"canonical\" href=\"https:\/\/www.cuballama.com\/noticias\/melissa-se-convierte-en-un-huracan-categoria-5-y-esta-a-punto-de-entrar-en-jamaica-en-36-hrs-estara-en-cuba\/\" \/>\n<meta property=\"og:locale\" content=\"es_ES\" \/>\n<meta property=\"og:type\" content=\"article\" \/>\n<meta property=\"og:title\" content=\"Melissa se convierte en un hurac\u00e1n Categor\u00eda 5 y est\u00e1 a punto de entrar en Jamaica. En 36 horas estar\u00e1 en Cuba - Cuballama Noticias\" \/>\n<meta property=\"og:description\" content=\"Melissa ser\u00e1 de seguro un hurac\u00e1n hist\u00f3rico para Jamaica y est\u00e1 por ver cu\u00e1les ser\u00e1n los da\u00f1os que ocasione al Oriente de Cuba\" \/>\n<meta property=\"og:url\" content=\"https:\/\/www.cuballama.com\/noticias\/melissa-se-convierte-en-un-huracan-categoria-5-y-esta-a-punto-de-entrar-en-jamaica-en-36-hrs-estara-en-cuba\/\" \/>\n<meta property=\"og:site_name\" content=\"Cuballama Noticias\" \/>\n<meta property=\"article:publisher\" content=\"https:\/\/www.facebook.com\/CubaLlama\" \/>\n<meta property=\"article:published_time\" content=\"2025-10-27T15:29:40+00:00\" \/>\n<meta property=\"article:modified_time\" content=\"2025-10-27T15:29:55+00:00\" \/>\n<meta property=\"og:image\" content=\"https:\/\/cdn1.mediawpaccore.net\/wp-content\/uploads\/2025\/10\/27084016\/image-105.png\" \/>\n\t<meta property=\"og:image:width\" content=\"1768\" \/>\n\t<meta property=\"og:image:height\" content=\"904\" \/>\n\t<meta property=\"og:image:type\" content=\"image\/png\" \/>\n<meta name=\"author\" content=\"Roberto A.\" \/>\n<meta name=\"twitter:card\" content=\"summary_large_image\" \/>\n<meta name=\"twitter:creator\" content=\"@cuballama\" \/>\n<meta name=\"twitter:site\" content=\"@cuballama\" \/>\n<meta name=\"twitter:label1\" content=\"Escrito por\" \/>\n\t<meta name=\"twitter:data1\" content=\"Roberto A.\" \/>\n\t<meta name=\"twitter:label2\" content=\"Tiempo de lectura\" \/>\n\t<meta name=\"twitter:data2\" content=\"4 minutos\" \/>\n<script type=\"application\/ld+json\" class=\"yoast-schema-graph\">{\"@context\":\"https:\\\/\\\/schema.org\",\"@graph\":[{\"@type\":\"Article\",\"@id\":\"https:\\\/\\\/www.cuballama.com\\\/noticias\\\/melissa-se-convierte-en-un-huracan-categoria-5-y-esta-a-punto-de-entrar-en-jamaica-en-36-hrs-estara-en-cuba\\\/#article\",\"isPartOf\":{\"@id\":\"https:\\\/\\\/www.cuballama.com\\\/noticias\\\/melissa-se-convierte-en-un-huracan-categoria-5-y-esta-a-punto-de-entrar-en-jamaica-en-36-hrs-estara-en-cuba\\\/\"},\"author\":{\"name\":\"Roberto A.\",\"@id\":\"https:\\\/\\\/www.cuballama.com\\\/noticias\\\/#\\\/schema\\\/person\\\/a58502ed4146c8e9f83872e897c76cd2\"},\"headline\":\"Melissa se convierte en un hurac\u00e1n Categor\u00eda 5 y est\u00e1 a punto de entrar en Jamaica. En 36 horas estar\u00e1 en Cuba\",\"datePublished\":\"2025-10-27T15:29:40+00:00\",\"dateModified\":\"2025-10-27T15:29:55+00:00\",\"mainEntityOfPage\":{\"@id\":\"https:\\\/\\\/www.cuballama.com\\\/noticias\\\/melissa-se-convierte-en-un-huracan-categoria-5-y-esta-a-punto-de-entrar-en-jamaica-en-36-hrs-estara-en-cuba\\\/\"},\"wordCount\":723,\"commentCount\":0,\"publisher\":{\"@id\":\"https:\\\/\\\/www.cuballama.com\\\/noticias\\\/#organization\"},\"image\":{\"@id\":\"https:\\\/\\\/www.cuballama.com\\\/noticias\\\/melissa-se-convierte-en-un-huracan-categoria-5-y-esta-a-punto-de-entrar-en-jamaica-en-36-hrs-estara-en-cuba\\\/#primaryimage\"},\"thumbnailUrl\":\"https:\\\/\\\/cdn1.mediawpaccore.net\\\/wp-content\\\/uploads\\\/2025\\\/10\\\/27084016\\\/image-105.png\",\"keywords\":[\"Cuba\",\"Hurac\u00e1n Melissa\",\"Huracanes\",\"Jamaica\",\"Oriente de Cuba\",\"superdestacado\"],\"articleSection\":[\"Noticias\",\"Noticias de Cuba\"],\"inLanguage\":\"es\",\"potentialAction\":[{\"@type\":\"CommentAction\",\"name\":\"Comment\",\"target\":[\"https:\\\/\\\/www.cuballama.com\\\/noticias\\\/melissa-se-convierte-en-un-huracan-categoria-5-y-esta-a-punto-de-entrar-en-jamaica-en-36-hrs-estara-en-cuba\\\/#respond\"]}]},{\"@type\":\"WebPage\",\"@id\":\"https:\\\/\\\/www.cuballama.com\\\/noticias\\\/melissa-se-convierte-en-un-huracan-categoria-5-y-esta-a-punto-de-entrar-en-jamaica-en-36-hrs-estara-en-cuba\\\/\",\"url\":\"https:\\\/\\\/www.cuballama.com\\\/noticias\\\/melissa-se-convierte-en-un-huracan-categoria-5-y-esta-a-punto-de-entrar-en-jamaica-en-36-hrs-estara-en-cuba\\\/\",\"name\":\"Melissa se convierte en un hurac\u00e1n Categor\u00eda 5 y est\u00e1 a punto de entrar en Jamaica. En 36 horas estar\u00e1 en Cuba - Cuballama Noticias\",\"isPartOf\":{\"@id\":\"https:\\\/\\\/www.cuballama.com\\\/noticias\\\/#website\"},\"primaryImageOfPage\":{\"@id\":\"https:\\\/\\\/www.cuballama.com\\\/noticias\\\/melissa-se-convierte-en-un-huracan-categoria-5-y-esta-a-punto-de-entrar-en-jamaica-en-36-hrs-estara-en-cuba\\\/#primaryimage\"},\"image\":{\"@id\":\"https:\\\/\\\/www.cuballama.com\\\/noticias\\\/melissa-se-convierte-en-un-huracan-categoria-5-y-esta-a-punto-de-entrar-en-jamaica-en-36-hrs-estara-en-cuba\\\/#primaryimage\"},\"thumbnailUrl\":\"https:\\\/\\\/cdn1.mediawpaccore.net\\\/wp-content\\\/uploads\\\/2025\\\/10\\\/27084016\\\/image-105.png\",\"datePublished\":\"2025-10-27T15:29:40+00:00\",\"dateModified\":\"2025-10-27T15:29:55+00:00\",\"description\":\"Melissa ser\u00e1 de seguro un hurac\u00e1n hist\u00f3rico para Jamaica y est\u00e1 por ver cu\u00e1les ser\u00e1n los da\u00f1os que ocasione al Oriente de Cuba\",\"breadcrumb\":{\"@id\":\"https:\\\/\\\/www.cuballama.com\\\/noticias\\\/melissa-se-convierte-en-un-huracan-categoria-5-y-esta-a-punto-de-entrar-en-jamaica-en-36-hrs-estara-en-cuba\\\/#breadcrumb\"},\"inLanguage\":\"es\",\"potentialAction\":[{\"@type\":\"ReadAction\",\"target\":[\"https:\\\/\\\/www.cuballama.com\\\/noticias\\\/melissa-se-convierte-en-un-huracan-categoria-5-y-esta-a-punto-de-entrar-en-jamaica-en-36-hrs-estara-en-cuba\\\/\"]}]},{\"@type\":\"ImageObject\",\"inLanguage\":\"es\",\"@id\":\"https:\\\/\\\/www.cuballama.com\\\/noticias\\\/melissa-se-convierte-en-un-huracan-categoria-5-y-esta-a-punto-de-entrar-en-jamaica-en-36-hrs-estara-en-cuba\\\/#primaryimage\",\"url\":\"https:\\\/\\\/cdn1.mediawpaccore.net\\\/wp-content\\\/uploads\\\/2025\\\/10\\\/27084016\\\/image-105.png\",\"contentUrl\":\"https:\\\/\\\/cdn1.mediawpaccore.net\\\/wp-content\\\/uploads\\\/2025\\\/10\\\/27084016\\\/image-105.png\",\"width\":1768,\"height\":904,\"caption\":\"Posici\u00f3n actual de Melissa y trayectoria para las pr\u00f3ximas 72 hrs. Gr\u00e1fico NOAA\"},{\"@type\":\"BreadcrumbList\",\"@id\":\"https:\\\/\\\/www.cuballama.com\\\/noticias\\\/melissa-se-convierte-en-un-huracan-categoria-5-y-esta-a-punto-de-entrar-en-jamaica-en-36-hrs-estara-en-cuba\\\/#breadcrumb\",\"itemListElement\":[{\"@type\":\"ListItem\",\"position\":1,\"name\":\"Home\",\"item\":\"https:\\\/\\\/www.cuballama.com\\\/noticias\\\/\"},{\"@type\":\"ListItem\",\"position\":2,\"name\":\"Melissa se convierte en un hurac\u00e1n Categor\u00eda 5 y est\u00e1 a punto de entrar en Jamaica. En 36 horas estar\u00e1 en Cuba\"}]},{\"@type\":\"WebSite\",\"@id\":\"https:\\\/\\\/www.cuballama.com\\\/noticias\\\/#website\",\"url\":\"https:\\\/\\\/www.cuballama.com\\\/noticias\\\/\",\"name\":\"Cuballama Noticias\",\"description\":\"Medio digital sobre Cuba y el mundo\",\"publisher\":{\"@id\":\"https:\\\/\\\/www.cuballama.com\\\/noticias\\\/#organization\"},\"potentialAction\":[{\"@type\":\"SearchAction\",\"target\":{\"@type\":\"EntryPoint\",\"urlTemplate\":\"https:\\\/\\\/www.cuballama.com\\\/noticias\\\/?s={search_term_string}\"},\"query-input\":{\"@type\":\"PropertyValueSpecification\",\"valueRequired\":true,\"valueName\":\"search_term_string\"}}],\"inLanguage\":\"es\"},{\"@type\":\"Organization\",\"@id\":\"https:\\\/\\\/www.cuballama.com\\\/noticias\\\/#organization\",\"name\":\"Cuballama\",\"url\":\"https:\\\/\\\/www.cuballama.com\\\/noticias\\\/\",\"logo\":{\"@type\":\"ImageObject\",\"inLanguage\":\"es\",\"@id\":\"https:\\\/\\\/www.cuballama.com\\\/noticias\\\/#\\\/schema\\\/logo\\\/image\\\/\",\"url\":\"https:\\\/\\\/cdn1.mediawpaccore.net\\\/wp-content\\\/uploads\\\/2021\\\/12\\\/28171206\\\/cbll-logo-color-sm.png\",\"contentUrl\":\"https:\\\/\\\/cdn1.mediawpaccore.net\\\/wp-content\\\/uploads\\\/2021\\\/12\\\/28171206\\\/cbll-logo-color-sm.png\",\"width\":600,\"height\":133,\"caption\":\"Cuballama\"},\"image\":{\"@id\":\"https:\\\/\\\/www.cuballama.com\\\/noticias\\\/#\\\/schema\\\/logo\\\/image\\\/\"},\"sameAs\":[\"https:\\\/\\\/www.facebook.com\\\/CubaLlama\",\"https:\\\/\\\/x.com\\\/cuballama\",\"https:\\\/\\\/www.instagram.com\\\/stories\\\/cuballama_oficial\\\/\",\"https:\\\/\\\/www.youtube.com\\\/channel\\\/UCKkFE-d_axENGZcrc4as0IA\"]},{\"@type\":\"Person\",\"@id\":\"https:\\\/\\\/www.cuballama.com\\\/noticias\\\/#\\\/schema\\\/person\\\/a58502ed4146c8e9f83872e897c76cd2\",\"name\":\"Roberto A.\",\"description\":\"Roberto A. Periodista por decisi\u00f3n propia. Interesado en cualquier tema que me apasione y cada vez m\u00e1s comprometido con la verdad y la objetividad period\u00edstica. Graduado en La Habana hace ya muchos a\u00f1os, luego de una accidentada y polvorienta b\u00fasqueda de informaci\u00f3n sobre un tema in\u00e9dito. La Tesis, por cierto, desapareci\u00f3 de la biblioteca y no se conservan copias de la misma.\",\"url\":\"https:\\\/\\\/www.cuballama.com\\\/noticias\\\/author\\\/roberto\\\/\"}]}<\/script>\n<!-- \/ Yoast SEO plugin. -->","yoast_head_json":{"title":"Melissa se convierte en un hurac\u00e1n Categor\u00eda 5 y est\u00e1 a punto de entrar en Jamaica. En 36 horas estar\u00e1 en Cuba - Cuballama Noticias","description":"Melissa ser\u00e1 de seguro un hurac\u00e1n hist\u00f3rico para Jamaica y est\u00e1 por ver cu\u00e1les ser\u00e1n los da\u00f1os que ocasione al Oriente de Cuba","robots":{"index":"index","follow":"follow","max-snippet":"max-snippet:-1","max-image-preview":"max-image-preview:large","max-video-preview":"max-video-preview:-1"},"canonical":"https:\/\/www.cuballama.com\/noticias\/melissa-se-convierte-en-un-huracan-categoria-5-y-esta-a-punto-de-entrar-en-jamaica-en-36-hrs-estara-en-cuba\/","og_locale":"es_ES","og_type":"article","og_title":"Melissa se convierte en un hurac\u00e1n Categor\u00eda 5 y est\u00e1 a punto de entrar en Jamaica. En 36 horas estar\u00e1 en Cuba - Cuballama Noticias","og_description":"Melissa ser\u00e1 de seguro un hurac\u00e1n hist\u00f3rico para Jamaica y est\u00e1 por ver cu\u00e1les ser\u00e1n los da\u00f1os que ocasione al Oriente de Cuba","og_url":"https:\/\/www.cuballama.com\/noticias\/melissa-se-convierte-en-un-huracan-categoria-5-y-esta-a-punto-de-entrar-en-jamaica-en-36-hrs-estara-en-cuba\/","og_site_name":"Cuballama Noticias","article_publisher":"https:\/\/www.facebook.com\/CubaLlama","article_published_time":"2025-10-27T15:29:40+00:00","article_modified_time":"2025-10-27T15:29:55+00:00","og_image":[{"width":1768,"height":904,"url":"https:\/\/cdn1.mediawpaccore.net\/wp-content\/uploads\/2025\/10\/27084016\/image-105.png","type":"image\/png"}],"author":"Roberto A.","twitter_card":"summary_large_image","twitter_creator":"@cuballama","twitter_site":"@cuballama","twitter_misc":{"Escrito por":"Roberto A.","Tiempo de lectura":"4 minutos"},"schema":{"@context":"https:\/\/schema.org","@graph":[{"@type":"Article","@id":"https:\/\/www.cuballama.com\/noticias\/melissa-se-convierte-en-un-huracan-categoria-5-y-esta-a-punto-de-entrar-en-jamaica-en-36-hrs-estara-en-cuba\/#article","isPartOf":{"@id":"https:\/\/www.cuballama.com\/noticias\/melissa-se-convierte-en-un-huracan-categoria-5-y-esta-a-punto-de-entrar-en-jamaica-en-36-hrs-estara-en-cuba\/"},"author":{"name":"Roberto A.","@id":"https:\/\/www.cuballama.com\/noticias\/#\/schema\/person\/a58502ed4146c8e9f83872e897c76cd2"},"headline":"Melissa se convierte en un hurac\u00e1n Categor\u00eda 5 y est\u00e1 a punto de entrar en Jamaica. En 36 horas estar\u00e1 en Cuba","datePublished":"2025-10-27T15:29:40+00:00","dateModified":"2025-10-27T15:29:55+00:00","mainEntityOfPage":{"@id":"https:\/\/www.cuballama.com\/noticias\/melissa-se-convierte-en-un-huracan-categoria-5-y-esta-a-punto-de-entrar-en-jamaica-en-36-hrs-estara-en-cuba\/"},"wordCount":723,"commentCount":0,"publisher":{"@id":"https:\/\/www.cuballama.com\/noticias\/#organization"},"image":{"@id":"https:\/\/www.cuballama.com\/noticias\/melissa-se-convierte-en-un-huracan-categoria-5-y-esta-a-punto-de-entrar-en-jamaica-en-36-hrs-estara-en-cuba\/#primaryimage"},"thumbnailUrl":"https:\/\/cdn1.mediawpaccore.net\/wp-content\/uploads\/2025\/10\/27084016\/image-105.png","keywords":["Cuba","Hurac\u00e1n Melissa","Huracanes","Jamaica","Oriente de Cuba","superdestacado"],"articleSection":["Noticias","Noticias de Cuba"],"inLanguage":"es","potentialAction":[{"@type":"CommentAction","name":"Comment","target":["https:\/\/www.cuballama.com\/noticias\/melissa-se-convierte-en-un-huracan-categoria-5-y-esta-a-punto-de-entrar-en-jamaica-en-36-hrs-estara-en-cuba\/#respond"]}]},{"@type":"WebPage","@id":"https:\/\/www.cuballama.com\/noticias\/melissa-se-convierte-en-un-huracan-categoria-5-y-esta-a-punto-de-entrar-en-jamaica-en-36-hrs-estara-en-cuba\/","url":"https:\/\/www.cuballama.com\/noticias\/melissa-se-convierte-en-un-huracan-categoria-5-y-esta-a-punto-de-entrar-en-jamaica-en-36-hrs-estara-en-cuba\/","name":"Melissa se convierte en un hurac\u00e1n Categor\u00eda 5 y est\u00e1 a punto de entrar en Jamaica. En 36 horas estar\u00e1 en Cuba - Cuballama Noticias","isPartOf":{"@id":"https:\/\/www.cuballama.com\/noticias\/#website"},"primaryImageOfPage":{"@id":"https:\/\/www.cuballama.com\/noticias\/melissa-se-convierte-en-un-huracan-categoria-5-y-esta-a-punto-de-entrar-en-jamaica-en-36-hrs-estara-en-cuba\/#primaryimage"},"image":{"@id":"https:\/\/www.cuballama.com\/noticias\/melissa-se-convierte-en-un-huracan-categoria-5-y-esta-a-punto-de-entrar-en-jamaica-en-36-hrs-estara-en-cuba\/#primaryimage"},"thumbnailUrl":"https:\/\/cdn1.mediawpaccore.net\/wp-content\/uploads\/2025\/10\/27084016\/image-105.png","datePublished":"2025-10-27T15:29:40+00:00","dateModified":"2025-10-27T15:29:55+00:00","description":"Melissa ser\u00e1 de seguro un hurac\u00e1n hist\u00f3rico para Jamaica y est\u00e1 por ver cu\u00e1les ser\u00e1n los da\u00f1os que ocasione al Oriente de Cuba","breadcrumb":{"@id":"https:\/\/www.cuballama.com\/noticias\/melissa-se-convierte-en-un-huracan-categoria-5-y-esta-a-punto-de-entrar-en-jamaica-en-36-hrs-estara-en-cuba\/#breadcrumb"},"inLanguage":"es","potentialAction":[{"@type":"ReadAction","target":["https:\/\/www.cuballama.com\/noticias\/melissa-se-convierte-en-un-huracan-categoria-5-y-esta-a-punto-de-entrar-en-jamaica-en-36-hrs-estara-en-cuba\/"]}]},{"@type":"ImageObject","inLanguage":"es","@id":"https:\/\/www.cuballama.com\/noticias\/melissa-se-convierte-en-un-huracan-categoria-5-y-esta-a-punto-de-entrar-en-jamaica-en-36-hrs-estara-en-cuba\/#primaryimage","url":"https:\/\/cdn1.mediawpaccore.net\/wp-content\/uploads\/2025\/10\/27084016\/image-105.png","contentUrl":"https:\/\/cdn1.mediawpaccore.net\/wp-content\/uploads\/2025\/10\/27084016\/image-105.png","width":1768,"height":904,"caption":"Posici\u00f3n actual de Melissa y trayectoria para las pr\u00f3ximas 72 hrs. Gr\u00e1fico NOAA"},{"@type":"BreadcrumbList","@id":"https:\/\/www.cuballama.com\/noticias\/melissa-se-convierte-en-un-huracan-categoria-5-y-esta-a-punto-de-entrar-en-jamaica-en-36-hrs-estara-en-cuba\/#breadcrumb","itemListElement":[{"@type":"ListItem","position":1,"name":"Home","item":"https:\/\/www.cuballama.com\/noticias\/"},{"@type":"ListItem","position":2,"name":"Melissa se convierte en un hurac\u00e1n Categor\u00eda 5 y est\u00e1 a punto de entrar en Jamaica. En 36 horas estar\u00e1 en Cuba"}]},{"@type":"WebSite","@id":"https:\/\/www.cuballama.com\/noticias\/#website","url":"https:\/\/www.cuballama.com\/noticias\/","name":"Cuballama Noticias","description":"Medio digital sobre Cuba y el mundo","publisher":{"@id":"https:\/\/www.cuballama.com\/noticias\/#organization"},"potentialAction":[{"@type":"SearchAction","target":{"@type":"EntryPoint","urlTemplate":"https:\/\/www.cuballama.com\/noticias\/?s={search_term_string}"},"query-input":{"@type":"PropertyValueSpecification","valueRequired":true,"valueName":"search_term_string"}}],"inLanguage":"es"},{"@type":"Organization","@id":"https:\/\/www.cuballama.com\/noticias\/#organization","name":"Cuballama","url":"https:\/\/www.cuballama.com\/noticias\/","logo":{"@type":"ImageObject","inLanguage":"es","@id":"https:\/\/www.cuballama.com\/noticias\/#\/schema\/logo\/image\/","url":"https:\/\/cdn1.mediawpaccore.net\/wp-content\/uploads\/2021\/12\/28171206\/cbll-logo-color-sm.png","contentUrl":"https:\/\/cdn1.mediawpaccore.net\/wp-content\/uploads\/2021\/12\/28171206\/cbll-logo-color-sm.png","width":600,"height":133,"caption":"Cuballama"},"image":{"@id":"https:\/\/www.cuballama.com\/noticias\/#\/schema\/logo\/image\/"},"sameAs":["https:\/\/www.facebook.com\/CubaLlama","https:\/\/x.com\/cuballama","https:\/\/www.instagram.com\/stories\/cuballama_oficial\/","https:\/\/www.youtube.com\/channel\/UCKkFE-d_axENGZcrc4as0IA"]},{"@type":"Person","@id":"https:\/\/www.cuballama.com\/noticias\/#\/schema\/person\/a58502ed4146c8e9f83872e897c76cd2","name":"Roberto A.","description":"Roberto A. Periodista por decisi\u00f3n propia. Interesado en cualquier tema que me apasione y cada vez m\u00e1s comprometido con la verdad y la objetividad period\u00edstica. Graduado en La Habana hace ya muchos a\u00f1os, luego de una accidentada y polvorienta b\u00fasqueda de informaci\u00f3n sobre un tema in\u00e9dito. La Tesis, por cierto, desapareci\u00f3 de la biblioteca y no se conservan copias de la misma.","url":"https:\/\/www.cuballama.com\/noticias\/author\/roberto\/"}]}},"_links":{"self":[{"href":"https:\/\/www.cuballama.com\/noticias\/wp-json\/wp\/v2\/posts\/223973","targetHints":{"allow":["GET"]}}],"collection":[{"href":"https:\/\/www.cuballama.com\/noticias\/wp-json\/wp\/v2\/posts"}],"about":[{"href":"https:\/\/www.cuballama.com\/noticias\/wp-json\/wp\/v2\/types\/post"}],"author":[{"embeddable":true,"href":"https:\/\/www.cuballama.com\/noticias\/wp-json\/wp\/v2\/users\/13"}],"replies":[{"embeddable":true,"href":"https:\/\/www.cuballama.com\/noticias\/wp-json\/wp\/v2\/comments?post=223973"}],"version-history":[{"count":5,"href":"https:\/\/www.cuballama.com\/noticias\/wp-json\/wp\/v2\/posts\/223973\/revisions"}],"predecessor-version":[{"id":224033,"href":"https:\/\/www.cuballama.com\/noticias\/wp-json\/wp\/v2\/posts\/223973\/revisions\/224033"}],"wp:featuredmedia":[{"embeddable":true,"href":"https:\/\/www.cuballama.com\/noticias\/wp-json\/wp\/v2\/media\/223979"}],"wp:attachment":[{"href":"https:\/\/www.cuballama.com\/noticias\/wp-json\/wp\/v2\/media?parent=223973"}],"wp:term":[{"taxonomy":"category","embeddable":true,"href":"https:\/\/www.cuballama.com\/noticias\/wp-json\/wp\/v2\/categories?post=223973"},{"taxonomy":"post_tag","embeddable":true,"href":"https:\/\/www.cuballama.com\/noticias\/wp-json\/wp\/v2\/tags?post=223973"}],"curies":[{"name":"wp","href":"https:\/\/api.w.org\/{rel}","templated":true}]}}