{"id":223849,"date":"2025-10-25T09:43:22","date_gmt":"2025-10-25T13:43:22","guid":{"rendered":"https:\/\/www.cuballama.com\/noticias\/?p=223849"},"modified":"2025-10-25T10:33:49","modified_gmt":"2025-10-25T14:33:49","slug":"melissa-llegaria-a-cuba-el-proximo-martes-como-un-poderoso-huracan","status":"publish","type":"post","link":"https:\/\/www.cuballama.com\/noticias\/melissa-llegaria-a-cuba-el-proximo-martes-como-un-poderoso-huracan\/","title":{"rendered":"Melissa llegar\u00eda a Cuba entre martes y mi\u00e9rcoles como un poderoso hurac\u00e1n"},"content":{"rendered":"\n<p>Durante la noche del viernes y la madrugada de este s\u00e1bado, la tormenta tropical Melissa, que se mueve lentamente sobre el mar Caribe central, continu\u00f3 ganando en organizaci\u00f3n e intensidad, por lo que se prev\u00e9 que llegue a convertirse en un hurac\u00e1n durante este 25 de octubre.<\/p>\n\n\n\n<p>Sus vientos m\u00e1ximos sostenidos subieron hasta 110 kil\u00f3metros por hora (km\/h), con rachas superiores, y su presi\u00f3n m\u00ednima central baj\u00f3 hasta 986 hectopascal.<\/p>\n\n\n\n<p>Seg\u00fan el m\u00e1s reciente aviso de cicl\u00f3n tropical emitido por el Centro de Pron\u00f3sticos del Instituto de Meteorolog\u00eda de Cuba (Insmet), a las seis de la ma\u00f1ana de este s\u00e1bado, la regi\u00f3n central de Melissa se localiz\u00f3 en los 16.3 grados de latitud norte y los 75.0 grados de longitud oeste, es decir, a unos 270 kil\u00f3metros al sudeste de Kingston, Jamaica.&nbsp;<\/p>\n\n\n\n<iframe loading=\"lazy\" src=\"https:\/\/www.facebook.com\/plugins\/post.php?href=https%3A%2F%2Fwww.facebook.com%2Fpermalink.php%3Fstory_fbid%3Dpfbid0WJxrabwzfXMyjRnLZr7nA7Hq3Bfa2zMYAq8TR9JDpTk43YfKnHN9wdJ6JX7r4RzNl%26id%3D61560404371076&#038;show_text=true&#038;width=500\" width=\"500\" height=\"250\" style=\"border:none;overflow:hidden\" scrolling=\"no\" frameborder=\"0\" allowfullscreen=\"true\" allow=\"autoplay; clipboard-write; encrypted-media; picture-in-picture; web-share\"><\/iframe>\n\n\n\n<p>Hasta esta ma\u00f1ana los vientos con fuerza de tormenta tropical se extend\u00edan hacia fuera hasta 115 millas (185 km) desde el centro.<\/p>\n\n\n\n<p>Melissa se mueve lentamente, con un rumbo pr\u00f3ximo al noroeste y una velocidad de traslaci\u00f3n de seis kil\u00f3metros por hora, aunque el Centro Nacional de Huracanes de Estados Unidos (NHC, por sus siglas en ingl\u00e9s) estima que se convertir\u00eda en <a href=\"https:\/\/www.nhc.noaa.gov\/text\/refresh\/MIATASAT3+shtml\/251153.shtml\" target=\"_blank\" rel=\"noreferrer noopener nofollow\">un hurac\u00e1n de categor\u00eda 4<\/a>, con vientos de 250 km\/h, entre el domingo por la noche y el lunes, mientras pasa por el sur de Jamaica, y que \u201cexiste una posibilidad clara de que Melissa se convierta en un hurac\u00e1n de categor\u00eda 5\u201d, o sea, con vientos de 253 km\/h o m\u00e1s.&nbsp;<\/p>\n\n\n\n<p>Por ende, en las pr\u00f3ximas 24 horas este sistema inclinar\u00e1 gradualmente su trayectoria hacia el oeste-noroeste y el oeste, desplaz\u00e1ndose lentamente por los mares al sur de Jamaica, pa\u00eds al que podr\u00eda afectar de 48 a 72 horas con condiciones de hurac\u00e1n mayor. De hecho, podr\u00eda ser el hurac\u00e1n m\u00e1s fuerte que jam\u00e1s haya azotado Jamaica.<\/p>\n\n\n\n<iframe loading=\"lazy\" src=\"https:\/\/www.facebook.com\/plugins\/post.php?href=https%3A%2F%2Fwww.facebook.com%2Fvictor.alonso.1217%2Fposts%2Fpfbid047JerUp4QKSkNHaGgHe8DeGkPrTxaQvtyTf6KrYRurKZY7UP4sANB74BU65L4XWal&#038;show_text=true&#038;width=500\" width=\"500\" height=\"702\" style=\"border:none;overflow:hidden\" scrolling=\"no\" frameborder=\"0\" allowfullscreen=\"true\" allow=\"autoplay; clipboard-write; encrypted-media; picture-in-picture; web-share\"><\/iframe>\n\n\n\n<p>El Centro de Pron\u00f3sticos del Insmet, cuyo pr\u00f3ximo aviso ser\u00e1 a las seis de la tarde, recalc\u00f3 que mantiene una estrecha vigilancia sobre la evoluci\u00f3n y la futura trayectoria de un sistema que \u201crepresenta un peligro para el territorio cubano\u201d.<\/p>\n\n\n\n<p>El Estado Mayor Nacional de la Defensa Civil de Cuba estableci\u00f3 en la tarde de este viernes la Fase Informativa para las provincias de Guant\u00e1namo, Santiago de Cuba, Granma, Holgu\u00edn, Las Tunas y Camag\u00fcey, ante el peligro real que Melissa significa para la isla.<\/p>\n\n\n\n<p>Seg\u00fan el NHC, Melissa tocar\u00eda el oriente cubano como un hurac\u00e1n de categor\u00eda 3-4 el martes 28 por la noche o en la madrugada del mi\u00e9rcoles, antes de salir al Atl\u00e1ntico.\u00a0<\/p>\n\n\n\n<iframe loading=\"lazy\" src=\"https:\/\/www.facebook.com\/plugins\/post.php?href=https%3A%2F%2Fwww.facebook.com%2Flara.crofs%2Fposts%2Fpfbid034wuDpzELpbDJnCP4aqtRasu3CbzfEt9CzuhcfF9QeH29pBYhLPjNHrrptTCfhjmrl&#038;show_text=true&#038;width=500\" width=\"500\" height=\"250\" style=\"border:none;overflow:hidden\" scrolling=\"no\" frameborder=\"0\" allowfullscreen=\"true\" allow=\"autoplay; clipboard-write; encrypted-media; picture-in-picture; web-share\"><\/iframe>\n\n\n\n<p>Se prev\u00e9 que su vasto campo de vientos huracanados afecte toda la zona oriental de la isla, con r\u00e1fagas amplificadas en zonas monta\u00f1osas, desde la noche del lunes 27, al emerger de Jamaica.&nbsp;&nbsp;<\/p>\n\n\n\n<p>Las autoridades instan a quienes se encuentren en la trayectoria de Melissa a prepararse para inundaciones, deslizamientos de tierra, cortes de electricidad y marejadas peligrosas que podr\u00edan poner en peligro la vida.<\/p>\n\n\n\n<p>Las lluvias de Melissa ya han azotado zonas de Hait\u00ed y Rep\u00fablica Dominicana durante varios d\u00edas, inundando carreteras y provocando deslizamientos de tierra.&nbsp;<\/p>\n\n\n\n<figure class=\"wp-block-image size-full\"><img loading=\"lazy\" decoding=\"async\" width=\"897\" height=\"736\" src=\"https:\/\/cdn1.mediawpaccore.net\/wp-content\/uploads\/2025\/10\/25095738\/G4GAYu2WIAAduhx.png\" alt=\"\" class=\"wp-image-223861\" srcset=\"https:\/\/cdn1.mediawpaccore.net\/wp-content\/uploads\/2025\/10\/25095738\/G4GAYu2WIAAduhx.png 897w, https:\/\/cdn1.mediawpaccore.net\/wp-content\/uploads\/2025\/10\/25095738\/G4GAYu2WIAAduhx-300x246.png 300w, https:\/\/cdn1.mediawpaccore.net\/wp-content\/uploads\/2025\/10\/25095738\/G4GAYu2WIAAduhx-768x630.png 768w, https:\/\/cdn1.mediawpaccore.net\/wp-content\/uploads\/2025\/10\/25095738\/G4GAYu2WIAAduhx-512x420.png 512w, https:\/\/cdn1.mediawpaccore.net\/wp-content\/uploads\/2025\/10\/25095738\/G4GAYu2WIAAduhx-150x123.png 150w, https:\/\/cdn1.mediawpaccore.net\/wp-content\/uploads\/2025\/10\/25095738\/G4GAYu2WIAAduhx-696x571.png 696w\" sizes=\"auto, (max-width: 897px) 100vw, 897px\" \/><figcaption class=\"wp-element-caption\">Mensaje emitido en espa\u00f1ol a las cinco de la ma\u00f1ana del s\u00e1bado 25 de octubre. Foto: X\/NHC.<\/figcaption><\/figure>\n\n\n\n<p>Seg\u00fan inform\u00f3 la Agencia de Protecci\u00f3n Civil de Hait\u00ed en un comunicado, se han reportado al menos tres muertes en el pa\u00eds debido a la tormenta, dos de ellas a causa de un deslizamiento de tierra.&nbsp;<\/p>\n\n\n\n<p>En redes sociales activistas han pedido a cubanos que viven en zonas monta\u00f1osas como Sierra Maestra, Baracoa, Moa y otras alturas orientales, autoevacuarse ya; almacenar agua, alimentos, radios de bater\u00eda y kits m\u00e9dicos; y mantenerse informados.<\/p>\n\n\n\n<p>Melissa es el decimotercer cicl\u00f3n tropical con nombre que se forma en el Atl\u00e1ntico en 2025.<\/p>\n\n\n\n<p><\/p>\n","protected":false},"excerpt":{"rendered":"<p>El este de Cuba podr\u00eda enfrentar vientos destructivos y lluvias torrenciales causadas por Melissa a mediados de semana.<\/p>\n","protected":false},"author":30,"featured_media":223852,"comment_status":"open","ping_status":"closed","sticky":false,"template":"","format":"standard","meta":{"_acf_changed":false,"footnotes":""},"categories":[18,955],"tags":[27919,21365,1245,25209,28771,11017],"class_list":{"0":"post-223849","1":"post","2":"type-post","3":"status-publish","4":"format-standard","5":"has-post-thumbnail","7":"category-noticias","8":"category-noticias-de-cuba","9":"tag-alerta-meteorologica","10":"tag-huracan","11":"tag-inundaciones","12":"tag-lluvias-intensas","13":"tag-melissa","14":"tag-superdestacado"},"acf":[],"yoast_head":"<!-- This site is optimized with the Yoast SEO plugin v27.5 - https:\/\/yoast.com\/product\/yoast-seo-wordpress\/ -->\n<title>Melissa llegar\u00eda a Cuba entre martes y mi\u00e9rcoles como un poderoso hurac\u00e1n - Cuballama Noticias<\/title>\n<meta name=\"description\" content=\"El este de Cuba podr\u00eda enfrentar vientos destructivos y lluvias torrenciales causadas por Melissa a mediados de semana.\" \/>\n<meta name=\"robots\" content=\"index, follow, max-snippet:-1, max-image-preview:large, max-video-preview:-1\" \/>\n<link rel=\"canonical\" href=\"https:\/\/www.cuballama.com\/noticias\/melissa-llegaria-a-cuba-el-proximo-martes-como-un-poderoso-huracan\/\" \/>\n<meta property=\"og:locale\" content=\"es_ES\" \/>\n<meta property=\"og:type\" content=\"article\" \/>\n<meta property=\"og:title\" content=\"Melissa llegar\u00eda a Cuba entre martes y mi\u00e9rcoles como un poderoso hurac\u00e1n - Cuballama Noticias\" \/>\n<meta property=\"og:description\" content=\"El este de Cuba podr\u00eda enfrentar vientos destructivos y lluvias torrenciales causadas por Melissa a mediados de semana.\" \/>\n<meta property=\"og:url\" content=\"https:\/\/www.cuballama.com\/noticias\/melissa-llegaria-a-cuba-el-proximo-martes-como-un-poderoso-huracan\/\" \/>\n<meta property=\"og:site_name\" content=\"Cuballama Noticias\" \/>\n<meta property=\"article:publisher\" content=\"https:\/\/www.facebook.com\/CubaLlama\" \/>\n<meta property=\"article:published_time\" content=\"2025-10-25T13:43:22+00:00\" \/>\n<meta property=\"article:modified_time\" content=\"2025-10-25T14:33:49+00:00\" \/>\n<meta property=\"og:image\" content=\"https:\/\/cdn1.mediawpaccore.net\/wp-content\/uploads\/2025\/10\/25093508\/251152_5day_cone_no_line_and_wind.jpg\" \/>\n\t<meta property=\"og:image:width\" content=\"1200\" \/>\n\t<meta property=\"og:image:height\" content=\"630\" \/>\n\t<meta property=\"og:image:type\" content=\"image\/jpeg\" \/>\n<meta name=\"author\" content=\"Kathy\" \/>\n<meta name=\"twitter:card\" content=\"summary_large_image\" \/>\n<meta name=\"twitter:creator\" content=\"@cuballama\" \/>\n<meta name=\"twitter:site\" content=\"@cuballama\" \/>\n<meta name=\"twitter:label1\" content=\"Escrito por\" \/>\n\t<meta name=\"twitter:data1\" content=\"Kathy\" \/>\n\t<meta name=\"twitter:label2\" content=\"Tiempo de lectura\" \/>\n\t<meta name=\"twitter:data2\" content=\"4 minutos\" \/>\n<script type=\"application\/ld+json\" class=\"yoast-schema-graph\">{\"@context\":\"https:\\\/\\\/schema.org\",\"@graph\":[{\"@type\":\"Article\",\"@id\":\"https:\\\/\\\/www.cuballama.com\\\/noticias\\\/melissa-llegaria-a-cuba-el-proximo-martes-como-un-poderoso-huracan\\\/#article\",\"isPartOf\":{\"@id\":\"https:\\\/\\\/www.cuballama.com\\\/noticias\\\/melissa-llegaria-a-cuba-el-proximo-martes-como-un-poderoso-huracan\\\/\"},\"author\":{\"name\":\"Kathy\",\"@id\":\"https:\\\/\\\/www.cuballama.com\\\/noticias\\\/#\\\/schema\\\/person\\\/86cd3e3f4974437f031211213bf892d5\"},\"headline\":\"Melissa llegar\u00eda a Cuba entre martes y mi\u00e9rcoles como un poderoso hurac\u00e1n\",\"datePublished\":\"2025-10-25T13:43:22+00:00\",\"dateModified\":\"2025-10-25T14:33:49+00:00\",\"mainEntityOfPage\":{\"@id\":\"https:\\\/\\\/www.cuballama.com\\\/noticias\\\/melissa-llegaria-a-cuba-el-proximo-martes-como-un-poderoso-huracan\\\/\"},\"wordCount\":681,\"commentCount\":0,\"publisher\":{\"@id\":\"https:\\\/\\\/www.cuballama.com\\\/noticias\\\/#organization\"},\"image\":{\"@id\":\"https:\\\/\\\/www.cuballama.com\\\/noticias\\\/melissa-llegaria-a-cuba-el-proximo-martes-como-un-poderoso-huracan\\\/#primaryimage\"},\"thumbnailUrl\":\"https:\\\/\\\/cdn1.mediawpaccore.net\\\/wp-content\\\/uploads\\\/2025\\\/10\\\/25093508\\\/251152_5day_cone_no_line_and_wind.jpg\",\"keywords\":[\"alerta meteorol\u00f3gica\",\"hurac\u00e1n\",\"inundaciones\",\"lluvias intensas\",\"Melissa\",\"superdestacado\"],\"articleSection\":[\"Noticias\",\"Noticias de Cuba\"],\"inLanguage\":\"es\",\"potentialAction\":[{\"@type\":\"CommentAction\",\"name\":\"Comment\",\"target\":[\"https:\\\/\\\/www.cuballama.com\\\/noticias\\\/melissa-llegaria-a-cuba-el-proximo-martes-como-un-poderoso-huracan\\\/#respond\"]}]},{\"@type\":\"WebPage\",\"@id\":\"https:\\\/\\\/www.cuballama.com\\\/noticias\\\/melissa-llegaria-a-cuba-el-proximo-martes-como-un-poderoso-huracan\\\/\",\"url\":\"https:\\\/\\\/www.cuballama.com\\\/noticias\\\/melissa-llegaria-a-cuba-el-proximo-martes-como-un-poderoso-huracan\\\/\",\"name\":\"Melissa llegar\u00eda a Cuba entre martes y mi\u00e9rcoles como un poderoso hurac\u00e1n - Cuballama Noticias\",\"isPartOf\":{\"@id\":\"https:\\\/\\\/www.cuballama.com\\\/noticias\\\/#website\"},\"primaryImageOfPage\":{\"@id\":\"https:\\\/\\\/www.cuballama.com\\\/noticias\\\/melissa-llegaria-a-cuba-el-proximo-martes-como-un-poderoso-huracan\\\/#primaryimage\"},\"image\":{\"@id\":\"https:\\\/\\\/www.cuballama.com\\\/noticias\\\/melissa-llegaria-a-cuba-el-proximo-martes-como-un-poderoso-huracan\\\/#primaryimage\"},\"thumbnailUrl\":\"https:\\\/\\\/cdn1.mediawpaccore.net\\\/wp-content\\\/uploads\\\/2025\\\/10\\\/25093508\\\/251152_5day_cone_no_line_and_wind.jpg\",\"datePublished\":\"2025-10-25T13:43:22+00:00\",\"dateModified\":\"2025-10-25T14:33:49+00:00\",\"description\":\"El este de Cuba podr\u00eda enfrentar vientos destructivos y lluvias torrenciales causadas por Melissa a mediados de semana.\",\"breadcrumb\":{\"@id\":\"https:\\\/\\\/www.cuballama.com\\\/noticias\\\/melissa-llegaria-a-cuba-el-proximo-martes-como-un-poderoso-huracan\\\/#breadcrumb\"},\"inLanguage\":\"es\",\"potentialAction\":[{\"@type\":\"ReadAction\",\"target\":[\"https:\\\/\\\/www.cuballama.com\\\/noticias\\\/melissa-llegaria-a-cuba-el-proximo-martes-como-un-poderoso-huracan\\\/\"]}]},{\"@type\":\"ImageObject\",\"inLanguage\":\"es\",\"@id\":\"https:\\\/\\\/www.cuballama.com\\\/noticias\\\/melissa-llegaria-a-cuba-el-proximo-martes-como-un-poderoso-huracan\\\/#primaryimage\",\"url\":\"https:\\\/\\\/cdn1.mediawpaccore.net\\\/wp-content\\\/uploads\\\/2025\\\/10\\\/25093508\\\/251152_5day_cone_no_line_and_wind.jpg\",\"contentUrl\":\"https:\\\/\\\/cdn1.mediawpaccore.net\\\/wp-content\\\/uploads\\\/2025\\\/10\\\/25093508\\\/251152_5day_cone_no_line_and_wind.jpg\",\"width\":1200,\"height\":630,\"caption\":\"Cono de trayectoria de Melissa a las ocho de la ma\u00f1ana del s\u00e1bado 25 de octubre. Foto: nhc.noaa.gov\"},{\"@type\":\"BreadcrumbList\",\"@id\":\"https:\\\/\\\/www.cuballama.com\\\/noticias\\\/melissa-llegaria-a-cuba-el-proximo-martes-como-un-poderoso-huracan\\\/#breadcrumb\",\"itemListElement\":[{\"@type\":\"ListItem\",\"position\":1,\"name\":\"Home\",\"item\":\"https:\\\/\\\/www.cuballama.com\\\/noticias\\\/\"},{\"@type\":\"ListItem\",\"position\":2,\"name\":\"Melissa llegar\u00eda a Cuba entre martes y mi\u00e9rcoles como un poderoso hurac\u00e1n\"}]},{\"@type\":\"WebSite\",\"@id\":\"https:\\\/\\\/www.cuballama.com\\\/noticias\\\/#website\",\"url\":\"https:\\\/\\\/www.cuballama.com\\\/noticias\\\/\",\"name\":\"Cuballama Noticias\",\"description\":\"Medio digital sobre Cuba y el mundo\",\"publisher\":{\"@id\":\"https:\\\/\\\/www.cuballama.com\\\/noticias\\\/#organization\"},\"potentialAction\":[{\"@type\":\"SearchAction\",\"target\":{\"@type\":\"EntryPoint\",\"urlTemplate\":\"https:\\\/\\\/www.cuballama.com\\\/noticias\\\/?s={search_term_string}\"},\"query-input\":{\"@type\":\"PropertyValueSpecification\",\"valueRequired\":true,\"valueName\":\"search_term_string\"}}],\"inLanguage\":\"es\"},{\"@type\":\"Organization\",\"@id\":\"https:\\\/\\\/www.cuballama.com\\\/noticias\\\/#organization\",\"name\":\"Cuballama\",\"url\":\"https:\\\/\\\/www.cuballama.com\\\/noticias\\\/\",\"logo\":{\"@type\":\"ImageObject\",\"inLanguage\":\"es\",\"@id\":\"https:\\\/\\\/www.cuballama.com\\\/noticias\\\/#\\\/schema\\\/logo\\\/image\\\/\",\"url\":\"https:\\\/\\\/cdn1.mediawpaccore.net\\\/wp-content\\\/uploads\\\/2021\\\/12\\\/28171206\\\/cbll-logo-color-sm.png\",\"contentUrl\":\"https:\\\/\\\/cdn1.mediawpaccore.net\\\/wp-content\\\/uploads\\\/2021\\\/12\\\/28171206\\\/cbll-logo-color-sm.png\",\"width\":600,\"height\":133,\"caption\":\"Cuballama\"},\"image\":{\"@id\":\"https:\\\/\\\/www.cuballama.com\\\/noticias\\\/#\\\/schema\\\/logo\\\/image\\\/\"},\"sameAs\":[\"https:\\\/\\\/www.facebook.com\\\/CubaLlama\",\"https:\\\/\\\/x.com\\\/cuballama\",\"https:\\\/\\\/www.instagram.com\\\/stories\\\/cuballama_oficial\\\/\",\"https:\\\/\\\/www.youtube.com\\\/channel\\\/UCKkFE-d_axENGZcrc4as0IA\"]},{\"@type\":\"Person\",\"@id\":\"https:\\\/\\\/www.cuballama.com\\\/noticias\\\/#\\\/schema\\\/person\\\/86cd3e3f4974437f031211213bf892d5\",\"name\":\"Kathy\",\"url\":\"https:\\\/\\\/www.cuballama.com\\\/noticias\\\/author\\\/kathy\\\/\"}]}<\/script>\n<!-- \/ Yoast SEO plugin. -->","yoast_head_json":{"title":"Melissa llegar\u00eda a Cuba entre martes y mi\u00e9rcoles como un poderoso hurac\u00e1n - Cuballama Noticias","description":"El este de Cuba podr\u00eda enfrentar vientos destructivos y lluvias torrenciales causadas por Melissa a mediados de semana.","robots":{"index":"index","follow":"follow","max-snippet":"max-snippet:-1","max-image-preview":"max-image-preview:large","max-video-preview":"max-video-preview:-1"},"canonical":"https:\/\/www.cuballama.com\/noticias\/melissa-llegaria-a-cuba-el-proximo-martes-como-un-poderoso-huracan\/","og_locale":"es_ES","og_type":"article","og_title":"Melissa llegar\u00eda a Cuba entre martes y mi\u00e9rcoles como un poderoso hurac\u00e1n - Cuballama Noticias","og_description":"El este de Cuba podr\u00eda enfrentar vientos destructivos y lluvias torrenciales causadas por Melissa a mediados de semana.","og_url":"https:\/\/www.cuballama.com\/noticias\/melissa-llegaria-a-cuba-el-proximo-martes-como-un-poderoso-huracan\/","og_site_name":"Cuballama Noticias","article_publisher":"https:\/\/www.facebook.com\/CubaLlama","article_published_time":"2025-10-25T13:43:22+00:00","article_modified_time":"2025-10-25T14:33:49+00:00","og_image":[{"width":1200,"height":630,"url":"https:\/\/cdn1.mediawpaccore.net\/wp-content\/uploads\/2025\/10\/25093508\/251152_5day_cone_no_line_and_wind.jpg","type":"image\/jpeg"}],"author":"Kathy","twitter_card":"summary_large_image","twitter_creator":"@cuballama","twitter_site":"@cuballama","twitter_misc":{"Escrito por":"Kathy","Tiempo de lectura":"4 minutos"},"schema":{"@context":"https:\/\/schema.org","@graph":[{"@type":"Article","@id":"https:\/\/www.cuballama.com\/noticias\/melissa-llegaria-a-cuba-el-proximo-martes-como-un-poderoso-huracan\/#article","isPartOf":{"@id":"https:\/\/www.cuballama.com\/noticias\/melissa-llegaria-a-cuba-el-proximo-martes-como-un-poderoso-huracan\/"},"author":{"name":"Kathy","@id":"https:\/\/www.cuballama.com\/noticias\/#\/schema\/person\/86cd3e3f4974437f031211213bf892d5"},"headline":"Melissa llegar\u00eda a Cuba entre martes y mi\u00e9rcoles como un poderoso hurac\u00e1n","datePublished":"2025-10-25T13:43:22+00:00","dateModified":"2025-10-25T14:33:49+00:00","mainEntityOfPage":{"@id":"https:\/\/www.cuballama.com\/noticias\/melissa-llegaria-a-cuba-el-proximo-martes-como-un-poderoso-huracan\/"},"wordCount":681,"commentCount":0,"publisher":{"@id":"https:\/\/www.cuballama.com\/noticias\/#organization"},"image":{"@id":"https:\/\/www.cuballama.com\/noticias\/melissa-llegaria-a-cuba-el-proximo-martes-como-un-poderoso-huracan\/#primaryimage"},"thumbnailUrl":"https:\/\/cdn1.mediawpaccore.net\/wp-content\/uploads\/2025\/10\/25093508\/251152_5day_cone_no_line_and_wind.jpg","keywords":["alerta meteorol\u00f3gica","hurac\u00e1n","inundaciones","lluvias intensas","Melissa","superdestacado"],"articleSection":["Noticias","Noticias de Cuba"],"inLanguage":"es","potentialAction":[{"@type":"CommentAction","name":"Comment","target":["https:\/\/www.cuballama.com\/noticias\/melissa-llegaria-a-cuba-el-proximo-martes-como-un-poderoso-huracan\/#respond"]}]},{"@type":"WebPage","@id":"https:\/\/www.cuballama.com\/noticias\/melissa-llegaria-a-cuba-el-proximo-martes-como-un-poderoso-huracan\/","url":"https:\/\/www.cuballama.com\/noticias\/melissa-llegaria-a-cuba-el-proximo-martes-como-un-poderoso-huracan\/","name":"Melissa llegar\u00eda a Cuba entre martes y mi\u00e9rcoles como un poderoso hurac\u00e1n - Cuballama Noticias","isPartOf":{"@id":"https:\/\/www.cuballama.com\/noticias\/#website"},"primaryImageOfPage":{"@id":"https:\/\/www.cuballama.com\/noticias\/melissa-llegaria-a-cuba-el-proximo-martes-como-un-poderoso-huracan\/#primaryimage"},"image":{"@id":"https:\/\/www.cuballama.com\/noticias\/melissa-llegaria-a-cuba-el-proximo-martes-como-un-poderoso-huracan\/#primaryimage"},"thumbnailUrl":"https:\/\/cdn1.mediawpaccore.net\/wp-content\/uploads\/2025\/10\/25093508\/251152_5day_cone_no_line_and_wind.jpg","datePublished":"2025-10-25T13:43:22+00:00","dateModified":"2025-10-25T14:33:49+00:00","description":"El este de Cuba podr\u00eda enfrentar vientos destructivos y lluvias torrenciales causadas por Melissa a mediados de semana.","breadcrumb":{"@id":"https:\/\/www.cuballama.com\/noticias\/melissa-llegaria-a-cuba-el-proximo-martes-como-un-poderoso-huracan\/#breadcrumb"},"inLanguage":"es","potentialAction":[{"@type":"ReadAction","target":["https:\/\/www.cuballama.com\/noticias\/melissa-llegaria-a-cuba-el-proximo-martes-como-un-poderoso-huracan\/"]}]},{"@type":"ImageObject","inLanguage":"es","@id":"https:\/\/www.cuballama.com\/noticias\/melissa-llegaria-a-cuba-el-proximo-martes-como-un-poderoso-huracan\/#primaryimage","url":"https:\/\/cdn1.mediawpaccore.net\/wp-content\/uploads\/2025\/10\/25093508\/251152_5day_cone_no_line_and_wind.jpg","contentUrl":"https:\/\/cdn1.mediawpaccore.net\/wp-content\/uploads\/2025\/10\/25093508\/251152_5day_cone_no_line_and_wind.jpg","width":1200,"height":630,"caption":"Cono de trayectoria de Melissa a las ocho de la ma\u00f1ana del s\u00e1bado 25 de octubre. Foto: nhc.noaa.gov"},{"@type":"BreadcrumbList","@id":"https:\/\/www.cuballama.com\/noticias\/melissa-llegaria-a-cuba-el-proximo-martes-como-un-poderoso-huracan\/#breadcrumb","itemListElement":[{"@type":"ListItem","position":1,"name":"Home","item":"https:\/\/www.cuballama.com\/noticias\/"},{"@type":"ListItem","position":2,"name":"Melissa llegar\u00eda a Cuba entre martes y mi\u00e9rcoles como un poderoso hurac\u00e1n"}]},{"@type":"WebSite","@id":"https:\/\/www.cuballama.com\/noticias\/#website","url":"https:\/\/www.cuballama.com\/noticias\/","name":"Cuballama Noticias","description":"Medio digital sobre Cuba y el mundo","publisher":{"@id":"https:\/\/www.cuballama.com\/noticias\/#organization"},"potentialAction":[{"@type":"SearchAction","target":{"@type":"EntryPoint","urlTemplate":"https:\/\/www.cuballama.com\/noticias\/?s={search_term_string}"},"query-input":{"@type":"PropertyValueSpecification","valueRequired":true,"valueName":"search_term_string"}}],"inLanguage":"es"},{"@type":"Organization","@id":"https:\/\/www.cuballama.com\/noticias\/#organization","name":"Cuballama","url":"https:\/\/www.cuballama.com\/noticias\/","logo":{"@type":"ImageObject","inLanguage":"es","@id":"https:\/\/www.cuballama.com\/noticias\/#\/schema\/logo\/image\/","url":"https:\/\/cdn1.mediawpaccore.net\/wp-content\/uploads\/2021\/12\/28171206\/cbll-logo-color-sm.png","contentUrl":"https:\/\/cdn1.mediawpaccore.net\/wp-content\/uploads\/2021\/12\/28171206\/cbll-logo-color-sm.png","width":600,"height":133,"caption":"Cuballama"},"image":{"@id":"https:\/\/www.cuballama.com\/noticias\/#\/schema\/logo\/image\/"},"sameAs":["https:\/\/www.facebook.com\/CubaLlama","https:\/\/x.com\/cuballama","https:\/\/www.instagram.com\/stories\/cuballama_oficial\/","https:\/\/www.youtube.com\/channel\/UCKkFE-d_axENGZcrc4as0IA"]},{"@type":"Person","@id":"https:\/\/www.cuballama.com\/noticias\/#\/schema\/person\/86cd3e3f4974437f031211213bf892d5","name":"Kathy","url":"https:\/\/www.cuballama.com\/noticias\/author\/kathy\/"}]}},"_links":{"self":[{"href":"https:\/\/www.cuballama.com\/noticias\/wp-json\/wp\/v2\/posts\/223849","targetHints":{"allow":["GET"]}}],"collection":[{"href":"https:\/\/www.cuballama.com\/noticias\/wp-json\/wp\/v2\/posts"}],"about":[{"href":"https:\/\/www.cuballama.com\/noticias\/wp-json\/wp\/v2\/types\/post"}],"author":[{"embeddable":true,"href":"https:\/\/www.cuballama.com\/noticias\/wp-json\/wp\/v2\/users\/30"}],"replies":[{"embeddable":true,"href":"https:\/\/www.cuballama.com\/noticias\/wp-json\/wp\/v2\/comments?post=223849"}],"version-history":[{"count":17,"href":"https:\/\/www.cuballama.com\/noticias\/wp-json\/wp\/v2\/posts\/223849\/revisions"}],"predecessor-version":[{"id":223878,"href":"https:\/\/www.cuballama.com\/noticias\/wp-json\/wp\/v2\/posts\/223849\/revisions\/223878"}],"wp:featuredmedia":[{"embeddable":true,"href":"https:\/\/www.cuballama.com\/noticias\/wp-json\/wp\/v2\/media\/223852"}],"wp:attachment":[{"href":"https:\/\/www.cuballama.com\/noticias\/wp-json\/wp\/v2\/media?parent=223849"}],"wp:term":[{"taxonomy":"category","embeddable":true,"href":"https:\/\/www.cuballama.com\/noticias\/wp-json\/wp\/v2\/categories?post=223849"},{"taxonomy":"post_tag","embeddable":true,"href":"https:\/\/www.cuballama.com\/noticias\/wp-json\/wp\/v2\/tags?post=223849"}],"curies":[{"name":"wp","href":"https:\/\/api.w.org\/{rel}","templated":true}]}}