{"id":223813,"date":"2025-10-26T13:47:54","date_gmt":"2025-10-26T17:47:54","guid":{"rendered":"https:\/\/www.cuballama.com\/noticias\/?p=223813"},"modified":"2025-10-26T13:47:56","modified_gmt":"2025-10-26T17:47:56","slug":"comenzando-desde-cero-pedro-lorenzo-concepcion-el-cubano-deportado-a-mexico-narra-su-nueva-vida-video","status":"publish","type":"post","link":"https:\/\/www.cuballama.com\/noticias\/comenzando-desde-cero-pedro-lorenzo-concepcion-el-cubano-deportado-a-mexico-narra-su-nueva-vida-video\/","title":{"rendered":"Comenzando desde cero: Pedro Lorenzo Concepci\u00f3n, el cubano deportado a M\u00e9xico, narra su nueva vida (+ video)"},"content":{"rendered":"\n<p>Pedro Lorenzo Concepci\u00f3n, cubano de 44 a\u00f1os con m\u00e1s de una d\u00e9cada viviendo en Estados Unidos, es uno de los rostros m\u00e1s visibles de una nueva y poco documentada ruta de expulsiones: las \u201cdeportaciones silenciosas\u201d a M\u00e9xico de migrantes que Washington no logra repatriar a Cuba. <\/p>\n\n\n\n<p>Tras pasar por varios centros de detenci\u00f3n \u2014incluido el controvertido Alligator Alcatraz, en Florida\u2014 y protagonizar una huelga de hambre de 17 d\u00edas, Lorenzo Concepci\u00f3n fue dejado en Canc\u00fan a mediados de septiembre de 2025. All\u00ed intenta rehacerse, sin documentos ni permiso de trabajo, separado de su esposa e hijos que permanecen en Florida. <\/p>\n\n\n\n<p>El caso fue narrado en detalle por la periodista cubana Carla Gloria Colom\u00e9 en <em><a href=\"https:\/\/elpais.com\/us\/migracion\/2025-07-31\/un-migrante-cubano-lleva-nueve-dias-en-huelga-de-hambre-en-alligator-alcatraz-les-toca-a-ellos-decidir-si-yo-vivo-o-si-muero.html\" target=\"_blank\" rel=\"noreferrer noopener nofollow\">El Pa\u00eds<\/a><\/em>, primero cuando Pedro llevaba nueve d\u00edas sin comer en protesta por su encierro, y luego cuando ya hab\u00eda detenido la huelga y fue trasladado a otro centro para, finalmente, terminar expulsado a M\u00e9xico al no prosperar su repatriaci\u00f3n a la isla. En esos trabajos se describen el deterioro f\u00edsico, el uso de silla de ruedas y las condiciones de hacinamiento que denuncian los detenidos, adem\u00e1s de la incertidumbre jur\u00eddica que acompa\u00f1a a quienes acumulan viejos antecedentes ya cumplidos pero siguen atrapados en la maquinaria migratoria.<\/p>\n\n\n\n<p>De acuerdo con ese mismo medio, <a href=\"https:\/\/elpais.com\/us\/migracion\/2025-10-06\/de-alligator-alcatraz-a-cancun-el-largo-viaje-de-un-deportado-cubano-a-mexico-soy-como-un-fantasma.html\" target=\"_blank\" rel=\"noreferrer noopener nofollow\">el 14 de septiembre Pedro lleg\u00f3 a Canc\u00fan \u201cdesorientado\u201d<\/a>, tras semanas de traslados y sin claridad sobre sus estatus ni opciones inmediatas de regularizaci\u00f3n. Cuba no lo acept\u00f3 de vuelta y Estados Unidos ejecut\u00f3 la expulsi\u00f3n hacia territorio mexicano, un patr\u00f3n que, seg\u00fan el reportaje, se repite con decenas de cubanos en Quintana Roo. La vida en Canc\u00fan, por ahora, transcurre a puerta cerrada, con ayuda econ\u00f3mica que llega desde Florida y con el miedo a ser captado por redes de extorsi\u00f3n que acechan a migrantes reci\u00e9n expulsados. <\/p>\n\n\n\n<p>El itinerario de Lorenzo Concepci\u00f3n encaja en el clima migratorio actual: desde inicios de 2025, la administraci\u00f3n Trump ha endurecido la pol\u00edtica hacia Cuba, cerrando v\u00edas de ajuste y reabriendo pr\u00e1cticas de detenci\u00f3n prolongada que afectan a centenares de miles de cubanos que entraron entre 2021 y 2024. En paralelo, M\u00e9xico ha endurecido su posici\u00f3n diplom\u00e1tica en episodios como la propuesta de enviar a Guant\u00e1namo a parte de los detenidos, elevando quejas formales a Washington para que los mexicanos no sean trasladados fuera de su pa\u00eds. Ese tel\u00f3n de fondo explica, en parte, por qu\u00e9 muchos cubanos terminan hoy en ciudades mexicanas fronterizas o tur\u00edsticas, a medio camino de todo.<\/p>\n\n\n\n<p><em>\u201cS\u00e9 que estoy en Canc\u00fan, pero no s\u00e9 d\u00f3nde estoy\u2026 no tengo a mi esposa, ni mi casa, ni mi vida\u201d, <\/em>se lamenta Pedro en un testimonio recogido tras su expulsi\u00f3n, donde confiesa que apenas sale del apartamento por temor y porque carece de papeles para trabajar. Su meta inmediata es obtener alguna forma de regularizaci\u00f3n que le permita ganarse la vida y, a mediano plazo, encontrar una v\u00eda legal de reunificaci\u00f3n con su familia en Estados Unidos.<\/p>\n\n\n\n<!-- Contenedor ra\u00edz del SDK -->\n<div id=\"fb-root\"><\/div>\n<script async defer crossorigin=\"anonymous\"\n  src=\"https:\/\/connect.facebook.net\/es_ES\/sdk.js#xfbml=1&#038;version=v20.0\"><\/script>\n\n<!-- Reproductor embebido -->\n<div class=\"fb-video\"\n     data-href=\"https:\/\/www.facebook.com\/reel\/1156879743247095\"\n     data-allowfullscreen=\"true\"\n     data-show-text=\"false\"\n     data-width=\"400\">\n<\/div>\n\n\n\n<p>Historias como la suya han sido amplificadas por medios y reporteros en Estados Unidos y M\u00e9xico, y coinciden en dos rasgos: primero, la opacidad sobre los criterios que determinan a qui\u00e9n se expulsa a M\u00e9xico en lugar de intentar una repatriaci\u00f3n a Cuba; segundo, el vac\u00edo de protecci\u00f3n que queda una vez que la persona pisa suelo mexicano sin documentos ni red de apoyo. En Canc\u00fan y otras ciudades del sureste, reportes period\u00edsticos describen \u201cmicrocomunidades\u201d de cubanos reci\u00e9n llegados, viviendo de remesas y favores, a la espera de que un abogado, un tr\u00e1mite o un golpe de suerte les cambie el rumbo.<\/p>\n\n\n\n<p>Mientras tanto, su nombre se ha vuelto un referente del costo humano de estas pol\u00edticas. La cr\u00f3nica de Colom\u00e9 sigui\u00f3 su trayectoria desde el m\u00f3dulo de Alligator Alcatraz, donde un funcionario le dijo que nadie sab\u00eda cu\u00e1ndo saldr\u00eda, hasta la silla de pl\u00e1stico en un cuarto de Canc\u00fan donde ahora mira el tel\u00e9fono esperando noticias de su esposa. <\/p>\n\n\n\n<p>La narrativa deja preguntas abiertas que trascienden su caso: \u00bfqu\u00e9 coordinaci\u00f3n real existe entre Washington, La Habana y Ciudad de M\u00e9xico para evitar que la \u201csoluci\u00f3n\u201d sea internar a una persona en un tercer pa\u00eds donde no tiene absolutamente nada?; \u00bfqu\u00e9 est\u00e1ndar humanitario se aplica a quienes han pagado sus cuentas con la justicia y buscan rehacer su vida? <\/p>\n\n\n\n<p><strong>Un punto que va al coraz\u00f3n del debate: \u00bfqu\u00e9 es \u201cpagar la deuda\u201d y qu\u00e9 trato corresponde despu\u00e9s? <\/strong><\/p>\n\n\n\n<p>Con Pedro Lorenzo Concepci\u00f3n (y otros en situaciones parecidas) se cruzan tres planos: el legal, el \u00e9tico y el pol\u00edtico. En el plano legal, el gobierno puede expulsar a un no ciudadano por causales migratorias aunque ya haya cumplido una condena penal: no es doble juzgamiento, es una consecuencia civil. Dicho eso, la legalidad no agota la pregunta \u00e9tica: si alguien sald\u00f3 su pena y hoy no representa un riesgo, \u00bfqu\u00e9 est\u00e1ndar humanitario se aplica cuando no hay a qui\u00e9n repatriarlo (Cuba no acepta) y se opta por \u201ctercerizar\u201d la expulsi\u00f3n a M\u00e9xico, donde queda sin papeles, sin red, sin trabajo y vulnerable a redes criminales? Ah\u00ed es donde muchos ven una pena encubierta: no c\u00e1rcel, pero s\u00ed destierro y precariedad.<\/p>\n\n\n\n<p>Las reacciones en la di\u00e1spora reflejan esa grieta. Hay quien aplaude la expulsi\u00f3n porque \u201cno es un \u00e1ngel\u201d y porque las v\u00edctimas importan \u2014y tienen raz\u00f3n en exigir que el relato no blanquee delitos reales\u2014. Otros, en cambio, no piden absoluci\u00f3n moral sino proporcionalidad: cumplida la condena, el Estado deber\u00eda priorizar criterios de riesgo y de arraigo familiar antes de aplicar una medida extrema que, en la pr\u00e1ctica, impide la reinserci\u00f3n y castiga tambi\u00e9n a sus hijos y pareja en EE. UU. Ah\u00ed encajan nociones como la discrecionalidad fiscal (prosecutorial discretion), el \u201cwithholding of removal\u201d si hay riesgo de da\u00f1o, o alternativas a la expulsi\u00f3n cuando el pa\u00eds de origen no recibe repatriados.<\/p>\n\n\n\n<p>Un contraste final es clave para medir coherencia: mientras a Pedro lo expulsan con expediente y argumentos legibles, <strong>hay documentados casos de cubanos sin antecedentes penales<\/strong> \u2014ni una multa de parqueo, aseguran\u2014 que han sido devueltos a Cuba o rebotados en la frontera bajo pol\u00edticas cambiantes, con procesos acelerados, barreras de defensa legal y decisiones dif\u00edciles de impugnar. Si el mensaje p\u00fablico es que \u201cla ley es la ley\u201d, entonces esa ley deber\u00eda ser predecible y pareja: mismas garant\u00edas procesales, acceso real a abogado, evaluaci\u00f3n individual del temor de retorno, del arraigo y del inter\u00e9s superior de los ni\u00f1os cuando hay hijos ciudadanos americanos.<\/p>\n\n\n\n<p>No se trata de canonizar a quien delinqui\u00f3 ni de ignorar a sus v\u00edctimas; se trata de exigir est\u00e1ndares claros y humanitarios para todos. La sociedad puede \u2014y debe\u2014 discutir si alguien merece una segunda oportunidad; el Estado, en cambio, no puede improvisar castigos de facto ni convertir la expulsi\u00f3n en un limbo permanente. Y mucho menos puede tratar peor a quienes no tienen antecedentes que a quienes s\u00ed los tuvieron, porque entonces la vara legal deja de medir justicia y pasa a medir azar.<\/p>\n\n\n\n<p>Por ahora, para Pedro, la respuesta es sobrevivir un d\u00eda m\u00e1s, sin hacer ruido, mientras intenta que su historia no termine en el anonimato. <\/p>\n","protected":false},"excerpt":{"rendered":"<p>Esta historia deja preguntas abiertas que trascienden su caso: \u00bfqu\u00e9 est\u00e1ndar humanitario se aplica a quienes han pagado sus cuentas con la justicia y buscan rehacer su vida?, \u00bfqu\u00e9 coordinaci\u00f3n real existe entre Washington, La Habana y Ciudad de M\u00e9xico para evitar que la \u201csoluci\u00f3n\u201d sea internar a una persona en un tercer pa\u00eds donde no tiene absolutamente nada? Por ahora, para Pedro, la respuesta es sobrevivir un d\u00eda m\u00e1s, sin hacer ruido, mientras intenta que su historia no termine en el anonimato. <\/p>\n","protected":false},"author":13,"featured_media":223821,"comment_status":"open","ping_status":"closed","sticky":false,"template":"","format":"standard","meta":{"_acf_changed":false,"footnotes":""},"categories":[18,953],"tags":[24897,3800,27413,11,4538,28834,2864,1647,602,18360,800,8834,281,6917,28835,2101,28837,28836],"class_list":{"0":"post-223813","1":"post","2":"type-post","3":"status-publish","4":"format-standard","5":"has-post-thumbnail","7":"category-noticias","8":"category-usa","9":"tag-alligator-alcatraz","10":"tag-cancun","11":"tag-carla-gloria-colome","12":"tag-cuba","13":"tag-deportacion","14":"tag-deportaciones-silenciosas","15":"tag-derechos-humanos","16":"tag-el-pais","17":"tag-estados-unidos","18":"tag-exiliados-cubanos","19":"tag-justicia","20":"tag-legalidad","21":"tag-mexico","22":"tag-migracion-cubana","23":"tag-pedro-lorenzo-concepcion","24":"tag-politica-migratoria","25":"tag-reinsercion-social","26":"tag-sistema-penitenciario-estadounidense"},"acf":[],"yoast_head":"<!-- This site is optimized with the Yoast SEO plugin v27.5 - https:\/\/yoast.com\/product\/yoast-seo-wordpress\/ -->\n<title>Comenzando desde cero: Pedro Lorenzo Concepci\u00f3n, el cubano deportado a M\u00e9xico, narra su nueva vida (+ video) - Cuballama Noticias<\/title>\n<meta name=\"description\" content=\"Pedro Lorenzo Concepci\u00f3n, un cubano que ha sido deportado desde los Estados Unidos a M\u00e9xico, habla con medios hispanos sobre su nueva vida.\" \/>\n<meta name=\"robots\" content=\"index, follow, max-snippet:-1, max-image-preview:large, max-video-preview:-1\" \/>\n<link rel=\"canonical\" href=\"https:\/\/www.cuballama.com\/noticias\/comenzando-desde-cero-pedro-lorenzo-concepcion-el-cubano-deportado-a-mexico-narra-su-nueva-vida-video\/\" \/>\n<meta property=\"og:locale\" content=\"es_ES\" \/>\n<meta property=\"og:type\" content=\"article\" \/>\n<meta property=\"og:title\" content=\"Comenzando desde cero: Pedro Lorenzo Concepci\u00f3n, el cubano deportado a M\u00e9xico, narra su nueva vida (+ video) - Cuballama Noticias\" \/>\n<meta property=\"og:description\" content=\"Pedro Lorenzo Concepci\u00f3n, un cubano que ha sido deportado desde los Estados Unidos a M\u00e9xico, habla con medios hispanos sobre su nueva vida.\" \/>\n<meta property=\"og:url\" content=\"https:\/\/www.cuballama.com\/noticias\/comenzando-desde-cero-pedro-lorenzo-concepcion-el-cubano-deportado-a-mexico-narra-su-nueva-vida-video\/\" \/>\n<meta property=\"og:site_name\" content=\"Cuballama Noticias\" \/>\n<meta property=\"article:publisher\" content=\"https:\/\/www.facebook.com\/CubaLlama\" \/>\n<meta property=\"article:published_time\" content=\"2025-10-26T17:47:54+00:00\" \/>\n<meta property=\"article:modified_time\" content=\"2025-10-26T17:47:56+00:00\" \/>\n<meta property=\"og:image\" content=\"https:\/\/cdn1.mediawpaccore.net\/wp-content\/uploads\/2025\/10\/24111008\/image-104.png\" \/>\n\t<meta property=\"og:image:width\" content=\"2318\" \/>\n\t<meta property=\"og:image:height\" content=\"1184\" \/>\n\t<meta property=\"og:image:type\" content=\"image\/png\" \/>\n<meta name=\"author\" content=\"Roberto A.\" \/>\n<meta name=\"twitter:card\" content=\"summary_large_image\" \/>\n<meta name=\"twitter:creator\" content=\"@cuballama\" \/>\n<meta name=\"twitter:site\" content=\"@cuballama\" \/>\n<meta name=\"twitter:label1\" content=\"Escrito por\" \/>\n\t<meta name=\"twitter:data1\" content=\"Roberto A.\" \/>\n\t<meta name=\"twitter:label2\" content=\"Tiempo de lectura\" \/>\n\t<meta name=\"twitter:data2\" content=\"6 minutos\" \/>\n<script type=\"application\/ld+json\" class=\"yoast-schema-graph\">{\"@context\":\"https:\\\/\\\/schema.org\",\"@graph\":[{\"@type\":\"Article\",\"@id\":\"https:\\\/\\\/www.cuballama.com\\\/noticias\\\/comenzando-desde-cero-pedro-lorenzo-concepcion-el-cubano-deportado-a-mexico-narra-su-nueva-vida-video\\\/#article\",\"isPartOf\":{\"@id\":\"https:\\\/\\\/www.cuballama.com\\\/noticias\\\/comenzando-desde-cero-pedro-lorenzo-concepcion-el-cubano-deportado-a-mexico-narra-su-nueva-vida-video\\\/\"},\"author\":{\"name\":\"Roberto A.\",\"@id\":\"https:\\\/\\\/www.cuballama.com\\\/noticias\\\/#\\\/schema\\\/person\\\/a58502ed4146c8e9f83872e897c76cd2\"},\"headline\":\"Comenzando desde cero: Pedro Lorenzo Concepci\u00f3n, el cubano deportado a M\u00e9xico, narra su nueva vida (+ video)\",\"datePublished\":\"2025-10-26T17:47:54+00:00\",\"dateModified\":\"2025-10-26T17:47:56+00:00\",\"mainEntityOfPage\":{\"@id\":\"https:\\\/\\\/www.cuballama.com\\\/noticias\\\/comenzando-desde-cero-pedro-lorenzo-concepcion-el-cubano-deportado-a-mexico-narra-su-nueva-vida-video\\\/\"},\"wordCount\":1283,\"commentCount\":0,\"publisher\":{\"@id\":\"https:\\\/\\\/www.cuballama.com\\\/noticias\\\/#organization\"},\"image\":{\"@id\":\"https:\\\/\\\/www.cuballama.com\\\/noticias\\\/comenzando-desde-cero-pedro-lorenzo-concepcion-el-cubano-deportado-a-mexico-narra-su-nueva-vida-video\\\/#primaryimage\"},\"thumbnailUrl\":\"https:\\\/\\\/cdn1.mediawpaccore.net\\\/wp-content\\\/uploads\\\/2025\\\/10\\\/24111008\\\/image-104.png\",\"keywords\":[\"Alligator Alcatraz\",\"Canc\u00fan\",\"Carla Gloria Colom\u00e9\",\"Cuba\",\"deportaci\u00f3n\",\"deportaciones silenciosas\",\"derechos humanos\",\"El Pa\u00eds\",\"Estados Unidos\",\"exiliados cubanos\",\"Justicia\",\"legalidad\",\"M\u00e9xico\",\"Migraci\u00f3n cubana\",\"Pedro Lorenzo Concepci\u00f3n\",\"pol\u00edtica migratoria\",\"reinserci\u00f3n social\",\"sistema penitenciario estadounidense\"],\"articleSection\":[\"Noticias\",\"USA\"],\"inLanguage\":\"es\",\"potentialAction\":[{\"@type\":\"CommentAction\",\"name\":\"Comment\",\"target\":[\"https:\\\/\\\/www.cuballama.com\\\/noticias\\\/comenzando-desde-cero-pedro-lorenzo-concepcion-el-cubano-deportado-a-mexico-narra-su-nueva-vida-video\\\/#respond\"]}]},{\"@type\":\"WebPage\",\"@id\":\"https:\\\/\\\/www.cuballama.com\\\/noticias\\\/comenzando-desde-cero-pedro-lorenzo-concepcion-el-cubano-deportado-a-mexico-narra-su-nueva-vida-video\\\/\",\"url\":\"https:\\\/\\\/www.cuballama.com\\\/noticias\\\/comenzando-desde-cero-pedro-lorenzo-concepcion-el-cubano-deportado-a-mexico-narra-su-nueva-vida-video\\\/\",\"name\":\"Comenzando desde cero: Pedro Lorenzo Concepci\u00f3n, el cubano deportado a M\u00e9xico, narra su nueva vida (+ video) - Cuballama Noticias\",\"isPartOf\":{\"@id\":\"https:\\\/\\\/www.cuballama.com\\\/noticias\\\/#website\"},\"primaryImageOfPage\":{\"@id\":\"https:\\\/\\\/www.cuballama.com\\\/noticias\\\/comenzando-desde-cero-pedro-lorenzo-concepcion-el-cubano-deportado-a-mexico-narra-su-nueva-vida-video\\\/#primaryimage\"},\"image\":{\"@id\":\"https:\\\/\\\/www.cuballama.com\\\/noticias\\\/comenzando-desde-cero-pedro-lorenzo-concepcion-el-cubano-deportado-a-mexico-narra-su-nueva-vida-video\\\/#primaryimage\"},\"thumbnailUrl\":\"https:\\\/\\\/cdn1.mediawpaccore.net\\\/wp-content\\\/uploads\\\/2025\\\/10\\\/24111008\\\/image-104.png\",\"datePublished\":\"2025-10-26T17:47:54+00:00\",\"dateModified\":\"2025-10-26T17:47:56+00:00\",\"description\":\"Pedro Lorenzo Concepci\u00f3n, un cubano que ha sido deportado desde los Estados Unidos a M\u00e9xico, habla con medios hispanos sobre su nueva vida.\",\"breadcrumb\":{\"@id\":\"https:\\\/\\\/www.cuballama.com\\\/noticias\\\/comenzando-desde-cero-pedro-lorenzo-concepcion-el-cubano-deportado-a-mexico-narra-su-nueva-vida-video\\\/#breadcrumb\"},\"inLanguage\":\"es\",\"potentialAction\":[{\"@type\":\"ReadAction\",\"target\":[\"https:\\\/\\\/www.cuballama.com\\\/noticias\\\/comenzando-desde-cero-pedro-lorenzo-concepcion-el-cubano-deportado-a-mexico-narra-su-nueva-vida-video\\\/\"]}]},{\"@type\":\"ImageObject\",\"inLanguage\":\"es\",\"@id\":\"https:\\\/\\\/www.cuballama.com\\\/noticias\\\/comenzando-desde-cero-pedro-lorenzo-concepcion-el-cubano-deportado-a-mexico-narra-su-nueva-vida-video\\\/#primaryimage\",\"url\":\"https:\\\/\\\/cdn1.mediawpaccore.net\\\/wp-content\\\/uploads\\\/2025\\\/10\\\/24111008\\\/image-104.png\",\"contentUrl\":\"https:\\\/\\\/cdn1.mediawpaccore.net\\\/wp-content\\\/uploads\\\/2025\\\/10\\\/24111008\\\/image-104.png\",\"width\":2318,\"height\":1184,\"caption\":\"Foto: Video Screenshot v\u00eda Univisi\u00f3n Orlando\"},{\"@type\":\"BreadcrumbList\",\"@id\":\"https:\\\/\\\/www.cuballama.com\\\/noticias\\\/comenzando-desde-cero-pedro-lorenzo-concepcion-el-cubano-deportado-a-mexico-narra-su-nueva-vida-video\\\/#breadcrumb\",\"itemListElement\":[{\"@type\":\"ListItem\",\"position\":1,\"name\":\"Home\",\"item\":\"https:\\\/\\\/www.cuballama.com\\\/noticias\\\/\"},{\"@type\":\"ListItem\",\"position\":2,\"name\":\"Comenzando desde cero: Pedro Lorenzo Concepci\u00f3n, el cubano deportado a M\u00e9xico, narra su nueva vida (+ video)\"}]},{\"@type\":\"WebSite\",\"@id\":\"https:\\\/\\\/www.cuballama.com\\\/noticias\\\/#website\",\"url\":\"https:\\\/\\\/www.cuballama.com\\\/noticias\\\/\",\"name\":\"Cuballama Noticias\",\"description\":\"Medio digital sobre Cuba y el mundo\",\"publisher\":{\"@id\":\"https:\\\/\\\/www.cuballama.com\\\/noticias\\\/#organization\"},\"potentialAction\":[{\"@type\":\"SearchAction\",\"target\":{\"@type\":\"EntryPoint\",\"urlTemplate\":\"https:\\\/\\\/www.cuballama.com\\\/noticias\\\/?s={search_term_string}\"},\"query-input\":{\"@type\":\"PropertyValueSpecification\",\"valueRequired\":true,\"valueName\":\"search_term_string\"}}],\"inLanguage\":\"es\"},{\"@type\":\"Organization\",\"@id\":\"https:\\\/\\\/www.cuballama.com\\\/noticias\\\/#organization\",\"name\":\"Cuballama\",\"url\":\"https:\\\/\\\/www.cuballama.com\\\/noticias\\\/\",\"logo\":{\"@type\":\"ImageObject\",\"inLanguage\":\"es\",\"@id\":\"https:\\\/\\\/www.cuballama.com\\\/noticias\\\/#\\\/schema\\\/logo\\\/image\\\/\",\"url\":\"https:\\\/\\\/cdn1.mediawpaccore.net\\\/wp-content\\\/uploads\\\/2021\\\/12\\\/28171206\\\/cbll-logo-color-sm.png\",\"contentUrl\":\"https:\\\/\\\/cdn1.mediawpaccore.net\\\/wp-content\\\/uploads\\\/2021\\\/12\\\/28171206\\\/cbll-logo-color-sm.png\",\"width\":600,\"height\":133,\"caption\":\"Cuballama\"},\"image\":{\"@id\":\"https:\\\/\\\/www.cuballama.com\\\/noticias\\\/#\\\/schema\\\/logo\\\/image\\\/\"},\"sameAs\":[\"https:\\\/\\\/www.facebook.com\\\/CubaLlama\",\"https:\\\/\\\/x.com\\\/cuballama\",\"https:\\\/\\\/www.instagram.com\\\/stories\\\/cuballama_oficial\\\/\",\"https:\\\/\\\/www.youtube.com\\\/channel\\\/UCKkFE-d_axENGZcrc4as0IA\"]},{\"@type\":\"Person\",\"@id\":\"https:\\\/\\\/www.cuballama.com\\\/noticias\\\/#\\\/schema\\\/person\\\/a58502ed4146c8e9f83872e897c76cd2\",\"name\":\"Roberto A.\",\"description\":\"Roberto A. Periodista por decisi\u00f3n propia. Interesado en cualquier tema que me apasione y cada vez m\u00e1s comprometido con la verdad y la objetividad period\u00edstica. Graduado en La Habana hace ya muchos a\u00f1os, luego de una accidentada y polvorienta b\u00fasqueda de informaci\u00f3n sobre un tema in\u00e9dito. La Tesis, por cierto, desapareci\u00f3 de la biblioteca y no se conservan copias de la misma.\",\"url\":\"https:\\\/\\\/www.cuballama.com\\\/noticias\\\/author\\\/roberto\\\/\"}]}<\/script>\n<!-- \/ Yoast SEO plugin. -->","yoast_head_json":{"title":"Comenzando desde cero: Pedro Lorenzo Concepci\u00f3n, el cubano deportado a M\u00e9xico, narra su nueva vida (+ video) - Cuballama Noticias","description":"Pedro Lorenzo Concepci\u00f3n, un cubano que ha sido deportado desde los Estados Unidos a M\u00e9xico, habla con medios hispanos sobre su nueva vida.","robots":{"index":"index","follow":"follow","max-snippet":"max-snippet:-1","max-image-preview":"max-image-preview:large","max-video-preview":"max-video-preview:-1"},"canonical":"https:\/\/www.cuballama.com\/noticias\/comenzando-desde-cero-pedro-lorenzo-concepcion-el-cubano-deportado-a-mexico-narra-su-nueva-vida-video\/","og_locale":"es_ES","og_type":"article","og_title":"Comenzando desde cero: Pedro Lorenzo Concepci\u00f3n, el cubano deportado a M\u00e9xico, narra su nueva vida (+ video) - Cuballama Noticias","og_description":"Pedro Lorenzo Concepci\u00f3n, un cubano que ha sido deportado desde los Estados Unidos a M\u00e9xico, habla con medios hispanos sobre su nueva vida.","og_url":"https:\/\/www.cuballama.com\/noticias\/comenzando-desde-cero-pedro-lorenzo-concepcion-el-cubano-deportado-a-mexico-narra-su-nueva-vida-video\/","og_site_name":"Cuballama Noticias","article_publisher":"https:\/\/www.facebook.com\/CubaLlama","article_published_time":"2025-10-26T17:47:54+00:00","article_modified_time":"2025-10-26T17:47:56+00:00","og_image":[{"width":2318,"height":1184,"url":"https:\/\/cdn1.mediawpaccore.net\/wp-content\/uploads\/2025\/10\/24111008\/image-104.png","type":"image\/png"}],"author":"Roberto A.","twitter_card":"summary_large_image","twitter_creator":"@cuballama","twitter_site":"@cuballama","twitter_misc":{"Escrito por":"Roberto A.","Tiempo de lectura":"6 minutos"},"schema":{"@context":"https:\/\/schema.org","@graph":[{"@type":"Article","@id":"https:\/\/www.cuballama.com\/noticias\/comenzando-desde-cero-pedro-lorenzo-concepcion-el-cubano-deportado-a-mexico-narra-su-nueva-vida-video\/#article","isPartOf":{"@id":"https:\/\/www.cuballama.com\/noticias\/comenzando-desde-cero-pedro-lorenzo-concepcion-el-cubano-deportado-a-mexico-narra-su-nueva-vida-video\/"},"author":{"name":"Roberto A.","@id":"https:\/\/www.cuballama.com\/noticias\/#\/schema\/person\/a58502ed4146c8e9f83872e897c76cd2"},"headline":"Comenzando desde cero: Pedro Lorenzo Concepci\u00f3n, el cubano deportado a M\u00e9xico, narra su nueva vida (+ video)","datePublished":"2025-10-26T17:47:54+00:00","dateModified":"2025-10-26T17:47:56+00:00","mainEntityOfPage":{"@id":"https:\/\/www.cuballama.com\/noticias\/comenzando-desde-cero-pedro-lorenzo-concepcion-el-cubano-deportado-a-mexico-narra-su-nueva-vida-video\/"},"wordCount":1283,"commentCount":0,"publisher":{"@id":"https:\/\/www.cuballama.com\/noticias\/#organization"},"image":{"@id":"https:\/\/www.cuballama.com\/noticias\/comenzando-desde-cero-pedro-lorenzo-concepcion-el-cubano-deportado-a-mexico-narra-su-nueva-vida-video\/#primaryimage"},"thumbnailUrl":"https:\/\/cdn1.mediawpaccore.net\/wp-content\/uploads\/2025\/10\/24111008\/image-104.png","keywords":["Alligator Alcatraz","Canc\u00fan","Carla Gloria Colom\u00e9","Cuba","deportaci\u00f3n","deportaciones silenciosas","derechos humanos","El Pa\u00eds","Estados Unidos","exiliados cubanos","Justicia","legalidad","M\u00e9xico","Migraci\u00f3n cubana","Pedro Lorenzo Concepci\u00f3n","pol\u00edtica migratoria","reinserci\u00f3n social","sistema penitenciario estadounidense"],"articleSection":["Noticias","USA"],"inLanguage":"es","potentialAction":[{"@type":"CommentAction","name":"Comment","target":["https:\/\/www.cuballama.com\/noticias\/comenzando-desde-cero-pedro-lorenzo-concepcion-el-cubano-deportado-a-mexico-narra-su-nueva-vida-video\/#respond"]}]},{"@type":"WebPage","@id":"https:\/\/www.cuballama.com\/noticias\/comenzando-desde-cero-pedro-lorenzo-concepcion-el-cubano-deportado-a-mexico-narra-su-nueva-vida-video\/","url":"https:\/\/www.cuballama.com\/noticias\/comenzando-desde-cero-pedro-lorenzo-concepcion-el-cubano-deportado-a-mexico-narra-su-nueva-vida-video\/","name":"Comenzando desde cero: Pedro Lorenzo Concepci\u00f3n, el cubano deportado a M\u00e9xico, narra su nueva vida (+ video) - Cuballama Noticias","isPartOf":{"@id":"https:\/\/www.cuballama.com\/noticias\/#website"},"primaryImageOfPage":{"@id":"https:\/\/www.cuballama.com\/noticias\/comenzando-desde-cero-pedro-lorenzo-concepcion-el-cubano-deportado-a-mexico-narra-su-nueva-vida-video\/#primaryimage"},"image":{"@id":"https:\/\/www.cuballama.com\/noticias\/comenzando-desde-cero-pedro-lorenzo-concepcion-el-cubano-deportado-a-mexico-narra-su-nueva-vida-video\/#primaryimage"},"thumbnailUrl":"https:\/\/cdn1.mediawpaccore.net\/wp-content\/uploads\/2025\/10\/24111008\/image-104.png","datePublished":"2025-10-26T17:47:54+00:00","dateModified":"2025-10-26T17:47:56+00:00","description":"Pedro Lorenzo Concepci\u00f3n, un cubano que ha sido deportado desde los Estados Unidos a M\u00e9xico, habla con medios hispanos sobre su nueva vida.","breadcrumb":{"@id":"https:\/\/www.cuballama.com\/noticias\/comenzando-desde-cero-pedro-lorenzo-concepcion-el-cubano-deportado-a-mexico-narra-su-nueva-vida-video\/#breadcrumb"},"inLanguage":"es","potentialAction":[{"@type":"ReadAction","target":["https:\/\/www.cuballama.com\/noticias\/comenzando-desde-cero-pedro-lorenzo-concepcion-el-cubano-deportado-a-mexico-narra-su-nueva-vida-video\/"]}]},{"@type":"ImageObject","inLanguage":"es","@id":"https:\/\/www.cuballama.com\/noticias\/comenzando-desde-cero-pedro-lorenzo-concepcion-el-cubano-deportado-a-mexico-narra-su-nueva-vida-video\/#primaryimage","url":"https:\/\/cdn1.mediawpaccore.net\/wp-content\/uploads\/2025\/10\/24111008\/image-104.png","contentUrl":"https:\/\/cdn1.mediawpaccore.net\/wp-content\/uploads\/2025\/10\/24111008\/image-104.png","width":2318,"height":1184,"caption":"Foto: Video Screenshot v\u00eda Univisi\u00f3n Orlando"},{"@type":"BreadcrumbList","@id":"https:\/\/www.cuballama.com\/noticias\/comenzando-desde-cero-pedro-lorenzo-concepcion-el-cubano-deportado-a-mexico-narra-su-nueva-vida-video\/#breadcrumb","itemListElement":[{"@type":"ListItem","position":1,"name":"Home","item":"https:\/\/www.cuballama.com\/noticias\/"},{"@type":"ListItem","position":2,"name":"Comenzando desde cero: Pedro Lorenzo Concepci\u00f3n, el cubano deportado a M\u00e9xico, narra su nueva vida (+ video)"}]},{"@type":"WebSite","@id":"https:\/\/www.cuballama.com\/noticias\/#website","url":"https:\/\/www.cuballama.com\/noticias\/","name":"Cuballama Noticias","description":"Medio digital sobre Cuba y el mundo","publisher":{"@id":"https:\/\/www.cuballama.com\/noticias\/#organization"},"potentialAction":[{"@type":"SearchAction","target":{"@type":"EntryPoint","urlTemplate":"https:\/\/www.cuballama.com\/noticias\/?s={search_term_string}"},"query-input":{"@type":"PropertyValueSpecification","valueRequired":true,"valueName":"search_term_string"}}],"inLanguage":"es"},{"@type":"Organization","@id":"https:\/\/www.cuballama.com\/noticias\/#organization","name":"Cuballama","url":"https:\/\/www.cuballama.com\/noticias\/","logo":{"@type":"ImageObject","inLanguage":"es","@id":"https:\/\/www.cuballama.com\/noticias\/#\/schema\/logo\/image\/","url":"https:\/\/cdn1.mediawpaccore.net\/wp-content\/uploads\/2021\/12\/28171206\/cbll-logo-color-sm.png","contentUrl":"https:\/\/cdn1.mediawpaccore.net\/wp-content\/uploads\/2021\/12\/28171206\/cbll-logo-color-sm.png","width":600,"height":133,"caption":"Cuballama"},"image":{"@id":"https:\/\/www.cuballama.com\/noticias\/#\/schema\/logo\/image\/"},"sameAs":["https:\/\/www.facebook.com\/CubaLlama","https:\/\/x.com\/cuballama","https:\/\/www.instagram.com\/stories\/cuballama_oficial\/","https:\/\/www.youtube.com\/channel\/UCKkFE-d_axENGZcrc4as0IA"]},{"@type":"Person","@id":"https:\/\/www.cuballama.com\/noticias\/#\/schema\/person\/a58502ed4146c8e9f83872e897c76cd2","name":"Roberto A.","description":"Roberto A. Periodista por decisi\u00f3n propia. Interesado en cualquier tema que me apasione y cada vez m\u00e1s comprometido con la verdad y la objetividad period\u00edstica. Graduado en La Habana hace ya muchos a\u00f1os, luego de una accidentada y polvorienta b\u00fasqueda de informaci\u00f3n sobre un tema in\u00e9dito. La Tesis, por cierto, desapareci\u00f3 de la biblioteca y no se conservan copias de la misma.","url":"https:\/\/www.cuballama.com\/noticias\/author\/roberto\/"}]}},"_links":{"self":[{"href":"https:\/\/www.cuballama.com\/noticias\/wp-json\/wp\/v2\/posts\/223813","targetHints":{"allow":["GET"]}}],"collection":[{"href":"https:\/\/www.cuballama.com\/noticias\/wp-json\/wp\/v2\/posts"}],"about":[{"href":"https:\/\/www.cuballama.com\/noticias\/wp-json\/wp\/v2\/types\/post"}],"author":[{"embeddable":true,"href":"https:\/\/www.cuballama.com\/noticias\/wp-json\/wp\/v2\/users\/13"}],"replies":[{"embeddable":true,"href":"https:\/\/www.cuballama.com\/noticias\/wp-json\/wp\/v2\/comments?post=223813"}],"version-history":[{"count":5,"href":"https:\/\/www.cuballama.com\/noticias\/wp-json\/wp\/v2\/posts\/223813\/revisions"}],"predecessor-version":[{"id":223822,"href":"https:\/\/www.cuballama.com\/noticias\/wp-json\/wp\/v2\/posts\/223813\/revisions\/223822"}],"wp:featuredmedia":[{"embeddable":true,"href":"https:\/\/www.cuballama.com\/noticias\/wp-json\/wp\/v2\/media\/223821"}],"wp:attachment":[{"href":"https:\/\/www.cuballama.com\/noticias\/wp-json\/wp\/v2\/media?parent=223813"}],"wp:term":[{"taxonomy":"category","embeddable":true,"href":"https:\/\/www.cuballama.com\/noticias\/wp-json\/wp\/v2\/categories?post=223813"},{"taxonomy":"post_tag","embeddable":true,"href":"https:\/\/www.cuballama.com\/noticias\/wp-json\/wp\/v2\/tags?post=223813"}],"curies":[{"name":"wp","href":"https:\/\/api.w.org\/{rel}","templated":true}]}}