{"id":223785,"date":"2025-10-26T13:45:23","date_gmt":"2025-10-26T17:45:23","guid":{"rendered":"https:\/\/www.cuballama.com\/noticias\/?p=223785"},"modified":"2025-10-26T13:45:26","modified_gmt":"2025-10-26T17:45:26","slug":"el-meteoro-se-apaga-braudilio-vinent-rompe-el-silencio-sobre-el-olvido-y-la-tristeza-de-las-glorias-del-beisbol-cubano","status":"publish","type":"post","link":"https:\/\/www.cuballama.com\/noticias\/el-meteoro-se-apaga-braudilio-vinent-rompe-el-silencio-sobre-el-olvido-y-la-tristeza-de-las-glorias-del-beisbol-cubano\/","title":{"rendered":"El Meteoro se apaga: Braudilio Vinent rompe el silencio sobre el olvido y la tristeza de las glorias del b\u00e9isbol cubano"},"content":{"rendered":"\n<p>La imagen es dura porque no es deportiva, sino humana: Braudilio Vinent, leyenda de las Avispas de Santiago de Cuba y uno de los mejores lanzadores que pas\u00f3 por los mont\u00edculos de la Isla, reconoce frente a la c\u00e1mara que se siente olvidado. <\/p>\n\n\n\n<p>La imagen es dura y no corresponde para nada con la imagen del Braudilio Vinent sobre el mont\u00edculo; ni con la de Vinent contento tras cada v\u00edctoria. No es siquiera la imagen de un Vinent, ya retirado, que viaj\u00f3 de Tampa a Miami al lado de Yasser Porto en el asiento trasero de un auto, con el autor de este art\u00edculo al volante. <\/p>\n\n\n\n<p>En un <a href=\"https:\/\/www.facebook.com\/reel\/1635386724102289\" target=\"_blank\" rel=\"noreferrer noopener nofollow\">video difundido por Dporto Sports Media<\/a>, el expitcher, conocido como El Meteoro de La Maya, pide poco y dice mucho: no est\u00e1 pidiendo limosna, no va a vender sus medallas, pero quiere que lo tengan presente. <em>\u201cSi me muero, me muero de sentimiento\u201d<\/em>, suelta, con una mezcla de dignidad y cansancio que desarma.<\/p>\n\n\n\n<p>El clip \u2014anunciado como una entrevista para el espacio Recta al Pecho\u2014 ha detonado un coro de reacciones que va desde el homenaje sentido hasta el reproche ideol\u00f3gico. <\/p>\n\n\n\n<p>Varios aficionados, sobre todo de Santiago de Cuba, recuerdan la emoci\u00f3n de verlo dominar con autoridad en series nacionales e internacionales. Para ellos, Vinent encarna una \u00e9poca en la que el b\u00e9isbol congregaba a la naci\u00f3n; piden salud, respeto y atenci\u00f3n para una gloria viva que dio alegr\u00edas a generaciones enteras. <em>\u201cUsted no pide limosna: usted es grande y se lo merece\u201d<\/em>, comenta un seguidor, sintetizando un sentimiento extendido.<\/p>\n\n\n\n<p>Pero la conversaci\u00f3n no se queda en la nostalgia. En paralelo, hay un grupo de voces que le pasa factura pol\u00edtica al \u00eddolo: se\u00f1alan que, durante su carrera, defendi\u00f3 con orgullo al sistema y hoy padece la misma desatenci\u00f3n que ese sistema suele dispensar a sus viejas glorias. <em>\u201cTodos somos responsables de nuestras decisiones\u201d<\/em>, escriben algunos, con dureza. Otros matizan: en sus a\u00f1os de esplendor, los atletas recib\u00edan privilegios, pero siempre dependieron de una estructura estatal que usaba su imagen; cuando el rendimiento se apaga, tambi\u00e9n se apaga el inter\u00e9s oficial.<\/p>\n\n\n\n<p>Lo cierto es que el video reabre una herida conocida: la distancia entre el discurso de reverencia a las \u201cglorias deportivas\u201d y la realidad cotidiana de quienes ya no visten el uniforme. Varias experiencias relatadas en los comentarios dibujan un patr\u00f3n: carreras deslumbrantes, retiros discretos, econom\u00edas fr\u00e1giles, problemas de salud y un acompa\u00f1amiento institucional que llega tarde o no llega. No es un caso aislado, insisten; es el s\u00edntoma de una deuda acumulada con los atletas que sostuvieron el relato de excelencia del deporte cubano.<\/p>\n\n\n\n<p>En torno a Vinent, adem\u00e1s, aparecen dos lecturas contrapuestas de su presente. Hay quienes aseguran que en Santiago de Cuba s\u00ed ha recibido apoyo en comparaci\u00f3n con otros exatletas, y que su situaci\u00f3n tambi\u00e9n pasa por temas familiares y por un deterioro emocional comprensible en la vejez. Otros sostienen lo contrario y denuncian abandono. El propio testimonio del exlanzador se ubica m\u00e1s cerca del segundo grupo: no pide dinero, pide reconocimiento, cercan\u00eda, una llamada que confirme que no fue desechable.<\/p>\n\n\n\n<p>El debate, por tanto, va m\u00e1s all\u00e1 del caso personal y se mueve en tres planos. <\/p>\n\n\n\n<p>Primero, el humanitario: ning\u00fan s\u00edmbolo nacional deber\u00eda estar rogando atenci\u00f3n; la sola duda de que una leyenda deportiva viva en precariedad deber\u00eda activar protocolos transparentes de ayuda m\u00e9dica y social, con nombres y apellidos y sin propaganda. Segundo, el institucional: el pa\u00eds necesita una pol\u00edtica clara, verificable y evaluada p\u00fablicamente para el acompa\u00f1amiento integral de sus exdeportistas, que incluya salud mental, pensiones dignas, vivienda y oportunidades laborales reales tras el retiro. Tercero, el cultural: glorificar al atleta en su pico y olvidarlo cuando ya no rinde es una trampa que empobrece al deporte y manda un mensaje devastador a los j\u00f3venes talentos. <\/p>\n\n\n\n<p>Los comentarios tambi\u00e9n dejan una lecci\u00f3n generacional. Varios usuarios advierten a los prospectos: \u201cmiren este espejo\u201d. Si el futuro que ofrece el sistema a sus \u00eddolos es la invisibilidad, la consecuencia l\u00f3gica es la fuga de talento y la desafecci\u00f3n. La propia narrativa de Vinent \u2014principios que no se venden, medallas que no se empe\u00f1an\u2014 a\u00f1ade otra capa: la dignidad no paga medicinas ni comida, pero s\u00ed exige respeto. Y el respeto, en pol\u00edtica p\u00fablica, se mide con hechos.<\/p>\n\n\n\n<p>Vinent, el de la recta que parec\u00eda partir el aire &#8211; y que tambi\u00e9n es el Vinent que iba roncando en el asiento de atr\u00e1s del auto &#8211; hoy lanza otra clase de bola: una apelaci\u00f3n a la memoria y a la responsabilidad colectiva. Su nombre, asociado a tardes de estadio lleno y a triunfos que marcaron \u00e9poca, regresa a la agenda no por una estad\u00edstica, sino por un reclamo b\u00e1sico: no lo olviden. El Meteoro se apaga, dicen algunos con tristeza; otros prefieren creer que a\u00fan queda luz si la sociedad \u2014y el Estado que siempre lo us\u00f3 como emblema\u2014 se deciden a hacer lo que corresponde.<\/p>\n\n\n\n<p>Que la entrevista anunciada no sea su \u00faltimo testimonio, sino el punto de inflexi\u00f3n para corregir a tiempo. Nadie est\u00e1 pidiendo que se reescriba la historia: basta con estar a la altura de ella. Porque detr\u00e1s de cada medalla colgada en una pared hay una vida real, y no hay t\u00edtulo que valga si, cuando llega el silencio, esa vida queda sola.<\/p>\n\n\n\n<!-- Contenedor ra\u00edz del SDK -->\n<div id=\"fb-root\"><\/div>\n<script async defer crossorigin=\"anonymous\"\n  src=\"https:\/\/connect.facebook.net\/es_ES\/sdk.js#xfbml=1&#038;version=v20.0\"><\/script>\n\n<!-- Reproductor embebido -->\n<div class=\"fb-video\"\n     data-href=\"https:\/\/www.facebook.com\/reel\/1635386724102289\"\n     data-allowfullscreen=\"true\"\n     data-show-text=\"false\"\n     data-width=\"400\">\n<\/div>\n\n","protected":false},"excerpt":{"rendered":"<p>Que la entrevista anunciada no sea su \u00faltimo testimonio, sino el punto de inflexi\u00f3n para corregir a tiempo. Nadie est\u00e1 pidiendo que se reescriba la historia: basta con estar a la altura de ella. Porque detr\u00e1s de cada medalla colgada en una pared hay una vida real, y no hay t\u00edtulo que valga si, cuando llega el silencio, esa vida queda sola.<\/p>\n","protected":false},"author":13,"featured_media":223809,"comment_status":"open","ping_status":"closed","sticky":false,"template":"","format":"standard","meta":{"_acf_changed":false,"footnotes":""},"categories":[21,18,955,961],"tags":[23897,12446,5037,11,28831,28830,28832,20094,160],"class_list":{"0":"post-223785","1":"post","2":"type-post","3":"status-publish","4":"format-standard","5":"has-post-thumbnail","7":"category-deportes","8":"category-noticias","9":"category-noticias-de-cuba","10":"category-videos","11":"tag-abandono-institucional","12":"tag-beisbol-cubano-2","13":"tag-braudilio-vinent","14":"tag-cuba","15":"tag-deporte-revolucionario","16":"tag-deportistas-retirados","17":"tag-dporto-sports-media","18":"tag-glorias-deportivas","19":"tag-santiago-de-cuba"},"acf":[],"yoast_head":"<!-- This site is optimized with the Yoast SEO plugin v27.5 - https:\/\/yoast.com\/product\/yoast-seo-wordpress\/ -->\n<title>El Meteoro se apaga: Braudilio Vinent rompe el silencio sobre el olvido y la tristeza de las glorias del b\u00e9isbol cubano - Cuballama Noticias<\/title>\n<meta name=\"description\" content=\"El exlanzador Braudilio Vinent, &quot;El Meteoro de La Maya&quot;, rompe el silencio y confiesa sentirse olvidado. Un video conmociona a Cuba.\" \/>\n<meta name=\"robots\" content=\"index, follow, max-snippet:-1, max-image-preview:large, max-video-preview:-1\" \/>\n<link rel=\"canonical\" href=\"https:\/\/www.cuballama.com\/noticias\/el-meteoro-se-apaga-braudilio-vinent-rompe-el-silencio-sobre-el-olvido-y-la-tristeza-de-las-glorias-del-beisbol-cubano\/\" \/>\n<meta property=\"og:locale\" content=\"es_ES\" \/>\n<meta property=\"og:type\" content=\"article\" \/>\n<meta property=\"og:title\" content=\"El Meteoro se apaga: Braudilio Vinent rompe el silencio sobre el olvido y la tristeza de las glorias del b\u00e9isbol cubano - Cuballama Noticias\" \/>\n<meta property=\"og:description\" content=\"El exlanzador Braudilio Vinent, &quot;El Meteoro de La Maya&quot;, rompe el silencio y confiesa sentirse olvidado. Un video conmociona a Cuba.\" \/>\n<meta property=\"og:url\" content=\"https:\/\/www.cuballama.com\/noticias\/el-meteoro-se-apaga-braudilio-vinent-rompe-el-silencio-sobre-el-olvido-y-la-tristeza-de-las-glorias-del-beisbol-cubano\/\" \/>\n<meta property=\"og:site_name\" content=\"Cuballama Noticias\" \/>\n<meta property=\"article:publisher\" content=\"https:\/\/www.facebook.com\/CubaLlama\" \/>\n<meta property=\"article:published_time\" content=\"2025-10-26T17:45:23+00:00\" \/>\n<meta property=\"article:modified_time\" content=\"2025-10-26T17:45:26+00:00\" \/>\n<meta property=\"og:image\" content=\"https:\/\/cdn1.mediawpaccore.net\/wp-content\/uploads\/2025\/10\/24103307\/image-103.png\" \/>\n\t<meta property=\"og:image:width\" content=\"1004\" \/>\n\t<meta property=\"og:image:height\" content=\"590\" \/>\n\t<meta property=\"og:image:type\" content=\"image\/png\" \/>\n<meta name=\"author\" content=\"Roberto A.\" \/>\n<meta name=\"twitter:card\" content=\"summary_large_image\" \/>\n<meta name=\"twitter:creator\" content=\"@cuballama\" \/>\n<meta name=\"twitter:site\" content=\"@cuballama\" \/>\n<meta name=\"twitter:label1\" content=\"Escrito por\" \/>\n\t<meta name=\"twitter:data1\" content=\"Roberto A.\" \/>\n\t<meta name=\"twitter:label2\" content=\"Tiempo de lectura\" \/>\n\t<meta name=\"twitter:data2\" content=\"5 minutos\" \/>\n<script type=\"application\/ld+json\" class=\"yoast-schema-graph\">{\"@context\":\"https:\\\/\\\/schema.org\",\"@graph\":[{\"@type\":\"Article\",\"@id\":\"https:\\\/\\\/www.cuballama.com\\\/noticias\\\/el-meteoro-se-apaga-braudilio-vinent-rompe-el-silencio-sobre-el-olvido-y-la-tristeza-de-las-glorias-del-beisbol-cubano\\\/#article\",\"isPartOf\":{\"@id\":\"https:\\\/\\\/www.cuballama.com\\\/noticias\\\/el-meteoro-se-apaga-braudilio-vinent-rompe-el-silencio-sobre-el-olvido-y-la-tristeza-de-las-glorias-del-beisbol-cubano\\\/\"},\"author\":{\"name\":\"Roberto A.\",\"@id\":\"https:\\\/\\\/www.cuballama.com\\\/noticias\\\/#\\\/schema\\\/person\\\/a58502ed4146c8e9f83872e897c76cd2\"},\"headline\":\"El Meteoro se apaga: Braudilio Vinent rompe el silencio sobre el olvido y la tristeza de las glorias del b\u00e9isbol cubano\",\"datePublished\":\"2025-10-26T17:45:23+00:00\",\"dateModified\":\"2025-10-26T17:45:26+00:00\",\"mainEntityOfPage\":{\"@id\":\"https:\\\/\\\/www.cuballama.com\\\/noticias\\\/el-meteoro-se-apaga-braudilio-vinent-rompe-el-silencio-sobre-el-olvido-y-la-tristeza-de-las-glorias-del-beisbol-cubano\\\/\"},\"wordCount\":963,\"commentCount\":0,\"publisher\":{\"@id\":\"https:\\\/\\\/www.cuballama.com\\\/noticias\\\/#organization\"},\"image\":{\"@id\":\"https:\\\/\\\/www.cuballama.com\\\/noticias\\\/el-meteoro-se-apaga-braudilio-vinent-rompe-el-silencio-sobre-el-olvido-y-la-tristeza-de-las-glorias-del-beisbol-cubano\\\/#primaryimage\"},\"thumbnailUrl\":\"https:\\\/\\\/cdn1.mediawpaccore.net\\\/wp-content\\\/uploads\\\/2025\\\/10\\\/24103307\\\/image-103.png\",\"keywords\":[\"abandono institucional\",\"b\u00e9isbol cubano\",\"Braudilio Vinent\",\"Cuba\",\"deporte revolucionario\",\"deportistas retirados\",\"Dporto Sports Media\",\"glorias deportivas\",\"Santiago de Cuba\"],\"articleSection\":[\"Deportes\",\"Noticias\",\"Noticias de Cuba\",\"Videos\"],\"inLanguage\":\"es\",\"potentialAction\":[{\"@type\":\"CommentAction\",\"name\":\"Comment\",\"target\":[\"https:\\\/\\\/www.cuballama.com\\\/noticias\\\/el-meteoro-se-apaga-braudilio-vinent-rompe-el-silencio-sobre-el-olvido-y-la-tristeza-de-las-glorias-del-beisbol-cubano\\\/#respond\"]}]},{\"@type\":\"WebPage\",\"@id\":\"https:\\\/\\\/www.cuballama.com\\\/noticias\\\/el-meteoro-se-apaga-braudilio-vinent-rompe-el-silencio-sobre-el-olvido-y-la-tristeza-de-las-glorias-del-beisbol-cubano\\\/\",\"url\":\"https:\\\/\\\/www.cuballama.com\\\/noticias\\\/el-meteoro-se-apaga-braudilio-vinent-rompe-el-silencio-sobre-el-olvido-y-la-tristeza-de-las-glorias-del-beisbol-cubano\\\/\",\"name\":\"El Meteoro se apaga: Braudilio Vinent rompe el silencio sobre el olvido y la tristeza de las glorias del b\u00e9isbol cubano - Cuballama Noticias\",\"isPartOf\":{\"@id\":\"https:\\\/\\\/www.cuballama.com\\\/noticias\\\/#website\"},\"primaryImageOfPage\":{\"@id\":\"https:\\\/\\\/www.cuballama.com\\\/noticias\\\/el-meteoro-se-apaga-braudilio-vinent-rompe-el-silencio-sobre-el-olvido-y-la-tristeza-de-las-glorias-del-beisbol-cubano\\\/#primaryimage\"},\"image\":{\"@id\":\"https:\\\/\\\/www.cuballama.com\\\/noticias\\\/el-meteoro-se-apaga-braudilio-vinent-rompe-el-silencio-sobre-el-olvido-y-la-tristeza-de-las-glorias-del-beisbol-cubano\\\/#primaryimage\"},\"thumbnailUrl\":\"https:\\\/\\\/cdn1.mediawpaccore.net\\\/wp-content\\\/uploads\\\/2025\\\/10\\\/24103307\\\/image-103.png\",\"datePublished\":\"2025-10-26T17:45:23+00:00\",\"dateModified\":\"2025-10-26T17:45:26+00:00\",\"description\":\"El exlanzador Braudilio Vinent, \\\"El Meteoro de La Maya\\\", rompe el silencio y confiesa sentirse olvidado. Un video conmociona a Cuba.\",\"breadcrumb\":{\"@id\":\"https:\\\/\\\/www.cuballama.com\\\/noticias\\\/el-meteoro-se-apaga-braudilio-vinent-rompe-el-silencio-sobre-el-olvido-y-la-tristeza-de-las-glorias-del-beisbol-cubano\\\/#breadcrumb\"},\"inLanguage\":\"es\",\"potentialAction\":[{\"@type\":\"ReadAction\",\"target\":[\"https:\\\/\\\/www.cuballama.com\\\/noticias\\\/el-meteoro-se-apaga-braudilio-vinent-rompe-el-silencio-sobre-el-olvido-y-la-tristeza-de-las-glorias-del-beisbol-cubano\\\/\"]}]},{\"@type\":\"ImageObject\",\"inLanguage\":\"es\",\"@id\":\"https:\\\/\\\/www.cuballama.com\\\/noticias\\\/el-meteoro-se-apaga-braudilio-vinent-rompe-el-silencio-sobre-el-olvido-y-la-tristeza-de-las-glorias-del-beisbol-cubano\\\/#primaryimage\",\"url\":\"https:\\\/\\\/cdn1.mediawpaccore.net\\\/wp-content\\\/uploads\\\/2025\\\/10\\\/24103307\\\/image-103.png\",\"contentUrl\":\"https:\\\/\\\/cdn1.mediawpaccore.net\\\/wp-content\\\/uploads\\\/2025\\\/10\\\/24103307\\\/image-103.png\",\"width\":1004,\"height\":590,\"caption\":\"Braudilio Vinent, imagen de archivo.\"},{\"@type\":\"BreadcrumbList\",\"@id\":\"https:\\\/\\\/www.cuballama.com\\\/noticias\\\/el-meteoro-se-apaga-braudilio-vinent-rompe-el-silencio-sobre-el-olvido-y-la-tristeza-de-las-glorias-del-beisbol-cubano\\\/#breadcrumb\",\"itemListElement\":[{\"@type\":\"ListItem\",\"position\":1,\"name\":\"Home\",\"item\":\"https:\\\/\\\/www.cuballama.com\\\/noticias\\\/\"},{\"@type\":\"ListItem\",\"position\":2,\"name\":\"El Meteoro se apaga: Braudilio Vinent rompe el silencio sobre el olvido y la tristeza de las glorias del b\u00e9isbol cubano\"}]},{\"@type\":\"WebSite\",\"@id\":\"https:\\\/\\\/www.cuballama.com\\\/noticias\\\/#website\",\"url\":\"https:\\\/\\\/www.cuballama.com\\\/noticias\\\/\",\"name\":\"Cuballama Noticias\",\"description\":\"Medio digital sobre Cuba y el mundo\",\"publisher\":{\"@id\":\"https:\\\/\\\/www.cuballama.com\\\/noticias\\\/#organization\"},\"potentialAction\":[{\"@type\":\"SearchAction\",\"target\":{\"@type\":\"EntryPoint\",\"urlTemplate\":\"https:\\\/\\\/www.cuballama.com\\\/noticias\\\/?s={search_term_string}\"},\"query-input\":{\"@type\":\"PropertyValueSpecification\",\"valueRequired\":true,\"valueName\":\"search_term_string\"}}],\"inLanguage\":\"es\"},{\"@type\":\"Organization\",\"@id\":\"https:\\\/\\\/www.cuballama.com\\\/noticias\\\/#organization\",\"name\":\"Cuballama\",\"url\":\"https:\\\/\\\/www.cuballama.com\\\/noticias\\\/\",\"logo\":{\"@type\":\"ImageObject\",\"inLanguage\":\"es\",\"@id\":\"https:\\\/\\\/www.cuballama.com\\\/noticias\\\/#\\\/schema\\\/logo\\\/image\\\/\",\"url\":\"https:\\\/\\\/cdn1.mediawpaccore.net\\\/wp-content\\\/uploads\\\/2021\\\/12\\\/28171206\\\/cbll-logo-color-sm.png\",\"contentUrl\":\"https:\\\/\\\/cdn1.mediawpaccore.net\\\/wp-content\\\/uploads\\\/2021\\\/12\\\/28171206\\\/cbll-logo-color-sm.png\",\"width\":600,\"height\":133,\"caption\":\"Cuballama\"},\"image\":{\"@id\":\"https:\\\/\\\/www.cuballama.com\\\/noticias\\\/#\\\/schema\\\/logo\\\/image\\\/\"},\"sameAs\":[\"https:\\\/\\\/www.facebook.com\\\/CubaLlama\",\"https:\\\/\\\/x.com\\\/cuballama\",\"https:\\\/\\\/www.instagram.com\\\/stories\\\/cuballama_oficial\\\/\",\"https:\\\/\\\/www.youtube.com\\\/channel\\\/UCKkFE-d_axENGZcrc4as0IA\"]},{\"@type\":\"Person\",\"@id\":\"https:\\\/\\\/www.cuballama.com\\\/noticias\\\/#\\\/schema\\\/person\\\/a58502ed4146c8e9f83872e897c76cd2\",\"name\":\"Roberto A.\",\"description\":\"Roberto A. Periodista por decisi\u00f3n propia. Interesado en cualquier tema que me apasione y cada vez m\u00e1s comprometido con la verdad y la objetividad period\u00edstica. Graduado en La Habana hace ya muchos a\u00f1os, luego de una accidentada y polvorienta b\u00fasqueda de informaci\u00f3n sobre un tema in\u00e9dito. La Tesis, por cierto, desapareci\u00f3 de la biblioteca y no se conservan copias de la misma.\",\"url\":\"https:\\\/\\\/www.cuballama.com\\\/noticias\\\/author\\\/roberto\\\/\"}]}<\/script>\n<!-- \/ Yoast SEO plugin. -->","yoast_head_json":{"title":"El Meteoro se apaga: Braudilio Vinent rompe el silencio sobre el olvido y la tristeza de las glorias del b\u00e9isbol cubano - Cuballama Noticias","description":"El exlanzador Braudilio Vinent, \"El Meteoro de La Maya\", rompe el silencio y confiesa sentirse olvidado. Un video conmociona a Cuba.","robots":{"index":"index","follow":"follow","max-snippet":"max-snippet:-1","max-image-preview":"max-image-preview:large","max-video-preview":"max-video-preview:-1"},"canonical":"https:\/\/www.cuballama.com\/noticias\/el-meteoro-se-apaga-braudilio-vinent-rompe-el-silencio-sobre-el-olvido-y-la-tristeza-de-las-glorias-del-beisbol-cubano\/","og_locale":"es_ES","og_type":"article","og_title":"El Meteoro se apaga: Braudilio Vinent rompe el silencio sobre el olvido y la tristeza de las glorias del b\u00e9isbol cubano - Cuballama Noticias","og_description":"El exlanzador Braudilio Vinent, \"El Meteoro de La Maya\", rompe el silencio y confiesa sentirse olvidado. Un video conmociona a Cuba.","og_url":"https:\/\/www.cuballama.com\/noticias\/el-meteoro-se-apaga-braudilio-vinent-rompe-el-silencio-sobre-el-olvido-y-la-tristeza-de-las-glorias-del-beisbol-cubano\/","og_site_name":"Cuballama Noticias","article_publisher":"https:\/\/www.facebook.com\/CubaLlama","article_published_time":"2025-10-26T17:45:23+00:00","article_modified_time":"2025-10-26T17:45:26+00:00","og_image":[{"width":1004,"height":590,"url":"https:\/\/cdn1.mediawpaccore.net\/wp-content\/uploads\/2025\/10\/24103307\/image-103.png","type":"image\/png"}],"author":"Roberto A.","twitter_card":"summary_large_image","twitter_creator":"@cuballama","twitter_site":"@cuballama","twitter_misc":{"Escrito por":"Roberto A.","Tiempo de lectura":"5 minutos"},"schema":{"@context":"https:\/\/schema.org","@graph":[{"@type":"Article","@id":"https:\/\/www.cuballama.com\/noticias\/el-meteoro-se-apaga-braudilio-vinent-rompe-el-silencio-sobre-el-olvido-y-la-tristeza-de-las-glorias-del-beisbol-cubano\/#article","isPartOf":{"@id":"https:\/\/www.cuballama.com\/noticias\/el-meteoro-se-apaga-braudilio-vinent-rompe-el-silencio-sobre-el-olvido-y-la-tristeza-de-las-glorias-del-beisbol-cubano\/"},"author":{"name":"Roberto A.","@id":"https:\/\/www.cuballama.com\/noticias\/#\/schema\/person\/a58502ed4146c8e9f83872e897c76cd2"},"headline":"El Meteoro se apaga: Braudilio Vinent rompe el silencio sobre el olvido y la tristeza de las glorias del b\u00e9isbol cubano","datePublished":"2025-10-26T17:45:23+00:00","dateModified":"2025-10-26T17:45:26+00:00","mainEntityOfPage":{"@id":"https:\/\/www.cuballama.com\/noticias\/el-meteoro-se-apaga-braudilio-vinent-rompe-el-silencio-sobre-el-olvido-y-la-tristeza-de-las-glorias-del-beisbol-cubano\/"},"wordCount":963,"commentCount":0,"publisher":{"@id":"https:\/\/www.cuballama.com\/noticias\/#organization"},"image":{"@id":"https:\/\/www.cuballama.com\/noticias\/el-meteoro-se-apaga-braudilio-vinent-rompe-el-silencio-sobre-el-olvido-y-la-tristeza-de-las-glorias-del-beisbol-cubano\/#primaryimage"},"thumbnailUrl":"https:\/\/cdn1.mediawpaccore.net\/wp-content\/uploads\/2025\/10\/24103307\/image-103.png","keywords":["abandono institucional","b\u00e9isbol cubano","Braudilio Vinent","Cuba","deporte revolucionario","deportistas retirados","Dporto Sports Media","glorias deportivas","Santiago de Cuba"],"articleSection":["Deportes","Noticias","Noticias de Cuba","Videos"],"inLanguage":"es","potentialAction":[{"@type":"CommentAction","name":"Comment","target":["https:\/\/www.cuballama.com\/noticias\/el-meteoro-se-apaga-braudilio-vinent-rompe-el-silencio-sobre-el-olvido-y-la-tristeza-de-las-glorias-del-beisbol-cubano\/#respond"]}]},{"@type":"WebPage","@id":"https:\/\/www.cuballama.com\/noticias\/el-meteoro-se-apaga-braudilio-vinent-rompe-el-silencio-sobre-el-olvido-y-la-tristeza-de-las-glorias-del-beisbol-cubano\/","url":"https:\/\/www.cuballama.com\/noticias\/el-meteoro-se-apaga-braudilio-vinent-rompe-el-silencio-sobre-el-olvido-y-la-tristeza-de-las-glorias-del-beisbol-cubano\/","name":"El Meteoro se apaga: Braudilio Vinent rompe el silencio sobre el olvido y la tristeza de las glorias del b\u00e9isbol cubano - Cuballama Noticias","isPartOf":{"@id":"https:\/\/www.cuballama.com\/noticias\/#website"},"primaryImageOfPage":{"@id":"https:\/\/www.cuballama.com\/noticias\/el-meteoro-se-apaga-braudilio-vinent-rompe-el-silencio-sobre-el-olvido-y-la-tristeza-de-las-glorias-del-beisbol-cubano\/#primaryimage"},"image":{"@id":"https:\/\/www.cuballama.com\/noticias\/el-meteoro-se-apaga-braudilio-vinent-rompe-el-silencio-sobre-el-olvido-y-la-tristeza-de-las-glorias-del-beisbol-cubano\/#primaryimage"},"thumbnailUrl":"https:\/\/cdn1.mediawpaccore.net\/wp-content\/uploads\/2025\/10\/24103307\/image-103.png","datePublished":"2025-10-26T17:45:23+00:00","dateModified":"2025-10-26T17:45:26+00:00","description":"El exlanzador Braudilio Vinent, \"El Meteoro de La Maya\", rompe el silencio y confiesa sentirse olvidado. Un video conmociona a Cuba.","breadcrumb":{"@id":"https:\/\/www.cuballama.com\/noticias\/el-meteoro-se-apaga-braudilio-vinent-rompe-el-silencio-sobre-el-olvido-y-la-tristeza-de-las-glorias-del-beisbol-cubano\/#breadcrumb"},"inLanguage":"es","potentialAction":[{"@type":"ReadAction","target":["https:\/\/www.cuballama.com\/noticias\/el-meteoro-se-apaga-braudilio-vinent-rompe-el-silencio-sobre-el-olvido-y-la-tristeza-de-las-glorias-del-beisbol-cubano\/"]}]},{"@type":"ImageObject","inLanguage":"es","@id":"https:\/\/www.cuballama.com\/noticias\/el-meteoro-se-apaga-braudilio-vinent-rompe-el-silencio-sobre-el-olvido-y-la-tristeza-de-las-glorias-del-beisbol-cubano\/#primaryimage","url":"https:\/\/cdn1.mediawpaccore.net\/wp-content\/uploads\/2025\/10\/24103307\/image-103.png","contentUrl":"https:\/\/cdn1.mediawpaccore.net\/wp-content\/uploads\/2025\/10\/24103307\/image-103.png","width":1004,"height":590,"caption":"Braudilio Vinent, imagen de archivo."},{"@type":"BreadcrumbList","@id":"https:\/\/www.cuballama.com\/noticias\/el-meteoro-se-apaga-braudilio-vinent-rompe-el-silencio-sobre-el-olvido-y-la-tristeza-de-las-glorias-del-beisbol-cubano\/#breadcrumb","itemListElement":[{"@type":"ListItem","position":1,"name":"Home","item":"https:\/\/www.cuballama.com\/noticias\/"},{"@type":"ListItem","position":2,"name":"El Meteoro se apaga: Braudilio Vinent rompe el silencio sobre el olvido y la tristeza de las glorias del b\u00e9isbol cubano"}]},{"@type":"WebSite","@id":"https:\/\/www.cuballama.com\/noticias\/#website","url":"https:\/\/www.cuballama.com\/noticias\/","name":"Cuballama Noticias","description":"Medio digital sobre Cuba y el mundo","publisher":{"@id":"https:\/\/www.cuballama.com\/noticias\/#organization"},"potentialAction":[{"@type":"SearchAction","target":{"@type":"EntryPoint","urlTemplate":"https:\/\/www.cuballama.com\/noticias\/?s={search_term_string}"},"query-input":{"@type":"PropertyValueSpecification","valueRequired":true,"valueName":"search_term_string"}}],"inLanguage":"es"},{"@type":"Organization","@id":"https:\/\/www.cuballama.com\/noticias\/#organization","name":"Cuballama","url":"https:\/\/www.cuballama.com\/noticias\/","logo":{"@type":"ImageObject","inLanguage":"es","@id":"https:\/\/www.cuballama.com\/noticias\/#\/schema\/logo\/image\/","url":"https:\/\/cdn1.mediawpaccore.net\/wp-content\/uploads\/2021\/12\/28171206\/cbll-logo-color-sm.png","contentUrl":"https:\/\/cdn1.mediawpaccore.net\/wp-content\/uploads\/2021\/12\/28171206\/cbll-logo-color-sm.png","width":600,"height":133,"caption":"Cuballama"},"image":{"@id":"https:\/\/www.cuballama.com\/noticias\/#\/schema\/logo\/image\/"},"sameAs":["https:\/\/www.facebook.com\/CubaLlama","https:\/\/x.com\/cuballama","https:\/\/www.instagram.com\/stories\/cuballama_oficial\/","https:\/\/www.youtube.com\/channel\/UCKkFE-d_axENGZcrc4as0IA"]},{"@type":"Person","@id":"https:\/\/www.cuballama.com\/noticias\/#\/schema\/person\/a58502ed4146c8e9f83872e897c76cd2","name":"Roberto A.","description":"Roberto A. Periodista por decisi\u00f3n propia. Interesado en cualquier tema que me apasione y cada vez m\u00e1s comprometido con la verdad y la objetividad period\u00edstica. Graduado en La Habana hace ya muchos a\u00f1os, luego de una accidentada y polvorienta b\u00fasqueda de informaci\u00f3n sobre un tema in\u00e9dito. La Tesis, por cierto, desapareci\u00f3 de la biblioteca y no se conservan copias de la misma.","url":"https:\/\/www.cuballama.com\/noticias\/author\/roberto\/"}]}},"_links":{"self":[{"href":"https:\/\/www.cuballama.com\/noticias\/wp-json\/wp\/v2\/posts\/223785","targetHints":{"allow":["GET"]}}],"collection":[{"href":"https:\/\/www.cuballama.com\/noticias\/wp-json\/wp\/v2\/posts"}],"about":[{"href":"https:\/\/www.cuballama.com\/noticias\/wp-json\/wp\/v2\/types\/post"}],"author":[{"embeddable":true,"href":"https:\/\/www.cuballama.com\/noticias\/wp-json\/wp\/v2\/users\/13"}],"replies":[{"embeddable":true,"href":"https:\/\/www.cuballama.com\/noticias\/wp-json\/wp\/v2\/comments?post=223785"}],"version-history":[{"count":4,"href":"https:\/\/www.cuballama.com\/noticias\/wp-json\/wp\/v2\/posts\/223785\/revisions"}],"predecessor-version":[{"id":223812,"href":"https:\/\/www.cuballama.com\/noticias\/wp-json\/wp\/v2\/posts\/223785\/revisions\/223812"}],"wp:featuredmedia":[{"embeddable":true,"href":"https:\/\/www.cuballama.com\/noticias\/wp-json\/wp\/v2\/media\/223809"}],"wp:attachment":[{"href":"https:\/\/www.cuballama.com\/noticias\/wp-json\/wp\/v2\/media?parent=223785"}],"wp:term":[{"taxonomy":"category","embeddable":true,"href":"https:\/\/www.cuballama.com\/noticias\/wp-json\/wp\/v2\/categories?post=223785"},{"taxonomy":"post_tag","embeddable":true,"href":"https:\/\/www.cuballama.com\/noticias\/wp-json\/wp\/v2\/tags?post=223785"}],"curies":[{"name":"wp","href":"https:\/\/api.w.org\/{rel}","templated":true}]}}