{"id":223625,"date":"2025-10-23T08:13:12","date_gmt":"2025-10-23T12:13:12","guid":{"rendered":"https:\/\/www.cuballama.com\/noticias\/?p=223625"},"modified":"2025-10-23T09:22:55","modified_gmt":"2025-10-23T13:22:55","slug":"minint-se-pronuncia-sobre-adolescente-baleado-por-policia-en-camaguey","status":"publish","type":"post","link":"https:\/\/www.cuballama.com\/noticias\/minint-se-pronuncia-sobre-adolescente-baleado-por-policia-en-camaguey\/","title":{"rendered":"Minint se pronuncia sobre adolescente baleado por polic\u00eda en Camag\u00fcey"},"content":{"rendered":"\n<p>Un adolescente cubano de 14 a\u00f1os se encuentra hospitalizado tras recibir un disparo de un polic\u00eda en horas de la noche del pasado martes en la ciudad de Camag\u00fcey, seg\u00fan confirm\u00f3 una nota del Ministerio del Interior (Minint) compartida por la televisi\u00f3n local en redes sociales.<\/p>\n\n\n\n<p>El comunicado oficial, que calific\u00f3 a la prensa independiente como \u201ccibermercenarios que generan campa\u00f1as difamatorias y subversivas contra las autoridades cubanas\u201d, asegur\u00f3 que el \u201clamentable\u201d incidente se trat\u00f3 de un accidente en el que el oficial tambi\u00e9n result\u00f3 herido.<\/p>\n\n\n\n<p>\u201cPreliminarmente se ha conocido que de manera accidental un agente del orden y el menor resultaron heridos cuando se le escap\u00f3 un disparo al propio oficial de su arma reglamentaria\u201d, apunt\u00f3 el texto.<\/p>\n\n\n\n<iframe loading=\"lazy\" src=\"https:\/\/www.facebook.com\/plugins\/post.php?href=https%3A%2F%2Fwww.facebook.com%2FMarioJPenton%2Fposts%2Fpfbid0MnZvKRLxQys8NRVkibNLK9FcvhQmA2CHRJWVYCn36z5MF5tEKEN7huZDTQZhTakgl&#038;show_text=true&#038;width=500\" width=\"500\" height=\"500\" style=\"border:none;overflow:hidden\" scrolling=\"no\" frameborder=\"0\" allowfullscreen=\"true\" allow=\"autoplay; clipboard-write; encrypted-media; picture-in-picture; web-share\"><\/iframe>\n\n\n\n<p>El Minint aclar\u00f3 asimismo que el menor herido, \u201ccontrolado por su p\u00e9sima conducta social\u201d, \u201cportaba un arma blanca y se resisti\u00f3 a la detenci\u00f3n\u201d.<\/p>\n\n\n\n<p>\u201cInmediatamente el menor recibi\u00f3 atenci\u00f3n m\u00e9dica en el Hospital Provincial Infantil Eduardo Agramonte Pi\u00f1a, con acompa\u00f1amiento a la familia en el centro hospitalario\u201d, a\u00f1adi\u00f3 la versi\u00f3n oficial.<\/p>\n\n\n\n<p>\u201cFue intervenido quir\u00fargicamente, est\u00e1 consciente y su vida no corre peligro\u201d, se\u00f1al\u00f3 el texto al recalcar que \u201cel agente del orden tambi\u00e9n recibi\u00f3 asistencia m\u00e9dica\u201d.<\/p>\n\n\n\n<p>Igualmente trascendi\u00f3 que en el momento de la detenci\u00f3n el adolescente no llevaba consigo documentos de identificaci\u00f3n.<\/p>\n\n\n\n<iframe loading=\"lazy\" src=\"https:\/\/www.facebook.com\/plugins\/post.php?href=https%3A%2F%2Fwww.facebook.com%2Fjseluis.tanestrada%2Fposts%2Fpfbid0VH7eVqSCQ9EVhp5oJPdXxAsSJkQW5cSRRhrWvNmLNxZ4ApjtBwemZ1xQc2az8YbRl&#038;show_text=true&#038;width=500\" width=\"500\" height=\"561\" style=\"border:none;overflow:hidden\" scrolling=\"no\" frameborder=\"0\" allowfullscreen=\"true\" allow=\"autoplay; clipboard-write; encrypted-media; picture-in-picture; web-share\"><\/iframe>\n\n\n\n<p>Si bien el Minint resalt\u00f3 que \u201ccontin\u00faan las investigaciones para el total esclarecimiento del hecho\u201d, insisti\u00f3 en que la v\u00edctima es monitoreada por el Consejo de Atenci\u00f3n a Menores Provincial de Camag\u00fcey \u201cpor sistem\u00e1ticas transgresiones de la ley, con hechos que se tipifican como delitos\u201d.<\/p>\n\n\n\n<p>De acuerdo con varios testimonios citados por el periodista independiente camag\u00fceyano Jos\u00e9 Luis Tan Estrada, el disparo accidental se produjo durante \u201cun forcejeo entre el polic\u00eda y el ni\u00f1o\u201d.\u00a0<\/p>\n\n\n\n<p>\u201cEl proyectil alcanz\u00f3 al menor, aunque sin comprometer \u00f3rganos vitales\u201d; en tanto \u201cel agente sufri\u00f3 una lesi\u00f3n en la mano, causada por el trayecto del proyectil\u201d, detall\u00f3 el reportero.<\/p>\n\n\n\n<p>No obstante, una fuente especializada declar\u00f3 al propio Tan Estrada que, \u201cpara que un arma de fuego se dispare, primero el agente debe sacarla de su funda, cargarla (montar el arma) y presionar el gatillo. Cada uno de esos pasos requiere una acci\u00f3n consciente. Eso indica que hubo intenci\u00f3n de apuntar o, al menos, de usar el arma como forma de intimidaci\u00f3n\u201d.<\/p>\n","protected":false},"excerpt":{"rendered":"<p>Las autoridades confirmaron que tanto el menor como el agente resultaron heridos.<\/p>\n","protected":false},"author":30,"featured_media":223638,"comment_status":"open","ping_status":"closed","sticky":false,"template":"","format":"standard","meta":{"_acf_changed":false,"footnotes":""},"categories":[18,955],"tags":[19636,27673,2171,941,878,13395,12615],"class_list":{"0":"post-223625","1":"post","2":"type-post","3":"status-publish","4":"format-standard","5":"has-post-thumbnail","7":"category-noticias","8":"category-noticias-de-cuba","9":"tag-adolescente-cubano","10":"tag-arma-de-fuego","11":"tag-camaguey","12":"tag-destacado","13":"tag-disparos","14":"tag-joven-baleado","15":"tag-policia-cubano"},"acf":[],"yoast_head":"<!-- This site is optimized with the Yoast SEO plugin v27.5 - https:\/\/yoast.com\/product\/yoast-seo-wordpress\/ -->\n<title>Minint se pronuncia sobre adolescente baleado por polic\u00eda en Camag\u00fcey - Cuballama Noticias<\/title>\n<meta name=\"description\" content=\"Un adolescente de 14 a\u00f1os fue hospitalizado tras recibir un disparo de un polic\u00eda el pasado martes en la ciudad de Camag\u00fcey.\" \/>\n<meta name=\"robots\" content=\"index, follow, max-snippet:-1, max-image-preview:large, max-video-preview:-1\" \/>\n<link rel=\"canonical\" href=\"https:\/\/www.cuballama.com\/noticias\/minint-se-pronuncia-sobre-adolescente-baleado-por-policia-en-camaguey\/\" \/>\n<meta property=\"og:locale\" content=\"es_ES\" \/>\n<meta property=\"og:type\" content=\"article\" \/>\n<meta property=\"og:title\" content=\"Minint se pronuncia sobre adolescente baleado por polic\u00eda en Camag\u00fcey - Cuballama Noticias\" \/>\n<meta property=\"og:description\" content=\"Un adolescente de 14 a\u00f1os fue hospitalizado tras recibir un disparo de un polic\u00eda el pasado martes en la ciudad de Camag\u00fcey.\" \/>\n<meta property=\"og:url\" content=\"https:\/\/www.cuballama.com\/noticias\/minint-se-pronuncia-sobre-adolescente-baleado-por-policia-en-camaguey\/\" \/>\n<meta property=\"og:site_name\" content=\"Cuballama Noticias\" \/>\n<meta property=\"article:publisher\" content=\"https:\/\/www.facebook.com\/CubaLlama\" \/>\n<meta property=\"article:published_time\" content=\"2025-10-23T12:13:12+00:00\" \/>\n<meta property=\"article:modified_time\" content=\"2025-10-23T13:22:55+00:00\" \/>\n<meta property=\"og:image\" content=\"https:\/\/cdn1.mediawpaccore.net\/wp-content\/uploads\/2025\/10\/23080712\/565310837_2665998527094045_509659747659108364_n1.jpg\" \/>\n\t<meta property=\"og:image:width\" content=\"1200\" \/>\n\t<meta property=\"og:image:height\" content=\"630\" \/>\n\t<meta property=\"og:image:type\" content=\"image\/jpeg\" \/>\n<meta name=\"author\" content=\"Kathy\" \/>\n<meta name=\"twitter:card\" content=\"summary_large_image\" \/>\n<meta name=\"twitter:creator\" content=\"@cuballama\" \/>\n<meta name=\"twitter:site\" content=\"@cuballama\" \/>\n<meta name=\"twitter:label1\" content=\"Escrito por\" \/>\n\t<meta name=\"twitter:data1\" content=\"Kathy\" \/>\n\t<meta name=\"twitter:label2\" content=\"Tiempo de lectura\" \/>\n\t<meta name=\"twitter:data2\" content=\"2 minutos\" \/>\n<script type=\"application\/ld+json\" class=\"yoast-schema-graph\">{\"@context\":\"https:\\\/\\\/schema.org\",\"@graph\":[{\"@type\":\"Article\",\"@id\":\"https:\\\/\\\/www.cuballama.com\\\/noticias\\\/minint-se-pronuncia-sobre-adolescente-baleado-por-policia-en-camaguey\\\/#article\",\"isPartOf\":{\"@id\":\"https:\\\/\\\/www.cuballama.com\\\/noticias\\\/minint-se-pronuncia-sobre-adolescente-baleado-por-policia-en-camaguey\\\/\"},\"author\":{\"name\":\"Kathy\",\"@id\":\"https:\\\/\\\/www.cuballama.com\\\/noticias\\\/#\\\/schema\\\/person\\\/86cd3e3f4974437f031211213bf892d5\"},\"headline\":\"Minint se pronuncia sobre adolescente baleado por polic\u00eda en Camag\u00fcey\",\"datePublished\":\"2025-10-23T12:13:12+00:00\",\"dateModified\":\"2025-10-23T13:22:55+00:00\",\"mainEntityOfPage\":{\"@id\":\"https:\\\/\\\/www.cuballama.com\\\/noticias\\\/minint-se-pronuncia-sobre-adolescente-baleado-por-policia-en-camaguey\\\/\"},\"wordCount\":420,\"commentCount\":0,\"publisher\":{\"@id\":\"https:\\\/\\\/www.cuballama.com\\\/noticias\\\/#organization\"},\"image\":{\"@id\":\"https:\\\/\\\/www.cuballama.com\\\/noticias\\\/minint-se-pronuncia-sobre-adolescente-baleado-por-policia-en-camaguey\\\/#primaryimage\"},\"thumbnailUrl\":\"https:\\\/\\\/cdn1.mediawpaccore.net\\\/wp-content\\\/uploads\\\/2025\\\/10\\\/23080712\\\/565310837_2665998527094045_509659747659108364_n1.jpg\",\"keywords\":[\"adolescente cubano\",\"arma de fuego\",\"Camag\u00fcey\",\"destacado\",\"Disparos\",\"joven baleado\",\"polic\u00eda cubano\"],\"articleSection\":[\"Noticias\",\"Noticias de Cuba\"],\"inLanguage\":\"es\",\"potentialAction\":[{\"@type\":\"CommentAction\",\"name\":\"Comment\",\"target\":[\"https:\\\/\\\/www.cuballama.com\\\/noticias\\\/minint-se-pronuncia-sobre-adolescente-baleado-por-policia-en-camaguey\\\/#respond\"]}]},{\"@type\":\"WebPage\",\"@id\":\"https:\\\/\\\/www.cuballama.com\\\/noticias\\\/minint-se-pronuncia-sobre-adolescente-baleado-por-policia-en-camaguey\\\/\",\"url\":\"https:\\\/\\\/www.cuballama.com\\\/noticias\\\/minint-se-pronuncia-sobre-adolescente-baleado-por-policia-en-camaguey\\\/\",\"name\":\"Minint se pronuncia sobre adolescente baleado por polic\u00eda en Camag\u00fcey - Cuballama Noticias\",\"isPartOf\":{\"@id\":\"https:\\\/\\\/www.cuballama.com\\\/noticias\\\/#website\"},\"primaryImageOfPage\":{\"@id\":\"https:\\\/\\\/www.cuballama.com\\\/noticias\\\/minint-se-pronuncia-sobre-adolescente-baleado-por-policia-en-camaguey\\\/#primaryimage\"},\"image\":{\"@id\":\"https:\\\/\\\/www.cuballama.com\\\/noticias\\\/minint-se-pronuncia-sobre-adolescente-baleado-por-policia-en-camaguey\\\/#primaryimage\"},\"thumbnailUrl\":\"https:\\\/\\\/cdn1.mediawpaccore.net\\\/wp-content\\\/uploads\\\/2025\\\/10\\\/23080712\\\/565310837_2665998527094045_509659747659108364_n1.jpg\",\"datePublished\":\"2025-10-23T12:13:12+00:00\",\"dateModified\":\"2025-10-23T13:22:55+00:00\",\"description\":\"Un adolescente de 14 a\u00f1os fue hospitalizado tras recibir un disparo de un polic\u00eda el pasado martes en la ciudad de Camag\u00fcey.\",\"breadcrumb\":{\"@id\":\"https:\\\/\\\/www.cuballama.com\\\/noticias\\\/minint-se-pronuncia-sobre-adolescente-baleado-por-policia-en-camaguey\\\/#breadcrumb\"},\"inLanguage\":\"es\",\"potentialAction\":[{\"@type\":\"ReadAction\",\"target\":[\"https:\\\/\\\/www.cuballama.com\\\/noticias\\\/minint-se-pronuncia-sobre-adolescente-baleado-por-policia-en-camaguey\\\/\"]}]},{\"@type\":\"ImageObject\",\"inLanguage\":\"es\",\"@id\":\"https:\\\/\\\/www.cuballama.com\\\/noticias\\\/minint-se-pronuncia-sobre-adolescente-baleado-por-policia-en-camaguey\\\/#primaryimage\",\"url\":\"https:\\\/\\\/cdn1.mediawpaccore.net\\\/wp-content\\\/uploads\\\/2025\\\/10\\\/23080712\\\/565310837_2665998527094045_509659747659108364_n1.jpg\",\"contentUrl\":\"https:\\\/\\\/cdn1.mediawpaccore.net\\\/wp-content\\\/uploads\\\/2025\\\/10\\\/23080712\\\/565310837_2665998527094045_509659747659108364_n1.jpg\",\"width\":1200,\"height\":630,\"caption\":\"Polic\u00eda dispara accidentalmente a adolescente en Camag\u00fcey. Foto: Facebook\\\/Jos\u00e9 Luis Tan Estrada.\"},{\"@type\":\"BreadcrumbList\",\"@id\":\"https:\\\/\\\/www.cuballama.com\\\/noticias\\\/minint-se-pronuncia-sobre-adolescente-baleado-por-policia-en-camaguey\\\/#breadcrumb\",\"itemListElement\":[{\"@type\":\"ListItem\",\"position\":1,\"name\":\"Home\",\"item\":\"https:\\\/\\\/www.cuballama.com\\\/noticias\\\/\"},{\"@type\":\"ListItem\",\"position\":2,\"name\":\"Minint se pronuncia sobre adolescente baleado por polic\u00eda en Camag\u00fcey\"}]},{\"@type\":\"WebSite\",\"@id\":\"https:\\\/\\\/www.cuballama.com\\\/noticias\\\/#website\",\"url\":\"https:\\\/\\\/www.cuballama.com\\\/noticias\\\/\",\"name\":\"Cuballama Noticias\",\"description\":\"Medio digital sobre Cuba y el mundo\",\"publisher\":{\"@id\":\"https:\\\/\\\/www.cuballama.com\\\/noticias\\\/#organization\"},\"potentialAction\":[{\"@type\":\"SearchAction\",\"target\":{\"@type\":\"EntryPoint\",\"urlTemplate\":\"https:\\\/\\\/www.cuballama.com\\\/noticias\\\/?s={search_term_string}\"},\"query-input\":{\"@type\":\"PropertyValueSpecification\",\"valueRequired\":true,\"valueName\":\"search_term_string\"}}],\"inLanguage\":\"es\"},{\"@type\":\"Organization\",\"@id\":\"https:\\\/\\\/www.cuballama.com\\\/noticias\\\/#organization\",\"name\":\"Cuballama\",\"url\":\"https:\\\/\\\/www.cuballama.com\\\/noticias\\\/\",\"logo\":{\"@type\":\"ImageObject\",\"inLanguage\":\"es\",\"@id\":\"https:\\\/\\\/www.cuballama.com\\\/noticias\\\/#\\\/schema\\\/logo\\\/image\\\/\",\"url\":\"https:\\\/\\\/cdn1.mediawpaccore.net\\\/wp-content\\\/uploads\\\/2021\\\/12\\\/28171206\\\/cbll-logo-color-sm.png\",\"contentUrl\":\"https:\\\/\\\/cdn1.mediawpaccore.net\\\/wp-content\\\/uploads\\\/2021\\\/12\\\/28171206\\\/cbll-logo-color-sm.png\",\"width\":600,\"height\":133,\"caption\":\"Cuballama\"},\"image\":{\"@id\":\"https:\\\/\\\/www.cuballama.com\\\/noticias\\\/#\\\/schema\\\/logo\\\/image\\\/\"},\"sameAs\":[\"https:\\\/\\\/www.facebook.com\\\/CubaLlama\",\"https:\\\/\\\/x.com\\\/cuballama\",\"https:\\\/\\\/www.instagram.com\\\/stories\\\/cuballama_oficial\\\/\",\"https:\\\/\\\/www.youtube.com\\\/channel\\\/UCKkFE-d_axENGZcrc4as0IA\"]},{\"@type\":\"Person\",\"@id\":\"https:\\\/\\\/www.cuballama.com\\\/noticias\\\/#\\\/schema\\\/person\\\/86cd3e3f4974437f031211213bf892d5\",\"name\":\"Kathy\",\"url\":\"https:\\\/\\\/www.cuballama.com\\\/noticias\\\/author\\\/kathy\\\/\"}]}<\/script>\n<!-- \/ Yoast SEO plugin. -->","yoast_head_json":{"title":"Minint se pronuncia sobre adolescente baleado por polic\u00eda en Camag\u00fcey - Cuballama Noticias","description":"Un adolescente de 14 a\u00f1os fue hospitalizado tras recibir un disparo de un polic\u00eda el pasado martes en la ciudad de Camag\u00fcey.","robots":{"index":"index","follow":"follow","max-snippet":"max-snippet:-1","max-image-preview":"max-image-preview:large","max-video-preview":"max-video-preview:-1"},"canonical":"https:\/\/www.cuballama.com\/noticias\/minint-se-pronuncia-sobre-adolescente-baleado-por-policia-en-camaguey\/","og_locale":"es_ES","og_type":"article","og_title":"Minint se pronuncia sobre adolescente baleado por polic\u00eda en Camag\u00fcey - Cuballama Noticias","og_description":"Un adolescente de 14 a\u00f1os fue hospitalizado tras recibir un disparo de un polic\u00eda el pasado martes en la ciudad de Camag\u00fcey.","og_url":"https:\/\/www.cuballama.com\/noticias\/minint-se-pronuncia-sobre-adolescente-baleado-por-policia-en-camaguey\/","og_site_name":"Cuballama Noticias","article_publisher":"https:\/\/www.facebook.com\/CubaLlama","article_published_time":"2025-10-23T12:13:12+00:00","article_modified_time":"2025-10-23T13:22:55+00:00","og_image":[{"width":1200,"height":630,"url":"https:\/\/cdn1.mediawpaccore.net\/wp-content\/uploads\/2025\/10\/23080712\/565310837_2665998527094045_509659747659108364_n1.jpg","type":"image\/jpeg"}],"author":"Kathy","twitter_card":"summary_large_image","twitter_creator":"@cuballama","twitter_site":"@cuballama","twitter_misc":{"Escrito por":"Kathy","Tiempo de lectura":"2 minutos"},"schema":{"@context":"https:\/\/schema.org","@graph":[{"@type":"Article","@id":"https:\/\/www.cuballama.com\/noticias\/minint-se-pronuncia-sobre-adolescente-baleado-por-policia-en-camaguey\/#article","isPartOf":{"@id":"https:\/\/www.cuballama.com\/noticias\/minint-se-pronuncia-sobre-adolescente-baleado-por-policia-en-camaguey\/"},"author":{"name":"Kathy","@id":"https:\/\/www.cuballama.com\/noticias\/#\/schema\/person\/86cd3e3f4974437f031211213bf892d5"},"headline":"Minint se pronuncia sobre adolescente baleado por polic\u00eda en Camag\u00fcey","datePublished":"2025-10-23T12:13:12+00:00","dateModified":"2025-10-23T13:22:55+00:00","mainEntityOfPage":{"@id":"https:\/\/www.cuballama.com\/noticias\/minint-se-pronuncia-sobre-adolescente-baleado-por-policia-en-camaguey\/"},"wordCount":420,"commentCount":0,"publisher":{"@id":"https:\/\/www.cuballama.com\/noticias\/#organization"},"image":{"@id":"https:\/\/www.cuballama.com\/noticias\/minint-se-pronuncia-sobre-adolescente-baleado-por-policia-en-camaguey\/#primaryimage"},"thumbnailUrl":"https:\/\/cdn1.mediawpaccore.net\/wp-content\/uploads\/2025\/10\/23080712\/565310837_2665998527094045_509659747659108364_n1.jpg","keywords":["adolescente cubano","arma de fuego","Camag\u00fcey","destacado","Disparos","joven baleado","polic\u00eda cubano"],"articleSection":["Noticias","Noticias de Cuba"],"inLanguage":"es","potentialAction":[{"@type":"CommentAction","name":"Comment","target":["https:\/\/www.cuballama.com\/noticias\/minint-se-pronuncia-sobre-adolescente-baleado-por-policia-en-camaguey\/#respond"]}]},{"@type":"WebPage","@id":"https:\/\/www.cuballama.com\/noticias\/minint-se-pronuncia-sobre-adolescente-baleado-por-policia-en-camaguey\/","url":"https:\/\/www.cuballama.com\/noticias\/minint-se-pronuncia-sobre-adolescente-baleado-por-policia-en-camaguey\/","name":"Minint se pronuncia sobre adolescente baleado por polic\u00eda en Camag\u00fcey - Cuballama Noticias","isPartOf":{"@id":"https:\/\/www.cuballama.com\/noticias\/#website"},"primaryImageOfPage":{"@id":"https:\/\/www.cuballama.com\/noticias\/minint-se-pronuncia-sobre-adolescente-baleado-por-policia-en-camaguey\/#primaryimage"},"image":{"@id":"https:\/\/www.cuballama.com\/noticias\/minint-se-pronuncia-sobre-adolescente-baleado-por-policia-en-camaguey\/#primaryimage"},"thumbnailUrl":"https:\/\/cdn1.mediawpaccore.net\/wp-content\/uploads\/2025\/10\/23080712\/565310837_2665998527094045_509659747659108364_n1.jpg","datePublished":"2025-10-23T12:13:12+00:00","dateModified":"2025-10-23T13:22:55+00:00","description":"Un adolescente de 14 a\u00f1os fue hospitalizado tras recibir un disparo de un polic\u00eda el pasado martes en la ciudad de Camag\u00fcey.","breadcrumb":{"@id":"https:\/\/www.cuballama.com\/noticias\/minint-se-pronuncia-sobre-adolescente-baleado-por-policia-en-camaguey\/#breadcrumb"},"inLanguage":"es","potentialAction":[{"@type":"ReadAction","target":["https:\/\/www.cuballama.com\/noticias\/minint-se-pronuncia-sobre-adolescente-baleado-por-policia-en-camaguey\/"]}]},{"@type":"ImageObject","inLanguage":"es","@id":"https:\/\/www.cuballama.com\/noticias\/minint-se-pronuncia-sobre-adolescente-baleado-por-policia-en-camaguey\/#primaryimage","url":"https:\/\/cdn1.mediawpaccore.net\/wp-content\/uploads\/2025\/10\/23080712\/565310837_2665998527094045_509659747659108364_n1.jpg","contentUrl":"https:\/\/cdn1.mediawpaccore.net\/wp-content\/uploads\/2025\/10\/23080712\/565310837_2665998527094045_509659747659108364_n1.jpg","width":1200,"height":630,"caption":"Polic\u00eda dispara accidentalmente a adolescente en Camag\u00fcey. Foto: Facebook\/Jos\u00e9 Luis Tan Estrada."},{"@type":"BreadcrumbList","@id":"https:\/\/www.cuballama.com\/noticias\/minint-se-pronuncia-sobre-adolescente-baleado-por-policia-en-camaguey\/#breadcrumb","itemListElement":[{"@type":"ListItem","position":1,"name":"Home","item":"https:\/\/www.cuballama.com\/noticias\/"},{"@type":"ListItem","position":2,"name":"Minint se pronuncia sobre adolescente baleado por polic\u00eda en Camag\u00fcey"}]},{"@type":"WebSite","@id":"https:\/\/www.cuballama.com\/noticias\/#website","url":"https:\/\/www.cuballama.com\/noticias\/","name":"Cuballama Noticias","description":"Medio digital sobre Cuba y el mundo","publisher":{"@id":"https:\/\/www.cuballama.com\/noticias\/#organization"},"potentialAction":[{"@type":"SearchAction","target":{"@type":"EntryPoint","urlTemplate":"https:\/\/www.cuballama.com\/noticias\/?s={search_term_string}"},"query-input":{"@type":"PropertyValueSpecification","valueRequired":true,"valueName":"search_term_string"}}],"inLanguage":"es"},{"@type":"Organization","@id":"https:\/\/www.cuballama.com\/noticias\/#organization","name":"Cuballama","url":"https:\/\/www.cuballama.com\/noticias\/","logo":{"@type":"ImageObject","inLanguage":"es","@id":"https:\/\/www.cuballama.com\/noticias\/#\/schema\/logo\/image\/","url":"https:\/\/cdn1.mediawpaccore.net\/wp-content\/uploads\/2021\/12\/28171206\/cbll-logo-color-sm.png","contentUrl":"https:\/\/cdn1.mediawpaccore.net\/wp-content\/uploads\/2021\/12\/28171206\/cbll-logo-color-sm.png","width":600,"height":133,"caption":"Cuballama"},"image":{"@id":"https:\/\/www.cuballama.com\/noticias\/#\/schema\/logo\/image\/"},"sameAs":["https:\/\/www.facebook.com\/CubaLlama","https:\/\/x.com\/cuballama","https:\/\/www.instagram.com\/stories\/cuballama_oficial\/","https:\/\/www.youtube.com\/channel\/UCKkFE-d_axENGZcrc4as0IA"]},{"@type":"Person","@id":"https:\/\/www.cuballama.com\/noticias\/#\/schema\/person\/86cd3e3f4974437f031211213bf892d5","name":"Kathy","url":"https:\/\/www.cuballama.com\/noticias\/author\/kathy\/"}]}},"_links":{"self":[{"href":"https:\/\/www.cuballama.com\/noticias\/wp-json\/wp\/v2\/posts\/223625","targetHints":{"allow":["GET"]}}],"collection":[{"href":"https:\/\/www.cuballama.com\/noticias\/wp-json\/wp\/v2\/posts"}],"about":[{"href":"https:\/\/www.cuballama.com\/noticias\/wp-json\/wp\/v2\/types\/post"}],"author":[{"embeddable":true,"href":"https:\/\/www.cuballama.com\/noticias\/wp-json\/wp\/v2\/users\/30"}],"replies":[{"embeddable":true,"href":"https:\/\/www.cuballama.com\/noticias\/wp-json\/wp\/v2\/comments?post=223625"}],"version-history":[{"count":6,"href":"https:\/\/www.cuballama.com\/noticias\/wp-json\/wp\/v2\/posts\/223625\/revisions"}],"predecessor-version":[{"id":223641,"href":"https:\/\/www.cuballama.com\/noticias\/wp-json\/wp\/v2\/posts\/223625\/revisions\/223641"}],"wp:featuredmedia":[{"embeddable":true,"href":"https:\/\/www.cuballama.com\/noticias\/wp-json\/wp\/v2\/media\/223638"}],"wp:attachment":[{"href":"https:\/\/www.cuballama.com\/noticias\/wp-json\/wp\/v2\/media?parent=223625"}],"wp:term":[{"taxonomy":"category","embeddable":true,"href":"https:\/\/www.cuballama.com\/noticias\/wp-json\/wp\/v2\/categories?post=223625"},{"taxonomy":"post_tag","embeddable":true,"href":"https:\/\/www.cuballama.com\/noticias\/wp-json\/wp\/v2\/tags?post=223625"}],"curies":[{"name":"wp","href":"https:\/\/api.w.org\/{rel}","templated":true}]}}