{"id":223616,"date":"2025-10-22T16:16:28","date_gmt":"2025-10-22T20:16:28","guid":{"rendered":"https:\/\/www.cuballama.com\/noticias\/?p=223616"},"modified":"2025-10-22T16:16:31","modified_gmt":"2025-10-22T20:16:31","slug":"trayectoria-de-tormenta-tropical-melissa-eleva-riesgo-para-cuba","status":"publish","type":"post","link":"https:\/\/www.cuballama.com\/noticias\/trayectoria-de-tormenta-tropical-melissa-eleva-riesgo-para-cuba\/","title":{"rendered":"Trayectoria de tormenta tropical Melissa eleva riesgo para Cuba"},"content":{"rendered":"\n<p>La <strong>tormenta tropical Melissa<\/strong> sigue organiz\u00e1ndose sobre las aguas muy c\u00e1lidas del <strong>Caribe central<\/strong> y, de acuerdo con los modelos actuales, podr\u00eda escalar a <strong>hurac\u00e1n mayor (categor\u00eda 3 o m\u00e1s)<\/strong> durante el fin de semana mientras avanza hacia el cuadrante <strong>sur de Cuba<\/strong>.<\/p>\n\n\n\n<p>El <strong><a href=\"https:\/\/www.nhc.noaa.gov\/refresh\/graphics_at3+shtml\/221738.shtml?cone#contents\" target=\"_blank\" rel=\"noreferrer noopener\">Centro Nacional de Huracanes (NHC)<\/a><\/strong> report\u00f3 un <strong>cambio de trayectoria<\/strong> menos favorable para la Isla: el sistema tender\u00eda a internarse m\u00e1s en el Caribe tras pasar al <strong>sur de Jamaica<\/strong>, un escenario que vuelve los pron\u00f3sticos<strong><a href=\"https:\/\/www.cuballama.com\/noticias\/cuba-debe-monitorear-posible-tormenta-tropical-en-el-mar-caribe\/\" target=\"_blank\" rel=\"noreferrer noopener\"> m\u00e1s peligrosos para Cuba<\/a><\/strong>.<\/p>\n\n\n\n<p>Aunque el cicl\u00f3n todav\u00eda presenta cierta <strong>desorganizaci\u00f3n<\/strong>, el NHC anticipa <strong>fortalecimiento gradual<\/strong> y <strong>categor\u00eda de hurac\u00e1n<\/strong> para el <strong>viernes<\/strong>, con posibilidades de <strong>intensificaci\u00f3n r\u00e1pida<\/strong> de cara al <strong>domingo<\/strong>, cuando podr\u00eda alcanzar gran intensidad.<\/p>\n\n\n\n<p>La <strong>ruta actualizada<\/strong> coloca el <strong>centro<\/strong> m\u00e1s al <strong>sur de Jamaica<\/strong>, lo que <strong>eleva el riesgo<\/strong> para Cuba en los pr\u00f3ximos d\u00edas. En el parte de esta ma\u00f1ana, aviones de reconocimiento situaron a <strong>Melissa cerca de 14.3\u00b0N, 74.0\u00b0O<\/strong>, desplaz\u00e1ndose <strong>muy lentamente<\/strong> hacia el <strong>oeste<\/strong> a <strong>2 mph (4 km\/h)<\/strong>, con <strong>vientos m\u00e1ximos sostenidos de 50 mph (85 km\/h)<\/strong> y <strong>presi\u00f3n m\u00ednima de 1000 mb<\/strong>. Los <strong>vientos de tormenta tropical<\/strong> se extienden hasta <strong>115 millas (185 km)<\/strong> del centro.<\/p>\n\n\n\n<p>A <strong>corto plazo<\/strong>, se prev\u00e9 que mantenga <strong>poca velocidad de traslaci\u00f3n<\/strong>, con un <strong>giro paulatino<\/strong> al <strong>noroeste<\/strong> y <strong>norte<\/strong> en 48 horas, seguido por un <strong>retorno al oeste<\/strong> el fin de semana. Bajo este patr\u00f3n, el sistema se acercar\u00eda a <strong>Jamaica<\/strong> y al <strong>suroeste de Hait\u00ed<\/strong> hacia el final de la semana, y luego se mover\u00eda por el <strong>Caribe occidental<\/strong> con mayor organizaci\u00f3n e intensidad.<\/p>\n\n\n\n<p>Las <strong>bandas de lluvia<\/strong> de Melissa ya generan acumulados importantes con <strong>peligro de inundaciones y deslizamientos<\/strong> en sectores de <strong>La Espa\u00f1ola (Hait\u00ed y Rep\u00fablica Dominicana)<\/strong> y <strong>Jamaica<\/strong> durante el resto de la semana.<\/p>\n\n\n\n<p>Con una <strong>trayectoria m\u00e1s meridional<\/strong> y un <strong>entorno oce\u00e1nico muy favorable<\/strong>, los pron\u00f3sticos de camino \u201c<strong>son ahora m\u00e1s peligrosos para Cuba<\/strong>\u201d, en especial para zonas del <strong>occidente<\/strong> y el <strong>centro-sur<\/strong> si el campo de vientos y las bandas convectivas se expanden hacia el fin de semana.<\/p>\n\n\n\n<p>Aunque a\u00fan no ha alcanzado categor\u00eda de <strong>hurac\u00e1n<\/strong>, la combinaci\u00f3n de <strong>aguas muy c\u00e1lidas<\/strong>, <strong>traslaci\u00f3n lenta<\/strong> y <strong>mejor organizaci\u00f3n<\/strong> respalda un <strong>incremento sostenido<\/strong> de su intensidad.<\/p>\n\n\n\n<p>Dado que la <strong>ruta<\/strong> m\u00e1s interna en el Caribe (al <strong>sur de Jamaica<\/strong>) <strong>incrementa la exposici\u00f3n de Cuba<\/strong> en el <strong>corto\/mediano plazo<\/strong>, se recomienda <strong>seguir los avisos oficiales<\/strong> y <strong>valorar medidas preventivas<\/strong> en \u00e1reas vulnerables a <strong>lluvias intensas, vientos y marejadas<\/strong>. Este <strong>mi\u00e9rcoles 22 de octubre<\/strong>, el <strong>Centro de Pron\u00f3sticos del INSMET<\/strong> emiti\u00f3 el <strong>Aviso de Cicl\u00f3n Tropical No. 3<\/strong>, alertando que, pese al <strong>lento desplazamiento<\/strong> de Melissa, el sistema representa un <strong>\u201cpeligro potencial\u201d<\/strong> para la Isla y requiere <strong>vigilancia estrecha<\/strong> de su evoluci\u00f3n.\u00a0<\/p>\n","protected":false},"excerpt":{"rendered":"<p>NHC actualiza la trayectoria de Melissa: m\u00e1s al sur de Jamaica y con posible r\u00e1pida intensificaci\u00f3n. Cuba debe seguir partes y prepararse.<\/p>\n","protected":false},"author":29,"featured_media":223618,"comment_status":"open","ping_status":"closed","sticky":false,"template":"","format":"standard","meta":{"_acf_changed":false,"footnotes":""},"categories":[14202,955],"tags":[92,941,21365,10998],"class_list":{"0":"post-223616","1":"post","2":"type-post","3":"status-publish","4":"format-standard","5":"has-post-thumbnail","7":"category-destacado-cuba","8":"category-noticias-de-cuba","9":"tag-cubanos","10":"tag-destacado","11":"tag-huracan","12":"tag-tormenta-tropical"},"acf":[],"yoast_head":"<!-- This site is optimized with the Yoast SEO plugin v27.5 - https:\/\/yoast.com\/product\/yoast-seo-wordpress\/ -->\n<title>Trayectoria de tormenta tropical Melissa eleva riesgo para Cuba - Cuballama Noticias<\/title>\n<meta name=\"description\" content=\"NHC actualiza la trayectoria de Melissa: m\u00e1s al sur de Jamaica y con posible r\u00e1pida intensificaci\u00f3n. Cuba debe seguir partes y prepararse.\" \/>\n<meta name=\"robots\" content=\"index, follow, max-snippet:-1, max-image-preview:large, max-video-preview:-1\" \/>\n<link rel=\"canonical\" href=\"https:\/\/www.cuballama.com\/noticias\/trayectoria-de-tormenta-tropical-melissa-eleva-riesgo-para-cuba\/\" \/>\n<meta property=\"og:locale\" content=\"es_ES\" \/>\n<meta property=\"og:type\" content=\"article\" \/>\n<meta property=\"og:title\" content=\"Trayectoria de tormenta tropical Melissa eleva riesgo para Cuba - Cuballama Noticias\" \/>\n<meta property=\"og:description\" content=\"NHC actualiza la trayectoria de Melissa: m\u00e1s al sur de Jamaica y con posible r\u00e1pida intensificaci\u00f3n. Cuba debe seguir partes y prepararse.\" \/>\n<meta property=\"og:url\" content=\"https:\/\/www.cuballama.com\/noticias\/trayectoria-de-tormenta-tropical-melissa-eleva-riesgo-para-cuba\/\" \/>\n<meta property=\"og:site_name\" content=\"Cuballama Noticias\" \/>\n<meta property=\"article:publisher\" content=\"https:\/\/www.facebook.com\/CubaLlama\" \/>\n<meta property=\"article:published_time\" content=\"2025-10-22T20:16:28+00:00\" \/>\n<meta property=\"article:modified_time\" content=\"2025-10-22T20:16:31+00:00\" \/>\n<meta property=\"og:image\" content=\"https:\/\/cdn1.mediawpaccore.net\/wp-content\/uploads\/2025\/10\/22161039\/Captura-de-pantalla-2025-10-22-a-las-22.08.52.png\" \/>\n\t<meta property=\"og:image:width\" content=\"1722\" \/>\n\t<meta property=\"og:image:height\" content=\"742\" \/>\n\t<meta property=\"og:image:type\" content=\"image\/png\" \/>\n<meta name=\"author\" content=\"Sof\u00eda Reyes\" \/>\n<meta name=\"twitter:card\" content=\"summary_large_image\" \/>\n<meta name=\"twitter:creator\" content=\"@cuballama\" \/>\n<meta name=\"twitter:site\" content=\"@cuballama\" \/>\n<meta name=\"twitter:label1\" content=\"Escrito por\" \/>\n\t<meta name=\"twitter:data1\" content=\"Sof\u00eda Reyes\" \/>\n\t<meta name=\"twitter:label2\" content=\"Tiempo de lectura\" \/>\n\t<meta name=\"twitter:data2\" content=\"3 minutos\" \/>\n<script type=\"application\/ld+json\" class=\"yoast-schema-graph\">{\"@context\":\"https:\\\/\\\/schema.org\",\"@graph\":[{\"@type\":\"Article\",\"@id\":\"https:\\\/\\\/www.cuballama.com\\\/noticias\\\/trayectoria-de-tormenta-tropical-melissa-eleva-riesgo-para-cuba\\\/#article\",\"isPartOf\":{\"@id\":\"https:\\\/\\\/www.cuballama.com\\\/noticias\\\/trayectoria-de-tormenta-tropical-melissa-eleva-riesgo-para-cuba\\\/\"},\"author\":{\"name\":\"Sof\u00eda Reyes\",\"@id\":\"https:\\\/\\\/www.cuballama.com\\\/noticias\\\/#\\\/schema\\\/person\\\/5cba2b8cc25a3159e49fe730a94d512e\"},\"headline\":\"Trayectoria de tormenta tropical Melissa eleva riesgo para Cuba\",\"datePublished\":\"2025-10-22T20:16:28+00:00\",\"dateModified\":\"2025-10-22T20:16:31+00:00\",\"mainEntityOfPage\":{\"@id\":\"https:\\\/\\\/www.cuballama.com\\\/noticias\\\/trayectoria-de-tormenta-tropical-melissa-eleva-riesgo-para-cuba\\\/\"},\"wordCount\":500,\"commentCount\":0,\"publisher\":{\"@id\":\"https:\\\/\\\/www.cuballama.com\\\/noticias\\\/#organization\"},\"image\":{\"@id\":\"https:\\\/\\\/www.cuballama.com\\\/noticias\\\/trayectoria-de-tormenta-tropical-melissa-eleva-riesgo-para-cuba\\\/#primaryimage\"},\"thumbnailUrl\":\"https:\\\/\\\/cdn1.mediawpaccore.net\\\/wp-content\\\/uploads\\\/2025\\\/10\\\/22161039\\\/Captura-de-pantalla-2025-10-22-a-las-22.08.52.png\",\"keywords\":[\"cubanos\",\"destacado\",\"hurac\u00e1n\",\"tormenta tropical\"],\"articleSection\":[\"Destacado Cuba\",\"Noticias de Cuba\"],\"inLanguage\":\"es\",\"potentialAction\":[{\"@type\":\"CommentAction\",\"name\":\"Comment\",\"target\":[\"https:\\\/\\\/www.cuballama.com\\\/noticias\\\/trayectoria-de-tormenta-tropical-melissa-eleva-riesgo-para-cuba\\\/#respond\"]}]},{\"@type\":\"WebPage\",\"@id\":\"https:\\\/\\\/www.cuballama.com\\\/noticias\\\/trayectoria-de-tormenta-tropical-melissa-eleva-riesgo-para-cuba\\\/\",\"url\":\"https:\\\/\\\/www.cuballama.com\\\/noticias\\\/trayectoria-de-tormenta-tropical-melissa-eleva-riesgo-para-cuba\\\/\",\"name\":\"Trayectoria de tormenta tropical Melissa eleva riesgo para Cuba - Cuballama Noticias\",\"isPartOf\":{\"@id\":\"https:\\\/\\\/www.cuballama.com\\\/noticias\\\/#website\"},\"primaryImageOfPage\":{\"@id\":\"https:\\\/\\\/www.cuballama.com\\\/noticias\\\/trayectoria-de-tormenta-tropical-melissa-eleva-riesgo-para-cuba\\\/#primaryimage\"},\"image\":{\"@id\":\"https:\\\/\\\/www.cuballama.com\\\/noticias\\\/trayectoria-de-tormenta-tropical-melissa-eleva-riesgo-para-cuba\\\/#primaryimage\"},\"thumbnailUrl\":\"https:\\\/\\\/cdn1.mediawpaccore.net\\\/wp-content\\\/uploads\\\/2025\\\/10\\\/22161039\\\/Captura-de-pantalla-2025-10-22-a-las-22.08.52.png\",\"datePublished\":\"2025-10-22T20:16:28+00:00\",\"dateModified\":\"2025-10-22T20:16:31+00:00\",\"description\":\"NHC actualiza la trayectoria de Melissa: m\u00e1s al sur de Jamaica y con posible r\u00e1pida intensificaci\u00f3n. Cuba debe seguir partes y prepararse.\",\"breadcrumb\":{\"@id\":\"https:\\\/\\\/www.cuballama.com\\\/noticias\\\/trayectoria-de-tormenta-tropical-melissa-eleva-riesgo-para-cuba\\\/#breadcrumb\"},\"inLanguage\":\"es\",\"potentialAction\":[{\"@type\":\"ReadAction\",\"target\":[\"https:\\\/\\\/www.cuballama.com\\\/noticias\\\/trayectoria-de-tormenta-tropical-melissa-eleva-riesgo-para-cuba\\\/\"]}]},{\"@type\":\"ImageObject\",\"inLanguage\":\"es\",\"@id\":\"https:\\\/\\\/www.cuballama.com\\\/noticias\\\/trayectoria-de-tormenta-tropical-melissa-eleva-riesgo-para-cuba\\\/#primaryimage\",\"url\":\"https:\\\/\\\/cdn1.mediawpaccore.net\\\/wp-content\\\/uploads\\\/2025\\\/10\\\/22161039\\\/Captura-de-pantalla-2025-10-22-a-las-22.08.52.png\",\"contentUrl\":\"https:\\\/\\\/cdn1.mediawpaccore.net\\\/wp-content\\\/uploads\\\/2025\\\/10\\\/22161039\\\/Captura-de-pantalla-2025-10-22-a-las-22.08.52.png\",\"width\":1722,\"height\":742,\"caption\":\"Foto tomada del National Hurricane Center\"},{\"@type\":\"BreadcrumbList\",\"@id\":\"https:\\\/\\\/www.cuballama.com\\\/noticias\\\/trayectoria-de-tormenta-tropical-melissa-eleva-riesgo-para-cuba\\\/#breadcrumb\",\"itemListElement\":[{\"@type\":\"ListItem\",\"position\":1,\"name\":\"Home\",\"item\":\"https:\\\/\\\/www.cuballama.com\\\/noticias\\\/\"},{\"@type\":\"ListItem\",\"position\":2,\"name\":\"Trayectoria de tormenta tropical Melissa eleva riesgo para Cuba\"}]},{\"@type\":\"WebSite\",\"@id\":\"https:\\\/\\\/www.cuballama.com\\\/noticias\\\/#website\",\"url\":\"https:\\\/\\\/www.cuballama.com\\\/noticias\\\/\",\"name\":\"Cuballama Noticias\",\"description\":\"Medio digital sobre Cuba y el mundo\",\"publisher\":{\"@id\":\"https:\\\/\\\/www.cuballama.com\\\/noticias\\\/#organization\"},\"potentialAction\":[{\"@type\":\"SearchAction\",\"target\":{\"@type\":\"EntryPoint\",\"urlTemplate\":\"https:\\\/\\\/www.cuballama.com\\\/noticias\\\/?s={search_term_string}\"},\"query-input\":{\"@type\":\"PropertyValueSpecification\",\"valueRequired\":true,\"valueName\":\"search_term_string\"}}],\"inLanguage\":\"es\"},{\"@type\":\"Organization\",\"@id\":\"https:\\\/\\\/www.cuballama.com\\\/noticias\\\/#organization\",\"name\":\"Cuballama\",\"url\":\"https:\\\/\\\/www.cuballama.com\\\/noticias\\\/\",\"logo\":{\"@type\":\"ImageObject\",\"inLanguage\":\"es\",\"@id\":\"https:\\\/\\\/www.cuballama.com\\\/noticias\\\/#\\\/schema\\\/logo\\\/image\\\/\",\"url\":\"https:\\\/\\\/cdn1.mediawpaccore.net\\\/wp-content\\\/uploads\\\/2021\\\/12\\\/28171206\\\/cbll-logo-color-sm.png\",\"contentUrl\":\"https:\\\/\\\/cdn1.mediawpaccore.net\\\/wp-content\\\/uploads\\\/2021\\\/12\\\/28171206\\\/cbll-logo-color-sm.png\",\"width\":600,\"height\":133,\"caption\":\"Cuballama\"},\"image\":{\"@id\":\"https:\\\/\\\/www.cuballama.com\\\/noticias\\\/#\\\/schema\\\/logo\\\/image\\\/\"},\"sameAs\":[\"https:\\\/\\\/www.facebook.com\\\/CubaLlama\",\"https:\\\/\\\/x.com\\\/cuballama\",\"https:\\\/\\\/www.instagram.com\\\/stories\\\/cuballama_oficial\\\/\",\"https:\\\/\\\/www.youtube.com\\\/channel\\\/UCKkFE-d_axENGZcrc4as0IA\"]},{\"@type\":\"Person\",\"@id\":\"https:\\\/\\\/www.cuballama.com\\\/noticias\\\/#\\\/schema\\\/person\\\/5cba2b8cc25a3159e49fe730a94d512e\",\"name\":\"Sof\u00eda Reyes\",\"url\":\"https:\\\/\\\/www.cuballama.com\\\/noticias\\\/author\\\/laura\\\/\"}]}<\/script>\n<!-- \/ Yoast SEO plugin. -->","yoast_head_json":{"title":"Trayectoria de tormenta tropical Melissa eleva riesgo para Cuba - Cuballama Noticias","description":"NHC actualiza la trayectoria de Melissa: m\u00e1s al sur de Jamaica y con posible r\u00e1pida intensificaci\u00f3n. Cuba debe seguir partes y prepararse.","robots":{"index":"index","follow":"follow","max-snippet":"max-snippet:-1","max-image-preview":"max-image-preview:large","max-video-preview":"max-video-preview:-1"},"canonical":"https:\/\/www.cuballama.com\/noticias\/trayectoria-de-tormenta-tropical-melissa-eleva-riesgo-para-cuba\/","og_locale":"es_ES","og_type":"article","og_title":"Trayectoria de tormenta tropical Melissa eleva riesgo para Cuba - Cuballama Noticias","og_description":"NHC actualiza la trayectoria de Melissa: m\u00e1s al sur de Jamaica y con posible r\u00e1pida intensificaci\u00f3n. Cuba debe seguir partes y prepararse.","og_url":"https:\/\/www.cuballama.com\/noticias\/trayectoria-de-tormenta-tropical-melissa-eleva-riesgo-para-cuba\/","og_site_name":"Cuballama Noticias","article_publisher":"https:\/\/www.facebook.com\/CubaLlama","article_published_time":"2025-10-22T20:16:28+00:00","article_modified_time":"2025-10-22T20:16:31+00:00","og_image":[{"width":1722,"height":742,"url":"https:\/\/cdn1.mediawpaccore.net\/wp-content\/uploads\/2025\/10\/22161039\/Captura-de-pantalla-2025-10-22-a-las-22.08.52.png","type":"image\/png"}],"author":"Sof\u00eda Reyes","twitter_card":"summary_large_image","twitter_creator":"@cuballama","twitter_site":"@cuballama","twitter_misc":{"Escrito por":"Sof\u00eda Reyes","Tiempo de lectura":"3 minutos"},"schema":{"@context":"https:\/\/schema.org","@graph":[{"@type":"Article","@id":"https:\/\/www.cuballama.com\/noticias\/trayectoria-de-tormenta-tropical-melissa-eleva-riesgo-para-cuba\/#article","isPartOf":{"@id":"https:\/\/www.cuballama.com\/noticias\/trayectoria-de-tormenta-tropical-melissa-eleva-riesgo-para-cuba\/"},"author":{"name":"Sof\u00eda Reyes","@id":"https:\/\/www.cuballama.com\/noticias\/#\/schema\/person\/5cba2b8cc25a3159e49fe730a94d512e"},"headline":"Trayectoria de tormenta tropical Melissa eleva riesgo para Cuba","datePublished":"2025-10-22T20:16:28+00:00","dateModified":"2025-10-22T20:16:31+00:00","mainEntityOfPage":{"@id":"https:\/\/www.cuballama.com\/noticias\/trayectoria-de-tormenta-tropical-melissa-eleva-riesgo-para-cuba\/"},"wordCount":500,"commentCount":0,"publisher":{"@id":"https:\/\/www.cuballama.com\/noticias\/#organization"},"image":{"@id":"https:\/\/www.cuballama.com\/noticias\/trayectoria-de-tormenta-tropical-melissa-eleva-riesgo-para-cuba\/#primaryimage"},"thumbnailUrl":"https:\/\/cdn1.mediawpaccore.net\/wp-content\/uploads\/2025\/10\/22161039\/Captura-de-pantalla-2025-10-22-a-las-22.08.52.png","keywords":["cubanos","destacado","hurac\u00e1n","tormenta tropical"],"articleSection":["Destacado Cuba","Noticias de Cuba"],"inLanguage":"es","potentialAction":[{"@type":"CommentAction","name":"Comment","target":["https:\/\/www.cuballama.com\/noticias\/trayectoria-de-tormenta-tropical-melissa-eleva-riesgo-para-cuba\/#respond"]}]},{"@type":"WebPage","@id":"https:\/\/www.cuballama.com\/noticias\/trayectoria-de-tormenta-tropical-melissa-eleva-riesgo-para-cuba\/","url":"https:\/\/www.cuballama.com\/noticias\/trayectoria-de-tormenta-tropical-melissa-eleva-riesgo-para-cuba\/","name":"Trayectoria de tormenta tropical Melissa eleva riesgo para Cuba - Cuballama Noticias","isPartOf":{"@id":"https:\/\/www.cuballama.com\/noticias\/#website"},"primaryImageOfPage":{"@id":"https:\/\/www.cuballama.com\/noticias\/trayectoria-de-tormenta-tropical-melissa-eleva-riesgo-para-cuba\/#primaryimage"},"image":{"@id":"https:\/\/www.cuballama.com\/noticias\/trayectoria-de-tormenta-tropical-melissa-eleva-riesgo-para-cuba\/#primaryimage"},"thumbnailUrl":"https:\/\/cdn1.mediawpaccore.net\/wp-content\/uploads\/2025\/10\/22161039\/Captura-de-pantalla-2025-10-22-a-las-22.08.52.png","datePublished":"2025-10-22T20:16:28+00:00","dateModified":"2025-10-22T20:16:31+00:00","description":"NHC actualiza la trayectoria de Melissa: m\u00e1s al sur de Jamaica y con posible r\u00e1pida intensificaci\u00f3n. Cuba debe seguir partes y prepararse.","breadcrumb":{"@id":"https:\/\/www.cuballama.com\/noticias\/trayectoria-de-tormenta-tropical-melissa-eleva-riesgo-para-cuba\/#breadcrumb"},"inLanguage":"es","potentialAction":[{"@type":"ReadAction","target":["https:\/\/www.cuballama.com\/noticias\/trayectoria-de-tormenta-tropical-melissa-eleva-riesgo-para-cuba\/"]}]},{"@type":"ImageObject","inLanguage":"es","@id":"https:\/\/www.cuballama.com\/noticias\/trayectoria-de-tormenta-tropical-melissa-eleva-riesgo-para-cuba\/#primaryimage","url":"https:\/\/cdn1.mediawpaccore.net\/wp-content\/uploads\/2025\/10\/22161039\/Captura-de-pantalla-2025-10-22-a-las-22.08.52.png","contentUrl":"https:\/\/cdn1.mediawpaccore.net\/wp-content\/uploads\/2025\/10\/22161039\/Captura-de-pantalla-2025-10-22-a-las-22.08.52.png","width":1722,"height":742,"caption":"Foto tomada del National Hurricane Center"},{"@type":"BreadcrumbList","@id":"https:\/\/www.cuballama.com\/noticias\/trayectoria-de-tormenta-tropical-melissa-eleva-riesgo-para-cuba\/#breadcrumb","itemListElement":[{"@type":"ListItem","position":1,"name":"Home","item":"https:\/\/www.cuballama.com\/noticias\/"},{"@type":"ListItem","position":2,"name":"Trayectoria de tormenta tropical Melissa eleva riesgo para Cuba"}]},{"@type":"WebSite","@id":"https:\/\/www.cuballama.com\/noticias\/#website","url":"https:\/\/www.cuballama.com\/noticias\/","name":"Cuballama Noticias","description":"Medio digital sobre Cuba y el mundo","publisher":{"@id":"https:\/\/www.cuballama.com\/noticias\/#organization"},"potentialAction":[{"@type":"SearchAction","target":{"@type":"EntryPoint","urlTemplate":"https:\/\/www.cuballama.com\/noticias\/?s={search_term_string}"},"query-input":{"@type":"PropertyValueSpecification","valueRequired":true,"valueName":"search_term_string"}}],"inLanguage":"es"},{"@type":"Organization","@id":"https:\/\/www.cuballama.com\/noticias\/#organization","name":"Cuballama","url":"https:\/\/www.cuballama.com\/noticias\/","logo":{"@type":"ImageObject","inLanguage":"es","@id":"https:\/\/www.cuballama.com\/noticias\/#\/schema\/logo\/image\/","url":"https:\/\/cdn1.mediawpaccore.net\/wp-content\/uploads\/2021\/12\/28171206\/cbll-logo-color-sm.png","contentUrl":"https:\/\/cdn1.mediawpaccore.net\/wp-content\/uploads\/2021\/12\/28171206\/cbll-logo-color-sm.png","width":600,"height":133,"caption":"Cuballama"},"image":{"@id":"https:\/\/www.cuballama.com\/noticias\/#\/schema\/logo\/image\/"},"sameAs":["https:\/\/www.facebook.com\/CubaLlama","https:\/\/x.com\/cuballama","https:\/\/www.instagram.com\/stories\/cuballama_oficial\/","https:\/\/www.youtube.com\/channel\/UCKkFE-d_axENGZcrc4as0IA"]},{"@type":"Person","@id":"https:\/\/www.cuballama.com\/noticias\/#\/schema\/person\/5cba2b8cc25a3159e49fe730a94d512e","name":"Sof\u00eda Reyes","url":"https:\/\/www.cuballama.com\/noticias\/author\/laura\/"}]}},"_links":{"self":[{"href":"https:\/\/www.cuballama.com\/noticias\/wp-json\/wp\/v2\/posts\/223616","targetHints":{"allow":["GET"]}}],"collection":[{"href":"https:\/\/www.cuballama.com\/noticias\/wp-json\/wp\/v2\/posts"}],"about":[{"href":"https:\/\/www.cuballama.com\/noticias\/wp-json\/wp\/v2\/types\/post"}],"author":[{"embeddable":true,"href":"https:\/\/www.cuballama.com\/noticias\/wp-json\/wp\/v2\/users\/29"}],"replies":[{"embeddable":true,"href":"https:\/\/www.cuballama.com\/noticias\/wp-json\/wp\/v2\/comments?post=223616"}],"version-history":[{"count":3,"href":"https:\/\/www.cuballama.com\/noticias\/wp-json\/wp\/v2\/posts\/223616\/revisions"}],"predecessor-version":[{"id":223620,"href":"https:\/\/www.cuballama.com\/noticias\/wp-json\/wp\/v2\/posts\/223616\/revisions\/223620"}],"wp:featuredmedia":[{"embeddable":true,"href":"https:\/\/www.cuballama.com\/noticias\/wp-json\/wp\/v2\/media\/223618"}],"wp:attachment":[{"href":"https:\/\/www.cuballama.com\/noticias\/wp-json\/wp\/v2\/media?parent=223616"}],"wp:term":[{"taxonomy":"category","embeddable":true,"href":"https:\/\/www.cuballama.com\/noticias\/wp-json\/wp\/v2\/categories?post=223616"},{"taxonomy":"post_tag","embeddable":true,"href":"https:\/\/www.cuballama.com\/noticias\/wp-json\/wp\/v2\/tags?post=223616"}],"curies":[{"name":"wp","href":"https:\/\/api.w.org\/{rel}","templated":true}]}}