{"id":223587,"date":"2025-10-24T10:43:03","date_gmt":"2025-10-24T14:43:03","guid":{"rendered":"https:\/\/www.cuballama.com\/noticias\/?p=223587"},"modified":"2025-10-24T10:43:06","modified_gmt":"2025-10-24T14:43:06","slug":"melissa-llega-en-el-peor-momento-de-la-historia-de-cuba","status":"publish","type":"post","link":"https:\/\/www.cuballama.com\/noticias\/melissa-llega-en-el-peor-momento-de-la-historia-de-cuba\/","title":{"rendered":"Melissa llega en el peor momento de la historia de Cuba"},"content":{"rendered":"\n<p>Cuando un pa\u00eds vive en emergencia permanente, cualquier cicl\u00f3n se convierte en cat\u00e1strofe antes de llegar. Esa es la realidad de Cuba hoy: un territorio exhausto, con su oriente a\u00fan a medio levantar de los \u00faltimos huracanes, con hospitales desbordados por dengue y Oropouche, y con una infraestructura que se sostiene m\u00e1s por costumbre que por cemento. En ese escenario, Melissa \u2014todav\u00eda tormenta tropical pero ya con aspiraciones de hurac\u00e1n\u2014 se perfila como el visitante menos oportuno posible.<\/p>\n\n\n\n<p>\u00bfLa peor parte? Que atravesar\u00e1 Cuba por Oriente, muy probablemente. <\/p>\n\n\n\n<p>La regi\u00f3n a\u00fan no se recompone de los embates de 2024. Entonces, el hurac\u00e1n Oscar toc\u00f3 el Este (Guant\u00e1namo\u2013Holgu\u00edn) con fuertes lluvias, deslizamientos, derrumbe de puentes y miles de viviendas da\u00f1adas; semanas despu\u00e9s, el pa\u00eds encaj\u00f3 otro golpe con Rafael, que colaps\u00f3 la red el\u00e9ctrica. Ese encadenamiento dej\u00f3 infraestructura debilitada, embalses sensibles y comunidades con techos provisionales. Es una memoria reciente. Todav\u00eda hay qui\u00e9nes no se han recuperado. Quien no ha podido regresar a sus casas. La mayor\u00eda que lo perdi\u00f3 todo, a\u00fan no tiene nada. <\/p>\n\n\n\n<p>A esto se suma un tel\u00f3n de fondo epidemiol\u00f3gico que ya es grave en todo el pa\u00eds. Como bien se sabe, tras los huracanes e inundaciones, se disparan SIEMPRE los riesgos como la leptospirosis por agua contaminada, adem\u00e1s de picos de arbovirosis (dengue, chikungunya, Oropouche) por criaderos que brotan con la basura y el agua estancada. Llegar\u00eda Melissa a Cuba a magnificar y empeorar un escenario mixto de dengue\u2013Oropouche\u2013chikungunya-zika y hospitales tensionados; la OPS advierte del riesgo alto de brotes cuando fallan agua potable, saneamiento y control vectorial. <\/p>\n\n\n\n<p>Dicho de otro modo: si llueve muy fuerte, la curva epidemiol\u00f3gica puede subir a\u00fan m\u00e1s. Lo que sabemos hoy (mi\u00e9rcoles 24 de octubre): Melissa se organiza cada vez m\u00e1s en el Caribe central y el NHC describe un proceso de intensificaci\u00f3n paulatino. <\/p>\n\n\n\n<p>Falta precisi\u00f3n fina sobre su interacci\u00f3n con los sistemas de gran escala que decidir\u00e1n su trayectoria. Pero la se\u00f1al de riesgo es clara: mucha agua en terrenos saturables, con diques, puentes y caminos fr\u00e1giles.<\/p>\n\n\n\n<p><strong>Categor\u00eda 2,3 o 4<\/strong><\/p>\n\n\n\n<p>Todav\u00eda se desconoce con qu\u00e9 categor\u00eda Melissa impactar\u00e1 a la isla (de hecho, no se sabe si o por donde), pero se habla de categor\u00eda dos como algo muy probable; y de categor\u00eda 4 si se sigue demorando en hacer su inclinaci\u00f3n al norte.<\/p>\n\n\n\n<p>La meteor\u00f3loga Madison Torres, dice que podr\u00eda convertirse en hurac\u00e1n Categor\u00eda 3 o superior. \u00bfEn qu\u00e9 \u00abestado\u00bb tocar\u00e1 a la isla? Imposible de definir.<\/p>\n\n\n\n<iframe loading=\"lazy\" src=\"https:\/\/www.facebook.com\/plugins\/post.php?href=https%3A%2F%2Fwww.facebook.com%2FMadisonTorresTV%2Fposts%2Fpfbid02ccpDmNrRukEWW4dBRcW2k66qct7oby7BdcCb4h9hz7ZNo8wXcRGNPy2Qz4WPU2Del&#038;show_text=true&#038;width=500\" width=\"500\" height=\"500\" style=\"border:none;overflow:hidden\" scrolling=\"no\" frameborder=\"0\" allowfullscreen=\"true\" allow=\"autoplay; clipboard-write; encrypted-media; picture-in-picture; web-share\"><\/iframe>\n\n\n\n<p>Sin embargo, lo que urge recordar aqu\u00ed es que lo que mata no siempre es el viento. La contaminaci\u00f3n del agua y la aparici\u00f3n de los mosquitos semanas despu\u00e9s, terminar\u00e1n conect\u00e1ndose con un escenario que ya luce apocal\u00edptico para muchos. Melissa llega cuando escasea casi todo en la isla: combustible para fumigar y bombear agua, reactivos de diagn\u00f3stico, tejas, cloro, transporte y electricidad estable. <\/p>\n\n\n\n<p>Es, por tanto, una amenaza meteorol\u00f3gica sobre una emergencia lenta. Si el Este vuelve a ser la puerta de entrada, el da\u00f1o no ser\u00e1 \u201cnuevo\u201d, ser\u00e1 acumulativo. Hoy, la mejor decisi\u00f3n es aburrida y eficaz: limpiar tragantes, drenar patios, asegurar techos, proteger documentos, identificar casas altas de familiares, cargar radios\/linternas&#8230; no estar haciendo congresos ni eventos.<\/p>\n\n\n\n<p><strong>tal vez quieras leer: <a href=\"https:\/\/www.cuballama.com\/noticias\/trayectoria-de-tormenta-tropical-melissa-eleva-riesgo-para-cuba\/\" target=\"_blank\" rel=\"noreferrer noopener\">Trayectoria de tormenta tropical Melissa eleva riesgo para Cuba<\/a><br><\/strong><br><\/p>\n","protected":false},"excerpt":{"rendered":"<p>Todav\u00eda hay tiempo para prepararse. Melissa va lento. Nos queda una semana para estar prevenidos.<\/p>\n","protected":false},"author":13,"featured_media":223591,"comment_status":"open","ping_status":"closed","sticky":false,"template":"","format":"standard","meta":{"_acf_changed":false,"footnotes":""},"categories":[18,955],"tags":[379,941,378,6164,28771,9629],"class_list":{"0":"post-223587","1":"post","2":"type-post","3":"status-publish","4":"format-standard","5":"has-post-thumbnail","7":"category-noticias","8":"category-noticias-de-cuba","9":"tag-ciclones","10":"tag-destacado","11":"tag-huracanes","12":"tag-lluvias","13":"tag-melissa","14":"tag-oriente-de-cuba"},"acf":[],"yoast_head":"<!-- This site is optimized with the Yoast SEO plugin v27.5 - https:\/\/yoast.com\/product\/yoast-seo-wordpress\/ -->\n<title>Melissa llega en el peor momento de la historia de Cuba - Cuballama Noticias<\/title>\n<meta name=\"description\" content=\"La tormenta tropical Melissa atravesar\u00e1 Cuba en los pr\u00f3ximos d\u00edas. Lo har\u00e1 en el momento econ\u00f3mico m\u00e1s terrible de la historia de la isla\" \/>\n<meta name=\"robots\" content=\"index, follow, max-snippet:-1, max-image-preview:large, max-video-preview:-1\" \/>\n<link rel=\"canonical\" href=\"https:\/\/www.cuballama.com\/noticias\/melissa-llega-en-el-peor-momento-de-la-historia-de-cuba\/\" \/>\n<meta property=\"og:locale\" content=\"es_ES\" \/>\n<meta property=\"og:type\" content=\"article\" \/>\n<meta property=\"og:title\" content=\"Melissa llega en el peor momento de la historia de Cuba - Cuballama Noticias\" \/>\n<meta property=\"og:description\" content=\"La tormenta tropical Melissa atravesar\u00e1 Cuba en los pr\u00f3ximos d\u00edas. Lo har\u00e1 en el momento econ\u00f3mico m\u00e1s terrible de la historia de la isla\" \/>\n<meta property=\"og:url\" content=\"https:\/\/www.cuballama.com\/noticias\/melissa-llega-en-el-peor-momento-de-la-historia-de-cuba\/\" \/>\n<meta property=\"og:site_name\" content=\"Cuballama Noticias\" \/>\n<meta property=\"article:publisher\" content=\"https:\/\/www.facebook.com\/CubaLlama\" \/>\n<meta property=\"article:published_time\" content=\"2025-10-24T14:43:03+00:00\" \/>\n<meta property=\"article:modified_time\" content=\"2025-10-24T14:43:06+00:00\" \/>\n<meta property=\"og:image\" content=\"https:\/\/cdn1.mediawpaccore.net\/wp-content\/uploads\/2025\/10\/22105452\/image-95.png\" \/>\n\t<meta property=\"og:image:width\" content=\"2144\" \/>\n\t<meta property=\"og:image:height\" content=\"1152\" \/>\n\t<meta property=\"og:image:type\" content=\"image\/png\" \/>\n<meta name=\"author\" content=\"Roberto A.\" \/>\n<meta name=\"twitter:card\" content=\"summary_large_image\" \/>\n<meta name=\"twitter:creator\" content=\"@cuballama\" \/>\n<meta name=\"twitter:site\" content=\"@cuballama\" \/>\n<meta name=\"twitter:label1\" content=\"Escrito por\" \/>\n\t<meta name=\"twitter:data1\" content=\"Roberto A.\" \/>\n\t<meta name=\"twitter:label2\" content=\"Tiempo de lectura\" \/>\n\t<meta name=\"twitter:data2\" content=\"3 minutos\" \/>\n<script type=\"application\/ld+json\" class=\"yoast-schema-graph\">{\"@context\":\"https:\\\/\\\/schema.org\",\"@graph\":[{\"@type\":\"Article\",\"@id\":\"https:\\\/\\\/www.cuballama.com\\\/noticias\\\/melissa-llega-en-el-peor-momento-de-la-historia-de-cuba\\\/#article\",\"isPartOf\":{\"@id\":\"https:\\\/\\\/www.cuballama.com\\\/noticias\\\/melissa-llega-en-el-peor-momento-de-la-historia-de-cuba\\\/\"},\"author\":{\"name\":\"Roberto A.\",\"@id\":\"https:\\\/\\\/www.cuballama.com\\\/noticias\\\/#\\\/schema\\\/person\\\/a58502ed4146c8e9f83872e897c76cd2\"},\"headline\":\"Melissa llega en el peor momento de la historia de Cuba\",\"datePublished\":\"2025-10-24T14:43:03+00:00\",\"dateModified\":\"2025-10-24T14:43:06+00:00\",\"mainEntityOfPage\":{\"@id\":\"https:\\\/\\\/www.cuballama.com\\\/noticias\\\/melissa-llega-en-el-peor-momento-de-la-historia-de-cuba\\\/\"},\"wordCount\":608,\"commentCount\":0,\"publisher\":{\"@id\":\"https:\\\/\\\/www.cuballama.com\\\/noticias\\\/#organization\"},\"image\":{\"@id\":\"https:\\\/\\\/www.cuballama.com\\\/noticias\\\/melissa-llega-en-el-peor-momento-de-la-historia-de-cuba\\\/#primaryimage\"},\"thumbnailUrl\":\"https:\\\/\\\/cdn1.mediawpaccore.net\\\/wp-content\\\/uploads\\\/2025\\\/10\\\/22105452\\\/image-95.png\",\"keywords\":[\"Ciclones\",\"destacado\",\"Huracanes\",\"Lluvias\",\"Melissa\",\"Oriente de Cuba\"],\"articleSection\":[\"Noticias\",\"Noticias de Cuba\"],\"inLanguage\":\"es\",\"potentialAction\":[{\"@type\":\"CommentAction\",\"name\":\"Comment\",\"target\":[\"https:\\\/\\\/www.cuballama.com\\\/noticias\\\/melissa-llega-en-el-peor-momento-de-la-historia-de-cuba\\\/#respond\"]}]},{\"@type\":\"WebPage\",\"@id\":\"https:\\\/\\\/www.cuballama.com\\\/noticias\\\/melissa-llega-en-el-peor-momento-de-la-historia-de-cuba\\\/\",\"url\":\"https:\\\/\\\/www.cuballama.com\\\/noticias\\\/melissa-llega-en-el-peor-momento-de-la-historia-de-cuba\\\/\",\"name\":\"Melissa llega en el peor momento de la historia de Cuba - Cuballama Noticias\",\"isPartOf\":{\"@id\":\"https:\\\/\\\/www.cuballama.com\\\/noticias\\\/#website\"},\"primaryImageOfPage\":{\"@id\":\"https:\\\/\\\/www.cuballama.com\\\/noticias\\\/melissa-llega-en-el-peor-momento-de-la-historia-de-cuba\\\/#primaryimage\"},\"image\":{\"@id\":\"https:\\\/\\\/www.cuballama.com\\\/noticias\\\/melissa-llega-en-el-peor-momento-de-la-historia-de-cuba\\\/#primaryimage\"},\"thumbnailUrl\":\"https:\\\/\\\/cdn1.mediawpaccore.net\\\/wp-content\\\/uploads\\\/2025\\\/10\\\/22105452\\\/image-95.png\",\"datePublished\":\"2025-10-24T14:43:03+00:00\",\"dateModified\":\"2025-10-24T14:43:06+00:00\",\"description\":\"La tormenta tropical Melissa atravesar\u00e1 Cuba en los pr\u00f3ximos d\u00edas. Lo har\u00e1 en el momento econ\u00f3mico m\u00e1s terrible de la historia de la isla\",\"breadcrumb\":{\"@id\":\"https:\\\/\\\/www.cuballama.com\\\/noticias\\\/melissa-llega-en-el-peor-momento-de-la-historia-de-cuba\\\/#breadcrumb\"},\"inLanguage\":\"es\",\"potentialAction\":[{\"@type\":\"ReadAction\",\"target\":[\"https:\\\/\\\/www.cuballama.com\\\/noticias\\\/melissa-llega-en-el-peor-momento-de-la-historia-de-cuba\\\/\"]}]},{\"@type\":\"ImageObject\",\"inLanguage\":\"es\",\"@id\":\"https:\\\/\\\/www.cuballama.com\\\/noticias\\\/melissa-llega-en-el-peor-momento-de-la-historia-de-cuba\\\/#primaryimage\",\"url\":\"https:\\\/\\\/cdn1.mediawpaccore.net\\\/wp-content\\\/uploads\\\/2025\\\/10\\\/22105452\\\/image-95.png\",\"contentUrl\":\"https:\\\/\\\/cdn1.mediawpaccore.net\\\/wp-content\\\/uploads\\\/2025\\\/10\\\/22105452\\\/image-95.png\",\"width\":2144,\"height\":1152,\"caption\":\"Melissa ha puesto a prueba a Estados Unidos sin la USAID.\"},{\"@type\":\"BreadcrumbList\",\"@id\":\"https:\\\/\\\/www.cuballama.com\\\/noticias\\\/melissa-llega-en-el-peor-momento-de-la-historia-de-cuba\\\/#breadcrumb\",\"itemListElement\":[{\"@type\":\"ListItem\",\"position\":1,\"name\":\"Home\",\"item\":\"https:\\\/\\\/www.cuballama.com\\\/noticias\\\/\"},{\"@type\":\"ListItem\",\"position\":2,\"name\":\"Melissa llega en el peor momento de la historia de Cuba\"}]},{\"@type\":\"WebSite\",\"@id\":\"https:\\\/\\\/www.cuballama.com\\\/noticias\\\/#website\",\"url\":\"https:\\\/\\\/www.cuballama.com\\\/noticias\\\/\",\"name\":\"Cuballama Noticias\",\"description\":\"Medio digital sobre Cuba y el mundo\",\"publisher\":{\"@id\":\"https:\\\/\\\/www.cuballama.com\\\/noticias\\\/#organization\"},\"potentialAction\":[{\"@type\":\"SearchAction\",\"target\":{\"@type\":\"EntryPoint\",\"urlTemplate\":\"https:\\\/\\\/www.cuballama.com\\\/noticias\\\/?s={search_term_string}\"},\"query-input\":{\"@type\":\"PropertyValueSpecification\",\"valueRequired\":true,\"valueName\":\"search_term_string\"}}],\"inLanguage\":\"es\"},{\"@type\":\"Organization\",\"@id\":\"https:\\\/\\\/www.cuballama.com\\\/noticias\\\/#organization\",\"name\":\"Cuballama\",\"url\":\"https:\\\/\\\/www.cuballama.com\\\/noticias\\\/\",\"logo\":{\"@type\":\"ImageObject\",\"inLanguage\":\"es\",\"@id\":\"https:\\\/\\\/www.cuballama.com\\\/noticias\\\/#\\\/schema\\\/logo\\\/image\\\/\",\"url\":\"https:\\\/\\\/cdn1.mediawpaccore.net\\\/wp-content\\\/uploads\\\/2021\\\/12\\\/28171206\\\/cbll-logo-color-sm.png\",\"contentUrl\":\"https:\\\/\\\/cdn1.mediawpaccore.net\\\/wp-content\\\/uploads\\\/2021\\\/12\\\/28171206\\\/cbll-logo-color-sm.png\",\"width\":600,\"height\":133,\"caption\":\"Cuballama\"},\"image\":{\"@id\":\"https:\\\/\\\/www.cuballama.com\\\/noticias\\\/#\\\/schema\\\/logo\\\/image\\\/\"},\"sameAs\":[\"https:\\\/\\\/www.facebook.com\\\/CubaLlama\",\"https:\\\/\\\/x.com\\\/cuballama\",\"https:\\\/\\\/www.instagram.com\\\/stories\\\/cuballama_oficial\\\/\",\"https:\\\/\\\/www.youtube.com\\\/channel\\\/UCKkFE-d_axENGZcrc4as0IA\"]},{\"@type\":\"Person\",\"@id\":\"https:\\\/\\\/www.cuballama.com\\\/noticias\\\/#\\\/schema\\\/person\\\/a58502ed4146c8e9f83872e897c76cd2\",\"name\":\"Roberto A.\",\"description\":\"Roberto A. Periodista por decisi\u00f3n propia. Interesado en cualquier tema que me apasione y cada vez m\u00e1s comprometido con la verdad y la objetividad period\u00edstica. Graduado en La Habana hace ya muchos a\u00f1os, luego de una accidentada y polvorienta b\u00fasqueda de informaci\u00f3n sobre un tema in\u00e9dito. La Tesis, por cierto, desapareci\u00f3 de la biblioteca y no se conservan copias de la misma.\",\"url\":\"https:\\\/\\\/www.cuballama.com\\\/noticias\\\/author\\\/roberto\\\/\"}]}<\/script>\n<!-- \/ Yoast SEO plugin. -->","yoast_head_json":{"title":"Melissa llega en el peor momento de la historia de Cuba - Cuballama Noticias","description":"La tormenta tropical Melissa atravesar\u00e1 Cuba en los pr\u00f3ximos d\u00edas. Lo har\u00e1 en el momento econ\u00f3mico m\u00e1s terrible de la historia de la isla","robots":{"index":"index","follow":"follow","max-snippet":"max-snippet:-1","max-image-preview":"max-image-preview:large","max-video-preview":"max-video-preview:-1"},"canonical":"https:\/\/www.cuballama.com\/noticias\/melissa-llega-en-el-peor-momento-de-la-historia-de-cuba\/","og_locale":"es_ES","og_type":"article","og_title":"Melissa llega en el peor momento de la historia de Cuba - Cuballama Noticias","og_description":"La tormenta tropical Melissa atravesar\u00e1 Cuba en los pr\u00f3ximos d\u00edas. Lo har\u00e1 en el momento econ\u00f3mico m\u00e1s terrible de la historia de la isla","og_url":"https:\/\/www.cuballama.com\/noticias\/melissa-llega-en-el-peor-momento-de-la-historia-de-cuba\/","og_site_name":"Cuballama Noticias","article_publisher":"https:\/\/www.facebook.com\/CubaLlama","article_published_time":"2025-10-24T14:43:03+00:00","article_modified_time":"2025-10-24T14:43:06+00:00","og_image":[{"width":2144,"height":1152,"url":"https:\/\/cdn1.mediawpaccore.net\/wp-content\/uploads\/2025\/10\/22105452\/image-95.png","type":"image\/png"}],"author":"Roberto A.","twitter_card":"summary_large_image","twitter_creator":"@cuballama","twitter_site":"@cuballama","twitter_misc":{"Escrito por":"Roberto A.","Tiempo de lectura":"3 minutos"},"schema":{"@context":"https:\/\/schema.org","@graph":[{"@type":"Article","@id":"https:\/\/www.cuballama.com\/noticias\/melissa-llega-en-el-peor-momento-de-la-historia-de-cuba\/#article","isPartOf":{"@id":"https:\/\/www.cuballama.com\/noticias\/melissa-llega-en-el-peor-momento-de-la-historia-de-cuba\/"},"author":{"name":"Roberto A.","@id":"https:\/\/www.cuballama.com\/noticias\/#\/schema\/person\/a58502ed4146c8e9f83872e897c76cd2"},"headline":"Melissa llega en el peor momento de la historia de Cuba","datePublished":"2025-10-24T14:43:03+00:00","dateModified":"2025-10-24T14:43:06+00:00","mainEntityOfPage":{"@id":"https:\/\/www.cuballama.com\/noticias\/melissa-llega-en-el-peor-momento-de-la-historia-de-cuba\/"},"wordCount":608,"commentCount":0,"publisher":{"@id":"https:\/\/www.cuballama.com\/noticias\/#organization"},"image":{"@id":"https:\/\/www.cuballama.com\/noticias\/melissa-llega-en-el-peor-momento-de-la-historia-de-cuba\/#primaryimage"},"thumbnailUrl":"https:\/\/cdn1.mediawpaccore.net\/wp-content\/uploads\/2025\/10\/22105452\/image-95.png","keywords":["Ciclones","destacado","Huracanes","Lluvias","Melissa","Oriente de Cuba"],"articleSection":["Noticias","Noticias de Cuba"],"inLanguage":"es","potentialAction":[{"@type":"CommentAction","name":"Comment","target":["https:\/\/www.cuballama.com\/noticias\/melissa-llega-en-el-peor-momento-de-la-historia-de-cuba\/#respond"]}]},{"@type":"WebPage","@id":"https:\/\/www.cuballama.com\/noticias\/melissa-llega-en-el-peor-momento-de-la-historia-de-cuba\/","url":"https:\/\/www.cuballama.com\/noticias\/melissa-llega-en-el-peor-momento-de-la-historia-de-cuba\/","name":"Melissa llega en el peor momento de la historia de Cuba - Cuballama Noticias","isPartOf":{"@id":"https:\/\/www.cuballama.com\/noticias\/#website"},"primaryImageOfPage":{"@id":"https:\/\/www.cuballama.com\/noticias\/melissa-llega-en-el-peor-momento-de-la-historia-de-cuba\/#primaryimage"},"image":{"@id":"https:\/\/www.cuballama.com\/noticias\/melissa-llega-en-el-peor-momento-de-la-historia-de-cuba\/#primaryimage"},"thumbnailUrl":"https:\/\/cdn1.mediawpaccore.net\/wp-content\/uploads\/2025\/10\/22105452\/image-95.png","datePublished":"2025-10-24T14:43:03+00:00","dateModified":"2025-10-24T14:43:06+00:00","description":"La tormenta tropical Melissa atravesar\u00e1 Cuba en los pr\u00f3ximos d\u00edas. Lo har\u00e1 en el momento econ\u00f3mico m\u00e1s terrible de la historia de la isla","breadcrumb":{"@id":"https:\/\/www.cuballama.com\/noticias\/melissa-llega-en-el-peor-momento-de-la-historia-de-cuba\/#breadcrumb"},"inLanguage":"es","potentialAction":[{"@type":"ReadAction","target":["https:\/\/www.cuballama.com\/noticias\/melissa-llega-en-el-peor-momento-de-la-historia-de-cuba\/"]}]},{"@type":"ImageObject","inLanguage":"es","@id":"https:\/\/www.cuballama.com\/noticias\/melissa-llega-en-el-peor-momento-de-la-historia-de-cuba\/#primaryimage","url":"https:\/\/cdn1.mediawpaccore.net\/wp-content\/uploads\/2025\/10\/22105452\/image-95.png","contentUrl":"https:\/\/cdn1.mediawpaccore.net\/wp-content\/uploads\/2025\/10\/22105452\/image-95.png","width":2144,"height":1152,"caption":"Melissa ha puesto a prueba a Estados Unidos sin la USAID."},{"@type":"BreadcrumbList","@id":"https:\/\/www.cuballama.com\/noticias\/melissa-llega-en-el-peor-momento-de-la-historia-de-cuba\/#breadcrumb","itemListElement":[{"@type":"ListItem","position":1,"name":"Home","item":"https:\/\/www.cuballama.com\/noticias\/"},{"@type":"ListItem","position":2,"name":"Melissa llega en el peor momento de la historia de Cuba"}]},{"@type":"WebSite","@id":"https:\/\/www.cuballama.com\/noticias\/#website","url":"https:\/\/www.cuballama.com\/noticias\/","name":"Cuballama Noticias","description":"Medio digital sobre Cuba y el mundo","publisher":{"@id":"https:\/\/www.cuballama.com\/noticias\/#organization"},"potentialAction":[{"@type":"SearchAction","target":{"@type":"EntryPoint","urlTemplate":"https:\/\/www.cuballama.com\/noticias\/?s={search_term_string}"},"query-input":{"@type":"PropertyValueSpecification","valueRequired":true,"valueName":"search_term_string"}}],"inLanguage":"es"},{"@type":"Organization","@id":"https:\/\/www.cuballama.com\/noticias\/#organization","name":"Cuballama","url":"https:\/\/www.cuballama.com\/noticias\/","logo":{"@type":"ImageObject","inLanguage":"es","@id":"https:\/\/www.cuballama.com\/noticias\/#\/schema\/logo\/image\/","url":"https:\/\/cdn1.mediawpaccore.net\/wp-content\/uploads\/2021\/12\/28171206\/cbll-logo-color-sm.png","contentUrl":"https:\/\/cdn1.mediawpaccore.net\/wp-content\/uploads\/2021\/12\/28171206\/cbll-logo-color-sm.png","width":600,"height":133,"caption":"Cuballama"},"image":{"@id":"https:\/\/www.cuballama.com\/noticias\/#\/schema\/logo\/image\/"},"sameAs":["https:\/\/www.facebook.com\/CubaLlama","https:\/\/x.com\/cuballama","https:\/\/www.instagram.com\/stories\/cuballama_oficial\/","https:\/\/www.youtube.com\/channel\/UCKkFE-d_axENGZcrc4as0IA"]},{"@type":"Person","@id":"https:\/\/www.cuballama.com\/noticias\/#\/schema\/person\/a58502ed4146c8e9f83872e897c76cd2","name":"Roberto A.","description":"Roberto A. Periodista por decisi\u00f3n propia. Interesado en cualquier tema que me apasione y cada vez m\u00e1s comprometido con la verdad y la objetividad period\u00edstica. Graduado en La Habana hace ya muchos a\u00f1os, luego de una accidentada y polvorienta b\u00fasqueda de informaci\u00f3n sobre un tema in\u00e9dito. La Tesis, por cierto, desapareci\u00f3 de la biblioteca y no se conservan copias de la misma.","url":"https:\/\/www.cuballama.com\/noticias\/author\/roberto\/"}]}},"_links":{"self":[{"href":"https:\/\/www.cuballama.com\/noticias\/wp-json\/wp\/v2\/posts\/223587","targetHints":{"allow":["GET"]}}],"collection":[{"href":"https:\/\/www.cuballama.com\/noticias\/wp-json\/wp\/v2\/posts"}],"about":[{"href":"https:\/\/www.cuballama.com\/noticias\/wp-json\/wp\/v2\/types\/post"}],"author":[{"embeddable":true,"href":"https:\/\/www.cuballama.com\/noticias\/wp-json\/wp\/v2\/users\/13"}],"replies":[{"embeddable":true,"href":"https:\/\/www.cuballama.com\/noticias\/wp-json\/wp\/v2\/comments?post=223587"}],"version-history":[{"count":8,"href":"https:\/\/www.cuballama.com\/noticias\/wp-json\/wp\/v2\/posts\/223587\/revisions"}],"predecessor-version":[{"id":223797,"href":"https:\/\/www.cuballama.com\/noticias\/wp-json\/wp\/v2\/posts\/223587\/revisions\/223797"}],"wp:featuredmedia":[{"embeddable":true,"href":"https:\/\/www.cuballama.com\/noticias\/wp-json\/wp\/v2\/media\/223591"}],"wp:attachment":[{"href":"https:\/\/www.cuballama.com\/noticias\/wp-json\/wp\/v2\/media?parent=223587"}],"wp:term":[{"taxonomy":"category","embeddable":true,"href":"https:\/\/www.cuballama.com\/noticias\/wp-json\/wp\/v2\/categories?post=223587"},{"taxonomy":"post_tag","embeddable":true,"href":"https:\/\/www.cuballama.com\/noticias\/wp-json\/wp\/v2\/tags?post=223587"}],"curies":[{"name":"wp","href":"https:\/\/api.w.org\/{rel}","templated":true}]}}