{"id":223570,"date":"2025-10-22T11:29:56","date_gmt":"2025-10-22T15:29:56","guid":{"rendered":"https:\/\/www.cuballama.com\/noticias\/?p=223570"},"modified":"2025-10-22T11:29:59","modified_gmt":"2025-10-22T15:29:59","slug":"redes-estallan-por-la-traicion-de-estos-jovenes-que-se-retrataban-con-fidel-y-la-revolucion-detras-y-con-el-che-en-el-pecho","status":"publish","type":"post","link":"https:\/\/www.cuballama.com\/noticias\/redes-estallan-por-la-traicion-de-estos-jovenes-que-se-retrataban-con-fidel-y-la-revolucion-detras-y-con-el-che-en-el-pecho\/","title":{"rendered":"Redes estallan por la \u00abtraici\u00f3n\u00bb de estos j\u00f3venes que se retrataban con Fidel y la Revoluci\u00f3n detr\u00e1s, y con el Ch\u00e9 en el pecho"},"content":{"rendered":"\n<p>De defensor\u00eda militante en redes y foticos al lado de dirigentes a vida acad\u00e9mica en el extranjero: as\u00ed se resume el giro de Sheyla Torres Ricard, presunta ex dirigente de la Federaci\u00f3n Estudiantil Universitaria en la Universidad de Ciencias Inform\u00e1ticas, se\u00f1alada por su papel como \u201cciberclaria\u201d en campa\u00f1as de hostigamiento digital contra estudiantes cr\u00edticos y periodistas independientes. Y su novio&#8230; bueno, de \u00e9l hablaremos tambi\u00e9n. <\/p>\n\n\n\n<p>Hoy, seg\u00fan m\u00faltiples publicaciones, Sheyla reside en Valpara\u00edso cursando un doctorado. El dato reabre una discusi\u00f3n inc\u00f3moda: qu\u00e9 pasa cuando quienes se alinearon con la vigilancia pol\u00edtica dentro de universidades cubanas migran y abrazan, sin conflictos aparentes, las libertades que negaron a otros. La pregunta que circula es directa y no menor: \u00bfqui\u00e9n financia esos estudios, fondos p\u00fablicos chilenos o recursos vinculados a ETECSA? <\/p>\n\n\n\n<p>Y otra pregunta m\u00e1s interesante a\u00fan: \u00bfRegresar\u00e1 a retribuirle a la Patria todo lo que ella en su formaci\u00f3n se gast\u00f3?<\/p>\n\n\n\n<p>Es muy probable, casi seguro que no, pero la joven no afrontar\u00e1 el exilio <em>solana<\/em> o <em>solapeada<\/em>, como dir\u00eda el vulgo cubano. No. Torres Ricard no est\u00e1 sola. <\/p>\n\n\n\n<p>Su pareja, David Alonso D\u00edaz, igualmente identificado anta\u00f1o, con las ideas populistas y de sacrificio por el pa\u00eds como joven de la Federaci\u00f3n de Estudiantes Universitarios, comparte en redes una cotidianidad de oportunidades y estabilidad que contrasta con el clima de persecuci\u00f3n digital que ambos no sufrieron en la Isla. En una de las fotos se le ve orgulloso al lado de Manuel Marrero Cruz, Primer Ministro cubano, llevando como prenda un pull\u00f3ver con la imagen del llamado \u00abAsesino de la Caba\u00f1a\u00bb. En otra se le ve dando un discurso en un Congreso en la UCI. No, a cualquiera no le dan la palabra.<\/p>\n\n\n\n<iframe loading=\"lazy\" src=\"https:\/\/www.facebook.com\/plugins\/post.php?href=https%3A%2F%2Fwww.facebook.com%2FDeuntijeretazo%2Fposts%2Fpfbid0gEHFTKLKxRvZC9U3q4iKf63WPCVhwhhwkkziBaMMT9CPpEq58i1grGrVML56MQujl&#038;show_text=true&#038;width=500\" width=\"500\" height=\"748\" style=\"border:none;overflow:hidden\" scrolling=\"no\" frameborder=\"0\" allowfullscreen=\"true\" allow=\"autoplay; clipboard-write; encrypted-media; picture-in-picture; web-share\"><\/iframe>\n\n\n\n<p>El se\u00f1alamiento central de esta nota no discute el derecho a estudiar ni a rehacer la vida en otra latitud, pues de hecho David parece no haber perdido la oportunidad y el conocimiento que le brinda estar en otros lares y contrastar lo que le dec\u00edan en Cuba y cre\u00eda \u00e9l con la realidad; interroga, m\u00e1s bien, la coherencia \u00e9tica de quienes transitan de un rol de disciplinamiento ideol\u00f3gico a una posici\u00f3n de beneficiarios de sistemas que garantizan pluralismo, movilidad y debate; un pensamiento latente en miles de cubanos que sufrieron persecuci\u00f3n dentro de la isla.<\/p>\n\n\n\n<p>La exposici\u00f3n del caso, impulsada por el usuario SanMemero en X, revitaliza un debate m\u00e1s amplio en la di\u00e1spora cubana: \u00bfse trata de un simple proyecto acad\u00e9mico o de una prolongaci\u00f3n de la agenda propagand\u00edstica del r\u00e9gimen por v\u00eda de intercambios y becas? <\/p>\n\n\n\n<p>Las reacciones, previsiblemente polarizadas, oscilan entre la exigencia de escrutinio institucional y el escepticismo sobre que tales programas funcionen sin contrapartidas pol\u00edticas. No faltan quienes recuerdan que estos movimientos rara vez eligen destinos aliados del oficialismo, y que la preferencia por sistemas universitarios abiertos, competitivos y bien financiados habla por s\u00ed sola.<\/p>\n\n\n\n<p>M\u00e1s all\u00e1 del tono incendiario de algunos comentarios, permanece un n\u00facleo verificable y socialmente relevante: la universidad como campo de disputa, la exportaci\u00f3n de cuadros formados en cultura de obediencia y el uso de credenciales acad\u00e9micas como pasaporte de legitimidad. <\/p>\n\n\n\n<p>La Tijera promete seguir el rastro documental del financiamiento, los convenios y las redes de apoyo que facilitan estos trayectos. Al cierre, la pregunta vuelve a la superficie con la misma carga de urgencia de otros casos muy similares: \u00bfhay voluntad de transparencia sobre qui\u00e9n paga qu\u00e9, y qu\u00e9 se espera a cambio? \u00bfC\u00f3mo es que se obtienen estas becas? \u00bfPor qu\u00e9 unos s\u00ed pueden y otros no?<\/p>\n","protected":false},"excerpt":{"rendered":"<p>De defensor\u00eda militante en redes y foticos al lado de dirigentes a vida acad\u00e9mica en el extranjero: as\u00ed se resume el giro de Sheyla Torres Ricard, presunta ex dirigente de la Federaci\u00f3n Estudiantil Universitaria en la Universidad de Ciencias Inform\u00e1ticas, se\u00f1alada por su papel como \u201cciberclaria\u201d en campa\u00f1as de hostigamiento digital contra estudiantes cr\u00edticos y [&hellip;]<\/p>\n","protected":false},"author":13,"featured_media":223572,"comment_status":"open","ping_status":"closed","sticky":false,"template":"","format":"standard","meta":{"_acf_changed":false,"footnotes":""},"categories":[18,955],"tags":[15357,11199,1906,6878,28762,19240,28764,51,11904,8806,28765,9245,28763],"class_list":{"0":"post-223570","1":"post","2":"type-post","3":"status-publish","4":"format-standard","5":"has-post-thumbnail","7":"category-noticias","8":"category-noticias-de-cuba","9":"tag-academia","10":"tag-castrismo","11":"tag-chile","12":"tag-ciberclarias","13":"tag-david-alonso-diaz","14":"tag-diaspora-3","15":"tag-doctorado","16":"tag-etecsa","17":"tag-feu","18":"tag-propaganda","19":"tag-sheyla-torres-ricard","20":"tag-uci","21":"tag-valparaiso"},"acf":[],"yoast_head":"<!-- This site is optimized with the Yoast SEO plugin v27.4 - https:\/\/yoast.com\/product\/yoast-seo-wordpress\/ -->\n<title>Redes estallan por la &quot;traici\u00f3n&quot; de estos j\u00f3venes que se retrataban con Fidel y la Revoluci\u00f3n detr\u00e1s, y con el Ch\u00e9 en el pecho - Cuballama Noticias<\/title>\n<meta name=\"description\" content=\"Una pareja de j\u00f3venes cubanos identificados con las ideas de Fidel, el Ch\u00e9 y la Revoluci\u00f3n, se fueron a &quot;estudiar&quot; para Chile.\" \/>\n<meta name=\"robots\" content=\"index, follow, max-snippet:-1, max-image-preview:large, max-video-preview:-1\" \/>\n<link rel=\"canonical\" href=\"https:\/\/www.cuballama.com\/noticias\/redes-estallan-por-la-traicion-de-estos-jovenes-que-se-retrataban-con-fidel-y-la-revolucion-detras-y-con-el-che-en-el-pecho\/\" \/>\n<meta property=\"og:locale\" content=\"es_ES\" \/>\n<meta property=\"og:type\" content=\"article\" \/>\n<meta property=\"og:title\" content=\"Redes estallan por la &quot;traici\u00f3n&quot; de estos j\u00f3venes que se retrataban con Fidel y la Revoluci\u00f3n detr\u00e1s, y con el Ch\u00e9 en el pecho - Cuballama Noticias\" \/>\n<meta property=\"og:description\" content=\"Una pareja de j\u00f3venes cubanos identificados con las ideas de Fidel, el Ch\u00e9 y la Revoluci\u00f3n, se fueron a &quot;estudiar&quot; para Chile.\" \/>\n<meta property=\"og:url\" content=\"https:\/\/www.cuballama.com\/noticias\/redes-estallan-por-la-traicion-de-estos-jovenes-que-se-retrataban-con-fidel-y-la-revolucion-detras-y-con-el-che-en-el-pecho\/\" \/>\n<meta property=\"og:site_name\" content=\"Cuballama Noticias\" \/>\n<meta property=\"article:publisher\" content=\"https:\/\/www.facebook.com\/CubaLlama\" \/>\n<meta property=\"article:published_time\" content=\"2025-10-22T15:29:56+00:00\" \/>\n<meta property=\"article:modified_time\" content=\"2025-10-22T15:29:59+00:00\" \/>\n<meta property=\"og:image\" content=\"https:\/\/cdn1.mediawpaccore.net\/wp-content\/uploads\/2025\/10\/22092051\/image-92-1024x540.png\" \/>\n\t<meta property=\"og:image:width\" content=\"1024\" \/>\n\t<meta property=\"og:image:height\" content=\"540\" \/>\n\t<meta property=\"og:image:type\" content=\"image\/png\" \/>\n<meta name=\"author\" content=\"Roberto A.\" \/>\n<meta name=\"twitter:card\" content=\"summary_large_image\" \/>\n<meta name=\"twitter:creator\" content=\"@cuballama\" \/>\n<meta name=\"twitter:site\" content=\"@cuballama\" \/>\n<meta name=\"twitter:label1\" content=\"Escrito por\" \/>\n\t<meta name=\"twitter:data1\" content=\"Roberto A.\" \/>\n\t<meta name=\"twitter:label2\" content=\"Tiempo de lectura\" \/>\n\t<meta name=\"twitter:data2\" content=\"3 minutos\" \/>\n<script type=\"application\/ld+json\" class=\"yoast-schema-graph\">{\"@context\":\"https:\\\/\\\/schema.org\",\"@graph\":[{\"@type\":\"Article\",\"@id\":\"https:\\\/\\\/www.cuballama.com\\\/noticias\\\/redes-estallan-por-la-traicion-de-estos-jovenes-que-se-retrataban-con-fidel-y-la-revolucion-detras-y-con-el-che-en-el-pecho\\\/#article\",\"isPartOf\":{\"@id\":\"https:\\\/\\\/www.cuballama.com\\\/noticias\\\/redes-estallan-por-la-traicion-de-estos-jovenes-que-se-retrataban-con-fidel-y-la-revolucion-detras-y-con-el-che-en-el-pecho\\\/\"},\"author\":{\"name\":\"Roberto A.\",\"@id\":\"https:\\\/\\\/www.cuballama.com\\\/noticias\\\/#\\\/schema\\\/person\\\/a58502ed4146c8e9f83872e897c76cd2\"},\"headline\":\"Redes estallan por la \u00abtraici\u00f3n\u00bb de estos j\u00f3venes que se retrataban con Fidel y la Revoluci\u00f3n detr\u00e1s, y con el Ch\u00e9 en el pecho\",\"datePublished\":\"2025-10-22T15:29:56+00:00\",\"dateModified\":\"2025-10-22T15:29:59+00:00\",\"mainEntityOfPage\":{\"@id\":\"https:\\\/\\\/www.cuballama.com\\\/noticias\\\/redes-estallan-por-la-traicion-de-estos-jovenes-que-se-retrataban-con-fidel-y-la-revolucion-detras-y-con-el-che-en-el-pecho\\\/\"},\"wordCount\":658,\"commentCount\":0,\"publisher\":{\"@id\":\"https:\\\/\\\/www.cuballama.com\\\/noticias\\\/#organization\"},\"image\":{\"@id\":\"https:\\\/\\\/www.cuballama.com\\\/noticias\\\/redes-estallan-por-la-traicion-de-estos-jovenes-que-se-retrataban-con-fidel-y-la-revolucion-detras-y-con-el-che-en-el-pecho\\\/#primaryimage\"},\"thumbnailUrl\":\"https:\\\/\\\/cdn1.mediawpaccore.net\\\/wp-content\\\/uploads\\\/2025\\\/10\\\/22092051\\\/image-92.png\",\"keywords\":[\"Academia\",\"castrismo\",\"Chile\",\"Ciberclarias\",\"David Alonso D\u00edaz\",\"Di\u00e1spora\",\"doctorado\",\"Etecsa\",\"FEU\",\"propaganda\",\"Sheyla Torres Ricard\",\"UCI\",\"Valpara\u00edso\"],\"articleSection\":[\"Noticias\",\"Noticias de Cuba\"],\"inLanguage\":\"es\",\"potentialAction\":[{\"@type\":\"CommentAction\",\"name\":\"Comment\",\"target\":[\"https:\\\/\\\/www.cuballama.com\\\/noticias\\\/redes-estallan-por-la-traicion-de-estos-jovenes-que-se-retrataban-con-fidel-y-la-revolucion-detras-y-con-el-che-en-el-pecho\\\/#respond\"]}]},{\"@type\":\"WebPage\",\"@id\":\"https:\\\/\\\/www.cuballama.com\\\/noticias\\\/redes-estallan-por-la-traicion-de-estos-jovenes-que-se-retrataban-con-fidel-y-la-revolucion-detras-y-con-el-che-en-el-pecho\\\/\",\"url\":\"https:\\\/\\\/www.cuballama.com\\\/noticias\\\/redes-estallan-por-la-traicion-de-estos-jovenes-que-se-retrataban-con-fidel-y-la-revolucion-detras-y-con-el-che-en-el-pecho\\\/\",\"name\":\"Redes estallan por la \\\"traici\u00f3n\\\" de estos j\u00f3venes que se retrataban con Fidel y la Revoluci\u00f3n detr\u00e1s, y con el Ch\u00e9 en el pecho - Cuballama Noticias\",\"isPartOf\":{\"@id\":\"https:\\\/\\\/www.cuballama.com\\\/noticias\\\/#website\"},\"primaryImageOfPage\":{\"@id\":\"https:\\\/\\\/www.cuballama.com\\\/noticias\\\/redes-estallan-por-la-traicion-de-estos-jovenes-que-se-retrataban-con-fidel-y-la-revolucion-detras-y-con-el-che-en-el-pecho\\\/#primaryimage\"},\"image\":{\"@id\":\"https:\\\/\\\/www.cuballama.com\\\/noticias\\\/redes-estallan-por-la-traicion-de-estos-jovenes-que-se-retrataban-con-fidel-y-la-revolucion-detras-y-con-el-che-en-el-pecho\\\/#primaryimage\"},\"thumbnailUrl\":\"https:\\\/\\\/cdn1.mediawpaccore.net\\\/wp-content\\\/uploads\\\/2025\\\/10\\\/22092051\\\/image-92.png\",\"datePublished\":\"2025-10-22T15:29:56+00:00\",\"dateModified\":\"2025-10-22T15:29:59+00:00\",\"description\":\"Una pareja de j\u00f3venes cubanos identificados con las ideas de Fidel, el Ch\u00e9 y la Revoluci\u00f3n, se fueron a \\\"estudiar\\\" para Chile.\",\"breadcrumb\":{\"@id\":\"https:\\\/\\\/www.cuballama.com\\\/noticias\\\/redes-estallan-por-la-traicion-de-estos-jovenes-que-se-retrataban-con-fidel-y-la-revolucion-detras-y-con-el-che-en-el-pecho\\\/#breadcrumb\"},\"inLanguage\":\"es\",\"potentialAction\":[{\"@type\":\"ReadAction\",\"target\":[\"https:\\\/\\\/www.cuballama.com\\\/noticias\\\/redes-estallan-por-la-traicion-de-estos-jovenes-que-se-retrataban-con-fidel-y-la-revolucion-detras-y-con-el-che-en-el-pecho\\\/\"]}]},{\"@type\":\"ImageObject\",\"inLanguage\":\"es\",\"@id\":\"https:\\\/\\\/www.cuballama.com\\\/noticias\\\/redes-estallan-por-la-traicion-de-estos-jovenes-que-se-retrataban-con-fidel-y-la-revolucion-detras-y-con-el-che-en-el-pecho\\\/#primaryimage\",\"url\":\"https:\\\/\\\/cdn1.mediawpaccore.net\\\/wp-content\\\/uploads\\\/2025\\\/10\\\/22092051\\\/image-92.png\",\"contentUrl\":\"https:\\\/\\\/cdn1.mediawpaccore.net\\\/wp-content\\\/uploads\\\/2025\\\/10\\\/22092051\\\/image-92.png\",\"width\":1976,\"height\":1042,\"caption\":\"El joven que aparece en la foto con el pullover del Ch\u00e9 yla joven que posa para la c\u00e1mara delante de un cartel que dice \\\"Revoluci\u00f3n es Construir\\\" ahora se encuentran estudiando (viviendo) en... Foto: Collage v\u00eda La Tijera\"},{\"@type\":\"BreadcrumbList\",\"@id\":\"https:\\\/\\\/www.cuballama.com\\\/noticias\\\/redes-estallan-por-la-traicion-de-estos-jovenes-que-se-retrataban-con-fidel-y-la-revolucion-detras-y-con-el-che-en-el-pecho\\\/#breadcrumb\",\"itemListElement\":[{\"@type\":\"ListItem\",\"position\":1,\"name\":\"Home\",\"item\":\"https:\\\/\\\/www.cuballama.com\\\/noticias\\\/\"},{\"@type\":\"ListItem\",\"position\":2,\"name\":\"Redes estallan por la \u00abtraici\u00f3n\u00bb de estos j\u00f3venes que se retrataban con Fidel y la Revoluci\u00f3n detr\u00e1s, y con el Ch\u00e9 en el pecho\"}]},{\"@type\":\"WebSite\",\"@id\":\"https:\\\/\\\/www.cuballama.com\\\/noticias\\\/#website\",\"url\":\"https:\\\/\\\/www.cuballama.com\\\/noticias\\\/\",\"name\":\"Cuballama Noticias\",\"description\":\"Medio digital sobre Cuba y el mundo\",\"publisher\":{\"@id\":\"https:\\\/\\\/www.cuballama.com\\\/noticias\\\/#organization\"},\"potentialAction\":[{\"@type\":\"SearchAction\",\"target\":{\"@type\":\"EntryPoint\",\"urlTemplate\":\"https:\\\/\\\/www.cuballama.com\\\/noticias\\\/?s={search_term_string}\"},\"query-input\":{\"@type\":\"PropertyValueSpecification\",\"valueRequired\":true,\"valueName\":\"search_term_string\"}}],\"inLanguage\":\"es\"},{\"@type\":\"Organization\",\"@id\":\"https:\\\/\\\/www.cuballama.com\\\/noticias\\\/#organization\",\"name\":\"Cuballama\",\"url\":\"https:\\\/\\\/www.cuballama.com\\\/noticias\\\/\",\"logo\":{\"@type\":\"ImageObject\",\"inLanguage\":\"es\",\"@id\":\"https:\\\/\\\/www.cuballama.com\\\/noticias\\\/#\\\/schema\\\/logo\\\/image\\\/\",\"url\":\"https:\\\/\\\/cdn1.mediawpaccore.net\\\/wp-content\\\/uploads\\\/2021\\\/12\\\/28171206\\\/cbll-logo-color-sm.png\",\"contentUrl\":\"https:\\\/\\\/cdn1.mediawpaccore.net\\\/wp-content\\\/uploads\\\/2021\\\/12\\\/28171206\\\/cbll-logo-color-sm.png\",\"width\":600,\"height\":133,\"caption\":\"Cuballama\"},\"image\":{\"@id\":\"https:\\\/\\\/www.cuballama.com\\\/noticias\\\/#\\\/schema\\\/logo\\\/image\\\/\"},\"sameAs\":[\"https:\\\/\\\/www.facebook.com\\\/CubaLlama\",\"https:\\\/\\\/x.com\\\/cuballama\",\"https:\\\/\\\/www.instagram.com\\\/stories\\\/cuballama_oficial\\\/\",\"https:\\\/\\\/www.youtube.com\\\/channel\\\/UCKkFE-d_axENGZcrc4as0IA\"]},{\"@type\":\"Person\",\"@id\":\"https:\\\/\\\/www.cuballama.com\\\/noticias\\\/#\\\/schema\\\/person\\\/a58502ed4146c8e9f83872e897c76cd2\",\"name\":\"Roberto A.\",\"description\":\"Roberto A. Periodista por decisi\u00f3n propia. Interesado en cualquier tema que me apasione y cada vez m\u00e1s comprometido con la verdad y la objetividad period\u00edstica. Graduado en La Habana hace ya muchos a\u00f1os, luego de una accidentada y polvorienta b\u00fasqueda de informaci\u00f3n sobre un tema in\u00e9dito. La Tesis, por cierto, desapareci\u00f3 de la biblioteca y no se conservan copias de la misma.\",\"url\":\"https:\\\/\\\/www.cuballama.com\\\/noticias\\\/author\\\/roberto\\\/\"}]}<\/script>\n<!-- \/ Yoast SEO plugin. -->","yoast_head_json":{"title":"Redes estallan por la \"traici\u00f3n\" de estos j\u00f3venes que se retrataban con Fidel y la Revoluci\u00f3n detr\u00e1s, y con el Ch\u00e9 en el pecho - Cuballama Noticias","description":"Una pareja de j\u00f3venes cubanos identificados con las ideas de Fidel, el Ch\u00e9 y la Revoluci\u00f3n, se fueron a \"estudiar\" para Chile.","robots":{"index":"index","follow":"follow","max-snippet":"max-snippet:-1","max-image-preview":"max-image-preview:large","max-video-preview":"max-video-preview:-1"},"canonical":"https:\/\/www.cuballama.com\/noticias\/redes-estallan-por-la-traicion-de-estos-jovenes-que-se-retrataban-con-fidel-y-la-revolucion-detras-y-con-el-che-en-el-pecho\/","og_locale":"es_ES","og_type":"article","og_title":"Redes estallan por la \"traici\u00f3n\" de estos j\u00f3venes que se retrataban con Fidel y la Revoluci\u00f3n detr\u00e1s, y con el Ch\u00e9 en el pecho - Cuballama Noticias","og_description":"Una pareja de j\u00f3venes cubanos identificados con las ideas de Fidel, el Ch\u00e9 y la Revoluci\u00f3n, se fueron a \"estudiar\" para Chile.","og_url":"https:\/\/www.cuballama.com\/noticias\/redes-estallan-por-la-traicion-de-estos-jovenes-que-se-retrataban-con-fidel-y-la-revolucion-detras-y-con-el-che-en-el-pecho\/","og_site_name":"Cuballama Noticias","article_publisher":"https:\/\/www.facebook.com\/CubaLlama","article_published_time":"2025-10-22T15:29:56+00:00","article_modified_time":"2025-10-22T15:29:59+00:00","og_image":[{"width":1024,"height":540,"url":"https:\/\/cdn1.mediawpaccore.net\/wp-content\/uploads\/2025\/10\/22092051\/image-92-1024x540.png","type":"image\/png"}],"author":"Roberto A.","twitter_card":"summary_large_image","twitter_creator":"@cuballama","twitter_site":"@cuballama","twitter_misc":{"Escrito por":"Roberto A.","Tiempo de lectura":"3 minutos"},"schema":{"@context":"https:\/\/schema.org","@graph":[{"@type":"Article","@id":"https:\/\/www.cuballama.com\/noticias\/redes-estallan-por-la-traicion-de-estos-jovenes-que-se-retrataban-con-fidel-y-la-revolucion-detras-y-con-el-che-en-el-pecho\/#article","isPartOf":{"@id":"https:\/\/www.cuballama.com\/noticias\/redes-estallan-por-la-traicion-de-estos-jovenes-que-se-retrataban-con-fidel-y-la-revolucion-detras-y-con-el-che-en-el-pecho\/"},"author":{"name":"Roberto A.","@id":"https:\/\/www.cuballama.com\/noticias\/#\/schema\/person\/a58502ed4146c8e9f83872e897c76cd2"},"headline":"Redes estallan por la \u00abtraici\u00f3n\u00bb de estos j\u00f3venes que se retrataban con Fidel y la Revoluci\u00f3n detr\u00e1s, y con el Ch\u00e9 en el pecho","datePublished":"2025-10-22T15:29:56+00:00","dateModified":"2025-10-22T15:29:59+00:00","mainEntityOfPage":{"@id":"https:\/\/www.cuballama.com\/noticias\/redes-estallan-por-la-traicion-de-estos-jovenes-que-se-retrataban-con-fidel-y-la-revolucion-detras-y-con-el-che-en-el-pecho\/"},"wordCount":658,"commentCount":0,"publisher":{"@id":"https:\/\/www.cuballama.com\/noticias\/#organization"},"image":{"@id":"https:\/\/www.cuballama.com\/noticias\/redes-estallan-por-la-traicion-de-estos-jovenes-que-se-retrataban-con-fidel-y-la-revolucion-detras-y-con-el-che-en-el-pecho\/#primaryimage"},"thumbnailUrl":"https:\/\/cdn1.mediawpaccore.net\/wp-content\/uploads\/2025\/10\/22092051\/image-92.png","keywords":["Academia","castrismo","Chile","Ciberclarias","David Alonso D\u00edaz","Di\u00e1spora","doctorado","Etecsa","FEU","propaganda","Sheyla Torres Ricard","UCI","Valpara\u00edso"],"articleSection":["Noticias","Noticias de Cuba"],"inLanguage":"es","potentialAction":[{"@type":"CommentAction","name":"Comment","target":["https:\/\/www.cuballama.com\/noticias\/redes-estallan-por-la-traicion-de-estos-jovenes-que-se-retrataban-con-fidel-y-la-revolucion-detras-y-con-el-che-en-el-pecho\/#respond"]}]},{"@type":"WebPage","@id":"https:\/\/www.cuballama.com\/noticias\/redes-estallan-por-la-traicion-de-estos-jovenes-que-se-retrataban-con-fidel-y-la-revolucion-detras-y-con-el-che-en-el-pecho\/","url":"https:\/\/www.cuballama.com\/noticias\/redes-estallan-por-la-traicion-de-estos-jovenes-que-se-retrataban-con-fidel-y-la-revolucion-detras-y-con-el-che-en-el-pecho\/","name":"Redes estallan por la \"traici\u00f3n\" de estos j\u00f3venes que se retrataban con Fidel y la Revoluci\u00f3n detr\u00e1s, y con el Ch\u00e9 en el pecho - Cuballama Noticias","isPartOf":{"@id":"https:\/\/www.cuballama.com\/noticias\/#website"},"primaryImageOfPage":{"@id":"https:\/\/www.cuballama.com\/noticias\/redes-estallan-por-la-traicion-de-estos-jovenes-que-se-retrataban-con-fidel-y-la-revolucion-detras-y-con-el-che-en-el-pecho\/#primaryimage"},"image":{"@id":"https:\/\/www.cuballama.com\/noticias\/redes-estallan-por-la-traicion-de-estos-jovenes-que-se-retrataban-con-fidel-y-la-revolucion-detras-y-con-el-che-en-el-pecho\/#primaryimage"},"thumbnailUrl":"https:\/\/cdn1.mediawpaccore.net\/wp-content\/uploads\/2025\/10\/22092051\/image-92.png","datePublished":"2025-10-22T15:29:56+00:00","dateModified":"2025-10-22T15:29:59+00:00","description":"Una pareja de j\u00f3venes cubanos identificados con las ideas de Fidel, el Ch\u00e9 y la Revoluci\u00f3n, se fueron a \"estudiar\" para Chile.","breadcrumb":{"@id":"https:\/\/www.cuballama.com\/noticias\/redes-estallan-por-la-traicion-de-estos-jovenes-que-se-retrataban-con-fidel-y-la-revolucion-detras-y-con-el-che-en-el-pecho\/#breadcrumb"},"inLanguage":"es","potentialAction":[{"@type":"ReadAction","target":["https:\/\/www.cuballama.com\/noticias\/redes-estallan-por-la-traicion-de-estos-jovenes-que-se-retrataban-con-fidel-y-la-revolucion-detras-y-con-el-che-en-el-pecho\/"]}]},{"@type":"ImageObject","inLanguage":"es","@id":"https:\/\/www.cuballama.com\/noticias\/redes-estallan-por-la-traicion-de-estos-jovenes-que-se-retrataban-con-fidel-y-la-revolucion-detras-y-con-el-che-en-el-pecho\/#primaryimage","url":"https:\/\/cdn1.mediawpaccore.net\/wp-content\/uploads\/2025\/10\/22092051\/image-92.png","contentUrl":"https:\/\/cdn1.mediawpaccore.net\/wp-content\/uploads\/2025\/10\/22092051\/image-92.png","width":1976,"height":1042,"caption":"El joven que aparece en la foto con el pullover del Ch\u00e9 yla joven que posa para la c\u00e1mara delante de un cartel que dice \"Revoluci\u00f3n es Construir\" ahora se encuentran estudiando (viviendo) en... Foto: Collage v\u00eda La Tijera"},{"@type":"BreadcrumbList","@id":"https:\/\/www.cuballama.com\/noticias\/redes-estallan-por-la-traicion-de-estos-jovenes-que-se-retrataban-con-fidel-y-la-revolucion-detras-y-con-el-che-en-el-pecho\/#breadcrumb","itemListElement":[{"@type":"ListItem","position":1,"name":"Home","item":"https:\/\/www.cuballama.com\/noticias\/"},{"@type":"ListItem","position":2,"name":"Redes estallan por la \u00abtraici\u00f3n\u00bb de estos j\u00f3venes que se retrataban con Fidel y la Revoluci\u00f3n detr\u00e1s, y con el Ch\u00e9 en el pecho"}]},{"@type":"WebSite","@id":"https:\/\/www.cuballama.com\/noticias\/#website","url":"https:\/\/www.cuballama.com\/noticias\/","name":"Cuballama Noticias","description":"Medio digital sobre Cuba y el mundo","publisher":{"@id":"https:\/\/www.cuballama.com\/noticias\/#organization"},"potentialAction":[{"@type":"SearchAction","target":{"@type":"EntryPoint","urlTemplate":"https:\/\/www.cuballama.com\/noticias\/?s={search_term_string}"},"query-input":{"@type":"PropertyValueSpecification","valueRequired":true,"valueName":"search_term_string"}}],"inLanguage":"es"},{"@type":"Organization","@id":"https:\/\/www.cuballama.com\/noticias\/#organization","name":"Cuballama","url":"https:\/\/www.cuballama.com\/noticias\/","logo":{"@type":"ImageObject","inLanguage":"es","@id":"https:\/\/www.cuballama.com\/noticias\/#\/schema\/logo\/image\/","url":"https:\/\/cdn1.mediawpaccore.net\/wp-content\/uploads\/2021\/12\/28171206\/cbll-logo-color-sm.png","contentUrl":"https:\/\/cdn1.mediawpaccore.net\/wp-content\/uploads\/2021\/12\/28171206\/cbll-logo-color-sm.png","width":600,"height":133,"caption":"Cuballama"},"image":{"@id":"https:\/\/www.cuballama.com\/noticias\/#\/schema\/logo\/image\/"},"sameAs":["https:\/\/www.facebook.com\/CubaLlama","https:\/\/x.com\/cuballama","https:\/\/www.instagram.com\/stories\/cuballama_oficial\/","https:\/\/www.youtube.com\/channel\/UCKkFE-d_axENGZcrc4as0IA"]},{"@type":"Person","@id":"https:\/\/www.cuballama.com\/noticias\/#\/schema\/person\/a58502ed4146c8e9f83872e897c76cd2","name":"Roberto A.","description":"Roberto A. Periodista por decisi\u00f3n propia. Interesado en cualquier tema que me apasione y cada vez m\u00e1s comprometido con la verdad y la objetividad period\u00edstica. Graduado en La Habana hace ya muchos a\u00f1os, luego de una accidentada y polvorienta b\u00fasqueda de informaci\u00f3n sobre un tema in\u00e9dito. La Tesis, por cierto, desapareci\u00f3 de la biblioteca y no se conservan copias de la misma.","url":"https:\/\/www.cuballama.com\/noticias\/author\/roberto\/"}]}},"_links":{"self":[{"href":"https:\/\/www.cuballama.com\/noticias\/wp-json\/wp\/v2\/posts\/223570","targetHints":{"allow":["GET"]}}],"collection":[{"href":"https:\/\/www.cuballama.com\/noticias\/wp-json\/wp\/v2\/posts"}],"about":[{"href":"https:\/\/www.cuballama.com\/noticias\/wp-json\/wp\/v2\/types\/post"}],"author":[{"embeddable":true,"href":"https:\/\/www.cuballama.com\/noticias\/wp-json\/wp\/v2\/users\/13"}],"replies":[{"embeddable":true,"href":"https:\/\/www.cuballama.com\/noticias\/wp-json\/wp\/v2\/comments?post=223570"}],"version-history":[{"count":4,"href":"https:\/\/www.cuballama.com\/noticias\/wp-json\/wp\/v2\/posts\/223570\/revisions"}],"predecessor-version":[{"id":223575,"href":"https:\/\/www.cuballama.com\/noticias\/wp-json\/wp\/v2\/posts\/223570\/revisions\/223575"}],"wp:featuredmedia":[{"embeddable":true,"href":"https:\/\/www.cuballama.com\/noticias\/wp-json\/wp\/v2\/media\/223572"}],"wp:attachment":[{"href":"https:\/\/www.cuballama.com\/noticias\/wp-json\/wp\/v2\/media?parent=223570"}],"wp:term":[{"taxonomy":"category","embeddable":true,"href":"https:\/\/www.cuballama.com\/noticias\/wp-json\/wp\/v2\/categories?post=223570"},{"taxonomy":"post_tag","embeddable":true,"href":"https:\/\/www.cuballama.com\/noticias\/wp-json\/wp\/v2\/tags?post=223570"}],"curies":[{"name":"wp","href":"https:\/\/api.w.org\/{rel}","templated":true}]}}