{"id":223440,"date":"2025-10-22T11:33:04","date_gmt":"2025-10-22T15:33:04","guid":{"rendered":"https:\/\/www.cuballama.com\/noticias\/?p=223440"},"modified":"2025-10-22T11:33:07","modified_gmt":"2025-10-22T15:33:07","slug":"mas-cargos-contra-pareja-acusada-de-estafar-con-falsos-viajes-a-cuba","status":"publish","type":"post","link":"https:\/\/www.cuballama.com\/noticias\/mas-cargos-contra-pareja-acusada-de-estafar-con-falsos-viajes-a-cuba\/","title":{"rendered":"M\u00e1s cargos contra pareja acusada de estafar con falsos viajes a Cuba"},"content":{"rendered":"\n<p>Una mujer de 60 a\u00f1os residente en Key West, identificada como <strong>Traci Leann Culiver-S\u00e1nchez<\/strong>, enfrenta nuevos cargos por robo tras una investigaci\u00f3n en curso del <em>Monroe County Sheriff\u2019s Office<\/em>. Culiver-S\u00e1nchez ya hab\u00eda sido arrestada a inicios de este a\u00f1o junto a su presunto socio, <strong>Steven Carl S\u00e1nchez<\/strong>, de 54 a\u00f1os, por operar un esquema de viajes fraudulentos que ofrec\u00eda excursiones a Cuba y otros destinos sin cumplir los servicios prometidos ni devolver el dinero de los clientes, se\u00f1ala <em><a href=\"https:\/\/www.nbcmiami.com\/news\/local\/key-west-woman-facing-new-charges-after-arrest-in-cuba-travel-scam-sheriff\/3708011\/\" target=\"_blank\" rel=\"noreferrer noopener nofollow\">NBC Miami.<\/a><\/em><\/p>\n\n\n\n<p>De acuerdo con la oficina del sheriff, los acusados se presentaban como agentes de viajes y promocionaban paquetes tur\u00edsticos a trav\u00e9s de supuestas agencias registradas a su nombre. Uno de los grupos de v\u00edctimas denunci\u00f3 haber pagado aproximadamente 4.000 d\u00f3lares por persona para un viaje a Cuba previsto para el 5 de diciembre de 2024. Los participantes deb\u00edan reunirse con los organizadores en el Aeropuerto Internacional de Miami, pero la pareja lleg\u00f3 tarde y el grupo perdi\u00f3 su vuelo. Aunque las reservas fueron reprogramadas, horas m\u00e1s tarde el viaje fue cancelado por completo y los clientes nunca recibieron reembolso alguno.<\/p>\n\n\n\n<p>Los detectives determinaron que ni Culiver-S\u00e1nchez ni S\u00e1nchez estaban registrados ante el Departamento de Agricultura y Servicios al Consumidor de Florida como \u201csellers of travel\u201d, requisito legal para operar como agencia tur\u00edstica en el estado. <a href=\"https:\/\/wsvn.com\/news\/local\/florida\/key-west-couple-posing-as-travel-agents-arrested-in-cuba-trip-scam-authorities-say\/\" target=\"_blank\" rel=\"noreferrer noopener nofollow\">Ambos fueron arrestados en abril <\/a>por varios cargos de robo mayor y por ofrecer o vender servicios de viaje sin la licencia exigida para tratar con pa\u00edses clasificados como \u201cestados terroristas\u201d, una categor\u00eda en la que Washington mantiene a Cuba.<\/p>\n\n\n\n<p>Desde entonces, nuevas denuncias han surgido, destaca <em><a href=\"https:\/\/wsvn.com\/news\/local\/florida\/key-west-woman-faces-new-charges-in-travel-scam-involving-fake-cuba-and-fishing-trips-authorities-say\" target=\"_blank\" rel=\"noreferrer noopener nofollow\">WSVN<\/a><\/em>. Otros afectados aseguran haber contratado viajes de pesca con la misma compa\u00f1\u00eda y relataron un patr\u00f3n similar: cancelaciones repentinas y ausencia total de reembolsos. Los investigadores confirmaron que la empresa utilizada para las operaciones fraudulentas nunca estuvo debidamente inscrita en los registros estatales.<\/p>\n\n\n\n<figure class=\"wp-block-image size-large\"><img loading=\"lazy\" decoding=\"async\" width=\"1024\" height=\"305\" src=\"https:\/\/cdn1.mediawpaccore.net\/wp-content\/uploads\/2025\/10\/21111831\/image-87-1024x305.png\" alt=\"\" class=\"wp-image-223441\" srcset=\"https:\/\/cdn1.mediawpaccore.net\/wp-content\/uploads\/2025\/10\/21111831\/image-87-1024x305.png 1024w, https:\/\/cdn1.mediawpaccore.net\/wp-content\/uploads\/2025\/10\/21111831\/image-87-300x89.png 300w, https:\/\/cdn1.mediawpaccore.net\/wp-content\/uploads\/2025\/10\/21111831\/image-87-768x229.png 768w, https:\/\/cdn1.mediawpaccore.net\/wp-content\/uploads\/2025\/10\/21111831\/image-87-1411x420.png 1411w, https:\/\/cdn1.mediawpaccore.net\/wp-content\/uploads\/2025\/10\/21111831\/image-87-150x45.png 150w, https:\/\/cdn1.mediawpaccore.net\/wp-content\/uploads\/2025\/10\/21111831\/image-87-696x207.png 696w, https:\/\/cdn1.mediawpaccore.net\/wp-content\/uploads\/2025\/10\/21111831\/image-87-1068x318.png 1068w, https:\/\/cdn1.mediawpaccore.net\/wp-content\/uploads\/2025\/10\/21111831\/image-87.png 1518w\" sizes=\"auto, (max-width: 1024px) 100vw, 1024px\" \/><\/figure>\n\n\n\n<p>Seg\u00fan el portavoz del sheriff, Adam Linhardt, la investigaci\u00f3n sigue abierta y se prev\u00e9 que m\u00e1s cargos puedan sumarse mientras se identifican nuevas v\u00edctimas. Tanto Culiver-S\u00e1nchez como S\u00e1nchez fueron ingresados en la c\u00e1rcel del condado de Monroe tras la emisi\u00f3n de \u00f3rdenes judiciales.<\/p>\n\n\n\n<p>El caso ha despertado atenci\u00f3n en el sur de Florida, donde las restricciones de viaje a Cuba y la falta de supervisi\u00f3n sobre operadores tur\u00edsticos independientes contin\u00faan generando oportunidades para fraudes similares.<\/p>\n\n\n\n<p>Recuerda adem\u00e1s la importancia de reservar con agencias y operadores confiables, de renombre y establecidos, no de cualquier Don Juan de los Palotes que aparece prometiendo villas y castillos.<\/p>\n\n\n\n<p><\/p>\n\n\n\n<p><\/p>\n","protected":false},"excerpt":{"rendered":"<p>El caso ha despertado atenci\u00f3n en el sur de Florida, donde las restricciones de viaje a Cuba y la falta de supervisi\u00f3n sobre operadores tur\u00edsticos independientes contin\u00faan generando oportunidades para fraudes similares.<\/p>\n","protected":false},"author":13,"featured_media":223442,"comment_status":"open","ping_status":"closed","sticky":false,"template":"","format":"standard","meta":{"_acf_changed":false,"footnotes":""},"categories":[18,11024],"tags":[941,3652,314,52,800,15207,28751,11284,28753,28752,219,1019],"class_list":{"0":"post-223440","1":"post","2":"type-post","3":"status-publish","4":"format-standard","5":"has-post-thumbnail","7":"category-noticias","8":"category-noticias-de-miami","9":"tag-destacado","10":"tag-estafa","11":"tag-florida","12":"tag-fraude","13":"tag-justicia","14":"tag-key-west","15":"tag-monroe-county","16":"tag-policia-2","17":"tag-steven-carl-sanchez","18":"tag-traci-leann-culiver-sanchez","19":"tag-turismo","20":"tag-viajes-a-cuba"},"acf":[],"yoast_head":"<!-- This site is optimized with the Yoast SEO plugin v27.5 - https:\/\/yoast.com\/product\/yoast-seo-wordpress\/ -->\n<title>M\u00e1s cargos contra pareja acusada de estafar con falsos viajes a Cuba - Cuballama Noticias<\/title>\n<meta name=\"description\" content=\"Traci Leann Culiver-S\u00e1nchez, y Steven Carl S\u00e1nchez ofrec\u00edan viajes a Cuba a clientes. Estos viajes eran falsos y los clientes estafados.\" \/>\n<meta name=\"robots\" content=\"index, follow, max-snippet:-1, max-image-preview:large, max-video-preview:-1\" \/>\n<link rel=\"canonical\" href=\"https:\/\/www.cuballama.com\/noticias\/mas-cargos-contra-pareja-acusada-de-estafar-con-falsos-viajes-a-cuba\/\" \/>\n<meta property=\"og:locale\" content=\"es_ES\" \/>\n<meta property=\"og:type\" content=\"article\" \/>\n<meta property=\"og:title\" content=\"M\u00e1s cargos contra pareja acusada de estafar con falsos viajes a Cuba - Cuballama Noticias\" \/>\n<meta property=\"og:description\" content=\"Traci Leann Culiver-S\u00e1nchez, y Steven Carl S\u00e1nchez ofrec\u00edan viajes a Cuba a clientes. Estos viajes eran falsos y los clientes estafados.\" \/>\n<meta property=\"og:url\" content=\"https:\/\/www.cuballama.com\/noticias\/mas-cargos-contra-pareja-acusada-de-estafar-con-falsos-viajes-a-cuba\/\" \/>\n<meta property=\"og:site_name\" content=\"Cuballama Noticias\" \/>\n<meta property=\"article:publisher\" content=\"https:\/\/www.facebook.com\/CubaLlama\" \/>\n<meta property=\"article:published_time\" content=\"2025-10-22T15:33:04+00:00\" \/>\n<meta property=\"article:modified_time\" content=\"2025-10-22T15:33:07+00:00\" \/>\n<meta property=\"og:image\" content=\"https:\/\/cdn1.mediawpaccore.net\/wp-content\/uploads\/2025\/10\/21112110\/Screenshot-2025-10-21-112022.png\" \/>\n\t<meta property=\"og:image:width\" content=\"2016\" \/>\n\t<meta property=\"og:image:height\" content=\"1104\" \/>\n\t<meta property=\"og:image:type\" content=\"image\/png\" \/>\n<meta name=\"author\" content=\"Roberto A.\" \/>\n<meta name=\"twitter:card\" content=\"summary_large_image\" \/>\n<meta name=\"twitter:creator\" content=\"@cuballama\" \/>\n<meta name=\"twitter:site\" content=\"@cuballama\" \/>\n<meta name=\"twitter:label1\" content=\"Escrito por\" \/>\n\t<meta name=\"twitter:data1\" content=\"Roberto A.\" \/>\n\t<meta name=\"twitter:label2\" content=\"Tiempo de lectura\" \/>\n\t<meta name=\"twitter:data2\" content=\"3 minutos\" \/>\n<script type=\"application\/ld+json\" class=\"yoast-schema-graph\">{\"@context\":\"https:\\\/\\\/schema.org\",\"@graph\":[{\"@type\":\"Article\",\"@id\":\"https:\\\/\\\/www.cuballama.com\\\/noticias\\\/mas-cargos-contra-pareja-acusada-de-estafar-con-falsos-viajes-a-cuba\\\/#article\",\"isPartOf\":{\"@id\":\"https:\\\/\\\/www.cuballama.com\\\/noticias\\\/mas-cargos-contra-pareja-acusada-de-estafar-con-falsos-viajes-a-cuba\\\/\"},\"author\":{\"name\":\"Roberto A.\",\"@id\":\"https:\\\/\\\/www.cuballama.com\\\/noticias\\\/#\\\/schema\\\/person\\\/a58502ed4146c8e9f83872e897c76cd2\"},\"headline\":\"M\u00e1s cargos contra pareja acusada de estafar con falsos viajes a Cuba\",\"datePublished\":\"2025-10-22T15:33:04+00:00\",\"dateModified\":\"2025-10-22T15:33:07+00:00\",\"mainEntityOfPage\":{\"@id\":\"https:\\\/\\\/www.cuballama.com\\\/noticias\\\/mas-cargos-contra-pareja-acusada-de-estafar-con-falsos-viajes-a-cuba\\\/\"},\"wordCount\":455,\"commentCount\":0,\"publisher\":{\"@id\":\"https:\\\/\\\/www.cuballama.com\\\/noticias\\\/#organization\"},\"image\":{\"@id\":\"https:\\\/\\\/www.cuballama.com\\\/noticias\\\/mas-cargos-contra-pareja-acusada-de-estafar-con-falsos-viajes-a-cuba\\\/#primaryimage\"},\"thumbnailUrl\":\"https:\\\/\\\/cdn1.mediawpaccore.net\\\/wp-content\\\/uploads\\\/2025\\\/10\\\/21112110\\\/Screenshot-2025-10-21-112022.png\",\"keywords\":[\"destacado\",\"estafa\",\"Florida\",\"fraude\",\"Justicia\",\"Key West\",\"monroe county\",\"polic\u00eda\",\"steven carl s\u00e1nchez\",\"traci leann culiver-s\u00e1nchez\",\"turismo\",\"Viajes a Cuba\"],\"articleSection\":[\"Noticias\",\"Noticias de Miami\"],\"inLanguage\":\"es\",\"potentialAction\":[{\"@type\":\"CommentAction\",\"name\":\"Comment\",\"target\":[\"https:\\\/\\\/www.cuballama.com\\\/noticias\\\/mas-cargos-contra-pareja-acusada-de-estafar-con-falsos-viajes-a-cuba\\\/#respond\"]}]},{\"@type\":\"WebPage\",\"@id\":\"https:\\\/\\\/www.cuballama.com\\\/noticias\\\/mas-cargos-contra-pareja-acusada-de-estafar-con-falsos-viajes-a-cuba\\\/\",\"url\":\"https:\\\/\\\/www.cuballama.com\\\/noticias\\\/mas-cargos-contra-pareja-acusada-de-estafar-con-falsos-viajes-a-cuba\\\/\",\"name\":\"M\u00e1s cargos contra pareja acusada de estafar con falsos viajes a Cuba - Cuballama Noticias\",\"isPartOf\":{\"@id\":\"https:\\\/\\\/www.cuballama.com\\\/noticias\\\/#website\"},\"primaryImageOfPage\":{\"@id\":\"https:\\\/\\\/www.cuballama.com\\\/noticias\\\/mas-cargos-contra-pareja-acusada-de-estafar-con-falsos-viajes-a-cuba\\\/#primaryimage\"},\"image\":{\"@id\":\"https:\\\/\\\/www.cuballama.com\\\/noticias\\\/mas-cargos-contra-pareja-acusada-de-estafar-con-falsos-viajes-a-cuba\\\/#primaryimage\"},\"thumbnailUrl\":\"https:\\\/\\\/cdn1.mediawpaccore.net\\\/wp-content\\\/uploads\\\/2025\\\/10\\\/21112110\\\/Screenshot-2025-10-21-112022.png\",\"datePublished\":\"2025-10-22T15:33:04+00:00\",\"dateModified\":\"2025-10-22T15:33:07+00:00\",\"description\":\"Traci Leann Culiver-S\u00e1nchez, y Steven Carl S\u00e1nchez ofrec\u00edan viajes a Cuba a clientes. Estos viajes eran falsos y los clientes estafados.\",\"breadcrumb\":{\"@id\":\"https:\\\/\\\/www.cuballama.com\\\/noticias\\\/mas-cargos-contra-pareja-acusada-de-estafar-con-falsos-viajes-a-cuba\\\/#breadcrumb\"},\"inLanguage\":\"es\",\"potentialAction\":[{\"@type\":\"ReadAction\",\"target\":[\"https:\\\/\\\/www.cuballama.com\\\/noticias\\\/mas-cargos-contra-pareja-acusada-de-estafar-con-falsos-viajes-a-cuba\\\/\"]}]},{\"@type\":\"ImageObject\",\"inLanguage\":\"es\",\"@id\":\"https:\\\/\\\/www.cuballama.com\\\/noticias\\\/mas-cargos-contra-pareja-acusada-de-estafar-con-falsos-viajes-a-cuba\\\/#primaryimage\",\"url\":\"https:\\\/\\\/cdn1.mediawpaccore.net\\\/wp-content\\\/uploads\\\/2025\\\/10\\\/21112110\\\/Screenshot-2025-10-21-112022.png\",\"contentUrl\":\"https:\\\/\\\/cdn1.mediawpaccore.net\\\/wp-content\\\/uploads\\\/2025\\\/10\\\/21112110\\\/Screenshot-2025-10-21-112022.png\",\"width\":2016,\"height\":1104,\"caption\":\"Foto: V\u00eda Ficha de arresto en MCSO.\"},{\"@type\":\"BreadcrumbList\",\"@id\":\"https:\\\/\\\/www.cuballama.com\\\/noticias\\\/mas-cargos-contra-pareja-acusada-de-estafar-con-falsos-viajes-a-cuba\\\/#breadcrumb\",\"itemListElement\":[{\"@type\":\"ListItem\",\"position\":1,\"name\":\"Home\",\"item\":\"https:\\\/\\\/www.cuballama.com\\\/noticias\\\/\"},{\"@type\":\"ListItem\",\"position\":2,\"name\":\"M\u00e1s cargos contra pareja acusada de estafar con falsos viajes a Cuba\"}]},{\"@type\":\"WebSite\",\"@id\":\"https:\\\/\\\/www.cuballama.com\\\/noticias\\\/#website\",\"url\":\"https:\\\/\\\/www.cuballama.com\\\/noticias\\\/\",\"name\":\"Cuballama Noticias\",\"description\":\"Medio digital sobre Cuba y el mundo\",\"publisher\":{\"@id\":\"https:\\\/\\\/www.cuballama.com\\\/noticias\\\/#organization\"},\"potentialAction\":[{\"@type\":\"SearchAction\",\"target\":{\"@type\":\"EntryPoint\",\"urlTemplate\":\"https:\\\/\\\/www.cuballama.com\\\/noticias\\\/?s={search_term_string}\"},\"query-input\":{\"@type\":\"PropertyValueSpecification\",\"valueRequired\":true,\"valueName\":\"search_term_string\"}}],\"inLanguage\":\"es\"},{\"@type\":\"Organization\",\"@id\":\"https:\\\/\\\/www.cuballama.com\\\/noticias\\\/#organization\",\"name\":\"Cuballama\",\"url\":\"https:\\\/\\\/www.cuballama.com\\\/noticias\\\/\",\"logo\":{\"@type\":\"ImageObject\",\"inLanguage\":\"es\",\"@id\":\"https:\\\/\\\/www.cuballama.com\\\/noticias\\\/#\\\/schema\\\/logo\\\/image\\\/\",\"url\":\"https:\\\/\\\/cdn1.mediawpaccore.net\\\/wp-content\\\/uploads\\\/2021\\\/12\\\/28171206\\\/cbll-logo-color-sm.png\",\"contentUrl\":\"https:\\\/\\\/cdn1.mediawpaccore.net\\\/wp-content\\\/uploads\\\/2021\\\/12\\\/28171206\\\/cbll-logo-color-sm.png\",\"width\":600,\"height\":133,\"caption\":\"Cuballama\"},\"image\":{\"@id\":\"https:\\\/\\\/www.cuballama.com\\\/noticias\\\/#\\\/schema\\\/logo\\\/image\\\/\"},\"sameAs\":[\"https:\\\/\\\/www.facebook.com\\\/CubaLlama\",\"https:\\\/\\\/x.com\\\/cuballama\",\"https:\\\/\\\/www.instagram.com\\\/stories\\\/cuballama_oficial\\\/\",\"https:\\\/\\\/www.youtube.com\\\/channel\\\/UCKkFE-d_axENGZcrc4as0IA\"]},{\"@type\":\"Person\",\"@id\":\"https:\\\/\\\/www.cuballama.com\\\/noticias\\\/#\\\/schema\\\/person\\\/a58502ed4146c8e9f83872e897c76cd2\",\"name\":\"Roberto A.\",\"description\":\"Roberto A. Periodista por decisi\u00f3n propia. Interesado en cualquier tema que me apasione y cada vez m\u00e1s comprometido con la verdad y la objetividad period\u00edstica. Graduado en La Habana hace ya muchos a\u00f1os, luego de una accidentada y polvorienta b\u00fasqueda de informaci\u00f3n sobre un tema in\u00e9dito. La Tesis, por cierto, desapareci\u00f3 de la biblioteca y no se conservan copias de la misma.\",\"url\":\"https:\\\/\\\/www.cuballama.com\\\/noticias\\\/author\\\/roberto\\\/\"}]}<\/script>\n<!-- \/ Yoast SEO plugin. -->","yoast_head_json":{"title":"M\u00e1s cargos contra pareja acusada de estafar con falsos viajes a Cuba - Cuballama Noticias","description":"Traci Leann Culiver-S\u00e1nchez, y Steven Carl S\u00e1nchez ofrec\u00edan viajes a Cuba a clientes. Estos viajes eran falsos y los clientes estafados.","robots":{"index":"index","follow":"follow","max-snippet":"max-snippet:-1","max-image-preview":"max-image-preview:large","max-video-preview":"max-video-preview:-1"},"canonical":"https:\/\/www.cuballama.com\/noticias\/mas-cargos-contra-pareja-acusada-de-estafar-con-falsos-viajes-a-cuba\/","og_locale":"es_ES","og_type":"article","og_title":"M\u00e1s cargos contra pareja acusada de estafar con falsos viajes a Cuba - Cuballama Noticias","og_description":"Traci Leann Culiver-S\u00e1nchez, y Steven Carl S\u00e1nchez ofrec\u00edan viajes a Cuba a clientes. Estos viajes eran falsos y los clientes estafados.","og_url":"https:\/\/www.cuballama.com\/noticias\/mas-cargos-contra-pareja-acusada-de-estafar-con-falsos-viajes-a-cuba\/","og_site_name":"Cuballama Noticias","article_publisher":"https:\/\/www.facebook.com\/CubaLlama","article_published_time":"2025-10-22T15:33:04+00:00","article_modified_time":"2025-10-22T15:33:07+00:00","og_image":[{"width":2016,"height":1104,"url":"https:\/\/cdn1.mediawpaccore.net\/wp-content\/uploads\/2025\/10\/21112110\/Screenshot-2025-10-21-112022.png","type":"image\/png"}],"author":"Roberto A.","twitter_card":"summary_large_image","twitter_creator":"@cuballama","twitter_site":"@cuballama","twitter_misc":{"Escrito por":"Roberto A.","Tiempo de lectura":"3 minutos"},"schema":{"@context":"https:\/\/schema.org","@graph":[{"@type":"Article","@id":"https:\/\/www.cuballama.com\/noticias\/mas-cargos-contra-pareja-acusada-de-estafar-con-falsos-viajes-a-cuba\/#article","isPartOf":{"@id":"https:\/\/www.cuballama.com\/noticias\/mas-cargos-contra-pareja-acusada-de-estafar-con-falsos-viajes-a-cuba\/"},"author":{"name":"Roberto A.","@id":"https:\/\/www.cuballama.com\/noticias\/#\/schema\/person\/a58502ed4146c8e9f83872e897c76cd2"},"headline":"M\u00e1s cargos contra pareja acusada de estafar con falsos viajes a Cuba","datePublished":"2025-10-22T15:33:04+00:00","dateModified":"2025-10-22T15:33:07+00:00","mainEntityOfPage":{"@id":"https:\/\/www.cuballama.com\/noticias\/mas-cargos-contra-pareja-acusada-de-estafar-con-falsos-viajes-a-cuba\/"},"wordCount":455,"commentCount":0,"publisher":{"@id":"https:\/\/www.cuballama.com\/noticias\/#organization"},"image":{"@id":"https:\/\/www.cuballama.com\/noticias\/mas-cargos-contra-pareja-acusada-de-estafar-con-falsos-viajes-a-cuba\/#primaryimage"},"thumbnailUrl":"https:\/\/cdn1.mediawpaccore.net\/wp-content\/uploads\/2025\/10\/21112110\/Screenshot-2025-10-21-112022.png","keywords":["destacado","estafa","Florida","fraude","Justicia","Key West","monroe county","polic\u00eda","steven carl s\u00e1nchez","traci leann culiver-s\u00e1nchez","turismo","Viajes a Cuba"],"articleSection":["Noticias","Noticias de Miami"],"inLanguage":"es","potentialAction":[{"@type":"CommentAction","name":"Comment","target":["https:\/\/www.cuballama.com\/noticias\/mas-cargos-contra-pareja-acusada-de-estafar-con-falsos-viajes-a-cuba\/#respond"]}]},{"@type":"WebPage","@id":"https:\/\/www.cuballama.com\/noticias\/mas-cargos-contra-pareja-acusada-de-estafar-con-falsos-viajes-a-cuba\/","url":"https:\/\/www.cuballama.com\/noticias\/mas-cargos-contra-pareja-acusada-de-estafar-con-falsos-viajes-a-cuba\/","name":"M\u00e1s cargos contra pareja acusada de estafar con falsos viajes a Cuba - Cuballama Noticias","isPartOf":{"@id":"https:\/\/www.cuballama.com\/noticias\/#website"},"primaryImageOfPage":{"@id":"https:\/\/www.cuballama.com\/noticias\/mas-cargos-contra-pareja-acusada-de-estafar-con-falsos-viajes-a-cuba\/#primaryimage"},"image":{"@id":"https:\/\/www.cuballama.com\/noticias\/mas-cargos-contra-pareja-acusada-de-estafar-con-falsos-viajes-a-cuba\/#primaryimage"},"thumbnailUrl":"https:\/\/cdn1.mediawpaccore.net\/wp-content\/uploads\/2025\/10\/21112110\/Screenshot-2025-10-21-112022.png","datePublished":"2025-10-22T15:33:04+00:00","dateModified":"2025-10-22T15:33:07+00:00","description":"Traci Leann Culiver-S\u00e1nchez, y Steven Carl S\u00e1nchez ofrec\u00edan viajes a Cuba a clientes. Estos viajes eran falsos y los clientes estafados.","breadcrumb":{"@id":"https:\/\/www.cuballama.com\/noticias\/mas-cargos-contra-pareja-acusada-de-estafar-con-falsos-viajes-a-cuba\/#breadcrumb"},"inLanguage":"es","potentialAction":[{"@type":"ReadAction","target":["https:\/\/www.cuballama.com\/noticias\/mas-cargos-contra-pareja-acusada-de-estafar-con-falsos-viajes-a-cuba\/"]}]},{"@type":"ImageObject","inLanguage":"es","@id":"https:\/\/www.cuballama.com\/noticias\/mas-cargos-contra-pareja-acusada-de-estafar-con-falsos-viajes-a-cuba\/#primaryimage","url":"https:\/\/cdn1.mediawpaccore.net\/wp-content\/uploads\/2025\/10\/21112110\/Screenshot-2025-10-21-112022.png","contentUrl":"https:\/\/cdn1.mediawpaccore.net\/wp-content\/uploads\/2025\/10\/21112110\/Screenshot-2025-10-21-112022.png","width":2016,"height":1104,"caption":"Foto: V\u00eda Ficha de arresto en MCSO."},{"@type":"BreadcrumbList","@id":"https:\/\/www.cuballama.com\/noticias\/mas-cargos-contra-pareja-acusada-de-estafar-con-falsos-viajes-a-cuba\/#breadcrumb","itemListElement":[{"@type":"ListItem","position":1,"name":"Home","item":"https:\/\/www.cuballama.com\/noticias\/"},{"@type":"ListItem","position":2,"name":"M\u00e1s cargos contra pareja acusada de estafar con falsos viajes a Cuba"}]},{"@type":"WebSite","@id":"https:\/\/www.cuballama.com\/noticias\/#website","url":"https:\/\/www.cuballama.com\/noticias\/","name":"Cuballama Noticias","description":"Medio digital sobre Cuba y el mundo","publisher":{"@id":"https:\/\/www.cuballama.com\/noticias\/#organization"},"potentialAction":[{"@type":"SearchAction","target":{"@type":"EntryPoint","urlTemplate":"https:\/\/www.cuballama.com\/noticias\/?s={search_term_string}"},"query-input":{"@type":"PropertyValueSpecification","valueRequired":true,"valueName":"search_term_string"}}],"inLanguage":"es"},{"@type":"Organization","@id":"https:\/\/www.cuballama.com\/noticias\/#organization","name":"Cuballama","url":"https:\/\/www.cuballama.com\/noticias\/","logo":{"@type":"ImageObject","inLanguage":"es","@id":"https:\/\/www.cuballama.com\/noticias\/#\/schema\/logo\/image\/","url":"https:\/\/cdn1.mediawpaccore.net\/wp-content\/uploads\/2021\/12\/28171206\/cbll-logo-color-sm.png","contentUrl":"https:\/\/cdn1.mediawpaccore.net\/wp-content\/uploads\/2021\/12\/28171206\/cbll-logo-color-sm.png","width":600,"height":133,"caption":"Cuballama"},"image":{"@id":"https:\/\/www.cuballama.com\/noticias\/#\/schema\/logo\/image\/"},"sameAs":["https:\/\/www.facebook.com\/CubaLlama","https:\/\/x.com\/cuballama","https:\/\/www.instagram.com\/stories\/cuballama_oficial\/","https:\/\/www.youtube.com\/channel\/UCKkFE-d_axENGZcrc4as0IA"]},{"@type":"Person","@id":"https:\/\/www.cuballama.com\/noticias\/#\/schema\/person\/a58502ed4146c8e9f83872e897c76cd2","name":"Roberto A.","description":"Roberto A. Periodista por decisi\u00f3n propia. Interesado en cualquier tema que me apasione y cada vez m\u00e1s comprometido con la verdad y la objetividad period\u00edstica. Graduado en La Habana hace ya muchos a\u00f1os, luego de una accidentada y polvorienta b\u00fasqueda de informaci\u00f3n sobre un tema in\u00e9dito. La Tesis, por cierto, desapareci\u00f3 de la biblioteca y no se conservan copias de la misma.","url":"https:\/\/www.cuballama.com\/noticias\/author\/roberto\/"}]}},"_links":{"self":[{"href":"https:\/\/www.cuballama.com\/noticias\/wp-json\/wp\/v2\/posts\/223440","targetHints":{"allow":["GET"]}}],"collection":[{"href":"https:\/\/www.cuballama.com\/noticias\/wp-json\/wp\/v2\/posts"}],"about":[{"href":"https:\/\/www.cuballama.com\/noticias\/wp-json\/wp\/v2\/types\/post"}],"author":[{"embeddable":true,"href":"https:\/\/www.cuballama.com\/noticias\/wp-json\/wp\/v2\/users\/13"}],"replies":[{"embeddable":true,"href":"https:\/\/www.cuballama.com\/noticias\/wp-json\/wp\/v2\/comments?post=223440"}],"version-history":[{"count":2,"href":"https:\/\/www.cuballama.com\/noticias\/wp-json\/wp\/v2\/posts\/223440\/revisions"}],"predecessor-version":[{"id":223444,"href":"https:\/\/www.cuballama.com\/noticias\/wp-json\/wp\/v2\/posts\/223440\/revisions\/223444"}],"wp:featuredmedia":[{"embeddable":true,"href":"https:\/\/www.cuballama.com\/noticias\/wp-json\/wp\/v2\/media\/223442"}],"wp:attachment":[{"href":"https:\/\/www.cuballama.com\/noticias\/wp-json\/wp\/v2\/media?parent=223440"}],"wp:term":[{"taxonomy":"category","embeddable":true,"href":"https:\/\/www.cuballama.com\/noticias\/wp-json\/wp\/v2\/categories?post=223440"},{"taxonomy":"post_tag","embeddable":true,"href":"https:\/\/www.cuballama.com\/noticias\/wp-json\/wp\/v2\/tags?post=223440"}],"curies":[{"name":"wp","href":"https:\/\/api.w.org\/{rel}","templated":true}]}}