{"id":223394,"date":"2025-10-22T11:35:08","date_gmt":"2025-10-22T15:35:08","guid":{"rendered":"https:\/\/www.cuballama.com\/noticias\/?p=223394"},"modified":"2025-10-22T11:35:10","modified_gmt":"2025-10-22T15:35:10","slug":"activistas-exponen-distintos-hechos-de-violencia-y-delitos-acontecidos-en-cuba-en-las-ultimas-horas","status":"publish","type":"post","link":"https:\/\/www.cuballama.com\/noticias\/activistas-exponen-distintos-hechos-de-violencia-y-delitos-acontecidos-en-cuba-en-las-ultimas-horas\/","title":{"rendered":"Activistas exponen distintos hechos de violencia y delitos acontecidos en Cuba en las \u00faltimas horas"},"content":{"rendered":"\n<p>Las \u00faltimas 48 a 72 horas han dejado un reguero de denuncias vecinales que describen un escenario de violencia sostenida, precariedad institucional y escasa respuesta oficial en varias provincias de Cuba. Los relatos, videos y fotos difundidos por activistas y p\u00e1ginas comunitarias permiten reconstruir una cronolog\u00eda m\u00ednima, mientras la informaci\u00f3n estatal sigue siendo fragmentaria o inexistente.<\/p>\n\n\n\n<p>En La Habana, un cumplea\u00f1os termin\u00f3 en sala de terapia intensiva. Fue en Lawton, municipio Diez de Octubre, el mi\u00e9rcoles 15 de octubre. Seg\u00fan vecinos de la calle Concepci\u00f3n, una discusi\u00f3n entre el due\u00f1o de la vivienda y un invitado identificado como Daymel Gener Touzan escal\u00f3 fuera de la casa.<\/p>\n\n\n\n<p>Tras ser separados, el agresor esper\u00f3 en la calle con un arma blanca y, cuando la v\u00edctima sali\u00f3 de nuevo, lo atac\u00f3 con dos pu\u00f1aladas, una en el pulm\u00f3n y otra en el abdomen. El herido fue trasladado de urgencia y, tras varios d\u00edas en terapia intensiva, est\u00e1 fuera de peligro, aunque en estado delicado. <\/p>\n\n\n\n<p>Una hermana de la esposa de la v\u00edctima sufri\u00f3 un corte en el muslo al intentar separar a los implicados. Denunciantes se\u00f1alan que Gener Touzan contin\u00faa en libertad pese a arrastrar antecedentes de violencia seg\u00fan el vecindario, un dato que no ha sido confirmado por fuentes oficiales.<\/p>\n\n\n\n<iframe loading=\"lazy\" src=\"https:\/\/www.facebook.com\/plugins\/post.php?href=https%3A%2F%2Fwww.facebook.com%2Fpermalink.php%3Fstory_fbid%3Dpfbid02wV6k2sf6LSjDnMkDG8nSYPJU4KWHEQtdUQw1voqyNtY3RLWWXWcGJsQoUzfyxmd5l%26id%3D61559784217848&#038;show_text=true&#038;width=500\" width=\"500\" height=\"692\" style=\"border:none;overflow:hidden\" scrolling=\"no\" frameborder=\"0\" allowfullscreen=\"true\" allow=\"autoplay; clipboard-write; encrypted-media; picture-in-picture; web-share\"><\/iframe>\n\n\n\n<p>Tambi\u00e9n en la capital, pero en San Francisco de Paula, vecinos filmaron y enfrentaron a un hombre identificado como Mario Sergio, se\u00f1alado como \u201ckimiquero\u201d y ladr\u00f3n habitual del \u00e1rea, cuando fue sorprendido hurtando en patios ajenos. <\/p>\n\n\n\n<p>La v\u00edctima del robo, una persona adulta, logr\u00f3 apropiarse de la chaveta &#8211; especie de cuchillo &#8211; que el ladr\u00f3n tra\u00eda. Le exigi\u00f3 que le trajera de vuelta el racimo de pl\u00e1tano robado, y cuando el joven le devolvi\u00f3 lo hurtado, comenz\u00f3 a exigir le devolvieran la chaveta. El episodio reabri\u00f3 el debate sobre la autodefensa comunitaria frente a robos reiterados que, seg\u00fan residentes, suelen quedar sin consecuencias. <\/p>\n\n\n\n<!-- 1) Ra\u00edz del SDK -->\n<div id=\"fb-root\"><\/div>\n<script async defer crossorigin=\"anonymous\"\n  src=\"https:\/\/connect.facebook.net\/es_LA\/sdk.js#xfbml=1&#038;version=v20.0\">\n<\/script>\n\n<!-- 2) Contenedor responsive (opcional) -->\n<style>\n  .fb-responsive {max-width: 560px; margin: 0 auto;}\n<\/style>\n\n<!-- 3) Embed del Reel -->\n<div class=\"fb-responsive\">\n  <div class=\"fb-video\"\n       data-href=\"https:\/\/www.facebook.com\/reel\/1345043200457371\"\n       data-width=\"560\"\n       data-allowfullscreen=\"true\"\n       data-show-text=\"false\">\n  <\/div>\n<\/div>\n\n\n\n\n<p>Alamar, en Habana del Este, concentr\u00f3 dos hechos distintos en pocas horas. <\/p>\n\n\n\n<p>Primero, el robo de una moto a Alejandro Morej\u00f3n Pelegrino en la Zona 6, edificio Tarar\u00e1. El afectado ofrece una recompensa de 1.000 d\u00f3lares por informaci\u00f3n que permita recuperarla y difundi\u00f3 un n\u00famero de contacto. En los comentarios se repiten quejas por la multiplicaci\u00f3n de robos de motos y bicicletas el\u00e9ctricas, la oscuridad en calles y pasajes, y la ausencia de patrullaje nocturno. <\/p>\n\n\n\n<iframe loading=\"lazy\" src=\"https:\/\/www.facebook.com\/plugins\/post.php?href=https%3A%2F%2Fwww.facebook.com%2FDeuntijeretazo%2Fposts%2Fpfbid03692fQLRH7wV6Uqb9NCnbsAqwLpUUjdYezaHnJUsTfcSPGmCpKgxwvZEWxn8p3Ad2l&#038;show_text=true&#038;width=500\" width=\"500\" height=\"748\" style=\"border:none;overflow:hidden\" scrolling=\"no\" frameborder=\"0\" allowfullscreen=\"true\" allow=\"autoplay; clipboard-write; encrypted-media; picture-in-picture; web-share\"><\/iframe>\n\n\n\n<p>M\u00e1s tarde, o antes, ya ni se sabe, en la Zona 7, Avenida de los Cocos, apareci\u00f3 el cad\u00e1ver de un joven de entre 21 y 22 a\u00f1os. Polic\u00eda y Medicina Legal trabajaron en el lugar sin confirmar si se trat\u00f3 de homicidio, ca\u00edda o suicidio. Un testimonio vecinal asegura que las llamadas al 106 y a otros servicios comenzaron alrededor de las 2:20 de la madrugada y que la respuesta demor\u00f3 varias horas. La falta de alumbrado y la baja presencia policial fueron se\u00f1aladas otra vez como condici\u00f3n propicia para asaltos y consumo de drogas.<\/p>\n\n\n\n<iframe loading=\"lazy\" src=\"https:\/\/www.facebook.com\/plugins\/post.php?href=https%3A%2F%2Fwww.facebook.com%2FDeuntijeretazo%2Fposts%2Fpfbid02mnEM4KkfX38r9cNcvGsDDRaYdX1wAYx7fGVRBfJAi5hfbHytGf2AfnbRbAP8xaS5l&#038;show_text=true&#038;width=500\" width=\"500\" height=\"754\" style=\"border:none;overflow:hidden\" scrolling=\"no\" frameborder=\"0\" allowfullscreen=\"true\" allow=\"autoplay; clipboard-write; encrypted-media; picture-in-picture; web-share\"><\/iframe>\n\n\n\n<p>Desde Oriente llegaron reportes contradictorios pero coincidentes en el trasfondo: armas blancas y demoras asistenciales. En Granma, en la localidad de La Sierrita, municipio Bartolom\u00e9 Mas\u00f3, activistas informaron del asesinato de un joven apodado <em>Minguiri<\/em> en plena v\u00eda p\u00fablica. <\/p>\n\n\n\n<p>La denuncia sostiene que muri\u00f3 desangrado por la falta de transporte y de atenci\u00f3n oportuna. En la misma conversaci\u00f3n, residentes matizan errores de geolocalizaci\u00f3n \u2013no fue Bayamo, aclaran, sino Bartolom\u00e9 Mas\u00f3\u2013 y apuntan que en la vecina La Veguita se registr\u00f3 recientemente otro doble homicidio con arma blanca.<\/p>\n\n\n\n<iframe loading=\"lazy\" src=\"https:\/\/www.facebook.com\/plugins\/post.php?href=https%3A%2F%2Fwww.facebook.com%2Fpermalink.php%3Fstory_fbid%3Dpfbid02tRrMjwisbGUGS2xNfWh2MeC6sjaxywrtfUJn5HorNG8p2MboNsiHEpeac6bnp3mEl%26id%3D61559784217848&#038;show_text=true&#038;width=500\" width=\"500\" height=\"793\" style=\"border:none;overflow:hidden\" scrolling=\"no\" frameborder=\"0\" allowfullscreen=\"true\" allow=\"autoplay; clipboard-write; encrypted-media; picture-in-picture; web-share\"><\/iframe>\n\n\n\n<p>En Santiago de Cuba, activistas reportaron el hallazgo de un cad\u00e1ver en un tramo de l\u00ednea f\u00e9rrea. La particularidad del caso es que, seg\u00fan la investigaci\u00f3n preliminar, no hubo impacto de tren: ese segmento se usa para maniobras de inversi\u00f3n de coches y la noche previa no circul\u00f3 ning\u00fan convoy. La hip\u00f3tesis de accidente ferroviario qued\u00f3 descartada y las pesquisas contin\u00faan para determinar si fue una ca\u00edda ajena al tr\u00e1fico de trenes o un hecho de violencia.<\/p>\n\n\n\n<iframe loading=\"lazy\" src=\"https:\/\/www.facebook.com\/plugins\/post.php?href=https%3A%2F%2Fwww.facebook.com%2Fmichaela.bremer.9%2Fposts%2Fpfbid0SRDwiH5Egi5ccGv3qMDQbS2ZXUCLW68Q76fJgzfkX6WrLmd2bT8d393c2yiRS11vl&#038;show_text=true&#038;width=500\" width=\"500\" height=\"464\" style=\"border:none;overflow:hidden\" scrolling=\"no\" frameborder=\"0\" allowfullscreen=\"true\" allow=\"autoplay; clipboard-write; encrypted-media; picture-in-picture; web-share\"><\/iframe>\n\n\n\n<p>El tel\u00f3n de fondo en cada una de estas denuncias es el mismo: delitos que se multiplican y partes oficiales que miran hacia otro lado o privilegian un tipo de comunicaci\u00f3n que no conversa con la experiencia cotidiana de los barrios. <\/p>\n\n\n\n<p><\/p>\n","protected":false},"excerpt":{"rendered":"<p>M\u00e1s all\u00e1 de cada expediente, los hilos que cosen estas historias son evidentes: predominio del arma blanca, demoras o ausencia de ambulancias y patrullas, calles a oscuras, cansancio vecinal ante la sensaci\u00f3n de que muchos agresores salen pronto o ni siquiera entran. En esa mezcla de miedo y desgano, los tel\u00e9fonos m\u00f3viles se vuelven herramienta de denuncia y memoria. Es la comunidad la que est\u00e1 documentando, a contrarreloj, una violencia que el Estado tarda en reconocer y que, mientras tanto, define la vida diaria en demasiados barrios de Cuba.<\/p>\n","protected":false},"author":13,"featured_media":132125,"comment_status":"open","ping_status":"closed","sticky":false,"template":"","format":"standard","meta":{"_acf_changed":false,"footnotes":""},"categories":[18,955],"tags":[11275,10656,2289,15256,1561,722,12975,12268],"class_list":{"0":"post-223394","1":"post","2":"type-post","3":"status-publish","4":"format-standard","5":"has-post-thumbnail","7":"category-noticias","8":"category-noticias-de-cuba","9":"tag-activistas-cubanos","10":"tag-asesinatos-en-cuba","11":"tag-asesinos","12":"tag-delitos-en-cuba","13":"tag-denuncias","14":"tag-pnr","15":"tag-rinas","16":"tag-robos-en-cuba"},"acf":[],"yoast_head":"<!-- This site is optimized with the Yoast SEO plugin v27.4 - https:\/\/yoast.com\/product\/yoast-seo-wordpress\/ -->\n<title>Activistas exponen distintos hechos de violencia y delitos acontecidos en Cuba en las \u00faltimas horas - Cuballama Noticias<\/title>\n<meta name=\"description\" content=\"Los delitos y los hechos de violencia en Cuba parecen no tener fin. El deterioro social y la crisis econ\u00f3mica, estimula a la delincuencia.\" \/>\n<meta name=\"robots\" content=\"index, follow, max-snippet:-1, max-image-preview:large, max-video-preview:-1\" \/>\n<link rel=\"canonical\" href=\"https:\/\/www.cuballama.com\/noticias\/activistas-exponen-distintos-hechos-de-violencia-y-delitos-acontecidos-en-cuba-en-las-ultimas-horas\/\" \/>\n<meta property=\"og:locale\" content=\"es_ES\" \/>\n<meta property=\"og:type\" content=\"article\" \/>\n<meta property=\"og:title\" content=\"Activistas exponen distintos hechos de violencia y delitos acontecidos en Cuba en las \u00faltimas horas - Cuballama Noticias\" \/>\n<meta property=\"og:description\" content=\"Los delitos y los hechos de violencia en Cuba parecen no tener fin. El deterioro social y la crisis econ\u00f3mica, estimula a la delincuencia.\" \/>\n<meta property=\"og:url\" content=\"https:\/\/www.cuballama.com\/noticias\/activistas-exponen-distintos-hechos-de-violencia-y-delitos-acontecidos-en-cuba-en-las-ultimas-horas\/\" \/>\n<meta property=\"og:site_name\" content=\"Cuballama Noticias\" \/>\n<meta property=\"article:publisher\" content=\"https:\/\/www.facebook.com\/CubaLlama\" \/>\n<meta property=\"article:published_time\" content=\"2025-10-22T15:35:08+00:00\" \/>\n<meta property=\"article:modified_time\" content=\"2025-10-22T15:35:10+00:00\" \/>\n<meta property=\"og:image\" content=\"https:\/\/cdn1.mediawpaccore.net\/wp-content\/uploads\/2023\/08\/04075135\/Policia_Nacional_Revolucionaria_Geely_patrol_car.jpg\" \/>\n\t<meta property=\"og:image:width\" content=\"640\" \/>\n\t<meta property=\"og:image:height\" content=\"480\" \/>\n\t<meta property=\"og:image:type\" content=\"image\/jpeg\" \/>\n<meta name=\"author\" content=\"Roberto A.\" \/>\n<meta name=\"twitter:card\" content=\"summary_large_image\" \/>\n<meta name=\"twitter:creator\" content=\"@cuballama\" \/>\n<meta name=\"twitter:site\" content=\"@cuballama\" \/>\n<meta name=\"twitter:label1\" content=\"Escrito por\" \/>\n\t<meta name=\"twitter:data1\" content=\"Roberto A.\" \/>\n\t<meta name=\"twitter:label2\" content=\"Tiempo de lectura\" \/>\n\t<meta name=\"twitter:data2\" content=\"4 minutos\" \/>\n<script type=\"application\/ld+json\" class=\"yoast-schema-graph\">{\"@context\":\"https:\\\/\\\/schema.org\",\"@graph\":[{\"@type\":\"Article\",\"@id\":\"https:\\\/\\\/www.cuballama.com\\\/noticias\\\/activistas-exponen-distintos-hechos-de-violencia-y-delitos-acontecidos-en-cuba-en-las-ultimas-horas\\\/#article\",\"isPartOf\":{\"@id\":\"https:\\\/\\\/www.cuballama.com\\\/noticias\\\/activistas-exponen-distintos-hechos-de-violencia-y-delitos-acontecidos-en-cuba-en-las-ultimas-horas\\\/\"},\"author\":{\"name\":\"Roberto A.\",\"@id\":\"https:\\\/\\\/www.cuballama.com\\\/noticias\\\/#\\\/schema\\\/person\\\/a58502ed4146c8e9f83872e897c76cd2\"},\"headline\":\"Activistas exponen distintos hechos de violencia y delitos acontecidos en Cuba en las \u00faltimas horas\",\"datePublished\":\"2025-10-22T15:35:08+00:00\",\"dateModified\":\"2025-10-22T15:35:10+00:00\",\"mainEntityOfPage\":{\"@id\":\"https:\\\/\\\/www.cuballama.com\\\/noticias\\\/activistas-exponen-distintos-hechos-de-violencia-y-delitos-acontecidos-en-cuba-en-las-ultimas-horas\\\/\"},\"wordCount\":750,\"commentCount\":0,\"publisher\":{\"@id\":\"https:\\\/\\\/www.cuballama.com\\\/noticias\\\/#organization\"},\"image\":{\"@id\":\"https:\\\/\\\/www.cuballama.com\\\/noticias\\\/activistas-exponen-distintos-hechos-de-violencia-y-delitos-acontecidos-en-cuba-en-las-ultimas-horas\\\/#primaryimage\"},\"thumbnailUrl\":\"https:\\\/\\\/cdn1.mediawpaccore.net\\\/wp-content\\\/uploads\\\/2023\\\/08\\\/04075135\\\/Policia_Nacional_Revolucionaria_Geely_patrol_car.jpg\",\"keywords\":[\"activistas cubanos\",\"asesinatos en Cuba\",\"Asesinos\",\"delitos en Cuba\",\"Denuncias\",\"PNR\",\"Ri\u00f1as\",\"Robos en Cuba\"],\"articleSection\":[\"Noticias\",\"Noticias de Cuba\"],\"inLanguage\":\"es\",\"potentialAction\":[{\"@type\":\"CommentAction\",\"name\":\"Comment\",\"target\":[\"https:\\\/\\\/www.cuballama.com\\\/noticias\\\/activistas-exponen-distintos-hechos-de-violencia-y-delitos-acontecidos-en-cuba-en-las-ultimas-horas\\\/#respond\"]}]},{\"@type\":\"WebPage\",\"@id\":\"https:\\\/\\\/www.cuballama.com\\\/noticias\\\/activistas-exponen-distintos-hechos-de-violencia-y-delitos-acontecidos-en-cuba-en-las-ultimas-horas\\\/\",\"url\":\"https:\\\/\\\/www.cuballama.com\\\/noticias\\\/activistas-exponen-distintos-hechos-de-violencia-y-delitos-acontecidos-en-cuba-en-las-ultimas-horas\\\/\",\"name\":\"Activistas exponen distintos hechos de violencia y delitos acontecidos en Cuba en las \u00faltimas horas - Cuballama Noticias\",\"isPartOf\":{\"@id\":\"https:\\\/\\\/www.cuballama.com\\\/noticias\\\/#website\"},\"primaryImageOfPage\":{\"@id\":\"https:\\\/\\\/www.cuballama.com\\\/noticias\\\/activistas-exponen-distintos-hechos-de-violencia-y-delitos-acontecidos-en-cuba-en-las-ultimas-horas\\\/#primaryimage\"},\"image\":{\"@id\":\"https:\\\/\\\/www.cuballama.com\\\/noticias\\\/activistas-exponen-distintos-hechos-de-violencia-y-delitos-acontecidos-en-cuba-en-las-ultimas-horas\\\/#primaryimage\"},\"thumbnailUrl\":\"https:\\\/\\\/cdn1.mediawpaccore.net\\\/wp-content\\\/uploads\\\/2023\\\/08\\\/04075135\\\/Policia_Nacional_Revolucionaria_Geely_patrol_car.jpg\",\"datePublished\":\"2025-10-22T15:35:08+00:00\",\"dateModified\":\"2025-10-22T15:35:10+00:00\",\"description\":\"Los delitos y los hechos de violencia en Cuba parecen no tener fin. El deterioro social y la crisis econ\u00f3mica, estimula a la delincuencia.\",\"breadcrumb\":{\"@id\":\"https:\\\/\\\/www.cuballama.com\\\/noticias\\\/activistas-exponen-distintos-hechos-de-violencia-y-delitos-acontecidos-en-cuba-en-las-ultimas-horas\\\/#breadcrumb\"},\"inLanguage\":\"es\",\"potentialAction\":[{\"@type\":\"ReadAction\",\"target\":[\"https:\\\/\\\/www.cuballama.com\\\/noticias\\\/activistas-exponen-distintos-hechos-de-violencia-y-delitos-acontecidos-en-cuba-en-las-ultimas-horas\\\/\"]}]},{\"@type\":\"ImageObject\",\"inLanguage\":\"es\",\"@id\":\"https:\\\/\\\/www.cuballama.com\\\/noticias\\\/activistas-exponen-distintos-hechos-de-violencia-y-delitos-acontecidos-en-cuba-en-las-ultimas-horas\\\/#primaryimage\",\"url\":\"https:\\\/\\\/cdn1.mediawpaccore.net\\\/wp-content\\\/uploads\\\/2023\\\/08\\\/04075135\\\/Policia_Nacional_Revolucionaria_Geely_patrol_car.jpg\",\"contentUrl\":\"https:\\\/\\\/cdn1.mediawpaccore.net\\\/wp-content\\\/uploads\\\/2023\\\/08\\\/04075135\\\/Policia_Nacional_Revolucionaria_Geely_patrol_car.jpg\",\"width\":640,\"height\":480,\"caption\":\"Foto Referencial. Brian Adamson. Creative Commons\"},{\"@type\":\"BreadcrumbList\",\"@id\":\"https:\\\/\\\/www.cuballama.com\\\/noticias\\\/activistas-exponen-distintos-hechos-de-violencia-y-delitos-acontecidos-en-cuba-en-las-ultimas-horas\\\/#breadcrumb\",\"itemListElement\":[{\"@type\":\"ListItem\",\"position\":1,\"name\":\"Home\",\"item\":\"https:\\\/\\\/www.cuballama.com\\\/noticias\\\/\"},{\"@type\":\"ListItem\",\"position\":2,\"name\":\"Activistas exponen distintos hechos de violencia y delitos acontecidos en Cuba en las \u00faltimas horas\"}]},{\"@type\":\"WebSite\",\"@id\":\"https:\\\/\\\/www.cuballama.com\\\/noticias\\\/#website\",\"url\":\"https:\\\/\\\/www.cuballama.com\\\/noticias\\\/\",\"name\":\"Cuballama Noticias\",\"description\":\"Medio digital sobre Cuba y el mundo\",\"publisher\":{\"@id\":\"https:\\\/\\\/www.cuballama.com\\\/noticias\\\/#organization\"},\"potentialAction\":[{\"@type\":\"SearchAction\",\"target\":{\"@type\":\"EntryPoint\",\"urlTemplate\":\"https:\\\/\\\/www.cuballama.com\\\/noticias\\\/?s={search_term_string}\"},\"query-input\":{\"@type\":\"PropertyValueSpecification\",\"valueRequired\":true,\"valueName\":\"search_term_string\"}}],\"inLanguage\":\"es\"},{\"@type\":\"Organization\",\"@id\":\"https:\\\/\\\/www.cuballama.com\\\/noticias\\\/#organization\",\"name\":\"Cuballama\",\"url\":\"https:\\\/\\\/www.cuballama.com\\\/noticias\\\/\",\"logo\":{\"@type\":\"ImageObject\",\"inLanguage\":\"es\",\"@id\":\"https:\\\/\\\/www.cuballama.com\\\/noticias\\\/#\\\/schema\\\/logo\\\/image\\\/\",\"url\":\"https:\\\/\\\/cdn1.mediawpaccore.net\\\/wp-content\\\/uploads\\\/2021\\\/12\\\/28171206\\\/cbll-logo-color-sm.png\",\"contentUrl\":\"https:\\\/\\\/cdn1.mediawpaccore.net\\\/wp-content\\\/uploads\\\/2021\\\/12\\\/28171206\\\/cbll-logo-color-sm.png\",\"width\":600,\"height\":133,\"caption\":\"Cuballama\"},\"image\":{\"@id\":\"https:\\\/\\\/www.cuballama.com\\\/noticias\\\/#\\\/schema\\\/logo\\\/image\\\/\"},\"sameAs\":[\"https:\\\/\\\/www.facebook.com\\\/CubaLlama\",\"https:\\\/\\\/x.com\\\/cuballama\",\"https:\\\/\\\/www.instagram.com\\\/stories\\\/cuballama_oficial\\\/\",\"https:\\\/\\\/www.youtube.com\\\/channel\\\/UCKkFE-d_axENGZcrc4as0IA\"]},{\"@type\":\"Person\",\"@id\":\"https:\\\/\\\/www.cuballama.com\\\/noticias\\\/#\\\/schema\\\/person\\\/a58502ed4146c8e9f83872e897c76cd2\",\"name\":\"Roberto A.\",\"description\":\"Roberto A. Periodista por decisi\u00f3n propia. Interesado en cualquier tema que me apasione y cada vez m\u00e1s comprometido con la verdad y la objetividad period\u00edstica. Graduado en La Habana hace ya muchos a\u00f1os, luego de una accidentada y polvorienta b\u00fasqueda de informaci\u00f3n sobre un tema in\u00e9dito. La Tesis, por cierto, desapareci\u00f3 de la biblioteca y no se conservan copias de la misma.\",\"url\":\"https:\\\/\\\/www.cuballama.com\\\/noticias\\\/author\\\/roberto\\\/\"}]}<\/script>\n<!-- \/ Yoast SEO plugin. -->","yoast_head_json":{"title":"Activistas exponen distintos hechos de violencia y delitos acontecidos en Cuba en las \u00faltimas horas - Cuballama Noticias","description":"Los delitos y los hechos de violencia en Cuba parecen no tener fin. El deterioro social y la crisis econ\u00f3mica, estimula a la delincuencia.","robots":{"index":"index","follow":"follow","max-snippet":"max-snippet:-1","max-image-preview":"max-image-preview:large","max-video-preview":"max-video-preview:-1"},"canonical":"https:\/\/www.cuballama.com\/noticias\/activistas-exponen-distintos-hechos-de-violencia-y-delitos-acontecidos-en-cuba-en-las-ultimas-horas\/","og_locale":"es_ES","og_type":"article","og_title":"Activistas exponen distintos hechos de violencia y delitos acontecidos en Cuba en las \u00faltimas horas - Cuballama Noticias","og_description":"Los delitos y los hechos de violencia en Cuba parecen no tener fin. El deterioro social y la crisis econ\u00f3mica, estimula a la delincuencia.","og_url":"https:\/\/www.cuballama.com\/noticias\/activistas-exponen-distintos-hechos-de-violencia-y-delitos-acontecidos-en-cuba-en-las-ultimas-horas\/","og_site_name":"Cuballama Noticias","article_publisher":"https:\/\/www.facebook.com\/CubaLlama","article_published_time":"2025-10-22T15:35:08+00:00","article_modified_time":"2025-10-22T15:35:10+00:00","og_image":[{"width":640,"height":480,"url":"https:\/\/cdn1.mediawpaccore.net\/wp-content\/uploads\/2023\/08\/04075135\/Policia_Nacional_Revolucionaria_Geely_patrol_car.jpg","type":"image\/jpeg"}],"author":"Roberto A.","twitter_card":"summary_large_image","twitter_creator":"@cuballama","twitter_site":"@cuballama","twitter_misc":{"Escrito por":"Roberto A.","Tiempo de lectura":"4 minutos"},"schema":{"@context":"https:\/\/schema.org","@graph":[{"@type":"Article","@id":"https:\/\/www.cuballama.com\/noticias\/activistas-exponen-distintos-hechos-de-violencia-y-delitos-acontecidos-en-cuba-en-las-ultimas-horas\/#article","isPartOf":{"@id":"https:\/\/www.cuballama.com\/noticias\/activistas-exponen-distintos-hechos-de-violencia-y-delitos-acontecidos-en-cuba-en-las-ultimas-horas\/"},"author":{"name":"Roberto A.","@id":"https:\/\/www.cuballama.com\/noticias\/#\/schema\/person\/a58502ed4146c8e9f83872e897c76cd2"},"headline":"Activistas exponen distintos hechos de violencia y delitos acontecidos en Cuba en las \u00faltimas horas","datePublished":"2025-10-22T15:35:08+00:00","dateModified":"2025-10-22T15:35:10+00:00","mainEntityOfPage":{"@id":"https:\/\/www.cuballama.com\/noticias\/activistas-exponen-distintos-hechos-de-violencia-y-delitos-acontecidos-en-cuba-en-las-ultimas-horas\/"},"wordCount":750,"commentCount":0,"publisher":{"@id":"https:\/\/www.cuballama.com\/noticias\/#organization"},"image":{"@id":"https:\/\/www.cuballama.com\/noticias\/activistas-exponen-distintos-hechos-de-violencia-y-delitos-acontecidos-en-cuba-en-las-ultimas-horas\/#primaryimage"},"thumbnailUrl":"https:\/\/cdn1.mediawpaccore.net\/wp-content\/uploads\/2023\/08\/04075135\/Policia_Nacional_Revolucionaria_Geely_patrol_car.jpg","keywords":["activistas cubanos","asesinatos en Cuba","Asesinos","delitos en Cuba","Denuncias","PNR","Ri\u00f1as","Robos en Cuba"],"articleSection":["Noticias","Noticias de Cuba"],"inLanguage":"es","potentialAction":[{"@type":"CommentAction","name":"Comment","target":["https:\/\/www.cuballama.com\/noticias\/activistas-exponen-distintos-hechos-de-violencia-y-delitos-acontecidos-en-cuba-en-las-ultimas-horas\/#respond"]}]},{"@type":"WebPage","@id":"https:\/\/www.cuballama.com\/noticias\/activistas-exponen-distintos-hechos-de-violencia-y-delitos-acontecidos-en-cuba-en-las-ultimas-horas\/","url":"https:\/\/www.cuballama.com\/noticias\/activistas-exponen-distintos-hechos-de-violencia-y-delitos-acontecidos-en-cuba-en-las-ultimas-horas\/","name":"Activistas exponen distintos hechos de violencia y delitos acontecidos en Cuba en las \u00faltimas horas - Cuballama Noticias","isPartOf":{"@id":"https:\/\/www.cuballama.com\/noticias\/#website"},"primaryImageOfPage":{"@id":"https:\/\/www.cuballama.com\/noticias\/activistas-exponen-distintos-hechos-de-violencia-y-delitos-acontecidos-en-cuba-en-las-ultimas-horas\/#primaryimage"},"image":{"@id":"https:\/\/www.cuballama.com\/noticias\/activistas-exponen-distintos-hechos-de-violencia-y-delitos-acontecidos-en-cuba-en-las-ultimas-horas\/#primaryimage"},"thumbnailUrl":"https:\/\/cdn1.mediawpaccore.net\/wp-content\/uploads\/2023\/08\/04075135\/Policia_Nacional_Revolucionaria_Geely_patrol_car.jpg","datePublished":"2025-10-22T15:35:08+00:00","dateModified":"2025-10-22T15:35:10+00:00","description":"Los delitos y los hechos de violencia en Cuba parecen no tener fin. El deterioro social y la crisis econ\u00f3mica, estimula a la delincuencia.","breadcrumb":{"@id":"https:\/\/www.cuballama.com\/noticias\/activistas-exponen-distintos-hechos-de-violencia-y-delitos-acontecidos-en-cuba-en-las-ultimas-horas\/#breadcrumb"},"inLanguage":"es","potentialAction":[{"@type":"ReadAction","target":["https:\/\/www.cuballama.com\/noticias\/activistas-exponen-distintos-hechos-de-violencia-y-delitos-acontecidos-en-cuba-en-las-ultimas-horas\/"]}]},{"@type":"ImageObject","inLanguage":"es","@id":"https:\/\/www.cuballama.com\/noticias\/activistas-exponen-distintos-hechos-de-violencia-y-delitos-acontecidos-en-cuba-en-las-ultimas-horas\/#primaryimage","url":"https:\/\/cdn1.mediawpaccore.net\/wp-content\/uploads\/2023\/08\/04075135\/Policia_Nacional_Revolucionaria_Geely_patrol_car.jpg","contentUrl":"https:\/\/cdn1.mediawpaccore.net\/wp-content\/uploads\/2023\/08\/04075135\/Policia_Nacional_Revolucionaria_Geely_patrol_car.jpg","width":640,"height":480,"caption":"Foto Referencial. Brian Adamson. Creative Commons"},{"@type":"BreadcrumbList","@id":"https:\/\/www.cuballama.com\/noticias\/activistas-exponen-distintos-hechos-de-violencia-y-delitos-acontecidos-en-cuba-en-las-ultimas-horas\/#breadcrumb","itemListElement":[{"@type":"ListItem","position":1,"name":"Home","item":"https:\/\/www.cuballama.com\/noticias\/"},{"@type":"ListItem","position":2,"name":"Activistas exponen distintos hechos de violencia y delitos acontecidos en Cuba en las \u00faltimas horas"}]},{"@type":"WebSite","@id":"https:\/\/www.cuballama.com\/noticias\/#website","url":"https:\/\/www.cuballama.com\/noticias\/","name":"Cuballama Noticias","description":"Medio digital sobre Cuba y el mundo","publisher":{"@id":"https:\/\/www.cuballama.com\/noticias\/#organization"},"potentialAction":[{"@type":"SearchAction","target":{"@type":"EntryPoint","urlTemplate":"https:\/\/www.cuballama.com\/noticias\/?s={search_term_string}"},"query-input":{"@type":"PropertyValueSpecification","valueRequired":true,"valueName":"search_term_string"}}],"inLanguage":"es"},{"@type":"Organization","@id":"https:\/\/www.cuballama.com\/noticias\/#organization","name":"Cuballama","url":"https:\/\/www.cuballama.com\/noticias\/","logo":{"@type":"ImageObject","inLanguage":"es","@id":"https:\/\/www.cuballama.com\/noticias\/#\/schema\/logo\/image\/","url":"https:\/\/cdn1.mediawpaccore.net\/wp-content\/uploads\/2021\/12\/28171206\/cbll-logo-color-sm.png","contentUrl":"https:\/\/cdn1.mediawpaccore.net\/wp-content\/uploads\/2021\/12\/28171206\/cbll-logo-color-sm.png","width":600,"height":133,"caption":"Cuballama"},"image":{"@id":"https:\/\/www.cuballama.com\/noticias\/#\/schema\/logo\/image\/"},"sameAs":["https:\/\/www.facebook.com\/CubaLlama","https:\/\/x.com\/cuballama","https:\/\/www.instagram.com\/stories\/cuballama_oficial\/","https:\/\/www.youtube.com\/channel\/UCKkFE-d_axENGZcrc4as0IA"]},{"@type":"Person","@id":"https:\/\/www.cuballama.com\/noticias\/#\/schema\/person\/a58502ed4146c8e9f83872e897c76cd2","name":"Roberto A.","description":"Roberto A. Periodista por decisi\u00f3n propia. Interesado en cualquier tema que me apasione y cada vez m\u00e1s comprometido con la verdad y la objetividad period\u00edstica. Graduado en La Habana hace ya muchos a\u00f1os, luego de una accidentada y polvorienta b\u00fasqueda de informaci\u00f3n sobre un tema in\u00e9dito. La Tesis, por cierto, desapareci\u00f3 de la biblioteca y no se conservan copias de la misma.","url":"https:\/\/www.cuballama.com\/noticias\/author\/roberto\/"}]}},"_links":{"self":[{"href":"https:\/\/www.cuballama.com\/noticias\/wp-json\/wp\/v2\/posts\/223394","targetHints":{"allow":["GET"]}}],"collection":[{"href":"https:\/\/www.cuballama.com\/noticias\/wp-json\/wp\/v2\/posts"}],"about":[{"href":"https:\/\/www.cuballama.com\/noticias\/wp-json\/wp\/v2\/types\/post"}],"author":[{"embeddable":true,"href":"https:\/\/www.cuballama.com\/noticias\/wp-json\/wp\/v2\/users\/13"}],"replies":[{"embeddable":true,"href":"https:\/\/www.cuballama.com\/noticias\/wp-json\/wp\/v2\/comments?post=223394"}],"version-history":[{"count":3,"href":"https:\/\/www.cuballama.com\/noticias\/wp-json\/wp\/v2\/posts\/223394\/revisions"}],"predecessor-version":[{"id":223418,"href":"https:\/\/www.cuballama.com\/noticias\/wp-json\/wp\/v2\/posts\/223394\/revisions\/223418"}],"wp:featuredmedia":[{"embeddable":true,"href":"https:\/\/www.cuballama.com\/noticias\/wp-json\/wp\/v2\/media\/132125"}],"wp:attachment":[{"href":"https:\/\/www.cuballama.com\/noticias\/wp-json\/wp\/v2\/media?parent=223394"}],"wp:term":[{"taxonomy":"category","embeddable":true,"href":"https:\/\/www.cuballama.com\/noticias\/wp-json\/wp\/v2\/categories?post=223394"},{"taxonomy":"post_tag","embeddable":true,"href":"https:\/\/www.cuballama.com\/noticias\/wp-json\/wp\/v2\/tags?post=223394"}],"curies":[{"name":"wp","href":"https:\/\/api.w.org\/{rel}","templated":true}]}}