{"id":223330,"date":"2025-10-20T20:07:50","date_gmt":"2025-10-21T00:07:50","guid":{"rendered":"https:\/\/www.cuballama.com\/noticias\/?p=223330"},"modified":"2025-10-20T20:08:59","modified_gmt":"2025-10-21T00:08:59","slug":"cuba-debe-monitorear-posible-tormenta-tropical-en-el-mar-caribe","status":"publish","type":"post","link":"https:\/\/www.cuballama.com\/noticias\/cuba-debe-monitorear-posible-tormenta-tropical-en-el-mar-caribe\/","title":{"rendered":"Cuba debe monitorear posible tormenta tropical en el Mar Caribe"},"content":{"rendered":"\n<p>Una depresi\u00f3n&nbsp; tropical ahora es probable que se forme durante las pr\u00f3ximas 24 o 48 horas para muy posible luego dar paso&nbsp; a una tormenta tropical a medida que se mueve en el Mar Caribe central.<\/p>\n\n\n\n<p>Independientemente del desarrollo, fuertes lluvias y vientos con r\u00e1fagas son posibles sobre porciones de las Islas ABC (Aruba, Bonaire y Curazao) durante estos siguientes dos d\u00edas.<\/p>\n\n\n\n<p>El \u00faltimo reporte del Centro Nacional de Huracanes de Miami indica que Puerto Rico, Rep\u00fablica Dominicana, Hait\u00ed, Jamaica y Cuba deben monitorear el\u00a0 progreso de esta perturbaci\u00f3n ya que hay un riesgo de fuertes lluvias e inundaciones, vientos y oleaje fuertes a finales de esta semana.<\/p>\n\n\n\n<p>Por su parte de acuerdo al noticiero de Telemundo al mediod\u00eda de este lunes&nbsp; el disturbio est\u00e1 a punto de convertirse en tormenta tropical durante esta semana que conforme transcurra las oportunidades de que gane caracter\u00edsticas tropicales ir\u00e1n aumentando.<\/p>\n\n\n\n<p>Seg\u00fan el mapa de pron\u00f3sticos actualmente la perturbaci\u00f3n tiene un 70% de que para dentro de siete d\u00edas pueda ya ser una tormenta tropical.<\/p>\n\n\n\n<p>El meteor\u00f3logo Carlos Robles estim\u00f3&nbsp; que no hay vientos fuertes que puedan interferir su desarrollo, favorecido adem\u00e1s por la calidez de las aguas que le proporcionar\u00e1 la energ\u00eda necesaria para llegar a tormenta tropical.<\/p>\n\n\n\n<p>La onda tropical est\u00e1 ubicada actualmente a unos 500 kil\u00f3metros del arco de las Antillas Menores y se est\u00e1 desplazando a unos 30 km por hora. Existe una alta incertidumbre sobre la trayectoria del fen\u00f3meno.<\/p>\n\n\n\n<p>El experto consider\u00f3 que desde ya puede calificarse de \u00abuna amenaza\u00bb porque luego de moverse hacia el oeste se espera que pueda dar un giro principalmente hacia el norte. Muchas simulaciones muestran una trayectoria por el sur de Jamaica, sur de Cuba y luego se mueva a Centroam\u00e9rica.<\/p>\n\n\n\n<p>Otro escenario es que se mueva mucho m\u00e1s hacia Cuba y pueda acercarse a la pen\u00ednsula de La Florida y otro modelo vaticina un movimiento hacia el noroeste con peligro a la Espa\u00f1ola compartida por Hait\u00ed y Rep\u00fablica Dominicana.<\/p>\n\n\n\n<p>La onda tropical contin\u00faa produciendo una gran \u00e1rea de lluvias y tormentas el\u00e9ctricas.<\/p>\n\n\n\n<p>Aunque ning\u00fan fen\u00f3meno tropical ha tocado tierra, esta temporada de huracanes ha sido activa desde su inicio hace m\u00e1s de cuatro meses. Si el sistema meteorol\u00f3gico se convierte en una tormenta tropical, el sistema se llamar\u00eda Melissa.<\/p>\n\n\n\n<p><\/p>\n","protected":false},"excerpt":{"rendered":"<p>Seg\u00fan el mapa de pron\u00f3sticos actualmente la perturbaci\u00f3n tiene un 70% de que para dentro de siete d\u00edas pueda ya ser una tormenta tropical.<\/p>\n","protected":false},"author":24,"featured_media":156269,"comment_status":"open","ping_status":"closed","sticky":false,"template":"","format":"standard","meta":{"_acf_changed":false,"footnotes":""},"categories":[18,955],"tags":[11,92,11017,1799,10998],"class_list":{"0":"post-223330","1":"post","2":"type-post","3":"status-publish","4":"format-standard","5":"has-post-thumbnail","7":"category-noticias","8":"category-noticias-de-cuba","9":"tag-cuba","10":"tag-cubanos","11":"tag-superdestacado","12":"tag-tormenta","13":"tag-tormenta-tropical"},"acf":[],"yoast_head":"<!-- This site is optimized with the Yoast SEO plugin v27.5 - https:\/\/yoast.com\/product\/yoast-seo-wordpress\/ -->\n<title>Cuba debe monitorear posible tormenta tropical en el Mar Caribe - Cuballama Noticias<\/title>\n<meta name=\"description\" content=\"Una depresi\u00f3n\u00a0 tropical ahora es probable que se forme durante las pr\u00f3ximas horas para muy posible luego dar paso\u00a0 a una tormenta tropical.\" \/>\n<meta name=\"robots\" content=\"index, follow, max-snippet:-1, max-image-preview:large, max-video-preview:-1\" \/>\n<link rel=\"canonical\" href=\"https:\/\/www.cuballama.com\/noticias\/cuba-debe-monitorear-posible-tormenta-tropical-en-el-mar-caribe\/\" \/>\n<meta property=\"og:locale\" content=\"es_ES\" \/>\n<meta property=\"og:type\" content=\"article\" \/>\n<meta property=\"og:title\" content=\"Cuba debe monitorear posible tormenta tropical en el Mar Caribe - Cuballama Noticias\" \/>\n<meta property=\"og:description\" content=\"Una depresi\u00f3n\u00a0 tropical ahora es probable que se forme durante las pr\u00f3ximas horas para muy posible luego dar paso\u00a0 a una tormenta tropical.\" \/>\n<meta property=\"og:url\" content=\"https:\/\/www.cuballama.com\/noticias\/cuba-debe-monitorear-posible-tormenta-tropical-en-el-mar-caribe\/\" \/>\n<meta property=\"og:site_name\" content=\"Cuballama Noticias\" \/>\n<meta property=\"article:publisher\" content=\"https:\/\/www.facebook.com\/CubaLlama\" \/>\n<meta property=\"article:published_time\" content=\"2025-10-21T00:07:50+00:00\" \/>\n<meta property=\"article:modified_time\" content=\"2025-10-21T00:08:59+00:00\" \/>\n<meta property=\"og:image\" content=\"https:\/\/cdn1.mediawpaccore.net\/wp-content\/uploads\/2024\/02\/03121021\/Clima.jpg\" \/>\n\t<meta property=\"og:image:width\" content=\"1200\" \/>\n\t<meta property=\"og:image:height\" content=\"630\" \/>\n\t<meta property=\"og:image:type\" content=\"image\/jpeg\" \/>\n<meta name=\"author\" content=\"Manu\" \/>\n<meta name=\"twitter:card\" content=\"summary_large_image\" \/>\n<meta name=\"twitter:creator\" content=\"@cuballama\" \/>\n<meta name=\"twitter:site\" content=\"@cuballama\" \/>\n<meta name=\"twitter:label1\" content=\"Escrito por\" \/>\n\t<meta name=\"twitter:data1\" content=\"Manu\" \/>\n\t<meta name=\"twitter:label2\" content=\"Tiempo de lectura\" \/>\n\t<meta name=\"twitter:data2\" content=\"2 minutos\" \/>\n<script type=\"application\/ld+json\" class=\"yoast-schema-graph\">{\"@context\":\"https:\\\/\\\/schema.org\",\"@graph\":[{\"@type\":\"Article\",\"@id\":\"https:\\\/\\\/www.cuballama.com\\\/noticias\\\/cuba-debe-monitorear-posible-tormenta-tropical-en-el-mar-caribe\\\/#article\",\"isPartOf\":{\"@id\":\"https:\\\/\\\/www.cuballama.com\\\/noticias\\\/cuba-debe-monitorear-posible-tormenta-tropical-en-el-mar-caribe\\\/\"},\"author\":{\"name\":\"Manu\",\"@id\":\"https:\\\/\\\/www.cuballama.com\\\/noticias\\\/#\\\/schema\\\/person\\\/5889f7d070564f8386e7944d14d436cd\"},\"headline\":\"Cuba debe monitorear posible tormenta tropical en el Mar Caribe\",\"datePublished\":\"2025-10-21T00:07:50+00:00\",\"dateModified\":\"2025-10-21T00:08:59+00:00\",\"mainEntityOfPage\":{\"@id\":\"https:\\\/\\\/www.cuballama.com\\\/noticias\\\/cuba-debe-monitorear-posible-tormenta-tropical-en-el-mar-caribe\\\/\"},\"wordCount\":416,\"commentCount\":0,\"publisher\":{\"@id\":\"https:\\\/\\\/www.cuballama.com\\\/noticias\\\/#organization\"},\"image\":{\"@id\":\"https:\\\/\\\/www.cuballama.com\\\/noticias\\\/cuba-debe-monitorear-posible-tormenta-tropical-en-el-mar-caribe\\\/#primaryimage\"},\"thumbnailUrl\":\"https:\\\/\\\/cdn1.mediawpaccore.net\\\/wp-content\\\/uploads\\\/2024\\\/02\\\/03121021\\\/Clima.jpg\",\"keywords\":[\"Cuba\",\"cubanos\",\"superdestacado\",\"Tormenta\",\"tormenta tropical\"],\"articleSection\":[\"Noticias\",\"Noticias de Cuba\"],\"inLanguage\":\"es\",\"potentialAction\":[{\"@type\":\"CommentAction\",\"name\":\"Comment\",\"target\":[\"https:\\\/\\\/www.cuballama.com\\\/noticias\\\/cuba-debe-monitorear-posible-tormenta-tropical-en-el-mar-caribe\\\/#respond\"]}]},{\"@type\":\"WebPage\",\"@id\":\"https:\\\/\\\/www.cuballama.com\\\/noticias\\\/cuba-debe-monitorear-posible-tormenta-tropical-en-el-mar-caribe\\\/\",\"url\":\"https:\\\/\\\/www.cuballama.com\\\/noticias\\\/cuba-debe-monitorear-posible-tormenta-tropical-en-el-mar-caribe\\\/\",\"name\":\"Cuba debe monitorear posible tormenta tropical en el Mar Caribe - Cuballama Noticias\",\"isPartOf\":{\"@id\":\"https:\\\/\\\/www.cuballama.com\\\/noticias\\\/#website\"},\"primaryImageOfPage\":{\"@id\":\"https:\\\/\\\/www.cuballama.com\\\/noticias\\\/cuba-debe-monitorear-posible-tormenta-tropical-en-el-mar-caribe\\\/#primaryimage\"},\"image\":{\"@id\":\"https:\\\/\\\/www.cuballama.com\\\/noticias\\\/cuba-debe-monitorear-posible-tormenta-tropical-en-el-mar-caribe\\\/#primaryimage\"},\"thumbnailUrl\":\"https:\\\/\\\/cdn1.mediawpaccore.net\\\/wp-content\\\/uploads\\\/2024\\\/02\\\/03121021\\\/Clima.jpg\",\"datePublished\":\"2025-10-21T00:07:50+00:00\",\"dateModified\":\"2025-10-21T00:08:59+00:00\",\"description\":\"Una depresi\u00f3n\u00a0 tropical ahora es probable que se forme durante las pr\u00f3ximas horas para muy posible luego dar paso\u00a0 a una tormenta tropical.\",\"breadcrumb\":{\"@id\":\"https:\\\/\\\/www.cuballama.com\\\/noticias\\\/cuba-debe-monitorear-posible-tormenta-tropical-en-el-mar-caribe\\\/#breadcrumb\"},\"inLanguage\":\"es\",\"potentialAction\":[{\"@type\":\"ReadAction\",\"target\":[\"https:\\\/\\\/www.cuballama.com\\\/noticias\\\/cuba-debe-monitorear-posible-tormenta-tropical-en-el-mar-caribe\\\/\"]}]},{\"@type\":\"ImageObject\",\"inLanguage\":\"es\",\"@id\":\"https:\\\/\\\/www.cuballama.com\\\/noticias\\\/cuba-debe-monitorear-posible-tormenta-tropical-en-el-mar-caribe\\\/#primaryimage\",\"url\":\"https:\\\/\\\/cdn1.mediawpaccore.net\\\/wp-content\\\/uploads\\\/2024\\\/02\\\/03121021\\\/Clima.jpg\",\"contentUrl\":\"https:\\\/\\\/cdn1.mediawpaccore.net\\\/wp-content\\\/uploads\\\/2024\\\/02\\\/03121021\\\/Clima.jpg\",\"width\":1200,\"height\":630,\"caption\":\"Foto: RL Hevia\\\/CN360.\"},{\"@type\":\"BreadcrumbList\",\"@id\":\"https:\\\/\\\/www.cuballama.com\\\/noticias\\\/cuba-debe-monitorear-posible-tormenta-tropical-en-el-mar-caribe\\\/#breadcrumb\",\"itemListElement\":[{\"@type\":\"ListItem\",\"position\":1,\"name\":\"Home\",\"item\":\"https:\\\/\\\/www.cuballama.com\\\/noticias\\\/\"},{\"@type\":\"ListItem\",\"position\":2,\"name\":\"Cuba debe monitorear posible tormenta tropical en el Mar Caribe\"}]},{\"@type\":\"WebSite\",\"@id\":\"https:\\\/\\\/www.cuballama.com\\\/noticias\\\/#website\",\"url\":\"https:\\\/\\\/www.cuballama.com\\\/noticias\\\/\",\"name\":\"Cuballama Noticias\",\"description\":\"Medio digital sobre Cuba y el mundo\",\"publisher\":{\"@id\":\"https:\\\/\\\/www.cuballama.com\\\/noticias\\\/#organization\"},\"potentialAction\":[{\"@type\":\"SearchAction\",\"target\":{\"@type\":\"EntryPoint\",\"urlTemplate\":\"https:\\\/\\\/www.cuballama.com\\\/noticias\\\/?s={search_term_string}\"},\"query-input\":{\"@type\":\"PropertyValueSpecification\",\"valueRequired\":true,\"valueName\":\"search_term_string\"}}],\"inLanguage\":\"es\"},{\"@type\":\"Organization\",\"@id\":\"https:\\\/\\\/www.cuballama.com\\\/noticias\\\/#organization\",\"name\":\"Cuballama\",\"url\":\"https:\\\/\\\/www.cuballama.com\\\/noticias\\\/\",\"logo\":{\"@type\":\"ImageObject\",\"inLanguage\":\"es\",\"@id\":\"https:\\\/\\\/www.cuballama.com\\\/noticias\\\/#\\\/schema\\\/logo\\\/image\\\/\",\"url\":\"https:\\\/\\\/cdn1.mediawpaccore.net\\\/wp-content\\\/uploads\\\/2021\\\/12\\\/28171206\\\/cbll-logo-color-sm.png\",\"contentUrl\":\"https:\\\/\\\/cdn1.mediawpaccore.net\\\/wp-content\\\/uploads\\\/2021\\\/12\\\/28171206\\\/cbll-logo-color-sm.png\",\"width\":600,\"height\":133,\"caption\":\"Cuballama\"},\"image\":{\"@id\":\"https:\\\/\\\/www.cuballama.com\\\/noticias\\\/#\\\/schema\\\/logo\\\/image\\\/\"},\"sameAs\":[\"https:\\\/\\\/www.facebook.com\\\/CubaLlama\",\"https:\\\/\\\/x.com\\\/cuballama\",\"https:\\\/\\\/www.instagram.com\\\/stories\\\/cuballama_oficial\\\/\",\"https:\\\/\\\/www.youtube.com\\\/channel\\\/UCKkFE-d_axENGZcrc4as0IA\"]},{\"@type\":\"Person\",\"@id\":\"https:\\\/\\\/www.cuballama.com\\\/noticias\\\/#\\\/schema\\\/person\\\/5889f7d070564f8386e7944d14d436cd\",\"name\":\"Manu\",\"url\":\"https:\\\/\\\/www.cuballama.com\\\/noticias\\\/author\\\/manu\\\/\"}]}<\/script>\n<!-- \/ Yoast SEO plugin. -->","yoast_head_json":{"title":"Cuba debe monitorear posible tormenta tropical en el Mar Caribe - Cuballama Noticias","description":"Una depresi\u00f3n\u00a0 tropical ahora es probable que se forme durante las pr\u00f3ximas horas para muy posible luego dar paso\u00a0 a una tormenta tropical.","robots":{"index":"index","follow":"follow","max-snippet":"max-snippet:-1","max-image-preview":"max-image-preview:large","max-video-preview":"max-video-preview:-1"},"canonical":"https:\/\/www.cuballama.com\/noticias\/cuba-debe-monitorear-posible-tormenta-tropical-en-el-mar-caribe\/","og_locale":"es_ES","og_type":"article","og_title":"Cuba debe monitorear posible tormenta tropical en el Mar Caribe - Cuballama Noticias","og_description":"Una depresi\u00f3n\u00a0 tropical ahora es probable que se forme durante las pr\u00f3ximas horas para muy posible luego dar paso\u00a0 a una tormenta tropical.","og_url":"https:\/\/www.cuballama.com\/noticias\/cuba-debe-monitorear-posible-tormenta-tropical-en-el-mar-caribe\/","og_site_name":"Cuballama Noticias","article_publisher":"https:\/\/www.facebook.com\/CubaLlama","article_published_time":"2025-10-21T00:07:50+00:00","article_modified_time":"2025-10-21T00:08:59+00:00","og_image":[{"width":1200,"height":630,"url":"https:\/\/cdn1.mediawpaccore.net\/wp-content\/uploads\/2024\/02\/03121021\/Clima.jpg","type":"image\/jpeg"}],"author":"Manu","twitter_card":"summary_large_image","twitter_creator":"@cuballama","twitter_site":"@cuballama","twitter_misc":{"Escrito por":"Manu","Tiempo de lectura":"2 minutos"},"schema":{"@context":"https:\/\/schema.org","@graph":[{"@type":"Article","@id":"https:\/\/www.cuballama.com\/noticias\/cuba-debe-monitorear-posible-tormenta-tropical-en-el-mar-caribe\/#article","isPartOf":{"@id":"https:\/\/www.cuballama.com\/noticias\/cuba-debe-monitorear-posible-tormenta-tropical-en-el-mar-caribe\/"},"author":{"name":"Manu","@id":"https:\/\/www.cuballama.com\/noticias\/#\/schema\/person\/5889f7d070564f8386e7944d14d436cd"},"headline":"Cuba debe monitorear posible tormenta tropical en el Mar Caribe","datePublished":"2025-10-21T00:07:50+00:00","dateModified":"2025-10-21T00:08:59+00:00","mainEntityOfPage":{"@id":"https:\/\/www.cuballama.com\/noticias\/cuba-debe-monitorear-posible-tormenta-tropical-en-el-mar-caribe\/"},"wordCount":416,"commentCount":0,"publisher":{"@id":"https:\/\/www.cuballama.com\/noticias\/#organization"},"image":{"@id":"https:\/\/www.cuballama.com\/noticias\/cuba-debe-monitorear-posible-tormenta-tropical-en-el-mar-caribe\/#primaryimage"},"thumbnailUrl":"https:\/\/cdn1.mediawpaccore.net\/wp-content\/uploads\/2024\/02\/03121021\/Clima.jpg","keywords":["Cuba","cubanos","superdestacado","Tormenta","tormenta tropical"],"articleSection":["Noticias","Noticias de Cuba"],"inLanguage":"es","potentialAction":[{"@type":"CommentAction","name":"Comment","target":["https:\/\/www.cuballama.com\/noticias\/cuba-debe-monitorear-posible-tormenta-tropical-en-el-mar-caribe\/#respond"]}]},{"@type":"WebPage","@id":"https:\/\/www.cuballama.com\/noticias\/cuba-debe-monitorear-posible-tormenta-tropical-en-el-mar-caribe\/","url":"https:\/\/www.cuballama.com\/noticias\/cuba-debe-monitorear-posible-tormenta-tropical-en-el-mar-caribe\/","name":"Cuba debe monitorear posible tormenta tropical en el Mar Caribe - Cuballama Noticias","isPartOf":{"@id":"https:\/\/www.cuballama.com\/noticias\/#website"},"primaryImageOfPage":{"@id":"https:\/\/www.cuballama.com\/noticias\/cuba-debe-monitorear-posible-tormenta-tropical-en-el-mar-caribe\/#primaryimage"},"image":{"@id":"https:\/\/www.cuballama.com\/noticias\/cuba-debe-monitorear-posible-tormenta-tropical-en-el-mar-caribe\/#primaryimage"},"thumbnailUrl":"https:\/\/cdn1.mediawpaccore.net\/wp-content\/uploads\/2024\/02\/03121021\/Clima.jpg","datePublished":"2025-10-21T00:07:50+00:00","dateModified":"2025-10-21T00:08:59+00:00","description":"Una depresi\u00f3n\u00a0 tropical ahora es probable que se forme durante las pr\u00f3ximas horas para muy posible luego dar paso\u00a0 a una tormenta tropical.","breadcrumb":{"@id":"https:\/\/www.cuballama.com\/noticias\/cuba-debe-monitorear-posible-tormenta-tropical-en-el-mar-caribe\/#breadcrumb"},"inLanguage":"es","potentialAction":[{"@type":"ReadAction","target":["https:\/\/www.cuballama.com\/noticias\/cuba-debe-monitorear-posible-tormenta-tropical-en-el-mar-caribe\/"]}]},{"@type":"ImageObject","inLanguage":"es","@id":"https:\/\/www.cuballama.com\/noticias\/cuba-debe-monitorear-posible-tormenta-tropical-en-el-mar-caribe\/#primaryimage","url":"https:\/\/cdn1.mediawpaccore.net\/wp-content\/uploads\/2024\/02\/03121021\/Clima.jpg","contentUrl":"https:\/\/cdn1.mediawpaccore.net\/wp-content\/uploads\/2024\/02\/03121021\/Clima.jpg","width":1200,"height":630,"caption":"Foto: RL Hevia\/CN360."},{"@type":"BreadcrumbList","@id":"https:\/\/www.cuballama.com\/noticias\/cuba-debe-monitorear-posible-tormenta-tropical-en-el-mar-caribe\/#breadcrumb","itemListElement":[{"@type":"ListItem","position":1,"name":"Home","item":"https:\/\/www.cuballama.com\/noticias\/"},{"@type":"ListItem","position":2,"name":"Cuba debe monitorear posible tormenta tropical en el Mar Caribe"}]},{"@type":"WebSite","@id":"https:\/\/www.cuballama.com\/noticias\/#website","url":"https:\/\/www.cuballama.com\/noticias\/","name":"Cuballama Noticias","description":"Medio digital sobre Cuba y el mundo","publisher":{"@id":"https:\/\/www.cuballama.com\/noticias\/#organization"},"potentialAction":[{"@type":"SearchAction","target":{"@type":"EntryPoint","urlTemplate":"https:\/\/www.cuballama.com\/noticias\/?s={search_term_string}"},"query-input":{"@type":"PropertyValueSpecification","valueRequired":true,"valueName":"search_term_string"}}],"inLanguage":"es"},{"@type":"Organization","@id":"https:\/\/www.cuballama.com\/noticias\/#organization","name":"Cuballama","url":"https:\/\/www.cuballama.com\/noticias\/","logo":{"@type":"ImageObject","inLanguage":"es","@id":"https:\/\/www.cuballama.com\/noticias\/#\/schema\/logo\/image\/","url":"https:\/\/cdn1.mediawpaccore.net\/wp-content\/uploads\/2021\/12\/28171206\/cbll-logo-color-sm.png","contentUrl":"https:\/\/cdn1.mediawpaccore.net\/wp-content\/uploads\/2021\/12\/28171206\/cbll-logo-color-sm.png","width":600,"height":133,"caption":"Cuballama"},"image":{"@id":"https:\/\/www.cuballama.com\/noticias\/#\/schema\/logo\/image\/"},"sameAs":["https:\/\/www.facebook.com\/CubaLlama","https:\/\/x.com\/cuballama","https:\/\/www.instagram.com\/stories\/cuballama_oficial\/","https:\/\/www.youtube.com\/channel\/UCKkFE-d_axENGZcrc4as0IA"]},{"@type":"Person","@id":"https:\/\/www.cuballama.com\/noticias\/#\/schema\/person\/5889f7d070564f8386e7944d14d436cd","name":"Manu","url":"https:\/\/www.cuballama.com\/noticias\/author\/manu\/"}]}},"_links":{"self":[{"href":"https:\/\/www.cuballama.com\/noticias\/wp-json\/wp\/v2\/posts\/223330","targetHints":{"allow":["GET"]}}],"collection":[{"href":"https:\/\/www.cuballama.com\/noticias\/wp-json\/wp\/v2\/posts"}],"about":[{"href":"https:\/\/www.cuballama.com\/noticias\/wp-json\/wp\/v2\/types\/post"}],"author":[{"embeddable":true,"href":"https:\/\/www.cuballama.com\/noticias\/wp-json\/wp\/v2\/users\/24"}],"replies":[{"embeddable":true,"href":"https:\/\/www.cuballama.com\/noticias\/wp-json\/wp\/v2\/comments?post=223330"}],"version-history":[{"count":1,"href":"https:\/\/www.cuballama.com\/noticias\/wp-json\/wp\/v2\/posts\/223330\/revisions"}],"predecessor-version":[{"id":223331,"href":"https:\/\/www.cuballama.com\/noticias\/wp-json\/wp\/v2\/posts\/223330\/revisions\/223331"}],"wp:featuredmedia":[{"embeddable":true,"href":"https:\/\/www.cuballama.com\/noticias\/wp-json\/wp\/v2\/media\/156269"}],"wp:attachment":[{"href":"https:\/\/www.cuballama.com\/noticias\/wp-json\/wp\/v2\/media?parent=223330"}],"wp:term":[{"taxonomy":"category","embeddable":true,"href":"https:\/\/www.cuballama.com\/noticias\/wp-json\/wp\/v2\/categories?post=223330"},{"taxonomy":"post_tag","embeddable":true,"href":"https:\/\/www.cuballama.com\/noticias\/wp-json\/wp\/v2\/tags?post=223330"}],"curies":[{"name":"wp","href":"https:\/\/api.w.org\/{rel}","templated":true}]}}