{"id":223312,"date":"2025-10-20T13:22:03","date_gmt":"2025-10-20T17:22:03","guid":{"rendered":"https:\/\/www.cuballama.com\/noticias\/?p=223312"},"modified":"2025-10-20T15:53:53","modified_gmt":"2025-10-20T19:53:53","slug":"embajada-de-ee-uu-en-la-habana-revoca-visa-a-cubano-tras-recibir-nueva-informacion","status":"publish","type":"post","link":"https:\/\/www.cuballama.com\/noticias\/embajada-de-ee-uu-en-la-habana-revoca-visa-a-cubano-tras-recibir-nueva-informacion\/","title":{"rendered":"Embajada de EE.UU. en La Habana revoca visa a cubano tras recibir \u201cnueva informaci\u00f3n\u201d"},"content":{"rendered":"\n<p>La Embajada de Estados Unidos en La Habana revoc\u00f3 la visa vigente de un ciudadano cubano tras recibir informaci\u00f3n que lo hace \u201cno elegible\u201d para entrar al pa\u00eds norteamericano, seg\u00fan <a href=\"https:\/\/www.martinoticias.com\/a\/eeuu-revoca-visa-a-ciudadano-cubano-tras-recibir-nueva-informacion-en-la-habana\/426482.html?fbclid=IwRlRTSANjSQhleHRuA2FlbQIxMQABHtoRL2AAgb2qyzyB5ttKpqpAvXl5_Jw3BLuMqOU0kULKo3WPrbldUuX_4oXU_aem_lEPFJFXcrUkcJ0Go6D_FGg\" target=\"_blank\" rel=\"noreferrer noopener nofollow\">confirmaron fuentes diplom\u00e1ticas a <em>Mart\u00ed Noticias<\/em><\/a>.<\/p>\n\n\n\n<p>\u201cNo puedo compartir detalles del caso en espec\u00edfico, pero creo que la gente va a empezar a dudar si vale la pena ser miembro del Partido Comunista de Cuba y participar en manifestaciones antiamericanas organizadas por el r\u00e9gimen\u201d, expres\u00f3 al citado medio un funcionario del Departamento de Estado en condici\u00f3n de anonimato.<\/p>\n\n\n\n<p>No obstante, la misma fuente cit\u00f3 <a href=\"https:\/\/www.cuballama.com\/noticias\/esto-debes-saber-sobre-prohibicion-de-viaje-de-trump-si-eres-cubano\/?srsltid=AfmBOooX1A7TWxcSzzxHw0iRym6KRU-CNcEWK6tCvZr0AivVpTblubRr\" target=\"_blank\" rel=\"noreferrer noopener\">una serie de razones suficientes para revocar una visa vigente<\/a>, como participar en las manifestaciones que el gobierno organiza frente a la sede diplom\u00e1tica de Washington en La Habana, \u201ccompartir propaganda antiamericana en redes sociales\u201d y \u201cmostrar odio hacia Estados Unidos y los valores democr\u00e1ticos\u201d.<\/p>\n\n\n\n<p>\u201cEl Secretario de Estado Marco Rubio lo ha dicho muchas veces: tener una visa para entrar a Estados Unidos no es un derecho, es un privilegio. Si deseas venir a Estados Unidos debes ser respetuoso con nuestro pa\u00eds\u201d, declar\u00f3 el funcionario al periodista de <em>Mart\u00ed Noticias<\/em>, Mario J. Pent\u00f3n.<\/p>\n\n\n\n<p>Seg\u00fan report\u00f3 el medio independiente <em>elTOQUE<\/em>, <a href=\"https:\/\/eltoque.com\/revocan-visa-a-cubano-desde-la-embajada-de-eeuu-en-la-habana\" target=\"_blank\" rel=\"noreferrer noopener nofollow\">el primero en hablar sobre el caso<\/a>, la cancelaci\u00f3n del visado impide al beneficiario cubano utilizar dicho documento para entrar a Estados Unidos; y, en caso de que estuviera en territorio estadounidense, se ejecutar\u00eda autom\u00e1ticamente al salir del pa\u00eds, conforme a la Secci\u00f3n 221(i) de la Ley de Inmigraci\u00f3n y Nacionalidad (INA).<\/p>\n\n\n\n<p>La Secci\u00f3n 221(i) refiere que el gobierno de Estados Unidos puede revocar una visa incluso despu\u00e9s de su emisi\u00f3n si surgen nuevos elementos que indiquen que el titular ya no cumple con los requisitos de admisi\u00f3n, entre los que destacan sospechas de fraude, tergiversaci\u00f3n de informaci\u00f3n, antecedentes penales, v\u00ednculos con actividades il\u00edcitas, o presencia ilegal no declarada en el pasado.<\/p>\n\n\n\n<p>Seg\u00fan este apartado de la INA, se puede incluso revocar un visado ante una presunta \u201cinadmisibilidad potencial\u201d, es decir, incluso si no se ha probado una violaci\u00f3n.<\/p>\n\n\n\n<p>Otro funcionario del Departamento de Estado asegur\u00f3 a <em>elTOQUE <\/em>que las revocaciones ocurren cuando el gobierno recibe \u201cinformaci\u00f3n negativa\u201d que ponga en duda la elegibilidad del beneficiario.<\/p>\n\n\n\n<p>\u201cRevocamos las visas cuando un individuo pierde su derecho a mantenerlas, representa una amenaza para la seguridad p\u00fablica o nacional, o cuando resulta necesario hacerlo\u201d, indic\u00f3.<\/p>\n\n\n\n<p><\/p>\n","protected":false},"excerpt":{"rendered":"<p>Fuentes del Departamento de Estado recordaron las razones por las que una visa vigente puede ser cancelada.<\/p>\n","protected":false},"author":30,"featured_media":201306,"comment_status":"open","ping_status":"closed","sticky":false,"template":"","format":"standard","meta":{"_acf_changed":false,"footnotes":""},"categories":[18,955],"tags":[24453,941,21077],"class_list":{"0":"post-223312","1":"post","2":"type-post","3":"status-publish","4":"format-standard","5":"has-post-thumbnail","7":"category-noticias","8":"category-noticias-de-cuba","9":"tag-cubanos-en-ee-uu","10":"tag-destacado","11":"tag-visa-de-turismo"},"acf":[],"yoast_head":"<!-- This site is optimized with the Yoast SEO plugin v27.5 - https:\/\/yoast.com\/product\/yoast-seo-wordpress\/ -->\n<title>Embajada de EE.UU. en La Habana revoca visa a cubano tras recibir \u201cnueva informaci\u00f3n\u201d - Cuballama Noticias<\/title>\n<meta name=\"description\" content=\"EE.UU. revoc\u00f3 la visa vigente de un cubano tras recibir informaci\u00f3n que lo hace \u201cno elegible\u201d para visitar el pa\u00eds norteamericano.\" \/>\n<meta name=\"robots\" content=\"index, follow, max-snippet:-1, max-image-preview:large, max-video-preview:-1\" \/>\n<link rel=\"canonical\" href=\"https:\/\/www.cuballama.com\/noticias\/embajada-de-ee-uu-en-la-habana-revoca-visa-a-cubano-tras-recibir-nueva-informacion\/\" \/>\n<meta property=\"og:locale\" content=\"es_ES\" \/>\n<meta property=\"og:type\" content=\"article\" \/>\n<meta property=\"og:title\" content=\"Embajada de EE.UU. en La Habana revoca visa a cubano tras recibir \u201cnueva informaci\u00f3n\u201d - Cuballama Noticias\" \/>\n<meta property=\"og:description\" content=\"EE.UU. revoc\u00f3 la visa vigente de un cubano tras recibir informaci\u00f3n que lo hace \u201cno elegible\u201d para visitar el pa\u00eds norteamericano.\" \/>\n<meta property=\"og:url\" content=\"https:\/\/www.cuballama.com\/noticias\/embajada-de-ee-uu-en-la-habana-revoca-visa-a-cubano-tras-recibir-nueva-informacion\/\" \/>\n<meta property=\"og:site_name\" content=\"Cuballama Noticias\" \/>\n<meta property=\"article:publisher\" content=\"https:\/\/www.facebook.com\/CubaLlama\" \/>\n<meta property=\"article:published_time\" content=\"2025-10-20T17:22:03+00:00\" \/>\n<meta property=\"article:modified_time\" content=\"2025-10-20T19:53:53+00:00\" \/>\n<meta property=\"og:image\" content=\"https:\/\/cdn1.mediawpaccore.net\/wp-content\/uploads\/2025\/03\/14091340\/01000000-0aff-0242-f359-08db0fba851d_w1597_n_r1_st_s1.jpg\" \/>\n\t<meta property=\"og:image:width\" content=\"1200\" \/>\n\t<meta property=\"og:image:height\" content=\"630\" \/>\n\t<meta property=\"og:image:type\" content=\"image\/jpeg\" \/>\n<meta name=\"author\" content=\"Kathy\" \/>\n<meta name=\"twitter:card\" content=\"summary_large_image\" \/>\n<meta name=\"twitter:creator\" content=\"@cuballama\" \/>\n<meta name=\"twitter:site\" content=\"@cuballama\" \/>\n<meta name=\"twitter:label1\" content=\"Escrito por\" \/>\n\t<meta name=\"twitter:data1\" content=\"Kathy\" \/>\n\t<meta name=\"twitter:label2\" content=\"Tiempo de lectura\" \/>\n\t<meta name=\"twitter:data2\" content=\"2 minutos\" \/>\n<script type=\"application\/ld+json\" class=\"yoast-schema-graph\">{\"@context\":\"https:\\\/\\\/schema.org\",\"@graph\":[{\"@type\":\"Article\",\"@id\":\"https:\\\/\\\/www.cuballama.com\\\/noticias\\\/embajada-de-ee-uu-en-la-habana-revoca-visa-a-cubano-tras-recibir-nueva-informacion\\\/#article\",\"isPartOf\":{\"@id\":\"https:\\\/\\\/www.cuballama.com\\\/noticias\\\/embajada-de-ee-uu-en-la-habana-revoca-visa-a-cubano-tras-recibir-nueva-informacion\\\/\"},\"author\":{\"name\":\"Kathy\",\"@id\":\"https:\\\/\\\/www.cuballama.com\\\/noticias\\\/#\\\/schema\\\/person\\\/86cd3e3f4974437f031211213bf892d5\"},\"headline\":\"Embajada de EE.UU. en La Habana revoca visa a cubano tras recibir \u201cnueva informaci\u00f3n\u201d\",\"datePublished\":\"2025-10-20T17:22:03+00:00\",\"dateModified\":\"2025-10-20T19:53:53+00:00\",\"mainEntityOfPage\":{\"@id\":\"https:\\\/\\\/www.cuballama.com\\\/noticias\\\/embajada-de-ee-uu-en-la-habana-revoca-visa-a-cubano-tras-recibir-nueva-informacion\\\/\"},\"wordCount\":432,\"commentCount\":0,\"publisher\":{\"@id\":\"https:\\\/\\\/www.cuballama.com\\\/noticias\\\/#organization\"},\"image\":{\"@id\":\"https:\\\/\\\/www.cuballama.com\\\/noticias\\\/embajada-de-ee-uu-en-la-habana-revoca-visa-a-cubano-tras-recibir-nueva-informacion\\\/#primaryimage\"},\"thumbnailUrl\":\"https:\\\/\\\/cdn1.mediawpaccore.net\\\/wp-content\\\/uploads\\\/2025\\\/03\\\/14091340\\\/01000000-0aff-0242-f359-08db0fba851d_w1597_n_r1_st_s1.jpg\",\"keywords\":[\"cubanos en EE.UU.\",\"destacado\",\"visa de turismo\"],\"articleSection\":[\"Noticias\",\"Noticias de Cuba\"],\"inLanguage\":\"es\",\"potentialAction\":[{\"@type\":\"CommentAction\",\"name\":\"Comment\",\"target\":[\"https:\\\/\\\/www.cuballama.com\\\/noticias\\\/embajada-de-ee-uu-en-la-habana-revoca-visa-a-cubano-tras-recibir-nueva-informacion\\\/#respond\"]}]},{\"@type\":\"WebPage\",\"@id\":\"https:\\\/\\\/www.cuballama.com\\\/noticias\\\/embajada-de-ee-uu-en-la-habana-revoca-visa-a-cubano-tras-recibir-nueva-informacion\\\/\",\"url\":\"https:\\\/\\\/www.cuballama.com\\\/noticias\\\/embajada-de-ee-uu-en-la-habana-revoca-visa-a-cubano-tras-recibir-nueva-informacion\\\/\",\"name\":\"Embajada de EE.UU. en La Habana revoca visa a cubano tras recibir \u201cnueva informaci\u00f3n\u201d - Cuballama Noticias\",\"isPartOf\":{\"@id\":\"https:\\\/\\\/www.cuballama.com\\\/noticias\\\/#website\"},\"primaryImageOfPage\":{\"@id\":\"https:\\\/\\\/www.cuballama.com\\\/noticias\\\/embajada-de-ee-uu-en-la-habana-revoca-visa-a-cubano-tras-recibir-nueva-informacion\\\/#primaryimage\"},\"image\":{\"@id\":\"https:\\\/\\\/www.cuballama.com\\\/noticias\\\/embajada-de-ee-uu-en-la-habana-revoca-visa-a-cubano-tras-recibir-nueva-informacion\\\/#primaryimage\"},\"thumbnailUrl\":\"https:\\\/\\\/cdn1.mediawpaccore.net\\\/wp-content\\\/uploads\\\/2025\\\/03\\\/14091340\\\/01000000-0aff-0242-f359-08db0fba851d_w1597_n_r1_st_s1.jpg\",\"datePublished\":\"2025-10-20T17:22:03+00:00\",\"dateModified\":\"2025-10-20T19:53:53+00:00\",\"description\":\"EE.UU. revoc\u00f3 la visa vigente de un cubano tras recibir informaci\u00f3n que lo hace \u201cno elegible\u201d para visitar el pa\u00eds norteamericano.\",\"breadcrumb\":{\"@id\":\"https:\\\/\\\/www.cuballama.com\\\/noticias\\\/embajada-de-ee-uu-en-la-habana-revoca-visa-a-cubano-tras-recibir-nueva-informacion\\\/#breadcrumb\"},\"inLanguage\":\"es\",\"potentialAction\":[{\"@type\":\"ReadAction\",\"target\":[\"https:\\\/\\\/www.cuballama.com\\\/noticias\\\/embajada-de-ee-uu-en-la-habana-revoca-visa-a-cubano-tras-recibir-nueva-informacion\\\/\"]}]},{\"@type\":\"ImageObject\",\"inLanguage\":\"es\",\"@id\":\"https:\\\/\\\/www.cuballama.com\\\/noticias\\\/embajada-de-ee-uu-en-la-habana-revoca-visa-a-cubano-tras-recibir-nueva-informacion\\\/#primaryimage\",\"url\":\"https:\\\/\\\/cdn1.mediawpaccore.net\\\/wp-content\\\/uploads\\\/2025\\\/03\\\/14091340\\\/01000000-0aff-0242-f359-08db0fba851d_w1597_n_r1_st_s1.jpg\",\"contentUrl\":\"https:\\\/\\\/cdn1.mediawpaccore.net\\\/wp-content\\\/uploads\\\/2025\\\/03\\\/14091340\\\/01000000-0aff-0242-f359-08db0fba851d_w1597_n_r1_st_s1.jpg\",\"width\":1200,\"height\":630,\"caption\":\"Embajada de Estados Unidos en La Habana. Foto: CN360.\"},{\"@type\":\"BreadcrumbList\",\"@id\":\"https:\\\/\\\/www.cuballama.com\\\/noticias\\\/embajada-de-ee-uu-en-la-habana-revoca-visa-a-cubano-tras-recibir-nueva-informacion\\\/#breadcrumb\",\"itemListElement\":[{\"@type\":\"ListItem\",\"position\":1,\"name\":\"Home\",\"item\":\"https:\\\/\\\/www.cuballama.com\\\/noticias\\\/\"},{\"@type\":\"ListItem\",\"position\":2,\"name\":\"Embajada de EE.UU. en La Habana revoca visa a cubano tras recibir \u201cnueva informaci\u00f3n\u201d\"}]},{\"@type\":\"WebSite\",\"@id\":\"https:\\\/\\\/www.cuballama.com\\\/noticias\\\/#website\",\"url\":\"https:\\\/\\\/www.cuballama.com\\\/noticias\\\/\",\"name\":\"Cuballama Noticias\",\"description\":\"Medio digital sobre Cuba y el mundo\",\"publisher\":{\"@id\":\"https:\\\/\\\/www.cuballama.com\\\/noticias\\\/#organization\"},\"potentialAction\":[{\"@type\":\"SearchAction\",\"target\":{\"@type\":\"EntryPoint\",\"urlTemplate\":\"https:\\\/\\\/www.cuballama.com\\\/noticias\\\/?s={search_term_string}\"},\"query-input\":{\"@type\":\"PropertyValueSpecification\",\"valueRequired\":true,\"valueName\":\"search_term_string\"}}],\"inLanguage\":\"es\"},{\"@type\":\"Organization\",\"@id\":\"https:\\\/\\\/www.cuballama.com\\\/noticias\\\/#organization\",\"name\":\"Cuballama\",\"url\":\"https:\\\/\\\/www.cuballama.com\\\/noticias\\\/\",\"logo\":{\"@type\":\"ImageObject\",\"inLanguage\":\"es\",\"@id\":\"https:\\\/\\\/www.cuballama.com\\\/noticias\\\/#\\\/schema\\\/logo\\\/image\\\/\",\"url\":\"https:\\\/\\\/cdn1.mediawpaccore.net\\\/wp-content\\\/uploads\\\/2021\\\/12\\\/28171206\\\/cbll-logo-color-sm.png\",\"contentUrl\":\"https:\\\/\\\/cdn1.mediawpaccore.net\\\/wp-content\\\/uploads\\\/2021\\\/12\\\/28171206\\\/cbll-logo-color-sm.png\",\"width\":600,\"height\":133,\"caption\":\"Cuballama\"},\"image\":{\"@id\":\"https:\\\/\\\/www.cuballama.com\\\/noticias\\\/#\\\/schema\\\/logo\\\/image\\\/\"},\"sameAs\":[\"https:\\\/\\\/www.facebook.com\\\/CubaLlama\",\"https:\\\/\\\/x.com\\\/cuballama\",\"https:\\\/\\\/www.instagram.com\\\/stories\\\/cuballama_oficial\\\/\",\"https:\\\/\\\/www.youtube.com\\\/channel\\\/UCKkFE-d_axENGZcrc4as0IA\"]},{\"@type\":\"Person\",\"@id\":\"https:\\\/\\\/www.cuballama.com\\\/noticias\\\/#\\\/schema\\\/person\\\/86cd3e3f4974437f031211213bf892d5\",\"name\":\"Kathy\",\"url\":\"https:\\\/\\\/www.cuballama.com\\\/noticias\\\/author\\\/kathy\\\/\"}]}<\/script>\n<!-- \/ Yoast SEO plugin. -->","yoast_head_json":{"title":"Embajada de EE.UU. en La Habana revoca visa a cubano tras recibir \u201cnueva informaci\u00f3n\u201d - Cuballama Noticias","description":"EE.UU. revoc\u00f3 la visa vigente de un cubano tras recibir informaci\u00f3n que lo hace \u201cno elegible\u201d para visitar el pa\u00eds norteamericano.","robots":{"index":"index","follow":"follow","max-snippet":"max-snippet:-1","max-image-preview":"max-image-preview:large","max-video-preview":"max-video-preview:-1"},"canonical":"https:\/\/www.cuballama.com\/noticias\/embajada-de-ee-uu-en-la-habana-revoca-visa-a-cubano-tras-recibir-nueva-informacion\/","og_locale":"es_ES","og_type":"article","og_title":"Embajada de EE.UU. en La Habana revoca visa a cubano tras recibir \u201cnueva informaci\u00f3n\u201d - Cuballama Noticias","og_description":"EE.UU. revoc\u00f3 la visa vigente de un cubano tras recibir informaci\u00f3n que lo hace \u201cno elegible\u201d para visitar el pa\u00eds norteamericano.","og_url":"https:\/\/www.cuballama.com\/noticias\/embajada-de-ee-uu-en-la-habana-revoca-visa-a-cubano-tras-recibir-nueva-informacion\/","og_site_name":"Cuballama Noticias","article_publisher":"https:\/\/www.facebook.com\/CubaLlama","article_published_time":"2025-10-20T17:22:03+00:00","article_modified_time":"2025-10-20T19:53:53+00:00","og_image":[{"width":1200,"height":630,"url":"https:\/\/cdn1.mediawpaccore.net\/wp-content\/uploads\/2025\/03\/14091340\/01000000-0aff-0242-f359-08db0fba851d_w1597_n_r1_st_s1.jpg","type":"image\/jpeg"}],"author":"Kathy","twitter_card":"summary_large_image","twitter_creator":"@cuballama","twitter_site":"@cuballama","twitter_misc":{"Escrito por":"Kathy","Tiempo de lectura":"2 minutos"},"schema":{"@context":"https:\/\/schema.org","@graph":[{"@type":"Article","@id":"https:\/\/www.cuballama.com\/noticias\/embajada-de-ee-uu-en-la-habana-revoca-visa-a-cubano-tras-recibir-nueva-informacion\/#article","isPartOf":{"@id":"https:\/\/www.cuballama.com\/noticias\/embajada-de-ee-uu-en-la-habana-revoca-visa-a-cubano-tras-recibir-nueva-informacion\/"},"author":{"name":"Kathy","@id":"https:\/\/www.cuballama.com\/noticias\/#\/schema\/person\/86cd3e3f4974437f031211213bf892d5"},"headline":"Embajada de EE.UU. en La Habana revoca visa a cubano tras recibir \u201cnueva informaci\u00f3n\u201d","datePublished":"2025-10-20T17:22:03+00:00","dateModified":"2025-10-20T19:53:53+00:00","mainEntityOfPage":{"@id":"https:\/\/www.cuballama.com\/noticias\/embajada-de-ee-uu-en-la-habana-revoca-visa-a-cubano-tras-recibir-nueva-informacion\/"},"wordCount":432,"commentCount":0,"publisher":{"@id":"https:\/\/www.cuballama.com\/noticias\/#organization"},"image":{"@id":"https:\/\/www.cuballama.com\/noticias\/embajada-de-ee-uu-en-la-habana-revoca-visa-a-cubano-tras-recibir-nueva-informacion\/#primaryimage"},"thumbnailUrl":"https:\/\/cdn1.mediawpaccore.net\/wp-content\/uploads\/2025\/03\/14091340\/01000000-0aff-0242-f359-08db0fba851d_w1597_n_r1_st_s1.jpg","keywords":["cubanos en EE.UU.","destacado","visa de turismo"],"articleSection":["Noticias","Noticias de Cuba"],"inLanguage":"es","potentialAction":[{"@type":"CommentAction","name":"Comment","target":["https:\/\/www.cuballama.com\/noticias\/embajada-de-ee-uu-en-la-habana-revoca-visa-a-cubano-tras-recibir-nueva-informacion\/#respond"]}]},{"@type":"WebPage","@id":"https:\/\/www.cuballama.com\/noticias\/embajada-de-ee-uu-en-la-habana-revoca-visa-a-cubano-tras-recibir-nueva-informacion\/","url":"https:\/\/www.cuballama.com\/noticias\/embajada-de-ee-uu-en-la-habana-revoca-visa-a-cubano-tras-recibir-nueva-informacion\/","name":"Embajada de EE.UU. en La Habana revoca visa a cubano tras recibir \u201cnueva informaci\u00f3n\u201d - Cuballama Noticias","isPartOf":{"@id":"https:\/\/www.cuballama.com\/noticias\/#website"},"primaryImageOfPage":{"@id":"https:\/\/www.cuballama.com\/noticias\/embajada-de-ee-uu-en-la-habana-revoca-visa-a-cubano-tras-recibir-nueva-informacion\/#primaryimage"},"image":{"@id":"https:\/\/www.cuballama.com\/noticias\/embajada-de-ee-uu-en-la-habana-revoca-visa-a-cubano-tras-recibir-nueva-informacion\/#primaryimage"},"thumbnailUrl":"https:\/\/cdn1.mediawpaccore.net\/wp-content\/uploads\/2025\/03\/14091340\/01000000-0aff-0242-f359-08db0fba851d_w1597_n_r1_st_s1.jpg","datePublished":"2025-10-20T17:22:03+00:00","dateModified":"2025-10-20T19:53:53+00:00","description":"EE.UU. revoc\u00f3 la visa vigente de un cubano tras recibir informaci\u00f3n que lo hace \u201cno elegible\u201d para visitar el pa\u00eds norteamericano.","breadcrumb":{"@id":"https:\/\/www.cuballama.com\/noticias\/embajada-de-ee-uu-en-la-habana-revoca-visa-a-cubano-tras-recibir-nueva-informacion\/#breadcrumb"},"inLanguage":"es","potentialAction":[{"@type":"ReadAction","target":["https:\/\/www.cuballama.com\/noticias\/embajada-de-ee-uu-en-la-habana-revoca-visa-a-cubano-tras-recibir-nueva-informacion\/"]}]},{"@type":"ImageObject","inLanguage":"es","@id":"https:\/\/www.cuballama.com\/noticias\/embajada-de-ee-uu-en-la-habana-revoca-visa-a-cubano-tras-recibir-nueva-informacion\/#primaryimage","url":"https:\/\/cdn1.mediawpaccore.net\/wp-content\/uploads\/2025\/03\/14091340\/01000000-0aff-0242-f359-08db0fba851d_w1597_n_r1_st_s1.jpg","contentUrl":"https:\/\/cdn1.mediawpaccore.net\/wp-content\/uploads\/2025\/03\/14091340\/01000000-0aff-0242-f359-08db0fba851d_w1597_n_r1_st_s1.jpg","width":1200,"height":630,"caption":"Embajada de Estados Unidos en La Habana. Foto: CN360."},{"@type":"BreadcrumbList","@id":"https:\/\/www.cuballama.com\/noticias\/embajada-de-ee-uu-en-la-habana-revoca-visa-a-cubano-tras-recibir-nueva-informacion\/#breadcrumb","itemListElement":[{"@type":"ListItem","position":1,"name":"Home","item":"https:\/\/www.cuballama.com\/noticias\/"},{"@type":"ListItem","position":2,"name":"Embajada de EE.UU. en La Habana revoca visa a cubano tras recibir \u201cnueva informaci\u00f3n\u201d"}]},{"@type":"WebSite","@id":"https:\/\/www.cuballama.com\/noticias\/#website","url":"https:\/\/www.cuballama.com\/noticias\/","name":"Cuballama Noticias","description":"Medio digital sobre Cuba y el mundo","publisher":{"@id":"https:\/\/www.cuballama.com\/noticias\/#organization"},"potentialAction":[{"@type":"SearchAction","target":{"@type":"EntryPoint","urlTemplate":"https:\/\/www.cuballama.com\/noticias\/?s={search_term_string}"},"query-input":{"@type":"PropertyValueSpecification","valueRequired":true,"valueName":"search_term_string"}}],"inLanguage":"es"},{"@type":"Organization","@id":"https:\/\/www.cuballama.com\/noticias\/#organization","name":"Cuballama","url":"https:\/\/www.cuballama.com\/noticias\/","logo":{"@type":"ImageObject","inLanguage":"es","@id":"https:\/\/www.cuballama.com\/noticias\/#\/schema\/logo\/image\/","url":"https:\/\/cdn1.mediawpaccore.net\/wp-content\/uploads\/2021\/12\/28171206\/cbll-logo-color-sm.png","contentUrl":"https:\/\/cdn1.mediawpaccore.net\/wp-content\/uploads\/2021\/12\/28171206\/cbll-logo-color-sm.png","width":600,"height":133,"caption":"Cuballama"},"image":{"@id":"https:\/\/www.cuballama.com\/noticias\/#\/schema\/logo\/image\/"},"sameAs":["https:\/\/www.facebook.com\/CubaLlama","https:\/\/x.com\/cuballama","https:\/\/www.instagram.com\/stories\/cuballama_oficial\/","https:\/\/www.youtube.com\/channel\/UCKkFE-d_axENGZcrc4as0IA"]},{"@type":"Person","@id":"https:\/\/www.cuballama.com\/noticias\/#\/schema\/person\/86cd3e3f4974437f031211213bf892d5","name":"Kathy","url":"https:\/\/www.cuballama.com\/noticias\/author\/kathy\/"}]}},"_links":{"self":[{"href":"https:\/\/www.cuballama.com\/noticias\/wp-json\/wp\/v2\/posts\/223312","targetHints":{"allow":["GET"]}}],"collection":[{"href":"https:\/\/www.cuballama.com\/noticias\/wp-json\/wp\/v2\/posts"}],"about":[{"href":"https:\/\/www.cuballama.com\/noticias\/wp-json\/wp\/v2\/types\/post"}],"author":[{"embeddable":true,"href":"https:\/\/www.cuballama.com\/noticias\/wp-json\/wp\/v2\/users\/30"}],"replies":[{"embeddable":true,"href":"https:\/\/www.cuballama.com\/noticias\/wp-json\/wp\/v2\/comments?post=223312"}],"version-history":[{"count":5,"href":"https:\/\/www.cuballama.com\/noticias\/wp-json\/wp\/v2\/posts\/223312\/revisions"}],"predecessor-version":[{"id":223329,"href":"https:\/\/www.cuballama.com\/noticias\/wp-json\/wp\/v2\/posts\/223312\/revisions\/223329"}],"wp:featuredmedia":[{"embeddable":true,"href":"https:\/\/www.cuballama.com\/noticias\/wp-json\/wp\/v2\/media\/201306"}],"wp:attachment":[{"href":"https:\/\/www.cuballama.com\/noticias\/wp-json\/wp\/v2\/media?parent=223312"}],"wp:term":[{"taxonomy":"category","embeddable":true,"href":"https:\/\/www.cuballama.com\/noticias\/wp-json\/wp\/v2\/categories?post=223312"},{"taxonomy":"post_tag","embeddable":true,"href":"https:\/\/www.cuballama.com\/noticias\/wp-json\/wp\/v2\/tags?post=223312"}],"curies":[{"name":"wp","href":"https:\/\/api.w.org\/{rel}","templated":true}]}}