{"id":223252,"date":"2025-10-20T14:35:25","date_gmt":"2025-10-20T18:35:25","guid":{"rendered":"https:\/\/www.cuballama.com\/noticias\/?p=223252"},"modified":"2025-10-20T14:35:28","modified_gmt":"2025-10-20T18:35:28","slug":"vuelo-charter-proveniente-desde-cuba-se-sale-de-la-pista-aerea-en-aeropuerto-de-florida-video","status":"publish","type":"post","link":"https:\/\/www.cuballama.com\/noticias\/vuelo-charter-proveniente-desde-cuba-se-sale-de-la-pista-aerea-en-aeropuerto-de-florida-video\/","title":{"rendered":"Vuelo charter proveniente desde Cuba se sale de la pista a\u00e9rea en aeropuerto de Florida (+ video)"},"content":{"rendered":"\n<p>Un vuelo charter procedente de La Habana protagoniz\u00f3 la tarde del s\u00e1bado un incidente en el Aeropuerto Internacional del Suroeste de Florida (RSW), en Fort Myers, al salirse de la pista tras el aterrizaje y quedar inmovilizado en las inmediaciones de la calle de rodaje A-5. <\/p>\n\n\n\n<p>De acuerdo con la Autoridad Portuaria del condado de Lee, no hubo incendio ni heridos, y los pasajeros fueron evacuados de forma segura y trasladados en \u00f3mnibus hasta la terminal. El episodio, sin embargo, oblig\u00f3 a cerrar temporalmente la pista y gener\u00f3 demoras en cadena durante varias horas, detalla <a href=\"https:\/\/www.wgcu.org\/2025-10-18\/aircraft-slides-off-runway-at-rsw-no-fire-reported?utm_source=chatgpt.com\" target=\"_blank\" rel=\"noreferrer noopener\">WGCU<\/a>. <\/p>\n\n\n\n<p>El avi\u00f3n, un Boeing 737 operado como charter por Eastern Air Express en la ruta Habana\u2013Fort Myers, aterriz\u00f3 alrededor de la 1:58 p.m. hora local, seg\u00fan el registro p\u00fablico de FlightAware citado por los medios locales. <\/p>\n\n\n\n<iframe loading=\"lazy\" src=\"https:\/\/www.facebook.com\/plugins\/post.php?href=https%3A%2F%2Fwww.facebook.com%2FflyRSW%2Fposts%2Fpfbid032LyEBVMCn5MyFPj34EeGB9xiR8itQkmPuo42rsUbpuGgjCS34s7UnTg1ew1oscMrl&#038;show_text=true&#038;width=500\" width=\"500\" height=\"314\" style=\"border:none;overflow:hidden\" scrolling=\"no\" frameborder=\"0\" allowfullscreen=\"true\" allow=\"autoplay; clipboard-write; encrypted-media; picture-in-picture; web-share\"><\/iframe>\n\n\n\n<p>La aeronave se desvi\u00f3 fuera de la franja de pista y qued\u00f3 detenida en el \u00e1rea de rodaje, donde fue atendida por los equipos de Rescate y Extinci\u00f3n de Incendios del aeropuerto. Testimonios y fotograf\u00edas difundidos por la radio p\u00fablica de Southwest Florida muestran a los pasajeros descendiendo por escaleras y rodeados de veh\u00edculos de emergencia, indica el propio medio.<\/p>\n\n\n\n<iframe loading=\"lazy\" allow=\"fullscreen\" allowfullscreen height=\"320\" src=\"https:\/\/streamable.com\/e\/ncydkt?\" width=\"568\" style=\"border:none;\"><\/iframe>\n\n\n\n<p>La estaci\u00f3n <em><a href=\"https:\/\/www.fox4now.com\/news\/local-news\/lee-county\/flight-from-cuba-goes-off-runway-at-rsw-no-injuries-multiple-delays-lcpa\" target=\"_blank\" rel=\"noreferrer noopener nofollow\">WFTX-Fox 4 <\/a><\/em>detall\u00f3 que la Autoridad Portuaria confirm\u00f3 el cierre temporal de la pista para realizar inspecciones de seguridad, lo que provoc\u00f3 m\u00faltiples retrasos en salidas y llegadas. La misma fuente precis\u00f3 que no se reportaron lesionados y que el aeropuerto habilit\u00f3 el traslado en autobuses desde la aeronave hasta el edificio terminal. La pista reabri\u00f3 a las 4:20 p.m., momento en que se reanudaron de inmediato las operaciones.<\/p>\n\n\n\n<iframe loading=\"lazy\" src=\"https:\/\/www.facebook.com\/plugins\/post.php?href=https%3A%2F%2Fwww.facebook.com%2FflyRSW%2Fposts%2Fpfbid05vafGSYCK8sjwedCfyFVuTJTbz69AgXipxUHFuuQjbcGs7VjWXw5DH7F8Y6ankR7l&#038;show_text=true&#038;width=500\" width=\"500\" height=\"237\" style=\"border:none;overflow:hidden\" scrolling=\"no\" frameborder=\"0\" allowfullscreen=\"true\" allow=\"autoplay; clipboard-write; encrypted-media; picture-in-picture; web-share\"><\/iframe>\n\n\n\n<p>WGCU, la emisora p\u00fablica de la zona, a\u00f1adi\u00f3 que el vuelo identificado como 2D2150 \u2014que parti\u00f3 del aeropuerto Jos\u00e9 Mart\u00ed de La Habana\u2014 qued\u00f3 \u201cdeshabilitado\u201d cerca de la taxiway A-5, y que, tras la reapertura de la pista, persistieron retrasos significativos en varias rutas comerciales, con salidas a Detroit, Columbus, Chicago, Filadelfia, Nueva York y Atlanta pospuestas por horas. La propia redacci\u00f3n de WGCU public\u00f3 im\u00e1genes del avi\u00f3n rodeado por equipos de emergencia y confirm\u00f3 que los viajeros fueron transportados fuera de la pista en autobuses de la autoridad aeroportuaria.<\/p>\n\n\n\n<p>La afectaci\u00f3n operativa del s\u00e1bado se reflej\u00f3 tambi\u00e9n en los conteos de portales de seguimiento de vuelos. <em><a href=\"https:\/\/www.flightaware.com\/live\/cancelled\/today\/rsw\" target=\"_blank\" rel=\"noreferrer noopener nofollow\">FlightAware<\/a><\/em> report\u00f3 decenas de demoras en RSW a lo largo del d\u00eda, aunque no est\u00e1 claro cu\u00e1ntas estuvieron directamente vinculadas al incidente del charter procedente de Cuba. En paralelo, la prensa local se\u00f1al\u00f3 que una rotaci\u00f3n de regreso de Eastern Air hacia La Habana, programada para las 3:30 p.m., fue cancelada en el tablero del aeropuerto.<\/p>\n\n\n\n<p>Medios especializados en aviaci\u00f3n, como<em><a href=\"https:\/\/avherald.com\/h?article=52e96aae&amp;opt=0\" target=\"_blank\" rel=\"noreferrer noopener nofollow\"> The Aviation Herald<\/a><\/em>, ubicaron la maniobra en la pista 06 y describieron una excursi\u00f3n de pista sin consecuencias para los ocupantes, pero suficiente para mantener la instalaci\u00f3n parcialmente inoperativa durante cerca de 90 minutos, seg\u00fan un NOTAM asociado al cierre temporal. La aeronave fue remolcada y las inspecciones de fricci\u00f3n y superficie permitieron el restablecimiento de las salidas y llegadas a media tarde.<\/p>\n\n\n\n<p>Hasta el cierre de esta nota no se hab\u00edan divulgado causas t\u00e9cnicas. Eastern Air Express es un operador charter que vuela con regularidad entre Florida y Cuba; registros abiertos muestran a la compa\u00f1\u00eda utilizando el indicativo BBQ y la numeraci\u00f3n 2150\/2151 para algunos de sus servicios entre La Habana y Fort Myers. En incidentes de este tipo, la Junta Nacional de Seguridad en el Transporte (NTSB, por sus siglas en ingl\u00e9s) y la Administraci\u00f3n Federal de Aviaci\u00f3n (FAA) son las agencias que determinan posibles investigaciones, aunque ninguna hab\u00eda publicado a\u00fan una nota formal sobre lo ocurrido.<\/p>\n\n\n\n<p><\/p>\n\n\n\n<p><\/p>\n\n\n\n<p><\/p>\n","protected":false},"excerpt":{"rendered":"<p>La Autoridad Portuaria del condado de Lee y los medios locales insistieron en que la pista ya estaba operativa desde las 4:20 p.m., pero alertaron que las demoras residuales pod\u00edan extenderse en el resto del d\u00eda por el efecto cascada t\u00edpico tras un cierre de pista. <\/p>\n","protected":false},"author":13,"featured_media":223263,"comment_status":"open","ping_status":"closed","sticky":false,"template":"","format":"standard","meta":{"_acf_changed":false,"footnotes":""},"categories":[18,954],"tags":[12979,11,6218,28725,28726,6715,164,28724],"class_list":{"0":"post-223252","1":"post","2":"type-post","3":"status-publish","4":"format-standard","5":"has-post-thumbnail","7":"category-noticias","8":"category-noticias-de-florida","9":"tag-aeropuerto","10":"tag-cuba","11":"tag-demoras","12":"tag-eastern-air-express","13":"tag-excursion-de-pista","14":"tag-fort-myers","15":"tag-la-habana","16":"tag-rsw"},"acf":[],"yoast_head":"<!-- This site is optimized with the Yoast SEO plugin v27.4 - https:\/\/yoast.com\/product\/yoast-seo-wordpress\/ -->\n<title>Vuelo charter proveniente desde Cuba se sale de la pista a\u00e9rea en aeropuerto de Florida (+ video) - Cuballama Noticias<\/title>\n<meta name=\"description\" content=\"Un vuelo proveniente de La Habana, Cuba, y que aterriz\u00f3 en Fort Myers, Florida, se sali\u00f3 de la pista y provoc\u00f3 demoras operativas.\" \/>\n<meta name=\"robots\" content=\"index, follow, max-snippet:-1, max-image-preview:large, max-video-preview:-1\" \/>\n<link rel=\"canonical\" href=\"https:\/\/www.cuballama.com\/noticias\/vuelo-charter-proveniente-desde-cuba-se-sale-de-la-pista-aerea-en-aeropuerto-de-florida-video\/\" \/>\n<meta property=\"og:locale\" content=\"es_ES\" \/>\n<meta property=\"og:type\" content=\"article\" \/>\n<meta property=\"og:title\" content=\"Vuelo charter proveniente desde Cuba se sale de la pista a\u00e9rea en aeropuerto de Florida (+ video) - Cuballama Noticias\" \/>\n<meta property=\"og:description\" content=\"Un vuelo proveniente de La Habana, Cuba, y que aterriz\u00f3 en Fort Myers, Florida, se sali\u00f3 de la pista y provoc\u00f3 demoras operativas.\" \/>\n<meta property=\"og:url\" content=\"https:\/\/www.cuballama.com\/noticias\/vuelo-charter-proveniente-desde-cuba-se-sale-de-la-pista-aerea-en-aeropuerto-de-florida-video\/\" \/>\n<meta property=\"og:site_name\" content=\"Cuballama Noticias\" \/>\n<meta property=\"article:publisher\" content=\"https:\/\/www.facebook.com\/CubaLlama\" \/>\n<meta property=\"article:published_time\" content=\"2025-10-20T18:35:25+00:00\" \/>\n<meta property=\"article:modified_time\" content=\"2025-10-20T18:35:28+00:00\" \/>\n<meta property=\"og:image\" content=\"https:\/\/cdn1.mediawpaccore.net\/wp-content\/uploads\/2025\/10\/20092355\/image-82-1024x602.png\" \/>\n\t<meta property=\"og:image:width\" content=\"1024\" \/>\n\t<meta property=\"og:image:height\" content=\"602\" \/>\n\t<meta property=\"og:image:type\" content=\"image\/png\" \/>\n<meta name=\"author\" content=\"Roberto A.\" \/>\n<meta name=\"twitter:card\" content=\"summary_large_image\" \/>\n<meta name=\"twitter:creator\" content=\"@cuballama\" \/>\n<meta name=\"twitter:site\" content=\"@cuballama\" \/>\n<meta name=\"twitter:label1\" content=\"Escrito por\" \/>\n\t<meta name=\"twitter:data1\" content=\"Roberto A.\" \/>\n\t<meta name=\"twitter:label2\" content=\"Tiempo de lectura\" \/>\n\t<meta name=\"twitter:data2\" content=\"3 minutos\" \/>\n<script type=\"application\/ld+json\" class=\"yoast-schema-graph\">{\"@context\":\"https:\\\/\\\/schema.org\",\"@graph\":[{\"@type\":\"Article\",\"@id\":\"https:\\\/\\\/www.cuballama.com\\\/noticias\\\/vuelo-charter-proveniente-desde-cuba-se-sale-de-la-pista-aerea-en-aeropuerto-de-florida-video\\\/#article\",\"isPartOf\":{\"@id\":\"https:\\\/\\\/www.cuballama.com\\\/noticias\\\/vuelo-charter-proveniente-desde-cuba-se-sale-de-la-pista-aerea-en-aeropuerto-de-florida-video\\\/\"},\"author\":{\"name\":\"Roberto A.\",\"@id\":\"https:\\\/\\\/www.cuballama.com\\\/noticias\\\/#\\\/schema\\\/person\\\/a58502ed4146c8e9f83872e897c76cd2\"},\"headline\":\"Vuelo charter proveniente desde Cuba se sale de la pista a\u00e9rea en aeropuerto de Florida (+ video)\",\"datePublished\":\"2025-10-20T18:35:25+00:00\",\"dateModified\":\"2025-10-20T18:35:28+00:00\",\"mainEntityOfPage\":{\"@id\":\"https:\\\/\\\/www.cuballama.com\\\/noticias\\\/vuelo-charter-proveniente-desde-cuba-se-sale-de-la-pista-aerea-en-aeropuerto-de-florida-video\\\/\"},\"wordCount\":639,\"commentCount\":0,\"publisher\":{\"@id\":\"https:\\\/\\\/www.cuballama.com\\\/noticias\\\/#organization\"},\"image\":{\"@id\":\"https:\\\/\\\/www.cuballama.com\\\/noticias\\\/vuelo-charter-proveniente-desde-cuba-se-sale-de-la-pista-aerea-en-aeropuerto-de-florida-video\\\/#primaryimage\"},\"thumbnailUrl\":\"https:\\\/\\\/cdn1.mediawpaccore.net\\\/wp-content\\\/uploads\\\/2025\\\/10\\\/20092355\\\/image-82.png\",\"keywords\":[\"Aeropuerto\",\"Cuba\",\"demoras\",\"Eastern Air Express\",\"excursi\u00f3n de pista\",\"Fort Myers\",\"La Habana\",\"RSW\"],\"articleSection\":[\"Noticias\",\"Noticias de Florida\"],\"inLanguage\":\"es\",\"potentialAction\":[{\"@type\":\"CommentAction\",\"name\":\"Comment\",\"target\":[\"https:\\\/\\\/www.cuballama.com\\\/noticias\\\/vuelo-charter-proveniente-desde-cuba-se-sale-de-la-pista-aerea-en-aeropuerto-de-florida-video\\\/#respond\"]}]},{\"@type\":\"WebPage\",\"@id\":\"https:\\\/\\\/www.cuballama.com\\\/noticias\\\/vuelo-charter-proveniente-desde-cuba-se-sale-de-la-pista-aerea-en-aeropuerto-de-florida-video\\\/\",\"url\":\"https:\\\/\\\/www.cuballama.com\\\/noticias\\\/vuelo-charter-proveniente-desde-cuba-se-sale-de-la-pista-aerea-en-aeropuerto-de-florida-video\\\/\",\"name\":\"Vuelo charter proveniente desde Cuba se sale de la pista a\u00e9rea en aeropuerto de Florida (+ video) - Cuballama Noticias\",\"isPartOf\":{\"@id\":\"https:\\\/\\\/www.cuballama.com\\\/noticias\\\/#website\"},\"primaryImageOfPage\":{\"@id\":\"https:\\\/\\\/www.cuballama.com\\\/noticias\\\/vuelo-charter-proveniente-desde-cuba-se-sale-de-la-pista-aerea-en-aeropuerto-de-florida-video\\\/#primaryimage\"},\"image\":{\"@id\":\"https:\\\/\\\/www.cuballama.com\\\/noticias\\\/vuelo-charter-proveniente-desde-cuba-se-sale-de-la-pista-aerea-en-aeropuerto-de-florida-video\\\/#primaryimage\"},\"thumbnailUrl\":\"https:\\\/\\\/cdn1.mediawpaccore.net\\\/wp-content\\\/uploads\\\/2025\\\/10\\\/20092355\\\/image-82.png\",\"datePublished\":\"2025-10-20T18:35:25+00:00\",\"dateModified\":\"2025-10-20T18:35:28+00:00\",\"description\":\"Un vuelo proveniente de La Habana, Cuba, y que aterriz\u00f3 en Fort Myers, Florida, se sali\u00f3 de la pista y provoc\u00f3 demoras operativas.\",\"breadcrumb\":{\"@id\":\"https:\\\/\\\/www.cuballama.com\\\/noticias\\\/vuelo-charter-proveniente-desde-cuba-se-sale-de-la-pista-aerea-en-aeropuerto-de-florida-video\\\/#breadcrumb\"},\"inLanguage\":\"es\",\"potentialAction\":[{\"@type\":\"ReadAction\",\"target\":[\"https:\\\/\\\/www.cuballama.com\\\/noticias\\\/vuelo-charter-proveniente-desde-cuba-se-sale-de-la-pista-aerea-en-aeropuerto-de-florida-video\\\/\"]}]},{\"@type\":\"ImageObject\",\"inLanguage\":\"es\",\"@id\":\"https:\\\/\\\/www.cuballama.com\\\/noticias\\\/vuelo-charter-proveniente-desde-cuba-se-sale-de-la-pista-aerea-en-aeropuerto-de-florida-video\\\/#primaryimage\",\"url\":\"https:\\\/\\\/cdn1.mediawpaccore.net\\\/wp-content\\\/uploads\\\/2025\\\/10\\\/20092355\\\/image-82.png\",\"contentUrl\":\"https:\\\/\\\/cdn1.mediawpaccore.net\\\/wp-content\\\/uploads\\\/2025\\\/10\\\/20092355\\\/image-82.png\",\"width\":2332,\"height\":1370,\"caption\":\"Foto: REFERENCIAL. Aeropuerto de Fort Myers. Foto v\u00eda Southwest Florida International Airport (RSW) \\\/ Facebook Page\"},{\"@type\":\"BreadcrumbList\",\"@id\":\"https:\\\/\\\/www.cuballama.com\\\/noticias\\\/vuelo-charter-proveniente-desde-cuba-se-sale-de-la-pista-aerea-en-aeropuerto-de-florida-video\\\/#breadcrumb\",\"itemListElement\":[{\"@type\":\"ListItem\",\"position\":1,\"name\":\"Home\",\"item\":\"https:\\\/\\\/www.cuballama.com\\\/noticias\\\/\"},{\"@type\":\"ListItem\",\"position\":2,\"name\":\"Vuelo charter proveniente desde Cuba se sale de la pista a\u00e9rea en aeropuerto de Florida (+ video)\"}]},{\"@type\":\"WebSite\",\"@id\":\"https:\\\/\\\/www.cuballama.com\\\/noticias\\\/#website\",\"url\":\"https:\\\/\\\/www.cuballama.com\\\/noticias\\\/\",\"name\":\"Cuballama Noticias\",\"description\":\"Medio digital sobre Cuba y el mundo\",\"publisher\":{\"@id\":\"https:\\\/\\\/www.cuballama.com\\\/noticias\\\/#organization\"},\"potentialAction\":[{\"@type\":\"SearchAction\",\"target\":{\"@type\":\"EntryPoint\",\"urlTemplate\":\"https:\\\/\\\/www.cuballama.com\\\/noticias\\\/?s={search_term_string}\"},\"query-input\":{\"@type\":\"PropertyValueSpecification\",\"valueRequired\":true,\"valueName\":\"search_term_string\"}}],\"inLanguage\":\"es\"},{\"@type\":\"Organization\",\"@id\":\"https:\\\/\\\/www.cuballama.com\\\/noticias\\\/#organization\",\"name\":\"Cuballama\",\"url\":\"https:\\\/\\\/www.cuballama.com\\\/noticias\\\/\",\"logo\":{\"@type\":\"ImageObject\",\"inLanguage\":\"es\",\"@id\":\"https:\\\/\\\/www.cuballama.com\\\/noticias\\\/#\\\/schema\\\/logo\\\/image\\\/\",\"url\":\"https:\\\/\\\/cdn1.mediawpaccore.net\\\/wp-content\\\/uploads\\\/2021\\\/12\\\/28171206\\\/cbll-logo-color-sm.png\",\"contentUrl\":\"https:\\\/\\\/cdn1.mediawpaccore.net\\\/wp-content\\\/uploads\\\/2021\\\/12\\\/28171206\\\/cbll-logo-color-sm.png\",\"width\":600,\"height\":133,\"caption\":\"Cuballama\"},\"image\":{\"@id\":\"https:\\\/\\\/www.cuballama.com\\\/noticias\\\/#\\\/schema\\\/logo\\\/image\\\/\"},\"sameAs\":[\"https:\\\/\\\/www.facebook.com\\\/CubaLlama\",\"https:\\\/\\\/x.com\\\/cuballama\",\"https:\\\/\\\/www.instagram.com\\\/stories\\\/cuballama_oficial\\\/\",\"https:\\\/\\\/www.youtube.com\\\/channel\\\/UCKkFE-d_axENGZcrc4as0IA\"]},{\"@type\":\"Person\",\"@id\":\"https:\\\/\\\/www.cuballama.com\\\/noticias\\\/#\\\/schema\\\/person\\\/a58502ed4146c8e9f83872e897c76cd2\",\"name\":\"Roberto A.\",\"description\":\"Roberto A. Periodista por decisi\u00f3n propia. Interesado en cualquier tema que me apasione y cada vez m\u00e1s comprometido con la verdad y la objetividad period\u00edstica. Graduado en La Habana hace ya muchos a\u00f1os, luego de una accidentada y polvorienta b\u00fasqueda de informaci\u00f3n sobre un tema in\u00e9dito. La Tesis, por cierto, desapareci\u00f3 de la biblioteca y no se conservan copias de la misma.\",\"url\":\"https:\\\/\\\/www.cuballama.com\\\/noticias\\\/author\\\/roberto\\\/\"}]}<\/script>\n<!-- \/ Yoast SEO plugin. -->","yoast_head_json":{"title":"Vuelo charter proveniente desde Cuba se sale de la pista a\u00e9rea en aeropuerto de Florida (+ video) - Cuballama Noticias","description":"Un vuelo proveniente de La Habana, Cuba, y que aterriz\u00f3 en Fort Myers, Florida, se sali\u00f3 de la pista y provoc\u00f3 demoras operativas.","robots":{"index":"index","follow":"follow","max-snippet":"max-snippet:-1","max-image-preview":"max-image-preview:large","max-video-preview":"max-video-preview:-1"},"canonical":"https:\/\/www.cuballama.com\/noticias\/vuelo-charter-proveniente-desde-cuba-se-sale-de-la-pista-aerea-en-aeropuerto-de-florida-video\/","og_locale":"es_ES","og_type":"article","og_title":"Vuelo charter proveniente desde Cuba se sale de la pista a\u00e9rea en aeropuerto de Florida (+ video) - Cuballama Noticias","og_description":"Un vuelo proveniente de La Habana, Cuba, y que aterriz\u00f3 en Fort Myers, Florida, se sali\u00f3 de la pista y provoc\u00f3 demoras operativas.","og_url":"https:\/\/www.cuballama.com\/noticias\/vuelo-charter-proveniente-desde-cuba-se-sale-de-la-pista-aerea-en-aeropuerto-de-florida-video\/","og_site_name":"Cuballama Noticias","article_publisher":"https:\/\/www.facebook.com\/CubaLlama","article_published_time":"2025-10-20T18:35:25+00:00","article_modified_time":"2025-10-20T18:35:28+00:00","og_image":[{"width":1024,"height":602,"url":"https:\/\/cdn1.mediawpaccore.net\/wp-content\/uploads\/2025\/10\/20092355\/image-82-1024x602.png","type":"image\/png"}],"author":"Roberto A.","twitter_card":"summary_large_image","twitter_creator":"@cuballama","twitter_site":"@cuballama","twitter_misc":{"Escrito por":"Roberto A.","Tiempo de lectura":"3 minutos"},"schema":{"@context":"https:\/\/schema.org","@graph":[{"@type":"Article","@id":"https:\/\/www.cuballama.com\/noticias\/vuelo-charter-proveniente-desde-cuba-se-sale-de-la-pista-aerea-en-aeropuerto-de-florida-video\/#article","isPartOf":{"@id":"https:\/\/www.cuballama.com\/noticias\/vuelo-charter-proveniente-desde-cuba-se-sale-de-la-pista-aerea-en-aeropuerto-de-florida-video\/"},"author":{"name":"Roberto A.","@id":"https:\/\/www.cuballama.com\/noticias\/#\/schema\/person\/a58502ed4146c8e9f83872e897c76cd2"},"headline":"Vuelo charter proveniente desde Cuba se sale de la pista a\u00e9rea en aeropuerto de Florida (+ video)","datePublished":"2025-10-20T18:35:25+00:00","dateModified":"2025-10-20T18:35:28+00:00","mainEntityOfPage":{"@id":"https:\/\/www.cuballama.com\/noticias\/vuelo-charter-proveniente-desde-cuba-se-sale-de-la-pista-aerea-en-aeropuerto-de-florida-video\/"},"wordCount":639,"commentCount":0,"publisher":{"@id":"https:\/\/www.cuballama.com\/noticias\/#organization"},"image":{"@id":"https:\/\/www.cuballama.com\/noticias\/vuelo-charter-proveniente-desde-cuba-se-sale-de-la-pista-aerea-en-aeropuerto-de-florida-video\/#primaryimage"},"thumbnailUrl":"https:\/\/cdn1.mediawpaccore.net\/wp-content\/uploads\/2025\/10\/20092355\/image-82.png","keywords":["Aeropuerto","Cuba","demoras","Eastern Air Express","excursi\u00f3n de pista","Fort Myers","La Habana","RSW"],"articleSection":["Noticias","Noticias de Florida"],"inLanguage":"es","potentialAction":[{"@type":"CommentAction","name":"Comment","target":["https:\/\/www.cuballama.com\/noticias\/vuelo-charter-proveniente-desde-cuba-se-sale-de-la-pista-aerea-en-aeropuerto-de-florida-video\/#respond"]}]},{"@type":"WebPage","@id":"https:\/\/www.cuballama.com\/noticias\/vuelo-charter-proveniente-desde-cuba-se-sale-de-la-pista-aerea-en-aeropuerto-de-florida-video\/","url":"https:\/\/www.cuballama.com\/noticias\/vuelo-charter-proveniente-desde-cuba-se-sale-de-la-pista-aerea-en-aeropuerto-de-florida-video\/","name":"Vuelo charter proveniente desde Cuba se sale de la pista a\u00e9rea en aeropuerto de Florida (+ video) - Cuballama Noticias","isPartOf":{"@id":"https:\/\/www.cuballama.com\/noticias\/#website"},"primaryImageOfPage":{"@id":"https:\/\/www.cuballama.com\/noticias\/vuelo-charter-proveniente-desde-cuba-se-sale-de-la-pista-aerea-en-aeropuerto-de-florida-video\/#primaryimage"},"image":{"@id":"https:\/\/www.cuballama.com\/noticias\/vuelo-charter-proveniente-desde-cuba-se-sale-de-la-pista-aerea-en-aeropuerto-de-florida-video\/#primaryimage"},"thumbnailUrl":"https:\/\/cdn1.mediawpaccore.net\/wp-content\/uploads\/2025\/10\/20092355\/image-82.png","datePublished":"2025-10-20T18:35:25+00:00","dateModified":"2025-10-20T18:35:28+00:00","description":"Un vuelo proveniente de La Habana, Cuba, y que aterriz\u00f3 en Fort Myers, Florida, se sali\u00f3 de la pista y provoc\u00f3 demoras operativas.","breadcrumb":{"@id":"https:\/\/www.cuballama.com\/noticias\/vuelo-charter-proveniente-desde-cuba-se-sale-de-la-pista-aerea-en-aeropuerto-de-florida-video\/#breadcrumb"},"inLanguage":"es","potentialAction":[{"@type":"ReadAction","target":["https:\/\/www.cuballama.com\/noticias\/vuelo-charter-proveniente-desde-cuba-se-sale-de-la-pista-aerea-en-aeropuerto-de-florida-video\/"]}]},{"@type":"ImageObject","inLanguage":"es","@id":"https:\/\/www.cuballama.com\/noticias\/vuelo-charter-proveniente-desde-cuba-se-sale-de-la-pista-aerea-en-aeropuerto-de-florida-video\/#primaryimage","url":"https:\/\/cdn1.mediawpaccore.net\/wp-content\/uploads\/2025\/10\/20092355\/image-82.png","contentUrl":"https:\/\/cdn1.mediawpaccore.net\/wp-content\/uploads\/2025\/10\/20092355\/image-82.png","width":2332,"height":1370,"caption":"Foto: REFERENCIAL. Aeropuerto de Fort Myers. Foto v\u00eda Southwest Florida International Airport (RSW) \/ Facebook Page"},{"@type":"BreadcrumbList","@id":"https:\/\/www.cuballama.com\/noticias\/vuelo-charter-proveniente-desde-cuba-se-sale-de-la-pista-aerea-en-aeropuerto-de-florida-video\/#breadcrumb","itemListElement":[{"@type":"ListItem","position":1,"name":"Home","item":"https:\/\/www.cuballama.com\/noticias\/"},{"@type":"ListItem","position":2,"name":"Vuelo charter proveniente desde Cuba se sale de la pista a\u00e9rea en aeropuerto de Florida (+ video)"}]},{"@type":"WebSite","@id":"https:\/\/www.cuballama.com\/noticias\/#website","url":"https:\/\/www.cuballama.com\/noticias\/","name":"Cuballama Noticias","description":"Medio digital sobre Cuba y el mundo","publisher":{"@id":"https:\/\/www.cuballama.com\/noticias\/#organization"},"potentialAction":[{"@type":"SearchAction","target":{"@type":"EntryPoint","urlTemplate":"https:\/\/www.cuballama.com\/noticias\/?s={search_term_string}"},"query-input":{"@type":"PropertyValueSpecification","valueRequired":true,"valueName":"search_term_string"}}],"inLanguage":"es"},{"@type":"Organization","@id":"https:\/\/www.cuballama.com\/noticias\/#organization","name":"Cuballama","url":"https:\/\/www.cuballama.com\/noticias\/","logo":{"@type":"ImageObject","inLanguage":"es","@id":"https:\/\/www.cuballama.com\/noticias\/#\/schema\/logo\/image\/","url":"https:\/\/cdn1.mediawpaccore.net\/wp-content\/uploads\/2021\/12\/28171206\/cbll-logo-color-sm.png","contentUrl":"https:\/\/cdn1.mediawpaccore.net\/wp-content\/uploads\/2021\/12\/28171206\/cbll-logo-color-sm.png","width":600,"height":133,"caption":"Cuballama"},"image":{"@id":"https:\/\/www.cuballama.com\/noticias\/#\/schema\/logo\/image\/"},"sameAs":["https:\/\/www.facebook.com\/CubaLlama","https:\/\/x.com\/cuballama","https:\/\/www.instagram.com\/stories\/cuballama_oficial\/","https:\/\/www.youtube.com\/channel\/UCKkFE-d_axENGZcrc4as0IA"]},{"@type":"Person","@id":"https:\/\/www.cuballama.com\/noticias\/#\/schema\/person\/a58502ed4146c8e9f83872e897c76cd2","name":"Roberto A.","description":"Roberto A. Periodista por decisi\u00f3n propia. Interesado en cualquier tema que me apasione y cada vez m\u00e1s comprometido con la verdad y la objetividad period\u00edstica. Graduado en La Habana hace ya muchos a\u00f1os, luego de una accidentada y polvorienta b\u00fasqueda de informaci\u00f3n sobre un tema in\u00e9dito. La Tesis, por cierto, desapareci\u00f3 de la biblioteca y no se conservan copias de la misma.","url":"https:\/\/www.cuballama.com\/noticias\/author\/roberto\/"}]}},"_links":{"self":[{"href":"https:\/\/www.cuballama.com\/noticias\/wp-json\/wp\/v2\/posts\/223252","targetHints":{"allow":["GET"]}}],"collection":[{"href":"https:\/\/www.cuballama.com\/noticias\/wp-json\/wp\/v2\/posts"}],"about":[{"href":"https:\/\/www.cuballama.com\/noticias\/wp-json\/wp\/v2\/types\/post"}],"author":[{"embeddable":true,"href":"https:\/\/www.cuballama.com\/noticias\/wp-json\/wp\/v2\/users\/13"}],"replies":[{"embeddable":true,"href":"https:\/\/www.cuballama.com\/noticias\/wp-json\/wp\/v2\/comments?post=223252"}],"version-history":[{"count":5,"href":"https:\/\/www.cuballama.com\/noticias\/wp-json\/wp\/v2\/posts\/223252\/revisions"}],"predecessor-version":[{"id":223267,"href":"https:\/\/www.cuballama.com\/noticias\/wp-json\/wp\/v2\/posts\/223252\/revisions\/223267"}],"wp:featuredmedia":[{"embeddable":true,"href":"https:\/\/www.cuballama.com\/noticias\/wp-json\/wp\/v2\/media\/223263"}],"wp:attachment":[{"href":"https:\/\/www.cuballama.com\/noticias\/wp-json\/wp\/v2\/media?parent=223252"}],"wp:term":[{"taxonomy":"category","embeddable":true,"href":"https:\/\/www.cuballama.com\/noticias\/wp-json\/wp\/v2\/categories?post=223252"},{"taxonomy":"post_tag","embeddable":true,"href":"https:\/\/www.cuballama.com\/noticias\/wp-json\/wp\/v2\/tags?post=223252"}],"curies":[{"name":"wp","href":"https:\/\/api.w.org\/{rel}","templated":true}]}}