{"id":223235,"date":"2025-10-20T07:00:00","date_gmt":"2025-10-20T11:00:00","guid":{"rendered":"https:\/\/www.cuballama.com\/noticias\/?p=223235"},"modified":"2025-10-20T00:21:10","modified_gmt":"2025-10-20T04:21:10","slug":"hallan-sin-vida-a-adolescente-de-14-anos-desaparecido-en-la-habana","status":"publish","type":"post","link":"https:\/\/www.cuballama.com\/noticias\/hallan-sin-vida-a-adolescente-de-14-anos-desaparecido-en-la-habana\/","title":{"rendered":"Hallan sin vida a adolescente de 14 a\u00f1os desaparecido en La Habana"},"content":{"rendered":"\n<p>Un adolescente cubano de 14 a\u00f1os, reportado como desaparecido desde la tarde del pasado viernes 17 de octubre en el municipio de Cerro, en La Habana, fue encontrado sin vida este s\u00e1bado, seg\u00fan reportes en redes sociales.<\/p>\n\n\n\n<p>Ronald, como ha sido identificada la v\u00edctima, apareci\u00f3 ahogado en una de las piscinas de la Ciudad Deportiva, tambi\u00e9n en el Cerro, seg\u00fan aseguraron personas allegadas.<\/p>\n\n\n\n<p>De acuerdo con lo que confirm\u00f3 un adolescente identificado como Sandro Gonz\u00e1lez, quien era compa\u00f1ero de aula de Ronald, el muchacho fallecido resid\u00eda en la calle Patria y estudiaba en la Escuela Secundaria B\u00e1sica Camilo Cienfuegos.<\/p>\n\n\n\n<p>Pese a que no han trascendido las circunstancias en que ocurri\u00f3 el deceso del menor, sobre el cual las autoridades no se han pronunciado, varias personas allegadas negaron que se tratara de un asesinato. \u201cNadie le quit\u00f3 la vida\u201d, recalcaron.<\/p>\n\n\n\n<iframe loading=\"lazy\" src=\"https:\/\/www.facebook.com\/plugins\/post.php?href=https%3A%2F%2Fwww.facebook.com%2FDeuntijeretazo%2Fposts%2Fpfbid02PCoQMsCggwCZvXk5fJNoBJQDKCBmwsatEpH4gkCkEjjNywyF4DYrpDMopNw6BPi3l&#038;show_text=true&#038;width=500\" width=\"500\" height=\"736\" style=\"border:none;overflow:hidden\" scrolling=\"no\" frameborder=\"0\" allowfullscreen=\"true\" allow=\"autoplay; clipboard-write; encrypted-media; picture-in-picture; web-share\"><\/iframe>\n\n\n\n<p>\u201cDesde un principio se hizo hasta lo impensable, todos unidos, sin pensarlo, madres, padres, profesores, vecinos, se busc\u00f3 de manera incansable. Su mami solo lo ten\u00eda a \u00e9l y \u00e9l a ella\u201d, explic\u00f3 la internauta Liany Morej\u00f3n Rodr\u00edguez sobre la b\u00fasqueda que se llev\u00f3 a cabo desde el viernes para encontrar a Ronald.<\/p>\n\n\n\n<p>\u201cRonald deja a toda una escuela, una comunidad, con una tristeza inmensa. Tan travieso y ocurrente que hasta el m\u00e1s serio re\u00eda de sus ocurrencias\u201d, destac\u00f3.<\/p>\n\n\n\n<p>\u201cMi hija est\u00e1 como en shock, de que \u2018na\u2019, es mentira\u2019, y de ah\u00ed no sale\u201d, coment\u00f3 por otro lado la madre de una de las amigas del adolescente.<\/p>\n\n\n\n<p>\u201cDescansa en paz, ni\u00f1ito. Mis m\u00e1s sinceras condolencias a esa madre. Para sus familiares y amigos, entre ellos, mi hijo. Pues eran vecinos y jugaban juntos. Dios te acoja en su seno\u201d, expres\u00f3 un padre al enviar sus condolencias a la madre de Ronald, Mayel\u00edn, y al resto de su familia.<\/p>\n\n\n\n<iframe loading=\"lazy\" src=\"https:\/\/www.facebook.com\/plugins\/post.php?href=https%3A%2F%2Fwww.facebook.com%2Falexander.rioscruz.1%2Fposts%2Fpfbid08thK8cMuakwqBwNAQ35TkeJYeJ3Yf41CrKEiVPhQfF5Va5Nz66r8vVBop5ztqaENl&#038;show_text=true&#038;width=500\" width=\"500\" height=\"717\" style=\"border:none;overflow:hidden\" scrolling=\"no\" frameborder=\"0\" allowfullscreen=\"true\" allow=\"autoplay; clipboard-write; encrypted-media; picture-in-picture; web-share\"><\/iframe>\n\n\n\n<p>\u201cMi vecinito, EPD, un angelito m\u00e1s en el cielo, que Diosito te tenga en el lugar m\u00e1s bonito. Mucha fuerza para su mamita. Qu\u00e9 triste\u201d, a\u00f1adi\u00f3 una vecina.<\/p>\n\n\n\n<p>\u201cPor Dios, yo conozco a Mayel\u00edn y al ni\u00f1o de tantos a\u00f1os. C\u00f3mo pudo pasar eso si ella es una mam\u00e1 s\u00faper responsable\u201d, resalt\u00f3 Ren\u00e9 Fern\u00e1ndez.<\/p>\n\n\n\n<p>Por otro lado, no pocos usuarios se preguntaron por qu\u00e9 no encontraron antes el cuerpo en una piscina de la Ciudad Deportiva, un lugar bastante concurrido.<\/p>\n\n\n\n<p>Se desconoce si las piscinas de la instalaci\u00f3n, que empezaron a repararse en 2019, despu\u00e9s de tres a\u00f1os inhabilitadas, se encuentran funcionando.&nbsp;<\/p>\n\n\n\n<p>Lo que s\u00ed se sabe es que all\u00ed \u201cse cuelan los muchachos a ba\u00f1arse y jugar los fines de semana porque no hay custodio\u201d.<\/p>\n\n\n\n<p>Inaugurada en 1958, la Ciudad Deportiva se encuentra en una zona de confluencia de varios barrios capitalinos.<\/p>\n\n\n\n<p>Seg\u00fan <a href=\"https:\/\/www.14ymedio.com\/cuba\/lejos-quedan-tiempos-platillo-volador_1_1110978.html\" target=\"_blank\" rel=\"noreferrer noopener nofollow\">report\u00f3 el diario <em>14ymedio<\/em><\/a><em> <\/em>en febrero de este a\u00f1o, el centro cuenta con dos piscinas: una ol\u00edmpica y una de clavados, en cuyo interior se estanca un agua de color verde en el interior y las paredes est\u00e1n agrietadas.<\/p>\n\n\n\n<p><\/p>\n","protected":false},"excerpt":{"rendered":"<p>El menor era buscado de manera incansable desde el pasado viernes 17 de octubre.<\/p>\n","protected":false},"author":30,"featured_media":223237,"comment_status":"open","ping_status":"closed","sticky":false,"template":"","format":"standard","meta":{"_acf_changed":false,"footnotes":""},"categories":[18,955],"tags":[19636,10867,22579,11219,941],"class_list":{"0":"post-223235","1":"post","2":"type-post","3":"status-publish","4":"format-standard","5":"has-post-thumbnail","7":"category-noticias","8":"category-noticias-de-cuba","9":"tag-adolescente-cubano","10":"tag-crisis-en-cuba","11":"tag-cubano-fallecido","12":"tag-desaparecidos-en-cuba","13":"tag-destacado"},"acf":[],"yoast_head":"<!-- This site is optimized with the Yoast SEO plugin v27.5 - https:\/\/yoast.com\/product\/yoast-seo-wordpress\/ -->\n<title>Hallan sin vida a adolescente de 14 a\u00f1os desaparecido en La Habana - Cuballama Noticias<\/title>\n<meta name=\"description\" content=\"Un adolescente cubano, reportado como desaparecido desde el pasado viernes 17 de octubre en La Habana, fue encontrado sin vida.\" \/>\n<meta name=\"robots\" content=\"index, follow, max-snippet:-1, max-image-preview:large, max-video-preview:-1\" \/>\n<link rel=\"canonical\" href=\"https:\/\/www.cuballama.com\/noticias\/hallan-sin-vida-a-adolescente-de-14-anos-desaparecido-en-la-habana\/\" \/>\n<meta property=\"og:locale\" content=\"es_ES\" \/>\n<meta property=\"og:type\" content=\"article\" \/>\n<meta property=\"og:title\" content=\"Hallan sin vida a adolescente de 14 a\u00f1os desaparecido en La Habana - Cuballama Noticias\" \/>\n<meta property=\"og:description\" content=\"Un adolescente cubano, reportado como desaparecido desde el pasado viernes 17 de octubre en La Habana, fue encontrado sin vida.\" \/>\n<meta property=\"og:url\" content=\"https:\/\/www.cuballama.com\/noticias\/hallan-sin-vida-a-adolescente-de-14-anos-desaparecido-en-la-habana\/\" \/>\n<meta property=\"og:site_name\" content=\"Cuballama Noticias\" \/>\n<meta property=\"article:publisher\" content=\"https:\/\/www.facebook.com\/CubaLlama\" \/>\n<meta property=\"article:published_time\" content=\"2025-10-20T11:00:00+00:00\" \/>\n<meta property=\"og:image\" content=\"https:\/\/cdn1.mediawpaccore.net\/wp-content\/uploads\/2025\/10\/19233632\/1760921231-conmocion-hallan-vida-nino-14-anos-desaparecido-habana1.jpg\" \/>\n\t<meta property=\"og:image:width\" content=\"1200\" \/>\n\t<meta property=\"og:image:height\" content=\"630\" \/>\n\t<meta property=\"og:image:type\" content=\"image\/jpeg\" \/>\n<meta name=\"author\" content=\"Kathy\" \/>\n<meta name=\"twitter:card\" content=\"summary_large_image\" \/>\n<meta name=\"twitter:creator\" content=\"@cuballama\" \/>\n<meta name=\"twitter:site\" content=\"@cuballama\" \/>\n<meta name=\"twitter:label1\" content=\"Escrito por\" \/>\n\t<meta name=\"twitter:data1\" content=\"Kathy\" \/>\n\t<meta name=\"twitter:label2\" content=\"Tiempo de lectura\" \/>\n\t<meta name=\"twitter:data2\" content=\"3 minutos\" \/>\n<script type=\"application\/ld+json\" class=\"yoast-schema-graph\">{\"@context\":\"https:\\\/\\\/schema.org\",\"@graph\":[{\"@type\":\"Article\",\"@id\":\"https:\\\/\\\/www.cuballama.com\\\/noticias\\\/hallan-sin-vida-a-adolescente-de-14-anos-desaparecido-en-la-habana\\\/#article\",\"isPartOf\":{\"@id\":\"https:\\\/\\\/www.cuballama.com\\\/noticias\\\/hallan-sin-vida-a-adolescente-de-14-anos-desaparecido-en-la-habana\\\/\"},\"author\":{\"name\":\"Kathy\",\"@id\":\"https:\\\/\\\/www.cuballama.com\\\/noticias\\\/#\\\/schema\\\/person\\\/86cd3e3f4974437f031211213bf892d5\"},\"headline\":\"Hallan sin vida a adolescente de 14 a\u00f1os desaparecido en La Habana\",\"datePublished\":\"2025-10-20T11:00:00+00:00\",\"mainEntityOfPage\":{\"@id\":\"https:\\\/\\\/www.cuballama.com\\\/noticias\\\/hallan-sin-vida-a-adolescente-de-14-anos-desaparecido-en-la-habana\\\/\"},\"wordCount\":526,\"commentCount\":0,\"publisher\":{\"@id\":\"https:\\\/\\\/www.cuballama.com\\\/noticias\\\/#organization\"},\"image\":{\"@id\":\"https:\\\/\\\/www.cuballama.com\\\/noticias\\\/hallan-sin-vida-a-adolescente-de-14-anos-desaparecido-en-la-habana\\\/#primaryimage\"},\"thumbnailUrl\":\"https:\\\/\\\/cdn1.mediawpaccore.net\\\/wp-content\\\/uploads\\\/2025\\\/10\\\/19233632\\\/1760921231-conmocion-hallan-vida-nino-14-anos-desaparecido-habana1.jpg\",\"keywords\":[\"adolescente cubano\",\"Crisis en Cuba\",\"cubano fallecido\",\"Desaparecidos en Cuba\",\"destacado\"],\"articleSection\":[\"Noticias\",\"Noticias de Cuba\"],\"inLanguage\":\"es\",\"potentialAction\":[{\"@type\":\"CommentAction\",\"name\":\"Comment\",\"target\":[\"https:\\\/\\\/www.cuballama.com\\\/noticias\\\/hallan-sin-vida-a-adolescente-de-14-anos-desaparecido-en-la-habana\\\/#respond\"]}]},{\"@type\":\"WebPage\",\"@id\":\"https:\\\/\\\/www.cuballama.com\\\/noticias\\\/hallan-sin-vida-a-adolescente-de-14-anos-desaparecido-en-la-habana\\\/\",\"url\":\"https:\\\/\\\/www.cuballama.com\\\/noticias\\\/hallan-sin-vida-a-adolescente-de-14-anos-desaparecido-en-la-habana\\\/\",\"name\":\"Hallan sin vida a adolescente de 14 a\u00f1os desaparecido en La Habana - Cuballama Noticias\",\"isPartOf\":{\"@id\":\"https:\\\/\\\/www.cuballama.com\\\/noticias\\\/#website\"},\"primaryImageOfPage\":{\"@id\":\"https:\\\/\\\/www.cuballama.com\\\/noticias\\\/hallan-sin-vida-a-adolescente-de-14-anos-desaparecido-en-la-habana\\\/#primaryimage\"},\"image\":{\"@id\":\"https:\\\/\\\/www.cuballama.com\\\/noticias\\\/hallan-sin-vida-a-adolescente-de-14-anos-desaparecido-en-la-habana\\\/#primaryimage\"},\"thumbnailUrl\":\"https:\\\/\\\/cdn1.mediawpaccore.net\\\/wp-content\\\/uploads\\\/2025\\\/10\\\/19233632\\\/1760921231-conmocion-hallan-vida-nino-14-anos-desaparecido-habana1.jpg\",\"datePublished\":\"2025-10-20T11:00:00+00:00\",\"description\":\"Un adolescente cubano, reportado como desaparecido desde el pasado viernes 17 de octubre en La Habana, fue encontrado sin vida.\",\"breadcrumb\":{\"@id\":\"https:\\\/\\\/www.cuballama.com\\\/noticias\\\/hallan-sin-vida-a-adolescente-de-14-anos-desaparecido-en-la-habana\\\/#breadcrumb\"},\"inLanguage\":\"es\",\"potentialAction\":[{\"@type\":\"ReadAction\",\"target\":[\"https:\\\/\\\/www.cuballama.com\\\/noticias\\\/hallan-sin-vida-a-adolescente-de-14-anos-desaparecido-en-la-habana\\\/\"]}]},{\"@type\":\"ImageObject\",\"inLanguage\":\"es\",\"@id\":\"https:\\\/\\\/www.cuballama.com\\\/noticias\\\/hallan-sin-vida-a-adolescente-de-14-anos-desaparecido-en-la-habana\\\/#primaryimage\",\"url\":\"https:\\\/\\\/cdn1.mediawpaccore.net\\\/wp-content\\\/uploads\\\/2025\\\/10\\\/19233632\\\/1760921231-conmocion-hallan-vida-nino-14-anos-desaparecido-habana1.jpg\",\"contentUrl\":\"https:\\\/\\\/cdn1.mediawpaccore.net\\\/wp-content\\\/uploads\\\/2025\\\/10\\\/19233632\\\/1760921231-conmocion-hallan-vida-nino-14-anos-desaparecido-habana1.jpg\",\"width\":1200,\"height\":630,\"caption\":\"Adolescente cubano fallecido. Foto: Facebook\\\/Irma Lidia Broek.\"},{\"@type\":\"BreadcrumbList\",\"@id\":\"https:\\\/\\\/www.cuballama.com\\\/noticias\\\/hallan-sin-vida-a-adolescente-de-14-anos-desaparecido-en-la-habana\\\/#breadcrumb\",\"itemListElement\":[{\"@type\":\"ListItem\",\"position\":1,\"name\":\"Home\",\"item\":\"https:\\\/\\\/www.cuballama.com\\\/noticias\\\/\"},{\"@type\":\"ListItem\",\"position\":2,\"name\":\"Hallan sin vida a adolescente de 14 a\u00f1os desaparecido en La Habana\"}]},{\"@type\":\"WebSite\",\"@id\":\"https:\\\/\\\/www.cuballama.com\\\/noticias\\\/#website\",\"url\":\"https:\\\/\\\/www.cuballama.com\\\/noticias\\\/\",\"name\":\"Cuballama Noticias\",\"description\":\"Medio digital sobre Cuba y el mundo\",\"publisher\":{\"@id\":\"https:\\\/\\\/www.cuballama.com\\\/noticias\\\/#organization\"},\"potentialAction\":[{\"@type\":\"SearchAction\",\"target\":{\"@type\":\"EntryPoint\",\"urlTemplate\":\"https:\\\/\\\/www.cuballama.com\\\/noticias\\\/?s={search_term_string}\"},\"query-input\":{\"@type\":\"PropertyValueSpecification\",\"valueRequired\":true,\"valueName\":\"search_term_string\"}}],\"inLanguage\":\"es\"},{\"@type\":\"Organization\",\"@id\":\"https:\\\/\\\/www.cuballama.com\\\/noticias\\\/#organization\",\"name\":\"Cuballama\",\"url\":\"https:\\\/\\\/www.cuballama.com\\\/noticias\\\/\",\"logo\":{\"@type\":\"ImageObject\",\"inLanguage\":\"es\",\"@id\":\"https:\\\/\\\/www.cuballama.com\\\/noticias\\\/#\\\/schema\\\/logo\\\/image\\\/\",\"url\":\"https:\\\/\\\/cdn1.mediawpaccore.net\\\/wp-content\\\/uploads\\\/2021\\\/12\\\/28171206\\\/cbll-logo-color-sm.png\",\"contentUrl\":\"https:\\\/\\\/cdn1.mediawpaccore.net\\\/wp-content\\\/uploads\\\/2021\\\/12\\\/28171206\\\/cbll-logo-color-sm.png\",\"width\":600,\"height\":133,\"caption\":\"Cuballama\"},\"image\":{\"@id\":\"https:\\\/\\\/www.cuballama.com\\\/noticias\\\/#\\\/schema\\\/logo\\\/image\\\/\"},\"sameAs\":[\"https:\\\/\\\/www.facebook.com\\\/CubaLlama\",\"https:\\\/\\\/x.com\\\/cuballama\",\"https:\\\/\\\/www.instagram.com\\\/stories\\\/cuballama_oficial\\\/\",\"https:\\\/\\\/www.youtube.com\\\/channel\\\/UCKkFE-d_axENGZcrc4as0IA\"]},{\"@type\":\"Person\",\"@id\":\"https:\\\/\\\/www.cuballama.com\\\/noticias\\\/#\\\/schema\\\/person\\\/86cd3e3f4974437f031211213bf892d5\",\"name\":\"Kathy\",\"url\":\"https:\\\/\\\/www.cuballama.com\\\/noticias\\\/author\\\/kathy\\\/\"}]}<\/script>\n<!-- \/ Yoast SEO plugin. -->","yoast_head_json":{"title":"Hallan sin vida a adolescente de 14 a\u00f1os desaparecido en La Habana - Cuballama Noticias","description":"Un adolescente cubano, reportado como desaparecido desde el pasado viernes 17 de octubre en La Habana, fue encontrado sin vida.","robots":{"index":"index","follow":"follow","max-snippet":"max-snippet:-1","max-image-preview":"max-image-preview:large","max-video-preview":"max-video-preview:-1"},"canonical":"https:\/\/www.cuballama.com\/noticias\/hallan-sin-vida-a-adolescente-de-14-anos-desaparecido-en-la-habana\/","og_locale":"es_ES","og_type":"article","og_title":"Hallan sin vida a adolescente de 14 a\u00f1os desaparecido en La Habana - Cuballama Noticias","og_description":"Un adolescente cubano, reportado como desaparecido desde el pasado viernes 17 de octubre en La Habana, fue encontrado sin vida.","og_url":"https:\/\/www.cuballama.com\/noticias\/hallan-sin-vida-a-adolescente-de-14-anos-desaparecido-en-la-habana\/","og_site_name":"Cuballama Noticias","article_publisher":"https:\/\/www.facebook.com\/CubaLlama","article_published_time":"2025-10-20T11:00:00+00:00","og_image":[{"width":1200,"height":630,"url":"https:\/\/cdn1.mediawpaccore.net\/wp-content\/uploads\/2025\/10\/19233632\/1760921231-conmocion-hallan-vida-nino-14-anos-desaparecido-habana1.jpg","type":"image\/jpeg"}],"author":"Kathy","twitter_card":"summary_large_image","twitter_creator":"@cuballama","twitter_site":"@cuballama","twitter_misc":{"Escrito por":"Kathy","Tiempo de lectura":"3 minutos"},"schema":{"@context":"https:\/\/schema.org","@graph":[{"@type":"Article","@id":"https:\/\/www.cuballama.com\/noticias\/hallan-sin-vida-a-adolescente-de-14-anos-desaparecido-en-la-habana\/#article","isPartOf":{"@id":"https:\/\/www.cuballama.com\/noticias\/hallan-sin-vida-a-adolescente-de-14-anos-desaparecido-en-la-habana\/"},"author":{"name":"Kathy","@id":"https:\/\/www.cuballama.com\/noticias\/#\/schema\/person\/86cd3e3f4974437f031211213bf892d5"},"headline":"Hallan sin vida a adolescente de 14 a\u00f1os desaparecido en La Habana","datePublished":"2025-10-20T11:00:00+00:00","mainEntityOfPage":{"@id":"https:\/\/www.cuballama.com\/noticias\/hallan-sin-vida-a-adolescente-de-14-anos-desaparecido-en-la-habana\/"},"wordCount":526,"commentCount":0,"publisher":{"@id":"https:\/\/www.cuballama.com\/noticias\/#organization"},"image":{"@id":"https:\/\/www.cuballama.com\/noticias\/hallan-sin-vida-a-adolescente-de-14-anos-desaparecido-en-la-habana\/#primaryimage"},"thumbnailUrl":"https:\/\/cdn1.mediawpaccore.net\/wp-content\/uploads\/2025\/10\/19233632\/1760921231-conmocion-hallan-vida-nino-14-anos-desaparecido-habana1.jpg","keywords":["adolescente cubano","Crisis en Cuba","cubano fallecido","Desaparecidos en Cuba","destacado"],"articleSection":["Noticias","Noticias de Cuba"],"inLanguage":"es","potentialAction":[{"@type":"CommentAction","name":"Comment","target":["https:\/\/www.cuballama.com\/noticias\/hallan-sin-vida-a-adolescente-de-14-anos-desaparecido-en-la-habana\/#respond"]}]},{"@type":"WebPage","@id":"https:\/\/www.cuballama.com\/noticias\/hallan-sin-vida-a-adolescente-de-14-anos-desaparecido-en-la-habana\/","url":"https:\/\/www.cuballama.com\/noticias\/hallan-sin-vida-a-adolescente-de-14-anos-desaparecido-en-la-habana\/","name":"Hallan sin vida a adolescente de 14 a\u00f1os desaparecido en La Habana - Cuballama Noticias","isPartOf":{"@id":"https:\/\/www.cuballama.com\/noticias\/#website"},"primaryImageOfPage":{"@id":"https:\/\/www.cuballama.com\/noticias\/hallan-sin-vida-a-adolescente-de-14-anos-desaparecido-en-la-habana\/#primaryimage"},"image":{"@id":"https:\/\/www.cuballama.com\/noticias\/hallan-sin-vida-a-adolescente-de-14-anos-desaparecido-en-la-habana\/#primaryimage"},"thumbnailUrl":"https:\/\/cdn1.mediawpaccore.net\/wp-content\/uploads\/2025\/10\/19233632\/1760921231-conmocion-hallan-vida-nino-14-anos-desaparecido-habana1.jpg","datePublished":"2025-10-20T11:00:00+00:00","description":"Un adolescente cubano, reportado como desaparecido desde el pasado viernes 17 de octubre en La Habana, fue encontrado sin vida.","breadcrumb":{"@id":"https:\/\/www.cuballama.com\/noticias\/hallan-sin-vida-a-adolescente-de-14-anos-desaparecido-en-la-habana\/#breadcrumb"},"inLanguage":"es","potentialAction":[{"@type":"ReadAction","target":["https:\/\/www.cuballama.com\/noticias\/hallan-sin-vida-a-adolescente-de-14-anos-desaparecido-en-la-habana\/"]}]},{"@type":"ImageObject","inLanguage":"es","@id":"https:\/\/www.cuballama.com\/noticias\/hallan-sin-vida-a-adolescente-de-14-anos-desaparecido-en-la-habana\/#primaryimage","url":"https:\/\/cdn1.mediawpaccore.net\/wp-content\/uploads\/2025\/10\/19233632\/1760921231-conmocion-hallan-vida-nino-14-anos-desaparecido-habana1.jpg","contentUrl":"https:\/\/cdn1.mediawpaccore.net\/wp-content\/uploads\/2025\/10\/19233632\/1760921231-conmocion-hallan-vida-nino-14-anos-desaparecido-habana1.jpg","width":1200,"height":630,"caption":"Adolescente cubano fallecido. Foto: Facebook\/Irma Lidia Broek."},{"@type":"BreadcrumbList","@id":"https:\/\/www.cuballama.com\/noticias\/hallan-sin-vida-a-adolescente-de-14-anos-desaparecido-en-la-habana\/#breadcrumb","itemListElement":[{"@type":"ListItem","position":1,"name":"Home","item":"https:\/\/www.cuballama.com\/noticias\/"},{"@type":"ListItem","position":2,"name":"Hallan sin vida a adolescente de 14 a\u00f1os desaparecido en La Habana"}]},{"@type":"WebSite","@id":"https:\/\/www.cuballama.com\/noticias\/#website","url":"https:\/\/www.cuballama.com\/noticias\/","name":"Cuballama Noticias","description":"Medio digital sobre Cuba y el mundo","publisher":{"@id":"https:\/\/www.cuballama.com\/noticias\/#organization"},"potentialAction":[{"@type":"SearchAction","target":{"@type":"EntryPoint","urlTemplate":"https:\/\/www.cuballama.com\/noticias\/?s={search_term_string}"},"query-input":{"@type":"PropertyValueSpecification","valueRequired":true,"valueName":"search_term_string"}}],"inLanguage":"es"},{"@type":"Organization","@id":"https:\/\/www.cuballama.com\/noticias\/#organization","name":"Cuballama","url":"https:\/\/www.cuballama.com\/noticias\/","logo":{"@type":"ImageObject","inLanguage":"es","@id":"https:\/\/www.cuballama.com\/noticias\/#\/schema\/logo\/image\/","url":"https:\/\/cdn1.mediawpaccore.net\/wp-content\/uploads\/2021\/12\/28171206\/cbll-logo-color-sm.png","contentUrl":"https:\/\/cdn1.mediawpaccore.net\/wp-content\/uploads\/2021\/12\/28171206\/cbll-logo-color-sm.png","width":600,"height":133,"caption":"Cuballama"},"image":{"@id":"https:\/\/www.cuballama.com\/noticias\/#\/schema\/logo\/image\/"},"sameAs":["https:\/\/www.facebook.com\/CubaLlama","https:\/\/x.com\/cuballama","https:\/\/www.instagram.com\/stories\/cuballama_oficial\/","https:\/\/www.youtube.com\/channel\/UCKkFE-d_axENGZcrc4as0IA"]},{"@type":"Person","@id":"https:\/\/www.cuballama.com\/noticias\/#\/schema\/person\/86cd3e3f4974437f031211213bf892d5","name":"Kathy","url":"https:\/\/www.cuballama.com\/noticias\/author\/kathy\/"}]}},"_links":{"self":[{"href":"https:\/\/www.cuballama.com\/noticias\/wp-json\/wp\/v2\/posts\/223235","targetHints":{"allow":["GET"]}}],"collection":[{"href":"https:\/\/www.cuballama.com\/noticias\/wp-json\/wp\/v2\/posts"}],"about":[{"href":"https:\/\/www.cuballama.com\/noticias\/wp-json\/wp\/v2\/types\/post"}],"author":[{"embeddable":true,"href":"https:\/\/www.cuballama.com\/noticias\/wp-json\/wp\/v2\/users\/30"}],"replies":[{"embeddable":true,"href":"https:\/\/www.cuballama.com\/noticias\/wp-json\/wp\/v2\/comments?post=223235"}],"version-history":[{"count":2,"href":"https:\/\/www.cuballama.com\/noticias\/wp-json\/wp\/v2\/posts\/223235\/revisions"}],"predecessor-version":[{"id":223238,"href":"https:\/\/www.cuballama.com\/noticias\/wp-json\/wp\/v2\/posts\/223235\/revisions\/223238"}],"wp:featuredmedia":[{"embeddable":true,"href":"https:\/\/www.cuballama.com\/noticias\/wp-json\/wp\/v2\/media\/223237"}],"wp:attachment":[{"href":"https:\/\/www.cuballama.com\/noticias\/wp-json\/wp\/v2\/media?parent=223235"}],"wp:term":[{"taxonomy":"category","embeddable":true,"href":"https:\/\/www.cuballama.com\/noticias\/wp-json\/wp\/v2\/categories?post=223235"},{"taxonomy":"post_tag","embeddable":true,"href":"https:\/\/www.cuballama.com\/noticias\/wp-json\/wp\/v2\/tags?post=223235"}],"curies":[{"name":"wp","href":"https:\/\/api.w.org\/{rel}","templated":true}]}}