{"id":223060,"date":"2025-10-26T13:36:01","date_gmt":"2025-10-26T17:36:01","guid":{"rendered":"https:\/\/www.cuballama.com\/noticias\/?p=223060"},"modified":"2025-10-26T13:36:04","modified_gmt":"2025-10-26T17:36:04","slug":"activistas-cubanos-arremeten-contra-la-oposicion-de-la-oposicion-valientes-y-expertos-que-viven-en-facebook","status":"publish","type":"post","link":"https:\/\/www.cuballama.com\/noticias\/activistas-cubanos-arremeten-contra-la-oposicion-de-la-oposicion-valientes-y-expertos-que-viven-en-facebook\/","title":{"rendered":"Activistas cubanos arremeten contra la oposici\u00f3n de la oposici\u00f3n; \u00abvalientes y expertos\u00bb que viven en Facebook"},"content":{"rendered":"\n<p>Durante las \u00faltimas horas, dos figuras del activismo cubano en el exilio, <strong>Colette R. Marcano<\/strong>, residente en Italia, y <strong>Fernando Almeyda<\/strong>, radicado en Serbia, lanzaron duras cr\u00edticas hacia lo que pudi\u00e9ramos describir como la \u201coposici\u00f3n de la oposici\u00f3n\u201d: ese grupo de usuarios que, amparados en las redes sociales, se dedican a descalificar el trabajo ajeno y a sembrar divisiones dentro del propio campo disidente. Sus mensajes, transmitidos por Facebook, llegan en un momento en que el exilio se sacude entre festejos y pol\u00e9micas tras la salida de <strong>Jos\u00e9 Daniel Ferrer<\/strong> hacia Miami y la llegada a Madrid del exprisionero pol\u00edtico <strong>Luis Robles<\/strong>.<\/p>\n\n\n\n<p><a href=\"https:\/\/www.facebook.com\/watch\/live\/?ref=watch_permalink&amp;v=4591469711080399\">Colette fue directa desde los primeros minutos de su transmisi\u00f3n<\/a>. Dijo que su paciencia hab\u00eda llegado al l\u00edmite y que ya no pod\u00eda seguir callando ante el \u201cjueguito\u201d de quienes, sin tener familia en Cuba ni haber sufrido persecuci\u00f3n, se dedican a destruir y dividir a los que trabajan de coraz\u00f3n. <\/p>\n\n\n\n<p>\u201cMe cansa, me cancela \u2014dijo\u2014. Le voy a sacar la voz porque ya es mucho\u201d. Seg\u00fan ella, detr\u00e1s de ese patr\u00f3n de ataques se oculta una conducta aprendida del propio sistema cubano: \u201cTienen todo un dictador dentro, est\u00e1n todav\u00eda adoctrinados\u201d, afirm\u00f3, refiri\u00e9ndose a quienes pretenden dictar c\u00f3mo debe actuar un opositor o qu\u00e9 debe decir un preso reci\u00e9n liberado.<\/p>\n\n\n\n<iframe loading=\"lazy\" src=\"https:\/\/www.facebook.com\/plugins\/video.php?height=476&#038;href=https%3A%2F%2Fwww.facebook.com%2Fcolettelika%2Fvideos%2F4591469711080399%2F&#038;show_text=true&#038;width=267&#038;t=0\" width=\"267\" height=\"591\" style=\"border:none;overflow:hidden\" scrolling=\"no\" frameborder=\"0\" allowfullscreen=\"true\" allow=\"autoplay; clipboard-write; encrypted-media; picture-in-picture; web-share\" allowFullScreen=\"true\"><\/iframe>\n\n\n\n<p>El punto de inflexi\u00f3n que la llev\u00f3 a hablar fue, entre otras cosas, la reciente llegada de <strong>Luis Robles<\/strong> a Espa\u00f1a. <\/p>\n\n\n\n<p><em>\u201cA m\u00ed ayer se me parti\u00f3 el coraz\u00f3n al verle la cara\u201d,<\/em> dijo Colette<em>. \u201cTen\u00eda la tristeza y el trauma tatuado en su rostro y todav\u00eda vienen a cuestionarlo. Un muchacho que se jug\u00f3 la vida cuando nadie se atrev\u00eda a salir. D\u00e9jenlo tranquilo, aunque no le d\u00e9 la gana de luchar m\u00e1s. \u00c9l hizo su aporte y qued\u00f3 en la historia\u201d<\/em>, se\u00f1al\u00f3. Su reclamo iba tambi\u00e9n dirigido a quienes se burlan, hacen memes o descalifican la labor de quienes \u2014a su juicio\u2014 se han ganado el derecho al silencio o al descanso.<\/p>\n\n\n\n<p>La activista no evit\u00f3 los nombres. Aludi\u00f3 a los \u201crosaditos\u201d, como algunos detractores llaman despectivamente a quienes trabajan en Madrid junto a organizaciones como <em>Prisoners Defenders<\/em> o <em>Observatorio Cubano de Derechos Humanos<\/em>. Para Colette, ese mote encubre una guerra absurda contra personas que \u201chan hecho un mont\u00f3n de trabajo sin estar posando para las c\u00e1maras\u201d.<\/p>\n\n\n\n<p>\u201cEst\u00e1n creando fractura y le est\u00e1n haciendo el juego a la Seguridad del Estado\u201d, advirti\u00f3 a aquellos que los descalifican, como Lucio Enriquez y L\u00e1zaro Mireles, residentes ambos en Espa\u00f1a, por mencionar dos de ellos. En su visi\u00f3n, los verdaderos \u201cagentes\u201d no est\u00e1n infiltrados por La Habana sino entre los propios opositores que act\u00faan movidos por celos o frustraciones personales. <\/p>\n\n\n\n<p>\u201cAntes lo sospechaba \u2014dijo\u2014, pero ahora lo tengo confirmado\u201d, indic\u00f3.<\/p>\n\n\n\n<p>Desde otro continente, <strong>Fernando Almeyda<\/strong> coincid\u00eda en el diagn\u00f3stico y en el tono. En su directa, tambi\u00e9n aludi\u00f3 a quienes \u2014seg\u00fan \u00e9l\u2014 se creen con autoridad moral para juzgar desde la comodidad de sus pantallas a los que han pagado precios reales. Record\u00f3 que Robles cumpli\u00f3 m\u00e1s de cuatro a\u00f1os de c\u00e1rcel \u201cbajo torturas atroces y horribles\u201d, y que su exilio deber\u00eda ser motivo de respeto, no de sospecha.<\/p>\n\n\n\n<p>\u201cParece que Luis Robles no tiene derecho a existir \u2014lament\u00f3\u2014. Es una v\u00edctima re-victimizada por personas que dicen luchar por la libertad de Cuba\u201d, se\u00f1al\u00f3.<\/p>\n\n\n\n<p>Almeyda fue m\u00e1s all\u00e1. Rechaz\u00f3 la idea de que todos deban \u201cunirse\u201d a cualquier costo, un mantra que a menudo se repite en la di\u00e1spora. <\/p>\n\n\n\n<p><em>\u201cYo pienso que no podemos ni debemos unirnos<\/em> \u2014dijo\u2014 <em>con personas que nunca tuvieron la dignidad de decir \u2018opino diferente\u2019 y asumir las consecuencias\u201d<\/em>. Para \u00e9l, hay una diferencia esencial entre quienes han asumido riesgos reales y quienes transformaron su exilio en un espect\u00e1culo ideol\u00f3gico o una empresa personal. <\/p>\n\n\n\n<p><em>\u201cYo s\u00e9 qui\u00e9n tiene casa en el Vedado, qui\u00e9n planifica regresar <\/em>\u2014ironiz\u00f3\u2014. <em>Algunos est\u00e1n m\u00e1s integrados que los propios dirigentes del r\u00e9gimen, pero ahora se presentan como los m\u00e1s anticomunistas del mundo\u201d<\/em>, expres\u00f3 m\u00e1s adelante.<\/p>\n\n\n\n<iframe loading=\"lazy\" src=\"https:\/\/www.facebook.com\/plugins\/video.php?height=476&#038;href=https%3A%2F%2Fwww.facebook.com%2Ffernando.almeyda.2025%2Fvideos%2F1770411567007327%2F&#038;show_text=true&#038;width=267&#038;t=0\" width=\"267\" height=\"591\" style=\"border:none;overflow:hidden\" scrolling=\"no\" frameborder=\"0\" allowfullscreen=\"true\" allow=\"autoplay; clipboard-write; encrypted-media; picture-in-picture; web-share\" allowFullScreen=\"true\"><\/iframe>\n\n\n\n<p>En otro momento, el exintegrante del movimiento Archipi\u00e9lago se refiri\u00f3 al modo en que ciertos \u201cexpertos de Facebook\u201d desprecian cualquier iniciativa que no encaje con su discurso. <\/p>\n\n\n\n<p><em>\u201cSi tu lucha es no violenta, te atacan; si es violenta, tambi\u00e9n\u201d,<\/em> coment\u00f3. Cuestion\u00f3 adem\u00e1s a quienes ridiculizan la estrategia pac\u00edfica que en su d\u00eda defendi\u00f3 <em>Luis Manuel Otero Alc\u00e1ntara<\/em> o <em>Jos\u00e9 Daniel Ferrer<\/em>. <\/p>\n\n\n\n<p><em>\u201cA ese hombre<\/em> \u2014dijo sobre Ferrer\u2014 <em>lo han torturado durante m\u00e1s de veinte a\u00f1os, acaba de salir al exilio y lo \u00fanico que necesita es descanso, no otra campa\u00f1a en su contra\u201d<\/em>, expres\u00f3.<\/p>\n\n\n\n<p>El hilo com\u00fan entre ambas transmisiones es la preocupaci\u00f3n por un fen\u00f3meno que amenaza con devorar la credibilidad del activismo cubano: la divisi\u00f3n interna y la sustituci\u00f3n del trabajo de base por la visibilidad digital. Colette denunci\u00f3 que muchos han convertido el activismo en una competencia de \u201clikes\u201d y visualizaciones. <\/p>\n\n\n\n<p><em>\u201cEl activismo de los \u2018likes\u2019 \u2014dijo\u2014, el activismo de las views\u2026 Todos quieren sonar m\u00e1s alto que el otro. Pero no se trata de sonar, se trata de hacer\u201d,<\/em> dijo.<\/p>\n\n\n\n<p>Su frustraci\u00f3n se alimenta, adem\u00e1s, de la percepci\u00f3n de que estas peleas p\u00fablicas tienen consecuencias concretas. En una de sus intervenciones, cont\u00f3 que en instituciones europeas donde ella ha gestionado temas de derechos humanos, funcionarios le han preguntado por qu\u00e9 los cubanos no logran unirse. <\/p>\n\n\n\n<p><em>\u201cNos dicen: ustedes se odian, se atacan entre s\u00ed\u201d,<\/em> relat\u00f3. <em>\u201cY tienen raz\u00f3n. Ese es el ejemplo que estamos dando\u201d<\/em>, a\u00f1adi\u00f3 m\u00e1s adelante.<\/p>\n\n\n\n<p>Ambos activistas coincidieron en que el da\u00f1o de esta fragmentaci\u00f3n es pol\u00edtico y moral. Colette lo expres\u00f3 con una mezcla de rabia y desilusi\u00f3n: <em>\u201cNo da\u00f1en la causa ni la lucha, no jueguen con mi dolor ni con el dolor de tanto cubano\u201d<\/em>. Almeyda, por su parte, habl\u00f3 desde la decepci\u00f3n: <em>\u201cVeo una campa\u00f1a contra los que han sufrido las torturas m\u00e1s crueles y me pregunto en qu\u00e9 momento nos convertimos en esto\u201d.<\/em><\/p>\n\n\n\n<p>En sus mensajes hay tambi\u00e9n una defensa impl\u00edcita de los que trabajan desde el silencio: abogados, gestores, comunicadores y voluntarios que ayudan a presos y familias sin hacer ruido. Colette pidi\u00f3 reconocerlos y dejar de asociar discreci\u00f3n con complicidad. <\/p>\n\n\n\n<p><em>\u201cHay gente valiosa<\/em> \u2014dijo\u2014 q<em>ue trabaja much\u00edsimo sin hacerlo p\u00fablico, que ayuda de verdad a los presos y sus familiares, mientras otros se dedican a desunir desde un teclado\u201d<\/em>.<\/p>\n\n\n\n<p>El discurso de ambos es una radiograf\u00eda del agotamiento dentro del exilio cubano: cansancio por la desconfianza, por el narcisismo y por la manipulaci\u00f3n de causas leg\u00edtimas. En sus palabras resuena una advertencia com\u00fan: si el debate opositor se convierte en un campo de insultos, el r\u00e9gimen no necesitar\u00e1 infiltrar nada; bastar\u00e1 con dejar que los \u201cvalientes de Facebook\u201d sigan haciendo el trabajo por \u00e9l.<\/p>\n","protected":false},"excerpt":{"rendered":"<p>El discurso de ambos es una radiograf\u00eda del agotamiento dentro del exilio cubano: cansancio por la desconfianza, por el narcisismo y por la manipulaci\u00f3n de causas leg\u00edtimas. En sus palabras resuena una advertencia com\u00fan: si el debate opositor se convierte en un campo de insultos, el r\u00e9gimen no necesitar\u00e1 infiltrar nada; bastar\u00e1 con dejar que los \u201cvalientes de Facebook\u201d sigan haciendo el trabajo por \u00e9l.<\/p>\n","protected":false},"author":13,"featured_media":223083,"comment_status":"open","ping_status":"closed","sticky":false,"template":"","format":"standard","meta":{"_acf_changed":false,"footnotes":""},"categories":[18,955],"tags":[24488,28714,2864,28715,8000,12055,7442,19326,6369,28713,18609,729],"class_list":{"0":"post-223060","1":"post","2":"type-post","3":"status-publish","4":"format-standard","5":"has-post-thumbnail","7":"category-noticias","8":"category-noticias-de-cuba","9":"tag-activismo-cubano","10":"tag-colette-r-marcano","11":"tag-derechos-humanos","12":"tag-division-opositora","13":"tag-exilio-cubano","14":"tag-fernando-almeyda","15":"tag-jose-daniel-ferrer","16":"tag-luis-robles","17":"tag-manipulacion","18":"tag-oposicion","19":"tag-prisoners-defenders","20":"tag-redes-sociales"},"acf":[],"yoast_head":"<!-- This site is optimized with the Yoast SEO plugin v27.5 - https:\/\/yoast.com\/product\/yoast-seo-wordpress\/ -->\n<title>Activistas cubanos arremeten contra la oposici\u00f3n de la oposici\u00f3n; &quot;valientes y expertos&quot; que viven en Facebook - Cuballama Noticias<\/title>\n<meta name=\"description\" content=\"Los activistas cubanos Colette R. Marcano y Fernando Almeyda, lanzan una advertencia com\u00fan: si el debate opositor se convierte en un campo de insultos, el r\u00e9gimen no necesitar\u00e1 infiltrar nada.\" \/>\n<meta name=\"robots\" content=\"index, follow, max-snippet:-1, max-image-preview:large, max-video-preview:-1\" \/>\n<link rel=\"canonical\" href=\"https:\/\/www.cuballama.com\/noticias\/activistas-cubanos-arremeten-contra-la-oposicion-de-la-oposicion-valientes-y-expertos-que-viven-en-facebook\/\" \/>\n<meta property=\"og:locale\" content=\"es_ES\" \/>\n<meta property=\"og:type\" content=\"article\" \/>\n<meta property=\"og:title\" content=\"Activistas cubanos arremeten contra la oposici\u00f3n de la oposici\u00f3n; &quot;valientes y expertos&quot; que viven en Facebook - Cuballama Noticias\" \/>\n<meta property=\"og:description\" content=\"Los activistas cubanos Colette R. Marcano y Fernando Almeyda, lanzan una advertencia com\u00fan: si el debate opositor se convierte en un campo de insultos, el r\u00e9gimen no necesitar\u00e1 infiltrar nada.\" \/>\n<meta property=\"og:url\" content=\"https:\/\/www.cuballama.com\/noticias\/activistas-cubanos-arremeten-contra-la-oposicion-de-la-oposicion-valientes-y-expertos-que-viven-en-facebook\/\" \/>\n<meta property=\"og:site_name\" content=\"Cuballama Noticias\" \/>\n<meta property=\"article:publisher\" content=\"https:\/\/www.facebook.com\/CubaLlama\" \/>\n<meta property=\"article:published_time\" content=\"2025-10-26T17:36:01+00:00\" \/>\n<meta property=\"article:modified_time\" content=\"2025-10-26T17:36:04+00:00\" \/>\n<meta property=\"og:image\" content=\"https:\/\/cdn1.mediawpaccore.net\/wp-content\/uploads\/2025\/10\/17091635\/image-77-1024x560.png\" \/>\n\t<meta property=\"og:image:width\" content=\"1024\" \/>\n\t<meta property=\"og:image:height\" content=\"560\" \/>\n\t<meta property=\"og:image:type\" content=\"image\/png\" \/>\n<meta name=\"author\" content=\"Roberto A.\" \/>\n<meta name=\"twitter:card\" content=\"summary_large_image\" \/>\n<meta name=\"twitter:creator\" content=\"@cuballama\" \/>\n<meta name=\"twitter:site\" content=\"@cuballama\" \/>\n<meta name=\"twitter:label1\" content=\"Escrito por\" \/>\n\t<meta name=\"twitter:data1\" content=\"Roberto A.\" \/>\n\t<meta name=\"twitter:label2\" content=\"Tiempo de lectura\" \/>\n\t<meta name=\"twitter:data2\" content=\"6 minutos\" \/>\n<script type=\"application\/ld+json\" class=\"yoast-schema-graph\">{\"@context\":\"https:\\\/\\\/schema.org\",\"@graph\":[{\"@type\":\"Article\",\"@id\":\"https:\\\/\\\/www.cuballama.com\\\/noticias\\\/activistas-cubanos-arremeten-contra-la-oposicion-de-la-oposicion-valientes-y-expertos-que-viven-en-facebook\\\/#article\",\"isPartOf\":{\"@id\":\"https:\\\/\\\/www.cuballama.com\\\/noticias\\\/activistas-cubanos-arremeten-contra-la-oposicion-de-la-oposicion-valientes-y-expertos-que-viven-en-facebook\\\/\"},\"author\":{\"name\":\"Roberto A.\",\"@id\":\"https:\\\/\\\/www.cuballama.com\\\/noticias\\\/#\\\/schema\\\/person\\\/a58502ed4146c8e9f83872e897c76cd2\"},\"headline\":\"Activistas cubanos arremeten contra la oposici\u00f3n de la oposici\u00f3n; \u00abvalientes y expertos\u00bb que viven en Facebook\",\"datePublished\":\"2025-10-26T17:36:01+00:00\",\"dateModified\":\"2025-10-26T17:36:04+00:00\",\"mainEntityOfPage\":{\"@id\":\"https:\\\/\\\/www.cuballama.com\\\/noticias\\\/activistas-cubanos-arremeten-contra-la-oposicion-de-la-oposicion-valientes-y-expertos-que-viven-en-facebook\\\/\"},\"wordCount\":1220,\"commentCount\":0,\"publisher\":{\"@id\":\"https:\\\/\\\/www.cuballama.com\\\/noticias\\\/#organization\"},\"image\":{\"@id\":\"https:\\\/\\\/www.cuballama.com\\\/noticias\\\/activistas-cubanos-arremeten-contra-la-oposicion-de-la-oposicion-valientes-y-expertos-que-viven-en-facebook\\\/#primaryimage\"},\"thumbnailUrl\":\"https:\\\/\\\/cdn1.mediawpaccore.net\\\/wp-content\\\/uploads\\\/2025\\\/10\\\/17091635\\\/image-77.png\",\"keywords\":[\"activismo cubano\",\"Colette R. Marcano\",\"derechos humanos\",\"divisi\u00f3n opositora\",\"Exilio Cubano\",\"Fernando Almeyda\",\"Jos\u00e9 Daniel Ferrer\",\"Luis Robles\",\"Manipulaci\u00f3n\",\"oposici\u00f3n\",\"Prisoners Defenders\",\"redes Sociales\"],\"articleSection\":[\"Noticias\",\"Noticias de Cuba\"],\"inLanguage\":\"es\",\"potentialAction\":[{\"@type\":\"CommentAction\",\"name\":\"Comment\",\"target\":[\"https:\\\/\\\/www.cuballama.com\\\/noticias\\\/activistas-cubanos-arremeten-contra-la-oposicion-de-la-oposicion-valientes-y-expertos-que-viven-en-facebook\\\/#respond\"]}]},{\"@type\":\"WebPage\",\"@id\":\"https:\\\/\\\/www.cuballama.com\\\/noticias\\\/activistas-cubanos-arremeten-contra-la-oposicion-de-la-oposicion-valientes-y-expertos-que-viven-en-facebook\\\/\",\"url\":\"https:\\\/\\\/www.cuballama.com\\\/noticias\\\/activistas-cubanos-arremeten-contra-la-oposicion-de-la-oposicion-valientes-y-expertos-que-viven-en-facebook\\\/\",\"name\":\"Activistas cubanos arremeten contra la oposici\u00f3n de la oposici\u00f3n; \\\"valientes y expertos\\\" que viven en Facebook - Cuballama Noticias\",\"isPartOf\":{\"@id\":\"https:\\\/\\\/www.cuballama.com\\\/noticias\\\/#website\"},\"primaryImageOfPage\":{\"@id\":\"https:\\\/\\\/www.cuballama.com\\\/noticias\\\/activistas-cubanos-arremeten-contra-la-oposicion-de-la-oposicion-valientes-y-expertos-que-viven-en-facebook\\\/#primaryimage\"},\"image\":{\"@id\":\"https:\\\/\\\/www.cuballama.com\\\/noticias\\\/activistas-cubanos-arremeten-contra-la-oposicion-de-la-oposicion-valientes-y-expertos-que-viven-en-facebook\\\/#primaryimage\"},\"thumbnailUrl\":\"https:\\\/\\\/cdn1.mediawpaccore.net\\\/wp-content\\\/uploads\\\/2025\\\/10\\\/17091635\\\/image-77.png\",\"datePublished\":\"2025-10-26T17:36:01+00:00\",\"dateModified\":\"2025-10-26T17:36:04+00:00\",\"description\":\"Los activistas cubanos Colette R. Marcano y Fernando Almeyda, lanzan una advertencia com\u00fan: si el debate opositor se convierte en un campo de insultos, el r\u00e9gimen no necesitar\u00e1 infiltrar nada.\",\"breadcrumb\":{\"@id\":\"https:\\\/\\\/www.cuballama.com\\\/noticias\\\/activistas-cubanos-arremeten-contra-la-oposicion-de-la-oposicion-valientes-y-expertos-que-viven-en-facebook\\\/#breadcrumb\"},\"inLanguage\":\"es\",\"potentialAction\":[{\"@type\":\"ReadAction\",\"target\":[\"https:\\\/\\\/www.cuballama.com\\\/noticias\\\/activistas-cubanos-arremeten-contra-la-oposicion-de-la-oposicion-valientes-y-expertos-que-viven-en-facebook\\\/\"]}]},{\"@type\":\"ImageObject\",\"inLanguage\":\"es\",\"@id\":\"https:\\\/\\\/www.cuballama.com\\\/noticias\\\/activistas-cubanos-arremeten-contra-la-oposicion-de-la-oposicion-valientes-y-expertos-que-viven-en-facebook\\\/#primaryimage\",\"url\":\"https:\\\/\\\/cdn1.mediawpaccore.net\\\/wp-content\\\/uploads\\\/2025\\\/10\\\/17091635\\\/image-77.png\",\"contentUrl\":\"https:\\\/\\\/cdn1.mediawpaccore.net\\\/wp-content\\\/uploads\\\/2025\\\/10\\\/17091635\\\/image-77.png\",\"width\":2434,\"height\":1330,\"caption\":\"Jos\u00e9 Daniel Ferrer ha sido objeto de cr\u00edticas, burlas y memes, desde el propio exilio, por gente que en su vida, ha tenido su valor ni ha hecho nada por la causa de Cuba, a no ser gritar desde las redes sociales. Dos activistas cubanos salen \\\"en su defensa\\\", y en la de Luis Robles tambi\u00e9n, que ha sido criticado tras su llegada a Espa\u00f1a por \\\"andar\\\" con quienes lo sacaron de Cuba.\"},{\"@type\":\"BreadcrumbList\",\"@id\":\"https:\\\/\\\/www.cuballama.com\\\/noticias\\\/activistas-cubanos-arremeten-contra-la-oposicion-de-la-oposicion-valientes-y-expertos-que-viven-en-facebook\\\/#breadcrumb\",\"itemListElement\":[{\"@type\":\"ListItem\",\"position\":1,\"name\":\"Home\",\"item\":\"https:\\\/\\\/www.cuballama.com\\\/noticias\\\/\"},{\"@type\":\"ListItem\",\"position\":2,\"name\":\"Activistas cubanos arremeten contra la oposici\u00f3n de la oposici\u00f3n; \u00abvalientes y expertos\u00bb que viven en Facebook\"}]},{\"@type\":\"WebSite\",\"@id\":\"https:\\\/\\\/www.cuballama.com\\\/noticias\\\/#website\",\"url\":\"https:\\\/\\\/www.cuballama.com\\\/noticias\\\/\",\"name\":\"Cuballama Noticias\",\"description\":\"Medio digital sobre Cuba y el mundo\",\"publisher\":{\"@id\":\"https:\\\/\\\/www.cuballama.com\\\/noticias\\\/#organization\"},\"potentialAction\":[{\"@type\":\"SearchAction\",\"target\":{\"@type\":\"EntryPoint\",\"urlTemplate\":\"https:\\\/\\\/www.cuballama.com\\\/noticias\\\/?s={search_term_string}\"},\"query-input\":{\"@type\":\"PropertyValueSpecification\",\"valueRequired\":true,\"valueName\":\"search_term_string\"}}],\"inLanguage\":\"es\"},{\"@type\":\"Organization\",\"@id\":\"https:\\\/\\\/www.cuballama.com\\\/noticias\\\/#organization\",\"name\":\"Cuballama\",\"url\":\"https:\\\/\\\/www.cuballama.com\\\/noticias\\\/\",\"logo\":{\"@type\":\"ImageObject\",\"inLanguage\":\"es\",\"@id\":\"https:\\\/\\\/www.cuballama.com\\\/noticias\\\/#\\\/schema\\\/logo\\\/image\\\/\",\"url\":\"https:\\\/\\\/cdn1.mediawpaccore.net\\\/wp-content\\\/uploads\\\/2021\\\/12\\\/28171206\\\/cbll-logo-color-sm.png\",\"contentUrl\":\"https:\\\/\\\/cdn1.mediawpaccore.net\\\/wp-content\\\/uploads\\\/2021\\\/12\\\/28171206\\\/cbll-logo-color-sm.png\",\"width\":600,\"height\":133,\"caption\":\"Cuballama\"},\"image\":{\"@id\":\"https:\\\/\\\/www.cuballama.com\\\/noticias\\\/#\\\/schema\\\/logo\\\/image\\\/\"},\"sameAs\":[\"https:\\\/\\\/www.facebook.com\\\/CubaLlama\",\"https:\\\/\\\/x.com\\\/cuballama\",\"https:\\\/\\\/www.instagram.com\\\/stories\\\/cuballama_oficial\\\/\",\"https:\\\/\\\/www.youtube.com\\\/channel\\\/UCKkFE-d_axENGZcrc4as0IA\"]},{\"@type\":\"Person\",\"@id\":\"https:\\\/\\\/www.cuballama.com\\\/noticias\\\/#\\\/schema\\\/person\\\/a58502ed4146c8e9f83872e897c76cd2\",\"name\":\"Roberto A.\",\"description\":\"Roberto A. Periodista por decisi\u00f3n propia. Interesado en cualquier tema que me apasione y cada vez m\u00e1s comprometido con la verdad y la objetividad period\u00edstica. Graduado en La Habana hace ya muchos a\u00f1os, luego de una accidentada y polvorienta b\u00fasqueda de informaci\u00f3n sobre un tema in\u00e9dito. La Tesis, por cierto, desapareci\u00f3 de la biblioteca y no se conservan copias de la misma.\",\"url\":\"https:\\\/\\\/www.cuballama.com\\\/noticias\\\/author\\\/roberto\\\/\"}]}<\/script>\n<!-- \/ Yoast SEO plugin. -->","yoast_head_json":{"title":"Activistas cubanos arremeten contra la oposici\u00f3n de la oposici\u00f3n; \"valientes y expertos\" que viven en Facebook - Cuballama Noticias","description":"Los activistas cubanos Colette R. Marcano y Fernando Almeyda, lanzan una advertencia com\u00fan: si el debate opositor se convierte en un campo de insultos, el r\u00e9gimen no necesitar\u00e1 infiltrar nada.","robots":{"index":"index","follow":"follow","max-snippet":"max-snippet:-1","max-image-preview":"max-image-preview:large","max-video-preview":"max-video-preview:-1"},"canonical":"https:\/\/www.cuballama.com\/noticias\/activistas-cubanos-arremeten-contra-la-oposicion-de-la-oposicion-valientes-y-expertos-que-viven-en-facebook\/","og_locale":"es_ES","og_type":"article","og_title":"Activistas cubanos arremeten contra la oposici\u00f3n de la oposici\u00f3n; \"valientes y expertos\" que viven en Facebook - Cuballama Noticias","og_description":"Los activistas cubanos Colette R. Marcano y Fernando Almeyda, lanzan una advertencia com\u00fan: si el debate opositor se convierte en un campo de insultos, el r\u00e9gimen no necesitar\u00e1 infiltrar nada.","og_url":"https:\/\/www.cuballama.com\/noticias\/activistas-cubanos-arremeten-contra-la-oposicion-de-la-oposicion-valientes-y-expertos-que-viven-en-facebook\/","og_site_name":"Cuballama Noticias","article_publisher":"https:\/\/www.facebook.com\/CubaLlama","article_published_time":"2025-10-26T17:36:01+00:00","article_modified_time":"2025-10-26T17:36:04+00:00","og_image":[{"width":1024,"height":560,"url":"https:\/\/cdn1.mediawpaccore.net\/wp-content\/uploads\/2025\/10\/17091635\/image-77-1024x560.png","type":"image\/png"}],"author":"Roberto A.","twitter_card":"summary_large_image","twitter_creator":"@cuballama","twitter_site":"@cuballama","twitter_misc":{"Escrito por":"Roberto A.","Tiempo de lectura":"6 minutos"},"schema":{"@context":"https:\/\/schema.org","@graph":[{"@type":"Article","@id":"https:\/\/www.cuballama.com\/noticias\/activistas-cubanos-arremeten-contra-la-oposicion-de-la-oposicion-valientes-y-expertos-que-viven-en-facebook\/#article","isPartOf":{"@id":"https:\/\/www.cuballama.com\/noticias\/activistas-cubanos-arremeten-contra-la-oposicion-de-la-oposicion-valientes-y-expertos-que-viven-en-facebook\/"},"author":{"name":"Roberto A.","@id":"https:\/\/www.cuballama.com\/noticias\/#\/schema\/person\/a58502ed4146c8e9f83872e897c76cd2"},"headline":"Activistas cubanos arremeten contra la oposici\u00f3n de la oposici\u00f3n; \u00abvalientes y expertos\u00bb que viven en Facebook","datePublished":"2025-10-26T17:36:01+00:00","dateModified":"2025-10-26T17:36:04+00:00","mainEntityOfPage":{"@id":"https:\/\/www.cuballama.com\/noticias\/activistas-cubanos-arremeten-contra-la-oposicion-de-la-oposicion-valientes-y-expertos-que-viven-en-facebook\/"},"wordCount":1220,"commentCount":0,"publisher":{"@id":"https:\/\/www.cuballama.com\/noticias\/#organization"},"image":{"@id":"https:\/\/www.cuballama.com\/noticias\/activistas-cubanos-arremeten-contra-la-oposicion-de-la-oposicion-valientes-y-expertos-que-viven-en-facebook\/#primaryimage"},"thumbnailUrl":"https:\/\/cdn1.mediawpaccore.net\/wp-content\/uploads\/2025\/10\/17091635\/image-77.png","keywords":["activismo cubano","Colette R. Marcano","derechos humanos","divisi\u00f3n opositora","Exilio Cubano","Fernando Almeyda","Jos\u00e9 Daniel Ferrer","Luis Robles","Manipulaci\u00f3n","oposici\u00f3n","Prisoners Defenders","redes Sociales"],"articleSection":["Noticias","Noticias de Cuba"],"inLanguage":"es","potentialAction":[{"@type":"CommentAction","name":"Comment","target":["https:\/\/www.cuballama.com\/noticias\/activistas-cubanos-arremeten-contra-la-oposicion-de-la-oposicion-valientes-y-expertos-que-viven-en-facebook\/#respond"]}]},{"@type":"WebPage","@id":"https:\/\/www.cuballama.com\/noticias\/activistas-cubanos-arremeten-contra-la-oposicion-de-la-oposicion-valientes-y-expertos-que-viven-en-facebook\/","url":"https:\/\/www.cuballama.com\/noticias\/activistas-cubanos-arremeten-contra-la-oposicion-de-la-oposicion-valientes-y-expertos-que-viven-en-facebook\/","name":"Activistas cubanos arremeten contra la oposici\u00f3n de la oposici\u00f3n; \"valientes y expertos\" que viven en Facebook - Cuballama Noticias","isPartOf":{"@id":"https:\/\/www.cuballama.com\/noticias\/#website"},"primaryImageOfPage":{"@id":"https:\/\/www.cuballama.com\/noticias\/activistas-cubanos-arremeten-contra-la-oposicion-de-la-oposicion-valientes-y-expertos-que-viven-en-facebook\/#primaryimage"},"image":{"@id":"https:\/\/www.cuballama.com\/noticias\/activistas-cubanos-arremeten-contra-la-oposicion-de-la-oposicion-valientes-y-expertos-que-viven-en-facebook\/#primaryimage"},"thumbnailUrl":"https:\/\/cdn1.mediawpaccore.net\/wp-content\/uploads\/2025\/10\/17091635\/image-77.png","datePublished":"2025-10-26T17:36:01+00:00","dateModified":"2025-10-26T17:36:04+00:00","description":"Los activistas cubanos Colette R. Marcano y Fernando Almeyda, lanzan una advertencia com\u00fan: si el debate opositor se convierte en un campo de insultos, el r\u00e9gimen no necesitar\u00e1 infiltrar nada.","breadcrumb":{"@id":"https:\/\/www.cuballama.com\/noticias\/activistas-cubanos-arremeten-contra-la-oposicion-de-la-oposicion-valientes-y-expertos-que-viven-en-facebook\/#breadcrumb"},"inLanguage":"es","potentialAction":[{"@type":"ReadAction","target":["https:\/\/www.cuballama.com\/noticias\/activistas-cubanos-arremeten-contra-la-oposicion-de-la-oposicion-valientes-y-expertos-que-viven-en-facebook\/"]}]},{"@type":"ImageObject","inLanguage":"es","@id":"https:\/\/www.cuballama.com\/noticias\/activistas-cubanos-arremeten-contra-la-oposicion-de-la-oposicion-valientes-y-expertos-que-viven-en-facebook\/#primaryimage","url":"https:\/\/cdn1.mediawpaccore.net\/wp-content\/uploads\/2025\/10\/17091635\/image-77.png","contentUrl":"https:\/\/cdn1.mediawpaccore.net\/wp-content\/uploads\/2025\/10\/17091635\/image-77.png","width":2434,"height":1330,"caption":"Jos\u00e9 Daniel Ferrer ha sido objeto de cr\u00edticas, burlas y memes, desde el propio exilio, por gente que en su vida, ha tenido su valor ni ha hecho nada por la causa de Cuba, a no ser gritar desde las redes sociales. Dos activistas cubanos salen \"en su defensa\", y en la de Luis Robles tambi\u00e9n, que ha sido criticado tras su llegada a Espa\u00f1a por \"andar\" con quienes lo sacaron de Cuba."},{"@type":"BreadcrumbList","@id":"https:\/\/www.cuballama.com\/noticias\/activistas-cubanos-arremeten-contra-la-oposicion-de-la-oposicion-valientes-y-expertos-que-viven-en-facebook\/#breadcrumb","itemListElement":[{"@type":"ListItem","position":1,"name":"Home","item":"https:\/\/www.cuballama.com\/noticias\/"},{"@type":"ListItem","position":2,"name":"Activistas cubanos arremeten contra la oposici\u00f3n de la oposici\u00f3n; \u00abvalientes y expertos\u00bb que viven en Facebook"}]},{"@type":"WebSite","@id":"https:\/\/www.cuballama.com\/noticias\/#website","url":"https:\/\/www.cuballama.com\/noticias\/","name":"Cuballama Noticias","description":"Medio digital sobre Cuba y el mundo","publisher":{"@id":"https:\/\/www.cuballama.com\/noticias\/#organization"},"potentialAction":[{"@type":"SearchAction","target":{"@type":"EntryPoint","urlTemplate":"https:\/\/www.cuballama.com\/noticias\/?s={search_term_string}"},"query-input":{"@type":"PropertyValueSpecification","valueRequired":true,"valueName":"search_term_string"}}],"inLanguage":"es"},{"@type":"Organization","@id":"https:\/\/www.cuballama.com\/noticias\/#organization","name":"Cuballama","url":"https:\/\/www.cuballama.com\/noticias\/","logo":{"@type":"ImageObject","inLanguage":"es","@id":"https:\/\/www.cuballama.com\/noticias\/#\/schema\/logo\/image\/","url":"https:\/\/cdn1.mediawpaccore.net\/wp-content\/uploads\/2021\/12\/28171206\/cbll-logo-color-sm.png","contentUrl":"https:\/\/cdn1.mediawpaccore.net\/wp-content\/uploads\/2021\/12\/28171206\/cbll-logo-color-sm.png","width":600,"height":133,"caption":"Cuballama"},"image":{"@id":"https:\/\/www.cuballama.com\/noticias\/#\/schema\/logo\/image\/"},"sameAs":["https:\/\/www.facebook.com\/CubaLlama","https:\/\/x.com\/cuballama","https:\/\/www.instagram.com\/stories\/cuballama_oficial\/","https:\/\/www.youtube.com\/channel\/UCKkFE-d_axENGZcrc4as0IA"]},{"@type":"Person","@id":"https:\/\/www.cuballama.com\/noticias\/#\/schema\/person\/a58502ed4146c8e9f83872e897c76cd2","name":"Roberto A.","description":"Roberto A. Periodista por decisi\u00f3n propia. Interesado en cualquier tema que me apasione y cada vez m\u00e1s comprometido con la verdad y la objetividad period\u00edstica. Graduado en La Habana hace ya muchos a\u00f1os, luego de una accidentada y polvorienta b\u00fasqueda de informaci\u00f3n sobre un tema in\u00e9dito. La Tesis, por cierto, desapareci\u00f3 de la biblioteca y no se conservan copias de la misma.","url":"https:\/\/www.cuballama.com\/noticias\/author\/roberto\/"}]}},"_links":{"self":[{"href":"https:\/\/www.cuballama.com\/noticias\/wp-json\/wp\/v2\/posts\/223060","targetHints":{"allow":["GET"]}}],"collection":[{"href":"https:\/\/www.cuballama.com\/noticias\/wp-json\/wp\/v2\/posts"}],"about":[{"href":"https:\/\/www.cuballama.com\/noticias\/wp-json\/wp\/v2\/types\/post"}],"author":[{"embeddable":true,"href":"https:\/\/www.cuballama.com\/noticias\/wp-json\/wp\/v2\/users\/13"}],"replies":[{"embeddable":true,"href":"https:\/\/www.cuballama.com\/noticias\/wp-json\/wp\/v2\/comments?post=223060"}],"version-history":[{"count":6,"href":"https:\/\/www.cuballama.com\/noticias\/wp-json\/wp\/v2\/posts\/223060\/revisions"}],"predecessor-version":[{"id":223085,"href":"https:\/\/www.cuballama.com\/noticias\/wp-json\/wp\/v2\/posts\/223060\/revisions\/223085"}],"wp:featuredmedia":[{"embeddable":true,"href":"https:\/\/www.cuballama.com\/noticias\/wp-json\/wp\/v2\/media\/223083"}],"wp:attachment":[{"href":"https:\/\/www.cuballama.com\/noticias\/wp-json\/wp\/v2\/media?parent=223060"}],"wp:term":[{"taxonomy":"category","embeddable":true,"href":"https:\/\/www.cuballama.com\/noticias\/wp-json\/wp\/v2\/categories?post=223060"},{"taxonomy":"post_tag","embeddable":true,"href":"https:\/\/www.cuballama.com\/noticias\/wp-json\/wp\/v2\/tags?post=223060"}],"curies":[{"name":"wp","href":"https:\/\/api.w.org\/{rel}","templated":true}]}}