{"id":223048,"date":"2025-10-17T10:37:43","date_gmt":"2025-10-17T14:37:43","guid":{"rendered":"https:\/\/www.cuballama.com\/noticias\/?p=223048"},"modified":"2025-10-17T10:37:46","modified_gmt":"2025-10-17T14:37:46","slug":"animalista-cubana-es-agredida-fisicamente-por-sujeto-que-acosa-diariamente-a-sus-gatos-con-sus-perros","status":"publish","type":"post","link":"https:\/\/www.cuballama.com\/noticias\/animalista-cubana-es-agredida-fisicamente-por-sujeto-que-acosa-diariamente-a-sus-gatos-con-sus-perros\/","title":{"rendered":"Animalista cubana es agredida f\u00edsicamente por sujeto que acosa diariamente a sus gatos, con sus perros"},"content":{"rendered":"\n<p>La denuncia corri\u00f3 ayer, 16 de octubre de 2025, de muro en muro: la protectora de animales Vero Mart\u00ednez asegur\u00f3 haber sido agredida f\u00edsicamente por un vecino en Lawton, La Habana, despu\u00e9s de intentar impedir que este incitara a sus perros contra una colonia de gatos que ella y otra activista alimentan. <\/p>\n\n\n\n<p><a href=\"https:\/\/www.facebook.com\/lara.crofs\/posts\/pfbid02o4ARAtEP9ZLpwQeRkkM8ofj2aJmvwqRbahc6dW38BJz5HmrCN2MoeqLEsQVceGQYl\" target=\"_blank\" rel=\"noreferrer noopener nofollow\">El relato fue compartido en la cuenta de Facebook de Lara Crofs<\/a>, donde se describen escenas de hostigamiento previo a los felinos comunitarios y, finalmente, el golpe en el rostro, el tel\u00e9fono arrojado al piso y el empuj\u00f3n que, seg\u00fan la publicaci\u00f3n, recibi\u00f3 Mart\u00ednez cuando decidi\u00f3 grabar al presunto agresor. <\/p>\n\n\n\n<p>En ese mismo post se afirma que ya existe, relacionada con este caso, una denuncia policial por lesiones y otra ante el Ministerio de la Agricultura, autoridad encargada del bienestar animal en Cuba.<\/p>\n\n\n\n<iframe loading=\"lazy\" src=\"https:\/\/www.facebook.com\/plugins\/post.php?href=https%3A%2F%2Fwww.facebook.com%2Flara.crofs%2Fposts%2Fpfbid0j2Zhh52pUabyQdwJUarsbgZuGZeqCd8dposMAYeafgcbiAw9crshc5qu2BcqYQRel&#038;show_text=true&#038;width=500\" width=\"500\" height=\"640\" style=\"border:none;overflow:hidden\" scrolling=\"no\" frameborder=\"0\" allowfullscreen=\"true\" allow=\"autoplay; clipboard-write; encrypted-media; picture-in-picture; web-share\"><\/iframe>\n\n\n\n<p>La reacci\u00f3n fue inmediata. Entre mensajes de indignaci\u00f3n y llamados a compartir el caso, decenas de usuarios \u2013incluida la propia Mart\u00ednez\u2013 subrayaron la vulnerabilidad de quienes sostienen colonias felinas con recursos propios y el desgaste de lidiar a diario con el desprecio hacia los animales. <\/p>\n\n\n\n<p>En paralelo, otro perfil, el de<a href=\"https:\/\/www.facebook.com\/100010517707532\/posts\/2661056784254886\/?rdid=24agQciaTG86k2fY#\" target=\"_blank\" rel=\"noreferrer noopener\"> Jos\u00e9 Luis Tan Estrada<\/a>, divulg\u00f3 nombre y se\u00f1as del presunto agresor y asegur\u00f3 que el hombre restringi\u00f3 su cuenta de Facebook tras hacerse viral el hecho. En los comentarios se corrigi\u00f3 adem\u00e1s un dato geogr\u00e1fico: Lawton pertenece al municipio 10 de Octubre, no al Cerro. Circularon capturas, mensajes privados y la promesa de \u201chacerlo visible\u201d para que, esta vez, el caso no se diluya.<\/p>\n\n\n\n<p>En este post, entre los comentarios, un internauta public\u00f3 el video de la agresi\u00f3n. <\/p>\n\n\n\n<iframe loading=\"lazy\" src=\"https:\/\/www.facebook.com\/plugins\/post.php?href=https%3A%2F%2Fwww.facebook.com%2Fjseluis.tanestrada%2Fposts%2Fpfbid02xL2JvFwXD1ew2RygLJPL7hHBtsaytw6YCXudF166fjm5f616xhHpVMb6WjoHXdyal&#038;show_text=true&#038;width=500\" width=\"500\" height=\"492\" style=\"border:none;overflow:hidden\" scrolling=\"no\" frameborder=\"0\" allowfullscreen=\"true\" allow=\"autoplay; clipboard-write; encrypted-media; picture-in-picture; web-share\"><\/iframe>\n\n\n\n<p>M\u00e1s all\u00e1 del ruido de las redes, el n\u00facleo del episodio es doble: la agresi\u00f3n a una mujer y la presunta crueldad contra animales. Cuba cuenta con una norma de bienestar animal y v\u00edas administrativas para sancionar, pero activistas y comentaristas insisten en que la respuesta deber\u00eda estar tipificada en el C\u00f3digo Penal, como ocurre en otros pa\u00edses, para evitar la impunidad. El video breve que se comparte como \u201cprueba\u201d \u2013seg\u00fan las publicaciones citadas\u2013 existe y es parte del expediente social del caso; su evaluaci\u00f3n, sin embargo, corresponde a las autoridades.<\/p>\n\n\n\n<p>Este medio no ha podido verificar de manera independiente la versi\u00f3n completa de los hechos ni obtener la respuesta del se\u00f1alado. <\/p>\n\n\n\n<p>Como en todo proceso que mezcla violencia de g\u00e9nero, maltrato animal y exposici\u00f3n masiva, la prudencia es clave: escuchar a todas las partes, preservar la integridad de v\u00edctimas y testigos, y exigir a la polic\u00eda y al MINAGRI que act\u00faen con celeridad. <\/p>\n\n\n\n<p>Si se confirma, el episodio ser\u00eda un espejo triste de la p\u00e9rdida de respeto hacia los animales y hacia quienes los protegen. La fuerza jam\u00e1s puede ser coartada para humillar a otro ser vivo.<\/p>\n\n\n\n<p><\/p>\n","protected":false},"excerpt":{"rendered":"<p>Si se confirma, el episodio ser\u00eda un espejo triste de la p\u00e9rdida de respeto hacia los animales y hacia quienes los protegen.  <\/p>\n","protected":false},"author":13,"featured_media":223071,"comment_status":"open","ping_status":"closed","sticky":false,"template":"","format":"standard","meta":{"_acf_changed":false,"footnotes":""},"categories":[18,955],"tags":[6497,690,16405,5812,11,2958,164,6712,5507,11284,729],"class_list":{"0":"post-223048","1":"post","2":"type-post","3":"status-publish","4":"format-standard","5":"has-post-thumbnail","7":"category-noticias","8":"category-noticias-de-cuba","9":"tag-10-de-octubre","10":"tag-activismo","11":"tag-agresion","12":"tag-bienestar-animal","13":"tag-cuba","14":"tag-denuncia","15":"tag-la-habana","16":"tag-lawton","17":"tag-maltrato-animal","18":"tag-policia-2","19":"tag-redes-sociales"},"acf":[],"yoast_head":"<!-- This site is optimized with the Yoast SEO plugin v27.5 - https:\/\/yoast.com\/product\/yoast-seo-wordpress\/ -->\n<title>Animalista cubana es agredida f\u00edsicamente por sujeto que acosa diariamente a sus gatos, con sus perros - Cuballama Noticias<\/title>\n<meta name=\"description\" content=\"Vero Mart\u00ednez, una animalista cubana, fue agredida por un vecino, al intentar impedir que este incitara a sus perros contra sus gatos.\" \/>\n<meta name=\"robots\" content=\"index, follow, max-snippet:-1, max-image-preview:large, max-video-preview:-1\" \/>\n<link rel=\"canonical\" href=\"https:\/\/www.cuballama.com\/noticias\/animalista-cubana-es-agredida-fisicamente-por-sujeto-que-acosa-diariamente-a-sus-gatos-con-sus-perros\/\" \/>\n<meta property=\"og:locale\" content=\"es_ES\" \/>\n<meta property=\"og:type\" content=\"article\" \/>\n<meta property=\"og:title\" content=\"Animalista cubana es agredida f\u00edsicamente por sujeto que acosa diariamente a sus gatos, con sus perros - Cuballama Noticias\" \/>\n<meta property=\"og:description\" content=\"Vero Mart\u00ednez, una animalista cubana, fue agredida por un vecino, al intentar impedir que este incitara a sus perros contra sus gatos.\" \/>\n<meta property=\"og:url\" content=\"https:\/\/www.cuballama.com\/noticias\/animalista-cubana-es-agredida-fisicamente-por-sujeto-que-acosa-diariamente-a-sus-gatos-con-sus-perros\/\" \/>\n<meta property=\"og:site_name\" content=\"Cuballama Noticias\" \/>\n<meta property=\"article:publisher\" content=\"https:\/\/www.facebook.com\/CubaLlama\" \/>\n<meta property=\"article:published_time\" content=\"2025-10-17T14:37:43+00:00\" \/>\n<meta property=\"article:modified_time\" content=\"2025-10-17T14:37:46+00:00\" \/>\n<meta property=\"og:image\" content=\"https:\/\/cdn1.mediawpaccore.net\/wp-content\/uploads\/2025\/10\/17084004\/image-75.png\" \/>\n\t<meta property=\"og:image:width\" content=\"1970\" \/>\n\t<meta property=\"og:image:height\" content=\"1038\" \/>\n\t<meta property=\"og:image:type\" content=\"image\/png\" \/>\n<meta name=\"author\" content=\"Roberto A.\" \/>\n<meta name=\"twitter:card\" content=\"summary_large_image\" \/>\n<meta name=\"twitter:creator\" content=\"@cuballama\" \/>\n<meta name=\"twitter:site\" content=\"@cuballama\" \/>\n<meta name=\"twitter:label1\" content=\"Escrito por\" \/>\n\t<meta name=\"twitter:data1\" content=\"Roberto A.\" \/>\n\t<meta name=\"twitter:label2\" content=\"Tiempo de lectura\" \/>\n\t<meta name=\"twitter:data2\" content=\"3 minutos\" \/>\n<script type=\"application\/ld+json\" class=\"yoast-schema-graph\">{\"@context\":\"https:\\\/\\\/schema.org\",\"@graph\":[{\"@type\":\"Article\",\"@id\":\"https:\\\/\\\/www.cuballama.com\\\/noticias\\\/animalista-cubana-es-agredida-fisicamente-por-sujeto-que-acosa-diariamente-a-sus-gatos-con-sus-perros\\\/#article\",\"isPartOf\":{\"@id\":\"https:\\\/\\\/www.cuballama.com\\\/noticias\\\/animalista-cubana-es-agredida-fisicamente-por-sujeto-que-acosa-diariamente-a-sus-gatos-con-sus-perros\\\/\"},\"author\":{\"name\":\"Roberto A.\",\"@id\":\"https:\\\/\\\/www.cuballama.com\\\/noticias\\\/#\\\/schema\\\/person\\\/a58502ed4146c8e9f83872e897c76cd2\"},\"headline\":\"Animalista cubana es agredida f\u00edsicamente por sujeto que acosa diariamente a sus gatos, con sus perros\",\"datePublished\":\"2025-10-17T14:37:43+00:00\",\"dateModified\":\"2025-10-17T14:37:46+00:00\",\"mainEntityOfPage\":{\"@id\":\"https:\\\/\\\/www.cuballama.com\\\/noticias\\\/animalista-cubana-es-agredida-fisicamente-por-sujeto-que-acosa-diariamente-a-sus-gatos-con-sus-perros\\\/\"},\"wordCount\":500,\"commentCount\":0,\"publisher\":{\"@id\":\"https:\\\/\\\/www.cuballama.com\\\/noticias\\\/#organization\"},\"image\":{\"@id\":\"https:\\\/\\\/www.cuballama.com\\\/noticias\\\/animalista-cubana-es-agredida-fisicamente-por-sujeto-que-acosa-diariamente-a-sus-gatos-con-sus-perros\\\/#primaryimage\"},\"thumbnailUrl\":\"https:\\\/\\\/cdn1.mediawpaccore.net\\\/wp-content\\\/uploads\\\/2025\\\/10\\\/17084004\\\/image-75.png\",\"keywords\":[\"10 de octubre\",\"Activismo\",\"Agresi\u00f3n\",\"bienestar animal\",\"Cuba\",\"denuncia\",\"La Habana\",\"Lawton\",\"Maltrato Animal\",\"polic\u00eda\",\"redes Sociales\"],\"articleSection\":[\"Noticias\",\"Noticias de Cuba\"],\"inLanguage\":\"es\",\"potentialAction\":[{\"@type\":\"CommentAction\",\"name\":\"Comment\",\"target\":[\"https:\\\/\\\/www.cuballama.com\\\/noticias\\\/animalista-cubana-es-agredida-fisicamente-por-sujeto-que-acosa-diariamente-a-sus-gatos-con-sus-perros\\\/#respond\"]}]},{\"@type\":\"WebPage\",\"@id\":\"https:\\\/\\\/www.cuballama.com\\\/noticias\\\/animalista-cubana-es-agredida-fisicamente-por-sujeto-que-acosa-diariamente-a-sus-gatos-con-sus-perros\\\/\",\"url\":\"https:\\\/\\\/www.cuballama.com\\\/noticias\\\/animalista-cubana-es-agredida-fisicamente-por-sujeto-que-acosa-diariamente-a-sus-gatos-con-sus-perros\\\/\",\"name\":\"Animalista cubana es agredida f\u00edsicamente por sujeto que acosa diariamente a sus gatos, con sus perros - Cuballama Noticias\",\"isPartOf\":{\"@id\":\"https:\\\/\\\/www.cuballama.com\\\/noticias\\\/#website\"},\"primaryImageOfPage\":{\"@id\":\"https:\\\/\\\/www.cuballama.com\\\/noticias\\\/animalista-cubana-es-agredida-fisicamente-por-sujeto-que-acosa-diariamente-a-sus-gatos-con-sus-perros\\\/#primaryimage\"},\"image\":{\"@id\":\"https:\\\/\\\/www.cuballama.com\\\/noticias\\\/animalista-cubana-es-agredida-fisicamente-por-sujeto-que-acosa-diariamente-a-sus-gatos-con-sus-perros\\\/#primaryimage\"},\"thumbnailUrl\":\"https:\\\/\\\/cdn1.mediawpaccore.net\\\/wp-content\\\/uploads\\\/2025\\\/10\\\/17084004\\\/image-75.png\",\"datePublished\":\"2025-10-17T14:37:43+00:00\",\"dateModified\":\"2025-10-17T14:37:46+00:00\",\"description\":\"Vero Mart\u00ednez, una animalista cubana, fue agredida por un vecino, al intentar impedir que este incitara a sus perros contra sus gatos.\",\"breadcrumb\":{\"@id\":\"https:\\\/\\\/www.cuballama.com\\\/noticias\\\/animalista-cubana-es-agredida-fisicamente-por-sujeto-que-acosa-diariamente-a-sus-gatos-con-sus-perros\\\/#breadcrumb\"},\"inLanguage\":\"es\",\"potentialAction\":[{\"@type\":\"ReadAction\",\"target\":[\"https:\\\/\\\/www.cuballama.com\\\/noticias\\\/animalista-cubana-es-agredida-fisicamente-por-sujeto-que-acosa-diariamente-a-sus-gatos-con-sus-perros\\\/\"]}]},{\"@type\":\"ImageObject\",\"inLanguage\":\"es\",\"@id\":\"https:\\\/\\\/www.cuballama.com\\\/noticias\\\/animalista-cubana-es-agredida-fisicamente-por-sujeto-que-acosa-diariamente-a-sus-gatos-con-sus-perros\\\/#primaryimage\",\"url\":\"https:\\\/\\\/cdn1.mediawpaccore.net\\\/wp-content\\\/uploads\\\/2025\\\/10\\\/17084004\\\/image-75.png\",\"contentUrl\":\"https:\\\/\\\/cdn1.mediawpaccore.net\\\/wp-content\\\/uploads\\\/2025\\\/10\\\/17084004\\\/image-75.png\",\"width\":1970,\"height\":1038,\"caption\":\"Agresor a la izquierda, y agredida a la derecha. Foto: Collage v\u00eda Redes Sociales\"},{\"@type\":\"BreadcrumbList\",\"@id\":\"https:\\\/\\\/www.cuballama.com\\\/noticias\\\/animalista-cubana-es-agredida-fisicamente-por-sujeto-que-acosa-diariamente-a-sus-gatos-con-sus-perros\\\/#breadcrumb\",\"itemListElement\":[{\"@type\":\"ListItem\",\"position\":1,\"name\":\"Home\",\"item\":\"https:\\\/\\\/www.cuballama.com\\\/noticias\\\/\"},{\"@type\":\"ListItem\",\"position\":2,\"name\":\"Animalista cubana es agredida f\u00edsicamente por sujeto que acosa diariamente a sus gatos, con sus perros\"}]},{\"@type\":\"WebSite\",\"@id\":\"https:\\\/\\\/www.cuballama.com\\\/noticias\\\/#website\",\"url\":\"https:\\\/\\\/www.cuballama.com\\\/noticias\\\/\",\"name\":\"Cuballama Noticias\",\"description\":\"Medio digital sobre Cuba y el mundo\",\"publisher\":{\"@id\":\"https:\\\/\\\/www.cuballama.com\\\/noticias\\\/#organization\"},\"potentialAction\":[{\"@type\":\"SearchAction\",\"target\":{\"@type\":\"EntryPoint\",\"urlTemplate\":\"https:\\\/\\\/www.cuballama.com\\\/noticias\\\/?s={search_term_string}\"},\"query-input\":{\"@type\":\"PropertyValueSpecification\",\"valueRequired\":true,\"valueName\":\"search_term_string\"}}],\"inLanguage\":\"es\"},{\"@type\":\"Organization\",\"@id\":\"https:\\\/\\\/www.cuballama.com\\\/noticias\\\/#organization\",\"name\":\"Cuballama\",\"url\":\"https:\\\/\\\/www.cuballama.com\\\/noticias\\\/\",\"logo\":{\"@type\":\"ImageObject\",\"inLanguage\":\"es\",\"@id\":\"https:\\\/\\\/www.cuballama.com\\\/noticias\\\/#\\\/schema\\\/logo\\\/image\\\/\",\"url\":\"https:\\\/\\\/cdn1.mediawpaccore.net\\\/wp-content\\\/uploads\\\/2021\\\/12\\\/28171206\\\/cbll-logo-color-sm.png\",\"contentUrl\":\"https:\\\/\\\/cdn1.mediawpaccore.net\\\/wp-content\\\/uploads\\\/2021\\\/12\\\/28171206\\\/cbll-logo-color-sm.png\",\"width\":600,\"height\":133,\"caption\":\"Cuballama\"},\"image\":{\"@id\":\"https:\\\/\\\/www.cuballama.com\\\/noticias\\\/#\\\/schema\\\/logo\\\/image\\\/\"},\"sameAs\":[\"https:\\\/\\\/www.facebook.com\\\/CubaLlama\",\"https:\\\/\\\/x.com\\\/cuballama\",\"https:\\\/\\\/www.instagram.com\\\/stories\\\/cuballama_oficial\\\/\",\"https:\\\/\\\/www.youtube.com\\\/channel\\\/UCKkFE-d_axENGZcrc4as0IA\"]},{\"@type\":\"Person\",\"@id\":\"https:\\\/\\\/www.cuballama.com\\\/noticias\\\/#\\\/schema\\\/person\\\/a58502ed4146c8e9f83872e897c76cd2\",\"name\":\"Roberto A.\",\"description\":\"Roberto A. Periodista por decisi\u00f3n propia. Interesado en cualquier tema que me apasione y cada vez m\u00e1s comprometido con la verdad y la objetividad period\u00edstica. Graduado en La Habana hace ya muchos a\u00f1os, luego de una accidentada y polvorienta b\u00fasqueda de informaci\u00f3n sobre un tema in\u00e9dito. La Tesis, por cierto, desapareci\u00f3 de la biblioteca y no se conservan copias de la misma.\",\"url\":\"https:\\\/\\\/www.cuballama.com\\\/noticias\\\/author\\\/roberto\\\/\"}]}<\/script>\n<!-- \/ Yoast SEO plugin. -->","yoast_head_json":{"title":"Animalista cubana es agredida f\u00edsicamente por sujeto que acosa diariamente a sus gatos, con sus perros - Cuballama Noticias","description":"Vero Mart\u00ednez, una animalista cubana, fue agredida por un vecino, al intentar impedir que este incitara a sus perros contra sus gatos.","robots":{"index":"index","follow":"follow","max-snippet":"max-snippet:-1","max-image-preview":"max-image-preview:large","max-video-preview":"max-video-preview:-1"},"canonical":"https:\/\/www.cuballama.com\/noticias\/animalista-cubana-es-agredida-fisicamente-por-sujeto-que-acosa-diariamente-a-sus-gatos-con-sus-perros\/","og_locale":"es_ES","og_type":"article","og_title":"Animalista cubana es agredida f\u00edsicamente por sujeto que acosa diariamente a sus gatos, con sus perros - Cuballama Noticias","og_description":"Vero Mart\u00ednez, una animalista cubana, fue agredida por un vecino, al intentar impedir que este incitara a sus perros contra sus gatos.","og_url":"https:\/\/www.cuballama.com\/noticias\/animalista-cubana-es-agredida-fisicamente-por-sujeto-que-acosa-diariamente-a-sus-gatos-con-sus-perros\/","og_site_name":"Cuballama Noticias","article_publisher":"https:\/\/www.facebook.com\/CubaLlama","article_published_time":"2025-10-17T14:37:43+00:00","article_modified_time":"2025-10-17T14:37:46+00:00","og_image":[{"width":1970,"height":1038,"url":"https:\/\/cdn1.mediawpaccore.net\/wp-content\/uploads\/2025\/10\/17084004\/image-75.png","type":"image\/png"}],"author":"Roberto A.","twitter_card":"summary_large_image","twitter_creator":"@cuballama","twitter_site":"@cuballama","twitter_misc":{"Escrito por":"Roberto A.","Tiempo de lectura":"3 minutos"},"schema":{"@context":"https:\/\/schema.org","@graph":[{"@type":"Article","@id":"https:\/\/www.cuballama.com\/noticias\/animalista-cubana-es-agredida-fisicamente-por-sujeto-que-acosa-diariamente-a-sus-gatos-con-sus-perros\/#article","isPartOf":{"@id":"https:\/\/www.cuballama.com\/noticias\/animalista-cubana-es-agredida-fisicamente-por-sujeto-que-acosa-diariamente-a-sus-gatos-con-sus-perros\/"},"author":{"name":"Roberto A.","@id":"https:\/\/www.cuballama.com\/noticias\/#\/schema\/person\/a58502ed4146c8e9f83872e897c76cd2"},"headline":"Animalista cubana es agredida f\u00edsicamente por sujeto que acosa diariamente a sus gatos, con sus perros","datePublished":"2025-10-17T14:37:43+00:00","dateModified":"2025-10-17T14:37:46+00:00","mainEntityOfPage":{"@id":"https:\/\/www.cuballama.com\/noticias\/animalista-cubana-es-agredida-fisicamente-por-sujeto-que-acosa-diariamente-a-sus-gatos-con-sus-perros\/"},"wordCount":500,"commentCount":0,"publisher":{"@id":"https:\/\/www.cuballama.com\/noticias\/#organization"},"image":{"@id":"https:\/\/www.cuballama.com\/noticias\/animalista-cubana-es-agredida-fisicamente-por-sujeto-que-acosa-diariamente-a-sus-gatos-con-sus-perros\/#primaryimage"},"thumbnailUrl":"https:\/\/cdn1.mediawpaccore.net\/wp-content\/uploads\/2025\/10\/17084004\/image-75.png","keywords":["10 de octubre","Activismo","Agresi\u00f3n","bienestar animal","Cuba","denuncia","La Habana","Lawton","Maltrato Animal","polic\u00eda","redes Sociales"],"articleSection":["Noticias","Noticias de Cuba"],"inLanguage":"es","potentialAction":[{"@type":"CommentAction","name":"Comment","target":["https:\/\/www.cuballama.com\/noticias\/animalista-cubana-es-agredida-fisicamente-por-sujeto-que-acosa-diariamente-a-sus-gatos-con-sus-perros\/#respond"]}]},{"@type":"WebPage","@id":"https:\/\/www.cuballama.com\/noticias\/animalista-cubana-es-agredida-fisicamente-por-sujeto-que-acosa-diariamente-a-sus-gatos-con-sus-perros\/","url":"https:\/\/www.cuballama.com\/noticias\/animalista-cubana-es-agredida-fisicamente-por-sujeto-que-acosa-diariamente-a-sus-gatos-con-sus-perros\/","name":"Animalista cubana es agredida f\u00edsicamente por sujeto que acosa diariamente a sus gatos, con sus perros - Cuballama Noticias","isPartOf":{"@id":"https:\/\/www.cuballama.com\/noticias\/#website"},"primaryImageOfPage":{"@id":"https:\/\/www.cuballama.com\/noticias\/animalista-cubana-es-agredida-fisicamente-por-sujeto-que-acosa-diariamente-a-sus-gatos-con-sus-perros\/#primaryimage"},"image":{"@id":"https:\/\/www.cuballama.com\/noticias\/animalista-cubana-es-agredida-fisicamente-por-sujeto-que-acosa-diariamente-a-sus-gatos-con-sus-perros\/#primaryimage"},"thumbnailUrl":"https:\/\/cdn1.mediawpaccore.net\/wp-content\/uploads\/2025\/10\/17084004\/image-75.png","datePublished":"2025-10-17T14:37:43+00:00","dateModified":"2025-10-17T14:37:46+00:00","description":"Vero Mart\u00ednez, una animalista cubana, fue agredida por un vecino, al intentar impedir que este incitara a sus perros contra sus gatos.","breadcrumb":{"@id":"https:\/\/www.cuballama.com\/noticias\/animalista-cubana-es-agredida-fisicamente-por-sujeto-que-acosa-diariamente-a-sus-gatos-con-sus-perros\/#breadcrumb"},"inLanguage":"es","potentialAction":[{"@type":"ReadAction","target":["https:\/\/www.cuballama.com\/noticias\/animalista-cubana-es-agredida-fisicamente-por-sujeto-que-acosa-diariamente-a-sus-gatos-con-sus-perros\/"]}]},{"@type":"ImageObject","inLanguage":"es","@id":"https:\/\/www.cuballama.com\/noticias\/animalista-cubana-es-agredida-fisicamente-por-sujeto-que-acosa-diariamente-a-sus-gatos-con-sus-perros\/#primaryimage","url":"https:\/\/cdn1.mediawpaccore.net\/wp-content\/uploads\/2025\/10\/17084004\/image-75.png","contentUrl":"https:\/\/cdn1.mediawpaccore.net\/wp-content\/uploads\/2025\/10\/17084004\/image-75.png","width":1970,"height":1038,"caption":"Agresor a la izquierda, y agredida a la derecha. Foto: Collage v\u00eda Redes Sociales"},{"@type":"BreadcrumbList","@id":"https:\/\/www.cuballama.com\/noticias\/animalista-cubana-es-agredida-fisicamente-por-sujeto-que-acosa-diariamente-a-sus-gatos-con-sus-perros\/#breadcrumb","itemListElement":[{"@type":"ListItem","position":1,"name":"Home","item":"https:\/\/www.cuballama.com\/noticias\/"},{"@type":"ListItem","position":2,"name":"Animalista cubana es agredida f\u00edsicamente por sujeto que acosa diariamente a sus gatos, con sus perros"}]},{"@type":"WebSite","@id":"https:\/\/www.cuballama.com\/noticias\/#website","url":"https:\/\/www.cuballama.com\/noticias\/","name":"Cuballama Noticias","description":"Medio digital sobre Cuba y el mundo","publisher":{"@id":"https:\/\/www.cuballama.com\/noticias\/#organization"},"potentialAction":[{"@type":"SearchAction","target":{"@type":"EntryPoint","urlTemplate":"https:\/\/www.cuballama.com\/noticias\/?s={search_term_string}"},"query-input":{"@type":"PropertyValueSpecification","valueRequired":true,"valueName":"search_term_string"}}],"inLanguage":"es"},{"@type":"Organization","@id":"https:\/\/www.cuballama.com\/noticias\/#organization","name":"Cuballama","url":"https:\/\/www.cuballama.com\/noticias\/","logo":{"@type":"ImageObject","inLanguage":"es","@id":"https:\/\/www.cuballama.com\/noticias\/#\/schema\/logo\/image\/","url":"https:\/\/cdn1.mediawpaccore.net\/wp-content\/uploads\/2021\/12\/28171206\/cbll-logo-color-sm.png","contentUrl":"https:\/\/cdn1.mediawpaccore.net\/wp-content\/uploads\/2021\/12\/28171206\/cbll-logo-color-sm.png","width":600,"height":133,"caption":"Cuballama"},"image":{"@id":"https:\/\/www.cuballama.com\/noticias\/#\/schema\/logo\/image\/"},"sameAs":["https:\/\/www.facebook.com\/CubaLlama","https:\/\/x.com\/cuballama","https:\/\/www.instagram.com\/stories\/cuballama_oficial\/","https:\/\/www.youtube.com\/channel\/UCKkFE-d_axENGZcrc4as0IA"]},{"@type":"Person","@id":"https:\/\/www.cuballama.com\/noticias\/#\/schema\/person\/a58502ed4146c8e9f83872e897c76cd2","name":"Roberto A.","description":"Roberto A. Periodista por decisi\u00f3n propia. Interesado en cualquier tema que me apasione y cada vez m\u00e1s comprometido con la verdad y la objetividad period\u00edstica. Graduado en La Habana hace ya muchos a\u00f1os, luego de una accidentada y polvorienta b\u00fasqueda de informaci\u00f3n sobre un tema in\u00e9dito. La Tesis, por cierto, desapareci\u00f3 de la biblioteca y no se conservan copias de la misma.","url":"https:\/\/www.cuballama.com\/noticias\/author\/roberto\/"}]}},"_links":{"self":[{"href":"https:\/\/www.cuballama.com\/noticias\/wp-json\/wp\/v2\/posts\/223048","targetHints":{"allow":["GET"]}}],"collection":[{"href":"https:\/\/www.cuballama.com\/noticias\/wp-json\/wp\/v2\/posts"}],"about":[{"href":"https:\/\/www.cuballama.com\/noticias\/wp-json\/wp\/v2\/types\/post"}],"author":[{"embeddable":true,"href":"https:\/\/www.cuballama.com\/noticias\/wp-json\/wp\/v2\/users\/13"}],"replies":[{"embeddable":true,"href":"https:\/\/www.cuballama.com\/noticias\/wp-json\/wp\/v2\/comments?post=223048"}],"version-history":[{"count":5,"href":"https:\/\/www.cuballama.com\/noticias\/wp-json\/wp\/v2\/posts\/223048\/revisions"}],"predecessor-version":[{"id":223089,"href":"https:\/\/www.cuballama.com\/noticias\/wp-json\/wp\/v2\/posts\/223048\/revisions\/223089"}],"wp:featuredmedia":[{"embeddable":true,"href":"https:\/\/www.cuballama.com\/noticias\/wp-json\/wp\/v2\/media\/223071"}],"wp:attachment":[{"href":"https:\/\/www.cuballama.com\/noticias\/wp-json\/wp\/v2\/media?parent=223048"}],"wp:term":[{"taxonomy":"category","embeddable":true,"href":"https:\/\/www.cuballama.com\/noticias\/wp-json\/wp\/v2\/categories?post=223048"},{"taxonomy":"post_tag","embeddable":true,"href":"https:\/\/www.cuballama.com\/noticias\/wp-json\/wp\/v2\/tags?post=223048"}],"curies":[{"name":"wp","href":"https:\/\/api.w.org\/{rel}","templated":true}]}}