{"id":223020,"date":"2025-10-20T10:36:51","date_gmt":"2025-10-20T14:36:51","guid":{"rendered":"https:\/\/www.cuballama.com\/noticias\/?p=223020"},"modified":"2025-10-20T10:42:10","modified_gmt":"2025-10-20T14:42:10","slug":"cubanos-con-i-220a-tienen-nuevo-plan-para-lograr-legalizarse-en-ee-uu","status":"publish","type":"post","link":"https:\/\/www.cuballama.com\/noticias\/cubanos-con-i-220a-tienen-nuevo-plan-para-lograr-legalizarse-en-ee-uu\/","title":{"rendered":"Cubanos con I-220A tienen nuevo plan para lograr legalizarse en EE.UU."},"content":{"rendered":"\n<p>En pocos d\u00edas un grupo de cubanos amparados bajo el documento migratorio I-220A logr\u00f3 reunir m\u00e1s de 50.000 firmas para pedir a la Uni\u00f3n Americana por las Libertades Civiles (ACLU, por sus siglas en ingl\u00e9s) para que interponga una demanda colectiva contra el gobierno federal.<\/p>\n\n\n\n<p>Seg\u00fan inform\u00f3 en redes la abogada de inmigraci\u00f3n Joanna Soler, a trav\u00e9s de una petici\u00f3n en redes sociales, activistas cubanos buscan solicitar a la ACLU que asuma el caso de estos migrantes, bajo el pretexto de que la Ley de Ajuste Cubana no se est\u00e1 aplicando correctamente.<\/p>\n\n\n\n<p>Hay que recordar que el formulario I-220A es un documento de libertad condicional supervisada emitido por el Servicio de Inmigraci\u00f3n y Control de Aduanas de Estados Unidos (ICE, por sus siglas en ingl\u00e9s), que fue otorgado a miles de cubanos tras arribar al pa\u00eds, especialmente durante el incremento de llegadas de migrantes a trav\u00e9s de la frontera sur entre 2021 y 2023.<\/p>\n\n\n\n<p>El I-220A hasta el momento no es reconocido como un parole, lo que significa que no concede los beneficios asociados a los programas migratorios de protecci\u00f3n temporal ni la posibilidad de aplicar a la Ley de Ajuste Cubano para obtener una residencia permanente.<\/p>\n\n\n\n<blockquote class=\"instagram-media\" data-instgrm-captioned data-instgrm-permalink=\"https:\/\/www.instagram.com\/reel\/DP8yaDjk02o\/?utm_source=ig_embed&amp;utm_campaign=loading\" data-instgrm-version=\"14\" style=\" background:#FFF; border:0; border-radius:3px; box-shadow:0 0 1px 0 rgba(0,0,0,0.5),0 1px 10px 0 rgba(0,0,0,0.15); margin: 1px; max-width:540px; min-width:326px; padding:0; width:99.375%; width:-webkit-calc(100% - 2px); width:calc(100% - 2px);\"><div style=\"padding:16px;\"> <a href=\"https:\/\/www.instagram.com\/reel\/DP8yaDjk02o\/?utm_source=ig_embed&amp;utm_campaign=loading\" style=\" background:#FFFFFF; line-height:0; padding:0 0; text-align:center; text-decoration:none; width:100%;\" target=\"_blank\"> <div style=\" display: flex; flex-direction: row; align-items: center;\"> <div style=\"background-color: #F4F4F4; border-radius: 50%; flex-grow: 0; height: 40px; margin-right: 14px; width: 40px;\"><\/div> <div style=\"display: flex; flex-direction: column; flex-grow: 1; justify-content: center;\"> <div style=\" background-color: #F4F4F4; border-radius: 4px; flex-grow: 0; height: 14px; margin-bottom: 6px; width: 100px;\"><\/div> <div style=\" background-color: #F4F4F4; border-radius: 4px; flex-grow: 0; height: 14px; width: 60px;\"><\/div><\/div><\/div><div style=\"padding: 19% 0;\"><\/div> <div style=\"display:block; height:50px; margin:0 auto 12px; width:50px;\"><svg width=\"50px\" height=\"50px\" viewBox=\"0 0 60 60\" version=\"1.1\" xmlns=\"https:\/\/www.w3.org\/2000\/svg\" xmlns:xlink=\"https:\/\/www.w3.org\/1999\/xlink\"><g stroke=\"none\" stroke-width=\"1\" fill=\"none\" fill-rule=\"evenodd\"><g transform=\"translate(-511.000000, -20.000000)\" fill=\"#000000\"><g><path d=\"M556.869,30.41 C554.814,30.41 553.148,32.076 553.148,34.131 C553.148,36.186 554.814,37.852 556.869,37.852 C558.924,37.852 560.59,36.186 560.59,34.131 C560.59,32.076 558.924,30.41 556.869,30.41 M541,60.657 C535.114,60.657 530.342,55.887 530.342,50 C530.342,44.114 535.114,39.342 541,39.342 C546.887,39.342 551.658,44.114 551.658,50 C551.658,55.887 546.887,60.657 541,60.657 M541,33.886 C532.1,33.886 524.886,41.1 524.886,50 C524.886,58.899 532.1,66.113 541,66.113 C549.9,66.113 557.115,58.899 557.115,50 C557.115,41.1 549.9,33.886 541,33.886 M565.378,62.101 C565.244,65.022 564.756,66.606 564.346,67.663 C563.803,69.06 563.154,70.057 562.106,71.106 C561.058,72.155 560.06,72.803 558.662,73.347 C557.607,73.757 556.021,74.244 553.102,74.378 C549.944,74.521 548.997,74.552 541,74.552 C533.003,74.552 532.056,74.521 528.898,74.378 C525.979,74.244 524.393,73.757 523.338,73.347 C521.94,72.803 520.942,72.155 519.894,71.106 C518.846,70.057 518.197,69.06 517.654,67.663 C517.244,66.606 516.755,65.022 516.623,62.101 C516.479,58.943 516.448,57.996 516.448,50 C516.448,42.003 516.479,41.056 516.623,37.899 C516.755,34.978 517.244,33.391 517.654,32.338 C518.197,30.938 518.846,29.942 519.894,28.894 C520.942,27.846 521.94,27.196 523.338,26.654 C524.393,26.244 525.979,25.756 528.898,25.623 C532.057,25.479 533.004,25.448 541,25.448 C548.997,25.448 549.943,25.479 553.102,25.623 C556.021,25.756 557.607,26.244 558.662,26.654 C560.06,27.196 561.058,27.846 562.106,28.894 C563.154,29.942 563.803,30.938 564.346,32.338 C564.756,33.391 565.244,34.978 565.378,37.899 C565.522,41.056 565.552,42.003 565.552,50 C565.552,57.996 565.522,58.943 565.378,62.101 M570.82,37.631 C570.674,34.438 570.167,32.258 569.425,30.349 C568.659,28.377 567.633,26.702 565.965,25.035 C564.297,23.368 562.623,22.342 560.652,21.575 C558.743,20.834 556.562,20.326 553.369,20.18 C550.169,20.033 549.148,20 541,20 C532.853,20 531.831,20.033 528.631,20.18 C525.438,20.326 523.257,20.834 521.349,21.575 C519.376,22.342 517.703,23.368 516.035,25.035 C514.368,26.702 513.342,28.377 512.574,30.349 C511.834,32.258 511.326,34.438 511.181,37.631 C511.035,40.831 511,41.851 511,50 C511,58.147 511.035,59.17 511.181,62.369 C511.326,65.562 511.834,67.743 512.574,69.651 C513.342,71.625 514.368,73.296 516.035,74.965 C517.703,76.634 519.376,77.658 521.349,78.425 C523.257,79.167 525.438,79.673 528.631,79.82 C531.831,79.965 532.853,80.001 541,80.001 C549.148,80.001 550.169,79.965 553.369,79.82 C556.562,79.673 558.743,79.167 560.652,78.425 C562.623,77.658 564.297,76.634 565.965,74.965 C567.633,73.296 568.659,71.625 569.425,69.651 C570.167,67.743 570.674,65.562 570.82,62.369 C570.966,59.17 571,58.147 571,50 C571,41.851 570.966,40.831 570.82,37.631\"><\/path><\/g><\/g><\/g><\/svg><\/div><div style=\"padding-top: 8px;\"> <div style=\" color:#3897f0; font-family:Arial,sans-serif; font-size:14px; font-style:normal; font-weight:550; line-height:18px;\">Ver esta publicaci\u00f3n en Instagram<\/div><\/div><div style=\"padding: 12.5% 0;\"><\/div> <div style=\"display: flex; flex-direction: row; margin-bottom: 14px; align-items: center;\"><div> <div style=\"background-color: #F4F4F4; border-radius: 50%; height: 12.5px; width: 12.5px; transform: translateX(0px) translateY(7px);\"><\/div> <div style=\"background-color: #F4F4F4; height: 12.5px; transform: rotate(-45deg) translateX(3px) translateY(1px); width: 12.5px; flex-grow: 0; margin-right: 14px; margin-left: 2px;\"><\/div> <div style=\"background-color: #F4F4F4; border-radius: 50%; height: 12.5px; width: 12.5px; transform: translateX(9px) translateY(-18px);\"><\/div><\/div><div style=\"margin-left: 8px;\"> <div style=\" background-color: #F4F4F4; border-radius: 50%; flex-grow: 0; height: 20px; width: 20px;\"><\/div> <div style=\" width: 0; height: 0; border-top: 2px solid transparent; border-left: 6px solid #f4f4f4; border-bottom: 2px solid transparent; transform: translateX(16px) translateY(-4px) rotate(30deg)\"><\/div><\/div><div style=\"margin-left: auto;\"> <div style=\" width: 0px; border-top: 8px solid #F4F4F4; border-right: 8px solid transparent; transform: translateY(16px);\"><\/div> <div style=\" background-color: #F4F4F4; flex-grow: 0; height: 12px; width: 16px; transform: translateY(-4px);\"><\/div> <div style=\" width: 0; height: 0; border-top: 8px solid #F4F4F4; border-left: 8px solid transparent; transform: translateY(-4px) translateX(8px);\"><\/div><\/div><\/div> <div style=\"display: flex; flex-direction: column; flex-grow: 1; justify-content: center; margin-bottom: 24px;\"> <div style=\" background-color: #F4F4F4; border-radius: 4px; flex-grow: 0; height: 14px; margin-bottom: 6px; width: 224px;\"><\/div> <div style=\" background-color: #F4F4F4; border-radius: 4px; flex-grow: 0; height: 14px; width: 144px;\"><\/div><\/div><\/a><p style=\" color:#c9c8cd; font-family:Arial,sans-serif; font-size:14px; line-height:17px; margin-bottom:0; margin-top:8px; overflow:hidden; padding:8px 0 7px; text-align:center; text-overflow:ellipsis; white-space:nowrap;\"><a href=\"https:\/\/www.instagram.com\/reel\/DP8yaDjk02o\/?utm_source=ig_embed&amp;utm_campaign=loading\" style=\" color:#c9c8cd; font-family:Arial,sans-serif; font-size:14px; font-style:normal; font-weight:normal; line-height:17px; text-decoration:none;\" target=\"_blank\">Una publicaci\u00f3n compartida por Univision 23 Miami (@univision23)<\/a><\/p><\/div><\/blockquote>\n<script async src=\"\/\/www.instagram.com\/embed.js\"><\/script>\n\n\n\n<p>De acuerdo con lo que expres\u00f3 a <em>Univisi\u00f3n 23<\/em> Magdiel, uno de los cubanos que lanz\u00f3 la iniciativa en redes sociales, una carta pide formalmente a la ACLU que intervenga en favor de los cubanos que se encuentran en esta dif\u00edcil situaci\u00f3n migratoria y detalla \u201clos motivos y los antecedentes por los cuales se cree que est\u00e1 siendo evadida y no est\u00e1 siendo respetada la Ley de Ajuste Cubano\u201d.<\/p>\n\n\n\n<p>Yariel P\u00e9rez, otro de los impulsores del proyecto, quien entr\u00f3 al pa\u00eds en 2022 con I-220A y tiene un asilo en corte, confes\u00f3 que nunca esper\u00f3 un respaldo tan grande. \u201cNunca debimos haber sido liberados bajo la secci\u00f3n 236. Nunca debimos haber sido liberados bajo el I-220A o libertad bajo palabra, como se le quiera llamar, sino con un parole 212(d)(5)\u201d, explic\u00f3.<\/p>\n\n\n\n<p>Por su parte, el abogado de inmigraci\u00f3n Jos\u00e9 Guerrero afirm\u00f3 que, de ganarse una demanda de esta naturaleza, estar\u00eda resuelto el problema para los I-220A que, en el caso de ser cubanos, podr\u00edan obtener su green card.<\/p>\n\n\n\n<p>La recolecci\u00f3n de firmas fue hecha a trav\u00e9s de la aplicaci\u00f3n Neomambi, una plataforma creada por Orelbi, otro de los miles de cubanos con I-220A.<\/p>\n\n\n\n<p>Esta aplicaci\u00f3n permiti\u00f3 firmar la carta de apoyo de manera r\u00e1pida y gratuita, brindando acceso a cubanos de todo el mundo, as\u00ed como a personas de otras nacionalidades que desearan apoyar la causa.&nbsp;<\/p>\n\n\n\n<p>Hasta el jueves, m\u00e1s de 17.000 firmas hab\u00edan sido recolectadas en solo 72 horas. Para el s\u00e1bado, se hab\u00edan logrado m\u00e1s de 50.000, confirm\u00f3 el periodista Daniel Ben\u00edtez, quien ha dado visibilidad al caso.\u00a0<\/p>\n\n\n\n<p>Seg\u00fan testimonios de activistas, la carta est\u00e1 bien fundamentada, ya que deja clara la necesidad de que los cubanos con I-220A puedan aplicar a la Ley de Ajuste.<\/p>\n\n\n\n<p>Esta iniciativa llega cuando la Administraci\u00f3n Trump ha endurecido sus pol\u00edticas migratorias con la detenci\u00f3n de inmigrantes dentro y fuera de los tribunales de inmigraci\u00f3n en Estados Unidos, <a href=\"https:\/\/www.cuballama.com\/noticias\/detenidos-cubanos-con-i-220a-tras-citas-con-ice-y-en-corte\/?srsltid=AfmBOoqo3b46gIV-ntNIKfTx4tcqg1lGDc6edjVgrJqa96ZVptmWJWDU\" target=\"_blank\" rel=\"noreferrer noopener\">muchos de ellos cubanos con I-220A<\/a>.<\/p>\n\n\n\n<p><\/p>\n","protected":false},"excerpt":{"rendered":"<p>Un grupo de estos cubanos quiere demandar al gobierno federal porque en sus casos no est\u00e1 siendo respetada la Ley de Ajuste.<\/p>\n","protected":false},"author":30,"featured_media":141277,"comment_status":"open","ping_status":"closed","sticky":false,"template":"","format":"standard","meta":{"_acf_changed":false,"footnotes":""},"categories":[18,953],"tags":[21239,24453,941,600],"class_list":{"0":"post-223020","1":"post","2":"type-post","3":"status-publish","4":"format-standard","5":"has-post-thumbnail","7":"category-noticias","8":"category-usa","9":"tag-cubanos-con-i-220a","10":"tag-cubanos-en-ee-uu","11":"tag-destacado","12":"tag-migrantes-cubanos"},"acf":[],"yoast_head":"<!-- This site is optimized with the Yoast SEO plugin v27.5 - https:\/\/yoast.com\/product\/yoast-seo-wordpress\/ -->\n<title>Cubanos con I-220A tienen nuevo plan para lograr legalizarse en EE.UU. - Cuballama Noticias<\/title>\n<meta name=\"description\" content=\"En pocos d\u00edas un grupo de cubanos con I-220A reuni\u00f3 m\u00e1s de 50.000 firmas para lograr hacer una demanda al gobierno de EE.UU.\" \/>\n<meta name=\"robots\" content=\"index, follow, max-snippet:-1, max-image-preview:large, max-video-preview:-1\" \/>\n<link rel=\"canonical\" href=\"https:\/\/www.cuballama.com\/noticias\/cubanos-con-i-220a-tienen-nuevo-plan-para-lograr-legalizarse-en-ee-uu\/\" \/>\n<meta property=\"og:locale\" content=\"es_ES\" \/>\n<meta property=\"og:type\" content=\"article\" \/>\n<meta property=\"og:title\" content=\"Cubanos con I-220A tienen nuevo plan para lograr legalizarse en EE.UU. - Cuballama Noticias\" \/>\n<meta property=\"og:description\" content=\"En pocos d\u00edas un grupo de cubanos con I-220A reuni\u00f3 m\u00e1s de 50.000 firmas para lograr hacer una demanda al gobierno de EE.UU.\" \/>\n<meta property=\"og:url\" content=\"https:\/\/www.cuballama.com\/noticias\/cubanos-con-i-220a-tienen-nuevo-plan-para-lograr-legalizarse-en-ee-uu\/\" \/>\n<meta property=\"og:site_name\" content=\"Cuballama Noticias\" \/>\n<meta property=\"article:publisher\" content=\"https:\/\/www.facebook.com\/CubaLlama\" \/>\n<meta property=\"article:published_time\" content=\"2025-10-20T14:36:51+00:00\" \/>\n<meta property=\"article:modified_time\" content=\"2025-10-20T14:42:10+00:00\" \/>\n<meta property=\"og:image\" content=\"https:\/\/cdn1.mediawpaccore.net\/wp-content\/uploads\/2023\/10\/13144050\/Cubanos-con-I220A.jpg\" \/>\n\t<meta property=\"og:image:width\" content=\"1200\" \/>\n\t<meta property=\"og:image:height\" content=\"630\" \/>\n\t<meta property=\"og:image:type\" content=\"image\/jpeg\" \/>\n<meta name=\"author\" content=\"Kathy\" \/>\n<meta name=\"twitter:card\" content=\"summary_large_image\" \/>\n<meta name=\"twitter:creator\" content=\"@cuballama\" \/>\n<meta name=\"twitter:site\" content=\"@cuballama\" \/>\n<meta name=\"twitter:label1\" content=\"Escrito por\" \/>\n\t<meta name=\"twitter:data1\" content=\"Kathy\" \/>\n\t<meta name=\"twitter:label2\" content=\"Tiempo de lectura\" \/>\n\t<meta name=\"twitter:data2\" content=\"3 minutos\" \/>\n<script type=\"application\/ld+json\" class=\"yoast-schema-graph\">{\"@context\":\"https:\\\/\\\/schema.org\",\"@graph\":[{\"@type\":\"Article\",\"@id\":\"https:\\\/\\\/www.cuballama.com\\\/noticias\\\/cubanos-con-i-220a-tienen-nuevo-plan-para-lograr-legalizarse-en-ee-uu\\\/#article\",\"isPartOf\":{\"@id\":\"https:\\\/\\\/www.cuballama.com\\\/noticias\\\/cubanos-con-i-220a-tienen-nuevo-plan-para-lograr-legalizarse-en-ee-uu\\\/\"},\"author\":{\"name\":\"Kathy\",\"@id\":\"https:\\\/\\\/www.cuballama.com\\\/noticias\\\/#\\\/schema\\\/person\\\/86cd3e3f4974437f031211213bf892d5\"},\"headline\":\"Cubanos con I-220A tienen nuevo plan para lograr legalizarse en EE.UU.\",\"datePublished\":\"2025-10-20T14:36:51+00:00\",\"dateModified\":\"2025-10-20T14:42:10+00:00\",\"mainEntityOfPage\":{\"@id\":\"https:\\\/\\\/www.cuballama.com\\\/noticias\\\/cubanos-con-i-220a-tienen-nuevo-plan-para-lograr-legalizarse-en-ee-uu\\\/\"},\"wordCount\":585,\"commentCount\":0,\"publisher\":{\"@id\":\"https:\\\/\\\/www.cuballama.com\\\/noticias\\\/#organization\"},\"image\":{\"@id\":\"https:\\\/\\\/www.cuballama.com\\\/noticias\\\/cubanos-con-i-220a-tienen-nuevo-plan-para-lograr-legalizarse-en-ee-uu\\\/#primaryimage\"},\"thumbnailUrl\":\"https:\\\/\\\/cdn1.mediawpaccore.net\\\/wp-content\\\/uploads\\\/2023\\\/10\\\/13144050\\\/Cubanos-con-I220A.jpg\",\"keywords\":[\"Cubanos con I-220A\",\"cubanos en EE.UU.\",\"destacado\",\"Migrantes cubanos\"],\"articleSection\":[\"Noticias\",\"USA\"],\"inLanguage\":\"es\",\"potentialAction\":[{\"@type\":\"CommentAction\",\"name\":\"Comment\",\"target\":[\"https:\\\/\\\/www.cuballama.com\\\/noticias\\\/cubanos-con-i-220a-tienen-nuevo-plan-para-lograr-legalizarse-en-ee-uu\\\/#respond\"]}]},{\"@type\":\"WebPage\",\"@id\":\"https:\\\/\\\/www.cuballama.com\\\/noticias\\\/cubanos-con-i-220a-tienen-nuevo-plan-para-lograr-legalizarse-en-ee-uu\\\/\",\"url\":\"https:\\\/\\\/www.cuballama.com\\\/noticias\\\/cubanos-con-i-220a-tienen-nuevo-plan-para-lograr-legalizarse-en-ee-uu\\\/\",\"name\":\"Cubanos con I-220A tienen nuevo plan para lograr legalizarse en EE.UU. - Cuballama Noticias\",\"isPartOf\":{\"@id\":\"https:\\\/\\\/www.cuballama.com\\\/noticias\\\/#website\"},\"primaryImageOfPage\":{\"@id\":\"https:\\\/\\\/www.cuballama.com\\\/noticias\\\/cubanos-con-i-220a-tienen-nuevo-plan-para-lograr-legalizarse-en-ee-uu\\\/#primaryimage\"},\"image\":{\"@id\":\"https:\\\/\\\/www.cuballama.com\\\/noticias\\\/cubanos-con-i-220a-tienen-nuevo-plan-para-lograr-legalizarse-en-ee-uu\\\/#primaryimage\"},\"thumbnailUrl\":\"https:\\\/\\\/cdn1.mediawpaccore.net\\\/wp-content\\\/uploads\\\/2023\\\/10\\\/13144050\\\/Cubanos-con-I220A.jpg\",\"datePublished\":\"2025-10-20T14:36:51+00:00\",\"dateModified\":\"2025-10-20T14:42:10+00:00\",\"description\":\"En pocos d\u00edas un grupo de cubanos con I-220A reuni\u00f3 m\u00e1s de 50.000 firmas para lograr hacer una demanda al gobierno de EE.UU.\",\"breadcrumb\":{\"@id\":\"https:\\\/\\\/www.cuballama.com\\\/noticias\\\/cubanos-con-i-220a-tienen-nuevo-plan-para-lograr-legalizarse-en-ee-uu\\\/#breadcrumb\"},\"inLanguage\":\"es\",\"potentialAction\":[{\"@type\":\"ReadAction\",\"target\":[\"https:\\\/\\\/www.cuballama.com\\\/noticias\\\/cubanos-con-i-220a-tienen-nuevo-plan-para-lograr-legalizarse-en-ee-uu\\\/\"]}]},{\"@type\":\"ImageObject\",\"inLanguage\":\"es\",\"@id\":\"https:\\\/\\\/www.cuballama.com\\\/noticias\\\/cubanos-con-i-220a-tienen-nuevo-plan-para-lograr-legalizarse-en-ee-uu\\\/#primaryimage\",\"url\":\"https:\\\/\\\/cdn1.mediawpaccore.net\\\/wp-content\\\/uploads\\\/2023\\\/10\\\/13144050\\\/Cubanos-con-I220A.jpg\",\"contentUrl\":\"https:\\\/\\\/cdn1.mediawpaccore.net\\\/wp-content\\\/uploads\\\/2023\\\/10\\\/13144050\\\/Cubanos-con-I220A.jpg\",\"width\":1200,\"height\":630,\"caption\":\"Cubanos con I220A protestan en Miami. Foto: Roberto A.\\\/Cortes\u00eda para Cuballama Noticias.\"},{\"@type\":\"BreadcrumbList\",\"@id\":\"https:\\\/\\\/www.cuballama.com\\\/noticias\\\/cubanos-con-i-220a-tienen-nuevo-plan-para-lograr-legalizarse-en-ee-uu\\\/#breadcrumb\",\"itemListElement\":[{\"@type\":\"ListItem\",\"position\":1,\"name\":\"Home\",\"item\":\"https:\\\/\\\/www.cuballama.com\\\/noticias\\\/\"},{\"@type\":\"ListItem\",\"position\":2,\"name\":\"Cubanos con I-220A tienen nuevo plan para lograr legalizarse en EE.UU.\"}]},{\"@type\":\"WebSite\",\"@id\":\"https:\\\/\\\/www.cuballama.com\\\/noticias\\\/#website\",\"url\":\"https:\\\/\\\/www.cuballama.com\\\/noticias\\\/\",\"name\":\"Cuballama Noticias\",\"description\":\"Medio digital sobre Cuba y el mundo\",\"publisher\":{\"@id\":\"https:\\\/\\\/www.cuballama.com\\\/noticias\\\/#organization\"},\"potentialAction\":[{\"@type\":\"SearchAction\",\"target\":{\"@type\":\"EntryPoint\",\"urlTemplate\":\"https:\\\/\\\/www.cuballama.com\\\/noticias\\\/?s={search_term_string}\"},\"query-input\":{\"@type\":\"PropertyValueSpecification\",\"valueRequired\":true,\"valueName\":\"search_term_string\"}}],\"inLanguage\":\"es\"},{\"@type\":\"Organization\",\"@id\":\"https:\\\/\\\/www.cuballama.com\\\/noticias\\\/#organization\",\"name\":\"Cuballama\",\"url\":\"https:\\\/\\\/www.cuballama.com\\\/noticias\\\/\",\"logo\":{\"@type\":\"ImageObject\",\"inLanguage\":\"es\",\"@id\":\"https:\\\/\\\/www.cuballama.com\\\/noticias\\\/#\\\/schema\\\/logo\\\/image\\\/\",\"url\":\"https:\\\/\\\/cdn1.mediawpaccore.net\\\/wp-content\\\/uploads\\\/2021\\\/12\\\/28171206\\\/cbll-logo-color-sm.png\",\"contentUrl\":\"https:\\\/\\\/cdn1.mediawpaccore.net\\\/wp-content\\\/uploads\\\/2021\\\/12\\\/28171206\\\/cbll-logo-color-sm.png\",\"width\":600,\"height\":133,\"caption\":\"Cuballama\"},\"image\":{\"@id\":\"https:\\\/\\\/www.cuballama.com\\\/noticias\\\/#\\\/schema\\\/logo\\\/image\\\/\"},\"sameAs\":[\"https:\\\/\\\/www.facebook.com\\\/CubaLlama\",\"https:\\\/\\\/x.com\\\/cuballama\",\"https:\\\/\\\/www.instagram.com\\\/stories\\\/cuballama_oficial\\\/\",\"https:\\\/\\\/www.youtube.com\\\/channel\\\/UCKkFE-d_axENGZcrc4as0IA\"]},{\"@type\":\"Person\",\"@id\":\"https:\\\/\\\/www.cuballama.com\\\/noticias\\\/#\\\/schema\\\/person\\\/86cd3e3f4974437f031211213bf892d5\",\"name\":\"Kathy\",\"url\":\"https:\\\/\\\/www.cuballama.com\\\/noticias\\\/author\\\/kathy\\\/\"}]}<\/script>\n<!-- \/ Yoast SEO plugin. -->","yoast_head_json":{"title":"Cubanos con I-220A tienen nuevo plan para lograr legalizarse en EE.UU. - Cuballama Noticias","description":"En pocos d\u00edas un grupo de cubanos con I-220A reuni\u00f3 m\u00e1s de 50.000 firmas para lograr hacer una demanda al gobierno de EE.UU.","robots":{"index":"index","follow":"follow","max-snippet":"max-snippet:-1","max-image-preview":"max-image-preview:large","max-video-preview":"max-video-preview:-1"},"canonical":"https:\/\/www.cuballama.com\/noticias\/cubanos-con-i-220a-tienen-nuevo-plan-para-lograr-legalizarse-en-ee-uu\/","og_locale":"es_ES","og_type":"article","og_title":"Cubanos con I-220A tienen nuevo plan para lograr legalizarse en EE.UU. - Cuballama Noticias","og_description":"En pocos d\u00edas un grupo de cubanos con I-220A reuni\u00f3 m\u00e1s de 50.000 firmas para lograr hacer una demanda al gobierno de EE.UU.","og_url":"https:\/\/www.cuballama.com\/noticias\/cubanos-con-i-220a-tienen-nuevo-plan-para-lograr-legalizarse-en-ee-uu\/","og_site_name":"Cuballama Noticias","article_publisher":"https:\/\/www.facebook.com\/CubaLlama","article_published_time":"2025-10-20T14:36:51+00:00","article_modified_time":"2025-10-20T14:42:10+00:00","og_image":[{"width":1200,"height":630,"url":"https:\/\/cdn1.mediawpaccore.net\/wp-content\/uploads\/2023\/10\/13144050\/Cubanos-con-I220A.jpg","type":"image\/jpeg"}],"author":"Kathy","twitter_card":"summary_large_image","twitter_creator":"@cuballama","twitter_site":"@cuballama","twitter_misc":{"Escrito por":"Kathy","Tiempo de lectura":"3 minutos"},"schema":{"@context":"https:\/\/schema.org","@graph":[{"@type":"Article","@id":"https:\/\/www.cuballama.com\/noticias\/cubanos-con-i-220a-tienen-nuevo-plan-para-lograr-legalizarse-en-ee-uu\/#article","isPartOf":{"@id":"https:\/\/www.cuballama.com\/noticias\/cubanos-con-i-220a-tienen-nuevo-plan-para-lograr-legalizarse-en-ee-uu\/"},"author":{"name":"Kathy","@id":"https:\/\/www.cuballama.com\/noticias\/#\/schema\/person\/86cd3e3f4974437f031211213bf892d5"},"headline":"Cubanos con I-220A tienen nuevo plan para lograr legalizarse en EE.UU.","datePublished":"2025-10-20T14:36:51+00:00","dateModified":"2025-10-20T14:42:10+00:00","mainEntityOfPage":{"@id":"https:\/\/www.cuballama.com\/noticias\/cubanos-con-i-220a-tienen-nuevo-plan-para-lograr-legalizarse-en-ee-uu\/"},"wordCount":585,"commentCount":0,"publisher":{"@id":"https:\/\/www.cuballama.com\/noticias\/#organization"},"image":{"@id":"https:\/\/www.cuballama.com\/noticias\/cubanos-con-i-220a-tienen-nuevo-plan-para-lograr-legalizarse-en-ee-uu\/#primaryimage"},"thumbnailUrl":"https:\/\/cdn1.mediawpaccore.net\/wp-content\/uploads\/2023\/10\/13144050\/Cubanos-con-I220A.jpg","keywords":["Cubanos con I-220A","cubanos en EE.UU.","destacado","Migrantes cubanos"],"articleSection":["Noticias","USA"],"inLanguage":"es","potentialAction":[{"@type":"CommentAction","name":"Comment","target":["https:\/\/www.cuballama.com\/noticias\/cubanos-con-i-220a-tienen-nuevo-plan-para-lograr-legalizarse-en-ee-uu\/#respond"]}]},{"@type":"WebPage","@id":"https:\/\/www.cuballama.com\/noticias\/cubanos-con-i-220a-tienen-nuevo-plan-para-lograr-legalizarse-en-ee-uu\/","url":"https:\/\/www.cuballama.com\/noticias\/cubanos-con-i-220a-tienen-nuevo-plan-para-lograr-legalizarse-en-ee-uu\/","name":"Cubanos con I-220A tienen nuevo plan para lograr legalizarse en EE.UU. - Cuballama Noticias","isPartOf":{"@id":"https:\/\/www.cuballama.com\/noticias\/#website"},"primaryImageOfPage":{"@id":"https:\/\/www.cuballama.com\/noticias\/cubanos-con-i-220a-tienen-nuevo-plan-para-lograr-legalizarse-en-ee-uu\/#primaryimage"},"image":{"@id":"https:\/\/www.cuballama.com\/noticias\/cubanos-con-i-220a-tienen-nuevo-plan-para-lograr-legalizarse-en-ee-uu\/#primaryimage"},"thumbnailUrl":"https:\/\/cdn1.mediawpaccore.net\/wp-content\/uploads\/2023\/10\/13144050\/Cubanos-con-I220A.jpg","datePublished":"2025-10-20T14:36:51+00:00","dateModified":"2025-10-20T14:42:10+00:00","description":"En pocos d\u00edas un grupo de cubanos con I-220A reuni\u00f3 m\u00e1s de 50.000 firmas para lograr hacer una demanda al gobierno de EE.UU.","breadcrumb":{"@id":"https:\/\/www.cuballama.com\/noticias\/cubanos-con-i-220a-tienen-nuevo-plan-para-lograr-legalizarse-en-ee-uu\/#breadcrumb"},"inLanguage":"es","potentialAction":[{"@type":"ReadAction","target":["https:\/\/www.cuballama.com\/noticias\/cubanos-con-i-220a-tienen-nuevo-plan-para-lograr-legalizarse-en-ee-uu\/"]}]},{"@type":"ImageObject","inLanguage":"es","@id":"https:\/\/www.cuballama.com\/noticias\/cubanos-con-i-220a-tienen-nuevo-plan-para-lograr-legalizarse-en-ee-uu\/#primaryimage","url":"https:\/\/cdn1.mediawpaccore.net\/wp-content\/uploads\/2023\/10\/13144050\/Cubanos-con-I220A.jpg","contentUrl":"https:\/\/cdn1.mediawpaccore.net\/wp-content\/uploads\/2023\/10\/13144050\/Cubanos-con-I220A.jpg","width":1200,"height":630,"caption":"Cubanos con I220A protestan en Miami. Foto: Roberto A.\/Cortes\u00eda para Cuballama Noticias."},{"@type":"BreadcrumbList","@id":"https:\/\/www.cuballama.com\/noticias\/cubanos-con-i-220a-tienen-nuevo-plan-para-lograr-legalizarse-en-ee-uu\/#breadcrumb","itemListElement":[{"@type":"ListItem","position":1,"name":"Home","item":"https:\/\/www.cuballama.com\/noticias\/"},{"@type":"ListItem","position":2,"name":"Cubanos con I-220A tienen nuevo plan para lograr legalizarse en EE.UU."}]},{"@type":"WebSite","@id":"https:\/\/www.cuballama.com\/noticias\/#website","url":"https:\/\/www.cuballama.com\/noticias\/","name":"Cuballama Noticias","description":"Medio digital sobre Cuba y el mundo","publisher":{"@id":"https:\/\/www.cuballama.com\/noticias\/#organization"},"potentialAction":[{"@type":"SearchAction","target":{"@type":"EntryPoint","urlTemplate":"https:\/\/www.cuballama.com\/noticias\/?s={search_term_string}"},"query-input":{"@type":"PropertyValueSpecification","valueRequired":true,"valueName":"search_term_string"}}],"inLanguage":"es"},{"@type":"Organization","@id":"https:\/\/www.cuballama.com\/noticias\/#organization","name":"Cuballama","url":"https:\/\/www.cuballama.com\/noticias\/","logo":{"@type":"ImageObject","inLanguage":"es","@id":"https:\/\/www.cuballama.com\/noticias\/#\/schema\/logo\/image\/","url":"https:\/\/cdn1.mediawpaccore.net\/wp-content\/uploads\/2021\/12\/28171206\/cbll-logo-color-sm.png","contentUrl":"https:\/\/cdn1.mediawpaccore.net\/wp-content\/uploads\/2021\/12\/28171206\/cbll-logo-color-sm.png","width":600,"height":133,"caption":"Cuballama"},"image":{"@id":"https:\/\/www.cuballama.com\/noticias\/#\/schema\/logo\/image\/"},"sameAs":["https:\/\/www.facebook.com\/CubaLlama","https:\/\/x.com\/cuballama","https:\/\/www.instagram.com\/stories\/cuballama_oficial\/","https:\/\/www.youtube.com\/channel\/UCKkFE-d_axENGZcrc4as0IA"]},{"@type":"Person","@id":"https:\/\/www.cuballama.com\/noticias\/#\/schema\/person\/86cd3e3f4974437f031211213bf892d5","name":"Kathy","url":"https:\/\/www.cuballama.com\/noticias\/author\/kathy\/"}]}},"_links":{"self":[{"href":"https:\/\/www.cuballama.com\/noticias\/wp-json\/wp\/v2\/posts\/223020","targetHints":{"allow":["GET"]}}],"collection":[{"href":"https:\/\/www.cuballama.com\/noticias\/wp-json\/wp\/v2\/posts"}],"about":[{"href":"https:\/\/www.cuballama.com\/noticias\/wp-json\/wp\/v2\/types\/post"}],"author":[{"embeddable":true,"href":"https:\/\/www.cuballama.com\/noticias\/wp-json\/wp\/v2\/users\/30"}],"replies":[{"embeddable":true,"href":"https:\/\/www.cuballama.com\/noticias\/wp-json\/wp\/v2\/comments?post=223020"}],"version-history":[{"count":4,"href":"https:\/\/www.cuballama.com\/noticias\/wp-json\/wp\/v2\/posts\/223020\/revisions"}],"predecessor-version":[{"id":223292,"href":"https:\/\/www.cuballama.com\/noticias\/wp-json\/wp\/v2\/posts\/223020\/revisions\/223292"}],"wp:featuredmedia":[{"embeddable":true,"href":"https:\/\/www.cuballama.com\/noticias\/wp-json\/wp\/v2\/media\/141277"}],"wp:attachment":[{"href":"https:\/\/www.cuballama.com\/noticias\/wp-json\/wp\/v2\/media?parent=223020"}],"wp:term":[{"taxonomy":"category","embeddable":true,"href":"https:\/\/www.cuballama.com\/noticias\/wp-json\/wp\/v2\/categories?post=223020"},{"taxonomy":"post_tag","embeddable":true,"href":"https:\/\/www.cuballama.com\/noticias\/wp-json\/wp\/v2\/tags?post=223020"}],"curies":[{"name":"wp","href":"https:\/\/api.w.org\/{rel}","templated":true}]}}