{"id":222930,"date":"2025-10-19T08:54:11","date_gmt":"2025-10-19T12:54:11","guid":{"rendered":"https:\/\/www.cuballama.com\/noticias\/?p=222930"},"modified":"2025-10-19T08:54:14","modified_gmt":"2025-10-19T12:54:14","slug":"denuncian-desde-la-isla-mala-praxis-en-hospitales-y-prisiones","status":"publish","type":"post","link":"https:\/\/www.cuballama.com\/noticias\/denuncian-desde-la-isla-mala-praxis-en-hospitales-y-prisiones\/","title":{"rendered":"Denuncian desde la isla mala praxis en hospitales y prisiones"},"content":{"rendered":"\n<p>En Cuba se acumulan, como en una bandeja de urgencias sin m\u00e9dico, denuncias de malos tratos, negligencias y corrupci\u00f3n que atraviesan dos mundos supuestamente bajo tutela del Estado: hospitales y prisiones. <\/p>\n\n\n\n<p>En las \u00faltimas horas, ciudadanos y familiares han puesto nombres, lugares y pr\u00e1cticas a un patr\u00f3n que ya no se oculta detr\u00e1s de palabras t\u00e9cnicas. Hablan de esposas apretadas sobre camillas, de ambulancias que no llegan, de ni\u00f1os febriles apelotonados en cuerpos de guardia, de jefes de prisi\u00f3n que se autoproclaman reyes y de protocolos pisoteados. <\/p>\n\n\n\n<p>Los relatos coinciden en algo m\u00e1s que en la indignaci\u00f3n: en cada caso hay funcionarios se\u00f1alados, v\u00edctimas con nombre propio y un sistema que, por acci\u00f3n u omisi\u00f3n, mira hacia otra parte.<\/p>\n\n\n\n<p>Desde Manat\u00ed, Las Tunas, la familia de Cristian Leyva Guillot, un joven de 18 a\u00f1os en el servicio militar, describe un itinerario de castigos f\u00edsicos y abandono cl\u00ednico. El joven fue enviado a una unidad cercana a la Base Naval de Guant\u00e1namo, donde presenci\u00f3 y sufri\u00f3 abusos.<\/p>\n\n\n\n<p> Termin\u00f3 con problemas renales, crisis nerviosas, desnutrici\u00f3n y lesiones en los pies, tras trabajos forzosos bajo el sol. Hubo ingresos hospitalarios, certificados m\u00e9dicos que prohib\u00edan esfuerzos y exposici\u00f3n solar, y hubo, pese a ello, la decisi\u00f3n de obligarlo a ejercicios extremos y nuevas humillaciones. La madre denuncia un episodio que revela el cruce entre sanidad y castigo: <\/p>\n\n\n\n<p>Cristian fue esposado m\u00e1s de 24 horas en un hospital, aislado de su familia y con alimentaci\u00f3n deficiente, tratado como delincuente en vez de paciente. La exigencia es simple y dif\u00edcil a la vez: que lo protejan, que lo atiendan, que cese una violencia que no encaja con la idea de servicio a la patria, y que quienes mandan \u2014desde oficiales hasta la m\u00e1xima jefatura\u2014 asuman responsabilidades.<\/p>\n\n\n\n<iframe loading=\"lazy\" src=\"https:\/\/www.facebook.com\/plugins\/post.php?href=https%3A%2F%2Fwww.facebook.com%2Fpermalink.php%3Fstory_fbid%3Dpfbid0QSLEPfFj18zGh7e7zXSKAbtdL9TWFmKNxxH2L3WCLaw9FJj7CtQz1HKwYHADjL4El%26id%3D61559784217848&#038;show_text=true&#038;width=500\" width=\"500\" height=\"792\" style=\"border:none;overflow:hidden\" scrolling=\"no\" frameborder=\"0\" allowfullscreen=\"true\" allow=\"autoplay; clipboard-write; encrypted-media; picture-in-picture; web-share\"><\/iframe>\n\n\n\n<p>En la prisi\u00f3n de Taco Taco, en Artemisa, las denuncias convergen en un nombre: el primer teniente Fabelo, jefe de Orden Interior. <\/p>\n\n\n\n<p>Fuentes del sistema penitenciario lo se\u00f1alan por golpear a cinco reclusos esposados \u2014incluyendo ancianos\u2014 y por agredir a militares que intentaron frenarlo, presuntamente bajo los efectos del alcohol. <\/p>\n\n\n\n<p>No hubo sanciones. Por el contrario, la protecci\u00f3n habr\u00eda llegado desde m\u00e1s arriba: el teniente coronel Carlos Quintana, jefe provincial de prisiones, y su segundo, Juan Ram\u00f3n Castillo, encubrieron el caso, seg\u00fan los testimonios. A este cuadro se suma una acusaci\u00f3n de acoso sexual en el sal\u00f3n de visitas contra una familiar de un preso. En los pasillos del penal, dicen, Fabelo se llama a s\u00ed mismo \u201cEl Rey\u201d. La palabra no es solo un exceso de ego: en un espacio cerrado, vulnerable, ese autorretrato explica una l\u00f3gica de impunidad.<\/p>\n\n\n\n<iframe loading=\"lazy\" src=\"https:\/\/www.facebook.com\/plugins\/post.php?href=https%3A%2F%2Fwww.facebook.com%2Fpermalink.php%3Fstory_fbid%3Dpfbid0XG7JEtmsaPDNAZ6nHQMHmBotmcn8D3hYU2uiRShUk1iHqpvzuBScDZi7g36FwCfnl%26id%3D61559784217848&#038;show_text=true&#038;width=500\" width=\"500\" height=\"756\" style=\"border:none;overflow:hidden\" scrolling=\"no\" frameborder=\"0\" allowfullscreen=\"true\" allow=\"autoplay; clipboard-write; encrypted-media; picture-in-picture; web-share\"><\/iframe>\n\n\n\n<p>En Villa Clara, la lista de nombres y pr\u00e1cticas se alarga. <\/p>\n\n\n\n<p>Al frente de la Prisi\u00f3n Pendiente de Santa Clara, Yurianis Spek aparece retratado como un jefe que tolera, encubre o participa en conductas ilegales. Los denunciantes describen venta de turnos de visita y de pabellones conyugales, v\u00ednculos impropios con familiares de reclusos, y cobros en especie a cambio de favores. <\/p>\n\n\n\n<iframe loading=\"lazy\" src=\"https:\/\/www.facebook.com\/plugins\/post.php?href=https%3A%2F%2Fwww.facebook.com%2Fpermalink.php%3Fstory_fbid%3Dpfbid02nsnfodXnxGAfkShRW2uZCXcmrNHJfCSRcM1TFYsUYcF2Tb24DRyFJFwYGXzcZEPkl%26id%3D61559784217848&#038;show_text=true&#038;width=500\" width=\"500\" height=\"756\" style=\"border:none;overflow:hidden\" scrolling=\"no\" frameborder=\"0\" allowfullscreen=\"true\" allow=\"autoplay; clipboard-write; encrypted-media; picture-in-picture; web-share\"><\/iframe>\n\n\n\n<p>Relatan que permite el ingreso de tel\u00e9fonos y otros art\u00edculos para luego manipular los hechos.<\/p>\n\n\n\n<p> El jefe de Orden Interior en esa misma prisi\u00f3n, \u00c1ngel Figueroa Redondeaow (debe estar mal escrito y correctamente ser\u00eda Rigondeaux), es se\u00f1alado como c\u00f3mplice de esa trama y como responsable directo de castigos y arbitrariedades. Un episodio concentra la gravedad del descontrol: ante el hallazgo de un celular, se habr\u00edan impuesto castigos colectivos a 17 presos; uno termin\u00f3 en la enfermer\u00eda con lesiones en el rostro. <\/p>\n\n\n\n<iframe loading=\"lazy\" src=\"https:\/\/www.facebook.com\/plugins\/post.php?href=https%3A%2F%2Fwww.facebook.com%2Fpermalink.php%3Fstory_fbid%3Dpfbid0rb9ijH8RHr2J3N8ZaTSfmVQGZKrLG4GmHFKbSPoSxFQjKHfx8mDeYmsgCUCjcqEpl%26id%3D61559784217848&#038;show_text=true&#038;width=500\" width=\"500\" height=\"756\" style=\"border:none;overflow:hidden\" scrolling=\"no\" frameborder=\"0\" allowfullscreen=\"true\" allow=\"autoplay; clipboard-write; encrypted-media; picture-in-picture; web-share\"><\/iframe>\n\n\n\n<p>Otra denuncia relata que Figueroa practic\u00f3 una requisa f\u00edsica a una menor, una violaci\u00f3n expl\u00edcita de las normas que reservan ese procedimiento para personal femenino. A pesar de las quejas, lo que flota en el ambiente no es la palabra sanci\u00f3n, sino la palabra promoci\u00f3n: se afirma que podr\u00eda ser ascendido.<\/p>\n\n\n\n<p>El propio penal de Santa Clara suma otra figura a este mapa: Islander Laffita Turro, funcionario de Orden Interior. <\/p>\n\n\n\n<p>Los testimonios lo dibujan como un extorsionador cotidiano que exige a los presos comida, art\u00edculos de aseo y otros recursos personales bajo amenazas. El que se niega, recibe golpizas o sanciones. No hay sofisticaci\u00f3n en ese mecanismo, pero s\u00ed un indicador de deterioro: cuando la autoridad vende protecci\u00f3n, el Estado deja de ser Estado para convertirse en un mercado de favores y miedos. <\/p>\n\n\n\n<iframe loading=\"lazy\" src=\"https:\/\/www.facebook.com\/plugins\/post.php?href=https%3A%2F%2Fwww.facebook.com%2Fpermalink.php%3Fstory_fbid%3Dpfbid0ESD1VrTofWQP7PHFXCxgc5DYUtkqPeZV2jHqYe5iidQzDU7aS2PRTJf27xBa42vgl%26id%3D61559784217848&#038;show_text=true&#038;width=500\" width=\"500\" height=\"755\" style=\"border:none;overflow:hidden\" scrolling=\"no\" frameborder=\"0\" allowfullscreen=\"true\" allow=\"autoplay; clipboard-write; encrypted-media; picture-in-picture; web-share\"><\/iframe>\n\n\n\n<p>En paralelo, los familiares describen un reglamento que se aplica como castigo: restricciones arbitrarias para la entrada de alimentos o de productos sellados, medidas que impactan en la nutrici\u00f3n y la salud de una poblaci\u00f3n ya golpeada por la precariedad.<\/p>\n\n\n\n<div style=\"position:relative;width:100%;max-width:420px;aspect-ratio:9\/16;\">\n  <iframe\n    style=\"position:absolute;inset:0;border:none;overflow:hidden;width:100%;height:100%;\"\n    scrolling=\"no\"\n    frameborder=\"0\"\n    allowfullscreen=\"true\"\n    allow=\"autoplay; clipboard-write; encrypted-media; picture-in-picture; web-share\"\n    src=\"https:\/\/www.facebook.com\/plugins\/video.php?href=https%3A%2F%2Fwww.facebook.com%2Freel%2F2006854010152182%2F&#038;show_text=false&#038;height=640\">\n  <\/iframe>\n<\/div>\n\n\n\n<!-- Reel de Facebook -->\n<div style=\"position:relative;width:100%;max-width:420px;aspect-ratio:9\/16;\">\n  <iframe\n    style=\"position:absolute;inset:0;border:none;overflow:hidden;width:100%;height:100%;\"\n    scrolling=\"no\"\n    frameborder=\"0\"\n    allowfullscreen=\"true\"\n    allow=\"autoplay; clipboard-write; encrypted-media; picture-in-picture; web-share\"\n    src=\"https:\/\/www.facebook.com\/plugins\/video.php?href=https%3A%2F%2Fwww.facebook.com%2Freel%2F1383625813183543%2F&#038;show_text=false&#038;height=640\">\n  <\/iframe>\n<\/div>\n\n\n\n\n<p>Tambi\u00e9n llega una denuncia desde Mayabeque, en la prisi\u00f3n de Panam\u00e1, en G\u00fcines, destinada a reclusos con VIH o a la comunidad homosexual. <\/p>\n\n\n\n<p>El testimonio an\u00f3nimo habla de chinches, de falta de medicamentos, de desnutrici\u00f3n y de un abandono que obliga a las familias a asumir alimentos y tratamientos. Un joven ingresado hace pocos meses estar\u00eda perdiendo peso y fuerzas, sin atenci\u00f3n adecuada. No se trata solo de pobreza material; es la renuncia a un est\u00e1ndar m\u00ednimo de humanidad con enfermos cuyo cuidado requiere continuidad y recursos. La denuncia pone luz sobre un punto ciego: quienes cargan un estigma sanitario arrastran, adem\u00e1s, el de un sistema que los invisibiliza tras los muros.<\/p>\n\n\n\n<iframe loading=\"lazy\" src=\"https:\/\/www.facebook.com\/plugins\/post.php?href=https%3A%2F%2Fwww.facebook.com%2Fpermalink.php%3Fstory_fbid%3Dpfbid0rJ1H4hGuNqa5VL9KbHisK5UtsJbkJUFtYLzfeBG1u6AM6XhD3WWkFFmCFMSAWYBhl%26id%3D61559784217848&#038;show_text=true&#038;width=500\" width=\"500\" height=\"513\" style=\"border:none;overflow:hidden\" scrolling=\"no\" frameborder=\"0\" allowfullscreen=\"true\" allow=\"autoplay; clipboard-write; encrypted-media; picture-in-picture; web-share\"><\/iframe>\n\n\n\n<p>Fuera del universo penitenciario, la crisis sanitaria asoma sin filtros. En Cienfuegos, el Hospital Pedi\u00e1trico Provincial amanece colapsado, seg\u00fan reportes ciudadanos, con ni\u00f1os de varias edades congestionando el cuerpo de guardia. <\/p>\n\n\n\n<p>La gente habla de focos activos de un virus a\u00fan no identificado, de fiebre alta que no cede, de consultas a la luz de linternas por falta de combustible para las plantas, de bl\u00edsteres de dipirona pagados a precios inalcanzables. <\/p>\n\n\n\n<p>Lo que no llega es una explicaci\u00f3n clara de las autoridades. En las voces de vecinos se repiten las causas: agua turbia, microvertederos, mosquitos sin control, ausencia de fumigaci\u00f3n. Hay quien cuenta que, pese a la saturaci\u00f3n, recibi\u00f3 buena atenci\u00f3n. Hay quien recuerda que la ciudad entera est\u00e1 enferma. En ambos extremos late una certeza: sin transparencia y sin saneamiento, el virus no tiene contrapeso.<\/p>\n\n\n\n<iframe loading=\"lazy\" src=\"https:\/\/www.facebook.com\/plugins\/post.php?href=https%3A%2F%2Fwww.facebook.com%2Fpermalink.php%3Fstory_fbid%3Dpfbid02HN2dj1pHgtG3aC8az3M45yiAoLnbBoSGGWt4zQoLqMNASdUx9yHu5tQYgzgSEB5El%26id%3D61559784217848&#038;show_text=true&#038;width=500\" width=\"500\" height=\"489\" style=\"border:none;overflow:hidden\" scrolling=\"no\" frameborder=\"0\" allowfullscreen=\"true\" allow=\"autoplay; clipboard-write; encrypted-media; picture-in-picture; web-share\"><\/iframe>\n\n\n\n<p>La muerte de Jos\u00e9 Mesa, un anciano de Flor de Mayo, Santa Cruz del Sur, en Camag\u00fcey, ofrece la escena m\u00e1s cruda del deterioro. <\/p>\n\n\n\n<p>Estaba reportado de grave por una gangrena que empez\u00f3 en un dedo y subi\u00f3 por la pierna. Su nieto, Yuniel Mese, narr\u00f3 que la familia esper\u00f3 m\u00e1s de 24 horas por una ambulancia para trasladarlo al hospital provincial. Recorrieron oficinas, escucharon promesas. La ambulancia lleg\u00f3 al fin, ya de noche; en el hospital les dijeron que era tarde, que no resistir\u00eda una amputaci\u00f3n. Jos\u00e9 Mesa muri\u00f3 a la ma\u00f1ana siguiente. La pregunta que deja ese final no es ret\u00f3rica: cu\u00e1ntas vidas se pierden no por falta de conocimiento m\u00e9dico, sino por un engranaje log\u00edstico oxidado, por la ausencia de un veh\u00edculo a tiempo, por una cadena de mando que reacciona cuando el reloj ya no cuenta.<\/p>\n\n\n\n<iframe loading=\"lazy\" src=\"https:\/\/www.facebook.com\/plugins\/post.php?href=https%3A%2F%2Fwww.facebook.com%2Fjseluis.tanestrada%2Fposts%2Fpfbid02BQVF6YCGVAJjKnsW1oexjjGP3Nk8JUzWWvX2kSB1sx6AomFF7yKfkPzbCTurxLxwl&#038;show_text=true&#038;width=500\" width=\"500\" height=\"704\" style=\"border:none;overflow:hidden\" scrolling=\"no\" frameborder=\"0\" allowfullscreen=\"true\" allow=\"autoplay; clipboard-write; encrypted-media; picture-in-picture; web-share\"><\/iframe>\n\n\n\n<p>Los casos aqu\u00ed reunidos, denunciados por los activistas e informadores cubanos Niover Licea y Jos\u00e9 Luis Tan Estrada, forman un mismo cuadro, aunque sucedan en provincias distintas y con actores distintos. <\/p>\n\n\n\n<p>En el servicio militar de un muchacho de 18 a\u00f1os, en los pasillos de Taco Taco, en la Prisi\u00f3n Pendiente de Santa Clara, en la c\u00e1rcel de Panam\u00e1 en G\u00fcines, en el cuerpo de guardia pedi\u00e1trico de Cienfuegos y en la sala donde un anciano esper\u00f3 una ambulancia, se repiten palabras como abuso, abandono, extorsi\u00f3n, castigo, silencio. <\/p>\n\n\n\n<p>Y se repiten, tambi\u00e9n, los nombres de quienes deber\u00edan responder: jefes de prisi\u00f3n se\u00f1alados como Yurianis Spek, \u00c1ngel Figueroa \u00abRedondeaow\u00bb, Islander Laffita Turro y el primer teniente Fabelo, amparados, seg\u00fan denuncias, por superiores como Carlos Quintana y Juan Ram\u00f3n Castillo. La exposici\u00f3n de esos rostros no es un acto de venganza: es una forma de registro p\u00fablico cuando las v\u00edas institucionales fallan o se cierran.<\/p>\n\n\n\n<p><\/p>\n","protected":false},"excerpt":{"rendered":"<p>Los casos aqu\u00ed reunidos, denunciados por los activistas e informadores cubanos Niover Licea y Jos\u00e9 Luis Tan Estrada, forman un mismo cuadro, aunque sucedan en provincias distintas y con actores distintos. En el servicio militar de un muchacho de 18 a\u00f1os, en los pasillos de Taco Taco, en la Prisi\u00f3n Pendiente de Santa Clara, en la c\u00e1rcel de Panam\u00e1 en G\u00fcines, en el cuerpo de guardia pedi\u00e1trico de Cienfuegos y en la sala donde un anciano esper\u00f3 una ambulancia, se repiten palabras como abuso, abandono, extorsi\u00f3n, castigo, silencio. Y se repiten, tambi\u00e9n, los nombres de quienes deber\u00edan responder: jefes de prisi\u00f3n se\u00f1alados como Yurianis Spek, \u00c1ngel Figueroa \u00abRedondeaow\u00bb, Islander Laffita Turro y el primer teniente Fabelo, amparados, seg\u00fan denuncias, por superiores como Carlos Quintana y Juan Ram\u00f3n Castillo. La exposici\u00f3n de esos rostros no es un acto de venganza: es una forma de registro p\u00fablico cuando las v\u00edas institucionales fallan o se cierran.<\/p>\n","protected":false},"author":13,"featured_media":222941,"comment_status":"open","ping_status":"closed","sticky":false,"template":"","format":"standard","meta":{"_acf_changed":false,"footnotes":""},"categories":[18,955],"tags":[4675,1765,2171,29,6487,11,2864,21979,5861,22793,13300,17639,11870,323],"class_list":{"0":"post-222930","1":"post","2":"type-post","3":"status-publish","4":"format-standard","5":"has-post-thumbnail","7":"category-noticias","8":"category-noticias-de-cuba","9":"tag-abuso-de-poder","10":"tag-artemisa","11":"tag-camaguey","12":"tag-cienfuegos","13":"tag-corrupcion","14":"tag-cuba","15":"tag-derechos-humanos","16":"tag-mala-praxis","17":"tag-mayabeque","18":"tag-negligencia","19":"tag-prisiones","20":"tag-salud-publica","21":"tag-servicio-militar","22":"tag-villa-clara"},"acf":[],"yoast_head":"<!-- This site is optimized with the Yoast SEO plugin v27.4 - https:\/\/yoast.com\/product\/yoast-seo-wordpress\/ -->\n<title>Denuncian desde la isla mala praxis en hospitales y prisiones - Cuballama Noticias<\/title>\n<meta name=\"description\" content=\"Denuncias desde la isla sobre malos tratos en Hospitales y Prisiones. Varios rostros son expuestos. Tres de ellos, en Villa Clara\" \/>\n<meta name=\"robots\" content=\"index, follow, max-snippet:-1, max-image-preview:large, max-video-preview:-1\" \/>\n<link rel=\"canonical\" href=\"https:\/\/www.cuballama.com\/noticias\/denuncian-desde-la-isla-mala-praxis-en-hospitales-y-prisiones\/\" \/>\n<meta property=\"og:locale\" content=\"es_ES\" \/>\n<meta property=\"og:type\" content=\"article\" \/>\n<meta property=\"og:title\" content=\"Denuncian desde la isla mala praxis en hospitales y prisiones - Cuballama Noticias\" \/>\n<meta property=\"og:description\" content=\"Denuncias desde la isla sobre malos tratos en Hospitales y Prisiones. Varios rostros son expuestos. Tres de ellos, en Villa Clara\" \/>\n<meta property=\"og:url\" content=\"https:\/\/www.cuballama.com\/noticias\/denuncian-desde-la-isla-mala-praxis-en-hospitales-y-prisiones\/\" \/>\n<meta property=\"og:site_name\" content=\"Cuballama Noticias\" \/>\n<meta property=\"article:publisher\" content=\"https:\/\/www.facebook.com\/CubaLlama\" \/>\n<meta property=\"article:published_time\" content=\"2025-10-19T12:54:11+00:00\" \/>\n<meta property=\"article:modified_time\" content=\"2025-10-19T12:54:14+00:00\" \/>\n<meta property=\"og:image\" content=\"https:\/\/cdn1.mediawpaccore.net\/wp-content\/uploads\/2025\/10\/16081542\/image-69.png\" \/>\n\t<meta property=\"og:image:width\" content=\"1978\" \/>\n\t<meta property=\"og:image:height\" content=\"1044\" \/>\n\t<meta property=\"og:image:type\" content=\"image\/png\" \/>\n<meta name=\"author\" content=\"Roberto A.\" \/>\n<meta name=\"twitter:card\" content=\"summary_large_image\" \/>\n<meta name=\"twitter:creator\" content=\"@cuballama\" \/>\n<meta name=\"twitter:site\" content=\"@cuballama\" \/>\n<meta name=\"twitter:label1\" content=\"Escrito por\" \/>\n\t<meta name=\"twitter:data1\" content=\"Roberto A.\" \/>\n\t<meta name=\"twitter:label2\" content=\"Tiempo de lectura\" \/>\n\t<meta name=\"twitter:data2\" content=\"7 minutos\" \/>\n<script type=\"application\/ld+json\" class=\"yoast-schema-graph\">{\"@context\":\"https:\\\/\\\/schema.org\",\"@graph\":[{\"@type\":\"Article\",\"@id\":\"https:\\\/\\\/www.cuballama.com\\\/noticias\\\/denuncian-desde-la-isla-mala-praxis-en-hospitales-y-prisiones\\\/#article\",\"isPartOf\":{\"@id\":\"https:\\\/\\\/www.cuballama.com\\\/noticias\\\/denuncian-desde-la-isla-mala-praxis-en-hospitales-y-prisiones\\\/\"},\"author\":{\"name\":\"Roberto A.\",\"@id\":\"https:\\\/\\\/www.cuballama.com\\\/noticias\\\/#\\\/schema\\\/person\\\/a58502ed4146c8e9f83872e897c76cd2\"},\"headline\":\"Denuncian desde la isla mala praxis en hospitales y prisiones\",\"datePublished\":\"2025-10-19T12:54:11+00:00\",\"dateModified\":\"2025-10-19T12:54:14+00:00\",\"mainEntityOfPage\":{\"@id\":\"https:\\\/\\\/www.cuballama.com\\\/noticias\\\/denuncian-desde-la-isla-mala-praxis-en-hospitales-y-prisiones\\\/\"},\"wordCount\":1395,\"commentCount\":0,\"publisher\":{\"@id\":\"https:\\\/\\\/www.cuballama.com\\\/noticias\\\/#organization\"},\"image\":{\"@id\":\"https:\\\/\\\/www.cuballama.com\\\/noticias\\\/denuncian-desde-la-isla-mala-praxis-en-hospitales-y-prisiones\\\/#primaryimage\"},\"thumbnailUrl\":\"https:\\\/\\\/cdn1.mediawpaccore.net\\\/wp-content\\\/uploads\\\/2025\\\/10\\\/16081542\\\/image-69.png\",\"keywords\":[\"abuso de poder\",\"Artemisa\",\"Camag\u00fcey\",\"cienfuegos\",\"Corrupci\u00f3n\",\"Cuba\",\"derechos humanos\",\"mala praxis\",\"Mayabeque\",\"Negligencia\",\"Prisiones\",\"salud p\u00fablica\",\"servicio militar\",\"Villa Clara\"],\"articleSection\":[\"Noticias\",\"Noticias de Cuba\"],\"inLanguage\":\"es\",\"potentialAction\":[{\"@type\":\"CommentAction\",\"name\":\"Comment\",\"target\":[\"https:\\\/\\\/www.cuballama.com\\\/noticias\\\/denuncian-desde-la-isla-mala-praxis-en-hospitales-y-prisiones\\\/#respond\"]}]},{\"@type\":\"WebPage\",\"@id\":\"https:\\\/\\\/www.cuballama.com\\\/noticias\\\/denuncian-desde-la-isla-mala-praxis-en-hospitales-y-prisiones\\\/\",\"url\":\"https:\\\/\\\/www.cuballama.com\\\/noticias\\\/denuncian-desde-la-isla-mala-praxis-en-hospitales-y-prisiones\\\/\",\"name\":\"Denuncian desde la isla mala praxis en hospitales y prisiones - Cuballama Noticias\",\"isPartOf\":{\"@id\":\"https:\\\/\\\/www.cuballama.com\\\/noticias\\\/#website\"},\"primaryImageOfPage\":{\"@id\":\"https:\\\/\\\/www.cuballama.com\\\/noticias\\\/denuncian-desde-la-isla-mala-praxis-en-hospitales-y-prisiones\\\/#primaryimage\"},\"image\":{\"@id\":\"https:\\\/\\\/www.cuballama.com\\\/noticias\\\/denuncian-desde-la-isla-mala-praxis-en-hospitales-y-prisiones\\\/#primaryimage\"},\"thumbnailUrl\":\"https:\\\/\\\/cdn1.mediawpaccore.net\\\/wp-content\\\/uploads\\\/2025\\\/10\\\/16081542\\\/image-69.png\",\"datePublished\":\"2025-10-19T12:54:11+00:00\",\"dateModified\":\"2025-10-19T12:54:14+00:00\",\"description\":\"Denuncias desde la isla sobre malos tratos en Hospitales y Prisiones. Varios rostros son expuestos. Tres de ellos, en Villa Clara\",\"breadcrumb\":{\"@id\":\"https:\\\/\\\/www.cuballama.com\\\/noticias\\\/denuncian-desde-la-isla-mala-praxis-en-hospitales-y-prisiones\\\/#breadcrumb\"},\"inLanguage\":\"es\",\"potentialAction\":[{\"@type\":\"ReadAction\",\"target\":[\"https:\\\/\\\/www.cuballama.com\\\/noticias\\\/denuncian-desde-la-isla-mala-praxis-en-hospitales-y-prisiones\\\/\"]}]},{\"@type\":\"ImageObject\",\"inLanguage\":\"es\",\"@id\":\"https:\\\/\\\/www.cuballama.com\\\/noticias\\\/denuncian-desde-la-isla-mala-praxis-en-hospitales-y-prisiones\\\/#primaryimage\",\"url\":\"https:\\\/\\\/cdn1.mediawpaccore.net\\\/wp-content\\\/uploads\\\/2025\\\/10\\\/16081542\\\/image-69.png\",\"contentUrl\":\"https:\\\/\\\/cdn1.mediawpaccore.net\\\/wp-content\\\/uploads\\\/2025\\\/10\\\/16081542\\\/image-69.png\",\"width\":1978,\"height\":1044,\"caption\":\"Seg\u00fan el influencer, activista y comunicador Niover Licea, estos ser\u00edan algunos de los represores que, desde las c\u00e1rceles cubanas, hacen uso del poder para reprimir a los reos. Foto: Collage \\\/ @nioreportandouncrimen\"},{\"@type\":\"BreadcrumbList\",\"@id\":\"https:\\\/\\\/www.cuballama.com\\\/noticias\\\/denuncian-desde-la-isla-mala-praxis-en-hospitales-y-prisiones\\\/#breadcrumb\",\"itemListElement\":[{\"@type\":\"ListItem\",\"position\":1,\"name\":\"Home\",\"item\":\"https:\\\/\\\/www.cuballama.com\\\/noticias\\\/\"},{\"@type\":\"ListItem\",\"position\":2,\"name\":\"Denuncian desde la isla mala praxis en hospitales y prisiones\"}]},{\"@type\":\"WebSite\",\"@id\":\"https:\\\/\\\/www.cuballama.com\\\/noticias\\\/#website\",\"url\":\"https:\\\/\\\/www.cuballama.com\\\/noticias\\\/\",\"name\":\"Cuballama Noticias\",\"description\":\"Medio digital sobre Cuba y el mundo\",\"publisher\":{\"@id\":\"https:\\\/\\\/www.cuballama.com\\\/noticias\\\/#organization\"},\"potentialAction\":[{\"@type\":\"SearchAction\",\"target\":{\"@type\":\"EntryPoint\",\"urlTemplate\":\"https:\\\/\\\/www.cuballama.com\\\/noticias\\\/?s={search_term_string}\"},\"query-input\":{\"@type\":\"PropertyValueSpecification\",\"valueRequired\":true,\"valueName\":\"search_term_string\"}}],\"inLanguage\":\"es\"},{\"@type\":\"Organization\",\"@id\":\"https:\\\/\\\/www.cuballama.com\\\/noticias\\\/#organization\",\"name\":\"Cuballama\",\"url\":\"https:\\\/\\\/www.cuballama.com\\\/noticias\\\/\",\"logo\":{\"@type\":\"ImageObject\",\"inLanguage\":\"es\",\"@id\":\"https:\\\/\\\/www.cuballama.com\\\/noticias\\\/#\\\/schema\\\/logo\\\/image\\\/\",\"url\":\"https:\\\/\\\/cdn1.mediawpaccore.net\\\/wp-content\\\/uploads\\\/2021\\\/12\\\/28171206\\\/cbll-logo-color-sm.png\",\"contentUrl\":\"https:\\\/\\\/cdn1.mediawpaccore.net\\\/wp-content\\\/uploads\\\/2021\\\/12\\\/28171206\\\/cbll-logo-color-sm.png\",\"width\":600,\"height\":133,\"caption\":\"Cuballama\"},\"image\":{\"@id\":\"https:\\\/\\\/www.cuballama.com\\\/noticias\\\/#\\\/schema\\\/logo\\\/image\\\/\"},\"sameAs\":[\"https:\\\/\\\/www.facebook.com\\\/CubaLlama\",\"https:\\\/\\\/x.com\\\/cuballama\",\"https:\\\/\\\/www.instagram.com\\\/stories\\\/cuballama_oficial\\\/\",\"https:\\\/\\\/www.youtube.com\\\/channel\\\/UCKkFE-d_axENGZcrc4as0IA\"]},{\"@type\":\"Person\",\"@id\":\"https:\\\/\\\/www.cuballama.com\\\/noticias\\\/#\\\/schema\\\/person\\\/a58502ed4146c8e9f83872e897c76cd2\",\"name\":\"Roberto A.\",\"description\":\"Roberto A. Periodista por decisi\u00f3n propia. Interesado en cualquier tema que me apasione y cada vez m\u00e1s comprometido con la verdad y la objetividad period\u00edstica. Graduado en La Habana hace ya muchos a\u00f1os, luego de una accidentada y polvorienta b\u00fasqueda de informaci\u00f3n sobre un tema in\u00e9dito. La Tesis, por cierto, desapareci\u00f3 de la biblioteca y no se conservan copias de la misma.\",\"url\":\"https:\\\/\\\/www.cuballama.com\\\/noticias\\\/author\\\/roberto\\\/\"}]}<\/script>\n<!-- \/ Yoast SEO plugin. -->","yoast_head_json":{"title":"Denuncian desde la isla mala praxis en hospitales y prisiones - Cuballama Noticias","description":"Denuncias desde la isla sobre malos tratos en Hospitales y Prisiones. Varios rostros son expuestos. Tres de ellos, en Villa Clara","robots":{"index":"index","follow":"follow","max-snippet":"max-snippet:-1","max-image-preview":"max-image-preview:large","max-video-preview":"max-video-preview:-1"},"canonical":"https:\/\/www.cuballama.com\/noticias\/denuncian-desde-la-isla-mala-praxis-en-hospitales-y-prisiones\/","og_locale":"es_ES","og_type":"article","og_title":"Denuncian desde la isla mala praxis en hospitales y prisiones - Cuballama Noticias","og_description":"Denuncias desde la isla sobre malos tratos en Hospitales y Prisiones. Varios rostros son expuestos. Tres de ellos, en Villa Clara","og_url":"https:\/\/www.cuballama.com\/noticias\/denuncian-desde-la-isla-mala-praxis-en-hospitales-y-prisiones\/","og_site_name":"Cuballama Noticias","article_publisher":"https:\/\/www.facebook.com\/CubaLlama","article_published_time":"2025-10-19T12:54:11+00:00","article_modified_time":"2025-10-19T12:54:14+00:00","og_image":[{"width":1978,"height":1044,"url":"https:\/\/cdn1.mediawpaccore.net\/wp-content\/uploads\/2025\/10\/16081542\/image-69.png","type":"image\/png"}],"author":"Roberto A.","twitter_card":"summary_large_image","twitter_creator":"@cuballama","twitter_site":"@cuballama","twitter_misc":{"Escrito por":"Roberto A.","Tiempo de lectura":"7 minutos"},"schema":{"@context":"https:\/\/schema.org","@graph":[{"@type":"Article","@id":"https:\/\/www.cuballama.com\/noticias\/denuncian-desde-la-isla-mala-praxis-en-hospitales-y-prisiones\/#article","isPartOf":{"@id":"https:\/\/www.cuballama.com\/noticias\/denuncian-desde-la-isla-mala-praxis-en-hospitales-y-prisiones\/"},"author":{"name":"Roberto A.","@id":"https:\/\/www.cuballama.com\/noticias\/#\/schema\/person\/a58502ed4146c8e9f83872e897c76cd2"},"headline":"Denuncian desde la isla mala praxis en hospitales y prisiones","datePublished":"2025-10-19T12:54:11+00:00","dateModified":"2025-10-19T12:54:14+00:00","mainEntityOfPage":{"@id":"https:\/\/www.cuballama.com\/noticias\/denuncian-desde-la-isla-mala-praxis-en-hospitales-y-prisiones\/"},"wordCount":1395,"commentCount":0,"publisher":{"@id":"https:\/\/www.cuballama.com\/noticias\/#organization"},"image":{"@id":"https:\/\/www.cuballama.com\/noticias\/denuncian-desde-la-isla-mala-praxis-en-hospitales-y-prisiones\/#primaryimage"},"thumbnailUrl":"https:\/\/cdn1.mediawpaccore.net\/wp-content\/uploads\/2025\/10\/16081542\/image-69.png","keywords":["abuso de poder","Artemisa","Camag\u00fcey","cienfuegos","Corrupci\u00f3n","Cuba","derechos humanos","mala praxis","Mayabeque","Negligencia","Prisiones","salud p\u00fablica","servicio militar","Villa Clara"],"articleSection":["Noticias","Noticias de Cuba"],"inLanguage":"es","potentialAction":[{"@type":"CommentAction","name":"Comment","target":["https:\/\/www.cuballama.com\/noticias\/denuncian-desde-la-isla-mala-praxis-en-hospitales-y-prisiones\/#respond"]}]},{"@type":"WebPage","@id":"https:\/\/www.cuballama.com\/noticias\/denuncian-desde-la-isla-mala-praxis-en-hospitales-y-prisiones\/","url":"https:\/\/www.cuballama.com\/noticias\/denuncian-desde-la-isla-mala-praxis-en-hospitales-y-prisiones\/","name":"Denuncian desde la isla mala praxis en hospitales y prisiones - Cuballama Noticias","isPartOf":{"@id":"https:\/\/www.cuballama.com\/noticias\/#website"},"primaryImageOfPage":{"@id":"https:\/\/www.cuballama.com\/noticias\/denuncian-desde-la-isla-mala-praxis-en-hospitales-y-prisiones\/#primaryimage"},"image":{"@id":"https:\/\/www.cuballama.com\/noticias\/denuncian-desde-la-isla-mala-praxis-en-hospitales-y-prisiones\/#primaryimage"},"thumbnailUrl":"https:\/\/cdn1.mediawpaccore.net\/wp-content\/uploads\/2025\/10\/16081542\/image-69.png","datePublished":"2025-10-19T12:54:11+00:00","dateModified":"2025-10-19T12:54:14+00:00","description":"Denuncias desde la isla sobre malos tratos en Hospitales y Prisiones. Varios rostros son expuestos. Tres de ellos, en Villa Clara","breadcrumb":{"@id":"https:\/\/www.cuballama.com\/noticias\/denuncian-desde-la-isla-mala-praxis-en-hospitales-y-prisiones\/#breadcrumb"},"inLanguage":"es","potentialAction":[{"@type":"ReadAction","target":["https:\/\/www.cuballama.com\/noticias\/denuncian-desde-la-isla-mala-praxis-en-hospitales-y-prisiones\/"]}]},{"@type":"ImageObject","inLanguage":"es","@id":"https:\/\/www.cuballama.com\/noticias\/denuncian-desde-la-isla-mala-praxis-en-hospitales-y-prisiones\/#primaryimage","url":"https:\/\/cdn1.mediawpaccore.net\/wp-content\/uploads\/2025\/10\/16081542\/image-69.png","contentUrl":"https:\/\/cdn1.mediawpaccore.net\/wp-content\/uploads\/2025\/10\/16081542\/image-69.png","width":1978,"height":1044,"caption":"Seg\u00fan el influencer, activista y comunicador Niover Licea, estos ser\u00edan algunos de los represores que, desde las c\u00e1rceles cubanas, hacen uso del poder para reprimir a los reos. Foto: Collage \/ @nioreportandouncrimen"},{"@type":"BreadcrumbList","@id":"https:\/\/www.cuballama.com\/noticias\/denuncian-desde-la-isla-mala-praxis-en-hospitales-y-prisiones\/#breadcrumb","itemListElement":[{"@type":"ListItem","position":1,"name":"Home","item":"https:\/\/www.cuballama.com\/noticias\/"},{"@type":"ListItem","position":2,"name":"Denuncian desde la isla mala praxis en hospitales y prisiones"}]},{"@type":"WebSite","@id":"https:\/\/www.cuballama.com\/noticias\/#website","url":"https:\/\/www.cuballama.com\/noticias\/","name":"Cuballama Noticias","description":"Medio digital sobre Cuba y el mundo","publisher":{"@id":"https:\/\/www.cuballama.com\/noticias\/#organization"},"potentialAction":[{"@type":"SearchAction","target":{"@type":"EntryPoint","urlTemplate":"https:\/\/www.cuballama.com\/noticias\/?s={search_term_string}"},"query-input":{"@type":"PropertyValueSpecification","valueRequired":true,"valueName":"search_term_string"}}],"inLanguage":"es"},{"@type":"Organization","@id":"https:\/\/www.cuballama.com\/noticias\/#organization","name":"Cuballama","url":"https:\/\/www.cuballama.com\/noticias\/","logo":{"@type":"ImageObject","inLanguage":"es","@id":"https:\/\/www.cuballama.com\/noticias\/#\/schema\/logo\/image\/","url":"https:\/\/cdn1.mediawpaccore.net\/wp-content\/uploads\/2021\/12\/28171206\/cbll-logo-color-sm.png","contentUrl":"https:\/\/cdn1.mediawpaccore.net\/wp-content\/uploads\/2021\/12\/28171206\/cbll-logo-color-sm.png","width":600,"height":133,"caption":"Cuballama"},"image":{"@id":"https:\/\/www.cuballama.com\/noticias\/#\/schema\/logo\/image\/"},"sameAs":["https:\/\/www.facebook.com\/CubaLlama","https:\/\/x.com\/cuballama","https:\/\/www.instagram.com\/stories\/cuballama_oficial\/","https:\/\/www.youtube.com\/channel\/UCKkFE-d_axENGZcrc4as0IA"]},{"@type":"Person","@id":"https:\/\/www.cuballama.com\/noticias\/#\/schema\/person\/a58502ed4146c8e9f83872e897c76cd2","name":"Roberto A.","description":"Roberto A. Periodista por decisi\u00f3n propia. Interesado en cualquier tema que me apasione y cada vez m\u00e1s comprometido con la verdad y la objetividad period\u00edstica. Graduado en La Habana hace ya muchos a\u00f1os, luego de una accidentada y polvorienta b\u00fasqueda de informaci\u00f3n sobre un tema in\u00e9dito. La Tesis, por cierto, desapareci\u00f3 de la biblioteca y no se conservan copias de la misma.","url":"https:\/\/www.cuballama.com\/noticias\/author\/roberto\/"}]}},"_links":{"self":[{"href":"https:\/\/www.cuballama.com\/noticias\/wp-json\/wp\/v2\/posts\/222930","targetHints":{"allow":["GET"]}}],"collection":[{"href":"https:\/\/www.cuballama.com\/noticias\/wp-json\/wp\/v2\/posts"}],"about":[{"href":"https:\/\/www.cuballama.com\/noticias\/wp-json\/wp\/v2\/types\/post"}],"author":[{"embeddable":true,"href":"https:\/\/www.cuballama.com\/noticias\/wp-json\/wp\/v2\/users\/13"}],"replies":[{"embeddable":true,"href":"https:\/\/www.cuballama.com\/noticias\/wp-json\/wp\/v2\/comments?post=222930"}],"version-history":[{"count":6,"href":"https:\/\/www.cuballama.com\/noticias\/wp-json\/wp\/v2\/posts\/222930\/revisions"}],"predecessor-version":[{"id":223225,"href":"https:\/\/www.cuballama.com\/noticias\/wp-json\/wp\/v2\/posts\/222930\/revisions\/223225"}],"wp:featuredmedia":[{"embeddable":true,"href":"https:\/\/www.cuballama.com\/noticias\/wp-json\/wp\/v2\/media\/222941"}],"wp:attachment":[{"href":"https:\/\/www.cuballama.com\/noticias\/wp-json\/wp\/v2\/media?parent=222930"}],"wp:term":[{"taxonomy":"category","embeddable":true,"href":"https:\/\/www.cuballama.com\/noticias\/wp-json\/wp\/v2\/categories?post=222930"},{"taxonomy":"post_tag","embeddable":true,"href":"https:\/\/www.cuballama.com\/noticias\/wp-json\/wp\/v2\/tags?post=222930"}],"curies":[{"name":"wp","href":"https:\/\/api.w.org\/{rel}","templated":true}]}}