{"id":222665,"date":"2025-10-15T09:24:36","date_gmt":"2025-10-15T13:24:36","guid":{"rendered":"https:\/\/www.cuballama.com\/noticias\/?p=222665"},"modified":"2025-10-15T09:24:39","modified_gmt":"2025-10-15T13:24:39","slug":"exclusiva-cienfuegos-vuelve-a-ser-protagonista-de-un-hecho-de-violencia-se-teme-lo-peor-entre-las-familias-involucradas","status":"publish","type":"post","link":"https:\/\/www.cuballama.com\/noticias\/exclusiva-cienfuegos-vuelve-a-ser-protagonista-de-un-hecho-de-violencia-se-teme-lo-peor-entre-las-familias-involucradas\/","title":{"rendered":"EXCLUSIVA: Cienfuegos vuelve a ser protagonista de un hecho de violencia. Se teme lo peor entre las familias involucradas"},"content":{"rendered":"\n<p>En la noche &#8211; madrugada &#8211; del s\u00e1bado para domingo, el malec\u00f3n de Cienfuegos volvi\u00f3 a mostrarse como un lugar sin certezas y ser el escenario de un hecho de violencia. <\/p>\n\n\n\n<p>Un joven identificado por vecinos como Ra\u00eddel Vico \u2014su nombre tambi\u00e9n aparece escrito como Raider o Raydel\u2014 fue hallado con m\u00faltiples lesiones tras un ataque que, seg\u00fan diversas fuentes comunitarias, combin\u00f3 golpes contundentes en la cabeza y heridas por arma blanca; incluso en zonas cercanas a la vena aorta. <\/p>\n\n\n\n<p>Desde entonces, la ciudad transita entre el rumor y la espera. No hay parte oficial sobre los hechos, pero s\u00ed existe un diagn\u00f3stico cl\u00ednico que corr\u00eda de boca en boca: el muchacho estab muy grave, vivo de milagro, sostenido por la obstinaci\u00f3n de un coraz\u00f3n que todav\u00eda no ha fallado. <\/p>\n\n\n\n<p>As\u00ed lo cuenta el influencer y comunicador Niover Licea, quien fue la persona que dio a conocer el hecho:<\/p>\n\n\n\n<iframe loading=\"lazy\" src=\"https:\/\/www.facebook.com\/plugins\/post.php?href=https%3A%2F%2Fwww.facebook.com%2Fpermalink.php%3Fstory_fbid%3Dpfbid08Y3yjfEoF7sHFFSj5zSdPmnhbmJcmCGTBWrRhN1qRegR1GwAHSVZEnorxSf8TnLXl%26id%3D61559784217848&#038;show_text=true&#038;width=500\" width=\"500\" height=\"711\" style=\"border:none;overflow:hidden\" scrolling=\"no\" frameborder=\"0\" allowfullscreen=\"true\" allow=\"autoplay; clipboard-write; encrypted-media; picture-in-picture; web-share\"><\/iframe>\n\n\n\n<!doctype html>\n<html lang=\"es\">\n<head>\n  <meta charset=\"utf-8\" \/>\n  <meta name=\"viewport\" content=\"width=device-width, initial-scale=1\" \/>\n  <title>Embed Reel<\/title>\n<\/head>\n<body>\n  <!-- Contenedor requerido por el SDK -->\n  <div id=\"fb-root\"><\/div>\n\n  <!-- Carga del SDK de Facebook -->\n  <script async defer crossorigin=\"anonymous\"\n    src=\"https:\/\/connect.facebook.net\/es_LA\/sdk.js#xfbml=1&#038;version=v20.0\">\n  <\/script>\n\n  <!-- Embed del Reel -->\n  <div class=\"fb-video\"\n       data-href=\"https:\/\/www.facebook.com\/reel\/1328578962091950\"\n       data-allowfullscreen=\"true\"\n       data-show-text=\"false\"\n       data-width=\"560\">\n  <\/div>\n\n<\/body>\n<\/html>\n\n\n\n<p>A lo largo de los \u00faltimos d\u00edas, familiares y allegados, vecinos fundamentalmente del joven herido, hab\u00edan estado compartiendo de boca en boca testimonios para fijar lo esencial. Los m\u00e9dicos describ\u00edan un cuadro cr\u00edtico: hipotensi\u00f3n persistente, anuria, fallas internas que obligan a un monitoreo minuto a minuto.<\/p>\n\n\n\n<p>\u201cEst\u00e1 en estado cr\u00edtico\u201d, confirmaba un mensaje enviado anoche, cerca de las 8:00pm, desde la barriada de La Juanita, a este redactor; \u201ctiene la tensi\u00f3n muy bajita y todav\u00eda no orina\u201d. Los detalles crudos dibujan la escena que las autoridades a\u00fan no se deciden a contar. <\/p>\n\n\n\n<p>Dos horas m\u00e1s tarde, cerca de las 10:30pm, nuevas fuentes confirmaban que el joven segu\u00eda con vida, aunque en estado cr\u00edtico: \u201cgrave, grave \u2014dicen\u2014, por lo menos hasta ayer todav\u00eda estaba luchando por su vida\u201d. En los grupos de conversaci\u00f3n se hab\u00eda corrido el rumor de su muerte, pero fue desmentido por quienes est\u00e1n cerca: su coraz\u00f3n resiste, y eso basta para mantener la esperanza.<\/p>\n\n\n\n<p>Sin embargo, en horas de la madrugada de hoy, seg\u00fan diversas fuentes, falleci\u00f3.<\/p>\n\n\n\n<p>La ciudad vuelve a mirarse en el espejo inc\u00f3modo de su seguridad. No es el primer episodio que estremece Cienfuegos en 2025 ni parece un caso aislado. La conversaci\u00f3n p\u00fablica repite, con variaciones, una secuencia ya conocida: zonas oscuras por los apagones, ausencia de patrullas en horarios sensibles, j\u00f3venes que salen en grupos para minimizar riesgos, vecinos que recomiendan volver temprano y esquivar ciertas esquinas. \u201c<\/p>\n\n\n\n<p>\u00abEl Prado est\u00e1 en tinieblas\u201d, escriben; \u201cel malec\u00f3n ya no es lo que era\u201d. La sensaci\u00f3n de desprotecci\u00f3n atraviesa los barrios c\u00e9ntricos, y no son pocos los que reclaman medidas simples \u2014c\u00e1maras, rondas visibles, control al porte de armas blancas\u2014 junto a una exigencia m\u00e1s dif\u00edcil: coherencia y prontitud de la justicia.<\/p>\n\n\n\n<p>En Cienfuegos, los hechos de violencia se acumulan este a\u00f1o: el 29 de junio, dos j\u00f3venes \u2014Luardy Aguiar Jim\u00e9nez y Lester Leal\u2014 fueron asesinados a machetazos a las afueras del bar \u201c24\u201d; <a href=\"https:\/\/www.cuballama.com\/noticias\/solicitan-ayuda-para-capturar-responsables-de-un-doble-asesinato-en-cienfuegos\/?srsltid=AfmBOore3nTjcQqfPv4GpHaasPHqvb6pz8VaBwGcHMj32397kIxdo1-m\" target=\"_blank\" rel=\"noreferrer noopener\">primero se pidi\u00f3 ayuda para identificar a los responsables<\/a> y, d\u00edas despu\u00e9s, se inform\u00f3 de capturas y entregas a la polic\u00eda.<\/p>\n\n\n\n<p>Poco despu\u00e9s, en menos de 48 horas del suceso anteriormente descrito, circul\u00f3 un video del momento, otro hecho, en que un joven fue ultimado en plena v\u00eda p\u00fablica en el centro de la ciudad. Ya a finales de julio, otra noticia golpe\u00f3 a la provincia: <a href=\"https:\/\/www.cuballama.com\/noticias\/madre-cubana-muere-asesinada-por-un-convicto-en-cienfuegos\/?srsltid=AfmBOoojeCAvRg6J4tCSDqtQ3Hq45erC3qPHU1jE5W4T7gPiqcMpPQqc\" target=\"_blank\" rel=\"noreferrer noopener\">una madre de 29 a\u00f1os fue asesinada por un convicto en el consejo popular Pastorita<\/a>. Estas secuencias explican por qu\u00e9 los vecinos de Cienfuegos prefieren \u00abrecogerse\u00bb, y la ciudad, otrora conocida por los paseos que daba su gente por el Prado y el Boulevard, parece un fantasma durante el d\u00eda.<\/p>\n\n\n\n<p><strong>Lo que se conoce del hecho<\/strong><\/p>\n\n\n\n<p>La identidad de la v\u00edctima y sus agresores, se ha reconstruido lentamente a partir de las voces que lo conocen. En un principio se dijo que resid\u00eda en la barriada de Reina; mientras que otros lo ubicaban viviendo en la avenida 5 de Septiembre. Sin embargo, testigos m\u00e1s cre\u00edbles precisan que no es exactamente en la avenida donde vive.<\/p>\n\n\n\n<p>\u201cEs en la parada, entras como para el callej\u00f3n, en una de esas casitas\u201d. Vive en el barrio de Las Yeguas, uno de los sectores m\u00e1s humildes de Cienfuegos. Su madre, Claribel, aparece con frecuencia en los mensajes, mencionada con respeto y afecto por quienes le piden fortaleza y fe. Y s\u00ed, son oriundos de Reina.<\/p>\n\n\n\n<p>\u201cVive en mi cuadra, es buen muchacho\u201d, dice un vecino. Una clienta lo recuerda por los trabajos que hac\u00eda con sus manos: \u201cquedaba muy bien\u201d, comenta, como si esa destreza sirviera hoy para medir el tama\u00f1o de la p\u00e9rdida que se teme. <\/p>\n\n\n\n<p>Sin embargo, la parte m\u00e1s peligrosa de esta historia ya se comenta de boca en boca entre los vecinos de La Juanita. M\u00e1s espec\u00edficamente entre aquellos que viven cerca de la piscina ol\u00edmpica, del edificio de \u00abLa Marina\u00bb y del otro, el antiguamente conocido como \u00abLa Cotorra\u00bb.<\/p>\n\n\n\n<p>El agresor ya se\u00f1alado, identificado como Alejandro y conocido como \u00abEl Menor\u00bb, detenido y liberado por ser precisamente menor de edad, vive en la Avenida 48 esquina a 59. Para los m\u00e1s viejos en Cienfuegos: en Dortic\u00f3s esquina a Lealtad. Tiene 16 a\u00f1os &#8211; otras fuentes aseguran que tiene uno menos &#8211; y es \u00abtremenda pieza\u00bb. Seg\u00fan \u00abAurelio\u00bb, vecino suyo, este muchacho desde que lleg\u00f3 al barrio se ha metido en problemas: robo, golpizas y hasta pinchazos.<\/p>\n\n\n\n<p>\u00abSiempre lo sueltan, porque es menor de edad. La familia dice que no sabe qu\u00e9 hacer con \u00e9l. Que est\u00e1 loco\u00bb, afirma \u00abAurelio\u00bb.<\/p>\n\n\n\n<p>\u00abJaime\u00bb, por su parte, dice que esta \u00ablocura\u00bb lo llev\u00f3 hace tres meses a apu\u00f1alar a otra persona. <\/p>\n\n\n\n<p>\u00abSu cu\u00f1ado, que hab\u00eda salido con \u00e9l ese d\u00eda, fue el que se ech\u00f3 la culpa, para que su madre no tuviese que ir presa\u00bb, detalla Jaime. <\/p>\n\n\n\n<p>\u00abGlenda\u00bb, por su parte, nos describe la familia.<\/p>\n\n\n\n<p>\u00abAh\u00ed en esa casa viv\u00eda un se\u00f1or, mayor, y su hija trajo desde Palmira no recuerdo si a la madre del chiquito (Alejandro) o su abuela, para que lo cuidaran. El caso es el que el se\u00f1or, que nunca se enfermaba, de pronto muri\u00f3, y todo el mundo de Palmira vino para la casa y se instalaron. Alegan ahora que no se van a ir de ah\u00ed porque tienen derecho, pero la hija afirma que apenas tuvieron tiempo de \u00abcuidarlo\u00bb, pues muri\u00f3 enseguida y no tienen derecho alguno.\u00bb Glenda afirma que, en el barrio, se rumora que al viejo ni le hicieron autopsia para saber de qu\u00e9 hab\u00eda muerto.<\/p>\n\n\n\n<p>\u00abEra viejo y ya. Ya aqu\u00ed t\u00fa sabes como se vive. No investigaron y aqu\u00ed no son pocos los que piensan que algo \u00abraro\u00bb sucedi\u00f3 ah\u00ed, porque la familia esa es candela. Metralla pura\u00bb.<\/p>\n\n\n\n<p>\u00abEvarista\u00bb, desde Palmira, por su parte, confirma estos temores y a\u00f1ade:<\/p>\n\n\n\n<p>\u00abEs una familia disfuncional por completo. La vieja &#8211; se refiere a la abuela de Alejandro &#8211; tuvo tres hijos con tres hombres diferentes. Uno vive en Estados Unidos, otro en Per\u00fa, y tiene esta hija, la madre del chiquito. El que est\u00e1 en EE.UU. se dice aqu\u00ed que estuvo preso en Cuba. La hija, tiene cuatro muchachos, Alejandro es el menor. Los cuatro son hijos de padres diferentes. Este \u00faltimo, que \u00abcri\u00f3\u00bb a Alejandro, tambi\u00e9n ha estado preso. Las parejas de sus hijas, tambi\u00e9n.\u00bb<\/p>\n\n\n\n<p>\u00abGlenda\u00bb afirma que, ahora mismo, en esa casa hay dos personas que \u00abest\u00e1n en libertad condicional\u00bb viviendo dentro de esa casa. Y apunta a dos de los yernos, aunque afirma que el esposo de la se\u00f1ora abuela, tambi\u00e9n ha estado preso. <\/p>\n\n\n\n<p><strong>El hecho podr\u00eda desembocar a pelea entre las familias, temen vecinos de La Juanita<\/strong><\/p>\n\n\n\n<p>Los rumores del por qu\u00e9 ocurri\u00f3 este hecho violento en Cienfuegos apuntan a que en el pasado, a una hermana de la v\u00edctima le fue robado un celular, presuntamente por una de las hermanas de Alejandro: Melisa P\u00e9rez. El hecho, en su momento, no transcurri\u00f3 a mayores, pero el pasado s\u00e1bado, Alejandro y otros dos muchachos m\u00e1s, uno de ellos conocido como Iromis que vive por el Bar Pedro, Avenida 60 y Calle 75, se encontraron con la v\u00edctima y aquel hecho resurgi\u00f3. <\/p>\n\n\n\n<p>\u00abHubo dos broncas, primero lo patearon, tantas veces que lo dejaron ah\u00ed tirado. Luego volvieron y se lo llevaron arrastrado para atr\u00e1s de la Plaza y all\u00ed lo apu\u00f1alaron,\u00bb cuenta \u00abErnesto\u00bb.<\/p>\n\n\n\n<p>\u00abErnesto\u00bb asegura que uno de los tres, se entreg\u00f3 y est\u00e1 preso, pero no est\u00e1 seguro si es Iromis, pues el rumor en el barrio es que el que est\u00e1 detenido \u00abvive en Tulip\u00e1n\u00bb. La calle 75, donde est\u00e1 ubicado el conocido Bar Pedro es el l\u00edmite referencial entre La Juanita y Tulip\u00e1n; por ese motivo puede que se hable de la misma persona.<\/p>\n\n\n\n<p>\u00abEl Menor\u00bb (Alejandro) tambi\u00e9n fue detenido pero fue liberado 24 horas despu\u00e9s por ser menor de edad. Queda otra persona, no identificada hasta el momento, en libertad y pr\u00f3fugo.<\/p>\n\n\n\n<p>\u00abSaben qui\u00e9nes son, porque los identificaron por las c\u00e1maras de la PNR que est\u00e1n instaladas en el Malec\u00f3n,\u00bb concluye diciendo \u00abErnesto\u00bb.<\/p>\n\n\n\n<p>\u00abGlenda\u00bb asegura por su parte que \u00ablo peor no ha pasado\u00bb, y no se refiere a la muerte de Raydel.<\/p>\n\n\n\n<p>\u00abLa familia dice que va a tomar represalias. Aqu\u00ed todo el mundo est\u00e1 espectante. Ellos solo estaban esperando que una hermana de Raydel que vive en los Estados Unidos viniera, y ya vino. La familia de Alejandro, se refiere a \u00ablos delincuentes de Palmira\u00bb, est\u00e1n atrincherados en la casa. No salen. Est\u00e1n<em> ensillaos<\/em>, y con machetes detr\u00e1s de la puerta. Los otros tambi\u00e9n andan por el Callej\u00f3n con cuchillos encima. <\/p>\n\n\n\n<p>\u00abEn cualquier momento se forma aqu\u00ed la de San Quint\u00edn,\u00bb asegura no sin temor.<\/p>\n\n\n\n<p>Lo m\u00e1s curioso de todo eso es que, a pesar de la tensi\u00f3n que se vive en el barrio, por all\u00ed no hay ni un alma policial.<\/p>\n\n\n\n<p>Una cuadra m\u00e1s arriba, en 63, justo frente por frente al Supermercado Arizona y la antigua Cervecera Piloto, hay una Unidad de la PNR.<\/p>\n\n\n\n<p><em>pd: los nombres de las diversas fuentes que contribuyeron a la realizaci\u00f3n de esta nota aparecen entrecomillados porque no son sus nombres reales. Se procedi\u00f3 as\u00ed para proteger sus identidades, dado que as\u00ed lo pidieron, para evitar represalias.<\/em><\/p>\n\n\n\n<p><\/p>\n","protected":false},"excerpt":{"rendered":"<p>Un hecho de violencia que podr\u00eda desembocar en otro peor: la familia del joven apu\u00f1alado quiere vengarse de lo sucedido.<\/p>\n","protected":false},"author":13,"featured_media":133536,"comment_status":"open","ping_status":"closed","sticky":false,"template":"","format":"standard","meta":{"_acf_changed":false,"footnotes":""},"categories":[18,955],"tags":[28597,3963,23922,28605,28604,23901,22821,11742,9339,28598,28599,11017,28600,28602],"class_list":{"0":"post-222665","1":"post","2":"type-post","3":"status-publish","4":"format-standard","5":"has-post-thumbnail","7":"category-noticias","8":"category-noticias-de-cuba","9":"tag-ataques-con-arma-blanca","10":"tag-criminalidad","11":"tag-crisis-social","12":"tag-delitos-en-cuba-2025","13":"tag-desproteccion-ciudadana","14":"tag-impunidad","15":"tag-inseguridad-ciudadana","16":"tag-jovenes-cubanos-2","17":"tag-justicia-en-cuba","18":"tag-malecon-de-cienfuegos","19":"tag-raidel-vico","20":"tag-superdestacado","21":"tag-violencia-en-cienfuegos","22":"tag-violencia-urbana"},"acf":[],"yoast_head":"<!-- This site is optimized with the Yoast SEO plugin v27.4 - https:\/\/yoast.com\/product\/yoast-seo-wordpress\/ -->\n<title>EXCLUSIVA: Cienfuegos vuelve a ser protagonista de un hecho de violencia. Se teme lo peor entre las familias involucradas - Cuballama Noticias<\/title>\n<meta name=\"description\" content=\"Otro hecho de violencia empa\u00f1a la vida en Cienfuegos. Familias involucradas, del agresor y el agredido, se est\u00e1n velando mutuamente.\" \/>\n<meta name=\"robots\" content=\"index, follow, max-snippet:-1, max-image-preview:large, max-video-preview:-1\" \/>\n<link rel=\"canonical\" href=\"https:\/\/www.cuballama.com\/noticias\/exclusiva-cienfuegos-vuelve-a-ser-protagonista-de-un-hecho-de-violencia-se-teme-lo-peor-entre-las-familias-involucradas\/\" \/>\n<meta property=\"og:locale\" content=\"es_ES\" \/>\n<meta property=\"og:type\" content=\"article\" \/>\n<meta property=\"og:title\" content=\"EXCLUSIVA: Cienfuegos vuelve a ser protagonista de un hecho de violencia. Se teme lo peor entre las familias involucradas - Cuballama Noticias\" \/>\n<meta property=\"og:description\" content=\"Otro hecho de violencia empa\u00f1a la vida en Cienfuegos. Familias involucradas, del agresor y el agredido, se est\u00e1n velando mutuamente.\" \/>\n<meta property=\"og:url\" content=\"https:\/\/www.cuballama.com\/noticias\/exclusiva-cienfuegos-vuelve-a-ser-protagonista-de-un-hecho-de-violencia-se-teme-lo-peor-entre-las-familias-involucradas\/\" \/>\n<meta property=\"og:site_name\" content=\"Cuballama Noticias\" \/>\n<meta property=\"article:publisher\" content=\"https:\/\/www.facebook.com\/CubaLlama\" \/>\n<meta property=\"article:published_time\" content=\"2025-10-15T13:24:36+00:00\" \/>\n<meta property=\"article:modified_time\" content=\"2025-10-15T13:24:39+00:00\" \/>\n<meta property=\"og:image\" content=\"https:\/\/cdn1.mediawpaccore.net\/wp-content\/uploads\/2023\/08\/15091259\/aniversario_64_PNR.jpg\" \/>\n\t<meta property=\"og:image:width\" content=\"1198\" \/>\n\t<meta property=\"og:image:height\" content=\"630\" \/>\n\t<meta property=\"og:image:type\" content=\"image\/jpeg\" \/>\n<meta name=\"author\" content=\"Roberto A.\" \/>\n<meta name=\"twitter:card\" content=\"summary_large_image\" \/>\n<meta name=\"twitter:creator\" content=\"@cuballama\" \/>\n<meta name=\"twitter:site\" content=\"@cuballama\" \/>\n<meta name=\"twitter:label1\" content=\"Escrito por\" \/>\n\t<meta name=\"twitter:data1\" content=\"Roberto A.\" \/>\n\t<meta name=\"twitter:label2\" content=\"Tiempo de lectura\" \/>\n\t<meta name=\"twitter:data2\" content=\"8 minutos\" \/>\n<script type=\"application\/ld+json\" class=\"yoast-schema-graph\">{\"@context\":\"https:\\\/\\\/schema.org\",\"@graph\":[{\"@type\":\"Article\",\"@id\":\"https:\\\/\\\/www.cuballama.com\\\/noticias\\\/exclusiva-cienfuegos-vuelve-a-ser-protagonista-de-un-hecho-de-violencia-se-teme-lo-peor-entre-las-familias-involucradas\\\/#article\",\"isPartOf\":{\"@id\":\"https:\\\/\\\/www.cuballama.com\\\/noticias\\\/exclusiva-cienfuegos-vuelve-a-ser-protagonista-de-un-hecho-de-violencia-se-teme-lo-peor-entre-las-familias-involucradas\\\/\"},\"author\":{\"name\":\"Roberto A.\",\"@id\":\"https:\\\/\\\/www.cuballama.com\\\/noticias\\\/#\\\/schema\\\/person\\\/a58502ed4146c8e9f83872e897c76cd2\"},\"headline\":\"EXCLUSIVA: Cienfuegos vuelve a ser protagonista de un hecho de violencia. Se teme lo peor entre las familias involucradas\",\"datePublished\":\"2025-10-15T13:24:36+00:00\",\"dateModified\":\"2025-10-15T13:24:39+00:00\",\"mainEntityOfPage\":{\"@id\":\"https:\\\/\\\/www.cuballama.com\\\/noticias\\\/exclusiva-cienfuegos-vuelve-a-ser-protagonista-de-un-hecho-de-violencia-se-teme-lo-peor-entre-las-familias-involucradas\\\/\"},\"wordCount\":1783,\"commentCount\":0,\"publisher\":{\"@id\":\"https:\\\/\\\/www.cuballama.com\\\/noticias\\\/#organization\"},\"image\":{\"@id\":\"https:\\\/\\\/www.cuballama.com\\\/noticias\\\/exclusiva-cienfuegos-vuelve-a-ser-protagonista-de-un-hecho-de-violencia-se-teme-lo-peor-entre-las-familias-involucradas\\\/#primaryimage\"},\"thumbnailUrl\":\"https:\\\/\\\/cdn1.mediawpaccore.net\\\/wp-content\\\/uploads\\\/2023\\\/08\\\/15091259\\\/aniversario_64_PNR.jpg\",\"keywords\":[\"ataques con arma blanca\",\"Criminalidad\",\"crisis social\",\"delitos en Cuba 2025\",\"desprotecci\u00f3n ciudadana\",\"Impunidad\",\"Inseguridad ciudadana\",\"j\u00f3venes cubanos\",\"Justicia en Cuba\",\"malec\u00f3n de Cienfuegos\",\"Ra\u00eddel Vico\",\"superdestacado\",\"violencia en Cienfuegos\",\"violencia urbana\"],\"articleSection\":[\"Noticias\",\"Noticias de Cuba\"],\"inLanguage\":\"es\",\"potentialAction\":[{\"@type\":\"CommentAction\",\"name\":\"Comment\",\"target\":[\"https:\\\/\\\/www.cuballama.com\\\/noticias\\\/exclusiva-cienfuegos-vuelve-a-ser-protagonista-de-un-hecho-de-violencia-se-teme-lo-peor-entre-las-familias-involucradas\\\/#respond\"]}]},{\"@type\":\"WebPage\",\"@id\":\"https:\\\/\\\/www.cuballama.com\\\/noticias\\\/exclusiva-cienfuegos-vuelve-a-ser-protagonista-de-un-hecho-de-violencia-se-teme-lo-peor-entre-las-familias-involucradas\\\/\",\"url\":\"https:\\\/\\\/www.cuballama.com\\\/noticias\\\/exclusiva-cienfuegos-vuelve-a-ser-protagonista-de-un-hecho-de-violencia-se-teme-lo-peor-entre-las-familias-involucradas\\\/\",\"name\":\"EXCLUSIVA: Cienfuegos vuelve a ser protagonista de un hecho de violencia. Se teme lo peor entre las familias involucradas - Cuballama Noticias\",\"isPartOf\":{\"@id\":\"https:\\\/\\\/www.cuballama.com\\\/noticias\\\/#website\"},\"primaryImageOfPage\":{\"@id\":\"https:\\\/\\\/www.cuballama.com\\\/noticias\\\/exclusiva-cienfuegos-vuelve-a-ser-protagonista-de-un-hecho-de-violencia-se-teme-lo-peor-entre-las-familias-involucradas\\\/#primaryimage\"},\"image\":{\"@id\":\"https:\\\/\\\/www.cuballama.com\\\/noticias\\\/exclusiva-cienfuegos-vuelve-a-ser-protagonista-de-un-hecho-de-violencia-se-teme-lo-peor-entre-las-familias-involucradas\\\/#primaryimage\"},\"thumbnailUrl\":\"https:\\\/\\\/cdn1.mediawpaccore.net\\\/wp-content\\\/uploads\\\/2023\\\/08\\\/15091259\\\/aniversario_64_PNR.jpg\",\"datePublished\":\"2025-10-15T13:24:36+00:00\",\"dateModified\":\"2025-10-15T13:24:39+00:00\",\"description\":\"Otro hecho de violencia empa\u00f1a la vida en Cienfuegos. Familias involucradas, del agresor y el agredido, se est\u00e1n velando mutuamente.\",\"breadcrumb\":{\"@id\":\"https:\\\/\\\/www.cuballama.com\\\/noticias\\\/exclusiva-cienfuegos-vuelve-a-ser-protagonista-de-un-hecho-de-violencia-se-teme-lo-peor-entre-las-familias-involucradas\\\/#breadcrumb\"},\"inLanguage\":\"es\",\"potentialAction\":[{\"@type\":\"ReadAction\",\"target\":[\"https:\\\/\\\/www.cuballama.com\\\/noticias\\\/exclusiva-cienfuegos-vuelve-a-ser-protagonista-de-un-hecho-de-violencia-se-teme-lo-peor-entre-las-familias-involucradas\\\/\"]}]},{\"@type\":\"ImageObject\",\"inLanguage\":\"es\",\"@id\":\"https:\\\/\\\/www.cuballama.com\\\/noticias\\\/exclusiva-cienfuegos-vuelve-a-ser-protagonista-de-un-hecho-de-violencia-se-teme-lo-peor-entre-las-familias-involucradas\\\/#primaryimage\",\"url\":\"https:\\\/\\\/cdn1.mediawpaccore.net\\\/wp-content\\\/uploads\\\/2023\\\/08\\\/15091259\\\/aniversario_64_PNR.jpg\",\"contentUrl\":\"https:\\\/\\\/cdn1.mediawpaccore.net\\\/wp-content\\\/uploads\\\/2023\\\/08\\\/15091259\\\/aniversario_64_PNR.jpg\",\"width\":1198,\"height\":630,\"caption\":\"Foto: REFERENCIAL. V\u00eda Guerrillero.cu\"},{\"@type\":\"BreadcrumbList\",\"@id\":\"https:\\\/\\\/www.cuballama.com\\\/noticias\\\/exclusiva-cienfuegos-vuelve-a-ser-protagonista-de-un-hecho-de-violencia-se-teme-lo-peor-entre-las-familias-involucradas\\\/#breadcrumb\",\"itemListElement\":[{\"@type\":\"ListItem\",\"position\":1,\"name\":\"Home\",\"item\":\"https:\\\/\\\/www.cuballama.com\\\/noticias\\\/\"},{\"@type\":\"ListItem\",\"position\":2,\"name\":\"EXCLUSIVA: Cienfuegos vuelve a ser protagonista de un hecho de violencia. Se teme lo peor entre las familias involucradas\"}]},{\"@type\":\"WebSite\",\"@id\":\"https:\\\/\\\/www.cuballama.com\\\/noticias\\\/#website\",\"url\":\"https:\\\/\\\/www.cuballama.com\\\/noticias\\\/\",\"name\":\"Cuballama Noticias\",\"description\":\"Medio digital sobre Cuba y el mundo\",\"publisher\":{\"@id\":\"https:\\\/\\\/www.cuballama.com\\\/noticias\\\/#organization\"},\"potentialAction\":[{\"@type\":\"SearchAction\",\"target\":{\"@type\":\"EntryPoint\",\"urlTemplate\":\"https:\\\/\\\/www.cuballama.com\\\/noticias\\\/?s={search_term_string}\"},\"query-input\":{\"@type\":\"PropertyValueSpecification\",\"valueRequired\":true,\"valueName\":\"search_term_string\"}}],\"inLanguage\":\"es\"},{\"@type\":\"Organization\",\"@id\":\"https:\\\/\\\/www.cuballama.com\\\/noticias\\\/#organization\",\"name\":\"Cuballama\",\"url\":\"https:\\\/\\\/www.cuballama.com\\\/noticias\\\/\",\"logo\":{\"@type\":\"ImageObject\",\"inLanguage\":\"es\",\"@id\":\"https:\\\/\\\/www.cuballama.com\\\/noticias\\\/#\\\/schema\\\/logo\\\/image\\\/\",\"url\":\"https:\\\/\\\/cdn1.mediawpaccore.net\\\/wp-content\\\/uploads\\\/2021\\\/12\\\/28171206\\\/cbll-logo-color-sm.png\",\"contentUrl\":\"https:\\\/\\\/cdn1.mediawpaccore.net\\\/wp-content\\\/uploads\\\/2021\\\/12\\\/28171206\\\/cbll-logo-color-sm.png\",\"width\":600,\"height\":133,\"caption\":\"Cuballama\"},\"image\":{\"@id\":\"https:\\\/\\\/www.cuballama.com\\\/noticias\\\/#\\\/schema\\\/logo\\\/image\\\/\"},\"sameAs\":[\"https:\\\/\\\/www.facebook.com\\\/CubaLlama\",\"https:\\\/\\\/x.com\\\/cuballama\",\"https:\\\/\\\/www.instagram.com\\\/stories\\\/cuballama_oficial\\\/\",\"https:\\\/\\\/www.youtube.com\\\/channel\\\/UCKkFE-d_axENGZcrc4as0IA\"]},{\"@type\":\"Person\",\"@id\":\"https:\\\/\\\/www.cuballama.com\\\/noticias\\\/#\\\/schema\\\/person\\\/a58502ed4146c8e9f83872e897c76cd2\",\"name\":\"Roberto A.\",\"description\":\"Roberto A. Periodista por decisi\u00f3n propia. Interesado en cualquier tema que me apasione y cada vez m\u00e1s comprometido con la verdad y la objetividad period\u00edstica. Graduado en La Habana hace ya muchos a\u00f1os, luego de una accidentada y polvorienta b\u00fasqueda de informaci\u00f3n sobre un tema in\u00e9dito. La Tesis, por cierto, desapareci\u00f3 de la biblioteca y no se conservan copias de la misma.\",\"url\":\"https:\\\/\\\/www.cuballama.com\\\/noticias\\\/author\\\/roberto\\\/\"}]}<\/script>\n<!-- \/ Yoast SEO plugin. -->","yoast_head_json":{"title":"EXCLUSIVA: Cienfuegos vuelve a ser protagonista de un hecho de violencia. Se teme lo peor entre las familias involucradas - Cuballama Noticias","description":"Otro hecho de violencia empa\u00f1a la vida en Cienfuegos. Familias involucradas, del agresor y el agredido, se est\u00e1n velando mutuamente.","robots":{"index":"index","follow":"follow","max-snippet":"max-snippet:-1","max-image-preview":"max-image-preview:large","max-video-preview":"max-video-preview:-1"},"canonical":"https:\/\/www.cuballama.com\/noticias\/exclusiva-cienfuegos-vuelve-a-ser-protagonista-de-un-hecho-de-violencia-se-teme-lo-peor-entre-las-familias-involucradas\/","og_locale":"es_ES","og_type":"article","og_title":"EXCLUSIVA: Cienfuegos vuelve a ser protagonista de un hecho de violencia. Se teme lo peor entre las familias involucradas - Cuballama Noticias","og_description":"Otro hecho de violencia empa\u00f1a la vida en Cienfuegos. Familias involucradas, del agresor y el agredido, se est\u00e1n velando mutuamente.","og_url":"https:\/\/www.cuballama.com\/noticias\/exclusiva-cienfuegos-vuelve-a-ser-protagonista-de-un-hecho-de-violencia-se-teme-lo-peor-entre-las-familias-involucradas\/","og_site_name":"Cuballama Noticias","article_publisher":"https:\/\/www.facebook.com\/CubaLlama","article_published_time":"2025-10-15T13:24:36+00:00","article_modified_time":"2025-10-15T13:24:39+00:00","og_image":[{"width":1198,"height":630,"url":"https:\/\/cdn1.mediawpaccore.net\/wp-content\/uploads\/2023\/08\/15091259\/aniversario_64_PNR.jpg","type":"image\/jpeg"}],"author":"Roberto A.","twitter_card":"summary_large_image","twitter_creator":"@cuballama","twitter_site":"@cuballama","twitter_misc":{"Escrito por":"Roberto A.","Tiempo de lectura":"8 minutos"},"schema":{"@context":"https:\/\/schema.org","@graph":[{"@type":"Article","@id":"https:\/\/www.cuballama.com\/noticias\/exclusiva-cienfuegos-vuelve-a-ser-protagonista-de-un-hecho-de-violencia-se-teme-lo-peor-entre-las-familias-involucradas\/#article","isPartOf":{"@id":"https:\/\/www.cuballama.com\/noticias\/exclusiva-cienfuegos-vuelve-a-ser-protagonista-de-un-hecho-de-violencia-se-teme-lo-peor-entre-las-familias-involucradas\/"},"author":{"name":"Roberto A.","@id":"https:\/\/www.cuballama.com\/noticias\/#\/schema\/person\/a58502ed4146c8e9f83872e897c76cd2"},"headline":"EXCLUSIVA: Cienfuegos vuelve a ser protagonista de un hecho de violencia. Se teme lo peor entre las familias involucradas","datePublished":"2025-10-15T13:24:36+00:00","dateModified":"2025-10-15T13:24:39+00:00","mainEntityOfPage":{"@id":"https:\/\/www.cuballama.com\/noticias\/exclusiva-cienfuegos-vuelve-a-ser-protagonista-de-un-hecho-de-violencia-se-teme-lo-peor-entre-las-familias-involucradas\/"},"wordCount":1783,"commentCount":0,"publisher":{"@id":"https:\/\/www.cuballama.com\/noticias\/#organization"},"image":{"@id":"https:\/\/www.cuballama.com\/noticias\/exclusiva-cienfuegos-vuelve-a-ser-protagonista-de-un-hecho-de-violencia-se-teme-lo-peor-entre-las-familias-involucradas\/#primaryimage"},"thumbnailUrl":"https:\/\/cdn1.mediawpaccore.net\/wp-content\/uploads\/2023\/08\/15091259\/aniversario_64_PNR.jpg","keywords":["ataques con arma blanca","Criminalidad","crisis social","delitos en Cuba 2025","desprotecci\u00f3n ciudadana","Impunidad","Inseguridad ciudadana","j\u00f3venes cubanos","Justicia en Cuba","malec\u00f3n de Cienfuegos","Ra\u00eddel Vico","superdestacado","violencia en Cienfuegos","violencia urbana"],"articleSection":["Noticias","Noticias de Cuba"],"inLanguage":"es","potentialAction":[{"@type":"CommentAction","name":"Comment","target":["https:\/\/www.cuballama.com\/noticias\/exclusiva-cienfuegos-vuelve-a-ser-protagonista-de-un-hecho-de-violencia-se-teme-lo-peor-entre-las-familias-involucradas\/#respond"]}]},{"@type":"WebPage","@id":"https:\/\/www.cuballama.com\/noticias\/exclusiva-cienfuegos-vuelve-a-ser-protagonista-de-un-hecho-de-violencia-se-teme-lo-peor-entre-las-familias-involucradas\/","url":"https:\/\/www.cuballama.com\/noticias\/exclusiva-cienfuegos-vuelve-a-ser-protagonista-de-un-hecho-de-violencia-se-teme-lo-peor-entre-las-familias-involucradas\/","name":"EXCLUSIVA: Cienfuegos vuelve a ser protagonista de un hecho de violencia. Se teme lo peor entre las familias involucradas - Cuballama Noticias","isPartOf":{"@id":"https:\/\/www.cuballama.com\/noticias\/#website"},"primaryImageOfPage":{"@id":"https:\/\/www.cuballama.com\/noticias\/exclusiva-cienfuegos-vuelve-a-ser-protagonista-de-un-hecho-de-violencia-se-teme-lo-peor-entre-las-familias-involucradas\/#primaryimage"},"image":{"@id":"https:\/\/www.cuballama.com\/noticias\/exclusiva-cienfuegos-vuelve-a-ser-protagonista-de-un-hecho-de-violencia-se-teme-lo-peor-entre-las-familias-involucradas\/#primaryimage"},"thumbnailUrl":"https:\/\/cdn1.mediawpaccore.net\/wp-content\/uploads\/2023\/08\/15091259\/aniversario_64_PNR.jpg","datePublished":"2025-10-15T13:24:36+00:00","dateModified":"2025-10-15T13:24:39+00:00","description":"Otro hecho de violencia empa\u00f1a la vida en Cienfuegos. Familias involucradas, del agresor y el agredido, se est\u00e1n velando mutuamente.","breadcrumb":{"@id":"https:\/\/www.cuballama.com\/noticias\/exclusiva-cienfuegos-vuelve-a-ser-protagonista-de-un-hecho-de-violencia-se-teme-lo-peor-entre-las-familias-involucradas\/#breadcrumb"},"inLanguage":"es","potentialAction":[{"@type":"ReadAction","target":["https:\/\/www.cuballama.com\/noticias\/exclusiva-cienfuegos-vuelve-a-ser-protagonista-de-un-hecho-de-violencia-se-teme-lo-peor-entre-las-familias-involucradas\/"]}]},{"@type":"ImageObject","inLanguage":"es","@id":"https:\/\/www.cuballama.com\/noticias\/exclusiva-cienfuegos-vuelve-a-ser-protagonista-de-un-hecho-de-violencia-se-teme-lo-peor-entre-las-familias-involucradas\/#primaryimage","url":"https:\/\/cdn1.mediawpaccore.net\/wp-content\/uploads\/2023\/08\/15091259\/aniversario_64_PNR.jpg","contentUrl":"https:\/\/cdn1.mediawpaccore.net\/wp-content\/uploads\/2023\/08\/15091259\/aniversario_64_PNR.jpg","width":1198,"height":630,"caption":"Foto: REFERENCIAL. V\u00eda Guerrillero.cu"},{"@type":"BreadcrumbList","@id":"https:\/\/www.cuballama.com\/noticias\/exclusiva-cienfuegos-vuelve-a-ser-protagonista-de-un-hecho-de-violencia-se-teme-lo-peor-entre-las-familias-involucradas\/#breadcrumb","itemListElement":[{"@type":"ListItem","position":1,"name":"Home","item":"https:\/\/www.cuballama.com\/noticias\/"},{"@type":"ListItem","position":2,"name":"EXCLUSIVA: Cienfuegos vuelve a ser protagonista de un hecho de violencia. Se teme lo peor entre las familias involucradas"}]},{"@type":"WebSite","@id":"https:\/\/www.cuballama.com\/noticias\/#website","url":"https:\/\/www.cuballama.com\/noticias\/","name":"Cuballama Noticias","description":"Medio digital sobre Cuba y el mundo","publisher":{"@id":"https:\/\/www.cuballama.com\/noticias\/#organization"},"potentialAction":[{"@type":"SearchAction","target":{"@type":"EntryPoint","urlTemplate":"https:\/\/www.cuballama.com\/noticias\/?s={search_term_string}"},"query-input":{"@type":"PropertyValueSpecification","valueRequired":true,"valueName":"search_term_string"}}],"inLanguage":"es"},{"@type":"Organization","@id":"https:\/\/www.cuballama.com\/noticias\/#organization","name":"Cuballama","url":"https:\/\/www.cuballama.com\/noticias\/","logo":{"@type":"ImageObject","inLanguage":"es","@id":"https:\/\/www.cuballama.com\/noticias\/#\/schema\/logo\/image\/","url":"https:\/\/cdn1.mediawpaccore.net\/wp-content\/uploads\/2021\/12\/28171206\/cbll-logo-color-sm.png","contentUrl":"https:\/\/cdn1.mediawpaccore.net\/wp-content\/uploads\/2021\/12\/28171206\/cbll-logo-color-sm.png","width":600,"height":133,"caption":"Cuballama"},"image":{"@id":"https:\/\/www.cuballama.com\/noticias\/#\/schema\/logo\/image\/"},"sameAs":["https:\/\/www.facebook.com\/CubaLlama","https:\/\/x.com\/cuballama","https:\/\/www.instagram.com\/stories\/cuballama_oficial\/","https:\/\/www.youtube.com\/channel\/UCKkFE-d_axENGZcrc4as0IA"]},{"@type":"Person","@id":"https:\/\/www.cuballama.com\/noticias\/#\/schema\/person\/a58502ed4146c8e9f83872e897c76cd2","name":"Roberto A.","description":"Roberto A. Periodista por decisi\u00f3n propia. Interesado en cualquier tema que me apasione y cada vez m\u00e1s comprometido con la verdad y la objetividad period\u00edstica. Graduado en La Habana hace ya muchos a\u00f1os, luego de una accidentada y polvorienta b\u00fasqueda de informaci\u00f3n sobre un tema in\u00e9dito. La Tesis, por cierto, desapareci\u00f3 de la biblioteca y no se conservan copias de la misma.","url":"https:\/\/www.cuballama.com\/noticias\/author\/roberto\/"}]}},"_links":{"self":[{"href":"https:\/\/www.cuballama.com\/noticias\/wp-json\/wp\/v2\/posts\/222665","targetHints":{"allow":["GET"]}}],"collection":[{"href":"https:\/\/www.cuballama.com\/noticias\/wp-json\/wp\/v2\/posts"}],"about":[{"href":"https:\/\/www.cuballama.com\/noticias\/wp-json\/wp\/v2\/types\/post"}],"author":[{"embeddable":true,"href":"https:\/\/www.cuballama.com\/noticias\/wp-json\/wp\/v2\/users\/13"}],"replies":[{"embeddable":true,"href":"https:\/\/www.cuballama.com\/noticias\/wp-json\/wp\/v2\/comments?post=222665"}],"version-history":[{"count":9,"href":"https:\/\/www.cuballama.com\/noticias\/wp-json\/wp\/v2\/posts\/222665\/revisions"}],"predecessor-version":[{"id":222808,"href":"https:\/\/www.cuballama.com\/noticias\/wp-json\/wp\/v2\/posts\/222665\/revisions\/222808"}],"wp:featuredmedia":[{"embeddable":true,"href":"https:\/\/www.cuballama.com\/noticias\/wp-json\/wp\/v2\/media\/133536"}],"wp:attachment":[{"href":"https:\/\/www.cuballama.com\/noticias\/wp-json\/wp\/v2\/media?parent=222665"}],"wp:term":[{"taxonomy":"category","embeddable":true,"href":"https:\/\/www.cuballama.com\/noticias\/wp-json\/wp\/v2\/categories?post=222665"},{"taxonomy":"post_tag","embeddable":true,"href":"https:\/\/www.cuballama.com\/noticias\/wp-json\/wp\/v2\/tags?post=222665"}],"curies":[{"name":"wp","href":"https:\/\/api.w.org\/{rel}","templated":true}]}}