{"id":222557,"date":"2025-10-13T14:41:37","date_gmt":"2025-10-13T18:41:37","guid":{"rendered":"https:\/\/www.cuballama.com\/noticias\/?p=222557"},"modified":"2025-10-13T14:41:40","modified_gmt":"2025-10-13T18:41:40","slug":"miami-beach-bautizara-hoy-13-de-octubre-con-el-nombre-de-gloria-estefan-una-calle-en-miami-beach","status":"publish","type":"post","link":"https:\/\/www.cuballama.com\/noticias\/miami-beach-bautizara-hoy-13-de-octubre-con-el-nombre-de-gloria-estefan-una-calle-en-miami-beach\/","title":{"rendered":"Miami Beach bautizar\u00e1 hoy 13 de octubre con el nombre de \u00abGloria Estefan\u00bb, una calle en Miami Beach"},"content":{"rendered":"\n<p>Miami Beach bautizar\u00e1 hoy &#8211; dentro de unos minutos &#8211; un tramo de la Calle 13, a pasos de Ocean Drive, con el nombre de Gloria Estefan.<\/p>\n\n\n\n<p>La ceremonia est\u00e1 fijada para este lunes a las 11:00 a.m. El acto tendr\u00e1 lugar en la intersecci\u00f3n de Ocean Drive y 13 Street, frente al Cardozo Hotel, propiedad de la artista junto a su familia, y <a href=\"https:\/\/www.miamibeachfl.gov\/miami-beach-to-honor-music-legend-gloria-estefan-with-street-naming\/\" target=\"_blank\" rel=\"noreferrer noopener nofollow\">contar\u00e1 con autoridades locales y seguidores de la cantante<\/a>, considerada un emblema cultural de Miami y del sur de Florida.<\/p>\n\n\n\n<p>La ciudad adelant\u00f3 que el tributo reconoce \u201cd\u00e9cadas de aportes art\u00edsticos y comunitarios\u201d de la llamada Reina del Pop Latino, cuatro veces ganadora del Grammy e integrante del Sal\u00f3n de la Fama de los Compositores. <\/p>\n\n\n\n<p>El gesto tiene tambi\u00e9n un peso simb\u00f3lico: consagra la relaci\u00f3n de la artista con el barrio donde se asienta el Cardozo, hotel art d\u00e9co que la familia Estefan ha rehabilitado y desde el cual han proyectado buena parte de sus iniciativas culturales y empresariales. Voces de la comunidad celebraron el reconocimiento por \u201cmerecido y representativo\u201d, recordando el impacto de Estefan en la proyecci\u00f3n internacional de la ciudad, se\u00f1al\u00f3 <a href=\"https:\/\/www.local10.com\/news\/local\/2025\/10\/12\/miami-beach-to-name-street-after-gloria-estefan\/\" target=\"_blank\" rel=\"noreferrer noopener nofollow\">Wplg<\/a>.<\/p>\n\n\n\n<p>La propia administraci\u00f3n municipal difundi\u00f3 la convocatoria oficial y el horario, subrayando que se trata de un punto ic\u00f3nico de South Beach. Medios locales ampliaron que la placa con el nombre de Gloria Estefan se descubrir\u00e1 en presencia de comisionados y representantes culturales.<\/p>\n\n\n\n<p>En el a\u00f1o 2024, nuestro portal <a href=\"https:\/\/www.cuballama.com\/noticias\/calle-en-miami-beach-llevara-el-nombre-de-gloria-stefan\/?srsltid=AfmBOooKUHk2_-QyKkrWKe5wonlt_vvoDYQA2qxe9OYJL4PowPhqFCJS\" target=\"_blank\" rel=\"noreferrer noopener\">Cuballama<\/a>\u2014citando a Miami Today News\u2014informaba que la Comisi\u00f3n para la Mujer de Miami Beach hab\u00eda recomendado denominar Gloria Estefan Way a la Calle 13, entre Ocean Drive y Meridian Avenue, dentro de un esfuerzo por honrar a mujeres influyentes en la historia local. La decisi\u00f3n de ahora materializa aquella propuesta y la fija en el mapa urbano de South Beach. <\/p>\n\n\n\n<p>El homenaje llega en un momento particularmente activo para la cantante de origen cubano. Hace apenas una semana, Gloria Estefan ofreci\u00f3 un concierto multitudinario en la Plaza de Col\u00f3n de Madrid, en el marco de las celebraciones de la Hispanidad 2025, donde repas\u00f3 50 a\u00f1os de carrera y present\u00f3 nueva m\u00fasica ante miles de asistentes. La actuaci\u00f3n fue rese\u00f1ada por medios espa\u00f1oles e internacionales, que destacaron el clima de celebraci\u00f3n y la vigencia de su repertorio, seg\u00fan indic\u00f3 <a href=\"https:\/\/www.euronews.com\/culture\/2025\/10\/06\/all-together-now-gloria-estefan-makes-madrid-celebrate-hispanic-heritage-with-song-of-unit?utm_source=chatgpt.com\" target=\"_blank\" rel=\"noreferrer noopener\">Euronews<\/a>. <\/p>\n\n\n\n<p>La distinci\u00f3n cierra el c\u00edrculo entre la trayectoria global de Gloria Estefan y el territorio que la convirti\u00f3 en referente. Desde el boom de Miami Sound Machine hasta los himnos que cruzaron idiomas y fronteras, su historia personal y art\u00edstica est\u00e1 entretejida con la evoluci\u00f3n de Miami Beach. Con la nueva placa en la Calle 13, la ciudad ancla en su paisaje una parte de ese relato, justo cuando la artista vuelve a encender escenarios al otro lado del Atl\u00e1ntico; y aparece tambi\u00e9n como actriz en la pel\u00edcula<strong> \u201cGabby\u2019s Dollhouse: The Movie\u201d. <\/strong><\/p>\n\n\n\n<p><strong>tal vez quieras leer: <a href=\"https:\/\/www.cuballama.com\/noticias\/gloria-estefan-le-da-vida-a-gigi-una-abuela-muy-cubana-en-la-nueva-entrega-de-gabbys-dollhouse-the-movie\/\">Gloria Estefan le da vida a Gigi, una abuela muy \u00abcubana\u00bb, en la nueva entrega de \u201cGabby\u2019s Dollhouse: The Movie\u201d<\/a><\/strong><\/p>\n\n\n\n<p><\/p>\n","protected":false},"excerpt":{"rendered":"<p>La distinci\u00f3n cierra el c\u00edrculo entre la trayectoria global de Gloria Estefan y el territorio que la convirti\u00f3 en referente. Desde el boom de Miami Sound Machine hasta los himnos que cruzaron idiomas y fronteras, su historia personal y art\u00edstica est\u00e1 entretejida con la evoluci\u00f3n de Miami Beach. Con la nueva placa en la Calle 13, la ciudad ancla en su paisaje una parte de ese relato, justo cuando la artista vuelve a encender escenarios al otro lado del Atl\u00e1ntico; y aparece tambi\u00e9n como actriz en la pel\u00edcula \u201cGabby\u2019s Dollhouse: The Movie\u201d. <\/p>\n","protected":false},"author":13,"featured_media":136136,"comment_status":"open","ping_status":"closed","sticky":false,"template":"","format":"standard","meta":{"_acf_changed":false,"footnotes":""},"categories":[443],"tags":[6431,28542,28543,12,941,4723,28276,1549,340,671,28541],"class_list":{"0":"post-222557","1":"post","2":"type-post","3":"status-publish","4":"format-standard","5":"has-post-thumbnail","7":"category-farandula","8":"tag-calle-13","9":"tag-cardozo-hotel","10":"tag-comision-para-la-mujer","11":"tag-cuballama","12":"tag-destacado","14":"tag-hispanidad-2025","15":"tag-homenaje","16":"tag-madrid","17":"tag-miami-beach","18":"tag-ocean-drive"},"acf":[],"yoast_head":"<!-- This site is optimized with the Yoast SEO plugin v27.5 - https:\/\/yoast.com\/product\/yoast-seo-wordpress\/ -->\n<title>Miami Beach bautizar\u00e1 hoy 13 de octubre con el nombre de &quot;Gloria Estefan&quot;, una calle en Miami Beach - Cuballama Noticias<\/title>\n<meta name=\"description\" content=\"Gloria Estefan nunca ha estado tan en el boom como ahora, desde su \u00e9poca en Miami Sound Machine. Miami Beach le dar\u00e1 su nombre a una calle.\" \/>\n<meta name=\"robots\" content=\"index, follow, max-snippet:-1, max-image-preview:large, max-video-preview:-1\" \/>\n<link rel=\"canonical\" href=\"https:\/\/www.cuballama.com\/noticias\/miami-beach-bautizara-hoy-13-de-octubre-con-el-nombre-de-gloria-estefan-una-calle-en-miami-beach\/\" \/>\n<meta property=\"og:locale\" content=\"es_ES\" \/>\n<meta property=\"og:type\" content=\"article\" \/>\n<meta property=\"og:title\" content=\"Miami Beach bautizar\u00e1 hoy 13 de octubre con el nombre de &quot;Gloria Estefan&quot;, una calle en Miami Beach - Cuballama Noticias\" \/>\n<meta property=\"og:description\" content=\"Gloria Estefan nunca ha estado tan en el boom como ahora, desde su \u00e9poca en Miami Sound Machine. Miami Beach le dar\u00e1 su nombre a una calle.\" \/>\n<meta property=\"og:url\" content=\"https:\/\/www.cuballama.com\/noticias\/miami-beach-bautizara-hoy-13-de-octubre-con-el-nombre-de-gloria-estefan-una-calle-en-miami-beach\/\" \/>\n<meta property=\"og:site_name\" content=\"Cuballama Noticias\" \/>\n<meta property=\"article:publisher\" content=\"https:\/\/www.facebook.com\/CubaLlama\" \/>\n<meta property=\"article:published_time\" content=\"2025-10-13T18:41:37+00:00\" \/>\n<meta property=\"article:modified_time\" content=\"2025-10-13T18:41:40+00:00\" \/>\n<meta property=\"og:image\" content=\"https:\/\/cdn1.mediawpaccore.net\/wp-content\/uploads\/2023\/09\/01150949\/shutterstock_6310114-1.jpg\" \/>\n\t<meta property=\"og:image:width\" content=\"1000\" \/>\n\t<meta property=\"og:image:height\" content=\"656\" \/>\n\t<meta property=\"og:image:type\" content=\"image\/jpeg\" \/>\n<meta name=\"author\" content=\"Roberto A.\" \/>\n<meta name=\"twitter:card\" content=\"summary_large_image\" \/>\n<meta name=\"twitter:creator\" content=\"@cuballama\" \/>\n<meta name=\"twitter:site\" content=\"@cuballama\" \/>\n<meta name=\"twitter:label1\" content=\"Escrito por\" \/>\n\t<meta name=\"twitter:data1\" content=\"Roberto A.\" \/>\n\t<meta name=\"twitter:label2\" content=\"Tiempo de lectura\" \/>\n\t<meta name=\"twitter:data2\" content=\"3 minutos\" \/>\n<script type=\"application\/ld+json\" class=\"yoast-schema-graph\">{\"@context\":\"https:\\\/\\\/schema.org\",\"@graph\":[{\"@type\":\"Article\",\"@id\":\"https:\\\/\\\/www.cuballama.com\\\/noticias\\\/miami-beach-bautizara-hoy-13-de-octubre-con-el-nombre-de-gloria-estefan-una-calle-en-miami-beach\\\/#article\",\"isPartOf\":{\"@id\":\"https:\\\/\\\/www.cuballama.com\\\/noticias\\\/miami-beach-bautizara-hoy-13-de-octubre-con-el-nombre-de-gloria-estefan-una-calle-en-miami-beach\\\/\"},\"author\":{\"name\":\"Roberto A.\",\"@id\":\"https:\\\/\\\/www.cuballama.com\\\/noticias\\\/#\\\/schema\\\/person\\\/a58502ed4146c8e9f83872e897c76cd2\"},\"headline\":\"Miami Beach bautizar\u00e1 hoy 13 de octubre con el nombre de \u00abGloria Estefan\u00bb, una calle en Miami Beach\",\"datePublished\":\"2025-10-13T18:41:37+00:00\",\"dateModified\":\"2025-10-13T18:41:40+00:00\",\"mainEntityOfPage\":{\"@id\":\"https:\\\/\\\/www.cuballama.com\\\/noticias\\\/miami-beach-bautizara-hoy-13-de-octubre-con-el-nombre-de-gloria-estefan-una-calle-en-miami-beach\\\/\"},\"wordCount\":537,\"commentCount\":0,\"publisher\":{\"@id\":\"https:\\\/\\\/www.cuballama.com\\\/noticias\\\/#organization\"},\"image\":{\"@id\":\"https:\\\/\\\/www.cuballama.com\\\/noticias\\\/miami-beach-bautizara-hoy-13-de-octubre-con-el-nombre-de-gloria-estefan-una-calle-en-miami-beach\\\/#primaryimage\"},\"thumbnailUrl\":\"https:\\\/\\\/cdn1.mediawpaccore.net\\\/wp-content\\\/uploads\\\/2023\\\/09\\\/01150949\\\/shutterstock_6310114-1.jpg\",\"keywords\":[\"Calle 13\",\"Cardozo Hotel\",\"Comisi\u00f3n para la Mujer\",\"Cuballama\",\"destacado\",\"Gloria Estefan\",\"Hispanidad 2025\",\"homenaje\",\"Madrid\",\"Miami Beach\",\"Ocean Drive\"],\"articleSection\":[\"Far\u00e1ndula\"],\"inLanguage\":\"es\",\"potentialAction\":[{\"@type\":\"CommentAction\",\"name\":\"Comment\",\"target\":[\"https:\\\/\\\/www.cuballama.com\\\/noticias\\\/miami-beach-bautizara-hoy-13-de-octubre-con-el-nombre-de-gloria-estefan-una-calle-en-miami-beach\\\/#respond\"]}]},{\"@type\":\"WebPage\",\"@id\":\"https:\\\/\\\/www.cuballama.com\\\/noticias\\\/miami-beach-bautizara-hoy-13-de-octubre-con-el-nombre-de-gloria-estefan-una-calle-en-miami-beach\\\/\",\"url\":\"https:\\\/\\\/www.cuballama.com\\\/noticias\\\/miami-beach-bautizara-hoy-13-de-octubre-con-el-nombre-de-gloria-estefan-una-calle-en-miami-beach\\\/\",\"name\":\"Miami Beach bautizar\u00e1 hoy 13 de octubre con el nombre de \\\"Gloria Estefan\\\", una calle en Miami Beach - Cuballama Noticias\",\"isPartOf\":{\"@id\":\"https:\\\/\\\/www.cuballama.com\\\/noticias\\\/#website\"},\"primaryImageOfPage\":{\"@id\":\"https:\\\/\\\/www.cuballama.com\\\/noticias\\\/miami-beach-bautizara-hoy-13-de-octubre-con-el-nombre-de-gloria-estefan-una-calle-en-miami-beach\\\/#primaryimage\"},\"image\":{\"@id\":\"https:\\\/\\\/www.cuballama.com\\\/noticias\\\/miami-beach-bautizara-hoy-13-de-octubre-con-el-nombre-de-gloria-estefan-una-calle-en-miami-beach\\\/#primaryimage\"},\"thumbnailUrl\":\"https:\\\/\\\/cdn1.mediawpaccore.net\\\/wp-content\\\/uploads\\\/2023\\\/09\\\/01150949\\\/shutterstock_6310114-1.jpg\",\"datePublished\":\"2025-10-13T18:41:37+00:00\",\"dateModified\":\"2025-10-13T18:41:40+00:00\",\"description\":\"Gloria Estefan nunca ha estado tan en el boom como ahora, desde su \u00e9poca en Miami Sound Machine. Miami Beach le dar\u00e1 su nombre a una calle.\",\"breadcrumb\":{\"@id\":\"https:\\\/\\\/www.cuballama.com\\\/noticias\\\/miami-beach-bautizara-hoy-13-de-octubre-con-el-nombre-de-gloria-estefan-una-calle-en-miami-beach\\\/#breadcrumb\"},\"inLanguage\":\"es\",\"potentialAction\":[{\"@type\":\"ReadAction\",\"target\":[\"https:\\\/\\\/www.cuballama.com\\\/noticias\\\/miami-beach-bautizara-hoy-13-de-octubre-con-el-nombre-de-gloria-estefan-una-calle-en-miami-beach\\\/\"]}]},{\"@type\":\"ImageObject\",\"inLanguage\":\"es\",\"@id\":\"https:\\\/\\\/www.cuballama.com\\\/noticias\\\/miami-beach-bautizara-hoy-13-de-octubre-con-el-nombre-de-gloria-estefan-una-calle-en-miami-beach\\\/#primaryimage\",\"url\":\"https:\\\/\\\/cdn1.mediawpaccore.net\\\/wp-content\\\/uploads\\\/2023\\\/09\\\/01150949\\\/shutterstock_6310114-1.jpg\",\"contentUrl\":\"https:\\\/\\\/cdn1.mediawpaccore.net\\\/wp-content\\\/uploads\\\/2023\\\/09\\\/01150949\\\/shutterstock_6310114-1.jpg\",\"width\":1000,\"height\":656,\"caption\":\"Foto: Stocklight | Shutterstock\"},{\"@type\":\"BreadcrumbList\",\"@id\":\"https:\\\/\\\/www.cuballama.com\\\/noticias\\\/miami-beach-bautizara-hoy-13-de-octubre-con-el-nombre-de-gloria-estefan-una-calle-en-miami-beach\\\/#breadcrumb\",\"itemListElement\":[{\"@type\":\"ListItem\",\"position\":1,\"name\":\"Home\",\"item\":\"https:\\\/\\\/www.cuballama.com\\\/noticias\\\/\"},{\"@type\":\"ListItem\",\"position\":2,\"name\":\"Miami Beach bautizar\u00e1 hoy 13 de octubre con el nombre de \u00abGloria Estefan\u00bb, una calle en Miami Beach\"}]},{\"@type\":\"WebSite\",\"@id\":\"https:\\\/\\\/www.cuballama.com\\\/noticias\\\/#website\",\"url\":\"https:\\\/\\\/www.cuballama.com\\\/noticias\\\/\",\"name\":\"Cuballama Noticias\",\"description\":\"Medio digital sobre Cuba y el mundo\",\"publisher\":{\"@id\":\"https:\\\/\\\/www.cuballama.com\\\/noticias\\\/#organization\"},\"potentialAction\":[{\"@type\":\"SearchAction\",\"target\":{\"@type\":\"EntryPoint\",\"urlTemplate\":\"https:\\\/\\\/www.cuballama.com\\\/noticias\\\/?s={search_term_string}\"},\"query-input\":{\"@type\":\"PropertyValueSpecification\",\"valueRequired\":true,\"valueName\":\"search_term_string\"}}],\"inLanguage\":\"es\"},{\"@type\":\"Organization\",\"@id\":\"https:\\\/\\\/www.cuballama.com\\\/noticias\\\/#organization\",\"name\":\"Cuballama\",\"url\":\"https:\\\/\\\/www.cuballama.com\\\/noticias\\\/\",\"logo\":{\"@type\":\"ImageObject\",\"inLanguage\":\"es\",\"@id\":\"https:\\\/\\\/www.cuballama.com\\\/noticias\\\/#\\\/schema\\\/logo\\\/image\\\/\",\"url\":\"https:\\\/\\\/cdn1.mediawpaccore.net\\\/wp-content\\\/uploads\\\/2021\\\/12\\\/28171206\\\/cbll-logo-color-sm.png\",\"contentUrl\":\"https:\\\/\\\/cdn1.mediawpaccore.net\\\/wp-content\\\/uploads\\\/2021\\\/12\\\/28171206\\\/cbll-logo-color-sm.png\",\"width\":600,\"height\":133,\"caption\":\"Cuballama\"},\"image\":{\"@id\":\"https:\\\/\\\/www.cuballama.com\\\/noticias\\\/#\\\/schema\\\/logo\\\/image\\\/\"},\"sameAs\":[\"https:\\\/\\\/www.facebook.com\\\/CubaLlama\",\"https:\\\/\\\/x.com\\\/cuballama\",\"https:\\\/\\\/www.instagram.com\\\/stories\\\/cuballama_oficial\\\/\",\"https:\\\/\\\/www.youtube.com\\\/channel\\\/UCKkFE-d_axENGZcrc4as0IA\"]},{\"@type\":\"Person\",\"@id\":\"https:\\\/\\\/www.cuballama.com\\\/noticias\\\/#\\\/schema\\\/person\\\/a58502ed4146c8e9f83872e897c76cd2\",\"name\":\"Roberto A.\",\"description\":\"Roberto A. Periodista por decisi\u00f3n propia. Interesado en cualquier tema que me apasione y cada vez m\u00e1s comprometido con la verdad y la objetividad period\u00edstica. Graduado en La Habana hace ya muchos a\u00f1os, luego de una accidentada y polvorienta b\u00fasqueda de informaci\u00f3n sobre un tema in\u00e9dito. La Tesis, por cierto, desapareci\u00f3 de la biblioteca y no se conservan copias de la misma.\",\"url\":\"https:\\\/\\\/www.cuballama.com\\\/noticias\\\/author\\\/roberto\\\/\"}]}<\/script>\n<!-- \/ Yoast SEO plugin. -->","yoast_head_json":{"title":"Miami Beach bautizar\u00e1 hoy 13 de octubre con el nombre de \"Gloria Estefan\", una calle en Miami Beach - Cuballama Noticias","description":"Gloria Estefan nunca ha estado tan en el boom como ahora, desde su \u00e9poca en Miami Sound Machine. Miami Beach le dar\u00e1 su nombre a una calle.","robots":{"index":"index","follow":"follow","max-snippet":"max-snippet:-1","max-image-preview":"max-image-preview:large","max-video-preview":"max-video-preview:-1"},"canonical":"https:\/\/www.cuballama.com\/noticias\/miami-beach-bautizara-hoy-13-de-octubre-con-el-nombre-de-gloria-estefan-una-calle-en-miami-beach\/","og_locale":"es_ES","og_type":"article","og_title":"Miami Beach bautizar\u00e1 hoy 13 de octubre con el nombre de \"Gloria Estefan\", una calle en Miami Beach - Cuballama Noticias","og_description":"Gloria Estefan nunca ha estado tan en el boom como ahora, desde su \u00e9poca en Miami Sound Machine. Miami Beach le dar\u00e1 su nombre a una calle.","og_url":"https:\/\/www.cuballama.com\/noticias\/miami-beach-bautizara-hoy-13-de-octubre-con-el-nombre-de-gloria-estefan-una-calle-en-miami-beach\/","og_site_name":"Cuballama Noticias","article_publisher":"https:\/\/www.facebook.com\/CubaLlama","article_published_time":"2025-10-13T18:41:37+00:00","article_modified_time":"2025-10-13T18:41:40+00:00","og_image":[{"width":1000,"height":656,"url":"https:\/\/cdn1.mediawpaccore.net\/wp-content\/uploads\/2023\/09\/01150949\/shutterstock_6310114-1.jpg","type":"image\/jpeg"}],"author":"Roberto A.","twitter_card":"summary_large_image","twitter_creator":"@cuballama","twitter_site":"@cuballama","twitter_misc":{"Escrito por":"Roberto A.","Tiempo de lectura":"3 minutos"},"schema":{"@context":"https:\/\/schema.org","@graph":[{"@type":"Article","@id":"https:\/\/www.cuballama.com\/noticias\/miami-beach-bautizara-hoy-13-de-octubre-con-el-nombre-de-gloria-estefan-una-calle-en-miami-beach\/#article","isPartOf":{"@id":"https:\/\/www.cuballama.com\/noticias\/miami-beach-bautizara-hoy-13-de-octubre-con-el-nombre-de-gloria-estefan-una-calle-en-miami-beach\/"},"author":{"name":"Roberto A.","@id":"https:\/\/www.cuballama.com\/noticias\/#\/schema\/person\/a58502ed4146c8e9f83872e897c76cd2"},"headline":"Miami Beach bautizar\u00e1 hoy 13 de octubre con el nombre de \u00abGloria Estefan\u00bb, una calle en Miami Beach","datePublished":"2025-10-13T18:41:37+00:00","dateModified":"2025-10-13T18:41:40+00:00","mainEntityOfPage":{"@id":"https:\/\/www.cuballama.com\/noticias\/miami-beach-bautizara-hoy-13-de-octubre-con-el-nombre-de-gloria-estefan-una-calle-en-miami-beach\/"},"wordCount":537,"commentCount":0,"publisher":{"@id":"https:\/\/www.cuballama.com\/noticias\/#organization"},"image":{"@id":"https:\/\/www.cuballama.com\/noticias\/miami-beach-bautizara-hoy-13-de-octubre-con-el-nombre-de-gloria-estefan-una-calle-en-miami-beach\/#primaryimage"},"thumbnailUrl":"https:\/\/cdn1.mediawpaccore.net\/wp-content\/uploads\/2023\/09\/01150949\/shutterstock_6310114-1.jpg","keywords":["Calle 13","Cardozo Hotel","Comisi\u00f3n para la Mujer","Cuballama","destacado","Gloria Estefan","Hispanidad 2025","homenaje","Madrid","Miami Beach","Ocean Drive"],"articleSection":["Far\u00e1ndula"],"inLanguage":"es","potentialAction":[{"@type":"CommentAction","name":"Comment","target":["https:\/\/www.cuballama.com\/noticias\/miami-beach-bautizara-hoy-13-de-octubre-con-el-nombre-de-gloria-estefan-una-calle-en-miami-beach\/#respond"]}]},{"@type":"WebPage","@id":"https:\/\/www.cuballama.com\/noticias\/miami-beach-bautizara-hoy-13-de-octubre-con-el-nombre-de-gloria-estefan-una-calle-en-miami-beach\/","url":"https:\/\/www.cuballama.com\/noticias\/miami-beach-bautizara-hoy-13-de-octubre-con-el-nombre-de-gloria-estefan-una-calle-en-miami-beach\/","name":"Miami Beach bautizar\u00e1 hoy 13 de octubre con el nombre de \"Gloria Estefan\", una calle en Miami Beach - Cuballama Noticias","isPartOf":{"@id":"https:\/\/www.cuballama.com\/noticias\/#website"},"primaryImageOfPage":{"@id":"https:\/\/www.cuballama.com\/noticias\/miami-beach-bautizara-hoy-13-de-octubre-con-el-nombre-de-gloria-estefan-una-calle-en-miami-beach\/#primaryimage"},"image":{"@id":"https:\/\/www.cuballama.com\/noticias\/miami-beach-bautizara-hoy-13-de-octubre-con-el-nombre-de-gloria-estefan-una-calle-en-miami-beach\/#primaryimage"},"thumbnailUrl":"https:\/\/cdn1.mediawpaccore.net\/wp-content\/uploads\/2023\/09\/01150949\/shutterstock_6310114-1.jpg","datePublished":"2025-10-13T18:41:37+00:00","dateModified":"2025-10-13T18:41:40+00:00","description":"Gloria Estefan nunca ha estado tan en el boom como ahora, desde su \u00e9poca en Miami Sound Machine. Miami Beach le dar\u00e1 su nombre a una calle.","breadcrumb":{"@id":"https:\/\/www.cuballama.com\/noticias\/miami-beach-bautizara-hoy-13-de-octubre-con-el-nombre-de-gloria-estefan-una-calle-en-miami-beach\/#breadcrumb"},"inLanguage":"es","potentialAction":[{"@type":"ReadAction","target":["https:\/\/www.cuballama.com\/noticias\/miami-beach-bautizara-hoy-13-de-octubre-con-el-nombre-de-gloria-estefan-una-calle-en-miami-beach\/"]}]},{"@type":"ImageObject","inLanguage":"es","@id":"https:\/\/www.cuballama.com\/noticias\/miami-beach-bautizara-hoy-13-de-octubre-con-el-nombre-de-gloria-estefan-una-calle-en-miami-beach\/#primaryimage","url":"https:\/\/cdn1.mediawpaccore.net\/wp-content\/uploads\/2023\/09\/01150949\/shutterstock_6310114-1.jpg","contentUrl":"https:\/\/cdn1.mediawpaccore.net\/wp-content\/uploads\/2023\/09\/01150949\/shutterstock_6310114-1.jpg","width":1000,"height":656,"caption":"Foto: Stocklight | Shutterstock"},{"@type":"BreadcrumbList","@id":"https:\/\/www.cuballama.com\/noticias\/miami-beach-bautizara-hoy-13-de-octubre-con-el-nombre-de-gloria-estefan-una-calle-en-miami-beach\/#breadcrumb","itemListElement":[{"@type":"ListItem","position":1,"name":"Home","item":"https:\/\/www.cuballama.com\/noticias\/"},{"@type":"ListItem","position":2,"name":"Miami Beach bautizar\u00e1 hoy 13 de octubre con el nombre de \u00abGloria Estefan\u00bb, una calle en Miami Beach"}]},{"@type":"WebSite","@id":"https:\/\/www.cuballama.com\/noticias\/#website","url":"https:\/\/www.cuballama.com\/noticias\/","name":"Cuballama Noticias","description":"Medio digital sobre Cuba y el mundo","publisher":{"@id":"https:\/\/www.cuballama.com\/noticias\/#organization"},"potentialAction":[{"@type":"SearchAction","target":{"@type":"EntryPoint","urlTemplate":"https:\/\/www.cuballama.com\/noticias\/?s={search_term_string}"},"query-input":{"@type":"PropertyValueSpecification","valueRequired":true,"valueName":"search_term_string"}}],"inLanguage":"es"},{"@type":"Organization","@id":"https:\/\/www.cuballama.com\/noticias\/#organization","name":"Cuballama","url":"https:\/\/www.cuballama.com\/noticias\/","logo":{"@type":"ImageObject","inLanguage":"es","@id":"https:\/\/www.cuballama.com\/noticias\/#\/schema\/logo\/image\/","url":"https:\/\/cdn1.mediawpaccore.net\/wp-content\/uploads\/2021\/12\/28171206\/cbll-logo-color-sm.png","contentUrl":"https:\/\/cdn1.mediawpaccore.net\/wp-content\/uploads\/2021\/12\/28171206\/cbll-logo-color-sm.png","width":600,"height":133,"caption":"Cuballama"},"image":{"@id":"https:\/\/www.cuballama.com\/noticias\/#\/schema\/logo\/image\/"},"sameAs":["https:\/\/www.facebook.com\/CubaLlama","https:\/\/x.com\/cuballama","https:\/\/www.instagram.com\/stories\/cuballama_oficial\/","https:\/\/www.youtube.com\/channel\/UCKkFE-d_axENGZcrc4as0IA"]},{"@type":"Person","@id":"https:\/\/www.cuballama.com\/noticias\/#\/schema\/person\/a58502ed4146c8e9f83872e897c76cd2","name":"Roberto A.","description":"Roberto A. Periodista por decisi\u00f3n propia. Interesado en cualquier tema que me apasione y cada vez m\u00e1s comprometido con la verdad y la objetividad period\u00edstica. Graduado en La Habana hace ya muchos a\u00f1os, luego de una accidentada y polvorienta b\u00fasqueda de informaci\u00f3n sobre un tema in\u00e9dito. La Tesis, por cierto, desapareci\u00f3 de la biblioteca y no se conservan copias de la misma.","url":"https:\/\/www.cuballama.com\/noticias\/author\/roberto\/"}]}},"_links":{"self":[{"href":"https:\/\/www.cuballama.com\/noticias\/wp-json\/wp\/v2\/posts\/222557","targetHints":{"allow":["GET"]}}],"collection":[{"href":"https:\/\/www.cuballama.com\/noticias\/wp-json\/wp\/v2\/posts"}],"about":[{"href":"https:\/\/www.cuballama.com\/noticias\/wp-json\/wp\/v2\/types\/post"}],"author":[{"embeddable":true,"href":"https:\/\/www.cuballama.com\/noticias\/wp-json\/wp\/v2\/users\/13"}],"replies":[{"embeddable":true,"href":"https:\/\/www.cuballama.com\/noticias\/wp-json\/wp\/v2\/comments?post=222557"}],"version-history":[{"count":2,"href":"https:\/\/www.cuballama.com\/noticias\/wp-json\/wp\/v2\/posts\/222557\/revisions"}],"predecessor-version":[{"id":222561,"href":"https:\/\/www.cuballama.com\/noticias\/wp-json\/wp\/v2\/posts\/222557\/revisions\/222561"}],"wp:featuredmedia":[{"embeddable":true,"href":"https:\/\/www.cuballama.com\/noticias\/wp-json\/wp\/v2\/media\/136136"}],"wp:attachment":[{"href":"https:\/\/www.cuballama.com\/noticias\/wp-json\/wp\/v2\/media?parent=222557"}],"wp:term":[{"taxonomy":"category","embeddable":true,"href":"https:\/\/www.cuballama.com\/noticias\/wp-json\/wp\/v2\/categories?post=222557"},{"taxonomy":"post_tag","embeddable":true,"href":"https:\/\/www.cuballama.com\/noticias\/wp-json\/wp\/v2\/tags?post=222557"}],"curies":[{"name":"wp","href":"https:\/\/api.w.org\/{rel}","templated":true}]}}