{"id":222548,"date":"2025-10-26T13:51:35","date_gmt":"2025-10-26T17:51:35","guid":{"rendered":"https:\/\/www.cuballama.com\/noticias\/?p=222548"},"modified":"2025-10-26T13:51:37","modified_gmt":"2025-10-26T17:51:37","slug":"es-como-el-viejo-oeste-crece-la-preocupacion-por-padre-cubano-detenido-por-ice-en-palm-bay","status":"publish","type":"post","link":"https:\/\/www.cuballama.com\/noticias\/es-como-el-viejo-oeste-crece-la-preocupacion-por-padre-cubano-detenido-por-ice-en-palm-bay\/","title":{"rendered":"\u201cEs como el Viejo Oeste\u201d: crece la preocupaci\u00f3n por padre cubano detenido por ICE en Palm Bay"},"content":{"rendered":"\n<p>Seg\u00fan report\u00f3 <em>Florida Today<\/em>, agentes del Servicio de Inmigraci\u00f3n y Control de Aduanas (ICE, por sus siglas en ingl\u00e9s) detuvieron a Jos\u00e9 Manuel Allende-Uton, un cubano de 58 a\u00f1os residente en Palm Bay, Florida, durante una redada nacional que dej\u00f3 150 arrestos solo en el condado de Brevard. Allende, quien lleg\u00f3 a Estados Unidos en 1969 como parte de los vuelos de libertad que trajeron miles de cubanos a suelo estadounidense, fue apresado frente a su casa el pasado 26 de septiembre y trasladado a varios centros de detenci\u00f3n, incluido el pol\u00e9mico complejo conocido como <strong>Alligator Alcatraz<\/strong>, en el sur del estado.<\/p>\n\n\n\n<p>La hija del detenido, Sheena Allende-Smith, cont\u00f3 a <em>Florida Today<\/em> que ha pasado las \u00faltimas semanas intentando averiguar el paradero de su padre. \u201cRealmente, esto es todo lo que \u00e9l conoce\u201d, dijo entre l\u00e1grimas. \u201cEl gobierno lo trajo cuando era ni\u00f1o. Es due\u00f1o de un negocio, paga impuestos y tiene una familia aqu\u00ed\u201d. Seg\u00fan explic\u00f3, Allende perdi\u00f3 parte de su documentaci\u00f3n durante el hurac\u00e1n Andrew en 1992 y, aunque tiene licencia de conducir y n\u00famero de Seguro Social, no logr\u00f3 regularizar su estatus migratorio.<\/p>\n\n\n\n<p>El caso se ha convertido en un s\u00edmbolo del endurecimiento de las pol\u00edticas migratorias bajo la administraci\u00f3n Trump. La secretaria de Seguridad Nacional, Kristi Noem, afirm\u00f3 el mes pasado que m\u00e1s de 1,6 millones de personas hab\u00edan sido deportadas en los \u00faltimos 200 d\u00edas. \u201cEsto significa calles m\u00e1s seguras y m\u00e1s oportunidades para los estadounidenses\u201d, declar\u00f3. Pero abogados de inmigraci\u00f3n como David Stoller advierten que el clima de represi\u00f3n recuerda los a\u00f1os posteriores al 11 de septiembre. \u201cNunca he visto a los agentes actuar con tanta impunidad. Es como el Viejo Oeste\u201d, se\u00f1al\u00f3 a <em><a href=\"https:\/\/www.floridatoday.com\/story\/news\/2025\/10\/12\/ice-immigration-raid-brevard-cuba-palm-bay-man-florida-alligator-alcatraz\/86546043007\/\" target=\"_blank\" rel=\"noreferrer noopener nofollow\">Florida Today<\/a><\/em>.<\/p>\n\n\n\n<p>Allende, quien dirige la empresa M.A.K. Home Improvements, fue detenido justo despu\u00e9s de dejar a su hija menor en la escuela. En una llamada telef\u00f3nica desesperada, alcanz\u00f3 a decirle a su familia: \u201cMam\u00e1, ICE est\u00e1 aqu\u00ed, me est\u00e1n llevando\u201d. Luego fue trasladado a Fort Lauderdale y, de all\u00ed, a una celda compartida con otros doce hombres en Alligator Alcatraz, donde, seg\u00fan denunci\u00f3 su hija, \u201cle quitaron las dentaduras y no le permiten ver un reloj ni la televisi\u00f3n\u201d.<\/p>\n\n\n\n<p>El Papa Le\u00f3n, de origen estadounidense, tambi\u00e9n critic\u00f3 p\u00fablicamente los abusos de las redadas. \u201cNo se puede decir que uno defiende la vida si al mismo tiempo apoya el trato inhumano a los inmigrantes\u201d, expres\u00f3 en declaraciones citadas por EWTN News.<\/p>\n\n\n\n<p>En las \u00faltimas horas, Allende fue movido al Centro Federal de Detenci\u00f3n de Miami, cerca de la Torre de la Libertad, el mismo edificio donde, hace d\u00e9cadas, se procesaba a los cubanos reci\u00e9n llegados al exilio. Su familia conf\u00eda en que este traslado acerque su caso a una revisi\u00f3n judicial.<\/p>\n\n\n\n<p>El de Jos\u00e9 Manuel Allende no es un caso aislado. Diversas organizaciones de derechos humanos advierten que las nuevas directrices migratorias han provocado el arresto de personas con d\u00e9cadas de residencia en EE.UU. y fuertes lazos familiares. En el caso de los cubanos, la desaparici\u00f3n del acuerdo de \u201cpies secos, pies mojados\u201d en 2017 y la reactivaci\u00f3n de \u00f3rdenes de deportaci\u00f3n antiguas han dejado a miles en un limbo legal.<\/p>\n\n\n\n<p>Mientras su familia espera noticias, la historia de Allende pone rostro a un pa\u00eds donde el sue\u00f1o americano parece haberse convertido, para muchos migrantes, en una pesadilla burocr\u00e1tica y carcelaria.<\/p>\n","protected":false},"excerpt":{"rendered":"<p>La hija del detenido, Sheena Allende-Smith, cont\u00f3 a Florida Today que ha pasado las \u00faltimas semanas intentando averiguar el paradero de su padre. \u201cRealmente, esto es todo lo que \u00e9l conoce\u201d, dijo entre l\u00e1grimas. \u201cEl gobierno lo trajo cuando era ni\u00f1o. Es due\u00f1o de un negocio, paga impuestos y tiene una familia aqu\u00ed\u201d<\/p>\n","protected":false},"author":13,"featured_media":210496,"comment_status":"open","ping_status":"closed","sticky":false,"template":"","format":"standard","meta":{"_acf_changed":false,"footnotes":""},"categories":[18,954,11024,953],"tags":[24897,24453,2864,4824,2978,108,28535,28536],"class_list":{"0":"post-222548","1":"post","2":"type-post","3":"status-publish","4":"format-standard","5":"has-post-thumbnail","7":"category-noticias","8":"category-noticias-de-florida","9":"category-noticias-de-miami","10":"category-usa","11":"tag-alligator-alcatraz","12":"tag-cubanos-en-ee-uu","13":"tag-derechos-humanos","14":"tag-detenciones","15":"tag-ice","16":"tag-inmigracion","17":"tag-jose-manuel-allende","18":"tag-palm-bay"},"acf":[],"yoast_head":"<!-- This site is optimized with the Yoast SEO plugin v27.5 - https:\/\/yoast.com\/product\/yoast-seo-wordpress\/ -->\n<title>\u201cEs como el Viejo Oeste\u201d: crece la preocupaci\u00f3n por padre cubano detenido por ICE en Palm Bay - Cuballama Noticias<\/title>\n<meta name=\"description\" content=\"ICE continua con sus redadas. Un cubano que lleg\u00f3 hace 50 a\u00f1os a EE.UU. siendo un ni\u00f1o es detenido y enviado a Alligator Alcatraz\" \/>\n<meta name=\"robots\" content=\"index, follow, max-snippet:-1, max-image-preview:large, max-video-preview:-1\" \/>\n<link rel=\"canonical\" href=\"https:\/\/www.cuballama.com\/noticias\/es-como-el-viejo-oeste-crece-la-preocupacion-por-padre-cubano-detenido-por-ice-en-palm-bay\/\" \/>\n<meta property=\"og:locale\" content=\"es_ES\" \/>\n<meta property=\"og:type\" content=\"article\" \/>\n<meta property=\"og:title\" content=\"\u201cEs como el Viejo Oeste\u201d: crece la preocupaci\u00f3n por padre cubano detenido por ICE en Palm Bay - Cuballama Noticias\" \/>\n<meta property=\"og:description\" content=\"ICE continua con sus redadas. Un cubano que lleg\u00f3 hace 50 a\u00f1os a EE.UU. siendo un ni\u00f1o es detenido y enviado a Alligator Alcatraz\" \/>\n<meta property=\"og:url\" content=\"https:\/\/www.cuballama.com\/noticias\/es-como-el-viejo-oeste-crece-la-preocupacion-por-padre-cubano-detenido-por-ice-en-palm-bay\/\" \/>\n<meta property=\"og:site_name\" content=\"Cuballama Noticias\" \/>\n<meta property=\"article:publisher\" content=\"https:\/\/www.facebook.com\/CubaLlama\" \/>\n<meta property=\"article:published_time\" content=\"2025-10-26T17:51:35+00:00\" \/>\n<meta property=\"article:modified_time\" content=\"2025-10-26T17:51:37+00:00\" \/>\n<meta property=\"og:image\" content=\"https:\/\/cdn1.mediawpaccore.net\/wp-content\/uploads\/2025\/06\/16065149\/GrUggstWMAAY3iG1.jpg\" \/>\n\t<meta property=\"og:image:width\" content=\"1200\" \/>\n\t<meta property=\"og:image:height\" content=\"630\" \/>\n\t<meta property=\"og:image:type\" content=\"image\/jpeg\" \/>\n<meta name=\"author\" content=\"Roberto A.\" \/>\n<meta name=\"twitter:card\" content=\"summary_large_image\" \/>\n<meta name=\"twitter:creator\" content=\"@cuballama\" \/>\n<meta name=\"twitter:site\" content=\"@cuballama\" \/>\n<meta name=\"twitter:label1\" content=\"Escrito por\" \/>\n\t<meta name=\"twitter:data1\" content=\"Roberto A.\" \/>\n\t<meta name=\"twitter:label2\" content=\"Tiempo de lectura\" \/>\n\t<meta name=\"twitter:data2\" content=\"3 minutos\" \/>\n<script type=\"application\/ld+json\" class=\"yoast-schema-graph\">{\"@context\":\"https:\\\/\\\/schema.org\",\"@graph\":[{\"@type\":\"Article\",\"@id\":\"https:\\\/\\\/www.cuballama.com\\\/noticias\\\/es-como-el-viejo-oeste-crece-la-preocupacion-por-padre-cubano-detenido-por-ice-en-palm-bay\\\/#article\",\"isPartOf\":{\"@id\":\"https:\\\/\\\/www.cuballama.com\\\/noticias\\\/es-como-el-viejo-oeste-crece-la-preocupacion-por-padre-cubano-detenido-por-ice-en-palm-bay\\\/\"},\"author\":{\"name\":\"Roberto A.\",\"@id\":\"https:\\\/\\\/www.cuballama.com\\\/noticias\\\/#\\\/schema\\\/person\\\/a58502ed4146c8e9f83872e897c76cd2\"},\"headline\":\"\u201cEs como el Viejo Oeste\u201d: crece la preocupaci\u00f3n por padre cubano detenido por ICE en Palm Bay\",\"datePublished\":\"2025-10-26T17:51:35+00:00\",\"dateModified\":\"2025-10-26T17:51:37+00:00\",\"mainEntityOfPage\":{\"@id\":\"https:\\\/\\\/www.cuballama.com\\\/noticias\\\/es-como-el-viejo-oeste-crece-la-preocupacion-por-padre-cubano-detenido-por-ice-en-palm-bay\\\/\"},\"wordCount\":608,\"commentCount\":0,\"publisher\":{\"@id\":\"https:\\\/\\\/www.cuballama.com\\\/noticias\\\/#organization\"},\"image\":{\"@id\":\"https:\\\/\\\/www.cuballama.com\\\/noticias\\\/es-como-el-viejo-oeste-crece-la-preocupacion-por-padre-cubano-detenido-por-ice-en-palm-bay\\\/#primaryimage\"},\"thumbnailUrl\":\"https:\\\/\\\/cdn1.mediawpaccore.net\\\/wp-content\\\/uploads\\\/2025\\\/06\\\/16065149\\\/GrUggstWMAAY3iG1.jpg\",\"keywords\":[\"Alligator Alcatraz\",\"cubanos en EE.UU.\",\"derechos humanos\",\"Detenciones\",\"ICE\",\"inmigraci\u00f3n\",\"Jos\u00e9 Manuel Allende\",\"Palm Bay\"],\"articleSection\":[\"Noticias\",\"Noticias de Florida\",\"Noticias de Miami\",\"USA\"],\"inLanguage\":\"es\",\"potentialAction\":[{\"@type\":\"CommentAction\",\"name\":\"Comment\",\"target\":[\"https:\\\/\\\/www.cuballama.com\\\/noticias\\\/es-como-el-viejo-oeste-crece-la-preocupacion-por-padre-cubano-detenido-por-ice-en-palm-bay\\\/#respond\"]}]},{\"@type\":\"WebPage\",\"@id\":\"https:\\\/\\\/www.cuballama.com\\\/noticias\\\/es-como-el-viejo-oeste-crece-la-preocupacion-por-padre-cubano-detenido-por-ice-en-palm-bay\\\/\",\"url\":\"https:\\\/\\\/www.cuballama.com\\\/noticias\\\/es-como-el-viejo-oeste-crece-la-preocupacion-por-padre-cubano-detenido-por-ice-en-palm-bay\\\/\",\"name\":\"\u201cEs como el Viejo Oeste\u201d: crece la preocupaci\u00f3n por padre cubano detenido por ICE en Palm Bay - Cuballama Noticias\",\"isPartOf\":{\"@id\":\"https:\\\/\\\/www.cuballama.com\\\/noticias\\\/#website\"},\"primaryImageOfPage\":{\"@id\":\"https:\\\/\\\/www.cuballama.com\\\/noticias\\\/es-como-el-viejo-oeste-crece-la-preocupacion-por-padre-cubano-detenido-por-ice-en-palm-bay\\\/#primaryimage\"},\"image\":{\"@id\":\"https:\\\/\\\/www.cuballama.com\\\/noticias\\\/es-como-el-viejo-oeste-crece-la-preocupacion-por-padre-cubano-detenido-por-ice-en-palm-bay\\\/#primaryimage\"},\"thumbnailUrl\":\"https:\\\/\\\/cdn1.mediawpaccore.net\\\/wp-content\\\/uploads\\\/2025\\\/06\\\/16065149\\\/GrUggstWMAAY3iG1.jpg\",\"datePublished\":\"2025-10-26T17:51:35+00:00\",\"dateModified\":\"2025-10-26T17:51:37+00:00\",\"description\":\"ICE continua con sus redadas. Un cubano que lleg\u00f3 hace 50 a\u00f1os a EE.UU. siendo un ni\u00f1o es detenido y enviado a Alligator Alcatraz\",\"breadcrumb\":{\"@id\":\"https:\\\/\\\/www.cuballama.com\\\/noticias\\\/es-como-el-viejo-oeste-crece-la-preocupacion-por-padre-cubano-detenido-por-ice-en-palm-bay\\\/#breadcrumb\"},\"inLanguage\":\"es\",\"potentialAction\":[{\"@type\":\"ReadAction\",\"target\":[\"https:\\\/\\\/www.cuballama.com\\\/noticias\\\/es-como-el-viejo-oeste-crece-la-preocupacion-por-padre-cubano-detenido-por-ice-en-palm-bay\\\/\"]}]},{\"@type\":\"ImageObject\",\"inLanguage\":\"es\",\"@id\":\"https:\\\/\\\/www.cuballama.com\\\/noticias\\\/es-como-el-viejo-oeste-crece-la-preocupacion-por-padre-cubano-detenido-por-ice-en-palm-bay\\\/#primaryimage\",\"url\":\"https:\\\/\\\/cdn1.mediawpaccore.net\\\/wp-content\\\/uploads\\\/2025\\\/06\\\/16065149\\\/GrUggstWMAAY3iG1.jpg\",\"contentUrl\":\"https:\\\/\\\/cdn1.mediawpaccore.net\\\/wp-content\\\/uploads\\\/2025\\\/06\\\/16065149\\\/GrUggstWMAAY3iG1.jpg\",\"width\":1200,\"height\":630,\"caption\":\"Agentes de ICE. Foto de referencia: X\\\/USCIS.\"},{\"@type\":\"BreadcrumbList\",\"@id\":\"https:\\\/\\\/www.cuballama.com\\\/noticias\\\/es-como-el-viejo-oeste-crece-la-preocupacion-por-padre-cubano-detenido-por-ice-en-palm-bay\\\/#breadcrumb\",\"itemListElement\":[{\"@type\":\"ListItem\",\"position\":1,\"name\":\"Home\",\"item\":\"https:\\\/\\\/www.cuballama.com\\\/noticias\\\/\"},{\"@type\":\"ListItem\",\"position\":2,\"name\":\"\u201cEs como el Viejo Oeste\u201d: crece la preocupaci\u00f3n por padre cubano detenido por ICE en Palm Bay\"}]},{\"@type\":\"WebSite\",\"@id\":\"https:\\\/\\\/www.cuballama.com\\\/noticias\\\/#website\",\"url\":\"https:\\\/\\\/www.cuballama.com\\\/noticias\\\/\",\"name\":\"Cuballama Noticias\",\"description\":\"Medio digital sobre Cuba y el mundo\",\"publisher\":{\"@id\":\"https:\\\/\\\/www.cuballama.com\\\/noticias\\\/#organization\"},\"potentialAction\":[{\"@type\":\"SearchAction\",\"target\":{\"@type\":\"EntryPoint\",\"urlTemplate\":\"https:\\\/\\\/www.cuballama.com\\\/noticias\\\/?s={search_term_string}\"},\"query-input\":{\"@type\":\"PropertyValueSpecification\",\"valueRequired\":true,\"valueName\":\"search_term_string\"}}],\"inLanguage\":\"es\"},{\"@type\":\"Organization\",\"@id\":\"https:\\\/\\\/www.cuballama.com\\\/noticias\\\/#organization\",\"name\":\"Cuballama\",\"url\":\"https:\\\/\\\/www.cuballama.com\\\/noticias\\\/\",\"logo\":{\"@type\":\"ImageObject\",\"inLanguage\":\"es\",\"@id\":\"https:\\\/\\\/www.cuballama.com\\\/noticias\\\/#\\\/schema\\\/logo\\\/image\\\/\",\"url\":\"https:\\\/\\\/cdn1.mediawpaccore.net\\\/wp-content\\\/uploads\\\/2021\\\/12\\\/28171206\\\/cbll-logo-color-sm.png\",\"contentUrl\":\"https:\\\/\\\/cdn1.mediawpaccore.net\\\/wp-content\\\/uploads\\\/2021\\\/12\\\/28171206\\\/cbll-logo-color-sm.png\",\"width\":600,\"height\":133,\"caption\":\"Cuballama\"},\"image\":{\"@id\":\"https:\\\/\\\/www.cuballama.com\\\/noticias\\\/#\\\/schema\\\/logo\\\/image\\\/\"},\"sameAs\":[\"https:\\\/\\\/www.facebook.com\\\/CubaLlama\",\"https:\\\/\\\/x.com\\\/cuballama\",\"https:\\\/\\\/www.instagram.com\\\/stories\\\/cuballama_oficial\\\/\",\"https:\\\/\\\/www.youtube.com\\\/channel\\\/UCKkFE-d_axENGZcrc4as0IA\"]},{\"@type\":\"Person\",\"@id\":\"https:\\\/\\\/www.cuballama.com\\\/noticias\\\/#\\\/schema\\\/person\\\/a58502ed4146c8e9f83872e897c76cd2\",\"name\":\"Roberto A.\",\"description\":\"Roberto A. Periodista por decisi\u00f3n propia. Interesado en cualquier tema que me apasione y cada vez m\u00e1s comprometido con la verdad y la objetividad period\u00edstica. Graduado en La Habana hace ya muchos a\u00f1os, luego de una accidentada y polvorienta b\u00fasqueda de informaci\u00f3n sobre un tema in\u00e9dito. La Tesis, por cierto, desapareci\u00f3 de la biblioteca y no se conservan copias de la misma.\",\"url\":\"https:\\\/\\\/www.cuballama.com\\\/noticias\\\/author\\\/roberto\\\/\"}]}<\/script>\n<!-- \/ Yoast SEO plugin. -->","yoast_head_json":{"title":"\u201cEs como el Viejo Oeste\u201d: crece la preocupaci\u00f3n por padre cubano detenido por ICE en Palm Bay - Cuballama Noticias","description":"ICE continua con sus redadas. Un cubano que lleg\u00f3 hace 50 a\u00f1os a EE.UU. siendo un ni\u00f1o es detenido y enviado a Alligator Alcatraz","robots":{"index":"index","follow":"follow","max-snippet":"max-snippet:-1","max-image-preview":"max-image-preview:large","max-video-preview":"max-video-preview:-1"},"canonical":"https:\/\/www.cuballama.com\/noticias\/es-como-el-viejo-oeste-crece-la-preocupacion-por-padre-cubano-detenido-por-ice-en-palm-bay\/","og_locale":"es_ES","og_type":"article","og_title":"\u201cEs como el Viejo Oeste\u201d: crece la preocupaci\u00f3n por padre cubano detenido por ICE en Palm Bay - Cuballama Noticias","og_description":"ICE continua con sus redadas. Un cubano que lleg\u00f3 hace 50 a\u00f1os a EE.UU. siendo un ni\u00f1o es detenido y enviado a Alligator Alcatraz","og_url":"https:\/\/www.cuballama.com\/noticias\/es-como-el-viejo-oeste-crece-la-preocupacion-por-padre-cubano-detenido-por-ice-en-palm-bay\/","og_site_name":"Cuballama Noticias","article_publisher":"https:\/\/www.facebook.com\/CubaLlama","article_published_time":"2025-10-26T17:51:35+00:00","article_modified_time":"2025-10-26T17:51:37+00:00","og_image":[{"width":1200,"height":630,"url":"https:\/\/cdn1.mediawpaccore.net\/wp-content\/uploads\/2025\/06\/16065149\/GrUggstWMAAY3iG1.jpg","type":"image\/jpeg"}],"author":"Roberto A.","twitter_card":"summary_large_image","twitter_creator":"@cuballama","twitter_site":"@cuballama","twitter_misc":{"Escrito por":"Roberto A.","Tiempo de lectura":"3 minutos"},"schema":{"@context":"https:\/\/schema.org","@graph":[{"@type":"Article","@id":"https:\/\/www.cuballama.com\/noticias\/es-como-el-viejo-oeste-crece-la-preocupacion-por-padre-cubano-detenido-por-ice-en-palm-bay\/#article","isPartOf":{"@id":"https:\/\/www.cuballama.com\/noticias\/es-como-el-viejo-oeste-crece-la-preocupacion-por-padre-cubano-detenido-por-ice-en-palm-bay\/"},"author":{"name":"Roberto A.","@id":"https:\/\/www.cuballama.com\/noticias\/#\/schema\/person\/a58502ed4146c8e9f83872e897c76cd2"},"headline":"\u201cEs como el Viejo Oeste\u201d: crece la preocupaci\u00f3n por padre cubano detenido por ICE en Palm Bay","datePublished":"2025-10-26T17:51:35+00:00","dateModified":"2025-10-26T17:51:37+00:00","mainEntityOfPage":{"@id":"https:\/\/www.cuballama.com\/noticias\/es-como-el-viejo-oeste-crece-la-preocupacion-por-padre-cubano-detenido-por-ice-en-palm-bay\/"},"wordCount":608,"commentCount":0,"publisher":{"@id":"https:\/\/www.cuballama.com\/noticias\/#organization"},"image":{"@id":"https:\/\/www.cuballama.com\/noticias\/es-como-el-viejo-oeste-crece-la-preocupacion-por-padre-cubano-detenido-por-ice-en-palm-bay\/#primaryimage"},"thumbnailUrl":"https:\/\/cdn1.mediawpaccore.net\/wp-content\/uploads\/2025\/06\/16065149\/GrUggstWMAAY3iG1.jpg","keywords":["Alligator Alcatraz","cubanos en EE.UU.","derechos humanos","Detenciones","ICE","inmigraci\u00f3n","Jos\u00e9 Manuel Allende","Palm Bay"],"articleSection":["Noticias","Noticias de Florida","Noticias de Miami","USA"],"inLanguage":"es","potentialAction":[{"@type":"CommentAction","name":"Comment","target":["https:\/\/www.cuballama.com\/noticias\/es-como-el-viejo-oeste-crece-la-preocupacion-por-padre-cubano-detenido-por-ice-en-palm-bay\/#respond"]}]},{"@type":"WebPage","@id":"https:\/\/www.cuballama.com\/noticias\/es-como-el-viejo-oeste-crece-la-preocupacion-por-padre-cubano-detenido-por-ice-en-palm-bay\/","url":"https:\/\/www.cuballama.com\/noticias\/es-como-el-viejo-oeste-crece-la-preocupacion-por-padre-cubano-detenido-por-ice-en-palm-bay\/","name":"\u201cEs como el Viejo Oeste\u201d: crece la preocupaci\u00f3n por padre cubano detenido por ICE en Palm Bay - Cuballama Noticias","isPartOf":{"@id":"https:\/\/www.cuballama.com\/noticias\/#website"},"primaryImageOfPage":{"@id":"https:\/\/www.cuballama.com\/noticias\/es-como-el-viejo-oeste-crece-la-preocupacion-por-padre-cubano-detenido-por-ice-en-palm-bay\/#primaryimage"},"image":{"@id":"https:\/\/www.cuballama.com\/noticias\/es-como-el-viejo-oeste-crece-la-preocupacion-por-padre-cubano-detenido-por-ice-en-palm-bay\/#primaryimage"},"thumbnailUrl":"https:\/\/cdn1.mediawpaccore.net\/wp-content\/uploads\/2025\/06\/16065149\/GrUggstWMAAY3iG1.jpg","datePublished":"2025-10-26T17:51:35+00:00","dateModified":"2025-10-26T17:51:37+00:00","description":"ICE continua con sus redadas. Un cubano que lleg\u00f3 hace 50 a\u00f1os a EE.UU. siendo un ni\u00f1o es detenido y enviado a Alligator Alcatraz","breadcrumb":{"@id":"https:\/\/www.cuballama.com\/noticias\/es-como-el-viejo-oeste-crece-la-preocupacion-por-padre-cubano-detenido-por-ice-en-palm-bay\/#breadcrumb"},"inLanguage":"es","potentialAction":[{"@type":"ReadAction","target":["https:\/\/www.cuballama.com\/noticias\/es-como-el-viejo-oeste-crece-la-preocupacion-por-padre-cubano-detenido-por-ice-en-palm-bay\/"]}]},{"@type":"ImageObject","inLanguage":"es","@id":"https:\/\/www.cuballama.com\/noticias\/es-como-el-viejo-oeste-crece-la-preocupacion-por-padre-cubano-detenido-por-ice-en-palm-bay\/#primaryimage","url":"https:\/\/cdn1.mediawpaccore.net\/wp-content\/uploads\/2025\/06\/16065149\/GrUggstWMAAY3iG1.jpg","contentUrl":"https:\/\/cdn1.mediawpaccore.net\/wp-content\/uploads\/2025\/06\/16065149\/GrUggstWMAAY3iG1.jpg","width":1200,"height":630,"caption":"Agentes de ICE. Foto de referencia: X\/USCIS."},{"@type":"BreadcrumbList","@id":"https:\/\/www.cuballama.com\/noticias\/es-como-el-viejo-oeste-crece-la-preocupacion-por-padre-cubano-detenido-por-ice-en-palm-bay\/#breadcrumb","itemListElement":[{"@type":"ListItem","position":1,"name":"Home","item":"https:\/\/www.cuballama.com\/noticias\/"},{"@type":"ListItem","position":2,"name":"\u201cEs como el Viejo Oeste\u201d: crece la preocupaci\u00f3n por padre cubano detenido por ICE en Palm Bay"}]},{"@type":"WebSite","@id":"https:\/\/www.cuballama.com\/noticias\/#website","url":"https:\/\/www.cuballama.com\/noticias\/","name":"Cuballama Noticias","description":"Medio digital sobre Cuba y el mundo","publisher":{"@id":"https:\/\/www.cuballama.com\/noticias\/#organization"},"potentialAction":[{"@type":"SearchAction","target":{"@type":"EntryPoint","urlTemplate":"https:\/\/www.cuballama.com\/noticias\/?s={search_term_string}"},"query-input":{"@type":"PropertyValueSpecification","valueRequired":true,"valueName":"search_term_string"}}],"inLanguage":"es"},{"@type":"Organization","@id":"https:\/\/www.cuballama.com\/noticias\/#organization","name":"Cuballama","url":"https:\/\/www.cuballama.com\/noticias\/","logo":{"@type":"ImageObject","inLanguage":"es","@id":"https:\/\/www.cuballama.com\/noticias\/#\/schema\/logo\/image\/","url":"https:\/\/cdn1.mediawpaccore.net\/wp-content\/uploads\/2021\/12\/28171206\/cbll-logo-color-sm.png","contentUrl":"https:\/\/cdn1.mediawpaccore.net\/wp-content\/uploads\/2021\/12\/28171206\/cbll-logo-color-sm.png","width":600,"height":133,"caption":"Cuballama"},"image":{"@id":"https:\/\/www.cuballama.com\/noticias\/#\/schema\/logo\/image\/"},"sameAs":["https:\/\/www.facebook.com\/CubaLlama","https:\/\/x.com\/cuballama","https:\/\/www.instagram.com\/stories\/cuballama_oficial\/","https:\/\/www.youtube.com\/channel\/UCKkFE-d_axENGZcrc4as0IA"]},{"@type":"Person","@id":"https:\/\/www.cuballama.com\/noticias\/#\/schema\/person\/a58502ed4146c8e9f83872e897c76cd2","name":"Roberto A.","description":"Roberto A. Periodista por decisi\u00f3n propia. Interesado en cualquier tema que me apasione y cada vez m\u00e1s comprometido con la verdad y la objetividad period\u00edstica. Graduado en La Habana hace ya muchos a\u00f1os, luego de una accidentada y polvorienta b\u00fasqueda de informaci\u00f3n sobre un tema in\u00e9dito. La Tesis, por cierto, desapareci\u00f3 de la biblioteca y no se conservan copias de la misma.","url":"https:\/\/www.cuballama.com\/noticias\/author\/roberto\/"}]}},"_links":{"self":[{"href":"https:\/\/www.cuballama.com\/noticias\/wp-json\/wp\/v2\/posts\/222548","targetHints":{"allow":["GET"]}}],"collection":[{"href":"https:\/\/www.cuballama.com\/noticias\/wp-json\/wp\/v2\/posts"}],"about":[{"href":"https:\/\/www.cuballama.com\/noticias\/wp-json\/wp\/v2\/types\/post"}],"author":[{"embeddable":true,"href":"https:\/\/www.cuballama.com\/noticias\/wp-json\/wp\/v2\/users\/13"}],"replies":[{"embeddable":true,"href":"https:\/\/www.cuballama.com\/noticias\/wp-json\/wp\/v2\/comments?post=222548"}],"version-history":[{"count":2,"href":"https:\/\/www.cuballama.com\/noticias\/wp-json\/wp\/v2\/posts\/222548\/revisions"}],"predecessor-version":[{"id":222551,"href":"https:\/\/www.cuballama.com\/noticias\/wp-json\/wp\/v2\/posts\/222548\/revisions\/222551"}],"wp:featuredmedia":[{"embeddable":true,"href":"https:\/\/www.cuballama.com\/noticias\/wp-json\/wp\/v2\/media\/210496"}],"wp:attachment":[{"href":"https:\/\/www.cuballama.com\/noticias\/wp-json\/wp\/v2\/media?parent=222548"}],"wp:term":[{"taxonomy":"category","embeddable":true,"href":"https:\/\/www.cuballama.com\/noticias\/wp-json\/wp\/v2\/categories?post=222548"},{"taxonomy":"post_tag","embeddable":true,"href":"https:\/\/www.cuballama.com\/noticias\/wp-json\/wp\/v2\/tags?post=222548"}],"curies":[{"name":"wp","href":"https:\/\/api.w.org\/{rel}","templated":true}]}}