{"id":222541,"date":"2025-10-26T13:50:08","date_gmt":"2025-10-26T17:50:08","guid":{"rendered":"https:\/\/www.cuballama.com\/noticias\/?p=222541"},"modified":"2025-10-26T13:50:11","modified_gmt":"2025-10-26T17:50:11","slug":"cuba-niega-estar-detras-del-envio-de-tropas-a-rusia-pero-periodistas-descubren-vinculos-con-los-reclutadores","status":"publish","type":"post","link":"https:\/\/www.cuballama.com\/noticias\/cuba-niega-estar-detras-del-envio-de-tropas-a-rusia-pero-periodistas-descubren-vinculos-con-los-reclutadores\/","title":{"rendered":"Cuba niega estar detr\u00e1s del env\u00edo de tropas a Rusia, pero periodistas descubren v\u00ednculos con los reclutadores"},"content":{"rendered":"\n<p>El gobierno cubano volvi\u00f3 a negar cualquier implicaci\u00f3n en el env\u00edo de ciudadanos de la isla a combatir junto a las fuerzas rusas en Ucrania, tras la publicaci\u00f3n de nuevas investigaciones que revelan una trama de reclutamiento mucho m\u00e1s amplia y organizada de lo que La Habana ha reconocido hasta ahora.<\/p>\n\n\n\n<p>Mientras la Canciller\u00eda cubana insiste en que \u201cning\u00fan nacional act\u00faa con el consentimiento o apoyo del Estado\u201d, periodistas del medio ruso <em><a href=\"https:\/\/www.rferl.org\/a\/russia-ukraine-cubans-recruiting-mercenaries\/33558283.html\" target=\"_blank\" rel=\"noreferrer noopener nofollow\">Systema<\/a><\/em>, unidad de investigaci\u00f3n de <em>Radio Free Europe\/Radio Liberty<\/em>, documentaron una red activa de captaci\u00f3n de cubanos y latinoamericanos para el frente de guerra. El epicentro de esa red ser\u00eda la ciudad de <strong>Ryaz\u00e1n<\/strong>, a unos 200 kil\u00f3metros de Mosc\u00fa, donde operaba <strong>Yelena Smirnova<\/strong>, una agente de viajes de 41 a\u00f1os convertida \u2014seg\u00fan las fuentes rusas\u2014 en una especie de \u201creclutadora estrella\u201d.<\/p>\n\n\n\n<p>El reportaje detalla que Smirnova y sus colaboradoras \u2014entre ellas <strong>Olga Shilyayeva<\/strong>, una peluquera cuyo esposo pertenece a una brigada de mantenimiento militar, y <strong>Dayana D\u00edaz<\/strong>, una cubana residente en Rusia\u2014 utilizaban redes sociales para atraer interesados con anuncios en espa\u00f1ol. Promet\u00edan trabajos en la construcci\u00f3n, alojamiento, ciudadan\u00eda rusa y sueldos de unos 200.000 rublos mensuales, equivalentes a 2.000 d\u00f3lares. Las publicaciones aparec\u00edan en grupos de Facebook y VK titulados <em>Cubanos en Mosc\u00fa<\/em>, donde muchos j\u00f3venes buscaban oportunidades para emigrar.<\/p>\n\n\n\n<figure class=\"wp-block-image size-large\"><img loading=\"lazy\" decoding=\"async\" width=\"723\" height=\"1024\" src=\"https:\/\/cdn1.mediawpaccore.net\/wp-content\/uploads\/2025\/10\/13094359\/image-53-723x1024.png\" alt=\"\" class=\"wp-image-222542\" srcset=\"https:\/\/cdn1.mediawpaccore.net\/wp-content\/uploads\/2025\/10\/13094359\/image-53-723x1024.png 723w, https:\/\/cdn1.mediawpaccore.net\/wp-content\/uploads\/2025\/10\/13094359\/image-53-212x300.png 212w, https:\/\/cdn1.mediawpaccore.net\/wp-content\/uploads\/2025\/10\/13094359\/image-53-768x1087.png 768w, https:\/\/cdn1.mediawpaccore.net\/wp-content\/uploads\/2025\/10\/13094359\/image-53-297x420.png 297w, https:\/\/cdn1.mediawpaccore.net\/wp-content\/uploads\/2025\/10\/13094359\/image-53-150x212.png 150w, https:\/\/cdn1.mediawpaccore.net\/wp-content\/uploads\/2025\/10\/13094359\/image-53-300x425.png 300w, https:\/\/cdn1.mediawpaccore.net\/wp-content\/uploads\/2025\/10\/13094359\/image-53-696x986.png 696w, https:\/\/cdn1.mediawpaccore.net\/wp-content\/uploads\/2025\/10\/13094359\/image-53.png 976w\" sizes=\"auto, (max-width: 723px) 100vw, 723px\" \/><figcaption class=\"wp-element-caption\">Dayana D\u00edaz, mostrada aqu\u00ed en una imagen de redes sociales, con una bandera cubana en su hombro. Ella es una de varias personas identificadas que trabajaron con Smirnova para reclutar cubanos.( Pie de foto,<a href=\"https:\/\/www.rferl.org\/a\/russia-ukraine-cubans-recruiting-mercenaries\/33558283.html\" target=\"_blank\" rel=\"noreferrer noopener nofollow\"> Systema<\/a>)<\/figcaption><\/figure>\n\n\n\n<p>El mecanismo, seg\u00fan <em>Systema<\/em>, comenzaba con una supuesta \u201coferta laboral\u201d. Smirnova financiaba los pasajes desde La Habana, gestionaba visados tur\u00edsticos y recib\u00eda a los reclutas en Mosc\u00fa. Una vez all\u00ed, los hac\u00eda firmar contratos en ruso, documentos que muchos no entend\u00edan, y les retiraba de sus cuentas el \u201canticipo\u201d del viaje. Despu\u00e9s eran enviados a Ryaz\u00e1n, alojados en un antiguo internado escolar y, sin previo aviso, trasladados al frente en Ucrania.<\/p>\n\n\n\n<figure class=\"wp-block-image size-full\"><img loading=\"lazy\" decoding=\"async\" width=\"990\" height=\"838\" src=\"https:\/\/cdn1.mediawpaccore.net\/wp-content\/uploads\/2025\/10\/13094504\/image-54.png\" alt=\"\" class=\"wp-image-222543\" srcset=\"https:\/\/cdn1.mediawpaccore.net\/wp-content\/uploads\/2025\/10\/13094504\/image-54.png 990w, https:\/\/cdn1.mediawpaccore.net\/wp-content\/uploads\/2025\/10\/13094504\/image-54-300x254.png 300w, https:\/\/cdn1.mediawpaccore.net\/wp-content\/uploads\/2025\/10\/13094504\/image-54-768x650.png 768w, https:\/\/cdn1.mediawpaccore.net\/wp-content\/uploads\/2025\/10\/13094504\/image-54-496x420.png 496w, https:\/\/cdn1.mediawpaccore.net\/wp-content\/uploads\/2025\/10\/13094504\/image-54-150x127.png 150w, https:\/\/cdn1.mediawpaccore.net\/wp-content\/uploads\/2025\/10\/13094504\/image-54-696x589.png 696w\" sizes=\"auto, (max-width: 990px) 100vw, 990px\" \/><figcaption class=\"wp-element-caption\">En esta imagen publicada en VK el 30 de abril de 2025, se muestra a Olga Shilyayeva, una de las personas que trabaj\u00f3 con Smirnova, aparentemente despu\u00e9s de ser desplegada en Ucrania. .( Pie de foto,<a href=\"https:\/\/www.rferl.org\/a\/russia-ukraine-cubans-recruiting-mercenaries\/33558283.html\" target=\"_blank\" rel=\"noreferrer noopener nofollow\"> Systema<\/a>)<\/figcaption><\/figure>\n\n\n\n<p>Dos de los reclutas, los j\u00f3venes cubanos <strong>Alex Vega<\/strong> y <strong>Andorf Vel\u00e1squez<\/strong>, contaron su experiencia en un video publicado en agosto de 2023: dijeron que viajaron a Rusia \u201cpara ganar dinero\u201d, pero acabaron heridos en combate en la regi\u00f3n de Kaliningrado. Otro caso es el de <strong>Frank Manfuga<\/strong>, capturado por las fuerzas ucranianas en 2024, quien asegur\u00f3 haber sido enga\u00f1ado con una oferta de trabajo civil.<\/p>\n\n\n\n<p>Los documentos obtenidos por <em>Systema<\/em> incluyen una carta del abogado de Smirnova, fechada en octubre de 2024, en la que admite que su clienta particip\u00f3 en la contrataci\u00f3n de m\u00e1s de 3.000 extranjeros. En esa misma misiva, el abogado ped\u00eda clemencia a las autoridades rusas, ofreciendo que Smirnova sirviera como traductora militar a cambio de su liberaci\u00f3n. Fuentes ucranianas aseguran que tanto ella como Shilyayeva fueron vistas luego integradas en una unidad militar rusa compuesta por exconvictos.<\/p>\n\n\n\n<p>La investigaci\u00f3n tambi\u00e9n muestra c\u00f3mo estos esquemas, formalmente presentados como agencias de turismo, funcionaban con la tolerancia \u2014y en ocasiones con la supervisi\u00f3n\u2014 de organismos vinculados al Ministerio de Defensa ruso. El legislador ucraniano <strong>Maryan Zablotskiy<\/strong>, quien ha seguido de cerca el caso, afirm\u00f3 que las operaciones de Smirnova contaban con el conocimiento de los servicios de inteligencia FSB y GRU. \u201cLos operadores tur\u00edsticos han servido hist\u00f3ricamente de cobertura log\u00edstica\u201d, explic\u00f3 al medio.<\/p>\n\n\n\n<p>Desde Cuba, sin embargo, el <a href=\"https:\/\/cubaminrex.cu\/en\/cuba-categorically-rejects-claims-participation-conflict-ukraine\" target=\"_blank\" rel=\"noreferrer noopener nofollow\">Ministerio de Relaciones Exteriores reiter\u00f3<\/a> que los nacionales involucrados en el conflicto actuaron \u201cde manera individual\u201d y que las autoridades han procesado a cuarenta personas por el delito de mercenarismo. De ellas, veintis\u00e9is han sido condenadas a penas de entre cinco y catorce a\u00f1os de prisi\u00f3n. \u201cCuba no forma parte del conflicto en Ucrania ni participa con personal militar en ning\u00fan pa\u00eds\u201d, insisti\u00f3 el comunicado del 11 de octubre.<\/p>\n\n\n\n<p>Pese a esa declaraci\u00f3n, <em>Systema<\/em> y otros medios como <em><a href=\"https:\/\/www.cbsnews.com\/news\/cuban-fighters-in-ukraine\/\" target=\"_blank\" rel=\"noreferrer noopener nofollow\">CBS News<\/a><\/em> y <em><a href=\"https:\/\/www.reuters.com\/world\/americas\/havana-slams-us-over-charges-cuban-troops-are-fighting-ukraine-2025-10-11\/\" target=\"_blank\" rel=\"noreferrer noopener nofollow\">Reuters<\/a><\/em> coinciden en que la escala del fen\u00f3meno desborda los m\u00e1rgenes de lo que podr\u00eda considerarse un caso aislado. Los testimonios de prisioneros, familiares y antiguos reclutas dibujan un patr\u00f3n de enga\u00f1o sistem\u00e1tico en el que confluyen la desesperaci\u00f3n econ\u00f3mica, el control estatal sobre la movilidad y la opacidad del aparato ruso.<\/p>\n\n\n\n<p>Entre las promesas incumplidas y los contratos en una lengua que no entend\u00edan, decenas de cubanos han terminado atrapados en una guerra ajena, empujados por la necesidad y reclutados por una maquinaria que los ve como mano de obra desechable. <\/p>\n\n\n\n<figure class=\"wp-block-embed is-type-rich is-provider-twitter wp-block-embed-twitter\"><div class=\"wp-block-embed__wrapper\">\n<blockquote class=\"twitter-tweet\" data-width=\"550\" data-dnt=\"true\"><p lang=\"en\" dir=\"ltr\">Problems faced by Cuban mercenaries:<br>\u274c Language barrier<br>\u274c Lies about work &amp; pay<br>\u274c Passports confiscated<br>\u274c Promised citizenship never granted<br>\u274c Unable to terminate contracts<br>\u274c Racism &amp; abuse from Russian commanders <a href=\"https:\/\/t.co\/3RqN8V1knX\">pic.twitter.com\/3RqN8V1knX<\/a><\/p>&mdash; Maryan Zablotskiy (@m_zablotskyy) <a href=\"https:\/\/twitter.com\/m_zablotskyy\/status\/1969038732368978111?ref_src=twsrc%5Etfw\">September 19, 2025<\/a><\/blockquote><script async src=\"https:\/\/platform.twitter.com\/widgets.js\" charset=\"utf-8\"><\/script>\n<\/div><\/figure>\n\n\n\n<p>En ese tablero de versiones cruzadas, La Habana intenta deslindarse mientras los reporteros rusos siguen rastreando las huellas de un negocio que mezcla turismo, pobreza y sangre.<\/p>\n","protected":false},"excerpt":{"rendered":"<p>Mientras Mosc\u00fa calla y La Habana niega, los videos de prisioneros cubanos en el frente y los testimonios de familias que no saben d\u00f3nde est\u00e1n sus hijos dibujan una historia dif\u00edcil de desmentir: la de una di\u00e1spora empujada por la miseria y atrapada en una guerra ajena.<\/p>\n","protected":false},"author":13,"featured_media":126966,"comment_status":"open","ping_status":"closed","sticky":false,"template":"","format":"standard","meta":{"_acf_changed":false,"footnotes":""},"categories":[9334],"tags":[12315,8566,11,28531,28532,9266,28534,3118,26351,8040,28530,2157,28533,5068,28529],"class_list":{"0":"post-222541","1":"post","2":"type-post","3":"status-publish","4":"format-standard","5":"has-post-thumbnail","7":"category-covid","8":"tag-afp","9":"tag-cbs-news","10":"tag-cuba","11":"tag-dayana-diaz","12":"tag-guerra-de-ucrania","13":"tag-mercenarios","14":"tag-mercenarismo","15":"tag-minrex","16":"tag-reclutamiento","17":"tag-reuters","18":"tag-rfe-rl","19":"tag-rusia","20":"tag-systema","21":"tag-ucrania","22":"tag-yelena-smirnova"},"acf":[],"yoast_head":"<!-- This site is optimized with the Yoast SEO plugin v27.5 - https:\/\/yoast.com\/product\/yoast-seo-wordpress\/ -->\n<title>Cuba niega estar detr\u00e1s del env\u00edo de tropas a Rusia, pero periodistas descubren v\u00ednculos con los reclutadores - Cuballama Noticias<\/title>\n<meta name=\"description\" content=\"La lista de mercenarios cubanos en Rusia es inmensa y La Habana dice que actuan por su cuenta, pero reclutadores son amiguitos del r\u00e9gimen\" \/>\n<meta name=\"robots\" content=\"index, follow, max-snippet:-1, max-image-preview:large, max-video-preview:-1\" \/>\n<link rel=\"canonical\" href=\"https:\/\/www.cuballama.com\/noticias\/cuba-niega-estar-detras-del-envio-de-tropas-a-rusia-pero-periodistas-descubren-vinculos-con-los-reclutadores\/\" \/>\n<meta property=\"og:locale\" content=\"es_ES\" \/>\n<meta property=\"og:type\" content=\"article\" \/>\n<meta property=\"og:title\" content=\"Cuba niega estar detr\u00e1s del env\u00edo de tropas a Rusia, pero periodistas descubren v\u00ednculos con los reclutadores - Cuballama Noticias\" \/>\n<meta property=\"og:description\" content=\"La lista de mercenarios cubanos en Rusia es inmensa y La Habana dice que actuan por su cuenta, pero reclutadores son amiguitos del r\u00e9gimen\" \/>\n<meta property=\"og:url\" content=\"https:\/\/www.cuballama.com\/noticias\/cuba-niega-estar-detras-del-envio-de-tropas-a-rusia-pero-periodistas-descubren-vinculos-con-los-reclutadores\/\" \/>\n<meta property=\"og:site_name\" content=\"Cuballama Noticias\" \/>\n<meta property=\"article:publisher\" content=\"https:\/\/www.facebook.com\/CubaLlama\" \/>\n<meta property=\"article:published_time\" content=\"2025-10-26T17:50:08+00:00\" \/>\n<meta property=\"article:modified_time\" content=\"2025-10-26T17:50:11+00:00\" \/>\n<meta property=\"og:image\" content=\"https:\/\/cdn1.mediawpaccore.net\/wp-content\/uploads\/2023\/06\/26122623\/cubanos_rusia.jpg\" \/>\n\t<meta property=\"og:image:width\" content=\"1236\" \/>\n\t<meta property=\"og:image:height\" content=\"758\" \/>\n\t<meta property=\"og:image:type\" content=\"image\/jpeg\" \/>\n<meta name=\"author\" content=\"Roberto A.\" \/>\n<meta name=\"twitter:card\" content=\"summary_large_image\" \/>\n<meta name=\"twitter:creator\" content=\"@cuballama\" \/>\n<meta name=\"twitter:site\" content=\"@cuballama\" \/>\n<meta name=\"twitter:label1\" content=\"Escrito por\" \/>\n\t<meta name=\"twitter:data1\" content=\"Roberto A.\" \/>\n\t<meta name=\"twitter:label2\" content=\"Tiempo de lectura\" \/>\n\t<meta name=\"twitter:data2\" content=\"5 minutos\" \/>\n<script type=\"application\/ld+json\" class=\"yoast-schema-graph\">{\"@context\":\"https:\\\/\\\/schema.org\",\"@graph\":[{\"@type\":\"Article\",\"@id\":\"https:\\\/\\\/www.cuballama.com\\\/noticias\\\/cuba-niega-estar-detras-del-envio-de-tropas-a-rusia-pero-periodistas-descubren-vinculos-con-los-reclutadores\\\/#article\",\"isPartOf\":{\"@id\":\"https:\\\/\\\/www.cuballama.com\\\/noticias\\\/cuba-niega-estar-detras-del-envio-de-tropas-a-rusia-pero-periodistas-descubren-vinculos-con-los-reclutadores\\\/\"},\"author\":{\"name\":\"Roberto A.\",\"@id\":\"https:\\\/\\\/www.cuballama.com\\\/noticias\\\/#\\\/schema\\\/person\\\/a58502ed4146c8e9f83872e897c76cd2\"},\"headline\":\"Cuba niega estar detr\u00e1s del env\u00edo de tropas a Rusia, pero periodistas descubren v\u00ednculos con los reclutadores\",\"datePublished\":\"2025-10-26T17:50:08+00:00\",\"dateModified\":\"2025-10-26T17:50:11+00:00\",\"mainEntityOfPage\":{\"@id\":\"https:\\\/\\\/www.cuballama.com\\\/noticias\\\/cuba-niega-estar-detras-del-envio-de-tropas-a-rusia-pero-periodistas-descubren-vinculos-con-los-reclutadores\\\/\"},\"wordCount\":854,\"commentCount\":0,\"publisher\":{\"@id\":\"https:\\\/\\\/www.cuballama.com\\\/noticias\\\/#organization\"},\"image\":{\"@id\":\"https:\\\/\\\/www.cuballama.com\\\/noticias\\\/cuba-niega-estar-detras-del-envio-de-tropas-a-rusia-pero-periodistas-descubren-vinculos-con-los-reclutadores\\\/#primaryimage\"},\"thumbnailUrl\":\"https:\\\/\\\/cdn1.mediawpaccore.net\\\/wp-content\\\/uploads\\\/2023\\\/06\\\/26122623\\\/cubanos_rusia.jpg\",\"keywords\":[\"AFP\",\"CBS News\",\"Cuba\",\"Dayana D\u00edaz\",\"guerra de Ucrania\",\"mercenarios\",\"mercenarismo\",\"MINREX\",\"reclutamiento\",\"Reuters\",\"RFE\\\/RL\",\"Rusia\",\"Systema\",\"Ucrania\",\"Yelena Smirnova\"],\"articleSection\":[\"Covid\"],\"inLanguage\":\"es\",\"potentialAction\":[{\"@type\":\"CommentAction\",\"name\":\"Comment\",\"target\":[\"https:\\\/\\\/www.cuballama.com\\\/noticias\\\/cuba-niega-estar-detras-del-envio-de-tropas-a-rusia-pero-periodistas-descubren-vinculos-con-los-reclutadores\\\/#respond\"]}]},{\"@type\":\"WebPage\",\"@id\":\"https:\\\/\\\/www.cuballama.com\\\/noticias\\\/cuba-niega-estar-detras-del-envio-de-tropas-a-rusia-pero-periodistas-descubren-vinculos-con-los-reclutadores\\\/\",\"url\":\"https:\\\/\\\/www.cuballama.com\\\/noticias\\\/cuba-niega-estar-detras-del-envio-de-tropas-a-rusia-pero-periodistas-descubren-vinculos-con-los-reclutadores\\\/\",\"name\":\"Cuba niega estar detr\u00e1s del env\u00edo de tropas a Rusia, pero periodistas descubren v\u00ednculos con los reclutadores - Cuballama Noticias\",\"isPartOf\":{\"@id\":\"https:\\\/\\\/www.cuballama.com\\\/noticias\\\/#website\"},\"primaryImageOfPage\":{\"@id\":\"https:\\\/\\\/www.cuballama.com\\\/noticias\\\/cuba-niega-estar-detras-del-envio-de-tropas-a-rusia-pero-periodistas-descubren-vinculos-con-los-reclutadores\\\/#primaryimage\"},\"image\":{\"@id\":\"https:\\\/\\\/www.cuballama.com\\\/noticias\\\/cuba-niega-estar-detras-del-envio-de-tropas-a-rusia-pero-periodistas-descubren-vinculos-con-los-reclutadores\\\/#primaryimage\"},\"thumbnailUrl\":\"https:\\\/\\\/cdn1.mediawpaccore.net\\\/wp-content\\\/uploads\\\/2023\\\/06\\\/26122623\\\/cubanos_rusia.jpg\",\"datePublished\":\"2025-10-26T17:50:08+00:00\",\"dateModified\":\"2025-10-26T17:50:11+00:00\",\"description\":\"La lista de mercenarios cubanos en Rusia es inmensa y La Habana dice que actuan por su cuenta, pero reclutadores son amiguitos del r\u00e9gimen\",\"breadcrumb\":{\"@id\":\"https:\\\/\\\/www.cuballama.com\\\/noticias\\\/cuba-niega-estar-detras-del-envio-de-tropas-a-rusia-pero-periodistas-descubren-vinculos-con-los-reclutadores\\\/#breadcrumb\"},\"inLanguage\":\"es\",\"potentialAction\":[{\"@type\":\"ReadAction\",\"target\":[\"https:\\\/\\\/www.cuballama.com\\\/noticias\\\/cuba-niega-estar-detras-del-envio-de-tropas-a-rusia-pero-periodistas-descubren-vinculos-con-los-reclutadores\\\/\"]}]},{\"@type\":\"ImageObject\",\"inLanguage\":\"es\",\"@id\":\"https:\\\/\\\/www.cuballama.com\\\/noticias\\\/cuba-niega-estar-detras-del-envio-de-tropas-a-rusia-pero-periodistas-descubren-vinculos-con-los-reclutadores\\\/#primaryimage\",\"url\":\"https:\\\/\\\/cdn1.mediawpaccore.net\\\/wp-content\\\/uploads\\\/2023\\\/06\\\/26122623\\\/cubanos_rusia.jpg\",\"contentUrl\":\"https:\\\/\\\/cdn1.mediawpaccore.net\\\/wp-content\\\/uploads\\\/2023\\\/06\\\/26122623\\\/cubanos_rusia.jpg\",\"width\":1236,\"height\":758,\"caption\":\"Foto: REFERENCIAL: V\u00eda Redes Sociales \\\/ Grupo de Facebook Cubanos en Mosc\u00fa\"},{\"@type\":\"BreadcrumbList\",\"@id\":\"https:\\\/\\\/www.cuballama.com\\\/noticias\\\/cuba-niega-estar-detras-del-envio-de-tropas-a-rusia-pero-periodistas-descubren-vinculos-con-los-reclutadores\\\/#breadcrumb\",\"itemListElement\":[{\"@type\":\"ListItem\",\"position\":1,\"name\":\"Home\",\"item\":\"https:\\\/\\\/www.cuballama.com\\\/noticias\\\/\"},{\"@type\":\"ListItem\",\"position\":2,\"name\":\"Cuba niega estar detr\u00e1s del env\u00edo de tropas a Rusia, pero periodistas descubren v\u00ednculos con los reclutadores\"}]},{\"@type\":\"WebSite\",\"@id\":\"https:\\\/\\\/www.cuballama.com\\\/noticias\\\/#website\",\"url\":\"https:\\\/\\\/www.cuballama.com\\\/noticias\\\/\",\"name\":\"Cuballama Noticias\",\"description\":\"Medio digital sobre Cuba y el mundo\",\"publisher\":{\"@id\":\"https:\\\/\\\/www.cuballama.com\\\/noticias\\\/#organization\"},\"potentialAction\":[{\"@type\":\"SearchAction\",\"target\":{\"@type\":\"EntryPoint\",\"urlTemplate\":\"https:\\\/\\\/www.cuballama.com\\\/noticias\\\/?s={search_term_string}\"},\"query-input\":{\"@type\":\"PropertyValueSpecification\",\"valueRequired\":true,\"valueName\":\"search_term_string\"}}],\"inLanguage\":\"es\"},{\"@type\":\"Organization\",\"@id\":\"https:\\\/\\\/www.cuballama.com\\\/noticias\\\/#organization\",\"name\":\"Cuballama\",\"url\":\"https:\\\/\\\/www.cuballama.com\\\/noticias\\\/\",\"logo\":{\"@type\":\"ImageObject\",\"inLanguage\":\"es\",\"@id\":\"https:\\\/\\\/www.cuballama.com\\\/noticias\\\/#\\\/schema\\\/logo\\\/image\\\/\",\"url\":\"https:\\\/\\\/cdn1.mediawpaccore.net\\\/wp-content\\\/uploads\\\/2021\\\/12\\\/28171206\\\/cbll-logo-color-sm.png\",\"contentUrl\":\"https:\\\/\\\/cdn1.mediawpaccore.net\\\/wp-content\\\/uploads\\\/2021\\\/12\\\/28171206\\\/cbll-logo-color-sm.png\",\"width\":600,\"height\":133,\"caption\":\"Cuballama\"},\"image\":{\"@id\":\"https:\\\/\\\/www.cuballama.com\\\/noticias\\\/#\\\/schema\\\/logo\\\/image\\\/\"},\"sameAs\":[\"https:\\\/\\\/www.facebook.com\\\/CubaLlama\",\"https:\\\/\\\/x.com\\\/cuballama\",\"https:\\\/\\\/www.instagram.com\\\/stories\\\/cuballama_oficial\\\/\",\"https:\\\/\\\/www.youtube.com\\\/channel\\\/UCKkFE-d_axENGZcrc4as0IA\"]},{\"@type\":\"Person\",\"@id\":\"https:\\\/\\\/www.cuballama.com\\\/noticias\\\/#\\\/schema\\\/person\\\/a58502ed4146c8e9f83872e897c76cd2\",\"name\":\"Roberto A.\",\"description\":\"Roberto A. Periodista por decisi\u00f3n propia. Interesado en cualquier tema que me apasione y cada vez m\u00e1s comprometido con la verdad y la objetividad period\u00edstica. Graduado en La Habana hace ya muchos a\u00f1os, luego de una accidentada y polvorienta b\u00fasqueda de informaci\u00f3n sobre un tema in\u00e9dito. La Tesis, por cierto, desapareci\u00f3 de la biblioteca y no se conservan copias de la misma.\",\"url\":\"https:\\\/\\\/www.cuballama.com\\\/noticias\\\/author\\\/roberto\\\/\"}]}<\/script>\n<!-- \/ Yoast SEO plugin. -->","yoast_head_json":{"title":"Cuba niega estar detr\u00e1s del env\u00edo de tropas a Rusia, pero periodistas descubren v\u00ednculos con los reclutadores - Cuballama Noticias","description":"La lista de mercenarios cubanos en Rusia es inmensa y La Habana dice que actuan por su cuenta, pero reclutadores son amiguitos del r\u00e9gimen","robots":{"index":"index","follow":"follow","max-snippet":"max-snippet:-1","max-image-preview":"max-image-preview:large","max-video-preview":"max-video-preview:-1"},"canonical":"https:\/\/www.cuballama.com\/noticias\/cuba-niega-estar-detras-del-envio-de-tropas-a-rusia-pero-periodistas-descubren-vinculos-con-los-reclutadores\/","og_locale":"es_ES","og_type":"article","og_title":"Cuba niega estar detr\u00e1s del env\u00edo de tropas a Rusia, pero periodistas descubren v\u00ednculos con los reclutadores - Cuballama Noticias","og_description":"La lista de mercenarios cubanos en Rusia es inmensa y La Habana dice que actuan por su cuenta, pero reclutadores son amiguitos del r\u00e9gimen","og_url":"https:\/\/www.cuballama.com\/noticias\/cuba-niega-estar-detras-del-envio-de-tropas-a-rusia-pero-periodistas-descubren-vinculos-con-los-reclutadores\/","og_site_name":"Cuballama Noticias","article_publisher":"https:\/\/www.facebook.com\/CubaLlama","article_published_time":"2025-10-26T17:50:08+00:00","article_modified_time":"2025-10-26T17:50:11+00:00","og_image":[{"width":1236,"height":758,"url":"https:\/\/cdn1.mediawpaccore.net\/wp-content\/uploads\/2023\/06\/26122623\/cubanos_rusia.jpg","type":"image\/jpeg"}],"author":"Roberto A.","twitter_card":"summary_large_image","twitter_creator":"@cuballama","twitter_site":"@cuballama","twitter_misc":{"Escrito por":"Roberto A.","Tiempo de lectura":"5 minutos"},"schema":{"@context":"https:\/\/schema.org","@graph":[{"@type":"Article","@id":"https:\/\/www.cuballama.com\/noticias\/cuba-niega-estar-detras-del-envio-de-tropas-a-rusia-pero-periodistas-descubren-vinculos-con-los-reclutadores\/#article","isPartOf":{"@id":"https:\/\/www.cuballama.com\/noticias\/cuba-niega-estar-detras-del-envio-de-tropas-a-rusia-pero-periodistas-descubren-vinculos-con-los-reclutadores\/"},"author":{"name":"Roberto A.","@id":"https:\/\/www.cuballama.com\/noticias\/#\/schema\/person\/a58502ed4146c8e9f83872e897c76cd2"},"headline":"Cuba niega estar detr\u00e1s del env\u00edo de tropas a Rusia, pero periodistas descubren v\u00ednculos con los reclutadores","datePublished":"2025-10-26T17:50:08+00:00","dateModified":"2025-10-26T17:50:11+00:00","mainEntityOfPage":{"@id":"https:\/\/www.cuballama.com\/noticias\/cuba-niega-estar-detras-del-envio-de-tropas-a-rusia-pero-periodistas-descubren-vinculos-con-los-reclutadores\/"},"wordCount":854,"commentCount":0,"publisher":{"@id":"https:\/\/www.cuballama.com\/noticias\/#organization"},"image":{"@id":"https:\/\/www.cuballama.com\/noticias\/cuba-niega-estar-detras-del-envio-de-tropas-a-rusia-pero-periodistas-descubren-vinculos-con-los-reclutadores\/#primaryimage"},"thumbnailUrl":"https:\/\/cdn1.mediawpaccore.net\/wp-content\/uploads\/2023\/06\/26122623\/cubanos_rusia.jpg","keywords":["AFP","CBS News","Cuba","Dayana D\u00edaz","guerra de Ucrania","mercenarios","mercenarismo","MINREX","reclutamiento","Reuters","RFE\/RL","Rusia","Systema","Ucrania","Yelena Smirnova"],"articleSection":["Covid"],"inLanguage":"es","potentialAction":[{"@type":"CommentAction","name":"Comment","target":["https:\/\/www.cuballama.com\/noticias\/cuba-niega-estar-detras-del-envio-de-tropas-a-rusia-pero-periodistas-descubren-vinculos-con-los-reclutadores\/#respond"]}]},{"@type":"WebPage","@id":"https:\/\/www.cuballama.com\/noticias\/cuba-niega-estar-detras-del-envio-de-tropas-a-rusia-pero-periodistas-descubren-vinculos-con-los-reclutadores\/","url":"https:\/\/www.cuballama.com\/noticias\/cuba-niega-estar-detras-del-envio-de-tropas-a-rusia-pero-periodistas-descubren-vinculos-con-los-reclutadores\/","name":"Cuba niega estar detr\u00e1s del env\u00edo de tropas a Rusia, pero periodistas descubren v\u00ednculos con los reclutadores - Cuballama Noticias","isPartOf":{"@id":"https:\/\/www.cuballama.com\/noticias\/#website"},"primaryImageOfPage":{"@id":"https:\/\/www.cuballama.com\/noticias\/cuba-niega-estar-detras-del-envio-de-tropas-a-rusia-pero-periodistas-descubren-vinculos-con-los-reclutadores\/#primaryimage"},"image":{"@id":"https:\/\/www.cuballama.com\/noticias\/cuba-niega-estar-detras-del-envio-de-tropas-a-rusia-pero-periodistas-descubren-vinculos-con-los-reclutadores\/#primaryimage"},"thumbnailUrl":"https:\/\/cdn1.mediawpaccore.net\/wp-content\/uploads\/2023\/06\/26122623\/cubanos_rusia.jpg","datePublished":"2025-10-26T17:50:08+00:00","dateModified":"2025-10-26T17:50:11+00:00","description":"La lista de mercenarios cubanos en Rusia es inmensa y La Habana dice que actuan por su cuenta, pero reclutadores son amiguitos del r\u00e9gimen","breadcrumb":{"@id":"https:\/\/www.cuballama.com\/noticias\/cuba-niega-estar-detras-del-envio-de-tropas-a-rusia-pero-periodistas-descubren-vinculos-con-los-reclutadores\/#breadcrumb"},"inLanguage":"es","potentialAction":[{"@type":"ReadAction","target":["https:\/\/www.cuballama.com\/noticias\/cuba-niega-estar-detras-del-envio-de-tropas-a-rusia-pero-periodistas-descubren-vinculos-con-los-reclutadores\/"]}]},{"@type":"ImageObject","inLanguage":"es","@id":"https:\/\/www.cuballama.com\/noticias\/cuba-niega-estar-detras-del-envio-de-tropas-a-rusia-pero-periodistas-descubren-vinculos-con-los-reclutadores\/#primaryimage","url":"https:\/\/cdn1.mediawpaccore.net\/wp-content\/uploads\/2023\/06\/26122623\/cubanos_rusia.jpg","contentUrl":"https:\/\/cdn1.mediawpaccore.net\/wp-content\/uploads\/2023\/06\/26122623\/cubanos_rusia.jpg","width":1236,"height":758,"caption":"Foto: REFERENCIAL: V\u00eda Redes Sociales \/ Grupo de Facebook Cubanos en Mosc\u00fa"},{"@type":"BreadcrumbList","@id":"https:\/\/www.cuballama.com\/noticias\/cuba-niega-estar-detras-del-envio-de-tropas-a-rusia-pero-periodistas-descubren-vinculos-con-los-reclutadores\/#breadcrumb","itemListElement":[{"@type":"ListItem","position":1,"name":"Home","item":"https:\/\/www.cuballama.com\/noticias\/"},{"@type":"ListItem","position":2,"name":"Cuba niega estar detr\u00e1s del env\u00edo de tropas a Rusia, pero periodistas descubren v\u00ednculos con los reclutadores"}]},{"@type":"WebSite","@id":"https:\/\/www.cuballama.com\/noticias\/#website","url":"https:\/\/www.cuballama.com\/noticias\/","name":"Cuballama Noticias","description":"Medio digital sobre Cuba y el mundo","publisher":{"@id":"https:\/\/www.cuballama.com\/noticias\/#organization"},"potentialAction":[{"@type":"SearchAction","target":{"@type":"EntryPoint","urlTemplate":"https:\/\/www.cuballama.com\/noticias\/?s={search_term_string}"},"query-input":{"@type":"PropertyValueSpecification","valueRequired":true,"valueName":"search_term_string"}}],"inLanguage":"es"},{"@type":"Organization","@id":"https:\/\/www.cuballama.com\/noticias\/#organization","name":"Cuballama","url":"https:\/\/www.cuballama.com\/noticias\/","logo":{"@type":"ImageObject","inLanguage":"es","@id":"https:\/\/www.cuballama.com\/noticias\/#\/schema\/logo\/image\/","url":"https:\/\/cdn1.mediawpaccore.net\/wp-content\/uploads\/2021\/12\/28171206\/cbll-logo-color-sm.png","contentUrl":"https:\/\/cdn1.mediawpaccore.net\/wp-content\/uploads\/2021\/12\/28171206\/cbll-logo-color-sm.png","width":600,"height":133,"caption":"Cuballama"},"image":{"@id":"https:\/\/www.cuballama.com\/noticias\/#\/schema\/logo\/image\/"},"sameAs":["https:\/\/www.facebook.com\/CubaLlama","https:\/\/x.com\/cuballama","https:\/\/www.instagram.com\/stories\/cuballama_oficial\/","https:\/\/www.youtube.com\/channel\/UCKkFE-d_axENGZcrc4as0IA"]},{"@type":"Person","@id":"https:\/\/www.cuballama.com\/noticias\/#\/schema\/person\/a58502ed4146c8e9f83872e897c76cd2","name":"Roberto A.","description":"Roberto A. Periodista por decisi\u00f3n propia. Interesado en cualquier tema que me apasione y cada vez m\u00e1s comprometido con la verdad y la objetividad period\u00edstica. Graduado en La Habana hace ya muchos a\u00f1os, luego de una accidentada y polvorienta b\u00fasqueda de informaci\u00f3n sobre un tema in\u00e9dito. La Tesis, por cierto, desapareci\u00f3 de la biblioteca y no se conservan copias de la misma.","url":"https:\/\/www.cuballama.com\/noticias\/author\/roberto\/"}]}},"_links":{"self":[{"href":"https:\/\/www.cuballama.com\/noticias\/wp-json\/wp\/v2\/posts\/222541","targetHints":{"allow":["GET"]}}],"collection":[{"href":"https:\/\/www.cuballama.com\/noticias\/wp-json\/wp\/v2\/posts"}],"about":[{"href":"https:\/\/www.cuballama.com\/noticias\/wp-json\/wp\/v2\/types\/post"}],"author":[{"embeddable":true,"href":"https:\/\/www.cuballama.com\/noticias\/wp-json\/wp\/v2\/users\/13"}],"replies":[{"embeddable":true,"href":"https:\/\/www.cuballama.com\/noticias\/wp-json\/wp\/v2\/comments?post=222541"}],"version-history":[{"count":2,"href":"https:\/\/www.cuballama.com\/noticias\/wp-json\/wp\/v2\/posts\/222541\/revisions"}],"predecessor-version":[{"id":222545,"href":"https:\/\/www.cuballama.com\/noticias\/wp-json\/wp\/v2\/posts\/222541\/revisions\/222545"}],"wp:featuredmedia":[{"embeddable":true,"href":"https:\/\/www.cuballama.com\/noticias\/wp-json\/wp\/v2\/media\/126966"}],"wp:attachment":[{"href":"https:\/\/www.cuballama.com\/noticias\/wp-json\/wp\/v2\/media?parent=222541"}],"wp:term":[{"taxonomy":"category","embeddable":true,"href":"https:\/\/www.cuballama.com\/noticias\/wp-json\/wp\/v2\/categories?post=222541"},{"taxonomy":"post_tag","embeddable":true,"href":"https:\/\/www.cuballama.com\/noticias\/wp-json\/wp\/v2\/tags?post=222541"}],"curies":[{"name":"wp","href":"https:\/\/api.w.org\/{rel}","templated":true}]}}