{"id":222284,"date":"2025-10-10T10:06:50","date_gmt":"2025-10-10T14:06:50","guid":{"rendered":"https:\/\/www.cuballama.com\/noticias\/?p=222284"},"modified":"2025-10-10T10:18:16","modified_gmt":"2025-10-10T14:18:16","slug":"un-ano-tras-la-tragica-muerte-de-el-taiger-su-asesino-sigue-sin-ser-juzgado","status":"publish","type":"post","link":"https:\/\/www.cuballama.com\/noticias\/un-ano-tras-la-tragica-muerte-de-el-taiger-su-asesino-sigue-sin-ser-juzgado\/","title":{"rendered":"Un a\u00f1o tras la tr\u00e1gica muerte de El Taiger su asesino sigue sin ser juzgado"},"content":{"rendered":"\n<p>Este 10 de octubre se cumple <a href=\"https:\/\/www.cuballama.com\/noticias\/fallece-el-taiger-a-los-37-anos-tras-una-semana-en-terapia-intensiva\/?srsltid=AfmBOornexZ4STI4JHrXCAOxULQJxD_G8TDs14_j4-QnP-edTHElJrN1\" target=\"_blank\" rel=\"noreferrer noopener\">un a\u00f1o del fallecimiento<\/a> del cantante cubano de m\u00fasica urbana El Taiger, que estuvo una semana en estado cr\u00edtico tras recibir un disparo en la cabeza.<\/p>\n\n\n\n<p>\u201cLamentablemente, esta tarde El Taiger fue declarado muerto\u201d, inform\u00f3 entonces un comunicado de su familia en la cuenta oficial del m\u00fasico en Instagram.<\/p>\n\n\n\n<p>Jos\u00e9 Manuel Carbajal Zald\u00edvar, nombre real del artista que muri\u00f3 a los 37 a\u00f1os, fue encontrado el jueves 3 de octubre dentro de un auto Mercedes-Benz negro cerca del Jackson Behavioral Health Hospital, en Allapattah, con una herida de bala en la frente.<\/p>\n\n\n\n<p>El Taiger fue trasladado de urgencia al Centro de Trauma Ryder del Jackson, donde lo sometieron a una cirug\u00eda y permaneci\u00f3 conectado a un respirador hasta su fallecimiento a las 12:40 de la tarde del jueves 10 de octubre.<\/p>\n\n\n\n<p>\u201cSuban el volumen de su m\u00fasica, bailen y celebren su vida. El Taiger fue el sentimiento del pueblo, y ahora debemos mantener ese sentimiento vivo a trav\u00e9s de su m\u00fasica y legado\u201d, expres\u00f3 su familia en el comunicado.<\/p>\n\n\n\n<p>Sin embargo, el presunto asesino de El Taiger, Dami\u00e1n Vald\u00e9s Galloso, sigue sin ser juzgado por el crimen.<\/p>\n\n\n\n<p>El juicio contra Vald\u00e9s Galloso, <a href=\"https:\/\/www.cuballama.com\/noticias\/detenida-en-nueva-york-persona-de-interes-en-el-caso-de-el-taiger\/?srsltid=AfmBOopg32I1gnd5b1Sc2oKP0OvXivNehsbWqnhxJYDyCFpQHkyhZG9j\" target=\"_blank\" rel=\"noreferrer noopener\">arrestado el 29 de octubre de 2024 en Nueva York<\/a> y acusado formalmente de asesinato en primer grado en enero de este a\u00f1o, deb\u00eda haber empezado a estas alturas, pero ha sido pospuesto en varias ocasiones.<\/p>\n\n\n\n<p>En la \u00faltima audiencia del caso, que tuvo lugar el pasado mi\u00e9rcoles 8 de octubre, el juez Milton Hirsch llam\u00f3 la atenci\u00f3n a la Fiscal\u00eda de Miami-Dade por solicitar nuevamente m\u00e1s tiempo para entrevistar a dos oficiales de la Polic\u00eda involucrados en la investigaci\u00f3n sobre la muerte del reguetonero.<\/p>\n\n\n\n<p>Hirsch concedi\u00f3 una semana adicional, y no los 30 d\u00edas solicitados, para que el Estado obtenga la informaci\u00f3n pendiente.<\/p>\n\n\n\n<p>Seg\u00fan la defensa, citada por<em> Telemundo 51<\/em>, los fiscales deben justificar por qu\u00e9 requieren tanto tiempo para redactar un reporte.<\/p>\n\n\n\n<p>\u201cEl juez pidi\u00f3 que trajeran a los polic\u00edas y que expliquen por qu\u00e9 necesitan 30 d\u00edas para escribir un simple informe\u201d, declar\u00f3 al canal local Teresa Padr\u00f3n, amiga y ex manager del artista.<\/p>\n\n\n\n<p>La pr\u00f3xima audiencia deber\u00e1 ser el 15 de octubre, mientras la Fiscal\u00eda contin\u00faa reuniendo evidencias para determinar las circunstancias de la muerte del popular m\u00fasico cubano.<\/p>\n\n\n\n<p>Vale recordar que a lo largo del \u00faltimo a\u00f1o, la Fiscal\u00eda ha revelado estremecedora evidencia contra Vald\u00e9s Galloso, entre la que destaca un video de una c\u00e1mara de vigilancia que capt\u00f3 el momento exacto en que a El Taiger le dispararon desde dentro de la casa en la que viv\u00eda rentado Vald\u00e9s Galloso en Hialeah; y <a href=\"https:\/\/www.cuballama.com\/noticias\/asi-de-frio-hablo-damian-valdes-tras-matar-a-el-taiger-esperaba-que-se-levantara\/?srsltid=AfmBOoqRTcNj7kuiV9OT6arY71QRleD0WI7ijl3DiTjkg3j-NcfpZYA1\" target=\"_blank\" rel=\"noreferrer noopener\">otro del interrogatorio<\/a> que se le hizo al detenido tras ser capturado.<\/p>\n\n\n\n<p>Pero, de cuanta evidencia se ha publicado, la m\u00e1s conmovedora <a href=\"https:\/\/www.cuballama.com\/noticias\/revelan-impactante-nueva-evidencia-sobre-asesinato-de-el-taiger\/\" target=\"_blank\" rel=\"noreferrer noopener\">sali\u00f3 a la luz esta semana<\/a>, cuando se filtraron m\u00e1s de 1.200 documentos y fotograf\u00edas, muchas de ellas tomadas a El Taiger moribundo en el hospital y a la habitaci\u00f3n de un motel en el que acostumbraba a quedarse en Hialeah.<\/p>\n\n\n\n<p>En tanto, Padr\u00f3n y otras personas allegadas al cantante no solo han asegurado que no deber\u00edan haberse publicado tantas im\u00e1genes gr\u00e1ficas del artista moribundo, ya que \u201ces una persona, no es un perro\u201d; sino que adem\u00e1s \u201csoltar\u201d tanta evidencia podr\u00eda poner \u201c en riesgo\u201d el proceso de juicio\u201d, porque la sobreexposici\u00f3n del caso podr\u00eda influir en la imparcialidad del jurado.<\/p>\n\n\n\n<p><\/p>\n","protected":false},"excerpt":{"rendered":"<p>El juicio por el asesinato del reguetonero, que falleci\u00f3 con apenas 37 a\u00f1os de edad, sigue sin comenzar.<\/p>\n","protected":false},"author":30,"featured_media":222286,"comment_status":"open","ping_status":"closed","sticky":false,"template":"","format":"standard","meta":{"_acf_changed":false,"footnotes":""},"categories":[443,18],"tags":[23055,25896,11365,11017],"class_list":{"0":"post-222284","1":"post","2":"type-post","3":"status-publish","4":"format-standard","5":"has-post-thumbnail","7":"category-farandula","8":"category-noticias","9":"tag-asesinato-de-el-taiger","10":"tag-damian-valdes-galloso","11":"tag-el-taiger","12":"tag-superdestacado"},"acf":[],"yoast_head":"<!-- This site is optimized with the Yoast SEO plugin v27.4 - https:\/\/yoast.com\/product\/yoast-seo-wordpress\/ -->\n<title>Un a\u00f1o tras la tr\u00e1gica muerte de El Taiger su asesino sigue sin ser juzgado - Cuballama Noticias<\/title>\n<meta name=\"description\" content=\"Este 10 de octubre se cumple un a\u00f1o del tr\u00e1gico fallecimiento del cantante cubano de m\u00fasica urbana El Taiger.\" \/>\n<meta name=\"robots\" content=\"index, follow, max-snippet:-1, max-image-preview:large, max-video-preview:-1\" \/>\n<link rel=\"canonical\" href=\"https:\/\/www.cuballama.com\/noticias\/un-ano-tras-la-tragica-muerte-de-el-taiger-su-asesino-sigue-sin-ser-juzgado\/\" \/>\n<meta property=\"og:locale\" content=\"es_ES\" \/>\n<meta property=\"og:type\" content=\"article\" \/>\n<meta property=\"og:title\" content=\"Un a\u00f1o tras la tr\u00e1gica muerte de El Taiger su asesino sigue sin ser juzgado - Cuballama Noticias\" \/>\n<meta property=\"og:description\" content=\"Este 10 de octubre se cumple un a\u00f1o del tr\u00e1gico fallecimiento del cantante cubano de m\u00fasica urbana El Taiger.\" \/>\n<meta property=\"og:url\" content=\"https:\/\/www.cuballama.com\/noticias\/un-ano-tras-la-tragica-muerte-de-el-taiger-su-asesino-sigue-sin-ser-juzgado\/\" \/>\n<meta property=\"og:site_name\" content=\"Cuballama Noticias\" \/>\n<meta property=\"article:publisher\" content=\"https:\/\/www.facebook.com\/CubaLlama\" \/>\n<meta property=\"article:published_time\" content=\"2025-10-10T14:06:50+00:00\" \/>\n<meta property=\"article:modified_time\" content=\"2025-10-10T14:18:16+00:00\" \/>\n<meta property=\"og:image\" content=\"https:\/\/cdn1.mediawpaccore.net\/wp-content\/uploads\/2025\/10\/09200541\/Captura-de-pantalla_9-10-2025_20428_www.instagram.com_.jpg\" \/>\n\t<meta property=\"og:image:width\" content=\"1200\" \/>\n\t<meta property=\"og:image:height\" content=\"630\" \/>\n\t<meta property=\"og:image:type\" content=\"image\/jpeg\" \/>\n<meta name=\"author\" content=\"Kathy\" \/>\n<meta name=\"twitter:card\" content=\"summary_large_image\" \/>\n<meta name=\"twitter:creator\" content=\"@cuballama\" \/>\n<meta name=\"twitter:site\" content=\"@cuballama\" \/>\n<meta name=\"twitter:label1\" content=\"Escrito por\" \/>\n\t<meta name=\"twitter:data1\" content=\"Kathy\" \/>\n\t<meta name=\"twitter:label2\" content=\"Tiempo de lectura\" \/>\n\t<meta name=\"twitter:data2\" content=\"3 minutos\" \/>\n<script type=\"application\/ld+json\" class=\"yoast-schema-graph\">{\"@context\":\"https:\\\/\\\/schema.org\",\"@graph\":[{\"@type\":\"Article\",\"@id\":\"https:\\\/\\\/www.cuballama.com\\\/noticias\\\/un-ano-tras-la-tragica-muerte-de-el-taiger-su-asesino-sigue-sin-ser-juzgado\\\/#article\",\"isPartOf\":{\"@id\":\"https:\\\/\\\/www.cuballama.com\\\/noticias\\\/un-ano-tras-la-tragica-muerte-de-el-taiger-su-asesino-sigue-sin-ser-juzgado\\\/\"},\"author\":{\"name\":\"Kathy\",\"@id\":\"https:\\\/\\\/www.cuballama.com\\\/noticias\\\/#\\\/schema\\\/person\\\/86cd3e3f4974437f031211213bf892d5\"},\"headline\":\"Un a\u00f1o tras la tr\u00e1gica muerte de El Taiger su asesino sigue sin ser juzgado\",\"datePublished\":\"2025-10-10T14:06:50+00:00\",\"dateModified\":\"2025-10-10T14:18:16+00:00\",\"mainEntityOfPage\":{\"@id\":\"https:\\\/\\\/www.cuballama.com\\\/noticias\\\/un-ano-tras-la-tragica-muerte-de-el-taiger-su-asesino-sigue-sin-ser-juzgado\\\/\"},\"wordCount\":612,\"commentCount\":0,\"publisher\":{\"@id\":\"https:\\\/\\\/www.cuballama.com\\\/noticias\\\/#organization\"},\"image\":{\"@id\":\"https:\\\/\\\/www.cuballama.com\\\/noticias\\\/un-ano-tras-la-tragica-muerte-de-el-taiger-su-asesino-sigue-sin-ser-juzgado\\\/#primaryimage\"},\"thumbnailUrl\":\"https:\\\/\\\/cdn1.mediawpaccore.net\\\/wp-content\\\/uploads\\\/2025\\\/10\\\/09200541\\\/Captura-de-pantalla_9-10-2025_20428_www.instagram.com_.jpg\",\"keywords\":[\"asesinato de El Taiger\",\"Dami\u00e1n Vald\u00e9s Galloso\",\"El Taiger\",\"superdestacado\"],\"articleSection\":[\"Far\u00e1ndula\",\"Noticias\"],\"inLanguage\":\"es\",\"potentialAction\":[{\"@type\":\"CommentAction\",\"name\":\"Comment\",\"target\":[\"https:\\\/\\\/www.cuballama.com\\\/noticias\\\/un-ano-tras-la-tragica-muerte-de-el-taiger-su-asesino-sigue-sin-ser-juzgado\\\/#respond\"]}]},{\"@type\":\"WebPage\",\"@id\":\"https:\\\/\\\/www.cuballama.com\\\/noticias\\\/un-ano-tras-la-tragica-muerte-de-el-taiger-su-asesino-sigue-sin-ser-juzgado\\\/\",\"url\":\"https:\\\/\\\/www.cuballama.com\\\/noticias\\\/un-ano-tras-la-tragica-muerte-de-el-taiger-su-asesino-sigue-sin-ser-juzgado\\\/\",\"name\":\"Un a\u00f1o tras la tr\u00e1gica muerte de El Taiger su asesino sigue sin ser juzgado - Cuballama Noticias\",\"isPartOf\":{\"@id\":\"https:\\\/\\\/www.cuballama.com\\\/noticias\\\/#website\"},\"primaryImageOfPage\":{\"@id\":\"https:\\\/\\\/www.cuballama.com\\\/noticias\\\/un-ano-tras-la-tragica-muerte-de-el-taiger-su-asesino-sigue-sin-ser-juzgado\\\/#primaryimage\"},\"image\":{\"@id\":\"https:\\\/\\\/www.cuballama.com\\\/noticias\\\/un-ano-tras-la-tragica-muerte-de-el-taiger-su-asesino-sigue-sin-ser-juzgado\\\/#primaryimage\"},\"thumbnailUrl\":\"https:\\\/\\\/cdn1.mediawpaccore.net\\\/wp-content\\\/uploads\\\/2025\\\/10\\\/09200541\\\/Captura-de-pantalla_9-10-2025_20428_www.instagram.com_.jpg\",\"datePublished\":\"2025-10-10T14:06:50+00:00\",\"dateModified\":\"2025-10-10T14:18:16+00:00\",\"description\":\"Este 10 de octubre se cumple un a\u00f1o del tr\u00e1gico fallecimiento del cantante cubano de m\u00fasica urbana El Taiger.\",\"breadcrumb\":{\"@id\":\"https:\\\/\\\/www.cuballama.com\\\/noticias\\\/un-ano-tras-la-tragica-muerte-de-el-taiger-su-asesino-sigue-sin-ser-juzgado\\\/#breadcrumb\"},\"inLanguage\":\"es\",\"potentialAction\":[{\"@type\":\"ReadAction\",\"target\":[\"https:\\\/\\\/www.cuballama.com\\\/noticias\\\/un-ano-tras-la-tragica-muerte-de-el-taiger-su-asesino-sigue-sin-ser-juzgado\\\/\"]}]},{\"@type\":\"ImageObject\",\"inLanguage\":\"es\",\"@id\":\"https:\\\/\\\/www.cuballama.com\\\/noticias\\\/un-ano-tras-la-tragica-muerte-de-el-taiger-su-asesino-sigue-sin-ser-juzgado\\\/#primaryimage\",\"url\":\"https:\\\/\\\/cdn1.mediawpaccore.net\\\/wp-content\\\/uploads\\\/2025\\\/10\\\/09200541\\\/Captura-de-pantalla_9-10-2025_20428_www.instagram.com_.jpg\",\"contentUrl\":\"https:\\\/\\\/cdn1.mediawpaccore.net\\\/wp-content\\\/uploads\\\/2025\\\/10\\\/09200541\\\/Captura-de-pantalla_9-10-2025_20428_www.instagram.com_.jpg\",\"width\":1200,\"height\":630,\"caption\":\"El Taiger. Foto: Instagram\\\/El Taiger.\"},{\"@type\":\"BreadcrumbList\",\"@id\":\"https:\\\/\\\/www.cuballama.com\\\/noticias\\\/un-ano-tras-la-tragica-muerte-de-el-taiger-su-asesino-sigue-sin-ser-juzgado\\\/#breadcrumb\",\"itemListElement\":[{\"@type\":\"ListItem\",\"position\":1,\"name\":\"Home\",\"item\":\"https:\\\/\\\/www.cuballama.com\\\/noticias\\\/\"},{\"@type\":\"ListItem\",\"position\":2,\"name\":\"Un a\u00f1o tras la tr\u00e1gica muerte de El Taiger su asesino sigue sin ser juzgado\"}]},{\"@type\":\"WebSite\",\"@id\":\"https:\\\/\\\/www.cuballama.com\\\/noticias\\\/#website\",\"url\":\"https:\\\/\\\/www.cuballama.com\\\/noticias\\\/\",\"name\":\"Cuballama Noticias\",\"description\":\"Medio digital sobre Cuba y el mundo\",\"publisher\":{\"@id\":\"https:\\\/\\\/www.cuballama.com\\\/noticias\\\/#organization\"},\"potentialAction\":[{\"@type\":\"SearchAction\",\"target\":{\"@type\":\"EntryPoint\",\"urlTemplate\":\"https:\\\/\\\/www.cuballama.com\\\/noticias\\\/?s={search_term_string}\"},\"query-input\":{\"@type\":\"PropertyValueSpecification\",\"valueRequired\":true,\"valueName\":\"search_term_string\"}}],\"inLanguage\":\"es\"},{\"@type\":\"Organization\",\"@id\":\"https:\\\/\\\/www.cuballama.com\\\/noticias\\\/#organization\",\"name\":\"Cuballama\",\"url\":\"https:\\\/\\\/www.cuballama.com\\\/noticias\\\/\",\"logo\":{\"@type\":\"ImageObject\",\"inLanguage\":\"es\",\"@id\":\"https:\\\/\\\/www.cuballama.com\\\/noticias\\\/#\\\/schema\\\/logo\\\/image\\\/\",\"url\":\"https:\\\/\\\/cdn1.mediawpaccore.net\\\/wp-content\\\/uploads\\\/2021\\\/12\\\/28171206\\\/cbll-logo-color-sm.png\",\"contentUrl\":\"https:\\\/\\\/cdn1.mediawpaccore.net\\\/wp-content\\\/uploads\\\/2021\\\/12\\\/28171206\\\/cbll-logo-color-sm.png\",\"width\":600,\"height\":133,\"caption\":\"Cuballama\"},\"image\":{\"@id\":\"https:\\\/\\\/www.cuballama.com\\\/noticias\\\/#\\\/schema\\\/logo\\\/image\\\/\"},\"sameAs\":[\"https:\\\/\\\/www.facebook.com\\\/CubaLlama\",\"https:\\\/\\\/x.com\\\/cuballama\",\"https:\\\/\\\/www.instagram.com\\\/stories\\\/cuballama_oficial\\\/\",\"https:\\\/\\\/www.youtube.com\\\/channel\\\/UCKkFE-d_axENGZcrc4as0IA\"]},{\"@type\":\"Person\",\"@id\":\"https:\\\/\\\/www.cuballama.com\\\/noticias\\\/#\\\/schema\\\/person\\\/86cd3e3f4974437f031211213bf892d5\",\"name\":\"Kathy\",\"url\":\"https:\\\/\\\/www.cuballama.com\\\/noticias\\\/author\\\/kathy\\\/\"}]}<\/script>\n<!-- \/ Yoast SEO plugin. -->","yoast_head_json":{"title":"Un a\u00f1o tras la tr\u00e1gica muerte de El Taiger su asesino sigue sin ser juzgado - Cuballama Noticias","description":"Este 10 de octubre se cumple un a\u00f1o del tr\u00e1gico fallecimiento del cantante cubano de m\u00fasica urbana El Taiger.","robots":{"index":"index","follow":"follow","max-snippet":"max-snippet:-1","max-image-preview":"max-image-preview:large","max-video-preview":"max-video-preview:-1"},"canonical":"https:\/\/www.cuballama.com\/noticias\/un-ano-tras-la-tragica-muerte-de-el-taiger-su-asesino-sigue-sin-ser-juzgado\/","og_locale":"es_ES","og_type":"article","og_title":"Un a\u00f1o tras la tr\u00e1gica muerte de El Taiger su asesino sigue sin ser juzgado - Cuballama Noticias","og_description":"Este 10 de octubre se cumple un a\u00f1o del tr\u00e1gico fallecimiento del cantante cubano de m\u00fasica urbana El Taiger.","og_url":"https:\/\/www.cuballama.com\/noticias\/un-ano-tras-la-tragica-muerte-de-el-taiger-su-asesino-sigue-sin-ser-juzgado\/","og_site_name":"Cuballama Noticias","article_publisher":"https:\/\/www.facebook.com\/CubaLlama","article_published_time":"2025-10-10T14:06:50+00:00","article_modified_time":"2025-10-10T14:18:16+00:00","og_image":[{"width":1200,"height":630,"url":"https:\/\/cdn1.mediawpaccore.net\/wp-content\/uploads\/2025\/10\/09200541\/Captura-de-pantalla_9-10-2025_20428_www.instagram.com_.jpg","type":"image\/jpeg"}],"author":"Kathy","twitter_card":"summary_large_image","twitter_creator":"@cuballama","twitter_site":"@cuballama","twitter_misc":{"Escrito por":"Kathy","Tiempo de lectura":"3 minutos"},"schema":{"@context":"https:\/\/schema.org","@graph":[{"@type":"Article","@id":"https:\/\/www.cuballama.com\/noticias\/un-ano-tras-la-tragica-muerte-de-el-taiger-su-asesino-sigue-sin-ser-juzgado\/#article","isPartOf":{"@id":"https:\/\/www.cuballama.com\/noticias\/un-ano-tras-la-tragica-muerte-de-el-taiger-su-asesino-sigue-sin-ser-juzgado\/"},"author":{"name":"Kathy","@id":"https:\/\/www.cuballama.com\/noticias\/#\/schema\/person\/86cd3e3f4974437f031211213bf892d5"},"headline":"Un a\u00f1o tras la tr\u00e1gica muerte de El Taiger su asesino sigue sin ser juzgado","datePublished":"2025-10-10T14:06:50+00:00","dateModified":"2025-10-10T14:18:16+00:00","mainEntityOfPage":{"@id":"https:\/\/www.cuballama.com\/noticias\/un-ano-tras-la-tragica-muerte-de-el-taiger-su-asesino-sigue-sin-ser-juzgado\/"},"wordCount":612,"commentCount":0,"publisher":{"@id":"https:\/\/www.cuballama.com\/noticias\/#organization"},"image":{"@id":"https:\/\/www.cuballama.com\/noticias\/un-ano-tras-la-tragica-muerte-de-el-taiger-su-asesino-sigue-sin-ser-juzgado\/#primaryimage"},"thumbnailUrl":"https:\/\/cdn1.mediawpaccore.net\/wp-content\/uploads\/2025\/10\/09200541\/Captura-de-pantalla_9-10-2025_20428_www.instagram.com_.jpg","keywords":["asesinato de El Taiger","Dami\u00e1n Vald\u00e9s Galloso","El Taiger","superdestacado"],"articleSection":["Far\u00e1ndula","Noticias"],"inLanguage":"es","potentialAction":[{"@type":"CommentAction","name":"Comment","target":["https:\/\/www.cuballama.com\/noticias\/un-ano-tras-la-tragica-muerte-de-el-taiger-su-asesino-sigue-sin-ser-juzgado\/#respond"]}]},{"@type":"WebPage","@id":"https:\/\/www.cuballama.com\/noticias\/un-ano-tras-la-tragica-muerte-de-el-taiger-su-asesino-sigue-sin-ser-juzgado\/","url":"https:\/\/www.cuballama.com\/noticias\/un-ano-tras-la-tragica-muerte-de-el-taiger-su-asesino-sigue-sin-ser-juzgado\/","name":"Un a\u00f1o tras la tr\u00e1gica muerte de El Taiger su asesino sigue sin ser juzgado - Cuballama Noticias","isPartOf":{"@id":"https:\/\/www.cuballama.com\/noticias\/#website"},"primaryImageOfPage":{"@id":"https:\/\/www.cuballama.com\/noticias\/un-ano-tras-la-tragica-muerte-de-el-taiger-su-asesino-sigue-sin-ser-juzgado\/#primaryimage"},"image":{"@id":"https:\/\/www.cuballama.com\/noticias\/un-ano-tras-la-tragica-muerte-de-el-taiger-su-asesino-sigue-sin-ser-juzgado\/#primaryimage"},"thumbnailUrl":"https:\/\/cdn1.mediawpaccore.net\/wp-content\/uploads\/2025\/10\/09200541\/Captura-de-pantalla_9-10-2025_20428_www.instagram.com_.jpg","datePublished":"2025-10-10T14:06:50+00:00","dateModified":"2025-10-10T14:18:16+00:00","description":"Este 10 de octubre se cumple un a\u00f1o del tr\u00e1gico fallecimiento del cantante cubano de m\u00fasica urbana El Taiger.","breadcrumb":{"@id":"https:\/\/www.cuballama.com\/noticias\/un-ano-tras-la-tragica-muerte-de-el-taiger-su-asesino-sigue-sin-ser-juzgado\/#breadcrumb"},"inLanguage":"es","potentialAction":[{"@type":"ReadAction","target":["https:\/\/www.cuballama.com\/noticias\/un-ano-tras-la-tragica-muerte-de-el-taiger-su-asesino-sigue-sin-ser-juzgado\/"]}]},{"@type":"ImageObject","inLanguage":"es","@id":"https:\/\/www.cuballama.com\/noticias\/un-ano-tras-la-tragica-muerte-de-el-taiger-su-asesino-sigue-sin-ser-juzgado\/#primaryimage","url":"https:\/\/cdn1.mediawpaccore.net\/wp-content\/uploads\/2025\/10\/09200541\/Captura-de-pantalla_9-10-2025_20428_www.instagram.com_.jpg","contentUrl":"https:\/\/cdn1.mediawpaccore.net\/wp-content\/uploads\/2025\/10\/09200541\/Captura-de-pantalla_9-10-2025_20428_www.instagram.com_.jpg","width":1200,"height":630,"caption":"El Taiger. Foto: Instagram\/El Taiger."},{"@type":"BreadcrumbList","@id":"https:\/\/www.cuballama.com\/noticias\/un-ano-tras-la-tragica-muerte-de-el-taiger-su-asesino-sigue-sin-ser-juzgado\/#breadcrumb","itemListElement":[{"@type":"ListItem","position":1,"name":"Home","item":"https:\/\/www.cuballama.com\/noticias\/"},{"@type":"ListItem","position":2,"name":"Un a\u00f1o tras la tr\u00e1gica muerte de El Taiger su asesino sigue sin ser juzgado"}]},{"@type":"WebSite","@id":"https:\/\/www.cuballama.com\/noticias\/#website","url":"https:\/\/www.cuballama.com\/noticias\/","name":"Cuballama Noticias","description":"Medio digital sobre Cuba y el mundo","publisher":{"@id":"https:\/\/www.cuballama.com\/noticias\/#organization"},"potentialAction":[{"@type":"SearchAction","target":{"@type":"EntryPoint","urlTemplate":"https:\/\/www.cuballama.com\/noticias\/?s={search_term_string}"},"query-input":{"@type":"PropertyValueSpecification","valueRequired":true,"valueName":"search_term_string"}}],"inLanguage":"es"},{"@type":"Organization","@id":"https:\/\/www.cuballama.com\/noticias\/#organization","name":"Cuballama","url":"https:\/\/www.cuballama.com\/noticias\/","logo":{"@type":"ImageObject","inLanguage":"es","@id":"https:\/\/www.cuballama.com\/noticias\/#\/schema\/logo\/image\/","url":"https:\/\/cdn1.mediawpaccore.net\/wp-content\/uploads\/2021\/12\/28171206\/cbll-logo-color-sm.png","contentUrl":"https:\/\/cdn1.mediawpaccore.net\/wp-content\/uploads\/2021\/12\/28171206\/cbll-logo-color-sm.png","width":600,"height":133,"caption":"Cuballama"},"image":{"@id":"https:\/\/www.cuballama.com\/noticias\/#\/schema\/logo\/image\/"},"sameAs":["https:\/\/www.facebook.com\/CubaLlama","https:\/\/x.com\/cuballama","https:\/\/www.instagram.com\/stories\/cuballama_oficial\/","https:\/\/www.youtube.com\/channel\/UCKkFE-d_axENGZcrc4as0IA"]},{"@type":"Person","@id":"https:\/\/www.cuballama.com\/noticias\/#\/schema\/person\/86cd3e3f4974437f031211213bf892d5","name":"Kathy","url":"https:\/\/www.cuballama.com\/noticias\/author\/kathy\/"}]}},"_links":{"self":[{"href":"https:\/\/www.cuballama.com\/noticias\/wp-json\/wp\/v2\/posts\/222284","targetHints":{"allow":["GET"]}}],"collection":[{"href":"https:\/\/www.cuballama.com\/noticias\/wp-json\/wp\/v2\/posts"}],"about":[{"href":"https:\/\/www.cuballama.com\/noticias\/wp-json\/wp\/v2\/types\/post"}],"author":[{"embeddable":true,"href":"https:\/\/www.cuballama.com\/noticias\/wp-json\/wp\/v2\/users\/30"}],"replies":[{"embeddable":true,"href":"https:\/\/www.cuballama.com\/noticias\/wp-json\/wp\/v2\/comments?post=222284"}],"version-history":[{"count":3,"href":"https:\/\/www.cuballama.com\/noticias\/wp-json\/wp\/v2\/posts\/222284\/revisions"}],"predecessor-version":[{"id":222336,"href":"https:\/\/www.cuballama.com\/noticias\/wp-json\/wp\/v2\/posts\/222284\/revisions\/222336"}],"wp:featuredmedia":[{"embeddable":true,"href":"https:\/\/www.cuballama.com\/noticias\/wp-json\/wp\/v2\/media\/222286"}],"wp:attachment":[{"href":"https:\/\/www.cuballama.com\/noticias\/wp-json\/wp\/v2\/media?parent=222284"}],"wp:term":[{"taxonomy":"category","embeddable":true,"href":"https:\/\/www.cuballama.com\/noticias\/wp-json\/wp\/v2\/categories?post=222284"},{"taxonomy":"post_tag","embeddable":true,"href":"https:\/\/www.cuballama.com\/noticias\/wp-json\/wp\/v2\/tags?post=222284"}],"curies":[{"name":"wp","href":"https:\/\/api.w.org\/{rel}","templated":true}]}}