{"id":222143,"date":"2025-10-09T05:54:00","date_gmt":"2025-10-09T09:54:00","guid":{"rendered":"https:\/\/www.cuballama.com\/noticias\/?p=222143"},"modified":"2025-10-09T01:54:57","modified_gmt":"2025-10-09T05:54:57","slug":"dos-nuevos-feminicidios-en-cuba-elevan-a-35-las-victimas-de-violencia-machista-en-2025","status":"publish","type":"post","link":"https:\/\/www.cuballama.com\/noticias\/dos-nuevos-feminicidios-en-cuba-elevan-a-35-las-victimas-de-violencia-machista-en-2025\/","title":{"rendered":"Dos nuevos feminicidios en Cuba elevan a 35 las v\u00edctimas de violencia machista en 2025"},"content":{"rendered":"\n<p>Las plataformas independientes Alas Tensas y Yo S\u00ed Te Creo en Cuba confirmaron este mi\u00e9rcoles dos feminicidios m\u00e1s en la isla, lo que eleva a 35 los cr\u00edmenes por violencia machista registrados en lo que va de 2025.<\/p>\n\n\n\n<p>De acuerdo con los observatorios de g\u00e9nero, las v\u00edctimas fueron identificadas como <strong>Noralis Estenoz<\/strong>, en La Habana, y <strong>Liudmila \u00c1lvarez Coll<\/strong>, en la provincia de Granma. Ambos casos hab\u00edan sido reportados en d\u00edas recientes por vecinos, activistas y medios alternativos.<\/p>\n\n\n\n<p>Noralis fue asesinada el 5 de octubre dentro de su vivienda en el reparto Versalles, municipio La Lisa, a manos de un hombre que hab\u00eda sido su pareja. Seg\u00fan versiones no oficiales, el agresor intent\u00f3 escapar tras cometer el crimen, pero recibi\u00f3 un disparo de un polic\u00eda.&nbsp;<\/p>\n\n\n\n<iframe loading=\"lazy\" src=\"https:\/\/www.facebook.com\/plugins\/post.php?href=https%3A%2F%2Fwww.facebook.com%2FAlasTensasCuba%2Fposts%2Fpfbid02iVS6uGMgPAFjPbHGcFqQy6omc6qGB1WXQ5H7Uh855P2b4eSVpGucyT6VmoHBdNZfl&#038;show_text=true&#038;width=500\" width=\"500\" height=\"735\" style=\"border:none;overflow:hidden\" scrolling=\"no\" frameborder=\"0\" allowfullscreen=\"true\" allow=\"autoplay; clipboard-write; encrypted-media; picture-in-picture; web-share\"><\/iframe>\n\n\n\n<p>Testigos aseguran que muri\u00f3 m\u00e1s tarde en un hospital, aunque las autoridades no han emitido ninguna informaci\u00f3n oficial al respecto. La v\u00edctima, madre de tres hijos, fue recordada en redes por personas cercanas.<\/p>\n\n\n\n<p>Un d\u00eda despu\u00e9s, el 6 de octubre, otro hecho conmocion\u00f3 a la comunidad de Manzanillo. <strong>Liudmila \u00c1lvarez Coll<\/strong> fue atacada con arma blanca por su pareja en su hogar, ubicado en el barrio La Marina. Testigos relataron que la discusi\u00f3n entre ambos termin\u00f3 con el hombre apu\u00f1al\u00e1ndola, para luego salir a la calle gritando insultos.&nbsp;<\/p>\n\n\n\n<p>Liudmila logr\u00f3 salir de la casa gravemente herida, pero cay\u00f3 sin vida en la acera. El agresor, identificado como <strong>Jaime Yuniel Baz\u00e1n Rodr\u00edguez<\/strong>, huy\u00f3 del lugar y hasta el momento se desconoce su paradero. Ella deja una hija.<\/p>\n\n\n\n<p>Las organizaciones pidieron a las autoridades un pronunciamiento claro sobre ambos agresores y enviaron condolencias a las familias. En su actualizaci\u00f3n, recordaron que su monitoreo tambi\u00e9n registra cinco intentos de feminicidio, un asesinato de un hombre por razones de g\u00e9nero y varios casos a\u00fan en investigaci\u00f3n.<\/p>\n\n\n\n<p>Desde 2019 hasta el 1 de octubre de 2025, los observatorios han contabilizado al menos <strong><a href=\"https:\/\/www.cuballama.com\/noticias\/confirman-tres-nuevos-feminicidios-en-cuba-en-menos-de-un-mes\/\" target=\"_blank\" rel=\"noreferrer noopener\">300 feminicidios en Cuba<\/a><\/strong>, un subregistro que evidencia la falta de mecanismos eficaces de protecci\u00f3n a las mujeres y la gravedad de la crisis de violencia de g\u00e9nero en la isla.<\/p>\n","protected":false},"excerpt":{"rendered":"<p>Dos nuevos feminicidios en Cuba fueron confirmados por organizaciones independientes, elevando a 35 las v\u00edctimas en 2025.<\/p>\n","protected":false},"author":29,"featured_media":146073,"comment_status":"open","ping_status":"closed","sticky":false,"template":"","format":"standard","meta":{"_acf_changed":false,"footnotes":""},"categories":[14202,955],"tags":[15530,28441,27018,13335,28443,28442,28440,28439,28438,27021,28104],"class_list":{"0":"post-222143","1":"post","2":"type-post","3":"status-publish","4":"format-standard","5":"has-post-thumbnail","7":"category-destacado-cuba","8":"category-noticias-de-cuba","9":"tag-alas-tensas","10":"tag-crimenes-contra-mujeres","11":"tag-feminicidios-2025","12":"tag-feminicidios-en-cuba","13":"tag-feminicidios-granma","14":"tag-feminicidios-la-habana","15":"tag-liudmila-alvarez-coll","16":"tag-noralis-estenoz","17":"tag-violencia-de-genero-cuba","18":"tag-violencia-machista-cuba","19":"tag-yo-si-te-creo-en-cuba"},"acf":[],"yoast_head":"<!-- This site is optimized with the Yoast SEO plugin v27.5 - https:\/\/yoast.com\/product\/yoast-seo-wordpress\/ -->\n<title>Dos nuevos feminicidios en Cuba elevan a 35 las v\u00edctimas de violencia machista en 2025 - Cuballama Noticias<\/title>\n<meta name=\"description\" content=\"Dos nuevos feminicidios en Cuba fueron confirmados por organizaciones independientes, elevando a 35 las v\u00edctimas en 2025.\" \/>\n<meta name=\"robots\" content=\"index, follow, max-snippet:-1, max-image-preview:large, max-video-preview:-1\" \/>\n<link rel=\"canonical\" href=\"https:\/\/www.cuballama.com\/noticias\/dos-nuevos-feminicidios-en-cuba-elevan-a-35-las-victimas-de-violencia-machista-en-2025\/\" \/>\n<meta property=\"og:locale\" content=\"es_ES\" \/>\n<meta property=\"og:type\" content=\"article\" \/>\n<meta property=\"og:title\" content=\"Dos nuevos feminicidios en Cuba elevan a 35 las v\u00edctimas de violencia machista en 2025 - Cuballama Noticias\" \/>\n<meta property=\"og:description\" content=\"Dos nuevos feminicidios en Cuba fueron confirmados por organizaciones independientes, elevando a 35 las v\u00edctimas en 2025.\" \/>\n<meta property=\"og:url\" content=\"https:\/\/www.cuballama.com\/noticias\/dos-nuevos-feminicidios-en-cuba-elevan-a-35-las-victimas-de-violencia-machista-en-2025\/\" \/>\n<meta property=\"og:site_name\" content=\"Cuballama Noticias\" \/>\n<meta property=\"article:publisher\" content=\"https:\/\/www.facebook.com\/CubaLlama\" \/>\n<meta property=\"article:published_time\" content=\"2025-10-09T09:54:00+00:00\" \/>\n<meta property=\"og:image\" content=\"https:\/\/cdn1.mediawpaccore.net\/wp-content\/uploads\/2023\/11\/20135240\/shutterstock_1862179852-scaled.jpg\" \/>\n\t<meta property=\"og:image:width\" content=\"2560\" \/>\n\t<meta property=\"og:image:height\" content=\"2048\" \/>\n\t<meta property=\"og:image:type\" content=\"image\/jpeg\" \/>\n<meta name=\"author\" content=\"Sof\u00eda Reyes\" \/>\n<meta name=\"twitter:card\" content=\"summary_large_image\" \/>\n<meta name=\"twitter:creator\" content=\"@cuballama\" \/>\n<meta name=\"twitter:site\" content=\"@cuballama\" \/>\n<meta name=\"twitter:label1\" content=\"Escrito por\" \/>\n\t<meta name=\"twitter:data1\" content=\"Sof\u00eda Reyes\" \/>\n\t<meta name=\"twitter:label2\" content=\"Tiempo de lectura\" \/>\n\t<meta name=\"twitter:data2\" content=\"2 minutos\" \/>\n<script type=\"application\/ld+json\" class=\"yoast-schema-graph\">{\"@context\":\"https:\\\/\\\/schema.org\",\"@graph\":[{\"@type\":\"Article\",\"@id\":\"https:\\\/\\\/www.cuballama.com\\\/noticias\\\/dos-nuevos-feminicidios-en-cuba-elevan-a-35-las-victimas-de-violencia-machista-en-2025\\\/#article\",\"isPartOf\":{\"@id\":\"https:\\\/\\\/www.cuballama.com\\\/noticias\\\/dos-nuevos-feminicidios-en-cuba-elevan-a-35-las-victimas-de-violencia-machista-en-2025\\\/\"},\"author\":{\"name\":\"Sof\u00eda Reyes\",\"@id\":\"https:\\\/\\\/www.cuballama.com\\\/noticias\\\/#\\\/schema\\\/person\\\/5cba2b8cc25a3159e49fe730a94d512e\"},\"headline\":\"Dos nuevos feminicidios en Cuba elevan a 35 las v\u00edctimas de violencia machista en 2025\",\"datePublished\":\"2025-10-09T09:54:00+00:00\",\"mainEntityOfPage\":{\"@id\":\"https:\\\/\\\/www.cuballama.com\\\/noticias\\\/dos-nuevos-feminicidios-en-cuba-elevan-a-35-las-victimas-de-violencia-machista-en-2025\\\/\"},\"wordCount\":378,\"commentCount\":0,\"publisher\":{\"@id\":\"https:\\\/\\\/www.cuballama.com\\\/noticias\\\/#organization\"},\"image\":{\"@id\":\"https:\\\/\\\/www.cuballama.com\\\/noticias\\\/dos-nuevos-feminicidios-en-cuba-elevan-a-35-las-victimas-de-violencia-machista-en-2025\\\/#primaryimage\"},\"thumbnailUrl\":\"https:\\\/\\\/cdn1.mediawpaccore.net\\\/wp-content\\\/uploads\\\/2023\\\/11\\\/20135240\\\/shutterstock_1862179852-scaled.jpg\",\"keywords\":[\"Alas Tensas\",\"cr\u00edmenes contra mujeres\",\"feminicidios 2025\",\"feminicidios en Cuba\",\"feminicidios Granma\",\"feminicidios La Habana\",\"Liudmila \u00c1lvarez Coll\",\"Noralis Estenoz\",\"violencia de g\u00e9nero Cuba\",\"violencia machista Cuba\",\"Yo S\u00ed Te Creo en Cuba\"],\"articleSection\":[\"Destacado Cuba\",\"Noticias de Cuba\"],\"inLanguage\":\"es\",\"potentialAction\":[{\"@type\":\"CommentAction\",\"name\":\"Comment\",\"target\":[\"https:\\\/\\\/www.cuballama.com\\\/noticias\\\/dos-nuevos-feminicidios-en-cuba-elevan-a-35-las-victimas-de-violencia-machista-en-2025\\\/#respond\"]}]},{\"@type\":\"WebPage\",\"@id\":\"https:\\\/\\\/www.cuballama.com\\\/noticias\\\/dos-nuevos-feminicidios-en-cuba-elevan-a-35-las-victimas-de-violencia-machista-en-2025\\\/\",\"url\":\"https:\\\/\\\/www.cuballama.com\\\/noticias\\\/dos-nuevos-feminicidios-en-cuba-elevan-a-35-las-victimas-de-violencia-machista-en-2025\\\/\",\"name\":\"Dos nuevos feminicidios en Cuba elevan a 35 las v\u00edctimas de violencia machista en 2025 - Cuballama Noticias\",\"isPartOf\":{\"@id\":\"https:\\\/\\\/www.cuballama.com\\\/noticias\\\/#website\"},\"primaryImageOfPage\":{\"@id\":\"https:\\\/\\\/www.cuballama.com\\\/noticias\\\/dos-nuevos-feminicidios-en-cuba-elevan-a-35-las-victimas-de-violencia-machista-en-2025\\\/#primaryimage\"},\"image\":{\"@id\":\"https:\\\/\\\/www.cuballama.com\\\/noticias\\\/dos-nuevos-feminicidios-en-cuba-elevan-a-35-las-victimas-de-violencia-machista-en-2025\\\/#primaryimage\"},\"thumbnailUrl\":\"https:\\\/\\\/cdn1.mediawpaccore.net\\\/wp-content\\\/uploads\\\/2023\\\/11\\\/20135240\\\/shutterstock_1862179852-scaled.jpg\",\"datePublished\":\"2025-10-09T09:54:00+00:00\",\"description\":\"Dos nuevos feminicidios en Cuba fueron confirmados por organizaciones independientes, elevando a 35 las v\u00edctimas en 2025.\",\"breadcrumb\":{\"@id\":\"https:\\\/\\\/www.cuballama.com\\\/noticias\\\/dos-nuevos-feminicidios-en-cuba-elevan-a-35-las-victimas-de-violencia-machista-en-2025\\\/#breadcrumb\"},\"inLanguage\":\"es\",\"potentialAction\":[{\"@type\":\"ReadAction\",\"target\":[\"https:\\\/\\\/www.cuballama.com\\\/noticias\\\/dos-nuevos-feminicidios-en-cuba-elevan-a-35-las-victimas-de-violencia-machista-en-2025\\\/\"]}]},{\"@type\":\"ImageObject\",\"inLanguage\":\"es\",\"@id\":\"https:\\\/\\\/www.cuballama.com\\\/noticias\\\/dos-nuevos-feminicidios-en-cuba-elevan-a-35-las-victimas-de-violencia-machista-en-2025\\\/#primaryimage\",\"url\":\"https:\\\/\\\/cdn1.mediawpaccore.net\\\/wp-content\\\/uploads\\\/2023\\\/11\\\/20135240\\\/shutterstock_1862179852-scaled.jpg\",\"contentUrl\":\"https:\\\/\\\/cdn1.mediawpaccore.net\\\/wp-content\\\/uploads\\\/2023\\\/11\\\/20135240\\\/shutterstock_1862179852-scaled.jpg\",\"width\":2560,\"height\":2048,\"caption\":\"feminicidios cuba\"},{\"@type\":\"BreadcrumbList\",\"@id\":\"https:\\\/\\\/www.cuballama.com\\\/noticias\\\/dos-nuevos-feminicidios-en-cuba-elevan-a-35-las-victimas-de-violencia-machista-en-2025\\\/#breadcrumb\",\"itemListElement\":[{\"@type\":\"ListItem\",\"position\":1,\"name\":\"Home\",\"item\":\"https:\\\/\\\/www.cuballama.com\\\/noticias\\\/\"},{\"@type\":\"ListItem\",\"position\":2,\"name\":\"Dos nuevos feminicidios en Cuba elevan a 35 las v\u00edctimas de violencia machista en 2025\"}]},{\"@type\":\"WebSite\",\"@id\":\"https:\\\/\\\/www.cuballama.com\\\/noticias\\\/#website\",\"url\":\"https:\\\/\\\/www.cuballama.com\\\/noticias\\\/\",\"name\":\"Cuballama Noticias\",\"description\":\"Medio digital sobre Cuba y el mundo\",\"publisher\":{\"@id\":\"https:\\\/\\\/www.cuballama.com\\\/noticias\\\/#organization\"},\"potentialAction\":[{\"@type\":\"SearchAction\",\"target\":{\"@type\":\"EntryPoint\",\"urlTemplate\":\"https:\\\/\\\/www.cuballama.com\\\/noticias\\\/?s={search_term_string}\"},\"query-input\":{\"@type\":\"PropertyValueSpecification\",\"valueRequired\":true,\"valueName\":\"search_term_string\"}}],\"inLanguage\":\"es\"},{\"@type\":\"Organization\",\"@id\":\"https:\\\/\\\/www.cuballama.com\\\/noticias\\\/#organization\",\"name\":\"Cuballama\",\"url\":\"https:\\\/\\\/www.cuballama.com\\\/noticias\\\/\",\"logo\":{\"@type\":\"ImageObject\",\"inLanguage\":\"es\",\"@id\":\"https:\\\/\\\/www.cuballama.com\\\/noticias\\\/#\\\/schema\\\/logo\\\/image\\\/\",\"url\":\"https:\\\/\\\/cdn1.mediawpaccore.net\\\/wp-content\\\/uploads\\\/2021\\\/12\\\/28171206\\\/cbll-logo-color-sm.png\",\"contentUrl\":\"https:\\\/\\\/cdn1.mediawpaccore.net\\\/wp-content\\\/uploads\\\/2021\\\/12\\\/28171206\\\/cbll-logo-color-sm.png\",\"width\":600,\"height\":133,\"caption\":\"Cuballama\"},\"image\":{\"@id\":\"https:\\\/\\\/www.cuballama.com\\\/noticias\\\/#\\\/schema\\\/logo\\\/image\\\/\"},\"sameAs\":[\"https:\\\/\\\/www.facebook.com\\\/CubaLlama\",\"https:\\\/\\\/x.com\\\/cuballama\",\"https:\\\/\\\/www.instagram.com\\\/stories\\\/cuballama_oficial\\\/\",\"https:\\\/\\\/www.youtube.com\\\/channel\\\/UCKkFE-d_axENGZcrc4as0IA\"]},{\"@type\":\"Person\",\"@id\":\"https:\\\/\\\/www.cuballama.com\\\/noticias\\\/#\\\/schema\\\/person\\\/5cba2b8cc25a3159e49fe730a94d512e\",\"name\":\"Sof\u00eda Reyes\",\"url\":\"https:\\\/\\\/www.cuballama.com\\\/noticias\\\/author\\\/laura\\\/\"}]}<\/script>\n<!-- \/ Yoast SEO plugin. -->","yoast_head_json":{"title":"Dos nuevos feminicidios en Cuba elevan a 35 las v\u00edctimas de violencia machista en 2025 - Cuballama Noticias","description":"Dos nuevos feminicidios en Cuba fueron confirmados por organizaciones independientes, elevando a 35 las v\u00edctimas en 2025.","robots":{"index":"index","follow":"follow","max-snippet":"max-snippet:-1","max-image-preview":"max-image-preview:large","max-video-preview":"max-video-preview:-1"},"canonical":"https:\/\/www.cuballama.com\/noticias\/dos-nuevos-feminicidios-en-cuba-elevan-a-35-las-victimas-de-violencia-machista-en-2025\/","og_locale":"es_ES","og_type":"article","og_title":"Dos nuevos feminicidios en Cuba elevan a 35 las v\u00edctimas de violencia machista en 2025 - Cuballama Noticias","og_description":"Dos nuevos feminicidios en Cuba fueron confirmados por organizaciones independientes, elevando a 35 las v\u00edctimas en 2025.","og_url":"https:\/\/www.cuballama.com\/noticias\/dos-nuevos-feminicidios-en-cuba-elevan-a-35-las-victimas-de-violencia-machista-en-2025\/","og_site_name":"Cuballama Noticias","article_publisher":"https:\/\/www.facebook.com\/CubaLlama","article_published_time":"2025-10-09T09:54:00+00:00","og_image":[{"width":2560,"height":2048,"url":"https:\/\/cdn1.mediawpaccore.net\/wp-content\/uploads\/2023\/11\/20135240\/shutterstock_1862179852-scaled.jpg","type":"image\/jpeg"}],"author":"Sof\u00eda Reyes","twitter_card":"summary_large_image","twitter_creator":"@cuballama","twitter_site":"@cuballama","twitter_misc":{"Escrito por":"Sof\u00eda Reyes","Tiempo de lectura":"2 minutos"},"schema":{"@context":"https:\/\/schema.org","@graph":[{"@type":"Article","@id":"https:\/\/www.cuballama.com\/noticias\/dos-nuevos-feminicidios-en-cuba-elevan-a-35-las-victimas-de-violencia-machista-en-2025\/#article","isPartOf":{"@id":"https:\/\/www.cuballama.com\/noticias\/dos-nuevos-feminicidios-en-cuba-elevan-a-35-las-victimas-de-violencia-machista-en-2025\/"},"author":{"name":"Sof\u00eda Reyes","@id":"https:\/\/www.cuballama.com\/noticias\/#\/schema\/person\/5cba2b8cc25a3159e49fe730a94d512e"},"headline":"Dos nuevos feminicidios en Cuba elevan a 35 las v\u00edctimas de violencia machista en 2025","datePublished":"2025-10-09T09:54:00+00:00","mainEntityOfPage":{"@id":"https:\/\/www.cuballama.com\/noticias\/dos-nuevos-feminicidios-en-cuba-elevan-a-35-las-victimas-de-violencia-machista-en-2025\/"},"wordCount":378,"commentCount":0,"publisher":{"@id":"https:\/\/www.cuballama.com\/noticias\/#organization"},"image":{"@id":"https:\/\/www.cuballama.com\/noticias\/dos-nuevos-feminicidios-en-cuba-elevan-a-35-las-victimas-de-violencia-machista-en-2025\/#primaryimage"},"thumbnailUrl":"https:\/\/cdn1.mediawpaccore.net\/wp-content\/uploads\/2023\/11\/20135240\/shutterstock_1862179852-scaled.jpg","keywords":["Alas Tensas","cr\u00edmenes contra mujeres","feminicidios 2025","feminicidios en Cuba","feminicidios Granma","feminicidios La Habana","Liudmila \u00c1lvarez Coll","Noralis Estenoz","violencia de g\u00e9nero Cuba","violencia machista Cuba","Yo S\u00ed Te Creo en Cuba"],"articleSection":["Destacado Cuba","Noticias de Cuba"],"inLanguage":"es","potentialAction":[{"@type":"CommentAction","name":"Comment","target":["https:\/\/www.cuballama.com\/noticias\/dos-nuevos-feminicidios-en-cuba-elevan-a-35-las-victimas-de-violencia-machista-en-2025\/#respond"]}]},{"@type":"WebPage","@id":"https:\/\/www.cuballama.com\/noticias\/dos-nuevos-feminicidios-en-cuba-elevan-a-35-las-victimas-de-violencia-machista-en-2025\/","url":"https:\/\/www.cuballama.com\/noticias\/dos-nuevos-feminicidios-en-cuba-elevan-a-35-las-victimas-de-violencia-machista-en-2025\/","name":"Dos nuevos feminicidios en Cuba elevan a 35 las v\u00edctimas de violencia machista en 2025 - Cuballama Noticias","isPartOf":{"@id":"https:\/\/www.cuballama.com\/noticias\/#website"},"primaryImageOfPage":{"@id":"https:\/\/www.cuballama.com\/noticias\/dos-nuevos-feminicidios-en-cuba-elevan-a-35-las-victimas-de-violencia-machista-en-2025\/#primaryimage"},"image":{"@id":"https:\/\/www.cuballama.com\/noticias\/dos-nuevos-feminicidios-en-cuba-elevan-a-35-las-victimas-de-violencia-machista-en-2025\/#primaryimage"},"thumbnailUrl":"https:\/\/cdn1.mediawpaccore.net\/wp-content\/uploads\/2023\/11\/20135240\/shutterstock_1862179852-scaled.jpg","datePublished":"2025-10-09T09:54:00+00:00","description":"Dos nuevos feminicidios en Cuba fueron confirmados por organizaciones independientes, elevando a 35 las v\u00edctimas en 2025.","breadcrumb":{"@id":"https:\/\/www.cuballama.com\/noticias\/dos-nuevos-feminicidios-en-cuba-elevan-a-35-las-victimas-de-violencia-machista-en-2025\/#breadcrumb"},"inLanguage":"es","potentialAction":[{"@type":"ReadAction","target":["https:\/\/www.cuballama.com\/noticias\/dos-nuevos-feminicidios-en-cuba-elevan-a-35-las-victimas-de-violencia-machista-en-2025\/"]}]},{"@type":"ImageObject","inLanguage":"es","@id":"https:\/\/www.cuballama.com\/noticias\/dos-nuevos-feminicidios-en-cuba-elevan-a-35-las-victimas-de-violencia-machista-en-2025\/#primaryimage","url":"https:\/\/cdn1.mediawpaccore.net\/wp-content\/uploads\/2023\/11\/20135240\/shutterstock_1862179852-scaled.jpg","contentUrl":"https:\/\/cdn1.mediawpaccore.net\/wp-content\/uploads\/2023\/11\/20135240\/shutterstock_1862179852-scaled.jpg","width":2560,"height":2048,"caption":"feminicidios cuba"},{"@type":"BreadcrumbList","@id":"https:\/\/www.cuballama.com\/noticias\/dos-nuevos-feminicidios-en-cuba-elevan-a-35-las-victimas-de-violencia-machista-en-2025\/#breadcrumb","itemListElement":[{"@type":"ListItem","position":1,"name":"Home","item":"https:\/\/www.cuballama.com\/noticias\/"},{"@type":"ListItem","position":2,"name":"Dos nuevos feminicidios en Cuba elevan a 35 las v\u00edctimas de violencia machista en 2025"}]},{"@type":"WebSite","@id":"https:\/\/www.cuballama.com\/noticias\/#website","url":"https:\/\/www.cuballama.com\/noticias\/","name":"Cuballama Noticias","description":"Medio digital sobre Cuba y el mundo","publisher":{"@id":"https:\/\/www.cuballama.com\/noticias\/#organization"},"potentialAction":[{"@type":"SearchAction","target":{"@type":"EntryPoint","urlTemplate":"https:\/\/www.cuballama.com\/noticias\/?s={search_term_string}"},"query-input":{"@type":"PropertyValueSpecification","valueRequired":true,"valueName":"search_term_string"}}],"inLanguage":"es"},{"@type":"Organization","@id":"https:\/\/www.cuballama.com\/noticias\/#organization","name":"Cuballama","url":"https:\/\/www.cuballama.com\/noticias\/","logo":{"@type":"ImageObject","inLanguage":"es","@id":"https:\/\/www.cuballama.com\/noticias\/#\/schema\/logo\/image\/","url":"https:\/\/cdn1.mediawpaccore.net\/wp-content\/uploads\/2021\/12\/28171206\/cbll-logo-color-sm.png","contentUrl":"https:\/\/cdn1.mediawpaccore.net\/wp-content\/uploads\/2021\/12\/28171206\/cbll-logo-color-sm.png","width":600,"height":133,"caption":"Cuballama"},"image":{"@id":"https:\/\/www.cuballama.com\/noticias\/#\/schema\/logo\/image\/"},"sameAs":["https:\/\/www.facebook.com\/CubaLlama","https:\/\/x.com\/cuballama","https:\/\/www.instagram.com\/stories\/cuballama_oficial\/","https:\/\/www.youtube.com\/channel\/UCKkFE-d_axENGZcrc4as0IA"]},{"@type":"Person","@id":"https:\/\/www.cuballama.com\/noticias\/#\/schema\/person\/5cba2b8cc25a3159e49fe730a94d512e","name":"Sof\u00eda Reyes","url":"https:\/\/www.cuballama.com\/noticias\/author\/laura\/"}]}},"_links":{"self":[{"href":"https:\/\/www.cuballama.com\/noticias\/wp-json\/wp\/v2\/posts\/222143","targetHints":{"allow":["GET"]}}],"collection":[{"href":"https:\/\/www.cuballama.com\/noticias\/wp-json\/wp\/v2\/posts"}],"about":[{"href":"https:\/\/www.cuballama.com\/noticias\/wp-json\/wp\/v2\/types\/post"}],"author":[{"embeddable":true,"href":"https:\/\/www.cuballama.com\/noticias\/wp-json\/wp\/v2\/users\/29"}],"replies":[{"embeddable":true,"href":"https:\/\/www.cuballama.com\/noticias\/wp-json\/wp\/v2\/comments?post=222143"}],"version-history":[{"count":2,"href":"https:\/\/www.cuballama.com\/noticias\/wp-json\/wp\/v2\/posts\/222143\/revisions"}],"predecessor-version":[{"id":222151,"href":"https:\/\/www.cuballama.com\/noticias\/wp-json\/wp\/v2\/posts\/222143\/revisions\/222151"}],"wp:featuredmedia":[{"embeddable":true,"href":"https:\/\/www.cuballama.com\/noticias\/wp-json\/wp\/v2\/media\/146073"}],"wp:attachment":[{"href":"https:\/\/www.cuballama.com\/noticias\/wp-json\/wp\/v2\/media?parent=222143"}],"wp:term":[{"taxonomy":"category","embeddable":true,"href":"https:\/\/www.cuballama.com\/noticias\/wp-json\/wp\/v2\/categories?post=222143"},{"taxonomy":"post_tag","embeddable":true,"href":"https:\/\/www.cuballama.com\/noticias\/wp-json\/wp\/v2\/tags?post=222143"}],"curies":[{"name":"wp","href":"https:\/\/api.w.org\/{rel}","templated":true}]}}