{"id":222141,"date":"2025-10-09T05:32:00","date_gmt":"2025-10-09T09:32:00","guid":{"rendered":"https:\/\/www.cuballama.com\/noticias\/?p=222141"},"modified":"2025-10-09T01:33:29","modified_gmt":"2025-10-09T05:33:29","slug":"marco-antonio-solis-y-cristy-celebran-35-anos-de-amor-y-complicidad-y-aqui-seguimos-y-sin-manual-de-instrucciones","status":"publish","type":"post","link":"https:\/\/www.cuballama.com\/noticias\/marco-antonio-solis-y-cristy-celebran-35-anos-de-amor-y-complicidad-y-aqui-seguimos-y-sin-manual-de-instrucciones\/","title":{"rendered":"Marco Antonio Sol\u00eds y Cristy celebran 35 a\u00f1os de amor y complicidad: \u00ab\u00a1y aqu\u00ed seguimos y sin manual de instrucciones!\u00bb"},"content":{"rendered":"\n<p>La empresaria cubana Cristy Sol\u00eds y el ic\u00f3nico cantautor mexicano Marco Antonio Sol\u00eds celebraron recientemente m\u00e1s de tres d\u00e9cadas de amor, complicidad y vida en com\u00fan, un v\u00ednculo que se ha mantenido s\u00f3lido pese al paso de los a\u00f1os.&nbsp;<\/p>\n\n\n\n<p>Para conmemorar la ocasi\u00f3n, Cristy comparti\u00f3 un emotivo mensaje en sus redes sociales, recordando el d\u00eda en que conoci\u00f3 al int\u00e9rprete de <em>Si no te hubieras ido<\/em> y resaltando que la pasi\u00f3n y la uni\u00f3n entre ambos siguen intactas.<\/p>\n\n\n\n<p>\u201c35 a\u00f1os desde que te conoc\u00ed\u2026 \u00a1y aqu\u00ed seguimos y sin manual de instrucciones! Lo bueno es que entre locuras, canciones y aventuras, hemos escrito la mejor historia. \u00a1Y lo que falta! Gracias por ser mi compa\u00f1ero de vida, de risas y de travesuras @marcoantoniosolis_oficial\u201d, expres\u00f3 la cubana, acompa\u00f1ando sus palabras con una serie de fotograf\u00edas llenas de complicidad.<\/p>\n\n\n\n<p>En las im\u00e1genes, la pareja aparece sonriente y abrazada, posando frente a un autom\u00f3vil cl\u00e1sico que le dio un aire nost\u00e1lgico y rom\u00e1ntico al momento. Cristy opt\u00f3 por un look casual con camisa celeste y vaqueros, mientras que Marco Antonio luci\u00f3 abrigo negro y gafas oscuras, ambos radiando alegr\u00eda y cercan\u00eda.<\/p>\n\n\n\n<p>Considerados <strong><a href=\"https:\/\/www.cuballama.com\/noticias\/marco-antonio-solis-celebra-mas-de-tres-decadas-de-amor-con-su-esposa-cubana-cristy-salas\/\" target=\"_blank\" rel=\"noreferrer noopener\">uno de los matrimonios m\u00e1s estables y admirados del espect\u00e1culo latino<\/a><\/strong>, Marco Antonio y Cristy han sabido mantener una relaci\u00f3n ejemplar tanto en lo personal como en lo profesional. Juntos han formado una familia con dos hijas, Alison y Marla quienes suelen aparecer en publicaciones familiares junto a sus padres.<\/p>\n\n\n\n<p>Desde que se conocieron tras la separaci\u00f3n del cantante de su primera esposa, la tambi\u00e9n artista Beatriz Adriana, la vida del \u201cBuki\u201d cambi\u00f3 por completo. Cristy no solo se convirti\u00f3 en su gran amor, sino tambi\u00e9n en un apoyo fundamental a lo largo de su carrera. Su historia, con 35 a\u00f1os de cap\u00edtulos compartidos, sigue siendo inspiraci\u00f3n para quienes creen en el amor duradero.<\/p>\n","protected":false},"excerpt":{"rendered":"<p>Marco Antonio Sol\u00eds y Cristy Sol\u00eds celebran 35 a\u00f1os de amor con emotivas fotos y un mensaje que derriti\u00f3 las redes.<\/p>\n","protected":false},"author":29,"featured_media":222149,"comment_status":"open","ping_status":"closed","sticky":false,"template":"","format":"standard","meta":{"_acf_changed":false,"footnotes":""},"categories":[443],"tags":[19710,28432,3493,19708,28435,28434,28433,12600,28436,8097,19709,28430,24736,28431,28437],"class_list":{"0":"post-222141","1":"post","2":"type-post","3":"status-publish","4":"format-standard","5":"has-post-thumbnail","7":"category-farandula","8":"tag-alison-solis","9":"tag-aniversario-marco-antonio-solis","10":"tag-artistas-latinos","11":"tag-cristy-solis","12":"tag-cristy-solis-cuba","13":"tag-el-buki","14":"tag-familia-marco-antonio-solis","15":"tag-farandula-latina","16":"tag-hijas-marco-antonio-solis","17":"tag-marco-antonio-solis","18":"tag-marla-solis","19":"tag-matrimonio-marco-antonio-solis","20":"tag-noticias-de-famosos","21":"tag-pareja-marco-antonio-solis","22":"tag-relaciones-estables-en-la-farandula"},"acf":[],"yoast_head":"<!-- This site is optimized with the Yoast SEO plugin v27.5 - https:\/\/yoast.com\/product\/yoast-seo-wordpress\/ -->\n<title>Marco Antonio Sol\u00eds y Cristy celebran 35 a\u00f1os de amor y complicidad: &quot;\u00a1y aqu\u00ed seguimos y sin manual de instrucciones!&quot; - Cuballama Noticias<\/title>\n<meta name=\"description\" content=\"Marco Antonio Sol\u00eds y Cristy Sol\u00eds celebran 35 a\u00f1os de amor con emotivas fotos y un mensaje que derriti\u00f3 las redes.\" \/>\n<meta name=\"robots\" content=\"index, follow, max-snippet:-1, max-image-preview:large, max-video-preview:-1\" \/>\n<link rel=\"canonical\" href=\"https:\/\/www.cuballama.com\/noticias\/marco-antonio-solis-y-cristy-celebran-35-anos-de-amor-y-complicidad-y-aqui-seguimos-y-sin-manual-de-instrucciones\/\" \/>\n<meta property=\"og:locale\" content=\"es_ES\" \/>\n<meta property=\"og:type\" content=\"article\" \/>\n<meta property=\"og:title\" content=\"Marco Antonio Sol\u00eds y Cristy celebran 35 a\u00f1os de amor y complicidad: &quot;\u00a1y aqu\u00ed seguimos y sin manual de instrucciones!&quot; - Cuballama Noticias\" \/>\n<meta property=\"og:description\" content=\"Marco Antonio Sol\u00eds y Cristy Sol\u00eds celebran 35 a\u00f1os de amor con emotivas fotos y un mensaje que derriti\u00f3 las redes.\" \/>\n<meta property=\"og:url\" content=\"https:\/\/www.cuballama.com\/noticias\/marco-antonio-solis-y-cristy-celebran-35-anos-de-amor-y-complicidad-y-aqui-seguimos-y-sin-manual-de-instrucciones\/\" \/>\n<meta property=\"og:site_name\" content=\"Cuballama Noticias\" \/>\n<meta property=\"article:publisher\" content=\"https:\/\/www.facebook.com\/CubaLlama\" \/>\n<meta property=\"article:published_time\" content=\"2025-10-09T09:32:00+00:00\" \/>\n<meta property=\"og:image\" content=\"https:\/\/cdn1.mediawpaccore.net\/wp-content\/uploads\/2025\/10\/09012738\/Captura-de-pantalla-2025-10-09-a-las-7.26.41.png\" \/>\n\t<meta property=\"og:image:width\" content=\"1280\" \/>\n\t<meta property=\"og:image:height\" content=\"684\" \/>\n\t<meta property=\"og:image:type\" content=\"image\/png\" \/>\n<meta name=\"author\" content=\"Sof\u00eda Reyes\" \/>\n<meta name=\"twitter:card\" content=\"summary_large_image\" \/>\n<meta name=\"twitter:creator\" content=\"@cuballama\" \/>\n<meta name=\"twitter:site\" content=\"@cuballama\" \/>\n<meta name=\"twitter:label1\" content=\"Escrito por\" \/>\n\t<meta name=\"twitter:data1\" content=\"Sof\u00eda Reyes\" \/>\n\t<meta name=\"twitter:label2\" content=\"Tiempo de lectura\" \/>\n\t<meta name=\"twitter:data2\" content=\"2 minutos\" \/>\n<script type=\"application\/ld+json\" class=\"yoast-schema-graph\">{\"@context\":\"https:\\\/\\\/schema.org\",\"@graph\":[{\"@type\":\"Article\",\"@id\":\"https:\\\/\\\/www.cuballama.com\\\/noticias\\\/marco-antonio-solis-y-cristy-celebran-35-anos-de-amor-y-complicidad-y-aqui-seguimos-y-sin-manual-de-instrucciones\\\/#article\",\"isPartOf\":{\"@id\":\"https:\\\/\\\/www.cuballama.com\\\/noticias\\\/marco-antonio-solis-y-cristy-celebran-35-anos-de-amor-y-complicidad-y-aqui-seguimos-y-sin-manual-de-instrucciones\\\/\"},\"author\":{\"name\":\"Sof\u00eda Reyes\",\"@id\":\"https:\\\/\\\/www.cuballama.com\\\/noticias\\\/#\\\/schema\\\/person\\\/5cba2b8cc25a3159e49fe730a94d512e\"},\"headline\":\"Marco Antonio Sol\u00eds y Cristy celebran 35 a\u00f1os de amor y complicidad: \u00ab\u00a1y aqu\u00ed seguimos y sin manual de instrucciones!\u00bb\",\"datePublished\":\"2025-10-09T09:32:00+00:00\",\"mainEntityOfPage\":{\"@id\":\"https:\\\/\\\/www.cuballama.com\\\/noticias\\\/marco-antonio-solis-y-cristy-celebran-35-anos-de-amor-y-complicidad-y-aqui-seguimos-y-sin-manual-de-instrucciones\\\/\"},\"wordCount\":358,\"commentCount\":0,\"publisher\":{\"@id\":\"https:\\\/\\\/www.cuballama.com\\\/noticias\\\/#organization\"},\"image\":{\"@id\":\"https:\\\/\\\/www.cuballama.com\\\/noticias\\\/marco-antonio-solis-y-cristy-celebran-35-anos-de-amor-y-complicidad-y-aqui-seguimos-y-sin-manual-de-instrucciones\\\/#primaryimage\"},\"thumbnailUrl\":\"https:\\\/\\\/cdn1.mediawpaccore.net\\\/wp-content\\\/uploads\\\/2025\\\/10\\\/09012738\\\/Captura-de-pantalla-2025-10-09-a-las-7.26.41.png\",\"keywords\":[\"Alison Sol\u00eds\",\"aniversario Marco Antonio Sol\u00eds\",\"artistas latinos\",\"Cristy Sol\u00eds\",\"Cristy Sol\u00eds Cuba\",\"El Buki\",\"familia Marco Antonio Sol\u00eds\",\"far\u00e1ndula latina\",\"hijas Marco Antonio Sol\u00eds\",\"Marco Antonio Sol\u00eds\",\"Marla Sol\u00eds\",\"matrimonio Marco Antonio Sol\u00eds\",\"noticias de famosos\",\"pareja Marco Antonio Sol\u00eds\",\"relaciones estables en la far\u00e1ndula\"],\"articleSection\":[\"Far\u00e1ndula\"],\"inLanguage\":\"es\",\"potentialAction\":[{\"@type\":\"CommentAction\",\"name\":\"Comment\",\"target\":[\"https:\\\/\\\/www.cuballama.com\\\/noticias\\\/marco-antonio-solis-y-cristy-celebran-35-anos-de-amor-y-complicidad-y-aqui-seguimos-y-sin-manual-de-instrucciones\\\/#respond\"]}]},{\"@type\":\"WebPage\",\"@id\":\"https:\\\/\\\/www.cuballama.com\\\/noticias\\\/marco-antonio-solis-y-cristy-celebran-35-anos-de-amor-y-complicidad-y-aqui-seguimos-y-sin-manual-de-instrucciones\\\/\",\"url\":\"https:\\\/\\\/www.cuballama.com\\\/noticias\\\/marco-antonio-solis-y-cristy-celebran-35-anos-de-amor-y-complicidad-y-aqui-seguimos-y-sin-manual-de-instrucciones\\\/\",\"name\":\"Marco Antonio Sol\u00eds y Cristy celebran 35 a\u00f1os de amor y complicidad: \\\"\u00a1y aqu\u00ed seguimos y sin manual de instrucciones!\\\" - Cuballama Noticias\",\"isPartOf\":{\"@id\":\"https:\\\/\\\/www.cuballama.com\\\/noticias\\\/#website\"},\"primaryImageOfPage\":{\"@id\":\"https:\\\/\\\/www.cuballama.com\\\/noticias\\\/marco-antonio-solis-y-cristy-celebran-35-anos-de-amor-y-complicidad-y-aqui-seguimos-y-sin-manual-de-instrucciones\\\/#primaryimage\"},\"image\":{\"@id\":\"https:\\\/\\\/www.cuballama.com\\\/noticias\\\/marco-antonio-solis-y-cristy-celebran-35-anos-de-amor-y-complicidad-y-aqui-seguimos-y-sin-manual-de-instrucciones\\\/#primaryimage\"},\"thumbnailUrl\":\"https:\\\/\\\/cdn1.mediawpaccore.net\\\/wp-content\\\/uploads\\\/2025\\\/10\\\/09012738\\\/Captura-de-pantalla-2025-10-09-a-las-7.26.41.png\",\"datePublished\":\"2025-10-09T09:32:00+00:00\",\"description\":\"Marco Antonio Sol\u00eds y Cristy Sol\u00eds celebran 35 a\u00f1os de amor con emotivas fotos y un mensaje que derriti\u00f3 las redes.\",\"breadcrumb\":{\"@id\":\"https:\\\/\\\/www.cuballama.com\\\/noticias\\\/marco-antonio-solis-y-cristy-celebran-35-anos-de-amor-y-complicidad-y-aqui-seguimos-y-sin-manual-de-instrucciones\\\/#breadcrumb\"},\"inLanguage\":\"es\",\"potentialAction\":[{\"@type\":\"ReadAction\",\"target\":[\"https:\\\/\\\/www.cuballama.com\\\/noticias\\\/marco-antonio-solis-y-cristy-celebran-35-anos-de-amor-y-complicidad-y-aqui-seguimos-y-sin-manual-de-instrucciones\\\/\"]}]},{\"@type\":\"ImageObject\",\"inLanguage\":\"es\",\"@id\":\"https:\\\/\\\/www.cuballama.com\\\/noticias\\\/marco-antonio-solis-y-cristy-celebran-35-anos-de-amor-y-complicidad-y-aqui-seguimos-y-sin-manual-de-instrucciones\\\/#primaryimage\",\"url\":\"https:\\\/\\\/cdn1.mediawpaccore.net\\\/wp-content\\\/uploads\\\/2025\\\/10\\\/09012738\\\/Captura-de-pantalla-2025-10-09-a-las-7.26.41.png\",\"contentUrl\":\"https:\\\/\\\/cdn1.mediawpaccore.net\\\/wp-content\\\/uploads\\\/2025\\\/10\\\/09012738\\\/Captura-de-pantalla-2025-10-09-a-las-7.26.41.png\",\"width\":1280,\"height\":684,\"caption\":\"Foto tomada del perfil de Instagram de Cristy Sol\u00eds\"},{\"@type\":\"BreadcrumbList\",\"@id\":\"https:\\\/\\\/www.cuballama.com\\\/noticias\\\/marco-antonio-solis-y-cristy-celebran-35-anos-de-amor-y-complicidad-y-aqui-seguimos-y-sin-manual-de-instrucciones\\\/#breadcrumb\",\"itemListElement\":[{\"@type\":\"ListItem\",\"position\":1,\"name\":\"Home\",\"item\":\"https:\\\/\\\/www.cuballama.com\\\/noticias\\\/\"},{\"@type\":\"ListItem\",\"position\":2,\"name\":\"Marco Antonio Sol\u00eds y Cristy celebran 35 a\u00f1os de amor y complicidad: \u00ab\u00a1y aqu\u00ed seguimos y sin manual de instrucciones!\u00bb\"}]},{\"@type\":\"WebSite\",\"@id\":\"https:\\\/\\\/www.cuballama.com\\\/noticias\\\/#website\",\"url\":\"https:\\\/\\\/www.cuballama.com\\\/noticias\\\/\",\"name\":\"Cuballama Noticias\",\"description\":\"Medio digital sobre Cuba y el mundo\",\"publisher\":{\"@id\":\"https:\\\/\\\/www.cuballama.com\\\/noticias\\\/#organization\"},\"potentialAction\":[{\"@type\":\"SearchAction\",\"target\":{\"@type\":\"EntryPoint\",\"urlTemplate\":\"https:\\\/\\\/www.cuballama.com\\\/noticias\\\/?s={search_term_string}\"},\"query-input\":{\"@type\":\"PropertyValueSpecification\",\"valueRequired\":true,\"valueName\":\"search_term_string\"}}],\"inLanguage\":\"es\"},{\"@type\":\"Organization\",\"@id\":\"https:\\\/\\\/www.cuballama.com\\\/noticias\\\/#organization\",\"name\":\"Cuballama\",\"url\":\"https:\\\/\\\/www.cuballama.com\\\/noticias\\\/\",\"logo\":{\"@type\":\"ImageObject\",\"inLanguage\":\"es\",\"@id\":\"https:\\\/\\\/www.cuballama.com\\\/noticias\\\/#\\\/schema\\\/logo\\\/image\\\/\",\"url\":\"https:\\\/\\\/cdn1.mediawpaccore.net\\\/wp-content\\\/uploads\\\/2021\\\/12\\\/28171206\\\/cbll-logo-color-sm.png\",\"contentUrl\":\"https:\\\/\\\/cdn1.mediawpaccore.net\\\/wp-content\\\/uploads\\\/2021\\\/12\\\/28171206\\\/cbll-logo-color-sm.png\",\"width\":600,\"height\":133,\"caption\":\"Cuballama\"},\"image\":{\"@id\":\"https:\\\/\\\/www.cuballama.com\\\/noticias\\\/#\\\/schema\\\/logo\\\/image\\\/\"},\"sameAs\":[\"https:\\\/\\\/www.facebook.com\\\/CubaLlama\",\"https:\\\/\\\/x.com\\\/cuballama\",\"https:\\\/\\\/www.instagram.com\\\/stories\\\/cuballama_oficial\\\/\",\"https:\\\/\\\/www.youtube.com\\\/channel\\\/UCKkFE-d_axENGZcrc4as0IA\"]},{\"@type\":\"Person\",\"@id\":\"https:\\\/\\\/www.cuballama.com\\\/noticias\\\/#\\\/schema\\\/person\\\/5cba2b8cc25a3159e49fe730a94d512e\",\"name\":\"Sof\u00eda Reyes\",\"url\":\"https:\\\/\\\/www.cuballama.com\\\/noticias\\\/author\\\/laura\\\/\"}]}<\/script>\n<!-- \/ Yoast SEO plugin. -->","yoast_head_json":{"title":"Marco Antonio Sol\u00eds y Cristy celebran 35 a\u00f1os de amor y complicidad: \"\u00a1y aqu\u00ed seguimos y sin manual de instrucciones!\" - Cuballama Noticias","description":"Marco Antonio Sol\u00eds y Cristy Sol\u00eds celebran 35 a\u00f1os de amor con emotivas fotos y un mensaje que derriti\u00f3 las redes.","robots":{"index":"index","follow":"follow","max-snippet":"max-snippet:-1","max-image-preview":"max-image-preview:large","max-video-preview":"max-video-preview:-1"},"canonical":"https:\/\/www.cuballama.com\/noticias\/marco-antonio-solis-y-cristy-celebran-35-anos-de-amor-y-complicidad-y-aqui-seguimos-y-sin-manual-de-instrucciones\/","og_locale":"es_ES","og_type":"article","og_title":"Marco Antonio Sol\u00eds y Cristy celebran 35 a\u00f1os de amor y complicidad: \"\u00a1y aqu\u00ed seguimos y sin manual de instrucciones!\" - Cuballama Noticias","og_description":"Marco Antonio Sol\u00eds y Cristy Sol\u00eds celebran 35 a\u00f1os de amor con emotivas fotos y un mensaje que derriti\u00f3 las redes.","og_url":"https:\/\/www.cuballama.com\/noticias\/marco-antonio-solis-y-cristy-celebran-35-anos-de-amor-y-complicidad-y-aqui-seguimos-y-sin-manual-de-instrucciones\/","og_site_name":"Cuballama Noticias","article_publisher":"https:\/\/www.facebook.com\/CubaLlama","article_published_time":"2025-10-09T09:32:00+00:00","og_image":[{"width":1280,"height":684,"url":"https:\/\/cdn1.mediawpaccore.net\/wp-content\/uploads\/2025\/10\/09012738\/Captura-de-pantalla-2025-10-09-a-las-7.26.41.png","type":"image\/png"}],"author":"Sof\u00eda Reyes","twitter_card":"summary_large_image","twitter_creator":"@cuballama","twitter_site":"@cuballama","twitter_misc":{"Escrito por":"Sof\u00eda Reyes","Tiempo de lectura":"2 minutos"},"schema":{"@context":"https:\/\/schema.org","@graph":[{"@type":"Article","@id":"https:\/\/www.cuballama.com\/noticias\/marco-antonio-solis-y-cristy-celebran-35-anos-de-amor-y-complicidad-y-aqui-seguimos-y-sin-manual-de-instrucciones\/#article","isPartOf":{"@id":"https:\/\/www.cuballama.com\/noticias\/marco-antonio-solis-y-cristy-celebran-35-anos-de-amor-y-complicidad-y-aqui-seguimos-y-sin-manual-de-instrucciones\/"},"author":{"name":"Sof\u00eda Reyes","@id":"https:\/\/www.cuballama.com\/noticias\/#\/schema\/person\/5cba2b8cc25a3159e49fe730a94d512e"},"headline":"Marco Antonio Sol\u00eds y Cristy celebran 35 a\u00f1os de amor y complicidad: \u00ab\u00a1y aqu\u00ed seguimos y sin manual de instrucciones!\u00bb","datePublished":"2025-10-09T09:32:00+00:00","mainEntityOfPage":{"@id":"https:\/\/www.cuballama.com\/noticias\/marco-antonio-solis-y-cristy-celebran-35-anos-de-amor-y-complicidad-y-aqui-seguimos-y-sin-manual-de-instrucciones\/"},"wordCount":358,"commentCount":0,"publisher":{"@id":"https:\/\/www.cuballama.com\/noticias\/#organization"},"image":{"@id":"https:\/\/www.cuballama.com\/noticias\/marco-antonio-solis-y-cristy-celebran-35-anos-de-amor-y-complicidad-y-aqui-seguimos-y-sin-manual-de-instrucciones\/#primaryimage"},"thumbnailUrl":"https:\/\/cdn1.mediawpaccore.net\/wp-content\/uploads\/2025\/10\/09012738\/Captura-de-pantalla-2025-10-09-a-las-7.26.41.png","keywords":["Alison Sol\u00eds","aniversario Marco Antonio Sol\u00eds","artistas latinos","Cristy Sol\u00eds","Cristy Sol\u00eds Cuba","El Buki","familia Marco Antonio Sol\u00eds","far\u00e1ndula latina","hijas Marco Antonio Sol\u00eds","Marco Antonio Sol\u00eds","Marla Sol\u00eds","matrimonio Marco Antonio Sol\u00eds","noticias de famosos","pareja Marco Antonio Sol\u00eds","relaciones estables en la far\u00e1ndula"],"articleSection":["Far\u00e1ndula"],"inLanguage":"es","potentialAction":[{"@type":"CommentAction","name":"Comment","target":["https:\/\/www.cuballama.com\/noticias\/marco-antonio-solis-y-cristy-celebran-35-anos-de-amor-y-complicidad-y-aqui-seguimos-y-sin-manual-de-instrucciones\/#respond"]}]},{"@type":"WebPage","@id":"https:\/\/www.cuballama.com\/noticias\/marco-antonio-solis-y-cristy-celebran-35-anos-de-amor-y-complicidad-y-aqui-seguimos-y-sin-manual-de-instrucciones\/","url":"https:\/\/www.cuballama.com\/noticias\/marco-antonio-solis-y-cristy-celebran-35-anos-de-amor-y-complicidad-y-aqui-seguimos-y-sin-manual-de-instrucciones\/","name":"Marco Antonio Sol\u00eds y Cristy celebran 35 a\u00f1os de amor y complicidad: \"\u00a1y aqu\u00ed seguimos y sin manual de instrucciones!\" - Cuballama Noticias","isPartOf":{"@id":"https:\/\/www.cuballama.com\/noticias\/#website"},"primaryImageOfPage":{"@id":"https:\/\/www.cuballama.com\/noticias\/marco-antonio-solis-y-cristy-celebran-35-anos-de-amor-y-complicidad-y-aqui-seguimos-y-sin-manual-de-instrucciones\/#primaryimage"},"image":{"@id":"https:\/\/www.cuballama.com\/noticias\/marco-antonio-solis-y-cristy-celebran-35-anos-de-amor-y-complicidad-y-aqui-seguimos-y-sin-manual-de-instrucciones\/#primaryimage"},"thumbnailUrl":"https:\/\/cdn1.mediawpaccore.net\/wp-content\/uploads\/2025\/10\/09012738\/Captura-de-pantalla-2025-10-09-a-las-7.26.41.png","datePublished":"2025-10-09T09:32:00+00:00","description":"Marco Antonio Sol\u00eds y Cristy Sol\u00eds celebran 35 a\u00f1os de amor con emotivas fotos y un mensaje que derriti\u00f3 las redes.","breadcrumb":{"@id":"https:\/\/www.cuballama.com\/noticias\/marco-antonio-solis-y-cristy-celebran-35-anos-de-amor-y-complicidad-y-aqui-seguimos-y-sin-manual-de-instrucciones\/#breadcrumb"},"inLanguage":"es","potentialAction":[{"@type":"ReadAction","target":["https:\/\/www.cuballama.com\/noticias\/marco-antonio-solis-y-cristy-celebran-35-anos-de-amor-y-complicidad-y-aqui-seguimos-y-sin-manual-de-instrucciones\/"]}]},{"@type":"ImageObject","inLanguage":"es","@id":"https:\/\/www.cuballama.com\/noticias\/marco-antonio-solis-y-cristy-celebran-35-anos-de-amor-y-complicidad-y-aqui-seguimos-y-sin-manual-de-instrucciones\/#primaryimage","url":"https:\/\/cdn1.mediawpaccore.net\/wp-content\/uploads\/2025\/10\/09012738\/Captura-de-pantalla-2025-10-09-a-las-7.26.41.png","contentUrl":"https:\/\/cdn1.mediawpaccore.net\/wp-content\/uploads\/2025\/10\/09012738\/Captura-de-pantalla-2025-10-09-a-las-7.26.41.png","width":1280,"height":684,"caption":"Foto tomada del perfil de Instagram de Cristy Sol\u00eds"},{"@type":"BreadcrumbList","@id":"https:\/\/www.cuballama.com\/noticias\/marco-antonio-solis-y-cristy-celebran-35-anos-de-amor-y-complicidad-y-aqui-seguimos-y-sin-manual-de-instrucciones\/#breadcrumb","itemListElement":[{"@type":"ListItem","position":1,"name":"Home","item":"https:\/\/www.cuballama.com\/noticias\/"},{"@type":"ListItem","position":2,"name":"Marco Antonio Sol\u00eds y Cristy celebran 35 a\u00f1os de amor y complicidad: \u00ab\u00a1y aqu\u00ed seguimos y sin manual de instrucciones!\u00bb"}]},{"@type":"WebSite","@id":"https:\/\/www.cuballama.com\/noticias\/#website","url":"https:\/\/www.cuballama.com\/noticias\/","name":"Cuballama Noticias","description":"Medio digital sobre Cuba y el mundo","publisher":{"@id":"https:\/\/www.cuballama.com\/noticias\/#organization"},"potentialAction":[{"@type":"SearchAction","target":{"@type":"EntryPoint","urlTemplate":"https:\/\/www.cuballama.com\/noticias\/?s={search_term_string}"},"query-input":{"@type":"PropertyValueSpecification","valueRequired":true,"valueName":"search_term_string"}}],"inLanguage":"es"},{"@type":"Organization","@id":"https:\/\/www.cuballama.com\/noticias\/#organization","name":"Cuballama","url":"https:\/\/www.cuballama.com\/noticias\/","logo":{"@type":"ImageObject","inLanguage":"es","@id":"https:\/\/www.cuballama.com\/noticias\/#\/schema\/logo\/image\/","url":"https:\/\/cdn1.mediawpaccore.net\/wp-content\/uploads\/2021\/12\/28171206\/cbll-logo-color-sm.png","contentUrl":"https:\/\/cdn1.mediawpaccore.net\/wp-content\/uploads\/2021\/12\/28171206\/cbll-logo-color-sm.png","width":600,"height":133,"caption":"Cuballama"},"image":{"@id":"https:\/\/www.cuballama.com\/noticias\/#\/schema\/logo\/image\/"},"sameAs":["https:\/\/www.facebook.com\/CubaLlama","https:\/\/x.com\/cuballama","https:\/\/www.instagram.com\/stories\/cuballama_oficial\/","https:\/\/www.youtube.com\/channel\/UCKkFE-d_axENGZcrc4as0IA"]},{"@type":"Person","@id":"https:\/\/www.cuballama.com\/noticias\/#\/schema\/person\/5cba2b8cc25a3159e49fe730a94d512e","name":"Sof\u00eda Reyes","url":"https:\/\/www.cuballama.com\/noticias\/author\/laura\/"}]}},"_links":{"self":[{"href":"https:\/\/www.cuballama.com\/noticias\/wp-json\/wp\/v2\/posts\/222141","targetHints":{"allow":["GET"]}}],"collection":[{"href":"https:\/\/www.cuballama.com\/noticias\/wp-json\/wp\/v2\/posts"}],"about":[{"href":"https:\/\/www.cuballama.com\/noticias\/wp-json\/wp\/v2\/types\/post"}],"author":[{"embeddable":true,"href":"https:\/\/www.cuballama.com\/noticias\/wp-json\/wp\/v2\/users\/29"}],"replies":[{"embeddable":true,"href":"https:\/\/www.cuballama.com\/noticias\/wp-json\/wp\/v2\/comments?post=222141"}],"version-history":[{"count":2,"href":"https:\/\/www.cuballama.com\/noticias\/wp-json\/wp\/v2\/posts\/222141\/revisions"}],"predecessor-version":[{"id":222150,"href":"https:\/\/www.cuballama.com\/noticias\/wp-json\/wp\/v2\/posts\/222141\/revisions\/222150"}],"wp:featuredmedia":[{"embeddable":true,"href":"https:\/\/www.cuballama.com\/noticias\/wp-json\/wp\/v2\/media\/222149"}],"wp:attachment":[{"href":"https:\/\/www.cuballama.com\/noticias\/wp-json\/wp\/v2\/media?parent=222141"}],"wp:term":[{"taxonomy":"category","embeddable":true,"href":"https:\/\/www.cuballama.com\/noticias\/wp-json\/wp\/v2\/categories?post=222141"},{"taxonomy":"post_tag","embeddable":true,"href":"https:\/\/www.cuballama.com\/noticias\/wp-json\/wp\/v2\/tags?post=222141"}],"curies":[{"name":"wp","href":"https:\/\/api.w.org\/{rel}","templated":true}]}}