{"id":221914,"date":"2025-10-12T11:23:59","date_gmt":"2025-10-12T15:23:59","guid":{"rendered":"https:\/\/www.cuballama.com\/noticias\/?p=221914"},"modified":"2025-10-12T11:24:03","modified_gmt":"2025-10-12T15:24:03","slug":"asi-luce-actualmente-misifu-el-eterno-cargabates-y-leyenda-de-villa-clara-y-el-equipo-de-las-villas","status":"publish","type":"post","link":"https:\/\/www.cuballama.com\/noticias\/asi-luce-actualmente-misifu-el-eterno-cargabates-y-leyenda-de-villa-clara-y-el-equipo-de-las-villas\/","title":{"rendered":"As\u00ed luce actualmente Misif\u00fa, el eterno cargabates y leyenda de Villa Clara y el equipo de Las Villas"},"content":{"rendered":"\n<p>En Santa Clara, basta decir \u201cMisif\u00fa\u201d para que aparezca una estampa: el hombre menudo, hiperactivo, que recorr\u00eda el dugout con una mezcla de chispa y disciplina, recogiendo bates, soplando \u00e1nimos, robando se\u00f1as con picard\u00eda y gritando sus frases que hoy son memoria oral del Sandino. <\/p>\n\n\n\n<p>Su nombre es <strong>Roberto Jim\u00e9nez<\/strong>. No fue pelotero, pero su figura termin\u00f3 tan asociada a Villa Clara, Las Villas y hasta con los Azucareros, que cuesta contar la historia reciente del b\u00e9isbol en las provincias centrales sin mencionarlo. Medios y cronistas lo recuerdan como un s\u00edmbolo de ese estadio, el Sandino de Villa Clara, y de varias generaciones de equipos naranjas.<\/p>\n\n\n\n<p>El cumplea\u00f1os reciente de Jim\u00e9nez reactiv\u00f3 ese cari\u00f1o: en redes circul\u00f3 una foto reciente donde se le ve sonriente, junto a <strong>Landy \u201cLa Potencia\u201d<\/strong>, con mensajes que lo llaman \u201cmaestro de los cargabates\u201d y \u201calegr\u00eda del Sandino\u201d. <\/p>\n\n\n\n<p>El post de <em><a href=\"https:\/\/www.facebook.com\/100031402014871\/posts\/1608413376882047\/?rdid=EwLmVIymKQE9B9bc#\" target=\"_blank\" rel=\"noreferrer noopener nofollow\">DPorto<\/a><\/em> rese\u00f1a lo esencial: <strong>Misif\u00fa<\/strong> fue durante a\u00f1os el cargabates carism\u00e1tico de Villa Clara, Las Villas y Azucareros, una presencia que trascendi\u00f3 los l\u00edmites del terreno porque construy\u00f3 una relaci\u00f3n directa con la afici\u00f3n. La imagen de hoy confirma que sigue siendo el mismo personaje entra\u00f1able al que la gente saluda por la calle como si fuese una estrella m\u00e1s del line up.<\/p>\n\n\n\n<iframe loading=\"lazy\" src=\"https:\/\/www.facebook.com\/plugins\/post.php?href=https%3A%2F%2Fwww.facebook.com%2FDportoSports%2Fposts%2Fpfbid0VRQYtY14ATQTCL3iSDTQTc81yvCvFDzwSSQdLH55zT9AzmJqB1d9TqGivTea68aol&#038;show_text=true&#038;width=500\" width=\"500\" height=\"541\" style=\"border:none;overflow:hidden\" scrolling=\"no\" frameborder=\"0\" allowfullscreen=\"true\" allow=\"autoplay; clipboard-write; encrypted-media; picture-in-picture; web-share\"><\/iframe>\n\n\n\n<p>Esa condici\u00f3n de \u201cleyenda sin uniforme\u201d no surgi\u00f3 de la nada. Los relatos coinciden en que Jim\u00e9nez estuvo m\u00e1s de tres d\u00e9cadas ligado al equipo, convertido en talism\u00e1n de serie tras serie en el <strong>Estadio Augusto C\u00e9sar Sandino<\/strong>, casa de los Naranjas y epicentro de la \u201cFuria Naranja\u201d. La m\u00edstica del Sandino \u2014y del equipo\u2014 ayuda a entender por qu\u00e9 la ciudad adopt\u00f3 a <strong>Misif\u00fa<\/strong> como propio: era parte del ritual, de la liturgia beisbolera que se enciende cuando el diamante bulle en Santa Clara.<\/p>\n\n\n\n<p>Su historia reciente tambi\u00e9n habla de resistencia. En 2023, un perfil de <em><a href=\"https:\/\/playoffmagazine.com\/misifu-cargabates-beisbol-cubano-afuera-hacen-por-mi-lo-que-no-hace-el-inder\/\" target=\"_blank\" rel=\"noreferrer noopener nofollow\">Play Off Magazine <\/a><\/em>lo retrat\u00f3 ya mayor, caminando a diario hacia el centro de Santa Clara para vender cajas y ganarse la vida, mientras aficionados le segu\u00edan reconociendo en la calle. El texto subrayaba lo que muchos sienten hoy al ver su foto actual: que la comunidad beisbolera \u2014dentro y fuera de Cuba\u2014 <strong>ha sostenido mejor la memoria<\/strong> de <strong>Misif\u00fa<\/strong> que las instituciones, y que hay figuras del deporte que merecen tributos m\u00e1s concretos que un aplauso a destiempo. <\/p>\n\n\n\n<p>El retrato que circula ahora, compartido por p\u00e1ginas de aficionados y por cronistas que lo tratan como patrimonio sentimental, opera en dos planos. El primero es el del festejo: el hombre sigue ah\u00ed, reconocible, con esa estampa suya de comentar el juego aun cuando ya no corre por el dugout. El segundo es el del recordatorio: la cultura beisbolera de Villa Clara se hizo con h\u00e9roes visibles \u2014Pestano, Paret, Borrero\u2014, pero tambi\u00e9n con personajes que engrasaban el engranaje invisible del club. <strong>Roberto Jim\u00e9nez, Misif\u00fa<\/strong>, pertenece a esa segunda estirpe: la que convierte una funci\u00f3n modesta en marca de identidad.<\/p>\n\n\n\n<p>Quiz\u00e1 por eso la foto de cumplea\u00f1os emociona tanto. Porque no muestra solo a un ex cargabates, sino a un archivo viviente del Sandino y de la pelota en Cuba. En ella, el presente y la memoria se dan la mano. Y Villa Clara \u2014esa ciudad que mide el tiempo por Series Nacionales\u2014 se mira en el espejo de uno de sus rostros m\u00e1s queridos. A Misif\u00fa lo sostiene el coro de siempre: los que lo vieron barrer el banco, limpiar los bates, murmurarles a los lanzadores, gritar \u201c\u00a1Remolca, remolcador!\u201d a Ariel Borrero, y ahora le dicen \u201cfelicidades\u201d como a un familiar cercano. Leyenda es exactamente eso: seguir siendo, aun cuando el juego termin\u00f3 hace rato. <\/p>\n\n\n\n<p>pd: <em>En la Serie Nacional, el nombre <strong>Azucareros<\/strong> se us\u00f3 (representando a la antigua provincia Las Villas) desde la temporada inaugural <strong>1961\u201362<\/strong> hasta <strong>1963\u201364<\/strong>; fue reemplazado por Granjeros en <strong>1964\u201365<\/strong> y luego volvi\u00f3 a utilizarse hasta <strong>1976\u201377<\/strong>. Tras la reestructuraci\u00f3n provincial de 1977, la franquicia pas\u00f3 a competir como Villa Clara (Naranjas) en la Serie Nacional, mientras que en las Series Selectivas el conjunto regional se llam\u00f3 <strong>Las Villas<\/strong> (por ejemplo, campe\u00f3n en 1978). Dado que Misif\u00fa comenz\u00f3 con Eduardo Mart\u00edn como cargabates en el a\u00f1o 1978, entr\u00f3 ya cuando se llamaba Las Villas, y no Azucareros. A\u00fan as\u00ed, porque en el habla y en la memoria popular, un a\u00f1o suele confundirse con otro, err\u00f3neamente se le situa como cargabates con los Azucareros, pero no. Eso s\u00ed, fue \u00abcasi, casi\u00bb.<\/em><a href=\"https:\/\/en.wikipedia.org\/wiki\/Cuban_National_Series?utm_source=chatgpt.com\" target=\"_blank\" rel=\"noreferrer noopener\"><\/a><\/p>\n","protected":false},"excerpt":{"rendered":"<p>En Santa Clara, basta decir \u201cMisif\u00fa\u201d para que aparezca una estampa: el hombre menudo, hiperactivo, que recorr\u00eda el dugout con una mezcla de chispa y disciplina, recogiendo bates, soplando \u00e1nimos, robando se\u00f1as con picard\u00eda y gritando sus frases que hoy son memoria oral del Sandino. Su nombre es Roberto Jim\u00e9nez. No fue pelotero, pero su [&hellip;]<\/p>\n","protected":false},"author":13,"featured_media":222107,"comment_status":"open","ping_status":"closed","sticky":false,"template":"","format":"standard","meta":{"_acf_changed":false,"footnotes":""},"categories":[21,18,955],"tags":[28423,28418,12446,28417,28422,28427,28419,28420,28426,28425,28415,4644,28424,28414,28416,5842,28421,323],"class_list":{"0":"post-221914","1":"post","2":"type-post","3":"status-publish","4":"format-standard","5":"has-post-thumbnail","7":"category-deportes","8":"category-noticias","9":"category-noticias-de-cuba","10":"tag-aficionados-naranjas","11":"tag-azucareros","12":"tag-beisbol-cubano-2","13":"tag-cargabates","14":"tag-dporto-sports","15":"tag-equipo-villa-clara","16":"tag-estadio-augusto-cesar-sandino","17":"tag-furia-naranja","18":"tag-historia-del-beisbol-en-cuba","19":"tag-landy-la-potencia","20":"tag-las-villas","21":"tag-leyendas-del-deporte","22":"tag-memoria-deportiva","23":"tag-misifu","24":"tag-roberto-jimenez","25":"tag-serie-nacional","26":"tag-series-selectivas","27":"tag-villa-clara"},"acf":[],"yoast_head":"<!-- This site is optimized with the Yoast SEO plugin v27.5 - https:\/\/yoast.com\/product\/yoast-seo-wordpress\/ -->\n<title>As\u00ed luce actualmente Misif\u00fa, el eterno cargabates y leyenda de Villa Clara y el equipo de Las Villas - Cuballama Noticias<\/title>\n<meta name=\"description\" content=\"Misif\u00fa el cargabates leyenda de Villa Clara est\u00e1 vivito y coleando. A sus 86 a\u00f1os, este hombre es una leyenda viviente del b\u00e9isbol cubano.\" \/>\n<meta name=\"robots\" content=\"index, follow, max-snippet:-1, max-image-preview:large, max-video-preview:-1\" \/>\n<link rel=\"canonical\" href=\"https:\/\/www.cuballama.com\/noticias\/asi-luce-actualmente-misifu-el-eterno-cargabates-y-leyenda-de-villa-clara-y-el-equipo-de-las-villas\/\" \/>\n<meta property=\"og:locale\" content=\"es_ES\" \/>\n<meta property=\"og:type\" content=\"article\" \/>\n<meta property=\"og:title\" content=\"As\u00ed luce actualmente Misif\u00fa, el eterno cargabates y leyenda de Villa Clara y el equipo de Las Villas - Cuballama Noticias\" \/>\n<meta property=\"og:description\" content=\"Misif\u00fa el cargabates leyenda de Villa Clara est\u00e1 vivito y coleando. A sus 86 a\u00f1os, este hombre es una leyenda viviente del b\u00e9isbol cubano.\" \/>\n<meta property=\"og:url\" content=\"https:\/\/www.cuballama.com\/noticias\/asi-luce-actualmente-misifu-el-eterno-cargabates-y-leyenda-de-villa-clara-y-el-equipo-de-las-villas\/\" \/>\n<meta property=\"og:site_name\" content=\"Cuballama Noticias\" \/>\n<meta property=\"article:publisher\" content=\"https:\/\/www.facebook.com\/CubaLlama\" \/>\n<meta property=\"article:published_time\" content=\"2025-10-12T15:23:59+00:00\" \/>\n<meta property=\"article:modified_time\" content=\"2025-10-12T15:24:03+00:00\" \/>\n<meta property=\"og:image\" content=\"https:\/\/cdn1.mediawpaccore.net\/wp-content\/uploads\/2025\/10\/08110730\/image-39.png\" \/>\n\t<meta property=\"og:image:width\" content=\"1974\" \/>\n\t<meta property=\"og:image:height\" content=\"1038\" \/>\n\t<meta property=\"og:image:type\" content=\"image\/png\" \/>\n<meta name=\"author\" content=\"Roberto A.\" \/>\n<meta name=\"twitter:card\" content=\"summary_large_image\" \/>\n<meta name=\"twitter:creator\" content=\"@cuballama\" \/>\n<meta name=\"twitter:site\" content=\"@cuballama\" \/>\n<meta name=\"twitter:label1\" content=\"Escrito por\" \/>\n\t<meta name=\"twitter:data1\" content=\"Roberto A.\" \/>\n\t<meta name=\"twitter:label2\" content=\"Tiempo de lectura\" \/>\n\t<meta name=\"twitter:data2\" content=\"4 minutos\" \/>\n<script type=\"application\/ld+json\" class=\"yoast-schema-graph\">{\"@context\":\"https:\\\/\\\/schema.org\",\"@graph\":[{\"@type\":\"Article\",\"@id\":\"https:\\\/\\\/www.cuballama.com\\\/noticias\\\/asi-luce-actualmente-misifu-el-eterno-cargabates-y-leyenda-de-villa-clara-y-el-equipo-de-las-villas\\\/#article\",\"isPartOf\":{\"@id\":\"https:\\\/\\\/www.cuballama.com\\\/noticias\\\/asi-luce-actualmente-misifu-el-eterno-cargabates-y-leyenda-de-villa-clara-y-el-equipo-de-las-villas\\\/\"},\"author\":{\"name\":\"Roberto A.\",\"@id\":\"https:\\\/\\\/www.cuballama.com\\\/noticias\\\/#\\\/schema\\\/person\\\/a58502ed4146c8e9f83872e897c76cd2\"},\"headline\":\"As\u00ed luce actualmente Misif\u00fa, el eterno cargabates y leyenda de Villa Clara y el equipo de Las Villas\",\"datePublished\":\"2025-10-12T15:23:59+00:00\",\"dateModified\":\"2025-10-12T15:24:03+00:00\",\"mainEntityOfPage\":{\"@id\":\"https:\\\/\\\/www.cuballama.com\\\/noticias\\\/asi-luce-actualmente-misifu-el-eterno-cargabates-y-leyenda-de-villa-clara-y-el-equipo-de-las-villas\\\/\"},\"wordCount\":782,\"commentCount\":0,\"publisher\":{\"@id\":\"https:\\\/\\\/www.cuballama.com\\\/noticias\\\/#organization\"},\"image\":{\"@id\":\"https:\\\/\\\/www.cuballama.com\\\/noticias\\\/asi-luce-actualmente-misifu-el-eterno-cargabates-y-leyenda-de-villa-clara-y-el-equipo-de-las-villas\\\/#primaryimage\"},\"thumbnailUrl\":\"https:\\\/\\\/cdn1.mediawpaccore.net\\\/wp-content\\\/uploads\\\/2025\\\/10\\\/08110730\\\/image-39.png\",\"keywords\":[\"aficionados naranjas\",\"Azucareros\",\"b\u00e9isbol cubano\",\"cargabates\",\"DPorto Sports\",\"equipo Villa Clara\",\"Estadio Augusto C\u00e9sar Sandino\",\"Furia Naranja\",\"historia del b\u00e9isbol en Cuba\",\"Landy La Potencia\",\"Las Villas\",\"Leyendas del Deporte\",\"memoria deportiva\",\"Misif\u00fa\",\"Roberto Jim\u00e9nez\",\"Serie Nacional\",\"Series Selectivas\",\"Villa Clara\"],\"articleSection\":[\"Deportes\",\"Noticias\",\"Noticias de Cuba\"],\"inLanguage\":\"es\",\"potentialAction\":[{\"@type\":\"CommentAction\",\"name\":\"Comment\",\"target\":[\"https:\\\/\\\/www.cuballama.com\\\/noticias\\\/asi-luce-actualmente-misifu-el-eterno-cargabates-y-leyenda-de-villa-clara-y-el-equipo-de-las-villas\\\/#respond\"]}]},{\"@type\":\"WebPage\",\"@id\":\"https:\\\/\\\/www.cuballama.com\\\/noticias\\\/asi-luce-actualmente-misifu-el-eterno-cargabates-y-leyenda-de-villa-clara-y-el-equipo-de-las-villas\\\/\",\"url\":\"https:\\\/\\\/www.cuballama.com\\\/noticias\\\/asi-luce-actualmente-misifu-el-eterno-cargabates-y-leyenda-de-villa-clara-y-el-equipo-de-las-villas\\\/\",\"name\":\"As\u00ed luce actualmente Misif\u00fa, el eterno cargabates y leyenda de Villa Clara y el equipo de Las Villas - Cuballama Noticias\",\"isPartOf\":{\"@id\":\"https:\\\/\\\/www.cuballama.com\\\/noticias\\\/#website\"},\"primaryImageOfPage\":{\"@id\":\"https:\\\/\\\/www.cuballama.com\\\/noticias\\\/asi-luce-actualmente-misifu-el-eterno-cargabates-y-leyenda-de-villa-clara-y-el-equipo-de-las-villas\\\/#primaryimage\"},\"image\":{\"@id\":\"https:\\\/\\\/www.cuballama.com\\\/noticias\\\/asi-luce-actualmente-misifu-el-eterno-cargabates-y-leyenda-de-villa-clara-y-el-equipo-de-las-villas\\\/#primaryimage\"},\"thumbnailUrl\":\"https:\\\/\\\/cdn1.mediawpaccore.net\\\/wp-content\\\/uploads\\\/2025\\\/10\\\/08110730\\\/image-39.png\",\"datePublished\":\"2025-10-12T15:23:59+00:00\",\"dateModified\":\"2025-10-12T15:24:03+00:00\",\"description\":\"Misif\u00fa el cargabates leyenda de Villa Clara est\u00e1 vivito y coleando. A sus 86 a\u00f1os, este hombre es una leyenda viviente del b\u00e9isbol cubano.\",\"breadcrumb\":{\"@id\":\"https:\\\/\\\/www.cuballama.com\\\/noticias\\\/asi-luce-actualmente-misifu-el-eterno-cargabates-y-leyenda-de-villa-clara-y-el-equipo-de-las-villas\\\/#breadcrumb\"},\"inLanguage\":\"es\",\"potentialAction\":[{\"@type\":\"ReadAction\",\"target\":[\"https:\\\/\\\/www.cuballama.com\\\/noticias\\\/asi-luce-actualmente-misifu-el-eterno-cargabates-y-leyenda-de-villa-clara-y-el-equipo-de-las-villas\\\/\"]}]},{\"@type\":\"ImageObject\",\"inLanguage\":\"es\",\"@id\":\"https:\\\/\\\/www.cuballama.com\\\/noticias\\\/asi-luce-actualmente-misifu-el-eterno-cargabates-y-leyenda-de-villa-clara-y-el-equipo-de-las-villas\\\/#primaryimage\",\"url\":\"https:\\\/\\\/cdn1.mediawpaccore.net\\\/wp-content\\\/uploads\\\/2025\\\/10\\\/08110730\\\/image-39.png\",\"contentUrl\":\"https:\\\/\\\/cdn1.mediawpaccore.net\\\/wp-content\\\/uploads\\\/2025\\\/10\\\/08110730\\\/image-39.png\",\"width\":1974,\"height\":1038,\"caption\":\"Foto: V\u00eda DPorto Sports LLC \\\/ Facebook Page\"},{\"@type\":\"BreadcrumbList\",\"@id\":\"https:\\\/\\\/www.cuballama.com\\\/noticias\\\/asi-luce-actualmente-misifu-el-eterno-cargabates-y-leyenda-de-villa-clara-y-el-equipo-de-las-villas\\\/#breadcrumb\",\"itemListElement\":[{\"@type\":\"ListItem\",\"position\":1,\"name\":\"Home\",\"item\":\"https:\\\/\\\/www.cuballama.com\\\/noticias\\\/\"},{\"@type\":\"ListItem\",\"position\":2,\"name\":\"As\u00ed luce actualmente Misif\u00fa, el eterno cargabates y leyenda de Villa Clara y el equipo de Las Villas\"}]},{\"@type\":\"WebSite\",\"@id\":\"https:\\\/\\\/www.cuballama.com\\\/noticias\\\/#website\",\"url\":\"https:\\\/\\\/www.cuballama.com\\\/noticias\\\/\",\"name\":\"Cuballama Noticias\",\"description\":\"Medio digital sobre Cuba y el mundo\",\"publisher\":{\"@id\":\"https:\\\/\\\/www.cuballama.com\\\/noticias\\\/#organization\"},\"potentialAction\":[{\"@type\":\"SearchAction\",\"target\":{\"@type\":\"EntryPoint\",\"urlTemplate\":\"https:\\\/\\\/www.cuballama.com\\\/noticias\\\/?s={search_term_string}\"},\"query-input\":{\"@type\":\"PropertyValueSpecification\",\"valueRequired\":true,\"valueName\":\"search_term_string\"}}],\"inLanguage\":\"es\"},{\"@type\":\"Organization\",\"@id\":\"https:\\\/\\\/www.cuballama.com\\\/noticias\\\/#organization\",\"name\":\"Cuballama\",\"url\":\"https:\\\/\\\/www.cuballama.com\\\/noticias\\\/\",\"logo\":{\"@type\":\"ImageObject\",\"inLanguage\":\"es\",\"@id\":\"https:\\\/\\\/www.cuballama.com\\\/noticias\\\/#\\\/schema\\\/logo\\\/image\\\/\",\"url\":\"https:\\\/\\\/cdn1.mediawpaccore.net\\\/wp-content\\\/uploads\\\/2021\\\/12\\\/28171206\\\/cbll-logo-color-sm.png\",\"contentUrl\":\"https:\\\/\\\/cdn1.mediawpaccore.net\\\/wp-content\\\/uploads\\\/2021\\\/12\\\/28171206\\\/cbll-logo-color-sm.png\",\"width\":600,\"height\":133,\"caption\":\"Cuballama\"},\"image\":{\"@id\":\"https:\\\/\\\/www.cuballama.com\\\/noticias\\\/#\\\/schema\\\/logo\\\/image\\\/\"},\"sameAs\":[\"https:\\\/\\\/www.facebook.com\\\/CubaLlama\",\"https:\\\/\\\/x.com\\\/cuballama\",\"https:\\\/\\\/www.instagram.com\\\/stories\\\/cuballama_oficial\\\/\",\"https:\\\/\\\/www.youtube.com\\\/channel\\\/UCKkFE-d_axENGZcrc4as0IA\"]},{\"@type\":\"Person\",\"@id\":\"https:\\\/\\\/www.cuballama.com\\\/noticias\\\/#\\\/schema\\\/person\\\/a58502ed4146c8e9f83872e897c76cd2\",\"name\":\"Roberto A.\",\"description\":\"Roberto A. Periodista por decisi\u00f3n propia. Interesado en cualquier tema que me apasione y cada vez m\u00e1s comprometido con la verdad y la objetividad period\u00edstica. Graduado en La Habana hace ya muchos a\u00f1os, luego de una accidentada y polvorienta b\u00fasqueda de informaci\u00f3n sobre un tema in\u00e9dito. La Tesis, por cierto, desapareci\u00f3 de la biblioteca y no se conservan copias de la misma.\",\"url\":\"https:\\\/\\\/www.cuballama.com\\\/noticias\\\/author\\\/roberto\\\/\"}]}<\/script>\n<!-- \/ Yoast SEO plugin. -->","yoast_head_json":{"title":"As\u00ed luce actualmente Misif\u00fa, el eterno cargabates y leyenda de Villa Clara y el equipo de Las Villas - Cuballama Noticias","description":"Misif\u00fa el cargabates leyenda de Villa Clara est\u00e1 vivito y coleando. A sus 86 a\u00f1os, este hombre es una leyenda viviente del b\u00e9isbol cubano.","robots":{"index":"index","follow":"follow","max-snippet":"max-snippet:-1","max-image-preview":"max-image-preview:large","max-video-preview":"max-video-preview:-1"},"canonical":"https:\/\/www.cuballama.com\/noticias\/asi-luce-actualmente-misifu-el-eterno-cargabates-y-leyenda-de-villa-clara-y-el-equipo-de-las-villas\/","og_locale":"es_ES","og_type":"article","og_title":"As\u00ed luce actualmente Misif\u00fa, el eterno cargabates y leyenda de Villa Clara y el equipo de Las Villas - Cuballama Noticias","og_description":"Misif\u00fa el cargabates leyenda de Villa Clara est\u00e1 vivito y coleando. A sus 86 a\u00f1os, este hombre es una leyenda viviente del b\u00e9isbol cubano.","og_url":"https:\/\/www.cuballama.com\/noticias\/asi-luce-actualmente-misifu-el-eterno-cargabates-y-leyenda-de-villa-clara-y-el-equipo-de-las-villas\/","og_site_name":"Cuballama Noticias","article_publisher":"https:\/\/www.facebook.com\/CubaLlama","article_published_time":"2025-10-12T15:23:59+00:00","article_modified_time":"2025-10-12T15:24:03+00:00","og_image":[{"width":1974,"height":1038,"url":"https:\/\/cdn1.mediawpaccore.net\/wp-content\/uploads\/2025\/10\/08110730\/image-39.png","type":"image\/png"}],"author":"Roberto A.","twitter_card":"summary_large_image","twitter_creator":"@cuballama","twitter_site":"@cuballama","twitter_misc":{"Escrito por":"Roberto A.","Tiempo de lectura":"4 minutos"},"schema":{"@context":"https:\/\/schema.org","@graph":[{"@type":"Article","@id":"https:\/\/www.cuballama.com\/noticias\/asi-luce-actualmente-misifu-el-eterno-cargabates-y-leyenda-de-villa-clara-y-el-equipo-de-las-villas\/#article","isPartOf":{"@id":"https:\/\/www.cuballama.com\/noticias\/asi-luce-actualmente-misifu-el-eterno-cargabates-y-leyenda-de-villa-clara-y-el-equipo-de-las-villas\/"},"author":{"name":"Roberto A.","@id":"https:\/\/www.cuballama.com\/noticias\/#\/schema\/person\/a58502ed4146c8e9f83872e897c76cd2"},"headline":"As\u00ed luce actualmente Misif\u00fa, el eterno cargabates y leyenda de Villa Clara y el equipo de Las Villas","datePublished":"2025-10-12T15:23:59+00:00","dateModified":"2025-10-12T15:24:03+00:00","mainEntityOfPage":{"@id":"https:\/\/www.cuballama.com\/noticias\/asi-luce-actualmente-misifu-el-eterno-cargabates-y-leyenda-de-villa-clara-y-el-equipo-de-las-villas\/"},"wordCount":782,"commentCount":0,"publisher":{"@id":"https:\/\/www.cuballama.com\/noticias\/#organization"},"image":{"@id":"https:\/\/www.cuballama.com\/noticias\/asi-luce-actualmente-misifu-el-eterno-cargabates-y-leyenda-de-villa-clara-y-el-equipo-de-las-villas\/#primaryimage"},"thumbnailUrl":"https:\/\/cdn1.mediawpaccore.net\/wp-content\/uploads\/2025\/10\/08110730\/image-39.png","keywords":["aficionados naranjas","Azucareros","b\u00e9isbol cubano","cargabates","DPorto Sports","equipo Villa Clara","Estadio Augusto C\u00e9sar Sandino","Furia Naranja","historia del b\u00e9isbol en Cuba","Landy La Potencia","Las Villas","Leyendas del Deporte","memoria deportiva","Misif\u00fa","Roberto Jim\u00e9nez","Serie Nacional","Series Selectivas","Villa Clara"],"articleSection":["Deportes","Noticias","Noticias de Cuba"],"inLanguage":"es","potentialAction":[{"@type":"CommentAction","name":"Comment","target":["https:\/\/www.cuballama.com\/noticias\/asi-luce-actualmente-misifu-el-eterno-cargabates-y-leyenda-de-villa-clara-y-el-equipo-de-las-villas\/#respond"]}]},{"@type":"WebPage","@id":"https:\/\/www.cuballama.com\/noticias\/asi-luce-actualmente-misifu-el-eterno-cargabates-y-leyenda-de-villa-clara-y-el-equipo-de-las-villas\/","url":"https:\/\/www.cuballama.com\/noticias\/asi-luce-actualmente-misifu-el-eterno-cargabates-y-leyenda-de-villa-clara-y-el-equipo-de-las-villas\/","name":"As\u00ed luce actualmente Misif\u00fa, el eterno cargabates y leyenda de Villa Clara y el equipo de Las Villas - Cuballama Noticias","isPartOf":{"@id":"https:\/\/www.cuballama.com\/noticias\/#website"},"primaryImageOfPage":{"@id":"https:\/\/www.cuballama.com\/noticias\/asi-luce-actualmente-misifu-el-eterno-cargabates-y-leyenda-de-villa-clara-y-el-equipo-de-las-villas\/#primaryimage"},"image":{"@id":"https:\/\/www.cuballama.com\/noticias\/asi-luce-actualmente-misifu-el-eterno-cargabates-y-leyenda-de-villa-clara-y-el-equipo-de-las-villas\/#primaryimage"},"thumbnailUrl":"https:\/\/cdn1.mediawpaccore.net\/wp-content\/uploads\/2025\/10\/08110730\/image-39.png","datePublished":"2025-10-12T15:23:59+00:00","dateModified":"2025-10-12T15:24:03+00:00","description":"Misif\u00fa el cargabates leyenda de Villa Clara est\u00e1 vivito y coleando. A sus 86 a\u00f1os, este hombre es una leyenda viviente del b\u00e9isbol cubano.","breadcrumb":{"@id":"https:\/\/www.cuballama.com\/noticias\/asi-luce-actualmente-misifu-el-eterno-cargabates-y-leyenda-de-villa-clara-y-el-equipo-de-las-villas\/#breadcrumb"},"inLanguage":"es","potentialAction":[{"@type":"ReadAction","target":["https:\/\/www.cuballama.com\/noticias\/asi-luce-actualmente-misifu-el-eterno-cargabates-y-leyenda-de-villa-clara-y-el-equipo-de-las-villas\/"]}]},{"@type":"ImageObject","inLanguage":"es","@id":"https:\/\/www.cuballama.com\/noticias\/asi-luce-actualmente-misifu-el-eterno-cargabates-y-leyenda-de-villa-clara-y-el-equipo-de-las-villas\/#primaryimage","url":"https:\/\/cdn1.mediawpaccore.net\/wp-content\/uploads\/2025\/10\/08110730\/image-39.png","contentUrl":"https:\/\/cdn1.mediawpaccore.net\/wp-content\/uploads\/2025\/10\/08110730\/image-39.png","width":1974,"height":1038,"caption":"Foto: V\u00eda DPorto Sports LLC \/ Facebook Page"},{"@type":"BreadcrumbList","@id":"https:\/\/www.cuballama.com\/noticias\/asi-luce-actualmente-misifu-el-eterno-cargabates-y-leyenda-de-villa-clara-y-el-equipo-de-las-villas\/#breadcrumb","itemListElement":[{"@type":"ListItem","position":1,"name":"Home","item":"https:\/\/www.cuballama.com\/noticias\/"},{"@type":"ListItem","position":2,"name":"As\u00ed luce actualmente Misif\u00fa, el eterno cargabates y leyenda de Villa Clara y el equipo de Las Villas"}]},{"@type":"WebSite","@id":"https:\/\/www.cuballama.com\/noticias\/#website","url":"https:\/\/www.cuballama.com\/noticias\/","name":"Cuballama Noticias","description":"Medio digital sobre Cuba y el mundo","publisher":{"@id":"https:\/\/www.cuballama.com\/noticias\/#organization"},"potentialAction":[{"@type":"SearchAction","target":{"@type":"EntryPoint","urlTemplate":"https:\/\/www.cuballama.com\/noticias\/?s={search_term_string}"},"query-input":{"@type":"PropertyValueSpecification","valueRequired":true,"valueName":"search_term_string"}}],"inLanguage":"es"},{"@type":"Organization","@id":"https:\/\/www.cuballama.com\/noticias\/#organization","name":"Cuballama","url":"https:\/\/www.cuballama.com\/noticias\/","logo":{"@type":"ImageObject","inLanguage":"es","@id":"https:\/\/www.cuballama.com\/noticias\/#\/schema\/logo\/image\/","url":"https:\/\/cdn1.mediawpaccore.net\/wp-content\/uploads\/2021\/12\/28171206\/cbll-logo-color-sm.png","contentUrl":"https:\/\/cdn1.mediawpaccore.net\/wp-content\/uploads\/2021\/12\/28171206\/cbll-logo-color-sm.png","width":600,"height":133,"caption":"Cuballama"},"image":{"@id":"https:\/\/www.cuballama.com\/noticias\/#\/schema\/logo\/image\/"},"sameAs":["https:\/\/www.facebook.com\/CubaLlama","https:\/\/x.com\/cuballama","https:\/\/www.instagram.com\/stories\/cuballama_oficial\/","https:\/\/www.youtube.com\/channel\/UCKkFE-d_axENGZcrc4as0IA"]},{"@type":"Person","@id":"https:\/\/www.cuballama.com\/noticias\/#\/schema\/person\/a58502ed4146c8e9f83872e897c76cd2","name":"Roberto A.","description":"Roberto A. Periodista por decisi\u00f3n propia. Interesado en cualquier tema que me apasione y cada vez m\u00e1s comprometido con la verdad y la objetividad period\u00edstica. Graduado en La Habana hace ya muchos a\u00f1os, luego de una accidentada y polvorienta b\u00fasqueda de informaci\u00f3n sobre un tema in\u00e9dito. La Tesis, por cierto, desapareci\u00f3 de la biblioteca y no se conservan copias de la misma.","url":"https:\/\/www.cuballama.com\/noticias\/author\/roberto\/"}]}},"_links":{"self":[{"href":"https:\/\/www.cuballama.com\/noticias\/wp-json\/wp\/v2\/posts\/221914","targetHints":{"allow":["GET"]}}],"collection":[{"href":"https:\/\/www.cuballama.com\/noticias\/wp-json\/wp\/v2\/posts"}],"about":[{"href":"https:\/\/www.cuballama.com\/noticias\/wp-json\/wp\/v2\/types\/post"}],"author":[{"embeddable":true,"href":"https:\/\/www.cuballama.com\/noticias\/wp-json\/wp\/v2\/users\/13"}],"replies":[{"embeddable":true,"href":"https:\/\/www.cuballama.com\/noticias\/wp-json\/wp\/v2\/comments?post=221914"}],"version-history":[{"count":3,"href":"https:\/\/www.cuballama.com\/noticias\/wp-json\/wp\/v2\/posts\/221914\/revisions"}],"predecessor-version":[{"id":222109,"href":"https:\/\/www.cuballama.com\/noticias\/wp-json\/wp\/v2\/posts\/221914\/revisions\/222109"}],"wp:featuredmedia":[{"embeddable":true,"href":"https:\/\/www.cuballama.com\/noticias\/wp-json\/wp\/v2\/media\/222107"}],"wp:attachment":[{"href":"https:\/\/www.cuballama.com\/noticias\/wp-json\/wp\/v2\/media?parent=221914"}],"wp:term":[{"taxonomy":"category","embeddable":true,"href":"https:\/\/www.cuballama.com\/noticias\/wp-json\/wp\/v2\/categories?post=221914"},{"taxonomy":"post_tag","embeddable":true,"href":"https:\/\/www.cuballama.com\/noticias\/wp-json\/wp\/v2\/tags?post=221914"}],"curies":[{"name":"wp","href":"https:\/\/api.w.org\/{rel}","templated":true}]}}