{"id":221910,"date":"2025-10-12T11:22:32","date_gmt":"2025-10-12T15:22:32","guid":{"rendered":"https:\/\/www.cuballama.com\/noticias\/?p=221910"},"modified":"2025-10-12T11:23:00","modified_gmt":"2025-10-12T15:23:00","slug":"de-vender-en-la-calle-2023-a-ser-convocado-a-la-seleccion-argentina-octubre-de-2025-la-historia-de-lautaro-rivero","status":"publish","type":"post","link":"https:\/\/www.cuballama.com\/noticias\/de-vender-en-la-calle-2023-a-ser-convocado-a-la-seleccion-argentina-octubre-de-2025-la-historia-de-lautaro-rivero\/","title":{"rendered":"De vender en la calle a ser convocado a la Selecci\u00f3n Argentina: la historia de Lautaro Rivero"},"content":{"rendered":"\n<p>La historia que circula en las redes es cierta en lo esencial: <strong>Lautaro Rivero<\/strong>, zaguero surgido en <strong>River Plate<\/strong>, vend\u00eda alfajores en sem\u00e1foros de Moreno para ayudar a su familia en el 2023 y, dos a\u00f1os despu\u00e9s, fue <strong>convocado por Lionel Scaloni<\/strong> a la <strong>Selecci\u00f3n Argentina<\/strong> para los amistosos de octubre de 2025 (Venezuela y Puerto Rico). Es un hecho que muestra la resiliencia humana en toda su magnitud. La vida de un hombre: la de aquel que contin\u00faa creyendo en su sue\u00f1o y que no se cae pese a las adversidades. La propia prensa deportiva argentina reconstruy\u00f3 el relato \u2014incluyendo que vend\u00eda en vacaciones de inferiores y que tambi\u00e9n hac\u00eda changas (trabajitos temporales, trueques, peque\u00f1os \u00abnegocios\u00bb) \u2014 y <a href=\"https:\/\/www.infobae.com\/deportes\/2025\/10\/03\/de-vender-alfajores-en-la-calle-a-ser-la-sorpresa-de-scaloni-en-la-seleccion-argentina-la-historia-del-defensor-lautaro-rivero\/\" target=\"_blank\" rel=\"noreferrer noopener nofollow\">confirm\u00f3 la citaci\u00f3n del seleccionador<\/a>. <\/p>\n\n\n\n<p>Los posts que hoy se comparten en Facebook (y que mencionan la Ruta 25 y los Guaymall\u00e9n) no son invenci\u00f3n: nacen de publicaciones virales de 2023-2024 que recuperan sus a\u00f1os de vendedor ambulante. <\/p>\n\n\n\n<p>En notas recientes se repite que \u201chace apenas dos a\u00f1os\u201d todav\u00eda vend\u00eda en la calle; le\u00eddo en 2025, sit\u00faa ese esfuerzo hasta 2023. En paralelo, el propio Rivero cont\u00f3 que alternaba productos (alfajores, flores, cuadernos) y que la experiencia lo marc\u00f3 para siempre.<\/p>\n\n\n\n<iframe loading=\"lazy\" src=\"https:\/\/www.facebook.com\/plugins\/post.php?href=https%3A%2F%2Fwww.facebook.com%2Fdavoo.bocajuniors%2Fposts%2Fpfbid0c1XsKfpUXXXnq6fXNAqjEoniWwUBWnv9zZ5rEhbFNZNhNyUaGRgKaoCrdZgZ21kel&#038;show_text=true&#038;width=500\" width=\"500\" height=\"697\" style=\"border:none;overflow:hidden\" scrolling=\"no\" frameborder=\"0\" allowfullscreen=\"true\" allow=\"autoplay; clipboard-write; encrypted-media; picture-in-picture; web-share\"><\/iframe>\n\n\n\n<iframe loading=\"lazy\" src=\"https:\/\/www.facebook.com\/plugins\/post.php?href=https%3A%2F%2Fwww.facebook.com%2Fadriomichelena%2Fposts%2Fpfbid02sbTsKvruDFuUbcf3fAxtNJBsgmots83vroceVQSsziS4g6pBKRvMjJX6FSco364ul&#038;show_text=true&#038;width=500\" width=\"500\" height=\"705\" style=\"border:none;overflow:hidden\" scrolling=\"no\" frameborder=\"0\" allowfullscreen=\"true\" allow=\"autoplay; clipboard-write; encrypted-media; picture-in-picture; web-share\"><\/iframe>\n\n\n\n<p>En lo futbol\u00edstico, el punto de inflexi\u00f3n fue su pr\u00e9stamo de 18 meses a Central C\u00f3rdoba (SdE) a mediados de 2024: all\u00ed <strong>debut\u00f3 en Primera<\/strong>, sali\u00f3 campe\u00f3n de la Copa Argentina 2024 \u2014t\u00edtulo hist\u00f3rico del club\u2014 y vivi\u00f3 una Libertadores inolvidable, incluyendo el 2\u20131 a Flamengo en el Maracan\u00e1 en abril de 2025. Con ese envi\u00f3n, <a href=\"https:\/\/www.copaargentina.org\/es\/news\/11443_Central-Cordoba-SdE-es-el-gran-campeon-de-la-Copa-Argentina-AXION-energy.html\" target=\"_blank\" rel=\"noreferrer noopener nofollow\">River lo repesc\u00f3 en 2025<\/a> y lo consolid\u00f3 en el plantel profesional. <\/p>\n\n\n\n<p>Ya de vuelta en N\u00fa\u00f1ez, firm\u00f3 extensi\u00f3n de contrato hasta 2028 y sum\u00f3 sus primeros minutos oficiales con la banda roja a mitad de 2025 (los partes de mercado y bases de datos registran su regreso y primeras apariciones). Lo dem\u00e1s ocurri\u00f3 muy r\u00e1pido: citaci\u00f3n de Scaloni en octubre de 2025 y foco medi\u00e1tico por el contraste entre sus or\u00edgenes y el presente, con una valoraci\u00f3n en <a href=\"https:\/\/www.transfermarkt.us\/lautaro-rivero\/profil\/spieler\/1261395?utm_source=chatgpt.com\" target=\"_blank\" rel=\"noreferrer noopener\">Transfermarkt<\/a> cifrada en 4 millones de euros. Nada mal para un hombre que dos a\u00f1os antes vend\u00eda dulces en las calles para llegar a fin de mes.<\/p>\n\n\n\n<p>Y aqu\u00ed est\u00e1. Hace \u00ab14 horas\u00bb en su perfil de Instagram. Entrenando con la Selecci\u00f3n Campeona del Mundo.<\/p>\n\n\n\n<blockquote class=\"instagram-media\" data-instgrm-captioned data-instgrm-permalink=\"https:\/\/www.instagram.com\/p\/DPh2Wy-EQwT\/?utm_source=ig_embed&amp;utm_campaign=loading\" data-instgrm-version=\"14\" style=\" background:#FFF; border:0; border-radius:3px; box-shadow:0 0 1px 0 rgba(0,0,0,0.5),0 1px 10px 0 rgba(0,0,0,0.15); margin: 1px; max-width:540px; min-width:326px; padding:0; width:99.375%; width:-webkit-calc(100% - 2px); width:calc(100% - 2px);\"><div style=\"padding:16px;\"> <a href=\"https:\/\/www.instagram.com\/p\/DPh2Wy-EQwT\/?utm_source=ig_embed&amp;utm_campaign=loading\" style=\" background:#FFFFFF; line-height:0; padding:0 0; text-align:center; text-decoration:none; width:100%;\" target=\"_blank\"> <div style=\" display: flex; flex-direction: row; align-items: center;\"> <div style=\"background-color: #F4F4F4; border-radius: 50%; flex-grow: 0; height: 40px; margin-right: 14px; width: 40px;\"><\/div> <div style=\"display: flex; flex-direction: column; flex-grow: 1; justify-content: center;\"> <div style=\" background-color: #F4F4F4; border-radius: 4px; flex-grow: 0; height: 14px; margin-bottom: 6px; width: 100px;\"><\/div> <div style=\" background-color: #F4F4F4; border-radius: 4px; flex-grow: 0; height: 14px; width: 60px;\"><\/div><\/div><\/div><div style=\"padding: 19% 0;\"><\/div> <div style=\"display:block; height:50px; margin:0 auto 12px; width:50px;\"><svg width=\"50px\" height=\"50px\" viewBox=\"0 0 60 60\" version=\"1.1\" xmlns=\"https:\/\/www.w3.org\/2000\/svg\" xmlns:xlink=\"https:\/\/www.w3.org\/1999\/xlink\"><g stroke=\"none\" stroke-width=\"1\" fill=\"none\" fill-rule=\"evenodd\"><g transform=\"translate(-511.000000, -20.000000)\" fill=\"#000000\"><g><path d=\"M556.869,30.41 C554.814,30.41 553.148,32.076 553.148,34.131 C553.148,36.186 554.814,37.852 556.869,37.852 C558.924,37.852 560.59,36.186 560.59,34.131 C560.59,32.076 558.924,30.41 556.869,30.41 M541,60.657 C535.114,60.657 530.342,55.887 530.342,50 C530.342,44.114 535.114,39.342 541,39.342 C546.887,39.342 551.658,44.114 551.658,50 C551.658,55.887 546.887,60.657 541,60.657 M541,33.886 C532.1,33.886 524.886,41.1 524.886,50 C524.886,58.899 532.1,66.113 541,66.113 C549.9,66.113 557.115,58.899 557.115,50 C557.115,41.1 549.9,33.886 541,33.886 M565.378,62.101 C565.244,65.022 564.756,66.606 564.346,67.663 C563.803,69.06 563.154,70.057 562.106,71.106 C561.058,72.155 560.06,72.803 558.662,73.347 C557.607,73.757 556.021,74.244 553.102,74.378 C549.944,74.521 548.997,74.552 541,74.552 C533.003,74.552 532.056,74.521 528.898,74.378 C525.979,74.244 524.393,73.757 523.338,73.347 C521.94,72.803 520.942,72.155 519.894,71.106 C518.846,70.057 518.197,69.06 517.654,67.663 C517.244,66.606 516.755,65.022 516.623,62.101 C516.479,58.943 516.448,57.996 516.448,50 C516.448,42.003 516.479,41.056 516.623,37.899 C516.755,34.978 517.244,33.391 517.654,32.338 C518.197,30.938 518.846,29.942 519.894,28.894 C520.942,27.846 521.94,27.196 523.338,26.654 C524.393,26.244 525.979,25.756 528.898,25.623 C532.057,25.479 533.004,25.448 541,25.448 C548.997,25.448 549.943,25.479 553.102,25.623 C556.021,25.756 557.607,26.244 558.662,26.654 C560.06,27.196 561.058,27.846 562.106,28.894 C563.154,29.942 563.803,30.938 564.346,32.338 C564.756,33.391 565.244,34.978 565.378,37.899 C565.522,41.056 565.552,42.003 565.552,50 C565.552,57.996 565.522,58.943 565.378,62.101 M570.82,37.631 C570.674,34.438 570.167,32.258 569.425,30.349 C568.659,28.377 567.633,26.702 565.965,25.035 C564.297,23.368 562.623,22.342 560.652,21.575 C558.743,20.834 556.562,20.326 553.369,20.18 C550.169,20.033 549.148,20 541,20 C532.853,20 531.831,20.033 528.631,20.18 C525.438,20.326 523.257,20.834 521.349,21.575 C519.376,22.342 517.703,23.368 516.035,25.035 C514.368,26.702 513.342,28.377 512.574,30.349 C511.834,32.258 511.326,34.438 511.181,37.631 C511.035,40.831 511,41.851 511,50 C511,58.147 511.035,59.17 511.181,62.369 C511.326,65.562 511.834,67.743 512.574,69.651 C513.342,71.625 514.368,73.296 516.035,74.965 C517.703,76.634 519.376,77.658 521.349,78.425 C523.257,79.167 525.438,79.673 528.631,79.82 C531.831,79.965 532.853,80.001 541,80.001 C549.148,80.001 550.169,79.965 553.369,79.82 C556.562,79.673 558.743,79.167 560.652,78.425 C562.623,77.658 564.297,76.634 565.965,74.965 C567.633,73.296 568.659,71.625 569.425,69.651 C570.167,67.743 570.674,65.562 570.82,62.369 C570.966,59.17 571,58.147 571,50 C571,41.851 570.966,40.831 570.82,37.631\"><\/path><\/g><\/g><\/g><\/svg><\/div><div style=\"padding-top: 8px;\"> <div style=\" color:#3897f0; font-family:Arial,sans-serif; font-size:14px; font-style:normal; font-weight:550; line-height:18px;\">View this post on Instagram<\/div><\/div><div style=\"padding: 12.5% 0;\"><\/div> <div style=\"display: flex; flex-direction: row; margin-bottom: 14px; align-items: center;\"><div> <div style=\"background-color: #F4F4F4; border-radius: 50%; height: 12.5px; width: 12.5px; transform: translateX(0px) translateY(7px);\"><\/div> <div style=\"background-color: #F4F4F4; height: 12.5px; transform: rotate(-45deg) translateX(3px) translateY(1px); width: 12.5px; flex-grow: 0; margin-right: 14px; margin-left: 2px;\"><\/div> <div style=\"background-color: #F4F4F4; border-radius: 50%; height: 12.5px; width: 12.5px; transform: translateX(9px) translateY(-18px);\"><\/div><\/div><div style=\"margin-left: 8px;\"> <div style=\" background-color: #F4F4F4; border-radius: 50%; flex-grow: 0; height: 20px; width: 20px;\"><\/div> <div style=\" width: 0; height: 0; border-top: 2px solid transparent; border-left: 6px solid #f4f4f4; border-bottom: 2px solid transparent; transform: translateX(16px) translateY(-4px) rotate(30deg)\"><\/div><\/div><div style=\"margin-left: auto;\"> <div style=\" width: 0px; border-top: 8px solid #F4F4F4; border-right: 8px solid transparent; transform: translateY(16px);\"><\/div> <div style=\" background-color: #F4F4F4; flex-grow: 0; height: 12px; width: 16px; transform: translateY(-4px);\"><\/div> <div style=\" width: 0; height: 0; border-top: 8px solid #F4F4F4; border-left: 8px solid transparent; transform: translateY(-4px) translateX(8px);\"><\/div><\/div><\/div> <div style=\"display: flex; flex-direction: column; flex-grow: 1; justify-content: center; margin-bottom: 24px;\"> <div style=\" background-color: #F4F4F4; border-radius: 4px; flex-grow: 0; height: 14px; margin-bottom: 6px; width: 224px;\"><\/div> <div style=\" background-color: #F4F4F4; border-radius: 4px; flex-grow: 0; height: 14px; width: 144px;\"><\/div><\/div><\/a><p style=\" color:#c9c8cd; font-family:Arial,sans-serif; font-size:14px; line-height:17px; margin-bottom:0; margin-top:8px; overflow:hidden; padding:8px 0 7px; text-align:center; text-overflow:ellipsis; white-space:nowrap;\"><a href=\"https:\/\/www.instagram.com\/p\/DPh2Wy-EQwT\/?utm_source=ig_embed&amp;utm_campaign=loading\" style=\" color:#c9c8cd; font-family:Arial,sans-serif; font-size:14px; font-style:normal; font-weight:normal; line-height:17px; text-decoration:none;\" target=\"_blank\">A post shared by Lautaro Rivero (@lautarorivero_03)<\/a><\/p><\/div><\/blockquote>\n<script async src=\"\/\/www.instagram.com\/embed.js\"><\/script>\n\n\n\n<p><strong>Una versi\u00f3n en dos a\u00f1os <\/strong><\/p>\n\n\n\n<p>En un sem\u00e1foro de la Ruta 25, a la altura de Moreno, alguna gente a\u00fan recuerda al chico que ofrec\u00eda alfajores Guaymall\u00e9n desde una cajita de cart\u00f3n. Ese chico es Lautaro Rivero (21 a\u00f1os), hoy defensor zurdo de River Plate y flamante convocado por Lionel Scaloni a la Selecci\u00f3n Argentina para la fecha FIFA de octubre de 2025. <\/p>\n\n\n\n<p>La imagen de vendedor ambulante no es una met\u00e1fora: durante las vacaciones de inferiores, Rivero sal\u00eda a la calle para sumar unos pesos y aliviar una casa con muchas bocas que alimentar. Dos a\u00f1os despu\u00e9s, su nombre aparece en la n\u00f3mina albiceleste como un central fiable: firme en el cruce, lectura de vuelo y car\u00e1cter. Del sem\u00e1foro al himno en apenas un par de calendarios. <\/p>\n\n\n\n<p>La \u00e9pica funciona porque est\u00e1 sostenida en datos: vend\u00eda; viajaba a entrenar despu\u00e9s de jornadas largas; se fogue\u00f3 en un club que hizo historia; y volvi\u00f3 listo para competir en un River exigente. <\/p>\n\n\n\n<p>Falta el \u00faltimo pelda\u00f1o \u2014el debut oficial con la Selecci\u00f3n\u2014, pero la convocatoria ya es una se\u00f1al clara. Si el f\u00fatbol argentino necesitaba un recordatorio de por qu\u00e9 sus historias a\u00fan conmueven, y ya tenemos bastante conocimiento de eso con las historias de Maradona y di Mar\u00eda que m\u00e1s pobres no pod\u00edan ser, ah\u00ed va este titular que se escribe solo: <strong>de vender alfajores (hasta 2023) a la lista de Scaloni (octubre de 2025)<\/strong>.<\/p>\n\n\n\n<p><\/p>\n","protected":false},"excerpt":{"rendered":"<p>Los posts que hoy se comparten en Facebook (y que mencionan la Ruta 25 y los Guaymall\u00e9n) no son invenci\u00f3n: nacen de publicaciones virales de 2023-2024 que recuperan sus a\u00f1os de vendedor ambulante. <\/p>\n","protected":false},"author":13,"featured_media":222111,"comment_status":"open","ping_status":"closed","sticky":false,"template":"","format":"standard","meta":{"_acf_changed":false,"footnotes":""},"categories":[21,18,957],"tags":[305,3349,328,28428,306,15021,2673,24154],"class_list":{"0":"post-221910","1":"post","2":"type-post","3":"status-publish","4":"format-standard","5":"has-post-thumbnail","7":"category-deportes","8":"category-noticias","9":"category-noticias-internacionales","10":"tag-argentina","11":"tag-hechos-insolitos","12":"tag-hechos-inspiradores","13":"tag-lautaro-rivero","14":"tag-lionel-messi","15":"tag-lionel-scaloni","16":"tag-river-plate","17":"tag-seleccion-nacional"},"acf":[],"yoast_head":"<!-- This site is optimized with the Yoast SEO plugin v27.5 - https:\/\/yoast.com\/product\/yoast-seo-wordpress\/ -->\n<title>De vender en la calle a ser convocado a la Selecci\u00f3n Argentina: la historia de Lautaro Rivero - Cuballama Noticias<\/title>\n<meta name=\"description\" content=\"Historias como la de Lautaro Rivero son pocas en el mundo. A\u00fan dentro del mundo del f\u00fatbol y dentro de Argentina.\" \/>\n<meta name=\"robots\" content=\"index, follow, max-snippet:-1, max-image-preview:large, max-video-preview:-1\" \/>\n<link rel=\"canonical\" href=\"https:\/\/www.cuballama.com\/noticias\/de-vender-en-la-calle-2023-a-ser-convocado-a-la-seleccion-argentina-octubre-de-2025-la-historia-de-lautaro-rivero\/\" \/>\n<meta property=\"og:locale\" content=\"es_ES\" \/>\n<meta property=\"og:type\" content=\"article\" \/>\n<meta property=\"og:title\" content=\"De vender en la calle a ser convocado a la Selecci\u00f3n Argentina: la historia de Lautaro Rivero - Cuballama Noticias\" \/>\n<meta property=\"og:description\" content=\"Historias como la de Lautaro Rivero son pocas en el mundo. A\u00fan dentro del mundo del f\u00fatbol y dentro de Argentina.\" \/>\n<meta property=\"og:url\" content=\"https:\/\/www.cuballama.com\/noticias\/de-vender-en-la-calle-2023-a-ser-convocado-a-la-seleccion-argentina-octubre-de-2025-la-historia-de-lautaro-rivero\/\" \/>\n<meta property=\"og:site_name\" content=\"Cuballama Noticias\" \/>\n<meta property=\"article:publisher\" content=\"https:\/\/www.facebook.com\/CubaLlama\" \/>\n<meta property=\"article:published_time\" content=\"2025-10-12T15:22:32+00:00\" \/>\n<meta property=\"article:modified_time\" content=\"2025-10-12T15:23:00+00:00\" \/>\n<meta property=\"og:image\" content=\"https:\/\/cdn1.mediawpaccore.net\/wp-content\/uploads\/2025\/10\/08112829\/image-40.png\" \/>\n\t<meta property=\"og:image:width\" content=\"1126\" \/>\n\t<meta property=\"og:image:height\" content=\"630\" \/>\n\t<meta property=\"og:image:type\" content=\"image\/png\" \/>\n<meta name=\"author\" content=\"Roberto A.\" \/>\n<meta name=\"twitter:card\" content=\"summary_large_image\" \/>\n<meta name=\"twitter:creator\" content=\"@cuballama\" \/>\n<meta name=\"twitter:site\" content=\"@cuballama\" \/>\n<meta name=\"twitter:label1\" content=\"Escrito por\" \/>\n\t<meta name=\"twitter:data1\" content=\"Roberto A.\" \/>\n\t<meta name=\"twitter:label2\" content=\"Tiempo de lectura\" \/>\n\t<meta name=\"twitter:data2\" content=\"4 minutos\" \/>\n<script type=\"application\/ld+json\" class=\"yoast-schema-graph\">{\"@context\":\"https:\\\/\\\/schema.org\",\"@graph\":[{\"@type\":\"Article\",\"@id\":\"https:\\\/\\\/www.cuballama.com\\\/noticias\\\/de-vender-en-la-calle-2023-a-ser-convocado-a-la-seleccion-argentina-octubre-de-2025-la-historia-de-lautaro-rivero\\\/#article\",\"isPartOf\":{\"@id\":\"https:\\\/\\\/www.cuballama.com\\\/noticias\\\/de-vender-en-la-calle-2023-a-ser-convocado-a-la-seleccion-argentina-octubre-de-2025-la-historia-de-lautaro-rivero\\\/\"},\"author\":{\"name\":\"Roberto A.\",\"@id\":\"https:\\\/\\\/www.cuballama.com\\\/noticias\\\/#\\\/schema\\\/person\\\/a58502ed4146c8e9f83872e897c76cd2\"},\"headline\":\"De vender en la calle a ser convocado a la Selecci\u00f3n Argentina: la historia de Lautaro Rivero\",\"datePublished\":\"2025-10-12T15:22:32+00:00\",\"dateModified\":\"2025-10-12T15:23:00+00:00\",\"mainEntityOfPage\":{\"@id\":\"https:\\\/\\\/www.cuballama.com\\\/noticias\\\/de-vender-en-la-calle-2023-a-ser-convocado-a-la-seleccion-argentina-octubre-de-2025-la-historia-de-lautaro-rivero\\\/\"},\"wordCount\":688,\"commentCount\":0,\"publisher\":{\"@id\":\"https:\\\/\\\/www.cuballama.com\\\/noticias\\\/#organization\"},\"image\":{\"@id\":\"https:\\\/\\\/www.cuballama.com\\\/noticias\\\/de-vender-en-la-calle-2023-a-ser-convocado-a-la-seleccion-argentina-octubre-de-2025-la-historia-de-lautaro-rivero\\\/#primaryimage\"},\"thumbnailUrl\":\"https:\\\/\\\/cdn1.mediawpaccore.net\\\/wp-content\\\/uploads\\\/2025\\\/10\\\/08112829\\\/image-40.png\",\"keywords\":[\"Argentina\",\"hechos ins\u00f3litos\",\"hechos inspiradores\",\"Lautaro Rivero\",\"Lionel Messi\",\"Lionel Scaloni\",\"River Plate\",\"Selecci\u00f3n Nacional\"],\"articleSection\":[\"Deportes\",\"Noticias\",\"Noticias Internacionales\"],\"inLanguage\":\"es\",\"potentialAction\":[{\"@type\":\"CommentAction\",\"name\":\"Comment\",\"target\":[\"https:\\\/\\\/www.cuballama.com\\\/noticias\\\/de-vender-en-la-calle-2023-a-ser-convocado-a-la-seleccion-argentina-octubre-de-2025-la-historia-de-lautaro-rivero\\\/#respond\"]}]},{\"@type\":\"WebPage\",\"@id\":\"https:\\\/\\\/www.cuballama.com\\\/noticias\\\/de-vender-en-la-calle-2023-a-ser-convocado-a-la-seleccion-argentina-octubre-de-2025-la-historia-de-lautaro-rivero\\\/\",\"url\":\"https:\\\/\\\/www.cuballama.com\\\/noticias\\\/de-vender-en-la-calle-2023-a-ser-convocado-a-la-seleccion-argentina-octubre-de-2025-la-historia-de-lautaro-rivero\\\/\",\"name\":\"De vender en la calle a ser convocado a la Selecci\u00f3n Argentina: la historia de Lautaro Rivero - Cuballama Noticias\",\"isPartOf\":{\"@id\":\"https:\\\/\\\/www.cuballama.com\\\/noticias\\\/#website\"},\"primaryImageOfPage\":{\"@id\":\"https:\\\/\\\/www.cuballama.com\\\/noticias\\\/de-vender-en-la-calle-2023-a-ser-convocado-a-la-seleccion-argentina-octubre-de-2025-la-historia-de-lautaro-rivero\\\/#primaryimage\"},\"image\":{\"@id\":\"https:\\\/\\\/www.cuballama.com\\\/noticias\\\/de-vender-en-la-calle-2023-a-ser-convocado-a-la-seleccion-argentina-octubre-de-2025-la-historia-de-lautaro-rivero\\\/#primaryimage\"},\"thumbnailUrl\":\"https:\\\/\\\/cdn1.mediawpaccore.net\\\/wp-content\\\/uploads\\\/2025\\\/10\\\/08112829\\\/image-40.png\",\"datePublished\":\"2025-10-12T15:22:32+00:00\",\"dateModified\":\"2025-10-12T15:23:00+00:00\",\"description\":\"Historias como la de Lautaro Rivero son pocas en el mundo. A\u00fan dentro del mundo del f\u00fatbol y dentro de Argentina.\",\"breadcrumb\":{\"@id\":\"https:\\\/\\\/www.cuballama.com\\\/noticias\\\/de-vender-en-la-calle-2023-a-ser-convocado-a-la-seleccion-argentina-octubre-de-2025-la-historia-de-lautaro-rivero\\\/#breadcrumb\"},\"inLanguage\":\"es\",\"potentialAction\":[{\"@type\":\"ReadAction\",\"target\":[\"https:\\\/\\\/www.cuballama.com\\\/noticias\\\/de-vender-en-la-calle-2023-a-ser-convocado-a-la-seleccion-argentina-octubre-de-2025-la-historia-de-lautaro-rivero\\\/\"]}]},{\"@type\":\"ImageObject\",\"inLanguage\":\"es\",\"@id\":\"https:\\\/\\\/www.cuballama.com\\\/noticias\\\/de-vender-en-la-calle-2023-a-ser-convocado-a-la-seleccion-argentina-octubre-de-2025-la-historia-de-lautaro-rivero\\\/#primaryimage\",\"url\":\"https:\\\/\\\/cdn1.mediawpaccore.net\\\/wp-content\\\/uploads\\\/2025\\\/10\\\/08112829\\\/image-40.png\",\"contentUrl\":\"https:\\\/\\\/cdn1.mediawpaccore.net\\\/wp-content\\\/uploads\\\/2025\\\/10\\\/08112829\\\/image-40.png\",\"width\":1126,\"height\":630,\"caption\":\"Foto: Lautaro Rivero \\\/ Instagram\"},{\"@type\":\"BreadcrumbList\",\"@id\":\"https:\\\/\\\/www.cuballama.com\\\/noticias\\\/de-vender-en-la-calle-2023-a-ser-convocado-a-la-seleccion-argentina-octubre-de-2025-la-historia-de-lautaro-rivero\\\/#breadcrumb\",\"itemListElement\":[{\"@type\":\"ListItem\",\"position\":1,\"name\":\"Home\",\"item\":\"https:\\\/\\\/www.cuballama.com\\\/noticias\\\/\"},{\"@type\":\"ListItem\",\"position\":2,\"name\":\"De vender en la calle a ser convocado a la Selecci\u00f3n Argentina: la historia de Lautaro Rivero\"}]},{\"@type\":\"WebSite\",\"@id\":\"https:\\\/\\\/www.cuballama.com\\\/noticias\\\/#website\",\"url\":\"https:\\\/\\\/www.cuballama.com\\\/noticias\\\/\",\"name\":\"Cuballama Noticias\",\"description\":\"Medio digital sobre Cuba y el mundo\",\"publisher\":{\"@id\":\"https:\\\/\\\/www.cuballama.com\\\/noticias\\\/#organization\"},\"potentialAction\":[{\"@type\":\"SearchAction\",\"target\":{\"@type\":\"EntryPoint\",\"urlTemplate\":\"https:\\\/\\\/www.cuballama.com\\\/noticias\\\/?s={search_term_string}\"},\"query-input\":{\"@type\":\"PropertyValueSpecification\",\"valueRequired\":true,\"valueName\":\"search_term_string\"}}],\"inLanguage\":\"es\"},{\"@type\":\"Organization\",\"@id\":\"https:\\\/\\\/www.cuballama.com\\\/noticias\\\/#organization\",\"name\":\"Cuballama\",\"url\":\"https:\\\/\\\/www.cuballama.com\\\/noticias\\\/\",\"logo\":{\"@type\":\"ImageObject\",\"inLanguage\":\"es\",\"@id\":\"https:\\\/\\\/www.cuballama.com\\\/noticias\\\/#\\\/schema\\\/logo\\\/image\\\/\",\"url\":\"https:\\\/\\\/cdn1.mediawpaccore.net\\\/wp-content\\\/uploads\\\/2021\\\/12\\\/28171206\\\/cbll-logo-color-sm.png\",\"contentUrl\":\"https:\\\/\\\/cdn1.mediawpaccore.net\\\/wp-content\\\/uploads\\\/2021\\\/12\\\/28171206\\\/cbll-logo-color-sm.png\",\"width\":600,\"height\":133,\"caption\":\"Cuballama\"},\"image\":{\"@id\":\"https:\\\/\\\/www.cuballama.com\\\/noticias\\\/#\\\/schema\\\/logo\\\/image\\\/\"},\"sameAs\":[\"https:\\\/\\\/www.facebook.com\\\/CubaLlama\",\"https:\\\/\\\/x.com\\\/cuballama\",\"https:\\\/\\\/www.instagram.com\\\/stories\\\/cuballama_oficial\\\/\",\"https:\\\/\\\/www.youtube.com\\\/channel\\\/UCKkFE-d_axENGZcrc4as0IA\"]},{\"@type\":\"Person\",\"@id\":\"https:\\\/\\\/www.cuballama.com\\\/noticias\\\/#\\\/schema\\\/person\\\/a58502ed4146c8e9f83872e897c76cd2\",\"name\":\"Roberto A.\",\"description\":\"Roberto A. Periodista por decisi\u00f3n propia. Interesado en cualquier tema que me apasione y cada vez m\u00e1s comprometido con la verdad y la objetividad period\u00edstica. Graduado en La Habana hace ya muchos a\u00f1os, luego de una accidentada y polvorienta b\u00fasqueda de informaci\u00f3n sobre un tema in\u00e9dito. La Tesis, por cierto, desapareci\u00f3 de la biblioteca y no se conservan copias de la misma.\",\"url\":\"https:\\\/\\\/www.cuballama.com\\\/noticias\\\/author\\\/roberto\\\/\"}]}<\/script>\n<!-- \/ Yoast SEO plugin. -->","yoast_head_json":{"title":"De vender en la calle a ser convocado a la Selecci\u00f3n Argentina: la historia de Lautaro Rivero - Cuballama Noticias","description":"Historias como la de Lautaro Rivero son pocas en el mundo. A\u00fan dentro del mundo del f\u00fatbol y dentro de Argentina.","robots":{"index":"index","follow":"follow","max-snippet":"max-snippet:-1","max-image-preview":"max-image-preview:large","max-video-preview":"max-video-preview:-1"},"canonical":"https:\/\/www.cuballama.com\/noticias\/de-vender-en-la-calle-2023-a-ser-convocado-a-la-seleccion-argentina-octubre-de-2025-la-historia-de-lautaro-rivero\/","og_locale":"es_ES","og_type":"article","og_title":"De vender en la calle a ser convocado a la Selecci\u00f3n Argentina: la historia de Lautaro Rivero - Cuballama Noticias","og_description":"Historias como la de Lautaro Rivero son pocas en el mundo. A\u00fan dentro del mundo del f\u00fatbol y dentro de Argentina.","og_url":"https:\/\/www.cuballama.com\/noticias\/de-vender-en-la-calle-2023-a-ser-convocado-a-la-seleccion-argentina-octubre-de-2025-la-historia-de-lautaro-rivero\/","og_site_name":"Cuballama Noticias","article_publisher":"https:\/\/www.facebook.com\/CubaLlama","article_published_time":"2025-10-12T15:22:32+00:00","article_modified_time":"2025-10-12T15:23:00+00:00","og_image":[{"width":1126,"height":630,"url":"https:\/\/cdn1.mediawpaccore.net\/wp-content\/uploads\/2025\/10\/08112829\/image-40.png","type":"image\/png"}],"author":"Roberto A.","twitter_card":"summary_large_image","twitter_creator":"@cuballama","twitter_site":"@cuballama","twitter_misc":{"Escrito por":"Roberto A.","Tiempo de lectura":"4 minutos"},"schema":{"@context":"https:\/\/schema.org","@graph":[{"@type":"Article","@id":"https:\/\/www.cuballama.com\/noticias\/de-vender-en-la-calle-2023-a-ser-convocado-a-la-seleccion-argentina-octubre-de-2025-la-historia-de-lautaro-rivero\/#article","isPartOf":{"@id":"https:\/\/www.cuballama.com\/noticias\/de-vender-en-la-calle-2023-a-ser-convocado-a-la-seleccion-argentina-octubre-de-2025-la-historia-de-lautaro-rivero\/"},"author":{"name":"Roberto A.","@id":"https:\/\/www.cuballama.com\/noticias\/#\/schema\/person\/a58502ed4146c8e9f83872e897c76cd2"},"headline":"De vender en la calle a ser convocado a la Selecci\u00f3n Argentina: la historia de Lautaro Rivero","datePublished":"2025-10-12T15:22:32+00:00","dateModified":"2025-10-12T15:23:00+00:00","mainEntityOfPage":{"@id":"https:\/\/www.cuballama.com\/noticias\/de-vender-en-la-calle-2023-a-ser-convocado-a-la-seleccion-argentina-octubre-de-2025-la-historia-de-lautaro-rivero\/"},"wordCount":688,"commentCount":0,"publisher":{"@id":"https:\/\/www.cuballama.com\/noticias\/#organization"},"image":{"@id":"https:\/\/www.cuballama.com\/noticias\/de-vender-en-la-calle-2023-a-ser-convocado-a-la-seleccion-argentina-octubre-de-2025-la-historia-de-lautaro-rivero\/#primaryimage"},"thumbnailUrl":"https:\/\/cdn1.mediawpaccore.net\/wp-content\/uploads\/2025\/10\/08112829\/image-40.png","keywords":["Argentina","hechos ins\u00f3litos","hechos inspiradores","Lautaro Rivero","Lionel Messi","Lionel Scaloni","River Plate","Selecci\u00f3n Nacional"],"articleSection":["Deportes","Noticias","Noticias Internacionales"],"inLanguage":"es","potentialAction":[{"@type":"CommentAction","name":"Comment","target":["https:\/\/www.cuballama.com\/noticias\/de-vender-en-la-calle-2023-a-ser-convocado-a-la-seleccion-argentina-octubre-de-2025-la-historia-de-lautaro-rivero\/#respond"]}]},{"@type":"WebPage","@id":"https:\/\/www.cuballama.com\/noticias\/de-vender-en-la-calle-2023-a-ser-convocado-a-la-seleccion-argentina-octubre-de-2025-la-historia-de-lautaro-rivero\/","url":"https:\/\/www.cuballama.com\/noticias\/de-vender-en-la-calle-2023-a-ser-convocado-a-la-seleccion-argentina-octubre-de-2025-la-historia-de-lautaro-rivero\/","name":"De vender en la calle a ser convocado a la Selecci\u00f3n Argentina: la historia de Lautaro Rivero - Cuballama Noticias","isPartOf":{"@id":"https:\/\/www.cuballama.com\/noticias\/#website"},"primaryImageOfPage":{"@id":"https:\/\/www.cuballama.com\/noticias\/de-vender-en-la-calle-2023-a-ser-convocado-a-la-seleccion-argentina-octubre-de-2025-la-historia-de-lautaro-rivero\/#primaryimage"},"image":{"@id":"https:\/\/www.cuballama.com\/noticias\/de-vender-en-la-calle-2023-a-ser-convocado-a-la-seleccion-argentina-octubre-de-2025-la-historia-de-lautaro-rivero\/#primaryimage"},"thumbnailUrl":"https:\/\/cdn1.mediawpaccore.net\/wp-content\/uploads\/2025\/10\/08112829\/image-40.png","datePublished":"2025-10-12T15:22:32+00:00","dateModified":"2025-10-12T15:23:00+00:00","description":"Historias como la de Lautaro Rivero son pocas en el mundo. A\u00fan dentro del mundo del f\u00fatbol y dentro de Argentina.","breadcrumb":{"@id":"https:\/\/www.cuballama.com\/noticias\/de-vender-en-la-calle-2023-a-ser-convocado-a-la-seleccion-argentina-octubre-de-2025-la-historia-de-lautaro-rivero\/#breadcrumb"},"inLanguage":"es","potentialAction":[{"@type":"ReadAction","target":["https:\/\/www.cuballama.com\/noticias\/de-vender-en-la-calle-2023-a-ser-convocado-a-la-seleccion-argentina-octubre-de-2025-la-historia-de-lautaro-rivero\/"]}]},{"@type":"ImageObject","inLanguage":"es","@id":"https:\/\/www.cuballama.com\/noticias\/de-vender-en-la-calle-2023-a-ser-convocado-a-la-seleccion-argentina-octubre-de-2025-la-historia-de-lautaro-rivero\/#primaryimage","url":"https:\/\/cdn1.mediawpaccore.net\/wp-content\/uploads\/2025\/10\/08112829\/image-40.png","contentUrl":"https:\/\/cdn1.mediawpaccore.net\/wp-content\/uploads\/2025\/10\/08112829\/image-40.png","width":1126,"height":630,"caption":"Foto: Lautaro Rivero \/ Instagram"},{"@type":"BreadcrumbList","@id":"https:\/\/www.cuballama.com\/noticias\/de-vender-en-la-calle-2023-a-ser-convocado-a-la-seleccion-argentina-octubre-de-2025-la-historia-de-lautaro-rivero\/#breadcrumb","itemListElement":[{"@type":"ListItem","position":1,"name":"Home","item":"https:\/\/www.cuballama.com\/noticias\/"},{"@type":"ListItem","position":2,"name":"De vender en la calle a ser convocado a la Selecci\u00f3n Argentina: la historia de Lautaro Rivero"}]},{"@type":"WebSite","@id":"https:\/\/www.cuballama.com\/noticias\/#website","url":"https:\/\/www.cuballama.com\/noticias\/","name":"Cuballama Noticias","description":"Medio digital sobre Cuba y el mundo","publisher":{"@id":"https:\/\/www.cuballama.com\/noticias\/#organization"},"potentialAction":[{"@type":"SearchAction","target":{"@type":"EntryPoint","urlTemplate":"https:\/\/www.cuballama.com\/noticias\/?s={search_term_string}"},"query-input":{"@type":"PropertyValueSpecification","valueRequired":true,"valueName":"search_term_string"}}],"inLanguage":"es"},{"@type":"Organization","@id":"https:\/\/www.cuballama.com\/noticias\/#organization","name":"Cuballama","url":"https:\/\/www.cuballama.com\/noticias\/","logo":{"@type":"ImageObject","inLanguage":"es","@id":"https:\/\/www.cuballama.com\/noticias\/#\/schema\/logo\/image\/","url":"https:\/\/cdn1.mediawpaccore.net\/wp-content\/uploads\/2021\/12\/28171206\/cbll-logo-color-sm.png","contentUrl":"https:\/\/cdn1.mediawpaccore.net\/wp-content\/uploads\/2021\/12\/28171206\/cbll-logo-color-sm.png","width":600,"height":133,"caption":"Cuballama"},"image":{"@id":"https:\/\/www.cuballama.com\/noticias\/#\/schema\/logo\/image\/"},"sameAs":["https:\/\/www.facebook.com\/CubaLlama","https:\/\/x.com\/cuballama","https:\/\/www.instagram.com\/stories\/cuballama_oficial\/","https:\/\/www.youtube.com\/channel\/UCKkFE-d_axENGZcrc4as0IA"]},{"@type":"Person","@id":"https:\/\/www.cuballama.com\/noticias\/#\/schema\/person\/a58502ed4146c8e9f83872e897c76cd2","name":"Roberto A.","description":"Roberto A. Periodista por decisi\u00f3n propia. Interesado en cualquier tema que me apasione y cada vez m\u00e1s comprometido con la verdad y la objetividad period\u00edstica. Graduado en La Habana hace ya muchos a\u00f1os, luego de una accidentada y polvorienta b\u00fasqueda de informaci\u00f3n sobre un tema in\u00e9dito. La Tesis, por cierto, desapareci\u00f3 de la biblioteca y no se conservan copias de la misma.","url":"https:\/\/www.cuballama.com\/noticias\/author\/roberto\/"}]}},"_links":{"self":[{"href":"https:\/\/www.cuballama.com\/noticias\/wp-json\/wp\/v2\/posts\/221910","targetHints":{"allow":["GET"]}}],"collection":[{"href":"https:\/\/www.cuballama.com\/noticias\/wp-json\/wp\/v2\/posts"}],"about":[{"href":"https:\/\/www.cuballama.com\/noticias\/wp-json\/wp\/v2\/types\/post"}],"author":[{"embeddable":true,"href":"https:\/\/www.cuballama.com\/noticias\/wp-json\/wp\/v2\/users\/13"}],"replies":[{"embeddable":true,"href":"https:\/\/www.cuballama.com\/noticias\/wp-json\/wp\/v2\/comments?post=221910"}],"version-history":[{"count":7,"href":"https:\/\/www.cuballama.com\/noticias\/wp-json\/wp\/v2\/posts\/221910\/revisions"}],"predecessor-version":[{"id":222466,"href":"https:\/\/www.cuballama.com\/noticias\/wp-json\/wp\/v2\/posts\/221910\/revisions\/222466"}],"wp:featuredmedia":[{"embeddable":true,"href":"https:\/\/www.cuballama.com\/noticias\/wp-json\/wp\/v2\/media\/222111"}],"wp:attachment":[{"href":"https:\/\/www.cuballama.com\/noticias\/wp-json\/wp\/v2\/media?parent=221910"}],"wp:term":[{"taxonomy":"category","embeddable":true,"href":"https:\/\/www.cuballama.com\/noticias\/wp-json\/wp\/v2\/categories?post=221910"},{"taxonomy":"post_tag","embeddable":true,"href":"https:\/\/www.cuballama.com\/noticias\/wp-json\/wp\/v2\/tags?post=221910"}],"curies":[{"name":"wp","href":"https:\/\/api.w.org\/{rel}","templated":true}]}}