{"id":221864,"date":"2025-10-07T08:35:00","date_gmt":"2025-10-07T12:35:00","guid":{"rendered":"https:\/\/www.cuballama.com\/noticias\/?p=221864"},"modified":"2025-10-07T02:35:23","modified_gmt":"2025-10-07T06:35:23","slug":"gobierno-de-ee-uu-reconoce-que-alligator-alcatraz-alberga-migrantes-sin-ordenes-de-deportacion","status":"publish","type":"post","link":"https:\/\/www.cuballama.com\/noticias\/gobierno-de-ee-uu-reconoce-que-alligator-alcatraz-alberga-migrantes-sin-ordenes-de-deportacion\/","title":{"rendered":"Gobierno de EE.UU. reconoce que \u201cAlligator Alcatraz\u201d alberga migrantes sin \u00f3rdenes de deportaci\u00f3n"},"content":{"rendered":"\n<p>El gobierno de Estados Unidos admiti\u00f3 que en el centro migratorio de los Everglades, conocido popularmente como <em>\u201cAlligator Alcatraz\u201d<\/em>, se encuentran retenidas personas que no han pasado a\u00fan por un proceso formal de deportaci\u00f3n. Esta confirmaci\u00f3n contradice directamente al gobernador de Florida, Ron DeSantis, quien hab\u00eda declarado que todos los internos del complejo ten\u00edan \u00f3rdenes finales de expulsi\u00f3n.<\/p>\n\n\n\n<p>De acuerdo con documentos citados por la agencia Associated Press, abogados del Departamento de Justicia (DOJ) informaron a un tribunal que la instalaci\u00f3n aloja a migrantes en \u201cdiferentes fases del procesamiento migratorio\u201d. Esto abarca desde individuos que nunca han sido incluidos en un procedimiento de remoci\u00f3n, hasta aquellos con \u00f3rdenes definitivas pendientes de ejecuci\u00f3n.<\/p>\n\n\n\n<p>\u201cLa instalaci\u00f3n alberga detenidos en todas las fases: quienes nunca han estado en procesos de deportaci\u00f3n, quienes ser\u00e1n colocados en ellos, los que ya tienen \u00f3rdenes finales y los que esperan su salida del pa\u00eds\u201d, detalla el escrito del DOJ.<\/p>\n\n\n\n<p>Las declaraciones ponen en entredicho lo sostenido por DeSantis, quien en varias comparecencias insisti\u00f3 en que \u201ctodos los detenidos en Alligator Alcatraz han sido ya ordenados a ser removidos del pa\u00eds\u201d. El gobernador incluso reiter\u00f3 esa postura en una conferencia de prensa realizada frente al propio centro.<\/p>\n\n\n\n<p>La controversia se enmarca en una demanda presentada por organizaciones de derechos civiles, que denuncian que los internos no tienen un acceso adecuado a representaci\u00f3n legal, lo cual vulnerar\u00eda garant\u00edas constitucionales.<\/p>\n\n\n\n<p>Seg\u00fan el DOJ, la diversidad de estatus migratorios entre los internos complica adem\u00e1s la posibilidad de tramitar la demanda como un caso colectivo.<\/p>\n\n\n\n<p>El complejo, levantado en una antigua pista a\u00e9rea en medio de los Everglades, abri\u00f3 sus puertas en julio bajo supervisi\u00f3n del estado y con operaci\u00f3n de contratistas privados. Desde entonces, ha enfrentado tres demandas federales: una por violaciones a derechos civiles, otra por da\u00f1os ambientales y una tercera por irregularidades administrativas.<\/p>\n\n\n\n<p>En agosto, un juez federal en Miami orden\u00f3 cerrar la instalaci\u00f3n en un plazo de dos meses, tras concluir que la obra se construy\u00f3 sin los permisos medioambientales correspondientes. Sin embargo, una corte de apelaciones suspendi\u00f3 temporalmente esa decisi\u00f3n, permitiendo que el centro siga activo mientras se revisa el caso.<\/p>\n\n\n\n<p><strong><a href=\"https:\/\/www.cuballama.com\/noticias\/incertidumbre-rodea-a-cientos-en-alligator-alcatraz-pero-asi-y-todo-hay-inmigrantes-que-hacen-meritos-para-visitarla\/\" target=\"_blank\" rel=\"noreferrer noopener\">El recinto lleg\u00f3 a alojar m\u00e1s de 900 personas<\/a><\/strong>, aunque su capacidad m\u00e1xima es de 3,000. El expresidente Donald Trump visit\u00f3 el lugar en julio y lo present\u00f3 como un \u201cejemplo de c\u00f3mo Estados Unidos puede manejar con eficacia la crisis migratoria\u201d.<\/p>\n\n\n\n<p>El gobierno federal tambi\u00e9n destin\u00f3 un reembolso de 608 millones de d\u00f3lares a Florida para cubrir gastos de construcci\u00f3n y operaci\u00f3n, una medida cuestionada por defensores de migrantes y grupos ecologistas, que consideran la instalaci\u00f3n un s\u00edmbolo de la dureza de la pol\u00edtica migratoria actual.<\/p>\n\n\n\n<p>El litigio sigue abierto en un tribunal de Fort Myers, donde los demandantes reclaman que se garantice a los migrantes acceso a representaci\u00f3n legal, comunicaci\u00f3n privada y una revisi\u00f3n justa de sus procesos.<\/p>\n","protected":false},"excerpt":{"rendered":"<p>El gobierno de EE.UU. confirma que el centro migratorio \u201cAlligator Alcatraz\u201d alberga detenidos sin \u00f3rdenes de deportaci\u00f3n, contradiciendo al gobernador de Florida, Ron DeSantis.<\/p>\n","protected":false},"author":29,"featured_media":212272,"comment_status":"open","ping_status":"closed","sticky":false,"template":"","format":"standard","meta":{"_acf_changed":false,"footnotes":""},"categories":[953],"tags":[24897,28323,2002,28328,4538,28324,28326,28325,28322,28327,6715,2101,9306,28329],"class_list":{"0":"post-221864","1":"post","2":"type-post","3":"status-publish","4":"format-standard","5":"has-post-thumbnail","7":"category-usa","8":"tag-alligator-alcatraz","9":"tag-centro-migratorio-everglades","10":"tag-crisis-migratoria","11":"tag-demandas-derechos-civiles","12":"tag-deportacion","13":"tag-derechos-migrantes","14":"tag-detenidos-sin-proceso","15":"tag-doj","16":"tag-eeuu-migracion","17":"tag-florida-inmigracion","18":"tag-fort-myers","19":"tag-politica-migratoria","20":"tag-ron-desantis","21":"tag-trump-alligator-alcatraz"},"acf":[],"yoast_head":"<!-- This site is optimized with the Yoast SEO plugin v27.5 - https:\/\/yoast.com\/product\/yoast-seo-wordpress\/ -->\n<title>Gobierno de EE.UU. reconoce que \u201cAlligator Alcatraz\u201d alberga migrantes sin \u00f3rdenes de deportaci\u00f3n - Cuballama Noticias<\/title>\n<meta name=\"description\" content=\"El gobierno de EE.UU. confirma que el centro migratorio \u201cAlligator Alcatraz\u201d alberga detenidos sin \u00f3rdenes de deportaci\u00f3n.\" \/>\n<meta name=\"robots\" content=\"index, follow, max-snippet:-1, max-image-preview:large, max-video-preview:-1\" \/>\n<link rel=\"canonical\" href=\"https:\/\/www.cuballama.com\/noticias\/gobierno-de-ee-uu-reconoce-que-alligator-alcatraz-alberga-migrantes-sin-ordenes-de-deportacion\/\" \/>\n<meta property=\"og:locale\" content=\"es_ES\" \/>\n<meta property=\"og:type\" content=\"article\" \/>\n<meta property=\"og:title\" content=\"Gobierno de EE.UU. reconoce que \u201cAlligator Alcatraz\u201d alberga migrantes sin \u00f3rdenes de deportaci\u00f3n - Cuballama Noticias\" \/>\n<meta property=\"og:description\" content=\"El gobierno de EE.UU. confirma que el centro migratorio \u201cAlligator Alcatraz\u201d alberga detenidos sin \u00f3rdenes de deportaci\u00f3n.\" \/>\n<meta property=\"og:url\" content=\"https:\/\/www.cuballama.com\/noticias\/gobierno-de-ee-uu-reconoce-que-alligator-alcatraz-alberga-migrantes-sin-ordenes-de-deportacion\/\" \/>\n<meta property=\"og:site_name\" content=\"Cuballama Noticias\" \/>\n<meta property=\"article:publisher\" content=\"https:\/\/www.facebook.com\/CubaLlama\" \/>\n<meta property=\"article:published_time\" content=\"2025-10-07T12:35:00+00:00\" \/>\n<meta property=\"og:image\" content=\"https:\/\/cdn1.mediawpaccore.net\/wp-content\/uploads\/2025\/07\/04052105\/Gu8cNzPXIAEbZlC.jpg\" \/>\n\t<meta property=\"og:image:width\" content=\"1600\" \/>\n\t<meta property=\"og:image:height\" content=\"1067\" \/>\n\t<meta property=\"og:image:type\" content=\"image\/jpeg\" \/>\n<meta name=\"author\" content=\"Sof\u00eda Reyes\" \/>\n<meta name=\"twitter:card\" content=\"summary_large_image\" \/>\n<meta name=\"twitter:creator\" content=\"@cuballama\" \/>\n<meta name=\"twitter:site\" content=\"@cuballama\" \/>\n<meta name=\"twitter:label1\" content=\"Escrito por\" \/>\n\t<meta name=\"twitter:data1\" content=\"Sof\u00eda Reyes\" \/>\n\t<meta name=\"twitter:label2\" content=\"Tiempo de lectura\" \/>\n\t<meta name=\"twitter:data2\" content=\"3 minutos\" \/>\n<script type=\"application\/ld+json\" class=\"yoast-schema-graph\">{\"@context\":\"https:\\\/\\\/schema.org\",\"@graph\":[{\"@type\":\"Article\",\"@id\":\"https:\\\/\\\/www.cuballama.com\\\/noticias\\\/gobierno-de-ee-uu-reconoce-que-alligator-alcatraz-alberga-migrantes-sin-ordenes-de-deportacion\\\/#article\",\"isPartOf\":{\"@id\":\"https:\\\/\\\/www.cuballama.com\\\/noticias\\\/gobierno-de-ee-uu-reconoce-que-alligator-alcatraz-alberga-migrantes-sin-ordenes-de-deportacion\\\/\"},\"author\":{\"name\":\"Sof\u00eda Reyes\",\"@id\":\"https:\\\/\\\/www.cuballama.com\\\/noticias\\\/#\\\/schema\\\/person\\\/5cba2b8cc25a3159e49fe730a94d512e\"},\"headline\":\"Gobierno de EE.UU. reconoce que \u201cAlligator Alcatraz\u201d alberga migrantes sin \u00f3rdenes de deportaci\u00f3n\",\"datePublished\":\"2025-10-07T12:35:00+00:00\",\"mainEntityOfPage\":{\"@id\":\"https:\\\/\\\/www.cuballama.com\\\/noticias\\\/gobierno-de-ee-uu-reconoce-que-alligator-alcatraz-alberga-migrantes-sin-ordenes-de-deportacion\\\/\"},\"wordCount\":524,\"commentCount\":1,\"publisher\":{\"@id\":\"https:\\\/\\\/www.cuballama.com\\\/noticias\\\/#organization\"},\"image\":{\"@id\":\"https:\\\/\\\/www.cuballama.com\\\/noticias\\\/gobierno-de-ee-uu-reconoce-que-alligator-alcatraz-alberga-migrantes-sin-ordenes-de-deportacion\\\/#primaryimage\"},\"thumbnailUrl\":\"https:\\\/\\\/cdn1.mediawpaccore.net\\\/wp-content\\\/uploads\\\/2025\\\/07\\\/04052105\\\/Gu8cNzPXIAEbZlC.jpg\",\"keywords\":[\"Alligator Alcatraz\",\"centro migratorio everglades\",\"Crisis Migratoria\",\"demandas derechos civiles\",\"deportaci\u00f3n\",\"derechos migrantes\",\"detenidos sin proceso\",\"doj\",\"eeuu migraci\u00f3n\",\"florida inmigraci\u00f3n\",\"Fort Myers\",\"pol\u00edtica migratoria\",\"Ron DeSantis\",\"trump alligator alcatraz\"],\"articleSection\":[\"USA\"],\"inLanguage\":\"es\",\"potentialAction\":[{\"@type\":\"CommentAction\",\"name\":\"Comment\",\"target\":[\"https:\\\/\\\/www.cuballama.com\\\/noticias\\\/gobierno-de-ee-uu-reconoce-que-alligator-alcatraz-alberga-migrantes-sin-ordenes-de-deportacion\\\/#respond\"]}]},{\"@type\":\"WebPage\",\"@id\":\"https:\\\/\\\/www.cuballama.com\\\/noticias\\\/gobierno-de-ee-uu-reconoce-que-alligator-alcatraz-alberga-migrantes-sin-ordenes-de-deportacion\\\/\",\"url\":\"https:\\\/\\\/www.cuballama.com\\\/noticias\\\/gobierno-de-ee-uu-reconoce-que-alligator-alcatraz-alberga-migrantes-sin-ordenes-de-deportacion\\\/\",\"name\":\"Gobierno de EE.UU. reconoce que \u201cAlligator Alcatraz\u201d alberga migrantes sin \u00f3rdenes de deportaci\u00f3n - Cuballama Noticias\",\"isPartOf\":{\"@id\":\"https:\\\/\\\/www.cuballama.com\\\/noticias\\\/#website\"},\"primaryImageOfPage\":{\"@id\":\"https:\\\/\\\/www.cuballama.com\\\/noticias\\\/gobierno-de-ee-uu-reconoce-que-alligator-alcatraz-alberga-migrantes-sin-ordenes-de-deportacion\\\/#primaryimage\"},\"image\":{\"@id\":\"https:\\\/\\\/www.cuballama.com\\\/noticias\\\/gobierno-de-ee-uu-reconoce-que-alligator-alcatraz-alberga-migrantes-sin-ordenes-de-deportacion\\\/#primaryimage\"},\"thumbnailUrl\":\"https:\\\/\\\/cdn1.mediawpaccore.net\\\/wp-content\\\/uploads\\\/2025\\\/07\\\/04052105\\\/Gu8cNzPXIAEbZlC.jpg\",\"datePublished\":\"2025-10-07T12:35:00+00:00\",\"description\":\"El gobierno de EE.UU. confirma que el centro migratorio \u201cAlligator Alcatraz\u201d alberga detenidos sin \u00f3rdenes de deportaci\u00f3n.\",\"breadcrumb\":{\"@id\":\"https:\\\/\\\/www.cuballama.com\\\/noticias\\\/gobierno-de-ee-uu-reconoce-que-alligator-alcatraz-alberga-migrantes-sin-ordenes-de-deportacion\\\/#breadcrumb\"},\"inLanguage\":\"es\",\"potentialAction\":[{\"@type\":\"ReadAction\",\"target\":[\"https:\\\/\\\/www.cuballama.com\\\/noticias\\\/gobierno-de-ee-uu-reconoce-que-alligator-alcatraz-alberga-migrantes-sin-ordenes-de-deportacion\\\/\"]}]},{\"@type\":\"ImageObject\",\"inLanguage\":\"es\",\"@id\":\"https:\\\/\\\/www.cuballama.com\\\/noticias\\\/gobierno-de-ee-uu-reconoce-que-alligator-alcatraz-alberga-migrantes-sin-ordenes-de-deportacion\\\/#primaryimage\",\"url\":\"https:\\\/\\\/cdn1.mediawpaccore.net\\\/wp-content\\\/uploads\\\/2025\\\/07\\\/04052105\\\/Gu8cNzPXIAEbZlC.jpg\",\"contentUrl\":\"https:\\\/\\\/cdn1.mediawpaccore.net\\\/wp-content\\\/uploads\\\/2025\\\/07\\\/04052105\\\/Gu8cNzPXIAEbZlC.jpg\",\"width\":1600,\"height\":1067,\"caption\":\"Foto tomada de perfil de X de la Divisi\u00f3n de Manejo de Emergencias de Florida\"},{\"@type\":\"BreadcrumbList\",\"@id\":\"https:\\\/\\\/www.cuballama.com\\\/noticias\\\/gobierno-de-ee-uu-reconoce-que-alligator-alcatraz-alberga-migrantes-sin-ordenes-de-deportacion\\\/#breadcrumb\",\"itemListElement\":[{\"@type\":\"ListItem\",\"position\":1,\"name\":\"Home\",\"item\":\"https:\\\/\\\/www.cuballama.com\\\/noticias\\\/\"},{\"@type\":\"ListItem\",\"position\":2,\"name\":\"Gobierno de EE.UU. reconoce que \u201cAlligator Alcatraz\u201d alberga migrantes sin \u00f3rdenes de deportaci\u00f3n\"}]},{\"@type\":\"WebSite\",\"@id\":\"https:\\\/\\\/www.cuballama.com\\\/noticias\\\/#website\",\"url\":\"https:\\\/\\\/www.cuballama.com\\\/noticias\\\/\",\"name\":\"Cuballama Noticias\",\"description\":\"Medio digital sobre Cuba y el mundo\",\"publisher\":{\"@id\":\"https:\\\/\\\/www.cuballama.com\\\/noticias\\\/#organization\"},\"potentialAction\":[{\"@type\":\"SearchAction\",\"target\":{\"@type\":\"EntryPoint\",\"urlTemplate\":\"https:\\\/\\\/www.cuballama.com\\\/noticias\\\/?s={search_term_string}\"},\"query-input\":{\"@type\":\"PropertyValueSpecification\",\"valueRequired\":true,\"valueName\":\"search_term_string\"}}],\"inLanguage\":\"es\"},{\"@type\":\"Organization\",\"@id\":\"https:\\\/\\\/www.cuballama.com\\\/noticias\\\/#organization\",\"name\":\"Cuballama\",\"url\":\"https:\\\/\\\/www.cuballama.com\\\/noticias\\\/\",\"logo\":{\"@type\":\"ImageObject\",\"inLanguage\":\"es\",\"@id\":\"https:\\\/\\\/www.cuballama.com\\\/noticias\\\/#\\\/schema\\\/logo\\\/image\\\/\",\"url\":\"https:\\\/\\\/cdn1.mediawpaccore.net\\\/wp-content\\\/uploads\\\/2021\\\/12\\\/28171206\\\/cbll-logo-color-sm.png\",\"contentUrl\":\"https:\\\/\\\/cdn1.mediawpaccore.net\\\/wp-content\\\/uploads\\\/2021\\\/12\\\/28171206\\\/cbll-logo-color-sm.png\",\"width\":600,\"height\":133,\"caption\":\"Cuballama\"},\"image\":{\"@id\":\"https:\\\/\\\/www.cuballama.com\\\/noticias\\\/#\\\/schema\\\/logo\\\/image\\\/\"},\"sameAs\":[\"https:\\\/\\\/www.facebook.com\\\/CubaLlama\",\"https:\\\/\\\/x.com\\\/cuballama\",\"https:\\\/\\\/www.instagram.com\\\/stories\\\/cuballama_oficial\\\/\",\"https:\\\/\\\/www.youtube.com\\\/channel\\\/UCKkFE-d_axENGZcrc4as0IA\"]},{\"@type\":\"Person\",\"@id\":\"https:\\\/\\\/www.cuballama.com\\\/noticias\\\/#\\\/schema\\\/person\\\/5cba2b8cc25a3159e49fe730a94d512e\",\"name\":\"Sof\u00eda Reyes\",\"url\":\"https:\\\/\\\/www.cuballama.com\\\/noticias\\\/author\\\/laura\\\/\"}]}<\/script>\n<!-- \/ Yoast SEO plugin. -->","yoast_head_json":{"title":"Gobierno de EE.UU. reconoce que \u201cAlligator Alcatraz\u201d alberga migrantes sin \u00f3rdenes de deportaci\u00f3n - Cuballama Noticias","description":"El gobierno de EE.UU. confirma que el centro migratorio \u201cAlligator Alcatraz\u201d alberga detenidos sin \u00f3rdenes de deportaci\u00f3n.","robots":{"index":"index","follow":"follow","max-snippet":"max-snippet:-1","max-image-preview":"max-image-preview:large","max-video-preview":"max-video-preview:-1"},"canonical":"https:\/\/www.cuballama.com\/noticias\/gobierno-de-ee-uu-reconoce-que-alligator-alcatraz-alberga-migrantes-sin-ordenes-de-deportacion\/","og_locale":"es_ES","og_type":"article","og_title":"Gobierno de EE.UU. reconoce que \u201cAlligator Alcatraz\u201d alberga migrantes sin \u00f3rdenes de deportaci\u00f3n - Cuballama Noticias","og_description":"El gobierno de EE.UU. confirma que el centro migratorio \u201cAlligator Alcatraz\u201d alberga detenidos sin \u00f3rdenes de deportaci\u00f3n.","og_url":"https:\/\/www.cuballama.com\/noticias\/gobierno-de-ee-uu-reconoce-que-alligator-alcatraz-alberga-migrantes-sin-ordenes-de-deportacion\/","og_site_name":"Cuballama Noticias","article_publisher":"https:\/\/www.facebook.com\/CubaLlama","article_published_time":"2025-10-07T12:35:00+00:00","og_image":[{"width":1600,"height":1067,"url":"https:\/\/cdn1.mediawpaccore.net\/wp-content\/uploads\/2025\/07\/04052105\/Gu8cNzPXIAEbZlC.jpg","type":"image\/jpeg"}],"author":"Sof\u00eda Reyes","twitter_card":"summary_large_image","twitter_creator":"@cuballama","twitter_site":"@cuballama","twitter_misc":{"Escrito por":"Sof\u00eda Reyes","Tiempo de lectura":"3 minutos"},"schema":{"@context":"https:\/\/schema.org","@graph":[{"@type":"Article","@id":"https:\/\/www.cuballama.com\/noticias\/gobierno-de-ee-uu-reconoce-que-alligator-alcatraz-alberga-migrantes-sin-ordenes-de-deportacion\/#article","isPartOf":{"@id":"https:\/\/www.cuballama.com\/noticias\/gobierno-de-ee-uu-reconoce-que-alligator-alcatraz-alberga-migrantes-sin-ordenes-de-deportacion\/"},"author":{"name":"Sof\u00eda Reyes","@id":"https:\/\/www.cuballama.com\/noticias\/#\/schema\/person\/5cba2b8cc25a3159e49fe730a94d512e"},"headline":"Gobierno de EE.UU. reconoce que \u201cAlligator Alcatraz\u201d alberga migrantes sin \u00f3rdenes de deportaci\u00f3n","datePublished":"2025-10-07T12:35:00+00:00","mainEntityOfPage":{"@id":"https:\/\/www.cuballama.com\/noticias\/gobierno-de-ee-uu-reconoce-que-alligator-alcatraz-alberga-migrantes-sin-ordenes-de-deportacion\/"},"wordCount":524,"commentCount":1,"publisher":{"@id":"https:\/\/www.cuballama.com\/noticias\/#organization"},"image":{"@id":"https:\/\/www.cuballama.com\/noticias\/gobierno-de-ee-uu-reconoce-que-alligator-alcatraz-alberga-migrantes-sin-ordenes-de-deportacion\/#primaryimage"},"thumbnailUrl":"https:\/\/cdn1.mediawpaccore.net\/wp-content\/uploads\/2025\/07\/04052105\/Gu8cNzPXIAEbZlC.jpg","keywords":["Alligator Alcatraz","centro migratorio everglades","Crisis Migratoria","demandas derechos civiles","deportaci\u00f3n","derechos migrantes","detenidos sin proceso","doj","eeuu migraci\u00f3n","florida inmigraci\u00f3n","Fort Myers","pol\u00edtica migratoria","Ron DeSantis","trump alligator alcatraz"],"articleSection":["USA"],"inLanguage":"es","potentialAction":[{"@type":"CommentAction","name":"Comment","target":["https:\/\/www.cuballama.com\/noticias\/gobierno-de-ee-uu-reconoce-que-alligator-alcatraz-alberga-migrantes-sin-ordenes-de-deportacion\/#respond"]}]},{"@type":"WebPage","@id":"https:\/\/www.cuballama.com\/noticias\/gobierno-de-ee-uu-reconoce-que-alligator-alcatraz-alberga-migrantes-sin-ordenes-de-deportacion\/","url":"https:\/\/www.cuballama.com\/noticias\/gobierno-de-ee-uu-reconoce-que-alligator-alcatraz-alberga-migrantes-sin-ordenes-de-deportacion\/","name":"Gobierno de EE.UU. reconoce que \u201cAlligator Alcatraz\u201d alberga migrantes sin \u00f3rdenes de deportaci\u00f3n - Cuballama Noticias","isPartOf":{"@id":"https:\/\/www.cuballama.com\/noticias\/#website"},"primaryImageOfPage":{"@id":"https:\/\/www.cuballama.com\/noticias\/gobierno-de-ee-uu-reconoce-que-alligator-alcatraz-alberga-migrantes-sin-ordenes-de-deportacion\/#primaryimage"},"image":{"@id":"https:\/\/www.cuballama.com\/noticias\/gobierno-de-ee-uu-reconoce-que-alligator-alcatraz-alberga-migrantes-sin-ordenes-de-deportacion\/#primaryimage"},"thumbnailUrl":"https:\/\/cdn1.mediawpaccore.net\/wp-content\/uploads\/2025\/07\/04052105\/Gu8cNzPXIAEbZlC.jpg","datePublished":"2025-10-07T12:35:00+00:00","description":"El gobierno de EE.UU. confirma que el centro migratorio \u201cAlligator Alcatraz\u201d alberga detenidos sin \u00f3rdenes de deportaci\u00f3n.","breadcrumb":{"@id":"https:\/\/www.cuballama.com\/noticias\/gobierno-de-ee-uu-reconoce-que-alligator-alcatraz-alberga-migrantes-sin-ordenes-de-deportacion\/#breadcrumb"},"inLanguage":"es","potentialAction":[{"@type":"ReadAction","target":["https:\/\/www.cuballama.com\/noticias\/gobierno-de-ee-uu-reconoce-que-alligator-alcatraz-alberga-migrantes-sin-ordenes-de-deportacion\/"]}]},{"@type":"ImageObject","inLanguage":"es","@id":"https:\/\/www.cuballama.com\/noticias\/gobierno-de-ee-uu-reconoce-que-alligator-alcatraz-alberga-migrantes-sin-ordenes-de-deportacion\/#primaryimage","url":"https:\/\/cdn1.mediawpaccore.net\/wp-content\/uploads\/2025\/07\/04052105\/Gu8cNzPXIAEbZlC.jpg","contentUrl":"https:\/\/cdn1.mediawpaccore.net\/wp-content\/uploads\/2025\/07\/04052105\/Gu8cNzPXIAEbZlC.jpg","width":1600,"height":1067,"caption":"Foto tomada de perfil de X de la Divisi\u00f3n de Manejo de Emergencias de Florida"},{"@type":"BreadcrumbList","@id":"https:\/\/www.cuballama.com\/noticias\/gobierno-de-ee-uu-reconoce-que-alligator-alcatraz-alberga-migrantes-sin-ordenes-de-deportacion\/#breadcrumb","itemListElement":[{"@type":"ListItem","position":1,"name":"Home","item":"https:\/\/www.cuballama.com\/noticias\/"},{"@type":"ListItem","position":2,"name":"Gobierno de EE.UU. reconoce que \u201cAlligator Alcatraz\u201d alberga migrantes sin \u00f3rdenes de deportaci\u00f3n"}]},{"@type":"WebSite","@id":"https:\/\/www.cuballama.com\/noticias\/#website","url":"https:\/\/www.cuballama.com\/noticias\/","name":"Cuballama Noticias","description":"Medio digital sobre Cuba y el mundo","publisher":{"@id":"https:\/\/www.cuballama.com\/noticias\/#organization"},"potentialAction":[{"@type":"SearchAction","target":{"@type":"EntryPoint","urlTemplate":"https:\/\/www.cuballama.com\/noticias\/?s={search_term_string}"},"query-input":{"@type":"PropertyValueSpecification","valueRequired":true,"valueName":"search_term_string"}}],"inLanguage":"es"},{"@type":"Organization","@id":"https:\/\/www.cuballama.com\/noticias\/#organization","name":"Cuballama","url":"https:\/\/www.cuballama.com\/noticias\/","logo":{"@type":"ImageObject","inLanguage":"es","@id":"https:\/\/www.cuballama.com\/noticias\/#\/schema\/logo\/image\/","url":"https:\/\/cdn1.mediawpaccore.net\/wp-content\/uploads\/2021\/12\/28171206\/cbll-logo-color-sm.png","contentUrl":"https:\/\/cdn1.mediawpaccore.net\/wp-content\/uploads\/2021\/12\/28171206\/cbll-logo-color-sm.png","width":600,"height":133,"caption":"Cuballama"},"image":{"@id":"https:\/\/www.cuballama.com\/noticias\/#\/schema\/logo\/image\/"},"sameAs":["https:\/\/www.facebook.com\/CubaLlama","https:\/\/x.com\/cuballama","https:\/\/www.instagram.com\/stories\/cuballama_oficial\/","https:\/\/www.youtube.com\/channel\/UCKkFE-d_axENGZcrc4as0IA"]},{"@type":"Person","@id":"https:\/\/www.cuballama.com\/noticias\/#\/schema\/person\/5cba2b8cc25a3159e49fe730a94d512e","name":"Sof\u00eda Reyes","url":"https:\/\/www.cuballama.com\/noticias\/author\/laura\/"}]}},"_links":{"self":[{"href":"https:\/\/www.cuballama.com\/noticias\/wp-json\/wp\/v2\/posts\/221864","targetHints":{"allow":["GET"]}}],"collection":[{"href":"https:\/\/www.cuballama.com\/noticias\/wp-json\/wp\/v2\/posts"}],"about":[{"href":"https:\/\/www.cuballama.com\/noticias\/wp-json\/wp\/v2\/types\/post"}],"author":[{"embeddable":true,"href":"https:\/\/www.cuballama.com\/noticias\/wp-json\/wp\/v2\/users\/29"}],"replies":[{"embeddable":true,"href":"https:\/\/www.cuballama.com\/noticias\/wp-json\/wp\/v2\/comments?post=221864"}],"version-history":[{"count":2,"href":"https:\/\/www.cuballama.com\/noticias\/wp-json\/wp\/v2\/posts\/221864\/revisions"}],"predecessor-version":[{"id":221872,"href":"https:\/\/www.cuballama.com\/noticias\/wp-json\/wp\/v2\/posts\/221864\/revisions\/221872"}],"wp:featuredmedia":[{"embeddable":true,"href":"https:\/\/www.cuballama.com\/noticias\/wp-json\/wp\/v2\/media\/212272"}],"wp:attachment":[{"href":"https:\/\/www.cuballama.com\/noticias\/wp-json\/wp\/v2\/media?parent=221864"}],"wp:term":[{"taxonomy":"category","embeddable":true,"href":"https:\/\/www.cuballama.com\/noticias\/wp-json\/wp\/v2\/categories?post=221864"},{"taxonomy":"post_tag","embeddable":true,"href":"https:\/\/www.cuballama.com\/noticias\/wp-json\/wp\/v2\/tags?post=221864"}],"curies":[{"name":"wp","href":"https:\/\/api.w.org\/{rel}","templated":true}]}}