{"id":221820,"date":"2025-10-06T15:20:00","date_gmt":"2025-10-06T19:20:00","guid":{"rendered":"https:\/\/www.cuballama.com\/noticias\/?p=221820"},"modified":"2025-10-06T15:20:03","modified_gmt":"2025-10-06T19:20:03","slug":"marcello-hernandez-de-miami-a-la-lista-de-latino-leaders-2025-de-time","status":"publish","type":"post","link":"https:\/\/www.cuballama.com\/noticias\/marcello-hernandez-de-miami-a-la-lista-de-latino-leaders-2025-de-time\/","title":{"rendered":"Marcello Hern\u00e1ndez, de Miami a la lista de \u201cLatino Leaders 2025\u201d de TIME"},"content":{"rendered":"\n<p>El comediante y guionista Marcello Hern\u00e1ndez, nacido y criado en Miami e integrante de Saturday Night Live desde 2022, fue incluido por la revista <em><a href=\"https:\/\/time.com\/collections\/latino-leaders-2025\/\" target=\"_blank\" rel=\"noreferrer noopener nofollow\">TIME<\/a><\/em> en su lista anual \u201c<em>Latino Leaders 2025<\/em>\u201d, que destaca a 12 figuras que est\u00e1n reconfigurando sus industrias en EE. UU. y m\u00e1s all\u00e1. En el grupo aparecen tambi\u00e9n nombres como la novelista Isabel Allende, el empresario Daniel Lubetzky y el presentador de NBC Tom Llamas.<\/p>\n\n\n\n<p>En su perfil para TIME, Hern\u00e1ndez \u201428 a\u00f1os\u2014 resume un a\u00f1o en modo marat\u00f3n: termin\u00f3 rodaje de la comedia \u201c72 Hours\u201d, film\u00f3 un especial de Netflix en su ciudad natal y sali\u00f3 a una gira de 30 shows de stand-up. A la par, sostiene en SNL los personajes que lo han vuelto reconocible, como Domingo o el \u201csobrino\u201d de Bad Bunny, una estela de sketches que capitaliz\u00f3 su salto de los clubes a la televisi\u00f3n nacional. <\/p>\n\n\n\n<p>El reconocimiento llega con una narrativa que TIME ha destacado en su edici\u00f3n de este a\u00f1o: l\u00edderes que convierten su biograf\u00eda en motor creativo y puente cultural. En el caso de Hern\u00e1ndez, su comedia bebe de una identidad bicultural que \u00e9l mismo define sin medias tintas: hijo de madre cubana y padre dominicano, \u201cprimer estadounidense\u201d de su familia, y agradecido por los sacrificios que hicieron sus padres. Esa historia personal ya hab\u00eda sido perfilada en medios como People y tiene momentos ic\u00f3nicos en SNL, como el sketch de la \u201cmadre protectora\u201d inspirado en su mam\u00e1, que luego reversion\u00f3 con Pedro Pascal y Bad Bunny.<\/p>\n\n\n\n<blockquote class=\"instagram-media\" data-instgrm-captioned data-instgrm-permalink=\"https:\/\/www.instagram.com\/p\/DOtL4IVkwKB\/?utm_source=ig_embed&amp;utm_campaign=loading\" data-instgrm-version=\"14\" style=\" background:#FFF; border:0; border-radius:3px; box-shadow:0 0 1px 0 rgba(0,0,0,0.5),0 1px 10px 0 rgba(0,0,0,0.15); margin: 1px; max-width:540px; min-width:326px; padding:0; width:99.375%; width:-webkit-calc(100% - 2px); width:calc(100% - 2px);\"><div style=\"padding:16px;\"> <a href=\"https:\/\/www.instagram.com\/p\/DOtL4IVkwKB\/?utm_source=ig_embed&amp;utm_campaign=loading\" style=\" background:#FFFFFF; line-height:0; padding:0 0; text-align:center; text-decoration:none; width:100%;\" target=\"_blank\"> <div style=\" display: flex; flex-direction: row; align-items: center;\"> <div style=\"background-color: #F4F4F4; border-radius: 50%; flex-grow: 0; height: 40px; margin-right: 14px; width: 40px;\"><\/div> <div style=\"display: flex; flex-direction: column; flex-grow: 1; justify-content: center;\"> <div style=\" background-color: #F4F4F4; border-radius: 4px; flex-grow: 0; height: 14px; margin-bottom: 6px; width: 100px;\"><\/div> <div style=\" background-color: #F4F4F4; border-radius: 4px; flex-grow: 0; height: 14px; width: 60px;\"><\/div><\/div><\/div><div style=\"padding: 19% 0;\"><\/div> <div style=\"display:block; height:50px; margin:0 auto 12px; width:50px;\"><svg width=\"50px\" height=\"50px\" viewBox=\"0 0 60 60\" version=\"1.1\" xmlns=\"https:\/\/www.w3.org\/2000\/svg\" xmlns:xlink=\"https:\/\/www.w3.org\/1999\/xlink\"><g stroke=\"none\" stroke-width=\"1\" fill=\"none\" fill-rule=\"evenodd\"><g transform=\"translate(-511.000000, -20.000000)\" fill=\"#000000\"><g><path d=\"M556.869,30.41 C554.814,30.41 553.148,32.076 553.148,34.131 C553.148,36.186 554.814,37.852 556.869,37.852 C558.924,37.852 560.59,36.186 560.59,34.131 C560.59,32.076 558.924,30.41 556.869,30.41 M541,60.657 C535.114,60.657 530.342,55.887 530.342,50 C530.342,44.114 535.114,39.342 541,39.342 C546.887,39.342 551.658,44.114 551.658,50 C551.658,55.887 546.887,60.657 541,60.657 M541,33.886 C532.1,33.886 524.886,41.1 524.886,50 C524.886,58.899 532.1,66.113 541,66.113 C549.9,66.113 557.115,58.899 557.115,50 C557.115,41.1 549.9,33.886 541,33.886 M565.378,62.101 C565.244,65.022 564.756,66.606 564.346,67.663 C563.803,69.06 563.154,70.057 562.106,71.106 C561.058,72.155 560.06,72.803 558.662,73.347 C557.607,73.757 556.021,74.244 553.102,74.378 C549.944,74.521 548.997,74.552 541,74.552 C533.003,74.552 532.056,74.521 528.898,74.378 C525.979,74.244 524.393,73.757 523.338,73.347 C521.94,72.803 520.942,72.155 519.894,71.106 C518.846,70.057 518.197,69.06 517.654,67.663 C517.244,66.606 516.755,65.022 516.623,62.101 C516.479,58.943 516.448,57.996 516.448,50 C516.448,42.003 516.479,41.056 516.623,37.899 C516.755,34.978 517.244,33.391 517.654,32.338 C518.197,30.938 518.846,29.942 519.894,28.894 C520.942,27.846 521.94,27.196 523.338,26.654 C524.393,26.244 525.979,25.756 528.898,25.623 C532.057,25.479 533.004,25.448 541,25.448 C548.997,25.448 549.943,25.479 553.102,25.623 C556.021,25.756 557.607,26.244 558.662,26.654 C560.06,27.196 561.058,27.846 562.106,28.894 C563.154,29.942 563.803,30.938 564.346,32.338 C564.756,33.391 565.244,34.978 565.378,37.899 C565.522,41.056 565.552,42.003 565.552,50 C565.552,57.996 565.522,58.943 565.378,62.101 M570.82,37.631 C570.674,34.438 570.167,32.258 569.425,30.349 C568.659,28.377 567.633,26.702 565.965,25.035 C564.297,23.368 562.623,22.342 560.652,21.575 C558.743,20.834 556.562,20.326 553.369,20.18 C550.169,20.033 549.148,20 541,20 C532.853,20 531.831,20.033 528.631,20.18 C525.438,20.326 523.257,20.834 521.349,21.575 C519.376,22.342 517.703,23.368 516.035,25.035 C514.368,26.702 513.342,28.377 512.574,30.349 C511.834,32.258 511.326,34.438 511.181,37.631 C511.035,40.831 511,41.851 511,50 C511,58.147 511.035,59.17 511.181,62.369 C511.326,65.562 511.834,67.743 512.574,69.651 C513.342,71.625 514.368,73.296 516.035,74.965 C517.703,76.634 519.376,77.658 521.349,78.425 C523.257,79.167 525.438,79.673 528.631,79.82 C531.831,79.965 532.853,80.001 541,80.001 C549.148,80.001 550.169,79.965 553.369,79.82 C556.562,79.673 558.743,79.167 560.652,78.425 C562.623,77.658 564.297,76.634 565.965,74.965 C567.633,73.296 568.659,71.625 569.425,69.651 C570.167,67.743 570.674,65.562 570.82,62.369 C570.966,59.17 571,58.147 571,50 C571,41.851 570.966,40.831 570.82,37.631\"><\/path><\/g><\/g><\/g><\/svg><\/div><div style=\"padding-top: 8px;\"> <div style=\" color:#3897f0; font-family:Arial,sans-serif; font-size:14px; font-style:normal; font-weight:550; line-height:18px;\">View this post on Instagram<\/div><\/div><div style=\"padding: 12.5% 0;\"><\/div> <div style=\"display: flex; flex-direction: row; margin-bottom: 14px; align-items: center;\"><div> <div style=\"background-color: #F4F4F4; border-radius: 50%; height: 12.5px; width: 12.5px; transform: translateX(0px) translateY(7px);\"><\/div> <div style=\"background-color: #F4F4F4; height: 12.5px; transform: rotate(-45deg) translateX(3px) translateY(1px); width: 12.5px; flex-grow: 0; margin-right: 14px; margin-left: 2px;\"><\/div> <div style=\"background-color: #F4F4F4; border-radius: 50%; height: 12.5px; width: 12.5px; transform: translateX(9px) translateY(-18px);\"><\/div><\/div><div style=\"margin-left: 8px;\"> <div style=\" background-color: #F4F4F4; border-radius: 50%; flex-grow: 0; height: 20px; width: 20px;\"><\/div> <div style=\" width: 0; height: 0; border-top: 2px solid transparent; border-left: 6px solid #f4f4f4; border-bottom: 2px solid transparent; transform: translateX(16px) translateY(-4px) rotate(30deg)\"><\/div><\/div><div style=\"margin-left: auto;\"> <div style=\" width: 0px; border-top: 8px solid #F4F4F4; border-right: 8px solid transparent; transform: translateY(16px);\"><\/div> <div style=\" background-color: #F4F4F4; flex-grow: 0; height: 12px; width: 16px; transform: translateY(-4px);\"><\/div> <div style=\" width: 0; height: 0; border-top: 8px solid #F4F4F4; border-left: 8px solid transparent; transform: translateY(-4px) translateX(8px);\"><\/div><\/div><\/div> <div style=\"display: flex; flex-direction: column; flex-grow: 1; justify-content: center; margin-bottom: 24px;\"> <div style=\" background-color: #F4F4F4; border-radius: 4px; flex-grow: 0; height: 14px; margin-bottom: 6px; width: 224px;\"><\/div> <div style=\" background-color: #F4F4F4; border-radius: 4px; flex-grow: 0; height: 14px; width: 144px;\"><\/div><\/div><\/a><p style=\" color:#c9c8cd; font-family:Arial,sans-serif; font-size:14px; line-height:17px; margin-bottom:0; margin-top:8px; overflow:hidden; padding:8px 0 7px; text-align:center; text-overflow:ellipsis; white-space:nowrap;\"><a href=\"https:\/\/www.instagram.com\/p\/DOtL4IVkwKB\/?utm_source=ig_embed&amp;utm_campaign=loading\" style=\" color:#c9c8cd; font-family:Arial,sans-serif; font-size:14px; font-style:normal; font-weight:normal; line-height:17px; text-decoration:none;\" target=\"_blank\">A post shared by TIME (@time)<\/a><\/p><\/div><\/blockquote>\n<script async src=\"\/\/www.instagram.com\/embed.js\"><\/script>\n\n\n\n<p>La inclusi\u00f3n del miamense aparece, adem\u00e1s, en un a\u00f1o en que TIME reparte su \u201ctablero\u201d latino por disciplinas: del periodismo (Tom Llamas) a la empresa (Lubetzky) y la literatura (Allende). La selecci\u00f3n subraya un hilo com\u00fan: impacto real en audiencias diversas y capacidad de abrir puertas a nuevas voces. En ese mapa, Hern\u00e1ndez representa a una generaci\u00f3n que creci\u00f3 entre TikTok, micr\u00f3fonos abiertos y sketches virales, y que hoy traduce ese m\u00fasculo en proyectos de mayor escala dentro y fuera de la televisi\u00f3n. <\/p>\n\n\n\n<p><a href=\"https:\/\/www.cuballama.com\/noticias\/marcello-hernandez-comediante-cubanoamericano-debuta-snl\/\">Desde su aterrizaje en SNL, cuando se sum\u00f3 al elenco en 2022<\/a>, la cr\u00edtica lo ha se\u00f1alado como una de las apuestas frescas del programa, y su agenda reciente confirma el momentum. Miami \u2014su kil\u00f3metro cero\u2014 es parte central de este relato: all\u00ed se form\u00f3, all\u00ed rod\u00f3 su especial y desde all\u00ed calibr\u00f3 una voz que ahora TIME coloca entre las que marcan \u00e9poca para la comunidad latina en Estados Unidos.<\/p>\n\n\n\n<p>Para Hern\u00e1ndez, el reto que sigue es simple y ambicioso a la vez: trabajar m\u00e1s, llegar a m\u00e1s p\u00fablico y, como le dijo a TIME, \u201crepresentar a los latinos\u201d desde el escenario que toque. La distinci\u00f3n de 2025 certifica que ese camino ya est\u00e1 dejando huella.<\/p>\n\n\n\n<p>El listado completo puede ser visto <strong><a href=\"https:\/\/time.com\/collections\/time100-next-2025\/\" target=\"_blank\" rel=\"noreferrer noopener nofollow\">aqu\u00ed<\/a><\/strong>.<\/p>\n\n\n\n<p>Tal vez quieras leer m\u00e1s sobre Marcello<strong><a href=\"https:\/\/www.cuballama.com\/noticias\/el-clan-estefan-celebra-al-comediante-con-origenes-cubanos-marcello-hernandez-verte-triunfado-nos-hace-feliz\/\"> aqu\u00ed<\/a><\/strong><\/p>\n","protected":false},"excerpt":{"rendered":"<p>La inclusi\u00f3n del miamense aparece, adem\u00e1s, en un a\u00f1o en que TIME reparte su \u201ctablero\u201d latino por disciplinas: del periodismo (Tom Llamas) a la empresa (Lubetzky) y la literatura (Allende). La selecci\u00f3n subraya un hilo com\u00fan: impacto real en audiencias diversas y capacidad de abrir puertas a nuevas voces. En ese mapa, Hern\u00e1ndez representa a una generaci\u00f3n que creci\u00f3 entre TikTok, micr\u00f3fonos abiertos y sketches virales, y que hoy traduce ese m\u00fasculo en proyectos de mayor escala dentro y fuera de la televisi\u00f3n. <\/p>\n","protected":false},"author":13,"featured_media":103923,"comment_status":"open","ping_status":"closed","sticky":false,"template":"","format":"standard","meta":{"_acf_changed":false,"footnotes":""},"categories":[443,18,953],"tags":[28295,25660,25806,941,28298,28299,28297,13913,28300,9599,28296],"class_list":{"0":"post-221820","1":"post","2":"type-post","3":"status-publish","4":"format-standard","5":"has-post-thumbnail","7":"category-farandula","8":"category-noticias","9":"category-usa","10":"tag-comedia-latina","11":"tag-comunidad-cubana-en-miami","12":"tag-cultura-pop-latina","13":"tag-destacado","14":"tag-dominicanos-en-estados-unidos","15":"tag-humor-inmigrante","16":"tag-latinos-influyentes","17":"tag-marcello-hernandez","18":"tag-representacion-latina","19":"tag-saturday-night-live","20":"tag-time-latino-leaders"},"acf":[],"yoast_head":"<!-- This site is optimized with the Yoast SEO plugin v27.4 - https:\/\/yoast.com\/product\/yoast-seo-wordpress\/ -->\n<title>Marcello Hern\u00e1ndez, de Miami a la lista de \u201cLatino Leaders 2025\u201d de TIME - Cuballama Noticias<\/title>\n<meta name=\"description\" content=\"La revista Time incluy\u00f3 al nacido y criado en Miami como todo un cubano, Marcello Hern\u00e1ndez. Un comediante influencer.\" \/>\n<meta name=\"robots\" content=\"index, follow, max-snippet:-1, max-image-preview:large, max-video-preview:-1\" \/>\n<link rel=\"canonical\" href=\"https:\/\/www.cuballama.com\/noticias\/marcello-hernandez-de-miami-a-la-lista-de-latino-leaders-2025-de-time\/\" \/>\n<meta property=\"og:locale\" content=\"es_ES\" \/>\n<meta property=\"og:type\" content=\"article\" \/>\n<meta property=\"og:title\" content=\"Marcello Hern\u00e1ndez, de Miami a la lista de \u201cLatino Leaders 2025\u201d de TIME - Cuballama Noticias\" \/>\n<meta property=\"og:description\" content=\"La revista Time incluy\u00f3 al nacido y criado en Miami como todo un cubano, Marcello Hern\u00e1ndez. Un comediante influencer.\" \/>\n<meta property=\"og:url\" content=\"https:\/\/www.cuballama.com\/noticias\/marcello-hernandez-de-miami-a-la-lista-de-latino-leaders-2025-de-time\/\" \/>\n<meta property=\"og:site_name\" content=\"Cuballama Noticias\" \/>\n<meta property=\"article:publisher\" content=\"https:\/\/www.facebook.com\/CubaLlama\" \/>\n<meta property=\"article:published_time\" content=\"2025-10-06T19:20:00+00:00\" \/>\n<meta property=\"article:modified_time\" content=\"2025-10-06T19:20:03+00:00\" \/>\n<meta property=\"og:image\" content=\"https:\/\/cdn1.mediawpaccore.net\/wp-content\/uploads\/2022\/10\/11214017\/marcello-hernandez-comediante.jpg\" \/>\n\t<meta property=\"og:image:width\" content=\"897\" \/>\n\t<meta property=\"og:image:height\" content=\"589\" \/>\n\t<meta property=\"og:image:type\" content=\"image\/jpeg\" \/>\n<meta name=\"author\" content=\"Roberto A.\" \/>\n<meta name=\"twitter:card\" content=\"summary_large_image\" \/>\n<meta name=\"twitter:creator\" content=\"@cuballama\" \/>\n<meta name=\"twitter:site\" content=\"@cuballama\" \/>\n<meta name=\"twitter:label1\" content=\"Escrito por\" \/>\n\t<meta name=\"twitter:data1\" content=\"Roberto A.\" \/>\n\t<meta name=\"twitter:label2\" content=\"Tiempo de lectura\" \/>\n\t<meta name=\"twitter:data2\" content=\"3 minutos\" \/>\n<script type=\"application\/ld+json\" class=\"yoast-schema-graph\">{\"@context\":\"https:\\\/\\\/schema.org\",\"@graph\":[{\"@type\":\"Article\",\"@id\":\"https:\\\/\\\/www.cuballama.com\\\/noticias\\\/marcello-hernandez-de-miami-a-la-lista-de-latino-leaders-2025-de-time\\\/#article\",\"isPartOf\":{\"@id\":\"https:\\\/\\\/www.cuballama.com\\\/noticias\\\/marcello-hernandez-de-miami-a-la-lista-de-latino-leaders-2025-de-time\\\/\"},\"author\":{\"name\":\"Roberto A.\",\"@id\":\"https:\\\/\\\/www.cuballama.com\\\/noticias\\\/#\\\/schema\\\/person\\\/a58502ed4146c8e9f83872e897c76cd2\"},\"headline\":\"Marcello Hern\u00e1ndez, de Miami a la lista de \u201cLatino Leaders 2025\u201d de TIME\",\"datePublished\":\"2025-10-06T19:20:00+00:00\",\"dateModified\":\"2025-10-06T19:20:03+00:00\",\"mainEntityOfPage\":{\"@id\":\"https:\\\/\\\/www.cuballama.com\\\/noticias\\\/marcello-hernandez-de-miami-a-la-lista-de-latino-leaders-2025-de-time\\\/\"},\"wordCount\":516,\"commentCount\":0,\"publisher\":{\"@id\":\"https:\\\/\\\/www.cuballama.com\\\/noticias\\\/#organization\"},\"image\":{\"@id\":\"https:\\\/\\\/www.cuballama.com\\\/noticias\\\/marcello-hernandez-de-miami-a-la-lista-de-latino-leaders-2025-de-time\\\/#primaryimage\"},\"thumbnailUrl\":\"https:\\\/\\\/cdn1.mediawpaccore.net\\\/wp-content\\\/uploads\\\/2022\\\/10\\\/11214017\\\/marcello-hernandez-comediante.jpg\",\"keywords\":[\"comedia latina\",\"comunidad cubana en Miami\",\"cultura pop latina\",\"destacado\",\"dominicanos en Estados Unidos\",\"humor inmigrante\",\"latinos influyentes\",\"Marcello Hern\u00e1ndez\",\"representaci\u00f3n latina\",\"Saturday Night Live\",\"TIME Latino Leaders\"],\"articleSection\":[\"Far\u00e1ndula\",\"Noticias\",\"USA\"],\"inLanguage\":\"es\",\"potentialAction\":[{\"@type\":\"CommentAction\",\"name\":\"Comment\",\"target\":[\"https:\\\/\\\/www.cuballama.com\\\/noticias\\\/marcello-hernandez-de-miami-a-la-lista-de-latino-leaders-2025-de-time\\\/#respond\"]}]},{\"@type\":\"WebPage\",\"@id\":\"https:\\\/\\\/www.cuballama.com\\\/noticias\\\/marcello-hernandez-de-miami-a-la-lista-de-latino-leaders-2025-de-time\\\/\",\"url\":\"https:\\\/\\\/www.cuballama.com\\\/noticias\\\/marcello-hernandez-de-miami-a-la-lista-de-latino-leaders-2025-de-time\\\/\",\"name\":\"Marcello Hern\u00e1ndez, de Miami a la lista de \u201cLatino Leaders 2025\u201d de TIME - Cuballama Noticias\",\"isPartOf\":{\"@id\":\"https:\\\/\\\/www.cuballama.com\\\/noticias\\\/#website\"},\"primaryImageOfPage\":{\"@id\":\"https:\\\/\\\/www.cuballama.com\\\/noticias\\\/marcello-hernandez-de-miami-a-la-lista-de-latino-leaders-2025-de-time\\\/#primaryimage\"},\"image\":{\"@id\":\"https:\\\/\\\/www.cuballama.com\\\/noticias\\\/marcello-hernandez-de-miami-a-la-lista-de-latino-leaders-2025-de-time\\\/#primaryimage\"},\"thumbnailUrl\":\"https:\\\/\\\/cdn1.mediawpaccore.net\\\/wp-content\\\/uploads\\\/2022\\\/10\\\/11214017\\\/marcello-hernandez-comediante.jpg\",\"datePublished\":\"2025-10-06T19:20:00+00:00\",\"dateModified\":\"2025-10-06T19:20:03+00:00\",\"description\":\"La revista Time incluy\u00f3 al nacido y criado en Miami como todo un cubano, Marcello Hern\u00e1ndez. Un comediante influencer.\",\"breadcrumb\":{\"@id\":\"https:\\\/\\\/www.cuballama.com\\\/noticias\\\/marcello-hernandez-de-miami-a-la-lista-de-latino-leaders-2025-de-time\\\/#breadcrumb\"},\"inLanguage\":\"es\",\"potentialAction\":[{\"@type\":\"ReadAction\",\"target\":[\"https:\\\/\\\/www.cuballama.com\\\/noticias\\\/marcello-hernandez-de-miami-a-la-lista-de-latino-leaders-2025-de-time\\\/\"]}]},{\"@type\":\"ImageObject\",\"inLanguage\":\"es\",\"@id\":\"https:\\\/\\\/www.cuballama.com\\\/noticias\\\/marcello-hernandez-de-miami-a-la-lista-de-latino-leaders-2025-de-time\\\/#primaryimage\",\"url\":\"https:\\\/\\\/cdn1.mediawpaccore.net\\\/wp-content\\\/uploads\\\/2022\\\/10\\\/11214017\\\/marcello-hernandez-comediante.jpg\",\"contentUrl\":\"https:\\\/\\\/cdn1.mediawpaccore.net\\\/wp-content\\\/uploads\\\/2022\\\/10\\\/11214017\\\/marcello-hernandez-comediante.jpg\",\"width\":897,\"height\":589,\"caption\":\"Foto: IG @marcellohdz\"},{\"@type\":\"BreadcrumbList\",\"@id\":\"https:\\\/\\\/www.cuballama.com\\\/noticias\\\/marcello-hernandez-de-miami-a-la-lista-de-latino-leaders-2025-de-time\\\/#breadcrumb\",\"itemListElement\":[{\"@type\":\"ListItem\",\"position\":1,\"name\":\"Home\",\"item\":\"https:\\\/\\\/www.cuballama.com\\\/noticias\\\/\"},{\"@type\":\"ListItem\",\"position\":2,\"name\":\"Marcello Hern\u00e1ndez, de Miami a la lista de \u201cLatino Leaders 2025\u201d de TIME\"}]},{\"@type\":\"WebSite\",\"@id\":\"https:\\\/\\\/www.cuballama.com\\\/noticias\\\/#website\",\"url\":\"https:\\\/\\\/www.cuballama.com\\\/noticias\\\/\",\"name\":\"Cuballama Noticias\",\"description\":\"Medio digital sobre Cuba y el mundo\",\"publisher\":{\"@id\":\"https:\\\/\\\/www.cuballama.com\\\/noticias\\\/#organization\"},\"potentialAction\":[{\"@type\":\"SearchAction\",\"target\":{\"@type\":\"EntryPoint\",\"urlTemplate\":\"https:\\\/\\\/www.cuballama.com\\\/noticias\\\/?s={search_term_string}\"},\"query-input\":{\"@type\":\"PropertyValueSpecification\",\"valueRequired\":true,\"valueName\":\"search_term_string\"}}],\"inLanguage\":\"es\"},{\"@type\":\"Organization\",\"@id\":\"https:\\\/\\\/www.cuballama.com\\\/noticias\\\/#organization\",\"name\":\"Cuballama\",\"url\":\"https:\\\/\\\/www.cuballama.com\\\/noticias\\\/\",\"logo\":{\"@type\":\"ImageObject\",\"inLanguage\":\"es\",\"@id\":\"https:\\\/\\\/www.cuballama.com\\\/noticias\\\/#\\\/schema\\\/logo\\\/image\\\/\",\"url\":\"https:\\\/\\\/cdn1.mediawpaccore.net\\\/wp-content\\\/uploads\\\/2021\\\/12\\\/28171206\\\/cbll-logo-color-sm.png\",\"contentUrl\":\"https:\\\/\\\/cdn1.mediawpaccore.net\\\/wp-content\\\/uploads\\\/2021\\\/12\\\/28171206\\\/cbll-logo-color-sm.png\",\"width\":600,\"height\":133,\"caption\":\"Cuballama\"},\"image\":{\"@id\":\"https:\\\/\\\/www.cuballama.com\\\/noticias\\\/#\\\/schema\\\/logo\\\/image\\\/\"},\"sameAs\":[\"https:\\\/\\\/www.facebook.com\\\/CubaLlama\",\"https:\\\/\\\/x.com\\\/cuballama\",\"https:\\\/\\\/www.instagram.com\\\/stories\\\/cuballama_oficial\\\/\",\"https:\\\/\\\/www.youtube.com\\\/channel\\\/UCKkFE-d_axENGZcrc4as0IA\"]},{\"@type\":\"Person\",\"@id\":\"https:\\\/\\\/www.cuballama.com\\\/noticias\\\/#\\\/schema\\\/person\\\/a58502ed4146c8e9f83872e897c76cd2\",\"name\":\"Roberto A.\",\"description\":\"Roberto A. Periodista por decisi\u00f3n propia. Interesado en cualquier tema que me apasione y cada vez m\u00e1s comprometido con la verdad y la objetividad period\u00edstica. Graduado en La Habana hace ya muchos a\u00f1os, luego de una accidentada y polvorienta b\u00fasqueda de informaci\u00f3n sobre un tema in\u00e9dito. La Tesis, por cierto, desapareci\u00f3 de la biblioteca y no se conservan copias de la misma.\",\"url\":\"https:\\\/\\\/www.cuballama.com\\\/noticias\\\/author\\\/roberto\\\/\"}]}<\/script>\n<!-- \/ Yoast SEO plugin. -->","yoast_head_json":{"title":"Marcello Hern\u00e1ndez, de Miami a la lista de \u201cLatino Leaders 2025\u201d de TIME - Cuballama Noticias","description":"La revista Time incluy\u00f3 al nacido y criado en Miami como todo un cubano, Marcello Hern\u00e1ndez. Un comediante influencer.","robots":{"index":"index","follow":"follow","max-snippet":"max-snippet:-1","max-image-preview":"max-image-preview:large","max-video-preview":"max-video-preview:-1"},"canonical":"https:\/\/www.cuballama.com\/noticias\/marcello-hernandez-de-miami-a-la-lista-de-latino-leaders-2025-de-time\/","og_locale":"es_ES","og_type":"article","og_title":"Marcello Hern\u00e1ndez, de Miami a la lista de \u201cLatino Leaders 2025\u201d de TIME - Cuballama Noticias","og_description":"La revista Time incluy\u00f3 al nacido y criado en Miami como todo un cubano, Marcello Hern\u00e1ndez. Un comediante influencer.","og_url":"https:\/\/www.cuballama.com\/noticias\/marcello-hernandez-de-miami-a-la-lista-de-latino-leaders-2025-de-time\/","og_site_name":"Cuballama Noticias","article_publisher":"https:\/\/www.facebook.com\/CubaLlama","article_published_time":"2025-10-06T19:20:00+00:00","article_modified_time":"2025-10-06T19:20:03+00:00","og_image":[{"width":897,"height":589,"url":"https:\/\/cdn1.mediawpaccore.net\/wp-content\/uploads\/2022\/10\/11214017\/marcello-hernandez-comediante.jpg","type":"image\/jpeg"}],"author":"Roberto A.","twitter_card":"summary_large_image","twitter_creator":"@cuballama","twitter_site":"@cuballama","twitter_misc":{"Escrito por":"Roberto A.","Tiempo de lectura":"3 minutos"},"schema":{"@context":"https:\/\/schema.org","@graph":[{"@type":"Article","@id":"https:\/\/www.cuballama.com\/noticias\/marcello-hernandez-de-miami-a-la-lista-de-latino-leaders-2025-de-time\/#article","isPartOf":{"@id":"https:\/\/www.cuballama.com\/noticias\/marcello-hernandez-de-miami-a-la-lista-de-latino-leaders-2025-de-time\/"},"author":{"name":"Roberto A.","@id":"https:\/\/www.cuballama.com\/noticias\/#\/schema\/person\/a58502ed4146c8e9f83872e897c76cd2"},"headline":"Marcello Hern\u00e1ndez, de Miami a la lista de \u201cLatino Leaders 2025\u201d de TIME","datePublished":"2025-10-06T19:20:00+00:00","dateModified":"2025-10-06T19:20:03+00:00","mainEntityOfPage":{"@id":"https:\/\/www.cuballama.com\/noticias\/marcello-hernandez-de-miami-a-la-lista-de-latino-leaders-2025-de-time\/"},"wordCount":516,"commentCount":0,"publisher":{"@id":"https:\/\/www.cuballama.com\/noticias\/#organization"},"image":{"@id":"https:\/\/www.cuballama.com\/noticias\/marcello-hernandez-de-miami-a-la-lista-de-latino-leaders-2025-de-time\/#primaryimage"},"thumbnailUrl":"https:\/\/cdn1.mediawpaccore.net\/wp-content\/uploads\/2022\/10\/11214017\/marcello-hernandez-comediante.jpg","keywords":["comedia latina","comunidad cubana en Miami","cultura pop latina","destacado","dominicanos en Estados Unidos","humor inmigrante","latinos influyentes","Marcello Hern\u00e1ndez","representaci\u00f3n latina","Saturday Night Live","TIME Latino Leaders"],"articleSection":["Far\u00e1ndula","Noticias","USA"],"inLanguage":"es","potentialAction":[{"@type":"CommentAction","name":"Comment","target":["https:\/\/www.cuballama.com\/noticias\/marcello-hernandez-de-miami-a-la-lista-de-latino-leaders-2025-de-time\/#respond"]}]},{"@type":"WebPage","@id":"https:\/\/www.cuballama.com\/noticias\/marcello-hernandez-de-miami-a-la-lista-de-latino-leaders-2025-de-time\/","url":"https:\/\/www.cuballama.com\/noticias\/marcello-hernandez-de-miami-a-la-lista-de-latino-leaders-2025-de-time\/","name":"Marcello Hern\u00e1ndez, de Miami a la lista de \u201cLatino Leaders 2025\u201d de TIME - Cuballama Noticias","isPartOf":{"@id":"https:\/\/www.cuballama.com\/noticias\/#website"},"primaryImageOfPage":{"@id":"https:\/\/www.cuballama.com\/noticias\/marcello-hernandez-de-miami-a-la-lista-de-latino-leaders-2025-de-time\/#primaryimage"},"image":{"@id":"https:\/\/www.cuballama.com\/noticias\/marcello-hernandez-de-miami-a-la-lista-de-latino-leaders-2025-de-time\/#primaryimage"},"thumbnailUrl":"https:\/\/cdn1.mediawpaccore.net\/wp-content\/uploads\/2022\/10\/11214017\/marcello-hernandez-comediante.jpg","datePublished":"2025-10-06T19:20:00+00:00","dateModified":"2025-10-06T19:20:03+00:00","description":"La revista Time incluy\u00f3 al nacido y criado en Miami como todo un cubano, Marcello Hern\u00e1ndez. Un comediante influencer.","breadcrumb":{"@id":"https:\/\/www.cuballama.com\/noticias\/marcello-hernandez-de-miami-a-la-lista-de-latino-leaders-2025-de-time\/#breadcrumb"},"inLanguage":"es","potentialAction":[{"@type":"ReadAction","target":["https:\/\/www.cuballama.com\/noticias\/marcello-hernandez-de-miami-a-la-lista-de-latino-leaders-2025-de-time\/"]}]},{"@type":"ImageObject","inLanguage":"es","@id":"https:\/\/www.cuballama.com\/noticias\/marcello-hernandez-de-miami-a-la-lista-de-latino-leaders-2025-de-time\/#primaryimage","url":"https:\/\/cdn1.mediawpaccore.net\/wp-content\/uploads\/2022\/10\/11214017\/marcello-hernandez-comediante.jpg","contentUrl":"https:\/\/cdn1.mediawpaccore.net\/wp-content\/uploads\/2022\/10\/11214017\/marcello-hernandez-comediante.jpg","width":897,"height":589,"caption":"Foto: IG @marcellohdz"},{"@type":"BreadcrumbList","@id":"https:\/\/www.cuballama.com\/noticias\/marcello-hernandez-de-miami-a-la-lista-de-latino-leaders-2025-de-time\/#breadcrumb","itemListElement":[{"@type":"ListItem","position":1,"name":"Home","item":"https:\/\/www.cuballama.com\/noticias\/"},{"@type":"ListItem","position":2,"name":"Marcello Hern\u00e1ndez, de Miami a la lista de \u201cLatino Leaders 2025\u201d de TIME"}]},{"@type":"WebSite","@id":"https:\/\/www.cuballama.com\/noticias\/#website","url":"https:\/\/www.cuballama.com\/noticias\/","name":"Cuballama Noticias","description":"Medio digital sobre Cuba y el mundo","publisher":{"@id":"https:\/\/www.cuballama.com\/noticias\/#organization"},"potentialAction":[{"@type":"SearchAction","target":{"@type":"EntryPoint","urlTemplate":"https:\/\/www.cuballama.com\/noticias\/?s={search_term_string}"},"query-input":{"@type":"PropertyValueSpecification","valueRequired":true,"valueName":"search_term_string"}}],"inLanguage":"es"},{"@type":"Organization","@id":"https:\/\/www.cuballama.com\/noticias\/#organization","name":"Cuballama","url":"https:\/\/www.cuballama.com\/noticias\/","logo":{"@type":"ImageObject","inLanguage":"es","@id":"https:\/\/www.cuballama.com\/noticias\/#\/schema\/logo\/image\/","url":"https:\/\/cdn1.mediawpaccore.net\/wp-content\/uploads\/2021\/12\/28171206\/cbll-logo-color-sm.png","contentUrl":"https:\/\/cdn1.mediawpaccore.net\/wp-content\/uploads\/2021\/12\/28171206\/cbll-logo-color-sm.png","width":600,"height":133,"caption":"Cuballama"},"image":{"@id":"https:\/\/www.cuballama.com\/noticias\/#\/schema\/logo\/image\/"},"sameAs":["https:\/\/www.facebook.com\/CubaLlama","https:\/\/x.com\/cuballama","https:\/\/www.instagram.com\/stories\/cuballama_oficial\/","https:\/\/www.youtube.com\/channel\/UCKkFE-d_axENGZcrc4as0IA"]},{"@type":"Person","@id":"https:\/\/www.cuballama.com\/noticias\/#\/schema\/person\/a58502ed4146c8e9f83872e897c76cd2","name":"Roberto A.","description":"Roberto A. Periodista por decisi\u00f3n propia. Interesado en cualquier tema que me apasione y cada vez m\u00e1s comprometido con la verdad y la objetividad period\u00edstica. Graduado en La Habana hace ya muchos a\u00f1os, luego de una accidentada y polvorienta b\u00fasqueda de informaci\u00f3n sobre un tema in\u00e9dito. La Tesis, por cierto, desapareci\u00f3 de la biblioteca y no se conservan copias de la misma.","url":"https:\/\/www.cuballama.com\/noticias\/author\/roberto\/"}]}},"_links":{"self":[{"href":"https:\/\/www.cuballama.com\/noticias\/wp-json\/wp\/v2\/posts\/221820","targetHints":{"allow":["GET"]}}],"collection":[{"href":"https:\/\/www.cuballama.com\/noticias\/wp-json\/wp\/v2\/posts"}],"about":[{"href":"https:\/\/www.cuballama.com\/noticias\/wp-json\/wp\/v2\/types\/post"}],"author":[{"embeddable":true,"href":"https:\/\/www.cuballama.com\/noticias\/wp-json\/wp\/v2\/users\/13"}],"replies":[{"embeddable":true,"href":"https:\/\/www.cuballama.com\/noticias\/wp-json\/wp\/v2\/comments?post=221820"}],"version-history":[{"count":3,"href":"https:\/\/www.cuballama.com\/noticias\/wp-json\/wp\/v2\/posts\/221820\/revisions"}],"predecessor-version":[{"id":221825,"href":"https:\/\/www.cuballama.com\/noticias\/wp-json\/wp\/v2\/posts\/221820\/revisions\/221825"}],"wp:featuredmedia":[{"embeddable":true,"href":"https:\/\/www.cuballama.com\/noticias\/wp-json\/wp\/v2\/media\/103923"}],"wp:attachment":[{"href":"https:\/\/www.cuballama.com\/noticias\/wp-json\/wp\/v2\/media?parent=221820"}],"wp:term":[{"taxonomy":"category","embeddable":true,"href":"https:\/\/www.cuballama.com\/noticias\/wp-json\/wp\/v2\/categories?post=221820"},{"taxonomy":"post_tag","embeddable":true,"href":"https:\/\/www.cuballama.com\/noticias\/wp-json\/wp\/v2\/tags?post=221820"}],"curies":[{"name":"wp","href":"https:\/\/api.w.org\/{rel}","templated":true}]}}