{"id":221775,"date":"2025-10-06T10:51:27","date_gmt":"2025-10-06T14:51:27","guid":{"rendered":"https:\/\/www.cuballama.com\/noticias\/?p=221775"},"modified":"2025-10-06T10:51:29","modified_gmt":"2025-10-06T14:51:29","slug":"llego-la-hora-el-kamel-se-convierte-en-papa-por-segunda-vez-y-comparte-la-primera-foto-de-su-bebe","status":"publish","type":"post","link":"https:\/\/www.cuballama.com\/noticias\/llego-la-hora-el-kamel-se-convierte-en-papa-por-segunda-vez-y-comparte-la-primera-foto-de-su-bebe\/","title":{"rendered":"\u201c\u00a1Lleg\u00f3 la hora!\u201d: El Kamel se convierte en pap\u00e1 por segunda vez y comparte la primera foto de su beb\u00e9"},"content":{"rendered":"\n<p>El Kamel vive uno de los momentos m\u00e1s felices de su vida. El reguetonero cubano, cuyo nombre real es Jonathan Ferm\u00edn Michel Vald\u00e9s, se convirti\u00f3 en padre por segunda vez y quiso compartir con sus seguidores la emoci\u00f3n de esta nueva etapa. Desde el hospital, public\u00f3 un tierno video acompa\u00f1ado de un mensaje sencillo pero cargado de gratitud: \u201cGracias, Dios, por bendecirme de esta manera, te amo\u201d.<\/p>\n\n\n\n<p>El artista, que ha sabido ganarse al p\u00fablico con su estilo dentro del reparto cubano, mostr\u00f3 en sus historias de Instagram algunos de los instantes m\u00e1s \u00edntimos del nacimiento. La ternura del momento contrast\u00f3 con la energ\u00eda habitual de sus videos musicales, recordando que detr\u00e1s del artista hay tambi\u00e9n un padre orgulloso y agradecido.<\/p>\n\n\n\n<p>Horas antes del parto, El Kamel anunci\u00f3 la inminente llegada del peque\u00f1o. En un video grabado en el hospital, su pareja, la joven empresaria cubanoamericana Yami, aparece en la cama con una mezcla de nervios y alegr\u00eda mientras el m\u00fasico le acompa\u00f1a. \u201c\u00a1Lleg\u00f3 la hora!\u201d, escribi\u00f3 junto al clip, desatando la emoci\u00f3n de miles de seguidores que no tardaron en llenar su perfil de mensajes de cari\u00f1o y bendiciones.<\/p>\n\n\n\n<p><strong>Lea m\u00e1s: <a href=\"https:\/\/www.cuballama.com\/noticias\/el-kamel-revela-que-yomil-lo-ayudo-a-salir-de-las-drogas-siempre-me-daba-el-mejor-consejo\/\">El Kamel revela que Yomil lo ayud\u00f3 a salir de las drogas: \u201cSiempre me daba el mejor consejo\u201d<\/a><\/strong><\/p>\n\n\n\n<p>Poco despu\u00e9s, ya en casa, el artista public\u00f3 una nueva foto donde su hija mayor aparece con el nuevo peque\u00f1ito en brazos y otro ni\u00f1o de su pareja, esta vez con un texto que resume el sentimiento de plenitud que vive: \u201cYa son tres bendiciones\u201d. La imagen, m\u00e1s que cualquier palabra, refleja la madurez personal de quien ha decidido celebrar la paternidad como parte esencial de su historia.<\/p>\n\n\n\n<figure class=\"wp-block-image size-large\"><img loading=\"lazy\" decoding=\"async\" width=\"576\" height=\"1024\" src=\"https:\/\/cdn1.mediawpaccore.net\/wp-content\/uploads\/2025\/10\/06104505\/Captura-de-pantalla-2025-10-06-a-las-16.27.27-576x1024.png\" alt=\"\" class=\"wp-image-221802\" srcset=\"https:\/\/cdn1.mediawpaccore.net\/wp-content\/uploads\/2025\/10\/06104505\/Captura-de-pantalla-2025-10-06-a-las-16.27.27-576x1024.png 576w, https:\/\/cdn1.mediawpaccore.net\/wp-content\/uploads\/2025\/10\/06104505\/Captura-de-pantalla-2025-10-06-a-las-16.27.27-169x300.png 169w, https:\/\/cdn1.mediawpaccore.net\/wp-content\/uploads\/2025\/10\/06104505\/Captura-de-pantalla-2025-10-06-a-las-16.27.27-768x1365.png 768w, https:\/\/cdn1.mediawpaccore.net\/wp-content\/uploads\/2025\/10\/06104505\/Captura-de-pantalla-2025-10-06-a-las-16.27.27-236x420.png 236w, https:\/\/cdn1.mediawpaccore.net\/wp-content\/uploads\/2025\/10\/06104505\/Captura-de-pantalla-2025-10-06-a-las-16.27.27-150x267.png 150w, https:\/\/cdn1.mediawpaccore.net\/wp-content\/uploads\/2025\/10\/06104505\/Captura-de-pantalla-2025-10-06-a-las-16.27.27-300x533.png 300w, https:\/\/cdn1.mediawpaccore.net\/wp-content\/uploads\/2025\/10\/06104505\/Captura-de-pantalla-2025-10-06-a-las-16.27.27-696x1237.png 696w, https:\/\/cdn1.mediawpaccore.net\/wp-content\/uploads\/2025\/10\/06104505\/Captura-de-pantalla-2025-10-06-a-las-16.27.27.png 824w\" sizes=\"auto, (max-width: 576px) 100vw, 576px\" \/><\/figure>\n\n\n\n<p>El int\u00e9rprete de temas como \u201cT\u00fa y yo\u201d y \u201cMe maldice\u201d ha dejado claro en m\u00e1s de una ocasi\u00f3n que la familia ocupa un lugar central en su vida. En redes sociales suele mostrarse en un registro m\u00e1s \u00edntimo, alejado del ruido del espect\u00e1culo, compartiendo momentos cotidianos junto a sus peque\u00f1os y su pareja. Este equilibrio entre fama y hogar parece haberlo acompa\u00f1ado durante los \u00faltimos a\u00f1os, coincidiendo con una etapa art\u00edstica m\u00e1s estable y reflexiva.<\/p>\n\n\n\n<p>Su primera experiencia como padre lleg\u00f3 en octubre de 2019, con el nacimiento de Mirelys, fruto de su relaci\u00f3n con una joven llamada Martina. Aquel suceso, seg\u00fan ha reconocido \u00e9l mismo, marc\u00f3 un antes y un despu\u00e9s en su forma de entender la vida. Ahora, con este nuevo beb\u00e9, el cantante reafirma ese v\u00ednculo entre lo personal y lo art\u00edstico, una madurez que tambi\u00e9n se refleja en su m\u00fasica y en la manera en que se relaciona con su p\u00fablico.<\/p>\n","protected":false},"excerpt":{"rendered":"<p>En un video grabado en el hospital, su novia Yami aparece en la cama con una mezcla de nervios y alegr\u00eda mientras el m\u00fasico le acompa\u00f1a<\/p>\n","protected":false},"author":27,"featured_media":221797,"comment_status":"open","ping_status":"closed","sticky":false,"template":"","format":"standard","meta":{"_acf_changed":false,"footnotes":""},"categories":[443],"tags":[1562,10785,256,6160],"class_list":{"0":"post-221775","1":"post","2":"type-post","3":"status-publish","4":"format-standard","5":"has-post-thumbnail","7":"category-farandula","8":"tag-bebe","9":"tag-el-kamel","10":"tag-miami","11":"tag-reguetoneros-cubanos"},"acf":[],"yoast_head":"<!-- This site is optimized with the Yoast SEO plugin v27.5 - https:\/\/yoast.com\/product\/yoast-seo-wordpress\/ -->\n<title>\u201c\u00a1Lleg\u00f3 la hora!\u201d: El Kamel se convierte en pap\u00e1 por segunda vez y comparte la primera foto de su beb\u00e9 - Cuballama Noticias<\/title>\n<meta name=\"description\" content=\"El Kamel se convirti\u00f3 en padre por segunda vez y quiso compartir con sus seguidores la emoci\u00f3n de esta nueva etapa\" \/>\n<meta name=\"robots\" content=\"index, follow, max-snippet:-1, max-image-preview:large, max-video-preview:-1\" \/>\n<link rel=\"canonical\" href=\"https:\/\/www.cuballama.com\/noticias\/llego-la-hora-el-kamel-se-convierte-en-papa-por-segunda-vez-y-comparte-la-primera-foto-de-su-bebe\/\" \/>\n<meta property=\"og:locale\" content=\"es_ES\" \/>\n<meta property=\"og:type\" content=\"article\" \/>\n<meta property=\"og:title\" content=\"\u201c\u00a1Lleg\u00f3 la hora!\u201d: El Kamel se convierte en pap\u00e1 por segunda vez y comparte la primera foto de su beb\u00e9 - Cuballama Noticias\" \/>\n<meta property=\"og:description\" content=\"El Kamel se convirti\u00f3 en padre por segunda vez y quiso compartir con sus seguidores la emoci\u00f3n de esta nueva etapa\" \/>\n<meta property=\"og:url\" content=\"https:\/\/www.cuballama.com\/noticias\/llego-la-hora-el-kamel-se-convierte-en-papa-por-segunda-vez-y-comparte-la-primera-foto-de-su-bebe\/\" \/>\n<meta property=\"og:site_name\" content=\"Cuballama Noticias\" \/>\n<meta property=\"article:publisher\" content=\"https:\/\/www.facebook.com\/CubaLlama\" \/>\n<meta property=\"article:published_time\" content=\"2025-10-06T14:51:27+00:00\" \/>\n<meta property=\"article:modified_time\" content=\"2025-10-06T14:51:29+00:00\" \/>\n<meta property=\"og:image\" content=\"https:\/\/cdn1.mediawpaccore.net\/wp-content\/uploads\/2025\/10\/06102652\/WhatsApp-Image-2025-10-06-at-15.38.55.jpeg\" \/>\n\t<meta property=\"og:image:width\" content=\"1862\" \/>\n\t<meta property=\"og:image:height\" content=\"1293\" \/>\n\t<meta property=\"og:image:type\" content=\"image\/jpeg\" \/>\n<meta name=\"author\" content=\"Rafa\" \/>\n<meta name=\"twitter:card\" content=\"summary_large_image\" \/>\n<meta name=\"twitter:creator\" content=\"@cuballama\" \/>\n<meta name=\"twitter:site\" content=\"@cuballama\" \/>\n<meta name=\"twitter:label1\" content=\"Escrito por\" \/>\n\t<meta name=\"twitter:data1\" content=\"Rafa\" \/>\n\t<meta name=\"twitter:label2\" content=\"Tiempo de lectura\" \/>\n\t<meta name=\"twitter:data2\" content=\"3 minutos\" \/>\n<script type=\"application\/ld+json\" class=\"yoast-schema-graph\">{\"@context\":\"https:\\\/\\\/schema.org\",\"@graph\":[{\"@type\":\"Article\",\"@id\":\"https:\\\/\\\/www.cuballama.com\\\/noticias\\\/llego-la-hora-el-kamel-se-convierte-en-papa-por-segunda-vez-y-comparte-la-primera-foto-de-su-bebe\\\/#article\",\"isPartOf\":{\"@id\":\"https:\\\/\\\/www.cuballama.com\\\/noticias\\\/llego-la-hora-el-kamel-se-convierte-en-papa-por-segunda-vez-y-comparte-la-primera-foto-de-su-bebe\\\/\"},\"author\":{\"name\":\"Rafa\",\"@id\":\"https:\\\/\\\/www.cuballama.com\\\/noticias\\\/#\\\/schema\\\/person\\\/0f97914526a658755f00e59ec2a832f2\"},\"headline\":\"\u201c\u00a1Lleg\u00f3 la hora!\u201d: El Kamel se convierte en pap\u00e1 por segunda vez y comparte la primera foto de su beb\u00e9\",\"datePublished\":\"2025-10-06T14:51:27+00:00\",\"dateModified\":\"2025-10-06T14:51:29+00:00\",\"mainEntityOfPage\":{\"@id\":\"https:\\\/\\\/www.cuballama.com\\\/noticias\\\/llego-la-hora-el-kamel-se-convierte-en-papa-por-segunda-vez-y-comparte-la-primera-foto-de-su-bebe\\\/\"},\"wordCount\":492,\"commentCount\":0,\"publisher\":{\"@id\":\"https:\\\/\\\/www.cuballama.com\\\/noticias\\\/#organization\"},\"image\":{\"@id\":\"https:\\\/\\\/www.cuballama.com\\\/noticias\\\/llego-la-hora-el-kamel-se-convierte-en-papa-por-segunda-vez-y-comparte-la-primera-foto-de-su-bebe\\\/#primaryimage\"},\"thumbnailUrl\":\"https:\\\/\\\/cdn1.mediawpaccore.net\\\/wp-content\\\/uploads\\\/2025\\\/10\\\/06102652\\\/WhatsApp-Image-2025-10-06-at-15.38.55.jpeg\",\"keywords\":[\"Beb\u00e9\",\"El Kamel\",\"Miami\",\"Reguetoneros cubanos\"],\"articleSection\":[\"Far\u00e1ndula\"],\"inLanguage\":\"es\",\"potentialAction\":[{\"@type\":\"CommentAction\",\"name\":\"Comment\",\"target\":[\"https:\\\/\\\/www.cuballama.com\\\/noticias\\\/llego-la-hora-el-kamel-se-convierte-en-papa-por-segunda-vez-y-comparte-la-primera-foto-de-su-bebe\\\/#respond\"]}]},{\"@type\":\"WebPage\",\"@id\":\"https:\\\/\\\/www.cuballama.com\\\/noticias\\\/llego-la-hora-el-kamel-se-convierte-en-papa-por-segunda-vez-y-comparte-la-primera-foto-de-su-bebe\\\/\",\"url\":\"https:\\\/\\\/www.cuballama.com\\\/noticias\\\/llego-la-hora-el-kamel-se-convierte-en-papa-por-segunda-vez-y-comparte-la-primera-foto-de-su-bebe\\\/\",\"name\":\"\u201c\u00a1Lleg\u00f3 la hora!\u201d: El Kamel se convierte en pap\u00e1 por segunda vez y comparte la primera foto de su beb\u00e9 - Cuballama Noticias\",\"isPartOf\":{\"@id\":\"https:\\\/\\\/www.cuballama.com\\\/noticias\\\/#website\"},\"primaryImageOfPage\":{\"@id\":\"https:\\\/\\\/www.cuballama.com\\\/noticias\\\/llego-la-hora-el-kamel-se-convierte-en-papa-por-segunda-vez-y-comparte-la-primera-foto-de-su-bebe\\\/#primaryimage\"},\"image\":{\"@id\":\"https:\\\/\\\/www.cuballama.com\\\/noticias\\\/llego-la-hora-el-kamel-se-convierte-en-papa-por-segunda-vez-y-comparte-la-primera-foto-de-su-bebe\\\/#primaryimage\"},\"thumbnailUrl\":\"https:\\\/\\\/cdn1.mediawpaccore.net\\\/wp-content\\\/uploads\\\/2025\\\/10\\\/06102652\\\/WhatsApp-Image-2025-10-06-at-15.38.55.jpeg\",\"datePublished\":\"2025-10-06T14:51:27+00:00\",\"dateModified\":\"2025-10-06T14:51:29+00:00\",\"description\":\"El Kamel se convirti\u00f3 en padre por segunda vez y quiso compartir con sus seguidores la emoci\u00f3n de esta nueva etapa\",\"breadcrumb\":{\"@id\":\"https:\\\/\\\/www.cuballama.com\\\/noticias\\\/llego-la-hora-el-kamel-se-convierte-en-papa-por-segunda-vez-y-comparte-la-primera-foto-de-su-bebe\\\/#breadcrumb\"},\"inLanguage\":\"es\",\"potentialAction\":[{\"@type\":\"ReadAction\",\"target\":[\"https:\\\/\\\/www.cuballama.com\\\/noticias\\\/llego-la-hora-el-kamel-se-convierte-en-papa-por-segunda-vez-y-comparte-la-primera-foto-de-su-bebe\\\/\"]}]},{\"@type\":\"ImageObject\",\"inLanguage\":\"es\",\"@id\":\"https:\\\/\\\/www.cuballama.com\\\/noticias\\\/llego-la-hora-el-kamel-se-convierte-en-papa-por-segunda-vez-y-comparte-la-primera-foto-de-su-bebe\\\/#primaryimage\",\"url\":\"https:\\\/\\\/cdn1.mediawpaccore.net\\\/wp-content\\\/uploads\\\/2025\\\/10\\\/06102652\\\/WhatsApp-Image-2025-10-06-at-15.38.55.jpeg\",\"contentUrl\":\"https:\\\/\\\/cdn1.mediawpaccore.net\\\/wp-content\\\/uploads\\\/2025\\\/10\\\/06102652\\\/WhatsApp-Image-2025-10-06-at-15.38.55.jpeg\",\"width\":1862,\"height\":1293,\"caption\":\"Foto: El Kamel\\\/Instagram\"},{\"@type\":\"BreadcrumbList\",\"@id\":\"https:\\\/\\\/www.cuballama.com\\\/noticias\\\/llego-la-hora-el-kamel-se-convierte-en-papa-por-segunda-vez-y-comparte-la-primera-foto-de-su-bebe\\\/#breadcrumb\",\"itemListElement\":[{\"@type\":\"ListItem\",\"position\":1,\"name\":\"Home\",\"item\":\"https:\\\/\\\/www.cuballama.com\\\/noticias\\\/\"},{\"@type\":\"ListItem\",\"position\":2,\"name\":\"\u201c\u00a1Lleg\u00f3 la hora!\u201d: El Kamel se convierte en pap\u00e1 por segunda vez y comparte la primera foto de su beb\u00e9\"}]},{\"@type\":\"WebSite\",\"@id\":\"https:\\\/\\\/www.cuballama.com\\\/noticias\\\/#website\",\"url\":\"https:\\\/\\\/www.cuballama.com\\\/noticias\\\/\",\"name\":\"Cuballama Noticias\",\"description\":\"Medio digital sobre Cuba y el mundo\",\"publisher\":{\"@id\":\"https:\\\/\\\/www.cuballama.com\\\/noticias\\\/#organization\"},\"potentialAction\":[{\"@type\":\"SearchAction\",\"target\":{\"@type\":\"EntryPoint\",\"urlTemplate\":\"https:\\\/\\\/www.cuballama.com\\\/noticias\\\/?s={search_term_string}\"},\"query-input\":{\"@type\":\"PropertyValueSpecification\",\"valueRequired\":true,\"valueName\":\"search_term_string\"}}],\"inLanguage\":\"es\"},{\"@type\":\"Organization\",\"@id\":\"https:\\\/\\\/www.cuballama.com\\\/noticias\\\/#organization\",\"name\":\"Cuballama\",\"url\":\"https:\\\/\\\/www.cuballama.com\\\/noticias\\\/\",\"logo\":{\"@type\":\"ImageObject\",\"inLanguage\":\"es\",\"@id\":\"https:\\\/\\\/www.cuballama.com\\\/noticias\\\/#\\\/schema\\\/logo\\\/image\\\/\",\"url\":\"https:\\\/\\\/cdn1.mediawpaccore.net\\\/wp-content\\\/uploads\\\/2021\\\/12\\\/28171206\\\/cbll-logo-color-sm.png\",\"contentUrl\":\"https:\\\/\\\/cdn1.mediawpaccore.net\\\/wp-content\\\/uploads\\\/2021\\\/12\\\/28171206\\\/cbll-logo-color-sm.png\",\"width\":600,\"height\":133,\"caption\":\"Cuballama\"},\"image\":{\"@id\":\"https:\\\/\\\/www.cuballama.com\\\/noticias\\\/#\\\/schema\\\/logo\\\/image\\\/\"},\"sameAs\":[\"https:\\\/\\\/www.facebook.com\\\/CubaLlama\",\"https:\\\/\\\/x.com\\\/cuballama\",\"https:\\\/\\\/www.instagram.com\\\/stories\\\/cuballama_oficial\\\/\",\"https:\\\/\\\/www.youtube.com\\\/channel\\\/UCKkFE-d_axENGZcrc4as0IA\"]},{\"@type\":\"Person\",\"@id\":\"https:\\\/\\\/www.cuballama.com\\\/noticias\\\/#\\\/schema\\\/person\\\/0f97914526a658755f00e59ec2a832f2\",\"name\":\"Rafa\",\"url\":\"https:\\\/\\\/www.cuballama.com\\\/noticias\\\/author\\\/rafa\\\/\"}]}<\/script>\n<!-- \/ Yoast SEO plugin. -->","yoast_head_json":{"title":"\u201c\u00a1Lleg\u00f3 la hora!\u201d: El Kamel se convierte en pap\u00e1 por segunda vez y comparte la primera foto de su beb\u00e9 - Cuballama Noticias","description":"El Kamel se convirti\u00f3 en padre por segunda vez y quiso compartir con sus seguidores la emoci\u00f3n de esta nueva etapa","robots":{"index":"index","follow":"follow","max-snippet":"max-snippet:-1","max-image-preview":"max-image-preview:large","max-video-preview":"max-video-preview:-1"},"canonical":"https:\/\/www.cuballama.com\/noticias\/llego-la-hora-el-kamel-se-convierte-en-papa-por-segunda-vez-y-comparte-la-primera-foto-de-su-bebe\/","og_locale":"es_ES","og_type":"article","og_title":"\u201c\u00a1Lleg\u00f3 la hora!\u201d: El Kamel se convierte en pap\u00e1 por segunda vez y comparte la primera foto de su beb\u00e9 - Cuballama Noticias","og_description":"El Kamel se convirti\u00f3 en padre por segunda vez y quiso compartir con sus seguidores la emoci\u00f3n de esta nueva etapa","og_url":"https:\/\/www.cuballama.com\/noticias\/llego-la-hora-el-kamel-se-convierte-en-papa-por-segunda-vez-y-comparte-la-primera-foto-de-su-bebe\/","og_site_name":"Cuballama Noticias","article_publisher":"https:\/\/www.facebook.com\/CubaLlama","article_published_time":"2025-10-06T14:51:27+00:00","article_modified_time":"2025-10-06T14:51:29+00:00","og_image":[{"width":1862,"height":1293,"url":"https:\/\/cdn1.mediawpaccore.net\/wp-content\/uploads\/2025\/10\/06102652\/WhatsApp-Image-2025-10-06-at-15.38.55.jpeg","type":"image\/jpeg"}],"author":"Rafa","twitter_card":"summary_large_image","twitter_creator":"@cuballama","twitter_site":"@cuballama","twitter_misc":{"Escrito por":"Rafa","Tiempo de lectura":"3 minutos"},"schema":{"@context":"https:\/\/schema.org","@graph":[{"@type":"Article","@id":"https:\/\/www.cuballama.com\/noticias\/llego-la-hora-el-kamel-se-convierte-en-papa-por-segunda-vez-y-comparte-la-primera-foto-de-su-bebe\/#article","isPartOf":{"@id":"https:\/\/www.cuballama.com\/noticias\/llego-la-hora-el-kamel-se-convierte-en-papa-por-segunda-vez-y-comparte-la-primera-foto-de-su-bebe\/"},"author":{"name":"Rafa","@id":"https:\/\/www.cuballama.com\/noticias\/#\/schema\/person\/0f97914526a658755f00e59ec2a832f2"},"headline":"\u201c\u00a1Lleg\u00f3 la hora!\u201d: El Kamel se convierte en pap\u00e1 por segunda vez y comparte la primera foto de su beb\u00e9","datePublished":"2025-10-06T14:51:27+00:00","dateModified":"2025-10-06T14:51:29+00:00","mainEntityOfPage":{"@id":"https:\/\/www.cuballama.com\/noticias\/llego-la-hora-el-kamel-se-convierte-en-papa-por-segunda-vez-y-comparte-la-primera-foto-de-su-bebe\/"},"wordCount":492,"commentCount":0,"publisher":{"@id":"https:\/\/www.cuballama.com\/noticias\/#organization"},"image":{"@id":"https:\/\/www.cuballama.com\/noticias\/llego-la-hora-el-kamel-se-convierte-en-papa-por-segunda-vez-y-comparte-la-primera-foto-de-su-bebe\/#primaryimage"},"thumbnailUrl":"https:\/\/cdn1.mediawpaccore.net\/wp-content\/uploads\/2025\/10\/06102652\/WhatsApp-Image-2025-10-06-at-15.38.55.jpeg","keywords":["Beb\u00e9","El Kamel","Miami","Reguetoneros cubanos"],"articleSection":["Far\u00e1ndula"],"inLanguage":"es","potentialAction":[{"@type":"CommentAction","name":"Comment","target":["https:\/\/www.cuballama.com\/noticias\/llego-la-hora-el-kamel-se-convierte-en-papa-por-segunda-vez-y-comparte-la-primera-foto-de-su-bebe\/#respond"]}]},{"@type":"WebPage","@id":"https:\/\/www.cuballama.com\/noticias\/llego-la-hora-el-kamel-se-convierte-en-papa-por-segunda-vez-y-comparte-la-primera-foto-de-su-bebe\/","url":"https:\/\/www.cuballama.com\/noticias\/llego-la-hora-el-kamel-se-convierte-en-papa-por-segunda-vez-y-comparte-la-primera-foto-de-su-bebe\/","name":"\u201c\u00a1Lleg\u00f3 la hora!\u201d: El Kamel se convierte en pap\u00e1 por segunda vez y comparte la primera foto de su beb\u00e9 - Cuballama Noticias","isPartOf":{"@id":"https:\/\/www.cuballama.com\/noticias\/#website"},"primaryImageOfPage":{"@id":"https:\/\/www.cuballama.com\/noticias\/llego-la-hora-el-kamel-se-convierte-en-papa-por-segunda-vez-y-comparte-la-primera-foto-de-su-bebe\/#primaryimage"},"image":{"@id":"https:\/\/www.cuballama.com\/noticias\/llego-la-hora-el-kamel-se-convierte-en-papa-por-segunda-vez-y-comparte-la-primera-foto-de-su-bebe\/#primaryimage"},"thumbnailUrl":"https:\/\/cdn1.mediawpaccore.net\/wp-content\/uploads\/2025\/10\/06102652\/WhatsApp-Image-2025-10-06-at-15.38.55.jpeg","datePublished":"2025-10-06T14:51:27+00:00","dateModified":"2025-10-06T14:51:29+00:00","description":"El Kamel se convirti\u00f3 en padre por segunda vez y quiso compartir con sus seguidores la emoci\u00f3n de esta nueva etapa","breadcrumb":{"@id":"https:\/\/www.cuballama.com\/noticias\/llego-la-hora-el-kamel-se-convierte-en-papa-por-segunda-vez-y-comparte-la-primera-foto-de-su-bebe\/#breadcrumb"},"inLanguage":"es","potentialAction":[{"@type":"ReadAction","target":["https:\/\/www.cuballama.com\/noticias\/llego-la-hora-el-kamel-se-convierte-en-papa-por-segunda-vez-y-comparte-la-primera-foto-de-su-bebe\/"]}]},{"@type":"ImageObject","inLanguage":"es","@id":"https:\/\/www.cuballama.com\/noticias\/llego-la-hora-el-kamel-se-convierte-en-papa-por-segunda-vez-y-comparte-la-primera-foto-de-su-bebe\/#primaryimage","url":"https:\/\/cdn1.mediawpaccore.net\/wp-content\/uploads\/2025\/10\/06102652\/WhatsApp-Image-2025-10-06-at-15.38.55.jpeg","contentUrl":"https:\/\/cdn1.mediawpaccore.net\/wp-content\/uploads\/2025\/10\/06102652\/WhatsApp-Image-2025-10-06-at-15.38.55.jpeg","width":1862,"height":1293,"caption":"Foto: El Kamel\/Instagram"},{"@type":"BreadcrumbList","@id":"https:\/\/www.cuballama.com\/noticias\/llego-la-hora-el-kamel-se-convierte-en-papa-por-segunda-vez-y-comparte-la-primera-foto-de-su-bebe\/#breadcrumb","itemListElement":[{"@type":"ListItem","position":1,"name":"Home","item":"https:\/\/www.cuballama.com\/noticias\/"},{"@type":"ListItem","position":2,"name":"\u201c\u00a1Lleg\u00f3 la hora!\u201d: El Kamel se convierte en pap\u00e1 por segunda vez y comparte la primera foto de su beb\u00e9"}]},{"@type":"WebSite","@id":"https:\/\/www.cuballama.com\/noticias\/#website","url":"https:\/\/www.cuballama.com\/noticias\/","name":"Cuballama Noticias","description":"Medio digital sobre Cuba y el mundo","publisher":{"@id":"https:\/\/www.cuballama.com\/noticias\/#organization"},"potentialAction":[{"@type":"SearchAction","target":{"@type":"EntryPoint","urlTemplate":"https:\/\/www.cuballama.com\/noticias\/?s={search_term_string}"},"query-input":{"@type":"PropertyValueSpecification","valueRequired":true,"valueName":"search_term_string"}}],"inLanguage":"es"},{"@type":"Organization","@id":"https:\/\/www.cuballama.com\/noticias\/#organization","name":"Cuballama","url":"https:\/\/www.cuballama.com\/noticias\/","logo":{"@type":"ImageObject","inLanguage":"es","@id":"https:\/\/www.cuballama.com\/noticias\/#\/schema\/logo\/image\/","url":"https:\/\/cdn1.mediawpaccore.net\/wp-content\/uploads\/2021\/12\/28171206\/cbll-logo-color-sm.png","contentUrl":"https:\/\/cdn1.mediawpaccore.net\/wp-content\/uploads\/2021\/12\/28171206\/cbll-logo-color-sm.png","width":600,"height":133,"caption":"Cuballama"},"image":{"@id":"https:\/\/www.cuballama.com\/noticias\/#\/schema\/logo\/image\/"},"sameAs":["https:\/\/www.facebook.com\/CubaLlama","https:\/\/x.com\/cuballama","https:\/\/www.instagram.com\/stories\/cuballama_oficial\/","https:\/\/www.youtube.com\/channel\/UCKkFE-d_axENGZcrc4as0IA"]},{"@type":"Person","@id":"https:\/\/www.cuballama.com\/noticias\/#\/schema\/person\/0f97914526a658755f00e59ec2a832f2","name":"Rafa","url":"https:\/\/www.cuballama.com\/noticias\/author\/rafa\/"}]}},"_links":{"self":[{"href":"https:\/\/www.cuballama.com\/noticias\/wp-json\/wp\/v2\/posts\/221775","targetHints":{"allow":["GET"]}}],"collection":[{"href":"https:\/\/www.cuballama.com\/noticias\/wp-json\/wp\/v2\/posts"}],"about":[{"href":"https:\/\/www.cuballama.com\/noticias\/wp-json\/wp\/v2\/types\/post"}],"author":[{"embeddable":true,"href":"https:\/\/www.cuballama.com\/noticias\/wp-json\/wp\/v2\/users\/27"}],"replies":[{"embeddable":true,"href":"https:\/\/www.cuballama.com\/noticias\/wp-json\/wp\/v2\/comments?post=221775"}],"version-history":[{"count":1,"href":"https:\/\/www.cuballama.com\/noticias\/wp-json\/wp\/v2\/posts\/221775\/revisions"}],"predecessor-version":[{"id":221808,"href":"https:\/\/www.cuballama.com\/noticias\/wp-json\/wp\/v2\/posts\/221775\/revisions\/221808"}],"wp:featuredmedia":[{"embeddable":true,"href":"https:\/\/www.cuballama.com\/noticias\/wp-json\/wp\/v2\/media\/221797"}],"wp:attachment":[{"href":"https:\/\/www.cuballama.com\/noticias\/wp-json\/wp\/v2\/media?parent=221775"}],"wp:term":[{"taxonomy":"category","embeddable":true,"href":"https:\/\/www.cuballama.com\/noticias\/wp-json\/wp\/v2\/categories?post=221775"},{"taxonomy":"post_tag","embeddable":true,"href":"https:\/\/www.cuballama.com\/noticias\/wp-json\/wp\/v2\/tags?post=221775"}],"curies":[{"name":"wp","href":"https:\/\/api.w.org\/{rel}","templated":true}]}}