{"id":221695,"date":"2025-10-04T10:03:15","date_gmt":"2025-10-04T14:03:15","guid":{"rendered":"https:\/\/www.cuballama.com\/noticias\/?p=221695"},"modified":"2025-10-04T10:09:12","modified_gmt":"2025-10-04T14:09:12","slug":"madre-de-adolescente-que-murio-en-el-servicio-militar-en-cuba-exige-respuestas","status":"publish","type":"post","link":"https:\/\/www.cuballama.com\/noticias\/madre-de-adolescente-que-murio-en-el-servicio-militar-en-cuba-exige-respuestas\/","title":{"rendered":"Madre de adolescente que muri\u00f3 en el Servicio Militar en Cuba exige respuestas"},"content":{"rendered":"\n<p>La madre de Antonio Rassi Roque, quien falleci\u00f3 <a href=\"https:\/\/www.cuballama.com\/noticias\/muere-otro-joven-cubano-en-el-servicio-militar-obligatorio\/?srsltid=AfmBOoqNxgZiTuQRmbiwncJs6JCcZcdzlI-Fhvh_TEbtGSvvK7O5tyW_\" target=\"_blank\" rel=\"noreferrer noopener\">el pasado 18 de agosto<\/a> en la Unidad Militar del Calvario, en La Habana, mientras pasaba el Servicio Militar Obligatorio, sigue exigiendo explicaciones a las autoridades sobre la muerte del recluta adolescente.<\/p>\n\n\n\n<p>\u201cMe present\u00e9 los d\u00edas 15 y 24, donde no se me atendi\u00f3. Vuelvo a la instituci\u00f3n el 30 de septiembre de 2025, donde no pensaban recibirme y, por mi insistencia y al decir que no me retirar\u00eda de la Unidad, enviaron una comisi\u00f3n con un teniente coronel por parte de la Fiscal\u00eda, que nada tiene que ver militarmente con lo sucedido, pues su funci\u00f3n es solo para las conclusiones del caso\u201d, relat\u00f3 la madre, Mercedes Roque, en una carta enviada al periodista Mario J. Pent\u00f3n.<\/p>\n\n\n\n<p>\u201cPor la parte militar se presentaron un coronel y un teniente coronel que nunca hab\u00eda visto antes, pues no son ni el jefe de la Unidad 50 ni el pol\u00edtico a cargo, a quienes entregu\u00e9 a mi hijo el 28 de julio\u201d, dijo la mujer que sigue cuestionando por qu\u00e9 no le han dado la cara los responsables directos de su hijo, que muri\u00f3 con apenas 18 a\u00f1os de edad.&nbsp;<\/p>\n\n\n\n<p>\u201cRespaldada por la Constituci\u00f3n de este pa\u00eds, estoy en mi derecho de exigir que se me brinde una junta con el jefe de la unidad, el pol\u00edtico de la unidad, el jefe de pelot\u00f3n y el oficial que estaba el 18 de agosto al frente de la guardia de Antonio Rassi\u201d, se\u00f1al\u00f3 al exigir claridad.<\/p>\n\n\n\n<iframe loading=\"lazy\" src=\"https:\/\/www.facebook.com\/plugins\/post.php?href=https%3A%2F%2Fwww.facebook.com%2FMarioJPenton%2Fposts%2Fpfbid02JQrNz8y9MiYFc5cQwEkpKaD26dzCSHkSGP88HvxHKUYMy8MMXR3RGKvhcD3rGRArl&#038;show_text=true&#038;width=500\" width=\"500\" height=\"736\" style=\"border:none;overflow:hidden\" scrolling=\"no\" frameborder=\"0\" allowfullscreen=\"true\" allow=\"autoplay; clipboard-write; encrypted-media; picture-in-picture; web-share\"><\/iframe>\n\n\n\n<p>Pese a que los funcionarios cubanos insisten en que \u201cse maneja todo con total transparencia\u201d y que la muerte del joven Rassi fue \u201cpor decisi\u00f3n propia\u201d, para su madre result\u00f3, \u201csimple y llanamente\u201d, \u201cla reacci\u00f3n a una acci\u00f3n provocada en la unidad\u201d.<\/p>\n\n\n\n<p>\u201c\u00bfD\u00f3nde estaban los funcionarios a cargo de Antonio Rassi que no vieron su estado depresivo, falta de aseo y el uniforme sucio, ya que ten\u00eda uno solo? Incluso, el propio pol\u00edtico expres\u00f3 en la primera junta del 25 de agosto que \u00e9l mismo mand\u00f3 a lavar el uniforme. \u00bfPor qu\u00e9 no se me llam\u00f3 para informar lo que estaba pasando con Antonio Rassi?\u201d, son algunas de las interrogantes de esta cubana.<\/p>\n\n\n\n<p>\u201cPor criterios de soldados, no solo de la 50 del Calvario, me dicen que \u00e9l no pod\u00eda controlar el sue\u00f1o. Si ellos, que son j\u00f3venes, se percataron del estado de Antonio, \u00bfc\u00f3mo es posible que los encargados de su cuidado no lo hayan visto? Pregunto: \u00bfqu\u00e9 ocurri\u00f3 desde las 8:55 de la ma\u00f1ana, hora en que mi hijo me llam\u00f3 diciendo que entraba a la guardia, hasta las 2:45 de la tarde? Ellos, tanto como yo, sabemos que algo ocurri\u00f3\u201d, expres\u00f3.<\/p>\n\n\n\n<p><a href=\"https:\/\/www.cuballama.com\/noticias\/revelan-detalles-sobre-muerte-de-joven-cubano-en-servicio-militar-obligatorio\/?srsltid=AfmBOop7CjTQ55G5_4wtMkejyC72ETce6D2u1GNVMZgP92LUJy8Rd3q-\" target=\"_blank\" rel=\"noreferrer noopener\">La muerte de Rassi<\/a> fue confirmada a <em>CubaNet <\/em>por el padre de otro recluta que lo acompa\u00f1aba, quien asegur\u00f3 que el joven \u201cse dispar\u00f3 quit\u00e1ndose la vida, seg\u00fan informaron a los otros soldados\u201d.\u00a0<\/p>\n\n\n\n<p>La misma fuente detall\u00f3 que \u201cla \u00faltima semana Antonio no se ba\u00f1aba\u201d. \u201cLe requer\u00edan pero andaba mal oliente. Era notable que se estaba descomponiendo su salud mental. Nadie observa esto y muchos chicos hacen rechazo enorme al Servicio Militar Obligatorio. Y lo peor, le dan un arma sin estar apto ni analizar su situaci\u00f3n psicol\u00f3gica\u201d, lament\u00f3.<\/p>\n\n\n\n<p>Inicialmente, otras fuentes aseguraron entonces que Rassi \u201cse dispar\u00f3 accidentalmente\u201d porque \u201cno sab\u00eda c\u00f3mo usar el arma\u201d, ya que \u201cllevaba menos de un mes en la unidad\u201d.<\/p>\n\n\n\n<p><\/p>\n","protected":false},"excerpt":{"rendered":"<p>\u201c\u00bfD\u00f3nde estaban los funcionarios a cargo de Antonio Rassi que no vieron su estado depresivo?\u201d, se pregunta la madre del muchacho fallecido. <\/p>\n","protected":false},"author":30,"featured_media":221698,"comment_status":"open","ping_status":"closed","sticky":false,"template":"","format":"standard","meta":{"_acf_changed":false,"footnotes":""},"categories":[18,955],"tags":[19636,941,26599,6547],"class_list":{"0":"post-221695","1":"post","2":"type-post","3":"status-publish","4":"format-standard","5":"has-post-thumbnail","7":"category-noticias","8":"category-noticias-de-cuba","9":"tag-adolescente-cubano","10":"tag-destacado","11":"tag-joven-fallecido","12":"tag-servicio-militar-obligatorio"},"acf":[],"yoast_head":"<!-- This site is optimized with the Yoast SEO plugin v27.5 - https:\/\/yoast.com\/product\/yoast-seo-wordpress\/ -->\n<title>Madre de adolescente que muri\u00f3 en el Servicio Militar en Cuba exige respuestas - Cuballama Noticias<\/title>\n<meta name=\"description\" content=\"La madre de un adolescente que muri\u00f3 mientras pasaba el Servicio Militar en Cuba sigue exigiendo explicaciones a las autoridades.\" \/>\n<meta name=\"robots\" content=\"index, follow, max-snippet:-1, max-image-preview:large, max-video-preview:-1\" \/>\n<link rel=\"canonical\" href=\"https:\/\/www.cuballama.com\/noticias\/madre-de-adolescente-que-murio-en-el-servicio-militar-en-cuba-exige-respuestas\/\" \/>\n<meta property=\"og:locale\" content=\"es_ES\" \/>\n<meta property=\"og:type\" content=\"article\" \/>\n<meta property=\"og:title\" content=\"Madre de adolescente que muri\u00f3 en el Servicio Militar en Cuba exige respuestas - Cuballama Noticias\" \/>\n<meta property=\"og:description\" content=\"La madre de un adolescente que muri\u00f3 mientras pasaba el Servicio Militar en Cuba sigue exigiendo explicaciones a las autoridades.\" \/>\n<meta property=\"og:url\" content=\"https:\/\/www.cuballama.com\/noticias\/madre-de-adolescente-que-murio-en-el-servicio-militar-en-cuba-exige-respuestas\/\" \/>\n<meta property=\"og:site_name\" content=\"Cuballama Noticias\" \/>\n<meta property=\"article:publisher\" content=\"https:\/\/www.facebook.com\/CubaLlama\" \/>\n<meta property=\"article:published_time\" content=\"2025-10-04T14:03:15+00:00\" \/>\n<meta property=\"article:modified_time\" content=\"2025-10-04T14:09:12+00:00\" \/>\n<meta property=\"og:image\" content=\"https:\/\/cdn1.mediawpaccore.net\/wp-content\/uploads\/2025\/10\/04081416\/558691268_1360909155657924_7362465132966150992_n1.jpg\" \/>\n\t<meta property=\"og:image:width\" content=\"1200\" \/>\n\t<meta property=\"og:image:height\" content=\"630\" \/>\n\t<meta property=\"og:image:type\" content=\"image\/jpeg\" \/>\n<meta name=\"author\" content=\"Kathy\" \/>\n<meta name=\"twitter:card\" content=\"summary_large_image\" \/>\n<meta name=\"twitter:creator\" content=\"@cuballama\" \/>\n<meta name=\"twitter:site\" content=\"@cuballama\" \/>\n<meta name=\"twitter:label1\" content=\"Escrito por\" \/>\n\t<meta name=\"twitter:data1\" content=\"Kathy\" \/>\n\t<meta name=\"twitter:label2\" content=\"Tiempo de lectura\" \/>\n\t<meta name=\"twitter:data2\" content=\"3 minutos\" \/>\n<script type=\"application\/ld+json\" class=\"yoast-schema-graph\">{\"@context\":\"https:\\\/\\\/schema.org\",\"@graph\":[{\"@type\":\"Article\",\"@id\":\"https:\\\/\\\/www.cuballama.com\\\/noticias\\\/madre-de-adolescente-que-murio-en-el-servicio-militar-en-cuba-exige-respuestas\\\/#article\",\"isPartOf\":{\"@id\":\"https:\\\/\\\/www.cuballama.com\\\/noticias\\\/madre-de-adolescente-que-murio-en-el-servicio-militar-en-cuba-exige-respuestas\\\/\"},\"author\":{\"name\":\"Kathy\",\"@id\":\"https:\\\/\\\/www.cuballama.com\\\/noticias\\\/#\\\/schema\\\/person\\\/86cd3e3f4974437f031211213bf892d5\"},\"headline\":\"Madre de adolescente que muri\u00f3 en el Servicio Militar en Cuba exige respuestas\",\"datePublished\":\"2025-10-04T14:03:15+00:00\",\"dateModified\":\"2025-10-04T14:09:12+00:00\",\"mainEntityOfPage\":{\"@id\":\"https:\\\/\\\/www.cuballama.com\\\/noticias\\\/madre-de-adolescente-que-murio-en-el-servicio-militar-en-cuba-exige-respuestas\\\/\"},\"wordCount\":596,\"commentCount\":0,\"publisher\":{\"@id\":\"https:\\\/\\\/www.cuballama.com\\\/noticias\\\/#organization\"},\"image\":{\"@id\":\"https:\\\/\\\/www.cuballama.com\\\/noticias\\\/madre-de-adolescente-que-murio-en-el-servicio-militar-en-cuba-exige-respuestas\\\/#primaryimage\"},\"thumbnailUrl\":\"https:\\\/\\\/cdn1.mediawpaccore.net\\\/wp-content\\\/uploads\\\/2025\\\/10\\\/04081416\\\/558691268_1360909155657924_7362465132966150992_n1.jpg\",\"keywords\":[\"adolescente cubano\",\"destacado\",\"joven fallecido\",\"Servicio Militar Obligatorio\"],\"articleSection\":[\"Noticias\",\"Noticias de Cuba\"],\"inLanguage\":\"es\",\"potentialAction\":[{\"@type\":\"CommentAction\",\"name\":\"Comment\",\"target\":[\"https:\\\/\\\/www.cuballama.com\\\/noticias\\\/madre-de-adolescente-que-murio-en-el-servicio-militar-en-cuba-exige-respuestas\\\/#respond\"]}]},{\"@type\":\"WebPage\",\"@id\":\"https:\\\/\\\/www.cuballama.com\\\/noticias\\\/madre-de-adolescente-que-murio-en-el-servicio-militar-en-cuba-exige-respuestas\\\/\",\"url\":\"https:\\\/\\\/www.cuballama.com\\\/noticias\\\/madre-de-adolescente-que-murio-en-el-servicio-militar-en-cuba-exige-respuestas\\\/\",\"name\":\"Madre de adolescente que muri\u00f3 en el Servicio Militar en Cuba exige respuestas - Cuballama Noticias\",\"isPartOf\":{\"@id\":\"https:\\\/\\\/www.cuballama.com\\\/noticias\\\/#website\"},\"primaryImageOfPage\":{\"@id\":\"https:\\\/\\\/www.cuballama.com\\\/noticias\\\/madre-de-adolescente-que-murio-en-el-servicio-militar-en-cuba-exige-respuestas\\\/#primaryimage\"},\"image\":{\"@id\":\"https:\\\/\\\/www.cuballama.com\\\/noticias\\\/madre-de-adolescente-que-murio-en-el-servicio-militar-en-cuba-exige-respuestas\\\/#primaryimage\"},\"thumbnailUrl\":\"https:\\\/\\\/cdn1.mediawpaccore.net\\\/wp-content\\\/uploads\\\/2025\\\/10\\\/04081416\\\/558691268_1360909155657924_7362465132966150992_n1.jpg\",\"datePublished\":\"2025-10-04T14:03:15+00:00\",\"dateModified\":\"2025-10-04T14:09:12+00:00\",\"description\":\"La madre de un adolescente que muri\u00f3 mientras pasaba el Servicio Militar en Cuba sigue exigiendo explicaciones a las autoridades.\",\"breadcrumb\":{\"@id\":\"https:\\\/\\\/www.cuballama.com\\\/noticias\\\/madre-de-adolescente-que-murio-en-el-servicio-militar-en-cuba-exige-respuestas\\\/#breadcrumb\"},\"inLanguage\":\"es\",\"potentialAction\":[{\"@type\":\"ReadAction\",\"target\":[\"https:\\\/\\\/www.cuballama.com\\\/noticias\\\/madre-de-adolescente-que-murio-en-el-servicio-militar-en-cuba-exige-respuestas\\\/\"]}]},{\"@type\":\"ImageObject\",\"inLanguage\":\"es\",\"@id\":\"https:\\\/\\\/www.cuballama.com\\\/noticias\\\/madre-de-adolescente-que-murio-en-el-servicio-militar-en-cuba-exige-respuestas\\\/#primaryimage\",\"url\":\"https:\\\/\\\/cdn1.mediawpaccore.net\\\/wp-content\\\/uploads\\\/2025\\\/10\\\/04081416\\\/558691268_1360909155657924_7362465132966150992_n1.jpg\",\"contentUrl\":\"https:\\\/\\\/cdn1.mediawpaccore.net\\\/wp-content\\\/uploads\\\/2025\\\/10\\\/04081416\\\/558691268_1360909155657924_7362465132966150992_n1.jpg\",\"width\":1200,\"height\":630,\"caption\":\"Antonio Rassi Roque. Foto: Facebook\\\/Mario J. Pent\u00f3n.\"},{\"@type\":\"BreadcrumbList\",\"@id\":\"https:\\\/\\\/www.cuballama.com\\\/noticias\\\/madre-de-adolescente-que-murio-en-el-servicio-militar-en-cuba-exige-respuestas\\\/#breadcrumb\",\"itemListElement\":[{\"@type\":\"ListItem\",\"position\":1,\"name\":\"Home\",\"item\":\"https:\\\/\\\/www.cuballama.com\\\/noticias\\\/\"},{\"@type\":\"ListItem\",\"position\":2,\"name\":\"Madre de adolescente que muri\u00f3 en el Servicio Militar en Cuba exige respuestas\"}]},{\"@type\":\"WebSite\",\"@id\":\"https:\\\/\\\/www.cuballama.com\\\/noticias\\\/#website\",\"url\":\"https:\\\/\\\/www.cuballama.com\\\/noticias\\\/\",\"name\":\"Cuballama Noticias\",\"description\":\"Medio digital sobre Cuba y el mundo\",\"publisher\":{\"@id\":\"https:\\\/\\\/www.cuballama.com\\\/noticias\\\/#organization\"},\"potentialAction\":[{\"@type\":\"SearchAction\",\"target\":{\"@type\":\"EntryPoint\",\"urlTemplate\":\"https:\\\/\\\/www.cuballama.com\\\/noticias\\\/?s={search_term_string}\"},\"query-input\":{\"@type\":\"PropertyValueSpecification\",\"valueRequired\":true,\"valueName\":\"search_term_string\"}}],\"inLanguage\":\"es\"},{\"@type\":\"Organization\",\"@id\":\"https:\\\/\\\/www.cuballama.com\\\/noticias\\\/#organization\",\"name\":\"Cuballama\",\"url\":\"https:\\\/\\\/www.cuballama.com\\\/noticias\\\/\",\"logo\":{\"@type\":\"ImageObject\",\"inLanguage\":\"es\",\"@id\":\"https:\\\/\\\/www.cuballama.com\\\/noticias\\\/#\\\/schema\\\/logo\\\/image\\\/\",\"url\":\"https:\\\/\\\/cdn1.mediawpaccore.net\\\/wp-content\\\/uploads\\\/2021\\\/12\\\/28171206\\\/cbll-logo-color-sm.png\",\"contentUrl\":\"https:\\\/\\\/cdn1.mediawpaccore.net\\\/wp-content\\\/uploads\\\/2021\\\/12\\\/28171206\\\/cbll-logo-color-sm.png\",\"width\":600,\"height\":133,\"caption\":\"Cuballama\"},\"image\":{\"@id\":\"https:\\\/\\\/www.cuballama.com\\\/noticias\\\/#\\\/schema\\\/logo\\\/image\\\/\"},\"sameAs\":[\"https:\\\/\\\/www.facebook.com\\\/CubaLlama\",\"https:\\\/\\\/x.com\\\/cuballama\",\"https:\\\/\\\/www.instagram.com\\\/stories\\\/cuballama_oficial\\\/\",\"https:\\\/\\\/www.youtube.com\\\/channel\\\/UCKkFE-d_axENGZcrc4as0IA\"]},{\"@type\":\"Person\",\"@id\":\"https:\\\/\\\/www.cuballama.com\\\/noticias\\\/#\\\/schema\\\/person\\\/86cd3e3f4974437f031211213bf892d5\",\"name\":\"Kathy\",\"url\":\"https:\\\/\\\/www.cuballama.com\\\/noticias\\\/author\\\/kathy\\\/\"}]}<\/script>\n<!-- \/ Yoast SEO plugin. -->","yoast_head_json":{"title":"Madre de adolescente que muri\u00f3 en el Servicio Militar en Cuba exige respuestas - Cuballama Noticias","description":"La madre de un adolescente que muri\u00f3 mientras pasaba el Servicio Militar en Cuba sigue exigiendo explicaciones a las autoridades.","robots":{"index":"index","follow":"follow","max-snippet":"max-snippet:-1","max-image-preview":"max-image-preview:large","max-video-preview":"max-video-preview:-1"},"canonical":"https:\/\/www.cuballama.com\/noticias\/madre-de-adolescente-que-murio-en-el-servicio-militar-en-cuba-exige-respuestas\/","og_locale":"es_ES","og_type":"article","og_title":"Madre de adolescente que muri\u00f3 en el Servicio Militar en Cuba exige respuestas - Cuballama Noticias","og_description":"La madre de un adolescente que muri\u00f3 mientras pasaba el Servicio Militar en Cuba sigue exigiendo explicaciones a las autoridades.","og_url":"https:\/\/www.cuballama.com\/noticias\/madre-de-adolescente-que-murio-en-el-servicio-militar-en-cuba-exige-respuestas\/","og_site_name":"Cuballama Noticias","article_publisher":"https:\/\/www.facebook.com\/CubaLlama","article_published_time":"2025-10-04T14:03:15+00:00","article_modified_time":"2025-10-04T14:09:12+00:00","og_image":[{"width":1200,"height":630,"url":"https:\/\/cdn1.mediawpaccore.net\/wp-content\/uploads\/2025\/10\/04081416\/558691268_1360909155657924_7362465132966150992_n1.jpg","type":"image\/jpeg"}],"author":"Kathy","twitter_card":"summary_large_image","twitter_creator":"@cuballama","twitter_site":"@cuballama","twitter_misc":{"Escrito por":"Kathy","Tiempo de lectura":"3 minutos"},"schema":{"@context":"https:\/\/schema.org","@graph":[{"@type":"Article","@id":"https:\/\/www.cuballama.com\/noticias\/madre-de-adolescente-que-murio-en-el-servicio-militar-en-cuba-exige-respuestas\/#article","isPartOf":{"@id":"https:\/\/www.cuballama.com\/noticias\/madre-de-adolescente-que-murio-en-el-servicio-militar-en-cuba-exige-respuestas\/"},"author":{"name":"Kathy","@id":"https:\/\/www.cuballama.com\/noticias\/#\/schema\/person\/86cd3e3f4974437f031211213bf892d5"},"headline":"Madre de adolescente que muri\u00f3 en el Servicio Militar en Cuba exige respuestas","datePublished":"2025-10-04T14:03:15+00:00","dateModified":"2025-10-04T14:09:12+00:00","mainEntityOfPage":{"@id":"https:\/\/www.cuballama.com\/noticias\/madre-de-adolescente-que-murio-en-el-servicio-militar-en-cuba-exige-respuestas\/"},"wordCount":596,"commentCount":0,"publisher":{"@id":"https:\/\/www.cuballama.com\/noticias\/#organization"},"image":{"@id":"https:\/\/www.cuballama.com\/noticias\/madre-de-adolescente-que-murio-en-el-servicio-militar-en-cuba-exige-respuestas\/#primaryimage"},"thumbnailUrl":"https:\/\/cdn1.mediawpaccore.net\/wp-content\/uploads\/2025\/10\/04081416\/558691268_1360909155657924_7362465132966150992_n1.jpg","keywords":["adolescente cubano","destacado","joven fallecido","Servicio Militar Obligatorio"],"articleSection":["Noticias","Noticias de Cuba"],"inLanguage":"es","potentialAction":[{"@type":"CommentAction","name":"Comment","target":["https:\/\/www.cuballama.com\/noticias\/madre-de-adolescente-que-murio-en-el-servicio-militar-en-cuba-exige-respuestas\/#respond"]}]},{"@type":"WebPage","@id":"https:\/\/www.cuballama.com\/noticias\/madre-de-adolescente-que-murio-en-el-servicio-militar-en-cuba-exige-respuestas\/","url":"https:\/\/www.cuballama.com\/noticias\/madre-de-adolescente-que-murio-en-el-servicio-militar-en-cuba-exige-respuestas\/","name":"Madre de adolescente que muri\u00f3 en el Servicio Militar en Cuba exige respuestas - Cuballama Noticias","isPartOf":{"@id":"https:\/\/www.cuballama.com\/noticias\/#website"},"primaryImageOfPage":{"@id":"https:\/\/www.cuballama.com\/noticias\/madre-de-adolescente-que-murio-en-el-servicio-militar-en-cuba-exige-respuestas\/#primaryimage"},"image":{"@id":"https:\/\/www.cuballama.com\/noticias\/madre-de-adolescente-que-murio-en-el-servicio-militar-en-cuba-exige-respuestas\/#primaryimage"},"thumbnailUrl":"https:\/\/cdn1.mediawpaccore.net\/wp-content\/uploads\/2025\/10\/04081416\/558691268_1360909155657924_7362465132966150992_n1.jpg","datePublished":"2025-10-04T14:03:15+00:00","dateModified":"2025-10-04T14:09:12+00:00","description":"La madre de un adolescente que muri\u00f3 mientras pasaba el Servicio Militar en Cuba sigue exigiendo explicaciones a las autoridades.","breadcrumb":{"@id":"https:\/\/www.cuballama.com\/noticias\/madre-de-adolescente-que-murio-en-el-servicio-militar-en-cuba-exige-respuestas\/#breadcrumb"},"inLanguage":"es","potentialAction":[{"@type":"ReadAction","target":["https:\/\/www.cuballama.com\/noticias\/madre-de-adolescente-que-murio-en-el-servicio-militar-en-cuba-exige-respuestas\/"]}]},{"@type":"ImageObject","inLanguage":"es","@id":"https:\/\/www.cuballama.com\/noticias\/madre-de-adolescente-que-murio-en-el-servicio-militar-en-cuba-exige-respuestas\/#primaryimage","url":"https:\/\/cdn1.mediawpaccore.net\/wp-content\/uploads\/2025\/10\/04081416\/558691268_1360909155657924_7362465132966150992_n1.jpg","contentUrl":"https:\/\/cdn1.mediawpaccore.net\/wp-content\/uploads\/2025\/10\/04081416\/558691268_1360909155657924_7362465132966150992_n1.jpg","width":1200,"height":630,"caption":"Antonio Rassi Roque. Foto: Facebook\/Mario J. Pent\u00f3n."},{"@type":"BreadcrumbList","@id":"https:\/\/www.cuballama.com\/noticias\/madre-de-adolescente-que-murio-en-el-servicio-militar-en-cuba-exige-respuestas\/#breadcrumb","itemListElement":[{"@type":"ListItem","position":1,"name":"Home","item":"https:\/\/www.cuballama.com\/noticias\/"},{"@type":"ListItem","position":2,"name":"Madre de adolescente que muri\u00f3 en el Servicio Militar en Cuba exige respuestas"}]},{"@type":"WebSite","@id":"https:\/\/www.cuballama.com\/noticias\/#website","url":"https:\/\/www.cuballama.com\/noticias\/","name":"Cuballama Noticias","description":"Medio digital sobre Cuba y el mundo","publisher":{"@id":"https:\/\/www.cuballama.com\/noticias\/#organization"},"potentialAction":[{"@type":"SearchAction","target":{"@type":"EntryPoint","urlTemplate":"https:\/\/www.cuballama.com\/noticias\/?s={search_term_string}"},"query-input":{"@type":"PropertyValueSpecification","valueRequired":true,"valueName":"search_term_string"}}],"inLanguage":"es"},{"@type":"Organization","@id":"https:\/\/www.cuballama.com\/noticias\/#organization","name":"Cuballama","url":"https:\/\/www.cuballama.com\/noticias\/","logo":{"@type":"ImageObject","inLanguage":"es","@id":"https:\/\/www.cuballama.com\/noticias\/#\/schema\/logo\/image\/","url":"https:\/\/cdn1.mediawpaccore.net\/wp-content\/uploads\/2021\/12\/28171206\/cbll-logo-color-sm.png","contentUrl":"https:\/\/cdn1.mediawpaccore.net\/wp-content\/uploads\/2021\/12\/28171206\/cbll-logo-color-sm.png","width":600,"height":133,"caption":"Cuballama"},"image":{"@id":"https:\/\/www.cuballama.com\/noticias\/#\/schema\/logo\/image\/"},"sameAs":["https:\/\/www.facebook.com\/CubaLlama","https:\/\/x.com\/cuballama","https:\/\/www.instagram.com\/stories\/cuballama_oficial\/","https:\/\/www.youtube.com\/channel\/UCKkFE-d_axENGZcrc4as0IA"]},{"@type":"Person","@id":"https:\/\/www.cuballama.com\/noticias\/#\/schema\/person\/86cd3e3f4974437f031211213bf892d5","name":"Kathy","url":"https:\/\/www.cuballama.com\/noticias\/author\/kathy\/"}]}},"_links":{"self":[{"href":"https:\/\/www.cuballama.com\/noticias\/wp-json\/wp\/v2\/posts\/221695","targetHints":{"allow":["GET"]}}],"collection":[{"href":"https:\/\/www.cuballama.com\/noticias\/wp-json\/wp\/v2\/posts"}],"about":[{"href":"https:\/\/www.cuballama.com\/noticias\/wp-json\/wp\/v2\/types\/post"}],"author":[{"embeddable":true,"href":"https:\/\/www.cuballama.com\/noticias\/wp-json\/wp\/v2\/users\/30"}],"replies":[{"embeddable":true,"href":"https:\/\/www.cuballama.com\/noticias\/wp-json\/wp\/v2\/comments?post=221695"}],"version-history":[{"count":9,"href":"https:\/\/www.cuballama.com\/noticias\/wp-json\/wp\/v2\/posts\/221695\/revisions"}],"predecessor-version":[{"id":221724,"href":"https:\/\/www.cuballama.com\/noticias\/wp-json\/wp\/v2\/posts\/221695\/revisions\/221724"}],"wp:featuredmedia":[{"embeddable":true,"href":"https:\/\/www.cuballama.com\/noticias\/wp-json\/wp\/v2\/media\/221698"}],"wp:attachment":[{"href":"https:\/\/www.cuballama.com\/noticias\/wp-json\/wp\/v2\/media?parent=221695"}],"wp:term":[{"taxonomy":"category","embeddable":true,"href":"https:\/\/www.cuballama.com\/noticias\/wp-json\/wp\/v2\/categories?post=221695"},{"taxonomy":"post_tag","embeddable":true,"href":"https:\/\/www.cuballama.com\/noticias\/wp-json\/wp\/v2\/tags?post=221695"}],"curies":[{"name":"wp","href":"https:\/\/api.w.org\/{rel}","templated":true}]}}