{"id":221481,"date":"2025-10-02T09:24:22","date_gmt":"2025-10-02T13:24:22","guid":{"rendered":"https:\/\/www.cuballama.com\/noticias\/?p=221481"},"modified":"2025-10-02T09:24:25","modified_gmt":"2025-10-02T13:24:25","slug":"bebeshito-cumple-un-ano-en-estados-unidos-pero-su-felicidad-no-esta-completa-nadie-sabe-lo-que-en-verdad-siente-mi-corazon","status":"publish","type":"post","link":"https:\/\/www.cuballama.com\/noticias\/bebeshito-cumple-un-ano-en-estados-unidos-pero-su-felicidad-no-esta-completa-nadie-sabe-lo-que-en-verdad-siente-mi-corazon\/","title":{"rendered":"Bebeshito cumple un a\u00f1o en Estados Unidos, pero su felicidad no est\u00e1 completa: \u201cNadie sabe lo que en verdad siente mi coraz\u00f3n\u201d"},"content":{"rendered":"\n<p>El reguetonero cubano Oniel Bebeshito celebr\u00f3 el pasado 1 de octubre su primer aniversario en Estados Unidos, una fecha que marc\u00f3 con recuerdos, balances y confesiones \u00edntimas a trav\u00e9s de sus historias en Instagram.<\/p>\n\n\n\n<p>Para el artista, estos doce meses fuera de la isla han sido de crecimiento acelerado, \u00e9xitos profesionales y tambi\u00e9n de sacrificios personales. \u201cHoy la vida me sonr\u00ede, pero nadie sabe lo que en verdad siente mi coraz\u00f3n\u201d, comparti\u00f3 en un mensaje que revel\u00f3 tanto orgullo como vulnerabilidad.<\/p>\n\n\n\n<p>La transformaci\u00f3n en su carrera ha sido evidente. De ser una figura fuerte del reparto en Cuba, pas\u00f3 a convertirse en uno de los rostros m\u00e1s visibles del g\u00e9nero urbano dentro de la di\u00e1spora. Consciente de ese salto, escribi\u00f3 con satisfacci\u00f3n: \u201cCon solo cuatro a\u00f1os de carrera en solitario, llevo dos a\u00f1os, dos meses y diez d\u00edas, siendo el n\u00famero uno de un pa\u00eds entero\u201d.<\/p>\n\n\n\n<figure class=\"wp-block-image size-large\"><img loading=\"lazy\" decoding=\"async\" width=\"632\" height=\"1024\" src=\"https:\/\/cdn1.mediawpaccore.net\/wp-content\/uploads\/2025\/10\/02091701\/Captura-de-pantalla-2025-10-02-a-las-15.07.55-632x1024.png\" alt=\"\" class=\"wp-image-221505\" srcset=\"https:\/\/cdn1.mediawpaccore.net\/wp-content\/uploads\/2025\/10\/02091701\/Captura-de-pantalla-2025-10-02-a-las-15.07.55-632x1024.png 632w, https:\/\/cdn1.mediawpaccore.net\/wp-content\/uploads\/2025\/10\/02091701\/Captura-de-pantalla-2025-10-02-a-las-15.07.55-185x300.png 185w, https:\/\/cdn1.mediawpaccore.net\/wp-content\/uploads\/2025\/10\/02091701\/Captura-de-pantalla-2025-10-02-a-las-15.07.55-768x1245.png 768w, https:\/\/cdn1.mediawpaccore.net\/wp-content\/uploads\/2025\/10\/02091701\/Captura-de-pantalla-2025-10-02-a-las-15.07.55-259x420.png 259w, https:\/\/cdn1.mediawpaccore.net\/wp-content\/uploads\/2025\/10\/02091701\/Captura-de-pantalla-2025-10-02-a-las-15.07.55-150x243.png 150w, https:\/\/cdn1.mediawpaccore.net\/wp-content\/uploads\/2025\/10\/02091701\/Captura-de-pantalla-2025-10-02-a-las-15.07.55-300x486.png 300w, https:\/\/cdn1.mediawpaccore.net\/wp-content\/uploads\/2025\/10\/02091701\/Captura-de-pantalla-2025-10-02-a-las-15.07.55-696x1128.png 696w, https:\/\/cdn1.mediawpaccore.net\/wp-content\/uploads\/2025\/10\/02091701\/Captura-de-pantalla-2025-10-02-a-las-15.07.55.png 824w\" sizes=\"auto, (max-width: 632px) 100vw, 632px\" \/><\/figure>\n\n\n\n<p>Un estadio, seis arenas y tres teatros en distintas ciudades de Estados Unidos no solo avalan su joven trayectoria, tambi\u00e9n han impulsado el reparto, un estilo nacido en los barrios marginalizados de La Habana, a escenarios globales.<\/p>\n\n\n\n<p><strong>Lea m\u00e1s: <a href=\"https:\/\/www.cuballama.com\/noticias\/bebeshito-habla-de-como-le-afecto-la-muerte-de-el-taiger-el-queria-conocer-a-mi-hija\/\" target=\"_blank\" rel=\"noreferrer noopener\">Bebeshito habla de c\u00f3mo le afect\u00f3 la muerte de El Taiger: \u201c\u00c9l quer\u00eda conocer a mi hija\u201d<\/a><\/strong><\/p>\n\n\n\n<p>Las plataformas digitales tambi\u00e9n confirman su impacto. Sus canciones acumulan millones de reproducciones en Spotify y YouTube, mientras que en Instagram y TikTok su comunidad de seguidores se multiplica, interact\u00faa y acompa\u00f1a cada lanzamiento. Esa visibilidad constante le ha permitido crecer no solo como artista, sino tambi\u00e9n como referente de un movimiento que muchos daban por limitado a las esquinas habaneras.<\/p>\n\n\n\n<figure class=\"wp-block-image size-large\"><img loading=\"lazy\" decoding=\"async\" width=\"632\" height=\"1024\" src=\"https:\/\/cdn1.mediawpaccore.net\/wp-content\/uploads\/2025\/10\/02091711\/Captura-de-pantalla-2025-10-02-a-las-15.08.02-632x1024.png\" alt=\"\" class=\"wp-image-221506\" srcset=\"https:\/\/cdn1.mediawpaccore.net\/wp-content\/uploads\/2025\/10\/02091711\/Captura-de-pantalla-2025-10-02-a-las-15.08.02-632x1024.png 632w, https:\/\/cdn1.mediawpaccore.net\/wp-content\/uploads\/2025\/10\/02091711\/Captura-de-pantalla-2025-10-02-a-las-15.08.02-185x300.png 185w, https:\/\/cdn1.mediawpaccore.net\/wp-content\/uploads\/2025\/10\/02091711\/Captura-de-pantalla-2025-10-02-a-las-15.08.02-768x1245.png 768w, https:\/\/cdn1.mediawpaccore.net\/wp-content\/uploads\/2025\/10\/02091711\/Captura-de-pantalla-2025-10-02-a-las-15.08.02-259x420.png 259w, https:\/\/cdn1.mediawpaccore.net\/wp-content\/uploads\/2025\/10\/02091711\/Captura-de-pantalla-2025-10-02-a-las-15.08.02-150x243.png 150w, https:\/\/cdn1.mediawpaccore.net\/wp-content\/uploads\/2025\/10\/02091711\/Captura-de-pantalla-2025-10-02-a-las-15.08.02-300x486.png 300w, https:\/\/cdn1.mediawpaccore.net\/wp-content\/uploads\/2025\/10\/02091711\/Captura-de-pantalla-2025-10-02-a-las-15.08.02-696x1128.png 696w, https:\/\/cdn1.mediawpaccore.net\/wp-content\/uploads\/2025\/10\/02091711\/Captura-de-pantalla-2025-10-02-a-las-15.08.02.png 824w\" sizes=\"auto, (max-width: 632px) 100vw, 632px\" \/><\/figure>\n\n\n\n<p>Sin embargo, detr\u00e1s de la euforia de los escenarios existe otro relato. El propio artista confes\u00f3 entre risas y verdades que la presi\u00f3n lo ha llevado a sentir el desgaste f\u00edsico. \u201cA veces creo que me est\u00e1 cayendo el pelo del estr\u00e9s\u201d, dijo, reconociendo que el ritmo de trabajo y la distancia de los seres queridos no son f\u00e1ciles de sobrellevar.<\/p>\n\n\n\n<p>La ausencia familiar pesa, y en particular la de su madre, Chavela Campo, con quien nunca hab\u00eda estado separado m\u00e1s de un mes. \u201cPero me falta algo\u201d, escribi\u00f3 con crudeza, dejando claro que ni los logros ni los millones de vistas logran llenar ese vac\u00edo. \u201cHace un a\u00f1o conoc\u00ed al amor de mi vida, mi princesa hermosa, mi hija. Pero dej\u00e9 atr\u00e1s a mi otro amor: mi mam\u00e1\u201d. Ese contraste entre lo ganado y lo perdido refleja el costo emocional que la migraci\u00f3n trae incluso en medio del \u00e9xito.<\/p>\n\n\n\n<figure class=\"wp-block-image size-large\"><img loading=\"lazy\" decoding=\"async\" width=\"632\" height=\"1024\" src=\"https:\/\/cdn1.mediawpaccore.net\/wp-content\/uploads\/2025\/10\/02091724\/Captura-de-pantalla-2025-10-02-a-las-15.08.10-632x1024.png\" alt=\"\" class=\"wp-image-221507\" srcset=\"https:\/\/cdn1.mediawpaccore.net\/wp-content\/uploads\/2025\/10\/02091724\/Captura-de-pantalla-2025-10-02-a-las-15.08.10-632x1024.png 632w, https:\/\/cdn1.mediawpaccore.net\/wp-content\/uploads\/2025\/10\/02091724\/Captura-de-pantalla-2025-10-02-a-las-15.08.10-185x300.png 185w, https:\/\/cdn1.mediawpaccore.net\/wp-content\/uploads\/2025\/10\/02091724\/Captura-de-pantalla-2025-10-02-a-las-15.08.10-768x1245.png 768w, https:\/\/cdn1.mediawpaccore.net\/wp-content\/uploads\/2025\/10\/02091724\/Captura-de-pantalla-2025-10-02-a-las-15.08.10-259x420.png 259w, https:\/\/cdn1.mediawpaccore.net\/wp-content\/uploads\/2025\/10\/02091724\/Captura-de-pantalla-2025-10-02-a-las-15.08.10-150x243.png 150w, https:\/\/cdn1.mediawpaccore.net\/wp-content\/uploads\/2025\/10\/02091724\/Captura-de-pantalla-2025-10-02-a-las-15.08.10-300x486.png 300w, https:\/\/cdn1.mediawpaccore.net\/wp-content\/uploads\/2025\/10\/02091724\/Captura-de-pantalla-2025-10-02-a-las-15.08.10-696x1128.png 696w, https:\/\/cdn1.mediawpaccore.net\/wp-content\/uploads\/2025\/10\/02091724\/Captura-de-pantalla-2025-10-02-a-las-15.08.10.png 824w\" sizes=\"auto, (max-width: 632px) 100vw, 632px\" \/><\/figure>\n\n\n\n<p>Aun as\u00ed, Bebeshito no se deja frenar. Su paso por escenarios dentro y fuera de Florida, sus colaboraciones con colegas del g\u00e9nero urbano y su firmeza al declarar \u201cNada ni nadie va a impedir que yo logre lo que me propuse\u201d muestran a un artista decidido a sostener el ritmo de su ascenso. Su estilo, que combina la crudeza del reparto cl\u00e1sico con toques comerciales, mantiene el sello callejero que lo hizo popular en Cuba, pero con una producci\u00f3n m\u00e1s pulida para conquistar nuevos p\u00fablicos.<\/p>\n\n\n\n<figure class=\"wp-block-image size-large\"><img loading=\"lazy\" decoding=\"async\" width=\"632\" height=\"1024\" src=\"https:\/\/cdn1.mediawpaccore.net\/wp-content\/uploads\/2025\/10\/02091738\/Captura-de-pantalla-2025-10-02-a-las-15.08.19-632x1024.png\" alt=\"\" class=\"wp-image-221508\" srcset=\"https:\/\/cdn1.mediawpaccore.net\/wp-content\/uploads\/2025\/10\/02091738\/Captura-de-pantalla-2025-10-02-a-las-15.08.19-632x1024.png 632w, https:\/\/cdn1.mediawpaccore.net\/wp-content\/uploads\/2025\/10\/02091738\/Captura-de-pantalla-2025-10-02-a-las-15.08.19-185x300.png 185w, https:\/\/cdn1.mediawpaccore.net\/wp-content\/uploads\/2025\/10\/02091738\/Captura-de-pantalla-2025-10-02-a-las-15.08.19-768x1245.png 768w, https:\/\/cdn1.mediawpaccore.net\/wp-content\/uploads\/2025\/10\/02091738\/Captura-de-pantalla-2025-10-02-a-las-15.08.19-259x420.png 259w, https:\/\/cdn1.mediawpaccore.net\/wp-content\/uploads\/2025\/10\/02091738\/Captura-de-pantalla-2025-10-02-a-las-15.08.19-150x243.png 150w, https:\/\/cdn1.mediawpaccore.net\/wp-content\/uploads\/2025\/10\/02091738\/Captura-de-pantalla-2025-10-02-a-las-15.08.19-300x486.png 300w, https:\/\/cdn1.mediawpaccore.net\/wp-content\/uploads\/2025\/10\/02091738\/Captura-de-pantalla-2025-10-02-a-las-15.08.19-696x1128.png 696w, https:\/\/cdn1.mediawpaccore.net\/wp-content\/uploads\/2025\/10\/02091738\/Captura-de-pantalla-2025-10-02-a-las-15.08.19.png 824w\" sizes=\"auto, (max-width: 632px) 100vw, 632px\" \/><\/figure>\n\n\n\n<p>Hoy, con una carrera en expansi\u00f3n, una familia que lo impulsa y una base de seguidores cada vez m\u00e1s amplia, el reguetonero celebra este primer a\u00f1o como un punto de partida, no como una meta alcanzada. Y aunque confiese que todav\u00eda le falta algo, el camino recorrido demuestra que lo mejor de su historia art\u00edstica \u2014y personal\u2014 apenas comienza.<\/p>\n","protected":false},"excerpt":{"rendered":"<p>\u201cCon solo cuatro a\u00f1os de carrera en solitario, llevo dos a\u00f1os, dos meses y diez d\u00edas, siendo el n\u00famero uno de un pa\u00eds entero\u201d<\/p>\n","protected":false},"author":27,"featured_media":221509,"comment_status":"open","ping_status":"closed","sticky":false,"template":"","format":"standard","meta":{"_acf_changed":false,"footnotes":""},"categories":[443],"tags":[16922,23979,256,6160],"class_list":{"0":"post-221481","1":"post","2":"type-post","3":"status-publish","4":"format-standard","5":"has-post-thumbnail","7":"category-farandula","8":"tag-bebeshito","9":"tag-chavela-campo","10":"tag-miami","11":"tag-reguetoneros-cubanos"},"acf":[],"yoast_head":"<!-- This site is optimized with the Yoast SEO plugin v27.5 - https:\/\/yoast.com\/product\/yoast-seo-wordpress\/ -->\n<title>Bebeshito cumple un a\u00f1o en Estados Unidos, pero su felicidad no est\u00e1 completa: \u201cNadie sabe lo que en verdad siente mi coraz\u00f3n\u201d - Cuballama Noticias<\/title>\n<meta name=\"description\" content=\"Bebeshito confes\u00f3 que la presi\u00f3n lo ha llevado a sentir el desgaste f\u00edsico. \u201cA veces creo que me est\u00e1 cayendo el pelo del estr\u00e9s\u201d\" \/>\n<meta name=\"robots\" content=\"index, follow, max-snippet:-1, max-image-preview:large, max-video-preview:-1\" \/>\n<link rel=\"canonical\" href=\"https:\/\/www.cuballama.com\/noticias\/bebeshito-cumple-un-ano-en-estados-unidos-pero-su-felicidad-no-esta-completa-nadie-sabe-lo-que-en-verdad-siente-mi-corazon\/\" \/>\n<meta property=\"og:locale\" content=\"es_ES\" \/>\n<meta property=\"og:type\" content=\"article\" \/>\n<meta property=\"og:title\" content=\"Bebeshito cumple un a\u00f1o en Estados Unidos, pero su felicidad no est\u00e1 completa: \u201cNadie sabe lo que en verdad siente mi coraz\u00f3n\u201d - Cuballama Noticias\" \/>\n<meta property=\"og:description\" content=\"Bebeshito confes\u00f3 que la presi\u00f3n lo ha llevado a sentir el desgaste f\u00edsico. \u201cA veces creo que me est\u00e1 cayendo el pelo del estr\u00e9s\u201d\" \/>\n<meta property=\"og:url\" content=\"https:\/\/www.cuballama.com\/noticias\/bebeshito-cumple-un-ano-en-estados-unidos-pero-su-felicidad-no-esta-completa-nadie-sabe-lo-que-en-verdad-siente-mi-corazon\/\" \/>\n<meta property=\"og:site_name\" content=\"Cuballama Noticias\" \/>\n<meta property=\"article:publisher\" content=\"https:\/\/www.facebook.com\/CubaLlama\" \/>\n<meta property=\"article:published_time\" content=\"2025-10-02T13:24:22+00:00\" \/>\n<meta property=\"article:modified_time\" content=\"2025-10-02T13:24:25+00:00\" \/>\n<meta property=\"og:image\" content=\"https:\/\/cdn1.mediawpaccore.net\/wp-content\/uploads\/2025\/10\/02092147\/Captura-de-pantalla-2025-10-02-a-las-15.21.25.png\" \/>\n\t<meta property=\"og:image:width\" content=\"1366\" \/>\n\t<meta property=\"og:image:height\" content=\"932\" \/>\n\t<meta property=\"og:image:type\" content=\"image\/png\" \/>\n<meta name=\"author\" content=\"Rafa\" \/>\n<meta name=\"twitter:card\" content=\"summary_large_image\" \/>\n<meta name=\"twitter:creator\" content=\"@cuballama\" \/>\n<meta name=\"twitter:site\" content=\"@cuballama\" \/>\n<meta name=\"twitter:label1\" content=\"Escrito por\" \/>\n\t<meta name=\"twitter:data1\" content=\"Rafa\" \/>\n\t<meta name=\"twitter:label2\" content=\"Tiempo de lectura\" \/>\n\t<meta name=\"twitter:data2\" content=\"4 minutos\" \/>\n<script type=\"application\/ld+json\" class=\"yoast-schema-graph\">{\"@context\":\"https:\\\/\\\/schema.org\",\"@graph\":[{\"@type\":\"Article\",\"@id\":\"https:\\\/\\\/www.cuballama.com\\\/noticias\\\/bebeshito-cumple-un-ano-en-estados-unidos-pero-su-felicidad-no-esta-completa-nadie-sabe-lo-que-en-verdad-siente-mi-corazon\\\/#article\",\"isPartOf\":{\"@id\":\"https:\\\/\\\/www.cuballama.com\\\/noticias\\\/bebeshito-cumple-un-ano-en-estados-unidos-pero-su-felicidad-no-esta-completa-nadie-sabe-lo-que-en-verdad-siente-mi-corazon\\\/\"},\"author\":{\"name\":\"Rafa\",\"@id\":\"https:\\\/\\\/www.cuballama.com\\\/noticias\\\/#\\\/schema\\\/person\\\/0f97914526a658755f00e59ec2a832f2\"},\"headline\":\"Bebeshito cumple un a\u00f1o en Estados Unidos, pero su felicidad no est\u00e1 completa: \u201cNadie sabe lo que en verdad siente mi coraz\u00f3n\u201d\",\"datePublished\":\"2025-10-02T13:24:22+00:00\",\"dateModified\":\"2025-10-02T13:24:25+00:00\",\"mainEntityOfPage\":{\"@id\":\"https:\\\/\\\/www.cuballama.com\\\/noticias\\\/bebeshito-cumple-un-ano-en-estados-unidos-pero-su-felicidad-no-esta-completa-nadie-sabe-lo-que-en-verdad-siente-mi-corazon\\\/\"},\"wordCount\":623,\"commentCount\":0,\"publisher\":{\"@id\":\"https:\\\/\\\/www.cuballama.com\\\/noticias\\\/#organization\"},\"image\":{\"@id\":\"https:\\\/\\\/www.cuballama.com\\\/noticias\\\/bebeshito-cumple-un-ano-en-estados-unidos-pero-su-felicidad-no-esta-completa-nadie-sabe-lo-que-en-verdad-siente-mi-corazon\\\/#primaryimage\"},\"thumbnailUrl\":\"https:\\\/\\\/cdn1.mediawpaccore.net\\\/wp-content\\\/uploads\\\/2025\\\/10\\\/02092147\\\/Captura-de-pantalla-2025-10-02-a-las-15.21.25.png\",\"keywords\":[\"Bebeshito\",\"Chavela Campo\",\"Miami\",\"Reguetoneros cubanos\"],\"articleSection\":[\"Far\u00e1ndula\"],\"inLanguage\":\"es\",\"potentialAction\":[{\"@type\":\"CommentAction\",\"name\":\"Comment\",\"target\":[\"https:\\\/\\\/www.cuballama.com\\\/noticias\\\/bebeshito-cumple-un-ano-en-estados-unidos-pero-su-felicidad-no-esta-completa-nadie-sabe-lo-que-en-verdad-siente-mi-corazon\\\/#respond\"]}]},{\"@type\":\"WebPage\",\"@id\":\"https:\\\/\\\/www.cuballama.com\\\/noticias\\\/bebeshito-cumple-un-ano-en-estados-unidos-pero-su-felicidad-no-esta-completa-nadie-sabe-lo-que-en-verdad-siente-mi-corazon\\\/\",\"url\":\"https:\\\/\\\/www.cuballama.com\\\/noticias\\\/bebeshito-cumple-un-ano-en-estados-unidos-pero-su-felicidad-no-esta-completa-nadie-sabe-lo-que-en-verdad-siente-mi-corazon\\\/\",\"name\":\"Bebeshito cumple un a\u00f1o en Estados Unidos, pero su felicidad no est\u00e1 completa: \u201cNadie sabe lo que en verdad siente mi coraz\u00f3n\u201d - Cuballama Noticias\",\"isPartOf\":{\"@id\":\"https:\\\/\\\/www.cuballama.com\\\/noticias\\\/#website\"},\"primaryImageOfPage\":{\"@id\":\"https:\\\/\\\/www.cuballama.com\\\/noticias\\\/bebeshito-cumple-un-ano-en-estados-unidos-pero-su-felicidad-no-esta-completa-nadie-sabe-lo-que-en-verdad-siente-mi-corazon\\\/#primaryimage\"},\"image\":{\"@id\":\"https:\\\/\\\/www.cuballama.com\\\/noticias\\\/bebeshito-cumple-un-ano-en-estados-unidos-pero-su-felicidad-no-esta-completa-nadie-sabe-lo-que-en-verdad-siente-mi-corazon\\\/#primaryimage\"},\"thumbnailUrl\":\"https:\\\/\\\/cdn1.mediawpaccore.net\\\/wp-content\\\/uploads\\\/2025\\\/10\\\/02092147\\\/Captura-de-pantalla-2025-10-02-a-las-15.21.25.png\",\"datePublished\":\"2025-10-02T13:24:22+00:00\",\"dateModified\":\"2025-10-02T13:24:25+00:00\",\"description\":\"Bebeshito confes\u00f3 que la presi\u00f3n lo ha llevado a sentir el desgaste f\u00edsico. \u201cA veces creo que me est\u00e1 cayendo el pelo del estr\u00e9s\u201d\",\"breadcrumb\":{\"@id\":\"https:\\\/\\\/www.cuballama.com\\\/noticias\\\/bebeshito-cumple-un-ano-en-estados-unidos-pero-su-felicidad-no-esta-completa-nadie-sabe-lo-que-en-verdad-siente-mi-corazon\\\/#breadcrumb\"},\"inLanguage\":\"es\",\"potentialAction\":[{\"@type\":\"ReadAction\",\"target\":[\"https:\\\/\\\/www.cuballama.com\\\/noticias\\\/bebeshito-cumple-un-ano-en-estados-unidos-pero-su-felicidad-no-esta-completa-nadie-sabe-lo-que-en-verdad-siente-mi-corazon\\\/\"]}]},{\"@type\":\"ImageObject\",\"inLanguage\":\"es\",\"@id\":\"https:\\\/\\\/www.cuballama.com\\\/noticias\\\/bebeshito-cumple-un-ano-en-estados-unidos-pero-su-felicidad-no-esta-completa-nadie-sabe-lo-que-en-verdad-siente-mi-corazon\\\/#primaryimage\",\"url\":\"https:\\\/\\\/cdn1.mediawpaccore.net\\\/wp-content\\\/uploads\\\/2025\\\/10\\\/02092147\\\/Captura-de-pantalla-2025-10-02-a-las-15.21.25.png\",\"contentUrl\":\"https:\\\/\\\/cdn1.mediawpaccore.net\\\/wp-content\\\/uploads\\\/2025\\\/10\\\/02092147\\\/Captura-de-pantalla-2025-10-02-a-las-15.21.25.png\",\"width\":1366,\"height\":932,\"caption\":\"Foto: Chavela Campos\\\/Instagram\"},{\"@type\":\"BreadcrumbList\",\"@id\":\"https:\\\/\\\/www.cuballama.com\\\/noticias\\\/bebeshito-cumple-un-ano-en-estados-unidos-pero-su-felicidad-no-esta-completa-nadie-sabe-lo-que-en-verdad-siente-mi-corazon\\\/#breadcrumb\",\"itemListElement\":[{\"@type\":\"ListItem\",\"position\":1,\"name\":\"Home\",\"item\":\"https:\\\/\\\/www.cuballama.com\\\/noticias\\\/\"},{\"@type\":\"ListItem\",\"position\":2,\"name\":\"Bebeshito cumple un a\u00f1o en Estados Unidos, pero su felicidad no est\u00e1 completa: \u201cNadie sabe lo que en verdad siente mi coraz\u00f3n\u201d\"}]},{\"@type\":\"WebSite\",\"@id\":\"https:\\\/\\\/www.cuballama.com\\\/noticias\\\/#website\",\"url\":\"https:\\\/\\\/www.cuballama.com\\\/noticias\\\/\",\"name\":\"Cuballama Noticias\",\"description\":\"Medio digital sobre Cuba y el mundo\",\"publisher\":{\"@id\":\"https:\\\/\\\/www.cuballama.com\\\/noticias\\\/#organization\"},\"potentialAction\":[{\"@type\":\"SearchAction\",\"target\":{\"@type\":\"EntryPoint\",\"urlTemplate\":\"https:\\\/\\\/www.cuballama.com\\\/noticias\\\/?s={search_term_string}\"},\"query-input\":{\"@type\":\"PropertyValueSpecification\",\"valueRequired\":true,\"valueName\":\"search_term_string\"}}],\"inLanguage\":\"es\"},{\"@type\":\"Organization\",\"@id\":\"https:\\\/\\\/www.cuballama.com\\\/noticias\\\/#organization\",\"name\":\"Cuballama\",\"url\":\"https:\\\/\\\/www.cuballama.com\\\/noticias\\\/\",\"logo\":{\"@type\":\"ImageObject\",\"inLanguage\":\"es\",\"@id\":\"https:\\\/\\\/www.cuballama.com\\\/noticias\\\/#\\\/schema\\\/logo\\\/image\\\/\",\"url\":\"https:\\\/\\\/cdn1.mediawpaccore.net\\\/wp-content\\\/uploads\\\/2021\\\/12\\\/28171206\\\/cbll-logo-color-sm.png\",\"contentUrl\":\"https:\\\/\\\/cdn1.mediawpaccore.net\\\/wp-content\\\/uploads\\\/2021\\\/12\\\/28171206\\\/cbll-logo-color-sm.png\",\"width\":600,\"height\":133,\"caption\":\"Cuballama\"},\"image\":{\"@id\":\"https:\\\/\\\/www.cuballama.com\\\/noticias\\\/#\\\/schema\\\/logo\\\/image\\\/\"},\"sameAs\":[\"https:\\\/\\\/www.facebook.com\\\/CubaLlama\",\"https:\\\/\\\/x.com\\\/cuballama\",\"https:\\\/\\\/www.instagram.com\\\/stories\\\/cuballama_oficial\\\/\",\"https:\\\/\\\/www.youtube.com\\\/channel\\\/UCKkFE-d_axENGZcrc4as0IA\"]},{\"@type\":\"Person\",\"@id\":\"https:\\\/\\\/www.cuballama.com\\\/noticias\\\/#\\\/schema\\\/person\\\/0f97914526a658755f00e59ec2a832f2\",\"name\":\"Rafa\",\"url\":\"https:\\\/\\\/www.cuballama.com\\\/noticias\\\/author\\\/rafa\\\/\"}]}<\/script>\n<!-- \/ Yoast SEO plugin. -->","yoast_head_json":{"title":"Bebeshito cumple un a\u00f1o en Estados Unidos, pero su felicidad no est\u00e1 completa: \u201cNadie sabe lo que en verdad siente mi coraz\u00f3n\u201d - Cuballama Noticias","description":"Bebeshito confes\u00f3 que la presi\u00f3n lo ha llevado a sentir el desgaste f\u00edsico. \u201cA veces creo que me est\u00e1 cayendo el pelo del estr\u00e9s\u201d","robots":{"index":"index","follow":"follow","max-snippet":"max-snippet:-1","max-image-preview":"max-image-preview:large","max-video-preview":"max-video-preview:-1"},"canonical":"https:\/\/www.cuballama.com\/noticias\/bebeshito-cumple-un-ano-en-estados-unidos-pero-su-felicidad-no-esta-completa-nadie-sabe-lo-que-en-verdad-siente-mi-corazon\/","og_locale":"es_ES","og_type":"article","og_title":"Bebeshito cumple un a\u00f1o en Estados Unidos, pero su felicidad no est\u00e1 completa: \u201cNadie sabe lo que en verdad siente mi coraz\u00f3n\u201d - Cuballama Noticias","og_description":"Bebeshito confes\u00f3 que la presi\u00f3n lo ha llevado a sentir el desgaste f\u00edsico. \u201cA veces creo que me est\u00e1 cayendo el pelo del estr\u00e9s\u201d","og_url":"https:\/\/www.cuballama.com\/noticias\/bebeshito-cumple-un-ano-en-estados-unidos-pero-su-felicidad-no-esta-completa-nadie-sabe-lo-que-en-verdad-siente-mi-corazon\/","og_site_name":"Cuballama Noticias","article_publisher":"https:\/\/www.facebook.com\/CubaLlama","article_published_time":"2025-10-02T13:24:22+00:00","article_modified_time":"2025-10-02T13:24:25+00:00","og_image":[{"width":1366,"height":932,"url":"https:\/\/cdn1.mediawpaccore.net\/wp-content\/uploads\/2025\/10\/02092147\/Captura-de-pantalla-2025-10-02-a-las-15.21.25.png","type":"image\/png"}],"author":"Rafa","twitter_card":"summary_large_image","twitter_creator":"@cuballama","twitter_site":"@cuballama","twitter_misc":{"Escrito por":"Rafa","Tiempo de lectura":"4 minutos"},"schema":{"@context":"https:\/\/schema.org","@graph":[{"@type":"Article","@id":"https:\/\/www.cuballama.com\/noticias\/bebeshito-cumple-un-ano-en-estados-unidos-pero-su-felicidad-no-esta-completa-nadie-sabe-lo-que-en-verdad-siente-mi-corazon\/#article","isPartOf":{"@id":"https:\/\/www.cuballama.com\/noticias\/bebeshito-cumple-un-ano-en-estados-unidos-pero-su-felicidad-no-esta-completa-nadie-sabe-lo-que-en-verdad-siente-mi-corazon\/"},"author":{"name":"Rafa","@id":"https:\/\/www.cuballama.com\/noticias\/#\/schema\/person\/0f97914526a658755f00e59ec2a832f2"},"headline":"Bebeshito cumple un a\u00f1o en Estados Unidos, pero su felicidad no est\u00e1 completa: \u201cNadie sabe lo que en verdad siente mi coraz\u00f3n\u201d","datePublished":"2025-10-02T13:24:22+00:00","dateModified":"2025-10-02T13:24:25+00:00","mainEntityOfPage":{"@id":"https:\/\/www.cuballama.com\/noticias\/bebeshito-cumple-un-ano-en-estados-unidos-pero-su-felicidad-no-esta-completa-nadie-sabe-lo-que-en-verdad-siente-mi-corazon\/"},"wordCount":623,"commentCount":0,"publisher":{"@id":"https:\/\/www.cuballama.com\/noticias\/#organization"},"image":{"@id":"https:\/\/www.cuballama.com\/noticias\/bebeshito-cumple-un-ano-en-estados-unidos-pero-su-felicidad-no-esta-completa-nadie-sabe-lo-que-en-verdad-siente-mi-corazon\/#primaryimage"},"thumbnailUrl":"https:\/\/cdn1.mediawpaccore.net\/wp-content\/uploads\/2025\/10\/02092147\/Captura-de-pantalla-2025-10-02-a-las-15.21.25.png","keywords":["Bebeshito","Chavela Campo","Miami","Reguetoneros cubanos"],"articleSection":["Far\u00e1ndula"],"inLanguage":"es","potentialAction":[{"@type":"CommentAction","name":"Comment","target":["https:\/\/www.cuballama.com\/noticias\/bebeshito-cumple-un-ano-en-estados-unidos-pero-su-felicidad-no-esta-completa-nadie-sabe-lo-que-en-verdad-siente-mi-corazon\/#respond"]}]},{"@type":"WebPage","@id":"https:\/\/www.cuballama.com\/noticias\/bebeshito-cumple-un-ano-en-estados-unidos-pero-su-felicidad-no-esta-completa-nadie-sabe-lo-que-en-verdad-siente-mi-corazon\/","url":"https:\/\/www.cuballama.com\/noticias\/bebeshito-cumple-un-ano-en-estados-unidos-pero-su-felicidad-no-esta-completa-nadie-sabe-lo-que-en-verdad-siente-mi-corazon\/","name":"Bebeshito cumple un a\u00f1o en Estados Unidos, pero su felicidad no est\u00e1 completa: \u201cNadie sabe lo que en verdad siente mi coraz\u00f3n\u201d - Cuballama Noticias","isPartOf":{"@id":"https:\/\/www.cuballama.com\/noticias\/#website"},"primaryImageOfPage":{"@id":"https:\/\/www.cuballama.com\/noticias\/bebeshito-cumple-un-ano-en-estados-unidos-pero-su-felicidad-no-esta-completa-nadie-sabe-lo-que-en-verdad-siente-mi-corazon\/#primaryimage"},"image":{"@id":"https:\/\/www.cuballama.com\/noticias\/bebeshito-cumple-un-ano-en-estados-unidos-pero-su-felicidad-no-esta-completa-nadie-sabe-lo-que-en-verdad-siente-mi-corazon\/#primaryimage"},"thumbnailUrl":"https:\/\/cdn1.mediawpaccore.net\/wp-content\/uploads\/2025\/10\/02092147\/Captura-de-pantalla-2025-10-02-a-las-15.21.25.png","datePublished":"2025-10-02T13:24:22+00:00","dateModified":"2025-10-02T13:24:25+00:00","description":"Bebeshito confes\u00f3 que la presi\u00f3n lo ha llevado a sentir el desgaste f\u00edsico. \u201cA veces creo que me est\u00e1 cayendo el pelo del estr\u00e9s\u201d","breadcrumb":{"@id":"https:\/\/www.cuballama.com\/noticias\/bebeshito-cumple-un-ano-en-estados-unidos-pero-su-felicidad-no-esta-completa-nadie-sabe-lo-que-en-verdad-siente-mi-corazon\/#breadcrumb"},"inLanguage":"es","potentialAction":[{"@type":"ReadAction","target":["https:\/\/www.cuballama.com\/noticias\/bebeshito-cumple-un-ano-en-estados-unidos-pero-su-felicidad-no-esta-completa-nadie-sabe-lo-que-en-verdad-siente-mi-corazon\/"]}]},{"@type":"ImageObject","inLanguage":"es","@id":"https:\/\/www.cuballama.com\/noticias\/bebeshito-cumple-un-ano-en-estados-unidos-pero-su-felicidad-no-esta-completa-nadie-sabe-lo-que-en-verdad-siente-mi-corazon\/#primaryimage","url":"https:\/\/cdn1.mediawpaccore.net\/wp-content\/uploads\/2025\/10\/02092147\/Captura-de-pantalla-2025-10-02-a-las-15.21.25.png","contentUrl":"https:\/\/cdn1.mediawpaccore.net\/wp-content\/uploads\/2025\/10\/02092147\/Captura-de-pantalla-2025-10-02-a-las-15.21.25.png","width":1366,"height":932,"caption":"Foto: Chavela Campos\/Instagram"},{"@type":"BreadcrumbList","@id":"https:\/\/www.cuballama.com\/noticias\/bebeshito-cumple-un-ano-en-estados-unidos-pero-su-felicidad-no-esta-completa-nadie-sabe-lo-que-en-verdad-siente-mi-corazon\/#breadcrumb","itemListElement":[{"@type":"ListItem","position":1,"name":"Home","item":"https:\/\/www.cuballama.com\/noticias\/"},{"@type":"ListItem","position":2,"name":"Bebeshito cumple un a\u00f1o en Estados Unidos, pero su felicidad no est\u00e1 completa: \u201cNadie sabe lo que en verdad siente mi coraz\u00f3n\u201d"}]},{"@type":"WebSite","@id":"https:\/\/www.cuballama.com\/noticias\/#website","url":"https:\/\/www.cuballama.com\/noticias\/","name":"Cuballama Noticias","description":"Medio digital sobre Cuba y el mundo","publisher":{"@id":"https:\/\/www.cuballama.com\/noticias\/#organization"},"potentialAction":[{"@type":"SearchAction","target":{"@type":"EntryPoint","urlTemplate":"https:\/\/www.cuballama.com\/noticias\/?s={search_term_string}"},"query-input":{"@type":"PropertyValueSpecification","valueRequired":true,"valueName":"search_term_string"}}],"inLanguage":"es"},{"@type":"Organization","@id":"https:\/\/www.cuballama.com\/noticias\/#organization","name":"Cuballama","url":"https:\/\/www.cuballama.com\/noticias\/","logo":{"@type":"ImageObject","inLanguage":"es","@id":"https:\/\/www.cuballama.com\/noticias\/#\/schema\/logo\/image\/","url":"https:\/\/cdn1.mediawpaccore.net\/wp-content\/uploads\/2021\/12\/28171206\/cbll-logo-color-sm.png","contentUrl":"https:\/\/cdn1.mediawpaccore.net\/wp-content\/uploads\/2021\/12\/28171206\/cbll-logo-color-sm.png","width":600,"height":133,"caption":"Cuballama"},"image":{"@id":"https:\/\/www.cuballama.com\/noticias\/#\/schema\/logo\/image\/"},"sameAs":["https:\/\/www.facebook.com\/CubaLlama","https:\/\/x.com\/cuballama","https:\/\/www.instagram.com\/stories\/cuballama_oficial\/","https:\/\/www.youtube.com\/channel\/UCKkFE-d_axENGZcrc4as0IA"]},{"@type":"Person","@id":"https:\/\/www.cuballama.com\/noticias\/#\/schema\/person\/0f97914526a658755f00e59ec2a832f2","name":"Rafa","url":"https:\/\/www.cuballama.com\/noticias\/author\/rafa\/"}]}},"_links":{"self":[{"href":"https:\/\/www.cuballama.com\/noticias\/wp-json\/wp\/v2\/posts\/221481","targetHints":{"allow":["GET"]}}],"collection":[{"href":"https:\/\/www.cuballama.com\/noticias\/wp-json\/wp\/v2\/posts"}],"about":[{"href":"https:\/\/www.cuballama.com\/noticias\/wp-json\/wp\/v2\/types\/post"}],"author":[{"embeddable":true,"href":"https:\/\/www.cuballama.com\/noticias\/wp-json\/wp\/v2\/users\/27"}],"replies":[{"embeddable":true,"href":"https:\/\/www.cuballama.com\/noticias\/wp-json\/wp\/v2\/comments?post=221481"}],"version-history":[{"count":1,"href":"https:\/\/www.cuballama.com\/noticias\/wp-json\/wp\/v2\/posts\/221481\/revisions"}],"predecessor-version":[{"id":221511,"href":"https:\/\/www.cuballama.com\/noticias\/wp-json\/wp\/v2\/posts\/221481\/revisions\/221511"}],"wp:featuredmedia":[{"embeddable":true,"href":"https:\/\/www.cuballama.com\/noticias\/wp-json\/wp\/v2\/media\/221509"}],"wp:attachment":[{"href":"https:\/\/www.cuballama.com\/noticias\/wp-json\/wp\/v2\/media?parent=221481"}],"wp:term":[{"taxonomy":"category","embeddable":true,"href":"https:\/\/www.cuballama.com\/noticias\/wp-json\/wp\/v2\/categories?post=221481"},{"taxonomy":"post_tag","embeddable":true,"href":"https:\/\/www.cuballama.com\/noticias\/wp-json\/wp\/v2\/tags?post=221481"}],"curies":[{"name":"wp","href":"https:\/\/api.w.org\/{rel}","templated":true}]}}