{"id":221302,"date":"2025-10-02T12:12:36","date_gmt":"2025-10-02T16:12:36","guid":{"rendered":"https:\/\/www.cuballama.com\/noticias\/?p=221302"},"modified":"2025-10-02T12:12:40","modified_gmt":"2025-10-02T16:12:40","slug":"tragico-choque-en-el-que-se-vieron-involucrados-varios-cubanos-en-el-noroeste-de-iowa-deja-dos-fallecidos","status":"publish","type":"post","link":"https:\/\/www.cuballama.com\/noticias\/tragico-choque-en-el-que-se-vieron-involucrados-varios-cubanos-en-el-noroeste-de-iowa-deja-dos-fallecidos\/","title":{"rendered":"Tr\u00e1gico choque en el que se vieron involucrados varios cubanos en el noroeste de Iowa, deja dos fallecidos"},"content":{"rendered":"\n<p>Una colisi\u00f3n mortal ocurrida poco antes de las 10 p.m. del s\u00e1bado en el condado de Calhoun dej\u00f3 un saldo de dos personas fallecidas y cuatro heridas, informaron autoridades estatales, citadas por medios como <a href=\"https:\/\/www.ktiv.com\/2025\/09\/28\/2-dead-several-injured-after-crash-northwest-iowa\/\" target=\"_blank\" rel=\"noreferrer noopener nofollow\">Ktiv<\/a> h\u00e7y estaciones de radio como KJAN AM 1220.<\/p>\n\n\n\n<iframe loading=\"lazy\" src=\"https:\/\/www.facebook.com\/plugins\/post.php?href=https%3A%2F%2Fwww.facebook.com%2FKJANRadio%2Fposts%2Fpfbid0bD1FtyuUeWkYv3wE1Dbtkmqre7SbhLVXST4kenrWzFXauMhUnJT8h672MbcbDfqul&#038;show_text=true&#038;width=500\" width=\"500\" height=\"195\" style=\"border:none;overflow:hidden\" scrolling=\"no\" frameborder=\"0\" allowfullscreen=\"true\" allow=\"autoplay; clipboard-write; encrypted-media; picture-in-picture; web-share\"><\/iframe>\n\n\n\n<p>De acuerdo con el <strong><a href=\"https:\/\/phizat.org\/patio\/?fbclid=IwY2xjawNI3hNleHRuA2FlbQIxMABicmlkETFPZ3JzYzc5NTFWcWIyRE9TAR4FbQH4zrvehwVw-OSkQVOwf_abrhcGCmpREv3dfydAUaDsgXYj1F6Hlv1lZQ_aem_cktRn8wOYBxENYWpufXrjw\" target=\"_blank\" rel=\"noreferrer noopener nofollow\">informe de la Patrulla Estatal de Iowa<\/a><\/strong>, el accidente tuvo lugar alrededor de las 9:50 p.m. en la autopista IA-7, aproximadamente a tres millas al este de Manson, cuando una furgoneta conducida hacia el oeste cruz\u00f3 la l\u00ednea divisoria y colision\u00f3 con una camioneta que circulaba en sentido opuesto.<\/p>\n\n\n\n<figure class=\"wp-block-image size-large\"><img loading=\"lazy\" decoding=\"async\" width=\"632\" height=\"1024\" src=\"https:\/\/cdn1.mediawpaccore.net\/wp-content\/uploads\/2025\/09\/30120450\/image-155-632x1024.png\" alt=\"\" class=\"wp-image-221306\" srcset=\"https:\/\/cdn1.mediawpaccore.net\/wp-content\/uploads\/2025\/09\/30120450\/image-155-632x1024.png 632w, https:\/\/cdn1.mediawpaccore.net\/wp-content\/uploads\/2025\/09\/30120450\/image-155-185x300.png 185w, https:\/\/cdn1.mediawpaccore.net\/wp-content\/uploads\/2025\/09\/30120450\/image-155-768x1244.png 768w, https:\/\/cdn1.mediawpaccore.net\/wp-content\/uploads\/2025\/09\/30120450\/image-155-259x420.png 259w, https:\/\/cdn1.mediawpaccore.net\/wp-content\/uploads\/2025\/09\/30120450\/image-155-150x243.png 150w, https:\/\/cdn1.mediawpaccore.net\/wp-content\/uploads\/2025\/09\/30120450\/image-155-300x486.png 300w, https:\/\/cdn1.mediawpaccore.net\/wp-content\/uploads\/2025\/09\/30120450\/image-155-696x1127.png 696w, https:\/\/cdn1.mediawpaccore.net\/wp-content\/uploads\/2025\/09\/30120450\/image-155.png 810w\" sizes=\"auto, (max-width: 632px) 100vw, 632px\" \/><\/figure>\n\n\n\n<p>El veh\u00edculo tipo van, conducido por <strong>Wilfredo Quevedo Mesa<\/strong>, de 46 a\u00f1os y oriundo de Santo Domingo, Villa Clara, y residente en Storm Lake, invadi\u00f3 el carril este, lo que provoc\u00f3 el impacto con la camioneta tipo pickup conducida por <strong>Conner Darr<\/strong>, de 21 a\u00f1os, de Manson. Tras el choque, ambos automotores salieron de la carretera: la furgoneta volc\u00f3 en una zanja, mientras que la camioneta tambi\u00e9n se sali\u00f3 del camino y golpe\u00f3 un poste de servicios p\u00fablicos antes de detenerse en un campo cercano, dijo <a href=\"https:\/\/www.messengernews.net\/news\/local-news\/2025\/09\/two-dead-4-injured-in-calhoun-co-collision\/\" target=\"_blank\" rel=\"noreferrer noopener nofollow\">Northwestiowanow<\/a>.<\/p>\n\n\n\n<iframe loading=\"lazy\" width=\"1179\" height=\"663\" src=\"https:\/\/www.youtube.com\/embed\/4SiGgaAZ7rQ\" title=\"Two killed, four injured in Calhoun County crash\" frameborder=\"0\" allow=\"accelerometer; autoplay; clipboard-write; encrypted-media; gyroscope; picture-in-picture; web-share\" referrerpolicy=\"strict-origin-when-cross-origin\" allowfullscreen><\/iframe>\n\n\n\n<p>De los pasajeros del van, tres no llevaban cintur\u00f3n de seguridad y se encontraban sentados sobre muebles de patio que supuestamente hab\u00edan sido cargados dentro del veh\u00edculo antes del impacto. Dos de esos ocupantes murieron en el lugar: <strong>Alondra Bravo<\/strong>, de 26 a\u00f1os, y <strong>Jorge P\u00e9rez Hechavarria<\/strong>, de 34 a\u00f1os, ambos residentes de Storm Lake. <\/p>\n\n\n\n<p>P\u00e9rez Hechavarr\u00eda es cubano, oriundo de la provincia de Las Tunas,<a href=\"https:\/\/www.facebook.com\/jorgeluis.oshunlaibo\" target=\"_blank\" rel=\"noreferrer noopener\"> seg\u00fan su perfil de Facebook<\/a>. Horas antes de morir publicaba:<\/p>\n\n\n\n<iframe loading=\"lazy\" src=\"https:\/\/www.facebook.com\/plugins\/post.php?href=https%3A%2F%2Fwww.facebook.com%2Fjorgeluis.oshunlaibo%2Fposts%2Fpfbid02zfepnoFPmdwVPnC9JqqYycwisPHAUNWZEVb4xDHagnpJyaUXUYJ3khdBcJ7ZeNUrl&#038;show_text=true&#038;width=500\" width=\"500\" height=\"524\" style=\"border:none;overflow:hidden\" scrolling=\"no\" frameborder=\"0\" allowfullscreen=\"true\" allow=\"autoplay; clipboard-write; encrypted-media; picture-in-picture; web-share\"><\/iframe>\n\n\n\n<p>De Alondra, por su parte, desconocemos su nacionalidad.<\/p>\n\n\n\n<iframe loading=\"lazy\" src=\"https:\/\/www.facebook.com\/plugins\/post.php?href=https%3A%2F%2Fwww.facebook.com%2Fpermalink.php%3Fstory_fbid%3D122108663804976157%26id%3D61579284736241%26substory_index%3D1731353530840013&#038;show_text=true&#038;width=500\" width=\"500\" height=\"534\" style=\"border:none;overflow:hidden\" scrolling=\"no\" frameborder=\"0\" allowfullscreen=\"true\" allow=\"autoplay; clipboard-write; encrypted-media; picture-in-picture; web-share\"><\/iframe>\n\n\n\n<p>Amigos y familiares de ella pidieron ayuda en las redes a fin de recoger fondos para ayudar en los gastos funerarios. Varios de los que compartieron y comentaron las publicaciones son de origen cubano, de la provincia de Villa Clara, lo que al menos vincula a la v\u00edctima con la comunidad cubana en ese estado.<\/p>\n\n\n\n<iframe loading=\"lazy\" src=\"https:\/\/www.facebook.com\/plugins\/post.php?href=https%3A%2F%2Fwww.facebook.com%2Falina.rodriguez.757514%2Fposts%2Fpfbid02qR6wdrbYrLwg8znzKgBi5rdRrbph7qDSZRBrppYEF2uerg5dv67D5sg59YP4nmdXl&#038;show_text=true&#038;width=500\" width=\"500\" height=\"481\" style=\"border:none;overflow:hidden\" scrolling=\"no\" frameborder=\"0\" allowfullscreen=\"true\" allow=\"autoplay; clipboard-write; encrypted-media; picture-in-picture; web-share\"><\/iframe>\n\n\n\n<p>En una publicaci\u00f3n en espec\u00edfico, una persona que se identifica como de Corralillo, Villa Clara, y residente en Miami, asegura que Alondra es su amiga.<\/p>\n\n\n\n<iframe loading=\"lazy\" src=\"https:\/\/www.facebook.com\/plugins\/post.php?href=https%3A%2F%2Fwww.facebook.com%2Fmoon.light.4tx%2Fposts%2Fpfbid02g5e58GG3qWuoZFb6RtNf2AsHxS7abxm8xBce99JoyE1Qmu2h1HhW4rQfnn2FFLATl&#038;show_text=true&#038;width=500\" width=\"500\" height=\"597\" style=\"border:none;overflow:hidden\" scrolling=\"no\" frameborder=\"0\" allowfullscreen=\"true\" allow=\"autoplay; clipboard-write; encrypted-media; picture-in-picture; web-share\"><\/iframe>\n\n\n\n<p>Otras movilizaciones y donaciones para ayudar al resto de los accidentados, reciben ayuda de la comunidad. <\/p>\n\n\n\n<iframe loading=\"lazy\" src=\"https:\/\/www.facebook.com\/plugins\/post.php?href=https%3A%2F%2Fwww.facebook.com%2Fnilka.camacho%2Fposts%2Fpfbid02TU9h6o3bcfrAbW7hrnWKXkbi6dGFCfxAMsGSdq7ytZcPKivYmZhGyM7ksGbNZKdFl&#038;show_text=true&#038;width=500\" width=\"500\" height=\"363\" style=\"border:none;overflow:hidden\" scrolling=\"no\" frameborder=\"0\" allowfullscreen=\"true\" allow=\"autoplay; clipboard-write; encrypted-media; picture-in-picture; web-share\"><\/iframe>\n\n\n\n<p>Un reportaje sobre lo sucedido, fue dado a conocer en las redes por el activista y comunicador cubano Niover Licea.<\/p>\n\n\n\n<blockquote class=\"instagram-media\" data-instgrm-captioned data-instgrm-permalink=\"https:\/\/www.instagram.com\/reel\/DPOjzeTlMk2\/?utm_source=ig_embed&amp;utm_campaign=loading\" data-instgrm-version=\"14\" style=\" background:#FFF; border:0; border-radius:3px; box-shadow:0 0 1px 0 rgba(0,0,0,0.5),0 1px 10px 0 rgba(0,0,0,0.15); margin: 1px; max-width:540px; min-width:326px; padding:0; width:99.375%; width:-webkit-calc(100% - 2px); width:calc(100% - 2px);\"><div style=\"padding:16px;\"> <a href=\"https:\/\/www.instagram.com\/reel\/DPOjzeTlMk2\/?utm_source=ig_embed&amp;utm_campaign=loading\" style=\" background:#FFFFFF; line-height:0; padding:0 0; text-align:center; text-decoration:none; width:100%;\" target=\"_blank\"> <div style=\" display: flex; flex-direction: row; align-items: center;\"> <div style=\"background-color: #F4F4F4; border-radius: 50%; flex-grow: 0; height: 40px; margin-right: 14px; width: 40px;\"><\/div> <div style=\"display: flex; flex-direction: column; flex-grow: 1; justify-content: center;\"> <div style=\" background-color: #F4F4F4; border-radius: 4px; flex-grow: 0; height: 14px; margin-bottom: 6px; width: 100px;\"><\/div> <div style=\" background-color: #F4F4F4; border-radius: 4px; flex-grow: 0; height: 14px; width: 60px;\"><\/div><\/div><\/div><div style=\"padding: 19% 0;\"><\/div> <div style=\"display:block; height:50px; margin:0 auto 12px; width:50px;\"><svg width=\"50px\" height=\"50px\" viewBox=\"0 0 60 60\" version=\"1.1\" xmlns=\"https:\/\/www.w3.org\/2000\/svg\" xmlns:xlink=\"https:\/\/www.w3.org\/1999\/xlink\"><g stroke=\"none\" stroke-width=\"1\" fill=\"none\" fill-rule=\"evenodd\"><g transform=\"translate(-511.000000, -20.000000)\" fill=\"#000000\"><g><path d=\"M556.869,30.41 C554.814,30.41 553.148,32.076 553.148,34.131 C553.148,36.186 554.814,37.852 556.869,37.852 C558.924,37.852 560.59,36.186 560.59,34.131 C560.59,32.076 558.924,30.41 556.869,30.41 M541,60.657 C535.114,60.657 530.342,55.887 530.342,50 C530.342,44.114 535.114,39.342 541,39.342 C546.887,39.342 551.658,44.114 551.658,50 C551.658,55.887 546.887,60.657 541,60.657 M541,33.886 C532.1,33.886 524.886,41.1 524.886,50 C524.886,58.899 532.1,66.113 541,66.113 C549.9,66.113 557.115,58.899 557.115,50 C557.115,41.1 549.9,33.886 541,33.886 M565.378,62.101 C565.244,65.022 564.756,66.606 564.346,67.663 C563.803,69.06 563.154,70.057 562.106,71.106 C561.058,72.155 560.06,72.803 558.662,73.347 C557.607,73.757 556.021,74.244 553.102,74.378 C549.944,74.521 548.997,74.552 541,74.552 C533.003,74.552 532.056,74.521 528.898,74.378 C525.979,74.244 524.393,73.757 523.338,73.347 C521.94,72.803 520.942,72.155 519.894,71.106 C518.846,70.057 518.197,69.06 517.654,67.663 C517.244,66.606 516.755,65.022 516.623,62.101 C516.479,58.943 516.448,57.996 516.448,50 C516.448,42.003 516.479,41.056 516.623,37.899 C516.755,34.978 517.244,33.391 517.654,32.338 C518.197,30.938 518.846,29.942 519.894,28.894 C520.942,27.846 521.94,27.196 523.338,26.654 C524.393,26.244 525.979,25.756 528.898,25.623 C532.057,25.479 533.004,25.448 541,25.448 C548.997,25.448 549.943,25.479 553.102,25.623 C556.021,25.756 557.607,26.244 558.662,26.654 C560.06,27.196 561.058,27.846 562.106,28.894 C563.154,29.942 563.803,30.938 564.346,32.338 C564.756,33.391 565.244,34.978 565.378,37.899 C565.522,41.056 565.552,42.003 565.552,50 C565.552,57.996 565.522,58.943 565.378,62.101 M570.82,37.631 C570.674,34.438 570.167,32.258 569.425,30.349 C568.659,28.377 567.633,26.702 565.965,25.035 C564.297,23.368 562.623,22.342 560.652,21.575 C558.743,20.834 556.562,20.326 553.369,20.18 C550.169,20.033 549.148,20 541,20 C532.853,20 531.831,20.033 528.631,20.18 C525.438,20.326 523.257,20.834 521.349,21.575 C519.376,22.342 517.703,23.368 516.035,25.035 C514.368,26.702 513.342,28.377 512.574,30.349 C511.834,32.258 511.326,34.438 511.181,37.631 C511.035,40.831 511,41.851 511,50 C511,58.147 511.035,59.17 511.181,62.369 C511.326,65.562 511.834,67.743 512.574,69.651 C513.342,71.625 514.368,73.296 516.035,74.965 C517.703,76.634 519.376,77.658 521.349,78.425 C523.257,79.167 525.438,79.673 528.631,79.82 C531.831,79.965 532.853,80.001 541,80.001 C549.148,80.001 550.169,79.965 553.369,79.82 C556.562,79.673 558.743,79.167 560.652,78.425 C562.623,77.658 564.297,76.634 565.965,74.965 C567.633,73.296 568.659,71.625 569.425,69.651 C570.167,67.743 570.674,65.562 570.82,62.369 C570.966,59.17 571,58.147 571,50 C571,41.851 570.966,40.831 570.82,37.631\"><\/path><\/g><\/g><\/g><\/svg><\/div><div style=\"padding-top: 8px;\"> <div style=\" color:#3897f0; font-family:Arial,sans-serif; font-size:14px; font-style:normal; font-weight:550; line-height:18px;\">View this post on Instagram<\/div><\/div><div style=\"padding: 12.5% 0;\"><\/div> <div style=\"display: flex; flex-direction: row; margin-bottom: 14px; align-items: center;\"><div> <div style=\"background-color: #F4F4F4; border-radius: 50%; height: 12.5px; width: 12.5px; transform: translateX(0px) translateY(7px);\"><\/div> <div style=\"background-color: #F4F4F4; height: 12.5px; transform: rotate(-45deg) translateX(3px) translateY(1px); width: 12.5px; flex-grow: 0; margin-right: 14px; margin-left: 2px;\"><\/div> <div style=\"background-color: #F4F4F4; border-radius: 50%; height: 12.5px; width: 12.5px; transform: translateX(9px) translateY(-18px);\"><\/div><\/div><div style=\"margin-left: 8px;\"> <div style=\" background-color: #F4F4F4; border-radius: 50%; flex-grow: 0; height: 20px; width: 20px;\"><\/div> <div style=\" width: 0; height: 0; border-top: 2px solid transparent; border-left: 6px solid #f4f4f4; border-bottom: 2px solid transparent; transform: translateX(16px) translateY(-4px) rotate(30deg)\"><\/div><\/div><div style=\"margin-left: auto;\"> <div style=\" width: 0px; border-top: 8px solid #F4F4F4; border-right: 8px solid transparent; transform: translateY(16px);\"><\/div> <div style=\" background-color: #F4F4F4; flex-grow: 0; height: 12px; width: 16px; transform: translateY(-4px);\"><\/div> <div style=\" width: 0; height: 0; border-top: 8px solid #F4F4F4; border-left: 8px solid transparent; transform: translateY(-4px) translateX(8px);\"><\/div><\/div><\/div> <div style=\"display: flex; flex-direction: column; flex-grow: 1; justify-content: center; margin-bottom: 24px;\"> <div style=\" background-color: #F4F4F4; border-radius: 4px; flex-grow: 0; height: 14px; margin-bottom: 6px; width: 224px;\"><\/div> <div style=\" background-color: #F4F4F4; border-radius: 4px; flex-grow: 0; height: 14px; width: 144px;\"><\/div><\/div><\/a><p style=\" color:#c9c8cd; font-family:Arial,sans-serif; font-size:14px; line-height:17px; margin-bottom:0; margin-top:8px; overflow:hidden; padding:8px 0 7px; text-align:center; text-overflow:ellipsis; white-space:nowrap;\"><a href=\"https:\/\/www.instagram.com\/reel\/DPOjzeTlMk2\/?utm_source=ig_embed&amp;utm_campaign=loading\" style=\" color:#c9c8cd; font-family:Arial,sans-serif; font-size:14px; font-style:normal; font-weight:normal; line-height:17px; text-decoration:none;\" target=\"_blank\">A post shared by Niover Licea (@nioreportandouncrimen)<\/a><\/p><\/div><\/blockquote>\n<script async src=\"\/\/www.instagram.com\/embed.js\"><\/script>\n\n\n\n<p>Niover, en otra publicaci\u00f3n, public\u00f3 varias fotos del cubano accidentado y fallecido.<\/p>\n\n\n\n<blockquote class=\"instagram-media\" data-instgrm-captioned data-instgrm-permalink=\"https:\/\/www.instagram.com\/p\/DPOjISHE_Ye\/?utm_source=ig_embed&amp;utm_campaign=loading\" data-instgrm-version=\"14\" style=\" background:#FFF; border:0; border-radius:3px; box-shadow:0 0 1px 0 rgba(0,0,0,0.5),0 1px 10px 0 rgba(0,0,0,0.15); margin: 1px; max-width:540px; min-width:326px; padding:0; width:99.375%; width:-webkit-calc(100% - 2px); width:calc(100% - 2px);\"><div style=\"padding:16px;\"> <a href=\"https:\/\/www.instagram.com\/p\/DPOjISHE_Ye\/?utm_source=ig_embed&amp;utm_campaign=loading\" style=\" background:#FFFFFF; line-height:0; padding:0 0; text-align:center; text-decoration:none; width:100%;\" target=\"_blank\"> <div style=\" display: flex; flex-direction: row; align-items: center;\"> <div style=\"background-color: #F4F4F4; border-radius: 50%; flex-grow: 0; height: 40px; margin-right: 14px; width: 40px;\"><\/div> <div style=\"display: flex; flex-direction: column; flex-grow: 1; justify-content: center;\"> <div style=\" background-color: #F4F4F4; border-radius: 4px; flex-grow: 0; height: 14px; margin-bottom: 6px; width: 100px;\"><\/div> <div style=\" background-color: #F4F4F4; border-radius: 4px; flex-grow: 0; height: 14px; width: 60px;\"><\/div><\/div><\/div><div style=\"padding: 19% 0;\"><\/div> <div style=\"display:block; height:50px; margin:0 auto 12px; width:50px;\"><svg width=\"50px\" height=\"50px\" viewBox=\"0 0 60 60\" version=\"1.1\" xmlns=\"https:\/\/www.w3.org\/2000\/svg\" xmlns:xlink=\"https:\/\/www.w3.org\/1999\/xlink\"><g stroke=\"none\" stroke-width=\"1\" fill=\"none\" fill-rule=\"evenodd\"><g transform=\"translate(-511.000000, -20.000000)\" fill=\"#000000\"><g><path d=\"M556.869,30.41 C554.814,30.41 553.148,32.076 553.148,34.131 C553.148,36.186 554.814,37.852 556.869,37.852 C558.924,37.852 560.59,36.186 560.59,34.131 C560.59,32.076 558.924,30.41 556.869,30.41 M541,60.657 C535.114,60.657 530.342,55.887 530.342,50 C530.342,44.114 535.114,39.342 541,39.342 C546.887,39.342 551.658,44.114 551.658,50 C551.658,55.887 546.887,60.657 541,60.657 M541,33.886 C532.1,33.886 524.886,41.1 524.886,50 C524.886,58.899 532.1,66.113 541,66.113 C549.9,66.113 557.115,58.899 557.115,50 C557.115,41.1 549.9,33.886 541,33.886 M565.378,62.101 C565.244,65.022 564.756,66.606 564.346,67.663 C563.803,69.06 563.154,70.057 562.106,71.106 C561.058,72.155 560.06,72.803 558.662,73.347 C557.607,73.757 556.021,74.244 553.102,74.378 C549.944,74.521 548.997,74.552 541,74.552 C533.003,74.552 532.056,74.521 528.898,74.378 C525.979,74.244 524.393,73.757 523.338,73.347 C521.94,72.803 520.942,72.155 519.894,71.106 C518.846,70.057 518.197,69.06 517.654,67.663 C517.244,66.606 516.755,65.022 516.623,62.101 C516.479,58.943 516.448,57.996 516.448,50 C516.448,42.003 516.479,41.056 516.623,37.899 C516.755,34.978 517.244,33.391 517.654,32.338 C518.197,30.938 518.846,29.942 519.894,28.894 C520.942,27.846 521.94,27.196 523.338,26.654 C524.393,26.244 525.979,25.756 528.898,25.623 C532.057,25.479 533.004,25.448 541,25.448 C548.997,25.448 549.943,25.479 553.102,25.623 C556.021,25.756 557.607,26.244 558.662,26.654 C560.06,27.196 561.058,27.846 562.106,28.894 C563.154,29.942 563.803,30.938 564.346,32.338 C564.756,33.391 565.244,34.978 565.378,37.899 C565.522,41.056 565.552,42.003 565.552,50 C565.552,57.996 565.522,58.943 565.378,62.101 M570.82,37.631 C570.674,34.438 570.167,32.258 569.425,30.349 C568.659,28.377 567.633,26.702 565.965,25.035 C564.297,23.368 562.623,22.342 560.652,21.575 C558.743,20.834 556.562,20.326 553.369,20.18 C550.169,20.033 549.148,20 541,20 C532.853,20 531.831,20.033 528.631,20.18 C525.438,20.326 523.257,20.834 521.349,21.575 C519.376,22.342 517.703,23.368 516.035,25.035 C514.368,26.702 513.342,28.377 512.574,30.349 C511.834,32.258 511.326,34.438 511.181,37.631 C511.035,40.831 511,41.851 511,50 C511,58.147 511.035,59.17 511.181,62.369 C511.326,65.562 511.834,67.743 512.574,69.651 C513.342,71.625 514.368,73.296 516.035,74.965 C517.703,76.634 519.376,77.658 521.349,78.425 C523.257,79.167 525.438,79.673 528.631,79.82 C531.831,79.965 532.853,80.001 541,80.001 C549.148,80.001 550.169,79.965 553.369,79.82 C556.562,79.673 558.743,79.167 560.652,78.425 C562.623,77.658 564.297,76.634 565.965,74.965 C567.633,73.296 568.659,71.625 569.425,69.651 C570.167,67.743 570.674,65.562 570.82,62.369 C570.966,59.17 571,58.147 571,50 C571,41.851 570.966,40.831 570.82,37.631\"><\/path><\/g><\/g><\/g><\/svg><\/div><div style=\"padding-top: 8px;\"> <div style=\" color:#3897f0; font-family:Arial,sans-serif; font-size:14px; font-style:normal; font-weight:550; line-height:18px;\">View this post on Instagram<\/div><\/div><div style=\"padding: 12.5% 0;\"><\/div> <div style=\"display: flex; flex-direction: row; margin-bottom: 14px; align-items: center;\"><div> <div style=\"background-color: #F4F4F4; border-radius: 50%; height: 12.5px; width: 12.5px; transform: translateX(0px) translateY(7px);\"><\/div> <div style=\"background-color: #F4F4F4; height: 12.5px; transform: rotate(-45deg) translateX(3px) translateY(1px); width: 12.5px; flex-grow: 0; margin-right: 14px; margin-left: 2px;\"><\/div> <div style=\"background-color: #F4F4F4; border-radius: 50%; height: 12.5px; width: 12.5px; transform: translateX(9px) translateY(-18px);\"><\/div><\/div><div style=\"margin-left: 8px;\"> <div style=\" background-color: #F4F4F4; border-radius: 50%; flex-grow: 0; height: 20px; width: 20px;\"><\/div> <div style=\" width: 0; height: 0; border-top: 2px solid transparent; border-left: 6px solid #f4f4f4; border-bottom: 2px solid transparent; transform: translateX(16px) translateY(-4px) rotate(30deg)\"><\/div><\/div><div style=\"margin-left: auto;\"> <div style=\" width: 0px; border-top: 8px solid #F4F4F4; border-right: 8px solid transparent; transform: translateY(16px);\"><\/div> <div style=\" background-color: #F4F4F4; flex-grow: 0; height: 12px; width: 16px; transform: translateY(-4px);\"><\/div> <div style=\" width: 0; height: 0; border-top: 8px solid #F4F4F4; border-left: 8px solid transparent; transform: translateY(-4px) translateX(8px);\"><\/div><\/div><\/div> <div style=\"display: flex; flex-direction: column; flex-grow: 1; justify-content: center; margin-bottom: 24px;\"> <div style=\" background-color: #F4F4F4; border-radius: 4px; flex-grow: 0; height: 14px; margin-bottom: 6px; width: 224px;\"><\/div> <div style=\" background-color: #F4F4F4; border-radius: 4px; flex-grow: 0; height: 14px; width: 144px;\"><\/div><\/div><\/a><p style=\" color:#c9c8cd; font-family:Arial,sans-serif; font-size:14px; line-height:17px; margin-bottom:0; margin-top:8px; overflow:hidden; padding:8px 0 7px; text-align:center; text-overflow:ellipsis; white-space:nowrap;\"><a href=\"https:\/\/www.instagram.com\/p\/DPOjISHE_Ye\/?utm_source=ig_embed&amp;utm_campaign=loading\" style=\" color:#c9c8cd; font-family:Arial,sans-serif; font-size:14px; font-style:normal; font-weight:normal; line-height:17px; text-decoration:none;\" target=\"_blank\">A post shared by Niover Licea (@nioreportandouncrimen)<\/a><\/p><\/div><\/blockquote>\n<script async src=\"\/\/www.instagram.com\/embed.js\"><\/script>\n\n\n\n<p>Otros tres pasajeros del van \u2014 <strong>Luis Bravo<\/strong>, de 8 a\u00f1os (hijo de la fallecida, seg\u00fan su perfil de Facebook); <strong>Marina Escalante<\/strong>, de 46 a\u00f1os; y el ya mencionado conductor Wilfredo Quevedo Mesa \u2014 resultaron heridos y fueron trasladados a distintos hospitales en la zona, dijo por su parte <a href=\"https:\/\/www.messengernews.net\/news\/local-news\/2025\/09\/two-dead-4-injured-in-calhoun-co-collision\/?utm_source=chatgpt.com\" target=\"_blank\" rel=\"noreferrer noopener\">KCCI<\/a>; mientras que Conner Darr fue llevado por Fort Dodge Fire\/Rescue al hospital UnityPoint de Fort Dodge, indic\u00f3 la ya citada <a href=\"https:\/\/www.ktiv.com\/2025\/09\/28\/2-dead-several-injured-after-crash-northwest-iowa\/?utm_source=chatgpt.com\" target=\"_blank\" rel=\"noreferrer noopener\">Ktiv<\/a>. <\/p>\n\n\n\n<p>Aparentemente los hispanos involucrados en el accidente trabajan (trabajaban) en la planta de procesamiento de Tyson, conocida como \u00ablos pavos\u00bb. <\/p>\n\n\n\n<p>Hasta ahora no se han publicado cargos oficiales ni conclusiones definitivas sobre las causas que motivaron que el van cruzara la l\u00ednea central, aunque la falta de uso del cintur\u00f3n y la presencia de ocupantes en posiciones inseguras dentro del veh\u00edculo ser\u00e1n aspectos clave en la investigaci\u00f3n.<\/p>\n\n\n\n<p><\/p>\n","protected":false},"excerpt":{"rendered":"<p>Este lamentable suceso ha generado conmoci\u00f3n en las comunidades de Storm Lake y Manson, especialmente por las circunstancias extra\u00f1as del viaje (con muebles en el interior del veh\u00edculo) y la p\u00e9rdida de vidas humanas. Las autoridades estatales prometieron continuar con las pesquisas para determinar responsabilidades y evitar que tragedias similares vuelvan a ocurrir.<\/p>\n","protected":false},"author":13,"featured_media":221311,"comment_status":"open","ping_status":"closed","sticky":false,"template":"","format":"standard","meta":{"_acf_changed":false,"footnotes":""},"categories":[18,955,953],"tags":[28079,25773,28084,28080,1850,28086,28088,941,28085,28082,28090,28087,28081,28089,28083],"class_list":{"0":"post-221302","1":"post","2":"type-post","3":"status-publish","4":"format-standard","5":"has-post-thumbnail","7":"category-noticias","8":"category-noticias-de-cuba","9":"category-usa","10":"tag-accidente-en-iowa","11":"tag-accidente-fatal","12":"tag-alondra-bravo","13":"tag-choque-en-calhoun","14":"tag-comunidad-cubana","15":"tag-conner-darr","16":"tag-cubanos-en-iowa","17":"tag-destacado","18":"tag-jorge-perez-hechavarria","19":"tag-manson","20":"tag-noticias-eeuu","21":"tag-patrulla-estatal-de-iowa","22":"tag-storm-lake","23":"tag-tragedia-carretera","24":"tag-wilfredo-quevedo-mesa"},"acf":[],"yoast_head":"<!-- This site is optimized with the Yoast SEO plugin v27.5 - https:\/\/yoast.com\/product\/yoast-seo-wordpress\/ -->\n<title>Tr\u00e1gico choque en el que se vieron involucrados varios cubanos en el noroeste de Iowa, deja dos fallecidos - Cuballama Noticias<\/title>\n<meta name=\"description\" content=\"Dos v\u00edctimas y cuatro heridos, es el saldo de un lamentable accidente de tr\u00e1nsito ocurrido en Iowa, donde al menos un cubano falleci\u00f3.\" \/>\n<meta name=\"robots\" content=\"index, follow, max-snippet:-1, max-image-preview:large, max-video-preview:-1\" \/>\n<link rel=\"canonical\" href=\"https:\/\/www.cuballama.com\/noticias\/tragico-choque-en-el-que-se-vieron-involucrados-varios-cubanos-en-el-noroeste-de-iowa-deja-dos-fallecidos\/\" \/>\n<meta property=\"og:locale\" content=\"es_ES\" \/>\n<meta property=\"og:type\" content=\"article\" \/>\n<meta property=\"og:title\" content=\"Tr\u00e1gico choque en el que se vieron involucrados varios cubanos en el noroeste de Iowa, deja dos fallecidos - Cuballama Noticias\" \/>\n<meta property=\"og:description\" content=\"Dos v\u00edctimas y cuatro heridos, es el saldo de un lamentable accidente de tr\u00e1nsito ocurrido en Iowa, donde al menos un cubano falleci\u00f3.\" \/>\n<meta property=\"og:url\" content=\"https:\/\/www.cuballama.com\/noticias\/tragico-choque-en-el-que-se-vieron-involucrados-varios-cubanos-en-el-noroeste-de-iowa-deja-dos-fallecidos\/\" \/>\n<meta property=\"og:site_name\" content=\"Cuballama Noticias\" \/>\n<meta property=\"article:publisher\" content=\"https:\/\/www.facebook.com\/CubaLlama\" \/>\n<meta property=\"article:published_time\" content=\"2025-10-02T16:12:36+00:00\" \/>\n<meta property=\"article:modified_time\" content=\"2025-10-02T16:12:40+00:00\" \/>\n<meta property=\"og:image\" content=\"https:\/\/cdn1.mediawpaccore.net\/wp-content\/uploads\/2025\/09\/30121141\/image-156.png\" \/>\n\t<meta property=\"og:image:width\" content=\"1968\" \/>\n\t<meta property=\"og:image:height\" content=\"1034\" \/>\n\t<meta property=\"og:image:type\" content=\"image\/png\" \/>\n<meta name=\"author\" content=\"Roberto A.\" \/>\n<meta name=\"twitter:card\" content=\"summary_large_image\" \/>\n<meta name=\"twitter:creator\" content=\"@cuballama\" \/>\n<meta name=\"twitter:site\" content=\"@cuballama\" \/>\n<meta name=\"twitter:label1\" content=\"Escrito por\" \/>\n\t<meta name=\"twitter:data1\" content=\"Roberto A.\" \/>\n\t<meta name=\"twitter:label2\" content=\"Tiempo de lectura\" \/>\n\t<meta name=\"twitter:data2\" content=\"3 minutos\" \/>\n<script type=\"application\/ld+json\" class=\"yoast-schema-graph\">{\"@context\":\"https:\\\/\\\/schema.org\",\"@graph\":[{\"@type\":\"Article\",\"@id\":\"https:\\\/\\\/www.cuballama.com\\\/noticias\\\/tragico-choque-en-el-que-se-vieron-involucrados-varios-cubanos-en-el-noroeste-de-iowa-deja-dos-fallecidos\\\/#article\",\"isPartOf\":{\"@id\":\"https:\\\/\\\/www.cuballama.com\\\/noticias\\\/tragico-choque-en-el-que-se-vieron-involucrados-varios-cubanos-en-el-noroeste-de-iowa-deja-dos-fallecidos\\\/\"},\"author\":{\"name\":\"Roberto A.\",\"@id\":\"https:\\\/\\\/www.cuballama.com\\\/noticias\\\/#\\\/schema\\\/person\\\/a58502ed4146c8e9f83872e897c76cd2\"},\"headline\":\"Tr\u00e1gico choque en el que se vieron involucrados varios cubanos en el noroeste de Iowa, deja dos fallecidos\",\"datePublished\":\"2025-10-02T16:12:36+00:00\",\"dateModified\":\"2025-10-02T16:12:40+00:00\",\"mainEntityOfPage\":{\"@id\":\"https:\\\/\\\/www.cuballama.com\\\/noticias\\\/tragico-choque-en-el-que-se-vieron-involucrados-varios-cubanos-en-el-noroeste-de-iowa-deja-dos-fallecidos\\\/\"},\"wordCount\":598,\"commentCount\":0,\"publisher\":{\"@id\":\"https:\\\/\\\/www.cuballama.com\\\/noticias\\\/#organization\"},\"image\":{\"@id\":\"https:\\\/\\\/www.cuballama.com\\\/noticias\\\/tragico-choque-en-el-que-se-vieron-involucrados-varios-cubanos-en-el-noroeste-de-iowa-deja-dos-fallecidos\\\/#primaryimage\"},\"thumbnailUrl\":\"https:\\\/\\\/cdn1.mediawpaccore.net\\\/wp-content\\\/uploads\\\/2025\\\/09\\\/30121141\\\/image-156.png\",\"keywords\":[\"accidente en iowa\",\"accidente fatal\",\"alondra bravo\",\"choque en calhoun\",\"comunidad cubana\",\"conner darr\",\"cubanos en iowa\",\"destacado\",\"jorge p\u00e9rez hechavarr\u00eda\",\"manson\",\"noticias eeuu\",\"patrulla estatal de iowa\",\"storm lake\",\"tragedia carretera\",\"wilfredo quevedo mesa\"],\"articleSection\":[\"Noticias\",\"Noticias de Cuba\",\"USA\"],\"inLanguage\":\"es\",\"potentialAction\":[{\"@type\":\"CommentAction\",\"name\":\"Comment\",\"target\":[\"https:\\\/\\\/www.cuballama.com\\\/noticias\\\/tragico-choque-en-el-que-se-vieron-involucrados-varios-cubanos-en-el-noroeste-de-iowa-deja-dos-fallecidos\\\/#respond\"]}]},{\"@type\":\"WebPage\",\"@id\":\"https:\\\/\\\/www.cuballama.com\\\/noticias\\\/tragico-choque-en-el-que-se-vieron-involucrados-varios-cubanos-en-el-noroeste-de-iowa-deja-dos-fallecidos\\\/\",\"url\":\"https:\\\/\\\/www.cuballama.com\\\/noticias\\\/tragico-choque-en-el-que-se-vieron-involucrados-varios-cubanos-en-el-noroeste-de-iowa-deja-dos-fallecidos\\\/\",\"name\":\"Tr\u00e1gico choque en el que se vieron involucrados varios cubanos en el noroeste de Iowa, deja dos fallecidos - Cuballama Noticias\",\"isPartOf\":{\"@id\":\"https:\\\/\\\/www.cuballama.com\\\/noticias\\\/#website\"},\"primaryImageOfPage\":{\"@id\":\"https:\\\/\\\/www.cuballama.com\\\/noticias\\\/tragico-choque-en-el-que-se-vieron-involucrados-varios-cubanos-en-el-noroeste-de-iowa-deja-dos-fallecidos\\\/#primaryimage\"},\"image\":{\"@id\":\"https:\\\/\\\/www.cuballama.com\\\/noticias\\\/tragico-choque-en-el-que-se-vieron-involucrados-varios-cubanos-en-el-noroeste-de-iowa-deja-dos-fallecidos\\\/#primaryimage\"},\"thumbnailUrl\":\"https:\\\/\\\/cdn1.mediawpaccore.net\\\/wp-content\\\/uploads\\\/2025\\\/09\\\/30121141\\\/image-156.png\",\"datePublished\":\"2025-10-02T16:12:36+00:00\",\"dateModified\":\"2025-10-02T16:12:40+00:00\",\"description\":\"Dos v\u00edctimas y cuatro heridos, es el saldo de un lamentable accidente de tr\u00e1nsito ocurrido en Iowa, donde al menos un cubano falleci\u00f3.\",\"breadcrumb\":{\"@id\":\"https:\\\/\\\/www.cuballama.com\\\/noticias\\\/tragico-choque-en-el-que-se-vieron-involucrados-varios-cubanos-en-el-noroeste-de-iowa-deja-dos-fallecidos\\\/#breadcrumb\"},\"inLanguage\":\"es\",\"potentialAction\":[{\"@type\":\"ReadAction\",\"target\":[\"https:\\\/\\\/www.cuballama.com\\\/noticias\\\/tragico-choque-en-el-que-se-vieron-involucrados-varios-cubanos-en-el-noroeste-de-iowa-deja-dos-fallecidos\\\/\"]}]},{\"@type\":\"ImageObject\",\"inLanguage\":\"es\",\"@id\":\"https:\\\/\\\/www.cuballama.com\\\/noticias\\\/tragico-choque-en-el-que-se-vieron-involucrados-varios-cubanos-en-el-noroeste-de-iowa-deja-dos-fallecidos\\\/#primaryimage\",\"url\":\"https:\\\/\\\/cdn1.mediawpaccore.net\\\/wp-content\\\/uploads\\\/2025\\\/09\\\/30121141\\\/image-156.png\",\"contentUrl\":\"https:\\\/\\\/cdn1.mediawpaccore.net\\\/wp-content\\\/uploads\\\/2025\\\/09\\\/30121141\\\/image-156.png\",\"width\":1968,\"height\":1034,\"caption\":\"Las dos v\u00edctimas del lamentable accidente. A la izq, Alondra Bravo. A la derecha, Jorge Luis P\u00e9rez Hechavarr\u00eda. Foto v\u00eda Facebook\"},{\"@type\":\"BreadcrumbList\",\"@id\":\"https:\\\/\\\/www.cuballama.com\\\/noticias\\\/tragico-choque-en-el-que-se-vieron-involucrados-varios-cubanos-en-el-noroeste-de-iowa-deja-dos-fallecidos\\\/#breadcrumb\",\"itemListElement\":[{\"@type\":\"ListItem\",\"position\":1,\"name\":\"Home\",\"item\":\"https:\\\/\\\/www.cuballama.com\\\/noticias\\\/\"},{\"@type\":\"ListItem\",\"position\":2,\"name\":\"Tr\u00e1gico choque en el que se vieron involucrados varios cubanos en el noroeste de Iowa, deja dos fallecidos\"}]},{\"@type\":\"WebSite\",\"@id\":\"https:\\\/\\\/www.cuballama.com\\\/noticias\\\/#website\",\"url\":\"https:\\\/\\\/www.cuballama.com\\\/noticias\\\/\",\"name\":\"Cuballama Noticias\",\"description\":\"Medio digital sobre Cuba y el mundo\",\"publisher\":{\"@id\":\"https:\\\/\\\/www.cuballama.com\\\/noticias\\\/#organization\"},\"potentialAction\":[{\"@type\":\"SearchAction\",\"target\":{\"@type\":\"EntryPoint\",\"urlTemplate\":\"https:\\\/\\\/www.cuballama.com\\\/noticias\\\/?s={search_term_string}\"},\"query-input\":{\"@type\":\"PropertyValueSpecification\",\"valueRequired\":true,\"valueName\":\"search_term_string\"}}],\"inLanguage\":\"es\"},{\"@type\":\"Organization\",\"@id\":\"https:\\\/\\\/www.cuballama.com\\\/noticias\\\/#organization\",\"name\":\"Cuballama\",\"url\":\"https:\\\/\\\/www.cuballama.com\\\/noticias\\\/\",\"logo\":{\"@type\":\"ImageObject\",\"inLanguage\":\"es\",\"@id\":\"https:\\\/\\\/www.cuballama.com\\\/noticias\\\/#\\\/schema\\\/logo\\\/image\\\/\",\"url\":\"https:\\\/\\\/cdn1.mediawpaccore.net\\\/wp-content\\\/uploads\\\/2021\\\/12\\\/28171206\\\/cbll-logo-color-sm.png\",\"contentUrl\":\"https:\\\/\\\/cdn1.mediawpaccore.net\\\/wp-content\\\/uploads\\\/2021\\\/12\\\/28171206\\\/cbll-logo-color-sm.png\",\"width\":600,\"height\":133,\"caption\":\"Cuballama\"},\"image\":{\"@id\":\"https:\\\/\\\/www.cuballama.com\\\/noticias\\\/#\\\/schema\\\/logo\\\/image\\\/\"},\"sameAs\":[\"https:\\\/\\\/www.facebook.com\\\/CubaLlama\",\"https:\\\/\\\/x.com\\\/cuballama\",\"https:\\\/\\\/www.instagram.com\\\/stories\\\/cuballama_oficial\\\/\",\"https:\\\/\\\/www.youtube.com\\\/channel\\\/UCKkFE-d_axENGZcrc4as0IA\"]},{\"@type\":\"Person\",\"@id\":\"https:\\\/\\\/www.cuballama.com\\\/noticias\\\/#\\\/schema\\\/person\\\/a58502ed4146c8e9f83872e897c76cd2\",\"name\":\"Roberto A.\",\"description\":\"Roberto A. Periodista por decisi\u00f3n propia. Interesado en cualquier tema que me apasione y cada vez m\u00e1s comprometido con la verdad y la objetividad period\u00edstica. Graduado en La Habana hace ya muchos a\u00f1os, luego de una accidentada y polvorienta b\u00fasqueda de informaci\u00f3n sobre un tema in\u00e9dito. La Tesis, por cierto, desapareci\u00f3 de la biblioteca y no se conservan copias de la misma.\",\"url\":\"https:\\\/\\\/www.cuballama.com\\\/noticias\\\/author\\\/roberto\\\/\"}]}<\/script>\n<!-- \/ Yoast SEO plugin. -->","yoast_head_json":{"title":"Tr\u00e1gico choque en el que se vieron involucrados varios cubanos en el noroeste de Iowa, deja dos fallecidos - Cuballama Noticias","description":"Dos v\u00edctimas y cuatro heridos, es el saldo de un lamentable accidente de tr\u00e1nsito ocurrido en Iowa, donde al menos un cubano falleci\u00f3.","robots":{"index":"index","follow":"follow","max-snippet":"max-snippet:-1","max-image-preview":"max-image-preview:large","max-video-preview":"max-video-preview:-1"},"canonical":"https:\/\/www.cuballama.com\/noticias\/tragico-choque-en-el-que-se-vieron-involucrados-varios-cubanos-en-el-noroeste-de-iowa-deja-dos-fallecidos\/","og_locale":"es_ES","og_type":"article","og_title":"Tr\u00e1gico choque en el que se vieron involucrados varios cubanos en el noroeste de Iowa, deja dos fallecidos - Cuballama Noticias","og_description":"Dos v\u00edctimas y cuatro heridos, es el saldo de un lamentable accidente de tr\u00e1nsito ocurrido en Iowa, donde al menos un cubano falleci\u00f3.","og_url":"https:\/\/www.cuballama.com\/noticias\/tragico-choque-en-el-que-se-vieron-involucrados-varios-cubanos-en-el-noroeste-de-iowa-deja-dos-fallecidos\/","og_site_name":"Cuballama Noticias","article_publisher":"https:\/\/www.facebook.com\/CubaLlama","article_published_time":"2025-10-02T16:12:36+00:00","article_modified_time":"2025-10-02T16:12:40+00:00","og_image":[{"width":1968,"height":1034,"url":"https:\/\/cdn1.mediawpaccore.net\/wp-content\/uploads\/2025\/09\/30121141\/image-156.png","type":"image\/png"}],"author":"Roberto A.","twitter_card":"summary_large_image","twitter_creator":"@cuballama","twitter_site":"@cuballama","twitter_misc":{"Escrito por":"Roberto A.","Tiempo de lectura":"3 minutos"},"schema":{"@context":"https:\/\/schema.org","@graph":[{"@type":"Article","@id":"https:\/\/www.cuballama.com\/noticias\/tragico-choque-en-el-que-se-vieron-involucrados-varios-cubanos-en-el-noroeste-de-iowa-deja-dos-fallecidos\/#article","isPartOf":{"@id":"https:\/\/www.cuballama.com\/noticias\/tragico-choque-en-el-que-se-vieron-involucrados-varios-cubanos-en-el-noroeste-de-iowa-deja-dos-fallecidos\/"},"author":{"name":"Roberto A.","@id":"https:\/\/www.cuballama.com\/noticias\/#\/schema\/person\/a58502ed4146c8e9f83872e897c76cd2"},"headline":"Tr\u00e1gico choque en el que se vieron involucrados varios cubanos en el noroeste de Iowa, deja dos fallecidos","datePublished":"2025-10-02T16:12:36+00:00","dateModified":"2025-10-02T16:12:40+00:00","mainEntityOfPage":{"@id":"https:\/\/www.cuballama.com\/noticias\/tragico-choque-en-el-que-se-vieron-involucrados-varios-cubanos-en-el-noroeste-de-iowa-deja-dos-fallecidos\/"},"wordCount":598,"commentCount":0,"publisher":{"@id":"https:\/\/www.cuballama.com\/noticias\/#organization"},"image":{"@id":"https:\/\/www.cuballama.com\/noticias\/tragico-choque-en-el-que-se-vieron-involucrados-varios-cubanos-en-el-noroeste-de-iowa-deja-dos-fallecidos\/#primaryimage"},"thumbnailUrl":"https:\/\/cdn1.mediawpaccore.net\/wp-content\/uploads\/2025\/09\/30121141\/image-156.png","keywords":["accidente en iowa","accidente fatal","alondra bravo","choque en calhoun","comunidad cubana","conner darr","cubanos en iowa","destacado","jorge p\u00e9rez hechavarr\u00eda","manson","noticias eeuu","patrulla estatal de iowa","storm lake","tragedia carretera","wilfredo quevedo mesa"],"articleSection":["Noticias","Noticias de Cuba","USA"],"inLanguage":"es","potentialAction":[{"@type":"CommentAction","name":"Comment","target":["https:\/\/www.cuballama.com\/noticias\/tragico-choque-en-el-que-se-vieron-involucrados-varios-cubanos-en-el-noroeste-de-iowa-deja-dos-fallecidos\/#respond"]}]},{"@type":"WebPage","@id":"https:\/\/www.cuballama.com\/noticias\/tragico-choque-en-el-que-se-vieron-involucrados-varios-cubanos-en-el-noroeste-de-iowa-deja-dos-fallecidos\/","url":"https:\/\/www.cuballama.com\/noticias\/tragico-choque-en-el-que-se-vieron-involucrados-varios-cubanos-en-el-noroeste-de-iowa-deja-dos-fallecidos\/","name":"Tr\u00e1gico choque en el que se vieron involucrados varios cubanos en el noroeste de Iowa, deja dos fallecidos - Cuballama Noticias","isPartOf":{"@id":"https:\/\/www.cuballama.com\/noticias\/#website"},"primaryImageOfPage":{"@id":"https:\/\/www.cuballama.com\/noticias\/tragico-choque-en-el-que-se-vieron-involucrados-varios-cubanos-en-el-noroeste-de-iowa-deja-dos-fallecidos\/#primaryimage"},"image":{"@id":"https:\/\/www.cuballama.com\/noticias\/tragico-choque-en-el-que-se-vieron-involucrados-varios-cubanos-en-el-noroeste-de-iowa-deja-dos-fallecidos\/#primaryimage"},"thumbnailUrl":"https:\/\/cdn1.mediawpaccore.net\/wp-content\/uploads\/2025\/09\/30121141\/image-156.png","datePublished":"2025-10-02T16:12:36+00:00","dateModified":"2025-10-02T16:12:40+00:00","description":"Dos v\u00edctimas y cuatro heridos, es el saldo de un lamentable accidente de tr\u00e1nsito ocurrido en Iowa, donde al menos un cubano falleci\u00f3.","breadcrumb":{"@id":"https:\/\/www.cuballama.com\/noticias\/tragico-choque-en-el-que-se-vieron-involucrados-varios-cubanos-en-el-noroeste-de-iowa-deja-dos-fallecidos\/#breadcrumb"},"inLanguage":"es","potentialAction":[{"@type":"ReadAction","target":["https:\/\/www.cuballama.com\/noticias\/tragico-choque-en-el-que-se-vieron-involucrados-varios-cubanos-en-el-noroeste-de-iowa-deja-dos-fallecidos\/"]}]},{"@type":"ImageObject","inLanguage":"es","@id":"https:\/\/www.cuballama.com\/noticias\/tragico-choque-en-el-que-se-vieron-involucrados-varios-cubanos-en-el-noroeste-de-iowa-deja-dos-fallecidos\/#primaryimage","url":"https:\/\/cdn1.mediawpaccore.net\/wp-content\/uploads\/2025\/09\/30121141\/image-156.png","contentUrl":"https:\/\/cdn1.mediawpaccore.net\/wp-content\/uploads\/2025\/09\/30121141\/image-156.png","width":1968,"height":1034,"caption":"Las dos v\u00edctimas del lamentable accidente. A la izq, Alondra Bravo. A la derecha, Jorge Luis P\u00e9rez Hechavarr\u00eda. Foto v\u00eda Facebook"},{"@type":"BreadcrumbList","@id":"https:\/\/www.cuballama.com\/noticias\/tragico-choque-en-el-que-se-vieron-involucrados-varios-cubanos-en-el-noroeste-de-iowa-deja-dos-fallecidos\/#breadcrumb","itemListElement":[{"@type":"ListItem","position":1,"name":"Home","item":"https:\/\/www.cuballama.com\/noticias\/"},{"@type":"ListItem","position":2,"name":"Tr\u00e1gico choque en el que se vieron involucrados varios cubanos en el noroeste de Iowa, deja dos fallecidos"}]},{"@type":"WebSite","@id":"https:\/\/www.cuballama.com\/noticias\/#website","url":"https:\/\/www.cuballama.com\/noticias\/","name":"Cuballama Noticias","description":"Medio digital sobre Cuba y el mundo","publisher":{"@id":"https:\/\/www.cuballama.com\/noticias\/#organization"},"potentialAction":[{"@type":"SearchAction","target":{"@type":"EntryPoint","urlTemplate":"https:\/\/www.cuballama.com\/noticias\/?s={search_term_string}"},"query-input":{"@type":"PropertyValueSpecification","valueRequired":true,"valueName":"search_term_string"}}],"inLanguage":"es"},{"@type":"Organization","@id":"https:\/\/www.cuballama.com\/noticias\/#organization","name":"Cuballama","url":"https:\/\/www.cuballama.com\/noticias\/","logo":{"@type":"ImageObject","inLanguage":"es","@id":"https:\/\/www.cuballama.com\/noticias\/#\/schema\/logo\/image\/","url":"https:\/\/cdn1.mediawpaccore.net\/wp-content\/uploads\/2021\/12\/28171206\/cbll-logo-color-sm.png","contentUrl":"https:\/\/cdn1.mediawpaccore.net\/wp-content\/uploads\/2021\/12\/28171206\/cbll-logo-color-sm.png","width":600,"height":133,"caption":"Cuballama"},"image":{"@id":"https:\/\/www.cuballama.com\/noticias\/#\/schema\/logo\/image\/"},"sameAs":["https:\/\/www.facebook.com\/CubaLlama","https:\/\/x.com\/cuballama","https:\/\/www.instagram.com\/stories\/cuballama_oficial\/","https:\/\/www.youtube.com\/channel\/UCKkFE-d_axENGZcrc4as0IA"]},{"@type":"Person","@id":"https:\/\/www.cuballama.com\/noticias\/#\/schema\/person\/a58502ed4146c8e9f83872e897c76cd2","name":"Roberto A.","description":"Roberto A. Periodista por decisi\u00f3n propia. Interesado en cualquier tema que me apasione y cada vez m\u00e1s comprometido con la verdad y la objetividad period\u00edstica. Graduado en La Habana hace ya muchos a\u00f1os, luego de una accidentada y polvorienta b\u00fasqueda de informaci\u00f3n sobre un tema in\u00e9dito. La Tesis, por cierto, desapareci\u00f3 de la biblioteca y no se conservan copias de la misma.","url":"https:\/\/www.cuballama.com\/noticias\/author\/roberto\/"}]}},"_links":{"self":[{"href":"https:\/\/www.cuballama.com\/noticias\/wp-json\/wp\/v2\/posts\/221302","targetHints":{"allow":["GET"]}}],"collection":[{"href":"https:\/\/www.cuballama.com\/noticias\/wp-json\/wp\/v2\/posts"}],"about":[{"href":"https:\/\/www.cuballama.com\/noticias\/wp-json\/wp\/v2\/types\/post"}],"author":[{"embeddable":true,"href":"https:\/\/www.cuballama.com\/noticias\/wp-json\/wp\/v2\/users\/13"}],"replies":[{"embeddable":true,"href":"https:\/\/www.cuballama.com\/noticias\/wp-json\/wp\/v2\/comments?post=221302"}],"version-history":[{"count":9,"href":"https:\/\/www.cuballama.com\/noticias\/wp-json\/wp\/v2\/posts\/221302\/revisions"}],"predecessor-version":[{"id":221313,"href":"https:\/\/www.cuballama.com\/noticias\/wp-json\/wp\/v2\/posts\/221302\/revisions\/221313"}],"wp:featuredmedia":[{"embeddable":true,"href":"https:\/\/www.cuballama.com\/noticias\/wp-json\/wp\/v2\/media\/221311"}],"wp:attachment":[{"href":"https:\/\/www.cuballama.com\/noticias\/wp-json\/wp\/v2\/media?parent=221302"}],"wp:term":[{"taxonomy":"category","embeddable":true,"href":"https:\/\/www.cuballama.com\/noticias\/wp-json\/wp\/v2\/categories?post=221302"},{"taxonomy":"post_tag","embeddable":true,"href":"https:\/\/www.cuballama.com\/noticias\/wp-json\/wp\/v2\/tags?post=221302"}],"curies":[{"name":"wp","href":"https:\/\/api.w.org\/{rel}","templated":true}]}}