{"id":221298,"date":"2025-09-30T12:46:12","date_gmt":"2025-09-30T16:46:12","guid":{"rendered":"https:\/\/www.cuballama.com\/noticias\/?p=221298"},"modified":"2025-09-30T12:46:15","modified_gmt":"2025-09-30T16:46:15","slug":"piden-ayuda-para-conocer-paradero-de-cubano-que-presuntamente-se-fue-a-trabajar-a-rusia","status":"publish","type":"post","link":"https:\/\/www.cuballama.com\/noticias\/piden-ayuda-para-conocer-paradero-de-cubano-que-presuntamente-se-fue-a-trabajar-a-rusia\/","title":{"rendered":"Piden ayuda para conocer paradero de cubano que presuntamente se fue a trabajar a Rusia"},"content":{"rendered":"\n<p>La familia de Arian Alfonso Gonz\u00e1lez, un cubano de 39 a\u00f1os y natural de Sancti Sp\u00edritus, pidi\u00f3 auxilio en redes para localizarlo tras casi un mes sin noticias desde que este lleg\u00f3 a Rusia. <\/p>\n\n\n\n<p>Seg\u00fan las alertas divulgada por el perfil comunitario <a href=\"https:\/\/www.instagram.com\/nioreportandouncrimen\/reel\/DPOoVeWjVBb\/\" target=\"_blank\" rel=\"noreferrer noopener nofollow\">@nioreportandouncrimen<\/a>, Arian viaj\u00f3 a Rusia hace seis meses con la promesa de un empleo en construcci\u00f3n en Mosc\u00fa, inicialmente por tres meses; \u201ccomo le iba bien, se qued\u00f3\u201d, relatan. Ten\u00eda pasaje de regreso para el 15 de noviembre, pero el 4 de septiembre sali\u00f3 \u201ca trabajar\u201d y no volvi\u00f3 a la renta ni se comunic\u00f3 con familiares o amigos. <\/p>\n\n\n\n<blockquote class=\"instagram-media\" data-instgrm-captioned data-instgrm-permalink=\"https:\/\/www.instagram.com\/reel\/DPOoVeWjVBb\/?utm_source=ig_embed&amp;utm_campaign=loading\" data-instgrm-version=\"14\" style=\" background:#FFF; border:0; border-radius:3px; box-shadow:0 0 1px 0 rgba(0,0,0,0.5),0 1px 10px 0 rgba(0,0,0,0.15); margin: 1px; max-width:540px; min-width:326px; padding:0; width:99.375%; width:-webkit-calc(100% - 2px); width:calc(100% - 2px);\"><div style=\"padding:16px;\"> <a href=\"https:\/\/www.instagram.com\/reel\/DPOoVeWjVBb\/?utm_source=ig_embed&amp;utm_campaign=loading\" style=\" background:#FFFFFF; line-height:0; padding:0 0; text-align:center; text-decoration:none; width:100%;\" target=\"_blank\"> <div style=\" display: flex; flex-direction: row; align-items: center;\"> <div style=\"background-color: #F4F4F4; border-radius: 50%; flex-grow: 0; height: 40px; margin-right: 14px; width: 40px;\"><\/div> <div style=\"display: flex; flex-direction: column; flex-grow: 1; justify-content: center;\"> <div style=\" background-color: #F4F4F4; border-radius: 4px; flex-grow: 0; height: 14px; margin-bottom: 6px; width: 100px;\"><\/div> <div style=\" background-color: #F4F4F4; border-radius: 4px; flex-grow: 0; height: 14px; width: 60px;\"><\/div><\/div><\/div><div style=\"padding: 19% 0;\"><\/div> <div style=\"display:block; height:50px; margin:0 auto 12px; width:50px;\"><svg width=\"50px\" height=\"50px\" viewBox=\"0 0 60 60\" version=\"1.1\" xmlns=\"https:\/\/www.w3.org\/2000\/svg\" xmlns:xlink=\"https:\/\/www.w3.org\/1999\/xlink\"><g stroke=\"none\" stroke-width=\"1\" fill=\"none\" fill-rule=\"evenodd\"><g transform=\"translate(-511.000000, -20.000000)\" fill=\"#000000\"><g><path d=\"M556.869,30.41 C554.814,30.41 553.148,32.076 553.148,34.131 C553.148,36.186 554.814,37.852 556.869,37.852 C558.924,37.852 560.59,36.186 560.59,34.131 C560.59,32.076 558.924,30.41 556.869,30.41 M541,60.657 C535.114,60.657 530.342,55.887 530.342,50 C530.342,44.114 535.114,39.342 541,39.342 C546.887,39.342 551.658,44.114 551.658,50 C551.658,55.887 546.887,60.657 541,60.657 M541,33.886 C532.1,33.886 524.886,41.1 524.886,50 C524.886,58.899 532.1,66.113 541,66.113 C549.9,66.113 557.115,58.899 557.115,50 C557.115,41.1 549.9,33.886 541,33.886 M565.378,62.101 C565.244,65.022 564.756,66.606 564.346,67.663 C563.803,69.06 563.154,70.057 562.106,71.106 C561.058,72.155 560.06,72.803 558.662,73.347 C557.607,73.757 556.021,74.244 553.102,74.378 C549.944,74.521 548.997,74.552 541,74.552 C533.003,74.552 532.056,74.521 528.898,74.378 C525.979,74.244 524.393,73.757 523.338,73.347 C521.94,72.803 520.942,72.155 519.894,71.106 C518.846,70.057 518.197,69.06 517.654,67.663 C517.244,66.606 516.755,65.022 516.623,62.101 C516.479,58.943 516.448,57.996 516.448,50 C516.448,42.003 516.479,41.056 516.623,37.899 C516.755,34.978 517.244,33.391 517.654,32.338 C518.197,30.938 518.846,29.942 519.894,28.894 C520.942,27.846 521.94,27.196 523.338,26.654 C524.393,26.244 525.979,25.756 528.898,25.623 C532.057,25.479 533.004,25.448 541,25.448 C548.997,25.448 549.943,25.479 553.102,25.623 C556.021,25.756 557.607,26.244 558.662,26.654 C560.06,27.196 561.058,27.846 562.106,28.894 C563.154,29.942 563.803,30.938 564.346,32.338 C564.756,33.391 565.244,34.978 565.378,37.899 C565.522,41.056 565.552,42.003 565.552,50 C565.552,57.996 565.522,58.943 565.378,62.101 M570.82,37.631 C570.674,34.438 570.167,32.258 569.425,30.349 C568.659,28.377 567.633,26.702 565.965,25.035 C564.297,23.368 562.623,22.342 560.652,21.575 C558.743,20.834 556.562,20.326 553.369,20.18 C550.169,20.033 549.148,20 541,20 C532.853,20 531.831,20.033 528.631,20.18 C525.438,20.326 523.257,20.834 521.349,21.575 C519.376,22.342 517.703,23.368 516.035,25.035 C514.368,26.702 513.342,28.377 512.574,30.349 C511.834,32.258 511.326,34.438 511.181,37.631 C511.035,40.831 511,41.851 511,50 C511,58.147 511.035,59.17 511.181,62.369 C511.326,65.562 511.834,67.743 512.574,69.651 C513.342,71.625 514.368,73.296 516.035,74.965 C517.703,76.634 519.376,77.658 521.349,78.425 C523.257,79.167 525.438,79.673 528.631,79.82 C531.831,79.965 532.853,80.001 541,80.001 C549.148,80.001 550.169,79.965 553.369,79.82 C556.562,79.673 558.743,79.167 560.652,78.425 C562.623,77.658 564.297,76.634 565.965,74.965 C567.633,73.296 568.659,71.625 569.425,69.651 C570.167,67.743 570.674,65.562 570.82,62.369 C570.966,59.17 571,58.147 571,50 C571,41.851 570.966,40.831 570.82,37.631\"><\/path><\/g><\/g><\/g><\/svg><\/div><div style=\"padding-top: 8px;\"> <div style=\" color:#3897f0; font-family:Arial,sans-serif; font-size:14px; font-style:normal; font-weight:550; line-height:18px;\">View this post on Instagram<\/div><\/div><div style=\"padding: 12.5% 0;\"><\/div> <div style=\"display: flex; flex-direction: row; margin-bottom: 14px; align-items: center;\"><div> <div style=\"background-color: #F4F4F4; border-radius: 50%; height: 12.5px; width: 12.5px; transform: translateX(0px) translateY(7px);\"><\/div> <div style=\"background-color: #F4F4F4; height: 12.5px; transform: rotate(-45deg) translateX(3px) translateY(1px); width: 12.5px; flex-grow: 0; margin-right: 14px; margin-left: 2px;\"><\/div> <div style=\"background-color: #F4F4F4; border-radius: 50%; height: 12.5px; width: 12.5px; transform: translateX(9px) translateY(-18px);\"><\/div><\/div><div style=\"margin-left: 8px;\"> <div style=\" background-color: #F4F4F4; border-radius: 50%; flex-grow: 0; height: 20px; width: 20px;\"><\/div> <div style=\" width: 0; height: 0; border-top: 2px solid transparent; border-left: 6px solid #f4f4f4; border-bottom: 2px solid transparent; transform: translateX(16px) translateY(-4px) rotate(30deg)\"><\/div><\/div><div style=\"margin-left: auto;\"> <div style=\" width: 0px; border-top: 8px solid #F4F4F4; border-right: 8px solid transparent; transform: translateY(16px);\"><\/div> <div style=\" background-color: #F4F4F4; flex-grow: 0; height: 12px; width: 16px; transform: translateY(-4px);\"><\/div> <div style=\" width: 0; height: 0; border-top: 8px solid #F4F4F4; border-left: 8px solid transparent; transform: translateY(-4px) translateX(8px);\"><\/div><\/div><\/div> <div style=\"display: flex; flex-direction: column; flex-grow: 1; justify-content: center; margin-bottom: 24px;\"> <div style=\" background-color: #F4F4F4; border-radius: 4px; flex-grow: 0; height: 14px; margin-bottom: 6px; width: 224px;\"><\/div> <div style=\" background-color: #F4F4F4; border-radius: 4px; flex-grow: 0; height: 14px; width: 144px;\"><\/div><\/div><\/a><p style=\" color:#c9c8cd; font-family:Arial,sans-serif; font-size:14px; line-height:17px; margin-bottom:0; margin-top:8px; overflow:hidden; padding:8px 0 7px; text-align:center; text-overflow:ellipsis; white-space:nowrap;\"><a href=\"https:\/\/www.instagram.com\/reel\/DPOoVeWjVBb\/?utm_source=ig_embed&amp;utm_campaign=loading\" style=\" color:#c9c8cd; font-family:Arial,sans-serif; font-size:14px; font-style:normal; font-weight:normal; line-height:17px; text-decoration:none;\" target=\"_blank\">A post shared by Niover Licea (@nioreportandouncrimen)<\/a><\/p><\/div><\/blockquote>\n<script async src=\"\/\/www.instagram.com\/embed.js\"><\/script>\n\n\n\n<p>En ambas publicaciones se solicita a cualquier persona que lo haya visto que contacte a la familia.<\/p>\n\n\n\n<blockquote class=\"instagram-media\" data-instgrm-captioned data-instgrm-permalink=\"https:\/\/www.instagram.com\/p\/DPOldMsExc7\/?utm_source=ig_embed&amp;utm_campaign=loading\" data-instgrm-version=\"14\" style=\" background:#FFF; border:0; border-radius:3px; box-shadow:0 0 1px 0 rgba(0,0,0,0.5),0 1px 10px 0 rgba(0,0,0,0.15); margin: 1px; max-width:540px; min-width:326px; padding:0; width:99.375%; width:-webkit-calc(100% - 2px); width:calc(100% - 2px);\"><div style=\"padding:16px;\"> <a href=\"https:\/\/www.instagram.com\/p\/DPOldMsExc7\/?utm_source=ig_embed&amp;utm_campaign=loading\" style=\" background:#FFFFFF; line-height:0; padding:0 0; text-align:center; text-decoration:none; width:100%;\" target=\"_blank\"> <div style=\" display: flex; flex-direction: row; align-items: center;\"> <div style=\"background-color: #F4F4F4; border-radius: 50%; flex-grow: 0; height: 40px; margin-right: 14px; width: 40px;\"><\/div> <div style=\"display: flex; flex-direction: column; flex-grow: 1; justify-content: center;\"> <div style=\" background-color: #F4F4F4; border-radius: 4px; flex-grow: 0; height: 14px; margin-bottom: 6px; width: 100px;\"><\/div> <div style=\" background-color: #F4F4F4; border-radius: 4px; flex-grow: 0; height: 14px; width: 60px;\"><\/div><\/div><\/div><div style=\"padding: 19% 0;\"><\/div> <div style=\"display:block; height:50px; margin:0 auto 12px; width:50px;\"><svg width=\"50px\" height=\"50px\" viewBox=\"0 0 60 60\" version=\"1.1\" xmlns=\"https:\/\/www.w3.org\/2000\/svg\" xmlns:xlink=\"https:\/\/www.w3.org\/1999\/xlink\"><g stroke=\"none\" stroke-width=\"1\" fill=\"none\" fill-rule=\"evenodd\"><g transform=\"translate(-511.000000, -20.000000)\" fill=\"#000000\"><g><path d=\"M556.869,30.41 C554.814,30.41 553.148,32.076 553.148,34.131 C553.148,36.186 554.814,37.852 556.869,37.852 C558.924,37.852 560.59,36.186 560.59,34.131 C560.59,32.076 558.924,30.41 556.869,30.41 M541,60.657 C535.114,60.657 530.342,55.887 530.342,50 C530.342,44.114 535.114,39.342 541,39.342 C546.887,39.342 551.658,44.114 551.658,50 C551.658,55.887 546.887,60.657 541,60.657 M541,33.886 C532.1,33.886 524.886,41.1 524.886,50 C524.886,58.899 532.1,66.113 541,66.113 C549.9,66.113 557.115,58.899 557.115,50 C557.115,41.1 549.9,33.886 541,33.886 M565.378,62.101 C565.244,65.022 564.756,66.606 564.346,67.663 C563.803,69.06 563.154,70.057 562.106,71.106 C561.058,72.155 560.06,72.803 558.662,73.347 C557.607,73.757 556.021,74.244 553.102,74.378 C549.944,74.521 548.997,74.552 541,74.552 C533.003,74.552 532.056,74.521 528.898,74.378 C525.979,74.244 524.393,73.757 523.338,73.347 C521.94,72.803 520.942,72.155 519.894,71.106 C518.846,70.057 518.197,69.06 517.654,67.663 C517.244,66.606 516.755,65.022 516.623,62.101 C516.479,58.943 516.448,57.996 516.448,50 C516.448,42.003 516.479,41.056 516.623,37.899 C516.755,34.978 517.244,33.391 517.654,32.338 C518.197,30.938 518.846,29.942 519.894,28.894 C520.942,27.846 521.94,27.196 523.338,26.654 C524.393,26.244 525.979,25.756 528.898,25.623 C532.057,25.479 533.004,25.448 541,25.448 C548.997,25.448 549.943,25.479 553.102,25.623 C556.021,25.756 557.607,26.244 558.662,26.654 C560.06,27.196 561.058,27.846 562.106,28.894 C563.154,29.942 563.803,30.938 564.346,32.338 C564.756,33.391 565.244,34.978 565.378,37.899 C565.522,41.056 565.552,42.003 565.552,50 C565.552,57.996 565.522,58.943 565.378,62.101 M570.82,37.631 C570.674,34.438 570.167,32.258 569.425,30.349 C568.659,28.377 567.633,26.702 565.965,25.035 C564.297,23.368 562.623,22.342 560.652,21.575 C558.743,20.834 556.562,20.326 553.369,20.18 C550.169,20.033 549.148,20 541,20 C532.853,20 531.831,20.033 528.631,20.18 C525.438,20.326 523.257,20.834 521.349,21.575 C519.376,22.342 517.703,23.368 516.035,25.035 C514.368,26.702 513.342,28.377 512.574,30.349 C511.834,32.258 511.326,34.438 511.181,37.631 C511.035,40.831 511,41.851 511,50 C511,58.147 511.035,59.17 511.181,62.369 C511.326,65.562 511.834,67.743 512.574,69.651 C513.342,71.625 514.368,73.296 516.035,74.965 C517.703,76.634 519.376,77.658 521.349,78.425 C523.257,79.167 525.438,79.673 528.631,79.82 C531.831,79.965 532.853,80.001 541,80.001 C549.148,80.001 550.169,79.965 553.369,79.82 C556.562,79.673 558.743,79.167 560.652,78.425 C562.623,77.658 564.297,76.634 565.965,74.965 C567.633,73.296 568.659,71.625 569.425,69.651 C570.167,67.743 570.674,65.562 570.82,62.369 C570.966,59.17 571,58.147 571,50 C571,41.851 570.966,40.831 570.82,37.631\"><\/path><\/g><\/g><\/g><\/svg><\/div><div style=\"padding-top: 8px;\"> <div style=\" color:#3897f0; font-family:Arial,sans-serif; font-size:14px; font-style:normal; font-weight:550; line-height:18px;\">View this post on Instagram<\/div><\/div><div style=\"padding: 12.5% 0;\"><\/div> <div style=\"display: flex; flex-direction: row; margin-bottom: 14px; align-items: center;\"><div> <div style=\"background-color: #F4F4F4; border-radius: 50%; height: 12.5px; width: 12.5px; transform: translateX(0px) translateY(7px);\"><\/div> <div style=\"background-color: #F4F4F4; height: 12.5px; transform: rotate(-45deg) translateX(3px) translateY(1px); width: 12.5px; flex-grow: 0; margin-right: 14px; margin-left: 2px;\"><\/div> <div style=\"background-color: #F4F4F4; border-radius: 50%; height: 12.5px; width: 12.5px; transform: translateX(9px) translateY(-18px);\"><\/div><\/div><div style=\"margin-left: 8px;\"> <div style=\" background-color: #F4F4F4; border-radius: 50%; flex-grow: 0; height: 20px; width: 20px;\"><\/div> <div style=\" width: 0; height: 0; border-top: 2px solid transparent; border-left: 6px solid #f4f4f4; border-bottom: 2px solid transparent; transform: translateX(16px) translateY(-4px) rotate(30deg)\"><\/div><\/div><div style=\"margin-left: auto;\"> <div style=\" width: 0px; border-top: 8px solid #F4F4F4; border-right: 8px solid transparent; transform: translateY(16px);\"><\/div> <div style=\" background-color: #F4F4F4; flex-grow: 0; height: 12px; width: 16px; transform: translateY(-4px);\"><\/div> <div style=\" width: 0; height: 0; border-top: 8px solid #F4F4F4; border-left: 8px solid transparent; transform: translateY(-4px) translateX(8px);\"><\/div><\/div><\/div> <div style=\"display: flex; flex-direction: column; flex-grow: 1; justify-content: center; margin-bottom: 24px;\"> <div style=\" background-color: #F4F4F4; border-radius: 4px; flex-grow: 0; height: 14px; margin-bottom: 6px; width: 224px;\"><\/div> <div style=\" background-color: #F4F4F4; border-radius: 4px; flex-grow: 0; height: 14px; width: 144px;\"><\/div><\/div><\/a><p style=\" color:#c9c8cd; font-family:Arial,sans-serif; font-size:14px; line-height:17px; margin-bottom:0; margin-top:8px; overflow:hidden; padding:8px 0 7px; text-align:center; text-overflow:ellipsis; white-space:nowrap;\"><a href=\"https:\/\/www.instagram.com\/p\/DPOldMsExc7\/?utm_source=ig_embed&amp;utm_campaign=loading\" style=\" color:#c9c8cd; font-family:Arial,sans-serif; font-size:14px; font-style:normal; font-weight:normal; line-height:17px; text-decoration:none;\" target=\"_blank\">A post shared by Niover Licea (@nioreportandouncrimen)<\/a><\/p><\/div><\/blockquote>\n<script async src=\"\/\/www.instagram.com\/embed.js\"><\/script>\n\n\n\n<p>El caso emerge en medio de denuncias reiteradas sobre redes que captan cubanos con ofertas de obra civil o seguridad en Rusia y que, una vez all\u00ed, desv\u00edan a los reclutas hacia tareas militares o de apoyo en zonas de guerra. En septiembre de 2023, el gobierno de Cuba inform\u00f3 que desmantel\u00f3 un \u201ctr\u00e1fico de personas\u201d que reclutaba cubanos \u2014dentro de la isla y en Rusia\u2014 para combatir en Ucrania, y report\u00f3 detenciones vinculadas a esa trama, seg\u00fan recogieron agencias como <a href=\"https:\/\/www.reuters.com\/world\/cuba-arrests-17-trafficking-young-men-fight-russia-ukraine-2023-09-08\/\" target=\"_blank\" rel=\"noreferrer noopener nofollow\">Reuters<\/a>. <\/p>\n\n\n\n<p>Medios internacionales han documentado patrones de captaci\u00f3n: promesas de salarios altos y contratos para construcci\u00f3n o log\u00edstica, gesti\u00f3n de pasajes y alojamiento; una vez en destino, los cubanos reciben presi\u00f3n para firmar acuerdos con el Ej\u00e9rcito ruso, con incentivos como bonos y v\u00eda r\u00e1pida a la ciudadan\u00eda. En enero de 2024, el Kremlin acort\u00f3 a un mes el tr\u00e1mite de naturalizaci\u00f3n para extranjeros que se alisten, profundizando un proceso de ciudadan\u00eda acelerada ligado al servicio militar, seg\u00fan se\u00f1alaba <a href=\"https:\/\/apnews.com\/article\/93770fad165cc9388ec53bc71e4eb739?utm_source=chatgpt.com\" target=\"_blank\" rel=\"noreferrer noopener\">AP News<\/a>, pero los casos de cubanos enga\u00f1ados con estas promesas se cuentan por decenas, seg\u00fan recogi\u00f3 en su momento un art\u00edculo de el medio <em>El Toque<\/em>.<\/p>\n\n\n\n<p>Testimonios recientes recogidos por la prensa \u2014incluido un reportaje de <em><a href=\"https:\/\/time.com\/6314093\/russia-recruiting-cubans-ukraine-war\/\" target=\"_blank\" rel=\"noreferrer noopener nofollow\">TIME<\/a><\/em> y otro de El Pa\u00eds\u2014 describen a j\u00f3venes cubanos que aceptaron ofertas \u201cpara construcci\u00f3n\u201d y terminaron cerca del frente, o denunciaron enga\u00f1o y coerci\u00f3n para tareas militares. Las piezas subrayan el deterioro econ\u00f3mico en la isla como caldo de cultivo y el uso de WhatsApp\/Facebook como canales de reclutamiento.<\/p>\n\n\n\n<p>No est\u00e1 claro si el caso de Arian Alfonso Gonz\u00e1lez encaja en esos esquemas; por ahora, su situaci\u00f3n es la de un desaparecido para su familia. Lo que s\u00ed es verificable es el contexto: desde 2023, La Habana sostiene que persigue a los intermediarios de estas redes, mientras Rusia legaliza atajos migratorios para quienes firman con sus fuerzas armadas. La combinaci\u00f3n \u2014captaci\u00f3n + incentivos estatales\u2014 explica la preocupaci\u00f3n de los parientes cuando se corta el tel\u00e9fono. <\/p>\n\n\n\n<p><\/p>\n","protected":false},"excerpt":{"rendered":"<p>La familia de Arian pide que cualquier persona que posea informaci\u00f3n verificable \u2014fotograf\u00edas recientes, lugar de trabajo, contactos en Mosc\u00fa\u2014 la comparta de forma directa. En casos similares, los allegados han recurrido a consulados, ONG de asistencia a migrantes y comunidades de cubanos en Rusia para activar b\u00fasquedas. Mientras llegan novedades oficiales, la prioridad es establecer si est\u00e1 a salvo y d\u00f3nde fue visto por \u00faltima vez.<\/p>\n","protected":false},"author":13,"featured_media":221300,"comment_status":"open","ping_status":"closed","sticky":false,"template":"","format":"standard","meta":{"_acf_changed":false,"footnotes":""},"categories":[18,955],"tags":[28078,28071,28075,28074,698,11,9869,6100,9501,16976,12666,6917,1299,28077,28072,28073,2157,342],"class_list":{"0":"post-221298","1":"post","2":"type-post","3":"status-publish","4":"format-standard","5":"has-post-thumbnail","7":"category-noticias","8":"category-noticias-de-cuba","9":"tag-alerta-en-redes","10":"tag-arian-alfonso-gonzalez","11":"tag-captacion-en-redes-sociales","12":"tag-ciudadania-acelerada","13":"tag-construccion","14":"tag-cuba","15":"tag-cubanos-en-moscu","16":"tag-cubanos-en-rusia","17":"tag-desaparecido","18":"tag-ejercito-ruso","19":"tag-guerra-en-ucrania","20":"tag-migracion-cubana","21":"tag-moscu","22":"tag-paradero-desconocido","23":"tag-reclutamiento-de-cubanos","24":"tag-redes-de-trata","25":"tag-rusia","26":"tag-sancti-spiritus"},"acf":[],"yoast_head":"<!-- This site is optimized with the Yoast SEO plugin v27.5 - https:\/\/yoast.com\/product\/yoast-seo-wordpress\/ -->\n<title>Piden ayuda para conocer paradero de cubano que presuntamente se fue a trabajar a Rusia - Cuballama Noticias<\/title>\n<meta name=\"description\" content=\"Arian Alfonso Gonz\u00e1lez, un cubano de 39 a\u00f1os y natural de Sancti Sp\u00edritus, est\u00e1 desaparecido en Rusia, desde que lleg\u00f3 a &quot;trabajar&quot;.\" \/>\n<meta name=\"robots\" content=\"index, follow, max-snippet:-1, max-image-preview:large, max-video-preview:-1\" \/>\n<link rel=\"canonical\" href=\"https:\/\/www.cuballama.com\/noticias\/piden-ayuda-para-conocer-paradero-de-cubano-que-presuntamente-se-fue-a-trabajar-a-rusia\/\" \/>\n<meta property=\"og:locale\" content=\"es_ES\" \/>\n<meta property=\"og:type\" content=\"article\" \/>\n<meta property=\"og:title\" content=\"Piden ayuda para conocer paradero de cubano que presuntamente se fue a trabajar a Rusia - Cuballama Noticias\" \/>\n<meta property=\"og:description\" content=\"Arian Alfonso Gonz\u00e1lez, un cubano de 39 a\u00f1os y natural de Sancti Sp\u00edritus, est\u00e1 desaparecido en Rusia, desde que lleg\u00f3 a &quot;trabajar&quot;.\" \/>\n<meta property=\"og:url\" content=\"https:\/\/www.cuballama.com\/noticias\/piden-ayuda-para-conocer-paradero-de-cubano-que-presuntamente-se-fue-a-trabajar-a-rusia\/\" \/>\n<meta property=\"og:site_name\" content=\"Cuballama Noticias\" \/>\n<meta property=\"article:publisher\" content=\"https:\/\/www.facebook.com\/CubaLlama\" \/>\n<meta property=\"article:published_time\" content=\"2025-09-30T16:46:12+00:00\" \/>\n<meta property=\"article:modified_time\" content=\"2025-09-30T16:46:15+00:00\" \/>\n<meta property=\"og:image\" content=\"https:\/\/cdn1.mediawpaccore.net\/wp-content\/uploads\/2025\/09\/30112015\/image-154.png\" \/>\n\t<meta property=\"og:image:width\" content=\"1966\" \/>\n\t<meta property=\"og:image:height\" content=\"1038\" \/>\n\t<meta property=\"og:image:type\" content=\"image\/png\" \/>\n<meta name=\"author\" content=\"Roberto A.\" \/>\n<meta name=\"twitter:card\" content=\"summary_large_image\" \/>\n<meta name=\"twitter:creator\" content=\"@cuballama\" \/>\n<meta name=\"twitter:site\" content=\"@cuballama\" \/>\n<meta name=\"twitter:label1\" content=\"Escrito por\" \/>\n\t<meta name=\"twitter:data1\" content=\"Roberto A.\" \/>\n\t<meta name=\"twitter:label2\" content=\"Tiempo de lectura\" \/>\n\t<meta name=\"twitter:data2\" content=\"3 minutos\" \/>\n<script type=\"application\/ld+json\" class=\"yoast-schema-graph\">{\"@context\":\"https:\\\/\\\/schema.org\",\"@graph\":[{\"@type\":\"Article\",\"@id\":\"https:\\\/\\\/www.cuballama.com\\\/noticias\\\/piden-ayuda-para-conocer-paradero-de-cubano-que-presuntamente-se-fue-a-trabajar-a-rusia\\\/#article\",\"isPartOf\":{\"@id\":\"https:\\\/\\\/www.cuballama.com\\\/noticias\\\/piden-ayuda-para-conocer-paradero-de-cubano-que-presuntamente-se-fue-a-trabajar-a-rusia\\\/\"},\"author\":{\"name\":\"Roberto A.\",\"@id\":\"https:\\\/\\\/www.cuballama.com\\\/noticias\\\/#\\\/schema\\\/person\\\/a58502ed4146c8e9f83872e897c76cd2\"},\"headline\":\"Piden ayuda para conocer paradero de cubano que presuntamente se fue a trabajar a Rusia\",\"datePublished\":\"2025-09-30T16:46:12+00:00\",\"dateModified\":\"2025-09-30T16:46:15+00:00\",\"mainEntityOfPage\":{\"@id\":\"https:\\\/\\\/www.cuballama.com\\\/noticias\\\/piden-ayuda-para-conocer-paradero-de-cubano-que-presuntamente-se-fue-a-trabajar-a-rusia\\\/\"},\"wordCount\":512,\"commentCount\":0,\"publisher\":{\"@id\":\"https:\\\/\\\/www.cuballama.com\\\/noticias\\\/#organization\"},\"image\":{\"@id\":\"https:\\\/\\\/www.cuballama.com\\\/noticias\\\/piden-ayuda-para-conocer-paradero-de-cubano-que-presuntamente-se-fue-a-trabajar-a-rusia\\\/#primaryimage\"},\"thumbnailUrl\":\"https:\\\/\\\/cdn1.mediawpaccore.net\\\/wp-content\\\/uploads\\\/2025\\\/09\\\/30112015\\\/image-154.png\",\"keywords\":[\"alerta en redes\",\"Arian Alfonso Gonz\u00e1lez\",\"captaci\u00f3n en redes sociales\",\"ciudadan\u00eda acelerada\",\"Construcci\u00f3n\",\"Cuba\",\"Cubanos en Mosc\u00fa\",\"Cubanos en Rusia\",\"Desaparecido\",\"Ej\u00e9rcito ruso\",\"Guerra en Ucrania\",\"Migraci\u00f3n cubana\",\"Moscu\",\"paradero desconocido\",\"reclutamiento de cubanos\",\"redes de trata\",\"Rusia\",\"Sancti Spiritus\"],\"articleSection\":[\"Noticias\",\"Noticias de Cuba\"],\"inLanguage\":\"es\",\"potentialAction\":[{\"@type\":\"CommentAction\",\"name\":\"Comment\",\"target\":[\"https:\\\/\\\/www.cuballama.com\\\/noticias\\\/piden-ayuda-para-conocer-paradero-de-cubano-que-presuntamente-se-fue-a-trabajar-a-rusia\\\/#respond\"]}]},{\"@type\":\"WebPage\",\"@id\":\"https:\\\/\\\/www.cuballama.com\\\/noticias\\\/piden-ayuda-para-conocer-paradero-de-cubano-que-presuntamente-se-fue-a-trabajar-a-rusia\\\/\",\"url\":\"https:\\\/\\\/www.cuballama.com\\\/noticias\\\/piden-ayuda-para-conocer-paradero-de-cubano-que-presuntamente-se-fue-a-trabajar-a-rusia\\\/\",\"name\":\"Piden ayuda para conocer paradero de cubano que presuntamente se fue a trabajar a Rusia - Cuballama Noticias\",\"isPartOf\":{\"@id\":\"https:\\\/\\\/www.cuballama.com\\\/noticias\\\/#website\"},\"primaryImageOfPage\":{\"@id\":\"https:\\\/\\\/www.cuballama.com\\\/noticias\\\/piden-ayuda-para-conocer-paradero-de-cubano-que-presuntamente-se-fue-a-trabajar-a-rusia\\\/#primaryimage\"},\"image\":{\"@id\":\"https:\\\/\\\/www.cuballama.com\\\/noticias\\\/piden-ayuda-para-conocer-paradero-de-cubano-que-presuntamente-se-fue-a-trabajar-a-rusia\\\/#primaryimage\"},\"thumbnailUrl\":\"https:\\\/\\\/cdn1.mediawpaccore.net\\\/wp-content\\\/uploads\\\/2025\\\/09\\\/30112015\\\/image-154.png\",\"datePublished\":\"2025-09-30T16:46:12+00:00\",\"dateModified\":\"2025-09-30T16:46:15+00:00\",\"description\":\"Arian Alfonso Gonz\u00e1lez, un cubano de 39 a\u00f1os y natural de Sancti Sp\u00edritus, est\u00e1 desaparecido en Rusia, desde que lleg\u00f3 a \\\"trabajar\\\".\",\"breadcrumb\":{\"@id\":\"https:\\\/\\\/www.cuballama.com\\\/noticias\\\/piden-ayuda-para-conocer-paradero-de-cubano-que-presuntamente-se-fue-a-trabajar-a-rusia\\\/#breadcrumb\"},\"inLanguage\":\"es\",\"potentialAction\":[{\"@type\":\"ReadAction\",\"target\":[\"https:\\\/\\\/www.cuballama.com\\\/noticias\\\/piden-ayuda-para-conocer-paradero-de-cubano-que-presuntamente-se-fue-a-trabajar-a-rusia\\\/\"]}]},{\"@type\":\"ImageObject\",\"inLanguage\":\"es\",\"@id\":\"https:\\\/\\\/www.cuballama.com\\\/noticias\\\/piden-ayuda-para-conocer-paradero-de-cubano-que-presuntamente-se-fue-a-trabajar-a-rusia\\\/#primaryimage\",\"url\":\"https:\\\/\\\/cdn1.mediawpaccore.net\\\/wp-content\\\/uploads\\\/2025\\\/09\\\/30112015\\\/image-154.png\",\"contentUrl\":\"https:\\\/\\\/cdn1.mediawpaccore.net\\\/wp-content\\\/uploads\\\/2025\\\/09\\\/30112015\\\/image-154.png\",\"width\":1966,\"height\":1038,\"caption\":\"Arian Alfonso Gonz\u00e1lez, un cubano de 39 a\u00f1os y natural de Sancti Sp\u00edritus. Foto v\u00eda Niover Licea \\\/ Instagram\"},{\"@type\":\"BreadcrumbList\",\"@id\":\"https:\\\/\\\/www.cuballama.com\\\/noticias\\\/piden-ayuda-para-conocer-paradero-de-cubano-que-presuntamente-se-fue-a-trabajar-a-rusia\\\/#breadcrumb\",\"itemListElement\":[{\"@type\":\"ListItem\",\"position\":1,\"name\":\"Home\",\"item\":\"https:\\\/\\\/www.cuballama.com\\\/noticias\\\/\"},{\"@type\":\"ListItem\",\"position\":2,\"name\":\"Piden ayuda para conocer paradero de cubano que presuntamente se fue a trabajar a Rusia\"}]},{\"@type\":\"WebSite\",\"@id\":\"https:\\\/\\\/www.cuballama.com\\\/noticias\\\/#website\",\"url\":\"https:\\\/\\\/www.cuballama.com\\\/noticias\\\/\",\"name\":\"Cuballama Noticias\",\"description\":\"Medio digital sobre Cuba y el mundo\",\"publisher\":{\"@id\":\"https:\\\/\\\/www.cuballama.com\\\/noticias\\\/#organization\"},\"potentialAction\":[{\"@type\":\"SearchAction\",\"target\":{\"@type\":\"EntryPoint\",\"urlTemplate\":\"https:\\\/\\\/www.cuballama.com\\\/noticias\\\/?s={search_term_string}\"},\"query-input\":{\"@type\":\"PropertyValueSpecification\",\"valueRequired\":true,\"valueName\":\"search_term_string\"}}],\"inLanguage\":\"es\"},{\"@type\":\"Organization\",\"@id\":\"https:\\\/\\\/www.cuballama.com\\\/noticias\\\/#organization\",\"name\":\"Cuballama\",\"url\":\"https:\\\/\\\/www.cuballama.com\\\/noticias\\\/\",\"logo\":{\"@type\":\"ImageObject\",\"inLanguage\":\"es\",\"@id\":\"https:\\\/\\\/www.cuballama.com\\\/noticias\\\/#\\\/schema\\\/logo\\\/image\\\/\",\"url\":\"https:\\\/\\\/cdn1.mediawpaccore.net\\\/wp-content\\\/uploads\\\/2021\\\/12\\\/28171206\\\/cbll-logo-color-sm.png\",\"contentUrl\":\"https:\\\/\\\/cdn1.mediawpaccore.net\\\/wp-content\\\/uploads\\\/2021\\\/12\\\/28171206\\\/cbll-logo-color-sm.png\",\"width\":600,\"height\":133,\"caption\":\"Cuballama\"},\"image\":{\"@id\":\"https:\\\/\\\/www.cuballama.com\\\/noticias\\\/#\\\/schema\\\/logo\\\/image\\\/\"},\"sameAs\":[\"https:\\\/\\\/www.facebook.com\\\/CubaLlama\",\"https:\\\/\\\/x.com\\\/cuballama\",\"https:\\\/\\\/www.instagram.com\\\/stories\\\/cuballama_oficial\\\/\",\"https:\\\/\\\/www.youtube.com\\\/channel\\\/UCKkFE-d_axENGZcrc4as0IA\"]},{\"@type\":\"Person\",\"@id\":\"https:\\\/\\\/www.cuballama.com\\\/noticias\\\/#\\\/schema\\\/person\\\/a58502ed4146c8e9f83872e897c76cd2\",\"name\":\"Roberto A.\",\"description\":\"Roberto A. Periodista por decisi\u00f3n propia. Interesado en cualquier tema que me apasione y cada vez m\u00e1s comprometido con la verdad y la objetividad period\u00edstica. Graduado en La Habana hace ya muchos a\u00f1os, luego de una accidentada y polvorienta b\u00fasqueda de informaci\u00f3n sobre un tema in\u00e9dito. La Tesis, por cierto, desapareci\u00f3 de la biblioteca y no se conservan copias de la misma.\",\"url\":\"https:\\\/\\\/www.cuballama.com\\\/noticias\\\/author\\\/roberto\\\/\"}]}<\/script>\n<!-- \/ Yoast SEO plugin. -->","yoast_head_json":{"title":"Piden ayuda para conocer paradero de cubano que presuntamente se fue a trabajar a Rusia - Cuballama Noticias","description":"Arian Alfonso Gonz\u00e1lez, un cubano de 39 a\u00f1os y natural de Sancti Sp\u00edritus, est\u00e1 desaparecido en Rusia, desde que lleg\u00f3 a \"trabajar\".","robots":{"index":"index","follow":"follow","max-snippet":"max-snippet:-1","max-image-preview":"max-image-preview:large","max-video-preview":"max-video-preview:-1"},"canonical":"https:\/\/www.cuballama.com\/noticias\/piden-ayuda-para-conocer-paradero-de-cubano-que-presuntamente-se-fue-a-trabajar-a-rusia\/","og_locale":"es_ES","og_type":"article","og_title":"Piden ayuda para conocer paradero de cubano que presuntamente se fue a trabajar a Rusia - Cuballama Noticias","og_description":"Arian Alfonso Gonz\u00e1lez, un cubano de 39 a\u00f1os y natural de Sancti Sp\u00edritus, est\u00e1 desaparecido en Rusia, desde que lleg\u00f3 a \"trabajar\".","og_url":"https:\/\/www.cuballama.com\/noticias\/piden-ayuda-para-conocer-paradero-de-cubano-que-presuntamente-se-fue-a-trabajar-a-rusia\/","og_site_name":"Cuballama Noticias","article_publisher":"https:\/\/www.facebook.com\/CubaLlama","article_published_time":"2025-09-30T16:46:12+00:00","article_modified_time":"2025-09-30T16:46:15+00:00","og_image":[{"width":1966,"height":1038,"url":"https:\/\/cdn1.mediawpaccore.net\/wp-content\/uploads\/2025\/09\/30112015\/image-154.png","type":"image\/png"}],"author":"Roberto A.","twitter_card":"summary_large_image","twitter_creator":"@cuballama","twitter_site":"@cuballama","twitter_misc":{"Escrito por":"Roberto A.","Tiempo de lectura":"3 minutos"},"schema":{"@context":"https:\/\/schema.org","@graph":[{"@type":"Article","@id":"https:\/\/www.cuballama.com\/noticias\/piden-ayuda-para-conocer-paradero-de-cubano-que-presuntamente-se-fue-a-trabajar-a-rusia\/#article","isPartOf":{"@id":"https:\/\/www.cuballama.com\/noticias\/piden-ayuda-para-conocer-paradero-de-cubano-que-presuntamente-se-fue-a-trabajar-a-rusia\/"},"author":{"name":"Roberto A.","@id":"https:\/\/www.cuballama.com\/noticias\/#\/schema\/person\/a58502ed4146c8e9f83872e897c76cd2"},"headline":"Piden ayuda para conocer paradero de cubano que presuntamente se fue a trabajar a Rusia","datePublished":"2025-09-30T16:46:12+00:00","dateModified":"2025-09-30T16:46:15+00:00","mainEntityOfPage":{"@id":"https:\/\/www.cuballama.com\/noticias\/piden-ayuda-para-conocer-paradero-de-cubano-que-presuntamente-se-fue-a-trabajar-a-rusia\/"},"wordCount":512,"commentCount":0,"publisher":{"@id":"https:\/\/www.cuballama.com\/noticias\/#organization"},"image":{"@id":"https:\/\/www.cuballama.com\/noticias\/piden-ayuda-para-conocer-paradero-de-cubano-que-presuntamente-se-fue-a-trabajar-a-rusia\/#primaryimage"},"thumbnailUrl":"https:\/\/cdn1.mediawpaccore.net\/wp-content\/uploads\/2025\/09\/30112015\/image-154.png","keywords":["alerta en redes","Arian Alfonso Gonz\u00e1lez","captaci\u00f3n en redes sociales","ciudadan\u00eda acelerada","Construcci\u00f3n","Cuba","Cubanos en Mosc\u00fa","Cubanos en Rusia","Desaparecido","Ej\u00e9rcito ruso","Guerra en Ucrania","Migraci\u00f3n cubana","Moscu","paradero desconocido","reclutamiento de cubanos","redes de trata","Rusia","Sancti Spiritus"],"articleSection":["Noticias","Noticias de Cuba"],"inLanguage":"es","potentialAction":[{"@type":"CommentAction","name":"Comment","target":["https:\/\/www.cuballama.com\/noticias\/piden-ayuda-para-conocer-paradero-de-cubano-que-presuntamente-se-fue-a-trabajar-a-rusia\/#respond"]}]},{"@type":"WebPage","@id":"https:\/\/www.cuballama.com\/noticias\/piden-ayuda-para-conocer-paradero-de-cubano-que-presuntamente-se-fue-a-trabajar-a-rusia\/","url":"https:\/\/www.cuballama.com\/noticias\/piden-ayuda-para-conocer-paradero-de-cubano-que-presuntamente-se-fue-a-trabajar-a-rusia\/","name":"Piden ayuda para conocer paradero de cubano que presuntamente se fue a trabajar a Rusia - Cuballama Noticias","isPartOf":{"@id":"https:\/\/www.cuballama.com\/noticias\/#website"},"primaryImageOfPage":{"@id":"https:\/\/www.cuballama.com\/noticias\/piden-ayuda-para-conocer-paradero-de-cubano-que-presuntamente-se-fue-a-trabajar-a-rusia\/#primaryimage"},"image":{"@id":"https:\/\/www.cuballama.com\/noticias\/piden-ayuda-para-conocer-paradero-de-cubano-que-presuntamente-se-fue-a-trabajar-a-rusia\/#primaryimage"},"thumbnailUrl":"https:\/\/cdn1.mediawpaccore.net\/wp-content\/uploads\/2025\/09\/30112015\/image-154.png","datePublished":"2025-09-30T16:46:12+00:00","dateModified":"2025-09-30T16:46:15+00:00","description":"Arian Alfonso Gonz\u00e1lez, un cubano de 39 a\u00f1os y natural de Sancti Sp\u00edritus, est\u00e1 desaparecido en Rusia, desde que lleg\u00f3 a \"trabajar\".","breadcrumb":{"@id":"https:\/\/www.cuballama.com\/noticias\/piden-ayuda-para-conocer-paradero-de-cubano-que-presuntamente-se-fue-a-trabajar-a-rusia\/#breadcrumb"},"inLanguage":"es","potentialAction":[{"@type":"ReadAction","target":["https:\/\/www.cuballama.com\/noticias\/piden-ayuda-para-conocer-paradero-de-cubano-que-presuntamente-se-fue-a-trabajar-a-rusia\/"]}]},{"@type":"ImageObject","inLanguage":"es","@id":"https:\/\/www.cuballama.com\/noticias\/piden-ayuda-para-conocer-paradero-de-cubano-que-presuntamente-se-fue-a-trabajar-a-rusia\/#primaryimage","url":"https:\/\/cdn1.mediawpaccore.net\/wp-content\/uploads\/2025\/09\/30112015\/image-154.png","contentUrl":"https:\/\/cdn1.mediawpaccore.net\/wp-content\/uploads\/2025\/09\/30112015\/image-154.png","width":1966,"height":1038,"caption":"Arian Alfonso Gonz\u00e1lez, un cubano de 39 a\u00f1os y natural de Sancti Sp\u00edritus. Foto v\u00eda Niover Licea \/ Instagram"},{"@type":"BreadcrumbList","@id":"https:\/\/www.cuballama.com\/noticias\/piden-ayuda-para-conocer-paradero-de-cubano-que-presuntamente-se-fue-a-trabajar-a-rusia\/#breadcrumb","itemListElement":[{"@type":"ListItem","position":1,"name":"Home","item":"https:\/\/www.cuballama.com\/noticias\/"},{"@type":"ListItem","position":2,"name":"Piden ayuda para conocer paradero de cubano que presuntamente se fue a trabajar a Rusia"}]},{"@type":"WebSite","@id":"https:\/\/www.cuballama.com\/noticias\/#website","url":"https:\/\/www.cuballama.com\/noticias\/","name":"Cuballama Noticias","description":"Medio digital sobre Cuba y el mundo","publisher":{"@id":"https:\/\/www.cuballama.com\/noticias\/#organization"},"potentialAction":[{"@type":"SearchAction","target":{"@type":"EntryPoint","urlTemplate":"https:\/\/www.cuballama.com\/noticias\/?s={search_term_string}"},"query-input":{"@type":"PropertyValueSpecification","valueRequired":true,"valueName":"search_term_string"}}],"inLanguage":"es"},{"@type":"Organization","@id":"https:\/\/www.cuballama.com\/noticias\/#organization","name":"Cuballama","url":"https:\/\/www.cuballama.com\/noticias\/","logo":{"@type":"ImageObject","inLanguage":"es","@id":"https:\/\/www.cuballama.com\/noticias\/#\/schema\/logo\/image\/","url":"https:\/\/cdn1.mediawpaccore.net\/wp-content\/uploads\/2021\/12\/28171206\/cbll-logo-color-sm.png","contentUrl":"https:\/\/cdn1.mediawpaccore.net\/wp-content\/uploads\/2021\/12\/28171206\/cbll-logo-color-sm.png","width":600,"height":133,"caption":"Cuballama"},"image":{"@id":"https:\/\/www.cuballama.com\/noticias\/#\/schema\/logo\/image\/"},"sameAs":["https:\/\/www.facebook.com\/CubaLlama","https:\/\/x.com\/cuballama","https:\/\/www.instagram.com\/stories\/cuballama_oficial\/","https:\/\/www.youtube.com\/channel\/UCKkFE-d_axENGZcrc4as0IA"]},{"@type":"Person","@id":"https:\/\/www.cuballama.com\/noticias\/#\/schema\/person\/a58502ed4146c8e9f83872e897c76cd2","name":"Roberto A.","description":"Roberto A. Periodista por decisi\u00f3n propia. Interesado en cualquier tema que me apasione y cada vez m\u00e1s comprometido con la verdad y la objetividad period\u00edstica. Graduado en La Habana hace ya muchos a\u00f1os, luego de una accidentada y polvorienta b\u00fasqueda de informaci\u00f3n sobre un tema in\u00e9dito. La Tesis, por cierto, desapareci\u00f3 de la biblioteca y no se conservan copias de la misma.","url":"https:\/\/www.cuballama.com\/noticias\/author\/roberto\/"}]}},"_links":{"self":[{"href":"https:\/\/www.cuballama.com\/noticias\/wp-json\/wp\/v2\/posts\/221298","targetHints":{"allow":["GET"]}}],"collection":[{"href":"https:\/\/www.cuballama.com\/noticias\/wp-json\/wp\/v2\/posts"}],"about":[{"href":"https:\/\/www.cuballama.com\/noticias\/wp-json\/wp\/v2\/types\/post"}],"author":[{"embeddable":true,"href":"https:\/\/www.cuballama.com\/noticias\/wp-json\/wp\/v2\/users\/13"}],"replies":[{"embeddable":true,"href":"https:\/\/www.cuballama.com\/noticias\/wp-json\/wp\/v2\/comments?post=221298"}],"version-history":[{"count":2,"href":"https:\/\/www.cuballama.com\/noticias\/wp-json\/wp\/v2\/posts\/221298\/revisions"}],"predecessor-version":[{"id":221301,"href":"https:\/\/www.cuballama.com\/noticias\/wp-json\/wp\/v2\/posts\/221298\/revisions\/221301"}],"wp:featuredmedia":[{"embeddable":true,"href":"https:\/\/www.cuballama.com\/noticias\/wp-json\/wp\/v2\/media\/221300"}],"wp:attachment":[{"href":"https:\/\/www.cuballama.com\/noticias\/wp-json\/wp\/v2\/media?parent=221298"}],"wp:term":[{"taxonomy":"category","embeddable":true,"href":"https:\/\/www.cuballama.com\/noticias\/wp-json\/wp\/v2\/categories?post=221298"},{"taxonomy":"post_tag","embeddable":true,"href":"https:\/\/www.cuballama.com\/noticias\/wp-json\/wp\/v2\/tags?post=221298"}],"curies":[{"name":"wp","href":"https:\/\/api.w.org\/{rel}","templated":true}]}}