{"id":221153,"date":"2025-09-29T13:25:53","date_gmt":"2025-09-29T17:25:53","guid":{"rendered":"https:\/\/www.cuballama.com\/noticias\/?p=221153"},"modified":"2025-09-29T13:26:28","modified_gmt":"2025-09-29T17:26:28","slug":"aumentan-denuncias-de-detencion-de-ciudadanos-por-parte-de-ice-mientras-crecen-despliegues-federales","status":"publish","type":"post","link":"https:\/\/www.cuballama.com\/noticias\/aumentan-denuncias-de-detencion-de-ciudadanos-por-parte-de-ice-mientras-crecen-despliegues-federales\/","title":{"rendered":"Aumentan denuncias de detenci\u00f3n de ciudadanos por parte de ICE mientras crecen despliegues federales"},"content":{"rendered":"\n<p>En los \u00faltimos d\u00edas, la atenci\u00f3n medi\u00e1tica en Estados Unidos se ha centrado en un fen\u00f3meno alarmante: ciudadanos estadounidenses, incluidos algunos con documentos v\u00e1lidos, han sido detenidos durante operativos de inmigraci\u00f3n liderados por agencias federales. Paralelamente, la administraci\u00f3n del presidente Donald Trump ha anunciado planes para enviar fuerzas federales y tropas a ciudades como Portland y Memphis, lo que ha provocado m\u00faltiples protestas y debates legales sobre los l\u00edmites del poder del Estado.<\/p>\n\n\n\n<p>Informes recientes muestran que operativos de inmigraci\u00f3n no solo afectan a personas sin estatus legal, sino que tambi\u00e9n han llevado a la detenci\u00f3n injustificada de ciudadanos estadounidenses. <\/p>\n\n\n\n<p><a href=\"https:\/\/www.nytimes.com\/2025\/09\/29\/us\/trump-immigration-agents-us-citizens.html\" target=\"_blank\" rel=\"noreferrer noopener nofollow\">En entrevistas y declaraciones<\/a>, quienes han enfrentado esta situaci\u00f3n <a href=\"https:\/\/www.cbsnews.com\/news\/us-citizens-arrested-immigration-enforcement-treatment-agents\/\" target=\"_blank\" rel=\"noreferrer noopener nofollow\">relatan haber sido tratados con dureza<\/a> y sin explicaci\u00f3n clara sobre su estatus legal. En algunos casos, sus documentos leg\u00edtimos, como la Real ID, <a href=\"https:\/\/kiowacountypress.net\/content\/immigration-raids-step-us-citizens-predicted-risk-detainment\" target=\"_blank\" rel=\"noreferrer noopener nofollow\">fueron desestimados por agentes federales<\/a> y considerados \u201cfalsos\u201d. Los reportes sugieren que estas detenciones pueden ser un efecto colateral no intencional de redadas m\u00e1s amplias, pero para afectados y defensores de derechos civiles constituyen una grave violaci\u00f3n de garant\u00edas constitucionales.<\/p>\n\n\n\n<p>La preocupaci\u00f3n se expande cuando los medios y analistas anticipan que con el reforzamiento de redadas, m\u00e1s ciudadanos podr\u00edan caer en la \u201cdragnet\u201d migratoria, atrapes dentro de operativos masivos que no discriminan correctamente entre residentes legales y ciudadanos de nacimiento.<\/p>\n\n\n\n<iframe loading=\"lazy\" width=\"720\" height=\"405\" src=\"https:\/\/www.youtube.com\/embed\/a7L22X8E1_4\" title=\"Group of about 100 gathers outside Portland ICE facility Saturday night as helicopters fly overhead\" frameborder=\"0\" allow=\"accelerometer; autoplay; clipboard-write; encrypted-media; gyroscope; picture-in-picture; web-share\" referrerpolicy=\"strict-origin-when-cross-origin\" allowfullscreen><\/iframe>\n\n\n\n<p>Al mismo tiempo, el gobierno federal ha anunciado que desplegar\u00e1 tropas y agentes federales a ciertas ciudades bajo el argumento de proteger instalaciones de inmigraci\u00f3n y restablecer el orden ante manifestaciones. En Portland, por ejemplo, <a href=\"https:\/\/www.opb.org\/article\/2025\/09\/28\/hundreds-protest-portland-ice-trump-deployment\/\" target=\"_blank\" rel=\"noreferrer noopener nofollow\">se anunci\u00f3 la movilizaci\u00f3n de hasta 200 soldados de la Guardia Nacional bajo mando federal<\/a>, generando cr\u00edticas de autoridades estatales y locales que califican la medida de abusiva y no necesaria, dado que la situaci\u00f3n en la ciudad ha sido descrita como relativamente tranquila en los \u00faltimos tiempos.<\/p>\n\n\n\n<p>En reacci\u00f3n, cientos de manifestantes se congregaron frente a oficinas de ICE en Portland<a href=\"https:\/\/www.kgw.com\/article\/news\/local\/trump-seems-to-back-off-portland-military-plan\/283-e9c6bdfb-92d6-4881-bb74-09bb325a5270\" target=\"_blank\" rel=\"noreferrer noopener nofollow\"> para protestar contra el despliegue militar<\/a>. L\u00edderes locales y organizaciones de derechos civiles como la ACLU <a href=\"https:\/\/www.npr.org\/2025\/09\/29\/nx-s1-5556831\/portland-memphis-national-guard-trump-troops\" target=\"_blank\" rel=\"noreferrer noopener nofollow\">han cuestionado la legalidad del uso de tropas federales en tareas policiales<\/a> dom\u00e9sticas, advirtiendo que podr\u00eda socavar derechos constitucionales y los l\u00edmites normales del gobierno en una democracia.<\/p>\n\n\n\n<p>El fen\u00f3meno conjunto \u2014ciudadanos detenidos dentro de operativos migratorios y el uso intensificado del poder militar-federal en ciudades civiles\u2014 plantea un desaf\u00edo central: el equilibrio entre la aplicaci\u00f3n de la ley migratoria y el respeto de libertades civiles consagradas. <a href=\"https:\/\/www.cbsnews.com\/chicago\/news\/federal-agents-spotted-downtown-chicago-pritzker-johnson-respond\/\" target=\"_blank\" rel=\"noreferrer noopener nofollow\">Para muchos, las detenciones indebidas de ciudadanos son una falla grave del sistema que requiere una correcci\u00f3n urgente. <\/a>Al mismo tiempo, el despliegue de tropas en territorio urbano evoca controversias hist\u00f3ricas sobre el papel del Estado frente a sus propios ciudadanos.<\/p>\n\n\n\n<p><\/p>\n","protected":false},"excerpt":{"rendered":"<p>Mientras estos casos y movilizaciones contin\u00faan desarroll\u00e1ndose, queda claro que una tensi\u00f3n creciente atraviesa el debate p\u00fablico en EE. UU. sobre cu\u00e1nta fuerza puede ejercer el Estado antes de vulnerar los derechos fundamentales de quienes lo habitan.<\/p>\n","protected":false},"author":13,"featured_media":219259,"comment_status":"open","ping_status":"closed","sticky":false,"template":"","format":"standard","meta":{"_acf_changed":false,"footnotes":""},"categories":[18,953],"tags":[26266,28037,1459,28038,941,28039,9151,2978,108,13783,4116,1393,24541,7651],"class_list":{"0":"post-221153","1":"post","2":"type-post","3":"status-publish","4":"format-standard","5":"has-post-thumbnail","7":"category-noticias","8":"category-usa","9":"tag-aclu","10":"tag-ciudadanos-estadounidenses-detenidos","11":"tag-derechos-civiles","12":"tag-despliegue-federal","13":"tag-destacado","14":"tag-gretchen-whitmer","15":"tag-guardia-nacional","16":"tag-ice","17":"tag-inmigracion","18":"tag-memphis","19":"tag-portland","20":"tag-protestas","21":"tag-redadas-migratorias","22":"tag-trump"},"acf":[],"yoast_head":"<!-- This site is optimized with the Yoast SEO plugin v27.5 - https:\/\/yoast.com\/product\/yoast-seo-wordpress\/ -->\n<title>Aumentan denuncias de detenci\u00f3n de ciudadanos por parte de ICE mientras crecen despliegues federales - Cuballama Noticias<\/title>\n<meta name=\"description\" content=\"Protestas anti ICE y anti Trump marcan jornadas en Chicago y Portland. Ciudadanos estadounidenses son detenidos por Inmigraci\u00f3n.\" \/>\n<meta name=\"robots\" content=\"index, follow, max-snippet:-1, max-image-preview:large, max-video-preview:-1\" \/>\n<link rel=\"canonical\" href=\"https:\/\/www.cuballama.com\/noticias\/aumentan-denuncias-de-detencion-de-ciudadanos-por-parte-de-ice-mientras-crecen-despliegues-federales\/\" \/>\n<meta property=\"og:locale\" content=\"es_ES\" \/>\n<meta property=\"og:type\" content=\"article\" \/>\n<meta property=\"og:title\" content=\"Aumentan denuncias de detenci\u00f3n de ciudadanos por parte de ICE mientras crecen despliegues federales - Cuballama Noticias\" \/>\n<meta property=\"og:description\" content=\"Protestas anti ICE y anti Trump marcan jornadas en Chicago y Portland. Ciudadanos estadounidenses son detenidos por Inmigraci\u00f3n.\" \/>\n<meta property=\"og:url\" content=\"https:\/\/www.cuballama.com\/noticias\/aumentan-denuncias-de-detencion-de-ciudadanos-por-parte-de-ice-mientras-crecen-despliegues-federales\/\" \/>\n<meta property=\"og:site_name\" content=\"Cuballama Noticias\" \/>\n<meta property=\"article:publisher\" content=\"https:\/\/www.facebook.com\/CubaLlama\" \/>\n<meta property=\"article:published_time\" content=\"2025-09-29T17:25:53+00:00\" \/>\n<meta property=\"article:modified_time\" content=\"2025-09-29T17:26:28+00:00\" \/>\n<meta property=\"og:image\" content=\"https:\/\/cdn1.mediawpaccore.net\/wp-content\/uploads\/2025\/09\/11005112\/image-50-1024x540.png\" \/>\n\t<meta property=\"og:image:width\" content=\"1024\" \/>\n\t<meta property=\"og:image:height\" content=\"540\" \/>\n\t<meta property=\"og:image:type\" content=\"image\/png\" \/>\n<meta name=\"author\" content=\"Roberto A.\" \/>\n<meta name=\"twitter:card\" content=\"summary_large_image\" \/>\n<meta name=\"twitter:creator\" content=\"@cuballama\" \/>\n<meta name=\"twitter:site\" content=\"@cuballama\" \/>\n<meta name=\"twitter:label1\" content=\"Escrito por\" \/>\n\t<meta name=\"twitter:data1\" content=\"Roberto A.\" \/>\n\t<meta name=\"twitter:label2\" content=\"Tiempo de lectura\" \/>\n\t<meta name=\"twitter:data2\" content=\"3 minutos\" \/>\n<script type=\"application\/ld+json\" class=\"yoast-schema-graph\">{\"@context\":\"https:\\\/\\\/schema.org\",\"@graph\":[{\"@type\":\"Article\",\"@id\":\"https:\\\/\\\/www.cuballama.com\\\/noticias\\\/aumentan-denuncias-de-detencion-de-ciudadanos-por-parte-de-ice-mientras-crecen-despliegues-federales\\\/#article\",\"isPartOf\":{\"@id\":\"https:\\\/\\\/www.cuballama.com\\\/noticias\\\/aumentan-denuncias-de-detencion-de-ciudadanos-por-parte-de-ice-mientras-crecen-despliegues-federales\\\/\"},\"author\":{\"name\":\"Roberto A.\",\"@id\":\"https:\\\/\\\/www.cuballama.com\\\/noticias\\\/#\\\/schema\\\/person\\\/a58502ed4146c8e9f83872e897c76cd2\"},\"headline\":\"Aumentan denuncias de detenci\u00f3n de ciudadanos por parte de ICE mientras crecen despliegues federales\",\"datePublished\":\"2025-09-29T17:25:53+00:00\",\"dateModified\":\"2025-09-29T17:26:28+00:00\",\"mainEntityOfPage\":{\"@id\":\"https:\\\/\\\/www.cuballama.com\\\/noticias\\\/aumentan-denuncias-de-detencion-de-ciudadanos-por-parte-de-ice-mientras-crecen-despliegues-federales\\\/\"},\"wordCount\":483,\"commentCount\":0,\"publisher\":{\"@id\":\"https:\\\/\\\/www.cuballama.com\\\/noticias\\\/#organization\"},\"image\":{\"@id\":\"https:\\\/\\\/www.cuballama.com\\\/noticias\\\/aumentan-denuncias-de-detencion-de-ciudadanos-por-parte-de-ice-mientras-crecen-despliegues-federales\\\/#primaryimage\"},\"thumbnailUrl\":\"https:\\\/\\\/cdn1.mediawpaccore.net\\\/wp-content\\\/uploads\\\/2025\\\/09\\\/11005112\\\/image-50.png\",\"keywords\":[\"ACLU\",\"ciudadanos estadounidenses detenidos\",\"Derechos Civiles\",\"despliegue federal\",\"destacado\",\"Gretchen Whitmer\",\"Guardia Nacional\",\"ICE\",\"inmigraci\u00f3n\",\"Memphis\",\"Portland\",\"Protestas\",\"redadas migratorias\",\"Trump\"],\"articleSection\":[\"Noticias\",\"USA\"],\"inLanguage\":\"es\",\"potentialAction\":[{\"@type\":\"CommentAction\",\"name\":\"Comment\",\"target\":[\"https:\\\/\\\/www.cuballama.com\\\/noticias\\\/aumentan-denuncias-de-detencion-de-ciudadanos-por-parte-de-ice-mientras-crecen-despliegues-federales\\\/#respond\"]}]},{\"@type\":\"WebPage\",\"@id\":\"https:\\\/\\\/www.cuballama.com\\\/noticias\\\/aumentan-denuncias-de-detencion-de-ciudadanos-por-parte-de-ice-mientras-crecen-despliegues-federales\\\/\",\"url\":\"https:\\\/\\\/www.cuballama.com\\\/noticias\\\/aumentan-denuncias-de-detencion-de-ciudadanos-por-parte-de-ice-mientras-crecen-despliegues-federales\\\/\",\"name\":\"Aumentan denuncias de detenci\u00f3n de ciudadanos por parte de ICE mientras crecen despliegues federales - Cuballama Noticias\",\"isPartOf\":{\"@id\":\"https:\\\/\\\/www.cuballama.com\\\/noticias\\\/#website\"},\"primaryImageOfPage\":{\"@id\":\"https:\\\/\\\/www.cuballama.com\\\/noticias\\\/aumentan-denuncias-de-detencion-de-ciudadanos-por-parte-de-ice-mientras-crecen-despliegues-federales\\\/#primaryimage\"},\"image\":{\"@id\":\"https:\\\/\\\/www.cuballama.com\\\/noticias\\\/aumentan-denuncias-de-detencion-de-ciudadanos-por-parte-de-ice-mientras-crecen-despliegues-federales\\\/#primaryimage\"},\"thumbnailUrl\":\"https:\\\/\\\/cdn1.mediawpaccore.net\\\/wp-content\\\/uploads\\\/2025\\\/09\\\/11005112\\\/image-50.png\",\"datePublished\":\"2025-09-29T17:25:53+00:00\",\"dateModified\":\"2025-09-29T17:26:28+00:00\",\"description\":\"Protestas anti ICE y anti Trump marcan jornadas en Chicago y Portland. Ciudadanos estadounidenses son detenidos por Inmigraci\u00f3n.\",\"breadcrumb\":{\"@id\":\"https:\\\/\\\/www.cuballama.com\\\/noticias\\\/aumentan-denuncias-de-detencion-de-ciudadanos-por-parte-de-ice-mientras-crecen-despliegues-federales\\\/#breadcrumb\"},\"inLanguage\":\"es\",\"potentialAction\":[{\"@type\":\"ReadAction\",\"target\":[\"https:\\\/\\\/www.cuballama.com\\\/noticias\\\/aumentan-denuncias-de-detencion-de-ciudadanos-por-parte-de-ice-mientras-crecen-despliegues-federales\\\/\"]}]},{\"@type\":\"ImageObject\",\"inLanguage\":\"es\",\"@id\":\"https:\\\/\\\/www.cuballama.com\\\/noticias\\\/aumentan-denuncias-de-detencion-de-ciudadanos-por-parte-de-ice-mientras-crecen-despliegues-federales\\\/#primaryimage\",\"url\":\"https:\\\/\\\/cdn1.mediawpaccore.net\\\/wp-content\\\/uploads\\\/2025\\\/09\\\/11005112\\\/image-50.png\",\"contentUrl\":\"https:\\\/\\\/cdn1.mediawpaccore.net\\\/wp-content\\\/uploads\\\/2025\\\/09\\\/11005112\\\/image-50.png\",\"width\":1978,\"height\":1044,\"caption\":\"Foto: V\u00eda Jefferson County Sheriff\u00b4s Office\"},{\"@type\":\"BreadcrumbList\",\"@id\":\"https:\\\/\\\/www.cuballama.com\\\/noticias\\\/aumentan-denuncias-de-detencion-de-ciudadanos-por-parte-de-ice-mientras-crecen-despliegues-federales\\\/#breadcrumb\",\"itemListElement\":[{\"@type\":\"ListItem\",\"position\":1,\"name\":\"Home\",\"item\":\"https:\\\/\\\/www.cuballama.com\\\/noticias\\\/\"},{\"@type\":\"ListItem\",\"position\":2,\"name\":\"Aumentan denuncias de detenci\u00f3n de ciudadanos por parte de ICE mientras crecen despliegues federales\"}]},{\"@type\":\"WebSite\",\"@id\":\"https:\\\/\\\/www.cuballama.com\\\/noticias\\\/#website\",\"url\":\"https:\\\/\\\/www.cuballama.com\\\/noticias\\\/\",\"name\":\"Cuballama Noticias\",\"description\":\"Medio digital sobre Cuba y el mundo\",\"publisher\":{\"@id\":\"https:\\\/\\\/www.cuballama.com\\\/noticias\\\/#organization\"},\"potentialAction\":[{\"@type\":\"SearchAction\",\"target\":{\"@type\":\"EntryPoint\",\"urlTemplate\":\"https:\\\/\\\/www.cuballama.com\\\/noticias\\\/?s={search_term_string}\"},\"query-input\":{\"@type\":\"PropertyValueSpecification\",\"valueRequired\":true,\"valueName\":\"search_term_string\"}}],\"inLanguage\":\"es\"},{\"@type\":\"Organization\",\"@id\":\"https:\\\/\\\/www.cuballama.com\\\/noticias\\\/#organization\",\"name\":\"Cuballama\",\"url\":\"https:\\\/\\\/www.cuballama.com\\\/noticias\\\/\",\"logo\":{\"@type\":\"ImageObject\",\"inLanguage\":\"es\",\"@id\":\"https:\\\/\\\/www.cuballama.com\\\/noticias\\\/#\\\/schema\\\/logo\\\/image\\\/\",\"url\":\"https:\\\/\\\/cdn1.mediawpaccore.net\\\/wp-content\\\/uploads\\\/2021\\\/12\\\/28171206\\\/cbll-logo-color-sm.png\",\"contentUrl\":\"https:\\\/\\\/cdn1.mediawpaccore.net\\\/wp-content\\\/uploads\\\/2021\\\/12\\\/28171206\\\/cbll-logo-color-sm.png\",\"width\":600,\"height\":133,\"caption\":\"Cuballama\"},\"image\":{\"@id\":\"https:\\\/\\\/www.cuballama.com\\\/noticias\\\/#\\\/schema\\\/logo\\\/image\\\/\"},\"sameAs\":[\"https:\\\/\\\/www.facebook.com\\\/CubaLlama\",\"https:\\\/\\\/x.com\\\/cuballama\",\"https:\\\/\\\/www.instagram.com\\\/stories\\\/cuballama_oficial\\\/\",\"https:\\\/\\\/www.youtube.com\\\/channel\\\/UCKkFE-d_axENGZcrc4as0IA\"]},{\"@type\":\"Person\",\"@id\":\"https:\\\/\\\/www.cuballama.com\\\/noticias\\\/#\\\/schema\\\/person\\\/a58502ed4146c8e9f83872e897c76cd2\",\"name\":\"Roberto A.\",\"description\":\"Roberto A. Periodista por decisi\u00f3n propia. Interesado en cualquier tema que me apasione y cada vez m\u00e1s comprometido con la verdad y la objetividad period\u00edstica. Graduado en La Habana hace ya muchos a\u00f1os, luego de una accidentada y polvorienta b\u00fasqueda de informaci\u00f3n sobre un tema in\u00e9dito. La Tesis, por cierto, desapareci\u00f3 de la biblioteca y no se conservan copias de la misma.\",\"url\":\"https:\\\/\\\/www.cuballama.com\\\/noticias\\\/author\\\/roberto\\\/\"}]}<\/script>\n<!-- \/ Yoast SEO plugin. -->","yoast_head_json":{"title":"Aumentan denuncias de detenci\u00f3n de ciudadanos por parte de ICE mientras crecen despliegues federales - Cuballama Noticias","description":"Protestas anti ICE y anti Trump marcan jornadas en Chicago y Portland. Ciudadanos estadounidenses son detenidos por Inmigraci\u00f3n.","robots":{"index":"index","follow":"follow","max-snippet":"max-snippet:-1","max-image-preview":"max-image-preview:large","max-video-preview":"max-video-preview:-1"},"canonical":"https:\/\/www.cuballama.com\/noticias\/aumentan-denuncias-de-detencion-de-ciudadanos-por-parte-de-ice-mientras-crecen-despliegues-federales\/","og_locale":"es_ES","og_type":"article","og_title":"Aumentan denuncias de detenci\u00f3n de ciudadanos por parte de ICE mientras crecen despliegues federales - Cuballama Noticias","og_description":"Protestas anti ICE y anti Trump marcan jornadas en Chicago y Portland. Ciudadanos estadounidenses son detenidos por Inmigraci\u00f3n.","og_url":"https:\/\/www.cuballama.com\/noticias\/aumentan-denuncias-de-detencion-de-ciudadanos-por-parte-de-ice-mientras-crecen-despliegues-federales\/","og_site_name":"Cuballama Noticias","article_publisher":"https:\/\/www.facebook.com\/CubaLlama","article_published_time":"2025-09-29T17:25:53+00:00","article_modified_time":"2025-09-29T17:26:28+00:00","og_image":[{"width":1024,"height":540,"url":"https:\/\/cdn1.mediawpaccore.net\/wp-content\/uploads\/2025\/09\/11005112\/image-50-1024x540.png","type":"image\/png"}],"author":"Roberto A.","twitter_card":"summary_large_image","twitter_creator":"@cuballama","twitter_site":"@cuballama","twitter_misc":{"Escrito por":"Roberto A.","Tiempo de lectura":"3 minutos"},"schema":{"@context":"https:\/\/schema.org","@graph":[{"@type":"Article","@id":"https:\/\/www.cuballama.com\/noticias\/aumentan-denuncias-de-detencion-de-ciudadanos-por-parte-de-ice-mientras-crecen-despliegues-federales\/#article","isPartOf":{"@id":"https:\/\/www.cuballama.com\/noticias\/aumentan-denuncias-de-detencion-de-ciudadanos-por-parte-de-ice-mientras-crecen-despliegues-federales\/"},"author":{"name":"Roberto A.","@id":"https:\/\/www.cuballama.com\/noticias\/#\/schema\/person\/a58502ed4146c8e9f83872e897c76cd2"},"headline":"Aumentan denuncias de detenci\u00f3n de ciudadanos por parte de ICE mientras crecen despliegues federales","datePublished":"2025-09-29T17:25:53+00:00","dateModified":"2025-09-29T17:26:28+00:00","mainEntityOfPage":{"@id":"https:\/\/www.cuballama.com\/noticias\/aumentan-denuncias-de-detencion-de-ciudadanos-por-parte-de-ice-mientras-crecen-despliegues-federales\/"},"wordCount":483,"commentCount":0,"publisher":{"@id":"https:\/\/www.cuballama.com\/noticias\/#organization"},"image":{"@id":"https:\/\/www.cuballama.com\/noticias\/aumentan-denuncias-de-detencion-de-ciudadanos-por-parte-de-ice-mientras-crecen-despliegues-federales\/#primaryimage"},"thumbnailUrl":"https:\/\/cdn1.mediawpaccore.net\/wp-content\/uploads\/2025\/09\/11005112\/image-50.png","keywords":["ACLU","ciudadanos estadounidenses detenidos","Derechos Civiles","despliegue federal","destacado","Gretchen Whitmer","Guardia Nacional","ICE","inmigraci\u00f3n","Memphis","Portland","Protestas","redadas migratorias","Trump"],"articleSection":["Noticias","USA"],"inLanguage":"es","potentialAction":[{"@type":"CommentAction","name":"Comment","target":["https:\/\/www.cuballama.com\/noticias\/aumentan-denuncias-de-detencion-de-ciudadanos-por-parte-de-ice-mientras-crecen-despliegues-federales\/#respond"]}]},{"@type":"WebPage","@id":"https:\/\/www.cuballama.com\/noticias\/aumentan-denuncias-de-detencion-de-ciudadanos-por-parte-de-ice-mientras-crecen-despliegues-federales\/","url":"https:\/\/www.cuballama.com\/noticias\/aumentan-denuncias-de-detencion-de-ciudadanos-por-parte-de-ice-mientras-crecen-despliegues-federales\/","name":"Aumentan denuncias de detenci\u00f3n de ciudadanos por parte de ICE mientras crecen despliegues federales - Cuballama Noticias","isPartOf":{"@id":"https:\/\/www.cuballama.com\/noticias\/#website"},"primaryImageOfPage":{"@id":"https:\/\/www.cuballama.com\/noticias\/aumentan-denuncias-de-detencion-de-ciudadanos-por-parte-de-ice-mientras-crecen-despliegues-federales\/#primaryimage"},"image":{"@id":"https:\/\/www.cuballama.com\/noticias\/aumentan-denuncias-de-detencion-de-ciudadanos-por-parte-de-ice-mientras-crecen-despliegues-federales\/#primaryimage"},"thumbnailUrl":"https:\/\/cdn1.mediawpaccore.net\/wp-content\/uploads\/2025\/09\/11005112\/image-50.png","datePublished":"2025-09-29T17:25:53+00:00","dateModified":"2025-09-29T17:26:28+00:00","description":"Protestas anti ICE y anti Trump marcan jornadas en Chicago y Portland. Ciudadanos estadounidenses son detenidos por Inmigraci\u00f3n.","breadcrumb":{"@id":"https:\/\/www.cuballama.com\/noticias\/aumentan-denuncias-de-detencion-de-ciudadanos-por-parte-de-ice-mientras-crecen-despliegues-federales\/#breadcrumb"},"inLanguage":"es","potentialAction":[{"@type":"ReadAction","target":["https:\/\/www.cuballama.com\/noticias\/aumentan-denuncias-de-detencion-de-ciudadanos-por-parte-de-ice-mientras-crecen-despliegues-federales\/"]}]},{"@type":"ImageObject","inLanguage":"es","@id":"https:\/\/www.cuballama.com\/noticias\/aumentan-denuncias-de-detencion-de-ciudadanos-por-parte-de-ice-mientras-crecen-despliegues-federales\/#primaryimage","url":"https:\/\/cdn1.mediawpaccore.net\/wp-content\/uploads\/2025\/09\/11005112\/image-50.png","contentUrl":"https:\/\/cdn1.mediawpaccore.net\/wp-content\/uploads\/2025\/09\/11005112\/image-50.png","width":1978,"height":1044,"caption":"Foto: V\u00eda Jefferson County Sheriff\u00b4s Office"},{"@type":"BreadcrumbList","@id":"https:\/\/www.cuballama.com\/noticias\/aumentan-denuncias-de-detencion-de-ciudadanos-por-parte-de-ice-mientras-crecen-despliegues-federales\/#breadcrumb","itemListElement":[{"@type":"ListItem","position":1,"name":"Home","item":"https:\/\/www.cuballama.com\/noticias\/"},{"@type":"ListItem","position":2,"name":"Aumentan denuncias de detenci\u00f3n de ciudadanos por parte de ICE mientras crecen despliegues federales"}]},{"@type":"WebSite","@id":"https:\/\/www.cuballama.com\/noticias\/#website","url":"https:\/\/www.cuballama.com\/noticias\/","name":"Cuballama Noticias","description":"Medio digital sobre Cuba y el mundo","publisher":{"@id":"https:\/\/www.cuballama.com\/noticias\/#organization"},"potentialAction":[{"@type":"SearchAction","target":{"@type":"EntryPoint","urlTemplate":"https:\/\/www.cuballama.com\/noticias\/?s={search_term_string}"},"query-input":{"@type":"PropertyValueSpecification","valueRequired":true,"valueName":"search_term_string"}}],"inLanguage":"es"},{"@type":"Organization","@id":"https:\/\/www.cuballama.com\/noticias\/#organization","name":"Cuballama","url":"https:\/\/www.cuballama.com\/noticias\/","logo":{"@type":"ImageObject","inLanguage":"es","@id":"https:\/\/www.cuballama.com\/noticias\/#\/schema\/logo\/image\/","url":"https:\/\/cdn1.mediawpaccore.net\/wp-content\/uploads\/2021\/12\/28171206\/cbll-logo-color-sm.png","contentUrl":"https:\/\/cdn1.mediawpaccore.net\/wp-content\/uploads\/2021\/12\/28171206\/cbll-logo-color-sm.png","width":600,"height":133,"caption":"Cuballama"},"image":{"@id":"https:\/\/www.cuballama.com\/noticias\/#\/schema\/logo\/image\/"},"sameAs":["https:\/\/www.facebook.com\/CubaLlama","https:\/\/x.com\/cuballama","https:\/\/www.instagram.com\/stories\/cuballama_oficial\/","https:\/\/www.youtube.com\/channel\/UCKkFE-d_axENGZcrc4as0IA"]},{"@type":"Person","@id":"https:\/\/www.cuballama.com\/noticias\/#\/schema\/person\/a58502ed4146c8e9f83872e897c76cd2","name":"Roberto A.","description":"Roberto A. Periodista por decisi\u00f3n propia. Interesado en cualquier tema que me apasione y cada vez m\u00e1s comprometido con la verdad y la objetividad period\u00edstica. Graduado en La Habana hace ya muchos a\u00f1os, luego de una accidentada y polvorienta b\u00fasqueda de informaci\u00f3n sobre un tema in\u00e9dito. La Tesis, por cierto, desapareci\u00f3 de la biblioteca y no se conservan copias de la misma.","url":"https:\/\/www.cuballama.com\/noticias\/author\/roberto\/"}]}},"_links":{"self":[{"href":"https:\/\/www.cuballama.com\/noticias\/wp-json\/wp\/v2\/posts\/221153","targetHints":{"allow":["GET"]}}],"collection":[{"href":"https:\/\/www.cuballama.com\/noticias\/wp-json\/wp\/v2\/posts"}],"about":[{"href":"https:\/\/www.cuballama.com\/noticias\/wp-json\/wp\/v2\/types\/post"}],"author":[{"embeddable":true,"href":"https:\/\/www.cuballama.com\/noticias\/wp-json\/wp\/v2\/users\/13"}],"replies":[{"embeddable":true,"href":"https:\/\/www.cuballama.com\/noticias\/wp-json\/wp\/v2\/comments?post=221153"}],"version-history":[{"count":2,"href":"https:\/\/www.cuballama.com\/noticias\/wp-json\/wp\/v2\/posts\/221153\/revisions"}],"predecessor-version":[{"id":221155,"href":"https:\/\/www.cuballama.com\/noticias\/wp-json\/wp\/v2\/posts\/221153\/revisions\/221155"}],"wp:featuredmedia":[{"embeddable":true,"href":"https:\/\/www.cuballama.com\/noticias\/wp-json\/wp\/v2\/media\/219259"}],"wp:attachment":[{"href":"https:\/\/www.cuballama.com\/noticias\/wp-json\/wp\/v2\/media?parent=221153"}],"wp:term":[{"taxonomy":"category","embeddable":true,"href":"https:\/\/www.cuballama.com\/noticias\/wp-json\/wp\/v2\/categories?post=221153"},{"taxonomy":"post_tag","embeddable":true,"href":"https:\/\/www.cuballama.com\/noticias\/wp-json\/wp\/v2\/tags?post=221153"}],"curies":[{"name":"wp","href":"https:\/\/api.w.org\/{rel}","templated":true}]}}