{"id":221085,"date":"2025-09-29T07:30:00","date_gmt":"2025-09-29T11:30:00","guid":{"rendered":"https:\/\/www.cuballama.com\/noticias\/?p=221085"},"modified":"2025-09-29T08:25:20","modified_gmt":"2025-09-29T12:25:20","slug":"al-menos-un-fallecido-tras-intensas-lluvias-en-santiago-de-cuba","status":"publish","type":"post","link":"https:\/\/www.cuballama.com\/noticias\/al-menos-un-fallecido-tras-intensas-lluvias-en-santiago-de-cuba\/","title":{"rendered":"Al menos un fallecido tras intensas lluvias en Santiago de Cuba"},"content":{"rendered":"\n<p>Al menos una persona falleci\u00f3 tras <a href=\"https:\/\/www.cuballama.com\/noticias\/lluvias-asociadas-a-muy-probable-tormenta-tropical-ya-afectan-al-oriente-de-cuba\/\" target=\"_blank\" rel=\"noreferrer noopener\">las intensas lluvias asociadas a la tormenta tropical Imelda<\/a>, que ha afectado al oriente de Cuba en las \u00faltimas horas.<\/p>\n\n\n\n<p>Seg\u00fan inform\u00f3 la prensa oficialista, la v\u00edctima, identificada como Luis Mario P\u00e9rez Coiterio, de 60 a\u00f1os de edad y vecino de la calle 13, entre 11 y K, en el reparto de Veguita de Galo, en la ciudad de Santiago de Cuba, muri\u00f3 debido a un deslizamiento de tierra producto a las fuertes precipitaciones, el cual provoc\u00f3 el derrumbe de su casa en la madrugada del domingo.<\/p>\n\n\n\n<p>De acuerdo con Aris Arias Batalla, jefe provincial de Operaciones y Socorro de la Filial de la Cruz Roja y vicepresidente provincial de la Asociaci\u00f3n de Bomberos Voluntarios de Cuba, el cuerpo sin vida del se\u00f1or, que muri\u00f3 \u201cinstant\u00e1neamente\u201d, fue hallado por vecinos, que inmediatamente llamaron al cuerpo de Bomberos.&nbsp;<\/p>\n\n\n\n<iframe loading=\"lazy\" src=\"https:\/\/www.facebook.com\/plugins\/post.php?href=https%3A%2F%2Fwww.facebook.com%2Faris.ariasbatalla%2Fposts%2Fpfbid02gTNXS8AzuLS4L7vGGgHtz9d19uGh9WPJsLEZ6QTycfH5Ta7JPj7uJdM5f1bG11Awl&#038;show_text=true&#038;width=500\" width=\"500\" height=\"250\" style=\"border:none;overflow:hidden\" scrolling=\"no\" frameborder=\"0\" allowfullscreen=\"true\" allow=\"autoplay; clipboard-write; encrypted-media; picture-in-picture; web-share\"><\/iframe>\n\n\n\n<p>El cad\u00e1ver fue sacado por rescatistas del destacamento de Salvamento y Rescate del Comando 4 Vista Alegre de abajo de los escombros y los bloques pertenecientes al muro que colaps\u00f3 mientras la v\u00edctima dorm\u00eda.<\/p>\n\n\n\n<p>Las autoridades recalcaron que la vivienda, ubicada en una ladera, colaps\u00f3 tras un deslizamiento de tierra en la madrugada de este 28 de septiembre.<\/p>\n\n\n\n<iframe loading=\"lazy\" src=\"https:\/\/www.facebook.com\/plugins\/post.php?href=https%3A%2F%2Fwww.facebook.com%2Fpermalink.php%3Fstory_fbid%3Dpfbid0AsMWtpvSs6tpEA2wkcfdMk9KhHgK6Tie6gzzKbJfyMQsgrKJMjH5g7rNghsamV4Fl%26id%3D61559439539231&#038;show_text=true&#038;width=500\" width=\"500\" height=\"747\" style=\"border:none;overflow:hidden\" scrolling=\"no\" frameborder=\"0\" allowfullscreen=\"true\" allow=\"autoplay; clipboard-write; encrypted-media; picture-in-picture; web-share\"><\/iframe>\n\n\n\n<p>Arias Batalla detall\u00f3 que la v\u00edctima quiso volver a su hogar, pese a que no era un lugar seguro y que miembros de su familia le pidieron que estuviera con ellos hasta que pasara \u201cla situaci\u00f3n actual hidrometeorol\u00f3gica\u201d.\u00a0<\/p>\n\n\n\n<p>La esposa del se\u00f1or, una adulta mayor y con dificultad auditiva, confirm\u00f3 la versi\u00f3n de las autoridades.<\/p>\n\n\n\n<p>Seg\u00fan medios locales, hasta el mediod\u00eda del domingo en la provincia de Santiago de Cuba se hab\u00edan registrado alrededor de 11 derrumbes parciales de viviendas y de muros de contenci\u00f3n.<\/p>\n\n\n\n<iframe loading=\"lazy\" src=\"https:\/\/www.facebook.com\/plugins\/post.php?href=https%3A%2F%2Fwww.facebook.com%2Fpermalink.php%3Fstory_fbid%3Dpfbid07mA7GRcK3z2R9gGm5vXt9HmA3Ht8ivgB3rEZG3nSRfbymvvwvzNwq9ErTpxsrDP5l%26id%3D61559439539231&#038;show_text=true&#038;width=500\" width=\"500\" height=\"747\" style=\"border:none;overflow:hidden\" scrolling=\"no\" frameborder=\"0\" allowfullscreen=\"true\" allow=\"autoplay; clipboard-write; encrypted-media; picture-in-picture; web-share\"><\/iframe>\n\n\n\n<p>\u201cLas zonas m\u00e1s vulnerables, especialmente aquellas ubicadas cerca de las laderas y los muros de contenci\u00f3n, han sufrido derrumbes y deslizamientos de tierra debido al peso del agua acumulada\u201d, precisaron.<\/p>\n\n\n\n<p>Las autoridades santiagueras suspendieron las actividades docentes en toda la provincia para este lunes, aunque se\u00f1alaron que los c\u00edrculos infantiles continuar\u00e1n prestando servicios y que se mantienen las actividades laborales concentradas en la recuperaci\u00f3n e higienizaci\u00f3n de los centros.<\/p>\n\n\n\n<p><\/p>\n","protected":false},"excerpt":{"rendered":"<p>El se\u00f1or muri\u00f3 mientras dorm\u00eda en la madrugada del domingo.<\/p>\n","protected":false},"author":30,"featured_media":221087,"comment_status":"open","ping_status":"closed","sticky":false,"template":"","format":"standard","meta":{"_acf_changed":false,"footnotes":""},"categories":[18,955],"tags":[28000,16817,25209,11017,10998],"class_list":{"0":"post-221085","1":"post","2":"type-post","3":"status-publish","4":"format-standard","5":"has-post-thumbnail","7":"category-noticias","8":"category-noticias-de-cuba","9":"tag-imelda","10":"tag-lluvias-en-oriente","11":"tag-lluvias-intensas","12":"tag-superdestacado","13":"tag-tormenta-tropical"},"acf":[],"yoast_head":"<!-- This site is optimized with the Yoast SEO plugin v27.5 - https:\/\/yoast.com\/product\/yoast-seo-wordpress\/ -->\n<title>Al menos un fallecido tras intensas lluvias en Santiago de Cuba - Cuballama Noticias<\/title>\n<meta name=\"description\" content=\"Al menos una persona falleci\u00f3 tras las intensas lluvias asociadas a la tormenta tropical Imelda, que ha afectado al oriente de Cuba.\" \/>\n<meta name=\"robots\" content=\"index, follow, max-snippet:-1, max-image-preview:large, max-video-preview:-1\" \/>\n<link rel=\"canonical\" href=\"https:\/\/www.cuballama.com\/noticias\/al-menos-un-fallecido-tras-intensas-lluvias-en-santiago-de-cuba\/\" \/>\n<meta property=\"og:locale\" content=\"es_ES\" \/>\n<meta property=\"og:type\" content=\"article\" \/>\n<meta property=\"og:title\" content=\"Al menos un fallecido tras intensas lluvias en Santiago de Cuba - Cuballama Noticias\" \/>\n<meta property=\"og:description\" content=\"Al menos una persona falleci\u00f3 tras las intensas lluvias asociadas a la tormenta tropical Imelda, que ha afectado al oriente de Cuba.\" \/>\n<meta property=\"og:url\" content=\"https:\/\/www.cuballama.com\/noticias\/al-menos-un-fallecido-tras-intensas-lluvias-en-santiago-de-cuba\/\" \/>\n<meta property=\"og:site_name\" content=\"Cuballama Noticias\" \/>\n<meta property=\"article:publisher\" content=\"https:\/\/www.facebook.com\/CubaLlama\" \/>\n<meta property=\"article:published_time\" content=\"2025-09-29T11:30:00+00:00\" \/>\n<meta property=\"article:modified_time\" content=\"2025-09-29T12:25:20+00:00\" \/>\n<meta property=\"og:image\" content=\"https:\/\/cdn1.mediawpaccore.net\/wp-content\/uploads\/2025\/09\/28222632\/557140387_122195131328314651_3342186956180848574_n1.jpg\" \/>\n\t<meta property=\"og:image:width\" content=\"1200\" \/>\n\t<meta property=\"og:image:height\" content=\"630\" \/>\n\t<meta property=\"og:image:type\" content=\"image\/jpeg\" \/>\n<meta name=\"author\" content=\"Kathy\" \/>\n<meta name=\"twitter:card\" content=\"summary_large_image\" \/>\n<meta name=\"twitter:creator\" content=\"@cuballama\" \/>\n<meta name=\"twitter:site\" content=\"@cuballama\" \/>\n<meta name=\"twitter:label1\" content=\"Escrito por\" \/>\n\t<meta name=\"twitter:data1\" content=\"Kathy\" \/>\n\t<meta name=\"twitter:label2\" content=\"Tiempo de lectura\" \/>\n\t<meta name=\"twitter:data2\" content=\"2 minutos\" \/>\n<script type=\"application\/ld+json\" class=\"yoast-schema-graph\">{\"@context\":\"https:\\\/\\\/schema.org\",\"@graph\":[{\"@type\":\"Article\",\"@id\":\"https:\\\/\\\/www.cuballama.com\\\/noticias\\\/al-menos-un-fallecido-tras-intensas-lluvias-en-santiago-de-cuba\\\/#article\",\"isPartOf\":{\"@id\":\"https:\\\/\\\/www.cuballama.com\\\/noticias\\\/al-menos-un-fallecido-tras-intensas-lluvias-en-santiago-de-cuba\\\/\"},\"author\":{\"name\":\"Kathy\",\"@id\":\"https:\\\/\\\/www.cuballama.com\\\/noticias\\\/#\\\/schema\\\/person\\\/86cd3e3f4974437f031211213bf892d5\"},\"headline\":\"Al menos un fallecido tras intensas lluvias en Santiago de Cuba\",\"datePublished\":\"2025-09-29T11:30:00+00:00\",\"dateModified\":\"2025-09-29T12:25:20+00:00\",\"mainEntityOfPage\":{\"@id\":\"https:\\\/\\\/www.cuballama.com\\\/noticias\\\/al-menos-un-fallecido-tras-intensas-lluvias-en-santiago-de-cuba\\\/\"},\"wordCount\":387,\"commentCount\":0,\"publisher\":{\"@id\":\"https:\\\/\\\/www.cuballama.com\\\/noticias\\\/#organization\"},\"image\":{\"@id\":\"https:\\\/\\\/www.cuballama.com\\\/noticias\\\/al-menos-un-fallecido-tras-intensas-lluvias-en-santiago-de-cuba\\\/#primaryimage\"},\"thumbnailUrl\":\"https:\\\/\\\/cdn1.mediawpaccore.net\\\/wp-content\\\/uploads\\\/2025\\\/09\\\/28222632\\\/557140387_122195131328314651_3342186956180848574_n1.jpg\",\"keywords\":[\"Imelda\",\"lluvias en oriente\",\"lluvias intensas\",\"superdestacado\",\"tormenta tropical\"],\"articleSection\":[\"Noticias\",\"Noticias de Cuba\"],\"inLanguage\":\"es\",\"potentialAction\":[{\"@type\":\"CommentAction\",\"name\":\"Comment\",\"target\":[\"https:\\\/\\\/www.cuballama.com\\\/noticias\\\/al-menos-un-fallecido-tras-intensas-lluvias-en-santiago-de-cuba\\\/#respond\"]}]},{\"@type\":\"WebPage\",\"@id\":\"https:\\\/\\\/www.cuballama.com\\\/noticias\\\/al-menos-un-fallecido-tras-intensas-lluvias-en-santiago-de-cuba\\\/\",\"url\":\"https:\\\/\\\/www.cuballama.com\\\/noticias\\\/al-menos-un-fallecido-tras-intensas-lluvias-en-santiago-de-cuba\\\/\",\"name\":\"Al menos un fallecido tras intensas lluvias en Santiago de Cuba - Cuballama Noticias\",\"isPartOf\":{\"@id\":\"https:\\\/\\\/www.cuballama.com\\\/noticias\\\/#website\"},\"primaryImageOfPage\":{\"@id\":\"https:\\\/\\\/www.cuballama.com\\\/noticias\\\/al-menos-un-fallecido-tras-intensas-lluvias-en-santiago-de-cuba\\\/#primaryimage\"},\"image\":{\"@id\":\"https:\\\/\\\/www.cuballama.com\\\/noticias\\\/al-menos-un-fallecido-tras-intensas-lluvias-en-santiago-de-cuba\\\/#primaryimage\"},\"thumbnailUrl\":\"https:\\\/\\\/cdn1.mediawpaccore.net\\\/wp-content\\\/uploads\\\/2025\\\/09\\\/28222632\\\/557140387_122195131328314651_3342186956180848574_n1.jpg\",\"datePublished\":\"2025-09-29T11:30:00+00:00\",\"dateModified\":\"2025-09-29T12:25:20+00:00\",\"description\":\"Al menos una persona falleci\u00f3 tras las intensas lluvias asociadas a la tormenta tropical Imelda, que ha afectado al oriente de Cuba.\",\"breadcrumb\":{\"@id\":\"https:\\\/\\\/www.cuballama.com\\\/noticias\\\/al-menos-un-fallecido-tras-intensas-lluvias-en-santiago-de-cuba\\\/#breadcrumb\"},\"inLanguage\":\"es\",\"potentialAction\":[{\"@type\":\"ReadAction\",\"target\":[\"https:\\\/\\\/www.cuballama.com\\\/noticias\\\/al-menos-un-fallecido-tras-intensas-lluvias-en-santiago-de-cuba\\\/\"]}]},{\"@type\":\"ImageObject\",\"inLanguage\":\"es\",\"@id\":\"https:\\\/\\\/www.cuballama.com\\\/noticias\\\/al-menos-un-fallecido-tras-intensas-lluvias-en-santiago-de-cuba\\\/#primaryimage\",\"url\":\"https:\\\/\\\/cdn1.mediawpaccore.net\\\/wp-content\\\/uploads\\\/2025\\\/09\\\/28222632\\\/557140387_122195131328314651_3342186956180848574_n1.jpg\",\"contentUrl\":\"https:\\\/\\\/cdn1.mediawpaccore.net\\\/wp-content\\\/uploads\\\/2025\\\/09\\\/28222632\\\/557140387_122195131328314651_3342186956180848574_n1.jpg\",\"width\":1200,\"height\":630,\"caption\":\"Lluvias en Santiago de Cuba este fin de semana. Foto: Facebook\\\/Corresponsal\u00eda de Prensa Santiago de Cuba.\"},{\"@type\":\"BreadcrumbList\",\"@id\":\"https:\\\/\\\/www.cuballama.com\\\/noticias\\\/al-menos-un-fallecido-tras-intensas-lluvias-en-santiago-de-cuba\\\/#breadcrumb\",\"itemListElement\":[{\"@type\":\"ListItem\",\"position\":1,\"name\":\"Home\",\"item\":\"https:\\\/\\\/www.cuballama.com\\\/noticias\\\/\"},{\"@type\":\"ListItem\",\"position\":2,\"name\":\"Al menos un fallecido tras intensas lluvias en Santiago de Cuba\"}]},{\"@type\":\"WebSite\",\"@id\":\"https:\\\/\\\/www.cuballama.com\\\/noticias\\\/#website\",\"url\":\"https:\\\/\\\/www.cuballama.com\\\/noticias\\\/\",\"name\":\"Cuballama Noticias\",\"description\":\"Medio digital sobre Cuba y el mundo\",\"publisher\":{\"@id\":\"https:\\\/\\\/www.cuballama.com\\\/noticias\\\/#organization\"},\"potentialAction\":[{\"@type\":\"SearchAction\",\"target\":{\"@type\":\"EntryPoint\",\"urlTemplate\":\"https:\\\/\\\/www.cuballama.com\\\/noticias\\\/?s={search_term_string}\"},\"query-input\":{\"@type\":\"PropertyValueSpecification\",\"valueRequired\":true,\"valueName\":\"search_term_string\"}}],\"inLanguage\":\"es\"},{\"@type\":\"Organization\",\"@id\":\"https:\\\/\\\/www.cuballama.com\\\/noticias\\\/#organization\",\"name\":\"Cuballama\",\"url\":\"https:\\\/\\\/www.cuballama.com\\\/noticias\\\/\",\"logo\":{\"@type\":\"ImageObject\",\"inLanguage\":\"es\",\"@id\":\"https:\\\/\\\/www.cuballama.com\\\/noticias\\\/#\\\/schema\\\/logo\\\/image\\\/\",\"url\":\"https:\\\/\\\/cdn1.mediawpaccore.net\\\/wp-content\\\/uploads\\\/2021\\\/12\\\/28171206\\\/cbll-logo-color-sm.png\",\"contentUrl\":\"https:\\\/\\\/cdn1.mediawpaccore.net\\\/wp-content\\\/uploads\\\/2021\\\/12\\\/28171206\\\/cbll-logo-color-sm.png\",\"width\":600,\"height\":133,\"caption\":\"Cuballama\"},\"image\":{\"@id\":\"https:\\\/\\\/www.cuballama.com\\\/noticias\\\/#\\\/schema\\\/logo\\\/image\\\/\"},\"sameAs\":[\"https:\\\/\\\/www.facebook.com\\\/CubaLlama\",\"https:\\\/\\\/x.com\\\/cuballama\",\"https:\\\/\\\/www.instagram.com\\\/stories\\\/cuballama_oficial\\\/\",\"https:\\\/\\\/www.youtube.com\\\/channel\\\/UCKkFE-d_axENGZcrc4as0IA\"]},{\"@type\":\"Person\",\"@id\":\"https:\\\/\\\/www.cuballama.com\\\/noticias\\\/#\\\/schema\\\/person\\\/86cd3e3f4974437f031211213bf892d5\",\"name\":\"Kathy\",\"url\":\"https:\\\/\\\/www.cuballama.com\\\/noticias\\\/author\\\/kathy\\\/\"}]}<\/script>\n<!-- \/ Yoast SEO plugin. -->","yoast_head_json":{"title":"Al menos un fallecido tras intensas lluvias en Santiago de Cuba - Cuballama Noticias","description":"Al menos una persona falleci\u00f3 tras las intensas lluvias asociadas a la tormenta tropical Imelda, que ha afectado al oriente de Cuba.","robots":{"index":"index","follow":"follow","max-snippet":"max-snippet:-1","max-image-preview":"max-image-preview:large","max-video-preview":"max-video-preview:-1"},"canonical":"https:\/\/www.cuballama.com\/noticias\/al-menos-un-fallecido-tras-intensas-lluvias-en-santiago-de-cuba\/","og_locale":"es_ES","og_type":"article","og_title":"Al menos un fallecido tras intensas lluvias en Santiago de Cuba - Cuballama Noticias","og_description":"Al menos una persona falleci\u00f3 tras las intensas lluvias asociadas a la tormenta tropical Imelda, que ha afectado al oriente de Cuba.","og_url":"https:\/\/www.cuballama.com\/noticias\/al-menos-un-fallecido-tras-intensas-lluvias-en-santiago-de-cuba\/","og_site_name":"Cuballama Noticias","article_publisher":"https:\/\/www.facebook.com\/CubaLlama","article_published_time":"2025-09-29T11:30:00+00:00","article_modified_time":"2025-09-29T12:25:20+00:00","og_image":[{"width":1200,"height":630,"url":"https:\/\/cdn1.mediawpaccore.net\/wp-content\/uploads\/2025\/09\/28222632\/557140387_122195131328314651_3342186956180848574_n1.jpg","type":"image\/jpeg"}],"author":"Kathy","twitter_card":"summary_large_image","twitter_creator":"@cuballama","twitter_site":"@cuballama","twitter_misc":{"Escrito por":"Kathy","Tiempo de lectura":"2 minutos"},"schema":{"@context":"https:\/\/schema.org","@graph":[{"@type":"Article","@id":"https:\/\/www.cuballama.com\/noticias\/al-menos-un-fallecido-tras-intensas-lluvias-en-santiago-de-cuba\/#article","isPartOf":{"@id":"https:\/\/www.cuballama.com\/noticias\/al-menos-un-fallecido-tras-intensas-lluvias-en-santiago-de-cuba\/"},"author":{"name":"Kathy","@id":"https:\/\/www.cuballama.com\/noticias\/#\/schema\/person\/86cd3e3f4974437f031211213bf892d5"},"headline":"Al menos un fallecido tras intensas lluvias en Santiago de Cuba","datePublished":"2025-09-29T11:30:00+00:00","dateModified":"2025-09-29T12:25:20+00:00","mainEntityOfPage":{"@id":"https:\/\/www.cuballama.com\/noticias\/al-menos-un-fallecido-tras-intensas-lluvias-en-santiago-de-cuba\/"},"wordCount":387,"commentCount":0,"publisher":{"@id":"https:\/\/www.cuballama.com\/noticias\/#organization"},"image":{"@id":"https:\/\/www.cuballama.com\/noticias\/al-menos-un-fallecido-tras-intensas-lluvias-en-santiago-de-cuba\/#primaryimage"},"thumbnailUrl":"https:\/\/cdn1.mediawpaccore.net\/wp-content\/uploads\/2025\/09\/28222632\/557140387_122195131328314651_3342186956180848574_n1.jpg","keywords":["Imelda","lluvias en oriente","lluvias intensas","superdestacado","tormenta tropical"],"articleSection":["Noticias","Noticias de Cuba"],"inLanguage":"es","potentialAction":[{"@type":"CommentAction","name":"Comment","target":["https:\/\/www.cuballama.com\/noticias\/al-menos-un-fallecido-tras-intensas-lluvias-en-santiago-de-cuba\/#respond"]}]},{"@type":"WebPage","@id":"https:\/\/www.cuballama.com\/noticias\/al-menos-un-fallecido-tras-intensas-lluvias-en-santiago-de-cuba\/","url":"https:\/\/www.cuballama.com\/noticias\/al-menos-un-fallecido-tras-intensas-lluvias-en-santiago-de-cuba\/","name":"Al menos un fallecido tras intensas lluvias en Santiago de Cuba - Cuballama Noticias","isPartOf":{"@id":"https:\/\/www.cuballama.com\/noticias\/#website"},"primaryImageOfPage":{"@id":"https:\/\/www.cuballama.com\/noticias\/al-menos-un-fallecido-tras-intensas-lluvias-en-santiago-de-cuba\/#primaryimage"},"image":{"@id":"https:\/\/www.cuballama.com\/noticias\/al-menos-un-fallecido-tras-intensas-lluvias-en-santiago-de-cuba\/#primaryimage"},"thumbnailUrl":"https:\/\/cdn1.mediawpaccore.net\/wp-content\/uploads\/2025\/09\/28222632\/557140387_122195131328314651_3342186956180848574_n1.jpg","datePublished":"2025-09-29T11:30:00+00:00","dateModified":"2025-09-29T12:25:20+00:00","description":"Al menos una persona falleci\u00f3 tras las intensas lluvias asociadas a la tormenta tropical Imelda, que ha afectado al oriente de Cuba.","breadcrumb":{"@id":"https:\/\/www.cuballama.com\/noticias\/al-menos-un-fallecido-tras-intensas-lluvias-en-santiago-de-cuba\/#breadcrumb"},"inLanguage":"es","potentialAction":[{"@type":"ReadAction","target":["https:\/\/www.cuballama.com\/noticias\/al-menos-un-fallecido-tras-intensas-lluvias-en-santiago-de-cuba\/"]}]},{"@type":"ImageObject","inLanguage":"es","@id":"https:\/\/www.cuballama.com\/noticias\/al-menos-un-fallecido-tras-intensas-lluvias-en-santiago-de-cuba\/#primaryimage","url":"https:\/\/cdn1.mediawpaccore.net\/wp-content\/uploads\/2025\/09\/28222632\/557140387_122195131328314651_3342186956180848574_n1.jpg","contentUrl":"https:\/\/cdn1.mediawpaccore.net\/wp-content\/uploads\/2025\/09\/28222632\/557140387_122195131328314651_3342186956180848574_n1.jpg","width":1200,"height":630,"caption":"Lluvias en Santiago de Cuba este fin de semana. Foto: Facebook\/Corresponsal\u00eda de Prensa Santiago de Cuba."},{"@type":"BreadcrumbList","@id":"https:\/\/www.cuballama.com\/noticias\/al-menos-un-fallecido-tras-intensas-lluvias-en-santiago-de-cuba\/#breadcrumb","itemListElement":[{"@type":"ListItem","position":1,"name":"Home","item":"https:\/\/www.cuballama.com\/noticias\/"},{"@type":"ListItem","position":2,"name":"Al menos un fallecido tras intensas lluvias en Santiago de Cuba"}]},{"@type":"WebSite","@id":"https:\/\/www.cuballama.com\/noticias\/#website","url":"https:\/\/www.cuballama.com\/noticias\/","name":"Cuballama Noticias","description":"Medio digital sobre Cuba y el mundo","publisher":{"@id":"https:\/\/www.cuballama.com\/noticias\/#organization"},"potentialAction":[{"@type":"SearchAction","target":{"@type":"EntryPoint","urlTemplate":"https:\/\/www.cuballama.com\/noticias\/?s={search_term_string}"},"query-input":{"@type":"PropertyValueSpecification","valueRequired":true,"valueName":"search_term_string"}}],"inLanguage":"es"},{"@type":"Organization","@id":"https:\/\/www.cuballama.com\/noticias\/#organization","name":"Cuballama","url":"https:\/\/www.cuballama.com\/noticias\/","logo":{"@type":"ImageObject","inLanguage":"es","@id":"https:\/\/www.cuballama.com\/noticias\/#\/schema\/logo\/image\/","url":"https:\/\/cdn1.mediawpaccore.net\/wp-content\/uploads\/2021\/12\/28171206\/cbll-logo-color-sm.png","contentUrl":"https:\/\/cdn1.mediawpaccore.net\/wp-content\/uploads\/2021\/12\/28171206\/cbll-logo-color-sm.png","width":600,"height":133,"caption":"Cuballama"},"image":{"@id":"https:\/\/www.cuballama.com\/noticias\/#\/schema\/logo\/image\/"},"sameAs":["https:\/\/www.facebook.com\/CubaLlama","https:\/\/x.com\/cuballama","https:\/\/www.instagram.com\/stories\/cuballama_oficial\/","https:\/\/www.youtube.com\/channel\/UCKkFE-d_axENGZcrc4as0IA"]},{"@type":"Person","@id":"https:\/\/www.cuballama.com\/noticias\/#\/schema\/person\/86cd3e3f4974437f031211213bf892d5","name":"Kathy","url":"https:\/\/www.cuballama.com\/noticias\/author\/kathy\/"}]}},"_links":{"self":[{"href":"https:\/\/www.cuballama.com\/noticias\/wp-json\/wp\/v2\/posts\/221085","targetHints":{"allow":["GET"]}}],"collection":[{"href":"https:\/\/www.cuballama.com\/noticias\/wp-json\/wp\/v2\/posts"}],"about":[{"href":"https:\/\/www.cuballama.com\/noticias\/wp-json\/wp\/v2\/types\/post"}],"author":[{"embeddable":true,"href":"https:\/\/www.cuballama.com\/noticias\/wp-json\/wp\/v2\/users\/30"}],"replies":[{"embeddable":true,"href":"https:\/\/www.cuballama.com\/noticias\/wp-json\/wp\/v2\/comments?post=221085"}],"version-history":[{"count":6,"href":"https:\/\/www.cuballama.com\/noticias\/wp-json\/wp\/v2\/posts\/221085\/revisions"}],"predecessor-version":[{"id":221109,"href":"https:\/\/www.cuballama.com\/noticias\/wp-json\/wp\/v2\/posts\/221085\/revisions\/221109"}],"wp:featuredmedia":[{"embeddable":true,"href":"https:\/\/www.cuballama.com\/noticias\/wp-json\/wp\/v2\/media\/221087"}],"wp:attachment":[{"href":"https:\/\/www.cuballama.com\/noticias\/wp-json\/wp\/v2\/media?parent=221085"}],"wp:term":[{"taxonomy":"category","embeddable":true,"href":"https:\/\/www.cuballama.com\/noticias\/wp-json\/wp\/v2\/categories?post=221085"},{"taxonomy":"post_tag","embeddable":true,"href":"https:\/\/www.cuballama.com\/noticias\/wp-json\/wp\/v2\/tags?post=221085"}],"curies":[{"name":"wp","href":"https:\/\/api.w.org\/{rel}","templated":true}]}}