{"id":221063,"date":"2025-09-28T08:54:25","date_gmt":"2025-09-28T12:54:25","guid":{"rendered":"https:\/\/www.cuballama.com\/noticias\/?p=221063"},"modified":"2025-09-28T08:54:27","modified_gmt":"2025-09-28T12:54:27","slug":"joven-de-miami-visita-a-su-familia-en-cuba-y-el-mismo-dia-un-policia-lo-agrede-lleva-tres-meses-detenido","status":"publish","type":"post","link":"https:\/\/www.cuballama.com\/noticias\/joven-de-miami-visita-a-su-familia-en-cuba-y-el-mismo-dia-un-policia-lo-agrede-lleva-tres-meses-detenido\/","title":{"rendered":"Joven de Miami visita a su familia en Cuba y el mismo d\u00eda un polic\u00eda lo agrede: lleva tres meses detenido"},"content":{"rendered":"\n<p>El prolongado encarcelamiento de Jos\u00e9 L\u00f3pez Echevarr\u00eda, conocido como Vilo, ha dejado al descubierto tensiones hist\u00f3ricas entre ciudadan\u00eda y autoridades en Cuba. A casi tres meses de su arresto en Col\u00f3n, Matanzas, su caso contin\u00faa en un limbo legal que acrecienta la incertidumbre familiar y el debate social.<\/p>\n\n\n\n<p>La reciente decisi\u00f3n de trasladar su expediente a la fiscal\u00eda militar ha multiplicado las dudas sobre el debido proceso, un terreno donde la transparencia institucional ha sido cuestionada repetidamente en las \u00faltimas d\u00e9cadas.<\/p>\n\n\n\n<p><strong>Lea m\u00e1s: <a href=\"https:\/\/www.cuballama.com\/noticias\/denuncian-violencia-policial-en-santiago-de-cuba-dos-jovenes-incomunicados-por-mas-de-24-horas\/\" target=\"_blank\" rel=\"noreferrer noopener\">Denuncian violencia policial en Santiago de Cuba: dos j\u00f3venes incomunicados por m\u00e1s de 24 horas<\/a><\/strong><\/p>\n\n\n\n<p>Vilo, quien tendr\u00eda la ciudadan\u00eda americana, hab\u00eda llegado a la provincia matancera el 16 de julio. Ese mismo d\u00eda se produjo un altercado en su vivienda que, seg\u00fan testigos, deriv\u00f3 en una agresi\u00f3n f\u00edsica por parte del polic\u00eda identificado como Osmel Jes\u00fas y posteriormente en un disparo realizado por otro uniformado.<\/p>\n\n\n\n<figure class=\"wp-block-image size-full\"><img loading=\"lazy\" decoding=\"async\" width=\"750\" height=\"1000\" src=\"https:\/\/cdn1.mediawpaccore.net\/wp-content\/uploads\/2025\/09\/28084511\/555466307_823514060006468_8912889983878400462_n.jpg\" alt=\"\" class=\"wp-image-221066\" srcset=\"https:\/\/cdn1.mediawpaccore.net\/wp-content\/uploads\/2025\/09\/28084511\/555466307_823514060006468_8912889983878400462_n.jpg 750w, https:\/\/cdn1.mediawpaccore.net\/wp-content\/uploads\/2025\/09\/28084511\/555466307_823514060006468_8912889983878400462_n-225x300.jpg 225w, https:\/\/cdn1.mediawpaccore.net\/wp-content\/uploads\/2025\/09\/28084511\/555466307_823514060006468_8912889983878400462_n-315x420.jpg 315w, https:\/\/cdn1.mediawpaccore.net\/wp-content\/uploads\/2025\/09\/28084511\/555466307_823514060006468_8912889983878400462_n-150x200.jpg 150w, https:\/\/cdn1.mediawpaccore.net\/wp-content\/uploads\/2025\/09\/28084511\/555466307_823514060006468_8912889983878400462_n-300x400.jpg 300w, https:\/\/cdn1.mediawpaccore.net\/wp-content\/uploads\/2025\/09\/28084511\/555466307_823514060006468_8912889983878400462_n-696x928.jpg 696w\" sizes=\"auto, (max-width: 750px) 100vw, 750px\" \/><\/figure>\n\n\n\n<p>Las versiones coinciden en un detalle clave: el herido no recibi\u00f3 auxilio inmediato. Esa omisi\u00f3n ha encendido alarmas entre familiares y conocidos, quienes asocian el silencio institucional con una estrategia de encubrimiento. El r\u00e9gimen cubano, en paralelo, imput\u00f3 al detenido por el delito de atentado.<\/p>\n\n\n\n<iframe loading=\"lazy\" src=\"https:\/\/www.facebook.com\/plugins\/video.php?height=476&#038;href=https%3A%2F%2Fwww.facebook.com%2Fyanko.mesa%2Fvideos%2F2619369288422797%2F&#038;show_text=false&#038;width=283&#038;t=0\" width=\"283\" height=\"476\" style=\"border:none;overflow:hidden\" scrolling=\"no\" frameborder=\"0\" allowfullscreen=\"true\" allow=\"autoplay; clipboard-write; encrypted-media; picture-in-picture; web-share\" allowFullScreen=\"true\"><\/iframe>\n\n\n\n<p>El traslado del expediente a la jurisdicci\u00f3n militar a\u00f1ade una capa de complejidad. En Cuba, este mecanismo ha sido hist\u00f3ricamente interpretado como un movimiento para blindar a las fuerzas del orden, limitando la supervisi\u00f3n civil. La madre de Vilo fue notificada recientemente, y la noticia acrecent\u00f3 su angustia sobre la salud de su hijo y la imparcialidad de las audiencias venideras.<\/p>\n\n\n\n<figure class=\"wp-block-image size-full\"><img loading=\"lazy\" decoding=\"async\" width=\"750\" height=\"1000\" src=\"https:\/\/cdn1.mediawpaccore.net\/wp-content\/uploads\/2025\/09\/28084502\/554819362_823514073339800_9085702941705377912_n.jpg\" alt=\"\" class=\"wp-image-221065\" srcset=\"https:\/\/cdn1.mediawpaccore.net\/wp-content\/uploads\/2025\/09\/28084502\/554819362_823514073339800_9085702941705377912_n.jpg 750w, https:\/\/cdn1.mediawpaccore.net\/wp-content\/uploads\/2025\/09\/28084502\/554819362_823514073339800_9085702941705377912_n-225x300.jpg 225w, https:\/\/cdn1.mediawpaccore.net\/wp-content\/uploads\/2025\/09\/28084502\/554819362_823514073339800_9085702941705377912_n-315x420.jpg 315w, https:\/\/cdn1.mediawpaccore.net\/wp-content\/uploads\/2025\/09\/28084502\/554819362_823514073339800_9085702941705377912_n-150x200.jpg 150w, https:\/\/cdn1.mediawpaccore.net\/wp-content\/uploads\/2025\/09\/28084502\/554819362_823514073339800_9085702941705377912_n-300x400.jpg 300w, https:\/\/cdn1.mediawpaccore.net\/wp-content\/uploads\/2025\/09\/28084502\/554819362_823514073339800_9085702941705377912_n-696x928.jpg 696w\" sizes=\"auto, (max-width: 750px) 100vw, 750px\" \/><\/figure>\n\n\n\n<p>Mientras usuarios denuncian un caso evidente de abuso, voceros oficialistas han optado por el silencio. Ese contraste entre versiones ciudadanas y la ausencia de una narrativa estatal recuerda episodios pasados, como las detenciones masivas de julio de 2021, cuando la administraci\u00f3n tambi\u00e9n apost\u00f3 por controlar la informaci\u00f3n antes que transparentarla.<\/p>\n\n\n\n<iframe loading=\"lazy\" src=\"https:\/\/www.facebook.com\/plugins\/post.php?href=https%3A%2F%2Fwww.facebook.com%2Fbyyanelimorales%2Fposts%2Fpfbid0uKiPZ9HryLsq1nURiDW28U7kn2BETqFek9cgneZ8jZHNwSMbpDDqsHsmLrU5XZybl&#038;show_text=true&#038;width=500\" width=\"500\" height=\"761\" style=\"border:none;overflow:hidden\" scrolling=\"no\" frameborder=\"0\" allowfullscreen=\"true\" allow=\"autoplay; clipboard-write; encrypted-media; picture-in-picture; web-share\"><\/iframe>\n\n\n\n<p>En barrios como Col\u00f3n, donde se origin\u00f3 el suceso, se percibe una mezcla de miedo y resignaci\u00f3n. Habitantes consultados de manera informal se\u00f1alan que el caso de Vilo confirma lo que ya intu\u00edan: que los l\u00edmites entre autoridad y abuso resultan difusos.<\/p>\n","protected":false},"excerpt":{"rendered":"<p>Vilo, quien tendr\u00eda la ciudadan\u00eda americana, hab\u00eda llegado a Col\u00f3n el pasado 16 de julio<\/p>\n","protected":false},"author":27,"featured_media":221067,"comment_status":"open","ping_status":"closed","sticky":false,"template":"","format":"standard","meta":{"_acf_changed":false,"footnotes":""},"categories":[955],"tags":[10610,10867,722,22092],"class_list":{"0":"post-221063","1":"post","2":"type-post","3":"status-publish","4":"format-standard","5":"has-post-thumbnail","7":"category-noticias-de-cuba","8":"tag-abuso-policial-en-cuba","9":"tag-crisis-en-cuba","10":"tag-pnr","11":"tag-policias-cubanos"},"acf":[],"yoast_head":"<!-- This site is optimized with the Yoast SEO plugin v27.5 - https:\/\/yoast.com\/product\/yoast-seo-wordpress\/ -->\n<title>Joven de Miami visita a su familia en Cuba y el mismo d\u00eda un polic\u00eda lo agrede: lleva tres meses detenido - Cuballama Noticias<\/title>\n<meta name=\"description\" content=\"A casi tres meses de su arresto en Col\u00f3n, Matanzas, su caso contin\u00faa en un limbo legal que acrecienta la incertidumbre familiar\" \/>\n<meta name=\"robots\" content=\"index, follow, max-snippet:-1, max-image-preview:large, max-video-preview:-1\" \/>\n<link rel=\"canonical\" href=\"https:\/\/www.cuballama.com\/noticias\/joven-de-miami-visita-a-su-familia-en-cuba-y-el-mismo-dia-un-policia-lo-agrede-lleva-tres-meses-detenido\/\" \/>\n<meta property=\"og:locale\" content=\"es_ES\" \/>\n<meta property=\"og:type\" content=\"article\" \/>\n<meta property=\"og:title\" content=\"Joven de Miami visita a su familia en Cuba y el mismo d\u00eda un polic\u00eda lo agrede: lleva tres meses detenido - Cuballama Noticias\" \/>\n<meta property=\"og:description\" content=\"A casi tres meses de su arresto en Col\u00f3n, Matanzas, su caso contin\u00faa en un limbo legal que acrecienta la incertidumbre familiar\" \/>\n<meta property=\"og:url\" content=\"https:\/\/www.cuballama.com\/noticias\/joven-de-miami-visita-a-su-familia-en-cuba-y-el-mismo-dia-un-policia-lo-agrede-lleva-tres-meses-detenido\/\" \/>\n<meta property=\"og:site_name\" content=\"Cuballama Noticias\" \/>\n<meta property=\"article:publisher\" content=\"https:\/\/www.facebook.com\/CubaLlama\" \/>\n<meta property=\"article:published_time\" content=\"2025-09-28T12:54:25+00:00\" \/>\n<meta property=\"article:modified_time\" content=\"2025-09-28T12:54:27+00:00\" \/>\n<meta property=\"og:image\" content=\"https:\/\/cdn1.mediawpaccore.net\/wp-content\/uploads\/2025\/09\/28084952\/Captura-de-pantalla-2025-09-28-a-las-14.49.32.png\" \/>\n\t<meta property=\"og:image:width\" content=\"1236\" \/>\n\t<meta property=\"og:image:height\" content=\"854\" \/>\n\t<meta property=\"og:image:type\" content=\"image\/png\" \/>\n<meta name=\"author\" content=\"Rafa\" \/>\n<meta name=\"twitter:card\" content=\"summary_large_image\" \/>\n<meta name=\"twitter:creator\" content=\"@cuballama\" \/>\n<meta name=\"twitter:site\" content=\"@cuballama\" \/>\n<meta name=\"twitter:label1\" content=\"Escrito por\" \/>\n\t<meta name=\"twitter:data1\" content=\"Rafa\" \/>\n\t<meta name=\"twitter:label2\" content=\"Tiempo de lectura\" \/>\n\t<meta name=\"twitter:data2\" content=\"3 minutos\" \/>\n<script type=\"application\/ld+json\" class=\"yoast-schema-graph\">{\"@context\":\"https:\\\/\\\/schema.org\",\"@graph\":[{\"@type\":\"Article\",\"@id\":\"https:\\\/\\\/www.cuballama.com\\\/noticias\\\/joven-de-miami-visita-a-su-familia-en-cuba-y-el-mismo-dia-un-policia-lo-agrede-lleva-tres-meses-detenido\\\/#article\",\"isPartOf\":{\"@id\":\"https:\\\/\\\/www.cuballama.com\\\/noticias\\\/joven-de-miami-visita-a-su-familia-en-cuba-y-el-mismo-dia-un-policia-lo-agrede-lleva-tres-meses-detenido\\\/\"},\"author\":{\"name\":\"Rafa\",\"@id\":\"https:\\\/\\\/www.cuballama.com\\\/noticias\\\/#\\\/schema\\\/person\\\/0f97914526a658755f00e59ec2a832f2\"},\"headline\":\"Joven de Miami visita a su familia en Cuba y el mismo d\u00eda un polic\u00eda lo agrede: lleva tres meses detenido\",\"datePublished\":\"2025-09-28T12:54:25+00:00\",\"dateModified\":\"2025-09-28T12:54:27+00:00\",\"mainEntityOfPage\":{\"@id\":\"https:\\\/\\\/www.cuballama.com\\\/noticias\\\/joven-de-miami-visita-a-su-familia-en-cuba-y-el-mismo-dia-un-policia-lo-agrede-lleva-tres-meses-detenido\\\/\"},\"wordCount\":402,\"commentCount\":0,\"publisher\":{\"@id\":\"https:\\\/\\\/www.cuballama.com\\\/noticias\\\/#organization\"},\"image\":{\"@id\":\"https:\\\/\\\/www.cuballama.com\\\/noticias\\\/joven-de-miami-visita-a-su-familia-en-cuba-y-el-mismo-dia-un-policia-lo-agrede-lleva-tres-meses-detenido\\\/#primaryimage\"},\"thumbnailUrl\":\"https:\\\/\\\/cdn1.mediawpaccore.net\\\/wp-content\\\/uploads\\\/2025\\\/09\\\/28084952\\\/Captura-de-pantalla-2025-09-28-a-las-14.49.32.png\",\"keywords\":[\"Abuso policial en Cuba\",\"Crisis en Cuba\",\"PNR\",\"polic\u00edas cubanos\"],\"articleSection\":[\"Noticias de Cuba\"],\"inLanguage\":\"es\",\"potentialAction\":[{\"@type\":\"CommentAction\",\"name\":\"Comment\",\"target\":[\"https:\\\/\\\/www.cuballama.com\\\/noticias\\\/joven-de-miami-visita-a-su-familia-en-cuba-y-el-mismo-dia-un-policia-lo-agrede-lleva-tres-meses-detenido\\\/#respond\"]}]},{\"@type\":\"WebPage\",\"@id\":\"https:\\\/\\\/www.cuballama.com\\\/noticias\\\/joven-de-miami-visita-a-su-familia-en-cuba-y-el-mismo-dia-un-policia-lo-agrede-lleva-tres-meses-detenido\\\/\",\"url\":\"https:\\\/\\\/www.cuballama.com\\\/noticias\\\/joven-de-miami-visita-a-su-familia-en-cuba-y-el-mismo-dia-un-policia-lo-agrede-lleva-tres-meses-detenido\\\/\",\"name\":\"Joven de Miami visita a su familia en Cuba y el mismo d\u00eda un polic\u00eda lo agrede: lleva tres meses detenido - Cuballama Noticias\",\"isPartOf\":{\"@id\":\"https:\\\/\\\/www.cuballama.com\\\/noticias\\\/#website\"},\"primaryImageOfPage\":{\"@id\":\"https:\\\/\\\/www.cuballama.com\\\/noticias\\\/joven-de-miami-visita-a-su-familia-en-cuba-y-el-mismo-dia-un-policia-lo-agrede-lleva-tres-meses-detenido\\\/#primaryimage\"},\"image\":{\"@id\":\"https:\\\/\\\/www.cuballama.com\\\/noticias\\\/joven-de-miami-visita-a-su-familia-en-cuba-y-el-mismo-dia-un-policia-lo-agrede-lleva-tres-meses-detenido\\\/#primaryimage\"},\"thumbnailUrl\":\"https:\\\/\\\/cdn1.mediawpaccore.net\\\/wp-content\\\/uploads\\\/2025\\\/09\\\/28084952\\\/Captura-de-pantalla-2025-09-28-a-las-14.49.32.png\",\"datePublished\":\"2025-09-28T12:54:25+00:00\",\"dateModified\":\"2025-09-28T12:54:27+00:00\",\"description\":\"A casi tres meses de su arresto en Col\u00f3n, Matanzas, su caso contin\u00faa en un limbo legal que acrecienta la incertidumbre familiar\",\"breadcrumb\":{\"@id\":\"https:\\\/\\\/www.cuballama.com\\\/noticias\\\/joven-de-miami-visita-a-su-familia-en-cuba-y-el-mismo-dia-un-policia-lo-agrede-lleva-tres-meses-detenido\\\/#breadcrumb\"},\"inLanguage\":\"es\",\"potentialAction\":[{\"@type\":\"ReadAction\",\"target\":[\"https:\\\/\\\/www.cuballama.com\\\/noticias\\\/joven-de-miami-visita-a-su-familia-en-cuba-y-el-mismo-dia-un-policia-lo-agrede-lleva-tres-meses-detenido\\\/\"]}]},{\"@type\":\"ImageObject\",\"inLanguage\":\"es\",\"@id\":\"https:\\\/\\\/www.cuballama.com\\\/noticias\\\/joven-de-miami-visita-a-su-familia-en-cuba-y-el-mismo-dia-un-policia-lo-agrede-lleva-tres-meses-detenido\\\/#primaryimage\",\"url\":\"https:\\\/\\\/cdn1.mediawpaccore.net\\\/wp-content\\\/uploads\\\/2025\\\/09\\\/28084952\\\/Captura-de-pantalla-2025-09-28-a-las-14.49.32.png\",\"contentUrl\":\"https:\\\/\\\/cdn1.mediawpaccore.net\\\/wp-content\\\/uploads\\\/2025\\\/09\\\/28084952\\\/Captura-de-pantalla-2025-09-28-a-las-14.49.32.png\",\"width\":1236,\"height\":854,\"caption\":\"Foto: Nio reportando un crimen\\\/Facebook\"},{\"@type\":\"BreadcrumbList\",\"@id\":\"https:\\\/\\\/www.cuballama.com\\\/noticias\\\/joven-de-miami-visita-a-su-familia-en-cuba-y-el-mismo-dia-un-policia-lo-agrede-lleva-tres-meses-detenido\\\/#breadcrumb\",\"itemListElement\":[{\"@type\":\"ListItem\",\"position\":1,\"name\":\"Home\",\"item\":\"https:\\\/\\\/www.cuballama.com\\\/noticias\\\/\"},{\"@type\":\"ListItem\",\"position\":2,\"name\":\"Joven de Miami visita a su familia en Cuba y el mismo d\u00eda un polic\u00eda lo agrede: lleva tres meses detenido\"}]},{\"@type\":\"WebSite\",\"@id\":\"https:\\\/\\\/www.cuballama.com\\\/noticias\\\/#website\",\"url\":\"https:\\\/\\\/www.cuballama.com\\\/noticias\\\/\",\"name\":\"Cuballama Noticias\",\"description\":\"Medio digital sobre Cuba y el mundo\",\"publisher\":{\"@id\":\"https:\\\/\\\/www.cuballama.com\\\/noticias\\\/#organization\"},\"potentialAction\":[{\"@type\":\"SearchAction\",\"target\":{\"@type\":\"EntryPoint\",\"urlTemplate\":\"https:\\\/\\\/www.cuballama.com\\\/noticias\\\/?s={search_term_string}\"},\"query-input\":{\"@type\":\"PropertyValueSpecification\",\"valueRequired\":true,\"valueName\":\"search_term_string\"}}],\"inLanguage\":\"es\"},{\"@type\":\"Organization\",\"@id\":\"https:\\\/\\\/www.cuballama.com\\\/noticias\\\/#organization\",\"name\":\"Cuballama\",\"url\":\"https:\\\/\\\/www.cuballama.com\\\/noticias\\\/\",\"logo\":{\"@type\":\"ImageObject\",\"inLanguage\":\"es\",\"@id\":\"https:\\\/\\\/www.cuballama.com\\\/noticias\\\/#\\\/schema\\\/logo\\\/image\\\/\",\"url\":\"https:\\\/\\\/cdn1.mediawpaccore.net\\\/wp-content\\\/uploads\\\/2021\\\/12\\\/28171206\\\/cbll-logo-color-sm.png\",\"contentUrl\":\"https:\\\/\\\/cdn1.mediawpaccore.net\\\/wp-content\\\/uploads\\\/2021\\\/12\\\/28171206\\\/cbll-logo-color-sm.png\",\"width\":600,\"height\":133,\"caption\":\"Cuballama\"},\"image\":{\"@id\":\"https:\\\/\\\/www.cuballama.com\\\/noticias\\\/#\\\/schema\\\/logo\\\/image\\\/\"},\"sameAs\":[\"https:\\\/\\\/www.facebook.com\\\/CubaLlama\",\"https:\\\/\\\/x.com\\\/cuballama\",\"https:\\\/\\\/www.instagram.com\\\/stories\\\/cuballama_oficial\\\/\",\"https:\\\/\\\/www.youtube.com\\\/channel\\\/UCKkFE-d_axENGZcrc4as0IA\"]},{\"@type\":\"Person\",\"@id\":\"https:\\\/\\\/www.cuballama.com\\\/noticias\\\/#\\\/schema\\\/person\\\/0f97914526a658755f00e59ec2a832f2\",\"name\":\"Rafa\",\"url\":\"https:\\\/\\\/www.cuballama.com\\\/noticias\\\/author\\\/rafa\\\/\"}]}<\/script>\n<!-- \/ Yoast SEO plugin. -->","yoast_head_json":{"title":"Joven de Miami visita a su familia en Cuba y el mismo d\u00eda un polic\u00eda lo agrede: lleva tres meses detenido - Cuballama Noticias","description":"A casi tres meses de su arresto en Col\u00f3n, Matanzas, su caso contin\u00faa en un limbo legal que acrecienta la incertidumbre familiar","robots":{"index":"index","follow":"follow","max-snippet":"max-snippet:-1","max-image-preview":"max-image-preview:large","max-video-preview":"max-video-preview:-1"},"canonical":"https:\/\/www.cuballama.com\/noticias\/joven-de-miami-visita-a-su-familia-en-cuba-y-el-mismo-dia-un-policia-lo-agrede-lleva-tres-meses-detenido\/","og_locale":"es_ES","og_type":"article","og_title":"Joven de Miami visita a su familia en Cuba y el mismo d\u00eda un polic\u00eda lo agrede: lleva tres meses detenido - Cuballama Noticias","og_description":"A casi tres meses de su arresto en Col\u00f3n, Matanzas, su caso contin\u00faa en un limbo legal que acrecienta la incertidumbre familiar","og_url":"https:\/\/www.cuballama.com\/noticias\/joven-de-miami-visita-a-su-familia-en-cuba-y-el-mismo-dia-un-policia-lo-agrede-lleva-tres-meses-detenido\/","og_site_name":"Cuballama Noticias","article_publisher":"https:\/\/www.facebook.com\/CubaLlama","article_published_time":"2025-09-28T12:54:25+00:00","article_modified_time":"2025-09-28T12:54:27+00:00","og_image":[{"width":1236,"height":854,"url":"https:\/\/cdn1.mediawpaccore.net\/wp-content\/uploads\/2025\/09\/28084952\/Captura-de-pantalla-2025-09-28-a-las-14.49.32.png","type":"image\/png"}],"author":"Rafa","twitter_card":"summary_large_image","twitter_creator":"@cuballama","twitter_site":"@cuballama","twitter_misc":{"Escrito por":"Rafa","Tiempo de lectura":"3 minutos"},"schema":{"@context":"https:\/\/schema.org","@graph":[{"@type":"Article","@id":"https:\/\/www.cuballama.com\/noticias\/joven-de-miami-visita-a-su-familia-en-cuba-y-el-mismo-dia-un-policia-lo-agrede-lleva-tres-meses-detenido\/#article","isPartOf":{"@id":"https:\/\/www.cuballama.com\/noticias\/joven-de-miami-visita-a-su-familia-en-cuba-y-el-mismo-dia-un-policia-lo-agrede-lleva-tres-meses-detenido\/"},"author":{"name":"Rafa","@id":"https:\/\/www.cuballama.com\/noticias\/#\/schema\/person\/0f97914526a658755f00e59ec2a832f2"},"headline":"Joven de Miami visita a su familia en Cuba y el mismo d\u00eda un polic\u00eda lo agrede: lleva tres meses detenido","datePublished":"2025-09-28T12:54:25+00:00","dateModified":"2025-09-28T12:54:27+00:00","mainEntityOfPage":{"@id":"https:\/\/www.cuballama.com\/noticias\/joven-de-miami-visita-a-su-familia-en-cuba-y-el-mismo-dia-un-policia-lo-agrede-lleva-tres-meses-detenido\/"},"wordCount":402,"commentCount":0,"publisher":{"@id":"https:\/\/www.cuballama.com\/noticias\/#organization"},"image":{"@id":"https:\/\/www.cuballama.com\/noticias\/joven-de-miami-visita-a-su-familia-en-cuba-y-el-mismo-dia-un-policia-lo-agrede-lleva-tres-meses-detenido\/#primaryimage"},"thumbnailUrl":"https:\/\/cdn1.mediawpaccore.net\/wp-content\/uploads\/2025\/09\/28084952\/Captura-de-pantalla-2025-09-28-a-las-14.49.32.png","keywords":["Abuso policial en Cuba","Crisis en Cuba","PNR","polic\u00edas cubanos"],"articleSection":["Noticias de Cuba"],"inLanguage":"es","potentialAction":[{"@type":"CommentAction","name":"Comment","target":["https:\/\/www.cuballama.com\/noticias\/joven-de-miami-visita-a-su-familia-en-cuba-y-el-mismo-dia-un-policia-lo-agrede-lleva-tres-meses-detenido\/#respond"]}]},{"@type":"WebPage","@id":"https:\/\/www.cuballama.com\/noticias\/joven-de-miami-visita-a-su-familia-en-cuba-y-el-mismo-dia-un-policia-lo-agrede-lleva-tres-meses-detenido\/","url":"https:\/\/www.cuballama.com\/noticias\/joven-de-miami-visita-a-su-familia-en-cuba-y-el-mismo-dia-un-policia-lo-agrede-lleva-tres-meses-detenido\/","name":"Joven de Miami visita a su familia en Cuba y el mismo d\u00eda un polic\u00eda lo agrede: lleva tres meses detenido - Cuballama Noticias","isPartOf":{"@id":"https:\/\/www.cuballama.com\/noticias\/#website"},"primaryImageOfPage":{"@id":"https:\/\/www.cuballama.com\/noticias\/joven-de-miami-visita-a-su-familia-en-cuba-y-el-mismo-dia-un-policia-lo-agrede-lleva-tres-meses-detenido\/#primaryimage"},"image":{"@id":"https:\/\/www.cuballama.com\/noticias\/joven-de-miami-visita-a-su-familia-en-cuba-y-el-mismo-dia-un-policia-lo-agrede-lleva-tres-meses-detenido\/#primaryimage"},"thumbnailUrl":"https:\/\/cdn1.mediawpaccore.net\/wp-content\/uploads\/2025\/09\/28084952\/Captura-de-pantalla-2025-09-28-a-las-14.49.32.png","datePublished":"2025-09-28T12:54:25+00:00","dateModified":"2025-09-28T12:54:27+00:00","description":"A casi tres meses de su arresto en Col\u00f3n, Matanzas, su caso contin\u00faa en un limbo legal que acrecienta la incertidumbre familiar","breadcrumb":{"@id":"https:\/\/www.cuballama.com\/noticias\/joven-de-miami-visita-a-su-familia-en-cuba-y-el-mismo-dia-un-policia-lo-agrede-lleva-tres-meses-detenido\/#breadcrumb"},"inLanguage":"es","potentialAction":[{"@type":"ReadAction","target":["https:\/\/www.cuballama.com\/noticias\/joven-de-miami-visita-a-su-familia-en-cuba-y-el-mismo-dia-un-policia-lo-agrede-lleva-tres-meses-detenido\/"]}]},{"@type":"ImageObject","inLanguage":"es","@id":"https:\/\/www.cuballama.com\/noticias\/joven-de-miami-visita-a-su-familia-en-cuba-y-el-mismo-dia-un-policia-lo-agrede-lleva-tres-meses-detenido\/#primaryimage","url":"https:\/\/cdn1.mediawpaccore.net\/wp-content\/uploads\/2025\/09\/28084952\/Captura-de-pantalla-2025-09-28-a-las-14.49.32.png","contentUrl":"https:\/\/cdn1.mediawpaccore.net\/wp-content\/uploads\/2025\/09\/28084952\/Captura-de-pantalla-2025-09-28-a-las-14.49.32.png","width":1236,"height":854,"caption":"Foto: Nio reportando un crimen\/Facebook"},{"@type":"BreadcrumbList","@id":"https:\/\/www.cuballama.com\/noticias\/joven-de-miami-visita-a-su-familia-en-cuba-y-el-mismo-dia-un-policia-lo-agrede-lleva-tres-meses-detenido\/#breadcrumb","itemListElement":[{"@type":"ListItem","position":1,"name":"Home","item":"https:\/\/www.cuballama.com\/noticias\/"},{"@type":"ListItem","position":2,"name":"Joven de Miami visita a su familia en Cuba y el mismo d\u00eda un polic\u00eda lo agrede: lleva tres meses detenido"}]},{"@type":"WebSite","@id":"https:\/\/www.cuballama.com\/noticias\/#website","url":"https:\/\/www.cuballama.com\/noticias\/","name":"Cuballama Noticias","description":"Medio digital sobre Cuba y el mundo","publisher":{"@id":"https:\/\/www.cuballama.com\/noticias\/#organization"},"potentialAction":[{"@type":"SearchAction","target":{"@type":"EntryPoint","urlTemplate":"https:\/\/www.cuballama.com\/noticias\/?s={search_term_string}"},"query-input":{"@type":"PropertyValueSpecification","valueRequired":true,"valueName":"search_term_string"}}],"inLanguage":"es"},{"@type":"Organization","@id":"https:\/\/www.cuballama.com\/noticias\/#organization","name":"Cuballama","url":"https:\/\/www.cuballama.com\/noticias\/","logo":{"@type":"ImageObject","inLanguage":"es","@id":"https:\/\/www.cuballama.com\/noticias\/#\/schema\/logo\/image\/","url":"https:\/\/cdn1.mediawpaccore.net\/wp-content\/uploads\/2021\/12\/28171206\/cbll-logo-color-sm.png","contentUrl":"https:\/\/cdn1.mediawpaccore.net\/wp-content\/uploads\/2021\/12\/28171206\/cbll-logo-color-sm.png","width":600,"height":133,"caption":"Cuballama"},"image":{"@id":"https:\/\/www.cuballama.com\/noticias\/#\/schema\/logo\/image\/"},"sameAs":["https:\/\/www.facebook.com\/CubaLlama","https:\/\/x.com\/cuballama","https:\/\/www.instagram.com\/stories\/cuballama_oficial\/","https:\/\/www.youtube.com\/channel\/UCKkFE-d_axENGZcrc4as0IA"]},{"@type":"Person","@id":"https:\/\/www.cuballama.com\/noticias\/#\/schema\/person\/0f97914526a658755f00e59ec2a832f2","name":"Rafa","url":"https:\/\/www.cuballama.com\/noticias\/author\/rafa\/"}]}},"_links":{"self":[{"href":"https:\/\/www.cuballama.com\/noticias\/wp-json\/wp\/v2\/posts\/221063","targetHints":{"allow":["GET"]}}],"collection":[{"href":"https:\/\/www.cuballama.com\/noticias\/wp-json\/wp\/v2\/posts"}],"about":[{"href":"https:\/\/www.cuballama.com\/noticias\/wp-json\/wp\/v2\/types\/post"}],"author":[{"embeddable":true,"href":"https:\/\/www.cuballama.com\/noticias\/wp-json\/wp\/v2\/users\/27"}],"replies":[{"embeddable":true,"href":"https:\/\/www.cuballama.com\/noticias\/wp-json\/wp\/v2\/comments?post=221063"}],"version-history":[{"count":1,"href":"https:\/\/www.cuballama.com\/noticias\/wp-json\/wp\/v2\/posts\/221063\/revisions"}],"predecessor-version":[{"id":221068,"href":"https:\/\/www.cuballama.com\/noticias\/wp-json\/wp\/v2\/posts\/221063\/revisions\/221068"}],"wp:featuredmedia":[{"embeddable":true,"href":"https:\/\/www.cuballama.com\/noticias\/wp-json\/wp\/v2\/media\/221067"}],"wp:attachment":[{"href":"https:\/\/www.cuballama.com\/noticias\/wp-json\/wp\/v2\/media?parent=221063"}],"wp:term":[{"taxonomy":"category","embeddable":true,"href":"https:\/\/www.cuballama.com\/noticias\/wp-json\/wp\/v2\/categories?post=221063"},{"taxonomy":"post_tag","embeddable":true,"href":"https:\/\/www.cuballama.com\/noticias\/wp-json\/wp\/v2\/tags?post=221063"}],"curies":[{"name":"wp","href":"https:\/\/api.w.org\/{rel}","templated":true}]}}