{"id":220996,"date":"2025-09-27T12:16:54","date_gmt":"2025-09-27T16:16:54","guid":{"rendered":"https:\/\/www.cuballama.com\/noticias\/?p=220996"},"modified":"2025-09-27T13:08:08","modified_gmt":"2025-09-27T17:08:08","slug":"lluvias-asociadas-a-muy-probable-tormenta-tropical-ya-afectan-al-oriente-de-cuba","status":"publish","type":"post","link":"https:\/\/www.cuballama.com\/noticias\/lluvias-asociadas-a-muy-probable-tormenta-tropical-ya-afectan-al-oriente-de-cuba\/","title":{"rendered":"Lluvias asociadas a probable tormenta tropical ya afectan al oriente de Cuba"},"content":{"rendered":"\n<p>Desde la noche del viernes lluvias fuertes afectan al oriente de Cuba, una regi\u00f3n en la que influye cada vez m\u00e1s un fen\u00f3meno meteorol\u00f3gico que deber\u00e1 convertirse en tormenta tropical este mismo s\u00e1bado.<\/p>\n\n\n\n<p>Seg\u00fan precis\u00f3 esta ma\u00f1ana a trav\u00e9s de Facebook el meteor\u00f3logo cubano Raydel Ruis\u00e1nchez, a las 11 de la ma\u00f1ana la Depresi\u00f3n Tropical Nueve de esta temporada se localiz\u00f3 a 180 millas (290 kil\u00f3metros) al noroeste del extremo oriental de la isla.<\/p>\n\n\n\n<p>El especialista Ricardo Barrio Hern\u00e1ndez ampli\u00f3 que a la misma hora el fen\u00f3meno ten\u00eda vientos m\u00e1ximos sostenidos de 35 mph (55 km\/h), presi\u00f3n m\u00ednima central de 1005 mb y un movimiento al noroeste m\u00e1s lento, a 6 mph (9 km\/h).&nbsp;<\/p>\n\n\n\n<iframe loading=\"lazy\" src=\"https:\/\/www.facebook.com\/plugins\/post.php?href=https%3A%2F%2Fwww.facebook.com%2Fraydel.ruisanchez.9%2Fposts%2Fpfbid0u6cGBb5ojFm8gvGzY7hxGH3zspf6jYsr1sZo7yvfWFproNNQT36uMvVXC4hQKA2Nl&#038;show_text=true&#038;width=500\" width=\"500\" height=\"775\" style=\"border:none;overflow:hidden\" scrolling=\"no\" frameborder=\"0\" allowfullscreen=\"true\" allow=\"autoplay; clipboard-write; encrypted-media; picture-in-picture; web-share\"><\/iframe>\n\n\n\n<p>\u201cSe prev\u00e9 que durante el transcurso del d\u00eda de hoy, esta depresi\u00f3n se convierta en una tormenta tropical, que llevar\u00e1 el nombre de Imelda\u201d, apunt\u00f3 Ruis\u00e1nchez.<\/p>\n\n\n\n<p>\u201cLo m\u00e1s relevante con respecto a este sistema para el territorio cubano son las lluvias que continuar\u00e1n en la regi\u00f3n oriental\u201d, record\u00f3.<\/p>\n\n\n\n<iframe loading=\"lazy\" src=\"https:\/\/www.facebook.com\/plugins\/video.php?height=394&#038;href=https%3A%2F%2Fwww.facebook.com%2Fvictor.alonso.1217%2Fvideos%2F643768148543853%2F&#038;show_text=true&#038;width=560&#038;t=0\" width=\"560\" height=\"509\" style=\"border:none;overflow:hidden\" scrolling=\"no\" frameborder=\"0\" allowfullscreen=\"true\" allow=\"autoplay; clipboard-write; encrypted-media; picture-in-picture; web-share\" allowFullScreen=\"true\"><\/iframe>\n\n\n\n<p>Se trata de un fen\u00f3meno que deber\u00e1 traer \u201cacumulados significativos\u201d para el fin de semana, lo que, seg\u00fan pronostican los expertos, podr\u00eda generar \u201cun alto riesgo de inundaciones s\u00fabitas\u201d e incluso \u201cdeslizamientos de tierra\u201d.<\/p>\n\n\n\n<p>Durante el viernes se registraron chubascos, lluvias y tormentas el\u00e9ctricas en la regi\u00f3n oriental, con episodios de precipitaci\u00f3n fuerte especialmente en las provincias de Santiago de Cuba, Guant\u00e1namo y Holgu\u00edn.<\/p>\n\n\n\n<iframe loading=\"lazy\" src=\"https:\/\/www.facebook.com\/plugins\/post.php?href=https%3A%2F%2Fwww.facebook.com%2Fmiguelreyeskuba%2Fposts%2Fpfbid0LhsFo6NtzAYytXEKNBnc8V1TVe7k94udA93WS4gqqh5xkC4S7gEyYcReZg6vza3Tl&#038;show_text=true&#038;width=500\" width=\"500\" height=\"250\" style=\"border:none;overflow:hidden\" scrolling=\"no\" frameborder=\"0\" allowfullscreen=\"true\" allow=\"autoplay; clipboard-write; encrypted-media; picture-in-picture; web-share\"><\/iframe>\n\n\n\n<h3 class=\"wp-block-heading\">Guant\u00e1namo con los mayores acumulados hasta ahora<\/h3>\n\n\n\n<p>Hasta las ocho de la ma\u00f1ana de este s\u00e1bado, los acumulados de lluvias m\u00e1s significativos estuvieron en Guant\u00e1namo: 286.0 mil\u00edmetros en Hatibonico; 215.9 mm en Gran Tierra; y 205.0 en Im\u00edas. Adem\u00e1s, hubo otros nueve reportes por encima de 100 mm.<\/p>\n\n\n\n<p>La cabecera municipal de Caimanera, tambi\u00e9n susceptible a inundaciones, es una de las que m\u00e1s preocupa al gobierno local, seg\u00fan precis\u00f3 el reportero oficialista Miguel Reyes en Facebook.<\/p>\n\n\n\n<iframe loading=\"lazy\" src=\"https:\/\/www.facebook.com\/plugins\/post.php?href=https%3A%2F%2Fwww.facebook.com%2Fraydel.ruisanchez.9%2Fposts%2Fpfbid02cAosJP7kFbrKvXpeu2UAmY7VQTcgs6t3VRBTpq4QSEbNd9C3t9n99D8RG9C7yAehl&#038;show_text=true&#038;width=500\" width=\"500\" height=\"737\" style=\"border:none;overflow:hidden\" scrolling=\"no\" frameborder=\"0\" allowfullscreen=\"true\" allow=\"autoplay; clipboard-write; encrypted-media; picture-in-picture; web-share\"><\/iframe>\n\n\n\n<p>De acuerdo con el pron\u00f3stico de acumulaci\u00f3n de lluvias para las pr\u00f3ximas 48 horas, se esperan totales entre 50 y 100 mm en la regi\u00f3n oriental, lo que en los territorios de Santiago de Cuba y Guant\u00e1namo podr\u00eda llegar a ser de entre 150 y 200 mm.\u00a0<\/p>\n\n\n\n<p>\u201cEn Guant\u00e1namo, se anticipan acumulaciones puntuales que podr\u00edan alcanzar entre 300 y 400 mm. Estas precipitaciones intensas conllevan un alto riesgo de inundaciones repentinas\u201d, recalc\u00f3 el propio Ruis\u00e1nchez.<\/p>\n\n\n\n<iframe loading=\"lazy\" src=\"https:\/\/www.facebook.com\/plugins\/post.php?href=https%3A%2F%2Fwww.facebook.com%2Fpermalink.php%3Fstory_fbid%3Dpfbid0VLhqLXbLVGJ2SJhGcuJsXV8DEp1wL3modHxhuLfZJRr9MBzfJ45MvTEhQvZQT7exl%26id%3D61560404371076&#038;show_text=true&#038;width=500\" width=\"500\" height=\"486\" style=\"border:none;overflow:hidden\" scrolling=\"no\" frameborder=\"0\" allowfullscreen=\"true\" allow=\"autoplay; clipboard-write; encrypted-media; picture-in-picture; web-share\"><\/iframe>\n\n\n\n<p>Las autoridades locales han recomendado a la poblaci\u00f3n resguardarse, mantenerse alertas, tomar precauciones, mantenerse informados a trav\u00e9s de los canales y medios oficiales de comunicaci\u00f3n y cumplir estrictamente las indicaciones de la Defensa Civil.<\/p>\n\n\n\n<p>Seg\u00fan inform\u00f3 el Centro Nacional de Huracanes de Estados Unidos, se emiti\u00f3 una Vigilancia de Tormenta Tropical para porciones de la costa este de Florida, desde la l\u00ednea del condado de Palm Beach\/Martin hacia el norte, hasta la l\u00ednea del condado de Flagler\/Volusia; y sigue vigente un Aviso de Tormenta Tropical para el Noroeste y Centro de Las Bahamas.<\/p>\n\n\n\n<p><\/p>\n","protected":false},"excerpt":{"rendered":"<p>En la ma\u00f1ana de este s\u00e1bado se form\u00f3 al noroeste de la isla la Depresi\u00f3n Tropical n\u00famero 9 de la actual temporada cicl\u00f3nica. <\/p>\n","protected":false},"author":30,"featured_media":220997,"comment_status":"open","ping_status":"closed","sticky":false,"template":"","format":"standard","meta":{"_acf_changed":false,"footnotes":""},"categories":[18,955],"tags":[16817,25209,11017],"class_list":{"0":"post-220996","1":"post","2":"type-post","3":"status-publish","4":"format-standard","5":"has-post-thumbnail","7":"category-noticias","8":"category-noticias-de-cuba","9":"tag-lluvias-en-oriente","10":"tag-lluvias-intensas","11":"tag-superdestacado"},"acf":[],"yoast_head":"<!-- This site is optimized with the Yoast SEO plugin v27.5 - https:\/\/yoast.com\/product\/yoast-seo-wordpress\/ -->\n<title>Lluvias asociadas a probable tormenta tropical ya afectan al oriente de Cuba - Cuballama Noticias<\/title>\n<meta name=\"description\" content=\"Lluvias fuertes afectan al oriente cubano, una regi\u00f3n a la que se acerca una depresi\u00f3n tropical que debe convertirse en tormenta este s\u00e1bado.\" \/>\n<meta name=\"robots\" content=\"index, follow, max-snippet:-1, max-image-preview:large, max-video-preview:-1\" \/>\n<link rel=\"canonical\" href=\"https:\/\/www.cuballama.com\/noticias\/lluvias-asociadas-a-muy-probable-tormenta-tropical-ya-afectan-al-oriente-de-cuba\/\" \/>\n<meta property=\"og:locale\" content=\"es_ES\" \/>\n<meta property=\"og:type\" content=\"article\" \/>\n<meta property=\"og:title\" content=\"Lluvias asociadas a probable tormenta tropical ya afectan al oriente de Cuba - Cuballama Noticias\" \/>\n<meta property=\"og:description\" content=\"Lluvias fuertes afectan al oriente cubano, una regi\u00f3n a la que se acerca una depresi\u00f3n tropical que debe convertirse en tormenta este s\u00e1bado.\" \/>\n<meta property=\"og:url\" content=\"https:\/\/www.cuballama.com\/noticias\/lluvias-asociadas-a-muy-probable-tormenta-tropical-ya-afectan-al-oriente-de-cuba\/\" \/>\n<meta property=\"og:site_name\" content=\"Cuballama Noticias\" \/>\n<meta property=\"article:publisher\" content=\"https:\/\/www.facebook.com\/CubaLlama\" \/>\n<meta property=\"article:published_time\" content=\"2025-09-27T16:16:54+00:00\" \/>\n<meta property=\"article:modified_time\" content=\"2025-09-27T17:08:08+00:00\" \/>\n<meta property=\"og:image\" content=\"https:\/\/cdn1.mediawpaccore.net\/wp-content\/uploads\/2025\/09\/27115515\/555594534_1131534305822582_7803980252875956463_n1.jpg\" \/>\n\t<meta property=\"og:image:width\" content=\"1200\" \/>\n\t<meta property=\"og:image:height\" content=\"630\" \/>\n\t<meta property=\"og:image:type\" content=\"image\/jpeg\" \/>\n<meta name=\"author\" content=\"Kathy\" \/>\n<meta name=\"twitter:card\" content=\"summary_large_image\" \/>\n<meta name=\"twitter:creator\" content=\"@cuballama\" \/>\n<meta name=\"twitter:site\" content=\"@cuballama\" \/>\n<meta name=\"twitter:label1\" content=\"Escrito por\" \/>\n\t<meta name=\"twitter:data1\" content=\"Kathy\" \/>\n\t<meta name=\"twitter:label2\" content=\"Tiempo de lectura\" \/>\n\t<meta name=\"twitter:data2\" content=\"3 minutos\" \/>\n<script type=\"application\/ld+json\" class=\"yoast-schema-graph\">{\"@context\":\"https:\\\/\\\/schema.org\",\"@graph\":[{\"@type\":\"Article\",\"@id\":\"https:\\\/\\\/www.cuballama.com\\\/noticias\\\/lluvias-asociadas-a-muy-probable-tormenta-tropical-ya-afectan-al-oriente-de-cuba\\\/#article\",\"isPartOf\":{\"@id\":\"https:\\\/\\\/www.cuballama.com\\\/noticias\\\/lluvias-asociadas-a-muy-probable-tormenta-tropical-ya-afectan-al-oriente-de-cuba\\\/\"},\"author\":{\"name\":\"Kathy\",\"@id\":\"https:\\\/\\\/www.cuballama.com\\\/noticias\\\/#\\\/schema\\\/person\\\/86cd3e3f4974437f031211213bf892d5\"},\"headline\":\"Lluvias asociadas a probable tormenta tropical ya afectan al oriente de Cuba\",\"datePublished\":\"2025-09-27T16:16:54+00:00\",\"dateModified\":\"2025-09-27T17:08:08+00:00\",\"mainEntityOfPage\":{\"@id\":\"https:\\\/\\\/www.cuballama.com\\\/noticias\\\/lluvias-asociadas-a-muy-probable-tormenta-tropical-ya-afectan-al-oriente-de-cuba\\\/\"},\"wordCount\":529,\"commentCount\":0,\"publisher\":{\"@id\":\"https:\\\/\\\/www.cuballama.com\\\/noticias\\\/#organization\"},\"image\":{\"@id\":\"https:\\\/\\\/www.cuballama.com\\\/noticias\\\/lluvias-asociadas-a-muy-probable-tormenta-tropical-ya-afectan-al-oriente-de-cuba\\\/#primaryimage\"},\"thumbnailUrl\":\"https:\\\/\\\/cdn1.mediawpaccore.net\\\/wp-content\\\/uploads\\\/2025\\\/09\\\/27115515\\\/555594534_1131534305822582_7803980252875956463_n1.jpg\",\"keywords\":[\"lluvias en oriente\",\"lluvias intensas\",\"superdestacado\"],\"articleSection\":[\"Noticias\",\"Noticias de Cuba\"],\"inLanguage\":\"es\",\"potentialAction\":[{\"@type\":\"CommentAction\",\"name\":\"Comment\",\"target\":[\"https:\\\/\\\/www.cuballama.com\\\/noticias\\\/lluvias-asociadas-a-muy-probable-tormenta-tropical-ya-afectan-al-oriente-de-cuba\\\/#respond\"]}]},{\"@type\":\"WebPage\",\"@id\":\"https:\\\/\\\/www.cuballama.com\\\/noticias\\\/lluvias-asociadas-a-muy-probable-tormenta-tropical-ya-afectan-al-oriente-de-cuba\\\/\",\"url\":\"https:\\\/\\\/www.cuballama.com\\\/noticias\\\/lluvias-asociadas-a-muy-probable-tormenta-tropical-ya-afectan-al-oriente-de-cuba\\\/\",\"name\":\"Lluvias asociadas a probable tormenta tropical ya afectan al oriente de Cuba - Cuballama Noticias\",\"isPartOf\":{\"@id\":\"https:\\\/\\\/www.cuballama.com\\\/noticias\\\/#website\"},\"primaryImageOfPage\":{\"@id\":\"https:\\\/\\\/www.cuballama.com\\\/noticias\\\/lluvias-asociadas-a-muy-probable-tormenta-tropical-ya-afectan-al-oriente-de-cuba\\\/#primaryimage\"},\"image\":{\"@id\":\"https:\\\/\\\/www.cuballama.com\\\/noticias\\\/lluvias-asociadas-a-muy-probable-tormenta-tropical-ya-afectan-al-oriente-de-cuba\\\/#primaryimage\"},\"thumbnailUrl\":\"https:\\\/\\\/cdn1.mediawpaccore.net\\\/wp-content\\\/uploads\\\/2025\\\/09\\\/27115515\\\/555594534_1131534305822582_7803980252875956463_n1.jpg\",\"datePublished\":\"2025-09-27T16:16:54+00:00\",\"dateModified\":\"2025-09-27T17:08:08+00:00\",\"description\":\"Lluvias fuertes afectan al oriente cubano, una regi\u00f3n a la que se acerca una depresi\u00f3n tropical que debe convertirse en tormenta este s\u00e1bado.\",\"breadcrumb\":{\"@id\":\"https:\\\/\\\/www.cuballama.com\\\/noticias\\\/lluvias-asociadas-a-muy-probable-tormenta-tropical-ya-afectan-al-oriente-de-cuba\\\/#breadcrumb\"},\"inLanguage\":\"es\",\"potentialAction\":[{\"@type\":\"ReadAction\",\"target\":[\"https:\\\/\\\/www.cuballama.com\\\/noticias\\\/lluvias-asociadas-a-muy-probable-tormenta-tropical-ya-afectan-al-oriente-de-cuba\\\/\"]}]},{\"@type\":\"ImageObject\",\"inLanguage\":\"es\",\"@id\":\"https:\\\/\\\/www.cuballama.com\\\/noticias\\\/lluvias-asociadas-a-muy-probable-tormenta-tropical-ya-afectan-al-oriente-de-cuba\\\/#primaryimage\",\"url\":\"https:\\\/\\\/cdn1.mediawpaccore.net\\\/wp-content\\\/uploads\\\/2025\\\/09\\\/27115515\\\/555594534_1131534305822582_7803980252875956463_n1.jpg\",\"contentUrl\":\"https:\\\/\\\/cdn1.mediawpaccore.net\\\/wp-content\\\/uploads\\\/2025\\\/09\\\/27115515\\\/555594534_1131534305822582_7803980252875956463_n1.jpg\",\"width\":1200,\"height\":630,\"caption\":\"Lluvias en Caimanera este viernes. Foto: Facebook\\\/Miguel Noticias.\"},{\"@type\":\"BreadcrumbList\",\"@id\":\"https:\\\/\\\/www.cuballama.com\\\/noticias\\\/lluvias-asociadas-a-muy-probable-tormenta-tropical-ya-afectan-al-oriente-de-cuba\\\/#breadcrumb\",\"itemListElement\":[{\"@type\":\"ListItem\",\"position\":1,\"name\":\"Home\",\"item\":\"https:\\\/\\\/www.cuballama.com\\\/noticias\\\/\"},{\"@type\":\"ListItem\",\"position\":2,\"name\":\"Lluvias asociadas a probable tormenta tropical ya afectan al oriente de Cuba\"}]},{\"@type\":\"WebSite\",\"@id\":\"https:\\\/\\\/www.cuballama.com\\\/noticias\\\/#website\",\"url\":\"https:\\\/\\\/www.cuballama.com\\\/noticias\\\/\",\"name\":\"Cuballama Noticias\",\"description\":\"Medio digital sobre Cuba y el mundo\",\"publisher\":{\"@id\":\"https:\\\/\\\/www.cuballama.com\\\/noticias\\\/#organization\"},\"potentialAction\":[{\"@type\":\"SearchAction\",\"target\":{\"@type\":\"EntryPoint\",\"urlTemplate\":\"https:\\\/\\\/www.cuballama.com\\\/noticias\\\/?s={search_term_string}\"},\"query-input\":{\"@type\":\"PropertyValueSpecification\",\"valueRequired\":true,\"valueName\":\"search_term_string\"}}],\"inLanguage\":\"es\"},{\"@type\":\"Organization\",\"@id\":\"https:\\\/\\\/www.cuballama.com\\\/noticias\\\/#organization\",\"name\":\"Cuballama\",\"url\":\"https:\\\/\\\/www.cuballama.com\\\/noticias\\\/\",\"logo\":{\"@type\":\"ImageObject\",\"inLanguage\":\"es\",\"@id\":\"https:\\\/\\\/www.cuballama.com\\\/noticias\\\/#\\\/schema\\\/logo\\\/image\\\/\",\"url\":\"https:\\\/\\\/cdn1.mediawpaccore.net\\\/wp-content\\\/uploads\\\/2021\\\/12\\\/28171206\\\/cbll-logo-color-sm.png\",\"contentUrl\":\"https:\\\/\\\/cdn1.mediawpaccore.net\\\/wp-content\\\/uploads\\\/2021\\\/12\\\/28171206\\\/cbll-logo-color-sm.png\",\"width\":600,\"height\":133,\"caption\":\"Cuballama\"},\"image\":{\"@id\":\"https:\\\/\\\/www.cuballama.com\\\/noticias\\\/#\\\/schema\\\/logo\\\/image\\\/\"},\"sameAs\":[\"https:\\\/\\\/www.facebook.com\\\/CubaLlama\",\"https:\\\/\\\/x.com\\\/cuballama\",\"https:\\\/\\\/www.instagram.com\\\/stories\\\/cuballama_oficial\\\/\",\"https:\\\/\\\/www.youtube.com\\\/channel\\\/UCKkFE-d_axENGZcrc4as0IA\"]},{\"@type\":\"Person\",\"@id\":\"https:\\\/\\\/www.cuballama.com\\\/noticias\\\/#\\\/schema\\\/person\\\/86cd3e3f4974437f031211213bf892d5\",\"name\":\"Kathy\",\"url\":\"https:\\\/\\\/www.cuballama.com\\\/noticias\\\/author\\\/kathy\\\/\"}]}<\/script>\n<!-- \/ Yoast SEO plugin. -->","yoast_head_json":{"title":"Lluvias asociadas a probable tormenta tropical ya afectan al oriente de Cuba - Cuballama Noticias","description":"Lluvias fuertes afectan al oriente cubano, una regi\u00f3n a la que se acerca una depresi\u00f3n tropical que debe convertirse en tormenta este s\u00e1bado.","robots":{"index":"index","follow":"follow","max-snippet":"max-snippet:-1","max-image-preview":"max-image-preview:large","max-video-preview":"max-video-preview:-1"},"canonical":"https:\/\/www.cuballama.com\/noticias\/lluvias-asociadas-a-muy-probable-tormenta-tropical-ya-afectan-al-oriente-de-cuba\/","og_locale":"es_ES","og_type":"article","og_title":"Lluvias asociadas a probable tormenta tropical ya afectan al oriente de Cuba - Cuballama Noticias","og_description":"Lluvias fuertes afectan al oriente cubano, una regi\u00f3n a la que se acerca una depresi\u00f3n tropical que debe convertirse en tormenta este s\u00e1bado.","og_url":"https:\/\/www.cuballama.com\/noticias\/lluvias-asociadas-a-muy-probable-tormenta-tropical-ya-afectan-al-oriente-de-cuba\/","og_site_name":"Cuballama Noticias","article_publisher":"https:\/\/www.facebook.com\/CubaLlama","article_published_time":"2025-09-27T16:16:54+00:00","article_modified_time":"2025-09-27T17:08:08+00:00","og_image":[{"width":1200,"height":630,"url":"https:\/\/cdn1.mediawpaccore.net\/wp-content\/uploads\/2025\/09\/27115515\/555594534_1131534305822582_7803980252875956463_n1.jpg","type":"image\/jpeg"}],"author":"Kathy","twitter_card":"summary_large_image","twitter_creator":"@cuballama","twitter_site":"@cuballama","twitter_misc":{"Escrito por":"Kathy","Tiempo de lectura":"3 minutos"},"schema":{"@context":"https:\/\/schema.org","@graph":[{"@type":"Article","@id":"https:\/\/www.cuballama.com\/noticias\/lluvias-asociadas-a-muy-probable-tormenta-tropical-ya-afectan-al-oriente-de-cuba\/#article","isPartOf":{"@id":"https:\/\/www.cuballama.com\/noticias\/lluvias-asociadas-a-muy-probable-tormenta-tropical-ya-afectan-al-oriente-de-cuba\/"},"author":{"name":"Kathy","@id":"https:\/\/www.cuballama.com\/noticias\/#\/schema\/person\/86cd3e3f4974437f031211213bf892d5"},"headline":"Lluvias asociadas a probable tormenta tropical ya afectan al oriente de Cuba","datePublished":"2025-09-27T16:16:54+00:00","dateModified":"2025-09-27T17:08:08+00:00","mainEntityOfPage":{"@id":"https:\/\/www.cuballama.com\/noticias\/lluvias-asociadas-a-muy-probable-tormenta-tropical-ya-afectan-al-oriente-de-cuba\/"},"wordCount":529,"commentCount":0,"publisher":{"@id":"https:\/\/www.cuballama.com\/noticias\/#organization"},"image":{"@id":"https:\/\/www.cuballama.com\/noticias\/lluvias-asociadas-a-muy-probable-tormenta-tropical-ya-afectan-al-oriente-de-cuba\/#primaryimage"},"thumbnailUrl":"https:\/\/cdn1.mediawpaccore.net\/wp-content\/uploads\/2025\/09\/27115515\/555594534_1131534305822582_7803980252875956463_n1.jpg","keywords":["lluvias en oriente","lluvias intensas","superdestacado"],"articleSection":["Noticias","Noticias de Cuba"],"inLanguage":"es","potentialAction":[{"@type":"CommentAction","name":"Comment","target":["https:\/\/www.cuballama.com\/noticias\/lluvias-asociadas-a-muy-probable-tormenta-tropical-ya-afectan-al-oriente-de-cuba\/#respond"]}]},{"@type":"WebPage","@id":"https:\/\/www.cuballama.com\/noticias\/lluvias-asociadas-a-muy-probable-tormenta-tropical-ya-afectan-al-oriente-de-cuba\/","url":"https:\/\/www.cuballama.com\/noticias\/lluvias-asociadas-a-muy-probable-tormenta-tropical-ya-afectan-al-oriente-de-cuba\/","name":"Lluvias asociadas a probable tormenta tropical ya afectan al oriente de Cuba - Cuballama Noticias","isPartOf":{"@id":"https:\/\/www.cuballama.com\/noticias\/#website"},"primaryImageOfPage":{"@id":"https:\/\/www.cuballama.com\/noticias\/lluvias-asociadas-a-muy-probable-tormenta-tropical-ya-afectan-al-oriente-de-cuba\/#primaryimage"},"image":{"@id":"https:\/\/www.cuballama.com\/noticias\/lluvias-asociadas-a-muy-probable-tormenta-tropical-ya-afectan-al-oriente-de-cuba\/#primaryimage"},"thumbnailUrl":"https:\/\/cdn1.mediawpaccore.net\/wp-content\/uploads\/2025\/09\/27115515\/555594534_1131534305822582_7803980252875956463_n1.jpg","datePublished":"2025-09-27T16:16:54+00:00","dateModified":"2025-09-27T17:08:08+00:00","description":"Lluvias fuertes afectan al oriente cubano, una regi\u00f3n a la que se acerca una depresi\u00f3n tropical que debe convertirse en tormenta este s\u00e1bado.","breadcrumb":{"@id":"https:\/\/www.cuballama.com\/noticias\/lluvias-asociadas-a-muy-probable-tormenta-tropical-ya-afectan-al-oriente-de-cuba\/#breadcrumb"},"inLanguage":"es","potentialAction":[{"@type":"ReadAction","target":["https:\/\/www.cuballama.com\/noticias\/lluvias-asociadas-a-muy-probable-tormenta-tropical-ya-afectan-al-oriente-de-cuba\/"]}]},{"@type":"ImageObject","inLanguage":"es","@id":"https:\/\/www.cuballama.com\/noticias\/lluvias-asociadas-a-muy-probable-tormenta-tropical-ya-afectan-al-oriente-de-cuba\/#primaryimage","url":"https:\/\/cdn1.mediawpaccore.net\/wp-content\/uploads\/2025\/09\/27115515\/555594534_1131534305822582_7803980252875956463_n1.jpg","contentUrl":"https:\/\/cdn1.mediawpaccore.net\/wp-content\/uploads\/2025\/09\/27115515\/555594534_1131534305822582_7803980252875956463_n1.jpg","width":1200,"height":630,"caption":"Lluvias en Caimanera este viernes. Foto: Facebook\/Miguel Noticias."},{"@type":"BreadcrumbList","@id":"https:\/\/www.cuballama.com\/noticias\/lluvias-asociadas-a-muy-probable-tormenta-tropical-ya-afectan-al-oriente-de-cuba\/#breadcrumb","itemListElement":[{"@type":"ListItem","position":1,"name":"Home","item":"https:\/\/www.cuballama.com\/noticias\/"},{"@type":"ListItem","position":2,"name":"Lluvias asociadas a probable tormenta tropical ya afectan al oriente de Cuba"}]},{"@type":"WebSite","@id":"https:\/\/www.cuballama.com\/noticias\/#website","url":"https:\/\/www.cuballama.com\/noticias\/","name":"Cuballama Noticias","description":"Medio digital sobre Cuba y el mundo","publisher":{"@id":"https:\/\/www.cuballama.com\/noticias\/#organization"},"potentialAction":[{"@type":"SearchAction","target":{"@type":"EntryPoint","urlTemplate":"https:\/\/www.cuballama.com\/noticias\/?s={search_term_string}"},"query-input":{"@type":"PropertyValueSpecification","valueRequired":true,"valueName":"search_term_string"}}],"inLanguage":"es"},{"@type":"Organization","@id":"https:\/\/www.cuballama.com\/noticias\/#organization","name":"Cuballama","url":"https:\/\/www.cuballama.com\/noticias\/","logo":{"@type":"ImageObject","inLanguage":"es","@id":"https:\/\/www.cuballama.com\/noticias\/#\/schema\/logo\/image\/","url":"https:\/\/cdn1.mediawpaccore.net\/wp-content\/uploads\/2021\/12\/28171206\/cbll-logo-color-sm.png","contentUrl":"https:\/\/cdn1.mediawpaccore.net\/wp-content\/uploads\/2021\/12\/28171206\/cbll-logo-color-sm.png","width":600,"height":133,"caption":"Cuballama"},"image":{"@id":"https:\/\/www.cuballama.com\/noticias\/#\/schema\/logo\/image\/"},"sameAs":["https:\/\/www.facebook.com\/CubaLlama","https:\/\/x.com\/cuballama","https:\/\/www.instagram.com\/stories\/cuballama_oficial\/","https:\/\/www.youtube.com\/channel\/UCKkFE-d_axENGZcrc4as0IA"]},{"@type":"Person","@id":"https:\/\/www.cuballama.com\/noticias\/#\/schema\/person\/86cd3e3f4974437f031211213bf892d5","name":"Kathy","url":"https:\/\/www.cuballama.com\/noticias\/author\/kathy\/"}]}},"_links":{"self":[{"href":"https:\/\/www.cuballama.com\/noticias\/wp-json\/wp\/v2\/posts\/220996","targetHints":{"allow":["GET"]}}],"collection":[{"href":"https:\/\/www.cuballama.com\/noticias\/wp-json\/wp\/v2\/posts"}],"about":[{"href":"https:\/\/www.cuballama.com\/noticias\/wp-json\/wp\/v2\/types\/post"}],"author":[{"embeddable":true,"href":"https:\/\/www.cuballama.com\/noticias\/wp-json\/wp\/v2\/users\/30"}],"replies":[{"embeddable":true,"href":"https:\/\/www.cuballama.com\/noticias\/wp-json\/wp\/v2\/comments?post=220996"}],"version-history":[{"count":17,"href":"https:\/\/www.cuballama.com\/noticias\/wp-json\/wp\/v2\/posts\/220996\/revisions"}],"predecessor-version":[{"id":221021,"href":"https:\/\/www.cuballama.com\/noticias\/wp-json\/wp\/v2\/posts\/220996\/revisions\/221021"}],"wp:featuredmedia":[{"embeddable":true,"href":"https:\/\/www.cuballama.com\/noticias\/wp-json\/wp\/v2\/media\/220997"}],"wp:attachment":[{"href":"https:\/\/www.cuballama.com\/noticias\/wp-json\/wp\/v2\/media?parent=220996"}],"wp:term":[{"taxonomy":"category","embeddable":true,"href":"https:\/\/www.cuballama.com\/noticias\/wp-json\/wp\/v2\/categories?post=220996"},{"taxonomy":"post_tag","embeddable":true,"href":"https:\/\/www.cuballama.com\/noticias\/wp-json\/wp\/v2\/tags?post=220996"}],"curies":[{"name":"wp","href":"https:\/\/api.w.org\/{rel}","templated":true}]}}