{"id":220890,"date":"2025-09-26T10:24:00","date_gmt":"2025-09-26T14:24:00","guid":{"rendered":"https:\/\/www.cuballama.com\/noticias\/?p=220890"},"modified":"2025-09-26T14:02:57","modified_gmt":"2025-09-26T18:02:57","slug":"trump-devuelve-a-136-migrantes-irregulares-a-cuba-en-nuevo-vuelo-de-deportacion","status":"publish","type":"post","link":"https:\/\/www.cuballama.com\/noticias\/trump-devuelve-a-136-migrantes-irregulares-a-cuba-en-nuevo-vuelo-de-deportacion\/","title":{"rendered":"Trump devuelve a 136 migrantes irregulares a Cuba en nuevo vuelo de deportaci\u00f3n"},"content":{"rendered":"\n<p>La administraci\u00f3n de Donald Trump deport\u00f3 este 25 de septiembre a 136 cubanos de Estados Unidos a La Habana por v\u00eda a\u00e9rea, \u201cen correspondencia con los acuerdos migratorios entre ambos pa\u00edses\u201d, seg\u00fan precis\u00f3 una nota del Ministerio del Interior de Cuba este viernes.<\/p>\n\n\n\n<p>Seg\u00fan las autoridades de la isla, el grupo estuvo formado por 125 hombres y 11 mujeres, de los cuales cuatro fueron entregados a las autoridades cubanas por presuntos delitos previos a su salida.<\/p>\n\n\n\n<p>El de este jueves es el noveno vuelo del Servicio de Inmigraci\u00f3n y Control de Aduanas de Estados Unidos (ICE, por sus siglas en ingl\u00e9s) del a\u00f1o, que incluy\u00f3 a <a href=\"https:\/\/www.cuballama.com\/noticias\/ee-uu-deporta-a-exjueza-cubana-melody-gonzalez-pedraza\/\" target=\"_blank\" rel=\"noreferrer noopener\">la exjueza Melody Gonz\u00e1lez Pedraza<\/a>, conocida por dictar condenas contra cuatro j\u00f3venes en Cuba.<\/p>\n\n\n\n<blockquote class=\"twitter-tweet\"><p lang=\"es\" dir=\"ltr\">Un total de 136 migrantes irregulares fueron devueltos a <a href=\"https:\/\/twitter.com\/hashtag\/Cuba?src=hash&amp;ref_src=twsrc%5Etfw\">#Cuba<\/a> este jueves desde EE.UU. por v\u00eda a\u00e9rea, en correspondencia con los acuerdos migratorios entre ambos pa\u00edses. Suman 37 devoluciones desde distintas naciones de la regi\u00f3n en el presente a\u00f1o con 1140 devueltos. <a href=\"https:\/\/t.co\/bGL0vKloJK\">pic.twitter.com\/bGL0vKloJK<\/a><\/p>&mdash; MININT_CUBA (@minint_cuba) <a href=\"https:\/\/twitter.com\/minint_cuba\/status\/1971569519677342171?ref_src=twsrc%5Etfw\">September 26, 2025<\/a><\/blockquote> <script async src=\"https:\/\/platform.twitter.com\/widgets.js\" charset=\"utf-8\"><\/script>\n\n\n\n<p>Con la de este jueves suman 37 devoluciones desde distintas naciones de la regi\u00f3n en el presente a\u00f1o, con un total de 1.140 cubanos devueltos, 999 de ellos desde Estados Unidos.<\/p>\n\n\n\n<p>Este vuelo fue el segundo m\u00e1s numeroso desde que se reanudaron las deportaciones en abril de 2023. Hay que recordar que el mayor grupo de cubanos devueltos por esta v\u00eda fue de 161, el pasado agosto.<\/p>\n\n\n\n<p>A tenor con lo que destac\u00f3 el medio <em>Caf\u00e9Fuerte<\/em>, con los datos acumulados de sus dos mandatos, Trump suma 4.384 deportaciones de cubanos, la cifra m\u00e1s alta en la historia, muy por encima de Biden (978), Obama (341) y George W. Bush (416).<\/p>\n\n\n\n<iframe loading=\"lazy\" src=\"https:\/\/www.facebook.com\/plugins\/post.php?href=https%3A%2F%2Fwww.facebook.com%2Fwilfredo.cancioisla%2Fposts%2Fpfbid02jehYK7Q8zCYYpwEXXJ8MwA1tpGfW5eLG3nLA7ZxCNCEFYj37vhyQ5HJoiy7RHPUrl&#038;show_text=true&#038;width=500\" width=\"500\" height=\"538\" style=\"border:none;overflow:hidden\" scrolling=\"no\" frameborder=\"0\" allowfullscreen=\"true\" allow=\"autoplay; clipboard-write; encrypted-media; picture-in-picture; web-share\"><\/iframe>\n\n\n\n<p>La Habana ha recalcado su compromiso con una migraci\u00f3n \u201cregular, segura y ordenada\u201d, al tiempo que alerta sobre los riesgos que implican las salidas ilegales del pa\u00eds, muchas de ellas impulsadas por la desesperaci\u00f3n econ\u00f3mica, la represi\u00f3n pol\u00edtica o la falta de futuro en la isla.<\/p>\n","protected":false},"excerpt":{"rendered":"<p>Ya suman casi mil deportados de Estados Unidos a la isla en lo que va de a\u00f1o.<\/p>\n","protected":false},"author":30,"featured_media":220895,"comment_status":"open","ping_status":"closed","sticky":false,"template":"","format":"standard","meta":{"_acf_changed":false,"footnotes":""},"categories":[18,955],"tags":[5404,941,20532],"class_list":{"0":"post-220890","1":"post","2":"type-post","3":"status-publish","4":"format-standard","5":"has-post-thumbnail","7":"category-noticias","8":"category-noticias-de-cuba","9":"tag-administracion-trump","10":"tag-destacado","11":"tag-vuelo-de-deportacion"},"acf":[],"yoast_head":"<!-- This site is optimized with the Yoast SEO plugin v27.4 - https:\/\/yoast.com\/product\/yoast-seo-wordpress\/ -->\n<title>Trump devuelve a 136 migrantes irregulares a Cuba en nuevo vuelo de deportaci\u00f3n - Cuballama Noticias<\/title>\n<meta name=\"description\" content=\"La administraci\u00f3n de Donald Trump deport\u00f3 este 25 de septiembre a 136 cubanos de Estados Unidos a La Habana por v\u00eda a\u00e9rea.\" \/>\n<meta name=\"robots\" content=\"index, follow, max-snippet:-1, max-image-preview:large, max-video-preview:-1\" \/>\n<link rel=\"canonical\" href=\"https:\/\/www.cuballama.com\/noticias\/trump-devuelve-a-136-migrantes-irregulares-a-cuba-en-nuevo-vuelo-de-deportacion\/\" \/>\n<meta property=\"og:locale\" content=\"es_ES\" \/>\n<meta property=\"og:type\" content=\"article\" \/>\n<meta property=\"og:title\" content=\"Trump devuelve a 136 migrantes irregulares a Cuba en nuevo vuelo de deportaci\u00f3n - Cuballama Noticias\" \/>\n<meta property=\"og:description\" content=\"La administraci\u00f3n de Donald Trump deport\u00f3 este 25 de septiembre a 136 cubanos de Estados Unidos a La Habana por v\u00eda a\u00e9rea.\" \/>\n<meta property=\"og:url\" content=\"https:\/\/www.cuballama.com\/noticias\/trump-devuelve-a-136-migrantes-irregulares-a-cuba-en-nuevo-vuelo-de-deportacion\/\" \/>\n<meta property=\"og:site_name\" content=\"Cuballama Noticias\" \/>\n<meta property=\"article:publisher\" content=\"https:\/\/www.facebook.com\/CubaLlama\" \/>\n<meta property=\"article:published_time\" content=\"2025-09-26T14:24:00+00:00\" \/>\n<meta property=\"article:modified_time\" content=\"2025-09-26T18:02:57+00:00\" \/>\n<meta property=\"og:image\" content=\"https:\/\/cdn1.mediawpaccore.net\/wp-content\/uploads\/2025\/09\/26100719\/G1xr1cHW0AAafyC.jpg\" \/>\n\t<meta property=\"og:image:width\" content=\"1200\" \/>\n\t<meta property=\"og:image:height\" content=\"630\" \/>\n\t<meta property=\"og:image:type\" content=\"image\/jpeg\" \/>\n<meta name=\"author\" content=\"Kathy\" \/>\n<meta name=\"twitter:card\" content=\"summary_large_image\" \/>\n<meta name=\"twitter:creator\" content=\"@cuballama\" \/>\n<meta name=\"twitter:site\" content=\"@cuballama\" \/>\n<meta name=\"twitter:label1\" content=\"Escrito por\" \/>\n\t<meta name=\"twitter:data1\" content=\"Kathy\" \/>\n\t<meta name=\"twitter:label2\" content=\"Tiempo de lectura\" \/>\n\t<meta name=\"twitter:data2\" content=\"2 minutos\" \/>\n<script type=\"application\/ld+json\" class=\"yoast-schema-graph\">{\"@context\":\"https:\\\/\\\/schema.org\",\"@graph\":[{\"@type\":\"Article\",\"@id\":\"https:\\\/\\\/www.cuballama.com\\\/noticias\\\/trump-devuelve-a-136-migrantes-irregulares-a-cuba-en-nuevo-vuelo-de-deportacion\\\/#article\",\"isPartOf\":{\"@id\":\"https:\\\/\\\/www.cuballama.com\\\/noticias\\\/trump-devuelve-a-136-migrantes-irregulares-a-cuba-en-nuevo-vuelo-de-deportacion\\\/\"},\"author\":{\"name\":\"Kathy\",\"@id\":\"https:\\\/\\\/www.cuballama.com\\\/noticias\\\/#\\\/schema\\\/person\\\/86cd3e3f4974437f031211213bf892d5\"},\"headline\":\"Trump devuelve a 136 migrantes irregulares a Cuba en nuevo vuelo de deportaci\u00f3n\",\"datePublished\":\"2025-09-26T14:24:00+00:00\",\"dateModified\":\"2025-09-26T18:02:57+00:00\",\"mainEntityOfPage\":{\"@id\":\"https:\\\/\\\/www.cuballama.com\\\/noticias\\\/trump-devuelve-a-136-migrantes-irregulares-a-cuba-en-nuevo-vuelo-de-deportacion\\\/\"},\"wordCount\":355,\"commentCount\":0,\"publisher\":{\"@id\":\"https:\\\/\\\/www.cuballama.com\\\/noticias\\\/#organization\"},\"image\":{\"@id\":\"https:\\\/\\\/www.cuballama.com\\\/noticias\\\/trump-devuelve-a-136-migrantes-irregulares-a-cuba-en-nuevo-vuelo-de-deportacion\\\/#primaryimage\"},\"thumbnailUrl\":\"https:\\\/\\\/cdn1.mediawpaccore.net\\\/wp-content\\\/uploads\\\/2025\\\/09\\\/26100719\\\/G1xr1cHW0AAafyC.jpg\",\"keywords\":[\"administraci\u00f3n Trump\",\"destacado\",\"vuelo de deportaci\u00f3n\"],\"articleSection\":[\"Noticias\",\"Noticias de Cuba\"],\"inLanguage\":\"es\",\"potentialAction\":[{\"@type\":\"CommentAction\",\"name\":\"Comment\",\"target\":[\"https:\\\/\\\/www.cuballama.com\\\/noticias\\\/trump-devuelve-a-136-migrantes-irregulares-a-cuba-en-nuevo-vuelo-de-deportacion\\\/#respond\"]}]},{\"@type\":\"WebPage\",\"@id\":\"https:\\\/\\\/www.cuballama.com\\\/noticias\\\/trump-devuelve-a-136-migrantes-irregulares-a-cuba-en-nuevo-vuelo-de-deportacion\\\/\",\"url\":\"https:\\\/\\\/www.cuballama.com\\\/noticias\\\/trump-devuelve-a-136-migrantes-irregulares-a-cuba-en-nuevo-vuelo-de-deportacion\\\/\",\"name\":\"Trump devuelve a 136 migrantes irregulares a Cuba en nuevo vuelo de deportaci\u00f3n - Cuballama Noticias\",\"isPartOf\":{\"@id\":\"https:\\\/\\\/www.cuballama.com\\\/noticias\\\/#website\"},\"primaryImageOfPage\":{\"@id\":\"https:\\\/\\\/www.cuballama.com\\\/noticias\\\/trump-devuelve-a-136-migrantes-irregulares-a-cuba-en-nuevo-vuelo-de-deportacion\\\/#primaryimage\"},\"image\":{\"@id\":\"https:\\\/\\\/www.cuballama.com\\\/noticias\\\/trump-devuelve-a-136-migrantes-irregulares-a-cuba-en-nuevo-vuelo-de-deportacion\\\/#primaryimage\"},\"thumbnailUrl\":\"https:\\\/\\\/cdn1.mediawpaccore.net\\\/wp-content\\\/uploads\\\/2025\\\/09\\\/26100719\\\/G1xr1cHW0AAafyC.jpg\",\"datePublished\":\"2025-09-26T14:24:00+00:00\",\"dateModified\":\"2025-09-26T18:02:57+00:00\",\"description\":\"La administraci\u00f3n de Donald Trump deport\u00f3 este 25 de septiembre a 136 cubanos de Estados Unidos a La Habana por v\u00eda a\u00e9rea.\",\"breadcrumb\":{\"@id\":\"https:\\\/\\\/www.cuballama.com\\\/noticias\\\/trump-devuelve-a-136-migrantes-irregulares-a-cuba-en-nuevo-vuelo-de-deportacion\\\/#breadcrumb\"},\"inLanguage\":\"es\",\"potentialAction\":[{\"@type\":\"ReadAction\",\"target\":[\"https:\\\/\\\/www.cuballama.com\\\/noticias\\\/trump-devuelve-a-136-migrantes-irregulares-a-cuba-en-nuevo-vuelo-de-deportacion\\\/\"]}]},{\"@type\":\"ImageObject\",\"inLanguage\":\"es\",\"@id\":\"https:\\\/\\\/www.cuballama.com\\\/noticias\\\/trump-devuelve-a-136-migrantes-irregulares-a-cuba-en-nuevo-vuelo-de-deportacion\\\/#primaryimage\",\"url\":\"https:\\\/\\\/cdn1.mediawpaccore.net\\\/wp-content\\\/uploads\\\/2025\\\/09\\\/26100719\\\/G1xr1cHW0AAafyC.jpg\",\"contentUrl\":\"https:\\\/\\\/cdn1.mediawpaccore.net\\\/wp-content\\\/uploads\\\/2025\\\/09\\\/26100719\\\/G1xr1cHW0AAafyC.jpg\",\"width\":1200,\"height\":630,\"caption\":\"VUelo de deportaci\u00f3n a Cuba. Foto: X\\\/Minint Cuba.\"},{\"@type\":\"BreadcrumbList\",\"@id\":\"https:\\\/\\\/www.cuballama.com\\\/noticias\\\/trump-devuelve-a-136-migrantes-irregulares-a-cuba-en-nuevo-vuelo-de-deportacion\\\/#breadcrumb\",\"itemListElement\":[{\"@type\":\"ListItem\",\"position\":1,\"name\":\"Home\",\"item\":\"https:\\\/\\\/www.cuballama.com\\\/noticias\\\/\"},{\"@type\":\"ListItem\",\"position\":2,\"name\":\"Trump devuelve a 136 migrantes irregulares a Cuba en nuevo vuelo de deportaci\u00f3n\"}]},{\"@type\":\"WebSite\",\"@id\":\"https:\\\/\\\/www.cuballama.com\\\/noticias\\\/#website\",\"url\":\"https:\\\/\\\/www.cuballama.com\\\/noticias\\\/\",\"name\":\"Cuballama Noticias\",\"description\":\"Medio digital sobre Cuba y el mundo\",\"publisher\":{\"@id\":\"https:\\\/\\\/www.cuballama.com\\\/noticias\\\/#organization\"},\"potentialAction\":[{\"@type\":\"SearchAction\",\"target\":{\"@type\":\"EntryPoint\",\"urlTemplate\":\"https:\\\/\\\/www.cuballama.com\\\/noticias\\\/?s={search_term_string}\"},\"query-input\":{\"@type\":\"PropertyValueSpecification\",\"valueRequired\":true,\"valueName\":\"search_term_string\"}}],\"inLanguage\":\"es\"},{\"@type\":\"Organization\",\"@id\":\"https:\\\/\\\/www.cuballama.com\\\/noticias\\\/#organization\",\"name\":\"Cuballama\",\"url\":\"https:\\\/\\\/www.cuballama.com\\\/noticias\\\/\",\"logo\":{\"@type\":\"ImageObject\",\"inLanguage\":\"es\",\"@id\":\"https:\\\/\\\/www.cuballama.com\\\/noticias\\\/#\\\/schema\\\/logo\\\/image\\\/\",\"url\":\"https:\\\/\\\/cdn1.mediawpaccore.net\\\/wp-content\\\/uploads\\\/2021\\\/12\\\/28171206\\\/cbll-logo-color-sm.png\",\"contentUrl\":\"https:\\\/\\\/cdn1.mediawpaccore.net\\\/wp-content\\\/uploads\\\/2021\\\/12\\\/28171206\\\/cbll-logo-color-sm.png\",\"width\":600,\"height\":133,\"caption\":\"Cuballama\"},\"image\":{\"@id\":\"https:\\\/\\\/www.cuballama.com\\\/noticias\\\/#\\\/schema\\\/logo\\\/image\\\/\"},\"sameAs\":[\"https:\\\/\\\/www.facebook.com\\\/CubaLlama\",\"https:\\\/\\\/x.com\\\/cuballama\",\"https:\\\/\\\/www.instagram.com\\\/stories\\\/cuballama_oficial\\\/\",\"https:\\\/\\\/www.youtube.com\\\/channel\\\/UCKkFE-d_axENGZcrc4as0IA\"]},{\"@type\":\"Person\",\"@id\":\"https:\\\/\\\/www.cuballama.com\\\/noticias\\\/#\\\/schema\\\/person\\\/86cd3e3f4974437f031211213bf892d5\",\"name\":\"Kathy\",\"url\":\"https:\\\/\\\/www.cuballama.com\\\/noticias\\\/author\\\/kathy\\\/\"}]}<\/script>\n<!-- \/ Yoast SEO plugin. -->","yoast_head_json":{"title":"Trump devuelve a 136 migrantes irregulares a Cuba en nuevo vuelo de deportaci\u00f3n - Cuballama Noticias","description":"La administraci\u00f3n de Donald Trump deport\u00f3 este 25 de septiembre a 136 cubanos de Estados Unidos a La Habana por v\u00eda a\u00e9rea.","robots":{"index":"index","follow":"follow","max-snippet":"max-snippet:-1","max-image-preview":"max-image-preview:large","max-video-preview":"max-video-preview:-1"},"canonical":"https:\/\/www.cuballama.com\/noticias\/trump-devuelve-a-136-migrantes-irregulares-a-cuba-en-nuevo-vuelo-de-deportacion\/","og_locale":"es_ES","og_type":"article","og_title":"Trump devuelve a 136 migrantes irregulares a Cuba en nuevo vuelo de deportaci\u00f3n - Cuballama Noticias","og_description":"La administraci\u00f3n de Donald Trump deport\u00f3 este 25 de septiembre a 136 cubanos de Estados Unidos a La Habana por v\u00eda a\u00e9rea.","og_url":"https:\/\/www.cuballama.com\/noticias\/trump-devuelve-a-136-migrantes-irregulares-a-cuba-en-nuevo-vuelo-de-deportacion\/","og_site_name":"Cuballama Noticias","article_publisher":"https:\/\/www.facebook.com\/CubaLlama","article_published_time":"2025-09-26T14:24:00+00:00","article_modified_time":"2025-09-26T18:02:57+00:00","og_image":[{"width":1200,"height":630,"url":"https:\/\/cdn1.mediawpaccore.net\/wp-content\/uploads\/2025\/09\/26100719\/G1xr1cHW0AAafyC.jpg","type":"image\/jpeg"}],"author":"Kathy","twitter_card":"summary_large_image","twitter_creator":"@cuballama","twitter_site":"@cuballama","twitter_misc":{"Escrito por":"Kathy","Tiempo de lectura":"2 minutos"},"schema":{"@context":"https:\/\/schema.org","@graph":[{"@type":"Article","@id":"https:\/\/www.cuballama.com\/noticias\/trump-devuelve-a-136-migrantes-irregulares-a-cuba-en-nuevo-vuelo-de-deportacion\/#article","isPartOf":{"@id":"https:\/\/www.cuballama.com\/noticias\/trump-devuelve-a-136-migrantes-irregulares-a-cuba-en-nuevo-vuelo-de-deportacion\/"},"author":{"name":"Kathy","@id":"https:\/\/www.cuballama.com\/noticias\/#\/schema\/person\/86cd3e3f4974437f031211213bf892d5"},"headline":"Trump devuelve a 136 migrantes irregulares a Cuba en nuevo vuelo de deportaci\u00f3n","datePublished":"2025-09-26T14:24:00+00:00","dateModified":"2025-09-26T18:02:57+00:00","mainEntityOfPage":{"@id":"https:\/\/www.cuballama.com\/noticias\/trump-devuelve-a-136-migrantes-irregulares-a-cuba-en-nuevo-vuelo-de-deportacion\/"},"wordCount":355,"commentCount":0,"publisher":{"@id":"https:\/\/www.cuballama.com\/noticias\/#organization"},"image":{"@id":"https:\/\/www.cuballama.com\/noticias\/trump-devuelve-a-136-migrantes-irregulares-a-cuba-en-nuevo-vuelo-de-deportacion\/#primaryimage"},"thumbnailUrl":"https:\/\/cdn1.mediawpaccore.net\/wp-content\/uploads\/2025\/09\/26100719\/G1xr1cHW0AAafyC.jpg","keywords":["administraci\u00f3n Trump","destacado","vuelo de deportaci\u00f3n"],"articleSection":["Noticias","Noticias de Cuba"],"inLanguage":"es","potentialAction":[{"@type":"CommentAction","name":"Comment","target":["https:\/\/www.cuballama.com\/noticias\/trump-devuelve-a-136-migrantes-irregulares-a-cuba-en-nuevo-vuelo-de-deportacion\/#respond"]}]},{"@type":"WebPage","@id":"https:\/\/www.cuballama.com\/noticias\/trump-devuelve-a-136-migrantes-irregulares-a-cuba-en-nuevo-vuelo-de-deportacion\/","url":"https:\/\/www.cuballama.com\/noticias\/trump-devuelve-a-136-migrantes-irregulares-a-cuba-en-nuevo-vuelo-de-deportacion\/","name":"Trump devuelve a 136 migrantes irregulares a Cuba en nuevo vuelo de deportaci\u00f3n - Cuballama Noticias","isPartOf":{"@id":"https:\/\/www.cuballama.com\/noticias\/#website"},"primaryImageOfPage":{"@id":"https:\/\/www.cuballama.com\/noticias\/trump-devuelve-a-136-migrantes-irregulares-a-cuba-en-nuevo-vuelo-de-deportacion\/#primaryimage"},"image":{"@id":"https:\/\/www.cuballama.com\/noticias\/trump-devuelve-a-136-migrantes-irregulares-a-cuba-en-nuevo-vuelo-de-deportacion\/#primaryimage"},"thumbnailUrl":"https:\/\/cdn1.mediawpaccore.net\/wp-content\/uploads\/2025\/09\/26100719\/G1xr1cHW0AAafyC.jpg","datePublished":"2025-09-26T14:24:00+00:00","dateModified":"2025-09-26T18:02:57+00:00","description":"La administraci\u00f3n de Donald Trump deport\u00f3 este 25 de septiembre a 136 cubanos de Estados Unidos a La Habana por v\u00eda a\u00e9rea.","breadcrumb":{"@id":"https:\/\/www.cuballama.com\/noticias\/trump-devuelve-a-136-migrantes-irregulares-a-cuba-en-nuevo-vuelo-de-deportacion\/#breadcrumb"},"inLanguage":"es","potentialAction":[{"@type":"ReadAction","target":["https:\/\/www.cuballama.com\/noticias\/trump-devuelve-a-136-migrantes-irregulares-a-cuba-en-nuevo-vuelo-de-deportacion\/"]}]},{"@type":"ImageObject","inLanguage":"es","@id":"https:\/\/www.cuballama.com\/noticias\/trump-devuelve-a-136-migrantes-irregulares-a-cuba-en-nuevo-vuelo-de-deportacion\/#primaryimage","url":"https:\/\/cdn1.mediawpaccore.net\/wp-content\/uploads\/2025\/09\/26100719\/G1xr1cHW0AAafyC.jpg","contentUrl":"https:\/\/cdn1.mediawpaccore.net\/wp-content\/uploads\/2025\/09\/26100719\/G1xr1cHW0AAafyC.jpg","width":1200,"height":630,"caption":"VUelo de deportaci\u00f3n a Cuba. Foto: X\/Minint Cuba."},{"@type":"BreadcrumbList","@id":"https:\/\/www.cuballama.com\/noticias\/trump-devuelve-a-136-migrantes-irregulares-a-cuba-en-nuevo-vuelo-de-deportacion\/#breadcrumb","itemListElement":[{"@type":"ListItem","position":1,"name":"Home","item":"https:\/\/www.cuballama.com\/noticias\/"},{"@type":"ListItem","position":2,"name":"Trump devuelve a 136 migrantes irregulares a Cuba en nuevo vuelo de deportaci\u00f3n"}]},{"@type":"WebSite","@id":"https:\/\/www.cuballama.com\/noticias\/#website","url":"https:\/\/www.cuballama.com\/noticias\/","name":"Cuballama Noticias","description":"Medio digital sobre Cuba y el mundo","publisher":{"@id":"https:\/\/www.cuballama.com\/noticias\/#organization"},"potentialAction":[{"@type":"SearchAction","target":{"@type":"EntryPoint","urlTemplate":"https:\/\/www.cuballama.com\/noticias\/?s={search_term_string}"},"query-input":{"@type":"PropertyValueSpecification","valueRequired":true,"valueName":"search_term_string"}}],"inLanguage":"es"},{"@type":"Organization","@id":"https:\/\/www.cuballama.com\/noticias\/#organization","name":"Cuballama","url":"https:\/\/www.cuballama.com\/noticias\/","logo":{"@type":"ImageObject","inLanguage":"es","@id":"https:\/\/www.cuballama.com\/noticias\/#\/schema\/logo\/image\/","url":"https:\/\/cdn1.mediawpaccore.net\/wp-content\/uploads\/2021\/12\/28171206\/cbll-logo-color-sm.png","contentUrl":"https:\/\/cdn1.mediawpaccore.net\/wp-content\/uploads\/2021\/12\/28171206\/cbll-logo-color-sm.png","width":600,"height":133,"caption":"Cuballama"},"image":{"@id":"https:\/\/www.cuballama.com\/noticias\/#\/schema\/logo\/image\/"},"sameAs":["https:\/\/www.facebook.com\/CubaLlama","https:\/\/x.com\/cuballama","https:\/\/www.instagram.com\/stories\/cuballama_oficial\/","https:\/\/www.youtube.com\/channel\/UCKkFE-d_axENGZcrc4as0IA"]},{"@type":"Person","@id":"https:\/\/www.cuballama.com\/noticias\/#\/schema\/person\/86cd3e3f4974437f031211213bf892d5","name":"Kathy","url":"https:\/\/www.cuballama.com\/noticias\/author\/kathy\/"}]}},"_links":{"self":[{"href":"https:\/\/www.cuballama.com\/noticias\/wp-json\/wp\/v2\/posts\/220890","targetHints":{"allow":["GET"]}}],"collection":[{"href":"https:\/\/www.cuballama.com\/noticias\/wp-json\/wp\/v2\/posts"}],"about":[{"href":"https:\/\/www.cuballama.com\/noticias\/wp-json\/wp\/v2\/types\/post"}],"author":[{"embeddable":true,"href":"https:\/\/www.cuballama.com\/noticias\/wp-json\/wp\/v2\/users\/30"}],"replies":[{"embeddable":true,"href":"https:\/\/www.cuballama.com\/noticias\/wp-json\/wp\/v2\/comments?post=220890"}],"version-history":[{"count":7,"href":"https:\/\/www.cuballama.com\/noticias\/wp-json\/wp\/v2\/posts\/220890\/revisions"}],"predecessor-version":[{"id":220954,"href":"https:\/\/www.cuballama.com\/noticias\/wp-json\/wp\/v2\/posts\/220890\/revisions\/220954"}],"wp:featuredmedia":[{"embeddable":true,"href":"https:\/\/www.cuballama.com\/noticias\/wp-json\/wp\/v2\/media\/220895"}],"wp:attachment":[{"href":"https:\/\/www.cuballama.com\/noticias\/wp-json\/wp\/v2\/media?parent=220890"}],"wp:term":[{"taxonomy":"category","embeddable":true,"href":"https:\/\/www.cuballama.com\/noticias\/wp-json\/wp\/v2\/categories?post=220890"},{"taxonomy":"post_tag","embeddable":true,"href":"https:\/\/www.cuballama.com\/noticias\/wp-json\/wp\/v2\/tags?post=220890"}],"curies":[{"name":"wp","href":"https:\/\/api.w.org\/{rel}","templated":true}]}}