{"id":220862,"date":"2025-09-26T09:32:22","date_gmt":"2025-09-26T13:32:22","guid":{"rendered":"https:\/\/www.cuballama.com\/noticias\/?p=220862"},"modified":"2025-09-26T09:32:25","modified_gmt":"2025-09-26T13:32:25","slug":"sergio-ramos-despide-a-busquets-pero-le-piden-de-favor-que-no-le-cante","status":"publish","type":"post","link":"https:\/\/www.cuballama.com\/noticias\/sergio-ramos-despide-a-busquets-pero-le-piden-de-favor-que-no-le-cante\/","title":{"rendered":"Sergio Ramos despide a Busquets, pero le piden de favor que no le cante"},"content":{"rendered":"\n<p>La despedida de Sergio Ramos a Sergio Busquets ha conseguido algo poco habitual en la conversaci\u00f3n futbolera: poner de acuerdo a madridistas y barcelonistas en el respeto por una trayectoria. Y es que a fin de cuentas estamos hablando de uno de los &#8211; tal vez &#8211; cinco mejores centrocampistas en la historia de f\u00fatbol espa\u00f1ol. De un arquitecto del f\u00fatbol. De una figura clave en los \u00e9xitos de Espa\u00f1a como Selecci\u00f3n. De un hombre que, sin \u00e9l, Espa\u00f1a no hubiese sido campe\u00f3n del mundo en Sud\u00e1frica 2010.<\/p>\n\n\n\n<p>En un mensaje p\u00fablico, el ex capit\u00e1n del Real Madrid se dirigi\u00f3 a \u201cBusi\u201d como \u201cla definici\u00f3n de c\u00f3mo ser excepcional sin dejar de ser un tipo normal\u201d, reconociendo su f\u00fatbol de clase y su forma de ser humilde. A\u00f1adi\u00f3 que el juego pierde a \u201cuno de los mediocentros m\u00e1s brillantes\u201d con los que comparti\u00f3 vestuario y selecci\u00f3n, y le dese\u00f3 lo mejor en su nueva etapa.<\/p>\n\n\n\n<p><a href=\"https:\/\/www.facebook.com\/100044254682686\/posts\/1354628996022244\/?rdid=CFQrgwDTNECXD0LU#\" target=\"_blank\" rel=\"noreferrer noopener nofollow\">El texto de Ramos<\/a>, largo y afectuoso, tiene peso espec\u00edfico porque ambos simbolizaron durante m\u00e1s de una d\u00e9cada la rivalidad dom\u00e9stica m\u00e1s intensa del planeta: Ramos, estandarte del Real Madrid y de la Roja campeona; Busquets, metr\u00f3nomo del Barcelona y socio silencioso del tiquitaca. <\/p>\n\n\n\n<p>No por gusto en los comentarios dejados en la publicaci\u00f3n se leyeron cosas como <em>\u00abEl verdadero motor que siempre hac\u00eda el trabajo sucio para que Iniesta y Xavi jugaran con facilidad\u00bb. <\/em><\/p>\n\n\n\n<p>\u00abEl mejor 5 de la historia moderna (tal vez de toda la historia), ten\u00eda el porte de oficinista pero trataba a la pelota como si fuera mia khalifa\u00bb, expres\u00f3 otro. Y un cuarto record\u00f3 dicho por otro crack, Juan Rom\u00e1n Riquelme cuando expres\u00f3: <\/p>\n\n\n\n<p>\u00abBusquet confundi\u00f3 al f\u00fatbol\u00bb.<\/p>\n\n\n\n<p>Lo cierto es que ambos &#8211; Ramos y Busquets &#8211; se enfrentaron en cl\u00e1sicos encendidos, se entendieron en la selecci\u00f3n y ganaron juntos lo que casi nadie. Quiz\u00e1 por eso el mensaje impact\u00f3: no es una cortes\u00eda cualquiera, sino el reconocimiento del central que dom\u00f3 mil batallas al mediocentro que hizo del primer toque un idioma.<\/p>\n\n\n\n<iframe loading=\"lazy\" src=\"https:\/\/www.facebook.com\/plugins\/post.php?href=https%3A%2F%2Fwww.facebook.com%2FSergioRamosOficial%2Fposts%2Fpfbid02LqwsnQ3raFNxEHb1AYuYQFm4zMnqiH8U6ch3HwqCEDtBTp1RiTb5P1yZp2TaRQgAl&#038;show_text=true&#038;width=500\" width=\"500\" height=\"799\" style=\"border:none;overflow:hidden\" scrolling=\"no\" frameborder=\"0\" allowfullscreen=\"true\" allow=\"autoplay; clipboard-write; encrypted-media; picture-in-picture; web-share\"><\/iframe>\n\n\n\n<p>Pero en la era de las redes, la solemnidad dura lo que tarda en llegar el primer comentario. Y aqu\u00ed lleg\u00f3 el momento c\u00f3mico: entre los cientos de respuestas, se repiti\u00f3 la s\u00faplica en tono de broma para que Ramos no le dedique una canci\u00f3n a Busquets. <\/p>\n\n\n\n<p><em><strong>\u201cPor favor, que no le haga una canci\u00f3n\u201d,<\/strong><\/em> le dijo una internauta, y desat\u00f3 decenas de reacciones en sus comentarios.<\/p>\n\n\n\n<p>El gui\u00f1o no es gratuito: en las \u00faltimas semanas, el andaluz abri\u00f3 una inesperada faceta como cantante, con single y videoclip incluidos, y desat\u00f3 una oleada de memes, cr\u00edticas y tambi\u00e9n defensas entre sus seguidores.<\/p>\n\n\n\n<p>La incursi\u00f3n musical de Ramos ha sido tratada como un fen\u00f3meno pop de temporada. De un lado, quienes agradecen que un deportista retire los cors\u00e9s y se divierta probando cosas nuevas; del otro, quienes prefieren al Ramos de las barridas, el liderazgo y los goles al 93\u2019 antes que al Ramos mel\u00f3dico. <\/p>\n\n\n\n<p><strong>noticia que tal vez quieras leer: <a href=\"https:\/\/www.cuballama.com\/noticias\/futbolista-sergio-ramos-soscuba\/\">Sergio Ramos se suma al #SOSCuba con mensaje de amor<\/a><\/strong><\/p>\n\n\n\n<p>En t\u00e9rminos de ruido, funcion\u00f3: entrevistas, reacciones de colegas, playlists, parodias y el algoritmo empujando clips por doquier. Que su despedida a Busquets activara el chascarrillo era, pues, inevitable.<\/p>\n\n\n\n<figure class=\"wp-block-image size-full\"><img loading=\"lazy\" decoding=\"async\" width=\"754\" height=\"544\" src=\"https:\/\/cdn1.mediawpaccore.net\/wp-content\/uploads\/2025\/09\/26085257\/image-140.png\" alt=\"\" class=\"wp-image-220863\" srcset=\"https:\/\/cdn1.mediawpaccore.net\/wp-content\/uploads\/2025\/09\/26085257\/image-140.png 754w, https:\/\/cdn1.mediawpaccore.net\/wp-content\/uploads\/2025\/09\/26085257\/image-140-300x216.png 300w, https:\/\/cdn1.mediawpaccore.net\/wp-content\/uploads\/2025\/09\/26085257\/image-140-582x420.png 582w, https:\/\/cdn1.mediawpaccore.net\/wp-content\/uploads\/2025\/09\/26085257\/image-140-150x108.png 150w, https:\/\/cdn1.mediawpaccore.net\/wp-content\/uploads\/2025\/09\/26085257\/image-140-696x502.png 696w\" sizes=\"auto, (max-width: 754px) 100vw, 754px\" \/><\/figure>\n\n\n\n<p>M\u00e1s all\u00e1 del <em>gag<\/em> c\u00f3mico, la nota de Ramos aporta un cierre elegante a la carrera de Busquets, que anunci\u00f3 su retiro tras un \u00faltimo tramo en Estados Unidos. El mediocentro deja un legado t\u00e1ctico inabarcable: convirti\u00f3 la posici\u00f3n de \u201c5\u201d en una c\u00e1tedra de econom\u00eda de esfuerzos, orientaci\u00f3n corporal, l\u00edneas de pase y lectura anticipada. Jugadores como \u00e9l no entran por los ojos del aficionado casual, pero moldean c\u00f3mo juega todo un equipo. Lo capt\u00f3 un comentario en el hilo: \u201cBusquets nos hizo creer que el 5 deb\u00eda ser como un 10\u201d. Tambi\u00e9n se colaron cr\u00edticas viejas \u2014su lentitud, su teatralidad\u2014, recordatorio de que no hay grande sin controversia.<\/p>\n\n\n\n<p>En el fondo, lo relevante del intercambio Ramos\u2013Busquets no es el meme de \u201cno cantes\u201d, sino el s\u00edntoma de una madurez competitiva: la rivalidad no excluye la gratitud. Durante a\u00f1os se les vio como polos opuestos: \u00e9pica merengue versus pulcritud cul\u00e9. Sin embargo, el f\u00fatbol que ambos representaron \u2014distinto, s\u00ed; complementario, tambi\u00e9n\u2014 construy\u00f3 una era. La despedida del uno al otro lo encapsula: \u201crival la mayor\u00eda de veces, compa\u00f1ero otras muchas\u201d. Cuando las camisetas se guardan, queda la memoria compartida. <\/p>\n\n\n\n<p>Y si a alguien le preocupa que Ramos acabe grabando una balada para su viejo antagonista, que respire: hasta donde se sabe, el central no ha anunciado un \u201cUnplugged\u201d con dedicatorias personalizadas. Aunque, visto el revuelo de su debut musical, si alguna vez lo hiciera, probablemente romper\u00eda otra vez internet. Mientras tanto, queda una imagen bonita para el \u00e1lbum: dos emblemas de trincheras opuestas despidi\u00e9ndose con respeto. Y, de paso, una frase que ya es leitmotiv en los comentarios: \u201cCapi, todo bien con el homenaje\u2026 pero por favor, no cantes\u201d.<\/p>\n","protected":false},"excerpt":{"rendered":"<p>Y si a alguien le preocupa que Ramos acabe grabando una balada para su viejo antagonista, que respire: hasta donde se sabe, el central no ha anunciado un \u201cUnplugged\u201d con dedicatorias personalizadas. Aunque, visto el revuelo de su debut musical, si alguna vez lo hiciera, probablemente romper\u00eda otra vez internet. Mientras tanto, queda una imagen bonita para el \u00e1lbum: dos emblemas de trincheras opuestas despidi\u00e9ndose con respeto. Y, de paso, una frase que ya es leitmotiv en los comentarios: \u201cCapi, todo bien con el homenaje\u2026 pero por favor, no cantes\u201d.<\/p>\n","protected":false},"author":13,"featured_media":220864,"comment_status":"open","ping_status":"closed","sticky":false,"template":"","format":"standard","meta":{"_acf_changed":false,"footnotes":""},"categories":[21,18,957],"tags":[3818,27979,27974,27982,21814,8751,1549,27972,27980,27975,27981,139,729,27977,27973,27976,16873,11205,27978],"class_list":{"0":"post-220862","1":"post","2":"type-post","3":"status-publish","4":"format-standard","5":"has-post-thumbnail","7":"category-deportes","8":"category-noticias","9":"category-noticias-internacionales","10":"tag-clasico","11":"tag-comentarios-virales","12":"tag-despedida","13":"tag-faceta-musical","15":"tag-futbol-espanol","16":"tag-homenaje","17":"tag-la-roja","18":"tag-legado-busquets","19":"tag-mediocentro","20":"tag-ramos-cantante","21":"tag-real-madrid","22":"tag-redes-sociales","23":"tag-respeto-entre-rivales","24":"tag-retiro-busquets","25":"tag-rivalidad-deportiva","26":"tag-sergio-busquets","27":"tag-sergio-ramos","28":"tag-single-de-sergio-ramos"},"acf":[],"yoast_head":"<!-- This site is optimized with the Yoast SEO plugin v27.5 - https:\/\/yoast.com\/product\/yoast-seo-wordpress\/ -->\n<title>Sergio Ramos despide a Busquets, pero le piden de favor que no le cante - Cuballama Noticias<\/title>\n<meta name=\"description\" content=\"Sergio Ramos se despide como todo un mariscal del arquitecto del f\u00fatbol espa\u00f1ol, Sergio Busquets. Eran rivales en la Liga, pero no en la Roja\" \/>\n<meta name=\"robots\" content=\"index, follow, max-snippet:-1, max-image-preview:large, max-video-preview:-1\" \/>\n<link rel=\"canonical\" href=\"https:\/\/www.cuballama.com\/noticias\/sergio-ramos-despide-a-busquets-pero-le-piden-de-favor-que-no-le-cante\/\" \/>\n<meta property=\"og:locale\" content=\"es_ES\" \/>\n<meta property=\"og:type\" content=\"article\" \/>\n<meta property=\"og:title\" content=\"Sergio Ramos despide a Busquets, pero le piden de favor que no le cante - Cuballama Noticias\" \/>\n<meta property=\"og:description\" content=\"Sergio Ramos se despide como todo un mariscal del arquitecto del f\u00fatbol espa\u00f1ol, Sergio Busquets. Eran rivales en la Liga, pero no en la Roja\" \/>\n<meta property=\"og:url\" content=\"https:\/\/www.cuballama.com\/noticias\/sergio-ramos-despide-a-busquets-pero-le-piden-de-favor-que-no-le-cante\/\" \/>\n<meta property=\"og:site_name\" content=\"Cuballama Noticias\" \/>\n<meta property=\"article:publisher\" content=\"https:\/\/www.facebook.com\/CubaLlama\" \/>\n<meta property=\"article:published_time\" content=\"2025-09-26T13:32:22+00:00\" \/>\n<meta property=\"article:modified_time\" content=\"2025-09-26T13:32:25+00:00\" \/>\n<meta property=\"og:image\" content=\"https:\/\/cdn1.mediawpaccore.net\/wp-content\/uploads\/2025\/09\/26090216\/image-141-1024x537.png\" \/>\n\t<meta property=\"og:image:width\" content=\"1024\" \/>\n\t<meta property=\"og:image:height\" content=\"537\" \/>\n\t<meta property=\"og:image:type\" content=\"image\/png\" \/>\n<meta name=\"author\" content=\"Roberto A.\" \/>\n<meta name=\"twitter:card\" content=\"summary_large_image\" \/>\n<meta name=\"twitter:creator\" content=\"@cuballama\" \/>\n<meta name=\"twitter:site\" content=\"@cuballama\" \/>\n<meta name=\"twitter:label1\" content=\"Escrito por\" \/>\n\t<meta name=\"twitter:data1\" content=\"Roberto A.\" \/>\n\t<meta name=\"twitter:label2\" content=\"Tiempo de lectura\" \/>\n\t<meta name=\"twitter:data2\" content=\"4 minutos\" \/>\n<script type=\"application\/ld+json\" class=\"yoast-schema-graph\">{\"@context\":\"https:\\\/\\\/schema.org\",\"@graph\":[{\"@type\":\"Article\",\"@id\":\"https:\\\/\\\/www.cuballama.com\\\/noticias\\\/sergio-ramos-despide-a-busquets-pero-le-piden-de-favor-que-no-le-cante\\\/#article\",\"isPartOf\":{\"@id\":\"https:\\\/\\\/www.cuballama.com\\\/noticias\\\/sergio-ramos-despide-a-busquets-pero-le-piden-de-favor-que-no-le-cante\\\/\"},\"author\":{\"name\":\"Roberto A.\",\"@id\":\"https:\\\/\\\/www.cuballama.com\\\/noticias\\\/#\\\/schema\\\/person\\\/a58502ed4146c8e9f83872e897c76cd2\"},\"headline\":\"Sergio Ramos despide a Busquets, pero le piden de favor que no le cante\",\"datePublished\":\"2025-09-26T13:32:22+00:00\",\"dateModified\":\"2025-09-26T13:32:25+00:00\",\"mainEntityOfPage\":{\"@id\":\"https:\\\/\\\/www.cuballama.com\\\/noticias\\\/sergio-ramos-despide-a-busquets-pero-le-piden-de-favor-que-no-le-cante\\\/\"},\"wordCount\":884,\"commentCount\":0,\"publisher\":{\"@id\":\"https:\\\/\\\/www.cuballama.com\\\/noticias\\\/#organization\"},\"image\":{\"@id\":\"https:\\\/\\\/www.cuballama.com\\\/noticias\\\/sergio-ramos-despide-a-busquets-pero-le-piden-de-favor-que-no-le-cante\\\/#primaryimage\"},\"thumbnailUrl\":\"https:\\\/\\\/cdn1.mediawpaccore.net\\\/wp-content\\\/uploads\\\/2025\\\/09\\\/26090216\\\/image-141.png\",\"keywords\":[\"cl\u00e1sico\",\"comentarios virales\",\"despedida\",\"faceta musical\",\"FC Barcelona\",\"F\u00fatbol Espa\u00f1ol\",\"homenaje\",\"La Roja\",\"legado Busquets\",\"mediocentro\",\"Ramos cantante\",\"Real Madrid\",\"redes Sociales\",\"respeto entre rivales\",\"retiro Busquets\",\"rivalidad deportiva\",\"Sergio Busquets\",\"Sergio Ramos\",\"single de Sergio Ramos\"],\"articleSection\":[\"Deportes\",\"Noticias\",\"Noticias Internacionales\"],\"inLanguage\":\"es\",\"potentialAction\":[{\"@type\":\"CommentAction\",\"name\":\"Comment\",\"target\":[\"https:\\\/\\\/www.cuballama.com\\\/noticias\\\/sergio-ramos-despide-a-busquets-pero-le-piden-de-favor-que-no-le-cante\\\/#respond\"]}]},{\"@type\":\"WebPage\",\"@id\":\"https:\\\/\\\/www.cuballama.com\\\/noticias\\\/sergio-ramos-despide-a-busquets-pero-le-piden-de-favor-que-no-le-cante\\\/\",\"url\":\"https:\\\/\\\/www.cuballama.com\\\/noticias\\\/sergio-ramos-despide-a-busquets-pero-le-piden-de-favor-que-no-le-cante\\\/\",\"name\":\"Sergio Ramos despide a Busquets, pero le piden de favor que no le cante - Cuballama Noticias\",\"isPartOf\":{\"@id\":\"https:\\\/\\\/www.cuballama.com\\\/noticias\\\/#website\"},\"primaryImageOfPage\":{\"@id\":\"https:\\\/\\\/www.cuballama.com\\\/noticias\\\/sergio-ramos-despide-a-busquets-pero-le-piden-de-favor-que-no-le-cante\\\/#primaryimage\"},\"image\":{\"@id\":\"https:\\\/\\\/www.cuballama.com\\\/noticias\\\/sergio-ramos-despide-a-busquets-pero-le-piden-de-favor-que-no-le-cante\\\/#primaryimage\"},\"thumbnailUrl\":\"https:\\\/\\\/cdn1.mediawpaccore.net\\\/wp-content\\\/uploads\\\/2025\\\/09\\\/26090216\\\/image-141.png\",\"datePublished\":\"2025-09-26T13:32:22+00:00\",\"dateModified\":\"2025-09-26T13:32:25+00:00\",\"description\":\"Sergio Ramos se despide como todo un mariscal del arquitecto del f\u00fatbol espa\u00f1ol, Sergio Busquets. Eran rivales en la Liga, pero no en la Roja\",\"breadcrumb\":{\"@id\":\"https:\\\/\\\/www.cuballama.com\\\/noticias\\\/sergio-ramos-despide-a-busquets-pero-le-piden-de-favor-que-no-le-cante\\\/#breadcrumb\"},\"inLanguage\":\"es\",\"potentialAction\":[{\"@type\":\"ReadAction\",\"target\":[\"https:\\\/\\\/www.cuballama.com\\\/noticias\\\/sergio-ramos-despide-a-busquets-pero-le-piden-de-favor-que-no-le-cante\\\/\"]}]},{\"@type\":\"ImageObject\",\"inLanguage\":\"es\",\"@id\":\"https:\\\/\\\/www.cuballama.com\\\/noticias\\\/sergio-ramos-despide-a-busquets-pero-le-piden-de-favor-que-no-le-cante\\\/#primaryimage\",\"url\":\"https:\\\/\\\/cdn1.mediawpaccore.net\\\/wp-content\\\/uploads\\\/2025\\\/09\\\/26090216\\\/image-141.png\",\"contentUrl\":\"https:\\\/\\\/cdn1.mediawpaccore.net\\\/wp-content\\\/uploads\\\/2025\\\/09\\\/26090216\\\/image-141.png\",\"width\":1972,\"height\":1034,\"caption\":\"Foto: Collage v\u00eda Sergio Ramos \\\/ Facebook\"},{\"@type\":\"BreadcrumbList\",\"@id\":\"https:\\\/\\\/www.cuballama.com\\\/noticias\\\/sergio-ramos-despide-a-busquets-pero-le-piden-de-favor-que-no-le-cante\\\/#breadcrumb\",\"itemListElement\":[{\"@type\":\"ListItem\",\"position\":1,\"name\":\"Home\",\"item\":\"https:\\\/\\\/www.cuballama.com\\\/noticias\\\/\"},{\"@type\":\"ListItem\",\"position\":2,\"name\":\"Sergio Ramos despide a Busquets, pero le piden de favor que no le cante\"}]},{\"@type\":\"WebSite\",\"@id\":\"https:\\\/\\\/www.cuballama.com\\\/noticias\\\/#website\",\"url\":\"https:\\\/\\\/www.cuballama.com\\\/noticias\\\/\",\"name\":\"Cuballama Noticias\",\"description\":\"Medio digital sobre Cuba y el mundo\",\"publisher\":{\"@id\":\"https:\\\/\\\/www.cuballama.com\\\/noticias\\\/#organization\"},\"potentialAction\":[{\"@type\":\"SearchAction\",\"target\":{\"@type\":\"EntryPoint\",\"urlTemplate\":\"https:\\\/\\\/www.cuballama.com\\\/noticias\\\/?s={search_term_string}\"},\"query-input\":{\"@type\":\"PropertyValueSpecification\",\"valueRequired\":true,\"valueName\":\"search_term_string\"}}],\"inLanguage\":\"es\"},{\"@type\":\"Organization\",\"@id\":\"https:\\\/\\\/www.cuballama.com\\\/noticias\\\/#organization\",\"name\":\"Cuballama\",\"url\":\"https:\\\/\\\/www.cuballama.com\\\/noticias\\\/\",\"logo\":{\"@type\":\"ImageObject\",\"inLanguage\":\"es\",\"@id\":\"https:\\\/\\\/www.cuballama.com\\\/noticias\\\/#\\\/schema\\\/logo\\\/image\\\/\",\"url\":\"https:\\\/\\\/cdn1.mediawpaccore.net\\\/wp-content\\\/uploads\\\/2021\\\/12\\\/28171206\\\/cbll-logo-color-sm.png\",\"contentUrl\":\"https:\\\/\\\/cdn1.mediawpaccore.net\\\/wp-content\\\/uploads\\\/2021\\\/12\\\/28171206\\\/cbll-logo-color-sm.png\",\"width\":600,\"height\":133,\"caption\":\"Cuballama\"},\"image\":{\"@id\":\"https:\\\/\\\/www.cuballama.com\\\/noticias\\\/#\\\/schema\\\/logo\\\/image\\\/\"},\"sameAs\":[\"https:\\\/\\\/www.facebook.com\\\/CubaLlama\",\"https:\\\/\\\/x.com\\\/cuballama\",\"https:\\\/\\\/www.instagram.com\\\/stories\\\/cuballama_oficial\\\/\",\"https:\\\/\\\/www.youtube.com\\\/channel\\\/UCKkFE-d_axENGZcrc4as0IA\"]},{\"@type\":\"Person\",\"@id\":\"https:\\\/\\\/www.cuballama.com\\\/noticias\\\/#\\\/schema\\\/person\\\/a58502ed4146c8e9f83872e897c76cd2\",\"name\":\"Roberto A.\",\"description\":\"Roberto A. Periodista por decisi\u00f3n propia. Interesado en cualquier tema que me apasione y cada vez m\u00e1s comprometido con la verdad y la objetividad period\u00edstica. Graduado en La Habana hace ya muchos a\u00f1os, luego de una accidentada y polvorienta b\u00fasqueda de informaci\u00f3n sobre un tema in\u00e9dito. La Tesis, por cierto, desapareci\u00f3 de la biblioteca y no se conservan copias de la misma.\",\"url\":\"https:\\\/\\\/www.cuballama.com\\\/noticias\\\/author\\\/roberto\\\/\"}]}<\/script>\n<!-- \/ Yoast SEO plugin. -->","yoast_head_json":{"title":"Sergio Ramos despide a Busquets, pero le piden de favor que no le cante - Cuballama Noticias","description":"Sergio Ramos se despide como todo un mariscal del arquitecto del f\u00fatbol espa\u00f1ol, Sergio Busquets. Eran rivales en la Liga, pero no en la Roja","robots":{"index":"index","follow":"follow","max-snippet":"max-snippet:-1","max-image-preview":"max-image-preview:large","max-video-preview":"max-video-preview:-1"},"canonical":"https:\/\/www.cuballama.com\/noticias\/sergio-ramos-despide-a-busquets-pero-le-piden-de-favor-que-no-le-cante\/","og_locale":"es_ES","og_type":"article","og_title":"Sergio Ramos despide a Busquets, pero le piden de favor que no le cante - Cuballama Noticias","og_description":"Sergio Ramos se despide como todo un mariscal del arquitecto del f\u00fatbol espa\u00f1ol, Sergio Busquets. Eran rivales en la Liga, pero no en la Roja","og_url":"https:\/\/www.cuballama.com\/noticias\/sergio-ramos-despide-a-busquets-pero-le-piden-de-favor-que-no-le-cante\/","og_site_name":"Cuballama Noticias","article_publisher":"https:\/\/www.facebook.com\/CubaLlama","article_published_time":"2025-09-26T13:32:22+00:00","article_modified_time":"2025-09-26T13:32:25+00:00","og_image":[{"width":1024,"height":537,"url":"https:\/\/cdn1.mediawpaccore.net\/wp-content\/uploads\/2025\/09\/26090216\/image-141-1024x537.png","type":"image\/png"}],"author":"Roberto A.","twitter_card":"summary_large_image","twitter_creator":"@cuballama","twitter_site":"@cuballama","twitter_misc":{"Escrito por":"Roberto A.","Tiempo de lectura":"4 minutos"},"schema":{"@context":"https:\/\/schema.org","@graph":[{"@type":"Article","@id":"https:\/\/www.cuballama.com\/noticias\/sergio-ramos-despide-a-busquets-pero-le-piden-de-favor-que-no-le-cante\/#article","isPartOf":{"@id":"https:\/\/www.cuballama.com\/noticias\/sergio-ramos-despide-a-busquets-pero-le-piden-de-favor-que-no-le-cante\/"},"author":{"name":"Roberto A.","@id":"https:\/\/www.cuballama.com\/noticias\/#\/schema\/person\/a58502ed4146c8e9f83872e897c76cd2"},"headline":"Sergio Ramos despide a Busquets, pero le piden de favor que no le cante","datePublished":"2025-09-26T13:32:22+00:00","dateModified":"2025-09-26T13:32:25+00:00","mainEntityOfPage":{"@id":"https:\/\/www.cuballama.com\/noticias\/sergio-ramos-despide-a-busquets-pero-le-piden-de-favor-que-no-le-cante\/"},"wordCount":884,"commentCount":0,"publisher":{"@id":"https:\/\/www.cuballama.com\/noticias\/#organization"},"image":{"@id":"https:\/\/www.cuballama.com\/noticias\/sergio-ramos-despide-a-busquets-pero-le-piden-de-favor-que-no-le-cante\/#primaryimage"},"thumbnailUrl":"https:\/\/cdn1.mediawpaccore.net\/wp-content\/uploads\/2025\/09\/26090216\/image-141.png","keywords":["cl\u00e1sico","comentarios virales","despedida","faceta musical","FC Barcelona","F\u00fatbol Espa\u00f1ol","homenaje","La Roja","legado Busquets","mediocentro","Ramos cantante","Real Madrid","redes Sociales","respeto entre rivales","retiro Busquets","rivalidad deportiva","Sergio Busquets","Sergio Ramos","single de Sergio Ramos"],"articleSection":["Deportes","Noticias","Noticias Internacionales"],"inLanguage":"es","potentialAction":[{"@type":"CommentAction","name":"Comment","target":["https:\/\/www.cuballama.com\/noticias\/sergio-ramos-despide-a-busquets-pero-le-piden-de-favor-que-no-le-cante\/#respond"]}]},{"@type":"WebPage","@id":"https:\/\/www.cuballama.com\/noticias\/sergio-ramos-despide-a-busquets-pero-le-piden-de-favor-que-no-le-cante\/","url":"https:\/\/www.cuballama.com\/noticias\/sergio-ramos-despide-a-busquets-pero-le-piden-de-favor-que-no-le-cante\/","name":"Sergio Ramos despide a Busquets, pero le piden de favor que no le cante - Cuballama Noticias","isPartOf":{"@id":"https:\/\/www.cuballama.com\/noticias\/#website"},"primaryImageOfPage":{"@id":"https:\/\/www.cuballama.com\/noticias\/sergio-ramos-despide-a-busquets-pero-le-piden-de-favor-que-no-le-cante\/#primaryimage"},"image":{"@id":"https:\/\/www.cuballama.com\/noticias\/sergio-ramos-despide-a-busquets-pero-le-piden-de-favor-que-no-le-cante\/#primaryimage"},"thumbnailUrl":"https:\/\/cdn1.mediawpaccore.net\/wp-content\/uploads\/2025\/09\/26090216\/image-141.png","datePublished":"2025-09-26T13:32:22+00:00","dateModified":"2025-09-26T13:32:25+00:00","description":"Sergio Ramos se despide como todo un mariscal del arquitecto del f\u00fatbol espa\u00f1ol, Sergio Busquets. Eran rivales en la Liga, pero no en la Roja","breadcrumb":{"@id":"https:\/\/www.cuballama.com\/noticias\/sergio-ramos-despide-a-busquets-pero-le-piden-de-favor-que-no-le-cante\/#breadcrumb"},"inLanguage":"es","potentialAction":[{"@type":"ReadAction","target":["https:\/\/www.cuballama.com\/noticias\/sergio-ramos-despide-a-busquets-pero-le-piden-de-favor-que-no-le-cante\/"]}]},{"@type":"ImageObject","inLanguage":"es","@id":"https:\/\/www.cuballama.com\/noticias\/sergio-ramos-despide-a-busquets-pero-le-piden-de-favor-que-no-le-cante\/#primaryimage","url":"https:\/\/cdn1.mediawpaccore.net\/wp-content\/uploads\/2025\/09\/26090216\/image-141.png","contentUrl":"https:\/\/cdn1.mediawpaccore.net\/wp-content\/uploads\/2025\/09\/26090216\/image-141.png","width":1972,"height":1034,"caption":"Foto: Collage v\u00eda Sergio Ramos \/ Facebook"},{"@type":"BreadcrumbList","@id":"https:\/\/www.cuballama.com\/noticias\/sergio-ramos-despide-a-busquets-pero-le-piden-de-favor-que-no-le-cante\/#breadcrumb","itemListElement":[{"@type":"ListItem","position":1,"name":"Home","item":"https:\/\/www.cuballama.com\/noticias\/"},{"@type":"ListItem","position":2,"name":"Sergio Ramos despide a Busquets, pero le piden de favor que no le cante"}]},{"@type":"WebSite","@id":"https:\/\/www.cuballama.com\/noticias\/#website","url":"https:\/\/www.cuballama.com\/noticias\/","name":"Cuballama Noticias","description":"Medio digital sobre Cuba y el mundo","publisher":{"@id":"https:\/\/www.cuballama.com\/noticias\/#organization"},"potentialAction":[{"@type":"SearchAction","target":{"@type":"EntryPoint","urlTemplate":"https:\/\/www.cuballama.com\/noticias\/?s={search_term_string}"},"query-input":{"@type":"PropertyValueSpecification","valueRequired":true,"valueName":"search_term_string"}}],"inLanguage":"es"},{"@type":"Organization","@id":"https:\/\/www.cuballama.com\/noticias\/#organization","name":"Cuballama","url":"https:\/\/www.cuballama.com\/noticias\/","logo":{"@type":"ImageObject","inLanguage":"es","@id":"https:\/\/www.cuballama.com\/noticias\/#\/schema\/logo\/image\/","url":"https:\/\/cdn1.mediawpaccore.net\/wp-content\/uploads\/2021\/12\/28171206\/cbll-logo-color-sm.png","contentUrl":"https:\/\/cdn1.mediawpaccore.net\/wp-content\/uploads\/2021\/12\/28171206\/cbll-logo-color-sm.png","width":600,"height":133,"caption":"Cuballama"},"image":{"@id":"https:\/\/www.cuballama.com\/noticias\/#\/schema\/logo\/image\/"},"sameAs":["https:\/\/www.facebook.com\/CubaLlama","https:\/\/x.com\/cuballama","https:\/\/www.instagram.com\/stories\/cuballama_oficial\/","https:\/\/www.youtube.com\/channel\/UCKkFE-d_axENGZcrc4as0IA"]},{"@type":"Person","@id":"https:\/\/www.cuballama.com\/noticias\/#\/schema\/person\/a58502ed4146c8e9f83872e897c76cd2","name":"Roberto A.","description":"Roberto A. Periodista por decisi\u00f3n propia. Interesado en cualquier tema que me apasione y cada vez m\u00e1s comprometido con la verdad y la objetividad period\u00edstica. Graduado en La Habana hace ya muchos a\u00f1os, luego de una accidentada y polvorienta b\u00fasqueda de informaci\u00f3n sobre un tema in\u00e9dito. La Tesis, por cierto, desapareci\u00f3 de la biblioteca y no se conservan copias de la misma.","url":"https:\/\/www.cuballama.com\/noticias\/author\/roberto\/"}]}},"_links":{"self":[{"href":"https:\/\/www.cuballama.com\/noticias\/wp-json\/wp\/v2\/posts\/220862","targetHints":{"allow":["GET"]}}],"collection":[{"href":"https:\/\/www.cuballama.com\/noticias\/wp-json\/wp\/v2\/posts"}],"about":[{"href":"https:\/\/www.cuballama.com\/noticias\/wp-json\/wp\/v2\/types\/post"}],"author":[{"embeddable":true,"href":"https:\/\/www.cuballama.com\/noticias\/wp-json\/wp\/v2\/users\/13"}],"replies":[{"embeddable":true,"href":"https:\/\/www.cuballama.com\/noticias\/wp-json\/wp\/v2\/comments?post=220862"}],"version-history":[{"count":1,"href":"https:\/\/www.cuballama.com\/noticias\/wp-json\/wp\/v2\/posts\/220862\/revisions"}],"predecessor-version":[{"id":220866,"href":"https:\/\/www.cuballama.com\/noticias\/wp-json\/wp\/v2\/posts\/220862\/revisions\/220866"}],"wp:featuredmedia":[{"embeddable":true,"href":"https:\/\/www.cuballama.com\/noticias\/wp-json\/wp\/v2\/media\/220864"}],"wp:attachment":[{"href":"https:\/\/www.cuballama.com\/noticias\/wp-json\/wp\/v2\/media?parent=220862"}],"wp:term":[{"taxonomy":"category","embeddable":true,"href":"https:\/\/www.cuballama.com\/noticias\/wp-json\/wp\/v2\/categories?post=220862"},{"taxonomy":"post_tag","embeddable":true,"href":"https:\/\/www.cuballama.com\/noticias\/wp-json\/wp\/v2\/tags?post=220862"}],"curies":[{"name":"wp","href":"https:\/\/api.w.org\/{rel}","templated":true}]}}