{"id":220753,"date":"2025-09-25T15:53:46","date_gmt":"2025-09-25T19:53:46","guid":{"rendered":"https:\/\/www.cuballama.com\/noticias\/?p=220753"},"modified":"2025-09-25T15:53:49","modified_gmt":"2025-09-25T19:53:49","slug":"surge-la-tormenta-tropical-humberto-y-es-posible-surja-imelda-al-lado-del-oriente-de-cuba-y-cerca-del-sur-de-la-florida","status":"publish","type":"post","link":"https:\/\/www.cuballama.com\/noticias\/surge-la-tormenta-tropical-humberto-y-es-posible-surja-imelda-al-lado-del-oriente-de-cuba-y-cerca-del-sur-de-la-florida\/","title":{"rendered":"Surge la tormenta tropical Humberto y es posible surja Imelda, al lado del Oriente de Cuba y cerca del Sur de la Florida"},"content":{"rendered":"\n<p>La jornada amaneci\u00f3 con un cambio clave en el mapa: el disturbio del Atl\u00e1ntico central ya es <strong>tormenta tropical Humberto<\/strong>, con perspectiva de fortalecimiento en los pr\u00f3ximos d\u00edas, mientras el sistema m\u00e1s cercano al Caribe \u2014<strong>Invest 94L<\/strong>, sobre La Espa\u00f1ola\u2014 seguir\u00e1 \u201cexprimiendo\u201d lluvias y r\u00e1fagas hacia el oriente cubano y las Bahamas.  <\/p>\n\n\n\n<p>El <a href=\"https:\/\/www.nhc.noaa.gov\/text\/refresh\/MIATCPAT3%2Bshtml\/250251.shtml\" target=\"_blank\" rel=\"noreferrer noopener nofollow\"><strong>Centro Nacional de Huracanes (NHC)<\/strong> <\/a>confirm\u00f3 a primera hora de este jueves que Humberto, la octava tormenta nombrada de la temporada, continuar\u00e1 organiz\u00e1ndose a medida que avanza al noroeste en mar abierto. <\/p>\n\n\n\n<p>Por ahora, <strong>no hay alertas costeras<\/strong> vinculadas directamente a ese cicl\u00f3n, y seg\u00fan la trayectoria prevista se inclinar\u00e1 en las pr\u00f3ximas horas al Norte, pero su presencia modula el patr\u00f3n regional y a\u00f1ade incertidumbre a la evoluci\u00f3n de 94L, que si se convierte en tormenta tropical llevar\u00e1 el nombre de \u00abImelda\u00bb. <\/p>\n\n\n\n<figure class=\"wp-block-image size-large\"><img loading=\"lazy\" decoding=\"async\" width=\"1024\" height=\"762\" src=\"https:\/\/cdn1.mediawpaccore.net\/wp-content\/uploads\/2025\/09\/25104631\/image-129-1024x762.png\" alt=\"\" class=\"wp-image-220794\" srcset=\"https:\/\/cdn1.mediawpaccore.net\/wp-content\/uploads\/2025\/09\/25104631\/image-129-1024x762.png 1024w, https:\/\/cdn1.mediawpaccore.net\/wp-content\/uploads\/2025\/09\/25104631\/image-129-300x223.png 300w, https:\/\/cdn1.mediawpaccore.net\/wp-content\/uploads\/2025\/09\/25104631\/image-129-768x571.png 768w, https:\/\/cdn1.mediawpaccore.net\/wp-content\/uploads\/2025\/09\/25104631\/image-129-1536x1142.png 1536w, https:\/\/cdn1.mediawpaccore.net\/wp-content\/uploads\/2025\/09\/25104631\/image-129-565x420.png 565w, https:\/\/cdn1.mediawpaccore.net\/wp-content\/uploads\/2025\/09\/25104631\/image-129-80x60.png 80w, https:\/\/cdn1.mediawpaccore.net\/wp-content\/uploads\/2025\/09\/25104631\/image-129-150x112.png 150w, https:\/\/cdn1.mediawpaccore.net\/wp-content\/uploads\/2025\/09\/25104631\/image-129-485x360.png 485w, https:\/\/cdn1.mediawpaccore.net\/wp-content\/uploads\/2025\/09\/25104631\/image-129-696x518.png 696w, https:\/\/cdn1.mediawpaccore.net\/wp-content\/uploads\/2025\/09\/25104631\/image-129-1068x794.png 1068w, https:\/\/cdn1.mediawpaccore.net\/wp-content\/uploads\/2025\/09\/25104631\/image-129.png 1772w\" sizes=\"auto, (max-width: 1024px) 100vw, 1024px\" \/><figcaption class=\"wp-element-caption\">Humberto y su futura trayectoria en los pr\u00f3ximos d\u00edas. Gr\u00e1fico v\u00eda NHC.<\/figcaption><\/figure>\n\n\n\n<p>\u00bfQu\u00e9 implica esto para Cuba oriental y el sur de Florida? <\/p>\n\n\n\n<p>A muy corto plazo, el riesgo por precipitaci\u00f3n se mantiene y aumenta en ventanas de 24\u201372 horas. <a href=\"https:\/\/weather.com\/storms\/hurricane\/news\/2025-09-25-humberto-imelda-tropical-storm-hurricane-us-bahamas-bermuda\" target=\"_blank\" rel=\"noreferrer noopener nofollow\"><strong><em>Weather.com<\/em><\/strong> <\/a>detalla que 94L est\u00e1 dejando aguaceros con acumulados localmente fuertes en Rep\u00fablica Dominicana y Hait\u00ed, con la actividad propag\u00e1ndose hacia Cuba oriental (Guant\u00e1namo, Santiago, Granma, Holgu\u00edn) y el arco de Bahamas. Si la perturbaci\u00f3n termina de organizarse \u2014con alta probabilidad de desarrollo en 2 a 7 d\u00edas\u2014 podr\u00eda convertirse en la pr\u00f3xima depresi\u00f3n\/tormenta del Atl\u00e1ntico occidental, lo que reforzar\u00eda bandas convectivas, vientos en rachas y mala mar sobre la regi\u00f3n.<\/p>\n\n\n\n<figure class=\"wp-block-image size-large\"><img loading=\"lazy\" decoding=\"async\" width=\"1024\" height=\"758\" src=\"https:\/\/cdn1.mediawpaccore.net\/wp-content\/uploads\/2025\/09\/25104652\/image-130-1024x758.png\" alt=\"\" class=\"wp-image-220795\" srcset=\"https:\/\/cdn1.mediawpaccore.net\/wp-content\/uploads\/2025\/09\/25104652\/image-130-1024x758.png 1024w, https:\/\/cdn1.mediawpaccore.net\/wp-content\/uploads\/2025\/09\/25104652\/image-130-300x222.png 300w, https:\/\/cdn1.mediawpaccore.net\/wp-content\/uploads\/2025\/09\/25104652\/image-130-768x568.png 768w, https:\/\/cdn1.mediawpaccore.net\/wp-content\/uploads\/2025\/09\/25104652\/image-130-1536x1137.png 1536w, https:\/\/cdn1.mediawpaccore.net\/wp-content\/uploads\/2025\/09\/25104652\/image-130-568x420.png 568w, https:\/\/cdn1.mediawpaccore.net\/wp-content\/uploads\/2025\/09\/25104652\/image-130-80x60.png 80w, https:\/\/cdn1.mediawpaccore.net\/wp-content\/uploads\/2025\/09\/25104652\/image-130-150x111.png 150w, https:\/\/cdn1.mediawpaccore.net\/wp-content\/uploads\/2025\/09\/25104652\/image-130-485x360.png 485w, https:\/\/cdn1.mediawpaccore.net\/wp-content\/uploads\/2025\/09\/25104652\/image-130-696x515.png 696w, https:\/\/cdn1.mediawpaccore.net\/wp-content\/uploads\/2025\/09\/25104652\/image-130-1068x790.png 1068w, https:\/\/cdn1.mediawpaccore.net\/wp-content\/uploads\/2025\/09\/25104652\/image-130.png 1800w\" sizes=\"auto, (max-width: 1024px) 100vw, 1024px\" \/><figcaption class=\"wp-element-caption\">Gr\u00e1fico que muestra a Humberto y a Invest94L, que muy probablemente se convierta en la tormenta tropical Imelda.<\/figcaption><\/figure>\n\n\n\n<p>La <strong><a href=\"https:\/\/forecast.weather.gov\/product.php?format=CI&amp;glossary=1&amp;issuedby=mfl&amp;product=AFD&amp;site=NWS&amp;version=1\" target=\"_blank\" rel=\"noreferrer noopener nofollow\">Oficina de Miami del Servicio Nacional de Meteorolog\u00eda<\/a><\/strong> describe un escenario de \u201ctiempo revuelto\u201d en el sur de la Florida: aire tropical muy h\u00famedo, tormentas de la tarde con potencial de acumulados puntualmente altos, y un frente d\u00e9bil tendiendo a estacionarse m\u00e1s al norte, ingrediente suficiente para activar c\u00e9lulas fuertes en el litoral atl\u00e1ntico (encharcamientos r\u00e1pidos en zonas de drenaje deficiente, pasos a desnivel y avenidas). Ese tel\u00f3n de fondo puede verse amplificado si 94L se organiza cerca de Bahamas, aumentando gradiente de presi\u00f3n, viento costero y oleaje en el Atl\u00e1ntico sur de Florida. <\/p>\n\n\n\n<iframe loading=\"lazy\" src=\"https:\/\/www.facebook.com\/plugins\/post.php?href=https%3A%2F%2Fwww.facebook.com%2FMisterWeatherman%2Fposts%2Fpfbid0xGJHkmdRj7u7J91adBgcEzPSK6iSAaihPX6bzrqHN79Egdqr1ycCNG8QDgdyz7JQl&#038;show_text=true&#038;width=500\" width=\"500\" height=\"786\" style=\"border:none;overflow:hidden\" scrolling=\"no\" frameborder=\"0\" allowfullscreen=\"true\" allow=\"autoplay; clipboard-write; encrypted-media; picture-in-picture; web-share\"><\/iframe>\n\n\n\n<p>Los productos del <strong><a href=\"https:\/\/www.wpc.ncep.noaa.gov\/qpf\/ero.php?day=1\" target=\"_blank\" rel=\"noreferrer noopener nofollow\">Weather Prediction Center (WPC)<\/a><\/strong> incluyen franjas del estado dentro de su <em>Excessive Rainfall Outlook<\/em> (D\u00edas 1\u20132), una se\u00f1al de que existen probabilidades no despreciables de que la lluvia supere los umbrales de escorrent\u00eda en lapsos de 1 a 6 horas. En el contexto actual \u2014humedad saturada, forzamiento local y bandas externas de un disturbio tropical\u2014 las inundaciones urbanas repentinas son el peligro m\u00e1s inmediato, incluso sin un impacto cicl\u00f3nico directo. Recomendaci\u00f3n pr\u00e1ctica: evitar conducir sobre calles anegadas, revisar desag\u00fces en patios y comunidades bajas y seguir avisos locales.<\/p>\n\n\n\n<iframe loading=\"lazy\" width=\"1179\" height=\"663\" src=\"https:\/\/www.youtube.com\/embed\/fNCtkJ2vAvE\" title=\"Hurricane Threat is Higher of the US East Coast and The Bahamas...\" frameborder=\"0\" allow=\"accelerometer; autoplay; clipboard-write; encrypted-media; gyroscope; picture-in-picture; web-share\" referrerpolicy=\"strict-origin-when-cross-origin\" allowfullscreen><\/iframe>\n\n\n\n<p>Del lado cubano, el <strong><em><a href=\"https:\/\/www.insmet.cu\/asp\/genesis.asp?TB0=PLANTILLAS&amp;TB1=AVISO2&amp;TB2=0\" target=\"_blank\" rel=\"noreferrer noopener nofollow\">INSMET<\/a><\/em><\/strong> ya identifica en su parte oficial a <strong>Humberto<\/strong> en el Atl\u00e1ntico y mantiene vigilancia sobre el patr\u00f3n de lluvias que se desplazar\u00e1 hacia el oriente del pa\u00eds a medida que 94L avance desde La Espa\u00f1ola y el sureste de Bahamas. Aunque la trayectoria e intensidad del disturbio seguir\u00e1n ajust\u00e1ndose con las pr\u00f3ximas salidas de modelos, el mensaje operacional es claro: el impacto por precipitaci\u00f3n es inminente en ambas orillas del Estrecho de la Florida. <\/p>\n\n\n\n<iframe loading=\"lazy\" src=\"https:\/\/www.facebook.com\/plugins\/video.php?height=314&#038;href=https%3A%2F%2Fwww.facebook.com%2Freel%2F1801879687870965%2F&#038;show_text=true&#038;width=560&#038;t=0\" width=\"560\" height=\"429\" style=\"border:none;overflow:hidden\" scrolling=\"no\" frameborder=\"0\" allowfullscreen=\"true\" allow=\"autoplay; clipboard-write; encrypted-media; picture-in-picture; web-share\" allowFullScreen=\"true\"><\/iframe>\n","protected":false},"excerpt":{"rendered":"<p>En s\u00edntesis: Humberto ya est\u00e1 en el mapa (lejos, pero influyente); 94L es el actor cercano que pondr\u00e1 la lluvia sobre Cuba oriental y, por arrastre e interacci\u00f3n con un frente d\u00e9bil, mantendr\u00e1 jornadas h\u00famedas y tormentosas en el sur de Florida. Siga los boletines del NHC, del WPC y de su servicio meteorol\u00f3gico local para actualizaciones de corto plazo y posibles avisos por inundaciones. <\/p>\n","protected":false},"author":13,"featured_media":220800,"comment_status":"open","ping_status":"closed","sticky":false,"template":"","format":"standard","meta":{"_acf_changed":false,"footnotes":""},"categories":[18,955,954],"tags":[472,27911,3874,1805,1151,1681,13144,27913,8675,27914,27912,25209,256,10883,27916,26825,4098,160,16470,24872,10998],"class_list":{"0":"post-220753","1":"post","2":"type-post","3":"status-publish","4":"format-standard","5":"has-post-thumbnail","7":"category-noticias","8":"category-noticias-de-cuba","9":"category-noticias-de-florida","10":"tag-bahamas","11":"tag-cuba-oriental","12":"tag-frente-frio","13":"tag-granma","14":"tag-guantanamo","15":"tag-haiti","16":"tag-holguin-2","17":"tag-humberto","18":"tag-insmet","19":"tag-inundaciones-urbanas","20":"tag-invest-94l","21":"tag-lluvias-intensas","22":"tag-miami","23":"tag-nhc","24":"tag-oleaje","25":"tag-pronostico","26":"tag-republica-dominicana","27":"tag-santiago-de-cuba","28":"tag-sur-de-florida","29":"tag-temporada-ciclonica-2025","30":"tag-tormenta-tropical"},"acf":[],"yoast_head":"<!-- This site is optimized with the Yoast SEO plugin v27.5 - https:\/\/yoast.com\/product\/yoast-seo-wordpress\/ -->\n<title>Surge la tormenta tropical Humberto y es posible surja Imelda, al lado del Oriente de Cuba y cerca del Sur de la Florida - Cuballama Noticias<\/title>\n<meta name=\"description\" content=\"Ya surgi\u00f3 la tormenta tropical Humberto y muy pronto tendremos a Imelda. Esta \u00faltima traer\u00e1 lluvias, vientos y marejadas en oriente de Cuba\" \/>\n<meta name=\"robots\" content=\"index, follow, max-snippet:-1, max-image-preview:large, max-video-preview:-1\" \/>\n<link rel=\"canonical\" href=\"https:\/\/www.cuballama.com\/noticias\/surge-la-tormenta-tropical-humberto-y-es-posible-surja-imelda-al-lado-del-oriente-de-cuba-y-cerca-del-sur-de-la-florida\/\" \/>\n<meta property=\"og:locale\" content=\"es_ES\" \/>\n<meta property=\"og:type\" content=\"article\" \/>\n<meta property=\"og:title\" content=\"Surge la tormenta tropical Humberto y es posible surja Imelda, al lado del Oriente de Cuba y cerca del Sur de la Florida - Cuballama Noticias\" \/>\n<meta property=\"og:description\" content=\"Ya surgi\u00f3 la tormenta tropical Humberto y muy pronto tendremos a Imelda. Esta \u00faltima traer\u00e1 lluvias, vientos y marejadas en oriente de Cuba\" \/>\n<meta property=\"og:url\" content=\"https:\/\/www.cuballama.com\/noticias\/surge-la-tormenta-tropical-humberto-y-es-posible-surja-imelda-al-lado-del-oriente-de-cuba-y-cerca-del-sur-de-la-florida\/\" \/>\n<meta property=\"og:site_name\" content=\"Cuballama Noticias\" \/>\n<meta property=\"article:publisher\" content=\"https:\/\/www.facebook.com\/CubaLlama\" \/>\n<meta property=\"article:published_time\" content=\"2025-09-25T19:53:46+00:00\" \/>\n<meta property=\"article:modified_time\" content=\"2025-09-25T19:53:49+00:00\" \/>\n<meta property=\"og:image\" content=\"https:\/\/cdn1.mediawpaccore.net\/wp-content\/uploads\/2025\/09\/25105512\/image-133-1024x503.png\" \/>\n\t<meta property=\"og:image:width\" content=\"1024\" \/>\n\t<meta property=\"og:image:height\" content=\"503\" \/>\n\t<meta property=\"og:image:type\" content=\"image\/png\" \/>\n<meta name=\"author\" content=\"Roberto A.\" \/>\n<meta name=\"twitter:card\" content=\"summary_large_image\" \/>\n<meta name=\"twitter:creator\" content=\"@cuballama\" \/>\n<meta name=\"twitter:site\" content=\"@cuballama\" \/>\n<meta name=\"twitter:label1\" content=\"Escrito por\" \/>\n\t<meta name=\"twitter:data1\" content=\"Roberto A.\" \/>\n\t<meta name=\"twitter:label2\" content=\"Tiempo de lectura\" \/>\n\t<meta name=\"twitter:data2\" content=\"4 minutos\" \/>\n<script type=\"application\/ld+json\" class=\"yoast-schema-graph\">{\"@context\":\"https:\\\/\\\/schema.org\",\"@graph\":[{\"@type\":\"Article\",\"@id\":\"https:\\\/\\\/www.cuballama.com\\\/noticias\\\/surge-la-tormenta-tropical-humberto-y-es-posible-surja-imelda-al-lado-del-oriente-de-cuba-y-cerca-del-sur-de-la-florida\\\/#article\",\"isPartOf\":{\"@id\":\"https:\\\/\\\/www.cuballama.com\\\/noticias\\\/surge-la-tormenta-tropical-humberto-y-es-posible-surja-imelda-al-lado-del-oriente-de-cuba-y-cerca-del-sur-de-la-florida\\\/\"},\"author\":{\"name\":\"Roberto A.\",\"@id\":\"https:\\\/\\\/www.cuballama.com\\\/noticias\\\/#\\\/schema\\\/person\\\/a58502ed4146c8e9f83872e897c76cd2\"},\"headline\":\"Surge la tormenta tropical Humberto y es posible surja Imelda, al lado del Oriente de Cuba y cerca del Sur de la Florida\",\"datePublished\":\"2025-09-25T19:53:46+00:00\",\"dateModified\":\"2025-09-25T19:53:49+00:00\",\"mainEntityOfPage\":{\"@id\":\"https:\\\/\\\/www.cuballama.com\\\/noticias\\\/surge-la-tormenta-tropical-humberto-y-es-posible-surja-imelda-al-lado-del-oriente-de-cuba-y-cerca-del-sur-de-la-florida\\\/\"},\"wordCount\":607,\"commentCount\":0,\"publisher\":{\"@id\":\"https:\\\/\\\/www.cuballama.com\\\/noticias\\\/#organization\"},\"image\":{\"@id\":\"https:\\\/\\\/www.cuballama.com\\\/noticias\\\/surge-la-tormenta-tropical-humberto-y-es-posible-surja-imelda-al-lado-del-oriente-de-cuba-y-cerca-del-sur-de-la-florida\\\/#primaryimage\"},\"thumbnailUrl\":\"https:\\\/\\\/cdn1.mediawpaccore.net\\\/wp-content\\\/uploads\\\/2025\\\/09\\\/25105512\\\/image-133.png\",\"keywords\":[\"Bahamas\",\"Cuba oriental\",\"Frente fr\u00edo\",\"Granma\",\"Guant\u00e1namo\",\"Hait\u00ed\",\"Holgu\u00edn\",\"Humberto\",\"INSMET\",\"inundaciones urbanas\",\"Invest 94L\",\"lluvias intensas\",\"Miami\",\"NHC\",\"oleaje\",\"pron\u00f3stico\",\"Rep\u00fablica Dominicana\",\"Santiago de Cuba\",\"Sur de Florida\",\"temporada cicl\u00f3nica 2025\",\"tormenta tropical\"],\"articleSection\":[\"Noticias\",\"Noticias de Cuba\",\"Noticias de Florida\"],\"inLanguage\":\"es\",\"potentialAction\":[{\"@type\":\"CommentAction\",\"name\":\"Comment\",\"target\":[\"https:\\\/\\\/www.cuballama.com\\\/noticias\\\/surge-la-tormenta-tropical-humberto-y-es-posible-surja-imelda-al-lado-del-oriente-de-cuba-y-cerca-del-sur-de-la-florida\\\/#respond\"]}]},{\"@type\":\"WebPage\",\"@id\":\"https:\\\/\\\/www.cuballama.com\\\/noticias\\\/surge-la-tormenta-tropical-humberto-y-es-posible-surja-imelda-al-lado-del-oriente-de-cuba-y-cerca-del-sur-de-la-florida\\\/\",\"url\":\"https:\\\/\\\/www.cuballama.com\\\/noticias\\\/surge-la-tormenta-tropical-humberto-y-es-posible-surja-imelda-al-lado-del-oriente-de-cuba-y-cerca-del-sur-de-la-florida\\\/\",\"name\":\"Surge la tormenta tropical Humberto y es posible surja Imelda, al lado del Oriente de Cuba y cerca del Sur de la Florida - Cuballama Noticias\",\"isPartOf\":{\"@id\":\"https:\\\/\\\/www.cuballama.com\\\/noticias\\\/#website\"},\"primaryImageOfPage\":{\"@id\":\"https:\\\/\\\/www.cuballama.com\\\/noticias\\\/surge-la-tormenta-tropical-humberto-y-es-posible-surja-imelda-al-lado-del-oriente-de-cuba-y-cerca-del-sur-de-la-florida\\\/#primaryimage\"},\"image\":{\"@id\":\"https:\\\/\\\/www.cuballama.com\\\/noticias\\\/surge-la-tormenta-tropical-humberto-y-es-posible-surja-imelda-al-lado-del-oriente-de-cuba-y-cerca-del-sur-de-la-florida\\\/#primaryimage\"},\"thumbnailUrl\":\"https:\\\/\\\/cdn1.mediawpaccore.net\\\/wp-content\\\/uploads\\\/2025\\\/09\\\/25105512\\\/image-133.png\",\"datePublished\":\"2025-09-25T19:53:46+00:00\",\"dateModified\":\"2025-09-25T19:53:49+00:00\",\"description\":\"Ya surgi\u00f3 la tormenta tropical Humberto y muy pronto tendremos a Imelda. Esta \u00faltima traer\u00e1 lluvias, vientos y marejadas en oriente de Cuba\",\"breadcrumb\":{\"@id\":\"https:\\\/\\\/www.cuballama.com\\\/noticias\\\/surge-la-tormenta-tropical-humberto-y-es-posible-surja-imelda-al-lado-del-oriente-de-cuba-y-cerca-del-sur-de-la-florida\\\/#breadcrumb\"},\"inLanguage\":\"es\",\"potentialAction\":[{\"@type\":\"ReadAction\",\"target\":[\"https:\\\/\\\/www.cuballama.com\\\/noticias\\\/surge-la-tormenta-tropical-humberto-y-es-posible-surja-imelda-al-lado-del-oriente-de-cuba-y-cerca-del-sur-de-la-florida\\\/\"]}]},{\"@type\":\"ImageObject\",\"inLanguage\":\"es\",\"@id\":\"https:\\\/\\\/www.cuballama.com\\\/noticias\\\/surge-la-tormenta-tropical-humberto-y-es-posible-surja-imelda-al-lado-del-oriente-de-cuba-y-cerca-del-sur-de-la-florida\\\/#primaryimage\",\"url\":\"https:\\\/\\\/cdn1.mediawpaccore.net\\\/wp-content\\\/uploads\\\/2025\\\/09\\\/25105512\\\/image-133.png\",\"contentUrl\":\"https:\\\/\\\/cdn1.mediawpaccore.net\\\/wp-content\\\/uploads\\\/2025\\\/09\\\/25105512\\\/image-133.png\",\"width\":2024,\"height\":994,\"caption\":\"Gr\u00e1fico v\u00eda Bryan Shields \\\/ Facebook\"},{\"@type\":\"BreadcrumbList\",\"@id\":\"https:\\\/\\\/www.cuballama.com\\\/noticias\\\/surge-la-tormenta-tropical-humberto-y-es-posible-surja-imelda-al-lado-del-oriente-de-cuba-y-cerca-del-sur-de-la-florida\\\/#breadcrumb\",\"itemListElement\":[{\"@type\":\"ListItem\",\"position\":1,\"name\":\"Home\",\"item\":\"https:\\\/\\\/www.cuballama.com\\\/noticias\\\/\"},{\"@type\":\"ListItem\",\"position\":2,\"name\":\"Surge la tormenta tropical Humberto y es posible surja Imelda, al lado del Oriente de Cuba y cerca del Sur de la Florida\"}]},{\"@type\":\"WebSite\",\"@id\":\"https:\\\/\\\/www.cuballama.com\\\/noticias\\\/#website\",\"url\":\"https:\\\/\\\/www.cuballama.com\\\/noticias\\\/\",\"name\":\"Cuballama Noticias\",\"description\":\"Medio digital sobre Cuba y el mundo\",\"publisher\":{\"@id\":\"https:\\\/\\\/www.cuballama.com\\\/noticias\\\/#organization\"},\"potentialAction\":[{\"@type\":\"SearchAction\",\"target\":{\"@type\":\"EntryPoint\",\"urlTemplate\":\"https:\\\/\\\/www.cuballama.com\\\/noticias\\\/?s={search_term_string}\"},\"query-input\":{\"@type\":\"PropertyValueSpecification\",\"valueRequired\":true,\"valueName\":\"search_term_string\"}}],\"inLanguage\":\"es\"},{\"@type\":\"Organization\",\"@id\":\"https:\\\/\\\/www.cuballama.com\\\/noticias\\\/#organization\",\"name\":\"Cuballama\",\"url\":\"https:\\\/\\\/www.cuballama.com\\\/noticias\\\/\",\"logo\":{\"@type\":\"ImageObject\",\"inLanguage\":\"es\",\"@id\":\"https:\\\/\\\/www.cuballama.com\\\/noticias\\\/#\\\/schema\\\/logo\\\/image\\\/\",\"url\":\"https:\\\/\\\/cdn1.mediawpaccore.net\\\/wp-content\\\/uploads\\\/2021\\\/12\\\/28171206\\\/cbll-logo-color-sm.png\",\"contentUrl\":\"https:\\\/\\\/cdn1.mediawpaccore.net\\\/wp-content\\\/uploads\\\/2021\\\/12\\\/28171206\\\/cbll-logo-color-sm.png\",\"width\":600,\"height\":133,\"caption\":\"Cuballama\"},\"image\":{\"@id\":\"https:\\\/\\\/www.cuballama.com\\\/noticias\\\/#\\\/schema\\\/logo\\\/image\\\/\"},\"sameAs\":[\"https:\\\/\\\/www.facebook.com\\\/CubaLlama\",\"https:\\\/\\\/x.com\\\/cuballama\",\"https:\\\/\\\/www.instagram.com\\\/stories\\\/cuballama_oficial\\\/\",\"https:\\\/\\\/www.youtube.com\\\/channel\\\/UCKkFE-d_axENGZcrc4as0IA\"]},{\"@type\":\"Person\",\"@id\":\"https:\\\/\\\/www.cuballama.com\\\/noticias\\\/#\\\/schema\\\/person\\\/a58502ed4146c8e9f83872e897c76cd2\",\"name\":\"Roberto A.\",\"description\":\"Roberto A. Periodista por decisi\u00f3n propia. Interesado en cualquier tema que me apasione y cada vez m\u00e1s comprometido con la verdad y la objetividad period\u00edstica. Graduado en La Habana hace ya muchos a\u00f1os, luego de una accidentada y polvorienta b\u00fasqueda de informaci\u00f3n sobre un tema in\u00e9dito. La Tesis, por cierto, desapareci\u00f3 de la biblioteca y no se conservan copias de la misma.\",\"url\":\"https:\\\/\\\/www.cuballama.com\\\/noticias\\\/author\\\/roberto\\\/\"}]}<\/script>\n<!-- \/ Yoast SEO plugin. -->","yoast_head_json":{"title":"Surge la tormenta tropical Humberto y es posible surja Imelda, al lado del Oriente de Cuba y cerca del Sur de la Florida - Cuballama Noticias","description":"Ya surgi\u00f3 la tormenta tropical Humberto y muy pronto tendremos a Imelda. Esta \u00faltima traer\u00e1 lluvias, vientos y marejadas en oriente de Cuba","robots":{"index":"index","follow":"follow","max-snippet":"max-snippet:-1","max-image-preview":"max-image-preview:large","max-video-preview":"max-video-preview:-1"},"canonical":"https:\/\/www.cuballama.com\/noticias\/surge-la-tormenta-tropical-humberto-y-es-posible-surja-imelda-al-lado-del-oriente-de-cuba-y-cerca-del-sur-de-la-florida\/","og_locale":"es_ES","og_type":"article","og_title":"Surge la tormenta tropical Humberto y es posible surja Imelda, al lado del Oriente de Cuba y cerca del Sur de la Florida - Cuballama Noticias","og_description":"Ya surgi\u00f3 la tormenta tropical Humberto y muy pronto tendremos a Imelda. Esta \u00faltima traer\u00e1 lluvias, vientos y marejadas en oriente de Cuba","og_url":"https:\/\/www.cuballama.com\/noticias\/surge-la-tormenta-tropical-humberto-y-es-posible-surja-imelda-al-lado-del-oriente-de-cuba-y-cerca-del-sur-de-la-florida\/","og_site_name":"Cuballama Noticias","article_publisher":"https:\/\/www.facebook.com\/CubaLlama","article_published_time":"2025-09-25T19:53:46+00:00","article_modified_time":"2025-09-25T19:53:49+00:00","og_image":[{"width":1024,"height":503,"url":"https:\/\/cdn1.mediawpaccore.net\/wp-content\/uploads\/2025\/09\/25105512\/image-133-1024x503.png","type":"image\/png"}],"author":"Roberto A.","twitter_card":"summary_large_image","twitter_creator":"@cuballama","twitter_site":"@cuballama","twitter_misc":{"Escrito por":"Roberto A.","Tiempo de lectura":"4 minutos"},"schema":{"@context":"https:\/\/schema.org","@graph":[{"@type":"Article","@id":"https:\/\/www.cuballama.com\/noticias\/surge-la-tormenta-tropical-humberto-y-es-posible-surja-imelda-al-lado-del-oriente-de-cuba-y-cerca-del-sur-de-la-florida\/#article","isPartOf":{"@id":"https:\/\/www.cuballama.com\/noticias\/surge-la-tormenta-tropical-humberto-y-es-posible-surja-imelda-al-lado-del-oriente-de-cuba-y-cerca-del-sur-de-la-florida\/"},"author":{"name":"Roberto A.","@id":"https:\/\/www.cuballama.com\/noticias\/#\/schema\/person\/a58502ed4146c8e9f83872e897c76cd2"},"headline":"Surge la tormenta tropical Humberto y es posible surja Imelda, al lado del Oriente de Cuba y cerca del Sur de la Florida","datePublished":"2025-09-25T19:53:46+00:00","dateModified":"2025-09-25T19:53:49+00:00","mainEntityOfPage":{"@id":"https:\/\/www.cuballama.com\/noticias\/surge-la-tormenta-tropical-humberto-y-es-posible-surja-imelda-al-lado-del-oriente-de-cuba-y-cerca-del-sur-de-la-florida\/"},"wordCount":607,"commentCount":0,"publisher":{"@id":"https:\/\/www.cuballama.com\/noticias\/#organization"},"image":{"@id":"https:\/\/www.cuballama.com\/noticias\/surge-la-tormenta-tropical-humberto-y-es-posible-surja-imelda-al-lado-del-oriente-de-cuba-y-cerca-del-sur-de-la-florida\/#primaryimage"},"thumbnailUrl":"https:\/\/cdn1.mediawpaccore.net\/wp-content\/uploads\/2025\/09\/25105512\/image-133.png","keywords":["Bahamas","Cuba oriental","Frente fr\u00edo","Granma","Guant\u00e1namo","Hait\u00ed","Holgu\u00edn","Humberto","INSMET","inundaciones urbanas","Invest 94L","lluvias intensas","Miami","NHC","oleaje","pron\u00f3stico","Rep\u00fablica Dominicana","Santiago de Cuba","Sur de Florida","temporada cicl\u00f3nica 2025","tormenta tropical"],"articleSection":["Noticias","Noticias de Cuba","Noticias de Florida"],"inLanguage":"es","potentialAction":[{"@type":"CommentAction","name":"Comment","target":["https:\/\/www.cuballama.com\/noticias\/surge-la-tormenta-tropical-humberto-y-es-posible-surja-imelda-al-lado-del-oriente-de-cuba-y-cerca-del-sur-de-la-florida\/#respond"]}]},{"@type":"WebPage","@id":"https:\/\/www.cuballama.com\/noticias\/surge-la-tormenta-tropical-humberto-y-es-posible-surja-imelda-al-lado-del-oriente-de-cuba-y-cerca-del-sur-de-la-florida\/","url":"https:\/\/www.cuballama.com\/noticias\/surge-la-tormenta-tropical-humberto-y-es-posible-surja-imelda-al-lado-del-oriente-de-cuba-y-cerca-del-sur-de-la-florida\/","name":"Surge la tormenta tropical Humberto y es posible surja Imelda, al lado del Oriente de Cuba y cerca del Sur de la Florida - Cuballama Noticias","isPartOf":{"@id":"https:\/\/www.cuballama.com\/noticias\/#website"},"primaryImageOfPage":{"@id":"https:\/\/www.cuballama.com\/noticias\/surge-la-tormenta-tropical-humberto-y-es-posible-surja-imelda-al-lado-del-oriente-de-cuba-y-cerca-del-sur-de-la-florida\/#primaryimage"},"image":{"@id":"https:\/\/www.cuballama.com\/noticias\/surge-la-tormenta-tropical-humberto-y-es-posible-surja-imelda-al-lado-del-oriente-de-cuba-y-cerca-del-sur-de-la-florida\/#primaryimage"},"thumbnailUrl":"https:\/\/cdn1.mediawpaccore.net\/wp-content\/uploads\/2025\/09\/25105512\/image-133.png","datePublished":"2025-09-25T19:53:46+00:00","dateModified":"2025-09-25T19:53:49+00:00","description":"Ya surgi\u00f3 la tormenta tropical Humberto y muy pronto tendremos a Imelda. Esta \u00faltima traer\u00e1 lluvias, vientos y marejadas en oriente de Cuba","breadcrumb":{"@id":"https:\/\/www.cuballama.com\/noticias\/surge-la-tormenta-tropical-humberto-y-es-posible-surja-imelda-al-lado-del-oriente-de-cuba-y-cerca-del-sur-de-la-florida\/#breadcrumb"},"inLanguage":"es","potentialAction":[{"@type":"ReadAction","target":["https:\/\/www.cuballama.com\/noticias\/surge-la-tormenta-tropical-humberto-y-es-posible-surja-imelda-al-lado-del-oriente-de-cuba-y-cerca-del-sur-de-la-florida\/"]}]},{"@type":"ImageObject","inLanguage":"es","@id":"https:\/\/www.cuballama.com\/noticias\/surge-la-tormenta-tropical-humberto-y-es-posible-surja-imelda-al-lado-del-oriente-de-cuba-y-cerca-del-sur-de-la-florida\/#primaryimage","url":"https:\/\/cdn1.mediawpaccore.net\/wp-content\/uploads\/2025\/09\/25105512\/image-133.png","contentUrl":"https:\/\/cdn1.mediawpaccore.net\/wp-content\/uploads\/2025\/09\/25105512\/image-133.png","width":2024,"height":994,"caption":"Gr\u00e1fico v\u00eda Bryan Shields \/ Facebook"},{"@type":"BreadcrumbList","@id":"https:\/\/www.cuballama.com\/noticias\/surge-la-tormenta-tropical-humberto-y-es-posible-surja-imelda-al-lado-del-oriente-de-cuba-y-cerca-del-sur-de-la-florida\/#breadcrumb","itemListElement":[{"@type":"ListItem","position":1,"name":"Home","item":"https:\/\/www.cuballama.com\/noticias\/"},{"@type":"ListItem","position":2,"name":"Surge la tormenta tropical Humberto y es posible surja Imelda, al lado del Oriente de Cuba y cerca del Sur de la Florida"}]},{"@type":"WebSite","@id":"https:\/\/www.cuballama.com\/noticias\/#website","url":"https:\/\/www.cuballama.com\/noticias\/","name":"Cuballama Noticias","description":"Medio digital sobre Cuba y el mundo","publisher":{"@id":"https:\/\/www.cuballama.com\/noticias\/#organization"},"potentialAction":[{"@type":"SearchAction","target":{"@type":"EntryPoint","urlTemplate":"https:\/\/www.cuballama.com\/noticias\/?s={search_term_string}"},"query-input":{"@type":"PropertyValueSpecification","valueRequired":true,"valueName":"search_term_string"}}],"inLanguage":"es"},{"@type":"Organization","@id":"https:\/\/www.cuballama.com\/noticias\/#organization","name":"Cuballama","url":"https:\/\/www.cuballama.com\/noticias\/","logo":{"@type":"ImageObject","inLanguage":"es","@id":"https:\/\/www.cuballama.com\/noticias\/#\/schema\/logo\/image\/","url":"https:\/\/cdn1.mediawpaccore.net\/wp-content\/uploads\/2021\/12\/28171206\/cbll-logo-color-sm.png","contentUrl":"https:\/\/cdn1.mediawpaccore.net\/wp-content\/uploads\/2021\/12\/28171206\/cbll-logo-color-sm.png","width":600,"height":133,"caption":"Cuballama"},"image":{"@id":"https:\/\/www.cuballama.com\/noticias\/#\/schema\/logo\/image\/"},"sameAs":["https:\/\/www.facebook.com\/CubaLlama","https:\/\/x.com\/cuballama","https:\/\/www.instagram.com\/stories\/cuballama_oficial\/","https:\/\/www.youtube.com\/channel\/UCKkFE-d_axENGZcrc4as0IA"]},{"@type":"Person","@id":"https:\/\/www.cuballama.com\/noticias\/#\/schema\/person\/a58502ed4146c8e9f83872e897c76cd2","name":"Roberto A.","description":"Roberto A. Periodista por decisi\u00f3n propia. Interesado en cualquier tema que me apasione y cada vez m\u00e1s comprometido con la verdad y la objetividad period\u00edstica. Graduado en La Habana hace ya muchos a\u00f1os, luego de una accidentada y polvorienta b\u00fasqueda de informaci\u00f3n sobre un tema in\u00e9dito. La Tesis, por cierto, desapareci\u00f3 de la biblioteca y no se conservan copias de la misma.","url":"https:\/\/www.cuballama.com\/noticias\/author\/roberto\/"}]}},"_links":{"self":[{"href":"https:\/\/www.cuballama.com\/noticias\/wp-json\/wp\/v2\/posts\/220753","targetHints":{"allow":["GET"]}}],"collection":[{"href":"https:\/\/www.cuballama.com\/noticias\/wp-json\/wp\/v2\/posts"}],"about":[{"href":"https:\/\/www.cuballama.com\/noticias\/wp-json\/wp\/v2\/types\/post"}],"author":[{"embeddable":true,"href":"https:\/\/www.cuballama.com\/noticias\/wp-json\/wp\/v2\/users\/13"}],"replies":[{"embeddable":true,"href":"https:\/\/www.cuballama.com\/noticias\/wp-json\/wp\/v2\/comments?post=220753"}],"version-history":[{"count":5,"href":"https:\/\/www.cuballama.com\/noticias\/wp-json\/wp\/v2\/posts\/220753\/revisions"}],"predecessor-version":[{"id":220802,"href":"https:\/\/www.cuballama.com\/noticias\/wp-json\/wp\/v2\/posts\/220753\/revisions\/220802"}],"wp:featuredmedia":[{"embeddable":true,"href":"https:\/\/www.cuballama.com\/noticias\/wp-json\/wp\/v2\/media\/220800"}],"wp:attachment":[{"href":"https:\/\/www.cuballama.com\/noticias\/wp-json\/wp\/v2\/media?parent=220753"}],"wp:term":[{"taxonomy":"category","embeddable":true,"href":"https:\/\/www.cuballama.com\/noticias\/wp-json\/wp\/v2\/categories?post=220753"},{"taxonomy":"post_tag","embeddable":true,"href":"https:\/\/www.cuballama.com\/noticias\/wp-json\/wp\/v2\/tags?post=220753"}],"curies":[{"name":"wp","href":"https:\/\/api.w.org\/{rel}","templated":true}]}}