{"id":220722,"date":"2025-09-25T06:56:42","date_gmt":"2025-09-25T10:56:42","guid":{"rendered":"https:\/\/www.cuballama.com\/noticias\/?p=220722"},"modified":"2025-09-25T11:58:03","modified_gmt":"2025-09-25T15:58:03","slug":"identifican-a-presunto-asesino-de-policia-cubano-en-villa-clara","status":"publish","type":"post","link":"https:\/\/www.cuballama.com\/noticias\/identifican-a-presunto-asesino-de-policia-cubano-en-villa-clara\/","title":{"rendered":"Identifican a presunto asesino de polic\u00eda cubano en Villa Clara"},"content":{"rendered":"\n<p>La Fiscal\u00eda General de la Rep\u00fablica de Cuba identific\u00f3 este mi\u00e9rcoles al presunto autor del<a href=\"https:\/\/www.cuballama.com\/noticias\/policia-aparece-asesinado-en-carretera-de-villa-clara\/\" target=\"_blank\" rel=\"noreferrer noopener\"> asesinato del capit\u00e1n de la Polic\u00eda Nacional Revolucionaria<\/a>, Leonel Mesa Rodr\u00edguez, que tuvo lugar el pasado viernes 19 de septiembre en el municipio de Caibari\u00e9n, en la provincia de Villa Clara.<\/p>\n\n\n\n<p>\u201cCumpliendo lo dispuesto en la Ley del Proceso Penal, la Fiscal\u00eda asegur\u00f3 con la medida cautelar de prisi\u00f3n provisional al imputado Nectzary Morales G\u00e1lvez\u201d, se\u00f1al\u00f3 la Fiscal\u00eda en un comunicado a trav\u00e9s del cual identific\u00f3 al presunto victimario, que habr\u00eda sido capturado en la tarde del s\u00e1bado, <a href=\"https:\/\/www.cuballama.com\/noticias\/capturan-en-remedios-a-presunto-asesino-de-policia\/\" target=\"_blank\" rel=\"noreferrer noopener\">poco m\u00e1s de 24 horas despu\u00e9s del crimen<\/a>, en un parque de Remedios, Sancti Sp\u00edritus.<\/p>\n\n\n\n<p>\u201cSe practican diligencias de instrucci\u00f3n para la aportaci\u00f3n de los medios de prueba y la culminaci\u00f3n de las investigaciones\u201d, anunci\u00f3 la nota sobre el proceso penal.<\/p>\n\n\n\n<p>En tanto, al referirse a \u201clos derechos y las garant\u00edas que consagran la Constituci\u00f3n y las leyes\u201d, la Fiscal\u00eda asegur\u00f3 que \u201cejercer\u00e1 la acci\u00f3n penal p\u00fablica ante el Tribunal para su juzgamiento, con solicitud de sanciones en correspondencia con la gravedad de los hechos y las circunstancias en que ocurrieron, sobre lo cual se informar\u00e1\u201d.<\/p>\n\n\n\n<iframe loading=\"lazy\" src=\"https:\/\/www.facebook.com\/plugins\/post.php?href=https%3A%2F%2Fwww.facebook.com%2FFGRCuba%2Fposts%2Fpfbid0bERRpyEqqb8tLMaQAcVpFPZwEnxsbjtC9kRwqx8sKWF5SHyLyJZMv2USttQiFCm4l&#038;show_text=true&#038;width=500\" width=\"500\" height=\"569\" style=\"border:none;overflow:hidden\" scrolling=\"no\" frameborder=\"0\" allowfullscreen=\"true\" allow=\"autoplay; clipboard-write; encrypted-media; picture-in-picture; web-share\"><\/iframe>\n\n\n\n<p>\u201cLa Fiscal\u00eda General de la Rep\u00fablica continuar\u00e1 actuando de conformidad con su encargo constitucional, en el marco de la legalidad, en la defensa de nuestro pueblo y las instituciones del pa\u00eds\u201d, concluy\u00f3 el texto.<\/p>\n\n\n\n<p>Hasta el momento no hay im\u00e1genes ni perfiles en redes sociales que coincidan con Nectzary Morales G\u00e1lvez.<\/p>\n\n\n\n<p>Hay que recordar que a lo largo de la \u00faltima semana se han desatado todo tipo de rumores y de versiones en redes sociales sobre la identidad del asesino, del cual hasta ahora no se sab\u00eda ni el nombre.&nbsp;<\/p>\n\n\n\n<p>Hay que recordar que el cuerpo sin vida del capit\u00e1n Mesa Rodr\u00edguez, de 62 a\u00f1os, fue hallado la madrugada del viernes en un tramo de carretera entre Remedios y Caibari\u00e9n, perteneciente al consejo popular La Reforma, donde era jefe de sector.<\/p>\n\n\n\n<p>El cad\u00e1ver apareci\u00f3 con seis heridas de arma blanca y un disparo en la cabeza. De acuerdo con la informaci\u00f3n preliminar, \u201cel oficial se trasladaba de completo uniforme entre Remedios y Caibari\u00e9n en la moto asignada, que tambi\u00e9n fue hallada al lado del cuerpo\u201d.<\/p>\n\n\n\n<p>De acuerdo con lo que anunciaron las autoridades, durante la detenci\u00f3n del acusado fueron ocupadas la pistola reglamentaria del oficial, con su cargador, y el arma blanca usadas en el crimen.<\/p>\n\n\n\n<p>El activista Niover Licea, a cargo del perfil Nio Reportando un crimen, inform\u00f3 que el sujeto habr\u00eda sido apresado \u201cluego de entrar&nbsp; a comer a un restaurante\u201d y de dejarse ver \u201ccon la pistola en la cintura como si nada\u201d.<\/p>\n\n\n\n<p><\/p>\n","protected":false},"excerpt":{"rendered":"<p>La Fiscal\u00eda asegur\u00f3 que solicitar\u00e1 sanciones en correspondencia con la gravedad de los hechos y las circunstancias en que ocurrieron.<\/p>\n","protected":false},"author":30,"featured_media":220260,"comment_status":"open","ping_status":"closed","sticky":false,"template":"","format":"standard","meta":{"_acf_changed":false,"footnotes":""},"categories":[18,955],"tags":[27719,23428,941,5360,27742],"class_list":{"0":"post-220722","1":"post","2":"type-post","3":"status-publish","4":"format-standard","5":"has-post-thumbnail","7":"category-noticias","8":"category-noticias-de-cuba","9":"tag-capitan-de-la-pnr","10":"tag-crimen-en-cuba","11":"tag-destacado","12":"tag-fiscalia-general-de-la-republica","13":"tag-policia-asesinado"},"acf":[],"yoast_head":"<!-- This site is optimized with the Yoast SEO plugin v27.5 - https:\/\/yoast.com\/product\/yoast-seo-wordpress\/ -->\n<title>Identifican a presunto asesino de polic\u00eda cubano en Villa Clara - Cuballama Noticias<\/title>\n<meta name=\"description\" content=\"La Fiscal\u00eda de la Rep\u00fablica de Cuba identific\u00f3 este mi\u00e9rcoles al presunto autor del asesinato de un polic\u00eda.\" \/>\n<meta name=\"robots\" content=\"index, follow, max-snippet:-1, max-image-preview:large, max-video-preview:-1\" \/>\n<link rel=\"canonical\" href=\"https:\/\/www.cuballama.com\/noticias\/identifican-a-presunto-asesino-de-policia-cubano-en-villa-clara\/\" \/>\n<meta property=\"og:locale\" content=\"es_ES\" \/>\n<meta property=\"og:type\" content=\"article\" \/>\n<meta property=\"og:title\" content=\"Identifican a presunto asesino de polic\u00eda cubano en Villa Clara - Cuballama Noticias\" \/>\n<meta property=\"og:description\" content=\"La Fiscal\u00eda de la Rep\u00fablica de Cuba identific\u00f3 este mi\u00e9rcoles al presunto autor del asesinato de un polic\u00eda.\" \/>\n<meta property=\"og:url\" content=\"https:\/\/www.cuballama.com\/noticias\/identifican-a-presunto-asesino-de-policia-cubano-en-villa-clara\/\" \/>\n<meta property=\"og:site_name\" content=\"Cuballama Noticias\" \/>\n<meta property=\"article:publisher\" content=\"https:\/\/www.facebook.com\/CubaLlama\" \/>\n<meta property=\"article:published_time\" content=\"2025-09-25T10:56:42+00:00\" \/>\n<meta property=\"article:modified_time\" content=\"2025-09-25T15:58:03+00:00\" \/>\n<meta property=\"og:image\" content=\"https:\/\/cdn1.mediawpaccore.net\/wp-content\/uploads\/2025\/09\/19114712\/515505333_1372853371104012_8033384834331055536_n1.jpg\" \/>\n\t<meta property=\"og:image:width\" content=\"1200\" \/>\n\t<meta property=\"og:image:height\" content=\"630\" \/>\n\t<meta property=\"og:image:type\" content=\"image\/jpeg\" \/>\n<meta name=\"author\" content=\"Kathy\" \/>\n<meta name=\"twitter:card\" content=\"summary_large_image\" \/>\n<meta name=\"twitter:creator\" content=\"@cuballama\" \/>\n<meta name=\"twitter:site\" content=\"@cuballama\" \/>\n<meta name=\"twitter:label1\" content=\"Escrito por\" \/>\n\t<meta name=\"twitter:data1\" content=\"Kathy\" \/>\n\t<meta name=\"twitter:label2\" content=\"Tiempo de lectura\" \/>\n\t<meta name=\"twitter:data2\" content=\"3 minutos\" \/>\n<script type=\"application\/ld+json\" class=\"yoast-schema-graph\">{\"@context\":\"https:\\\/\\\/schema.org\",\"@graph\":[{\"@type\":\"Article\",\"@id\":\"https:\\\/\\\/www.cuballama.com\\\/noticias\\\/identifican-a-presunto-asesino-de-policia-cubano-en-villa-clara\\\/#article\",\"isPartOf\":{\"@id\":\"https:\\\/\\\/www.cuballama.com\\\/noticias\\\/identifican-a-presunto-asesino-de-policia-cubano-en-villa-clara\\\/\"},\"author\":{\"name\":\"Kathy\",\"@id\":\"https:\\\/\\\/www.cuballama.com\\\/noticias\\\/#\\\/schema\\\/person\\\/86cd3e3f4974437f031211213bf892d5\"},\"headline\":\"Identifican a presunto asesino de polic\u00eda cubano en Villa Clara\",\"datePublished\":\"2025-09-25T10:56:42+00:00\",\"dateModified\":\"2025-09-25T15:58:03+00:00\",\"mainEntityOfPage\":{\"@id\":\"https:\\\/\\\/www.cuballama.com\\\/noticias\\\/identifican-a-presunto-asesino-de-policia-cubano-en-villa-clara\\\/\"},\"wordCount\":487,\"commentCount\":0,\"publisher\":{\"@id\":\"https:\\\/\\\/www.cuballama.com\\\/noticias\\\/#organization\"},\"image\":{\"@id\":\"https:\\\/\\\/www.cuballama.com\\\/noticias\\\/identifican-a-presunto-asesino-de-policia-cubano-en-villa-clara\\\/#primaryimage\"},\"thumbnailUrl\":\"https:\\\/\\\/cdn1.mediawpaccore.net\\\/wp-content\\\/uploads\\\/2025\\\/09\\\/19114712\\\/515505333_1372853371104012_8033384834331055536_n1.jpg\",\"keywords\":[\"capit\u00e1n de la PNR\",\"crimen en Cuba\",\"destacado\",\"Fiscal\u00eda General de la Rep\u00fablica\",\"polic\u00eda asesinado\"],\"articleSection\":[\"Noticias\",\"Noticias de Cuba\"],\"inLanguage\":\"es\",\"potentialAction\":[{\"@type\":\"CommentAction\",\"name\":\"Comment\",\"target\":[\"https:\\\/\\\/www.cuballama.com\\\/noticias\\\/identifican-a-presunto-asesino-de-policia-cubano-en-villa-clara\\\/#respond\"]}]},{\"@type\":\"WebPage\",\"@id\":\"https:\\\/\\\/www.cuballama.com\\\/noticias\\\/identifican-a-presunto-asesino-de-policia-cubano-en-villa-clara\\\/\",\"url\":\"https:\\\/\\\/www.cuballama.com\\\/noticias\\\/identifican-a-presunto-asesino-de-policia-cubano-en-villa-clara\\\/\",\"name\":\"Identifican a presunto asesino de polic\u00eda cubano en Villa Clara - Cuballama Noticias\",\"isPartOf\":{\"@id\":\"https:\\\/\\\/www.cuballama.com\\\/noticias\\\/#website\"},\"primaryImageOfPage\":{\"@id\":\"https:\\\/\\\/www.cuballama.com\\\/noticias\\\/identifican-a-presunto-asesino-de-policia-cubano-en-villa-clara\\\/#primaryimage\"},\"image\":{\"@id\":\"https:\\\/\\\/www.cuballama.com\\\/noticias\\\/identifican-a-presunto-asesino-de-policia-cubano-en-villa-clara\\\/#primaryimage\"},\"thumbnailUrl\":\"https:\\\/\\\/cdn1.mediawpaccore.net\\\/wp-content\\\/uploads\\\/2025\\\/09\\\/19114712\\\/515505333_1372853371104012_8033384834331055536_n1.jpg\",\"datePublished\":\"2025-09-25T10:56:42+00:00\",\"dateModified\":\"2025-09-25T15:58:03+00:00\",\"description\":\"La Fiscal\u00eda de la Rep\u00fablica de Cuba identific\u00f3 este mi\u00e9rcoles al presunto autor del asesinato de un polic\u00eda.\",\"breadcrumb\":{\"@id\":\"https:\\\/\\\/www.cuballama.com\\\/noticias\\\/identifican-a-presunto-asesino-de-policia-cubano-en-villa-clara\\\/#breadcrumb\"},\"inLanguage\":\"es\",\"potentialAction\":[{\"@type\":\"ReadAction\",\"target\":[\"https:\\\/\\\/www.cuballama.com\\\/noticias\\\/identifican-a-presunto-asesino-de-policia-cubano-en-villa-clara\\\/\"]}]},{\"@type\":\"ImageObject\",\"inLanguage\":\"es\",\"@id\":\"https:\\\/\\\/www.cuballama.com\\\/noticias\\\/identifican-a-presunto-asesino-de-policia-cubano-en-villa-clara\\\/#primaryimage\",\"url\":\"https:\\\/\\\/cdn1.mediawpaccore.net\\\/wp-content\\\/uploads\\\/2025\\\/09\\\/19114712\\\/515505333_1372853371104012_8033384834331055536_n1.jpg\",\"contentUrl\":\"https:\\\/\\\/cdn1.mediawpaccore.net\\\/wp-content\\\/uploads\\\/2025\\\/09\\\/19114712\\\/515505333_1372853371104012_8033384834331055536_n1.jpg\",\"width\":1200,\"height\":630,\"caption\":\"Polic\u00eda asesinado en Villa Clara. Foto: Facebook\\\/La Tijera.\"},{\"@type\":\"BreadcrumbList\",\"@id\":\"https:\\\/\\\/www.cuballama.com\\\/noticias\\\/identifican-a-presunto-asesino-de-policia-cubano-en-villa-clara\\\/#breadcrumb\",\"itemListElement\":[{\"@type\":\"ListItem\",\"position\":1,\"name\":\"Home\",\"item\":\"https:\\\/\\\/www.cuballama.com\\\/noticias\\\/\"},{\"@type\":\"ListItem\",\"position\":2,\"name\":\"Identifican a presunto asesino de polic\u00eda cubano en Villa Clara\"}]},{\"@type\":\"WebSite\",\"@id\":\"https:\\\/\\\/www.cuballama.com\\\/noticias\\\/#website\",\"url\":\"https:\\\/\\\/www.cuballama.com\\\/noticias\\\/\",\"name\":\"Cuballama Noticias\",\"description\":\"Medio digital sobre Cuba y el mundo\",\"publisher\":{\"@id\":\"https:\\\/\\\/www.cuballama.com\\\/noticias\\\/#organization\"},\"potentialAction\":[{\"@type\":\"SearchAction\",\"target\":{\"@type\":\"EntryPoint\",\"urlTemplate\":\"https:\\\/\\\/www.cuballama.com\\\/noticias\\\/?s={search_term_string}\"},\"query-input\":{\"@type\":\"PropertyValueSpecification\",\"valueRequired\":true,\"valueName\":\"search_term_string\"}}],\"inLanguage\":\"es\"},{\"@type\":\"Organization\",\"@id\":\"https:\\\/\\\/www.cuballama.com\\\/noticias\\\/#organization\",\"name\":\"Cuballama\",\"url\":\"https:\\\/\\\/www.cuballama.com\\\/noticias\\\/\",\"logo\":{\"@type\":\"ImageObject\",\"inLanguage\":\"es\",\"@id\":\"https:\\\/\\\/www.cuballama.com\\\/noticias\\\/#\\\/schema\\\/logo\\\/image\\\/\",\"url\":\"https:\\\/\\\/cdn1.mediawpaccore.net\\\/wp-content\\\/uploads\\\/2021\\\/12\\\/28171206\\\/cbll-logo-color-sm.png\",\"contentUrl\":\"https:\\\/\\\/cdn1.mediawpaccore.net\\\/wp-content\\\/uploads\\\/2021\\\/12\\\/28171206\\\/cbll-logo-color-sm.png\",\"width\":600,\"height\":133,\"caption\":\"Cuballama\"},\"image\":{\"@id\":\"https:\\\/\\\/www.cuballama.com\\\/noticias\\\/#\\\/schema\\\/logo\\\/image\\\/\"},\"sameAs\":[\"https:\\\/\\\/www.facebook.com\\\/CubaLlama\",\"https:\\\/\\\/x.com\\\/cuballama\",\"https:\\\/\\\/www.instagram.com\\\/stories\\\/cuballama_oficial\\\/\",\"https:\\\/\\\/www.youtube.com\\\/channel\\\/UCKkFE-d_axENGZcrc4as0IA\"]},{\"@type\":\"Person\",\"@id\":\"https:\\\/\\\/www.cuballama.com\\\/noticias\\\/#\\\/schema\\\/person\\\/86cd3e3f4974437f031211213bf892d5\",\"name\":\"Kathy\",\"url\":\"https:\\\/\\\/www.cuballama.com\\\/noticias\\\/author\\\/kathy\\\/\"}]}<\/script>\n<!-- \/ Yoast SEO plugin. -->","yoast_head_json":{"title":"Identifican a presunto asesino de polic\u00eda cubano en Villa Clara - Cuballama Noticias","description":"La Fiscal\u00eda de la Rep\u00fablica de Cuba identific\u00f3 este mi\u00e9rcoles al presunto autor del asesinato de un polic\u00eda.","robots":{"index":"index","follow":"follow","max-snippet":"max-snippet:-1","max-image-preview":"max-image-preview:large","max-video-preview":"max-video-preview:-1"},"canonical":"https:\/\/www.cuballama.com\/noticias\/identifican-a-presunto-asesino-de-policia-cubano-en-villa-clara\/","og_locale":"es_ES","og_type":"article","og_title":"Identifican a presunto asesino de polic\u00eda cubano en Villa Clara - Cuballama Noticias","og_description":"La Fiscal\u00eda de la Rep\u00fablica de Cuba identific\u00f3 este mi\u00e9rcoles al presunto autor del asesinato de un polic\u00eda.","og_url":"https:\/\/www.cuballama.com\/noticias\/identifican-a-presunto-asesino-de-policia-cubano-en-villa-clara\/","og_site_name":"Cuballama Noticias","article_publisher":"https:\/\/www.facebook.com\/CubaLlama","article_published_time":"2025-09-25T10:56:42+00:00","article_modified_time":"2025-09-25T15:58:03+00:00","og_image":[{"width":1200,"height":630,"url":"https:\/\/cdn1.mediawpaccore.net\/wp-content\/uploads\/2025\/09\/19114712\/515505333_1372853371104012_8033384834331055536_n1.jpg","type":"image\/jpeg"}],"author":"Kathy","twitter_card":"summary_large_image","twitter_creator":"@cuballama","twitter_site":"@cuballama","twitter_misc":{"Escrito por":"Kathy","Tiempo de lectura":"3 minutos"},"schema":{"@context":"https:\/\/schema.org","@graph":[{"@type":"Article","@id":"https:\/\/www.cuballama.com\/noticias\/identifican-a-presunto-asesino-de-policia-cubano-en-villa-clara\/#article","isPartOf":{"@id":"https:\/\/www.cuballama.com\/noticias\/identifican-a-presunto-asesino-de-policia-cubano-en-villa-clara\/"},"author":{"name":"Kathy","@id":"https:\/\/www.cuballama.com\/noticias\/#\/schema\/person\/86cd3e3f4974437f031211213bf892d5"},"headline":"Identifican a presunto asesino de polic\u00eda cubano en Villa Clara","datePublished":"2025-09-25T10:56:42+00:00","dateModified":"2025-09-25T15:58:03+00:00","mainEntityOfPage":{"@id":"https:\/\/www.cuballama.com\/noticias\/identifican-a-presunto-asesino-de-policia-cubano-en-villa-clara\/"},"wordCount":487,"commentCount":0,"publisher":{"@id":"https:\/\/www.cuballama.com\/noticias\/#organization"},"image":{"@id":"https:\/\/www.cuballama.com\/noticias\/identifican-a-presunto-asesino-de-policia-cubano-en-villa-clara\/#primaryimage"},"thumbnailUrl":"https:\/\/cdn1.mediawpaccore.net\/wp-content\/uploads\/2025\/09\/19114712\/515505333_1372853371104012_8033384834331055536_n1.jpg","keywords":["capit\u00e1n de la PNR","crimen en Cuba","destacado","Fiscal\u00eda General de la Rep\u00fablica","polic\u00eda asesinado"],"articleSection":["Noticias","Noticias de Cuba"],"inLanguage":"es","potentialAction":[{"@type":"CommentAction","name":"Comment","target":["https:\/\/www.cuballama.com\/noticias\/identifican-a-presunto-asesino-de-policia-cubano-en-villa-clara\/#respond"]}]},{"@type":"WebPage","@id":"https:\/\/www.cuballama.com\/noticias\/identifican-a-presunto-asesino-de-policia-cubano-en-villa-clara\/","url":"https:\/\/www.cuballama.com\/noticias\/identifican-a-presunto-asesino-de-policia-cubano-en-villa-clara\/","name":"Identifican a presunto asesino de polic\u00eda cubano en Villa Clara - Cuballama Noticias","isPartOf":{"@id":"https:\/\/www.cuballama.com\/noticias\/#website"},"primaryImageOfPage":{"@id":"https:\/\/www.cuballama.com\/noticias\/identifican-a-presunto-asesino-de-policia-cubano-en-villa-clara\/#primaryimage"},"image":{"@id":"https:\/\/www.cuballama.com\/noticias\/identifican-a-presunto-asesino-de-policia-cubano-en-villa-clara\/#primaryimage"},"thumbnailUrl":"https:\/\/cdn1.mediawpaccore.net\/wp-content\/uploads\/2025\/09\/19114712\/515505333_1372853371104012_8033384834331055536_n1.jpg","datePublished":"2025-09-25T10:56:42+00:00","dateModified":"2025-09-25T15:58:03+00:00","description":"La Fiscal\u00eda de la Rep\u00fablica de Cuba identific\u00f3 este mi\u00e9rcoles al presunto autor del asesinato de un polic\u00eda.","breadcrumb":{"@id":"https:\/\/www.cuballama.com\/noticias\/identifican-a-presunto-asesino-de-policia-cubano-en-villa-clara\/#breadcrumb"},"inLanguage":"es","potentialAction":[{"@type":"ReadAction","target":["https:\/\/www.cuballama.com\/noticias\/identifican-a-presunto-asesino-de-policia-cubano-en-villa-clara\/"]}]},{"@type":"ImageObject","inLanguage":"es","@id":"https:\/\/www.cuballama.com\/noticias\/identifican-a-presunto-asesino-de-policia-cubano-en-villa-clara\/#primaryimage","url":"https:\/\/cdn1.mediawpaccore.net\/wp-content\/uploads\/2025\/09\/19114712\/515505333_1372853371104012_8033384834331055536_n1.jpg","contentUrl":"https:\/\/cdn1.mediawpaccore.net\/wp-content\/uploads\/2025\/09\/19114712\/515505333_1372853371104012_8033384834331055536_n1.jpg","width":1200,"height":630,"caption":"Polic\u00eda asesinado en Villa Clara. Foto: Facebook\/La Tijera."},{"@type":"BreadcrumbList","@id":"https:\/\/www.cuballama.com\/noticias\/identifican-a-presunto-asesino-de-policia-cubano-en-villa-clara\/#breadcrumb","itemListElement":[{"@type":"ListItem","position":1,"name":"Home","item":"https:\/\/www.cuballama.com\/noticias\/"},{"@type":"ListItem","position":2,"name":"Identifican a presunto asesino de polic\u00eda cubano en Villa Clara"}]},{"@type":"WebSite","@id":"https:\/\/www.cuballama.com\/noticias\/#website","url":"https:\/\/www.cuballama.com\/noticias\/","name":"Cuballama Noticias","description":"Medio digital sobre Cuba y el mundo","publisher":{"@id":"https:\/\/www.cuballama.com\/noticias\/#organization"},"potentialAction":[{"@type":"SearchAction","target":{"@type":"EntryPoint","urlTemplate":"https:\/\/www.cuballama.com\/noticias\/?s={search_term_string}"},"query-input":{"@type":"PropertyValueSpecification","valueRequired":true,"valueName":"search_term_string"}}],"inLanguage":"es"},{"@type":"Organization","@id":"https:\/\/www.cuballama.com\/noticias\/#organization","name":"Cuballama","url":"https:\/\/www.cuballama.com\/noticias\/","logo":{"@type":"ImageObject","inLanguage":"es","@id":"https:\/\/www.cuballama.com\/noticias\/#\/schema\/logo\/image\/","url":"https:\/\/cdn1.mediawpaccore.net\/wp-content\/uploads\/2021\/12\/28171206\/cbll-logo-color-sm.png","contentUrl":"https:\/\/cdn1.mediawpaccore.net\/wp-content\/uploads\/2021\/12\/28171206\/cbll-logo-color-sm.png","width":600,"height":133,"caption":"Cuballama"},"image":{"@id":"https:\/\/www.cuballama.com\/noticias\/#\/schema\/logo\/image\/"},"sameAs":["https:\/\/www.facebook.com\/CubaLlama","https:\/\/x.com\/cuballama","https:\/\/www.instagram.com\/stories\/cuballama_oficial\/","https:\/\/www.youtube.com\/channel\/UCKkFE-d_axENGZcrc4as0IA"]},{"@type":"Person","@id":"https:\/\/www.cuballama.com\/noticias\/#\/schema\/person\/86cd3e3f4974437f031211213bf892d5","name":"Kathy","url":"https:\/\/www.cuballama.com\/noticias\/author\/kathy\/"}]}},"_links":{"self":[{"href":"https:\/\/www.cuballama.com\/noticias\/wp-json\/wp\/v2\/posts\/220722","targetHints":{"allow":["GET"]}}],"collection":[{"href":"https:\/\/www.cuballama.com\/noticias\/wp-json\/wp\/v2\/posts"}],"about":[{"href":"https:\/\/www.cuballama.com\/noticias\/wp-json\/wp\/v2\/types\/post"}],"author":[{"embeddable":true,"href":"https:\/\/www.cuballama.com\/noticias\/wp-json\/wp\/v2\/users\/30"}],"replies":[{"embeddable":true,"href":"https:\/\/www.cuballama.com\/noticias\/wp-json\/wp\/v2\/comments?post=220722"}],"version-history":[{"count":10,"href":"https:\/\/www.cuballama.com\/noticias\/wp-json\/wp\/v2\/posts\/220722\/revisions"}],"predecessor-version":[{"id":220818,"href":"https:\/\/www.cuballama.com\/noticias\/wp-json\/wp\/v2\/posts\/220722\/revisions\/220818"}],"wp:featuredmedia":[{"embeddable":true,"href":"https:\/\/www.cuballama.com\/noticias\/wp-json\/wp\/v2\/media\/220260"}],"wp:attachment":[{"href":"https:\/\/www.cuballama.com\/noticias\/wp-json\/wp\/v2\/media?parent=220722"}],"wp:term":[{"taxonomy":"category","embeddable":true,"href":"https:\/\/www.cuballama.com\/noticias\/wp-json\/wp\/v2\/categories?post=220722"},{"taxonomy":"post_tag","embeddable":true,"href":"https:\/\/www.cuballama.com\/noticias\/wp-json\/wp\/v2\/tags?post=220722"}],"curies":[{"name":"wp","href":"https:\/\/api.w.org\/{rel}","templated":true}]}}