{"id":220637,"date":"2025-09-24T12:46:35","date_gmt":"2025-09-24T16:46:35","guid":{"rendered":"https:\/\/www.cuballama.com\/noticias\/?p=220637"},"modified":"2025-09-24T12:46:38","modified_gmt":"2025-09-24T16:46:38","slug":"despues-del-tylenol-el-autismo-y-cuba-llega-una-encuesta-made-in-usa-es-mejor-vivir-en-el-socialismo","status":"publish","type":"post","link":"https:\/\/www.cuballama.com\/noticias\/despues-del-tylenol-el-autismo-y-cuba-llega-una-encuesta-made-in-usa-es-mejor-vivir-en-el-socialismo\/","title":{"rendered":"Despu\u00e9s del \u00abTylenol, el autismo y Cuba\u00bb, llega una encuesta made in USA: \u00bfes mejor vivir en el socialismo?"},"content":{"rendered":"\n<p>Tras el ruido que dej\u00f3 la frase \u201cno hay Tylenol y casi no hay autismo en Cuba\u201d, otro anuncio medi\u00e1tico puso a la isla en el centro del debate: un sondeo nacional entre universitarios de cuatro a\u00f1os en Estados Unidos sugiere que casi la mitad valora mejor los modelos socialistas \u2014mencionando a Cuba y a la antigua URSS\u2014 que el capitalismo estadounidense. <\/p>\n\n\n\n<p>El dato, divulgado por el<em> <a href=\"https:\/\/www.pressreader.com\/usa\/new-york-post\/20250922\/281646786303004\" target=\"_blank\" rel=\"noreferrer noopener nofollow\">New York Post<\/a><\/em> a partir de una encuesta realizada para el William F. Buckley Institute de Yale, habla de 46% de apoyo a la afirmaci\u00f3n de que \u201caunque no son perfectos, pa\u00edses socialistas ofrecen un mejor modelo econ\u00f3mico\u201d; 39% discrepa y 15% no est\u00e1 seguro. Eso s\u00ed, cuando se les pregunta d\u00f3nde preferir\u00edan vivir, <strong>el grupo se inclina ligeramente por el capitalismo<\/strong> (40%) frente al socialismo (36%). \u00bfQu\u00e9 raro, verdad?<\/p>\n\n\n\n<p>Un titular f\u00e1cil dir\u00eda que \u201ces mejor vivir en Cuba\u201d, pero lo que realmente refleja el sondeo es un cambio de percepciones entre estudiantes sobre econom\u00eda, pol\u00edtica y campus. Entre quienes se identifican como liberales, 58% opta por el socialismo como \u201cmejor modelo\u201d, mientras 63% de conservadores reafirma el libre mercado. La directora del instituto, Lauren Noble, considera que estos n\u00fameros son una alerta sobre el estado de la educaci\u00f3n superior y la cultura c\u00edvica en los campus.<\/p>\n\n\n\n<blockquote class=\"instagram-media\" data-instgrm-captioned data-instgrm-permalink=\"https:\/\/www.instagram.com\/p\/DO54twnFcJ4\/?utm_source=ig_embed&amp;utm_campaign=loading\" data-instgrm-version=\"14\" style=\" background:#FFF; border:0; border-radius:3px; box-shadow:0 0 1px 0 rgba(0,0,0,0.5),0 1px 10px 0 rgba(0,0,0,0.15); margin: 1px; max-width:540px; min-width:326px; padding:0; width:99.375%; width:-webkit-calc(100% - 2px); width:calc(100% - 2px);\"><div style=\"padding:16px;\"> <a href=\"https:\/\/www.instagram.com\/p\/DO54twnFcJ4\/?utm_source=ig_embed&amp;utm_campaign=loading\" style=\" background:#FFFFFF; line-height:0; padding:0 0; text-align:center; text-decoration:none; width:100%;\" target=\"_blank\"> <div style=\" display: flex; flex-direction: row; align-items: center;\"> <div style=\"background-color: #F4F4F4; border-radius: 50%; flex-grow: 0; height: 40px; margin-right: 14px; width: 40px;\"><\/div> <div style=\"display: flex; flex-direction: column; flex-grow: 1; justify-content: center;\"> <div style=\" background-color: #F4F4F4; border-radius: 4px; flex-grow: 0; height: 14px; margin-bottom: 6px; width: 100px;\"><\/div> <div style=\" background-color: #F4F4F4; border-radius: 4px; flex-grow: 0; height: 14px; width: 60px;\"><\/div><\/div><\/div><div style=\"padding: 19% 0;\"><\/div> <div style=\"display:block; height:50px; margin:0 auto 12px; width:50px;\"><svg width=\"50px\" height=\"50px\" viewBox=\"0 0 60 60\" version=\"1.1\" xmlns=\"https:\/\/www.w3.org\/2000\/svg\" xmlns:xlink=\"https:\/\/www.w3.org\/1999\/xlink\"><g stroke=\"none\" stroke-width=\"1\" fill=\"none\" fill-rule=\"evenodd\"><g transform=\"translate(-511.000000, -20.000000)\" fill=\"#000000\"><g><path d=\"M556.869,30.41 C554.814,30.41 553.148,32.076 553.148,34.131 C553.148,36.186 554.814,37.852 556.869,37.852 C558.924,37.852 560.59,36.186 560.59,34.131 C560.59,32.076 558.924,30.41 556.869,30.41 M541,60.657 C535.114,60.657 530.342,55.887 530.342,50 C530.342,44.114 535.114,39.342 541,39.342 C546.887,39.342 551.658,44.114 551.658,50 C551.658,55.887 546.887,60.657 541,60.657 M541,33.886 C532.1,33.886 524.886,41.1 524.886,50 C524.886,58.899 532.1,66.113 541,66.113 C549.9,66.113 557.115,58.899 557.115,50 C557.115,41.1 549.9,33.886 541,33.886 M565.378,62.101 C565.244,65.022 564.756,66.606 564.346,67.663 C563.803,69.06 563.154,70.057 562.106,71.106 C561.058,72.155 560.06,72.803 558.662,73.347 C557.607,73.757 556.021,74.244 553.102,74.378 C549.944,74.521 548.997,74.552 541,74.552 C533.003,74.552 532.056,74.521 528.898,74.378 C525.979,74.244 524.393,73.757 523.338,73.347 C521.94,72.803 520.942,72.155 519.894,71.106 C518.846,70.057 518.197,69.06 517.654,67.663 C517.244,66.606 516.755,65.022 516.623,62.101 C516.479,58.943 516.448,57.996 516.448,50 C516.448,42.003 516.479,41.056 516.623,37.899 C516.755,34.978 517.244,33.391 517.654,32.338 C518.197,30.938 518.846,29.942 519.894,28.894 C520.942,27.846 521.94,27.196 523.338,26.654 C524.393,26.244 525.979,25.756 528.898,25.623 C532.057,25.479 533.004,25.448 541,25.448 C548.997,25.448 549.943,25.479 553.102,25.623 C556.021,25.756 557.607,26.244 558.662,26.654 C560.06,27.196 561.058,27.846 562.106,28.894 C563.154,29.942 563.803,30.938 564.346,32.338 C564.756,33.391 565.244,34.978 565.378,37.899 C565.522,41.056 565.552,42.003 565.552,50 C565.552,57.996 565.522,58.943 565.378,62.101 M570.82,37.631 C570.674,34.438 570.167,32.258 569.425,30.349 C568.659,28.377 567.633,26.702 565.965,25.035 C564.297,23.368 562.623,22.342 560.652,21.575 C558.743,20.834 556.562,20.326 553.369,20.18 C550.169,20.033 549.148,20 541,20 C532.853,20 531.831,20.033 528.631,20.18 C525.438,20.326 523.257,20.834 521.349,21.575 C519.376,22.342 517.703,23.368 516.035,25.035 C514.368,26.702 513.342,28.377 512.574,30.349 C511.834,32.258 511.326,34.438 511.181,37.631 C511.035,40.831 511,41.851 511,50 C511,58.147 511.035,59.17 511.181,62.369 C511.326,65.562 511.834,67.743 512.574,69.651 C513.342,71.625 514.368,73.296 516.035,74.965 C517.703,76.634 519.376,77.658 521.349,78.425 C523.257,79.167 525.438,79.673 528.631,79.82 C531.831,79.965 532.853,80.001 541,80.001 C549.148,80.001 550.169,79.965 553.369,79.82 C556.562,79.673 558.743,79.167 560.652,78.425 C562.623,77.658 564.297,76.634 565.965,74.965 C567.633,73.296 568.659,71.625 569.425,69.651 C570.167,67.743 570.674,65.562 570.82,62.369 C570.966,59.17 571,58.147 571,50 C571,41.851 570.966,40.831 570.82,37.631\"><\/path><\/g><\/g><\/g><\/svg><\/div><div style=\"padding-top: 8px;\"> <div style=\" color:#3897f0; font-family:Arial,sans-serif; font-size:14px; font-style:normal; font-weight:550; line-height:18px;\">View this post on Instagram<\/div><\/div><div style=\"padding: 12.5% 0;\"><\/div> <div style=\"display: flex; flex-direction: row; margin-bottom: 14px; align-items: center;\"><div> <div style=\"background-color: #F4F4F4; border-radius: 50%; height: 12.5px; width: 12.5px; transform: translateX(0px) translateY(7px);\"><\/div> <div style=\"background-color: #F4F4F4; height: 12.5px; transform: rotate(-45deg) translateX(3px) translateY(1px); width: 12.5px; flex-grow: 0; margin-right: 14px; margin-left: 2px;\"><\/div> <div style=\"background-color: #F4F4F4; border-radius: 50%; height: 12.5px; width: 12.5px; transform: translateX(9px) translateY(-18px);\"><\/div><\/div><div style=\"margin-left: 8px;\"> <div style=\" background-color: #F4F4F4; border-radius: 50%; flex-grow: 0; height: 20px; width: 20px;\"><\/div> <div style=\" width: 0; height: 0; border-top: 2px solid transparent; border-left: 6px solid #f4f4f4; border-bottom: 2px solid transparent; transform: translateX(16px) translateY(-4px) rotate(30deg)\"><\/div><\/div><div style=\"margin-left: auto;\"> <div style=\" width: 0px; border-top: 8px solid #F4F4F4; border-right: 8px solid transparent; transform: translateY(16px);\"><\/div> <div style=\" background-color: #F4F4F4; flex-grow: 0; height: 12px; width: 16px; transform: translateY(-4px);\"><\/div> <div style=\" width: 0; height: 0; border-top: 8px solid #F4F4F4; border-left: 8px solid transparent; transform: translateY(-4px) translateX(8px);\"><\/div><\/div><\/div> <div style=\"display: flex; flex-direction: column; flex-grow: 1; justify-content: center; margin-bottom: 24px;\"> <div style=\" background-color: #F4F4F4; border-radius: 4px; flex-grow: 0; height: 14px; margin-bottom: 6px; width: 224px;\"><\/div> <div style=\" background-color: #F4F4F4; border-radius: 4px; flex-grow: 0; height: 14px; width: 144px;\"><\/div><\/div><\/a><p style=\" color:#c9c8cd; font-family:Arial,sans-serif; font-size:14px; line-height:17px; margin-bottom:0; margin-top:8px; overflow:hidden; padding:8px 0 7px; text-align:center; text-overflow:ellipsis; white-space:nowrap;\"><a href=\"https:\/\/www.instagram.com\/p\/DO54twnFcJ4\/?utm_source=ig_embed&amp;utm_campaign=loading\" style=\" color:#c9c8cd; font-family:Arial,sans-serif; font-size:14px; font-style:normal; font-weight:normal; line-height:17px; text-decoration:none;\" target=\"_blank\">A post shared by Safe Campus (@safe.campus)<\/a><\/p><\/div><\/blockquote>\n<script async src=\"\/\/www.instagram.com\/embed.js\"><\/script>\n\n\n\n<p>M\u00e1s all\u00e1 de la comparaci\u00f3n simplista, el estudio trae otros indicadores inquietantes: casi 4 de cada 10 estudiantes dicen que la violencia puede justificarse para impedir expresiones de odio, y cerca de la mitad ve adecuado interrumpir a oradores en el campus. Esas cifras riman con tendencias detectadas por otras mediciones recientes sobre libertad de expresi\u00f3n universitaria, aunque con metodolog\u00edas distintas, como las de la organizaci\u00f3n FIRE, que ha documentado un aumento sostenido en la disposici\u00f3n a \u201cparar\u201d discursos por la fuerza.<\/p>\n\n\n\n<p>Conviene, sin embargo, leer la letra peque\u00f1a. El propio reporte period\u00edstico consigna que se trata de una muestra en l\u00ednea de 820 alumnos (del 5 al 14 de septiembre), basada en voluntarios que se auto-seleccionaron para participar, lo que invita a prudencia a la hora de extrapolar. <\/p>\n\n\n\n<p>Aun as\u00ed, los resultados son un term\u00f3metro del \u00e1nimo estudiantil, que llega en un septiembre caldeado por la controversia presidencial sobre Tylenol, autismo y Cuba, tesis que la OMS y especialistas han desmentido por falta de evidencia causal. Es decir: mientras una parte del debate p\u00fablico import\u00f3 un mito sanitario a la conversaci\u00f3n, otra parte de los j\u00f3venes est\u00e1 revalorizando \u2014al menos en el plano declarativo\u2014 sistemas que asocian con mayor protecci\u00f3n social.<\/p>\n\n\n\n<p>\u00bfSignifica esto que los universitarios creen que \u201ces mejor Cuba\u201d? No necesariamente y&#8230; \u00a1ni lo crean! El sondeo solo mide percepciones sobre modelos econ\u00f3micos y clima de ideas, no eval\u00faa aprendizajes, calidad docente o resultados escolares en la isla. Pero s\u00ed retrata un momento: desconfianza hacia el statu quo, simpat\u00eda por estructuras con promesa de derechos sociales, y un ecosistema acad\u00e9mico en tensi\u00f3n sobre los l\u00edmites del disenso. <\/p>\n\n\n\n<p>Ah\u00ed, Cuba funciona m\u00e1s como s\u00edmbolo que como diagn\u00f3stico educativo. El debate que importa \u2014para Cuba y para Estados Unidos\u2014 no es de consignas, sino de datos y de c\u00f3mo traducirlos en pol\u00edticas que mejoren la vida real de la gente.<\/p>\n","protected":false},"excerpt":{"rendered":"<p>Tras el ruido que dej\u00f3 la frase \u201cno hay Tylenol y casi no hay autismo en Cuba\u201d, otro anuncio medi\u00e1tico puso a la isla en el centro del debate: un sondeo nacional entre universitarios de cuatro a\u00f1os en Estados Unidos sugiere que casi la mitad valora mejor los modelos socialistas \u2014mencionando a Cuba y a [&hellip;]<\/p>\n","protected":false},"author":13,"featured_media":0,"comment_status":"open","ping_status":"closed","sticky":false,"template":"","format":"standard","meta":{"_acf_changed":false,"footnotes":""},"categories":[18,11028,953],"tags":[4319,11,6367,1148,602,6222,27829,4133,27830,27828],"class_list":{"0":"post-220637","1":"post","2":"type-post","3":"status-publish","4":"format-standard","6":"category-noticias","7":"category-sociedad","8":"category-usa","9":"tag-capitalismo","10":"tag-cuba","11":"tag-educacion-superior","12":"tag-encuesta","13":"tag-estados-unidos","14":"tag-estudiantes-universitarios","15":"tag-percepcion-juvenil","16":"tag-socialismo","17":"tag-william-f-buckley-institute","18":"tag-yale"},"acf":[],"yoast_head":"<!-- This site is optimized with the Yoast SEO plugin v27.5 - https:\/\/yoast.com\/product\/yoast-seo-wordpress\/ -->\n<title>Despu\u00e9s del &quot;Tylenol, el autismo y Cuba&quot;, llega una encuesta made in USA: \u00bfes mejor vivir en el socialismo? - Cuballama Noticias<\/title>\n<meta name=\"description\" content=\"Estudiantes universitarios en los Estados Unidos tienen unas ideas muy liberales en cuanto a modelo econ\u00f3mico en el cual vivir.\" \/>\n<meta name=\"robots\" content=\"index, follow, max-snippet:-1, max-image-preview:large, max-video-preview:-1\" \/>\n<link rel=\"canonical\" href=\"https:\/\/www.cuballama.com\/noticias\/despues-del-tylenol-el-autismo-y-cuba-llega-una-encuesta-made-in-usa-es-mejor-vivir-en-el-socialismo\/\" \/>\n<meta property=\"og:locale\" content=\"es_ES\" \/>\n<meta property=\"og:type\" content=\"article\" \/>\n<meta property=\"og:title\" content=\"Despu\u00e9s del &quot;Tylenol, el autismo y Cuba&quot;, llega una encuesta made in USA: \u00bfes mejor vivir en el socialismo? - Cuballama Noticias\" \/>\n<meta property=\"og:description\" content=\"Estudiantes universitarios en los Estados Unidos tienen unas ideas muy liberales en cuanto a modelo econ\u00f3mico en el cual vivir.\" \/>\n<meta property=\"og:url\" content=\"https:\/\/www.cuballama.com\/noticias\/despues-del-tylenol-el-autismo-y-cuba-llega-una-encuesta-made-in-usa-es-mejor-vivir-en-el-socialismo\/\" \/>\n<meta property=\"og:site_name\" content=\"Cuballama Noticias\" \/>\n<meta property=\"article:publisher\" content=\"https:\/\/www.facebook.com\/CubaLlama\" \/>\n<meta property=\"article:published_time\" content=\"2025-09-24T16:46:35+00:00\" \/>\n<meta property=\"article:modified_time\" content=\"2025-09-24T16:46:38+00:00\" \/>\n<meta name=\"author\" content=\"Roberto A.\" \/>\n<meta name=\"twitter:card\" content=\"summary_large_image\" \/>\n<meta name=\"twitter:creator\" content=\"@cuballama\" \/>\n<meta name=\"twitter:site\" content=\"@cuballama\" \/>\n<meta name=\"twitter:label1\" content=\"Escrito por\" \/>\n\t<meta name=\"twitter:data1\" content=\"Roberto A.\" \/>\n\t<meta name=\"twitter:label2\" content=\"Tiempo de lectura\" \/>\n\t<meta name=\"twitter:data2\" content=\"3 minutos\" \/>\n<script type=\"application\/ld+json\" class=\"yoast-schema-graph\">{\"@context\":\"https:\\\/\\\/schema.org\",\"@graph\":[{\"@type\":\"Article\",\"@id\":\"https:\\\/\\\/www.cuballama.com\\\/noticias\\\/despues-del-tylenol-el-autismo-y-cuba-llega-una-encuesta-made-in-usa-es-mejor-vivir-en-el-socialismo\\\/#article\",\"isPartOf\":{\"@id\":\"https:\\\/\\\/www.cuballama.com\\\/noticias\\\/despues-del-tylenol-el-autismo-y-cuba-llega-una-encuesta-made-in-usa-es-mejor-vivir-en-el-socialismo\\\/\"},\"author\":{\"name\":\"Roberto A.\",\"@id\":\"https:\\\/\\\/www.cuballama.com\\\/noticias\\\/#\\\/schema\\\/person\\\/a58502ed4146c8e9f83872e897c76cd2\"},\"headline\":\"Despu\u00e9s del \u00abTylenol, el autismo y Cuba\u00bb, llega una encuesta made in USA: \u00bfes mejor vivir en el socialismo?\",\"datePublished\":\"2025-09-24T16:46:35+00:00\",\"dateModified\":\"2025-09-24T16:46:38+00:00\",\"mainEntityOfPage\":{\"@id\":\"https:\\\/\\\/www.cuballama.com\\\/noticias\\\/despues-del-tylenol-el-autismo-y-cuba-llega-una-encuesta-made-in-usa-es-mejor-vivir-en-el-socialismo\\\/\"},\"wordCount\":586,\"commentCount\":0,\"publisher\":{\"@id\":\"https:\\\/\\\/www.cuballama.com\\\/noticias\\\/#organization\"},\"keywords\":[\"Capitalismo\",\"Cuba\",\"educaci\u00f3n superior\",\"encuesta\",\"Estados Unidos\",\"estudiantes universitarios\",\"percepci\u00f3n juvenil\",\"Socialismo\",\"William F. Buckley Institute\",\"Yale\"],\"articleSection\":[\"Noticias\",\"Sociedad\",\"USA\"],\"inLanguage\":\"es\",\"potentialAction\":[{\"@type\":\"CommentAction\",\"name\":\"Comment\",\"target\":[\"https:\\\/\\\/www.cuballama.com\\\/noticias\\\/despues-del-tylenol-el-autismo-y-cuba-llega-una-encuesta-made-in-usa-es-mejor-vivir-en-el-socialismo\\\/#respond\"]}]},{\"@type\":\"WebPage\",\"@id\":\"https:\\\/\\\/www.cuballama.com\\\/noticias\\\/despues-del-tylenol-el-autismo-y-cuba-llega-una-encuesta-made-in-usa-es-mejor-vivir-en-el-socialismo\\\/\",\"url\":\"https:\\\/\\\/www.cuballama.com\\\/noticias\\\/despues-del-tylenol-el-autismo-y-cuba-llega-una-encuesta-made-in-usa-es-mejor-vivir-en-el-socialismo\\\/\",\"name\":\"Despu\u00e9s del \\\"Tylenol, el autismo y Cuba\\\", llega una encuesta made in USA: \u00bfes mejor vivir en el socialismo? - Cuballama Noticias\",\"isPartOf\":{\"@id\":\"https:\\\/\\\/www.cuballama.com\\\/noticias\\\/#website\"},\"datePublished\":\"2025-09-24T16:46:35+00:00\",\"dateModified\":\"2025-09-24T16:46:38+00:00\",\"description\":\"Estudiantes universitarios en los Estados Unidos tienen unas ideas muy liberales en cuanto a modelo econ\u00f3mico en el cual vivir.\",\"breadcrumb\":{\"@id\":\"https:\\\/\\\/www.cuballama.com\\\/noticias\\\/despues-del-tylenol-el-autismo-y-cuba-llega-una-encuesta-made-in-usa-es-mejor-vivir-en-el-socialismo\\\/#breadcrumb\"},\"inLanguage\":\"es\",\"potentialAction\":[{\"@type\":\"ReadAction\",\"target\":[\"https:\\\/\\\/www.cuballama.com\\\/noticias\\\/despues-del-tylenol-el-autismo-y-cuba-llega-una-encuesta-made-in-usa-es-mejor-vivir-en-el-socialismo\\\/\"]}]},{\"@type\":\"BreadcrumbList\",\"@id\":\"https:\\\/\\\/www.cuballama.com\\\/noticias\\\/despues-del-tylenol-el-autismo-y-cuba-llega-una-encuesta-made-in-usa-es-mejor-vivir-en-el-socialismo\\\/#breadcrumb\",\"itemListElement\":[{\"@type\":\"ListItem\",\"position\":1,\"name\":\"Home\",\"item\":\"https:\\\/\\\/www.cuballama.com\\\/noticias\\\/\"},{\"@type\":\"ListItem\",\"position\":2,\"name\":\"Despu\u00e9s del \u00abTylenol, el autismo y Cuba\u00bb, llega una encuesta made in USA: \u00bfes mejor vivir en el socialismo?\"}]},{\"@type\":\"WebSite\",\"@id\":\"https:\\\/\\\/www.cuballama.com\\\/noticias\\\/#website\",\"url\":\"https:\\\/\\\/www.cuballama.com\\\/noticias\\\/\",\"name\":\"Cuballama Noticias\",\"description\":\"Medio digital sobre Cuba y el mundo\",\"publisher\":{\"@id\":\"https:\\\/\\\/www.cuballama.com\\\/noticias\\\/#organization\"},\"potentialAction\":[{\"@type\":\"SearchAction\",\"target\":{\"@type\":\"EntryPoint\",\"urlTemplate\":\"https:\\\/\\\/www.cuballama.com\\\/noticias\\\/?s={search_term_string}\"},\"query-input\":{\"@type\":\"PropertyValueSpecification\",\"valueRequired\":true,\"valueName\":\"search_term_string\"}}],\"inLanguage\":\"es\"},{\"@type\":\"Organization\",\"@id\":\"https:\\\/\\\/www.cuballama.com\\\/noticias\\\/#organization\",\"name\":\"Cuballama\",\"url\":\"https:\\\/\\\/www.cuballama.com\\\/noticias\\\/\",\"logo\":{\"@type\":\"ImageObject\",\"inLanguage\":\"es\",\"@id\":\"https:\\\/\\\/www.cuballama.com\\\/noticias\\\/#\\\/schema\\\/logo\\\/image\\\/\",\"url\":\"https:\\\/\\\/cdn1.mediawpaccore.net\\\/wp-content\\\/uploads\\\/2021\\\/12\\\/28171206\\\/cbll-logo-color-sm.png\",\"contentUrl\":\"https:\\\/\\\/cdn1.mediawpaccore.net\\\/wp-content\\\/uploads\\\/2021\\\/12\\\/28171206\\\/cbll-logo-color-sm.png\",\"width\":600,\"height\":133,\"caption\":\"Cuballama\"},\"image\":{\"@id\":\"https:\\\/\\\/www.cuballama.com\\\/noticias\\\/#\\\/schema\\\/logo\\\/image\\\/\"},\"sameAs\":[\"https:\\\/\\\/www.facebook.com\\\/CubaLlama\",\"https:\\\/\\\/x.com\\\/cuballama\",\"https:\\\/\\\/www.instagram.com\\\/stories\\\/cuballama_oficial\\\/\",\"https:\\\/\\\/www.youtube.com\\\/channel\\\/UCKkFE-d_axENGZcrc4as0IA\"]},{\"@type\":\"Person\",\"@id\":\"https:\\\/\\\/www.cuballama.com\\\/noticias\\\/#\\\/schema\\\/person\\\/a58502ed4146c8e9f83872e897c76cd2\",\"name\":\"Roberto A.\",\"description\":\"Roberto A. Periodista por decisi\u00f3n propia. Interesado en cualquier tema que me apasione y cada vez m\u00e1s comprometido con la verdad y la objetividad period\u00edstica. Graduado en La Habana hace ya muchos a\u00f1os, luego de una accidentada y polvorienta b\u00fasqueda de informaci\u00f3n sobre un tema in\u00e9dito. La Tesis, por cierto, desapareci\u00f3 de la biblioteca y no se conservan copias de la misma.\",\"url\":\"https:\\\/\\\/www.cuballama.com\\\/noticias\\\/author\\\/roberto\\\/\"}]}<\/script>\n<!-- \/ Yoast SEO plugin. -->","yoast_head_json":{"title":"Despu\u00e9s del \"Tylenol, el autismo y Cuba\", llega una encuesta made in USA: \u00bfes mejor vivir en el socialismo? - Cuballama Noticias","description":"Estudiantes universitarios en los Estados Unidos tienen unas ideas muy liberales en cuanto a modelo econ\u00f3mico en el cual vivir.","robots":{"index":"index","follow":"follow","max-snippet":"max-snippet:-1","max-image-preview":"max-image-preview:large","max-video-preview":"max-video-preview:-1"},"canonical":"https:\/\/www.cuballama.com\/noticias\/despues-del-tylenol-el-autismo-y-cuba-llega-una-encuesta-made-in-usa-es-mejor-vivir-en-el-socialismo\/","og_locale":"es_ES","og_type":"article","og_title":"Despu\u00e9s del \"Tylenol, el autismo y Cuba\", llega una encuesta made in USA: \u00bfes mejor vivir en el socialismo? - Cuballama Noticias","og_description":"Estudiantes universitarios en los Estados Unidos tienen unas ideas muy liberales en cuanto a modelo econ\u00f3mico en el cual vivir.","og_url":"https:\/\/www.cuballama.com\/noticias\/despues-del-tylenol-el-autismo-y-cuba-llega-una-encuesta-made-in-usa-es-mejor-vivir-en-el-socialismo\/","og_site_name":"Cuballama Noticias","article_publisher":"https:\/\/www.facebook.com\/CubaLlama","article_published_time":"2025-09-24T16:46:35+00:00","article_modified_time":"2025-09-24T16:46:38+00:00","author":"Roberto A.","twitter_card":"summary_large_image","twitter_creator":"@cuballama","twitter_site":"@cuballama","twitter_misc":{"Escrito por":"Roberto A.","Tiempo de lectura":"3 minutos"},"schema":{"@context":"https:\/\/schema.org","@graph":[{"@type":"Article","@id":"https:\/\/www.cuballama.com\/noticias\/despues-del-tylenol-el-autismo-y-cuba-llega-una-encuesta-made-in-usa-es-mejor-vivir-en-el-socialismo\/#article","isPartOf":{"@id":"https:\/\/www.cuballama.com\/noticias\/despues-del-tylenol-el-autismo-y-cuba-llega-una-encuesta-made-in-usa-es-mejor-vivir-en-el-socialismo\/"},"author":{"name":"Roberto A.","@id":"https:\/\/www.cuballama.com\/noticias\/#\/schema\/person\/a58502ed4146c8e9f83872e897c76cd2"},"headline":"Despu\u00e9s del \u00abTylenol, el autismo y Cuba\u00bb, llega una encuesta made in USA: \u00bfes mejor vivir en el socialismo?","datePublished":"2025-09-24T16:46:35+00:00","dateModified":"2025-09-24T16:46:38+00:00","mainEntityOfPage":{"@id":"https:\/\/www.cuballama.com\/noticias\/despues-del-tylenol-el-autismo-y-cuba-llega-una-encuesta-made-in-usa-es-mejor-vivir-en-el-socialismo\/"},"wordCount":586,"commentCount":0,"publisher":{"@id":"https:\/\/www.cuballama.com\/noticias\/#organization"},"keywords":["Capitalismo","Cuba","educaci\u00f3n superior","encuesta","Estados Unidos","estudiantes universitarios","percepci\u00f3n juvenil","Socialismo","William F. Buckley Institute","Yale"],"articleSection":["Noticias","Sociedad","USA"],"inLanguage":"es","potentialAction":[{"@type":"CommentAction","name":"Comment","target":["https:\/\/www.cuballama.com\/noticias\/despues-del-tylenol-el-autismo-y-cuba-llega-una-encuesta-made-in-usa-es-mejor-vivir-en-el-socialismo\/#respond"]}]},{"@type":"WebPage","@id":"https:\/\/www.cuballama.com\/noticias\/despues-del-tylenol-el-autismo-y-cuba-llega-una-encuesta-made-in-usa-es-mejor-vivir-en-el-socialismo\/","url":"https:\/\/www.cuballama.com\/noticias\/despues-del-tylenol-el-autismo-y-cuba-llega-una-encuesta-made-in-usa-es-mejor-vivir-en-el-socialismo\/","name":"Despu\u00e9s del \"Tylenol, el autismo y Cuba\", llega una encuesta made in USA: \u00bfes mejor vivir en el socialismo? - Cuballama Noticias","isPartOf":{"@id":"https:\/\/www.cuballama.com\/noticias\/#website"},"datePublished":"2025-09-24T16:46:35+00:00","dateModified":"2025-09-24T16:46:38+00:00","description":"Estudiantes universitarios en los Estados Unidos tienen unas ideas muy liberales en cuanto a modelo econ\u00f3mico en el cual vivir.","breadcrumb":{"@id":"https:\/\/www.cuballama.com\/noticias\/despues-del-tylenol-el-autismo-y-cuba-llega-una-encuesta-made-in-usa-es-mejor-vivir-en-el-socialismo\/#breadcrumb"},"inLanguage":"es","potentialAction":[{"@type":"ReadAction","target":["https:\/\/www.cuballama.com\/noticias\/despues-del-tylenol-el-autismo-y-cuba-llega-una-encuesta-made-in-usa-es-mejor-vivir-en-el-socialismo\/"]}]},{"@type":"BreadcrumbList","@id":"https:\/\/www.cuballama.com\/noticias\/despues-del-tylenol-el-autismo-y-cuba-llega-una-encuesta-made-in-usa-es-mejor-vivir-en-el-socialismo\/#breadcrumb","itemListElement":[{"@type":"ListItem","position":1,"name":"Home","item":"https:\/\/www.cuballama.com\/noticias\/"},{"@type":"ListItem","position":2,"name":"Despu\u00e9s del \u00abTylenol, el autismo y Cuba\u00bb, llega una encuesta made in USA: \u00bfes mejor vivir en el socialismo?"}]},{"@type":"WebSite","@id":"https:\/\/www.cuballama.com\/noticias\/#website","url":"https:\/\/www.cuballama.com\/noticias\/","name":"Cuballama Noticias","description":"Medio digital sobre Cuba y el mundo","publisher":{"@id":"https:\/\/www.cuballama.com\/noticias\/#organization"},"potentialAction":[{"@type":"SearchAction","target":{"@type":"EntryPoint","urlTemplate":"https:\/\/www.cuballama.com\/noticias\/?s={search_term_string}"},"query-input":{"@type":"PropertyValueSpecification","valueRequired":true,"valueName":"search_term_string"}}],"inLanguage":"es"},{"@type":"Organization","@id":"https:\/\/www.cuballama.com\/noticias\/#organization","name":"Cuballama","url":"https:\/\/www.cuballama.com\/noticias\/","logo":{"@type":"ImageObject","inLanguage":"es","@id":"https:\/\/www.cuballama.com\/noticias\/#\/schema\/logo\/image\/","url":"https:\/\/cdn1.mediawpaccore.net\/wp-content\/uploads\/2021\/12\/28171206\/cbll-logo-color-sm.png","contentUrl":"https:\/\/cdn1.mediawpaccore.net\/wp-content\/uploads\/2021\/12\/28171206\/cbll-logo-color-sm.png","width":600,"height":133,"caption":"Cuballama"},"image":{"@id":"https:\/\/www.cuballama.com\/noticias\/#\/schema\/logo\/image\/"},"sameAs":["https:\/\/www.facebook.com\/CubaLlama","https:\/\/x.com\/cuballama","https:\/\/www.instagram.com\/stories\/cuballama_oficial\/","https:\/\/www.youtube.com\/channel\/UCKkFE-d_axENGZcrc4as0IA"]},{"@type":"Person","@id":"https:\/\/www.cuballama.com\/noticias\/#\/schema\/person\/a58502ed4146c8e9f83872e897c76cd2","name":"Roberto A.","description":"Roberto A. Periodista por decisi\u00f3n propia. Interesado en cualquier tema que me apasione y cada vez m\u00e1s comprometido con la verdad y la objetividad period\u00edstica. Graduado en La Habana hace ya muchos a\u00f1os, luego de una accidentada y polvorienta b\u00fasqueda de informaci\u00f3n sobre un tema in\u00e9dito. La Tesis, por cierto, desapareci\u00f3 de la biblioteca y no se conservan copias de la misma.","url":"https:\/\/www.cuballama.com\/noticias\/author\/roberto\/"}]}},"_links":{"self":[{"href":"https:\/\/www.cuballama.com\/noticias\/wp-json\/wp\/v2\/posts\/220637","targetHints":{"allow":["GET"]}}],"collection":[{"href":"https:\/\/www.cuballama.com\/noticias\/wp-json\/wp\/v2\/posts"}],"about":[{"href":"https:\/\/www.cuballama.com\/noticias\/wp-json\/wp\/v2\/types\/post"}],"author":[{"embeddable":true,"href":"https:\/\/www.cuballama.com\/noticias\/wp-json\/wp\/v2\/users\/13"}],"replies":[{"embeddable":true,"href":"https:\/\/www.cuballama.com\/noticias\/wp-json\/wp\/v2\/comments?post=220637"}],"version-history":[{"count":3,"href":"https:\/\/www.cuballama.com\/noticias\/wp-json\/wp\/v2\/posts\/220637\/revisions"}],"predecessor-version":[{"id":220641,"href":"https:\/\/www.cuballama.com\/noticias\/wp-json\/wp\/v2\/posts\/220637\/revisions\/220641"}],"wp:attachment":[{"href":"https:\/\/www.cuballama.com\/noticias\/wp-json\/wp\/v2\/media?parent=220637"}],"wp:term":[{"taxonomy":"category","embeddable":true,"href":"https:\/\/www.cuballama.com\/noticias\/wp-json\/wp\/v2\/categories?post=220637"},{"taxonomy":"post_tag","embeddable":true,"href":"https:\/\/www.cuballama.com\/noticias\/wp-json\/wp\/v2\/tags?post=220637"}],"curies":[{"name":"wp","href":"https:\/\/api.w.org\/{rel}","templated":true}]}}