{"id":220384,"date":"2025-09-22T15:36:39","date_gmt":"2025-09-22T19:36:39","guid":{"rendered":"https:\/\/www.cuballama.com\/noticias\/?p=220384"},"modified":"2025-09-22T16:37:10","modified_gmt":"2025-09-22T20:37:10","slug":"ee-uu-deporta-a-mexico-a-cubano-que-secuestro-un-avion-en-2003","status":"publish","type":"post","link":"https:\/\/www.cuballama.com\/noticias\/ee-uu-deporta-a-mexico-a-cubano-que-secuestro-un-avion-en-2003\/","title":{"rendered":"EE.UU. deporta a M\u00e9xico a cubano que secuestr\u00f3 un avi\u00f3n en 2003"},"content":{"rendered":"\n<p>Adermis Wilson Gonz\u00e1lez, quien en 2003 secuestr\u00f3 un avi\u00f3n de Cuba a Estados Unidos, fue deportado por las autoridades del Servicio de Inmigraci\u00f3n y Control de Aduanas de Estados Unidos (ICE por sus siglas en ingl\u00e9s) a M\u00e9xico a inicios de la pasada semana, seg\u00fan confirmaron <a href=\"https:\/\/www.cafefuerte.com\/estados-unidos\/deportado-a-mexico-cubano-que-realizo-espectacular-secuestro-de-avion-en-2003\/\" target=\"_blank\" rel=\"noreferrer noopener\">a <em>Caf\u00e9 Fuerte<\/em><\/a> fuentes familiares.<\/p>\n\n\n\n<p>Tras casi tres meses detenido en un centro de inmigraci\u00f3n en Texas, el cubano, de 56 a\u00f1os, fue trasladado junto a otros 40 detenidos, entre ellos varios de sus coterr\u00e1neos, y liberado en suelo azteca sin documentaci\u00f3n oficial.<\/p>\n\n\n\n<p>Seg\u00fan cont\u00f3 su hermana Yolaine Wilson, a los deportados \u201clos soltaron despu\u00e9s de tomarles una foto, sin entregarles documentos ni nada m\u00e1s\u201d. \u201cHemos estado en contacto y le enviamos alg\u00fan dinero para que pueda sobrevivir all\u00ed\u201d, puntualiz\u00f3.<\/p>\n\n\n\n<p>\u201cEs el primer caso en la historia reciente de un cubano que escapa de Cuba por secuestro o robo de una aeronave y termina expulsado de Estados Unidos tras cumplir una larga condena por su acci\u00f3n delictiva\u201d, destac\u00f3 el periodista Wilfred Cancio, quien report\u00f3 para el citado medio.<\/p>\n\n\n\n<p>Wilson fue detenido por el pasado 29 de junio en Texas, tras pasar casi dos d\u00e9cadas en prisi\u00f3n en Estados Unidos por ser condenado por secuestrar un avi\u00f3n de pasajeros en 2003 en Isla de la Juventud y hacer que aterrizara en Miami, Florida. <\/p>\n\n\n\n<p>Wilson fue adem\u00e1s <a href=\"https:\/\/www.cuballama.com\/noticias\/ice-destaca-arresto-de-cubano-que-secuestro-un-avion-en-2003\/?srsltid=AfmBOoqFlwTIRhqPFtFCAS7HGVbOoHk87efR0aZEmJd2eOianKq_k4RK\" target=\"_blank\" rel=\"noreferrer noopener\">uno de los 1.361 inmigrantes indocumentados arrestados en Houston en el sexto mes de este a\u00f1o<\/a> en operativos de rutina de ICE.<\/p>\n\n\n\n<p>Tras cumplir su sentencia en una c\u00e1rcel federal de Carolina del Sur y ser liberado el 23 de septiembre de 2021, Wilson fue <a href=\"https:\/\/www.cuballama.com\/noticias\/fallece-anciano-cubano-bajo-custodia-de-ice-en-miami\/?srsltid=AfmBOoocI4GrE4wnrAgXMamz6_3h9g5_8LFa8wqR2TZ7CU_ya04iOTDL\" target=\"_blank\" rel=\"noreferrer noopener\">arrestado por ICE<\/a>, que lo tuvo bajo custodia cinco meses.<\/p>\n\n\n\n<p>Entonces su proceso de expulsi\u00f3n fue desestimado por razones humanitarias, ya que ten\u00eda dificultades para caminar y deb\u00eda permanecer en silla de ruedas, padece una hipertensi\u00f3n severa y no representaba un peligro para la comunidad.<\/p>\n\n\n\n<p>Wilson no puso ampararse en la Convenci\u00f3n contra la Tortura, que beneficia a personas en riesgo de ser devueltas a su pa\u00eds, ya que los convictos por el delito de pirater\u00eda a\u00e9rea no pueden solicitar asilo pol\u00edtico.<\/p>\n\n\n\n<p>\u201cNo tengo nada que reprocharle al gobierno de Estados Unidos, porque no creo que fue injusto al sancionarme. Comet\u00ed un delito, me condenaron por violar las leyes y he cumplido mi sanci\u00f3n hasta el \u00faltimo d\u00eda con respeto por este pa\u00eds\u201d, se\u00f1al\u00f3 luego de su excarcelaci\u00f3n.\u00a0<\/p>\n\n\n\n<p>En aquel momento asegur\u00f3 que \u201cpor primera vez desde que nac\u00ed soy una persona libre, porque en Cuba nunca tuve libertad\u201d.<\/p>\n\n\n\n<p>Wilson, un t\u00e9cnico de construcci\u00f3n civil, secuestr\u00f3 un avi\u00f3n comercial de Aviaci\u00f3n que har\u00eda la ruta Nueva Gerona-La Habana, un Antonov-24, la noche del 31 de marzo de 2003.<\/p>\n\n\n\n<p>Durante su encierro, el cubano estudi\u00f3, lleg\u00f3 a graduarse como ingeniero civil y obtuvo una maestr\u00eda en Log\u00edstica en universidades estadounidenses.<\/p>\n\n\n\n<p><\/p>\n","protected":false},"excerpt":{"rendered":"<p>Adermis Wilson Gonz\u00e1lez, quien en 2003 secuestr\u00f3 un avi\u00f3n de Cuba a Estados Unidos, fue deportado por las autoridades del Servicio de Inmigraci\u00f3n y Control de Aduanas de Estados Unidos (ICE por sus siglas en ingl\u00e9s) a M\u00e9xico a inicios de la pasada semana, seg\u00fan confirmaron a Caf\u00e9 Fuerte fuentes familiares. Tras casi tres meses [&hellip;]<\/p>\n","protected":false},"author":30,"featured_media":211886,"comment_status":"open","ping_status":"closed","sticky":false,"template":"","format":"standard","meta":{"_acf_changed":false,"footnotes":""},"categories":[18,953],"tags":[11443,4523,26589,941],"class_list":{"0":"post-220384","1":"post","2":"type-post","3":"status-publish","4":"format-standard","5":"has-post-thumbnail","7":"category-noticias","8":"category-usa","9":"tag-adermis-wilson-gonzalez","10":"tag-cubanos-en-mexico","11":"tag-deportacion-de-cubanos","12":"tag-destacado"},"acf":[],"yoast_head":"<!-- This site is optimized with the Yoast SEO plugin v27.5 - https:\/\/yoast.com\/product\/yoast-seo-wordpress\/ -->\n<title>EE.UU. deporta a M\u00e9xico a cubano que secuestr\u00f3 un avi\u00f3n en 2003 - Cuballama Noticias<\/title>\n<meta name=\"description\" content=\"Adermis Wilson Gonz\u00e1lez, quien en 2003 secuestr\u00f3 un avi\u00f3n de Cuba a Estados Unidos, fue deportado a M\u00e9xico.\" \/>\n<meta name=\"robots\" content=\"index, follow, max-snippet:-1, max-image-preview:large, max-video-preview:-1\" \/>\n<link rel=\"canonical\" href=\"https:\/\/www.cuballama.com\/noticias\/ee-uu-deporta-a-mexico-a-cubano-que-secuestro-un-avion-en-2003\/\" \/>\n<meta property=\"og:locale\" content=\"es_ES\" \/>\n<meta property=\"og:type\" content=\"article\" \/>\n<meta property=\"og:title\" content=\"EE.UU. deporta a M\u00e9xico a cubano que secuestr\u00f3 un avi\u00f3n en 2003 - Cuballama Noticias\" \/>\n<meta property=\"og:description\" content=\"Adermis Wilson Gonz\u00e1lez, quien en 2003 secuestr\u00f3 un avi\u00f3n de Cuba a Estados Unidos, fue deportado a M\u00e9xico.\" \/>\n<meta property=\"og:url\" content=\"https:\/\/www.cuballama.com\/noticias\/ee-uu-deporta-a-mexico-a-cubano-que-secuestro-un-avion-en-2003\/\" \/>\n<meta property=\"og:site_name\" content=\"Cuballama Noticias\" \/>\n<meta property=\"article:publisher\" content=\"https:\/\/www.facebook.com\/CubaLlama\" \/>\n<meta property=\"article:published_time\" content=\"2025-09-22T19:36:39+00:00\" \/>\n<meta property=\"article:modified_time\" content=\"2025-09-22T20:37:10+00:00\" \/>\n<meta property=\"og:image\" content=\"https:\/\/cdn1.mediawpaccore.net\/wp-content\/uploads\/2025\/06\/30234340\/514971617_1148559280647152_4407524550020699546_n1.jpg\" \/>\n\t<meta property=\"og:image:width\" content=\"1200\" \/>\n\t<meta property=\"og:image:height\" content=\"630\" \/>\n\t<meta property=\"og:image:type\" content=\"image\/jpeg\" \/>\n<meta name=\"author\" content=\"Kathy\" \/>\n<meta name=\"twitter:card\" content=\"summary_large_image\" \/>\n<meta name=\"twitter:creator\" content=\"@cuballama\" \/>\n<meta name=\"twitter:site\" content=\"@cuballama\" \/>\n<meta name=\"twitter:label1\" content=\"Escrito por\" \/>\n\t<meta name=\"twitter:data1\" content=\"Kathy\" \/>\n\t<meta name=\"twitter:label2\" content=\"Tiempo de lectura\" \/>\n\t<meta name=\"twitter:data2\" content=\"3 minutos\" \/>\n<script type=\"application\/ld+json\" class=\"yoast-schema-graph\">{\"@context\":\"https:\\\/\\\/schema.org\",\"@graph\":[{\"@type\":\"Article\",\"@id\":\"https:\\\/\\\/www.cuballama.com\\\/noticias\\\/ee-uu-deporta-a-mexico-a-cubano-que-secuestro-un-avion-en-2003\\\/#article\",\"isPartOf\":{\"@id\":\"https:\\\/\\\/www.cuballama.com\\\/noticias\\\/ee-uu-deporta-a-mexico-a-cubano-que-secuestro-un-avion-en-2003\\\/\"},\"author\":{\"name\":\"Kathy\",\"@id\":\"https:\\\/\\\/www.cuballama.com\\\/noticias\\\/#\\\/schema\\\/person\\\/86cd3e3f4974437f031211213bf892d5\"},\"headline\":\"EE.UU. deporta a M\u00e9xico a cubano que secuestr\u00f3 un avi\u00f3n en 2003\",\"datePublished\":\"2025-09-22T19:36:39+00:00\",\"dateModified\":\"2025-09-22T20:37:10+00:00\",\"mainEntityOfPage\":{\"@id\":\"https:\\\/\\\/www.cuballama.com\\\/noticias\\\/ee-uu-deporta-a-mexico-a-cubano-que-secuestro-un-avion-en-2003\\\/\"},\"wordCount\":511,\"commentCount\":0,\"publisher\":{\"@id\":\"https:\\\/\\\/www.cuballama.com\\\/noticias\\\/#organization\"},\"image\":{\"@id\":\"https:\\\/\\\/www.cuballama.com\\\/noticias\\\/ee-uu-deporta-a-mexico-a-cubano-que-secuestro-un-avion-en-2003\\\/#primaryimage\"},\"thumbnailUrl\":\"https:\\\/\\\/cdn1.mediawpaccore.net\\\/wp-content\\\/uploads\\\/2025\\\/06\\\/30234340\\\/514971617_1148559280647152_4407524550020699546_n1.jpg\",\"keywords\":[\"Adermis Wilson Gonz\u00e1lez\",\"Cubanos en M\u00e9xico\",\"deportaci\u00f3n de cubanos\",\"destacado\"],\"articleSection\":[\"Noticias\",\"USA\"],\"inLanguage\":\"es\",\"potentialAction\":[{\"@type\":\"CommentAction\",\"name\":\"Comment\",\"target\":[\"https:\\\/\\\/www.cuballama.com\\\/noticias\\\/ee-uu-deporta-a-mexico-a-cubano-que-secuestro-un-avion-en-2003\\\/#respond\"]}]},{\"@type\":\"WebPage\",\"@id\":\"https:\\\/\\\/www.cuballama.com\\\/noticias\\\/ee-uu-deporta-a-mexico-a-cubano-que-secuestro-un-avion-en-2003\\\/\",\"url\":\"https:\\\/\\\/www.cuballama.com\\\/noticias\\\/ee-uu-deporta-a-mexico-a-cubano-que-secuestro-un-avion-en-2003\\\/\",\"name\":\"EE.UU. deporta a M\u00e9xico a cubano que secuestr\u00f3 un avi\u00f3n en 2003 - Cuballama Noticias\",\"isPartOf\":{\"@id\":\"https:\\\/\\\/www.cuballama.com\\\/noticias\\\/#website\"},\"primaryImageOfPage\":{\"@id\":\"https:\\\/\\\/www.cuballama.com\\\/noticias\\\/ee-uu-deporta-a-mexico-a-cubano-que-secuestro-un-avion-en-2003\\\/#primaryimage\"},\"image\":{\"@id\":\"https:\\\/\\\/www.cuballama.com\\\/noticias\\\/ee-uu-deporta-a-mexico-a-cubano-que-secuestro-un-avion-en-2003\\\/#primaryimage\"},\"thumbnailUrl\":\"https:\\\/\\\/cdn1.mediawpaccore.net\\\/wp-content\\\/uploads\\\/2025\\\/06\\\/30234340\\\/514971617_1148559280647152_4407524550020699546_n1.jpg\",\"datePublished\":\"2025-09-22T19:36:39+00:00\",\"dateModified\":\"2025-09-22T20:37:10+00:00\",\"description\":\"Adermis Wilson Gonz\u00e1lez, quien en 2003 secuestr\u00f3 un avi\u00f3n de Cuba a Estados Unidos, fue deportado a M\u00e9xico.\",\"breadcrumb\":{\"@id\":\"https:\\\/\\\/www.cuballama.com\\\/noticias\\\/ee-uu-deporta-a-mexico-a-cubano-que-secuestro-un-avion-en-2003\\\/#breadcrumb\"},\"inLanguage\":\"es\",\"potentialAction\":[{\"@type\":\"ReadAction\",\"target\":[\"https:\\\/\\\/www.cuballama.com\\\/noticias\\\/ee-uu-deporta-a-mexico-a-cubano-que-secuestro-un-avion-en-2003\\\/\"]}]},{\"@type\":\"ImageObject\",\"inLanguage\":\"es\",\"@id\":\"https:\\\/\\\/www.cuballama.com\\\/noticias\\\/ee-uu-deporta-a-mexico-a-cubano-que-secuestro-un-avion-en-2003\\\/#primaryimage\",\"url\":\"https:\\\/\\\/cdn1.mediawpaccore.net\\\/wp-content\\\/uploads\\\/2025\\\/06\\\/30234340\\\/514971617_1148559280647152_4407524550020699546_n1.jpg\",\"contentUrl\":\"https:\\\/\\\/cdn1.mediawpaccore.net\\\/wp-content\\\/uploads\\\/2025\\\/06\\\/30234340\\\/514971617_1148559280647152_4407524550020699546_n1.jpg\",\"width\":1200,\"height\":630,\"caption\":\"Adermis Wilson Gonz\u00e1lez. Foto: Facebook\\\/ICLEP.\"},{\"@type\":\"BreadcrumbList\",\"@id\":\"https:\\\/\\\/www.cuballama.com\\\/noticias\\\/ee-uu-deporta-a-mexico-a-cubano-que-secuestro-un-avion-en-2003\\\/#breadcrumb\",\"itemListElement\":[{\"@type\":\"ListItem\",\"position\":1,\"name\":\"Home\",\"item\":\"https:\\\/\\\/www.cuballama.com\\\/noticias\\\/\"},{\"@type\":\"ListItem\",\"position\":2,\"name\":\"EE.UU. deporta a M\u00e9xico a cubano que secuestr\u00f3 un avi\u00f3n en 2003\"}]},{\"@type\":\"WebSite\",\"@id\":\"https:\\\/\\\/www.cuballama.com\\\/noticias\\\/#website\",\"url\":\"https:\\\/\\\/www.cuballama.com\\\/noticias\\\/\",\"name\":\"Cuballama Noticias\",\"description\":\"Medio digital sobre Cuba y el mundo\",\"publisher\":{\"@id\":\"https:\\\/\\\/www.cuballama.com\\\/noticias\\\/#organization\"},\"potentialAction\":[{\"@type\":\"SearchAction\",\"target\":{\"@type\":\"EntryPoint\",\"urlTemplate\":\"https:\\\/\\\/www.cuballama.com\\\/noticias\\\/?s={search_term_string}\"},\"query-input\":{\"@type\":\"PropertyValueSpecification\",\"valueRequired\":true,\"valueName\":\"search_term_string\"}}],\"inLanguage\":\"es\"},{\"@type\":\"Organization\",\"@id\":\"https:\\\/\\\/www.cuballama.com\\\/noticias\\\/#organization\",\"name\":\"Cuballama\",\"url\":\"https:\\\/\\\/www.cuballama.com\\\/noticias\\\/\",\"logo\":{\"@type\":\"ImageObject\",\"inLanguage\":\"es\",\"@id\":\"https:\\\/\\\/www.cuballama.com\\\/noticias\\\/#\\\/schema\\\/logo\\\/image\\\/\",\"url\":\"https:\\\/\\\/cdn1.mediawpaccore.net\\\/wp-content\\\/uploads\\\/2021\\\/12\\\/28171206\\\/cbll-logo-color-sm.png\",\"contentUrl\":\"https:\\\/\\\/cdn1.mediawpaccore.net\\\/wp-content\\\/uploads\\\/2021\\\/12\\\/28171206\\\/cbll-logo-color-sm.png\",\"width\":600,\"height\":133,\"caption\":\"Cuballama\"},\"image\":{\"@id\":\"https:\\\/\\\/www.cuballama.com\\\/noticias\\\/#\\\/schema\\\/logo\\\/image\\\/\"},\"sameAs\":[\"https:\\\/\\\/www.facebook.com\\\/CubaLlama\",\"https:\\\/\\\/x.com\\\/cuballama\",\"https:\\\/\\\/www.instagram.com\\\/stories\\\/cuballama_oficial\\\/\",\"https:\\\/\\\/www.youtube.com\\\/channel\\\/UCKkFE-d_axENGZcrc4as0IA\"]},{\"@type\":\"Person\",\"@id\":\"https:\\\/\\\/www.cuballama.com\\\/noticias\\\/#\\\/schema\\\/person\\\/86cd3e3f4974437f031211213bf892d5\",\"name\":\"Kathy\",\"url\":\"https:\\\/\\\/www.cuballama.com\\\/noticias\\\/author\\\/kathy\\\/\"}]}<\/script>\n<!-- \/ Yoast SEO plugin. -->","yoast_head_json":{"title":"EE.UU. deporta a M\u00e9xico a cubano que secuestr\u00f3 un avi\u00f3n en 2003 - Cuballama Noticias","description":"Adermis Wilson Gonz\u00e1lez, quien en 2003 secuestr\u00f3 un avi\u00f3n de Cuba a Estados Unidos, fue deportado a M\u00e9xico.","robots":{"index":"index","follow":"follow","max-snippet":"max-snippet:-1","max-image-preview":"max-image-preview:large","max-video-preview":"max-video-preview:-1"},"canonical":"https:\/\/www.cuballama.com\/noticias\/ee-uu-deporta-a-mexico-a-cubano-que-secuestro-un-avion-en-2003\/","og_locale":"es_ES","og_type":"article","og_title":"EE.UU. deporta a M\u00e9xico a cubano que secuestr\u00f3 un avi\u00f3n en 2003 - Cuballama Noticias","og_description":"Adermis Wilson Gonz\u00e1lez, quien en 2003 secuestr\u00f3 un avi\u00f3n de Cuba a Estados Unidos, fue deportado a M\u00e9xico.","og_url":"https:\/\/www.cuballama.com\/noticias\/ee-uu-deporta-a-mexico-a-cubano-que-secuestro-un-avion-en-2003\/","og_site_name":"Cuballama Noticias","article_publisher":"https:\/\/www.facebook.com\/CubaLlama","article_published_time":"2025-09-22T19:36:39+00:00","article_modified_time":"2025-09-22T20:37:10+00:00","og_image":[{"width":1200,"height":630,"url":"https:\/\/cdn1.mediawpaccore.net\/wp-content\/uploads\/2025\/06\/30234340\/514971617_1148559280647152_4407524550020699546_n1.jpg","type":"image\/jpeg"}],"author":"Kathy","twitter_card":"summary_large_image","twitter_creator":"@cuballama","twitter_site":"@cuballama","twitter_misc":{"Escrito por":"Kathy","Tiempo de lectura":"3 minutos"},"schema":{"@context":"https:\/\/schema.org","@graph":[{"@type":"Article","@id":"https:\/\/www.cuballama.com\/noticias\/ee-uu-deporta-a-mexico-a-cubano-que-secuestro-un-avion-en-2003\/#article","isPartOf":{"@id":"https:\/\/www.cuballama.com\/noticias\/ee-uu-deporta-a-mexico-a-cubano-que-secuestro-un-avion-en-2003\/"},"author":{"name":"Kathy","@id":"https:\/\/www.cuballama.com\/noticias\/#\/schema\/person\/86cd3e3f4974437f031211213bf892d5"},"headline":"EE.UU. deporta a M\u00e9xico a cubano que secuestr\u00f3 un avi\u00f3n en 2003","datePublished":"2025-09-22T19:36:39+00:00","dateModified":"2025-09-22T20:37:10+00:00","mainEntityOfPage":{"@id":"https:\/\/www.cuballama.com\/noticias\/ee-uu-deporta-a-mexico-a-cubano-que-secuestro-un-avion-en-2003\/"},"wordCount":511,"commentCount":0,"publisher":{"@id":"https:\/\/www.cuballama.com\/noticias\/#organization"},"image":{"@id":"https:\/\/www.cuballama.com\/noticias\/ee-uu-deporta-a-mexico-a-cubano-que-secuestro-un-avion-en-2003\/#primaryimage"},"thumbnailUrl":"https:\/\/cdn1.mediawpaccore.net\/wp-content\/uploads\/2025\/06\/30234340\/514971617_1148559280647152_4407524550020699546_n1.jpg","keywords":["Adermis Wilson Gonz\u00e1lez","Cubanos en M\u00e9xico","deportaci\u00f3n de cubanos","destacado"],"articleSection":["Noticias","USA"],"inLanguage":"es","potentialAction":[{"@type":"CommentAction","name":"Comment","target":["https:\/\/www.cuballama.com\/noticias\/ee-uu-deporta-a-mexico-a-cubano-que-secuestro-un-avion-en-2003\/#respond"]}]},{"@type":"WebPage","@id":"https:\/\/www.cuballama.com\/noticias\/ee-uu-deporta-a-mexico-a-cubano-que-secuestro-un-avion-en-2003\/","url":"https:\/\/www.cuballama.com\/noticias\/ee-uu-deporta-a-mexico-a-cubano-que-secuestro-un-avion-en-2003\/","name":"EE.UU. deporta a M\u00e9xico a cubano que secuestr\u00f3 un avi\u00f3n en 2003 - Cuballama Noticias","isPartOf":{"@id":"https:\/\/www.cuballama.com\/noticias\/#website"},"primaryImageOfPage":{"@id":"https:\/\/www.cuballama.com\/noticias\/ee-uu-deporta-a-mexico-a-cubano-que-secuestro-un-avion-en-2003\/#primaryimage"},"image":{"@id":"https:\/\/www.cuballama.com\/noticias\/ee-uu-deporta-a-mexico-a-cubano-que-secuestro-un-avion-en-2003\/#primaryimage"},"thumbnailUrl":"https:\/\/cdn1.mediawpaccore.net\/wp-content\/uploads\/2025\/06\/30234340\/514971617_1148559280647152_4407524550020699546_n1.jpg","datePublished":"2025-09-22T19:36:39+00:00","dateModified":"2025-09-22T20:37:10+00:00","description":"Adermis Wilson Gonz\u00e1lez, quien en 2003 secuestr\u00f3 un avi\u00f3n de Cuba a Estados Unidos, fue deportado a M\u00e9xico.","breadcrumb":{"@id":"https:\/\/www.cuballama.com\/noticias\/ee-uu-deporta-a-mexico-a-cubano-que-secuestro-un-avion-en-2003\/#breadcrumb"},"inLanguage":"es","potentialAction":[{"@type":"ReadAction","target":["https:\/\/www.cuballama.com\/noticias\/ee-uu-deporta-a-mexico-a-cubano-que-secuestro-un-avion-en-2003\/"]}]},{"@type":"ImageObject","inLanguage":"es","@id":"https:\/\/www.cuballama.com\/noticias\/ee-uu-deporta-a-mexico-a-cubano-que-secuestro-un-avion-en-2003\/#primaryimage","url":"https:\/\/cdn1.mediawpaccore.net\/wp-content\/uploads\/2025\/06\/30234340\/514971617_1148559280647152_4407524550020699546_n1.jpg","contentUrl":"https:\/\/cdn1.mediawpaccore.net\/wp-content\/uploads\/2025\/06\/30234340\/514971617_1148559280647152_4407524550020699546_n1.jpg","width":1200,"height":630,"caption":"Adermis Wilson Gonz\u00e1lez. Foto: Facebook\/ICLEP."},{"@type":"BreadcrumbList","@id":"https:\/\/www.cuballama.com\/noticias\/ee-uu-deporta-a-mexico-a-cubano-que-secuestro-un-avion-en-2003\/#breadcrumb","itemListElement":[{"@type":"ListItem","position":1,"name":"Home","item":"https:\/\/www.cuballama.com\/noticias\/"},{"@type":"ListItem","position":2,"name":"EE.UU. deporta a M\u00e9xico a cubano que secuestr\u00f3 un avi\u00f3n en 2003"}]},{"@type":"WebSite","@id":"https:\/\/www.cuballama.com\/noticias\/#website","url":"https:\/\/www.cuballama.com\/noticias\/","name":"Cuballama Noticias","description":"Medio digital sobre Cuba y el mundo","publisher":{"@id":"https:\/\/www.cuballama.com\/noticias\/#organization"},"potentialAction":[{"@type":"SearchAction","target":{"@type":"EntryPoint","urlTemplate":"https:\/\/www.cuballama.com\/noticias\/?s={search_term_string}"},"query-input":{"@type":"PropertyValueSpecification","valueRequired":true,"valueName":"search_term_string"}}],"inLanguage":"es"},{"@type":"Organization","@id":"https:\/\/www.cuballama.com\/noticias\/#organization","name":"Cuballama","url":"https:\/\/www.cuballama.com\/noticias\/","logo":{"@type":"ImageObject","inLanguage":"es","@id":"https:\/\/www.cuballama.com\/noticias\/#\/schema\/logo\/image\/","url":"https:\/\/cdn1.mediawpaccore.net\/wp-content\/uploads\/2021\/12\/28171206\/cbll-logo-color-sm.png","contentUrl":"https:\/\/cdn1.mediawpaccore.net\/wp-content\/uploads\/2021\/12\/28171206\/cbll-logo-color-sm.png","width":600,"height":133,"caption":"Cuballama"},"image":{"@id":"https:\/\/www.cuballama.com\/noticias\/#\/schema\/logo\/image\/"},"sameAs":["https:\/\/www.facebook.com\/CubaLlama","https:\/\/x.com\/cuballama","https:\/\/www.instagram.com\/stories\/cuballama_oficial\/","https:\/\/www.youtube.com\/channel\/UCKkFE-d_axENGZcrc4as0IA"]},{"@type":"Person","@id":"https:\/\/www.cuballama.com\/noticias\/#\/schema\/person\/86cd3e3f4974437f031211213bf892d5","name":"Kathy","url":"https:\/\/www.cuballama.com\/noticias\/author\/kathy\/"}]}},"_links":{"self":[{"href":"https:\/\/www.cuballama.com\/noticias\/wp-json\/wp\/v2\/posts\/220384","targetHints":{"allow":["GET"]}}],"collection":[{"href":"https:\/\/www.cuballama.com\/noticias\/wp-json\/wp\/v2\/posts"}],"about":[{"href":"https:\/\/www.cuballama.com\/noticias\/wp-json\/wp\/v2\/types\/post"}],"author":[{"embeddable":true,"href":"https:\/\/www.cuballama.com\/noticias\/wp-json\/wp\/v2\/users\/30"}],"replies":[{"embeddable":true,"href":"https:\/\/www.cuballama.com\/noticias\/wp-json\/wp\/v2\/comments?post=220384"}],"version-history":[{"count":7,"href":"https:\/\/www.cuballama.com\/noticias\/wp-json\/wp\/v2\/posts\/220384\/revisions"}],"predecessor-version":[{"id":220485,"href":"https:\/\/www.cuballama.com\/noticias\/wp-json\/wp\/v2\/posts\/220384\/revisions\/220485"}],"wp:featuredmedia":[{"embeddable":true,"href":"https:\/\/www.cuballama.com\/noticias\/wp-json\/wp\/v2\/media\/211886"}],"wp:attachment":[{"href":"https:\/\/www.cuballama.com\/noticias\/wp-json\/wp\/v2\/media?parent=220384"}],"wp:term":[{"taxonomy":"category","embeddable":true,"href":"https:\/\/www.cuballama.com\/noticias\/wp-json\/wp\/v2\/categories?post=220384"},{"taxonomy":"post_tag","embeddable":true,"href":"https:\/\/www.cuballama.com\/noticias\/wp-json\/wp\/v2\/tags?post=220384"}],"curies":[{"name":"wp","href":"https:\/\/api.w.org\/{rel}","templated":true}]}}