{"id":220375,"date":"2025-09-21T09:48:03","date_gmt":"2025-09-21T13:48:03","guid":{"rendered":"https:\/\/www.cuballama.com\/noticias\/?p=220375"},"modified":"2025-09-23T14:04:19","modified_gmt":"2025-09-23T18:04:19","slug":"ucrania-identifica-a-mas-de-mil-cubanos-con-ejercito-ruso-ante-congresistas-de-ee-uu-segun-medios","status":"publish","type":"post","link":"https:\/\/www.cuballama.com\/noticias\/ucrania-identifica-a-mas-de-mil-cubanos-con-ejercito-ruso-ante-congresistas-de-ee-uu-segun-medios\/","title":{"rendered":"Ucrania identifica a m\u00e1s de mil cubanos con ej\u00e9rcito ruso\u00a0ante congresistas de EE.UU, seg\u00fan medios"},"content":{"rendered":"\n<p>Ucrania ha confirmado las identidades de al menos 1038 mercenarios cubanos que firmaron contratos entre junio de 2023 y febrero de 2024 con el ej\u00e9rcito invasor ruso.<\/p>\n\n\n\n<p>Este dato fue comunicado por el representante de la Direcci\u00f3n Principal de Inteligencia del Ministerio de Defensa de Ucrania, Andriy Yusov, en una sesi\u00f3n informativa sobre seguridad nacional, ante legisladores de los Estados Unidos, de acuerdo a la prensa ucraniana a partir de lo publicado por el medio norteamericano Business Insider.<\/p>\n\n\n\n<p>Ya estas estad\u00edsticas hab\u00edan sido manejadas en Miami por opositores anticastristas junto a parlamentarios ucranianos durante una rueda de prensa en mayo pasado<\/p>\n\n\n\n<p>Seg\u00fan Yusov, Cuba ocupa el primer lugar entre los pa\u00edses de los que Rusia recluta mercenarios para la <a href=\"https:\/\/www.cuballama.com\/noticias\/identifican-a-mas-de-1-000-cubanos-reclutados-por-rusia-para-combatir-en-ucrania\/?srsltid=AfmBOorh77zxJn06rYu0Vp3jB0MFOugicOIPW47oI9rP17Q9J0IwMyXe\" target=\"_blank\" rel=\"noreferrer noopener\">guerra en Ucrania.\u00a0<\/a><\/p>\n\n\n\n<p>\u00abAhora, seg\u00fan nuestra inteligencia confiable, al menos 20.000 cubanos ya han llenado los documentos y han sido reclutados para luchar por Rusia\u00bb, dijo Yusov de acuerdo a uno de sus colegas que tradujo su presentaci\u00f3n para el panel de congresistas encabezados por&nbsp; los legisladores cubanoamericanos Mar\u00eda Elvira Salazar, Carlos Gim\u00e9nez y Mario D\u00edaz Balart.<\/p>\n\n\n\n<p>Su evaluaci\u00f3n subraya los desaf\u00edos que enfrentan tanto Rusia como Ucrania para mantener sus l\u00edneas en el frente dotadas de personal mientras la guerra se alarga por cuarto a\u00f1o. Mosc\u00fa ha recurrido cada vez m\u00e1s a tropas extranjeras de zonas como Corea del Norte, Oriente Medio y Africa lanzando frecuentes pero costosos ataques terrestres, dijo el medio basado en Nueva York.<\/p>\n\n\n\n<p>El funcionario no dio m\u00e1s detalles sobre c\u00f3mo la inteligencia obtuvo esta informaci\u00f3n, aunque los funcionarios ucranianos insinuaron m\u00e1s tarde en una sesi\u00f3n informativa que muchos de estos combatientes fueron asesinados o capturados.<\/p>\n\n\n\n<p>El representante de la inteligencia de Kiev agreg\u00f3 que la edad promedio de los combatientes cubanos es de 35 a\u00f1os y su salario mensual promedio es de 2.000 d\u00f3lares. El portavoz tambi\u00e9n dijo que Ucrania tambi\u00e9n tiene registros que muestran que al menos 250 combatientes cubanos permanecieron en la l\u00ednea del frente incluso despu\u00e9s de que expiraron sus contratos.<\/p>\n\n\n\n<p>Aclar\u00f3 que&nbsp; la informaci\u00f3n sobre la&nbsp; supervivencia de los mercenarios no est\u00e1 completa pero agreg\u00f3 que los datos actuales muestran que el tipico extranjero contratado que muere mientras lucha por Rusia encuentra su muerte dentro de 140 a 150 dias<\/p>\n\n\n\n<p>\u00abEs beneficioso para el r\u00e9gimen de Putin atraer mercenarios cubanos, porque si muere un extranjero, no hay pagos sociales ni responsabilidad. No hay parientes en Rusia que est\u00e9n insatisfechos con la guerra\u00bb, dijo Yusov.<\/p>\n\n\n\n<p>Se se\u00f1ala, seg\u00fan \u00abBI\u00bb que la sesi\u00f3n informativa ten\u00eda como objetivo aumentar la presi\u00f3n sobre la comunidad internacional para que imponga medidas punitivas contra el gobierno cubano por sus v\u00ednculos con el Kremlin.<\/p>\n\n\n\n<p>Tanto funcionarios estadounidenses como ucranianos han acusado al gobierno cubano de apoyar al menos impl\u00edcitamente el esfuerzo b\u00e9lico de Rusia debido al n\u00famero de ciudadanos cubanos que se unen a las filas de Mosc\u00fa.<\/p>\n\n\n\n<p>La canciller\u00eda cubana&nbsp; dijo en 2023 que se hab\u00eda&nbsp; iniciado procedimientos contra un grupo de cubanos al que acus\u00f3 de traficar con sus ciudadanos para reclutarlos para la guerra. En junio pasado el vicecanciller cubano Carlos Fern\u00e1ndez de Coss\u00edo reiter\u00f3 en una entrevista con el portal \u00abDemocracy Now\u00bb que Cuba no s\u00f3lo denunci\u00f3 este hecho sino que tom\u00f3 acciones puesto que las leyes de su pa\u00eds castigan que un ciudadano \u00abbajo nuestra jurisdicci\u00f3n se preste a participar en guerras de otros pa\u00edses\u00bb.<\/p>\n\n\n\n<p>Investigadores que estudian la Isla comunista\u00a0 de cerca dijeron a \u00abBI\u00bb\u00a0 que es poco probable que una gran red de mercenarios pudiera haber operado en Cuba sin el conocimiento del gobierno.<\/p>\n\n\n\n<p>La publicaci\u00f3n estadounidense inform\u00f3 que las canciller\u00edas de Cuba y Rusia no respondieron a su solicitud de comentarios sobre esta situaci\u00f3n. Por su lado&nbsp; el medio ucraniano UNIAN mencion\u00f3 la presencia no s\u00f3lo de cubanos entre \u00abla legi\u00f3n extranjera\u00bb de Rusia y consider\u00f3 relevante la del ej\u00e9rcito de Corea del Norte.&nbsp;<\/p>\n\n\n\n<p>Maryan Zablotskyy , miembro del parlamento ucraniano que particip\u00f3 en esta audiencia &#8211; y cuatro meses atr\u00e1s\u00a0 tambi\u00e9n estuvo en la conferencia de prensa de Miami- mostr\u00f3 varios documentos ante los congresistas estadounidenses,\u00a0 que seg\u00fan \u00e9l,\u00a0arrojan luz sobre\u00a0 c\u00f3mo se trata a los mercenarios cubanos incluida una lista de nombres de los combatientes , sus edades, la fecha de su muerte y cu\u00e1ndo firmaron sus contratos, contratos incluso para mujeres cubanas y registros judiciales rusos de una reclutadora local que ayud\u00f3 a contratar entre 6000 y 7000 cubanos.<\/p>\n\n\n\n<p>Seg\u00fan la inteligencia ucraniana, Mosc\u00fa est\u00e1 reclutando activamente extranjeros, en particular, cubanos, nepal\u00edes, esrilanqueses e inmigrantes de pa\u00edses de Asia Central.<\/p>\n\n\n\n<p><\/p>\n","protected":false},"excerpt":{"rendered":"<p>Cuba ocupa el primer lugar entre los pa\u00edses de los que Rusia recluta mercenarios para la guerra en Ucrania.\u00a0<\/p>\n","protected":false},"author":24,"featured_media":126966,"comment_status":"open","ping_status":"closed","sticky":false,"template":"","format":"standard","meta":{"_acf_changed":false,"footnotes":""},"categories":[18,955],"tags":[10867,92,18267,2157,11017],"class_list":{"0":"post-220375","1":"post","2":"type-post","3":"status-publish","4":"format-standard","5":"has-post-thumbnail","7":"category-noticias","8":"category-noticias-de-cuba","9":"tag-crisis-en-cuba","10":"tag-cubanos","11":"tag-estados-unidnos","12":"tag-rusia","13":"tag-superdestacado"},"acf":[],"yoast_head":"<!-- This site is optimized with the Yoast SEO plugin v27.5 - https:\/\/yoast.com\/product\/yoast-seo-wordpress\/ -->\n<title>Ucrania identifica a m\u00e1s de mil cubanos con ej\u00e9rcito ruso\u00a0ante congresistas de EE.UU, seg\u00fan medios - Cuballama Noticias<\/title>\n<meta name=\"description\" content=\"Ucrania ha confirmado las identidades de al menos 1038 mercenarios cubanos en el ej\u00e9rcito invasor ruso desde 2023.\" \/>\n<meta name=\"robots\" content=\"index, follow, max-snippet:-1, max-image-preview:large, max-video-preview:-1\" \/>\n<link rel=\"canonical\" href=\"https:\/\/www.cuballama.com\/noticias\/ucrania-identifica-a-mas-de-mil-cubanos-con-ejercito-ruso-ante-congresistas-de-ee-uu-segun-medios\/\" \/>\n<meta property=\"og:locale\" content=\"es_ES\" \/>\n<meta property=\"og:type\" content=\"article\" \/>\n<meta property=\"og:title\" content=\"Ucrania identifica a m\u00e1s de mil cubanos con ej\u00e9rcito ruso\u00a0ante congresistas de EE.UU, seg\u00fan medios - Cuballama Noticias\" \/>\n<meta property=\"og:description\" content=\"Ucrania ha confirmado las identidades de al menos 1038 mercenarios cubanos en el ej\u00e9rcito invasor ruso desde 2023.\" \/>\n<meta property=\"og:url\" content=\"https:\/\/www.cuballama.com\/noticias\/ucrania-identifica-a-mas-de-mil-cubanos-con-ejercito-ruso-ante-congresistas-de-ee-uu-segun-medios\/\" \/>\n<meta property=\"og:site_name\" content=\"Cuballama Noticias\" \/>\n<meta property=\"article:publisher\" content=\"https:\/\/www.facebook.com\/CubaLlama\" \/>\n<meta property=\"article:published_time\" content=\"2025-09-21T13:48:03+00:00\" \/>\n<meta property=\"article:modified_time\" content=\"2025-09-23T18:04:19+00:00\" \/>\n<meta property=\"og:image\" content=\"https:\/\/cdn1.mediawpaccore.net\/wp-content\/uploads\/2023\/06\/26122623\/cubanos_rusia.jpg\" \/>\n\t<meta property=\"og:image:width\" content=\"1236\" \/>\n\t<meta property=\"og:image:height\" content=\"758\" \/>\n\t<meta property=\"og:image:type\" content=\"image\/jpeg\" \/>\n<meta name=\"author\" content=\"Manu\" \/>\n<meta name=\"twitter:card\" content=\"summary_large_image\" \/>\n<meta name=\"twitter:creator\" content=\"@cuballama\" \/>\n<meta name=\"twitter:site\" content=\"@cuballama\" \/>\n<meta name=\"twitter:label1\" content=\"Escrito por\" \/>\n\t<meta name=\"twitter:data1\" content=\"Manu\" \/>\n\t<meta name=\"twitter:label2\" content=\"Tiempo de lectura\" \/>\n\t<meta name=\"twitter:data2\" content=\"4 minutos\" \/>\n<script type=\"application\/ld+json\" class=\"yoast-schema-graph\">{\"@context\":\"https:\\\/\\\/schema.org\",\"@graph\":[{\"@type\":\"Article\",\"@id\":\"https:\\\/\\\/www.cuballama.com\\\/noticias\\\/ucrania-identifica-a-mas-de-mil-cubanos-con-ejercito-ruso-ante-congresistas-de-ee-uu-segun-medios\\\/#article\",\"isPartOf\":{\"@id\":\"https:\\\/\\\/www.cuballama.com\\\/noticias\\\/ucrania-identifica-a-mas-de-mil-cubanos-con-ejercito-ruso-ante-congresistas-de-ee-uu-segun-medios\\\/\"},\"author\":{\"name\":\"Manu\",\"@id\":\"https:\\\/\\\/www.cuballama.com\\\/noticias\\\/#\\\/schema\\\/person\\\/5889f7d070564f8386e7944d14d436cd\"},\"headline\":\"Ucrania identifica a m\u00e1s de mil cubanos con ej\u00e9rcito ruso\u00a0ante congresistas de EE.UU, seg\u00fan medios\",\"datePublished\":\"2025-09-21T13:48:03+00:00\",\"dateModified\":\"2025-09-23T18:04:19+00:00\",\"mainEntityOfPage\":{\"@id\":\"https:\\\/\\\/www.cuballama.com\\\/noticias\\\/ucrania-identifica-a-mas-de-mil-cubanos-con-ejercito-ruso-ante-congresistas-de-ee-uu-segun-medios\\\/\"},\"wordCount\":819,\"commentCount\":0,\"publisher\":{\"@id\":\"https:\\\/\\\/www.cuballama.com\\\/noticias\\\/#organization\"},\"image\":{\"@id\":\"https:\\\/\\\/www.cuballama.com\\\/noticias\\\/ucrania-identifica-a-mas-de-mil-cubanos-con-ejercito-ruso-ante-congresistas-de-ee-uu-segun-medios\\\/#primaryimage\"},\"thumbnailUrl\":\"https:\\\/\\\/cdn1.mediawpaccore.net\\\/wp-content\\\/uploads\\\/2023\\\/06\\\/26122623\\\/cubanos_rusia.jpg\",\"keywords\":[\"Crisis en Cuba\",\"cubanos\",\"Estados Unidnos\",\"Rusia\",\"superdestacado\"],\"articleSection\":[\"Noticias\",\"Noticias de Cuba\"],\"inLanguage\":\"es\",\"potentialAction\":[{\"@type\":\"CommentAction\",\"name\":\"Comment\",\"target\":[\"https:\\\/\\\/www.cuballama.com\\\/noticias\\\/ucrania-identifica-a-mas-de-mil-cubanos-con-ejercito-ruso-ante-congresistas-de-ee-uu-segun-medios\\\/#respond\"]}]},{\"@type\":\"WebPage\",\"@id\":\"https:\\\/\\\/www.cuballama.com\\\/noticias\\\/ucrania-identifica-a-mas-de-mil-cubanos-con-ejercito-ruso-ante-congresistas-de-ee-uu-segun-medios\\\/\",\"url\":\"https:\\\/\\\/www.cuballama.com\\\/noticias\\\/ucrania-identifica-a-mas-de-mil-cubanos-con-ejercito-ruso-ante-congresistas-de-ee-uu-segun-medios\\\/\",\"name\":\"Ucrania identifica a m\u00e1s de mil cubanos con ej\u00e9rcito ruso\u00a0ante congresistas de EE.UU, seg\u00fan medios - Cuballama Noticias\",\"isPartOf\":{\"@id\":\"https:\\\/\\\/www.cuballama.com\\\/noticias\\\/#website\"},\"primaryImageOfPage\":{\"@id\":\"https:\\\/\\\/www.cuballama.com\\\/noticias\\\/ucrania-identifica-a-mas-de-mil-cubanos-con-ejercito-ruso-ante-congresistas-de-ee-uu-segun-medios\\\/#primaryimage\"},\"image\":{\"@id\":\"https:\\\/\\\/www.cuballama.com\\\/noticias\\\/ucrania-identifica-a-mas-de-mil-cubanos-con-ejercito-ruso-ante-congresistas-de-ee-uu-segun-medios\\\/#primaryimage\"},\"thumbnailUrl\":\"https:\\\/\\\/cdn1.mediawpaccore.net\\\/wp-content\\\/uploads\\\/2023\\\/06\\\/26122623\\\/cubanos_rusia.jpg\",\"datePublished\":\"2025-09-21T13:48:03+00:00\",\"dateModified\":\"2025-09-23T18:04:19+00:00\",\"description\":\"Ucrania ha confirmado las identidades de al menos 1038 mercenarios cubanos en el ej\u00e9rcito invasor ruso desde 2023.\",\"breadcrumb\":{\"@id\":\"https:\\\/\\\/www.cuballama.com\\\/noticias\\\/ucrania-identifica-a-mas-de-mil-cubanos-con-ejercito-ruso-ante-congresistas-de-ee-uu-segun-medios\\\/#breadcrumb\"},\"inLanguage\":\"es\",\"potentialAction\":[{\"@type\":\"ReadAction\",\"target\":[\"https:\\\/\\\/www.cuballama.com\\\/noticias\\\/ucrania-identifica-a-mas-de-mil-cubanos-con-ejercito-ruso-ante-congresistas-de-ee-uu-segun-medios\\\/\"]}]},{\"@type\":\"ImageObject\",\"inLanguage\":\"es\",\"@id\":\"https:\\\/\\\/www.cuballama.com\\\/noticias\\\/ucrania-identifica-a-mas-de-mil-cubanos-con-ejercito-ruso-ante-congresistas-de-ee-uu-segun-medios\\\/#primaryimage\",\"url\":\"https:\\\/\\\/cdn1.mediawpaccore.net\\\/wp-content\\\/uploads\\\/2023\\\/06\\\/26122623\\\/cubanos_rusia.jpg\",\"contentUrl\":\"https:\\\/\\\/cdn1.mediawpaccore.net\\\/wp-content\\\/uploads\\\/2023\\\/06\\\/26122623\\\/cubanos_rusia.jpg\",\"width\":1236,\"height\":758,\"caption\":\"Foto: REFERENCIAL: V\u00eda Redes Sociales \\\/ Grupo de Facebook Cubanos en Mosc\u00fa\"},{\"@type\":\"BreadcrumbList\",\"@id\":\"https:\\\/\\\/www.cuballama.com\\\/noticias\\\/ucrania-identifica-a-mas-de-mil-cubanos-con-ejercito-ruso-ante-congresistas-de-ee-uu-segun-medios\\\/#breadcrumb\",\"itemListElement\":[{\"@type\":\"ListItem\",\"position\":1,\"name\":\"Home\",\"item\":\"https:\\\/\\\/www.cuballama.com\\\/noticias\\\/\"},{\"@type\":\"ListItem\",\"position\":2,\"name\":\"Ucrania identifica a m\u00e1s de mil cubanos con ej\u00e9rcito ruso\u00a0ante congresistas de EE.UU, seg\u00fan medios\"}]},{\"@type\":\"WebSite\",\"@id\":\"https:\\\/\\\/www.cuballama.com\\\/noticias\\\/#website\",\"url\":\"https:\\\/\\\/www.cuballama.com\\\/noticias\\\/\",\"name\":\"Cuballama Noticias\",\"description\":\"Medio digital sobre Cuba y el mundo\",\"publisher\":{\"@id\":\"https:\\\/\\\/www.cuballama.com\\\/noticias\\\/#organization\"},\"potentialAction\":[{\"@type\":\"SearchAction\",\"target\":{\"@type\":\"EntryPoint\",\"urlTemplate\":\"https:\\\/\\\/www.cuballama.com\\\/noticias\\\/?s={search_term_string}\"},\"query-input\":{\"@type\":\"PropertyValueSpecification\",\"valueRequired\":true,\"valueName\":\"search_term_string\"}}],\"inLanguage\":\"es\"},{\"@type\":\"Organization\",\"@id\":\"https:\\\/\\\/www.cuballama.com\\\/noticias\\\/#organization\",\"name\":\"Cuballama\",\"url\":\"https:\\\/\\\/www.cuballama.com\\\/noticias\\\/\",\"logo\":{\"@type\":\"ImageObject\",\"inLanguage\":\"es\",\"@id\":\"https:\\\/\\\/www.cuballama.com\\\/noticias\\\/#\\\/schema\\\/logo\\\/image\\\/\",\"url\":\"https:\\\/\\\/cdn1.mediawpaccore.net\\\/wp-content\\\/uploads\\\/2021\\\/12\\\/28171206\\\/cbll-logo-color-sm.png\",\"contentUrl\":\"https:\\\/\\\/cdn1.mediawpaccore.net\\\/wp-content\\\/uploads\\\/2021\\\/12\\\/28171206\\\/cbll-logo-color-sm.png\",\"width\":600,\"height\":133,\"caption\":\"Cuballama\"},\"image\":{\"@id\":\"https:\\\/\\\/www.cuballama.com\\\/noticias\\\/#\\\/schema\\\/logo\\\/image\\\/\"},\"sameAs\":[\"https:\\\/\\\/www.facebook.com\\\/CubaLlama\",\"https:\\\/\\\/x.com\\\/cuballama\",\"https:\\\/\\\/www.instagram.com\\\/stories\\\/cuballama_oficial\\\/\",\"https:\\\/\\\/www.youtube.com\\\/channel\\\/UCKkFE-d_axENGZcrc4as0IA\"]},{\"@type\":\"Person\",\"@id\":\"https:\\\/\\\/www.cuballama.com\\\/noticias\\\/#\\\/schema\\\/person\\\/5889f7d070564f8386e7944d14d436cd\",\"name\":\"Manu\",\"url\":\"https:\\\/\\\/www.cuballama.com\\\/noticias\\\/author\\\/manu\\\/\"}]}<\/script>\n<!-- \/ Yoast SEO plugin. -->","yoast_head_json":{"title":"Ucrania identifica a m\u00e1s de mil cubanos con ej\u00e9rcito ruso\u00a0ante congresistas de EE.UU, seg\u00fan medios - Cuballama Noticias","description":"Ucrania ha confirmado las identidades de al menos 1038 mercenarios cubanos en el ej\u00e9rcito invasor ruso desde 2023.","robots":{"index":"index","follow":"follow","max-snippet":"max-snippet:-1","max-image-preview":"max-image-preview:large","max-video-preview":"max-video-preview:-1"},"canonical":"https:\/\/www.cuballama.com\/noticias\/ucrania-identifica-a-mas-de-mil-cubanos-con-ejercito-ruso-ante-congresistas-de-ee-uu-segun-medios\/","og_locale":"es_ES","og_type":"article","og_title":"Ucrania identifica a m\u00e1s de mil cubanos con ej\u00e9rcito ruso\u00a0ante congresistas de EE.UU, seg\u00fan medios - Cuballama Noticias","og_description":"Ucrania ha confirmado las identidades de al menos 1038 mercenarios cubanos en el ej\u00e9rcito invasor ruso desde 2023.","og_url":"https:\/\/www.cuballama.com\/noticias\/ucrania-identifica-a-mas-de-mil-cubanos-con-ejercito-ruso-ante-congresistas-de-ee-uu-segun-medios\/","og_site_name":"Cuballama Noticias","article_publisher":"https:\/\/www.facebook.com\/CubaLlama","article_published_time":"2025-09-21T13:48:03+00:00","article_modified_time":"2025-09-23T18:04:19+00:00","og_image":[{"width":1236,"height":758,"url":"https:\/\/cdn1.mediawpaccore.net\/wp-content\/uploads\/2023\/06\/26122623\/cubanos_rusia.jpg","type":"image\/jpeg"}],"author":"Manu","twitter_card":"summary_large_image","twitter_creator":"@cuballama","twitter_site":"@cuballama","twitter_misc":{"Escrito por":"Manu","Tiempo de lectura":"4 minutos"},"schema":{"@context":"https:\/\/schema.org","@graph":[{"@type":"Article","@id":"https:\/\/www.cuballama.com\/noticias\/ucrania-identifica-a-mas-de-mil-cubanos-con-ejercito-ruso-ante-congresistas-de-ee-uu-segun-medios\/#article","isPartOf":{"@id":"https:\/\/www.cuballama.com\/noticias\/ucrania-identifica-a-mas-de-mil-cubanos-con-ejercito-ruso-ante-congresistas-de-ee-uu-segun-medios\/"},"author":{"name":"Manu","@id":"https:\/\/www.cuballama.com\/noticias\/#\/schema\/person\/5889f7d070564f8386e7944d14d436cd"},"headline":"Ucrania identifica a m\u00e1s de mil cubanos con ej\u00e9rcito ruso\u00a0ante congresistas de EE.UU, seg\u00fan medios","datePublished":"2025-09-21T13:48:03+00:00","dateModified":"2025-09-23T18:04:19+00:00","mainEntityOfPage":{"@id":"https:\/\/www.cuballama.com\/noticias\/ucrania-identifica-a-mas-de-mil-cubanos-con-ejercito-ruso-ante-congresistas-de-ee-uu-segun-medios\/"},"wordCount":819,"commentCount":0,"publisher":{"@id":"https:\/\/www.cuballama.com\/noticias\/#organization"},"image":{"@id":"https:\/\/www.cuballama.com\/noticias\/ucrania-identifica-a-mas-de-mil-cubanos-con-ejercito-ruso-ante-congresistas-de-ee-uu-segun-medios\/#primaryimage"},"thumbnailUrl":"https:\/\/cdn1.mediawpaccore.net\/wp-content\/uploads\/2023\/06\/26122623\/cubanos_rusia.jpg","keywords":["Crisis en Cuba","cubanos","Estados Unidnos","Rusia","superdestacado"],"articleSection":["Noticias","Noticias de Cuba"],"inLanguage":"es","potentialAction":[{"@type":"CommentAction","name":"Comment","target":["https:\/\/www.cuballama.com\/noticias\/ucrania-identifica-a-mas-de-mil-cubanos-con-ejercito-ruso-ante-congresistas-de-ee-uu-segun-medios\/#respond"]}]},{"@type":"WebPage","@id":"https:\/\/www.cuballama.com\/noticias\/ucrania-identifica-a-mas-de-mil-cubanos-con-ejercito-ruso-ante-congresistas-de-ee-uu-segun-medios\/","url":"https:\/\/www.cuballama.com\/noticias\/ucrania-identifica-a-mas-de-mil-cubanos-con-ejercito-ruso-ante-congresistas-de-ee-uu-segun-medios\/","name":"Ucrania identifica a m\u00e1s de mil cubanos con ej\u00e9rcito ruso\u00a0ante congresistas de EE.UU, seg\u00fan medios - Cuballama Noticias","isPartOf":{"@id":"https:\/\/www.cuballama.com\/noticias\/#website"},"primaryImageOfPage":{"@id":"https:\/\/www.cuballama.com\/noticias\/ucrania-identifica-a-mas-de-mil-cubanos-con-ejercito-ruso-ante-congresistas-de-ee-uu-segun-medios\/#primaryimage"},"image":{"@id":"https:\/\/www.cuballama.com\/noticias\/ucrania-identifica-a-mas-de-mil-cubanos-con-ejercito-ruso-ante-congresistas-de-ee-uu-segun-medios\/#primaryimage"},"thumbnailUrl":"https:\/\/cdn1.mediawpaccore.net\/wp-content\/uploads\/2023\/06\/26122623\/cubanos_rusia.jpg","datePublished":"2025-09-21T13:48:03+00:00","dateModified":"2025-09-23T18:04:19+00:00","description":"Ucrania ha confirmado las identidades de al menos 1038 mercenarios cubanos en el ej\u00e9rcito invasor ruso desde 2023.","breadcrumb":{"@id":"https:\/\/www.cuballama.com\/noticias\/ucrania-identifica-a-mas-de-mil-cubanos-con-ejercito-ruso-ante-congresistas-de-ee-uu-segun-medios\/#breadcrumb"},"inLanguage":"es","potentialAction":[{"@type":"ReadAction","target":["https:\/\/www.cuballama.com\/noticias\/ucrania-identifica-a-mas-de-mil-cubanos-con-ejercito-ruso-ante-congresistas-de-ee-uu-segun-medios\/"]}]},{"@type":"ImageObject","inLanguage":"es","@id":"https:\/\/www.cuballama.com\/noticias\/ucrania-identifica-a-mas-de-mil-cubanos-con-ejercito-ruso-ante-congresistas-de-ee-uu-segun-medios\/#primaryimage","url":"https:\/\/cdn1.mediawpaccore.net\/wp-content\/uploads\/2023\/06\/26122623\/cubanos_rusia.jpg","contentUrl":"https:\/\/cdn1.mediawpaccore.net\/wp-content\/uploads\/2023\/06\/26122623\/cubanos_rusia.jpg","width":1236,"height":758,"caption":"Foto: REFERENCIAL: V\u00eda Redes Sociales \/ Grupo de Facebook Cubanos en Mosc\u00fa"},{"@type":"BreadcrumbList","@id":"https:\/\/www.cuballama.com\/noticias\/ucrania-identifica-a-mas-de-mil-cubanos-con-ejercito-ruso-ante-congresistas-de-ee-uu-segun-medios\/#breadcrumb","itemListElement":[{"@type":"ListItem","position":1,"name":"Home","item":"https:\/\/www.cuballama.com\/noticias\/"},{"@type":"ListItem","position":2,"name":"Ucrania identifica a m\u00e1s de mil cubanos con ej\u00e9rcito ruso\u00a0ante congresistas de EE.UU, seg\u00fan medios"}]},{"@type":"WebSite","@id":"https:\/\/www.cuballama.com\/noticias\/#website","url":"https:\/\/www.cuballama.com\/noticias\/","name":"Cuballama Noticias","description":"Medio digital sobre Cuba y el mundo","publisher":{"@id":"https:\/\/www.cuballama.com\/noticias\/#organization"},"potentialAction":[{"@type":"SearchAction","target":{"@type":"EntryPoint","urlTemplate":"https:\/\/www.cuballama.com\/noticias\/?s={search_term_string}"},"query-input":{"@type":"PropertyValueSpecification","valueRequired":true,"valueName":"search_term_string"}}],"inLanguage":"es"},{"@type":"Organization","@id":"https:\/\/www.cuballama.com\/noticias\/#organization","name":"Cuballama","url":"https:\/\/www.cuballama.com\/noticias\/","logo":{"@type":"ImageObject","inLanguage":"es","@id":"https:\/\/www.cuballama.com\/noticias\/#\/schema\/logo\/image\/","url":"https:\/\/cdn1.mediawpaccore.net\/wp-content\/uploads\/2021\/12\/28171206\/cbll-logo-color-sm.png","contentUrl":"https:\/\/cdn1.mediawpaccore.net\/wp-content\/uploads\/2021\/12\/28171206\/cbll-logo-color-sm.png","width":600,"height":133,"caption":"Cuballama"},"image":{"@id":"https:\/\/www.cuballama.com\/noticias\/#\/schema\/logo\/image\/"},"sameAs":["https:\/\/www.facebook.com\/CubaLlama","https:\/\/x.com\/cuballama","https:\/\/www.instagram.com\/stories\/cuballama_oficial\/","https:\/\/www.youtube.com\/channel\/UCKkFE-d_axENGZcrc4as0IA"]},{"@type":"Person","@id":"https:\/\/www.cuballama.com\/noticias\/#\/schema\/person\/5889f7d070564f8386e7944d14d436cd","name":"Manu","url":"https:\/\/www.cuballama.com\/noticias\/author\/manu\/"}]}},"_links":{"self":[{"href":"https:\/\/www.cuballama.com\/noticias\/wp-json\/wp\/v2\/posts\/220375","targetHints":{"allow":["GET"]}}],"collection":[{"href":"https:\/\/www.cuballama.com\/noticias\/wp-json\/wp\/v2\/posts"}],"about":[{"href":"https:\/\/www.cuballama.com\/noticias\/wp-json\/wp\/v2\/types\/post"}],"author":[{"embeddable":true,"href":"https:\/\/www.cuballama.com\/noticias\/wp-json\/wp\/v2\/users\/24"}],"replies":[{"embeddable":true,"href":"https:\/\/www.cuballama.com\/noticias\/wp-json\/wp\/v2\/comments?post=220375"}],"version-history":[{"count":3,"href":"https:\/\/www.cuballama.com\/noticias\/wp-json\/wp\/v2\/posts\/220375\/revisions"}],"predecessor-version":[{"id":220381,"href":"https:\/\/www.cuballama.com\/noticias\/wp-json\/wp\/v2\/posts\/220375\/revisions\/220381"}],"wp:featuredmedia":[{"embeddable":true,"href":"https:\/\/www.cuballama.com\/noticias\/wp-json\/wp\/v2\/media\/126966"}],"wp:attachment":[{"href":"https:\/\/www.cuballama.com\/noticias\/wp-json\/wp\/v2\/media?parent=220375"}],"wp:term":[{"taxonomy":"category","embeddable":true,"href":"https:\/\/www.cuballama.com\/noticias\/wp-json\/wp\/v2\/categories?post=220375"},{"taxonomy":"post_tag","embeddable":true,"href":"https:\/\/www.cuballama.com\/noticias\/wp-json\/wp\/v2\/tags?post=220375"}],"curies":[{"name":"wp","href":"https:\/\/api.w.org\/{rel}","templated":true}]}}