{"id":220350,"date":"2025-09-21T07:00:00","date_gmt":"2025-09-21T11:00:00","guid":{"rendered":"https:\/\/www.cuballama.com\/noticias\/?p=220350"},"modified":"2025-09-22T23:29:25","modified_gmt":"2025-09-23T03:29:25","slug":"capturan-en-remedios-a-presunto-asesino-de-policia","status":"publish","type":"post","link":"https:\/\/www.cuballama.com\/noticias\/capturan-en-remedios-a-presunto-asesino-de-policia\/","title":{"rendered":"Capturan en Remedios a presunto asesino de polic\u00eda"},"content":{"rendered":"\n<p>El Ministerio del Interior de Cuba (Minint) inform\u00f3 este s\u00e1bado que arrest\u00f3 en Remedios, Sancti Sp\u00edritus, al presunto asesino del capit\u00e1n de la Polic\u00eda Nacional Revolucionaria (PNR), Leonel Mesa Rodr\u00edguez, jefe de sector de Caibari\u00e9n, Villa Clara.<\/p>\n\n\n\n<p>De acuerdo con lo que anunciaron las autoridades, durante la detenci\u00f3n fueron ocupadas la pistola reglamentaria del oficial, con su cargador, y el arma blanca usadas en <a href=\"https:\/\/www.cuballama.com\/noticias\/minint-se-pronuncia-sobre-asesinato-de-policia-en-villa-clara\/\" target=\"_blank\" rel=\"noreferrer noopener\">el crimen<\/a>.&nbsp;<\/p>\n\n\n\n<p>Si bien no se dio a conocer la identidad del detenido, trascendi\u00f3 que ser\u00e1 sometido al proceso penal correspondiente, \u201ccon el rigor que establece la justicia revolucionaria y conforme a la magnitud y gravedad del hecho\u201d.&nbsp;<\/p>\n\n\n\n<p>El comunicado oficial se\u00f1al\u00f3 que la captura se produjo tras acciones investigativas iniciadas \u201cdesde el mismo momento del hecho\u201d.<\/p>\n\n\n\n<p>El activista Niover Licea, a cargo del perfil Nio Reportando un Crimen, public\u00f3 una foto del presunto asesino y otra del momento en que lo habr\u00edan detenido en el parquecito infantil de Remedios.<\/p>\n\n\n\n<p>El sujeto habr\u00eda sido apresado \u201cluego de entrar&nbsp; a comer a un restaurante\u201d y de dejarse ver \u201ccon la pistola en la cintura como si nada\u201d. \u201cComentan que tiene problemas mentales, pero no hay nada confirmado\u201d, apunt\u00f3 Licea.<\/p>\n\n\n\n<iframe loading=\"lazy\" src=\"https:\/\/www.facebook.com\/plugins\/post.php?href=https%3A%2F%2Fwww.facebook.com%2Fpermalink.php%3Fstory_fbid%3Dpfbid02m9dTHVcLcMjLF4K1kzyHXFaWJhpXbNUVxxDxSMEec8Xfg9BtycPXkXpUH9qC86HEl%26id%3D61558472836328&#038;show_text=true&#038;width=500\" width=\"500\" height=\"579\" style=\"border:none;overflow:hidden\" scrolling=\"no\" frameborder=\"0\" allowfullscreen=\"true\" allow=\"autoplay; clipboard-write; encrypted-media; picture-in-picture; web-share\"><\/iframe>\n\n\n\n<p>Hay que recordar que el cuerpo sin vida del capit\u00e1n Mesa Rodr\u00edguez, de 62 a\u00f1os, fue hallado la madrugada del viernes en un tramo de carretera entre Remedios y Caibari\u00e9n, perteneciente al consejo popular La Reforma, donde era jefe de sector.<\/p>\n\n\n\n<p>El cad\u00e1ver apareci\u00f3 con seis heridas de arma blanca y un disparo en la cabeza.<\/p>\n\n\n\n<p>De acuerdo con la informaci\u00f3n preliminar, \u201cel oficial se trasladaba de completo uniforme entre Remedios y Caibari\u00e9n en la moto asignada, que tambi\u00e9n fue hallada al lado del cuerpo\u201d.<\/p>\n\n\n\n<p>El oficial fue velado y sepultado este s\u00e1bado con honores militares en su natal Taguasco, tambi\u00e9n en Sancti Sp\u00edritus, en una ceremonia a la asisti\u00f3 incluso el titular del Minint, el General de Cuerpo de Ej\u00e9rcito L\u00e1zaro Alberto \u00c1lvarez Casas.<\/p>\n\n\n\n<p>Las autoridades cubanas calificaron el crimen como un ataque directo, que contin\u00faa siendo investigado por equipos especializados \u201cpara su total esclarecimiento\u201d.<\/p>\n\n\n\n<p>Un chofer de \u00f3mnibus relat\u00f3 haberlo visto horas antes conversando con alguien a un costado de la carretera.<\/p>\n\n\n\n<p>Mesa Rodr\u00edguez ingres\u00f3 al Minint en enero de 2004 y se desempe\u00f1\u00f3 como agente del orden p\u00fablico, chofer de m\u00f3vil operativo y jefe de sector por m\u00e1s de una d\u00e9cada, hasta su ascenso al grado de capit\u00e1n.<\/p>\n\n\n\n<p><\/p>\n","protected":false},"excerpt":{"rendered":"<p>Durante la detenci\u00f3n fueron ocupadas la pistola reglamentaria del oficial y el arma blanca usadas en el crimen.\u00a0<\/p>\n","protected":false},"author":30,"featured_media":220260,"comment_status":"open","ping_status":"closed","sticky":false,"template":"","format":"standard","meta":{"_acf_changed":false,"footnotes":""},"categories":[18,955],"tags":[16502,27719,941,27742],"class_list":{"0":"post-220350","1":"post","2":"type-post","3":"status-publish","4":"format-standard","5":"has-post-thumbnail","7":"category-noticias","8":"category-noticias-de-cuba","9":"tag-asesinato-en-cuba","10":"tag-capitan-de-la-pnr","11":"tag-destacado","12":"tag-policia-asesinado"},"acf":[],"yoast_head":"<!-- This site is optimized with the Yoast SEO plugin v27.5 - https:\/\/yoast.com\/product\/yoast-seo-wordpress\/ -->\n<title>Capturan en Remedios a presunto asesino de polic\u00eda - Cuballama Noticias<\/title>\n<meta name=\"description\" content=\"El Ministerio del Interior de Cuba inform\u00f3 este s\u00e1bado que arrest\u00f3 al presunto asesino de un capit\u00e1n de la polic\u00eda.\" \/>\n<meta name=\"robots\" content=\"index, follow, max-snippet:-1, max-image-preview:large, max-video-preview:-1\" \/>\n<link rel=\"canonical\" href=\"https:\/\/www.cuballama.com\/noticias\/capturan-en-remedios-a-presunto-asesino-de-policia\/\" \/>\n<meta property=\"og:locale\" content=\"es_ES\" \/>\n<meta property=\"og:type\" content=\"article\" \/>\n<meta property=\"og:title\" content=\"Capturan en Remedios a presunto asesino de polic\u00eda - Cuballama Noticias\" \/>\n<meta property=\"og:description\" content=\"El Ministerio del Interior de Cuba inform\u00f3 este s\u00e1bado que arrest\u00f3 al presunto asesino de un capit\u00e1n de la polic\u00eda.\" \/>\n<meta property=\"og:url\" content=\"https:\/\/www.cuballama.com\/noticias\/capturan-en-remedios-a-presunto-asesino-de-policia\/\" \/>\n<meta property=\"og:site_name\" content=\"Cuballama Noticias\" \/>\n<meta property=\"article:publisher\" content=\"https:\/\/www.facebook.com\/CubaLlama\" \/>\n<meta property=\"article:published_time\" content=\"2025-09-21T11:00:00+00:00\" \/>\n<meta property=\"article:modified_time\" content=\"2025-09-23T03:29:25+00:00\" \/>\n<meta property=\"og:image\" content=\"https:\/\/cdn1.mediawpaccore.net\/wp-content\/uploads\/2025\/09\/19114712\/515505333_1372853371104012_8033384834331055536_n1.jpg\" \/>\n\t<meta property=\"og:image:width\" content=\"1200\" \/>\n\t<meta property=\"og:image:height\" content=\"630\" \/>\n\t<meta property=\"og:image:type\" content=\"image\/jpeg\" \/>\n<meta name=\"author\" content=\"Kathy\" \/>\n<meta name=\"twitter:card\" content=\"summary_large_image\" \/>\n<meta name=\"twitter:creator\" content=\"@cuballama\" \/>\n<meta name=\"twitter:site\" content=\"@cuballama\" \/>\n<meta name=\"twitter:label1\" content=\"Escrito por\" \/>\n\t<meta name=\"twitter:data1\" content=\"Kathy\" \/>\n\t<meta name=\"twitter:label2\" content=\"Tiempo de lectura\" \/>\n\t<meta name=\"twitter:data2\" content=\"3 minutos\" \/>\n<script type=\"application\/ld+json\" class=\"yoast-schema-graph\">{\"@context\":\"https:\\\/\\\/schema.org\",\"@graph\":[{\"@type\":\"Article\",\"@id\":\"https:\\\/\\\/www.cuballama.com\\\/noticias\\\/capturan-en-remedios-a-presunto-asesino-de-policia\\\/#article\",\"isPartOf\":{\"@id\":\"https:\\\/\\\/www.cuballama.com\\\/noticias\\\/capturan-en-remedios-a-presunto-asesino-de-policia\\\/\"},\"author\":{\"name\":\"Kathy\",\"@id\":\"https:\\\/\\\/www.cuballama.com\\\/noticias\\\/#\\\/schema\\\/person\\\/86cd3e3f4974437f031211213bf892d5\"},\"headline\":\"Capturan en Remedios a presunto asesino de polic\u00eda\",\"datePublished\":\"2025-09-21T11:00:00+00:00\",\"dateModified\":\"2025-09-23T03:29:25+00:00\",\"mainEntityOfPage\":{\"@id\":\"https:\\\/\\\/www.cuballama.com\\\/noticias\\\/capturan-en-remedios-a-presunto-asesino-de-policia\\\/\"},\"wordCount\":433,\"commentCount\":0,\"publisher\":{\"@id\":\"https:\\\/\\\/www.cuballama.com\\\/noticias\\\/#organization\"},\"image\":{\"@id\":\"https:\\\/\\\/www.cuballama.com\\\/noticias\\\/capturan-en-remedios-a-presunto-asesino-de-policia\\\/#primaryimage\"},\"thumbnailUrl\":\"https:\\\/\\\/cdn1.mediawpaccore.net\\\/wp-content\\\/uploads\\\/2025\\\/09\\\/19114712\\\/515505333_1372853371104012_8033384834331055536_n1.jpg\",\"keywords\":[\"asesinato en Cuba\",\"capit\u00e1n de la PNR\",\"destacado\",\"polic\u00eda asesinado\"],\"articleSection\":[\"Noticias\",\"Noticias de Cuba\"],\"inLanguage\":\"es\",\"potentialAction\":[{\"@type\":\"CommentAction\",\"name\":\"Comment\",\"target\":[\"https:\\\/\\\/www.cuballama.com\\\/noticias\\\/capturan-en-remedios-a-presunto-asesino-de-policia\\\/#respond\"]}]},{\"@type\":\"WebPage\",\"@id\":\"https:\\\/\\\/www.cuballama.com\\\/noticias\\\/capturan-en-remedios-a-presunto-asesino-de-policia\\\/\",\"url\":\"https:\\\/\\\/www.cuballama.com\\\/noticias\\\/capturan-en-remedios-a-presunto-asesino-de-policia\\\/\",\"name\":\"Capturan en Remedios a presunto asesino de polic\u00eda - Cuballama Noticias\",\"isPartOf\":{\"@id\":\"https:\\\/\\\/www.cuballama.com\\\/noticias\\\/#website\"},\"primaryImageOfPage\":{\"@id\":\"https:\\\/\\\/www.cuballama.com\\\/noticias\\\/capturan-en-remedios-a-presunto-asesino-de-policia\\\/#primaryimage\"},\"image\":{\"@id\":\"https:\\\/\\\/www.cuballama.com\\\/noticias\\\/capturan-en-remedios-a-presunto-asesino-de-policia\\\/#primaryimage\"},\"thumbnailUrl\":\"https:\\\/\\\/cdn1.mediawpaccore.net\\\/wp-content\\\/uploads\\\/2025\\\/09\\\/19114712\\\/515505333_1372853371104012_8033384834331055536_n1.jpg\",\"datePublished\":\"2025-09-21T11:00:00+00:00\",\"dateModified\":\"2025-09-23T03:29:25+00:00\",\"description\":\"El Ministerio del Interior de Cuba inform\u00f3 este s\u00e1bado que arrest\u00f3 al presunto asesino de un capit\u00e1n de la polic\u00eda.\",\"breadcrumb\":{\"@id\":\"https:\\\/\\\/www.cuballama.com\\\/noticias\\\/capturan-en-remedios-a-presunto-asesino-de-policia\\\/#breadcrumb\"},\"inLanguage\":\"es\",\"potentialAction\":[{\"@type\":\"ReadAction\",\"target\":[\"https:\\\/\\\/www.cuballama.com\\\/noticias\\\/capturan-en-remedios-a-presunto-asesino-de-policia\\\/\"]}]},{\"@type\":\"ImageObject\",\"inLanguage\":\"es\",\"@id\":\"https:\\\/\\\/www.cuballama.com\\\/noticias\\\/capturan-en-remedios-a-presunto-asesino-de-policia\\\/#primaryimage\",\"url\":\"https:\\\/\\\/cdn1.mediawpaccore.net\\\/wp-content\\\/uploads\\\/2025\\\/09\\\/19114712\\\/515505333_1372853371104012_8033384834331055536_n1.jpg\",\"contentUrl\":\"https:\\\/\\\/cdn1.mediawpaccore.net\\\/wp-content\\\/uploads\\\/2025\\\/09\\\/19114712\\\/515505333_1372853371104012_8033384834331055536_n1.jpg\",\"width\":1200,\"height\":630,\"caption\":\"Polic\u00eda asesinado en Villa Clara. Foto: Facebook\\\/La Tijera.\"},{\"@type\":\"BreadcrumbList\",\"@id\":\"https:\\\/\\\/www.cuballama.com\\\/noticias\\\/capturan-en-remedios-a-presunto-asesino-de-policia\\\/#breadcrumb\",\"itemListElement\":[{\"@type\":\"ListItem\",\"position\":1,\"name\":\"Home\",\"item\":\"https:\\\/\\\/www.cuballama.com\\\/noticias\\\/\"},{\"@type\":\"ListItem\",\"position\":2,\"name\":\"Capturan en Remedios a presunto asesino de polic\u00eda\"}]},{\"@type\":\"WebSite\",\"@id\":\"https:\\\/\\\/www.cuballama.com\\\/noticias\\\/#website\",\"url\":\"https:\\\/\\\/www.cuballama.com\\\/noticias\\\/\",\"name\":\"Cuballama Noticias\",\"description\":\"Medio digital sobre Cuba y el mundo\",\"publisher\":{\"@id\":\"https:\\\/\\\/www.cuballama.com\\\/noticias\\\/#organization\"},\"potentialAction\":[{\"@type\":\"SearchAction\",\"target\":{\"@type\":\"EntryPoint\",\"urlTemplate\":\"https:\\\/\\\/www.cuballama.com\\\/noticias\\\/?s={search_term_string}\"},\"query-input\":{\"@type\":\"PropertyValueSpecification\",\"valueRequired\":true,\"valueName\":\"search_term_string\"}}],\"inLanguage\":\"es\"},{\"@type\":\"Organization\",\"@id\":\"https:\\\/\\\/www.cuballama.com\\\/noticias\\\/#organization\",\"name\":\"Cuballama\",\"url\":\"https:\\\/\\\/www.cuballama.com\\\/noticias\\\/\",\"logo\":{\"@type\":\"ImageObject\",\"inLanguage\":\"es\",\"@id\":\"https:\\\/\\\/www.cuballama.com\\\/noticias\\\/#\\\/schema\\\/logo\\\/image\\\/\",\"url\":\"https:\\\/\\\/cdn1.mediawpaccore.net\\\/wp-content\\\/uploads\\\/2021\\\/12\\\/28171206\\\/cbll-logo-color-sm.png\",\"contentUrl\":\"https:\\\/\\\/cdn1.mediawpaccore.net\\\/wp-content\\\/uploads\\\/2021\\\/12\\\/28171206\\\/cbll-logo-color-sm.png\",\"width\":600,\"height\":133,\"caption\":\"Cuballama\"},\"image\":{\"@id\":\"https:\\\/\\\/www.cuballama.com\\\/noticias\\\/#\\\/schema\\\/logo\\\/image\\\/\"},\"sameAs\":[\"https:\\\/\\\/www.facebook.com\\\/CubaLlama\",\"https:\\\/\\\/x.com\\\/cuballama\",\"https:\\\/\\\/www.instagram.com\\\/stories\\\/cuballama_oficial\\\/\",\"https:\\\/\\\/www.youtube.com\\\/channel\\\/UCKkFE-d_axENGZcrc4as0IA\"]},{\"@type\":\"Person\",\"@id\":\"https:\\\/\\\/www.cuballama.com\\\/noticias\\\/#\\\/schema\\\/person\\\/86cd3e3f4974437f031211213bf892d5\",\"name\":\"Kathy\",\"url\":\"https:\\\/\\\/www.cuballama.com\\\/noticias\\\/author\\\/kathy\\\/\"}]}<\/script>\n<!-- \/ Yoast SEO plugin. -->","yoast_head_json":{"title":"Capturan en Remedios a presunto asesino de polic\u00eda - Cuballama Noticias","description":"El Ministerio del Interior de Cuba inform\u00f3 este s\u00e1bado que arrest\u00f3 al presunto asesino de un capit\u00e1n de la polic\u00eda.","robots":{"index":"index","follow":"follow","max-snippet":"max-snippet:-1","max-image-preview":"max-image-preview:large","max-video-preview":"max-video-preview:-1"},"canonical":"https:\/\/www.cuballama.com\/noticias\/capturan-en-remedios-a-presunto-asesino-de-policia\/","og_locale":"es_ES","og_type":"article","og_title":"Capturan en Remedios a presunto asesino de polic\u00eda - Cuballama Noticias","og_description":"El Ministerio del Interior de Cuba inform\u00f3 este s\u00e1bado que arrest\u00f3 al presunto asesino de un capit\u00e1n de la polic\u00eda.","og_url":"https:\/\/www.cuballama.com\/noticias\/capturan-en-remedios-a-presunto-asesino-de-policia\/","og_site_name":"Cuballama Noticias","article_publisher":"https:\/\/www.facebook.com\/CubaLlama","article_published_time":"2025-09-21T11:00:00+00:00","article_modified_time":"2025-09-23T03:29:25+00:00","og_image":[{"width":1200,"height":630,"url":"https:\/\/cdn1.mediawpaccore.net\/wp-content\/uploads\/2025\/09\/19114712\/515505333_1372853371104012_8033384834331055536_n1.jpg","type":"image\/jpeg"}],"author":"Kathy","twitter_card":"summary_large_image","twitter_creator":"@cuballama","twitter_site":"@cuballama","twitter_misc":{"Escrito por":"Kathy","Tiempo de lectura":"3 minutos"},"schema":{"@context":"https:\/\/schema.org","@graph":[{"@type":"Article","@id":"https:\/\/www.cuballama.com\/noticias\/capturan-en-remedios-a-presunto-asesino-de-policia\/#article","isPartOf":{"@id":"https:\/\/www.cuballama.com\/noticias\/capturan-en-remedios-a-presunto-asesino-de-policia\/"},"author":{"name":"Kathy","@id":"https:\/\/www.cuballama.com\/noticias\/#\/schema\/person\/86cd3e3f4974437f031211213bf892d5"},"headline":"Capturan en Remedios a presunto asesino de polic\u00eda","datePublished":"2025-09-21T11:00:00+00:00","dateModified":"2025-09-23T03:29:25+00:00","mainEntityOfPage":{"@id":"https:\/\/www.cuballama.com\/noticias\/capturan-en-remedios-a-presunto-asesino-de-policia\/"},"wordCount":433,"commentCount":0,"publisher":{"@id":"https:\/\/www.cuballama.com\/noticias\/#organization"},"image":{"@id":"https:\/\/www.cuballama.com\/noticias\/capturan-en-remedios-a-presunto-asesino-de-policia\/#primaryimage"},"thumbnailUrl":"https:\/\/cdn1.mediawpaccore.net\/wp-content\/uploads\/2025\/09\/19114712\/515505333_1372853371104012_8033384834331055536_n1.jpg","keywords":["asesinato en Cuba","capit\u00e1n de la PNR","destacado","polic\u00eda asesinado"],"articleSection":["Noticias","Noticias de Cuba"],"inLanguage":"es","potentialAction":[{"@type":"CommentAction","name":"Comment","target":["https:\/\/www.cuballama.com\/noticias\/capturan-en-remedios-a-presunto-asesino-de-policia\/#respond"]}]},{"@type":"WebPage","@id":"https:\/\/www.cuballama.com\/noticias\/capturan-en-remedios-a-presunto-asesino-de-policia\/","url":"https:\/\/www.cuballama.com\/noticias\/capturan-en-remedios-a-presunto-asesino-de-policia\/","name":"Capturan en Remedios a presunto asesino de polic\u00eda - Cuballama Noticias","isPartOf":{"@id":"https:\/\/www.cuballama.com\/noticias\/#website"},"primaryImageOfPage":{"@id":"https:\/\/www.cuballama.com\/noticias\/capturan-en-remedios-a-presunto-asesino-de-policia\/#primaryimage"},"image":{"@id":"https:\/\/www.cuballama.com\/noticias\/capturan-en-remedios-a-presunto-asesino-de-policia\/#primaryimage"},"thumbnailUrl":"https:\/\/cdn1.mediawpaccore.net\/wp-content\/uploads\/2025\/09\/19114712\/515505333_1372853371104012_8033384834331055536_n1.jpg","datePublished":"2025-09-21T11:00:00+00:00","dateModified":"2025-09-23T03:29:25+00:00","description":"El Ministerio del Interior de Cuba inform\u00f3 este s\u00e1bado que arrest\u00f3 al presunto asesino de un capit\u00e1n de la polic\u00eda.","breadcrumb":{"@id":"https:\/\/www.cuballama.com\/noticias\/capturan-en-remedios-a-presunto-asesino-de-policia\/#breadcrumb"},"inLanguage":"es","potentialAction":[{"@type":"ReadAction","target":["https:\/\/www.cuballama.com\/noticias\/capturan-en-remedios-a-presunto-asesino-de-policia\/"]}]},{"@type":"ImageObject","inLanguage":"es","@id":"https:\/\/www.cuballama.com\/noticias\/capturan-en-remedios-a-presunto-asesino-de-policia\/#primaryimage","url":"https:\/\/cdn1.mediawpaccore.net\/wp-content\/uploads\/2025\/09\/19114712\/515505333_1372853371104012_8033384834331055536_n1.jpg","contentUrl":"https:\/\/cdn1.mediawpaccore.net\/wp-content\/uploads\/2025\/09\/19114712\/515505333_1372853371104012_8033384834331055536_n1.jpg","width":1200,"height":630,"caption":"Polic\u00eda asesinado en Villa Clara. Foto: Facebook\/La Tijera."},{"@type":"BreadcrumbList","@id":"https:\/\/www.cuballama.com\/noticias\/capturan-en-remedios-a-presunto-asesino-de-policia\/#breadcrumb","itemListElement":[{"@type":"ListItem","position":1,"name":"Home","item":"https:\/\/www.cuballama.com\/noticias\/"},{"@type":"ListItem","position":2,"name":"Capturan en Remedios a presunto asesino de polic\u00eda"}]},{"@type":"WebSite","@id":"https:\/\/www.cuballama.com\/noticias\/#website","url":"https:\/\/www.cuballama.com\/noticias\/","name":"Cuballama Noticias","description":"Medio digital sobre Cuba y el mundo","publisher":{"@id":"https:\/\/www.cuballama.com\/noticias\/#organization"},"potentialAction":[{"@type":"SearchAction","target":{"@type":"EntryPoint","urlTemplate":"https:\/\/www.cuballama.com\/noticias\/?s={search_term_string}"},"query-input":{"@type":"PropertyValueSpecification","valueRequired":true,"valueName":"search_term_string"}}],"inLanguage":"es"},{"@type":"Organization","@id":"https:\/\/www.cuballama.com\/noticias\/#organization","name":"Cuballama","url":"https:\/\/www.cuballama.com\/noticias\/","logo":{"@type":"ImageObject","inLanguage":"es","@id":"https:\/\/www.cuballama.com\/noticias\/#\/schema\/logo\/image\/","url":"https:\/\/cdn1.mediawpaccore.net\/wp-content\/uploads\/2021\/12\/28171206\/cbll-logo-color-sm.png","contentUrl":"https:\/\/cdn1.mediawpaccore.net\/wp-content\/uploads\/2021\/12\/28171206\/cbll-logo-color-sm.png","width":600,"height":133,"caption":"Cuballama"},"image":{"@id":"https:\/\/www.cuballama.com\/noticias\/#\/schema\/logo\/image\/"},"sameAs":["https:\/\/www.facebook.com\/CubaLlama","https:\/\/x.com\/cuballama","https:\/\/www.instagram.com\/stories\/cuballama_oficial\/","https:\/\/www.youtube.com\/channel\/UCKkFE-d_axENGZcrc4as0IA"]},{"@type":"Person","@id":"https:\/\/www.cuballama.com\/noticias\/#\/schema\/person\/86cd3e3f4974437f031211213bf892d5","name":"Kathy","url":"https:\/\/www.cuballama.com\/noticias\/author\/kathy\/"}]}},"_links":{"self":[{"href":"https:\/\/www.cuballama.com\/noticias\/wp-json\/wp\/v2\/posts\/220350","targetHints":{"allow":["GET"]}}],"collection":[{"href":"https:\/\/www.cuballama.com\/noticias\/wp-json\/wp\/v2\/posts"}],"about":[{"href":"https:\/\/www.cuballama.com\/noticias\/wp-json\/wp\/v2\/types\/post"}],"author":[{"embeddable":true,"href":"https:\/\/www.cuballama.com\/noticias\/wp-json\/wp\/v2\/users\/30"}],"replies":[{"embeddable":true,"href":"https:\/\/www.cuballama.com\/noticias\/wp-json\/wp\/v2\/comments?post=220350"}],"version-history":[{"count":13,"href":"https:\/\/www.cuballama.com\/noticias\/wp-json\/wp\/v2\/posts\/220350\/revisions"}],"predecessor-version":[{"id":220490,"href":"https:\/\/www.cuballama.com\/noticias\/wp-json\/wp\/v2\/posts\/220350\/revisions\/220490"}],"wp:featuredmedia":[{"embeddable":true,"href":"https:\/\/www.cuballama.com\/noticias\/wp-json\/wp\/v2\/media\/220260"}],"wp:attachment":[{"href":"https:\/\/www.cuballama.com\/noticias\/wp-json\/wp\/v2\/media?parent=220350"}],"wp:term":[{"taxonomy":"category","embeddable":true,"href":"https:\/\/www.cuballama.com\/noticias\/wp-json\/wp\/v2\/categories?post=220350"},{"taxonomy":"post_tag","embeddable":true,"href":"https:\/\/www.cuballama.com\/noticias\/wp-json\/wp\/v2\/tags?post=220350"}],"curies":[{"name":"wp","href":"https:\/\/api.w.org\/{rel}","templated":true}]}}