{"id":220344,"date":"2025-09-20T10:20:32","date_gmt":"2025-09-20T14:20:32","guid":{"rendered":"https:\/\/www.cuballama.com\/noticias\/?p=220344"},"modified":"2025-09-20T10:20:34","modified_gmt":"2025-09-20T14:20:34","slug":"bebeshito-confirma-explosiva-colaboracion-con-myke-towers","status":"publish","type":"post","link":"https:\/\/www.cuballama.com\/noticias\/bebeshito-confirma-explosiva-colaboracion-con-myke-towers\/","title":{"rendered":"\u00a1Bebeshito confirma explosiva colaboraci\u00f3n con Myke Towers!"},"content":{"rendered":"\n<p>El reguetonero cubano <strong>Oniel Ernesto Columbi\u00e9 Campos<\/strong>, mejor conocido como <strong>Bebeshito<\/strong>, no piensa detener el ritmo de su ascendente carrera. Si hace apenas un d\u00eda anunciaba su participaci\u00f3n en la <strong>Billboard Latin Music Week<\/strong>, ahora sorprendi\u00f3 al confirmar su m\u00e1s reciente colaboraci\u00f3n internacional.<\/p>\n\n\n\n<p>Desde hace semanas corr\u00eda el rumor de un junte con el cantante y compositor puertorrique\u00f1o <strong>Myke Towers<\/strong>, y finalmente fue el propio int\u00e9rprete de <em>\u201cTacto que lleg\u00f3 el reparto\u201d<\/em> quien disip\u00f3 las dudas.<\/p>\n\n\n\n<p>El cubano no solo confirm\u00f3 la noticia, sino que comparti\u00f3 un adelanto del tema: un sonido con tintes tropicales acompa\u00f1ado de la frase <strong>\u201cMyke Towers, El Bebeshito, Cuba y Puerto Rico\u201d<\/strong>, seguido de un video donde ambos artistas aparecieron juntos anunciando la esperada colaboraci\u00f3n.<\/p>\n\n\n\n<p>\u201c<strong>Puerto Rico y Cuba, esperen esta jodienda ok, el flow<\/strong>\u201d, dijeron en tono c\u00f3mplice, mientras lanzaban una encuesta a sus seguidores para decidir si estrenar de inmediato o esperar un poco m\u00e1s.<\/p>\n\n\n\n<p>Bebeshito, quien lleg\u00f3 a Estados Unidos en octubre pasado convertido en uno de los exponentes m\u00e1s sonados del <strong>reparto<\/strong>, ha tenido un ascenso mete\u00f3rico.&nbsp;<\/p>\n\n\n\n<p>Apenas tres meses despu\u00e9s de su llegada, se present\u00f3 ante 20.000 personas en el <strong>Pitbull Stadium<\/strong> de la Universidad Internacional de Florida. En julio, <strong>Billboard lo reconoci\u00f3 como Artista Latino en Ascenso<\/strong>, y el 9 de agosto de este a\u00f1o conquist\u00f3 tambi\u00e9n el escenario del <strong>Kaseya Center<\/strong> en Miami.<\/p>\n\n\n\n<p>Su nombre ya suena con fuerza en las listas de Billboard. En octubre de 2024, <em>\u201cEl punto\u201d<\/em> junto a Charly &amp; Johayron y El Taiger alcanz\u00f3 el puesto 7 en <strong>Latin Digital Song Sales<\/strong>. M\u00e1s tarde, temas como <em>\u201cMarca Mandarina\u201d<\/em>, <em>\u201cTacto que lleg\u00f3 el reparto\u201d<\/em> y <em>\u201cMano\u201d<\/em> se posicionaron en <strong>Hot Tropical Songs<\/strong>, y <em>\u201cTacto que lleg\u00f3 el reparto\u201d<\/em> alcanz\u00f3 el puesto 25 en <strong>Tropical Airplay<\/strong> en mayo.<\/p>\n\n\n\n<p>Con este nuevo junte con Myke Towers, Bebeshito confirma que no se conforma con ser una promesa: va decidido a convertirse en un referente del g\u00e9nero.<\/p>\n","protected":false},"excerpt":{"rendered":"<p>Bebeshito, uno de los exponentes m\u00e1s fuertes del reparto cubano, confirma su colaboraci\u00f3n con el puertorrique\u00f1o Myke Towers.<\/p>\n","protected":false},"author":29,"featured_media":220345,"comment_status":"open","ping_status":"closed","sticky":false,"template":"","format":"standard","meta":{"_acf_changed":false,"footnotes":""},"categories":[443],"tags":[252,16922,27740,27739,20208,11354,260,26495,349,20652],"class_list":{"0":"post-220344","1":"post","2":"type-post","3":"status-publish","4":"format-standard","5":"has-post-thumbnail","7":"category-farandula","8":"tag-artistas-cubanos","9":"tag-bebeshito","10":"tag-billboard-latin-music-week","11":"tag-colaboracion-musical","12":"tag-cuba-y-puerto-rico","13":"tag-musica-cubana-2","14":"tag-musica-urbana","15":"tag-myke-towers","16":"tag-regueton","17":"tag-reparto-cubano"},"acf":[],"yoast_head":"<!-- This site is optimized with the Yoast SEO plugin v27.4 - https:\/\/yoast.com\/product\/yoast-seo-wordpress\/ -->\n<title>\u00a1Bebeshito confirma explosiva colaboraci\u00f3n con Myke Towers! - Cuballama Noticias<\/title>\n<meta name=\"description\" content=\"Bebeshito, uno de los exponentes m\u00e1s fuertes del reparto cubano, confirma su colaboraci\u00f3n con el puertorrique\u00f1o Myke Towers.\" \/>\n<meta name=\"robots\" content=\"index, follow, max-snippet:-1, max-image-preview:large, max-video-preview:-1\" \/>\n<link rel=\"canonical\" href=\"https:\/\/www.cuballama.com\/noticias\/bebeshito-confirma-explosiva-colaboracion-con-myke-towers\/\" \/>\n<meta property=\"og:locale\" content=\"es_ES\" \/>\n<meta property=\"og:type\" content=\"article\" \/>\n<meta property=\"og:title\" content=\"\u00a1Bebeshito confirma explosiva colaboraci\u00f3n con Myke Towers! - Cuballama Noticias\" \/>\n<meta property=\"og:description\" content=\"Bebeshito, uno de los exponentes m\u00e1s fuertes del reparto cubano, confirma su colaboraci\u00f3n con el puertorrique\u00f1o Myke Towers.\" \/>\n<meta property=\"og:url\" content=\"https:\/\/www.cuballama.com\/noticias\/bebeshito-confirma-explosiva-colaboracion-con-myke-towers\/\" \/>\n<meta property=\"og:site_name\" content=\"Cuballama Noticias\" \/>\n<meta property=\"article:publisher\" content=\"https:\/\/www.facebook.com\/CubaLlama\" \/>\n<meta property=\"article:published_time\" content=\"2025-09-20T14:20:32+00:00\" \/>\n<meta property=\"article:modified_time\" content=\"2025-09-20T14:20:34+00:00\" \/>\n<meta property=\"og:image\" content=\"https:\/\/cdn1.mediawpaccore.net\/wp-content\/uploads\/2025\/09\/20101808\/xxxxxccccccccddd-30-1024x576.png\" \/>\n\t<meta property=\"og:image:width\" content=\"1024\" \/>\n\t<meta property=\"og:image:height\" content=\"576\" \/>\n\t<meta property=\"og:image:type\" content=\"image\/png\" \/>\n<meta name=\"author\" content=\"Sof\u00eda Reyes\" \/>\n<meta name=\"twitter:card\" content=\"summary_large_image\" \/>\n<meta name=\"twitter:creator\" content=\"@cuballama\" \/>\n<meta name=\"twitter:site\" content=\"@cuballama\" \/>\n<meta name=\"twitter:label1\" content=\"Escrito por\" \/>\n\t<meta name=\"twitter:data1\" content=\"Sof\u00eda Reyes\" \/>\n\t<meta name=\"twitter:label2\" content=\"Tiempo de lectura\" \/>\n\t<meta name=\"twitter:data2\" content=\"2 minutos\" \/>\n<script type=\"application\/ld+json\" class=\"yoast-schema-graph\">{\"@context\":\"https:\\\/\\\/schema.org\",\"@graph\":[{\"@type\":\"Article\",\"@id\":\"https:\\\/\\\/www.cuballama.com\\\/noticias\\\/bebeshito-confirma-explosiva-colaboracion-con-myke-towers\\\/#article\",\"isPartOf\":{\"@id\":\"https:\\\/\\\/www.cuballama.com\\\/noticias\\\/bebeshito-confirma-explosiva-colaboracion-con-myke-towers\\\/\"},\"author\":{\"name\":\"Sof\u00eda Reyes\",\"@id\":\"https:\\\/\\\/www.cuballama.com\\\/noticias\\\/#\\\/schema\\\/person\\\/5cba2b8cc25a3159e49fe730a94d512e\"},\"headline\":\"\u00a1Bebeshito confirma explosiva colaboraci\u00f3n con Myke Towers!\",\"datePublished\":\"2025-09-20T14:20:32+00:00\",\"dateModified\":\"2025-09-20T14:20:34+00:00\",\"mainEntityOfPage\":{\"@id\":\"https:\\\/\\\/www.cuballama.com\\\/noticias\\\/bebeshito-confirma-explosiva-colaboracion-con-myke-towers\\\/\"},\"wordCount\":341,\"commentCount\":0,\"publisher\":{\"@id\":\"https:\\\/\\\/www.cuballama.com\\\/noticias\\\/#organization\"},\"image\":{\"@id\":\"https:\\\/\\\/www.cuballama.com\\\/noticias\\\/bebeshito-confirma-explosiva-colaboracion-con-myke-towers\\\/#primaryimage\"},\"thumbnailUrl\":\"https:\\\/\\\/cdn1.mediawpaccore.net\\\/wp-content\\\/uploads\\\/2025\\\/09\\\/20101808\\\/xxxxxccccccccddd-30.png\",\"keywords\":[\"Artistas cubanos\",\"Bebeshito\",\"Billboard Latin Music Week\",\"colaboraci\u00f3n musical\",\"cuba y puerto rico\",\"m\u00fasica cubana\",\"M\u00fasica urbana\",\"Myke Towers\",\"reguet\u00f3n\",\"reparto cubano\"],\"articleSection\":[\"Far\u00e1ndula\"],\"inLanguage\":\"es\",\"potentialAction\":[{\"@type\":\"CommentAction\",\"name\":\"Comment\",\"target\":[\"https:\\\/\\\/www.cuballama.com\\\/noticias\\\/bebeshito-confirma-explosiva-colaboracion-con-myke-towers\\\/#respond\"]}]},{\"@type\":\"WebPage\",\"@id\":\"https:\\\/\\\/www.cuballama.com\\\/noticias\\\/bebeshito-confirma-explosiva-colaboracion-con-myke-towers\\\/\",\"url\":\"https:\\\/\\\/www.cuballama.com\\\/noticias\\\/bebeshito-confirma-explosiva-colaboracion-con-myke-towers\\\/\",\"name\":\"\u00a1Bebeshito confirma explosiva colaboraci\u00f3n con Myke Towers! - Cuballama Noticias\",\"isPartOf\":{\"@id\":\"https:\\\/\\\/www.cuballama.com\\\/noticias\\\/#website\"},\"primaryImageOfPage\":{\"@id\":\"https:\\\/\\\/www.cuballama.com\\\/noticias\\\/bebeshito-confirma-explosiva-colaboracion-con-myke-towers\\\/#primaryimage\"},\"image\":{\"@id\":\"https:\\\/\\\/www.cuballama.com\\\/noticias\\\/bebeshito-confirma-explosiva-colaboracion-con-myke-towers\\\/#primaryimage\"},\"thumbnailUrl\":\"https:\\\/\\\/cdn1.mediawpaccore.net\\\/wp-content\\\/uploads\\\/2025\\\/09\\\/20101808\\\/xxxxxccccccccddd-30.png\",\"datePublished\":\"2025-09-20T14:20:32+00:00\",\"dateModified\":\"2025-09-20T14:20:34+00:00\",\"description\":\"Bebeshito, uno de los exponentes m\u00e1s fuertes del reparto cubano, confirma su colaboraci\u00f3n con el puertorrique\u00f1o Myke Towers.\",\"breadcrumb\":{\"@id\":\"https:\\\/\\\/www.cuballama.com\\\/noticias\\\/bebeshito-confirma-explosiva-colaboracion-con-myke-towers\\\/#breadcrumb\"},\"inLanguage\":\"es\",\"potentialAction\":[{\"@type\":\"ReadAction\",\"target\":[\"https:\\\/\\\/www.cuballama.com\\\/noticias\\\/bebeshito-confirma-explosiva-colaboracion-con-myke-towers\\\/\"]}]},{\"@type\":\"ImageObject\",\"inLanguage\":\"es\",\"@id\":\"https:\\\/\\\/www.cuballama.com\\\/noticias\\\/bebeshito-confirma-explosiva-colaboracion-con-myke-towers\\\/#primaryimage\",\"url\":\"https:\\\/\\\/cdn1.mediawpaccore.net\\\/wp-content\\\/uploads\\\/2025\\\/09\\\/20101808\\\/xxxxxccccccccddd-30.png\",\"contentUrl\":\"https:\\\/\\\/cdn1.mediawpaccore.net\\\/wp-content\\\/uploads\\\/2025\\\/09\\\/20101808\\\/xxxxxccccccccddd-30.png\",\"width\":1920,\"height\":1080,\"caption\":\"Fotos tomadas del perfil de Instagram de Bebeshito\"},{\"@type\":\"BreadcrumbList\",\"@id\":\"https:\\\/\\\/www.cuballama.com\\\/noticias\\\/bebeshito-confirma-explosiva-colaboracion-con-myke-towers\\\/#breadcrumb\",\"itemListElement\":[{\"@type\":\"ListItem\",\"position\":1,\"name\":\"Home\",\"item\":\"https:\\\/\\\/www.cuballama.com\\\/noticias\\\/\"},{\"@type\":\"ListItem\",\"position\":2,\"name\":\"\u00a1Bebeshito confirma explosiva colaboraci\u00f3n con Myke Towers!\"}]},{\"@type\":\"WebSite\",\"@id\":\"https:\\\/\\\/www.cuballama.com\\\/noticias\\\/#website\",\"url\":\"https:\\\/\\\/www.cuballama.com\\\/noticias\\\/\",\"name\":\"Cuballama Noticias\",\"description\":\"Medio digital sobre Cuba y el mundo\",\"publisher\":{\"@id\":\"https:\\\/\\\/www.cuballama.com\\\/noticias\\\/#organization\"},\"potentialAction\":[{\"@type\":\"SearchAction\",\"target\":{\"@type\":\"EntryPoint\",\"urlTemplate\":\"https:\\\/\\\/www.cuballama.com\\\/noticias\\\/?s={search_term_string}\"},\"query-input\":{\"@type\":\"PropertyValueSpecification\",\"valueRequired\":true,\"valueName\":\"search_term_string\"}}],\"inLanguage\":\"es\"},{\"@type\":\"Organization\",\"@id\":\"https:\\\/\\\/www.cuballama.com\\\/noticias\\\/#organization\",\"name\":\"Cuballama\",\"url\":\"https:\\\/\\\/www.cuballama.com\\\/noticias\\\/\",\"logo\":{\"@type\":\"ImageObject\",\"inLanguage\":\"es\",\"@id\":\"https:\\\/\\\/www.cuballama.com\\\/noticias\\\/#\\\/schema\\\/logo\\\/image\\\/\",\"url\":\"https:\\\/\\\/cdn1.mediawpaccore.net\\\/wp-content\\\/uploads\\\/2021\\\/12\\\/28171206\\\/cbll-logo-color-sm.png\",\"contentUrl\":\"https:\\\/\\\/cdn1.mediawpaccore.net\\\/wp-content\\\/uploads\\\/2021\\\/12\\\/28171206\\\/cbll-logo-color-sm.png\",\"width\":600,\"height\":133,\"caption\":\"Cuballama\"},\"image\":{\"@id\":\"https:\\\/\\\/www.cuballama.com\\\/noticias\\\/#\\\/schema\\\/logo\\\/image\\\/\"},\"sameAs\":[\"https:\\\/\\\/www.facebook.com\\\/CubaLlama\",\"https:\\\/\\\/x.com\\\/cuballama\",\"https:\\\/\\\/www.instagram.com\\\/stories\\\/cuballama_oficial\\\/\",\"https:\\\/\\\/www.youtube.com\\\/channel\\\/UCKkFE-d_axENGZcrc4as0IA\"]},{\"@type\":\"Person\",\"@id\":\"https:\\\/\\\/www.cuballama.com\\\/noticias\\\/#\\\/schema\\\/person\\\/5cba2b8cc25a3159e49fe730a94d512e\",\"name\":\"Sof\u00eda Reyes\",\"url\":\"https:\\\/\\\/www.cuballama.com\\\/noticias\\\/author\\\/laura\\\/\"}]}<\/script>\n<!-- \/ Yoast SEO plugin. -->","yoast_head_json":{"title":"\u00a1Bebeshito confirma explosiva colaboraci\u00f3n con Myke Towers! - Cuballama Noticias","description":"Bebeshito, uno de los exponentes m\u00e1s fuertes del reparto cubano, confirma su colaboraci\u00f3n con el puertorrique\u00f1o Myke Towers.","robots":{"index":"index","follow":"follow","max-snippet":"max-snippet:-1","max-image-preview":"max-image-preview:large","max-video-preview":"max-video-preview:-1"},"canonical":"https:\/\/www.cuballama.com\/noticias\/bebeshito-confirma-explosiva-colaboracion-con-myke-towers\/","og_locale":"es_ES","og_type":"article","og_title":"\u00a1Bebeshito confirma explosiva colaboraci\u00f3n con Myke Towers! - Cuballama Noticias","og_description":"Bebeshito, uno de los exponentes m\u00e1s fuertes del reparto cubano, confirma su colaboraci\u00f3n con el puertorrique\u00f1o Myke Towers.","og_url":"https:\/\/www.cuballama.com\/noticias\/bebeshito-confirma-explosiva-colaboracion-con-myke-towers\/","og_site_name":"Cuballama Noticias","article_publisher":"https:\/\/www.facebook.com\/CubaLlama","article_published_time":"2025-09-20T14:20:32+00:00","article_modified_time":"2025-09-20T14:20:34+00:00","og_image":[{"width":1024,"height":576,"url":"https:\/\/cdn1.mediawpaccore.net\/wp-content\/uploads\/2025\/09\/20101808\/xxxxxccccccccddd-30-1024x576.png","type":"image\/png"}],"author":"Sof\u00eda Reyes","twitter_card":"summary_large_image","twitter_creator":"@cuballama","twitter_site":"@cuballama","twitter_misc":{"Escrito por":"Sof\u00eda Reyes","Tiempo de lectura":"2 minutos"},"schema":{"@context":"https:\/\/schema.org","@graph":[{"@type":"Article","@id":"https:\/\/www.cuballama.com\/noticias\/bebeshito-confirma-explosiva-colaboracion-con-myke-towers\/#article","isPartOf":{"@id":"https:\/\/www.cuballama.com\/noticias\/bebeshito-confirma-explosiva-colaboracion-con-myke-towers\/"},"author":{"name":"Sof\u00eda Reyes","@id":"https:\/\/www.cuballama.com\/noticias\/#\/schema\/person\/5cba2b8cc25a3159e49fe730a94d512e"},"headline":"\u00a1Bebeshito confirma explosiva colaboraci\u00f3n con Myke Towers!","datePublished":"2025-09-20T14:20:32+00:00","dateModified":"2025-09-20T14:20:34+00:00","mainEntityOfPage":{"@id":"https:\/\/www.cuballama.com\/noticias\/bebeshito-confirma-explosiva-colaboracion-con-myke-towers\/"},"wordCount":341,"commentCount":0,"publisher":{"@id":"https:\/\/www.cuballama.com\/noticias\/#organization"},"image":{"@id":"https:\/\/www.cuballama.com\/noticias\/bebeshito-confirma-explosiva-colaboracion-con-myke-towers\/#primaryimage"},"thumbnailUrl":"https:\/\/cdn1.mediawpaccore.net\/wp-content\/uploads\/2025\/09\/20101808\/xxxxxccccccccddd-30.png","keywords":["Artistas cubanos","Bebeshito","Billboard Latin Music Week","colaboraci\u00f3n musical","cuba y puerto rico","m\u00fasica cubana","M\u00fasica urbana","Myke Towers","reguet\u00f3n","reparto cubano"],"articleSection":["Far\u00e1ndula"],"inLanguage":"es","potentialAction":[{"@type":"CommentAction","name":"Comment","target":["https:\/\/www.cuballama.com\/noticias\/bebeshito-confirma-explosiva-colaboracion-con-myke-towers\/#respond"]}]},{"@type":"WebPage","@id":"https:\/\/www.cuballama.com\/noticias\/bebeshito-confirma-explosiva-colaboracion-con-myke-towers\/","url":"https:\/\/www.cuballama.com\/noticias\/bebeshito-confirma-explosiva-colaboracion-con-myke-towers\/","name":"\u00a1Bebeshito confirma explosiva colaboraci\u00f3n con Myke Towers! - Cuballama Noticias","isPartOf":{"@id":"https:\/\/www.cuballama.com\/noticias\/#website"},"primaryImageOfPage":{"@id":"https:\/\/www.cuballama.com\/noticias\/bebeshito-confirma-explosiva-colaboracion-con-myke-towers\/#primaryimage"},"image":{"@id":"https:\/\/www.cuballama.com\/noticias\/bebeshito-confirma-explosiva-colaboracion-con-myke-towers\/#primaryimage"},"thumbnailUrl":"https:\/\/cdn1.mediawpaccore.net\/wp-content\/uploads\/2025\/09\/20101808\/xxxxxccccccccddd-30.png","datePublished":"2025-09-20T14:20:32+00:00","dateModified":"2025-09-20T14:20:34+00:00","description":"Bebeshito, uno de los exponentes m\u00e1s fuertes del reparto cubano, confirma su colaboraci\u00f3n con el puertorrique\u00f1o Myke Towers.","breadcrumb":{"@id":"https:\/\/www.cuballama.com\/noticias\/bebeshito-confirma-explosiva-colaboracion-con-myke-towers\/#breadcrumb"},"inLanguage":"es","potentialAction":[{"@type":"ReadAction","target":["https:\/\/www.cuballama.com\/noticias\/bebeshito-confirma-explosiva-colaboracion-con-myke-towers\/"]}]},{"@type":"ImageObject","inLanguage":"es","@id":"https:\/\/www.cuballama.com\/noticias\/bebeshito-confirma-explosiva-colaboracion-con-myke-towers\/#primaryimage","url":"https:\/\/cdn1.mediawpaccore.net\/wp-content\/uploads\/2025\/09\/20101808\/xxxxxccccccccddd-30.png","contentUrl":"https:\/\/cdn1.mediawpaccore.net\/wp-content\/uploads\/2025\/09\/20101808\/xxxxxccccccccddd-30.png","width":1920,"height":1080,"caption":"Fotos tomadas del perfil de Instagram de Bebeshito"},{"@type":"BreadcrumbList","@id":"https:\/\/www.cuballama.com\/noticias\/bebeshito-confirma-explosiva-colaboracion-con-myke-towers\/#breadcrumb","itemListElement":[{"@type":"ListItem","position":1,"name":"Home","item":"https:\/\/www.cuballama.com\/noticias\/"},{"@type":"ListItem","position":2,"name":"\u00a1Bebeshito confirma explosiva colaboraci\u00f3n con Myke Towers!"}]},{"@type":"WebSite","@id":"https:\/\/www.cuballama.com\/noticias\/#website","url":"https:\/\/www.cuballama.com\/noticias\/","name":"Cuballama Noticias","description":"Medio digital sobre Cuba y el mundo","publisher":{"@id":"https:\/\/www.cuballama.com\/noticias\/#organization"},"potentialAction":[{"@type":"SearchAction","target":{"@type":"EntryPoint","urlTemplate":"https:\/\/www.cuballama.com\/noticias\/?s={search_term_string}"},"query-input":{"@type":"PropertyValueSpecification","valueRequired":true,"valueName":"search_term_string"}}],"inLanguage":"es"},{"@type":"Organization","@id":"https:\/\/www.cuballama.com\/noticias\/#organization","name":"Cuballama","url":"https:\/\/www.cuballama.com\/noticias\/","logo":{"@type":"ImageObject","inLanguage":"es","@id":"https:\/\/www.cuballama.com\/noticias\/#\/schema\/logo\/image\/","url":"https:\/\/cdn1.mediawpaccore.net\/wp-content\/uploads\/2021\/12\/28171206\/cbll-logo-color-sm.png","contentUrl":"https:\/\/cdn1.mediawpaccore.net\/wp-content\/uploads\/2021\/12\/28171206\/cbll-logo-color-sm.png","width":600,"height":133,"caption":"Cuballama"},"image":{"@id":"https:\/\/www.cuballama.com\/noticias\/#\/schema\/logo\/image\/"},"sameAs":["https:\/\/www.facebook.com\/CubaLlama","https:\/\/x.com\/cuballama","https:\/\/www.instagram.com\/stories\/cuballama_oficial\/","https:\/\/www.youtube.com\/channel\/UCKkFE-d_axENGZcrc4as0IA"]},{"@type":"Person","@id":"https:\/\/www.cuballama.com\/noticias\/#\/schema\/person\/5cba2b8cc25a3159e49fe730a94d512e","name":"Sof\u00eda Reyes","url":"https:\/\/www.cuballama.com\/noticias\/author\/laura\/"}]}},"_links":{"self":[{"href":"https:\/\/www.cuballama.com\/noticias\/wp-json\/wp\/v2\/posts\/220344","targetHints":{"allow":["GET"]}}],"collection":[{"href":"https:\/\/www.cuballama.com\/noticias\/wp-json\/wp\/v2\/posts"}],"about":[{"href":"https:\/\/www.cuballama.com\/noticias\/wp-json\/wp\/v2\/types\/post"}],"author":[{"embeddable":true,"href":"https:\/\/www.cuballama.com\/noticias\/wp-json\/wp\/v2\/users\/29"}],"replies":[{"embeddable":true,"href":"https:\/\/www.cuballama.com\/noticias\/wp-json\/wp\/v2\/comments?post=220344"}],"version-history":[{"count":1,"href":"https:\/\/www.cuballama.com\/noticias\/wp-json\/wp\/v2\/posts\/220344\/revisions"}],"predecessor-version":[{"id":220346,"href":"https:\/\/www.cuballama.com\/noticias\/wp-json\/wp\/v2\/posts\/220344\/revisions\/220346"}],"wp:featuredmedia":[{"embeddable":true,"href":"https:\/\/www.cuballama.com\/noticias\/wp-json\/wp\/v2\/media\/220345"}],"wp:attachment":[{"href":"https:\/\/www.cuballama.com\/noticias\/wp-json\/wp\/v2\/media?parent=220344"}],"wp:term":[{"taxonomy":"category","embeddable":true,"href":"https:\/\/www.cuballama.com\/noticias\/wp-json\/wp\/v2\/categories?post=220344"},{"taxonomy":"post_tag","embeddable":true,"href":"https:\/\/www.cuballama.com\/noticias\/wp-json\/wp\/v2\/tags?post=220344"}],"curies":[{"name":"wp","href":"https:\/\/api.w.org\/{rel}","templated":true}]}}