{"id":220298,"date":"2025-09-19T14:31:42","date_gmt":"2025-09-19T18:31:42","guid":{"rendered":"https:\/\/www.cuballama.com\/noticias\/?p=220298"},"modified":"2025-09-20T23:49:55","modified_gmt":"2025-09-21T03:49:55","slug":"minint-se-pronuncia-sobre-asesinato-de-policia-en-villa-clara","status":"publish","type":"post","link":"https:\/\/www.cuballama.com\/noticias\/minint-se-pronuncia-sobre-asesinato-de-policia-en-villa-clara\/","title":{"rendered":"Minint se pronuncia sobre asesinato de polic\u00eda en Villa Clara"},"content":{"rendered":"\n<p>El Ministerio del Interior de Cuba (Minint) confirm\u00f3 sobre el mediod\u00eda de este 19 de septiembre <a href=\"https:\/\/www.cuballama.com\/noticias\/policia-aparece-asesinado-en-carretera-de-villa-clara\/\" target=\"_blank\" rel=\"noreferrer noopener\">el asesinato de un oficial<\/a> de la Polic\u00eda Nacional Revolucionaria (PNR) ocurrido horas antes en la provincia de Villa Clara.<\/p>\n\n\n\n<p>\u201cEn horas de la ma\u00f1ana de este viernes fue encontrado el cuerpo sin vida del capit\u00e1n de la Polic\u00eda Nacional Revolucionaria, Leonel Mesa Rodr\u00edguez, de 62 a\u00f1os de edad, jefe de sector, con seis heridas de arma blanca y un disparo en la cabeza, en el consejo popular La Reforma, en el municipio de Caibari\u00e9n\u201d, precis\u00f3 una nota informativa del Minint.\u200e<\/p>\n\n\n\n<p>\u200eDe acuerdo con la informaci\u00f3n preliminar, \u201cel oficial se trasladaba de completo uniforme entre Remedios y Caibari\u00e9n en la moto asignada, que tambi\u00e9n fue hallada al lado del cuerpo\u201d.<\/p>\n\n\n\n<p>El comunicado oficial destac\u00f3 que las fuerzas del Minint en Villa Clara \u201cinvestigan el hecho para su total esclarecimiento y profundizan en informaciones iniciales\u201d.<\/p>\n\n\n\n<iframe loading=\"lazy\" src=\"https:\/\/www.facebook.com\/plugins\/post.php?href=https%3A%2F%2Fwww.facebook.com%2Fpermalink.php%3Fstory_fbid%3Dpfbid0Lttm7DD8Ma29hmcXKtP5fPcQmdssXHjhSmFeP5QgyFURwp1Jm7ECA5Kkui7GXCGal%26id%3D61558472836328&#038;show_text=true&#038;width=500\" width=\"500\" height=\"565\" style=\"border:none;overflow:hidden\" scrolling=\"no\" frameborder=\"0\" allowfullscreen=\"true\" allow=\"autoplay; clipboard-write; encrypted-media; picture-in-picture; web-share\"><\/iframe>\n\n\n\n<p>\u200e\u201d\u200eHechos repudiables como este tendr\u00e1n siempre la respuesta contundente de las leyes revolucionarias y la condena un\u00e1nime de nuestro pueblo que no permitir\u00e1 jam\u00e1s la impunidad ni el est\u00edmulo a la violencia\u201d, a\u00f1adi\u00f3 el texto.\u200e<\/p>\n\n\n\n<p>\u200eEl Minint expres\u00f3 adem\u00e1s sus condolencias a familiares y compa\u00f1eros del jefe de sector de la \u201cgloriosa\u201d PNR, quien, \u201ccon casi 24 a\u00f1os de servicio estuvo siempre en la primera l\u00ednea de combate contra el delito\u201d y fue un \u201cfiel defensor del orden interior\u201d.<\/p>\n\n\n\n<p>Si bien nada justifica tomar la justicia por cuenta propia, en redes sociales son muchos los cubanos que han afirmado que Mesa Rodr\u00edguez era una persona repudiable, que durante a\u00f1os se dedic\u00f3 \u201ca hacerle la vida imposible\u201d a muchos vecinos de La Reforma.<\/p>\n\n\n\n<p>Seg\u00fan numerosas opiniones, el hombre asesinado era \u201cun abusador\u201d que hab\u00eda cometido muchos \u201cdescaros\u201d en Caibari\u00e9n.<\/p>\n\n\n\n<p>\u201cConfirmo que el tipo era tronco de singao, a la casa le cayeron a piedras varias veces. Y ahora mira c\u00f3mo termin\u00f3\u201d, coment\u00f3 en Faecbook sobre la v\u00edctima el usuario D L\u00f3pez Tcp.<\/p>\n","protected":false},"excerpt":{"rendered":"<p>Las autoridades dijeron que el oficial se trasladaba en la moto que le hab\u00edan asignado e iba de completo uniforme cuando fue ultimado.<\/p>\n","protected":false},"author":30,"featured_media":220306,"comment_status":"open","ping_status":"closed","sticky":false,"template":"","format":"standard","meta":{"_acf_changed":false,"footnotes":""},"categories":[18,955],"tags":[27719,23428,941,4226,12615],"class_list":{"0":"post-220298","1":"post","2":"type-post","3":"status-publish","4":"format-standard","5":"has-post-thumbnail","7":"category-noticias","8":"category-noticias-de-cuba","9":"tag-capitan-de-la-pnr","10":"tag-crimen-en-cuba","11":"tag-destacado","12":"tag-minint","13":"tag-policia-cubano"},"acf":[],"yoast_head":"<!-- This site is optimized with the Yoast SEO plugin v27.5 - https:\/\/yoast.com\/product\/yoast-seo-wordpress\/ -->\n<title>Minint se pronuncia sobre asesinato de polic\u00eda en Villa Clara - Cuballama Noticias<\/title>\n<meta name=\"description\" content=\"El Ministerio del Interior de Cuba confirm\u00f3 el asesinato de un polic\u00eda cubano este viernes 19 de septiembre.\" \/>\n<meta name=\"robots\" content=\"index, follow, max-snippet:-1, max-image-preview:large, max-video-preview:-1\" \/>\n<link rel=\"canonical\" href=\"https:\/\/www.cuballama.com\/noticias\/minint-se-pronuncia-sobre-asesinato-de-policia-en-villa-clara\/\" \/>\n<meta property=\"og:locale\" content=\"es_ES\" \/>\n<meta property=\"og:type\" content=\"article\" \/>\n<meta property=\"og:title\" content=\"Minint se pronuncia sobre asesinato de polic\u00eda en Villa Clara - Cuballama Noticias\" \/>\n<meta property=\"og:description\" content=\"El Ministerio del Interior de Cuba confirm\u00f3 el asesinato de un polic\u00eda cubano este viernes 19 de septiembre.\" \/>\n<meta property=\"og:url\" content=\"https:\/\/www.cuballama.com\/noticias\/minint-se-pronuncia-sobre-asesinato-de-policia-en-villa-clara\/\" \/>\n<meta property=\"og:site_name\" content=\"Cuballama Noticias\" \/>\n<meta property=\"article:publisher\" content=\"https:\/\/www.facebook.com\/CubaLlama\" \/>\n<meta property=\"article:published_time\" content=\"2025-09-19T18:31:42+00:00\" \/>\n<meta property=\"article:modified_time\" content=\"2025-09-21T03:49:55+00:00\" \/>\n<meta property=\"og:image\" content=\"https:\/\/cdn1.mediawpaccore.net\/wp-content\/uploads\/2025\/09\/19145724\/548219210_1372853397770676_2994236082133570348_n1.jpg\" \/>\n\t<meta property=\"og:image:width\" content=\"1200\" \/>\n\t<meta property=\"og:image:height\" content=\"630\" \/>\n\t<meta property=\"og:image:type\" content=\"image\/jpeg\" \/>\n<meta name=\"author\" content=\"Kathy\" \/>\n<meta name=\"twitter:card\" content=\"summary_large_image\" \/>\n<meta name=\"twitter:creator\" content=\"@cuballama\" \/>\n<meta name=\"twitter:site\" content=\"@cuballama\" \/>\n<meta name=\"twitter:label1\" content=\"Escrito por\" \/>\n\t<meta name=\"twitter:data1\" content=\"Kathy\" \/>\n\t<meta name=\"twitter:label2\" content=\"Tiempo de lectura\" \/>\n\t<meta name=\"twitter:data2\" content=\"2 minutos\" \/>\n<script type=\"application\/ld+json\" class=\"yoast-schema-graph\">{\"@context\":\"https:\\\/\\\/schema.org\",\"@graph\":[{\"@type\":\"Article\",\"@id\":\"https:\\\/\\\/www.cuballama.com\\\/noticias\\\/minint-se-pronuncia-sobre-asesinato-de-policia-en-villa-clara\\\/#article\",\"isPartOf\":{\"@id\":\"https:\\\/\\\/www.cuballama.com\\\/noticias\\\/minint-se-pronuncia-sobre-asesinato-de-policia-en-villa-clara\\\/\"},\"author\":{\"name\":\"Kathy\",\"@id\":\"https:\\\/\\\/www.cuballama.com\\\/noticias\\\/#\\\/schema\\\/person\\\/86cd3e3f4974437f031211213bf892d5\"},\"headline\":\"Minint se pronuncia sobre asesinato de polic\u00eda en Villa Clara\",\"datePublished\":\"2025-09-19T18:31:42+00:00\",\"dateModified\":\"2025-09-21T03:49:55+00:00\",\"mainEntityOfPage\":{\"@id\":\"https:\\\/\\\/www.cuballama.com\\\/noticias\\\/minint-se-pronuncia-sobre-asesinato-de-policia-en-villa-clara\\\/\"},\"wordCount\":357,\"commentCount\":0,\"publisher\":{\"@id\":\"https:\\\/\\\/www.cuballama.com\\\/noticias\\\/#organization\"},\"image\":{\"@id\":\"https:\\\/\\\/www.cuballama.com\\\/noticias\\\/minint-se-pronuncia-sobre-asesinato-de-policia-en-villa-clara\\\/#primaryimage\"},\"thumbnailUrl\":\"https:\\\/\\\/cdn1.mediawpaccore.net\\\/wp-content\\\/uploads\\\/2025\\\/09\\\/19145724\\\/548219210_1372853397770676_2994236082133570348_n1.jpg\",\"keywords\":[\"capit\u00e1n de la PNR\",\"crimen en Cuba\",\"destacado\",\"MININT\",\"polic\u00eda cubano\"],\"articleSection\":[\"Noticias\",\"Noticias de Cuba\"],\"inLanguage\":\"es\",\"potentialAction\":[{\"@type\":\"CommentAction\",\"name\":\"Comment\",\"target\":[\"https:\\\/\\\/www.cuballama.com\\\/noticias\\\/minint-se-pronuncia-sobre-asesinato-de-policia-en-villa-clara\\\/#respond\"]}]},{\"@type\":\"WebPage\",\"@id\":\"https:\\\/\\\/www.cuballama.com\\\/noticias\\\/minint-se-pronuncia-sobre-asesinato-de-policia-en-villa-clara\\\/\",\"url\":\"https:\\\/\\\/www.cuballama.com\\\/noticias\\\/minint-se-pronuncia-sobre-asesinato-de-policia-en-villa-clara\\\/\",\"name\":\"Minint se pronuncia sobre asesinato de polic\u00eda en Villa Clara - Cuballama Noticias\",\"isPartOf\":{\"@id\":\"https:\\\/\\\/www.cuballama.com\\\/noticias\\\/#website\"},\"primaryImageOfPage\":{\"@id\":\"https:\\\/\\\/www.cuballama.com\\\/noticias\\\/minint-se-pronuncia-sobre-asesinato-de-policia-en-villa-clara\\\/#primaryimage\"},\"image\":{\"@id\":\"https:\\\/\\\/www.cuballama.com\\\/noticias\\\/minint-se-pronuncia-sobre-asesinato-de-policia-en-villa-clara\\\/#primaryimage\"},\"thumbnailUrl\":\"https:\\\/\\\/cdn1.mediawpaccore.net\\\/wp-content\\\/uploads\\\/2025\\\/09\\\/19145724\\\/548219210_1372853397770676_2994236082133570348_n1.jpg\",\"datePublished\":\"2025-09-19T18:31:42+00:00\",\"dateModified\":\"2025-09-21T03:49:55+00:00\",\"description\":\"El Ministerio del Interior de Cuba confirm\u00f3 el asesinato de un polic\u00eda cubano este viernes 19 de septiembre.\",\"breadcrumb\":{\"@id\":\"https:\\\/\\\/www.cuballama.com\\\/noticias\\\/minint-se-pronuncia-sobre-asesinato-de-policia-en-villa-clara\\\/#breadcrumb\"},\"inLanguage\":\"es\",\"potentialAction\":[{\"@type\":\"ReadAction\",\"target\":[\"https:\\\/\\\/www.cuballama.com\\\/noticias\\\/minint-se-pronuncia-sobre-asesinato-de-policia-en-villa-clara\\\/\"]}]},{\"@type\":\"ImageObject\",\"inLanguage\":\"es\",\"@id\":\"https:\\\/\\\/www.cuballama.com\\\/noticias\\\/minint-se-pronuncia-sobre-asesinato-de-policia-en-villa-clara\\\/#primaryimage\",\"url\":\"https:\\\/\\\/cdn1.mediawpaccore.net\\\/wp-content\\\/uploads\\\/2025\\\/09\\\/19145724\\\/548219210_1372853397770676_2994236082133570348_n1.jpg\",\"contentUrl\":\"https:\\\/\\\/cdn1.mediawpaccore.net\\\/wp-content\\\/uploads\\\/2025\\\/09\\\/19145724\\\/548219210_1372853397770676_2994236082133570348_n1.jpg\",\"width\":1200,\"height\":630,\"caption\":\"Polic\u00eda Leonel Mesa Rodr\u00edguez (tercero de izquiera a derecha) en Villa Clara. Foto: Facebook\\\/La Tijera\"},{\"@type\":\"BreadcrumbList\",\"@id\":\"https:\\\/\\\/www.cuballama.com\\\/noticias\\\/minint-se-pronuncia-sobre-asesinato-de-policia-en-villa-clara\\\/#breadcrumb\",\"itemListElement\":[{\"@type\":\"ListItem\",\"position\":1,\"name\":\"Home\",\"item\":\"https:\\\/\\\/www.cuballama.com\\\/noticias\\\/\"},{\"@type\":\"ListItem\",\"position\":2,\"name\":\"Minint se pronuncia sobre asesinato de polic\u00eda en Villa Clara\"}]},{\"@type\":\"WebSite\",\"@id\":\"https:\\\/\\\/www.cuballama.com\\\/noticias\\\/#website\",\"url\":\"https:\\\/\\\/www.cuballama.com\\\/noticias\\\/\",\"name\":\"Cuballama Noticias\",\"description\":\"Medio digital sobre Cuba y el mundo\",\"publisher\":{\"@id\":\"https:\\\/\\\/www.cuballama.com\\\/noticias\\\/#organization\"},\"potentialAction\":[{\"@type\":\"SearchAction\",\"target\":{\"@type\":\"EntryPoint\",\"urlTemplate\":\"https:\\\/\\\/www.cuballama.com\\\/noticias\\\/?s={search_term_string}\"},\"query-input\":{\"@type\":\"PropertyValueSpecification\",\"valueRequired\":true,\"valueName\":\"search_term_string\"}}],\"inLanguage\":\"es\"},{\"@type\":\"Organization\",\"@id\":\"https:\\\/\\\/www.cuballama.com\\\/noticias\\\/#organization\",\"name\":\"Cuballama\",\"url\":\"https:\\\/\\\/www.cuballama.com\\\/noticias\\\/\",\"logo\":{\"@type\":\"ImageObject\",\"inLanguage\":\"es\",\"@id\":\"https:\\\/\\\/www.cuballama.com\\\/noticias\\\/#\\\/schema\\\/logo\\\/image\\\/\",\"url\":\"https:\\\/\\\/cdn1.mediawpaccore.net\\\/wp-content\\\/uploads\\\/2021\\\/12\\\/28171206\\\/cbll-logo-color-sm.png\",\"contentUrl\":\"https:\\\/\\\/cdn1.mediawpaccore.net\\\/wp-content\\\/uploads\\\/2021\\\/12\\\/28171206\\\/cbll-logo-color-sm.png\",\"width\":600,\"height\":133,\"caption\":\"Cuballama\"},\"image\":{\"@id\":\"https:\\\/\\\/www.cuballama.com\\\/noticias\\\/#\\\/schema\\\/logo\\\/image\\\/\"},\"sameAs\":[\"https:\\\/\\\/www.facebook.com\\\/CubaLlama\",\"https:\\\/\\\/x.com\\\/cuballama\",\"https:\\\/\\\/www.instagram.com\\\/stories\\\/cuballama_oficial\\\/\",\"https:\\\/\\\/www.youtube.com\\\/channel\\\/UCKkFE-d_axENGZcrc4as0IA\"]},{\"@type\":\"Person\",\"@id\":\"https:\\\/\\\/www.cuballama.com\\\/noticias\\\/#\\\/schema\\\/person\\\/86cd3e3f4974437f031211213bf892d5\",\"name\":\"Kathy\",\"url\":\"https:\\\/\\\/www.cuballama.com\\\/noticias\\\/author\\\/kathy\\\/\"}]}<\/script>\n<!-- \/ Yoast SEO plugin. -->","yoast_head_json":{"title":"Minint se pronuncia sobre asesinato de polic\u00eda en Villa Clara - Cuballama Noticias","description":"El Ministerio del Interior de Cuba confirm\u00f3 el asesinato de un polic\u00eda cubano este viernes 19 de septiembre.","robots":{"index":"index","follow":"follow","max-snippet":"max-snippet:-1","max-image-preview":"max-image-preview:large","max-video-preview":"max-video-preview:-1"},"canonical":"https:\/\/www.cuballama.com\/noticias\/minint-se-pronuncia-sobre-asesinato-de-policia-en-villa-clara\/","og_locale":"es_ES","og_type":"article","og_title":"Minint se pronuncia sobre asesinato de polic\u00eda en Villa Clara - Cuballama Noticias","og_description":"El Ministerio del Interior de Cuba confirm\u00f3 el asesinato de un polic\u00eda cubano este viernes 19 de septiembre.","og_url":"https:\/\/www.cuballama.com\/noticias\/minint-se-pronuncia-sobre-asesinato-de-policia-en-villa-clara\/","og_site_name":"Cuballama Noticias","article_publisher":"https:\/\/www.facebook.com\/CubaLlama","article_published_time":"2025-09-19T18:31:42+00:00","article_modified_time":"2025-09-21T03:49:55+00:00","og_image":[{"width":1200,"height":630,"url":"https:\/\/cdn1.mediawpaccore.net\/wp-content\/uploads\/2025\/09\/19145724\/548219210_1372853397770676_2994236082133570348_n1.jpg","type":"image\/jpeg"}],"author":"Kathy","twitter_card":"summary_large_image","twitter_creator":"@cuballama","twitter_site":"@cuballama","twitter_misc":{"Escrito por":"Kathy","Tiempo de lectura":"2 minutos"},"schema":{"@context":"https:\/\/schema.org","@graph":[{"@type":"Article","@id":"https:\/\/www.cuballama.com\/noticias\/minint-se-pronuncia-sobre-asesinato-de-policia-en-villa-clara\/#article","isPartOf":{"@id":"https:\/\/www.cuballama.com\/noticias\/minint-se-pronuncia-sobre-asesinato-de-policia-en-villa-clara\/"},"author":{"name":"Kathy","@id":"https:\/\/www.cuballama.com\/noticias\/#\/schema\/person\/86cd3e3f4974437f031211213bf892d5"},"headline":"Minint se pronuncia sobre asesinato de polic\u00eda en Villa Clara","datePublished":"2025-09-19T18:31:42+00:00","dateModified":"2025-09-21T03:49:55+00:00","mainEntityOfPage":{"@id":"https:\/\/www.cuballama.com\/noticias\/minint-se-pronuncia-sobre-asesinato-de-policia-en-villa-clara\/"},"wordCount":357,"commentCount":0,"publisher":{"@id":"https:\/\/www.cuballama.com\/noticias\/#organization"},"image":{"@id":"https:\/\/www.cuballama.com\/noticias\/minint-se-pronuncia-sobre-asesinato-de-policia-en-villa-clara\/#primaryimage"},"thumbnailUrl":"https:\/\/cdn1.mediawpaccore.net\/wp-content\/uploads\/2025\/09\/19145724\/548219210_1372853397770676_2994236082133570348_n1.jpg","keywords":["capit\u00e1n de la PNR","crimen en Cuba","destacado","MININT","polic\u00eda cubano"],"articleSection":["Noticias","Noticias de Cuba"],"inLanguage":"es","potentialAction":[{"@type":"CommentAction","name":"Comment","target":["https:\/\/www.cuballama.com\/noticias\/minint-se-pronuncia-sobre-asesinato-de-policia-en-villa-clara\/#respond"]}]},{"@type":"WebPage","@id":"https:\/\/www.cuballama.com\/noticias\/minint-se-pronuncia-sobre-asesinato-de-policia-en-villa-clara\/","url":"https:\/\/www.cuballama.com\/noticias\/minint-se-pronuncia-sobre-asesinato-de-policia-en-villa-clara\/","name":"Minint se pronuncia sobre asesinato de polic\u00eda en Villa Clara - Cuballama Noticias","isPartOf":{"@id":"https:\/\/www.cuballama.com\/noticias\/#website"},"primaryImageOfPage":{"@id":"https:\/\/www.cuballama.com\/noticias\/minint-se-pronuncia-sobre-asesinato-de-policia-en-villa-clara\/#primaryimage"},"image":{"@id":"https:\/\/www.cuballama.com\/noticias\/minint-se-pronuncia-sobre-asesinato-de-policia-en-villa-clara\/#primaryimage"},"thumbnailUrl":"https:\/\/cdn1.mediawpaccore.net\/wp-content\/uploads\/2025\/09\/19145724\/548219210_1372853397770676_2994236082133570348_n1.jpg","datePublished":"2025-09-19T18:31:42+00:00","dateModified":"2025-09-21T03:49:55+00:00","description":"El Ministerio del Interior de Cuba confirm\u00f3 el asesinato de un polic\u00eda cubano este viernes 19 de septiembre.","breadcrumb":{"@id":"https:\/\/www.cuballama.com\/noticias\/minint-se-pronuncia-sobre-asesinato-de-policia-en-villa-clara\/#breadcrumb"},"inLanguage":"es","potentialAction":[{"@type":"ReadAction","target":["https:\/\/www.cuballama.com\/noticias\/minint-se-pronuncia-sobre-asesinato-de-policia-en-villa-clara\/"]}]},{"@type":"ImageObject","inLanguage":"es","@id":"https:\/\/www.cuballama.com\/noticias\/minint-se-pronuncia-sobre-asesinato-de-policia-en-villa-clara\/#primaryimage","url":"https:\/\/cdn1.mediawpaccore.net\/wp-content\/uploads\/2025\/09\/19145724\/548219210_1372853397770676_2994236082133570348_n1.jpg","contentUrl":"https:\/\/cdn1.mediawpaccore.net\/wp-content\/uploads\/2025\/09\/19145724\/548219210_1372853397770676_2994236082133570348_n1.jpg","width":1200,"height":630,"caption":"Polic\u00eda Leonel Mesa Rodr\u00edguez (tercero de izquiera a derecha) en Villa Clara. Foto: Facebook\/La Tijera"},{"@type":"BreadcrumbList","@id":"https:\/\/www.cuballama.com\/noticias\/minint-se-pronuncia-sobre-asesinato-de-policia-en-villa-clara\/#breadcrumb","itemListElement":[{"@type":"ListItem","position":1,"name":"Home","item":"https:\/\/www.cuballama.com\/noticias\/"},{"@type":"ListItem","position":2,"name":"Minint se pronuncia sobre asesinato de polic\u00eda en Villa Clara"}]},{"@type":"WebSite","@id":"https:\/\/www.cuballama.com\/noticias\/#website","url":"https:\/\/www.cuballama.com\/noticias\/","name":"Cuballama Noticias","description":"Medio digital sobre Cuba y el mundo","publisher":{"@id":"https:\/\/www.cuballama.com\/noticias\/#organization"},"potentialAction":[{"@type":"SearchAction","target":{"@type":"EntryPoint","urlTemplate":"https:\/\/www.cuballama.com\/noticias\/?s={search_term_string}"},"query-input":{"@type":"PropertyValueSpecification","valueRequired":true,"valueName":"search_term_string"}}],"inLanguage":"es"},{"@type":"Organization","@id":"https:\/\/www.cuballama.com\/noticias\/#organization","name":"Cuballama","url":"https:\/\/www.cuballama.com\/noticias\/","logo":{"@type":"ImageObject","inLanguage":"es","@id":"https:\/\/www.cuballama.com\/noticias\/#\/schema\/logo\/image\/","url":"https:\/\/cdn1.mediawpaccore.net\/wp-content\/uploads\/2021\/12\/28171206\/cbll-logo-color-sm.png","contentUrl":"https:\/\/cdn1.mediawpaccore.net\/wp-content\/uploads\/2021\/12\/28171206\/cbll-logo-color-sm.png","width":600,"height":133,"caption":"Cuballama"},"image":{"@id":"https:\/\/www.cuballama.com\/noticias\/#\/schema\/logo\/image\/"},"sameAs":["https:\/\/www.facebook.com\/CubaLlama","https:\/\/x.com\/cuballama","https:\/\/www.instagram.com\/stories\/cuballama_oficial\/","https:\/\/www.youtube.com\/channel\/UCKkFE-d_axENGZcrc4as0IA"]},{"@type":"Person","@id":"https:\/\/www.cuballama.com\/noticias\/#\/schema\/person\/86cd3e3f4974437f031211213bf892d5","name":"Kathy","url":"https:\/\/www.cuballama.com\/noticias\/author\/kathy\/"}]}},"_links":{"self":[{"href":"https:\/\/www.cuballama.com\/noticias\/wp-json\/wp\/v2\/posts\/220298","targetHints":{"allow":["GET"]}}],"collection":[{"href":"https:\/\/www.cuballama.com\/noticias\/wp-json\/wp\/v2\/posts"}],"about":[{"href":"https:\/\/www.cuballama.com\/noticias\/wp-json\/wp\/v2\/types\/post"}],"author":[{"embeddable":true,"href":"https:\/\/www.cuballama.com\/noticias\/wp-json\/wp\/v2\/users\/30"}],"replies":[{"embeddable":true,"href":"https:\/\/www.cuballama.com\/noticias\/wp-json\/wp\/v2\/comments?post=220298"}],"version-history":[{"count":10,"href":"https:\/\/www.cuballama.com\/noticias\/wp-json\/wp\/v2\/posts\/220298\/revisions"}],"predecessor-version":[{"id":220365,"href":"https:\/\/www.cuballama.com\/noticias\/wp-json\/wp\/v2\/posts\/220298\/revisions\/220365"}],"wp:featuredmedia":[{"embeddable":true,"href":"https:\/\/www.cuballama.com\/noticias\/wp-json\/wp\/v2\/media\/220306"}],"wp:attachment":[{"href":"https:\/\/www.cuballama.com\/noticias\/wp-json\/wp\/v2\/media?parent=220298"}],"wp:term":[{"taxonomy":"category","embeddable":true,"href":"https:\/\/www.cuballama.com\/noticias\/wp-json\/wp\/v2\/categories?post=220298"},{"taxonomy":"post_tag","embeddable":true,"href":"https:\/\/www.cuballama.com\/noticias\/wp-json\/wp\/v2\/tags?post=220298"}],"curies":[{"name":"wp","href":"https:\/\/api.w.org\/{rel}","templated":true}]}}