{"id":220258,"date":"2025-09-19T12:07:50","date_gmt":"2025-09-19T16:07:50","guid":{"rendered":"https:\/\/www.cuballama.com\/noticias\/?p=220258"},"modified":"2025-09-19T15:07:57","modified_gmt":"2025-09-19T19:07:57","slug":"policia-aparece-asesinado-en-carretera-de-villa-clara","status":"publish","type":"post","link":"https:\/\/www.cuballama.com\/noticias\/policia-aparece-asesinado-en-carretera-de-villa-clara\/","title":{"rendered":"Polic\u00eda aparece asesinado en carretera de Villa Clara"},"content":{"rendered":"\n<p>Un polic\u00eda cubano habr\u00eda sido asesinado de un tiro en horas de la madrugada de este viernes 19 de septiembre en una zona conocida como La Caba\u00f1a, en la carretera de Remedios a Caibari\u00e9n, provincia de Villa Clara, seg\u00fan varios reportes en redes sociales.<\/p>\n\n\n\n<p>De acuerdo con lo que inform\u00f3 la p\u00e1gina de Facebook La Tijera, el crimen podr\u00eda haber sido un ajuste de cuentas, ya que el agente de la Polic\u00eda Nacional Revolucionaria, de apellido Mesa y apodado \u2018Cal Viva\u2019, era conocido \u201cpor sus abusos y sus represiones contra la poblaci\u00f3n\u201d.&nbsp;<\/p>\n\n\n\n<iframe loading=\"lazy\" src=\"https:\/\/www.facebook.com\/plugins\/post.php?href=https%3A%2F%2Fwww.facebook.com%2FDeuntijeretazo%2Fposts%2Fpfbid02gLV9fJJtVv3orPVbidZEWfycz7cBH8vswBdu97xiorRr8ZMFcRSawRPLozs9sVNEl&#038;show_text=true&#038;width=500\" width=\"500\" height=\"250\" style=\"border:none;overflow:hidden\" scrolling=\"no\" frameborder=\"0\" allowfullscreen=\"true\" allow=\"autoplay; clipboard-write; encrypted-media; picture-in-picture; web-share\"><\/iframe>\n\n\n\n<p>En un video publicado en Instagram por la activista Yanelis Morales, encargada del perfil D\u00edaz Canel Sin Gao, puede verse el cuerpo sin vida del oficial tendido en medio de la carretera, presuntamente con un disparo en la frente y sin llevar su arma reglamentaria.<\/p>\n\n\n\n<p>\u201cCo\u00f1o, pero ese polic\u00eda estaba hablando con uno a ah\u00ed cuando yo pas\u00e9 para all\u00e1\u201d, se le oye decir en el video al chofer de un \u00f3mnibus Yutong, que poco antes habr\u00eda visto a la v\u00edctima con vida.<\/p>\n\n\n\n<p>\u201cTen\u00eda un tiro en medio de la frente y unas cuatro pu\u00f1aladas en el pecho\u201d, asegur\u00f3 un testigo a <a href=\"https:\/\/www.cubanet.org\/policia-de-caibarien-amanece-muerto-en-la-carretera\/\" target=\"_blank\" rel=\"noreferrer noopener nofollow\"><em>CubaNet<\/em><\/a> sobre el difunto, calificado por algunos como \u201cun abusador\u201d.<\/p>\n\n\n\n<p>\u201cTodav\u00eda est\u00e1 tirado en la carretera, esto est\u00e1 lleno de polic\u00edas y de gente de la Seguridad del Estado\u201d, se\u00f1al\u00f3 un testigo que envi\u00f3 im\u00e1genes exclusivas del lugar de los hechos, donde \u201cla presencia policial es masiva\u201d.<\/p>\n\n\n\n<p>Seg\u00fan otras opiniones, el fallecido habr\u00eda \u201cacabado\u201d con la vida de muchas personas y cometido muchos \u201cdescaros\u201d en Caibari\u00e9n.<\/p>\n\n\n\n<blockquote class=\"instagram-media\" data-instgrm-captioned data-instgrm-permalink=\"https:\/\/www.instagram.com\/reel\/DOyerx_jnna\/?utm_source=ig_embed&amp;utm_campaign=loading\" data-instgrm-version=\"14\" style=\" background:#FFF; border:0; border-radius:3px; box-shadow:0 0 1px 0 rgba(0,0,0,0.5),0 1px 10px 0 rgba(0,0,0,0.15); margin: 1px; max-width:540px; min-width:326px; padding:0; width:99.375%; width:-webkit-calc(100% - 2px); width:calc(100% - 2px);\"><div style=\"padding:16px;\"> <a href=\"https:\/\/www.instagram.com\/reel\/DOyerx_jnna\/?utm_source=ig_embed&amp;utm_campaign=loading\" style=\" background:#FFFFFF; line-height:0; padding:0 0; text-align:center; text-decoration:none; width:100%;\" target=\"_blank\"> <div style=\" display: flex; flex-direction: row; align-items: center;\"> <div style=\"background-color: #F4F4F4; border-radius: 50%; flex-grow: 0; height: 40px; margin-right: 14px; width: 40px;\"><\/div> <div style=\"display: flex; flex-direction: column; flex-grow: 1; justify-content: center;\"> <div style=\" background-color: #F4F4F4; border-radius: 4px; flex-grow: 0; height: 14px; margin-bottom: 6px; width: 100px;\"><\/div> <div style=\" background-color: #F4F4F4; border-radius: 4px; flex-grow: 0; height: 14px; width: 60px;\"><\/div><\/div><\/div><div style=\"padding: 19% 0;\"><\/div> <div style=\"display:block; height:50px; margin:0 auto 12px; width:50px;\"><svg width=\"50px\" height=\"50px\" viewBox=\"0 0 60 60\" version=\"1.1\" xmlns=\"https:\/\/www.w3.org\/2000\/svg\" xmlns:xlink=\"https:\/\/www.w3.org\/1999\/xlink\"><g stroke=\"none\" stroke-width=\"1\" fill=\"none\" fill-rule=\"evenodd\"><g transform=\"translate(-511.000000, -20.000000)\" fill=\"#000000\"><g><path d=\"M556.869,30.41 C554.814,30.41 553.148,32.076 553.148,34.131 C553.148,36.186 554.814,37.852 556.869,37.852 C558.924,37.852 560.59,36.186 560.59,34.131 C560.59,32.076 558.924,30.41 556.869,30.41 M541,60.657 C535.114,60.657 530.342,55.887 530.342,50 C530.342,44.114 535.114,39.342 541,39.342 C546.887,39.342 551.658,44.114 551.658,50 C551.658,55.887 546.887,60.657 541,60.657 M541,33.886 C532.1,33.886 524.886,41.1 524.886,50 C524.886,58.899 532.1,66.113 541,66.113 C549.9,66.113 557.115,58.899 557.115,50 C557.115,41.1 549.9,33.886 541,33.886 M565.378,62.101 C565.244,65.022 564.756,66.606 564.346,67.663 C563.803,69.06 563.154,70.057 562.106,71.106 C561.058,72.155 560.06,72.803 558.662,73.347 C557.607,73.757 556.021,74.244 553.102,74.378 C549.944,74.521 548.997,74.552 541,74.552 C533.003,74.552 532.056,74.521 528.898,74.378 C525.979,74.244 524.393,73.757 523.338,73.347 C521.94,72.803 520.942,72.155 519.894,71.106 C518.846,70.057 518.197,69.06 517.654,67.663 C517.244,66.606 516.755,65.022 516.623,62.101 C516.479,58.943 516.448,57.996 516.448,50 C516.448,42.003 516.479,41.056 516.623,37.899 C516.755,34.978 517.244,33.391 517.654,32.338 C518.197,30.938 518.846,29.942 519.894,28.894 C520.942,27.846 521.94,27.196 523.338,26.654 C524.393,26.244 525.979,25.756 528.898,25.623 C532.057,25.479 533.004,25.448 541,25.448 C548.997,25.448 549.943,25.479 553.102,25.623 C556.021,25.756 557.607,26.244 558.662,26.654 C560.06,27.196 561.058,27.846 562.106,28.894 C563.154,29.942 563.803,30.938 564.346,32.338 C564.756,33.391 565.244,34.978 565.378,37.899 C565.522,41.056 565.552,42.003 565.552,50 C565.552,57.996 565.522,58.943 565.378,62.101 M570.82,37.631 C570.674,34.438 570.167,32.258 569.425,30.349 C568.659,28.377 567.633,26.702 565.965,25.035 C564.297,23.368 562.623,22.342 560.652,21.575 C558.743,20.834 556.562,20.326 553.369,20.18 C550.169,20.033 549.148,20 541,20 C532.853,20 531.831,20.033 528.631,20.18 C525.438,20.326 523.257,20.834 521.349,21.575 C519.376,22.342 517.703,23.368 516.035,25.035 C514.368,26.702 513.342,28.377 512.574,30.349 C511.834,32.258 511.326,34.438 511.181,37.631 C511.035,40.831 511,41.851 511,50 C511,58.147 511.035,59.17 511.181,62.369 C511.326,65.562 511.834,67.743 512.574,69.651 C513.342,71.625 514.368,73.296 516.035,74.965 C517.703,76.634 519.376,77.658 521.349,78.425 C523.257,79.167 525.438,79.673 528.631,79.82 C531.831,79.965 532.853,80.001 541,80.001 C549.148,80.001 550.169,79.965 553.369,79.82 C556.562,79.673 558.743,79.167 560.652,78.425 C562.623,77.658 564.297,76.634 565.965,74.965 C567.633,73.296 568.659,71.625 569.425,69.651 C570.167,67.743 570.674,65.562 570.82,62.369 C570.966,59.17 571,58.147 571,50 C571,41.851 570.966,40.831 570.82,37.631\"><\/path><\/g><\/g><\/g><\/svg><\/div><div style=\"padding-top: 8px;\"> <div style=\" color:#3897f0; font-family:Arial,sans-serif; font-size:14px; font-style:normal; font-weight:550; line-height:18px;\">Ver esta publicaci\u00f3n en Instagram<\/div><\/div><div style=\"padding: 12.5% 0;\"><\/div> <div style=\"display: flex; flex-direction: row; margin-bottom: 14px; align-items: center;\"><div> <div style=\"background-color: #F4F4F4; border-radius: 50%; height: 12.5px; width: 12.5px; transform: translateX(0px) translateY(7px);\"><\/div> <div style=\"background-color: #F4F4F4; height: 12.5px; transform: rotate(-45deg) translateX(3px) translateY(1px); width: 12.5px; flex-grow: 0; margin-right: 14px; margin-left: 2px;\"><\/div> <div style=\"background-color: #F4F4F4; border-radius: 50%; height: 12.5px; width: 12.5px; transform: translateX(9px) translateY(-18px);\"><\/div><\/div><div style=\"margin-left: 8px;\"> <div style=\" background-color: #F4F4F4; border-radius: 50%; flex-grow: 0; height: 20px; width: 20px;\"><\/div> <div style=\" width: 0; height: 0; border-top: 2px solid transparent; border-left: 6px solid #f4f4f4; border-bottom: 2px solid transparent; transform: translateX(16px) translateY(-4px) rotate(30deg)\"><\/div><\/div><div style=\"margin-left: auto;\"> <div style=\" width: 0px; border-top: 8px solid #F4F4F4; border-right: 8px solid transparent; transform: translateY(16px);\"><\/div> <div style=\" background-color: #F4F4F4; flex-grow: 0; height: 12px; width: 16px; transform: translateY(-4px);\"><\/div> <div style=\" width: 0; height: 0; border-top: 8px solid #F4F4F4; border-left: 8px solid transparent; transform: translateY(-4px) translateX(8px);\"><\/div><\/div><\/div> <div style=\"display: flex; flex-direction: column; flex-grow: 1; justify-content: center; margin-bottom: 24px;\"> <div style=\" background-color: #F4F4F4; border-radius: 4px; flex-grow: 0; height: 14px; margin-bottom: 6px; width: 224px;\"><\/div> <div style=\" background-color: #F4F4F4; border-radius: 4px; flex-grow: 0; height: 14px; width: 144px;\"><\/div><\/div><\/a><p style=\" color:#c9c8cd; font-family:Arial,sans-serif; font-size:14px; line-height:17px; margin-bottom:0; margin-top:8px; overflow:hidden; padding:8px 0 7px; text-align:center; text-overflow:ellipsis; white-space:nowrap;\"><a href=\"https:\/\/www.instagram.com\/reel\/DOyerx_jnna\/?utm_source=ig_embed&amp;utm_campaign=loading\" style=\" color:#c9c8cd; font-family:Arial,sans-serif; font-size:14px; font-style:normal; font-weight:normal; line-height:17px; text-decoration:none;\" target=\"_blank\">Una publicaci\u00f3n compartida por Diaz Canel Sin Gao (@diazcanelsingao2024)<\/a><\/p><\/div><\/blockquote>\n<script async src=\"\/\/www.instagram.com\/embed.js\"><\/script>\n\n\n\n<p>Otros testimonios aseguraron que el fallecido ejerc\u00eda como jefe de sector de la Polic\u00eda en La Reforma, un barrio de Caibari\u00e9n, y llev\u00f3 a la c\u00e1rcel a varios vecinos.<\/p>\n\n\n\n<p>La misma fuente destac\u00f3 que el pasado 6 de junio Mesa hab\u00eda sido ascendido por \u201csu labor\u201d en la represi\u00f3n contra el pueblo cubano.<\/p>\n\n\n\n<p>\u201cConfirmo que el tipo era tronco de singao, a la casa le cayeron a piedras varias veces. Y ahora mira c\u00f3mo termin\u00f3\u201d, coment\u00f3 sobre la v\u00edctima el usuario D L\u00f3pez Tcp.<\/p>\n\n\n\n<iframe loading=\"lazy\" src=\"https:\/\/www.facebook.com\/plugins\/post.php?href=https%3A%2F%2Fwww.facebook.com%2FDeuntijeretazo%2Fposts%2Fpfbid0aMxrvh5G4EvSNpfVMMY7fCoA3ioM33ciVQ1v2BS1gMSRjo1bvubPcPhUWWeLdkkul&#038;show_text=true&#038;width=500\" width=\"500\" height=\"651\" style=\"border:none;overflow:hidden\" scrolling=\"no\" frameborder=\"0\" allowfullscreen=\"true\" allow=\"autoplay; clipboard-write; encrypted-media; picture-in-picture; web-share\"><\/iframe>\n\n\n\n<p>\u201cHace unos meses fue una mujer polic\u00eda en oriente, que le dieron una pu\u00f1alada por poner multas injustamente y ahora este. Todo tiene su momento, las personas se cansan de tanto hostigamiento\u201d, apunt\u00f3 otra internauta.<\/p>\n\n\n\n<p>\u201cMesa se dedicaba meramente a detener delincuentes y era de los m\u00e1s eficientes al parecer del pueblo. Pero claro, las personas solo se acuerdan de la ley cuando son afectados\u201d, resalt\u00f3 por otra parte Wilfredo Qui\u00f1ones al defender al oficial fallecido.<\/p>\n\n\n\n<p>\u201cEl abuso y la violencia generan m\u00e1s violencia\u201d, fue el mensaje dejado por otros muchos cubanos.<\/p>\n\n\n\n<p>Hasta el&nbsp; momento no existe confirmaci\u00f3n oficial sobre las causas de la muerte ni las autoridades cubanas han emitido una declaraci\u00f3n p\u00fablica sobre el hecho.<\/p>\n\n\n\n<p><\/p>\n","protected":false},"excerpt":{"rendered":"<p>El crimen podr\u00eda haber sido un ajuste de cuentas.<\/p>\n","protected":false},"author":30,"featured_media":220260,"comment_status":"open","ping_status":"closed","sticky":false,"template":"","format":"standard","meta":{"_acf_changed":false,"footnotes":""},"categories":[18,955],"tags":[23428,941,722,12615],"class_list":{"0":"post-220258","1":"post","2":"type-post","3":"status-publish","4":"format-standard","5":"has-post-thumbnail","7":"category-noticias","8":"category-noticias-de-cuba","9":"tag-crimen-en-cuba","10":"tag-destacado","11":"tag-pnr","12":"tag-policia-cubano"},"acf":[],"yoast_head":"<!-- This site is optimized with the Yoast SEO plugin v27.5 - https:\/\/yoast.com\/product\/yoast-seo-wordpress\/ -->\n<title>Polic\u00eda aparece asesinado en carretera de Villa Clara - Cuballama Noticias<\/title>\n<meta name=\"description\" content=\"Un polic\u00eda cubano habr\u00eda sido asesinado en horas de la madrugada de este viernes en la provincia de Villa Clara.\" \/>\n<meta name=\"robots\" content=\"index, follow, max-snippet:-1, max-image-preview:large, max-video-preview:-1\" \/>\n<link rel=\"canonical\" href=\"https:\/\/www.cuballama.com\/noticias\/policia-aparece-asesinado-en-carretera-de-villa-clara\/\" \/>\n<meta property=\"og:locale\" content=\"es_ES\" \/>\n<meta property=\"og:type\" content=\"article\" \/>\n<meta property=\"og:title\" content=\"Polic\u00eda aparece asesinado en carretera de Villa Clara - Cuballama Noticias\" \/>\n<meta property=\"og:description\" content=\"Un polic\u00eda cubano habr\u00eda sido asesinado en horas de la madrugada de este viernes en la provincia de Villa Clara.\" \/>\n<meta property=\"og:url\" content=\"https:\/\/www.cuballama.com\/noticias\/policia-aparece-asesinado-en-carretera-de-villa-clara\/\" \/>\n<meta property=\"og:site_name\" content=\"Cuballama Noticias\" \/>\n<meta property=\"article:publisher\" content=\"https:\/\/www.facebook.com\/CubaLlama\" \/>\n<meta property=\"article:published_time\" content=\"2025-09-19T16:07:50+00:00\" \/>\n<meta property=\"article:modified_time\" content=\"2025-09-19T19:07:57+00:00\" \/>\n<meta property=\"og:image\" content=\"https:\/\/cdn1.mediawpaccore.net\/wp-content\/uploads\/2025\/09\/19114712\/515505333_1372853371104012_8033384834331055536_n1.jpg\" \/>\n\t<meta property=\"og:image:width\" content=\"1200\" \/>\n\t<meta property=\"og:image:height\" content=\"630\" \/>\n\t<meta property=\"og:image:type\" content=\"image\/jpeg\" \/>\n<meta name=\"author\" content=\"Kathy\" \/>\n<meta name=\"twitter:card\" content=\"summary_large_image\" \/>\n<meta name=\"twitter:creator\" content=\"@cuballama\" \/>\n<meta name=\"twitter:site\" content=\"@cuballama\" \/>\n<meta name=\"twitter:label1\" content=\"Escrito por\" \/>\n\t<meta name=\"twitter:data1\" content=\"Kathy\" \/>\n\t<meta name=\"twitter:label2\" content=\"Tiempo de lectura\" \/>\n\t<meta name=\"twitter:data2\" content=\"3 minutos\" \/>\n<script type=\"application\/ld+json\" class=\"yoast-schema-graph\">{\"@context\":\"https:\\\/\\\/schema.org\",\"@graph\":[{\"@type\":\"Article\",\"@id\":\"https:\\\/\\\/www.cuballama.com\\\/noticias\\\/policia-aparece-asesinado-en-carretera-de-villa-clara\\\/#article\",\"isPartOf\":{\"@id\":\"https:\\\/\\\/www.cuballama.com\\\/noticias\\\/policia-aparece-asesinado-en-carretera-de-villa-clara\\\/\"},\"author\":{\"name\":\"Kathy\",\"@id\":\"https:\\\/\\\/www.cuballama.com\\\/noticias\\\/#\\\/schema\\\/person\\\/86cd3e3f4974437f031211213bf892d5\"},\"headline\":\"Polic\u00eda aparece asesinado en carretera de Villa Clara\",\"datePublished\":\"2025-09-19T16:07:50+00:00\",\"dateModified\":\"2025-09-19T19:07:57+00:00\",\"mainEntityOfPage\":{\"@id\":\"https:\\\/\\\/www.cuballama.com\\\/noticias\\\/policia-aparece-asesinado-en-carretera-de-villa-clara\\\/\"},\"wordCount\":526,\"commentCount\":0,\"publisher\":{\"@id\":\"https:\\\/\\\/www.cuballama.com\\\/noticias\\\/#organization\"},\"image\":{\"@id\":\"https:\\\/\\\/www.cuballama.com\\\/noticias\\\/policia-aparece-asesinado-en-carretera-de-villa-clara\\\/#primaryimage\"},\"thumbnailUrl\":\"https:\\\/\\\/cdn1.mediawpaccore.net\\\/wp-content\\\/uploads\\\/2025\\\/09\\\/19114712\\\/515505333_1372853371104012_8033384834331055536_n1.jpg\",\"keywords\":[\"crimen en Cuba\",\"destacado\",\"PNR\",\"polic\u00eda cubano\"],\"articleSection\":[\"Noticias\",\"Noticias de Cuba\"],\"inLanguage\":\"es\",\"potentialAction\":[{\"@type\":\"CommentAction\",\"name\":\"Comment\",\"target\":[\"https:\\\/\\\/www.cuballama.com\\\/noticias\\\/policia-aparece-asesinado-en-carretera-de-villa-clara\\\/#respond\"]}]},{\"@type\":\"WebPage\",\"@id\":\"https:\\\/\\\/www.cuballama.com\\\/noticias\\\/policia-aparece-asesinado-en-carretera-de-villa-clara\\\/\",\"url\":\"https:\\\/\\\/www.cuballama.com\\\/noticias\\\/policia-aparece-asesinado-en-carretera-de-villa-clara\\\/\",\"name\":\"Polic\u00eda aparece asesinado en carretera de Villa Clara - Cuballama Noticias\",\"isPartOf\":{\"@id\":\"https:\\\/\\\/www.cuballama.com\\\/noticias\\\/#website\"},\"primaryImageOfPage\":{\"@id\":\"https:\\\/\\\/www.cuballama.com\\\/noticias\\\/policia-aparece-asesinado-en-carretera-de-villa-clara\\\/#primaryimage\"},\"image\":{\"@id\":\"https:\\\/\\\/www.cuballama.com\\\/noticias\\\/policia-aparece-asesinado-en-carretera-de-villa-clara\\\/#primaryimage\"},\"thumbnailUrl\":\"https:\\\/\\\/cdn1.mediawpaccore.net\\\/wp-content\\\/uploads\\\/2025\\\/09\\\/19114712\\\/515505333_1372853371104012_8033384834331055536_n1.jpg\",\"datePublished\":\"2025-09-19T16:07:50+00:00\",\"dateModified\":\"2025-09-19T19:07:57+00:00\",\"description\":\"Un polic\u00eda cubano habr\u00eda sido asesinado en horas de la madrugada de este viernes en la provincia de Villa Clara.\",\"breadcrumb\":{\"@id\":\"https:\\\/\\\/www.cuballama.com\\\/noticias\\\/policia-aparece-asesinado-en-carretera-de-villa-clara\\\/#breadcrumb\"},\"inLanguage\":\"es\",\"potentialAction\":[{\"@type\":\"ReadAction\",\"target\":[\"https:\\\/\\\/www.cuballama.com\\\/noticias\\\/policia-aparece-asesinado-en-carretera-de-villa-clara\\\/\"]}]},{\"@type\":\"ImageObject\",\"inLanguage\":\"es\",\"@id\":\"https:\\\/\\\/www.cuballama.com\\\/noticias\\\/policia-aparece-asesinado-en-carretera-de-villa-clara\\\/#primaryimage\",\"url\":\"https:\\\/\\\/cdn1.mediawpaccore.net\\\/wp-content\\\/uploads\\\/2025\\\/09\\\/19114712\\\/515505333_1372853371104012_8033384834331055536_n1.jpg\",\"contentUrl\":\"https:\\\/\\\/cdn1.mediawpaccore.net\\\/wp-content\\\/uploads\\\/2025\\\/09\\\/19114712\\\/515505333_1372853371104012_8033384834331055536_n1.jpg\",\"width\":1200,\"height\":630,\"caption\":\"Polic\u00eda asesinado en Villa Clara. Foto: Facebook\\\/La Tijera.\"},{\"@type\":\"BreadcrumbList\",\"@id\":\"https:\\\/\\\/www.cuballama.com\\\/noticias\\\/policia-aparece-asesinado-en-carretera-de-villa-clara\\\/#breadcrumb\",\"itemListElement\":[{\"@type\":\"ListItem\",\"position\":1,\"name\":\"Home\",\"item\":\"https:\\\/\\\/www.cuballama.com\\\/noticias\\\/\"},{\"@type\":\"ListItem\",\"position\":2,\"name\":\"Polic\u00eda aparece asesinado en carretera de Villa Clara\"}]},{\"@type\":\"WebSite\",\"@id\":\"https:\\\/\\\/www.cuballama.com\\\/noticias\\\/#website\",\"url\":\"https:\\\/\\\/www.cuballama.com\\\/noticias\\\/\",\"name\":\"Cuballama Noticias\",\"description\":\"Medio digital sobre Cuba y el mundo\",\"publisher\":{\"@id\":\"https:\\\/\\\/www.cuballama.com\\\/noticias\\\/#organization\"},\"potentialAction\":[{\"@type\":\"SearchAction\",\"target\":{\"@type\":\"EntryPoint\",\"urlTemplate\":\"https:\\\/\\\/www.cuballama.com\\\/noticias\\\/?s={search_term_string}\"},\"query-input\":{\"@type\":\"PropertyValueSpecification\",\"valueRequired\":true,\"valueName\":\"search_term_string\"}}],\"inLanguage\":\"es\"},{\"@type\":\"Organization\",\"@id\":\"https:\\\/\\\/www.cuballama.com\\\/noticias\\\/#organization\",\"name\":\"Cuballama\",\"url\":\"https:\\\/\\\/www.cuballama.com\\\/noticias\\\/\",\"logo\":{\"@type\":\"ImageObject\",\"inLanguage\":\"es\",\"@id\":\"https:\\\/\\\/www.cuballama.com\\\/noticias\\\/#\\\/schema\\\/logo\\\/image\\\/\",\"url\":\"https:\\\/\\\/cdn1.mediawpaccore.net\\\/wp-content\\\/uploads\\\/2021\\\/12\\\/28171206\\\/cbll-logo-color-sm.png\",\"contentUrl\":\"https:\\\/\\\/cdn1.mediawpaccore.net\\\/wp-content\\\/uploads\\\/2021\\\/12\\\/28171206\\\/cbll-logo-color-sm.png\",\"width\":600,\"height\":133,\"caption\":\"Cuballama\"},\"image\":{\"@id\":\"https:\\\/\\\/www.cuballama.com\\\/noticias\\\/#\\\/schema\\\/logo\\\/image\\\/\"},\"sameAs\":[\"https:\\\/\\\/www.facebook.com\\\/CubaLlama\",\"https:\\\/\\\/x.com\\\/cuballama\",\"https:\\\/\\\/www.instagram.com\\\/stories\\\/cuballama_oficial\\\/\",\"https:\\\/\\\/www.youtube.com\\\/channel\\\/UCKkFE-d_axENGZcrc4as0IA\"]},{\"@type\":\"Person\",\"@id\":\"https:\\\/\\\/www.cuballama.com\\\/noticias\\\/#\\\/schema\\\/person\\\/86cd3e3f4974437f031211213bf892d5\",\"name\":\"Kathy\",\"url\":\"https:\\\/\\\/www.cuballama.com\\\/noticias\\\/author\\\/kathy\\\/\"}]}<\/script>\n<!-- \/ Yoast SEO plugin. -->","yoast_head_json":{"title":"Polic\u00eda aparece asesinado en carretera de Villa Clara - Cuballama Noticias","description":"Un polic\u00eda cubano habr\u00eda sido asesinado en horas de la madrugada de este viernes en la provincia de Villa Clara.","robots":{"index":"index","follow":"follow","max-snippet":"max-snippet:-1","max-image-preview":"max-image-preview:large","max-video-preview":"max-video-preview:-1"},"canonical":"https:\/\/www.cuballama.com\/noticias\/policia-aparece-asesinado-en-carretera-de-villa-clara\/","og_locale":"es_ES","og_type":"article","og_title":"Polic\u00eda aparece asesinado en carretera de Villa Clara - Cuballama Noticias","og_description":"Un polic\u00eda cubano habr\u00eda sido asesinado en horas de la madrugada de este viernes en la provincia de Villa Clara.","og_url":"https:\/\/www.cuballama.com\/noticias\/policia-aparece-asesinado-en-carretera-de-villa-clara\/","og_site_name":"Cuballama Noticias","article_publisher":"https:\/\/www.facebook.com\/CubaLlama","article_published_time":"2025-09-19T16:07:50+00:00","article_modified_time":"2025-09-19T19:07:57+00:00","og_image":[{"width":1200,"height":630,"url":"https:\/\/cdn1.mediawpaccore.net\/wp-content\/uploads\/2025\/09\/19114712\/515505333_1372853371104012_8033384834331055536_n1.jpg","type":"image\/jpeg"}],"author":"Kathy","twitter_card":"summary_large_image","twitter_creator":"@cuballama","twitter_site":"@cuballama","twitter_misc":{"Escrito por":"Kathy","Tiempo de lectura":"3 minutos"},"schema":{"@context":"https:\/\/schema.org","@graph":[{"@type":"Article","@id":"https:\/\/www.cuballama.com\/noticias\/policia-aparece-asesinado-en-carretera-de-villa-clara\/#article","isPartOf":{"@id":"https:\/\/www.cuballama.com\/noticias\/policia-aparece-asesinado-en-carretera-de-villa-clara\/"},"author":{"name":"Kathy","@id":"https:\/\/www.cuballama.com\/noticias\/#\/schema\/person\/86cd3e3f4974437f031211213bf892d5"},"headline":"Polic\u00eda aparece asesinado en carretera de Villa Clara","datePublished":"2025-09-19T16:07:50+00:00","dateModified":"2025-09-19T19:07:57+00:00","mainEntityOfPage":{"@id":"https:\/\/www.cuballama.com\/noticias\/policia-aparece-asesinado-en-carretera-de-villa-clara\/"},"wordCount":526,"commentCount":0,"publisher":{"@id":"https:\/\/www.cuballama.com\/noticias\/#organization"},"image":{"@id":"https:\/\/www.cuballama.com\/noticias\/policia-aparece-asesinado-en-carretera-de-villa-clara\/#primaryimage"},"thumbnailUrl":"https:\/\/cdn1.mediawpaccore.net\/wp-content\/uploads\/2025\/09\/19114712\/515505333_1372853371104012_8033384834331055536_n1.jpg","keywords":["crimen en Cuba","destacado","PNR","polic\u00eda cubano"],"articleSection":["Noticias","Noticias de Cuba"],"inLanguage":"es","potentialAction":[{"@type":"CommentAction","name":"Comment","target":["https:\/\/www.cuballama.com\/noticias\/policia-aparece-asesinado-en-carretera-de-villa-clara\/#respond"]}]},{"@type":"WebPage","@id":"https:\/\/www.cuballama.com\/noticias\/policia-aparece-asesinado-en-carretera-de-villa-clara\/","url":"https:\/\/www.cuballama.com\/noticias\/policia-aparece-asesinado-en-carretera-de-villa-clara\/","name":"Polic\u00eda aparece asesinado en carretera de Villa Clara - Cuballama Noticias","isPartOf":{"@id":"https:\/\/www.cuballama.com\/noticias\/#website"},"primaryImageOfPage":{"@id":"https:\/\/www.cuballama.com\/noticias\/policia-aparece-asesinado-en-carretera-de-villa-clara\/#primaryimage"},"image":{"@id":"https:\/\/www.cuballama.com\/noticias\/policia-aparece-asesinado-en-carretera-de-villa-clara\/#primaryimage"},"thumbnailUrl":"https:\/\/cdn1.mediawpaccore.net\/wp-content\/uploads\/2025\/09\/19114712\/515505333_1372853371104012_8033384834331055536_n1.jpg","datePublished":"2025-09-19T16:07:50+00:00","dateModified":"2025-09-19T19:07:57+00:00","description":"Un polic\u00eda cubano habr\u00eda sido asesinado en horas de la madrugada de este viernes en la provincia de Villa Clara.","breadcrumb":{"@id":"https:\/\/www.cuballama.com\/noticias\/policia-aparece-asesinado-en-carretera-de-villa-clara\/#breadcrumb"},"inLanguage":"es","potentialAction":[{"@type":"ReadAction","target":["https:\/\/www.cuballama.com\/noticias\/policia-aparece-asesinado-en-carretera-de-villa-clara\/"]}]},{"@type":"ImageObject","inLanguage":"es","@id":"https:\/\/www.cuballama.com\/noticias\/policia-aparece-asesinado-en-carretera-de-villa-clara\/#primaryimage","url":"https:\/\/cdn1.mediawpaccore.net\/wp-content\/uploads\/2025\/09\/19114712\/515505333_1372853371104012_8033384834331055536_n1.jpg","contentUrl":"https:\/\/cdn1.mediawpaccore.net\/wp-content\/uploads\/2025\/09\/19114712\/515505333_1372853371104012_8033384834331055536_n1.jpg","width":1200,"height":630,"caption":"Polic\u00eda asesinado en Villa Clara. Foto: Facebook\/La Tijera."},{"@type":"BreadcrumbList","@id":"https:\/\/www.cuballama.com\/noticias\/policia-aparece-asesinado-en-carretera-de-villa-clara\/#breadcrumb","itemListElement":[{"@type":"ListItem","position":1,"name":"Home","item":"https:\/\/www.cuballama.com\/noticias\/"},{"@type":"ListItem","position":2,"name":"Polic\u00eda aparece asesinado en carretera de Villa Clara"}]},{"@type":"WebSite","@id":"https:\/\/www.cuballama.com\/noticias\/#website","url":"https:\/\/www.cuballama.com\/noticias\/","name":"Cuballama Noticias","description":"Medio digital sobre Cuba y el mundo","publisher":{"@id":"https:\/\/www.cuballama.com\/noticias\/#organization"},"potentialAction":[{"@type":"SearchAction","target":{"@type":"EntryPoint","urlTemplate":"https:\/\/www.cuballama.com\/noticias\/?s={search_term_string}"},"query-input":{"@type":"PropertyValueSpecification","valueRequired":true,"valueName":"search_term_string"}}],"inLanguage":"es"},{"@type":"Organization","@id":"https:\/\/www.cuballama.com\/noticias\/#organization","name":"Cuballama","url":"https:\/\/www.cuballama.com\/noticias\/","logo":{"@type":"ImageObject","inLanguage":"es","@id":"https:\/\/www.cuballama.com\/noticias\/#\/schema\/logo\/image\/","url":"https:\/\/cdn1.mediawpaccore.net\/wp-content\/uploads\/2021\/12\/28171206\/cbll-logo-color-sm.png","contentUrl":"https:\/\/cdn1.mediawpaccore.net\/wp-content\/uploads\/2021\/12\/28171206\/cbll-logo-color-sm.png","width":600,"height":133,"caption":"Cuballama"},"image":{"@id":"https:\/\/www.cuballama.com\/noticias\/#\/schema\/logo\/image\/"},"sameAs":["https:\/\/www.facebook.com\/CubaLlama","https:\/\/x.com\/cuballama","https:\/\/www.instagram.com\/stories\/cuballama_oficial\/","https:\/\/www.youtube.com\/channel\/UCKkFE-d_axENGZcrc4as0IA"]},{"@type":"Person","@id":"https:\/\/www.cuballama.com\/noticias\/#\/schema\/person\/86cd3e3f4974437f031211213bf892d5","name":"Kathy","url":"https:\/\/www.cuballama.com\/noticias\/author\/kathy\/"}]}},"_links":{"self":[{"href":"https:\/\/www.cuballama.com\/noticias\/wp-json\/wp\/v2\/posts\/220258","targetHints":{"allow":["GET"]}}],"collection":[{"href":"https:\/\/www.cuballama.com\/noticias\/wp-json\/wp\/v2\/posts"}],"about":[{"href":"https:\/\/www.cuballama.com\/noticias\/wp-json\/wp\/v2\/types\/post"}],"author":[{"embeddable":true,"href":"https:\/\/www.cuballama.com\/noticias\/wp-json\/wp\/v2\/users\/30"}],"replies":[{"embeddable":true,"href":"https:\/\/www.cuballama.com\/noticias\/wp-json\/wp\/v2\/comments?post=220258"}],"version-history":[{"count":18,"href":"https:\/\/www.cuballama.com\/noticias\/wp-json\/wp\/v2\/posts\/220258\/revisions"}],"predecessor-version":[{"id":220314,"href":"https:\/\/www.cuballama.com\/noticias\/wp-json\/wp\/v2\/posts\/220258\/revisions\/220314"}],"wp:featuredmedia":[{"embeddable":true,"href":"https:\/\/www.cuballama.com\/noticias\/wp-json\/wp\/v2\/media\/220260"}],"wp:attachment":[{"href":"https:\/\/www.cuballama.com\/noticias\/wp-json\/wp\/v2\/media?parent=220258"}],"wp:term":[{"taxonomy":"category","embeddable":true,"href":"https:\/\/www.cuballama.com\/noticias\/wp-json\/wp\/v2\/categories?post=220258"},{"taxonomy":"post_tag","embeddable":true,"href":"https:\/\/www.cuballama.com\/noticias\/wp-json\/wp\/v2\/tags?post=220258"}],"curies":[{"name":"wp","href":"https:\/\/api.w.org\/{rel}","templated":true}]}}